{"id":523880,"date":"2024-02-16T19:43:56","date_gmt":"2024-02-16T22:43:56","guid":{"rendered":"https:\/\/www.suno.com.br\/noticias\/?p=523880"},"modified":"2024-02-16T20:18:54","modified_gmt":"2024-02-16T23:18:54","slug":"vale-vale3-acoes-melhor-semana-bolsa-dois-meses-jvj","status":"publish","type":"post","link":"https:\/\/www.suno.com.br\/noticias\/vale-vale3-acoes-melhor-semana-bolsa-dois-meses-jvj\/","title":{"rendered":"Vale (VALE3) tem melhor semana no Ibovespa em 2 meses; o que aconteceu?"},"content":{"rendered":"<p>As a\u00e7\u00f5es da <a class=\"suno-keyword\" data-force=\"yes\" data-priority=\"2\" href=\"https:\/\/www.suno.com.br\/acoes\/VALE3\/\" target=\"_blank\" rel=\"noopener\"><strong>Vale<\/strong> (VALE3)<\/a> tiveram forte avan\u00e7o na sess\u00e3o desta sexta-feira (16), registrando uma valoriza\u00e7\u00e3o de 3,80% na Bolsa de Valores. Com isso, os pap\u00e9is fecharam o dia cotados a R$ 68,00.<\/p>\t<div class=\"wrapper-featured-image\">\n\t\t<figure class=\"spotlightImg\">\n\n\t\t\t<picture>\n\t\t\t\t<source media=\"(max-width: 768px)\" srcset=\"https:\/\/files.sunoresearch.com.br\/n\/uploads\/2023\/04\/vale_vale3-1-400x200.jpg\">\n\t\t\t\t<img loading=\"lazy\" decoding=\"async\" class=\"newsContent__article__imgCapa lazyloadDisabled \" src=\"https:\/\/files.sunoresearch.com.br\/n\/uploads\/2023\/04\/vale_vale3-1-800x450.jpg\" width=\"800\" height=\"450\" alt=\"Vale (VALE3) tem melhor semana no Ibovespa em 2 meses; o que aconteceu?\" fetchpriority=high \/>\n\t\t\t<\/picture>\n\n\t\t\t<figcaption class=\"wp-caption-text wp-caption-text--show\">Vale sobe 1,92% e lidera ganhos do dia. Foto: Ag\u00eancia Vale<\/figcaption>\n\t\t<\/figure>\n\t<\/div>\n\n\n\n\n\n\t<p>\n\t\t<a href=\"https:\/\/lp.suno.com.br\/ebook-como-analisar-uma-acao\/\" target=\"_blank\" data-element=\"shortcode-suno-banner\" title=\"Banner SUNO, clique e saiba mais\">\n\t\t\t<picture>\n\t\t\t\t<source media=\"(max-width: 500px)\" srcset=\"https:\/\/files.sunoresearch.com.br\/n\/uploads\/2023\/12\/Ebook-Acoes-Mobile.jpg\">\n\t\t\t\t<img class=\"newsContent__article__imgCapa newsContent__article__imgCapa--banner\"\n\t\t\t\t\tsrc=\"https:\/\/files.sunoresearch.com.br\/n\/uploads\/2023\/12\/Ebook-Acoes-Desktop.webp\"\n\t\t\t\t\tdata-promo-id=\"311260\"\t\t\t\t\t\t\t\t\t\twidth='1420' height='286'\t\t\t\t\talt=\"https:\/\/files.sunoresearch.com.br\/n\/uploads\/2023\/12\/Ebook-Acoes-Desktop.webp\"\n\t\t\t\t>\n\t\t\t<\/picture>\n\t\t<\/a>\n\t<\/p>\n\n\n\n\n\n<p>Com o bom desempenho do preg\u00e3o de hoje, as <strong>a\u00e7\u00f5es da Vale<\/strong> terminaram a semana com uma alta de 2,67%, o que representa a melhor performance semanal de <strong>VALE3<\/strong> em 2 meses, ou seja, desde a semana iniciada em 18 de dezembro de 2023.<\/p>\n\n\n\n<p>As <strong>a\u00e7\u00f5es da VALE3 <\/strong>acumulam ganho de 0,35% em fevereiro, ap\u00f3s terem registrado uma queda relevante de 12,23% no m\u00eas de janeiro.<\/p>\n\n\n\t<div data-element=\"shortcode-read-more\" class=\"knowMore\">\n\t\t\t\t<span class=\"knowMore__title\">Leia mais<\/span>\n\t\t\t\t<a class=\"knowMore__link\" href=\"https:\/\/www.suno.com.br\/noticias\/ibovespa-semana-braskem-brkm5-dispara-jvj\/\">\n\t\t\tIbovespa sobe na contram\u00e3o de NY e encerra semana no positivo; Vale (VALE3) avan\u00e7a 3% e Braskem dispara 10%\t\t<\/a>\n\t<\/div>\n\n\n\n\n<p>Considerando a cota\u00e7\u00e3o final de 2023, que fora de R$ 77,20, o desempenho em 2024 est\u00e1 negativo em 11,91%. Mas quais foram os assuntos que repercutiram entre os investidores da Vale nesta semana?<\/p>\n\n\n\n<h2 class=\"wp-block-heading\"><a><\/a>O que aconteceu com a Vale nesta semana?<\/h2>\n\n\n\n<p>O avan\u00e7o dos <strong>pap\u00e9is da Vale<\/strong> na semana foi motivado principalmente pela boa performance de hoje (16), visto que os outros dois preg\u00f5es p\u00f3s-Carnaval marcaram queda para as <strong>a\u00e7\u00f5es VALE3<\/strong> \u2013 esta foi a primeira alta di\u00e1ria ap\u00f3s quatro baixas seguidas.<\/p>\n\n\n\n<p>Apesar da <strong>Bolsa de Valores<\/strong> de Dalian ter permanecido fechada com o feriado chin\u00eas do Ano Novo Lunar, o <strong>min\u00e9rio de ferro<\/strong> teve alta de 1,27% na Bolsa de Valores de Cingapura, o que pode ter ajudado a impulsionar a <strong>cota\u00e7\u00e3o da Vale<\/strong>.<\/p>\n\n\n\n<p>Isso refletiu n\u00e3o apenas na valoriza\u00e7\u00e3o da Vale, mas tamb\u00e9m no desempenho positivo de outras a\u00e7\u00f5es de minera\u00e7\u00e3o e siderurgia, como <a class=\"suno-keyword\" data-force=\"yes\" data-priority=\"2\" href=\"https:\/\/www.suno.com.br\/acoes\/CSNA3\/\" target=\"_blank\" rel=\"noopener\">CSN (CSNA3)<\/a> e <a class=\"suno-keyword\" data-force=\"yes\" data-priority=\"1\" href=\"https:\/\/www.suno.com.br\/acoes\/cmin3\/\" target=\"_blank\" rel=\"noopener\">CSN Minera\u00e7\u00e3o (CMIN3)<\/a>, por exemplo.<\/p>\n\n\n\n<h2 class=\"wp-block-heading\"><a><\/a>Para ficar de olho<\/h2>\n\n\n\n<p>No radar dos investidores est\u00e1 a divulga\u00e7\u00e3o dos <strong>resultados da Vale<\/strong> no quarto trimestre de 2023 (4T23), que vai acontecer na pr\u00f3xima quinta-feira, 22 de fevereiro de 2024.<\/p>\n\n\n\n<p>Ainda ontem (15), o <a class=\"suno-keyword\" data-force=\"no\" data-priority=\"1\" href=\"https:\/\/www.suno.com.br\/artigos\/conselho-administracao\/\" target=\"_blank\" rel=\"noopener\">conselho de administra\u00e7\u00e3o<\/a> da mineradora se reuniu de forma extraordin\u00e1ria para discutir sobre a situa\u00e7\u00e3o do seu atual presidente, <strong>Eduardo Bartolomeo<\/strong>, embora a reuni\u00e3o n\u00e3o tenha chegado a uma conclus\u00e3o sobre o tema.<\/p>\n\n\n\n<p>O Valor Econ\u00f4mico apurou a ocorr\u00eancia de um embate na vota\u00e7\u00e3o do colegiado, que atualmente \u00e9 formado por 13 membros, dos quais 12 foram eleitos em assembleia de investidores.<\/p>\n\n\n\n<p>Pelo assunto n\u00e3o ter sido conclu\u00eddo, o conselho de administra\u00e7\u00e3o da <strong>Vale<\/strong> deve voltar a se reunir nos pr\u00f3ximos dias para definir se Eduardo Bartolomeo passar\u00e1 por processo de sucess\u00e3o ou renova\u00e7\u00e3o na presid\u00eancia da companhia.<\/p>\n\n\n\t<p>\n\t\t<a href=\"https:\/\/lp2.suno.com.br\/cl\/black-friday-2025\/?utm_campaign=_SNCDF0E4858_\" target=\"_blank\" data-element=\"shortcode-suno-banner\" title=\"Banner SUNO, clique e saiba mais\">\n\t\t\t<picture>\n\t\t\t\t<source media=\"(max-width: 500px)\" srcset=\"https:\/\/files.sunoresearch.com.br\/n\/uploads\/2025\/10\/Artigos-e-Noticias-Banner-Home-artigos-01-Mobile_-400x300-1-png.webp\">\n\t\t\t\t<img class=\"newsContent__article__imgCapa newsContent__article__imgCapa--banner\"\n\t\t\t\t\tsrc=\"https:\/\/files.sunoresearch.com.br\/n\/uploads\/2025\/10\/Artigos-e-Noticias-Banner-Home-artigos-01-Desktop_-1420x240-1-png.webp\"\n\t\t\t\t\tdata-promo-id=\"311259\"\t\t\t\t\t\t\t\t\t\twidth='1420' height='240'\t\t\t\t\talt=\"https:\/\/files.sunoresearch.com.br\/n\/uploads\/2025\/10\/Artigos-e-Noticias-Banner-Home-artigos-01-Desktop_-1420x240-1-png.webp\"\n\t\t\t\t>\n\t\t\t<\/picture>\n\t\t<\/a>\n\t<\/p>\n\n\n","protected":false},"excerpt":{"rendered":"<p>As a\u00e7\u00f5es da Vale (VALE3) tiveram forte avan\u00e7o na sess\u00e3o desta sexta-feira (16), registrando uma valoriza\u00e7\u00e3o de 3,80% na Bolsa de Valores. Com isso, os pap\u00e9is fecharam o dia cotados a R$ 68,00. Vale sobe 1,92% e lidera ganhos do dia. Foto: Ag\u00eancia Vale Com o bom desempenho do preg\u00e3o de hoje, as a\u00e7\u00f5es da [&hellip;]<\/p>\n","protected":false},"author":173,"featured_media":394402,"comment_status":"closed","ping_status":"closed","sticky":false,"template":"","format":"standard","meta":[],"categories":[64],"tags":[286,309,676],"suno_strategy":[],"class_list":["post-523880","post","type-post","status-publish","format-standard","has-post-thumbnail","hentry","category-negocios","tag-acoes","tag-bolsa-de-valores","tag-vale-vale3"],"yoast_head":"<!-- This site is optimized with the Yoast SEO plugin v24.4 - https:\/\/yoast.com\/wordpress\/plugins\/seo\/ -->\n<title>Vale (VALE3) tem melhor semana na Bolsa em 2 meses; entenda<\/title>\n<meta name=\"description\" content=\"As a\u00e7\u00f5es da Vale (VALE3) tiveram o melhor desempenho semanal na Bolsa de Valores dos \u00faltimos 2 meses. Confira o que aconteceu.\" \/>\n<meta name=\"robots\" content=\"index, follow, max-snippet:-1, max-image-preview:large, max-video-preview:-1\" \/>\n<link rel=\"canonical\" href=\"https:\/\/www.suno.com.br\/noticias\/vale-vale3-acoes-melhor-semana-bolsa-dois-meses-jvj\/\" \/>\n<meta property=\"og:locale\" content=\"pt_BR\" \/>\n<meta property=\"og:type\" content=\"article\" \/>\n<meta property=\"og:title\" content=\"Vale (VALE3) tem melhor semana na Bolsa em 2 meses; entenda\" \/>\n<meta property=\"og:description\" content=\"As a\u00e7\u00f5es da Vale (VALE3) tiveram o melhor desempenho semanal na Bolsa de Valores dos \u00faltimos 2 meses. Confira o que aconteceu.\" \/>\n<meta property=\"og:url\" content=\"https:\/\/www.suno.com.br\/noticias\/vale-vale3-acoes-melhor-semana-bolsa-dois-meses-jvj\/\" \/>\n<meta property=\"og:site_name\" content=\"Suno Not\u00edcias\" \/>\n<meta property=\"article:publisher\" content=\"https:\/\/facebook.com\/sunoresearch\" \/>\n<meta property=\"og:image\" content=\"https:\/\/files.sunoresearch.com.br\/n\/uploads\/2023\/04\/vale_vale3-1.jpg\" \/>\n\t<meta property=\"og:image:width\" content=\"1200\" \/>\n\t<meta property=\"og:image:height\" content=\"801\" \/>\n\t<meta property=\"og:image:type\" content=\"image\/jpeg\" \/>\n<meta name=\"author\" content=\"Jo\u00e3o Vitor\" \/>\n<meta name=\"twitter:card\" content=\"summary_large_image\" \/>\n<meta name=\"twitter:creator\" content=\"@sunoresearch\" \/>\n<meta name=\"twitter:site\" content=\"@sunoresearch\" \/>\n<meta name=\"twitter:label1\" content=\"Escrito por\" \/>\n\t<meta name=\"twitter:data1\" content=\"Jo\u00e3o Vitor\" \/>\n\t<meta name=\"twitter:label2\" content=\"Est. tempo de leitura\" \/>\n\t<meta name=\"twitter:data2\" content=\"3 minutos\" \/>\n<script type=\"application\/ld+json\" class=\"yoast-schema-graph\">{\"@context\":\"https:\/\/schema.org\",\"@graph\":[{\"@type\":\"NewsArticle\",\"@id\":\"https:\/\/www.suno.com.br\/noticias\/vale-vale3-acoes-melhor-semana-bolsa-dois-meses-jvj\/#article\",\"isPartOf\":{\"@id\":\"https:\/\/www.suno.com.br\/noticias\/vale-vale3-acoes-melhor-semana-bolsa-dois-meses-jvj\/\"},\"author\":{\"name\":\"Jo\u00e3o Vitor\",\"@id\":\"https:\/\/www.suno.com.br\/noticias\/#\/schema\/person\/87fc6973867c52dd884811905c43afba\"},\"headline\":\"Vale (VALE3) tem melhor semana no Ibovespa em 2 meses; o que aconteceu?\",\"datePublished\":\"2024-02-16T22:43:56+00:00\",\"dateModified\":\"2024-02-16T23:18:54+00:00\",\"mainEntityOfPage\":{\"@id\":\"https:\/\/www.suno.com.br\/noticias\/vale-vale3-acoes-melhor-semana-bolsa-dois-meses-jvj\/\"},\"wordCount\":427,\"publisher\":{\"@id\":\"https:\/\/www.suno.com.br\/noticias\/#organization\"},\"image\":{\"@id\":\"https:\/\/www.suno.com.br\/noticias\/vale-vale3-acoes-melhor-semana-bolsa-dois-meses-jvj\/#primaryimage\"},\"thumbnailUrl\":\"https:\/\/files.sunoresearch.com.br\/n\/uploads\/2023\/04\/vale_vale3-1.jpg\",\"keywords\":[\"A\u00e7\u00f5es\",\"Bolsa de Valores\",\"Vale (VALE3)\"],\"articleSection\":[\"Neg\u00f3cios\"],\"inLanguage\":\"pt-BR\"},{\"@type\":\"WebPage\",\"@id\":\"https:\/\/www.suno.com.br\/noticias\/vale-vale3-acoes-melhor-semana-bolsa-dois-meses-jvj\/\",\"url\":\"https:\/\/www.suno.com.br\/noticias\/vale-vale3-acoes-melhor-semana-bolsa-dois-meses-jvj\/\",\"name\":\"Vale (VALE3) tem melhor semana na Bolsa em 2 meses; entenda\",\"isPartOf\":{\"@id\":\"https:\/\/www.suno.com.br\/noticias\/#website\"},\"primaryImageOfPage\":{\"@id\":\"https:\/\/www.suno.com.br\/noticias\/vale-vale3-acoes-melhor-semana-bolsa-dois-meses-jvj\/#primaryimage\"},\"image\":{\"@id\":\"https:\/\/www.suno.com.br\/noticias\/vale-vale3-acoes-melhor-semana-bolsa-dois-meses-jvj\/#primaryimage\"},\"thumbnailUrl\":\"https:\/\/files.sunoresearch.com.br\/n\/uploads\/2023\/04\/vale_vale3-1.jpg\",\"datePublished\":\"2024-02-16T22:43:56+00:00\",\"dateModified\":\"2024-02-16T23:18:54+00:00\",\"description\":\"As a\u00e7\u00f5es da Vale (VALE3) tiveram o melhor desempenho semanal na Bolsa de Valores dos \u00faltimos 2 meses. Confira o que aconteceu.\",\"breadcrumb\":{\"@id\":\"https:\/\/www.suno.com.br\/noticias\/vale-vale3-acoes-melhor-semana-bolsa-dois-meses-jvj\/#breadcrumb\"},\"inLanguage\":\"pt-BR\",\"potentialAction\":[{\"@type\":\"ReadAction\",\"target\":[\"https:\/\/www.suno.com.br\/noticias\/vale-vale3-acoes-melhor-semana-bolsa-dois-meses-jvj\/\"]}]},{\"@type\":\"ImageObject\",\"inLanguage\":\"pt-BR\",\"@id\":\"https:\/\/www.suno.com.br\/noticias\/vale-vale3-acoes-melhor-semana-bolsa-dois-meses-jvj\/#primaryimage\",\"url\":\"https:\/\/files.sunoresearch.com.br\/n\/uploads\/2023\/04\/vale_vale3-1.jpg\",\"contentUrl\":\"https:\/\/files.sunoresearch.com.br\/n\/uploads\/2023\/04\/vale_vale3-1.jpg\",\"width\":1200,\"height\":801,\"caption\":\"Vale sobe 1,92% e lidera ganhos do dia. Foto: Ag\u00eancia Vale\"},{\"@type\":\"BreadcrumbList\",\"@id\":\"https:\/\/www.suno.com.br\/noticias\/vale-vale3-acoes-melhor-semana-bolsa-dois-meses-jvj\/#breadcrumb\",\"itemListElement\":[{\"@type\":\"ListItem\",\"position\":1,\"name\":\"Not\u00edcias\",\"item\":\"https:\/\/www.suno.com.br\/noticias\/\"},{\"@type\":\"ListItem\",\"position\":2,\"name\":\"Neg\u00f3cios\",\"item\":\"https:\/\/www.suno.com.br\/noticias\/negocios\/\"},{\"@type\":\"ListItem\",\"position\":3,\"name\":\"Vale (VALE3) tem melhor semana no Ibovespa em 2 meses; o que aconteceu?\"}]},{\"@type\":\"WebSite\",\"@id\":\"https:\/\/www.suno.com.br\/noticias\/#website\",\"url\":\"https:\/\/www.suno.com.br\/noticias\/\",\"name\":\"Suno Not\u00edcias\",\"description\":\"Seu portal de informa\u00e7\u00e3o sobre o mundo dos investimentos\",\"publisher\":{\"@id\":\"https:\/\/www.suno.com.br\/noticias\/#organization\"},\"potentialAction\":[{\"@type\":\"SearchAction\",\"target\":{\"@type\":\"EntryPoint\",\"urlTemplate\":\"https:\/\/www.suno.com.br\/noticias\/?s={search_term_string}\"},\"query-input\":{\"@type\":\"PropertyValueSpecification\",\"valueRequired\":true,\"valueName\":\"search_term_string\"}}],\"inLanguage\":\"pt-BR\"},{\"@type\":\"Organization\",\"@id\":\"https:\/\/www.suno.com.br\/noticias\/#organization\",\"name\":\"Suno Not\u00edcias\",\"url\":\"https:\/\/www.suno.com.br\/noticias\/\",\"logo\":{\"@type\":\"ImageObject\",\"inLanguage\":\"pt-BR\",\"@id\":\"https:\/\/www.suno.com.br\/noticias\/#\/schema\/logo\/image\/\",\"url\":\"https:\/\/files.sunoresearch.com.br\/n\/uploads\/2021\/09\/suno-logo.png\",\"contentUrl\":\"https:\/\/files.sunoresearch.com.br\/n\/uploads\/2021\/09\/suno-logo.png\",\"width\":180,\"height\":180,\"caption\":\"Suno Not\u00edcias\"},\"image\":{\"@id\":\"https:\/\/www.suno.com.br\/noticias\/#\/schema\/logo\/image\/\"},\"sameAs\":[\"https:\/\/facebook.com\/sunoresearch\",\"https:\/\/x.com\/sunoresearch\",\"https:\/\/www.instagram.com\/suno\",\"https:\/\/www.linkedin.com\/company\/suno-research\/\",\"https:\/\/www.youtube.com\/c\/sunoresearch\"]},{\"@type\":\"Person\",\"@id\":\"https:\/\/www.suno.com.br\/noticias\/#\/schema\/person\/87fc6973867c52dd884811905c43afba\",\"name\":\"Jo\u00e3o Vitor\",\"image\":{\"@type\":\"ImageObject\",\"inLanguage\":\"pt-BR\",\"@id\":\"https:\/\/www.suno.com.br\/noticias\/#\/schema\/person\/image\/\",\"url\":\"https:\/\/secure.gravatar.com\/avatar\/2843227ca03ccf8cc7ccca45204c127e?s=96&r=g\",\"contentUrl\":\"https:\/\/secure.gravatar.com\/avatar\/2843227ca03ccf8cc7ccca45204c127e?s=96&r=g\",\"caption\":\"Jo\u00e3o Vitor\"},\"description\":\"Redator profissional, com atua\u00e7\u00e3o no mercado editorial na produ\u00e7\u00e3o de not\u00edcias e conte\u00fados sobre o mercado de a\u00e7\u00f5es, fundos imobili\u00e1rios e economia popular. Graduando em Engenharia Qu\u00edmica pela Unesp, tamb\u00e9m j\u00e1 atuou como consultor financeiro.\",\"url\":\"https:\/\/www.suno.com.br\/noticias\/author\/joao-vitor-jacintho\/\"}]}<\/script>\n<!-- \/ Yoast SEO plugin. -->","yoast_head_json":{"title":"Vale (VALE3) tem melhor semana na Bolsa em 2 meses; entenda","description":"As a\u00e7\u00f5es da Vale (VALE3) tiveram o melhor desempenho semanal na Bolsa de Valores dos \u00faltimos 2 meses. Confira o que aconteceu.","robots":{"index":"index","follow":"follow","max-snippet":"max-snippet:-1","max-image-preview":"max-image-preview:large","max-video-preview":"max-video-preview:-1"},"canonical":"https:\/\/www.suno.com.br\/noticias\/vale-vale3-acoes-melhor-semana-bolsa-dois-meses-jvj\/","og_locale":"pt_BR","og_type":"article","og_title":"Vale (VALE3) tem melhor semana na Bolsa em 2 meses; entenda","og_description":"As a\u00e7\u00f5es da Vale (VALE3) tiveram o melhor desempenho semanal na Bolsa de Valores dos \u00faltimos 2 meses. Confira o que aconteceu.","og_url":"https:\/\/www.suno.com.br\/noticias\/vale-vale3-acoes-melhor-semana-bolsa-dois-meses-jvj\/","og_site_name":"Suno Not\u00edcias","article_publisher":"https:\/\/facebook.com\/sunoresearch","og_image":[{"width":1200,"height":801,"url":"https:\/\/files.sunoresearch.com.br\/n\/uploads\/2023\/04\/vale_vale3-1.jpg","type":"image\/jpeg"}],"author":"Jo\u00e3o Vitor","twitter_card":"summary_large_image","twitter_creator":"@sunoresearch","twitter_site":"@sunoresearch","twitter_misc":{"Escrito por":"Jo\u00e3o Vitor","Est. tempo de leitura":"3 minutos"},"schema":{"@context":"https:\/\/schema.org","@graph":[{"@type":"NewsArticle","@id":"https:\/\/www.suno.com.br\/noticias\/vale-vale3-acoes-melhor-semana-bolsa-dois-meses-jvj\/#article","isPartOf":{"@id":"https:\/\/www.suno.com.br\/noticias\/vale-vale3-acoes-melhor-semana-bolsa-dois-meses-jvj\/"},"author":{"name":"Jo\u00e3o Vitor","@id":"https:\/\/www.suno.com.br\/noticias\/#\/schema\/person\/87fc6973867c52dd884811905c43afba"},"headline":"Vale (VALE3) tem melhor semana no Ibovespa em 2 meses; o que aconteceu?","datePublished":"2024-02-16T22:43:56+00:00","dateModified":"2024-02-16T23:18:54+00:00","mainEntityOfPage":{"@id":"https:\/\/www.suno.com.br\/noticias\/vale-vale3-acoes-melhor-semana-bolsa-dois-meses-jvj\/"},"wordCount":427,"publisher":{"@id":"https:\/\/www.suno.com.br\/noticias\/#organization"},"image":{"@id":"https:\/\/www.suno.com.br\/noticias\/vale-vale3-acoes-melhor-semana-bolsa-dois-meses-jvj\/#primaryimage"},"thumbnailUrl":"https:\/\/files.sunoresearch.com.br\/n\/uploads\/2023\/04\/vale_vale3-1.jpg","keywords":["A\u00e7\u00f5es","Bolsa de Valores","Vale (VALE3)"],"articleSection":["Neg\u00f3cios"],"inLanguage":"pt-BR"},{"@type":"WebPage","@id":"https:\/\/www.suno.com.br\/noticias\/vale-vale3-acoes-melhor-semana-bolsa-dois-meses-jvj\/","url":"https:\/\/www.suno.com.br\/noticias\/vale-vale3-acoes-melhor-semana-bolsa-dois-meses-jvj\/","name":"Vale (VALE3) tem melhor semana na Bolsa em 2 meses; entenda","isPartOf":{"@id":"https:\/\/www.suno.com.br\/noticias\/#website"},"primaryImageOfPage":{"@id":"https:\/\/www.suno.com.br\/noticias\/vale-vale3-acoes-melhor-semana-bolsa-dois-meses-jvj\/#primaryimage"},"image":{"@id":"https:\/\/www.suno.com.br\/noticias\/vale-vale3-acoes-melhor-semana-bolsa-dois-meses-jvj\/#primaryimage"},"thumbnailUrl":"https:\/\/files.sunoresearch.com.br\/n\/uploads\/2023\/04\/vale_vale3-1.jpg","datePublished":"2024-02-16T22:43:56+00:00","dateModified":"2024-02-16T23:18:54+00:00","description":"As a\u00e7\u00f5es da Vale (VALE3) tiveram o melhor desempenho semanal na Bolsa de Valores dos \u00faltimos 2 meses. Confira o que aconteceu.","breadcrumb":{"@id":"https:\/\/www.suno.com.br\/noticias\/vale-vale3-acoes-melhor-semana-bolsa-dois-meses-jvj\/#breadcrumb"},"inLanguage":"pt-BR","potentialAction":[{"@type":"ReadAction","target":["https:\/\/www.suno.com.br\/noticias\/vale-vale3-acoes-melhor-semana-bolsa-dois-meses-jvj\/"]}]},{"@type":"ImageObject","inLanguage":"pt-BR","@id":"https:\/\/www.suno.com.br\/noticias\/vale-vale3-acoes-melhor-semana-bolsa-dois-meses-jvj\/#primaryimage","url":"https:\/\/files.sunoresearch.com.br\/n\/uploads\/2023\/04\/vale_vale3-1.jpg","contentUrl":"https:\/\/files.sunoresearch.com.br\/n\/uploads\/2023\/04\/vale_vale3-1.jpg","width":1200,"height":801,"caption":"Vale sobe 1,92% e lidera ganhos do dia. Foto: Ag\u00eancia Vale"},{"@type":"BreadcrumbList","@id":"https:\/\/www.suno.com.br\/noticias\/vale-vale3-acoes-melhor-semana-bolsa-dois-meses-jvj\/#breadcrumb","itemListElement":[{"@type":"ListItem","position":1,"name":"Not\u00edcias","item":"https:\/\/www.suno.com.br\/noticias\/"},{"@type":"ListItem","position":2,"name":"Neg\u00f3cios","item":"https:\/\/www.suno.com.br\/noticias\/negocios\/"},{"@type":"ListItem","position":3,"name":"Vale (VALE3) tem melhor semana no Ibovespa em 2 meses; o que aconteceu?"}]},{"@type":"WebSite","@id":"https:\/\/www.suno.com.br\/noticias\/#website","url":"https:\/\/www.suno.com.br\/noticias\/","name":"Suno Not\u00edcias","description":"Seu portal de informa\u00e7\u00e3o sobre o mundo dos investimentos","publisher":{"@id":"https:\/\/www.suno.com.br\/noticias\/#organization"},"potentialAction":[{"@type":"SearchAction","target":{"@type":"EntryPoint","urlTemplate":"https:\/\/www.suno.com.br\/noticias\/?s={search_term_string}"},"query-input":{"@type":"PropertyValueSpecification","valueRequired":true,"valueName":"search_term_string"}}],"inLanguage":"pt-BR"},{"@type":"Organization","@id":"https:\/\/www.suno.com.br\/noticias\/#organization","name":"Suno Not\u00edcias","url":"https:\/\/www.suno.com.br\/noticias\/","logo":{"@type":"ImageObject","inLanguage":"pt-BR","@id":"https:\/\/www.suno.com.br\/noticias\/#\/schema\/logo\/image\/","url":"https:\/\/files.sunoresearch.com.br\/n\/uploads\/2021\/09\/suno-logo.png","contentUrl":"https:\/\/files.sunoresearch.com.br\/n\/uploads\/2021\/09\/suno-logo.png","width":180,"height":180,"caption":"Suno Not\u00edcias"},"image":{"@id":"https:\/\/www.suno.com.br\/noticias\/#\/schema\/logo\/image\/"},"sameAs":["https:\/\/facebook.com\/sunoresearch","https:\/\/x.com\/sunoresearch","https:\/\/www.instagram.com\/suno","https:\/\/www.linkedin.com\/company\/suno-research\/","https:\/\/www.youtube.com\/c\/sunoresearch"]},{"@type":"Person","@id":"https:\/\/www.suno.com.br\/noticias\/#\/schema\/person\/87fc6973867c52dd884811905c43afba","name":"Jo\u00e3o Vitor","image":{"@type":"ImageObject","inLanguage":"pt-BR","@id":"https:\/\/www.suno.com.br\/noticias\/#\/schema\/person\/image\/","url":"https:\/\/secure.gravatar.com\/avatar\/2843227ca03ccf8cc7ccca45204c127e?s=96&r=g","contentUrl":"https:\/\/secure.gravatar.com\/avatar\/2843227ca03ccf8cc7ccca45204c127e?s=96&r=g","caption":"Jo\u00e3o Vitor"},"description":"Redator profissional, com atua\u00e7\u00e3o no mercado editorial na produ\u00e7\u00e3o de not\u00edcias e conte\u00fados sobre o mercado de a\u00e7\u00f5es, fundos imobili\u00e1rios e economia popular. Graduando em Engenharia Qu\u00edmica pela Unesp, tamb\u00e9m j\u00e1 atuou como consultor financeiro.","url":"https:\/\/www.suno.com.br\/noticias\/author\/joao-vitor-jacintho\/"}]}},"default_loop_html":"<div class=\"cardsPage__listCard__boxs\"><div class=\"cardsPage__listCard__boxs__img\"><a href=\"https:\/\/www.suno.com.br\/noticias\/vale-vale3-acoes-melhor-semana-bolsa-dois-meses-jvj\/\"><img class=\"mask\" src=\"https:\/\/www.suno.com.br\/noticias\/wp-content\/themes\/suno\/resources\/images\/spotlight\/spotlight1img\/bg-mask.png\" alt=\"Image Mask\"\/><img src=\"https:\/\/files.sunoresearch.com.br\/n\/uploads\/2023\/04\/vale_vale3-1-400x200.jpg\" alt=\"Vale (VALE3) tem melhor semana no Ibovespa em 2 meses; o que aconteceu?\"\/><\/a><span class=\"spotlightCategory\"><a href=\"https:\/\/www.suno.com.br\/noticias\/negocios\/\">Neg\u00f3cios<\/a><\/span><\/div><div class=\"cardsPage__listCard__boxs__content\"><a href=\"https:\/\/www.suno.com.br\/noticias\/vale-vale3-acoes-melhor-semana-bolsa-dois-meses-jvj\/\"><h2 class=\"content__title\">Vale (VALE3) tem melhor semana no Ibovespa em 2 meses; o que aconteceu?<\/h2><\/a><div class=\"newsContent__article__meta\"><div class=\"newsContent__article__meta__authorBox\"><a href=\"https:\/\/www.suno.com.br\/noticias\/author\/joao-vitor-jacintho\/\" class=\"authorBox__avatar noMobi\"><img src=\"https:\/\/secure.gravatar.com\/avatar\/2843227ca03ccf8cc7ccca45204c127e?s=96&#038;r=g\" alt=\"Jo\u00e3o Vitor Jacintho\"><\/a><div class=\"authorBox__name\"><span>por\n\t\t\t<a href=\"https:\/\/www.suno.com.br\/noticias\/author\/joao-vitor-jacintho\/\"><span itemprop=\"author\">Jo\u00e3o Vitor Jacintho<\/span><\/a><\/span><time datetime=\"2024-02-16T19:43:56-03:00\" itemprop=\"datePublished\">16\/02\/2024 19:43<\/time><\/div><\/div><\/div><\/div><\/div>","single_layout":"posts","amp_enabled":true,"_links":{"self":[{"href":"https:\/\/www.suno.com.br\/noticias\/wp-json\/wp\/v2\/posts\/523880"}],"collection":[{"href":"https:\/\/www.suno.com.br\/noticias\/wp-json\/wp\/v2\/posts"}],"about":[{"href":"https:\/\/www.suno.com.br\/noticias\/wp-json\/wp\/v2\/types\/post"}],"author":[{"embeddable":true,"href":"https:\/\/www.suno.com.br\/noticias\/wp-json\/wp\/v2\/users\/173"}],"replies":[{"embeddable":true,"href":"https:\/\/www.suno.com.br\/noticias\/wp-json\/wp\/v2\/comments?post=523880"}],"version-history":[{"count":2,"href":"https:\/\/www.suno.com.br\/noticias\/wp-json\/wp\/v2\/posts\/523880\/revisions"}],"predecessor-version":[{"id":523898,"href":"https:\/\/www.suno.com.br\/noticias\/wp-json\/wp\/v2\/posts\/523880\/revisions\/523898"}],"wp:featuredmedia":[{"embeddable":true,"href":"https:\/\/www.suno.com.br\/noticias\/wp-json\/wp\/v2\/media\/394402"}],"wp:attachment":[{"href":"https:\/\/www.suno.com.br\/noticias\/wp-json\/wp\/v2\/media?parent=523880"}],"wp:term":[{"taxonomy":"category","embeddable":true,"href":"https:\/\/www.suno.com.br\/noticias\/wp-json\/wp\/v2\/categories?post=523880"},{"taxonomy":"post_tag","embeddable":true,"href":"https:\/\/www.suno.com.br\/noticias\/wp-json\/wp\/v2\/tags?post=523880"},{"taxonomy":"suno_strategy","embeddable":true,"href":"https:\/\/www.suno.com.br\/noticias\/wp-json\/wp\/v2\/suno_strategy?post=523880"}],"curies":[{"name":"wp","href":"https:\/\/api.w.org\/{rel}","templated":true}]}}