{"id":523858,"date":"2024-02-16T18:54:37","date_gmt":"2024-02-16T21:54:37","guid":{"rendered":"https:\/\/www.suno.com.br\/noticias\/?p=523858"},"modified":"2024-02-16T19:08:45","modified_gmt":"2024-02-16T22:08:45","slug":"ibovespa-semana-braskem-brkm5-dispara-jvj","status":"publish","type":"post","link":"https:\/\/www.suno.com.br\/noticias\/ibovespa-semana-braskem-brkm5-dispara-jvj\/","title":{"rendered":"Ibovespa sobe na contram\u00e3o de NY e encerra semana no positivo; Vale (VALE3) avan\u00e7a 3% e Braskem dispara 10%"},"content":{"rendered":"<p>O <strong>Ibovespa<\/strong> encerrou a sess\u00e3o de hoje (16) em alta de 0,72%, aos 128.725,88 pontos, ap\u00f3s variar entre a m\u00e1xima de 129.069,14 pontos e a m\u00ednima de 127.652,73 pontos. Na semana, o \u00edndice avan\u00e7ou 0,55%. J\u00e1 o volume financeiro di\u00e1rio foi de R$ 23,8 bilh\u00f5es.<\/p>\t<div class=\"wrapper-featured-image\">\n\t\t<figure class=\"spotlightImg\">\n\n\t\t\t<picture>\n\t\t\t\t<source media=\"(max-width: 768px)\" srcset=\"https:\/\/files.sunoresearch.com.br\/n\/uploads\/2023\/09\/taxas-cotacoes-1-400x200.jpg\">\n\t\t\t\t<img loading=\"lazy\" decoding=\"async\" class=\"newsContent__article__imgCapa lazyloadDisabled \" src=\"https:\/\/files.sunoresearch.com.br\/n\/uploads\/2023\/09\/taxas-cotacoes-1-800x450.jpg\" width=\"800\" height=\"450\" alt=\"Ibovespa sobe na contram\u00e3o de NY e encerra semana no positivo; Vale (VALE3) avan\u00e7a 3% e Braskem dispara 10%\" fetchpriority=high \/>\n\t\t\t<\/picture>\n\n\t\t\t<figcaption class=\"wp-caption-text wp-caption-text--show\">CPTS11. Foto: iStock.<\/figcaption>\n\t\t<\/figure>\n\t<\/div>\n\n\n\n\n\n\t<p>\n\t\t<a href=\"https:\/\/lp.suno.com.br\/ebook-como-analisar-uma-acao\/\" target=\"_blank\" data-element=\"shortcode-suno-banner\" title=\"Banner SUNO, clique e saiba mais\">\n\t\t\t<picture>\n\t\t\t\t<source media=\"(max-width: 500px)\" srcset=\"https:\/\/files.sunoresearch.com.br\/n\/uploads\/2023\/12\/Ebook-Acoes-Mobile.jpg\">\n\t\t\t\t<img class=\"newsContent__article__imgCapa newsContent__article__imgCapa--banner\"\n\t\t\t\t\tsrc=\"https:\/\/files.sunoresearch.com.br\/n\/uploads\/2023\/12\/Ebook-Acoes-Desktop.webp\"\n\t\t\t\t\tdata-promo-id=\"311260\"\t\t\t\t\t\t\t\t\t\twidth='1420' height='286'\t\t\t\t\talt=\"https:\/\/files.sunoresearch.com.br\/n\/uploads\/2023\/12\/Ebook-Acoes-Desktop.webp\"\n\t\t\t\t>\n\t\t\t<\/picture>\n\t\t<\/a>\n\t<\/p>\n\n\n\n\n\n<p>O<strong> <\/strong>desempenho do <strong>Ibovespa hoje<\/strong> se descolou das <strong>Bolsas de Nova York<\/strong>, que fecharam o dia em queda:<\/p>\n\n\n\n<ul class=\"wp-block-list\">\n<li>Dow Jones: -0,37%, aos 38.627,99 pontos<\/li>\n\n\n\n<li>S&amp;P 500: -0,48%, aos 5.005,57 pontos<\/li>\n\n\n\n<li>Nasdaq: -0,82%, aos 15.775,65 pontos<\/li>\n<\/ul>\n\n\n\n<p>A <a class=\"suno-keyword\" data-force=\"yes\" data-priority=\"2\" href=\"https:\/\/www.suno.com.br\/acoes\/BRKM5\/\" target=\"_blank\" rel=\"noopener\"><strong>Braskem<\/strong> (BRKM5)<\/a> foi o principal destaque de alta do <strong>Ibovespa hoje<\/strong>, tendo encerrado a sess\u00e3o com +10,32% a R$ 19,25. Para Anderson Silva, head de renda vari\u00e1vel e s\u00f3cio da GT Capital, o papel foi impulsionado principalmente pelo boato sobre poss\u00edvel venda, considerando que pode ser uma poss\u00edvel pauta de conversa do presidente da Petrobras com o CEO da Adnoc em viagem para Abu Dhabi.<\/p>\n\n\n\t<div data-element=\"shortcode-read-more\" class=\"knowMore\">\n\t\t\t\t<span class=\"knowMore__title\">Leia mais<\/span>\n\t\t\t\t<a class=\"knowMore__link\" href=\"https:\/\/www.suno.com.br\/noticias\/braskem-brkm5-rumores-venda-novonor-acoes-disparam-evm\/\">\n\t\t\tBraskem (BRKM5): Rumores de venda fazem pre\u00e7o e a\u00e7\u00f5es disparam quase 10%\t\t<\/a>\n\t<\/div>\n\n\n\n\n<p>Al\u00e9m disso, as empresas de siderurgia e minera\u00e7\u00e3o foram \u201cestimuladas\u201d na <strong>Bolsa de Valores hoje<\/strong> por um novo avan\u00e7o do <strong>min\u00e9rio de ferro<\/strong>.<\/p>\n\n\n\n<p>J\u00e1 entre as <strong>quedas do Ibovespa hoje<\/strong> est\u00e3o as a\u00e7\u00f5es da <a class=\"suno-keyword\" data-force=\"yes\" data-priority=\"2\" href=\"https:\/\/www.suno.com.br\/acoes\/TIMS3\/\" target=\"_blank\" rel=\"noopener\">TIM (TIMS3)<\/a> e da <a class=\"suno-keyword\" data-force=\"yes\" data-priority=\"2\" href=\"https:\/\/www.suno.com.br\/acoes\/VIVT3\/\" target=\"_blank\" rel=\"noopener\">Telef\u00f4nica (VIVT3)<\/a>, que, segundo analistas, possivelmente passam por uma realiza\u00e7\u00e3o de lucros ap\u00f3s registrarem forte movimento de alta desde janeiro de 2023.<\/p>\n\n\n\n<p>Dentre as a\u00e7\u00f5es de maior peso no \u00edndice,<strong> <a class=\"suno-keyword\" data-force=\"yes\" data-priority=\"2\" href=\"https:\/\/www.suno.com.br\/acoes\/PETR4\/\" target=\"_blank\" rel=\"noopener\">Petrobras (PETR4)<\/a> <\/strong>teve alta de 0,92% hoje (16) em suas <a class=\"suno-keyword\" data-force=\"no\" data-priority=\"1\" href=\"https:\/\/www.suno.com.br\/artigos\/acoes-preferenciais\/\" target=\"_blank\" rel=\"noopener\">a\u00e7\u00f5es preferenciais<\/a> e de 1,82% nas <a class=\"suno-keyword\" data-force=\"no\" data-priority=\"1\" href=\"https:\/\/www.suno.com.br\/artigos\/o-que-sao-acoes-ordinarias-preferenciais-e-units\/\" target=\"_blank\" rel=\"noopener\">a\u00e7\u00f5es ordin\u00e1rias<\/a>. J\u00e1 a <a class=\"suno-keyword\" data-force=\"yes\" data-priority=\"2\" href=\"https:\/\/www.suno.com.br\/acoes\/VALE3\/\" target=\"_blank\" rel=\"noopener\"><strong>Vale (VALE3)<\/strong><\/a> disparou 3,31% neste preg\u00e3o. Na semana o desempenho foi o seguinte para esses tr\u00eas pap\u00e9is:<\/p>\n\n\n\n<ul class=\"wp-block-list\">\n<li>Petrobras ON (PETR3): +3,65%<\/li>\n\n\n\n<li>Petrobras PN (PETR4): +3,37%<\/li>\n\n\n\n<li>Vale (VALE3): +2,67%<\/li>\n<\/ul>\n\n\n\n<h2 class=\"wp-block-heading\"><a><\/a>Maiores altas do Ibovespa hoje<\/h2>\n\n\n\n<ul class=\"wp-block-list\">\n<li>Braskem (BRKM5): +10,32%<\/li>\n\n\n\n<li>Casas Bahia (BHIA3): +5,03%<\/li>\n\n\n\n<li>SLC Agr\u00edcola (SLCE3): +4,17%<\/li>\n\n\n\n<li>Hypera (HYPE3): +4,14%<\/li>\n\n\n\n<li>Vamos (VAMO3): +4,03%<\/li>\n<\/ul>\n\n\n\n<h2 class=\"wp-block-heading\"><a><\/a>Maiores quedas do Ibovespa hoje<\/h2>\n\n\n\n<ul class=\"wp-block-list\">\n<li>TIM (TIMS3): -3,81%<\/li>\n\n\n\n<li>Telef\u00f4nica (VIVT3): -2,54%<\/li>\n\n\n\n<li>CCR (CCRO3): -2,36%<\/li>\n\n\n\n<li>Rumo (RAIL3): -1,93%<\/li>\n\n\n\n<li>Carrefour (CRFB3): -1,07%<\/li>\n<\/ul>\n\n\n\n<h2 class=\"wp-block-heading\"><a><\/a>Maiores altas da semana<\/h2>\n\n\n\n<ul class=\"wp-block-list\">\n<li>Braskem (BRKM5): +10,95%<\/li>\n\n\n\n<li>Usiminas (USIM5): +8,94%<\/li>\n\n\n\n<li>Alpargatas (ALPA4): +8,35%<\/li>\n\n\n\n<li>Prio (PRIO3): +7,18%<\/li>\n\n\n\n<li>CSN (CSNA3): +6,97%<\/li>\n<\/ul>\n\n\n\n<h2 class=\"wp-block-heading\"><a><\/a>Maiores quedas da semana<\/h2>\n\n\n\n<ul class=\"wp-block-list\">\n<li>Carrefour (CRFB3): -5,44%<\/li>\n\n\n\n<li>TIM (TIMS3): -5,33%<\/li>\n\n\n\n<li>Rede D\u2019Or (RDOR3): -4,96%<\/li>\n\n\n\n<li>Cyrela (CYRE3): -4,76%<\/li>\n\n\n\n<li>B3 (B3SA3): -3,85%<\/li>\n<\/ul>\n\n\n\n<h2 class=\"wp-block-heading\"><a><\/a>O que movimentou o Ibovespa hoje?<\/h2>\n\n\n\n<p>Para Anderson Silva, o movimento do mercado hoje (16) se deve principalmente pelo maior \u201capetite\u201d ao risco dos investidores que observam \u201cpre\u00e7o x valor\u201d.<\/p>\n\n\n\n<p>Nesse sentido, a <strong>taxa de juros <\/strong>alta nos Estados Unidos e o an\u00fancio de dados fortes da economia norte-americana demonstram, na vis\u00e3o do especialista, a \u201cdificuldade que eles ter\u00e3o para baixar os juros por l\u00e1\u201d. Apesar disso, Silva destaca que a velha m\u00e1xima \u201ccompre ao som dos canh\u00f5es e venda ao som dos violinos\u201d poderia estar fazendo mais sentido para muitos investidores.<\/p>\n\n\n\n<p>\u201cEnquanto o medo e a incerteza paira sobre o mercado, pode ser uma excelente chance para os investidores de <a class=\"suno-keyword\" data-force=\"no\" data-priority=\"1\" href=\"https:\/\/www.suno.com.br\/artigos\/longo-prazo\/\" target=\"_blank\" rel=\"noopener\">longo prazo<\/a> aumentarem suas posi\u00e7\u00f5es em boas empresas dado o P\/L que o<strong> IBOV<\/strong> negocia atualmente que \u00e9 abaixo da m\u00e9dia hist\u00f3rica\u201d.<\/p>\n\n\n\n<p>Os <a class=\"suno-keyword\" data-force=\"no\" data-priority=\"1\" href=\"https:\/\/www.suno.com.br\/artigos\/juros-futuros\/\" target=\"_blank\" rel=\"noopener\">juros futuros<\/a> encerraram esta sexta-feira (16) em alta. Na vis\u00e3o do especialista, esse movimento se deu em raz\u00e3o dos dados do PPI anunciados pelos <strong>Estados Unidos<\/strong>, e que pode fazer com a taxa de juros continue em patamares mais altos por mais tempo, o que acaba afetando todo o mercado global.<\/p>\n\n\n\n<p>No d\u00f3lar se observa um movimento de \u201cindecis\u00e3o\u201d, diante das incertezas em rela\u00e7\u00e3o aos rumos da economia para o ano de 2024.<\/p>\n\n\n\n<p>\u201cAcredito que o <strong>d\u00f3lar<\/strong> deva trabalhar entre R$ 4,85 e R$ 5,00 em 2024 at\u00e9 que se tenha mais clareza sobre os efeitos das a\u00e7\u00f5es dos Bancos Centrais no controle da infla\u00e7\u00e3o\u201d, conclui o especialista.<\/p>\n\n\n\n<h2 class=\"wp-block-heading\">\u00daltimo fechamento do Ibovespa<\/h2>\n\n\n\n<p>O<strong> Ibovespa <\/strong>encerrou a sess\u00e3o de ontem (15) em alta de 0,62%, aos 127.804,13 pontos.<\/p>\n\n\n\t<p>\n\t\t<a href=\"https:\/\/lp2.suno.com.br\/cl\/black-friday-2025\/?utm_campaign=_SNCDF0E4858_\" target=\"_blank\" data-element=\"shortcode-suno-banner\" title=\"Banner SUNO, clique e saiba mais\">\n\t\t\t<picture>\n\t\t\t\t<source media=\"(max-width: 500px)\" srcset=\"https:\/\/files.sunoresearch.com.br\/n\/uploads\/2025\/10\/Artigos-e-Noticias-Banner-Home-artigos-01-Mobile_-400x300-1-png.webp\">\n\t\t\t\t<img class=\"newsContent__article__imgCapa newsContent__article__imgCapa--banner\"\n\t\t\t\t\tsrc=\"https:\/\/files.sunoresearch.com.br\/n\/uploads\/2025\/10\/Artigos-e-Noticias-Banner-Home-artigos-01-Desktop_-1420x240-1-png.webp\"\n\t\t\t\t\tdata-promo-id=\"311259\"\t\t\t\t\t\t\t\t\t\twidth='1420' height='240'\t\t\t\t\talt=\"https:\/\/files.sunoresearch.com.br\/n\/uploads\/2025\/10\/Artigos-e-Noticias-Banner-Home-artigos-01-Desktop_-1420x240-1-png.webp\"\n\t\t\t\t>\n\t\t\t<\/picture>\n\t\t<\/a>\n\t<\/p>\n\n\n","protected":false},"excerpt":{"rendered":"<p>O Ibovespa encerrou a sess\u00e3o de hoje (16) em alta de 0,72%, aos 128.725,88 pontos, ap\u00f3s variar entre a m\u00e1xima de 129.069,14 pontos e a m\u00ednima de 127.652,73 pontos. Na semana, o \u00edndice avan\u00e7ou 0,55%. J\u00e1 o volume financeiro di\u00e1rio foi de R$ 23,8 bilh\u00f5es. CPTS11. Foto: iStock. O desempenho do Ibovespa hoje se descolou [&hellip;]<\/p>\n","protected":false},"author":173,"featured_media":451252,"comment_status":"closed","ping_status":"closed","sticky":false,"template":"","format":"standard","meta":[],"categories":[64],"tags":[395,405,107138,721,106949,595,663],"suno_strategy":[],"class_list":["post-523858","post","type-post","status-publish","format-standard","has-post-thumbnail","hentry","category-negocios","tag-braskem-brkm3-brkm5-brkm6","tag-carrefour-crfb3","tag-casas-bahia-bhia3","tag-ibovespa","tag-ibovespa-fechamento","tag-petrobras-petr4","tag-tim-tims3"],"yoast_head":"<!-- This site is optimized with the Yoast SEO plugin v24.4 - https:\/\/yoast.com\/wordpress\/plugins\/seo\/ -->\n<title>Ibovespa fecha em alta com Braskem (BRKM5) disparando 10%<\/title>\n<meta name=\"description\" content=\"Em semana de alta do Ibovespa, as a\u00e7\u00f5es da Braskem (BRKM5) dispararam 10,9%. Veja quais foram os destaques da semana.\" \/>\n<meta name=\"robots\" content=\"index, follow, max-snippet:-1, max-image-preview:large, max-video-preview:-1\" \/>\n<link rel=\"canonical\" href=\"https:\/\/www.suno.com.br\/noticias\/ibovespa-semana-braskem-brkm5-dispara-jvj\/\" \/>\n<meta property=\"og:locale\" content=\"pt_BR\" \/>\n<meta property=\"og:type\" content=\"article\" \/>\n<meta property=\"og:title\" content=\"Ibovespa fecha em alta com Braskem (BRKM5) disparando 10%\" \/>\n<meta property=\"og:description\" content=\"Em semana de alta do Ibovespa, as a\u00e7\u00f5es da Braskem (BRKM5) dispararam 10,9%. Veja quais foram os destaques da semana.\" \/>\n<meta property=\"og:url\" content=\"https:\/\/www.suno.com.br\/noticias\/ibovespa-semana-braskem-brkm5-dispara-jvj\/\" \/>\n<meta property=\"og:site_name\" content=\"Suno Not\u00edcias\" \/>\n<meta property=\"article:publisher\" content=\"https:\/\/facebook.com\/sunoresearch\" \/>\n<meta property=\"og:image\" content=\"https:\/\/files.sunoresearch.com.br\/n\/uploads\/2023\/09\/taxas-cotacoes-1.jpg\" \/>\n\t<meta property=\"og:image:width\" content=\"1200\" \/>\n\t<meta property=\"og:image:height\" content=\"800\" \/>\n\t<meta property=\"og:image:type\" content=\"image\/jpeg\" \/>\n<meta name=\"author\" content=\"Jo\u00e3o Vitor\" \/>\n<meta name=\"twitter:card\" content=\"summary_large_image\" \/>\n<meta name=\"twitter:creator\" content=\"@sunoresearch\" \/>\n<meta name=\"twitter:site\" content=\"@sunoresearch\" \/>\n<meta name=\"twitter:label1\" content=\"Escrito por\" \/>\n\t<meta name=\"twitter:data1\" content=\"Jo\u00e3o Vitor\" \/>\n\t<meta name=\"twitter:label2\" content=\"Est. tempo de leitura\" \/>\n\t<meta name=\"twitter:data2\" content=\"4 minutos\" \/>\n<script type=\"application\/ld+json\" class=\"yoast-schema-graph\">{\"@context\":\"https:\/\/schema.org\",\"@graph\":[{\"@type\":\"NewsArticle\",\"@id\":\"https:\/\/www.suno.com.br\/noticias\/ibovespa-semana-braskem-brkm5-dispara-jvj\/#article\",\"isPartOf\":{\"@id\":\"https:\/\/www.suno.com.br\/noticias\/ibovespa-semana-braskem-brkm5-dispara-jvj\/\"},\"author\":{\"name\":\"Jo\u00e3o Vitor\",\"@id\":\"https:\/\/www.suno.com.br\/noticias\/#\/schema\/person\/87fc6973867c52dd884811905c43afba\"},\"headline\":\"Ibovespa sobe na contram\u00e3o de NY e encerra semana no positivo; Vale (VALE3) avan\u00e7a 3% e Braskem dispara 10%\",\"datePublished\":\"2024-02-16T21:54:37+00:00\",\"dateModified\":\"2024-02-16T22:08:45+00:00\",\"mainEntityOfPage\":{\"@id\":\"https:\/\/www.suno.com.br\/noticias\/ibovespa-semana-braskem-brkm5-dispara-jvj\/\"},\"wordCount\":641,\"publisher\":{\"@id\":\"https:\/\/www.suno.com.br\/noticias\/#organization\"},\"image\":{\"@id\":\"https:\/\/www.suno.com.br\/noticias\/ibovespa-semana-braskem-brkm5-dispara-jvj\/#primaryimage\"},\"thumbnailUrl\":\"https:\/\/files.sunoresearch.com.br\/n\/uploads\/2023\/09\/taxas-cotacoes-1.jpg\",\"keywords\":[\"Braskem (BRKM3\/BRKM5\/BRKM6)\",\"Carrefour (CRFB3)\",\"Casas Bahia (BHIA3)\",\"Ibovespa\",\"Ibovespa fechamento\",\"Petrobras (PETR4)\",\"TIM (TIMS3)\"],\"articleSection\":[\"Neg\u00f3cios\"],\"inLanguage\":\"pt-BR\"},{\"@type\":\"WebPage\",\"@id\":\"https:\/\/www.suno.com.br\/noticias\/ibovespa-semana-braskem-brkm5-dispara-jvj\/\",\"url\":\"https:\/\/www.suno.com.br\/noticias\/ibovespa-semana-braskem-brkm5-dispara-jvj\/\",\"name\":\"Ibovespa fecha em alta com Braskem (BRKM5) disparando 10%\",\"isPartOf\":{\"@id\":\"https:\/\/www.suno.com.br\/noticias\/#website\"},\"primaryImageOfPage\":{\"@id\":\"https:\/\/www.suno.com.br\/noticias\/ibovespa-semana-braskem-brkm5-dispara-jvj\/#primaryimage\"},\"image\":{\"@id\":\"https:\/\/www.suno.com.br\/noticias\/ibovespa-semana-braskem-brkm5-dispara-jvj\/#primaryimage\"},\"thumbnailUrl\":\"https:\/\/files.sunoresearch.com.br\/n\/uploads\/2023\/09\/taxas-cotacoes-1.jpg\",\"datePublished\":\"2024-02-16T21:54:37+00:00\",\"dateModified\":\"2024-02-16T22:08:45+00:00\",\"description\":\"Em semana de alta do Ibovespa, as a\u00e7\u00f5es da Braskem (BRKM5) dispararam 10,9%. Veja quais foram os destaques da semana.\",\"breadcrumb\":{\"@id\":\"https:\/\/www.suno.com.br\/noticias\/ibovespa-semana-braskem-brkm5-dispara-jvj\/#breadcrumb\"},\"inLanguage\":\"pt-BR\",\"potentialAction\":[{\"@type\":\"ReadAction\",\"target\":[\"https:\/\/www.suno.com.br\/noticias\/ibovespa-semana-braskem-brkm5-dispara-jvj\/\"]}]},{\"@type\":\"ImageObject\",\"inLanguage\":\"pt-BR\",\"@id\":\"https:\/\/www.suno.com.br\/noticias\/ibovespa-semana-braskem-brkm5-dispara-jvj\/#primaryimage\",\"url\":\"https:\/\/files.sunoresearch.com.br\/n\/uploads\/2023\/09\/taxas-cotacoes-1.jpg\",\"contentUrl\":\"https:\/\/files.sunoresearch.com.br\/n\/uploads\/2023\/09\/taxas-cotacoes-1.jpg\",\"width\":1200,\"height\":800,\"caption\":\"CPTS11. Foto: iStock.\"},{\"@type\":\"BreadcrumbList\",\"@id\":\"https:\/\/www.suno.com.br\/noticias\/ibovespa-semana-braskem-brkm5-dispara-jvj\/#breadcrumb\",\"itemListElement\":[{\"@type\":\"ListItem\",\"position\":1,\"name\":\"Not\u00edcias\",\"item\":\"https:\/\/www.suno.com.br\/noticias\/\"},{\"@type\":\"ListItem\",\"position\":2,\"name\":\"Neg\u00f3cios\",\"item\":\"https:\/\/www.suno.com.br\/noticias\/negocios\/\"},{\"@type\":\"ListItem\",\"position\":3,\"name\":\"Ibovespa sobe na contram\u00e3o de NY e encerra semana no positivo; Vale (VALE3) avan\u00e7a 3% e Braskem dispara 10%\"}]},{\"@type\":\"WebSite\",\"@id\":\"https:\/\/www.suno.com.br\/noticias\/#website\",\"url\":\"https:\/\/www.suno.com.br\/noticias\/\",\"name\":\"Suno Not\u00edcias\",\"description\":\"Seu portal de informa\u00e7\u00e3o sobre o mundo dos investimentos\",\"publisher\":{\"@id\":\"https:\/\/www.suno.com.br\/noticias\/#organization\"},\"potentialAction\":[{\"@type\":\"SearchAction\",\"target\":{\"@type\":\"EntryPoint\",\"urlTemplate\":\"https:\/\/www.suno.com.br\/noticias\/?s={search_term_string}\"},\"query-input\":{\"@type\":\"PropertyValueSpecification\",\"valueRequired\":true,\"valueName\":\"search_term_string\"}}],\"inLanguage\":\"pt-BR\"},{\"@type\":\"Organization\",\"@id\":\"https:\/\/www.suno.com.br\/noticias\/#organization\",\"name\":\"Suno Not\u00edcias\",\"url\":\"https:\/\/www.suno.com.br\/noticias\/\",\"logo\":{\"@type\":\"ImageObject\",\"inLanguage\":\"pt-BR\",\"@id\":\"https:\/\/www.suno.com.br\/noticias\/#\/schema\/logo\/image\/\",\"url\":\"https:\/\/files.sunoresearch.com.br\/n\/uploads\/2021\/09\/suno-logo.png\",\"contentUrl\":\"https:\/\/files.sunoresearch.com.br\/n\/uploads\/2021\/09\/suno-logo.png\",\"width\":180,\"height\":180,\"caption\":\"Suno Not\u00edcias\"},\"image\":{\"@id\":\"https:\/\/www.suno.com.br\/noticias\/#\/schema\/logo\/image\/\"},\"sameAs\":[\"https:\/\/facebook.com\/sunoresearch\",\"https:\/\/x.com\/sunoresearch\",\"https:\/\/www.instagram.com\/suno\",\"https:\/\/www.linkedin.com\/company\/suno-research\/\",\"https:\/\/www.youtube.com\/c\/sunoresearch\"]},{\"@type\":\"Person\",\"@id\":\"https:\/\/www.suno.com.br\/noticias\/#\/schema\/person\/87fc6973867c52dd884811905c43afba\",\"name\":\"Jo\u00e3o Vitor\",\"image\":{\"@type\":\"ImageObject\",\"inLanguage\":\"pt-BR\",\"@id\":\"https:\/\/www.suno.com.br\/noticias\/#\/schema\/person\/image\/\",\"url\":\"https:\/\/secure.gravatar.com\/avatar\/2843227ca03ccf8cc7ccca45204c127e?s=96&r=g\",\"contentUrl\":\"https:\/\/secure.gravatar.com\/avatar\/2843227ca03ccf8cc7ccca45204c127e?s=96&r=g\",\"caption\":\"Jo\u00e3o Vitor\"},\"description\":\"Redator profissional, com atua\u00e7\u00e3o no mercado editorial na produ\u00e7\u00e3o de not\u00edcias e conte\u00fados sobre o mercado de a\u00e7\u00f5es, fundos imobili\u00e1rios e economia popular. Graduando em Engenharia Qu\u00edmica pela Unesp, tamb\u00e9m j\u00e1 atuou como consultor financeiro.\",\"url\":\"https:\/\/www.suno.com.br\/noticias\/author\/joao-vitor-jacintho\/\"}]}<\/script>\n<!-- \/ Yoast SEO plugin. -->","yoast_head_json":{"title":"Ibovespa fecha em alta com Braskem (BRKM5) disparando 10%","description":"Em semana de alta do Ibovespa, as a\u00e7\u00f5es da Braskem (BRKM5) dispararam 10,9%. Veja quais foram os destaques da semana.","robots":{"index":"index","follow":"follow","max-snippet":"max-snippet:-1","max-image-preview":"max-image-preview:large","max-video-preview":"max-video-preview:-1"},"canonical":"https:\/\/www.suno.com.br\/noticias\/ibovespa-semana-braskem-brkm5-dispara-jvj\/","og_locale":"pt_BR","og_type":"article","og_title":"Ibovespa fecha em alta com Braskem (BRKM5) disparando 10%","og_description":"Em semana de alta do Ibovespa, as a\u00e7\u00f5es da Braskem (BRKM5) dispararam 10,9%. Veja quais foram os destaques da semana.","og_url":"https:\/\/www.suno.com.br\/noticias\/ibovespa-semana-braskem-brkm5-dispara-jvj\/","og_site_name":"Suno Not\u00edcias","article_publisher":"https:\/\/facebook.com\/sunoresearch","og_image":[{"width":1200,"height":800,"url":"https:\/\/files.sunoresearch.com.br\/n\/uploads\/2023\/09\/taxas-cotacoes-1.jpg","type":"image\/jpeg"}],"author":"Jo\u00e3o Vitor","twitter_card":"summary_large_image","twitter_creator":"@sunoresearch","twitter_site":"@sunoresearch","twitter_misc":{"Escrito por":"Jo\u00e3o Vitor","Est. tempo de leitura":"4 minutos"},"schema":{"@context":"https:\/\/schema.org","@graph":[{"@type":"NewsArticle","@id":"https:\/\/www.suno.com.br\/noticias\/ibovespa-semana-braskem-brkm5-dispara-jvj\/#article","isPartOf":{"@id":"https:\/\/www.suno.com.br\/noticias\/ibovespa-semana-braskem-brkm5-dispara-jvj\/"},"author":{"name":"Jo\u00e3o Vitor","@id":"https:\/\/www.suno.com.br\/noticias\/#\/schema\/person\/87fc6973867c52dd884811905c43afba"},"headline":"Ibovespa sobe na contram\u00e3o de NY e encerra semana no positivo; Vale (VALE3) avan\u00e7a 3% e Braskem dispara 10%","datePublished":"2024-02-16T21:54:37+00:00","dateModified":"2024-02-16T22:08:45+00:00","mainEntityOfPage":{"@id":"https:\/\/www.suno.com.br\/noticias\/ibovespa-semana-braskem-brkm5-dispara-jvj\/"},"wordCount":641,"publisher":{"@id":"https:\/\/www.suno.com.br\/noticias\/#organization"},"image":{"@id":"https:\/\/www.suno.com.br\/noticias\/ibovespa-semana-braskem-brkm5-dispara-jvj\/#primaryimage"},"thumbnailUrl":"https:\/\/files.sunoresearch.com.br\/n\/uploads\/2023\/09\/taxas-cotacoes-1.jpg","keywords":["Braskem (BRKM3\/BRKM5\/BRKM6)","Carrefour (CRFB3)","Casas Bahia (BHIA3)","Ibovespa","Ibovespa fechamento","Petrobras (PETR4)","TIM (TIMS3)"],"articleSection":["Neg\u00f3cios"],"inLanguage":"pt-BR"},{"@type":"WebPage","@id":"https:\/\/www.suno.com.br\/noticias\/ibovespa-semana-braskem-brkm5-dispara-jvj\/","url":"https:\/\/www.suno.com.br\/noticias\/ibovespa-semana-braskem-brkm5-dispara-jvj\/","name":"Ibovespa fecha em alta com Braskem (BRKM5) disparando 10%","isPartOf":{"@id":"https:\/\/www.suno.com.br\/noticias\/#website"},"primaryImageOfPage":{"@id":"https:\/\/www.suno.com.br\/noticias\/ibovespa-semana-braskem-brkm5-dispara-jvj\/#primaryimage"},"image":{"@id":"https:\/\/www.suno.com.br\/noticias\/ibovespa-semana-braskem-brkm5-dispara-jvj\/#primaryimage"},"thumbnailUrl":"https:\/\/files.sunoresearch.com.br\/n\/uploads\/2023\/09\/taxas-cotacoes-1.jpg","datePublished":"2024-02-16T21:54:37+00:00","dateModified":"2024-02-16T22:08:45+00:00","description":"Em semana de alta do Ibovespa, as a\u00e7\u00f5es da Braskem (BRKM5) dispararam 10,9%. Veja quais foram os destaques da semana.","breadcrumb":{"@id":"https:\/\/www.suno.com.br\/noticias\/ibovespa-semana-braskem-brkm5-dispara-jvj\/#breadcrumb"},"inLanguage":"pt-BR","potentialAction":[{"@type":"ReadAction","target":["https:\/\/www.suno.com.br\/noticias\/ibovespa-semana-braskem-brkm5-dispara-jvj\/"]}]},{"@type":"ImageObject","inLanguage":"pt-BR","@id":"https:\/\/www.suno.com.br\/noticias\/ibovespa-semana-braskem-brkm5-dispara-jvj\/#primaryimage","url":"https:\/\/files.sunoresearch.com.br\/n\/uploads\/2023\/09\/taxas-cotacoes-1.jpg","contentUrl":"https:\/\/files.sunoresearch.com.br\/n\/uploads\/2023\/09\/taxas-cotacoes-1.jpg","width":1200,"height":800,"caption":"CPTS11. Foto: iStock."},{"@type":"BreadcrumbList","@id":"https:\/\/www.suno.com.br\/noticias\/ibovespa-semana-braskem-brkm5-dispara-jvj\/#breadcrumb","itemListElement":[{"@type":"ListItem","position":1,"name":"Not\u00edcias","item":"https:\/\/www.suno.com.br\/noticias\/"},{"@type":"ListItem","position":2,"name":"Neg\u00f3cios","item":"https:\/\/www.suno.com.br\/noticias\/negocios\/"},{"@type":"ListItem","position":3,"name":"Ibovespa sobe na contram\u00e3o de NY e encerra semana no positivo; Vale (VALE3) avan\u00e7a 3% e Braskem dispara 10%"}]},{"@type":"WebSite","@id":"https:\/\/www.suno.com.br\/noticias\/#website","url":"https:\/\/www.suno.com.br\/noticias\/","name":"Suno Not\u00edcias","description":"Seu portal de informa\u00e7\u00e3o sobre o mundo dos investimentos","publisher":{"@id":"https:\/\/www.suno.com.br\/noticias\/#organization"},"potentialAction":[{"@type":"SearchAction","target":{"@type":"EntryPoint","urlTemplate":"https:\/\/www.suno.com.br\/noticias\/?s={search_term_string}"},"query-input":{"@type":"PropertyValueSpecification","valueRequired":true,"valueName":"search_term_string"}}],"inLanguage":"pt-BR"},{"@type":"Organization","@id":"https:\/\/www.suno.com.br\/noticias\/#organization","name":"Suno Not\u00edcias","url":"https:\/\/www.suno.com.br\/noticias\/","logo":{"@type":"ImageObject","inLanguage":"pt-BR","@id":"https:\/\/www.suno.com.br\/noticias\/#\/schema\/logo\/image\/","url":"https:\/\/files.sunoresearch.com.br\/n\/uploads\/2021\/09\/suno-logo.png","contentUrl":"https:\/\/files.sunoresearch.com.br\/n\/uploads\/2021\/09\/suno-logo.png","width":180,"height":180,"caption":"Suno Not\u00edcias"},"image":{"@id":"https:\/\/www.suno.com.br\/noticias\/#\/schema\/logo\/image\/"},"sameAs":["https:\/\/facebook.com\/sunoresearch","https:\/\/x.com\/sunoresearch","https:\/\/www.instagram.com\/suno","https:\/\/www.linkedin.com\/company\/suno-research\/","https:\/\/www.youtube.com\/c\/sunoresearch"]},{"@type":"Person","@id":"https:\/\/www.suno.com.br\/noticias\/#\/schema\/person\/87fc6973867c52dd884811905c43afba","name":"Jo\u00e3o Vitor","image":{"@type":"ImageObject","inLanguage":"pt-BR","@id":"https:\/\/www.suno.com.br\/noticias\/#\/schema\/person\/image\/","url":"https:\/\/secure.gravatar.com\/avatar\/2843227ca03ccf8cc7ccca45204c127e?s=96&r=g","contentUrl":"https:\/\/secure.gravatar.com\/avatar\/2843227ca03ccf8cc7ccca45204c127e?s=96&r=g","caption":"Jo\u00e3o Vitor"},"description":"Redator profissional, com atua\u00e7\u00e3o no mercado editorial na produ\u00e7\u00e3o de not\u00edcias e conte\u00fados sobre o mercado de a\u00e7\u00f5es, fundos imobili\u00e1rios e economia popular. Graduando em Engenharia Qu\u00edmica pela Unesp, tamb\u00e9m j\u00e1 atuou como consultor financeiro.","url":"https:\/\/www.suno.com.br\/noticias\/author\/joao-vitor-jacintho\/"}]}},"default_loop_html":"<div class=\"cardsPage__listCard__boxs\"><div class=\"cardsPage__listCard__boxs__img\"><a href=\"https:\/\/www.suno.com.br\/noticias\/ibovespa-semana-braskem-brkm5-dispara-jvj\/\"><img class=\"mask\" src=\"https:\/\/www.suno.com.br\/noticias\/wp-content\/themes\/suno\/resources\/images\/spotlight\/spotlight1img\/bg-mask.png\" alt=\"Image Mask\"\/><img src=\"https:\/\/files.sunoresearch.com.br\/n\/uploads\/2023\/09\/taxas-cotacoes-1-400x200.jpg\" alt=\"Ibovespa sobe na contram\u00e3o de NY e encerra semana no positivo; Vale (VALE3) avan\u00e7a 3% e Braskem dispara 10%\"\/><\/a><span class=\"spotlightCategory\"><a href=\"https:\/\/www.suno.com.br\/noticias\/negocios\/\">Neg\u00f3cios<\/a><\/span><\/div><div class=\"cardsPage__listCard__boxs__content\"><a href=\"https:\/\/www.suno.com.br\/noticias\/ibovespa-semana-braskem-brkm5-dispara-jvj\/\"><h2 class=\"content__title\">Ibovespa sobe na contram\u00e3o de NY e encerra semana no positivo; Vale (VALE3) avan\u00e7a 3% e Braskem dispara 10%<\/h2><\/a><div class=\"newsContent__article__meta\"><div class=\"newsContent__article__meta__authorBox\"><a href=\"https:\/\/www.suno.com.br\/noticias\/author\/joao-vitor-jacintho\/\" class=\"authorBox__avatar noMobi\"><img src=\"https:\/\/secure.gravatar.com\/avatar\/2843227ca03ccf8cc7ccca45204c127e?s=96&#038;r=g\" alt=\"Jo\u00e3o Vitor Jacintho\"><\/a><div class=\"authorBox__name\"><span>por\n\t\t\t<a href=\"https:\/\/www.suno.com.br\/noticias\/author\/joao-vitor-jacintho\/\"><span itemprop=\"author\">Jo\u00e3o Vitor Jacintho<\/span><\/a><\/span><time datetime=\"2024-02-16T18:54:37-03:00\" itemprop=\"datePublished\">16\/02\/2024 18:54<\/time><\/div><\/div><\/div><\/div><\/div>","single_layout":"posts","amp_enabled":true,"_links":{"self":[{"href":"https:\/\/www.suno.com.br\/noticias\/wp-json\/wp\/v2\/posts\/523858"}],"collection":[{"href":"https:\/\/www.suno.com.br\/noticias\/wp-json\/wp\/v2\/posts"}],"about":[{"href":"https:\/\/www.suno.com.br\/noticias\/wp-json\/wp\/v2\/types\/post"}],"author":[{"embeddable":true,"href":"https:\/\/www.suno.com.br\/noticias\/wp-json\/wp\/v2\/users\/173"}],"replies":[{"embeddable":true,"href":"https:\/\/www.suno.com.br\/noticias\/wp-json\/wp\/v2\/comments?post=523858"}],"version-history":[{"count":2,"href":"https:\/\/www.suno.com.br\/noticias\/wp-json\/wp\/v2\/posts\/523858\/revisions"}],"predecessor-version":[{"id":523874,"href":"https:\/\/www.suno.com.br\/noticias\/wp-json\/wp\/v2\/posts\/523858\/revisions\/523874"}],"wp:featuredmedia":[{"embeddable":true,"href":"https:\/\/www.suno.com.br\/noticias\/wp-json\/wp\/v2\/media\/451252"}],"wp:attachment":[{"href":"https:\/\/www.suno.com.br\/noticias\/wp-json\/wp\/v2\/media?parent=523858"}],"wp:term":[{"taxonomy":"category","embeddable":true,"href":"https:\/\/www.suno.com.br\/noticias\/wp-json\/wp\/v2\/categories?post=523858"},{"taxonomy":"post_tag","embeddable":true,"href":"https:\/\/www.suno.com.br\/noticias\/wp-json\/wp\/v2\/tags?post=523858"},{"taxonomy":"suno_strategy","embeddable":true,"href":"https:\/\/www.suno.com.br\/noticias\/wp-json\/wp\/v2\/suno_strategy?post=523858"}],"curies":[{"name":"wp","href":"https:\/\/api.w.org\/{rel}","templated":true}]}}