{"id":523772,"date":"2024-02-18T11:05:27","date_gmt":"2024-02-18T14:05:27","guid":{"rendered":"https:\/\/www.suno.com.br\/noticias\/?p=523772"},"modified":"2024-02-18T11:05:31","modified_gmt":"2024-02-18T14:05:31","slug":"renda-media-rendimento-recorde-quarto-trimestre-2023-jvj","status":"publish","type":"post","link":"https:\/\/www.suno.com.br\/noticias\/renda-media-rendimento-recorde-quarto-trimestre-2023-jvj\/","title":{"rendered":"Rendimento m\u00e9dio atinge novo recorde no 4\u00ba trimestre e desemprego cai em quase todo o Brasil; veja os n\u00fameros"},"content":{"rendered":"<p>O <strong>rendimento<\/strong> m\u00e9dio real, habitualmente recebido no trabalho principal, alcan\u00e7ou um recorde de R$ 2.947 no quarto trimestre de 2023. As mulheres trabalhadoras, por\u00e9m, permanecem recebendo um valor menor do que o do sal\u00e1rio m\u00e9dio dos homens. Os dados s\u00e3o da <a class=\"suno-keyword\" data-force=\"no\" data-priority=\"2\" href=\"https:\/\/www.suno.com.br\/artigos\/pnad\/\" target=\"_blank\" rel=\"noopener\">Pesquisa Nacional por Amostra de Domic\u00edlios<\/a> Cont\u00ednua (Pnad Cont\u00ednua), apurada desde 2012 pelo Instituto Brasileiro de Geografia e Estat\u00edstica (IBGE).<\/p>\t<div class=\"wrapper-featured-image\">\n\t\t<figure class=\"spotlightImg\">\n\n\t\t\t<picture>\n\t\t\t\t<source media=\"(max-width: 768px)\" srcset=\"https:\/\/files.sunoresearch.com.br\/n\/uploads\/2023\/02\/alexander-grey-8a5eJ1-mmQ-unsplash-400x200.jpg\">\n\t\t\t\t<img loading=\"lazy\" decoding=\"async\" class=\"newsContent__article__imgCapa lazyloadDisabled \" src=\"https:\/\/files.sunoresearch.com.br\/n\/uploads\/2023\/02\/alexander-grey-8a5eJ1-mmQ-unsplash-800x450.jpg\" width=\"800\" height=\"450\" alt=\"Rendimento m\u00e9dio atinge novo recorde no 4\u00ba trimestre e desemprego cai em quase todo o Brasil; veja os n\u00fameros\" fetchpriority=high \/>\n\t\t\t<\/picture>\n\n\t\t\t<figcaption class=\"wp-caption-text wp-caption-text--show\">KNCR11 lan\u00e7a 12\u00aa emiss\u00e3o de cotas com potencial bilion\u00e1rio de capta\u00e7\u00e3o. Foto: Unsplash<\/figcaption>\n\t\t<\/figure>\n\t<\/div>\n\n\n\n\n\n\t<p>\n\t\t<a href=\"https:\/\/lp.suno.com.br\/ebook-como-analisar-uma-acao\/\" target=\"_blank\" data-element=\"shortcode-suno-banner\" title=\"Banner SUNO, clique e saiba mais\">\n\t\t\t<picture>\n\t\t\t\t<source media=\"(max-width: 500px)\" srcset=\"https:\/\/files.sunoresearch.com.br\/n\/uploads\/2023\/12\/Ebook-Acoes-Mobile.jpg\">\n\t\t\t\t<img class=\"newsContent__article__imgCapa newsContent__article__imgCapa--banner\"\n\t\t\t\t\tsrc=\"https:\/\/files.sunoresearch.com.br\/n\/uploads\/2023\/12\/Ebook-Acoes-Desktop.webp\"\n\t\t\t\t\tdata-promo-id=\"311260\"\t\t\t\t\t\t\t\t\t\twidth='1420' height='286'\t\t\t\t\talt=\"https:\/\/files.sunoresearch.com.br\/n\/uploads\/2023\/12\/Ebook-Acoes-Desktop.webp\"\n\t\t\t\t>\n\t\t\t<\/picture>\n\t\t<\/a>\n\t<\/p>\n\n\n\n\n\n<p>Considerando apenas a renda habitual obtida do trabalho principal (e n\u00e3o de todos os trabalhos), o <strong>rendimento m\u00e9dio<\/strong> alcan\u00e7ou patamar recorde no quarto trimestre de 2023 tanto para os homens, R$ 3.233, quanto para as mulheres, R$ 2.562.<\/p>\n\n\n\n<p>Ou seja, o homem recebe cerca de 25% a mais que a mulher em seu emprego principal.<\/p>\n\n\n\t<div data-element=\"shortcode-read-more\" class=\"knowMore\">\n\t\t\t\t<span class=\"knowMore__title\">Leia mais<\/span>\n\t\t\t\t<a class=\"knowMore__link\" href=\"https:\/\/www.suno.com.br\/noticias\/lojas-renner-lren3-anuncia-remuneracao-juros-debentures-jvj\/\">\n\t\t\tLojas Renner (LREN3) anuncia novo pagamento de remunera\u00e7\u00e3o de deb\u00eantures; veja o valor\t\t<\/a>\n\t<\/div>\n\n\n\n\n<p>&#8220;Embora ambos atinjam valores m\u00e1ximos (da s\u00e9rie hist\u00f3rica), a diferen\u00e7a \u00e9 de 25%&#8221;, frisou Adriana Beringuy, coordenadora de Trabalho e Rendimento do IBGE.<\/p>\n\n\n\n<h2 class=\"wp-block-heading\">Desemprego cai em quase todo o Brasil<\/h2>\n\n\n\n<p>O <a class=\"suno-keyword\" data-force=\"no\" data-priority=\"2\" href=\"https:\/\/www.suno.com.br\/artigos\/mercado-de-trabalho\/\" target=\"_blank\" rel=\"noopener\">mercado de trabalho<\/a> mostrou melhora generalizada no Pa\u00eds no ano passado. A taxa de desemprego m\u00e9dia recuou em 26 das 27 unidades da Federa\u00e7\u00e3o do Pa\u00eds na passagem de 2022 para 2023. Os dados s\u00e3o da Pesquisa Nacional por Amostra de Domic\u00edlios Cont\u00ednua (Pnad Cont\u00ednua) divulgados nesta sexta, 16, pelo Instituto Brasileiro de Geografia e Estat\u00edstica (IBGE).<\/p>\n\n\n\n<p>O \u00fanico aumento na <strong>taxa de desocupa\u00e7\u00e3o<\/strong> ocorreu em Roraima, alta de 1,7 ponto porcentual, de 4,9% em 2022 para 6,6% em 2023. Em oito Estados, a taxa de desocupa\u00e7\u00e3o desceu \u00e0s m\u00ednimas hist\u00f3ricas: Rio Grande do Norte (10,7%), Alagoas (9,2%), Acre (7,5%), Tocantins (5,8%), Minas Gerais (5,8%), Esp\u00edrito Santo (5,7%), Mato Grosso (3,3%) e Rond\u00f4nia (3,2%).<\/p>\n\n\n\n<p>Na m\u00e9dia nacional, a taxa anual de desocupa\u00e7\u00e3o brasileira desceu de 9,6% em 2022 para 7,8% em 2023, uma queda de 1,8 ponto porcentual. As principais redu\u00e7\u00f5es no per\u00edodo foram registradas pelo Acre (-4,9 ponto porcentual), Maranh\u00e3o (-3,5), Rio de Janeiro (-3,2) e Amazonas (-3,2). Na m\u00e9dia anual, as maiores taxas de desocupa\u00e7\u00e3o do Pa\u00eds foram as de Pernambuco (13,4%), Bahia (13,2%) e Amap\u00e1 (11,3%), enquanto as mais baixas ocorreram em Rond\u00f4nia (3,2%), Mato Grosso (3,3%) e Santa Catarina (3,4%).<\/p>\n\n\n\n<h2 class=\"wp-block-heading\">Desacelera\u00e7\u00e3o<\/h2>\n\n\n\n<p>Na passagem do terceiro para o quarto trimestre de 2023, diversos Estados apresentaram tend\u00eancia de queda, mas a <strong>taxa de desemprego<\/strong> recuou de forma estatisticamente significativa &#8211; superando o intervalo da margem de erro &#8211; em apenas duas unidades da federa\u00e7\u00e3o, disse Adriana Beringuy, coordenadora de Trabalho e Rendimento do IBGE.<\/p>\n\n\n\n<p>Na m\u00e9dia nacional, a taxa de desemprego caiu de 7,7% no terceiro trimestre de 2023 para 7,4% no quarto trimestre. No Rio, a taxa desceu de 10,9% para 10%, e no Rio Grande do Norte, de 10,1% para 8,3%. Segundo Adriana, o Rio registrou um crescimento acentuado da popula\u00e7\u00e3o ocupada no per\u00edodo, especialmente nas atividades industriais e de outros servi\u00e7os. No Rio Grande do Norte, o recuo da taxa foi influenciado pela redu\u00e7\u00e3o do n\u00famero de pessoas procurando <strong>emprego<\/strong>.<\/p>\n\n\n\n<p>Em S\u00e3o Paulo, a taxa de desemprego diminuiu de 7,1% para 6,9% no per\u00edodo, oscila\u00e7\u00e3o dentro da margem de erro da pesquisa. Na dire\u00e7\u00e3o oposta, houve aumento significativo em Rond\u00f4nia, de 2,3% para 3,8%, e em Mato Grosso, de 2,4% para 3,9%.<\/p>\n\n\n\n<p>Em Rond\u00f4nia, houve demiss\u00f5es na agricultura e no com\u00e9rcio, enquanto que, em Mato Grosso, foi registrada uma expans\u00e3o no n\u00famero de pessoas procurando trabalho.<\/p>\n\n\n\n<p>No quarto trimestre de 2024, as maiores taxas de desocupa\u00e7\u00e3o foram as de Amap\u00e1 (14,2%), Bahia (12,7%) e Pernambuco (11,9%). Os menores resultados foram registrados em Santa Catarina (3,2%), Rond\u00f4nia (3,8%) e Mato Grosso (3,9%).<\/p>\n\n\n\n<h2 class=\"wp-block-heading\">Mulheres<\/h2>\n\n\n\n<p>O desemprego entre as mulheres permaneceu consideravelmente mais elevado do que entre os homens. A taxa de desemprego foi de 6% para os homens no quarto trimestre de 2023, ante um resultado de 9,2% para as mulheres.<\/p>\n\n\n\n<p>Havia desigualdade de g\u00eanero tamb\u00e9m entre quem estava trabalhando. O <strong>rendimento m\u00e9dio real<\/strong>, habitualmente recebido no trabalho principal, alcan\u00e7ou um recorde de R$ 2.947 no quarto trimestre de 2023. As mulheres trabalhadoras, por\u00e9m, recebiam apenas 80% do sal\u00e1rio m\u00e9dio dos homens.<\/p>\n\n\n\n<p>Considerando apenas a renda habitual obtida do trabalho principal (e n\u00e3o de todos os trabalhos), o rendimento m\u00e9dio alcan\u00e7ou patamar recorde no quarto trimestre de 2023 tanto para os homens, R$ 3.233, quanto para as mulheres, R$ 2.562. Ou seja, o homem recebe cerca de 25% a mais do que a mulher em seu emprego principal.<\/p>\n\n\n\n<p>&#8220;Embora ambos atinjam valores m\u00e1ximos (da s\u00e9rie hist\u00f3rica), a diferen\u00e7a \u00e9 de 25%&#8221;, disse Adriana.<\/p>\n\n\n\n<p>Quanto \u00e0 <strong>desigualdade<\/strong> racial, a taxa de desemprego ficou abaixo da m\u00e9dia nacional para os brancos, 5,9%, muito aqu\u00e9m do resultado de pretos (8,9%) e pardos (8,5%). Por n\u00edvel de escolariza\u00e7\u00e3o, a taxa de desocupa\u00e7\u00e3o para as pessoas com ensino m\u00e9dio incompleto foi de 13,0%, mais que o triplo do resultado para as pessoas com n\u00edvel superior completo, de 3,6%.<\/p>\n\n\n\n<p>No quarto trimestre de 2023, o Pa\u00eds tinha 1,806 milh\u00e3o de pessoas em situa\u00e7\u00e3o de desemprego de <a class=\"suno-keyword\" target=\"_blank\" data-force=\"no\" data-priority=\"1\" href=\"https:\/\/www.suno.com.br\/artigos\/longo-prazo\/\" rel=\"noopener\">longo prazo<\/a>, que buscavam um trabalho havia pelo menos dois anos. Outras 911 mil pessoas procuravam emprego havia pelo menos um ano, por\u00e9m menos de dois anos; 3,760 milh\u00f5es de brasileiros buscavam trabalho havia mais de um m\u00eas, mas menos de um ano; e 1,606 milh\u00e3o tentavam uma vaga havia menos de um m\u00eas.<\/p>\n\n\n\n<h2 class=\"wp-block-heading\">Participa\u00e7\u00e3o<\/h2>\n\n\n\n<p>A participa\u00e7\u00e3o dos idosos no <a class=\"suno-keyword\" target=\"_blank\" data-force=\"no\" data-priority=\"2\" href=\"https:\/\/www.suno.com.br\/artigos\/mercado-de-trabalho\/\" rel=\"noopener\">mercado de trabalho<\/a> voltou a alcan\u00e7ar o patamar pr\u00e9-pandemia, enquanto a dos jovens permanecia aqu\u00e9m do pr\u00e9-crise sanit\u00e1ria. Na m\u00e9dia global, a taxa de participa\u00e7\u00e3o &#8211; que mostra a propor\u00e7\u00e3o de pessoas em idade de trabalhar que efetivamente est\u00e3o participando do mercado de trabalho, seja trabalhando seja procurando emprego &#8211; foi de 62,2% no quarto trimestre de 2023, ainda aqu\u00e9m dos 63,6% vistos no quarto trimestre de 2019, antes da covid-19.<\/p>\n\n\n\n<p>Entre os idosos, com 60 anos ou mais, a taxa de participa\u00e7\u00e3o no quarto trimestre de 2023 foi de 24,0%, mesmo patamar registrado no quarto trimestre de 2019. Na faixa et\u00e1ria de 40 a 59 anos, a taxa de participa\u00e7\u00e3o ficou em 74,6% no quarto trimestre de 2023, acima dos 74,5% vistos no quarto trimestre de 2019.<\/p>\n\n\n\n<p>(Com informa\u00e7\u00f5es do jornal O Estado de S. Paulo e Estad\u00e3o Conte\u00fado)<\/p>\n\n\n\t<p>\n\t\t<a href=\"https:\/\/lp2.suno.com.br\/cl\/black-friday-2025\/?utm_campaign=_SNCDF0E4858_\" target=\"_blank\" data-element=\"shortcode-suno-banner\" title=\"Banner SUNO, clique e saiba mais\">\n\t\t\t<picture>\n\t\t\t\t<source media=\"(max-width: 500px)\" srcset=\"https:\/\/files.sunoresearch.com.br\/n\/uploads\/2025\/10\/Artigos-e-Noticias-Banner-Home-artigos-01-Mobile_-400x300-1-png.webp\">\n\t\t\t\t<img class=\"newsContent__article__imgCapa newsContent__article__imgCapa--banner\"\n\t\t\t\t\tsrc=\"https:\/\/files.sunoresearch.com.br\/n\/uploads\/2025\/10\/Artigos-e-Noticias-Banner-Home-artigos-01-Desktop_-1420x240-1-png.webp\"\n\t\t\t\t\tdata-promo-id=\"311259\"\t\t\t\t\t\t\t\t\t\twidth='1420' height='240'\t\t\t\t\talt=\"https:\/\/files.sunoresearch.com.br\/n\/uploads\/2025\/10\/Artigos-e-Noticias-Banner-Home-artigos-01-Desktop_-1420x240-1-png.webp\"\n\t\t\t\t>\n\t\t\t<\/picture>\n\t\t<\/a>\n\t<\/p>\n\n\n","protected":false},"excerpt":{"rendered":"<p>O rendimento m\u00e9dio real, habitualmente recebido no trabalho principal, alcan\u00e7ou um recorde de R$ 2.947 no quarto trimestre de 2023. As mulheres trabalhadoras, por\u00e9m, permanecem recebendo um valor menor do que o do sal\u00e1rio m\u00e9dio dos homens. Os dados s\u00e3o da Pesquisa Nacional por Amostra de Domic\u00edlios Cont\u00ednua (Pnad Cont\u00ednua), apurada desde 2012 pelo Instituto [&hellip;]<\/p>\n","protected":false},"author":173,"featured_media":369243,"comment_status":"closed","ping_status":"closed","sticky":false,"template":"","format":"standard","meta":[],"categories":[64],"tags":[1296,94616],"suno_strategy":[],"class_list":["post-523772","post","type-post","status-publish","format-standard","has-post-thumbnail","hentry","category-negocios","tag-desemprego","tag-renda-brasil"],"yoast_head":"<!-- This site is optimized with the Yoast SEO plugin v24.4 - https:\/\/yoast.com\/wordpress\/plugins\/seo\/ -->\n<title>Rendimento m\u00e9dio atinge novo recorde no 4\u00ba trimestre; veja quanto<\/title>\n<meta name=\"description\" content=\"O rendimento m\u00e9dio alcan\u00e7ou um novo recorde no 4\u00ba trimestre de 2023. Veja os novos n\u00fameros divulgados pelo IBGE.\" \/>\n<meta name=\"robots\" content=\"index, follow, max-snippet:-1, max-image-preview:large, max-video-preview:-1\" \/>\n<link rel=\"canonical\" href=\"https:\/\/www.suno.com.br\/noticias\/renda-media-rendimento-recorde-quarto-trimestre-2023-jvj\/\" \/>\n<meta property=\"og:locale\" content=\"pt_BR\" \/>\n<meta property=\"og:type\" content=\"article\" \/>\n<meta property=\"og:title\" content=\"Rendimento m\u00e9dio atinge novo recorde no 4\u00ba trimestre; veja quanto\" \/>\n<meta property=\"og:description\" content=\"O rendimento m\u00e9dio alcan\u00e7ou um novo recorde no 4\u00ba trimestre de 2023. Veja os novos n\u00fameros divulgados pelo IBGE.\" \/>\n<meta property=\"og:url\" content=\"https:\/\/www.suno.com.br\/noticias\/renda-media-rendimento-recorde-quarto-trimestre-2023-jvj\/\" \/>\n<meta property=\"og:site_name\" content=\"Suno Not\u00edcias\" \/>\n<meta property=\"article:publisher\" content=\"https:\/\/facebook.com\/sunoresearch\" \/>\n<meta property=\"og:image\" content=\"https:\/\/files.sunoresearch.com.br\/n\/uploads\/2023\/02\/alexander-grey-8a5eJ1-mmQ-unsplash-scaled.jpg\" \/>\n\t<meta property=\"og:image:width\" content=\"2560\" \/>\n\t<meta property=\"og:image:height\" content=\"1707\" \/>\n\t<meta property=\"og:image:type\" content=\"image\/jpeg\" \/>\n<meta name=\"author\" content=\"Jo\u00e3o Vitor\" \/>\n<meta name=\"twitter:card\" content=\"summary_large_image\" \/>\n<meta name=\"twitter:creator\" content=\"@sunoresearch\" \/>\n<meta name=\"twitter:site\" content=\"@sunoresearch\" \/>\n<meta name=\"twitter:label1\" content=\"Escrito por\" \/>\n\t<meta name=\"twitter:data1\" content=\"Jo\u00e3o Vitor\" \/>\n\t<meta name=\"twitter:label2\" content=\"Est. tempo de leitura\" \/>\n\t<meta name=\"twitter:data2\" content=\"6 minutos\" \/>\n<script type=\"application\/ld+json\" class=\"yoast-schema-graph\">{\"@context\":\"https:\/\/schema.org\",\"@graph\":[{\"@type\":\"NewsArticle\",\"@id\":\"https:\/\/www.suno.com.br\/noticias\/renda-media-rendimento-recorde-quarto-trimestre-2023-jvj\/#article\",\"isPartOf\":{\"@id\":\"https:\/\/www.suno.com.br\/noticias\/renda-media-rendimento-recorde-quarto-trimestre-2023-jvj\/\"},\"author\":{\"name\":\"Jo\u00e3o Vitor\",\"@id\":\"https:\/\/www.suno.com.br\/noticias\/#\/schema\/person\/87fc6973867c52dd884811905c43afba\"},\"headline\":\"Rendimento m\u00e9dio atinge novo recorde no 4\u00ba trimestre e desemprego cai em quase todo o Brasil; veja os n\u00fameros\",\"datePublished\":\"2024-02-18T14:05:27+00:00\",\"dateModified\":\"2024-02-18T14:05:31+00:00\",\"mainEntityOfPage\":{\"@id\":\"https:\/\/www.suno.com.br\/noticias\/renda-media-rendimento-recorde-quarto-trimestre-2023-jvj\/\"},\"wordCount\":1039,\"publisher\":{\"@id\":\"https:\/\/www.suno.com.br\/noticias\/#organization\"},\"image\":{\"@id\":\"https:\/\/www.suno.com.br\/noticias\/renda-media-rendimento-recorde-quarto-trimestre-2023-jvj\/#primaryimage\"},\"thumbnailUrl\":\"https:\/\/files.sunoresearch.com.br\/n\/uploads\/2023\/02\/alexander-grey-8a5eJ1-mmQ-unsplash-scaled.jpg\",\"keywords\":[\"Desemprego\",\"Renda Brasil\"],\"articleSection\":[\"Neg\u00f3cios\"],\"inLanguage\":\"pt-BR\"},{\"@type\":\"WebPage\",\"@id\":\"https:\/\/www.suno.com.br\/noticias\/renda-media-rendimento-recorde-quarto-trimestre-2023-jvj\/\",\"url\":\"https:\/\/www.suno.com.br\/noticias\/renda-media-rendimento-recorde-quarto-trimestre-2023-jvj\/\",\"name\":\"Rendimento m\u00e9dio atinge novo recorde no 4\u00ba trimestre; veja quanto\",\"isPartOf\":{\"@id\":\"https:\/\/www.suno.com.br\/noticias\/#website\"},\"primaryImageOfPage\":{\"@id\":\"https:\/\/www.suno.com.br\/noticias\/renda-media-rendimento-recorde-quarto-trimestre-2023-jvj\/#primaryimage\"},\"image\":{\"@id\":\"https:\/\/www.suno.com.br\/noticias\/renda-media-rendimento-recorde-quarto-trimestre-2023-jvj\/#primaryimage\"},\"thumbnailUrl\":\"https:\/\/files.sunoresearch.com.br\/n\/uploads\/2023\/02\/alexander-grey-8a5eJ1-mmQ-unsplash-scaled.jpg\",\"datePublished\":\"2024-02-18T14:05:27+00:00\",\"dateModified\":\"2024-02-18T14:05:31+00:00\",\"description\":\"O rendimento m\u00e9dio alcan\u00e7ou um novo recorde no 4\u00ba trimestre de 2023. Veja os novos n\u00fameros divulgados pelo IBGE.\",\"breadcrumb\":{\"@id\":\"https:\/\/www.suno.com.br\/noticias\/renda-media-rendimento-recorde-quarto-trimestre-2023-jvj\/#breadcrumb\"},\"inLanguage\":\"pt-BR\",\"potentialAction\":[{\"@type\":\"ReadAction\",\"target\":[\"https:\/\/www.suno.com.br\/noticias\/renda-media-rendimento-recorde-quarto-trimestre-2023-jvj\/\"]}]},{\"@type\":\"ImageObject\",\"inLanguage\":\"pt-BR\",\"@id\":\"https:\/\/www.suno.com.br\/noticias\/renda-media-rendimento-recorde-quarto-trimestre-2023-jvj\/#primaryimage\",\"url\":\"https:\/\/files.sunoresearch.com.br\/n\/uploads\/2023\/02\/alexander-grey-8a5eJ1-mmQ-unsplash-scaled.jpg\",\"contentUrl\":\"https:\/\/files.sunoresearch.com.br\/n\/uploads\/2023\/02\/alexander-grey-8a5eJ1-mmQ-unsplash-scaled.jpg\",\"width\":2560,\"height\":1707,\"caption\":\"KNCR11 lan\u00e7a 12\u00aa emiss\u00e3o de cotas com potencial bilion\u00e1rio de capta\u00e7\u00e3o. Foto: Unsplash\"},{\"@type\":\"BreadcrumbList\",\"@id\":\"https:\/\/www.suno.com.br\/noticias\/renda-media-rendimento-recorde-quarto-trimestre-2023-jvj\/#breadcrumb\",\"itemListElement\":[{\"@type\":\"ListItem\",\"position\":1,\"name\":\"Not\u00edcias\",\"item\":\"https:\/\/www.suno.com.br\/noticias\/\"},{\"@type\":\"ListItem\",\"position\":2,\"name\":\"Neg\u00f3cios\",\"item\":\"https:\/\/www.suno.com.br\/noticias\/negocios\/\"},{\"@type\":\"ListItem\",\"position\":3,\"name\":\"Rendimento m\u00e9dio atinge novo recorde no 4\u00ba trimestre e desemprego cai em quase todo o Brasil; veja os n\u00fameros\"}]},{\"@type\":\"WebSite\",\"@id\":\"https:\/\/www.suno.com.br\/noticias\/#website\",\"url\":\"https:\/\/www.suno.com.br\/noticias\/\",\"name\":\"Suno Not\u00edcias\",\"description\":\"Seu portal de informa\u00e7\u00e3o sobre o mundo dos investimentos\",\"publisher\":{\"@id\":\"https:\/\/www.suno.com.br\/noticias\/#organization\"},\"potentialAction\":[{\"@type\":\"SearchAction\",\"target\":{\"@type\":\"EntryPoint\",\"urlTemplate\":\"https:\/\/www.suno.com.br\/noticias\/?s={search_term_string}\"},\"query-input\":{\"@type\":\"PropertyValueSpecification\",\"valueRequired\":true,\"valueName\":\"search_term_string\"}}],\"inLanguage\":\"pt-BR\"},{\"@type\":\"Organization\",\"@id\":\"https:\/\/www.suno.com.br\/noticias\/#organization\",\"name\":\"Suno Not\u00edcias\",\"url\":\"https:\/\/www.suno.com.br\/noticias\/\",\"logo\":{\"@type\":\"ImageObject\",\"inLanguage\":\"pt-BR\",\"@id\":\"https:\/\/www.suno.com.br\/noticias\/#\/schema\/logo\/image\/\",\"url\":\"https:\/\/files.sunoresearch.com.br\/n\/uploads\/2021\/09\/suno-logo.png\",\"contentUrl\":\"https:\/\/files.sunoresearch.com.br\/n\/uploads\/2021\/09\/suno-logo.png\",\"width\":180,\"height\":180,\"caption\":\"Suno Not\u00edcias\"},\"image\":{\"@id\":\"https:\/\/www.suno.com.br\/noticias\/#\/schema\/logo\/image\/\"},\"sameAs\":[\"https:\/\/facebook.com\/sunoresearch\",\"https:\/\/x.com\/sunoresearch\",\"https:\/\/www.instagram.com\/suno\",\"https:\/\/www.linkedin.com\/company\/suno-research\/\",\"https:\/\/www.youtube.com\/c\/sunoresearch\"]},{\"@type\":\"Person\",\"@id\":\"https:\/\/www.suno.com.br\/noticias\/#\/schema\/person\/87fc6973867c52dd884811905c43afba\",\"name\":\"Jo\u00e3o Vitor\",\"image\":{\"@type\":\"ImageObject\",\"inLanguage\":\"pt-BR\",\"@id\":\"https:\/\/www.suno.com.br\/noticias\/#\/schema\/person\/image\/\",\"url\":\"https:\/\/secure.gravatar.com\/avatar\/2843227ca03ccf8cc7ccca45204c127e?s=96&r=g\",\"contentUrl\":\"https:\/\/secure.gravatar.com\/avatar\/2843227ca03ccf8cc7ccca45204c127e?s=96&r=g\",\"caption\":\"Jo\u00e3o Vitor\"},\"description\":\"Redator profissional, com atua\u00e7\u00e3o no mercado editorial na produ\u00e7\u00e3o de not\u00edcias e conte\u00fados sobre o mercado de a\u00e7\u00f5es, fundos imobili\u00e1rios e economia popular. Graduando em Engenharia Qu\u00edmica pela Unesp, tamb\u00e9m j\u00e1 atuou como consultor financeiro.\",\"url\":\"https:\/\/www.suno.com.br\/noticias\/author\/joao-vitor-jacintho\/\"}]}<\/script>\n<!-- \/ Yoast SEO plugin. -->","yoast_head_json":{"title":"Rendimento m\u00e9dio atinge novo recorde no 4\u00ba trimestre; veja quanto","description":"O rendimento m\u00e9dio alcan\u00e7ou um novo recorde no 4\u00ba trimestre de 2023. Veja os novos n\u00fameros divulgados pelo IBGE.","robots":{"index":"index","follow":"follow","max-snippet":"max-snippet:-1","max-image-preview":"max-image-preview:large","max-video-preview":"max-video-preview:-1"},"canonical":"https:\/\/www.suno.com.br\/noticias\/renda-media-rendimento-recorde-quarto-trimestre-2023-jvj\/","og_locale":"pt_BR","og_type":"article","og_title":"Rendimento m\u00e9dio atinge novo recorde no 4\u00ba trimestre; veja quanto","og_description":"O rendimento m\u00e9dio alcan\u00e7ou um novo recorde no 4\u00ba trimestre de 2023. Veja os novos n\u00fameros divulgados pelo IBGE.","og_url":"https:\/\/www.suno.com.br\/noticias\/renda-media-rendimento-recorde-quarto-trimestre-2023-jvj\/","og_site_name":"Suno Not\u00edcias","article_publisher":"https:\/\/facebook.com\/sunoresearch","og_image":[{"width":2560,"height":1707,"url":"https:\/\/files.sunoresearch.com.br\/n\/uploads\/2023\/02\/alexander-grey-8a5eJ1-mmQ-unsplash-scaled.jpg","type":"image\/jpeg"}],"author":"Jo\u00e3o Vitor","twitter_card":"summary_large_image","twitter_creator":"@sunoresearch","twitter_site":"@sunoresearch","twitter_misc":{"Escrito por":"Jo\u00e3o Vitor","Est. tempo de leitura":"6 minutos"},"schema":{"@context":"https:\/\/schema.org","@graph":[{"@type":"NewsArticle","@id":"https:\/\/www.suno.com.br\/noticias\/renda-media-rendimento-recorde-quarto-trimestre-2023-jvj\/#article","isPartOf":{"@id":"https:\/\/www.suno.com.br\/noticias\/renda-media-rendimento-recorde-quarto-trimestre-2023-jvj\/"},"author":{"name":"Jo\u00e3o Vitor","@id":"https:\/\/www.suno.com.br\/noticias\/#\/schema\/person\/87fc6973867c52dd884811905c43afba"},"headline":"Rendimento m\u00e9dio atinge novo recorde no 4\u00ba trimestre e desemprego cai em quase todo o Brasil; veja os n\u00fameros","datePublished":"2024-02-18T14:05:27+00:00","dateModified":"2024-02-18T14:05:31+00:00","mainEntityOfPage":{"@id":"https:\/\/www.suno.com.br\/noticias\/renda-media-rendimento-recorde-quarto-trimestre-2023-jvj\/"},"wordCount":1039,"publisher":{"@id":"https:\/\/www.suno.com.br\/noticias\/#organization"},"image":{"@id":"https:\/\/www.suno.com.br\/noticias\/renda-media-rendimento-recorde-quarto-trimestre-2023-jvj\/#primaryimage"},"thumbnailUrl":"https:\/\/files.sunoresearch.com.br\/n\/uploads\/2023\/02\/alexander-grey-8a5eJ1-mmQ-unsplash-scaled.jpg","keywords":["Desemprego","Renda Brasil"],"articleSection":["Neg\u00f3cios"],"inLanguage":"pt-BR"},{"@type":"WebPage","@id":"https:\/\/www.suno.com.br\/noticias\/renda-media-rendimento-recorde-quarto-trimestre-2023-jvj\/","url":"https:\/\/www.suno.com.br\/noticias\/renda-media-rendimento-recorde-quarto-trimestre-2023-jvj\/","name":"Rendimento m\u00e9dio atinge novo recorde no 4\u00ba trimestre; veja quanto","isPartOf":{"@id":"https:\/\/www.suno.com.br\/noticias\/#website"},"primaryImageOfPage":{"@id":"https:\/\/www.suno.com.br\/noticias\/renda-media-rendimento-recorde-quarto-trimestre-2023-jvj\/#primaryimage"},"image":{"@id":"https:\/\/www.suno.com.br\/noticias\/renda-media-rendimento-recorde-quarto-trimestre-2023-jvj\/#primaryimage"},"thumbnailUrl":"https:\/\/files.sunoresearch.com.br\/n\/uploads\/2023\/02\/alexander-grey-8a5eJ1-mmQ-unsplash-scaled.jpg","datePublished":"2024-02-18T14:05:27+00:00","dateModified":"2024-02-18T14:05:31+00:00","description":"O rendimento m\u00e9dio alcan\u00e7ou um novo recorde no 4\u00ba trimestre de 2023. Veja os novos n\u00fameros divulgados pelo IBGE.","breadcrumb":{"@id":"https:\/\/www.suno.com.br\/noticias\/renda-media-rendimento-recorde-quarto-trimestre-2023-jvj\/#breadcrumb"},"inLanguage":"pt-BR","potentialAction":[{"@type":"ReadAction","target":["https:\/\/www.suno.com.br\/noticias\/renda-media-rendimento-recorde-quarto-trimestre-2023-jvj\/"]}]},{"@type":"ImageObject","inLanguage":"pt-BR","@id":"https:\/\/www.suno.com.br\/noticias\/renda-media-rendimento-recorde-quarto-trimestre-2023-jvj\/#primaryimage","url":"https:\/\/files.sunoresearch.com.br\/n\/uploads\/2023\/02\/alexander-grey-8a5eJ1-mmQ-unsplash-scaled.jpg","contentUrl":"https:\/\/files.sunoresearch.com.br\/n\/uploads\/2023\/02\/alexander-grey-8a5eJ1-mmQ-unsplash-scaled.jpg","width":2560,"height":1707,"caption":"KNCR11 lan\u00e7a 12\u00aa emiss\u00e3o de cotas com potencial bilion\u00e1rio de capta\u00e7\u00e3o. Foto: Unsplash"},{"@type":"BreadcrumbList","@id":"https:\/\/www.suno.com.br\/noticias\/renda-media-rendimento-recorde-quarto-trimestre-2023-jvj\/#breadcrumb","itemListElement":[{"@type":"ListItem","position":1,"name":"Not\u00edcias","item":"https:\/\/www.suno.com.br\/noticias\/"},{"@type":"ListItem","position":2,"name":"Neg\u00f3cios","item":"https:\/\/www.suno.com.br\/noticias\/negocios\/"},{"@type":"ListItem","position":3,"name":"Rendimento m\u00e9dio atinge novo recorde no 4\u00ba trimestre e desemprego cai em quase todo o Brasil; veja os n\u00fameros"}]},{"@type":"WebSite","@id":"https:\/\/www.suno.com.br\/noticias\/#website","url":"https:\/\/www.suno.com.br\/noticias\/","name":"Suno Not\u00edcias","description":"Seu portal de informa\u00e7\u00e3o sobre o mundo dos investimentos","publisher":{"@id":"https:\/\/www.suno.com.br\/noticias\/#organization"},"potentialAction":[{"@type":"SearchAction","target":{"@type":"EntryPoint","urlTemplate":"https:\/\/www.suno.com.br\/noticias\/?s={search_term_string}"},"query-input":{"@type":"PropertyValueSpecification","valueRequired":true,"valueName":"search_term_string"}}],"inLanguage":"pt-BR"},{"@type":"Organization","@id":"https:\/\/www.suno.com.br\/noticias\/#organization","name":"Suno Not\u00edcias","url":"https:\/\/www.suno.com.br\/noticias\/","logo":{"@type":"ImageObject","inLanguage":"pt-BR","@id":"https:\/\/www.suno.com.br\/noticias\/#\/schema\/logo\/image\/","url":"https:\/\/files.sunoresearch.com.br\/n\/uploads\/2021\/09\/suno-logo.png","contentUrl":"https:\/\/files.sunoresearch.com.br\/n\/uploads\/2021\/09\/suno-logo.png","width":180,"height":180,"caption":"Suno Not\u00edcias"},"image":{"@id":"https:\/\/www.suno.com.br\/noticias\/#\/schema\/logo\/image\/"},"sameAs":["https:\/\/facebook.com\/sunoresearch","https:\/\/x.com\/sunoresearch","https:\/\/www.instagram.com\/suno","https:\/\/www.linkedin.com\/company\/suno-research\/","https:\/\/www.youtube.com\/c\/sunoresearch"]},{"@type":"Person","@id":"https:\/\/www.suno.com.br\/noticias\/#\/schema\/person\/87fc6973867c52dd884811905c43afba","name":"Jo\u00e3o Vitor","image":{"@type":"ImageObject","inLanguage":"pt-BR","@id":"https:\/\/www.suno.com.br\/noticias\/#\/schema\/person\/image\/","url":"https:\/\/secure.gravatar.com\/avatar\/2843227ca03ccf8cc7ccca45204c127e?s=96&r=g","contentUrl":"https:\/\/secure.gravatar.com\/avatar\/2843227ca03ccf8cc7ccca45204c127e?s=96&r=g","caption":"Jo\u00e3o Vitor"},"description":"Redator profissional, com atua\u00e7\u00e3o no mercado editorial na produ\u00e7\u00e3o de not\u00edcias e conte\u00fados sobre o mercado de a\u00e7\u00f5es, fundos imobili\u00e1rios e economia popular. Graduando em Engenharia Qu\u00edmica pela Unesp, tamb\u00e9m j\u00e1 atuou como consultor financeiro.","url":"https:\/\/www.suno.com.br\/noticias\/author\/joao-vitor-jacintho\/"}]}},"default_loop_html":"<div class=\"cardsPage__listCard__boxs\"><div class=\"cardsPage__listCard__boxs__img\"><a href=\"https:\/\/www.suno.com.br\/noticias\/renda-media-rendimento-recorde-quarto-trimestre-2023-jvj\/\"><img class=\"mask\" src=\"https:\/\/www.suno.com.br\/noticias\/wp-content\/themes\/suno\/resources\/images\/spotlight\/spotlight1img\/bg-mask.png\" alt=\"Image Mask\"\/><img src=\"https:\/\/files.sunoresearch.com.br\/n\/uploads\/2023\/02\/alexander-grey-8a5eJ1-mmQ-unsplash-400x200.jpg\" alt=\"Rendimento m\u00e9dio atinge novo recorde no 4\u00ba trimestre e desemprego cai em quase todo o Brasil; veja os n\u00fameros\"\/><\/a><span class=\"spotlightCategory\"><a href=\"https:\/\/www.suno.com.br\/noticias\/negocios\/\">Neg\u00f3cios<\/a><\/span><\/div><div class=\"cardsPage__listCard__boxs__content\"><a href=\"https:\/\/www.suno.com.br\/noticias\/renda-media-rendimento-recorde-quarto-trimestre-2023-jvj\/\"><h2 class=\"content__title\">Rendimento m\u00e9dio atinge novo recorde no 4\u00ba trimestre e desemprego cai em quase todo o Brasil; veja os n\u00fameros<\/h2><\/a><div class=\"newsContent__article__meta\"><div class=\"newsContent__article__meta__authorBox\"><a href=\"https:\/\/www.suno.com.br\/noticias\/author\/joao-vitor-jacintho\/\" class=\"authorBox__avatar noMobi\"><img src=\"https:\/\/secure.gravatar.com\/avatar\/2843227ca03ccf8cc7ccca45204c127e?s=96&#038;r=g\" alt=\"Jo\u00e3o Vitor Jacintho\"><\/a><div class=\"authorBox__name\"><span>por\n\t\t\t<a href=\"https:\/\/www.suno.com.br\/noticias\/author\/joao-vitor-jacintho\/\"><span itemprop=\"author\">Jo\u00e3o Vitor Jacintho<\/span><\/a><\/span><time datetime=\"2024-02-18T11:05:27-03:00\" itemprop=\"datePublished\">18\/02\/2024 11:05<\/time><\/div><\/div><\/div><\/div><\/div>","single_layout":"posts","amp_enabled":true,"_links":{"self":[{"href":"https:\/\/www.suno.com.br\/noticias\/wp-json\/wp\/v2\/posts\/523772"}],"collection":[{"href":"https:\/\/www.suno.com.br\/noticias\/wp-json\/wp\/v2\/posts"}],"about":[{"href":"https:\/\/www.suno.com.br\/noticias\/wp-json\/wp\/v2\/types\/post"}],"author":[{"embeddable":true,"href":"https:\/\/www.suno.com.br\/noticias\/wp-json\/wp\/v2\/users\/173"}],"replies":[{"embeddable":true,"href":"https:\/\/www.suno.com.br\/noticias\/wp-json\/wp\/v2\/comments?post=523772"}],"version-history":[{"count":3,"href":"https:\/\/www.suno.com.br\/noticias\/wp-json\/wp\/v2\/posts\/523772\/revisions"}],"predecessor-version":[{"id":524050,"href":"https:\/\/www.suno.com.br\/noticias\/wp-json\/wp\/v2\/posts\/523772\/revisions\/524050"}],"wp:featuredmedia":[{"embeddable":true,"href":"https:\/\/www.suno.com.br\/noticias\/wp-json\/wp\/v2\/media\/369243"}],"wp:attachment":[{"href":"https:\/\/www.suno.com.br\/noticias\/wp-json\/wp\/v2\/media?parent=523772"}],"wp:term":[{"taxonomy":"category","embeddable":true,"href":"https:\/\/www.suno.com.br\/noticias\/wp-json\/wp\/v2\/categories?post=523772"},{"taxonomy":"post_tag","embeddable":true,"href":"https:\/\/www.suno.com.br\/noticias\/wp-json\/wp\/v2\/tags?post=523772"},{"taxonomy":"suno_strategy","embeddable":true,"href":"https:\/\/www.suno.com.br\/noticias\/wp-json\/wp\/v2\/suno_strategy?post=523772"}],"curies":[{"name":"wp","href":"https:\/\/api.w.org\/{rel}","templated":true}]}}