{"id":523584,"date":"2024-02-16T17:17:52","date_gmt":"2024-02-16T20:17:52","guid":{"rendered":"https:\/\/www.suno.com.br\/noticias\/?p=523584"},"modified":"2024-02-16T17:17:59","modified_gmt":"2024-02-16T20:17:59","slug":"news-agenda-balancos-vale-vale3-b3sa3-wege3-4t23-cpf","status":"publish","type":"post","link":"https:\/\/www.suno.com.br\/noticias\/news-agenda-balancos-vale-vale3-b3sa3-wege3-4t23-cpf\/","title":{"rendered":"Vale (VALE3), B3 (B3SA3) e Weg (WEGE3) divulgam resultados do 4T23 nesta semana; veja lista completa"},"content":{"rendered":"<p>Os investidores de Vale (VALE3), B3 (B3SA3), Weg (WEGE3) e outras empresas listadas na bolsa de valores poder\u00e3o conferir o desmepnho das companhia nesta semana, durante a <strong>temporada de balan\u00e7o<\/strong>s do quarto trimestre de 2023 (4T23). Um total de 9 empresas agendou para a semana a sua divulga\u00e7\u00e3o de <a class=\"suno-keyword\" data-force=\"no\" data-priority=\"1\" href=\"https:\/\/www.suno.com.br\/artigos\/resultados-trimestrais\/\" target=\"_blank\" rel=\"noopener\">resultados trimestrais<\/a>.<\/p>\t<div class=\"wrapper-featured-image\">\n\t\t<figure class=\"spotlightImg\">\n\n\t\t\t<picture>\n\t\t\t\t<source media=\"(max-width: 768px)\" srcset=\"https:\/\/files.sunoresearch.com.br\/n\/uploads\/2023\/12\/acoes-empresas-2024-calendario-400x200.jpg\">\n\t\t\t\t<img loading=\"lazy\" decoding=\"async\" class=\"newsContent__article__imgCapa lazyloadDisabled \" src=\"https:\/\/files.sunoresearch.com.br\/n\/uploads\/2023\/12\/acoes-empresas-2024-calendario-800x450.jpg\" width=\"800\" height=\"450\" alt=\"Vale (VALE3), B3 (B3SA3) e Weg (WEGE3) divulgam resultados do 4T23 nesta semana; veja lista completa\" fetchpriority=high \/>\n\t\t\t<\/picture>\n\n\t\t\t<figcaption class=\"wp-caption-text wp-caption-text--show\">Calend\u00e1rio de 2024 - Foto: iStock<\/figcaption>\n\t\t<\/figure>\n\t<\/div>\n\n\n\n\n\n\t<p>\n\t\t<a href=\"\" target=\"_blank\" data-element=\"shortcode-suno-banner\" title=\"Banner SUNO, clique e saiba mais\">\n\t\t\t<picture>\n\t\t\t\t<source media=\"(max-width: 500px)\" srcset=\"\">\n\t\t\t\t<img class=\"newsContent__article__imgCapa newsContent__article__imgCapa--banner\"\n\t\t\t\t\tsrc=\"\"\n\t\t\t\t\tdata-promo-id=\"138420\"\t\t\t\t\t\t\t\t\t\t\t\t\t\t\talt=\"\"\n\t\t\t\t>\n\t\t\t<\/picture>\n\t\t<\/a>\n\t<\/p>\n\n\n\n\n\n<p>Entre os n\u00fameros aguardados est\u00e3o os resultados trimestrais da<strong> <a class=\"suno-keyword\" data-force=\"yes\" data-priority=\"2\" href=\"https:\/\/www.suno.com.br\/acoes\/VALE3\/\" target=\"_blank\" rel=\"noopener\">Vale (VALE3)<\/a><\/strong> e da <a class=\"suno-keyword\" data-force=\"yes\" data-priority=\"2\" href=\"https:\/\/www.suno.com.br\/acoes\/WEGE3\/\" target=\"_blank\" rel=\"noopener\">Weg (WEGE3)<\/a>.<\/p>\n\n\n\n<p>O <strong>lucro da Vale <\/strong>ser\u00e1 publicado na pr\u00f3xima quinta-feira (22), enquanto o <strong>resultado da Weg<\/strong> \u00e9 publicado um dia antes, na quarta-feira (21).<\/p>\n\n\n\n<h2 class=\"wp-block-heading\">Agenda de resultados da semana, com VALE3, WEGE3 e mais<\/h2>\n\n\n\n<p><strong>Segunda-feira (19\/2)<\/strong>:<\/p>\n\n\n\n<ul class=\"wp-block-list\">\n<li>Carrefour Brasil (CRFB3)<\/li>\n<\/ul>\n\n\n\n<p><strong>Ter\u00e7a-feira (20\/2)<\/strong>:<\/p>\n\n\n\n<ul class=\"wp-block-list\">\n<li>Gerdau (GGBR4)<\/li>\n\n\n\n<li>Gerdau Metal\u00fargica (GOAU4)<\/li>\n\n\n\n<li>Cteep (TRPL4)<\/li>\n<\/ul>\n\n\n\n<p><strong>Quarta-feira (21\/2)<\/strong>:<\/p>\n\n\n\n<ul class=\"wp-block-list\">\n<li>Assa\u00ed (ASAI3)<\/li>\n\n\n\n<li>Weg (WEGE3)<\/li>\n<\/ul>\n\n\n\n<p><strong>Quinta-feira (22\/2)<\/strong>:<\/p>\n\n\n\n<ul class=\"wp-block-list\">\n<li>B3 (B3SA3)<\/li>\n\n\n\n<li>Caixa Seguridade (CXSE3)<\/li>\n\n\n\n<li>Rumo (RAIL3)<\/li>\n\n\n\n<li>Vale (VALE3)<\/li>\n<\/ul>\n\n\n\n<p><strong>Sexta-feira (23\/2)<\/strong>:<\/p>\n\n\n\n<ul class=\"wp-block-list\">\n<li>M.Dias Branco (MDIA3)<\/li>\n<\/ul>\n\n\n\n<p>Para os investidores que desejam acompanhar as coletivas com analistas, os sites de Relacionamento com Investidores de cada empresa divulgam os dados de acesso e hor\u00e1rio dos eventos.<\/p>\n\n\n\t<p>\n\t\t<a href=\"https:\/\/lp.suno.com.br\/planilha-controle-gastos\/\" target=\"_blank\" data-element=\"shortcode-suno-banner\" title=\"Banner SUNO, clique e saiba mais\">\n\t\t\t<picture>\n\t\t\t\t<source media=\"(max-width: 500px)\" srcset=\"https:\/\/files.sunoresearch.com.br\/n\/uploads\/2023\/03\/400x300-Planilha-controle-de-gastos.png\">\n\t\t\t\t<img class=\"newsContent__article__imgCapa newsContent__article__imgCapa--banner\"\n\t\t\t\t\tsrc=\"https:\/\/files.sunoresearch.com.br\/n\/uploads\/2023\/03\/1420x240-Planilha-controle-de-gastos.png\"\n\t\t\t\t\tdata-promo-id=\"101751\"\t\t\t\t\t\t\t\t\t\twidth='1420' height='240'\t\t\t\t\talt=\"https:\/\/files.sunoresearch.com.br\/n\/uploads\/2023\/03\/1420x240-Planilha-controle-de-gastos.png\"\n\t\t\t\t>\n\t\t\t<\/picture>\n\t\t<\/a>\n\t<\/p>\n\n\n\n\n\n<h2 class=\"wp-block-heading\">Veja o hist\u00f3rico das empresas que v\u00e3o divulgar seus balan\u00e7os<\/h2>\n\n\n\n<p>Antes de acompanhar os n\u00fameros que ser\u00e3o divulgados nesta semana, veja como foi o desempenho das companhias no \u00faltimo trimestre e no mesmo per\u00edodo do ano passado.<\/p>\n\n\n\n<h3 class=\"wp-block-heading\">Segunda-feira, 19\/02<\/h3>\n\n\n\n<p><strong>Carrefour Brasil (CRFB3):<\/strong> <a class=\"suno-keyword\" target=\"_blank\" data-force=\"no\" data-priority=\"1\" href=\"https:\/\/www.suno.com.br\/artigos\/lucro-liquido\/\" rel=\"noopener\">Lucro l\u00edquido<\/a> de R$ 426,00 milh\u00f5es no 4T22 e lucro de R$ 370,00 milh\u00f5es no 1\u00ba trimestre de 2022.<\/p>\n\n\n\n<h3 class=\"wp-block-heading\">Ter\u00e7a-feira, 20\/02<\/h3>\n\n\n\n<p><strong>Gerdau (GGBR4):<\/strong> <a class=\"suno-keyword\" target=\"_blank\" data-force=\"no\" data-priority=\"1\" href=\"https:\/\/www.suno.com.br\/artigos\/lucro-liquido\/\" rel=\"noopener\">Lucro l\u00edquido<\/a> de R$ 1,21 bilh\u00f5es no 4T22 e lucro de R$ 2,92 bilh\u00f5es no 1\u00ba trimestre de 2022.<\/p>\n\n\n\n<p><strong>Gerdau Metal\u00fargica (GOAU4):<\/strong> <a class=\"suno-keyword\" target=\"_blank\" data-force=\"no\" data-priority=\"1\" href=\"https:\/\/www.suno.com.br\/artigos\/lucro-liquido\/\" rel=\"noopener\">Lucro l\u00edquido<\/a> de R$ 393,90 milh\u00f5es no 4T22 e lucro de R$ 967,36 milh\u00f5es no 1\u00ba trimestre de 2022.<\/p>\n\n\n\n<p><strong>Cteep (TRPL4):<\/strong> <a class=\"suno-keyword\" target=\"_blank\" data-force=\"no\" data-priority=\"1\" href=\"https:\/\/www.suno.com.br\/artigos\/lucro-liquido\/\" rel=\"noopener\">Lucro l\u00edquido<\/a> de R$ 542,53 milh\u00f5es no 4T22 e lucro de R$ 543,07 milh\u00f5es no 1\u00ba trimestre de 2022.<\/p>\n\n\n\n<h3 class=\"wp-block-heading\">Quarta-feira, 21\/02<\/h3>\n\n\n\n<p><strong>Assa\u00ed (ASAI3):<\/strong> <a class=\"suno-keyword\" target=\"_blank\" data-force=\"no\" data-priority=\"1\" href=\"https:\/\/www.suno.com.br\/artigos\/lucro-liquido\/\" rel=\"noopener\">Lucro l\u00edquido<\/a> de R$ 406,00 milh\u00f5es no 4T22 e lucro de R$ 214,00 milh\u00f5es no 1\u00ba trimestre de 2022.<\/p>\n\n\n\n<p><strong>Weg (WEGE3):<\/strong> <a class=\"suno-keyword\" target=\"_blank\" data-force=\"no\" data-priority=\"1\" href=\"https:\/\/www.suno.com.br\/artigos\/lucro-liquido\/\" rel=\"noopener\">Lucro l\u00edquido<\/a> de R$ 1,19 bilh\u00f5es no 4T22 e lucro de R$ 943,90 milh\u00f5es no 1\u00ba trimestre de 2022.<\/p>\n\n\n\n<h3 class=\"wp-block-heading\">Quinta-feira, 22\/02<\/h3>\n\n\n\n<p><strong>B3 (B3SA3):<\/strong> <a class=\"suno-keyword\" target=\"_blank\" data-force=\"no\" data-priority=\"1\" href=\"https:\/\/www.suno.com.br\/artigos\/lucro-liquido\/\" rel=\"noopener\">Lucro l\u00edquido<\/a> de R$ 1,00 bilh\u00f5es no 4T22 e lucro de R$ 1,10 bilh\u00f5es no 1\u00ba trimestre de 2022.<\/p>\n\n\n\n<p><strong>Caixa Seguridade (CXSE3):<\/strong> <a class=\"suno-keyword\" target=\"_blank\" data-force=\"no\" data-priority=\"1\" href=\"https:\/\/www.suno.com.br\/artigos\/lucro-liquido\/\" rel=\"noopener\">Lucro l\u00edquido<\/a> de R$ 948,76 milh\u00f5es no 4T22 e lucro de R$ 557,04 milh\u00f5es no 1\u00ba trimestre de 2022.<\/p>\n\n\n\n<p><strong>Rumo (RAIL3):<\/strong> <a class=\"suno-keyword\" target=\"_blank\" data-force=\"no\" data-priority=\"1\" href=\"https:\/\/www.suno.com.br\/artigos\/lucro-liquido\/\" rel=\"noopener\">Lucro l\u00edquido<\/a> de R$ 240,95 milh\u00f5es no 4T22 e preju\u00edzo de R$ 66,63 milh\u00f5es no 1\u00ba trimestre de 2022.<\/p>\n\n\n\n<p><strong>Vale (VALE3):<\/strong> <a class=\"suno-keyword\" target=\"_blank\" data-force=\"no\" data-priority=\"1\" href=\"https:\/\/www.suno.com.br\/artigos\/lucro-liquido\/\" rel=\"noopener\">Lucro l\u00edquido<\/a> de R$ 19,56 bilh\u00f5es no 4T22 e lucro de R$ 23,05 bilh\u00f5es no 1\u00ba trimestre de 2022.<\/p>\n\n\n\n<h3 class=\"wp-block-heading\">Sexta-feira, 23\/02<\/h3>\n\n\n\n<p><strong>M.Dias Branco (MDIA3):<\/strong> <a class=\"suno-keyword\" target=\"_blank\" data-force=\"no\" data-priority=\"1\" href=\"https:\/\/www.suno.com.br\/artigos\/lucro-liquido\/\" rel=\"noopener\">Lucro l\u00edquido<\/a> de R$ 15,55 milh\u00f5es no 4T22 e lucro de R$ 37,75 milh\u00f5es no 1\u00ba trimestre de 2022.<\/p>\n\n\n\n<p>Agora que voc\u00ea ficou por dentro da agenda de resultados completa do 1T 2024, <a href=\"https:\/\/www.suno.com.br\/noticias\/tags\/balancos-trimestrais\/\">clique aqui<\/a> e acompanhe todas as not\u00edcias sobre os balan\u00e7os de empresas desta temporada.<\/p>\n\n\n\t<p>\n\t\t<a href=\"https:\/\/lp.suno.com.br\/planilha-de-controle-de-investimentos\/\" target=\"_blank\" data-element=\"shortcode-suno-banner\" title=\"Banner SUNO, clique e saiba mais\">\n\t\t\t<picture>\n\t\t\t\t<source media=\"(max-width: 500px)\" srcset=\"https:\/\/files.sunoresearch.com.br\/n\/uploads\/2023\/03\/400x300-Controle-de-Investimentos.png\">\n\t\t\t\t<img class=\"newsContent__article__imgCapa newsContent__article__imgCapa--banner\"\n\t\t\t\t\tsrc=\"https:\/\/files.sunoresearch.com.br\/n\/uploads\/2023\/03\/1420x240-Controle-de-Investimentos.png\"\n\t\t\t\t\tdata-promo-id=\"75934\"\t\t\t\t\t\t\t\t\t\twidth='1420' height='240'\t\t\t\t\talt=\"https:\/\/files.sunoresearch.com.br\/n\/uploads\/2023\/03\/1420x240-Controle-de-Investimentos.png\"\n\t\t\t\t>\n\t\t\t<\/picture>\n\t\t<\/a>\n\t<\/p>\n\n\n","protected":false},"excerpt":{"rendered":"<p>Os investidores de Vale (VALE3), B3 (B3SA3), Weg (WEGE3) e outras empresas listadas na bolsa de valores poder\u00e3o conferir o desmepnho das companhia nesta semana, durante a temporada de balan\u00e7os do quarto trimestre de 2023 (4T23). Um total de 9 empresas agendou para a semana a sua divulga\u00e7\u00e3o de resultados trimestrais. Calend\u00e1rio de 2024 &#8211; [&hellip;]<\/p>\n","protected":false},"author":283,"featured_media":496269,"comment_status":"closed","ping_status":"closed","sticky":false,"template":"","format":"standard","meta":[],"categories":[64],"tags":[2108,1187,367,1029,2524,405,488,2634,106964,546,354,676,681],"suno_strategy":[],"class_list":["post-523584","post","type-post","status-publish","format-standard","has-post-thumbnail","hentry","category-negocios","tag-agenda-da-semana","tag-assai-asai3","tag-b3-b3sa3","tag-balancos-trimestrais","tag-caixa-seguridade-cxse3","tag-carrefour-crfb3","tag-gerdau-ggbr3-ggbr4","tag-gerdau-metalurgica-goau3-goau4","tag-isa-cteep-trpl4","tag-m-dias-branco-mdia3","tag-rumo-rail3","tag-vale-vale3","tag-weg-wege3"],"yoast_head":"<!-- This site is optimized with the Yoast SEO plugin v24.4 - https:\/\/yoast.com\/wordpress\/plugins\/seo\/ -->\n<title>Vale (VALE3), B3 (B3SA3) e Weg (WEGE3) divulgam balan\u00e7os<\/title>\n<meta name=\"description\" content=\"Confira a agenda de balan\u00e7os trimestrais desta semana com os resultados de lucro da Vale (VALE3), Weg (WEGE3) e mais.\" \/>\n<meta name=\"robots\" content=\"index, follow, max-snippet:-1, max-image-preview:large, max-video-preview:-1\" \/>\n<link rel=\"canonical\" href=\"https:\/\/www.suno.com.br\/noticias\/news-agenda-balancos-vale-vale3-b3sa3-wege3-4t23-cpf\/\" \/>\n<meta property=\"og:locale\" content=\"pt_BR\" \/>\n<meta property=\"og:type\" content=\"article\" \/>\n<meta property=\"og:title\" content=\"Vale (VALE3), B3 (B3SA3) e Weg (WEGE3) divulgam balan\u00e7os\" \/>\n<meta property=\"og:description\" content=\"Confira a agenda de balan\u00e7os trimestrais desta semana com os resultados de lucro da Vale (VALE3), Weg (WEGE3) e mais.\" \/>\n<meta property=\"og:url\" content=\"https:\/\/www.suno.com.br\/noticias\/news-agenda-balancos-vale-vale3-b3sa3-wege3-4t23-cpf\/\" \/>\n<meta property=\"og:site_name\" content=\"Suno Not\u00edcias\" \/>\n<meta property=\"article:publisher\" content=\"https:\/\/facebook.com\/sunoresearch\" \/>\n<meta property=\"og:image\" content=\"https:\/\/files.sunoresearch.com.br\/n\/uploads\/2023\/12\/acoes-empresas-2024-calendario.jpg\" \/>\n\t<meta property=\"og:image:width\" content=\"1200\" \/>\n\t<meta property=\"og:image:height\" content=\"800\" \/>\n\t<meta property=\"og:image:type\" content=\"image\/jpeg\" \/>\n<meta name=\"author\" content=\"Camila Paim\" \/>\n<meta name=\"twitter:card\" content=\"summary_large_image\" \/>\n<meta name=\"twitter:creator\" content=\"@sunoresearch\" \/>\n<meta name=\"twitter:site\" content=\"@sunoresearch\" \/>\n<meta name=\"twitter:label1\" content=\"Escrito por\" \/>\n\t<meta name=\"twitter:data1\" content=\"Camila Paim\" \/>\n\t<meta name=\"twitter:label2\" content=\"Est. tempo de leitura\" \/>\n\t<meta name=\"twitter:data2\" content=\"3 minutos\" \/>\n<script type=\"application\/ld+json\" class=\"yoast-schema-graph\">{\"@context\":\"https:\/\/schema.org\",\"@graph\":[{\"@type\":\"NewsArticle\",\"@id\":\"https:\/\/www.suno.com.br\/noticias\/news-agenda-balancos-vale-vale3-b3sa3-wege3-4t23-cpf\/#article\",\"isPartOf\":{\"@id\":\"https:\/\/www.suno.com.br\/noticias\/news-agenda-balancos-vale-vale3-b3sa3-wege3-4t23-cpf\/\"},\"author\":{\"name\":\"Camila Paim\",\"@id\":\"https:\/\/www.suno.com.br\/noticias\/#\/schema\/person\/f341d3ae5d1cc685176c9a5327cdfdbb\"},\"headline\":\"Vale (VALE3), B3 (B3SA3) e Weg (WEGE3) divulgam resultados do 4T23 nesta semana; veja lista completa\",\"datePublished\":\"2024-02-16T20:17:52+00:00\",\"dateModified\":\"2024-02-16T20:17:59+00:00\",\"mainEntityOfPage\":{\"@id\":\"https:\/\/www.suno.com.br\/noticias\/news-agenda-balancos-vale-vale3-b3sa3-wege3-4t23-cpf\/\"},\"wordCount\":497,\"publisher\":{\"@id\":\"https:\/\/www.suno.com.br\/noticias\/#organization\"},\"image\":{\"@id\":\"https:\/\/www.suno.com.br\/noticias\/news-agenda-balancos-vale-vale3-b3sa3-wege3-4t23-cpf\/#primaryimage\"},\"thumbnailUrl\":\"https:\/\/files.sunoresearch.com.br\/n\/uploads\/2023\/12\/acoes-empresas-2024-calendario.jpg\",\"keywords\":[\"agenda da semana\",\"Assa\u00ed (ASAI3)\",\"B3 (B3SA3)\",\"balan\u00e7os trimestrais\",\"Caixa Seguridade (CXSE3)\",\"Carrefour (CRFB3)\",\"Gerdau (GGBR3\/GGBR4)\",\"Gerdau Metal\u00fargica (GOAU3\/GOAU4)\",\"Isa CTEEP (TRPL4)\",\"M.Dias Branco (MDIA3)\",\"Rumo (RAIL3)\",\"Vale (VALE3)\",\"Weg (WEGE3)\"],\"articleSection\":[\"Neg\u00f3cios\"],\"inLanguage\":\"pt-BR\"},{\"@type\":\"WebPage\",\"@id\":\"https:\/\/www.suno.com.br\/noticias\/news-agenda-balancos-vale-vale3-b3sa3-wege3-4t23-cpf\/\",\"url\":\"https:\/\/www.suno.com.br\/noticias\/news-agenda-balancos-vale-vale3-b3sa3-wege3-4t23-cpf\/\",\"name\":\"Vale (VALE3), B3 (B3SA3) e Weg (WEGE3) divulgam balan\u00e7os\",\"isPartOf\":{\"@id\":\"https:\/\/www.suno.com.br\/noticias\/#website\"},\"primaryImageOfPage\":{\"@id\":\"https:\/\/www.suno.com.br\/noticias\/news-agenda-balancos-vale-vale3-b3sa3-wege3-4t23-cpf\/#primaryimage\"},\"image\":{\"@id\":\"https:\/\/www.suno.com.br\/noticias\/news-agenda-balancos-vale-vale3-b3sa3-wege3-4t23-cpf\/#primaryimage\"},\"thumbnailUrl\":\"https:\/\/files.sunoresearch.com.br\/n\/uploads\/2023\/12\/acoes-empresas-2024-calendario.jpg\",\"datePublished\":\"2024-02-16T20:17:52+00:00\",\"dateModified\":\"2024-02-16T20:17:59+00:00\",\"description\":\"Confira a agenda de balan\u00e7os trimestrais desta semana com os resultados de lucro da Vale (VALE3), Weg (WEGE3) e mais.\",\"breadcrumb\":{\"@id\":\"https:\/\/www.suno.com.br\/noticias\/news-agenda-balancos-vale-vale3-b3sa3-wege3-4t23-cpf\/#breadcrumb\"},\"inLanguage\":\"pt-BR\",\"potentialAction\":[{\"@type\":\"ReadAction\",\"target\":[\"https:\/\/www.suno.com.br\/noticias\/news-agenda-balancos-vale-vale3-b3sa3-wege3-4t23-cpf\/\"]}]},{\"@type\":\"ImageObject\",\"inLanguage\":\"pt-BR\",\"@id\":\"https:\/\/www.suno.com.br\/noticias\/news-agenda-balancos-vale-vale3-b3sa3-wege3-4t23-cpf\/#primaryimage\",\"url\":\"https:\/\/files.sunoresearch.com.br\/n\/uploads\/2023\/12\/acoes-empresas-2024-calendario.jpg\",\"contentUrl\":\"https:\/\/files.sunoresearch.com.br\/n\/uploads\/2023\/12\/acoes-empresas-2024-calendario.jpg\",\"width\":1200,\"height\":800,\"caption\":\"Calend\u00e1rio de 2024 - Foto: iStock\"},{\"@type\":\"BreadcrumbList\",\"@id\":\"https:\/\/www.suno.com.br\/noticias\/news-agenda-balancos-vale-vale3-b3sa3-wege3-4t23-cpf\/#breadcrumb\",\"itemListElement\":[{\"@type\":\"ListItem\",\"position\":1,\"name\":\"Not\u00edcias\",\"item\":\"https:\/\/www.suno.com.br\/noticias\/\"},{\"@type\":\"ListItem\",\"position\":2,\"name\":\"Neg\u00f3cios\",\"item\":\"https:\/\/www.suno.com.br\/noticias\/negocios\/\"},{\"@type\":\"ListItem\",\"position\":3,\"name\":\"Vale (VALE3), B3 (B3SA3) e Weg (WEGE3) divulgam resultados do 4T23 nesta semana; veja lista completa\"}]},{\"@type\":\"WebSite\",\"@id\":\"https:\/\/www.suno.com.br\/noticias\/#website\",\"url\":\"https:\/\/www.suno.com.br\/noticias\/\",\"name\":\"Suno Not\u00edcias\",\"description\":\"Seu portal de informa\u00e7\u00e3o sobre o mundo dos investimentos\",\"publisher\":{\"@id\":\"https:\/\/www.suno.com.br\/noticias\/#organization\"},\"potentialAction\":[{\"@type\":\"SearchAction\",\"target\":{\"@type\":\"EntryPoint\",\"urlTemplate\":\"https:\/\/www.suno.com.br\/noticias\/?s={search_term_string}\"},\"query-input\":{\"@type\":\"PropertyValueSpecification\",\"valueRequired\":true,\"valueName\":\"search_term_string\"}}],\"inLanguage\":\"pt-BR\"},{\"@type\":\"Organization\",\"@id\":\"https:\/\/www.suno.com.br\/noticias\/#organization\",\"name\":\"Suno Not\u00edcias\",\"url\":\"https:\/\/www.suno.com.br\/noticias\/\",\"logo\":{\"@type\":\"ImageObject\",\"inLanguage\":\"pt-BR\",\"@id\":\"https:\/\/www.suno.com.br\/noticias\/#\/schema\/logo\/image\/\",\"url\":\"https:\/\/files.sunoresearch.com.br\/n\/uploads\/2021\/09\/suno-logo.png\",\"contentUrl\":\"https:\/\/files.sunoresearch.com.br\/n\/uploads\/2021\/09\/suno-logo.png\",\"width\":180,\"height\":180,\"caption\":\"Suno Not\u00edcias\"},\"image\":{\"@id\":\"https:\/\/www.suno.com.br\/noticias\/#\/schema\/logo\/image\/\"},\"sameAs\":[\"https:\/\/facebook.com\/sunoresearch\",\"https:\/\/x.com\/sunoresearch\",\"https:\/\/www.instagram.com\/suno\",\"https:\/\/www.linkedin.com\/company\/suno-research\/\",\"https:\/\/www.youtube.com\/c\/sunoresearch\"]},{\"@type\":\"Person\",\"@id\":\"https:\/\/www.suno.com.br\/noticias\/#\/schema\/person\/f341d3ae5d1cc685176c9a5327cdfdbb\",\"name\":\"Camila Paim\",\"image\":{\"@type\":\"ImageObject\",\"inLanguage\":\"pt-BR\",\"@id\":\"https:\/\/www.suno.com.br\/noticias\/#\/schema\/person\/image\/\",\"url\":\"https:\/\/secure.gravatar.com\/avatar\/f33728e65febb1aa7ecf6792956f9b20?s=96&r=g\",\"contentUrl\":\"https:\/\/secure.gravatar.com\/avatar\/f33728e65febb1aa7ecf6792956f9b20?s=96&r=g\",\"caption\":\"Camila Paim\"},\"description\":\"Jornalista formada pela USP, tem experi\u00eancia em reda\u00e7\u00f5es, SEO, Branded Content e Webdesign. Com passagem pelo Jornal da USP, Empiricus e C6 Bank, hoje \u00e9 rep\u00f3rter no Suno Not\u00edcias cobrindo macroeconomia, finan\u00e7as pessoais e startups.\",\"url\":\"https:\/\/www.suno.com.br\/noticias\/author\/camila-figueiredosuno-com-br\/\"}]}<\/script>\n<!-- \/ Yoast SEO plugin. -->","yoast_head_json":{"title":"Vale (VALE3), B3 (B3SA3) e Weg (WEGE3) divulgam balan\u00e7os","description":"Confira a agenda de balan\u00e7os trimestrais desta semana com os resultados de lucro da Vale (VALE3), Weg (WEGE3) e mais.","robots":{"index":"index","follow":"follow","max-snippet":"max-snippet:-1","max-image-preview":"max-image-preview:large","max-video-preview":"max-video-preview:-1"},"canonical":"https:\/\/www.suno.com.br\/noticias\/news-agenda-balancos-vale-vale3-b3sa3-wege3-4t23-cpf\/","og_locale":"pt_BR","og_type":"article","og_title":"Vale (VALE3), B3 (B3SA3) e Weg (WEGE3) divulgam balan\u00e7os","og_description":"Confira a agenda de balan\u00e7os trimestrais desta semana com os resultados de lucro da Vale (VALE3), Weg (WEGE3) e mais.","og_url":"https:\/\/www.suno.com.br\/noticias\/news-agenda-balancos-vale-vale3-b3sa3-wege3-4t23-cpf\/","og_site_name":"Suno Not\u00edcias","article_publisher":"https:\/\/facebook.com\/sunoresearch","og_image":[{"width":1200,"height":800,"url":"https:\/\/files.sunoresearch.com.br\/n\/uploads\/2023\/12\/acoes-empresas-2024-calendario.jpg","type":"image\/jpeg"}],"author":"Camila Paim","twitter_card":"summary_large_image","twitter_creator":"@sunoresearch","twitter_site":"@sunoresearch","twitter_misc":{"Escrito por":"Camila Paim","Est. tempo de leitura":"3 minutos"},"schema":{"@context":"https:\/\/schema.org","@graph":[{"@type":"NewsArticle","@id":"https:\/\/www.suno.com.br\/noticias\/news-agenda-balancos-vale-vale3-b3sa3-wege3-4t23-cpf\/#article","isPartOf":{"@id":"https:\/\/www.suno.com.br\/noticias\/news-agenda-balancos-vale-vale3-b3sa3-wege3-4t23-cpf\/"},"author":{"name":"Camila Paim","@id":"https:\/\/www.suno.com.br\/noticias\/#\/schema\/person\/f341d3ae5d1cc685176c9a5327cdfdbb"},"headline":"Vale (VALE3), B3 (B3SA3) e Weg (WEGE3) divulgam resultados do 4T23 nesta semana; veja lista completa","datePublished":"2024-02-16T20:17:52+00:00","dateModified":"2024-02-16T20:17:59+00:00","mainEntityOfPage":{"@id":"https:\/\/www.suno.com.br\/noticias\/news-agenda-balancos-vale-vale3-b3sa3-wege3-4t23-cpf\/"},"wordCount":497,"publisher":{"@id":"https:\/\/www.suno.com.br\/noticias\/#organization"},"image":{"@id":"https:\/\/www.suno.com.br\/noticias\/news-agenda-balancos-vale-vale3-b3sa3-wege3-4t23-cpf\/#primaryimage"},"thumbnailUrl":"https:\/\/files.sunoresearch.com.br\/n\/uploads\/2023\/12\/acoes-empresas-2024-calendario.jpg","keywords":["agenda da semana","Assa\u00ed (ASAI3)","B3 (B3SA3)","balan\u00e7os trimestrais","Caixa Seguridade (CXSE3)","Carrefour (CRFB3)","Gerdau (GGBR3\/GGBR4)","Gerdau Metal\u00fargica (GOAU3\/GOAU4)","Isa CTEEP (TRPL4)","M.Dias Branco (MDIA3)","Rumo (RAIL3)","Vale (VALE3)","Weg (WEGE3)"],"articleSection":["Neg\u00f3cios"],"inLanguage":"pt-BR"},{"@type":"WebPage","@id":"https:\/\/www.suno.com.br\/noticias\/news-agenda-balancos-vale-vale3-b3sa3-wege3-4t23-cpf\/","url":"https:\/\/www.suno.com.br\/noticias\/news-agenda-balancos-vale-vale3-b3sa3-wege3-4t23-cpf\/","name":"Vale (VALE3), B3 (B3SA3) e Weg (WEGE3) divulgam balan\u00e7os","isPartOf":{"@id":"https:\/\/www.suno.com.br\/noticias\/#website"},"primaryImageOfPage":{"@id":"https:\/\/www.suno.com.br\/noticias\/news-agenda-balancos-vale-vale3-b3sa3-wege3-4t23-cpf\/#primaryimage"},"image":{"@id":"https:\/\/www.suno.com.br\/noticias\/news-agenda-balancos-vale-vale3-b3sa3-wege3-4t23-cpf\/#primaryimage"},"thumbnailUrl":"https:\/\/files.sunoresearch.com.br\/n\/uploads\/2023\/12\/acoes-empresas-2024-calendario.jpg","datePublished":"2024-02-16T20:17:52+00:00","dateModified":"2024-02-16T20:17:59+00:00","description":"Confira a agenda de balan\u00e7os trimestrais desta semana com os resultados de lucro da Vale (VALE3), Weg (WEGE3) e mais.","breadcrumb":{"@id":"https:\/\/www.suno.com.br\/noticias\/news-agenda-balancos-vale-vale3-b3sa3-wege3-4t23-cpf\/#breadcrumb"},"inLanguage":"pt-BR","potentialAction":[{"@type":"ReadAction","target":["https:\/\/www.suno.com.br\/noticias\/news-agenda-balancos-vale-vale3-b3sa3-wege3-4t23-cpf\/"]}]},{"@type":"ImageObject","inLanguage":"pt-BR","@id":"https:\/\/www.suno.com.br\/noticias\/news-agenda-balancos-vale-vale3-b3sa3-wege3-4t23-cpf\/#primaryimage","url":"https:\/\/files.sunoresearch.com.br\/n\/uploads\/2023\/12\/acoes-empresas-2024-calendario.jpg","contentUrl":"https:\/\/files.sunoresearch.com.br\/n\/uploads\/2023\/12\/acoes-empresas-2024-calendario.jpg","width":1200,"height":800,"caption":"Calend\u00e1rio de 2024 - Foto: iStock"},{"@type":"BreadcrumbList","@id":"https:\/\/www.suno.com.br\/noticias\/news-agenda-balancos-vale-vale3-b3sa3-wege3-4t23-cpf\/#breadcrumb","itemListElement":[{"@type":"ListItem","position":1,"name":"Not\u00edcias","item":"https:\/\/www.suno.com.br\/noticias\/"},{"@type":"ListItem","position":2,"name":"Neg\u00f3cios","item":"https:\/\/www.suno.com.br\/noticias\/negocios\/"},{"@type":"ListItem","position":3,"name":"Vale (VALE3), B3 (B3SA3) e Weg (WEGE3) divulgam resultados do 4T23 nesta semana; veja lista completa"}]},{"@type":"WebSite","@id":"https:\/\/www.suno.com.br\/noticias\/#website","url":"https:\/\/www.suno.com.br\/noticias\/","name":"Suno Not\u00edcias","description":"Seu portal de informa\u00e7\u00e3o sobre o mundo dos investimentos","publisher":{"@id":"https:\/\/www.suno.com.br\/noticias\/#organization"},"potentialAction":[{"@type":"SearchAction","target":{"@type":"EntryPoint","urlTemplate":"https:\/\/www.suno.com.br\/noticias\/?s={search_term_string}"},"query-input":{"@type":"PropertyValueSpecification","valueRequired":true,"valueName":"search_term_string"}}],"inLanguage":"pt-BR"},{"@type":"Organization","@id":"https:\/\/www.suno.com.br\/noticias\/#organization","name":"Suno Not\u00edcias","url":"https:\/\/www.suno.com.br\/noticias\/","logo":{"@type":"ImageObject","inLanguage":"pt-BR","@id":"https:\/\/www.suno.com.br\/noticias\/#\/schema\/logo\/image\/","url":"https:\/\/files.sunoresearch.com.br\/n\/uploads\/2021\/09\/suno-logo.png","contentUrl":"https:\/\/files.sunoresearch.com.br\/n\/uploads\/2021\/09\/suno-logo.png","width":180,"height":180,"caption":"Suno Not\u00edcias"},"image":{"@id":"https:\/\/www.suno.com.br\/noticias\/#\/schema\/logo\/image\/"},"sameAs":["https:\/\/facebook.com\/sunoresearch","https:\/\/x.com\/sunoresearch","https:\/\/www.instagram.com\/suno","https:\/\/www.linkedin.com\/company\/suno-research\/","https:\/\/www.youtube.com\/c\/sunoresearch"]},{"@type":"Person","@id":"https:\/\/www.suno.com.br\/noticias\/#\/schema\/person\/f341d3ae5d1cc685176c9a5327cdfdbb","name":"Camila Paim","image":{"@type":"ImageObject","inLanguage":"pt-BR","@id":"https:\/\/www.suno.com.br\/noticias\/#\/schema\/person\/image\/","url":"https:\/\/secure.gravatar.com\/avatar\/f33728e65febb1aa7ecf6792956f9b20?s=96&r=g","contentUrl":"https:\/\/secure.gravatar.com\/avatar\/f33728e65febb1aa7ecf6792956f9b20?s=96&r=g","caption":"Camila Paim"},"description":"Jornalista formada pela USP, tem experi\u00eancia em reda\u00e7\u00f5es, SEO, Branded Content e Webdesign. Com passagem pelo Jornal da USP, Empiricus e C6 Bank, hoje \u00e9 rep\u00f3rter no Suno Not\u00edcias cobrindo macroeconomia, finan\u00e7as pessoais e startups.","url":"https:\/\/www.suno.com.br\/noticias\/author\/camila-figueiredosuno-com-br\/"}]}},"default_loop_html":"<div class=\"cardsPage__listCard__boxs\"><div class=\"cardsPage__listCard__boxs__img\"><a href=\"https:\/\/www.suno.com.br\/noticias\/news-agenda-balancos-vale-vale3-b3sa3-wege3-4t23-cpf\/\"><img class=\"mask\" src=\"https:\/\/www.suno.com.br\/noticias\/wp-content\/themes\/suno\/resources\/images\/spotlight\/spotlight1img\/bg-mask.png\" alt=\"Image Mask\"\/><img src=\"https:\/\/files.sunoresearch.com.br\/n\/uploads\/2023\/12\/acoes-empresas-2024-calendario-400x200.jpg\" alt=\"Vale (VALE3), B3 (B3SA3) e Weg (WEGE3) divulgam resultados do 4T23 nesta semana; veja lista completa\"\/><\/a><span class=\"spotlightCategory\"><a href=\"https:\/\/www.suno.com.br\/noticias\/negocios\/\">Neg\u00f3cios<\/a><\/span><\/div><div class=\"cardsPage__listCard__boxs__content\"><a href=\"https:\/\/www.suno.com.br\/noticias\/news-agenda-balancos-vale-vale3-b3sa3-wege3-4t23-cpf\/\"><h2 class=\"content__title\">Vale (VALE3), B3 (B3SA3) e Weg (WEGE3) divulgam resultados do 4T23 nesta semana; veja lista completa<\/h2><\/a><div class=\"newsContent__article__meta\"><div class=\"newsContent__article__meta__authorBox\"><a href=\"https:\/\/www.suno.com.br\/noticias\/author\/camila-figueiredosuno-com-br\/\" class=\"authorBox__avatar noMobi\"><img src=\"https:\/\/files.sunoresearch.com.br\/n\/uploads\/2024\/05\/camila-paim-square-150x150.jpg\" alt=\"Camila Paim\"><\/a><div class=\"authorBox__name\"><span>por\n\t\t\t<a href=\"https:\/\/www.suno.com.br\/noticias\/author\/camila-figueiredosuno-com-br\/\"><span itemprop=\"author\">Camila Paim<\/span><\/a><\/span><time datetime=\"2024-02-16T17:17:52-03:00\" itemprop=\"datePublished\">16\/02\/2024 17:17<\/time><\/div><\/div><\/div><\/div><\/div>","single_layout":"posts","amp_enabled":true,"_links":{"self":[{"href":"https:\/\/www.suno.com.br\/noticias\/wp-json\/wp\/v2\/posts\/523584"}],"collection":[{"href":"https:\/\/www.suno.com.br\/noticias\/wp-json\/wp\/v2\/posts"}],"about":[{"href":"https:\/\/www.suno.com.br\/noticias\/wp-json\/wp\/v2\/types\/post"}],"author":[{"embeddable":true,"href":"https:\/\/www.suno.com.br\/noticias\/wp-json\/wp\/v2\/users\/283"}],"replies":[{"embeddable":true,"href":"https:\/\/www.suno.com.br\/noticias\/wp-json\/wp\/v2\/comments?post=523584"}],"version-history":[{"count":3,"href":"https:\/\/www.suno.com.br\/noticias\/wp-json\/wp\/v2\/posts\/523584\/revisions"}],"predecessor-version":[{"id":523826,"href":"https:\/\/www.suno.com.br\/noticias\/wp-json\/wp\/v2\/posts\/523584\/revisions\/523826"}],"wp:featuredmedia":[{"embeddable":true,"href":"https:\/\/www.suno.com.br\/noticias\/wp-json\/wp\/v2\/media\/496269"}],"wp:attachment":[{"href":"https:\/\/www.suno.com.br\/noticias\/wp-json\/wp\/v2\/media?parent=523584"}],"wp:term":[{"taxonomy":"category","embeddable":true,"href":"https:\/\/www.suno.com.br\/noticias\/wp-json\/wp\/v2\/categories?post=523584"},{"taxonomy":"post_tag","embeddable":true,"href":"https:\/\/www.suno.com.br\/noticias\/wp-json\/wp\/v2\/tags?post=523584"},{"taxonomy":"suno_strategy","embeddable":true,"href":"https:\/\/www.suno.com.br\/noticias\/wp-json\/wp\/v2\/suno_strategy?post=523584"}],"curies":[{"name":"wp","href":"https:\/\/api.w.org\/{rel}","templated":true}]}}