{"id":52355,"date":"2020-02-07T17:38:44","date_gmt":"2020-02-07T19:38:44","guid":{"rendered":"https:\/\/www.suno.com.br\/noticias\/?p=52355"},"modified":"2021-06-13T23:39:00","modified_gmt":"2021-06-14T02:39:00","slug":"taxa-de-desemprego-eua-sobe-janeiro","status":"publish","type":"post","link":"https:\/\/www.suno.com.br\/noticias\/taxa-de-desemprego-eua-sobe-janeiro\/","title":{"rendered":"Taxa de desemprego nos EUA sobe para 3,6% em janeiro"},"content":{"rendered":"<p>Os Estados Unidos geraram 225 mil postos de trabalho em janeiro de 2020. Por outro lado, a <strong>taxa de desemprego<\/strong> do pa\u00eds subiu para 3,6% ante 3,5% do m\u00eas anterior. As informa\u00e7\u00f5es foram divulgadas nesta sexta-feira (7) pelo Departamento do Trabalho norte-americano.<\/p>\t<div class=\"wrapper-featured-image\">\n\t\t<figure class=\"spotlightImg\">\n\n\t\t\t<picture>\n\t\t\t\t<source media=\"(max-width: 768px)\" srcset=\"https:\/\/files.sunoresearch.com.br\/n\/uploads\/2019\/01\/624c0be2-eua-400x200.webp\">\n\t\t\t\t<img loading=\"lazy\" decoding=\"async\" class=\"newsContent__article__imgCapa lazyloadDisabled newsContent__article__imgCapa--noCaption\" src=\"https:\/\/files.sunoresearch.com.br\/n\/uploads\/2019\/01\/624c0be2-eua-jpg.webp\" width=\"800\" height=\"450\" alt=\"Taxa de desemprego nos EUA sobe para 3,6% em janeiro\" fetchpriority=high \/>\n\t\t\t<\/picture>\n\n\t\t\t<figcaption class=\"wp-caption-text wp-caption-text--hide\">Fitch reduz perspectiva para rating dos EUA para &#039;negativa&#039;<\/figcaption>\n\t\t<\/figure>\n\t<\/div>\n\n\n\n<p>O n\u00famero de desempregados nos <strong>Estados Unidos<\/strong> passou de 5,753 milh\u00f5es, em dezembro de 2019, para 5,892 milh\u00f5es em janeiro deste ano. Com o resultado, a taxa de desemprego do pa\u00eds retorna ao mesmo patamar registrado em outubro do ano passado.<\/p>\n<p>Os desempregados a longo prazo, ou seja, aqueles que buscam emprego h\u00e1 ao menos 27 semanas, chegaram a 1,2 milh\u00e3o. O n\u00famero equivale a 20% do total de pessoas que n\u00e3o possuem um emprego.<\/p>\n<p>J\u00e1 os empregados em tempo parcial por motivos econ\u00f4micos somaram 4,2 milh\u00f5es de pessoas em janeiro. Nesta categoria, se encaixam os profissionais que buscam empregos em tempo integral, entretanto, que n\u00e3o encontraram. Al\u00e9m disso, o n\u00famero de pessoas que buscaram um emprego no per\u00edodo de 12 meses anteriores, mas que continuam desocupadas, \u00e9 de 1,3 milh\u00e3o.<\/p>\n<p>O departamento informou ainda que os <strong>sal\u00e1rios<\/strong> aumentaram 3,1% em janeiro quando comparado ao mesmo per\u00edodo do ano anterior.<\/p>\n\t<p>\n\t\t<a href=\"https:\/\/lp.suno.com.br\/nossas-assinaturas\/?utm_campaign=_SNC8166F3A4_\" target=\"_blank\" data-element=\"shortcode-suno-banner\" title=\"Banner SUNO, clique e saiba mais\">\n\t\t\t<picture>\n\t\t\t\t<source media=\"(max-width: 500px)\" srcset=\"https:\/\/files.sunoresearch.com.br\/n\/uploads\/2025\/08\/Artigos-e-Noticias-Banner-Materias-01-Mobile_-400x300-1-png.webp\">\n\t\t\t\t<img class=\"newsContent__article__imgCapa newsContent__article__imgCapa--banner\"\n\t\t\t\t\tsrc=\"https:\/\/files.sunoresearch.com.br\/n\/uploads\/2025\/08\/Artigos-e-Noticias-Banner-Materias-01-Desktop_-1420x240-4-png.webp\"\n\t\t\t\t\tdata-promo-id=\"620371\"\t\t\t\t\t\t\t\t\t\twidth='1420' height='240'\t\t\t\t\talt=\"https:\/\/files.sunoresearch.com.br\/n\/uploads\/2025\/08\/Artigos-e-Noticias-Banner-Materias-01-Desktop_-1420x240-4-png.webp\"\n\t\t\t\t>\n\t\t\t<\/picture>\n\t\t<\/a>\n\t<\/p>\n\n\n<p>Os economistas consultados pelo jornal norte-americano &#8220;The Wall Street Journal&#8221; esperavam uma taxa de desemprego inferior, de 3,5%. Al\u00e9m disso, a previs\u00e3o era de um aumento salarial anual de 3% e de uma gera\u00e7\u00e3o de 158 mil postos de trabalho.<\/p>\n<h2>Taxa de desemprego no Brasil<\/h2>\n<p>No Brasil, a taxa de desemprego caiu para 11% em 2019, segundo informa\u00e7\u00f5es divulgadas pelo Instituto Brasileiro de Geografia e Estat\u00edstica (<strong>IBGE<\/strong>)\u00a0no final de janeiro. O n\u00famero representa uma queda de 0,8 ponto percentual (p.p) em compara\u00e7\u00e3o ao terceiro trimestre de 2019.<\/p>\n<p><a href=\"https:\/\/www.suno.com.br\/noticias\/taxa-de-desemprego-cai-para-11-em-2019-aponta-ibge\/\">Saiba mais: Taxa de desemprego cai para 11% em 2019, aponta IBGE<\/a><\/p>\n<p>J\u00e1 ao comparar com o mesmo per\u00edodo do ano de 2018, a taxa teve uma queda de 0,6 p.p. Por sua vez, a taxa m\u00e9dia anual teve recuou de 12,3 p.p no ano retrasado para 11,9% em 2019.<\/p>\n<p>A <strong>taxa de desemprego<\/strong> de 11% indica que 11,6 milh\u00f5es de pessoas est\u00e3o desempregadas no Brasil. A m\u00e9dia anual de desocupados ficou em 12,6 milh\u00f5es e recuou 1,7% em rela\u00e7\u00e3o a 2018. Em contrapartida, a popula\u00e7\u00e3o empregada cresceu 0,8% em rela\u00e7\u00e3o ao trimestre anterior. Em rela\u00e7\u00e3o ao mesmo per\u00edodo em 2018, houve uma alta de 2%.<\/p>\n\n","protected":false},"excerpt":{"rendered":"<p>Os Estados Unidos geraram 225 mil postos de trabalho em janeiro de 2020. Por outro lado, a taxa de desemprego do pa\u00eds subiu para 3,6% ante 3,5% do m\u00eas anterior. As informa\u00e7\u00f5es foram divulgadas nesta sexta-feira (7) pelo Departamento do Trabalho norte-americano. Fitch reduz perspectiva para rating dos EUA para &#039;negativa&#039; O n\u00famero de desempregados [&hellip;]<\/p>\n","protected":false},"author":18,"featured_media":11013,"comment_status":"closed","ping_status":"closed","sticky":false,"template":"","format":"standard","meta":[],"categories":[63],"tags":[1296,793],"suno_strategy":[],"class_list":["post-52355","post","type-post","status-publish","format-standard","has-post-thumbnail","hentry","category-internacional","tag-desemprego","tag-estados-unidos-eua"],"yoast_head":"<!-- This site is optimized with the Yoast SEO plugin v24.4 - https:\/\/yoast.com\/wordpress\/plugins\/seo\/ -->\n<title>Taxa de desemprego nos EUA sobe para 3,6% em janeiro<\/title>\n<meta name=\"description\" content=\"Os Estados Unidos geraram 225 mil postos de trabalho em janeiro de 2020. A taxa de desemprego do pa\u00eds subiu para 3,6%. Clique para saber mais.\" \/>\n<meta name=\"robots\" content=\"index, follow, max-snippet:-1, max-image-preview:large, max-video-preview:-1\" \/>\n<link rel=\"canonical\" href=\"https:\/\/www.suno.com.br\/noticias\/taxa-de-desemprego-eua-sobe-janeiro\/\" \/>\n<meta property=\"og:locale\" content=\"pt_BR\" \/>\n<meta property=\"og:type\" content=\"article\" \/>\n<meta property=\"og:title\" content=\"Taxa de desemprego nos EUA sobe para 3,6% em janeiro\" \/>\n<meta property=\"og:description\" content=\"Os Estados Unidos geraram 225 mil postos de trabalho em janeiro de 2020. A taxa de desemprego do pa\u00eds subiu para 3,6%. Clique para saber mais.\" \/>\n<meta property=\"og:url\" content=\"https:\/\/www.suno.com.br\/noticias\/taxa-de-desemprego-eua-sobe-janeiro\/\" \/>\n<meta property=\"og:site_name\" content=\"Suno Not\u00edcias\" \/>\n<meta property=\"article:publisher\" content=\"https:\/\/facebook.com\/sunoresearch\" \/>\n<meta property=\"og:image\" content=\"https:\/\/files.sunoresearch.com.br\/n\/uploads\/2019\/01\/624c0be2-eua.jpg\" \/>\n\t<meta property=\"og:image:width\" content=\"1100\" \/>\n\t<meta property=\"og:image:height\" content=\"370\" \/>\n\t<meta property=\"og:image:type\" content=\"image\/jpeg\" \/>\n<meta name=\"author\" content=\"Giovanna Oliveira\" \/>\n<meta name=\"twitter:card\" content=\"summary_large_image\" \/>\n<meta name=\"twitter:creator\" content=\"@sunoresearch\" \/>\n<meta name=\"twitter:site\" content=\"@sunoresearch\" \/>\n<meta name=\"twitter:label1\" content=\"Escrito por\" \/>\n\t<meta name=\"twitter:data1\" content=\"Giovanna Oliveira\" \/>\n\t<meta name=\"twitter:label2\" content=\"Est. tempo de leitura\" \/>\n\t<meta name=\"twitter:data2\" content=\"2 minutos\" \/>\n<script type=\"application\/ld+json\" class=\"yoast-schema-graph\">{\"@context\":\"https:\/\/schema.org\",\"@graph\":[{\"@type\":\"NewsArticle\",\"@id\":\"https:\/\/www.suno.com.br\/noticias\/taxa-de-desemprego-eua-sobe-janeiro\/#article\",\"isPartOf\":{\"@id\":\"https:\/\/www.suno.com.br\/noticias\/taxa-de-desemprego-eua-sobe-janeiro\/\"},\"author\":{\"name\":\"Giovanna Oliveira\",\"@id\":\"https:\/\/www.suno.com.br\/noticias\/#\/schema\/person\/4e19e3d2575736e5283d58eb3199d120\"},\"headline\":\"Taxa de desemprego nos EUA sobe para 3,6% em janeiro\",\"datePublished\":\"2020-02-07T19:38:44+00:00\",\"dateModified\":\"2021-06-14T02:39:00+00:00\",\"mainEntityOfPage\":{\"@id\":\"https:\/\/www.suno.com.br\/noticias\/taxa-de-desemprego-eua-sobe-janeiro\/\"},\"wordCount\":408,\"publisher\":{\"@id\":\"https:\/\/www.suno.com.br\/noticias\/#organization\"},\"image\":{\"@id\":\"https:\/\/www.suno.com.br\/noticias\/taxa-de-desemprego-eua-sobe-janeiro\/#primaryimage\"},\"thumbnailUrl\":\"https:\/\/files.sunoresearch.com.br\/n\/uploads\/2019\/01\/624c0be2-eua-jpg.webp\",\"keywords\":[\"Desemprego\",\"Estados Unidos (EUA)\"],\"articleSection\":[\"Internacional\"],\"inLanguage\":\"pt-BR\"},{\"@type\":\"WebPage\",\"@id\":\"https:\/\/www.suno.com.br\/noticias\/taxa-de-desemprego-eua-sobe-janeiro\/\",\"url\":\"https:\/\/www.suno.com.br\/noticias\/taxa-de-desemprego-eua-sobe-janeiro\/\",\"name\":\"Taxa de desemprego nos EUA sobe para 3,6% em janeiro\",\"isPartOf\":{\"@id\":\"https:\/\/www.suno.com.br\/noticias\/#website\"},\"primaryImageOfPage\":{\"@id\":\"https:\/\/www.suno.com.br\/noticias\/taxa-de-desemprego-eua-sobe-janeiro\/#primaryimage\"},\"image\":{\"@id\":\"https:\/\/www.suno.com.br\/noticias\/taxa-de-desemprego-eua-sobe-janeiro\/#primaryimage\"},\"thumbnailUrl\":\"https:\/\/files.sunoresearch.com.br\/n\/uploads\/2019\/01\/624c0be2-eua-jpg.webp\",\"datePublished\":\"2020-02-07T19:38:44+00:00\",\"dateModified\":\"2021-06-14T02:39:00+00:00\",\"description\":\"Os Estados Unidos geraram 225 mil postos de trabalho em janeiro de 2020. A taxa de desemprego do pa\u00eds subiu para 3,6%. Clique para saber mais.\",\"breadcrumb\":{\"@id\":\"https:\/\/www.suno.com.br\/noticias\/taxa-de-desemprego-eua-sobe-janeiro\/#breadcrumb\"},\"inLanguage\":\"pt-BR\",\"potentialAction\":[{\"@type\":\"ReadAction\",\"target\":[\"https:\/\/www.suno.com.br\/noticias\/taxa-de-desemprego-eua-sobe-janeiro\/\"]}]},{\"@type\":\"ImageObject\",\"inLanguage\":\"pt-BR\",\"@id\":\"https:\/\/www.suno.com.br\/noticias\/taxa-de-desemprego-eua-sobe-janeiro\/#primaryimage\",\"url\":\"https:\/\/files.sunoresearch.com.br\/n\/uploads\/2019\/01\/624c0be2-eua-jpg.webp\",\"contentUrl\":\"https:\/\/files.sunoresearch.com.br\/n\/uploads\/2019\/01\/624c0be2-eua-jpg.webp\",\"width\":1100,\"height\":370,\"caption\":\"Fitch reduz perspectiva para rating dos EUA para 'negativa'\"},{\"@type\":\"BreadcrumbList\",\"@id\":\"https:\/\/www.suno.com.br\/noticias\/taxa-de-desemprego-eua-sobe-janeiro\/#breadcrumb\",\"itemListElement\":[{\"@type\":\"ListItem\",\"position\":1,\"name\":\"Not\u00edcias\",\"item\":\"https:\/\/www.suno.com.br\/noticias\/\"},{\"@type\":\"ListItem\",\"position\":2,\"name\":\"Internacional\",\"item\":\"https:\/\/www.suno.com.br\/noticias\/internacional\/\"},{\"@type\":\"ListItem\",\"position\":3,\"name\":\"Taxa de desemprego nos EUA sobe para 3,6% em janeiro\"}]},{\"@type\":\"WebSite\",\"@id\":\"https:\/\/www.suno.com.br\/noticias\/#website\",\"url\":\"https:\/\/www.suno.com.br\/noticias\/\",\"name\":\"Suno Not\u00edcias\",\"description\":\"Seu portal de informa\u00e7\u00e3o sobre o mundo dos investimentos\",\"publisher\":{\"@id\":\"https:\/\/www.suno.com.br\/noticias\/#organization\"},\"potentialAction\":[{\"@type\":\"SearchAction\",\"target\":{\"@type\":\"EntryPoint\",\"urlTemplate\":\"https:\/\/www.suno.com.br\/noticias\/?s={search_term_string}\"},\"query-input\":{\"@type\":\"PropertyValueSpecification\",\"valueRequired\":true,\"valueName\":\"search_term_string\"}}],\"inLanguage\":\"pt-BR\"},{\"@type\":\"Organization\",\"@id\":\"https:\/\/www.suno.com.br\/noticias\/#organization\",\"name\":\"Suno Not\u00edcias\",\"url\":\"https:\/\/www.suno.com.br\/noticias\/\",\"logo\":{\"@type\":\"ImageObject\",\"inLanguage\":\"pt-BR\",\"@id\":\"https:\/\/www.suno.com.br\/noticias\/#\/schema\/logo\/image\/\",\"url\":\"https:\/\/files.sunoresearch.com.br\/n\/uploads\/2021\/09\/suno-logo.png\",\"contentUrl\":\"https:\/\/files.sunoresearch.com.br\/n\/uploads\/2021\/09\/suno-logo.png\",\"width\":180,\"height\":180,\"caption\":\"Suno Not\u00edcias\"},\"image\":{\"@id\":\"https:\/\/www.suno.com.br\/noticias\/#\/schema\/logo\/image\/\"},\"sameAs\":[\"https:\/\/facebook.com\/sunoresearch\",\"https:\/\/x.com\/sunoresearch\",\"https:\/\/www.instagram.com\/suno\",\"https:\/\/www.linkedin.com\/company\/suno-research\/\",\"https:\/\/www.youtube.com\/c\/sunoresearch\"]},{\"@type\":\"Person\",\"@id\":\"https:\/\/www.suno.com.br\/noticias\/#\/schema\/person\/4e19e3d2575736e5283d58eb3199d120\",\"name\":\"Giovanna Oliveira\",\"image\":{\"@type\":\"ImageObject\",\"inLanguage\":\"pt-BR\",\"@id\":\"https:\/\/www.suno.com.br\/noticias\/#\/schema\/person\/image\/\",\"url\":\"https:\/\/secure.gravatar.com\/avatar\/9a37b3ae208962ac568992d0ffdbc2eb?s=96&r=g\",\"contentUrl\":\"https:\/\/secure.gravatar.com\/avatar\/9a37b3ae208962ac568992d0ffdbc2eb?s=96&r=g\",\"caption\":\"Giovanna Oliveira\"},\"description\":\"Giovanna Oliveira escreve sobre economia e pol\u00edtica. Foi rep\u00f3rter do portal de jornalismo da ESPM-SP e produziu conte\u00fado para a Corinthians TV. \u00c9 estudante da ESPM.\",\"url\":\"https:\/\/www.suno.com.br\/noticias\/author\/giovanna\/\"}]}<\/script>\n<!-- \/ Yoast SEO plugin. -->","yoast_head_json":{"title":"Taxa de desemprego nos EUA sobe para 3,6% em janeiro","description":"Os Estados Unidos geraram 225 mil postos de trabalho em janeiro de 2020. A taxa de desemprego do pa\u00eds subiu para 3,6%. Clique para saber mais.","robots":{"index":"index","follow":"follow","max-snippet":"max-snippet:-1","max-image-preview":"max-image-preview:large","max-video-preview":"max-video-preview:-1"},"canonical":"https:\/\/www.suno.com.br\/noticias\/taxa-de-desemprego-eua-sobe-janeiro\/","og_locale":"pt_BR","og_type":"article","og_title":"Taxa de desemprego nos EUA sobe para 3,6% em janeiro","og_description":"Os Estados Unidos geraram 225 mil postos de trabalho em janeiro de 2020. A taxa de desemprego do pa\u00eds subiu para 3,6%. Clique para saber mais.","og_url":"https:\/\/www.suno.com.br\/noticias\/taxa-de-desemprego-eua-sobe-janeiro\/","og_site_name":"Suno Not\u00edcias","article_publisher":"https:\/\/facebook.com\/sunoresearch","og_image":[{"width":1100,"height":370,"url":"https:\/\/files.sunoresearch.com.br\/n\/uploads\/2019\/01\/624c0be2-eua.jpg","type":"image\/jpeg"}],"author":"Giovanna Oliveira","twitter_card":"summary_large_image","twitter_creator":"@sunoresearch","twitter_site":"@sunoresearch","twitter_misc":{"Escrito por":"Giovanna Oliveira","Est. tempo de leitura":"2 minutos"},"schema":{"@context":"https:\/\/schema.org","@graph":[{"@type":"NewsArticle","@id":"https:\/\/www.suno.com.br\/noticias\/taxa-de-desemprego-eua-sobe-janeiro\/#article","isPartOf":{"@id":"https:\/\/www.suno.com.br\/noticias\/taxa-de-desemprego-eua-sobe-janeiro\/"},"author":{"name":"Giovanna Oliveira","@id":"https:\/\/www.suno.com.br\/noticias\/#\/schema\/person\/4e19e3d2575736e5283d58eb3199d120"},"headline":"Taxa de desemprego nos EUA sobe para 3,6% em janeiro","datePublished":"2020-02-07T19:38:44+00:00","dateModified":"2021-06-14T02:39:00+00:00","mainEntityOfPage":{"@id":"https:\/\/www.suno.com.br\/noticias\/taxa-de-desemprego-eua-sobe-janeiro\/"},"wordCount":408,"publisher":{"@id":"https:\/\/www.suno.com.br\/noticias\/#organization"},"image":{"@id":"https:\/\/www.suno.com.br\/noticias\/taxa-de-desemprego-eua-sobe-janeiro\/#primaryimage"},"thumbnailUrl":"https:\/\/files.sunoresearch.com.br\/n\/uploads\/2019\/01\/624c0be2-eua-jpg.webp","keywords":["Desemprego","Estados Unidos (EUA)"],"articleSection":["Internacional"],"inLanguage":"pt-BR"},{"@type":"WebPage","@id":"https:\/\/www.suno.com.br\/noticias\/taxa-de-desemprego-eua-sobe-janeiro\/","url":"https:\/\/www.suno.com.br\/noticias\/taxa-de-desemprego-eua-sobe-janeiro\/","name":"Taxa de desemprego nos EUA sobe para 3,6% em janeiro","isPartOf":{"@id":"https:\/\/www.suno.com.br\/noticias\/#website"},"primaryImageOfPage":{"@id":"https:\/\/www.suno.com.br\/noticias\/taxa-de-desemprego-eua-sobe-janeiro\/#primaryimage"},"image":{"@id":"https:\/\/www.suno.com.br\/noticias\/taxa-de-desemprego-eua-sobe-janeiro\/#primaryimage"},"thumbnailUrl":"https:\/\/files.sunoresearch.com.br\/n\/uploads\/2019\/01\/624c0be2-eua-jpg.webp","datePublished":"2020-02-07T19:38:44+00:00","dateModified":"2021-06-14T02:39:00+00:00","description":"Os Estados Unidos geraram 225 mil postos de trabalho em janeiro de 2020. A taxa de desemprego do pa\u00eds subiu para 3,6%. Clique para saber mais.","breadcrumb":{"@id":"https:\/\/www.suno.com.br\/noticias\/taxa-de-desemprego-eua-sobe-janeiro\/#breadcrumb"},"inLanguage":"pt-BR","potentialAction":[{"@type":"ReadAction","target":["https:\/\/www.suno.com.br\/noticias\/taxa-de-desemprego-eua-sobe-janeiro\/"]}]},{"@type":"ImageObject","inLanguage":"pt-BR","@id":"https:\/\/www.suno.com.br\/noticias\/taxa-de-desemprego-eua-sobe-janeiro\/#primaryimage","url":"https:\/\/files.sunoresearch.com.br\/n\/uploads\/2019\/01\/624c0be2-eua-jpg.webp","contentUrl":"https:\/\/files.sunoresearch.com.br\/n\/uploads\/2019\/01\/624c0be2-eua-jpg.webp","width":1100,"height":370,"caption":"Fitch reduz perspectiva para rating dos EUA para 'negativa'"},{"@type":"BreadcrumbList","@id":"https:\/\/www.suno.com.br\/noticias\/taxa-de-desemprego-eua-sobe-janeiro\/#breadcrumb","itemListElement":[{"@type":"ListItem","position":1,"name":"Not\u00edcias","item":"https:\/\/www.suno.com.br\/noticias\/"},{"@type":"ListItem","position":2,"name":"Internacional","item":"https:\/\/www.suno.com.br\/noticias\/internacional\/"},{"@type":"ListItem","position":3,"name":"Taxa de desemprego nos EUA sobe para 3,6% em janeiro"}]},{"@type":"WebSite","@id":"https:\/\/www.suno.com.br\/noticias\/#website","url":"https:\/\/www.suno.com.br\/noticias\/","name":"Suno Not\u00edcias","description":"Seu portal de informa\u00e7\u00e3o sobre o mundo dos investimentos","publisher":{"@id":"https:\/\/www.suno.com.br\/noticias\/#organization"},"potentialAction":[{"@type":"SearchAction","target":{"@type":"EntryPoint","urlTemplate":"https:\/\/www.suno.com.br\/noticias\/?s={search_term_string}"},"query-input":{"@type":"PropertyValueSpecification","valueRequired":true,"valueName":"search_term_string"}}],"inLanguage":"pt-BR"},{"@type":"Organization","@id":"https:\/\/www.suno.com.br\/noticias\/#organization","name":"Suno Not\u00edcias","url":"https:\/\/www.suno.com.br\/noticias\/","logo":{"@type":"ImageObject","inLanguage":"pt-BR","@id":"https:\/\/www.suno.com.br\/noticias\/#\/schema\/logo\/image\/","url":"https:\/\/files.sunoresearch.com.br\/n\/uploads\/2021\/09\/suno-logo.png","contentUrl":"https:\/\/files.sunoresearch.com.br\/n\/uploads\/2021\/09\/suno-logo.png","width":180,"height":180,"caption":"Suno Not\u00edcias"},"image":{"@id":"https:\/\/www.suno.com.br\/noticias\/#\/schema\/logo\/image\/"},"sameAs":["https:\/\/facebook.com\/sunoresearch","https:\/\/x.com\/sunoresearch","https:\/\/www.instagram.com\/suno","https:\/\/www.linkedin.com\/company\/suno-research\/","https:\/\/www.youtube.com\/c\/sunoresearch"]},{"@type":"Person","@id":"https:\/\/www.suno.com.br\/noticias\/#\/schema\/person\/4e19e3d2575736e5283d58eb3199d120","name":"Giovanna Oliveira","image":{"@type":"ImageObject","inLanguage":"pt-BR","@id":"https:\/\/www.suno.com.br\/noticias\/#\/schema\/person\/image\/","url":"https:\/\/secure.gravatar.com\/avatar\/9a37b3ae208962ac568992d0ffdbc2eb?s=96&r=g","contentUrl":"https:\/\/secure.gravatar.com\/avatar\/9a37b3ae208962ac568992d0ffdbc2eb?s=96&r=g","caption":"Giovanna Oliveira"},"description":"Giovanna Oliveira escreve sobre economia e pol\u00edtica. Foi rep\u00f3rter do portal de jornalismo da ESPM-SP e produziu conte\u00fado para a Corinthians TV. \u00c9 estudante da ESPM.","url":"https:\/\/www.suno.com.br\/noticias\/author\/giovanna\/"}]}},"default_loop_html":"<div class=\"cardsPage__listCard__boxs\"><div class=\"cardsPage__listCard__boxs__img\"><a href=\"https:\/\/www.suno.com.br\/noticias\/taxa-de-desemprego-eua-sobe-janeiro\/\"><img class=\"mask\" src=\"https:\/\/www.suno.com.br\/noticias\/wp-content\/themes\/suno\/resources\/images\/spotlight\/spotlight1img\/bg-mask.png\" alt=\"Image Mask\"\/><img src=\"https:\/\/files.sunoresearch.com.br\/n\/uploads\/2019\/01\/624c0be2-eua-400x200.webp\" alt=\"Taxa de desemprego nos EUA sobe para 3,6% em janeiro\"\/><\/a><span class=\"spotlightCategory\"><a href=\"https:\/\/www.suno.com.br\/noticias\/internacional\/\">Internacional<\/a><\/span><\/div><div class=\"cardsPage__listCard__boxs__content\"><a href=\"https:\/\/www.suno.com.br\/noticias\/taxa-de-desemprego-eua-sobe-janeiro\/\"><h2 class=\"content__title\">Taxa de desemprego nos EUA sobe para 3,6% em janeiro<\/h2><\/a><div class=\"newsContent__article__meta\"><div class=\"newsContent__article__meta__authorBox\"><a href=\"https:\/\/www.suno.com.br\/noticias\/author\/giovanna\/\" class=\"authorBox__avatar noMobi\"><img src=\"https:\/\/files.sunoresearch.com.br\/n\/uploads\/2019\/06\/952a89ca-screenshot_20190608-171507-150x150.webp\" alt=\"Giovanna Oliveira\"><\/a><div class=\"authorBox__name\"><span>por\n\t\t\t<a href=\"https:\/\/www.suno.com.br\/noticias\/author\/giovanna\/\"><span itemprop=\"author\">Giovanna Oliveira<\/span><\/a><\/span><time datetime=\"2020-02-07T17:38:44-03:00\" itemprop=\"datePublished\">07\/02\/2020 17:38<\/time><\/div><\/div><\/div><\/div><\/div>","single_layout":"posts","amp_enabled":true,"_links":{"self":[{"href":"https:\/\/www.suno.com.br\/noticias\/wp-json\/wp\/v2\/posts\/52355"}],"collection":[{"href":"https:\/\/www.suno.com.br\/noticias\/wp-json\/wp\/v2\/posts"}],"about":[{"href":"https:\/\/www.suno.com.br\/noticias\/wp-json\/wp\/v2\/types\/post"}],"author":[{"embeddable":true,"href":"https:\/\/www.suno.com.br\/noticias\/wp-json\/wp\/v2\/users\/18"}],"replies":[{"embeddable":true,"href":"https:\/\/www.suno.com.br\/noticias\/wp-json\/wp\/v2\/comments?post=52355"}],"version-history":[{"count":1,"href":"https:\/\/www.suno.com.br\/noticias\/wp-json\/wp\/v2\/posts\/52355\/revisions"}],"predecessor-version":[{"id":153922,"href":"https:\/\/www.suno.com.br\/noticias\/wp-json\/wp\/v2\/posts\/52355\/revisions\/153922"}],"wp:featuredmedia":[{"embeddable":true,"href":"https:\/\/www.suno.com.br\/noticias\/wp-json\/wp\/v2\/media\/11013"}],"wp:attachment":[{"href":"https:\/\/www.suno.com.br\/noticias\/wp-json\/wp\/v2\/media?parent=52355"}],"wp:term":[{"taxonomy":"category","embeddable":true,"href":"https:\/\/www.suno.com.br\/noticias\/wp-json\/wp\/v2\/categories?post=52355"},{"taxonomy":"post_tag","embeddable":true,"href":"https:\/\/www.suno.com.br\/noticias\/wp-json\/wp\/v2\/tags?post=52355"},{"taxonomy":"suno_strategy","embeddable":true,"href":"https:\/\/www.suno.com.br\/noticias\/wp-json\/wp\/v2\/suno_strategy?post=52355"}],"curies":[{"name":"wp","href":"https:\/\/api.w.org\/{rel}","templated":true}]}}