{"id":52350,"date":"2020-02-07T16:29:00","date_gmt":"2020-02-07T18:29:00","guid":{"rendered":"https:\/\/www.suno.com.br\/noticias\/?p=52350"},"modified":"2020-02-07T16:29:00","modified_gmt":"2020-02-07T18:29:00","slug":"reforma-administrativa-entregue-proxima-semana-guedes","status":"publish","type":"post","link":"https:\/\/www.suno.com.br\/noticias\/reforma-administrativa-entregue-proxima-semana-guedes\/","title":{"rendered":"Reforma administrativa ser\u00e1 entregue na pr\u00f3xima semana, diz Guedes"},"content":{"rendered":"<p>O ministro da Economia, <a href=\"https:\/\/www.suno.com.br\/tudo-sobre\/paulo-guedes\/\">Paulo Guedes<\/a>, afirmou que a proposta de <strong>reforma administrativa<\/strong> ser\u00e1 enviada \u00e0 C\u00e2mara dos Deputados na pr\u00f3xima semana. A declara\u00e7\u00e3o ocorreu nesta sexta-feira (7) durante um evento sobre pacto federativo, que ocorreu na Funda\u00e7\u00e3o Get\u00falio Vargas (FGV).<\/p>\t<div class=\"wrapper-featured-image\">\n\t\t<figure class=\"spotlightImg\">\n\n\t\t\t<picture>\n\t\t\t\t<source media=\"(max-width: 768px)\" srcset=\"https:\/\/files.sunoresearch.com.br\/n\/uploads\/2019\/04\/5a8ae8a4-paulo-guedes-400x200.webp\">\n\t\t\t\t<img loading=\"lazy\" decoding=\"async\" class=\"newsContent__article__imgCapa lazyloadDisabled newsContent__article__imgCapa--noCaption\" src=\"https:\/\/files.sunoresearch.com.br\/n\/uploads\/2019\/04\/5a8ae8a4-paulo-guedes-800x450.webp\" width=\"800\" height=\"450\" alt=\"Reforma administrativa ser\u00e1 entregue na pr\u00f3xima semana, diz Guedes\" fetchpriority=high \/>\n\t\t\t<\/picture>\n\n\t\t\t<figcaption class=\"wp-caption-text wp-caption-text--hide\">Reforma administrativa ser\u00e1 entregue na pr\u00f3xima semana, diz Guedes <\/figcaption>\n\t\t<\/figure>\n\t<\/div>\n\n\n\n<p>De acordo com o ministro, o <strong>Congresso Nacional<\/strong> est\u00e1 &#8220;abra\u00e7ando&#8221; tanto a reforma administrativa quanto a tribut\u00e1ria. Guedes afirmou que a proposta de\u00a0<a href=\"https:\/\/www.suno.com.br\/artigos\/reforma-tributaria\/\"><strong>reforma tribut\u00e1ria<\/strong><\/a> ser\u00e1 apresentada para um comit\u00ea formado pela C\u00e2mara e pelo Senado.<\/p>\n<p>\u201cA reforma tribut\u00e1ria \u00e9 um pouco mais complexa. A administrativa \u00e9 mais simples\u201d, disse o ministro.<\/p>\n<p>Guedes afirmou que o Congresso \u00e9 a favor da aprova\u00e7\u00e3o do pacto federativo e far\u00e1 sua parte para que seja aprovado. O ministro disse ainda que a rela\u00e7\u00e3o entre os poderes <strong>Executivo<\/strong> e <strong>Legislativo<\/strong> amadureceu, tornando o clima &#8220;extremamente favor\u00e1vel&#8221;.<\/p>\n\t<p>\n\t\t<a href=\"https:\/\/simulador-aposentadoria.suno.com.br\/?utm_source=suno-noticias&#038;utm_medium=banner&#038;utm_content=como-investir-para-aposentadoria-carteira-go&#038;utm_campaign=_SNC36CE4E9F_\" target=\"_blank\" data-element=\"shortcode-suno-banner\" title=\"Banner SUNO, clique e saiba mais\">\n\t\t\t<picture>\n\t\t\t\t<source media=\"(max-width: 500px)\" srcset=\"https:\/\/files.sunoresearch.com.br\/n\/uploads\/2025\/11\/400x300.webp\">\n\t\t\t\t<img class=\"newsContent__article__imgCapa newsContent__article__imgCapa--banner\"\n\t\t\t\t\tsrc=\"https:\/\/files.sunoresearch.com.br\/n\/uploads\/2025\/11\/1420x240.webp\"\n\t\t\t\t\tdata-promo-id=\"631530\"\t\t\t\t\t\t\t\t\t\twidth='1420' height='240'\t\t\t\t\talt=\"https:\/\/files.sunoresearch.com.br\/n\/uploads\/2025\/11\/1420x240.webp\"\n\t\t\t\t>\n\t\t\t<\/picture>\n\t\t<\/a>\n\t<\/p>\n\n\n<p>\u201cPrimeiro, o presidente [Jair Bolsonaro] vai acompanhar, depois o Congresso, interlocutores preparados, gente que j\u00e1 pensou sobre isso\u201d, disse Guedes sobre a aprova\u00e7\u00e3o do pacto federativo.<\/p>\n<h2>Bolsonaro fala sobre reforma administrativa<\/h2>\n<p>A declara\u00e7\u00e3o de Guedes vai de encontro com a fala do presidente Jair Bolsonaro sobre a reforma administrativa. No in\u00edcio de janeiro, o mandat\u00e1rio afirmou que a proposta dever\u00e1 chegar ao Congresso neste m\u00eas.<\/p>\n<p><a href=\"https:\/\/www.suno.com.br\/noticias\/reforma-administrativa-deve-ser-enviada-ao-congresso-em-fevereiro-afirma-bolsonaro\/\">Saiba mais: Reforma administrativa deve ser enviada ao Congresso em fevereiro, afirma Bolsonaro\u00a0<\/a><\/p>\n<p>O presidente disse que o projeto n\u00e3o ir\u00e1 implicar na estabilidade de servidores atuais, por\u00e9m pode mexer nas regras sobre novos funcion\u00e1rios do setor de servi\u00e7o p\u00fablico.<\/p>\n<p>\u201cA gente n\u00e3o pode apresentar um projeto neste sentido (que altera regras sobre estabilidade de servidores atuais) porque muita gente vai dizer que est\u00e1 quebrando a estabilidade de 12 milh\u00f5es de servidores. A gente n\u00e3o quer esse impacto negativo na sociedade, n\u00e9, que seria mais um fake news, uma mentira, mas que pode ter reflexos negativos para o Brasil como um todo\u201d, salientou o presidente da Rep\u00fablica sobre a <strong>reforma<\/strong> <strong>administrativa<\/strong>, em frente ao Pal\u00e1cio da Alvorada.<\/p>\n\n","protected":false},"excerpt":{"rendered":"<p>O ministro da Economia, Paulo Guedes, afirmou que a proposta de reforma administrativa ser\u00e1 enviada \u00e0 C\u00e2mara dos Deputados na pr\u00f3xima semana. A declara\u00e7\u00e3o ocorreu nesta sexta-feira (7) durante um evento sobre pacto federativo, que ocorreu na Funda\u00e7\u00e3o Get\u00falio Vargas (FGV). Reforma administrativa ser\u00e1 entregue na pr\u00f3xima semana, diz Guedes De acordo com o ministro, [&hellip;]<\/p>\n","protected":false},"author":18,"featured_media":22487,"comment_status":"closed","ping_status":"closed","sticky":false,"template":"","format":"standard","meta":[],"categories":[62],"tags":[796,1410],"suno_strategy":[],"class_list":["post-52350","post","type-post","status-publish","format-standard","has-post-thumbnail","hentry","category-economia","tag-paulo-guedes","tag-reforma-administrativa"],"yoast_head":"<!-- This site is optimized with the Yoast SEO plugin v24.4 - https:\/\/yoast.com\/wordpress\/plugins\/seo\/ -->\n<title>Reforma administrativa ser\u00e1 entregue na pr\u00f3xima semana, diz Guedes<\/title>\n<meta name=\"description\" content=\"Paulo Guedes afirmou que a proposta de reforma administrativa ser\u00e1 enviada \u00e0 C\u00e2mara dos Deputados na pr\u00f3xima semana. Clique para saber mais.\" \/>\n<meta name=\"robots\" content=\"index, follow, max-snippet:-1, max-image-preview:large, max-video-preview:-1\" \/>\n<link rel=\"canonical\" href=\"https:\/\/www.suno.com.br\/noticias\/reforma-administrativa-entregue-proxima-semana-guedes\/\" \/>\n<meta property=\"og:locale\" content=\"pt_BR\" \/>\n<meta property=\"og:type\" content=\"article\" \/>\n<meta property=\"og:title\" content=\"Reforma administrativa ser\u00e1 entregue na pr\u00f3xima semana, diz Guedes\" \/>\n<meta property=\"og:description\" content=\"Paulo Guedes afirmou que a proposta de reforma administrativa ser\u00e1 enviada \u00e0 C\u00e2mara dos Deputados na pr\u00f3xima semana. Clique para saber mais.\" \/>\n<meta property=\"og:url\" content=\"https:\/\/www.suno.com.br\/noticias\/reforma-administrativa-entregue-proxima-semana-guedes\/\" \/>\n<meta property=\"og:site_name\" content=\"Suno Not\u00edcias\" \/>\n<meta property=\"article:publisher\" content=\"https:\/\/facebook.com\/sunoresearch\" \/>\n<meta property=\"og:image\" content=\"https:\/\/files.sunoresearch.com.br\/n\/uploads\/2019\/04\/5a8ae8a4-paulo-guedes.jpg\" \/>\n\t<meta property=\"og:image:width\" content=\"1024\" \/>\n\t<meta property=\"og:image:height\" content=\"683\" \/>\n\t<meta property=\"og:image:type\" content=\"image\/jpeg\" \/>\n<meta name=\"author\" content=\"Giovanna Oliveira\" \/>\n<meta name=\"twitter:card\" content=\"summary_large_image\" \/>\n<meta name=\"twitter:creator\" content=\"@sunoresearch\" \/>\n<meta name=\"twitter:site\" content=\"@sunoresearch\" \/>\n<meta name=\"twitter:label1\" content=\"Escrito por\" \/>\n\t<meta name=\"twitter:data1\" content=\"Giovanna Oliveira\" \/>\n\t<meta name=\"twitter:label2\" content=\"Est. tempo de leitura\" \/>\n\t<meta name=\"twitter:data2\" content=\"2 minutos\" \/>\n<script type=\"application\/ld+json\" class=\"yoast-schema-graph\">{\"@context\":\"https:\/\/schema.org\",\"@graph\":[{\"@type\":\"NewsArticle\",\"@id\":\"https:\/\/www.suno.com.br\/noticias\/reforma-administrativa-entregue-proxima-semana-guedes\/#article\",\"isPartOf\":{\"@id\":\"https:\/\/www.suno.com.br\/noticias\/reforma-administrativa-entregue-proxima-semana-guedes\/\"},\"author\":{\"name\":\"Giovanna Oliveira\",\"@id\":\"https:\/\/www.suno.com.br\/noticias\/#\/schema\/person\/4e19e3d2575736e5283d58eb3199d120\"},\"headline\":\"Reforma administrativa ser\u00e1 entregue na pr\u00f3xima semana, diz Guedes\",\"datePublished\":\"2020-02-07T18:29:00+00:00\",\"mainEntityOfPage\":{\"@id\":\"https:\/\/www.suno.com.br\/noticias\/reforma-administrativa-entregue-proxima-semana-guedes\/\"},\"wordCount\":358,\"publisher\":{\"@id\":\"https:\/\/www.suno.com.br\/noticias\/#organization\"},\"image\":{\"@id\":\"https:\/\/www.suno.com.br\/noticias\/reforma-administrativa-entregue-proxima-semana-guedes\/#primaryimage\"},\"thumbnailUrl\":\"https:\/\/files.sunoresearch.com.br\/n\/uploads\/2019\/04\/5a8ae8a4-paulo-guedes-jpg.webp\",\"keywords\":[\"Paulo Guedes\",\"reforma administrativa\"],\"articleSection\":[\"Economia\"],\"inLanguage\":\"pt-BR\"},{\"@type\":\"WebPage\",\"@id\":\"https:\/\/www.suno.com.br\/noticias\/reforma-administrativa-entregue-proxima-semana-guedes\/\",\"url\":\"https:\/\/www.suno.com.br\/noticias\/reforma-administrativa-entregue-proxima-semana-guedes\/\",\"name\":\"Reforma administrativa ser\u00e1 entregue na pr\u00f3xima semana, diz Guedes\",\"isPartOf\":{\"@id\":\"https:\/\/www.suno.com.br\/noticias\/#website\"},\"primaryImageOfPage\":{\"@id\":\"https:\/\/www.suno.com.br\/noticias\/reforma-administrativa-entregue-proxima-semana-guedes\/#primaryimage\"},\"image\":{\"@id\":\"https:\/\/www.suno.com.br\/noticias\/reforma-administrativa-entregue-proxima-semana-guedes\/#primaryimage\"},\"thumbnailUrl\":\"https:\/\/files.sunoresearch.com.br\/n\/uploads\/2019\/04\/5a8ae8a4-paulo-guedes-jpg.webp\",\"datePublished\":\"2020-02-07T18:29:00+00:00\",\"description\":\"Paulo Guedes afirmou que a proposta de reforma administrativa ser\u00e1 enviada \u00e0 C\u00e2mara dos Deputados na pr\u00f3xima semana. Clique para saber mais.\",\"breadcrumb\":{\"@id\":\"https:\/\/www.suno.com.br\/noticias\/reforma-administrativa-entregue-proxima-semana-guedes\/#breadcrumb\"},\"inLanguage\":\"pt-BR\",\"potentialAction\":[{\"@type\":\"ReadAction\",\"target\":[\"https:\/\/www.suno.com.br\/noticias\/reforma-administrativa-entregue-proxima-semana-guedes\/\"]}]},{\"@type\":\"ImageObject\",\"inLanguage\":\"pt-BR\",\"@id\":\"https:\/\/www.suno.com.br\/noticias\/reforma-administrativa-entregue-proxima-semana-guedes\/#primaryimage\",\"url\":\"https:\/\/files.sunoresearch.com.br\/n\/uploads\/2019\/04\/5a8ae8a4-paulo-guedes-jpg.webp\",\"contentUrl\":\"https:\/\/files.sunoresearch.com.br\/n\/uploads\/2019\/04\/5a8ae8a4-paulo-guedes-jpg.webp\",\"width\":1024,\"height\":683,\"caption\":\"Reforma administrativa ser\u00e1 entregue na pr\u00f3xima semana, diz Guedes\"},{\"@type\":\"BreadcrumbList\",\"@id\":\"https:\/\/www.suno.com.br\/noticias\/reforma-administrativa-entregue-proxima-semana-guedes\/#breadcrumb\",\"itemListElement\":[{\"@type\":\"ListItem\",\"position\":1,\"name\":\"Not\u00edcias\",\"item\":\"https:\/\/www.suno.com.br\/noticias\/\"},{\"@type\":\"ListItem\",\"position\":2,\"name\":\"Economia\",\"item\":\"https:\/\/www.suno.com.br\/noticias\/economia\/\"},{\"@type\":\"ListItem\",\"position\":3,\"name\":\"Reforma administrativa ser\u00e1 entregue na pr\u00f3xima semana, diz Guedes\"}]},{\"@type\":\"WebSite\",\"@id\":\"https:\/\/www.suno.com.br\/noticias\/#website\",\"url\":\"https:\/\/www.suno.com.br\/noticias\/\",\"name\":\"Suno Not\u00edcias\",\"description\":\"Seu portal de informa\u00e7\u00e3o sobre o mundo dos investimentos\",\"publisher\":{\"@id\":\"https:\/\/www.suno.com.br\/noticias\/#organization\"},\"potentialAction\":[{\"@type\":\"SearchAction\",\"target\":{\"@type\":\"EntryPoint\",\"urlTemplate\":\"https:\/\/www.suno.com.br\/noticias\/?s={search_term_string}\"},\"query-input\":{\"@type\":\"PropertyValueSpecification\",\"valueRequired\":true,\"valueName\":\"search_term_string\"}}],\"inLanguage\":\"pt-BR\"},{\"@type\":\"Organization\",\"@id\":\"https:\/\/www.suno.com.br\/noticias\/#organization\",\"name\":\"Suno Not\u00edcias\",\"url\":\"https:\/\/www.suno.com.br\/noticias\/\",\"logo\":{\"@type\":\"ImageObject\",\"inLanguage\":\"pt-BR\",\"@id\":\"https:\/\/www.suno.com.br\/noticias\/#\/schema\/logo\/image\/\",\"url\":\"https:\/\/files.sunoresearch.com.br\/n\/uploads\/2021\/09\/suno-logo.png\",\"contentUrl\":\"https:\/\/files.sunoresearch.com.br\/n\/uploads\/2021\/09\/suno-logo.png\",\"width\":180,\"height\":180,\"caption\":\"Suno Not\u00edcias\"},\"image\":{\"@id\":\"https:\/\/www.suno.com.br\/noticias\/#\/schema\/logo\/image\/\"},\"sameAs\":[\"https:\/\/facebook.com\/sunoresearch\",\"https:\/\/x.com\/sunoresearch\",\"https:\/\/www.instagram.com\/suno\",\"https:\/\/www.linkedin.com\/company\/suno-research\/\",\"https:\/\/www.youtube.com\/c\/sunoresearch\"]},{\"@type\":\"Person\",\"@id\":\"https:\/\/www.suno.com.br\/noticias\/#\/schema\/person\/4e19e3d2575736e5283d58eb3199d120\",\"name\":\"Giovanna Oliveira\",\"image\":{\"@type\":\"ImageObject\",\"inLanguage\":\"pt-BR\",\"@id\":\"https:\/\/www.suno.com.br\/noticias\/#\/schema\/person\/image\/\",\"url\":\"https:\/\/secure.gravatar.com\/avatar\/9a37b3ae208962ac568992d0ffdbc2eb?s=96&r=g\",\"contentUrl\":\"https:\/\/secure.gravatar.com\/avatar\/9a37b3ae208962ac568992d0ffdbc2eb?s=96&r=g\",\"caption\":\"Giovanna Oliveira\"},\"description\":\"Giovanna Oliveira escreve sobre economia e pol\u00edtica. Foi rep\u00f3rter do portal de jornalismo da ESPM-SP e produziu conte\u00fado para a Corinthians TV. \u00c9 estudante da ESPM.\",\"url\":\"https:\/\/www.suno.com.br\/noticias\/author\/giovanna\/\"}]}<\/script>\n<!-- \/ Yoast SEO plugin. -->","yoast_head_json":{"title":"Reforma administrativa ser\u00e1 entregue na pr\u00f3xima semana, diz Guedes","description":"Paulo Guedes afirmou que a proposta de reforma administrativa ser\u00e1 enviada \u00e0 C\u00e2mara dos Deputados na pr\u00f3xima semana. Clique para saber mais.","robots":{"index":"index","follow":"follow","max-snippet":"max-snippet:-1","max-image-preview":"max-image-preview:large","max-video-preview":"max-video-preview:-1"},"canonical":"https:\/\/www.suno.com.br\/noticias\/reforma-administrativa-entregue-proxima-semana-guedes\/","og_locale":"pt_BR","og_type":"article","og_title":"Reforma administrativa ser\u00e1 entregue na pr\u00f3xima semana, diz Guedes","og_description":"Paulo Guedes afirmou que a proposta de reforma administrativa ser\u00e1 enviada \u00e0 C\u00e2mara dos Deputados na pr\u00f3xima semana. Clique para saber mais.","og_url":"https:\/\/www.suno.com.br\/noticias\/reforma-administrativa-entregue-proxima-semana-guedes\/","og_site_name":"Suno Not\u00edcias","article_publisher":"https:\/\/facebook.com\/sunoresearch","og_image":[{"width":1024,"height":683,"url":"https:\/\/files.sunoresearch.com.br\/n\/uploads\/2019\/04\/5a8ae8a4-paulo-guedes.jpg","type":"image\/jpeg"}],"author":"Giovanna Oliveira","twitter_card":"summary_large_image","twitter_creator":"@sunoresearch","twitter_site":"@sunoresearch","twitter_misc":{"Escrito por":"Giovanna Oliveira","Est. tempo de leitura":"2 minutos"},"schema":{"@context":"https:\/\/schema.org","@graph":[{"@type":"NewsArticle","@id":"https:\/\/www.suno.com.br\/noticias\/reforma-administrativa-entregue-proxima-semana-guedes\/#article","isPartOf":{"@id":"https:\/\/www.suno.com.br\/noticias\/reforma-administrativa-entregue-proxima-semana-guedes\/"},"author":{"name":"Giovanna Oliveira","@id":"https:\/\/www.suno.com.br\/noticias\/#\/schema\/person\/4e19e3d2575736e5283d58eb3199d120"},"headline":"Reforma administrativa ser\u00e1 entregue na pr\u00f3xima semana, diz Guedes","datePublished":"2020-02-07T18:29:00+00:00","mainEntityOfPage":{"@id":"https:\/\/www.suno.com.br\/noticias\/reforma-administrativa-entregue-proxima-semana-guedes\/"},"wordCount":358,"publisher":{"@id":"https:\/\/www.suno.com.br\/noticias\/#organization"},"image":{"@id":"https:\/\/www.suno.com.br\/noticias\/reforma-administrativa-entregue-proxima-semana-guedes\/#primaryimage"},"thumbnailUrl":"https:\/\/files.sunoresearch.com.br\/n\/uploads\/2019\/04\/5a8ae8a4-paulo-guedes-jpg.webp","keywords":["Paulo Guedes","reforma administrativa"],"articleSection":["Economia"],"inLanguage":"pt-BR"},{"@type":"WebPage","@id":"https:\/\/www.suno.com.br\/noticias\/reforma-administrativa-entregue-proxima-semana-guedes\/","url":"https:\/\/www.suno.com.br\/noticias\/reforma-administrativa-entregue-proxima-semana-guedes\/","name":"Reforma administrativa ser\u00e1 entregue na pr\u00f3xima semana, diz Guedes","isPartOf":{"@id":"https:\/\/www.suno.com.br\/noticias\/#website"},"primaryImageOfPage":{"@id":"https:\/\/www.suno.com.br\/noticias\/reforma-administrativa-entregue-proxima-semana-guedes\/#primaryimage"},"image":{"@id":"https:\/\/www.suno.com.br\/noticias\/reforma-administrativa-entregue-proxima-semana-guedes\/#primaryimage"},"thumbnailUrl":"https:\/\/files.sunoresearch.com.br\/n\/uploads\/2019\/04\/5a8ae8a4-paulo-guedes-jpg.webp","datePublished":"2020-02-07T18:29:00+00:00","description":"Paulo Guedes afirmou que a proposta de reforma administrativa ser\u00e1 enviada \u00e0 C\u00e2mara dos Deputados na pr\u00f3xima semana. Clique para saber mais.","breadcrumb":{"@id":"https:\/\/www.suno.com.br\/noticias\/reforma-administrativa-entregue-proxima-semana-guedes\/#breadcrumb"},"inLanguage":"pt-BR","potentialAction":[{"@type":"ReadAction","target":["https:\/\/www.suno.com.br\/noticias\/reforma-administrativa-entregue-proxima-semana-guedes\/"]}]},{"@type":"ImageObject","inLanguage":"pt-BR","@id":"https:\/\/www.suno.com.br\/noticias\/reforma-administrativa-entregue-proxima-semana-guedes\/#primaryimage","url":"https:\/\/files.sunoresearch.com.br\/n\/uploads\/2019\/04\/5a8ae8a4-paulo-guedes-jpg.webp","contentUrl":"https:\/\/files.sunoresearch.com.br\/n\/uploads\/2019\/04\/5a8ae8a4-paulo-guedes-jpg.webp","width":1024,"height":683,"caption":"Reforma administrativa ser\u00e1 entregue na pr\u00f3xima semana, diz Guedes"},{"@type":"BreadcrumbList","@id":"https:\/\/www.suno.com.br\/noticias\/reforma-administrativa-entregue-proxima-semana-guedes\/#breadcrumb","itemListElement":[{"@type":"ListItem","position":1,"name":"Not\u00edcias","item":"https:\/\/www.suno.com.br\/noticias\/"},{"@type":"ListItem","position":2,"name":"Economia","item":"https:\/\/www.suno.com.br\/noticias\/economia\/"},{"@type":"ListItem","position":3,"name":"Reforma administrativa ser\u00e1 entregue na pr\u00f3xima semana, diz Guedes"}]},{"@type":"WebSite","@id":"https:\/\/www.suno.com.br\/noticias\/#website","url":"https:\/\/www.suno.com.br\/noticias\/","name":"Suno Not\u00edcias","description":"Seu portal de informa\u00e7\u00e3o sobre o mundo dos investimentos","publisher":{"@id":"https:\/\/www.suno.com.br\/noticias\/#organization"},"potentialAction":[{"@type":"SearchAction","target":{"@type":"EntryPoint","urlTemplate":"https:\/\/www.suno.com.br\/noticias\/?s={search_term_string}"},"query-input":{"@type":"PropertyValueSpecification","valueRequired":true,"valueName":"search_term_string"}}],"inLanguage":"pt-BR"},{"@type":"Organization","@id":"https:\/\/www.suno.com.br\/noticias\/#organization","name":"Suno Not\u00edcias","url":"https:\/\/www.suno.com.br\/noticias\/","logo":{"@type":"ImageObject","inLanguage":"pt-BR","@id":"https:\/\/www.suno.com.br\/noticias\/#\/schema\/logo\/image\/","url":"https:\/\/files.sunoresearch.com.br\/n\/uploads\/2021\/09\/suno-logo.png","contentUrl":"https:\/\/files.sunoresearch.com.br\/n\/uploads\/2021\/09\/suno-logo.png","width":180,"height":180,"caption":"Suno Not\u00edcias"},"image":{"@id":"https:\/\/www.suno.com.br\/noticias\/#\/schema\/logo\/image\/"},"sameAs":["https:\/\/facebook.com\/sunoresearch","https:\/\/x.com\/sunoresearch","https:\/\/www.instagram.com\/suno","https:\/\/www.linkedin.com\/company\/suno-research\/","https:\/\/www.youtube.com\/c\/sunoresearch"]},{"@type":"Person","@id":"https:\/\/www.suno.com.br\/noticias\/#\/schema\/person\/4e19e3d2575736e5283d58eb3199d120","name":"Giovanna Oliveira","image":{"@type":"ImageObject","inLanguage":"pt-BR","@id":"https:\/\/www.suno.com.br\/noticias\/#\/schema\/person\/image\/","url":"https:\/\/secure.gravatar.com\/avatar\/9a37b3ae208962ac568992d0ffdbc2eb?s=96&r=g","contentUrl":"https:\/\/secure.gravatar.com\/avatar\/9a37b3ae208962ac568992d0ffdbc2eb?s=96&r=g","caption":"Giovanna Oliveira"},"description":"Giovanna Oliveira escreve sobre economia e pol\u00edtica. Foi rep\u00f3rter do portal de jornalismo da ESPM-SP e produziu conte\u00fado para a Corinthians TV. \u00c9 estudante da ESPM.","url":"https:\/\/www.suno.com.br\/noticias\/author\/giovanna\/"}]}},"default_loop_html":"<div class=\"cardsPage__listCard__boxs\"><div class=\"cardsPage__listCard__boxs__img\"><a href=\"https:\/\/www.suno.com.br\/noticias\/reforma-administrativa-entregue-proxima-semana-guedes\/\"><img class=\"mask\" src=\"https:\/\/www.suno.com.br\/noticias\/wp-content\/themes\/suno\/resources\/images\/spotlight\/spotlight1img\/bg-mask.png\" alt=\"Image Mask\"\/><img src=\"https:\/\/files.sunoresearch.com.br\/n\/uploads\/2019\/04\/5a8ae8a4-paulo-guedes-400x200.webp\" alt=\"Reforma administrativa ser\u00e1 entregue na pr\u00f3xima semana, diz Guedes\"\/><\/a><span class=\"spotlightCategory\"><a href=\"https:\/\/www.suno.com.br\/noticias\/economia\/\">Economia<\/a><\/span><\/div><div class=\"cardsPage__listCard__boxs__content\"><a href=\"https:\/\/www.suno.com.br\/noticias\/reforma-administrativa-entregue-proxima-semana-guedes\/\"><h2 class=\"content__title\">Reforma administrativa ser\u00e1 entregue na pr\u00f3xima semana, diz Guedes<\/h2><\/a><div class=\"newsContent__article__meta\"><div class=\"newsContent__article__meta__authorBox\"><a href=\"https:\/\/www.suno.com.br\/noticias\/author\/giovanna\/\" class=\"authorBox__avatar noMobi\"><img src=\"https:\/\/files.sunoresearch.com.br\/n\/uploads\/2019\/06\/952a89ca-screenshot_20190608-171507-150x150.webp\" alt=\"Giovanna Oliveira\"><\/a><div class=\"authorBox__name\"><span>por\n\t\t\t<a href=\"https:\/\/www.suno.com.br\/noticias\/author\/giovanna\/\"><span itemprop=\"author\">Giovanna Oliveira<\/span><\/a><\/span><time datetime=\"2020-02-07T16:29:00-03:00\" itemprop=\"datePublished\">07\/02\/2020 16:29<\/time><\/div><\/div><\/div><\/div><\/div>","single_layout":"posts","amp_enabled":true,"_links":{"self":[{"href":"https:\/\/www.suno.com.br\/noticias\/wp-json\/wp\/v2\/posts\/52350"}],"collection":[{"href":"https:\/\/www.suno.com.br\/noticias\/wp-json\/wp\/v2\/posts"}],"about":[{"href":"https:\/\/www.suno.com.br\/noticias\/wp-json\/wp\/v2\/types\/post"}],"author":[{"embeddable":true,"href":"https:\/\/www.suno.com.br\/noticias\/wp-json\/wp\/v2\/users\/18"}],"replies":[{"embeddable":true,"href":"https:\/\/www.suno.com.br\/noticias\/wp-json\/wp\/v2\/comments?post=52350"}],"version-history":[{"count":0,"href":"https:\/\/www.suno.com.br\/noticias\/wp-json\/wp\/v2\/posts\/52350\/revisions"}],"wp:featuredmedia":[{"embeddable":true,"href":"https:\/\/www.suno.com.br\/noticias\/wp-json\/wp\/v2\/media\/22487"}],"wp:attachment":[{"href":"https:\/\/www.suno.com.br\/noticias\/wp-json\/wp\/v2\/media?parent=52350"}],"wp:term":[{"taxonomy":"category","embeddable":true,"href":"https:\/\/www.suno.com.br\/noticias\/wp-json\/wp\/v2\/categories?post=52350"},{"taxonomy":"post_tag","embeddable":true,"href":"https:\/\/www.suno.com.br\/noticias\/wp-json\/wp\/v2\/tags?post=52350"},{"taxonomy":"suno_strategy","embeddable":true,"href":"https:\/\/www.suno.com.br\/noticias\/wp-json\/wp\/v2\/suno_strategy?post=52350"}],"curies":[{"name":"wp","href":"https:\/\/api.w.org\/{rel}","templated":true}]}}