{"id":52331,"date":"2020-02-07T13:47:30","date_gmt":"2020-02-07T15:47:30","guid":{"rendered":"https:\/\/www.suno.com.br\/noticias\/?p=52331"},"modified":"2020-02-07T13:47:30","modified_gmt":"2020-02-07T15:47:30","slug":"caixa-alteracoes-administrativas-diz-agencia","status":"publish","type":"post","link":"https:\/\/www.suno.com.br\/noticias\/caixa-alteracoes-administrativas-diz-agencia\/","title":{"rendered":"Caixa prepara altera\u00e7\u00f5es administrativas e PDV, diz ag\u00eancia"},"content":{"rendered":"<p>A <strong>Caixa Econ\u00f4mica Federal<\/strong> est\u00e1 preparando uma reformula\u00e7\u00e3o em sua estrutura administrativa, seguido de um <strong>programa de demiss\u00e3o volunt\u00e1ria<\/strong> (PDV). As informa\u00e7\u00f5es foram obtidas pela ag\u00eancia de not\u00edcias &#8220;Reuters&#8221;.<\/p>\t<div class=\"wrapper-featured-image\">\n\t\t<figure class=\"spotlightImg\">\n\n\t\t\t<picture>\n\t\t\t\t<source media=\"(max-width: 768px)\" srcset=\"https:\/\/files.sunoresearch.com.br\/n\/uploads\/2020\/01\/7d016a90-caixa-400x200.webp\">\n\t\t\t\t<img loading=\"lazy\" decoding=\"async\" class=\"newsContent__article__imgCapa lazyloadDisabled newsContent__article__imgCapa--noCaption\" src=\"https:\/\/files.sunoresearch.com.br\/n\/uploads\/2020\/01\/7d016a90-caixa-800x450.webp\" width=\"800\" height=\"450\" alt=\"Caixa prepara altera\u00e7\u00f5es administrativas e PDV, diz ag\u00eancia\" fetchpriority=high \/>\n\t\t\t<\/picture>\n\n\t\t\t<figcaption class=\"wp-caption-text wp-caption-text--hide\">Coronavoucher: pedidos ser\u00e3o analisados em 20 dias<\/figcaption>\n\t\t<\/figure>\n\t<\/div>\n\n\n\n<p>De acordo com o processo interno, o n\u00famero de superintend\u00eancias de rede de varejo da Caixa deve subir para 412, sendo que atualmente s\u00e3o 92. Al\u00e9m disso, passar\u00e3o a existir 57 superintend\u00eancias de governo e 54 superintend\u00eancias de habita\u00e7\u00e3o.<\/p>\n<p>&#8220;Somos o banco de todos os brasileiros, em especial, dos que mais precisam e, por isso, iremos garantir o atendimento de excel\u00eancia para todos os nossos clientes&#8221;, diz parte do documento interno sobre a nova estrutura da institui\u00e7\u00e3o, mas que pode ser alterada antes de chegar ao conselho.<\/p>\n<p>O <a href=\"https:\/\/www.suno.com.br\/artigos\/conselho-administracao\/\">Conselho de Administra\u00e7\u00e3o<\/a> analisar\u00e1 a proposta que prev\u00ea a cria\u00e7\u00e3o de 3,6 mil novas vagas de gerentes, al\u00e9m de 2,6 mil novos assistentes. Ambas as fun\u00e7\u00f5es dever\u00e3o ser exercidas por funcion\u00e1rios j\u00e1 ligados \u00e0 Caixa.<\/p>\n<p><a href=\"https:\/\/www.suno.com.br\/noticias\/ceo-do-credit-suisse-renuncia\/\">Saiba mais: CEO do Credit Suisse renuncia ap\u00f3s caso de espionagem<\/a><\/p>\n<p>Enquanto isso, o banco estatal tamb\u00e9m quer cortar cerca de 30 de suas <strong>superintend\u00eancias regionais<\/strong>, postos que ficam abaixo da diretoria na hierarquia do banco. Atualmente existem 184 dessas superintend\u00eancias.<\/p>\n<p>Dessa forma, cada superintendente ficaria respons\u00e1vel por cerca de 15 ag\u00eancias, enquanto hoje cada um cuida de centenas.<\/p>\n<p>Os novos superintendentes tem o objetivo de estimular o crescimento da venda de produtos financeiros entre os 8,7 mil correspondentes banc\u00e1rios e 13,7 mil lot\u00e9ricos credenciados pela Caixa. Os executivos ser\u00e3o remunerados parcialmente de acordo com o resultado de suas vendas.<\/p>\n<h2>Corte de custos da Caixa<\/h2>\n<p>A reestrutura\u00e7\u00e3o administrativa ser\u00e1 seguida de um <strong>PDV<\/strong>, o qual a Caixa foca no centro da pir\u00e2mide hier\u00e1rquica da institui\u00e7\u00e3o.<\/p>\n<p>Ademais, a estatal estima fechar um n\u00famero ainda indefinido de ag\u00eancias, principalmente nas maiores cidades do Pa\u00eds, onde a concentra\u00e7\u00e3o de pontos f\u00edsicos \u00e9 maior. Nas principais metr\u00f3poles, os rivais da Caixa vem reduzindo sua estrutura f\u00edsica e se voltando cada vez mais para o<strong> atendimento digital<\/strong>.<\/p>\n\t<p>\n\t\t<a href=\"https:\/\/lp.suno.com.br\/ebook-gratuito-investindo-no-exterior\/\" target=\"_blank\" data-element=\"shortcode-suno-banner\" title=\"Banner SUNO, clique e saiba mais\">\n\t\t\t<picture>\n\t\t\t\t<source media=\"(max-width: 500px)\" srcset=\"https:\/\/files.sunoresearch.com.br\/n\/uploads\/2023\/03\/400x300-Investindo-no-exterior.png\">\n\t\t\t\t<img class=\"newsContent__article__imgCapa newsContent__article__imgCapa--banner\"\n\t\t\t\t\tsrc=\"https:\/\/files.sunoresearch.com.br\/n\/uploads\/2023\/03\/1420x240-Investindo-no-exterior.png\"\n\t\t\t\t\tdata-promo-id=\"383161\"\t\t\t\t\t\t\t\t\t\twidth='1420' height='240'\t\t\t\t\talt=\"https:\/\/files.sunoresearch.com.br\/n\/uploads\/2023\/03\/1420x240-Investindo-no-exterior.png\"\n\t\t\t\t>\n\t\t\t<\/picture>\n\t\t<\/a>\n\t<\/p>\n\n\n<p>As mudan\u00e7as na Caixa servem como um teste para o comando do atual presidente <strong><a href=\"https:\/\/www.suno.com.br\/tudo-sobre\/pedro-guimaraes\/\">Pedro Guimar\u00e3es<\/a><\/strong>. Quando assumiu, em janeiro do ano passado, o executivo tinha o objetivo de tornar o banco mais eficiente e rent\u00e1vel. A Caixa \u00e9 uma das maiores estatais do Pa\u00eds, empregando pouco menos de 100 mil pessoas.<\/p>\n<p>Al\u00e9m disso, o banco vem realizando <strong>desinvestimentos<\/strong> em outros neg\u00f3cios, dessa forma, utiliza o valor levantado para ressarcir o Tesouro Nacional dos R$ 40 bilh\u00f5es que pegou emprestado na \u00faltima d\u00e9cada, com o intuito de expandir sua carteira de cr\u00e9dito.<\/p>\n<p>Uma das vendas \u00e9 o da <strong>Caixa Seguridade<\/strong>, que deve realizar sua <a href=\"https:\/\/www.suno.com.br\/artigos\/ipo\/\">oferta p\u00fablica inicial de a\u00e7\u00f5es (IPO)<\/a> at\u00e9 abril. A estatal estima que a sua subsidi\u00e1ria valha entre R$ 50 bilh\u00f5es e R$ 60 bilh\u00f5es.<\/p>\n\n","protected":false},"excerpt":{"rendered":"<p>A Caixa Econ\u00f4mica Federal est\u00e1 preparando uma reformula\u00e7\u00e3o em sua estrutura administrativa, seguido de um programa de demiss\u00e3o volunt\u00e1ria (PDV). As informa\u00e7\u00f5es foram obtidas pela ag\u00eancia de not\u00edcias &#8220;Reuters&#8221;. Coronavoucher: pedidos ser\u00e3o analisados em 20 dias De acordo com o processo interno, o n\u00famero de superintend\u00eancias de rede de varejo da Caixa deve subir para [&hellip;]<\/p>\n","protected":false},"author":24,"featured_media":51590,"comment_status":"closed","ping_status":"closed","sticky":false,"template":"","format":"standard","meta":[],"categories":[64],"tags":[1199,2059],"suno_strategy":[],"class_list":["post-52331","post","type-post","status-publish","format-standard","has-post-thumbnail","hentry","category-negocios","tag-caixa-economica-federal-cef","tag-programa-de-demissao-voluntaria-pdv"],"yoast_head":"<!-- This site is optimized with the Yoast SEO plugin v24.4 - https:\/\/yoast.com\/wordpress\/plugins\/seo\/ -->\n<title>Caixa prepara altera\u00e7\u00f5es administrativas e PDV, diz ag\u00eancia<\/title>\n<meta name=\"description\" content=\"A Caixa Econ\u00f4mica Federal est\u00e1 preparando uma reformula\u00e7\u00e3o em sua estrutura administrativa, seguido de um PDV. Clique e saiba mais.\" \/>\n<meta name=\"robots\" content=\"index, follow, max-snippet:-1, max-image-preview:large, max-video-preview:-1\" \/>\n<link rel=\"canonical\" href=\"https:\/\/www.suno.com.br\/noticias\/caixa-alteracoes-administrativas-diz-agencia\/\" \/>\n<meta property=\"og:locale\" content=\"pt_BR\" \/>\n<meta property=\"og:type\" content=\"article\" \/>\n<meta property=\"og:title\" content=\"Caixa prepara altera\u00e7\u00f5es administrativas e PDV, diz ag\u00eancia\" \/>\n<meta property=\"og:description\" content=\"A Caixa Econ\u00f4mica Federal est\u00e1 preparando uma reformula\u00e7\u00e3o em sua estrutura administrativa, seguido de um PDV. Clique e saiba mais.\" \/>\n<meta property=\"og:url\" content=\"https:\/\/www.suno.com.br\/noticias\/caixa-alteracoes-administrativas-diz-agencia\/\" \/>\n<meta property=\"og:site_name\" content=\"Suno Not\u00edcias\" \/>\n<meta property=\"article:publisher\" content=\"https:\/\/facebook.com\/sunoresearch\" \/>\n<meta property=\"og:image\" content=\"https:\/\/files.sunoresearch.com.br\/n\/uploads\/2020\/01\/7d016a90-caixa.jpg\" \/>\n\t<meta property=\"og:image:width\" content=\"1200\" \/>\n\t<meta property=\"og:image:height\" content=\"818\" \/>\n\t<meta property=\"og:image:type\" content=\"image\/jpeg\" \/>\n<meta name=\"author\" content=\"Jader Lazarini\" \/>\n<meta name=\"twitter:card\" content=\"summary_large_image\" \/>\n<meta name=\"twitter:creator\" content=\"@sunoresearch\" \/>\n<meta name=\"twitter:site\" content=\"@sunoresearch\" \/>\n<meta name=\"twitter:label1\" content=\"Escrito por\" \/>\n\t<meta name=\"twitter:data1\" content=\"Jader Lazarini\" \/>\n\t<meta name=\"twitter:label2\" content=\"Est. tempo de leitura\" \/>\n\t<meta name=\"twitter:data2\" content=\"3 minutos\" \/>\n<script type=\"application\/ld+json\" class=\"yoast-schema-graph\">{\"@context\":\"https:\/\/schema.org\",\"@graph\":[{\"@type\":\"NewsArticle\",\"@id\":\"https:\/\/www.suno.com.br\/noticias\/caixa-alteracoes-administrativas-diz-agencia\/#article\",\"isPartOf\":{\"@id\":\"https:\/\/www.suno.com.br\/noticias\/caixa-alteracoes-administrativas-diz-agencia\/\"},\"author\":{\"name\":\"Jader Lazarini\",\"@id\":\"https:\/\/www.suno.com.br\/noticias\/#\/schema\/person\/918d79de1f0281f01599b93f9ea6e23f\"},\"headline\":\"Caixa prepara altera\u00e7\u00f5es administrativas e PDV, diz ag\u00eancia\",\"datePublished\":\"2020-02-07T15:47:30+00:00\",\"mainEntityOfPage\":{\"@id\":\"https:\/\/www.suno.com.br\/noticias\/caixa-alteracoes-administrativas-diz-agencia\/\"},\"wordCount\":511,\"publisher\":{\"@id\":\"https:\/\/www.suno.com.br\/noticias\/#organization\"},\"image\":{\"@id\":\"https:\/\/www.suno.com.br\/noticias\/caixa-alteracoes-administrativas-diz-agencia\/#primaryimage\"},\"thumbnailUrl\":\"https:\/\/files.sunoresearch.com.br\/n\/uploads\/2020\/01\/7d016a90-caixa-jpg.webp\",\"keywords\":[\"Caixa Econ\u00f4mica Federal (CEF)\",\"Programa de demiss\u00e3o volunt\u00e1ria (PDV)\"],\"articleSection\":[\"Neg\u00f3cios\"],\"inLanguage\":\"pt-BR\"},{\"@type\":\"WebPage\",\"@id\":\"https:\/\/www.suno.com.br\/noticias\/caixa-alteracoes-administrativas-diz-agencia\/\",\"url\":\"https:\/\/www.suno.com.br\/noticias\/caixa-alteracoes-administrativas-diz-agencia\/\",\"name\":\"Caixa prepara altera\u00e7\u00f5es administrativas e PDV, diz ag\u00eancia\",\"isPartOf\":{\"@id\":\"https:\/\/www.suno.com.br\/noticias\/#website\"},\"primaryImageOfPage\":{\"@id\":\"https:\/\/www.suno.com.br\/noticias\/caixa-alteracoes-administrativas-diz-agencia\/#primaryimage\"},\"image\":{\"@id\":\"https:\/\/www.suno.com.br\/noticias\/caixa-alteracoes-administrativas-diz-agencia\/#primaryimage\"},\"thumbnailUrl\":\"https:\/\/files.sunoresearch.com.br\/n\/uploads\/2020\/01\/7d016a90-caixa-jpg.webp\",\"datePublished\":\"2020-02-07T15:47:30+00:00\",\"description\":\"A Caixa Econ\u00f4mica Federal est\u00e1 preparando uma reformula\u00e7\u00e3o em sua estrutura administrativa, seguido de um PDV. Clique e saiba mais.\",\"breadcrumb\":{\"@id\":\"https:\/\/www.suno.com.br\/noticias\/caixa-alteracoes-administrativas-diz-agencia\/#breadcrumb\"},\"inLanguage\":\"pt-BR\",\"potentialAction\":[{\"@type\":\"ReadAction\",\"target\":[\"https:\/\/www.suno.com.br\/noticias\/caixa-alteracoes-administrativas-diz-agencia\/\"]}]},{\"@type\":\"ImageObject\",\"inLanguage\":\"pt-BR\",\"@id\":\"https:\/\/www.suno.com.br\/noticias\/caixa-alteracoes-administrativas-diz-agencia\/#primaryimage\",\"url\":\"https:\/\/files.sunoresearch.com.br\/n\/uploads\/2020\/01\/7d016a90-caixa-jpg.webp\",\"contentUrl\":\"https:\/\/files.sunoresearch.com.br\/n\/uploads\/2020\/01\/7d016a90-caixa-jpg.webp\",\"width\":1200,\"height\":818,\"caption\":\"Coronavoucher: pedidos ser\u00e3o analisados em 20 dias\"},{\"@type\":\"BreadcrumbList\",\"@id\":\"https:\/\/www.suno.com.br\/noticias\/caixa-alteracoes-administrativas-diz-agencia\/#breadcrumb\",\"itemListElement\":[{\"@type\":\"ListItem\",\"position\":1,\"name\":\"Not\u00edcias\",\"item\":\"https:\/\/www.suno.com.br\/noticias\/\"},{\"@type\":\"ListItem\",\"position\":2,\"name\":\"Neg\u00f3cios\",\"item\":\"https:\/\/www.suno.com.br\/noticias\/negocios\/\"},{\"@type\":\"ListItem\",\"position\":3,\"name\":\"Caixa prepara altera\u00e7\u00f5es administrativas e PDV, diz ag\u00eancia\"}]},{\"@type\":\"WebSite\",\"@id\":\"https:\/\/www.suno.com.br\/noticias\/#website\",\"url\":\"https:\/\/www.suno.com.br\/noticias\/\",\"name\":\"Suno Not\u00edcias\",\"description\":\"Seu portal de informa\u00e7\u00e3o sobre o mundo dos investimentos\",\"publisher\":{\"@id\":\"https:\/\/www.suno.com.br\/noticias\/#organization\"},\"potentialAction\":[{\"@type\":\"SearchAction\",\"target\":{\"@type\":\"EntryPoint\",\"urlTemplate\":\"https:\/\/www.suno.com.br\/noticias\/?s={search_term_string}\"},\"query-input\":{\"@type\":\"PropertyValueSpecification\",\"valueRequired\":true,\"valueName\":\"search_term_string\"}}],\"inLanguage\":\"pt-BR\"},{\"@type\":\"Organization\",\"@id\":\"https:\/\/www.suno.com.br\/noticias\/#organization\",\"name\":\"Suno Not\u00edcias\",\"url\":\"https:\/\/www.suno.com.br\/noticias\/\",\"logo\":{\"@type\":\"ImageObject\",\"inLanguage\":\"pt-BR\",\"@id\":\"https:\/\/www.suno.com.br\/noticias\/#\/schema\/logo\/image\/\",\"url\":\"https:\/\/files.sunoresearch.com.br\/n\/uploads\/2021\/09\/suno-logo.png\",\"contentUrl\":\"https:\/\/files.sunoresearch.com.br\/n\/uploads\/2021\/09\/suno-logo.png\",\"width\":180,\"height\":180,\"caption\":\"Suno Not\u00edcias\"},\"image\":{\"@id\":\"https:\/\/www.suno.com.br\/noticias\/#\/schema\/logo\/image\/\"},\"sameAs\":[\"https:\/\/facebook.com\/sunoresearch\",\"https:\/\/x.com\/sunoresearch\",\"https:\/\/www.instagram.com\/suno\",\"https:\/\/www.linkedin.com\/company\/suno-research\/\",\"https:\/\/www.youtube.com\/c\/sunoresearch\"]},{\"@type\":\"Person\",\"@id\":\"https:\/\/www.suno.com.br\/noticias\/#\/schema\/person\/918d79de1f0281f01599b93f9ea6e23f\",\"name\":\"Jader Lazarini\",\"image\":{\"@type\":\"ImageObject\",\"inLanguage\":\"pt-BR\",\"@id\":\"https:\/\/www.suno.com.br\/noticias\/#\/schema\/person\/image\/\",\"url\":\"https:\/\/secure.gravatar.com\/avatar\/3c1ad8caa51589841baeb923fcddea97?s=96&r=g\",\"contentUrl\":\"https:\/\/secure.gravatar.com\/avatar\/3c1ad8caa51589841baeb923fcddea97?s=96&r=g\",\"caption\":\"Jader Lazarini\"},\"description\":\"Jader Lazarini escreve sobre investimentos, finan\u00e7as, economia e neg\u00f3cios. \u00c9 bacharel em Rela\u00e7\u00f5es Internacionais e analista CNPI (2619).\",\"url\":\"https:\/\/www.suno.com.br\/noticias\/author\/jader-lazarini\/\"}]}<\/script>\n<!-- \/ Yoast SEO plugin. -->","yoast_head_json":{"title":"Caixa prepara altera\u00e7\u00f5es administrativas e PDV, diz ag\u00eancia","description":"A Caixa Econ\u00f4mica Federal est\u00e1 preparando uma reformula\u00e7\u00e3o em sua estrutura administrativa, seguido de um PDV. Clique e saiba mais.","robots":{"index":"index","follow":"follow","max-snippet":"max-snippet:-1","max-image-preview":"max-image-preview:large","max-video-preview":"max-video-preview:-1"},"canonical":"https:\/\/www.suno.com.br\/noticias\/caixa-alteracoes-administrativas-diz-agencia\/","og_locale":"pt_BR","og_type":"article","og_title":"Caixa prepara altera\u00e7\u00f5es administrativas e PDV, diz ag\u00eancia","og_description":"A Caixa Econ\u00f4mica Federal est\u00e1 preparando uma reformula\u00e7\u00e3o em sua estrutura administrativa, seguido de um PDV. Clique e saiba mais.","og_url":"https:\/\/www.suno.com.br\/noticias\/caixa-alteracoes-administrativas-diz-agencia\/","og_site_name":"Suno Not\u00edcias","article_publisher":"https:\/\/facebook.com\/sunoresearch","og_image":[{"width":1200,"height":818,"url":"https:\/\/files.sunoresearch.com.br\/n\/uploads\/2020\/01\/7d016a90-caixa.jpg","type":"image\/jpeg"}],"author":"Jader Lazarini","twitter_card":"summary_large_image","twitter_creator":"@sunoresearch","twitter_site":"@sunoresearch","twitter_misc":{"Escrito por":"Jader Lazarini","Est. tempo de leitura":"3 minutos"},"schema":{"@context":"https:\/\/schema.org","@graph":[{"@type":"NewsArticle","@id":"https:\/\/www.suno.com.br\/noticias\/caixa-alteracoes-administrativas-diz-agencia\/#article","isPartOf":{"@id":"https:\/\/www.suno.com.br\/noticias\/caixa-alteracoes-administrativas-diz-agencia\/"},"author":{"name":"Jader Lazarini","@id":"https:\/\/www.suno.com.br\/noticias\/#\/schema\/person\/918d79de1f0281f01599b93f9ea6e23f"},"headline":"Caixa prepara altera\u00e7\u00f5es administrativas e PDV, diz ag\u00eancia","datePublished":"2020-02-07T15:47:30+00:00","mainEntityOfPage":{"@id":"https:\/\/www.suno.com.br\/noticias\/caixa-alteracoes-administrativas-diz-agencia\/"},"wordCount":511,"publisher":{"@id":"https:\/\/www.suno.com.br\/noticias\/#organization"},"image":{"@id":"https:\/\/www.suno.com.br\/noticias\/caixa-alteracoes-administrativas-diz-agencia\/#primaryimage"},"thumbnailUrl":"https:\/\/files.sunoresearch.com.br\/n\/uploads\/2020\/01\/7d016a90-caixa-jpg.webp","keywords":["Caixa Econ\u00f4mica Federal (CEF)","Programa de demiss\u00e3o volunt\u00e1ria (PDV)"],"articleSection":["Neg\u00f3cios"],"inLanguage":"pt-BR"},{"@type":"WebPage","@id":"https:\/\/www.suno.com.br\/noticias\/caixa-alteracoes-administrativas-diz-agencia\/","url":"https:\/\/www.suno.com.br\/noticias\/caixa-alteracoes-administrativas-diz-agencia\/","name":"Caixa prepara altera\u00e7\u00f5es administrativas e PDV, diz ag\u00eancia","isPartOf":{"@id":"https:\/\/www.suno.com.br\/noticias\/#website"},"primaryImageOfPage":{"@id":"https:\/\/www.suno.com.br\/noticias\/caixa-alteracoes-administrativas-diz-agencia\/#primaryimage"},"image":{"@id":"https:\/\/www.suno.com.br\/noticias\/caixa-alteracoes-administrativas-diz-agencia\/#primaryimage"},"thumbnailUrl":"https:\/\/files.sunoresearch.com.br\/n\/uploads\/2020\/01\/7d016a90-caixa-jpg.webp","datePublished":"2020-02-07T15:47:30+00:00","description":"A Caixa Econ\u00f4mica Federal est\u00e1 preparando uma reformula\u00e7\u00e3o em sua estrutura administrativa, seguido de um PDV. Clique e saiba mais.","breadcrumb":{"@id":"https:\/\/www.suno.com.br\/noticias\/caixa-alteracoes-administrativas-diz-agencia\/#breadcrumb"},"inLanguage":"pt-BR","potentialAction":[{"@type":"ReadAction","target":["https:\/\/www.suno.com.br\/noticias\/caixa-alteracoes-administrativas-diz-agencia\/"]}]},{"@type":"ImageObject","inLanguage":"pt-BR","@id":"https:\/\/www.suno.com.br\/noticias\/caixa-alteracoes-administrativas-diz-agencia\/#primaryimage","url":"https:\/\/files.sunoresearch.com.br\/n\/uploads\/2020\/01\/7d016a90-caixa-jpg.webp","contentUrl":"https:\/\/files.sunoresearch.com.br\/n\/uploads\/2020\/01\/7d016a90-caixa-jpg.webp","width":1200,"height":818,"caption":"Coronavoucher: pedidos ser\u00e3o analisados em 20 dias"},{"@type":"BreadcrumbList","@id":"https:\/\/www.suno.com.br\/noticias\/caixa-alteracoes-administrativas-diz-agencia\/#breadcrumb","itemListElement":[{"@type":"ListItem","position":1,"name":"Not\u00edcias","item":"https:\/\/www.suno.com.br\/noticias\/"},{"@type":"ListItem","position":2,"name":"Neg\u00f3cios","item":"https:\/\/www.suno.com.br\/noticias\/negocios\/"},{"@type":"ListItem","position":3,"name":"Caixa prepara altera\u00e7\u00f5es administrativas e PDV, diz ag\u00eancia"}]},{"@type":"WebSite","@id":"https:\/\/www.suno.com.br\/noticias\/#website","url":"https:\/\/www.suno.com.br\/noticias\/","name":"Suno Not\u00edcias","description":"Seu portal de informa\u00e7\u00e3o sobre o mundo dos investimentos","publisher":{"@id":"https:\/\/www.suno.com.br\/noticias\/#organization"},"potentialAction":[{"@type":"SearchAction","target":{"@type":"EntryPoint","urlTemplate":"https:\/\/www.suno.com.br\/noticias\/?s={search_term_string}"},"query-input":{"@type":"PropertyValueSpecification","valueRequired":true,"valueName":"search_term_string"}}],"inLanguage":"pt-BR"},{"@type":"Organization","@id":"https:\/\/www.suno.com.br\/noticias\/#organization","name":"Suno Not\u00edcias","url":"https:\/\/www.suno.com.br\/noticias\/","logo":{"@type":"ImageObject","inLanguage":"pt-BR","@id":"https:\/\/www.suno.com.br\/noticias\/#\/schema\/logo\/image\/","url":"https:\/\/files.sunoresearch.com.br\/n\/uploads\/2021\/09\/suno-logo.png","contentUrl":"https:\/\/files.sunoresearch.com.br\/n\/uploads\/2021\/09\/suno-logo.png","width":180,"height":180,"caption":"Suno Not\u00edcias"},"image":{"@id":"https:\/\/www.suno.com.br\/noticias\/#\/schema\/logo\/image\/"},"sameAs":["https:\/\/facebook.com\/sunoresearch","https:\/\/x.com\/sunoresearch","https:\/\/www.instagram.com\/suno","https:\/\/www.linkedin.com\/company\/suno-research\/","https:\/\/www.youtube.com\/c\/sunoresearch"]},{"@type":"Person","@id":"https:\/\/www.suno.com.br\/noticias\/#\/schema\/person\/918d79de1f0281f01599b93f9ea6e23f","name":"Jader Lazarini","image":{"@type":"ImageObject","inLanguage":"pt-BR","@id":"https:\/\/www.suno.com.br\/noticias\/#\/schema\/person\/image\/","url":"https:\/\/secure.gravatar.com\/avatar\/3c1ad8caa51589841baeb923fcddea97?s=96&r=g","contentUrl":"https:\/\/secure.gravatar.com\/avatar\/3c1ad8caa51589841baeb923fcddea97?s=96&r=g","caption":"Jader Lazarini"},"description":"Jader Lazarini escreve sobre investimentos, finan\u00e7as, economia e neg\u00f3cios. \u00c9 bacharel em Rela\u00e7\u00f5es Internacionais e analista CNPI (2619).","url":"https:\/\/www.suno.com.br\/noticias\/author\/jader-lazarini\/"}]}},"default_loop_html":"<div class=\"cardsPage__listCard__boxs\"><div class=\"cardsPage__listCard__boxs__img\"><a href=\"https:\/\/www.suno.com.br\/noticias\/caixa-alteracoes-administrativas-diz-agencia\/\"><img class=\"mask\" src=\"https:\/\/www.suno.com.br\/noticias\/wp-content\/themes\/suno\/resources\/images\/spotlight\/spotlight1img\/bg-mask.png\" alt=\"Image Mask\"\/><img src=\"https:\/\/files.sunoresearch.com.br\/n\/uploads\/2020\/01\/7d016a90-caixa-400x200.webp\" alt=\"Caixa prepara altera\u00e7\u00f5es administrativas e PDV, diz ag\u00eancia\"\/><\/a><span class=\"spotlightCategory\"><a href=\"https:\/\/www.suno.com.br\/noticias\/negocios\/\">Neg\u00f3cios<\/a><\/span><\/div><div class=\"cardsPage__listCard__boxs__content\"><a href=\"https:\/\/www.suno.com.br\/noticias\/caixa-alteracoes-administrativas-diz-agencia\/\"><h2 class=\"content__title\">Caixa prepara altera\u00e7\u00f5es administrativas e PDV, diz ag\u00eancia<\/h2><\/a><div class=\"newsContent__article__meta\"><div class=\"newsContent__article__meta__authorBox\"><a href=\"https:\/\/www.suno.com.br\/noticias\/author\/jader-lazarini\/\" class=\"authorBox__avatar noMobi\"><img src=\"https:\/\/files.sunoresearch.com.br\/n\/uploads\/2021\/01\/178e6598-foto-perfil-2-150x150.jpg\" alt=\"Jader Lazarini\"><\/a><div class=\"authorBox__name\"><span>por\n\t\t\t<a href=\"https:\/\/www.suno.com.br\/noticias\/author\/jader-lazarini\/\"><span itemprop=\"author\">Jader Lazarini<\/span><\/a><\/span><time datetime=\"2020-02-07T13:47:30-03:00\" itemprop=\"datePublished\">07\/02\/2020 13:47<\/time><\/div><\/div><\/div><\/div><\/div>","single_layout":"posts","amp_enabled":true,"_links":{"self":[{"href":"https:\/\/www.suno.com.br\/noticias\/wp-json\/wp\/v2\/posts\/52331"}],"collection":[{"href":"https:\/\/www.suno.com.br\/noticias\/wp-json\/wp\/v2\/posts"}],"about":[{"href":"https:\/\/www.suno.com.br\/noticias\/wp-json\/wp\/v2\/types\/post"}],"author":[{"embeddable":true,"href":"https:\/\/www.suno.com.br\/noticias\/wp-json\/wp\/v2\/users\/24"}],"replies":[{"embeddable":true,"href":"https:\/\/www.suno.com.br\/noticias\/wp-json\/wp\/v2\/comments?post=52331"}],"version-history":[{"count":0,"href":"https:\/\/www.suno.com.br\/noticias\/wp-json\/wp\/v2\/posts\/52331\/revisions"}],"wp:featuredmedia":[{"embeddable":true,"href":"https:\/\/www.suno.com.br\/noticias\/wp-json\/wp\/v2\/media\/51590"}],"wp:attachment":[{"href":"https:\/\/www.suno.com.br\/noticias\/wp-json\/wp\/v2\/media?parent=52331"}],"wp:term":[{"taxonomy":"category","embeddable":true,"href":"https:\/\/www.suno.com.br\/noticias\/wp-json\/wp\/v2\/categories?post=52331"},{"taxonomy":"post_tag","embeddable":true,"href":"https:\/\/www.suno.com.br\/noticias\/wp-json\/wp\/v2\/tags?post=52331"},{"taxonomy":"suno_strategy","embeddable":true,"href":"https:\/\/www.suno.com.br\/noticias\/wp-json\/wp\/v2\/suno_strategy?post=52331"}],"curies":[{"name":"wp","href":"https:\/\/api.w.org\/{rel}","templated":true}]}}