{"id":52328,"date":"2020-02-07T13:54:11","date_gmt":"2020-02-07T15:54:11","guid":{"rendered":"https:\/\/www.suno.com.br\/noticias\/?p=52328"},"modified":"2020-02-07T14:36:44","modified_gmt":"2020-02-07T16:36:44","slug":"coronavirus-fiat-suspender-operacoes-fabrica-europa","status":"publish","type":"post","link":"https:\/\/www.suno.com.br\/noticias\/coronavirus-fiat-suspender-operacoes-fabrica-europa\/","title":{"rendered":"Coronav\u00edrus: Fiat pode suspender opera\u00e7\u00f5es de f\u00e1brica na Europa"},"content":{"rendered":"<p>A <strong>Fiat<\/strong> <strong>Chrysler<\/strong> pode suspender as opera\u00e7\u00f5es de uma f\u00e1brica na Europa por conta da falta de pe\u00e7as oriundas da <strong>China<\/strong>, que est\u00e3o em falta por causa do surto de <strong>coronav\u00edrus<\/strong> no pa\u00eds asi\u00e1tico.<\/p>\t<div class=\"wrapper-featured-image\">\n\t\t<figure class=\"spotlightImg\">\n\n\t\t\t<picture>\n\t\t\t\t<source media=\"(max-width: 768px)\" srcset=\"https:\/\/files.sunoresearch.com.br\/n\/uploads\/2018\/10\/9117232d-fiat-400x200.webp\">\n\t\t\t\t<img loading=\"lazy\" decoding=\"async\" class=\"newsContent__article__imgCapa lazyloadDisabled newsContent__article__imgCapa--noCaption\" src=\"https:\/\/files.sunoresearch.com.br\/n\/uploads\/2018\/10\/9117232d-fiat-800x450.webp\" width=\"800\" height=\"450\" alt=\"Coronav\u00edrus: Fiat pode suspender opera\u00e7\u00f5es de f\u00e1brica na Europa\" fetchpriority=high \/>\n\t\t\t<\/picture>\n\n\t\t\t<figcaption class=\"wp-caption-text wp-caption-text--hide\">Fiat<\/figcaption>\n\t\t<\/figure>\n\t<\/div>\n\n\n\n<p>Caso a Fiat pare de operar uma de suas f\u00e1bricas na <strong>Europa<\/strong>, ser\u00e1 a primeira paralisa\u00e7\u00e3o de uma f\u00e1brica, no velho continente, em raz\u00e3o do surto de coronav\u00edrus.<\/p>\n<p>Em entrevista ao jornal &#8220;Financial Times&#8221;, o executivo-chefe da Fiat, Mike Manley, afirmou que quatro fornecedores que est\u00e3o situados na China foram atingidos pelo surto de coronav\u00edrus no pa\u00eds. Um desses fornecedores seria de grande import\u00e2ncia, o que estaria fazendo com que a produ\u00e7\u00e3o da Fiat ca\u00edsse bruscamente. \u201cTemos um alto risco de fornecimento no momento que foi identificado\u201d, afirmou o executivo ao \u201cFinancial Times&#8221;.<\/p>\n\t<p>\n\t\t<a href=\"https:\/\/lp.suno.com.br\/asset\/suno-fundo-infra-estrutura-snid11\/\" target=\"_blank\" data-element=\"shortcode-suno-banner\" title=\"Banner SUNO, clique e saiba mais\">\n\t\t\t<picture>\n\t\t\t\t<source media=\"(max-width: 500px)\" srcset=\"https:\/\/files.sunoresearch.com.br\/n\/uploads\/2024\/01\/400x300-Banner-Home-1-SNID-AO.png\">\n\t\t\t\t<img class=\"newsContent__article__imgCapa newsContent__article__imgCapa--banner\"\n\t\t\t\t\tsrc=\"https:\/\/files.sunoresearch.com.br\/n\/uploads\/2024\/01\/1420x240-Banner-Home-1-SNID-AO.png\"\n\t\t\t\t\tdata-promo-id=\"364419\"\t\t\t\t\t\t\t\t\t\twidth='1420' height='240'\t\t\t\t\talt=\"https:\/\/files.sunoresearch.com.br\/n\/uploads\/2024\/01\/1420x240-Banner-Home-1-SNID-AO.png\"\n\t\t\t\t>\n\t\t\t<\/picture>\n\t\t<\/a>\n\t<\/p>\n\n\n<p>Segundo Manley, em at\u00e9 quatro semanas a empresa saber\u00e1 \u201cse o fornecimento de uma das f\u00e1bricas da Fiat [na Europa] vai ser paralisado\u201d. A empresa tamb\u00e9m teme a falta de pe\u00e7as durante o m\u00eas inteiro de fevereiro, o que poderia levar a montadora a fechar mais f\u00e1bricas.<\/p>\n<h2>Hyundai suspende produ\u00e7\u00e3o na Coreia do Sul por conta do surto de coronav\u00edrus<\/h2>\n<p>Na \u00faltima ter\u00e7a-feira (4), a Hyundai informou que iria suspender a produ\u00e7\u00e3o de suas f\u00e1bricas situadas na <strong>Coreia do Sul<\/strong>. Isso porque o surto do coronav\u00edrus na China tem afetado a performance da empresa por conta da falta de materiais em algumas unidades.<\/p>\n<p><a href=\"https:\/\/www.suno.com.br\/noticias\/coronavirus-china-nao-divulgar-dados-comerciais-janeiro\/\">Veja tamb\u00e9m: Coronav\u00edrus: China informa que n\u00e3o ir\u00e1 divulgar dados comerciais de janeiro<\/a><\/p>\n<p>Tamb\u00e9m na ter\u00e7a, a Volvo informou que trocou seu fornecedor de pe\u00e7as para autom\u00f3veis h\u00edbridos, que era chin\u00eas, para n\u00e3o suspender a produ\u00e7\u00e3o nas f\u00e1bricas devido a dissemina\u00e7\u00e3o do coronav\u00edrus que fez com que o pa\u00eds asi\u00e1tico diminu\u00edsse a demanda de entrega de pe\u00e7as para a montadora.<\/p>\n<p>A m\u00eddia estatal chinesa informou nesta sexta-feira (7) que o n\u00famero de mortos pelo surto de <strong>coronav\u00edrus<\/strong> aumentou para 637. No total, s\u00e3o 31.211 casos confirmados e ao menos 1.540 pessoas recuperadas.<\/p>\n\n","protected":false},"excerpt":{"rendered":"<p>A Fiat Chrysler pode suspender as opera\u00e7\u00f5es de uma f\u00e1brica na Europa por conta da falta de pe\u00e7as oriundas da China, que est\u00e3o em falta por causa do surto de coronav\u00edrus no pa\u00eds asi\u00e1tico. Fiat Caso a Fiat pare de operar uma de suas f\u00e1bricas na Europa, ser\u00e1 a primeira paralisa\u00e7\u00e3o de uma f\u00e1brica, no [&hellip;]<\/p>\n","protected":false},"author":19,"featured_media":5541,"comment_status":"closed","ping_status":"closed","sticky":false,"template":"","format":"standard","meta":[],"categories":[64],"tags":[2487,832,1413],"suno_strategy":[],"class_list":["post-52328","post","type-post","status-publish","format-standard","has-post-thumbnail","hentry","category-negocios","tag-coronavirus","tag-fiat","tag-fiat-chrysler-fca"],"yoast_head":"<!-- This site is optimized with the Yoast SEO plugin v24.4 - https:\/\/yoast.com\/wordpress\/plugins\/seo\/ -->\n<title>Coronav\u00edrus: Fiat pode suspender opera\u00e7\u00f5es de f\u00e1brica na Europa<\/title>\n<meta name=\"description\" content=\"Coronav\u00edrus: A Fiat pode suspender as opera\u00e7\u00f5es de uma f\u00e1brica na Europa por conta da falta de pe\u00e7as oriundas da China. Clique e saiba mais.\" \/>\n<meta name=\"robots\" content=\"index, follow, max-snippet:-1, max-image-preview:large, max-video-preview:-1\" \/>\n<link rel=\"canonical\" href=\"https:\/\/www.suno.com.br\/noticias\/coronavirus-fiat-suspender-operacoes-fabrica-europa\/\" \/>\n<meta property=\"og:locale\" content=\"pt_BR\" \/>\n<meta property=\"og:type\" content=\"article\" \/>\n<meta property=\"og:title\" content=\"Coronav\u00edrus: Fiat pode suspender opera\u00e7\u00f5es de f\u00e1brica na Europa\" \/>\n<meta property=\"og:description\" content=\"Coronav\u00edrus: A Fiat pode suspender as opera\u00e7\u00f5es de uma f\u00e1brica na Europa por conta da falta de pe\u00e7as oriundas da China. Clique e saiba mais.\" \/>\n<meta property=\"og:url\" content=\"https:\/\/www.suno.com.br\/noticias\/coronavirus-fiat-suspender-operacoes-fabrica-europa\/\" \/>\n<meta property=\"og:site_name\" content=\"Suno Not\u00edcias\" \/>\n<meta property=\"article:publisher\" content=\"https:\/\/facebook.com\/sunoresearch\" \/>\n<meta property=\"og:image\" content=\"https:\/\/files.sunoresearch.com.br\/n\/uploads\/2018\/10\/9117232d-fiat.jpg\" \/>\n\t<meta property=\"og:image:width\" content=\"1920\" \/>\n\t<meta property=\"og:image:height\" content=\"1277\" \/>\n\t<meta property=\"og:image:type\" content=\"image\/jpeg\" \/>\n<meta name=\"author\" content=\"Juliano Passaro\" \/>\n<meta name=\"twitter:card\" content=\"summary_large_image\" \/>\n<meta name=\"twitter:creator\" content=\"@sunoresearch\" \/>\n<meta name=\"twitter:site\" content=\"@sunoresearch\" \/>\n<meta name=\"twitter:label1\" content=\"Escrito por\" \/>\n\t<meta name=\"twitter:data1\" content=\"Juliano Passaro\" \/>\n\t<meta name=\"twitter:label2\" content=\"Est. tempo de leitura\" \/>\n\t<meta name=\"twitter:data2\" content=\"2 minutos\" \/>\n<script type=\"application\/ld+json\" class=\"yoast-schema-graph\">{\"@context\":\"https:\/\/schema.org\",\"@graph\":[{\"@type\":\"NewsArticle\",\"@id\":\"https:\/\/www.suno.com.br\/noticias\/coronavirus-fiat-suspender-operacoes-fabrica-europa\/#article\",\"isPartOf\":{\"@id\":\"https:\/\/www.suno.com.br\/noticias\/coronavirus-fiat-suspender-operacoes-fabrica-europa\/\"},\"author\":{\"name\":\"Juliano Passaro\",\"@id\":\"https:\/\/www.suno.com.br\/noticias\/#\/schema\/person\/1db762f78ffd8919a648a63e425953e3\"},\"headline\":\"Coronav\u00edrus: Fiat pode suspender opera\u00e7\u00f5es de f\u00e1brica na Europa\",\"datePublished\":\"2020-02-07T15:54:11+00:00\",\"dateModified\":\"2020-02-07T16:36:44+00:00\",\"mainEntityOfPage\":{\"@id\":\"https:\/\/www.suno.com.br\/noticias\/coronavirus-fiat-suspender-operacoes-fabrica-europa\/\"},\"wordCount\":391,\"publisher\":{\"@id\":\"https:\/\/www.suno.com.br\/noticias\/#organization\"},\"image\":{\"@id\":\"https:\/\/www.suno.com.br\/noticias\/coronavirus-fiat-suspender-operacoes-fabrica-europa\/#primaryimage\"},\"thumbnailUrl\":\"https:\/\/files.sunoresearch.com.br\/n\/uploads\/2018\/10\/9117232d-fiat-jpg.webp\",\"keywords\":[\"coronav\u00edrus\",\"FIAT\",\"Fiat Chrysler (FCA)\"],\"articleSection\":[\"Neg\u00f3cios\"],\"inLanguage\":\"pt-BR\"},{\"@type\":\"WebPage\",\"@id\":\"https:\/\/www.suno.com.br\/noticias\/coronavirus-fiat-suspender-operacoes-fabrica-europa\/\",\"url\":\"https:\/\/www.suno.com.br\/noticias\/coronavirus-fiat-suspender-operacoes-fabrica-europa\/\",\"name\":\"Coronav\u00edrus: Fiat pode suspender opera\u00e7\u00f5es de f\u00e1brica na Europa\",\"isPartOf\":{\"@id\":\"https:\/\/www.suno.com.br\/noticias\/#website\"},\"primaryImageOfPage\":{\"@id\":\"https:\/\/www.suno.com.br\/noticias\/coronavirus-fiat-suspender-operacoes-fabrica-europa\/#primaryimage\"},\"image\":{\"@id\":\"https:\/\/www.suno.com.br\/noticias\/coronavirus-fiat-suspender-operacoes-fabrica-europa\/#primaryimage\"},\"thumbnailUrl\":\"https:\/\/files.sunoresearch.com.br\/n\/uploads\/2018\/10\/9117232d-fiat-jpg.webp\",\"datePublished\":\"2020-02-07T15:54:11+00:00\",\"dateModified\":\"2020-02-07T16:36:44+00:00\",\"description\":\"Coronav\u00edrus: A Fiat pode suspender as opera\u00e7\u00f5es de uma f\u00e1brica na Europa por conta da falta de pe\u00e7as oriundas da China. Clique e saiba mais.\",\"breadcrumb\":{\"@id\":\"https:\/\/www.suno.com.br\/noticias\/coronavirus-fiat-suspender-operacoes-fabrica-europa\/#breadcrumb\"},\"inLanguage\":\"pt-BR\",\"potentialAction\":[{\"@type\":\"ReadAction\",\"target\":[\"https:\/\/www.suno.com.br\/noticias\/coronavirus-fiat-suspender-operacoes-fabrica-europa\/\"]}]},{\"@type\":\"ImageObject\",\"inLanguage\":\"pt-BR\",\"@id\":\"https:\/\/www.suno.com.br\/noticias\/coronavirus-fiat-suspender-operacoes-fabrica-europa\/#primaryimage\",\"url\":\"https:\/\/files.sunoresearch.com.br\/n\/uploads\/2018\/10\/9117232d-fiat-jpg.webp\",\"contentUrl\":\"https:\/\/files.sunoresearch.com.br\/n\/uploads\/2018\/10\/9117232d-fiat-jpg.webp\",\"width\":1920,\"height\":1277,\"caption\":\"Fiat\"},{\"@type\":\"BreadcrumbList\",\"@id\":\"https:\/\/www.suno.com.br\/noticias\/coronavirus-fiat-suspender-operacoes-fabrica-europa\/#breadcrumb\",\"itemListElement\":[{\"@type\":\"ListItem\",\"position\":1,\"name\":\"Not\u00edcias\",\"item\":\"https:\/\/www.suno.com.br\/noticias\/\"},{\"@type\":\"ListItem\",\"position\":2,\"name\":\"Neg\u00f3cios\",\"item\":\"https:\/\/www.suno.com.br\/noticias\/negocios\/\"},{\"@type\":\"ListItem\",\"position\":3,\"name\":\"Coronav\u00edrus: Fiat pode suspender opera\u00e7\u00f5es de f\u00e1brica na Europa\"}]},{\"@type\":\"WebSite\",\"@id\":\"https:\/\/www.suno.com.br\/noticias\/#website\",\"url\":\"https:\/\/www.suno.com.br\/noticias\/\",\"name\":\"Suno Not\u00edcias\",\"description\":\"Seu portal de informa\u00e7\u00e3o sobre o mundo dos investimentos\",\"publisher\":{\"@id\":\"https:\/\/www.suno.com.br\/noticias\/#organization\"},\"potentialAction\":[{\"@type\":\"SearchAction\",\"target\":{\"@type\":\"EntryPoint\",\"urlTemplate\":\"https:\/\/www.suno.com.br\/noticias\/?s={search_term_string}\"},\"query-input\":{\"@type\":\"PropertyValueSpecification\",\"valueRequired\":true,\"valueName\":\"search_term_string\"}}],\"inLanguage\":\"pt-BR\"},{\"@type\":\"Organization\",\"@id\":\"https:\/\/www.suno.com.br\/noticias\/#organization\",\"name\":\"Suno Not\u00edcias\",\"url\":\"https:\/\/www.suno.com.br\/noticias\/\",\"logo\":{\"@type\":\"ImageObject\",\"inLanguage\":\"pt-BR\",\"@id\":\"https:\/\/www.suno.com.br\/noticias\/#\/schema\/logo\/image\/\",\"url\":\"https:\/\/files.sunoresearch.com.br\/n\/uploads\/2021\/09\/suno-logo.png\",\"contentUrl\":\"https:\/\/files.sunoresearch.com.br\/n\/uploads\/2021\/09\/suno-logo.png\",\"width\":180,\"height\":180,\"caption\":\"Suno Not\u00edcias\"},\"image\":{\"@id\":\"https:\/\/www.suno.com.br\/noticias\/#\/schema\/logo\/image\/\"},\"sameAs\":[\"https:\/\/facebook.com\/sunoresearch\",\"https:\/\/x.com\/sunoresearch\",\"https:\/\/www.instagram.com\/suno\",\"https:\/\/www.linkedin.com\/company\/suno-research\/\",\"https:\/\/www.youtube.com\/c\/sunoresearch\"]},{\"@type\":\"Person\",\"@id\":\"https:\/\/www.suno.com.br\/noticias\/#\/schema\/person\/1db762f78ffd8919a648a63e425953e3\",\"name\":\"Juliano Passaro\",\"image\":{\"@type\":\"ImageObject\",\"inLanguage\":\"pt-BR\",\"@id\":\"https:\/\/www.suno.com.br\/noticias\/#\/schema\/person\/image\/\",\"url\":\"https:\/\/secure.gravatar.com\/avatar\/743d4df28eebf6dcc46b4ad03c319e92?s=96&r=g\",\"contentUrl\":\"https:\/\/secure.gravatar.com\/avatar\/743d4df28eebf6dcc46b4ad03c319e92?s=96&r=g\",\"caption\":\"Juliano Passaro\"},\"description\":\"Juliano Passaro escreve sobre pol\u00edtica, economia e neg\u00f3cios para o portal da Suno Research. Antes da Suno, trabalhou no Portal da Band. \u00c9 formado em jornalismo pela Universidade Presbiteriana Mackenzie.\",\"url\":\"https:\/\/www.suno.com.br\/noticias\/author\/juliano\/\"}]}<\/script>\n<!-- \/ Yoast SEO plugin. -->","yoast_head_json":{"title":"Coronav\u00edrus: Fiat pode suspender opera\u00e7\u00f5es de f\u00e1brica na Europa","description":"Coronav\u00edrus: A Fiat pode suspender as opera\u00e7\u00f5es de uma f\u00e1brica na Europa por conta da falta de pe\u00e7as oriundas da China. Clique e saiba mais.","robots":{"index":"index","follow":"follow","max-snippet":"max-snippet:-1","max-image-preview":"max-image-preview:large","max-video-preview":"max-video-preview:-1"},"canonical":"https:\/\/www.suno.com.br\/noticias\/coronavirus-fiat-suspender-operacoes-fabrica-europa\/","og_locale":"pt_BR","og_type":"article","og_title":"Coronav\u00edrus: Fiat pode suspender opera\u00e7\u00f5es de f\u00e1brica na Europa","og_description":"Coronav\u00edrus: A Fiat pode suspender as opera\u00e7\u00f5es de uma f\u00e1brica na Europa por conta da falta de pe\u00e7as oriundas da China. Clique e saiba mais.","og_url":"https:\/\/www.suno.com.br\/noticias\/coronavirus-fiat-suspender-operacoes-fabrica-europa\/","og_site_name":"Suno Not\u00edcias","article_publisher":"https:\/\/facebook.com\/sunoresearch","og_image":[{"width":1920,"height":1277,"url":"https:\/\/files.sunoresearch.com.br\/n\/uploads\/2018\/10\/9117232d-fiat.jpg","type":"image\/jpeg"}],"author":"Juliano Passaro","twitter_card":"summary_large_image","twitter_creator":"@sunoresearch","twitter_site":"@sunoresearch","twitter_misc":{"Escrito por":"Juliano Passaro","Est. tempo de leitura":"2 minutos"},"schema":{"@context":"https:\/\/schema.org","@graph":[{"@type":"NewsArticle","@id":"https:\/\/www.suno.com.br\/noticias\/coronavirus-fiat-suspender-operacoes-fabrica-europa\/#article","isPartOf":{"@id":"https:\/\/www.suno.com.br\/noticias\/coronavirus-fiat-suspender-operacoes-fabrica-europa\/"},"author":{"name":"Juliano Passaro","@id":"https:\/\/www.suno.com.br\/noticias\/#\/schema\/person\/1db762f78ffd8919a648a63e425953e3"},"headline":"Coronav\u00edrus: Fiat pode suspender opera\u00e7\u00f5es de f\u00e1brica na Europa","datePublished":"2020-02-07T15:54:11+00:00","dateModified":"2020-02-07T16:36:44+00:00","mainEntityOfPage":{"@id":"https:\/\/www.suno.com.br\/noticias\/coronavirus-fiat-suspender-operacoes-fabrica-europa\/"},"wordCount":391,"publisher":{"@id":"https:\/\/www.suno.com.br\/noticias\/#organization"},"image":{"@id":"https:\/\/www.suno.com.br\/noticias\/coronavirus-fiat-suspender-operacoes-fabrica-europa\/#primaryimage"},"thumbnailUrl":"https:\/\/files.sunoresearch.com.br\/n\/uploads\/2018\/10\/9117232d-fiat-jpg.webp","keywords":["coronav\u00edrus","FIAT","Fiat Chrysler (FCA)"],"articleSection":["Neg\u00f3cios"],"inLanguage":"pt-BR"},{"@type":"WebPage","@id":"https:\/\/www.suno.com.br\/noticias\/coronavirus-fiat-suspender-operacoes-fabrica-europa\/","url":"https:\/\/www.suno.com.br\/noticias\/coronavirus-fiat-suspender-operacoes-fabrica-europa\/","name":"Coronav\u00edrus: Fiat pode suspender opera\u00e7\u00f5es de f\u00e1brica na Europa","isPartOf":{"@id":"https:\/\/www.suno.com.br\/noticias\/#website"},"primaryImageOfPage":{"@id":"https:\/\/www.suno.com.br\/noticias\/coronavirus-fiat-suspender-operacoes-fabrica-europa\/#primaryimage"},"image":{"@id":"https:\/\/www.suno.com.br\/noticias\/coronavirus-fiat-suspender-operacoes-fabrica-europa\/#primaryimage"},"thumbnailUrl":"https:\/\/files.sunoresearch.com.br\/n\/uploads\/2018\/10\/9117232d-fiat-jpg.webp","datePublished":"2020-02-07T15:54:11+00:00","dateModified":"2020-02-07T16:36:44+00:00","description":"Coronav\u00edrus: A Fiat pode suspender as opera\u00e7\u00f5es de uma f\u00e1brica na Europa por conta da falta de pe\u00e7as oriundas da China. Clique e saiba mais.","breadcrumb":{"@id":"https:\/\/www.suno.com.br\/noticias\/coronavirus-fiat-suspender-operacoes-fabrica-europa\/#breadcrumb"},"inLanguage":"pt-BR","potentialAction":[{"@type":"ReadAction","target":["https:\/\/www.suno.com.br\/noticias\/coronavirus-fiat-suspender-operacoes-fabrica-europa\/"]}]},{"@type":"ImageObject","inLanguage":"pt-BR","@id":"https:\/\/www.suno.com.br\/noticias\/coronavirus-fiat-suspender-operacoes-fabrica-europa\/#primaryimage","url":"https:\/\/files.sunoresearch.com.br\/n\/uploads\/2018\/10\/9117232d-fiat-jpg.webp","contentUrl":"https:\/\/files.sunoresearch.com.br\/n\/uploads\/2018\/10\/9117232d-fiat-jpg.webp","width":1920,"height":1277,"caption":"Fiat"},{"@type":"BreadcrumbList","@id":"https:\/\/www.suno.com.br\/noticias\/coronavirus-fiat-suspender-operacoes-fabrica-europa\/#breadcrumb","itemListElement":[{"@type":"ListItem","position":1,"name":"Not\u00edcias","item":"https:\/\/www.suno.com.br\/noticias\/"},{"@type":"ListItem","position":2,"name":"Neg\u00f3cios","item":"https:\/\/www.suno.com.br\/noticias\/negocios\/"},{"@type":"ListItem","position":3,"name":"Coronav\u00edrus: Fiat pode suspender opera\u00e7\u00f5es de f\u00e1brica na Europa"}]},{"@type":"WebSite","@id":"https:\/\/www.suno.com.br\/noticias\/#website","url":"https:\/\/www.suno.com.br\/noticias\/","name":"Suno Not\u00edcias","description":"Seu portal de informa\u00e7\u00e3o sobre o mundo dos investimentos","publisher":{"@id":"https:\/\/www.suno.com.br\/noticias\/#organization"},"potentialAction":[{"@type":"SearchAction","target":{"@type":"EntryPoint","urlTemplate":"https:\/\/www.suno.com.br\/noticias\/?s={search_term_string}"},"query-input":{"@type":"PropertyValueSpecification","valueRequired":true,"valueName":"search_term_string"}}],"inLanguage":"pt-BR"},{"@type":"Organization","@id":"https:\/\/www.suno.com.br\/noticias\/#organization","name":"Suno Not\u00edcias","url":"https:\/\/www.suno.com.br\/noticias\/","logo":{"@type":"ImageObject","inLanguage":"pt-BR","@id":"https:\/\/www.suno.com.br\/noticias\/#\/schema\/logo\/image\/","url":"https:\/\/files.sunoresearch.com.br\/n\/uploads\/2021\/09\/suno-logo.png","contentUrl":"https:\/\/files.sunoresearch.com.br\/n\/uploads\/2021\/09\/suno-logo.png","width":180,"height":180,"caption":"Suno Not\u00edcias"},"image":{"@id":"https:\/\/www.suno.com.br\/noticias\/#\/schema\/logo\/image\/"},"sameAs":["https:\/\/facebook.com\/sunoresearch","https:\/\/x.com\/sunoresearch","https:\/\/www.instagram.com\/suno","https:\/\/www.linkedin.com\/company\/suno-research\/","https:\/\/www.youtube.com\/c\/sunoresearch"]},{"@type":"Person","@id":"https:\/\/www.suno.com.br\/noticias\/#\/schema\/person\/1db762f78ffd8919a648a63e425953e3","name":"Juliano Passaro","image":{"@type":"ImageObject","inLanguage":"pt-BR","@id":"https:\/\/www.suno.com.br\/noticias\/#\/schema\/person\/image\/","url":"https:\/\/secure.gravatar.com\/avatar\/743d4df28eebf6dcc46b4ad03c319e92?s=96&r=g","contentUrl":"https:\/\/secure.gravatar.com\/avatar\/743d4df28eebf6dcc46b4ad03c319e92?s=96&r=g","caption":"Juliano Passaro"},"description":"Juliano Passaro escreve sobre pol\u00edtica, economia e neg\u00f3cios para o portal da Suno Research. Antes da Suno, trabalhou no Portal da Band. \u00c9 formado em jornalismo pela Universidade Presbiteriana Mackenzie.","url":"https:\/\/www.suno.com.br\/noticias\/author\/juliano\/"}]}},"default_loop_html":"<div class=\"cardsPage__listCard__boxs\"><div class=\"cardsPage__listCard__boxs__img\"><a href=\"https:\/\/www.suno.com.br\/noticias\/coronavirus-fiat-suspender-operacoes-fabrica-europa\/\"><img class=\"mask\" src=\"https:\/\/www.suno.com.br\/noticias\/wp-content\/themes\/suno\/resources\/images\/spotlight\/spotlight1img\/bg-mask.png\" alt=\"Image Mask\"\/><img src=\"https:\/\/files.sunoresearch.com.br\/n\/uploads\/2018\/10\/9117232d-fiat-400x200.webp\" alt=\"Coronav\u00edrus: Fiat pode suspender opera\u00e7\u00f5es de f\u00e1brica na Europa\"\/><\/a><span class=\"spotlightCategory\"><a href=\"https:\/\/www.suno.com.br\/noticias\/negocios\/\">Neg\u00f3cios<\/a><\/span><\/div><div class=\"cardsPage__listCard__boxs__content\"><a href=\"https:\/\/www.suno.com.br\/noticias\/coronavirus-fiat-suspender-operacoes-fabrica-europa\/\"><h2 class=\"content__title\">Coronav\u00edrus: Fiat pode suspender opera\u00e7\u00f5es de f\u00e1brica na Europa<\/h2><\/a><div class=\"newsContent__article__meta\"><div class=\"newsContent__article__meta__authorBox\"><a href=\"https:\/\/www.suno.com.br\/noticias\/author\/juliano\/\" class=\"authorBox__avatar noMobi\"><img src=\"https:\/\/files.sunoresearch.com.br\/n\/uploads\/2019\/06\/7cc3efea-whatsapp-image-2019-07-18-at-21.59.33-e1563499821209-150x150.webp\" alt=\"Juliano Passaro\"><\/a><div class=\"authorBox__name\"><span>por\n\t\t\t<a href=\"https:\/\/www.suno.com.br\/noticias\/author\/juliano\/\"><span itemprop=\"author\">Juliano Passaro<\/span><\/a><\/span><time datetime=\"2020-02-07T13:54:11-03:00\" itemprop=\"datePublished\">07\/02\/2020 13:54<\/time><\/div><\/div><\/div><\/div><\/div>","single_layout":"posts","amp_enabled":true,"_links":{"self":[{"href":"https:\/\/www.suno.com.br\/noticias\/wp-json\/wp\/v2\/posts\/52328"}],"collection":[{"href":"https:\/\/www.suno.com.br\/noticias\/wp-json\/wp\/v2\/posts"}],"about":[{"href":"https:\/\/www.suno.com.br\/noticias\/wp-json\/wp\/v2\/types\/post"}],"author":[{"embeddable":true,"href":"https:\/\/www.suno.com.br\/noticias\/wp-json\/wp\/v2\/users\/19"}],"replies":[{"embeddable":true,"href":"https:\/\/www.suno.com.br\/noticias\/wp-json\/wp\/v2\/comments?post=52328"}],"version-history":[{"count":0,"href":"https:\/\/www.suno.com.br\/noticias\/wp-json\/wp\/v2\/posts\/52328\/revisions"}],"wp:featuredmedia":[{"embeddable":true,"href":"https:\/\/www.suno.com.br\/noticias\/wp-json\/wp\/v2\/media\/5541"}],"wp:attachment":[{"href":"https:\/\/www.suno.com.br\/noticias\/wp-json\/wp\/v2\/media?parent=52328"}],"wp:term":[{"taxonomy":"category","embeddable":true,"href":"https:\/\/www.suno.com.br\/noticias\/wp-json\/wp\/v2\/categories?post=52328"},{"taxonomy":"post_tag","embeddable":true,"href":"https:\/\/www.suno.com.br\/noticias\/wp-json\/wp\/v2\/tags?post=52328"},{"taxonomy":"suno_strategy","embeddable":true,"href":"https:\/\/www.suno.com.br\/noticias\/wp-json\/wp\/v2\/suno_strategy?post=52328"}],"curies":[{"name":"wp","href":"https:\/\/api.w.org\/{rel}","templated":true}]}}