{"id":523253,"date":"2024-02-15T10:30:10","date_gmt":"2024-02-15T13:30:10","guid":{"rendered":"https:\/\/www.suno.com.br\/noticias\/?p=523253"},"modified":"2024-02-15T12:37:31","modified_gmt":"2024-02-15T15:37:31","slug":"sabesp-sbsp3-consulta-publica-privatizacao-gpj","status":"publish","type":"post","link":"https:\/\/www.suno.com.br\/noticias\/sabesp-sbsp3-consulta-publica-privatizacao-gpj\/","title":{"rendered":"Sabesp (SBSP3): Governo de SP abre audi\u00eancia e consultas p\u00fablicas sobre processo de privatiza\u00e7\u00e3o; a\u00e7\u00f5es disparam"},"content":{"rendered":"<p>O Governo de S\u00e3o Paulo publicou nesta quinta-feira (15) no Di\u00e1rio Oficial do Estado (DOE) a abertura das audi\u00eancias e da consulta p\u00fablica do <a href=\"https:\/\/www.suno.com.br\/artigos\/privatizacao\/\">processo de privatiza\u00e7\u00e3o<\/a> da <strong>Sabesp<\/strong> (<a href=\"https:\/\/statusinvest.com.br\/acoes\/sbsp3\">SBSP3<\/a>). As a\u00e7\u00f5es da companhia disparam na manh\u00e3 desta quinta-feira (15), liderando as altas do Ibovespa.<\/p>\t<div class=\"wrapper-featured-image\">\n\t\t<figure class=\"spotlightImg\">\n\n\t\t\t<picture>\n\t\t\t\t<source media=\"(max-width: 768px)\" srcset=\"https:\/\/files.sunoresearch.com.br\/n\/uploads\/2023\/11\/sabesp-sbsp3-privatizacao-saneamento-400x200.jpg\">\n\t\t\t\t<img loading=\"lazy\" decoding=\"async\" class=\"newsContent__article__imgCapa lazyloadDisabled \" src=\"https:\/\/files.sunoresearch.com.br\/n\/uploads\/2023\/11\/sabesp-sbsp3-privatizacao-saneamento-800x450.jpg\" width=\"800\" height=\"450\" alt=\"Sabesp (SBSP3): Governo de SP abre audi\u00eancia e consultas p\u00fablicas sobre processo de privatiza\u00e7\u00e3o; a\u00e7\u00f5es disparam\" fetchpriority=high \/>\n\t\t\t<\/picture>\n\n\t\t\t<figcaption class=\"wp-caption-text wp-caption-text--show\">Sabesp (SBSP3). Foto: Reprodu\u00e7\u00e3o\/ Facebook<\/figcaption>\n\t\t<\/figure>\n\t<\/div>\n\n\n\n\n\n\n\n\t<p>\n\t\t<a href=\"https:\/\/lp.suno.com.br\/planilha-da-vida-financeira\/\" target=\"_blank\" data-element=\"shortcode-suno-banner\" title=\"Banner SUNO, clique e saiba mais\">\n\t\t\t<picture>\n\t\t\t\t<source media=\"(max-width: 500px)\" srcset=\"https:\/\/files.sunoresearch.com.br\/n\/uploads\/2023\/04\/400x300-Planilha-vida-financeira-true.png\">\n\t\t\t\t<img class=\"newsContent__article__imgCapa newsContent__article__imgCapa--banner\"\n\t\t\t\t\tsrc=\"https:\/\/files.sunoresearch.com.br\/n\/uploads\/2023\/04\/1420x240-Planilha-vida-financeira-true.png\"\n\t\t\t\t\tdata-promo-id=\"106682\"\t\t\t\t\t\t\t\t\t\twidth='1420' height='240'\t\t\t\t\talt=\"https:\/\/files.sunoresearch.com.br\/n\/uploads\/2023\/04\/1420x240-Planilha-vida-financeira-true.png\"\n\t\t\t\t>\n\t\t\t<\/picture>\n\t\t<\/a>\n\t<\/p>\n\n\n\n\n\n<p>Perto das 12h40, as <strong>a\u00e7\u00f5es ordin\u00e1rias de Sabesp<\/strong> subiam 3,62%, cotadas a R$ 81,85. No ano, os pap\u00e9is sobem 11,16%, segundo o <strong>Status Invest<\/strong>.<\/p>\n\n\n\n<div class=\"pluginQuotation\">\n  <p class=\"ticker\">\n    Cota\u00e7\u00e3o <span>SBSP3<\/span>\n  <\/p>\n  <div class=\"info\">\n    <div class=\"leftSide\">\n      Gr\u00e1fico gerado em: 15\/02\/2024    <\/div>\n\t\t\t\t\t<div class=\"rightSide\">\n\t\t\t\t\t<span class=\"period\">\n\t\t\t\t\t\t1 Dia\t\t\t\t\t<\/span>\n\t\t\t<\/div>\n\t\t  <\/div>\n\n  <div id=\"chart-e3ad14b70124798f9f684ac73cf0787c\" data-block-hash=\"e3ad14b70124798f9f684ac73cf0787c\"  class=\"chart\" style=\"width:100%;height:400px;\"><\/div>\n\n  <div class=\"pluginQuotation__footer\">\n    <div class=\"dataChart\">\n\n      <div class=\"dataChart__div1 variation\">\n        <div class=\"value-positive\">\n          3,49 (+2,79%)        <\/div>\n        <div class=\"text\">\n          Varia\u00e7\u00e3o do per\u00edodo\n        <\/div>\n      <\/div>\n\n      <div class=\"dataChart__div2 minMax\">\n        <div class=\"value\">\n          R$\u00a080,02        <\/div>\n        <div class=\"text\">\n          M\u00ednima\n        <\/div>\n      <\/div>\n\n      <div class=\"dataChart__div3 minMax\">\n        <div class=\"value\">\n          R$\u00a082,81        <\/div>\n        <div class=\"text\">\n          M\u00e1xima\n        <\/div>\n      <\/div>\n\n\t\t\t<div class=\"dataChart__div4 rightSide\">\n\t\t\t\t<div class=\"analiticaSource\">\n\t\t\t\t\t<span>\n\t\t\t\t\t\tFonte:\n\t\t\t\t\t<\/span>\n\t\t\t\t\t<img decoding=\"async\" class=\"analiticaLogo\" src=\"https:\/\/www.suno.com.br\/noticias\/wp-content\/plugins\/suno-block-ticker-quotation\/src\/suno-analitica-logo.png\" alt=\"Logo Suno Anal\u00edtica\" \/>\n\t\t\t\t<\/div>\n\n\t\t\t\t<a href=\"https:\/\/www.suno.com.br\/analitica\/acoes\/SBSP3\" target=\"_blank\">\n\t\t\t\t\t<span>\n\t\t\t\t\t\tVer mais cota\u00e7\u00f5es\n\t\t\t\t\t<\/span>\n\t\t\t\t\t<svg xmlns=\"http:\/\/www.w3.org\/2000\/svg\" width=\"9\" height=\"8\" viewBox=\"0 0 9 8\" fill=\"none\">\n\t\t\t\t\t\t<path d=\"M4.20996 0L3.50496 0.705L6.29496 3.5H0.209961V4.5H6.29496L3.50496 7.295L4.20996 8L8.20996 4L4.20996 0Z\" fill=\"#D42126\" \/>\n\t\t\t\t\t<\/svg>\n\t\t\t\t<\/a>\n    <\/div>\n\n    <\/div>\n  <\/div>\n<\/div>\n\n\n<script type=\"text\/javascript\">\n  let chart_e3ad14b70124798f9f684ac73cf0787c = document.getElementById('chart-e3ad14b70124798f9f684ac73cf0787c');\n  let data_json_e3ad14b70124798f9f684ac73cf0787c = \"[{\\\"date\\\":\\\"15\\\\\\\/02\\\\\\\/24 10:06\\\",\\\"value\\\":80.02},{\\\"date\\\":\\\"15\\\\\\\/02\\\\\\\/24 10:08\\\",\\\"value\\\":81.89},{\\\"date\\\":\\\"15\\\\\\\/02\\\\\\\/24 10:10\\\",\\\"value\\\":80.88},{\\\"date\\\":\\\"15\\\\\\\/02\\\\\\\/24 10:12\\\",\\\"value\\\":80.79},{\\\"date\\\":\\\"15\\\\\\\/02\\\\\\\/24 10:14\\\",\\\"value\\\":82.24},{\\\"date\\\":\\\"15\\\\\\\/02\\\\\\\/24 10:16\\\",\\\"value\\\":82.35},{\\\"date\\\":\\\"15\\\\\\\/02\\\\\\\/24 10:18\\\",\\\"value\\\":82.01},{\\\"date\\\":\\\"15\\\\\\\/02\\\\\\\/24 10:20\\\",\\\"value\\\":82.22},{\\\"date\\\":\\\"15\\\\\\\/02\\\\\\\/24 10:22\\\",\\\"value\\\":82.24},{\\\"date\\\":\\\"15\\\\\\\/02\\\\\\\/24 10:24\\\",\\\"value\\\":82.15},{\\\"date\\\":\\\"15\\\\\\\/02\\\\\\\/24 10:26\\\",\\\"value\\\":81.99},{\\\"date\\\":\\\"15\\\\\\\/02\\\\\\\/24 10:28\\\",\\\"value\\\":82.11},{\\\"date\\\":\\\"15\\\\\\\/02\\\\\\\/24 10:30\\\",\\\"value\\\":82.81},{\\\"date\\\":\\\"15\\\\\\\/02\\\\\\\/24 10:32\\\",\\\"value\\\":82.72},{\\\"date\\\":\\\"15\\\\\\\/02\\\\\\\/24 10:34\\\",\\\"value\\\":82.81}]\";\n  let isPositive_e3ad14b70124798f9f684ac73cf0787c = true;\n\n  let color_e3ad14b70124798f9f684ac73cf0787c = isPositive_e3ad14b70124798f9f684ac73cf0787c ? '#3AB53A' : '#D92C2D';\n\n  let data_e3ad14b70124798f9f684ac73cf0787c = JSON.parse(data_json_e3ad14b70124798f9f684ac73cf0787c);\n\n  const result_e3ad14b70124798f9f684ac73cf0787c = {\n    date: [],\n    value: [],\n  };\n\n  data_e3ad14b70124798f9f684ac73cf0787c.forEach((item) => {\n    result_e3ad14b70124798f9f684ac73cf0787c.date.push(item.date);\n    result_e3ad14b70124798f9f684ac73cf0787c.value.push(Number(item.value));\n  });\n\n  let option_e3ad14b70124798f9f684ac73cf0787c = {\n    \/\/ variavel de cor global\n    color: [color_e3ad14b70124798f9f684ac73cf0787c],\n    title: {\n      text: '',\n    },\n    tooltip: {\n      trigger: 'axis',\n      axisPointer: {\n        type: 'cross',\n        label: {\n          \/\/ cor dos valores em X e Y\n          backgroundColor: color_e3ad14b70124798f9f684ac73cf0787c,\n          formatter: (value) => {\n            if (typeof value.value === 'number') {\n              return Number(value.value).toLocaleString('pt-br', {\n                style: 'currency',\n                currency: 'BRL'\n              });\n            }\n            return value.value;\n          },\n        },\n      },\n      valueFormatter: (value) => Number(value).toLocaleString('pt-br', {\n        style: 'currency',\n        currency: 'BRL'\n      }),\n    },\n    legend: {\n      \/\/ data: ['Valor de Fechamento'],\n      show: false,\n    },\n    toolbox: {\n      feature: {\n        saveAsImage: {\n          show: false,\n        },\n      },\n    },\n    grid: {\n      left: '0px',\n      right: '0px',\n      bottom: '0px',\n      containLabel: true,\n    },\n    xAxis: [{\n      type: 'category',\n      data: result_e3ad14b70124798f9f684ac73cf0787c.date,\n      boundaryGap: true,\n    }],\n    yAxis: [{\n      type: 'value',\n      min: Math.min(...result_e3ad14b70124798f9f684ac73cf0787c.value),\n      max: Math.max(...result_e3ad14b70124798f9f684ac73cf0787c.value),\n      axisLabel: {\n        formatter: (value) => value.toLocaleString('pt-br', {\n          style: 'currency',\n          currency: 'BRL'\n        }),\n      },\n    }],\n    series: [{\n      name: 'Valor de Fechamento',\n      type: 'line',\n      stack: 'Total',\n      \/\/ cor do grafico\n      areaStyle: {},\n      emphasis: {\n        focus: 'series',\n      },\n      data: result_e3ad14b70124798f9f684ac73cf0787c.value,\n      \/\/ cor da linha\n      lineStyle: {\n        color: color_e3ad14b70124798f9f684ac73cf0787c,\n      },\n    }, ],\n  };\n\n\twindow.chart_e3ad14b70124798f9f684ac73cf0787c = {\n\t\tel: chart_e3ad14b70124798f9f684ac73cf0787c,\n\t\toption: option_e3ad14b70124798f9f684ac73cf0787c\t};\n\n\n<\/script>\n\n\n\n<p>Com in\u00edcio nesta quinta-feira (15), a consulta p\u00fablica ser\u00e1 feita de forma virtual e ficar\u00e1 aberta durante 30 dias. O objetivo \u00e9 colher sugest\u00f5es e contribui\u00e7\u00f5es relacionadas \u00e0 documenta\u00e7\u00e3o disponibilizada na p\u00e1gina da Secretaria de Meio Ambiente, Infraestrutura e Log\u00edstica (Semil) do Estado, que trata do processo de <strong>desestatiza\u00e7\u00e3o da Sabesp<\/strong>.<\/p>\n\n\n\n<p>Poder\u00e3o participar da <strong>consulta p\u00fablica da Sabesp<\/strong> pessoas f\u00edsicas ou jur\u00eddicas interessadas no assunto. As contribui\u00e7\u00f5es dever\u00e3o ser feitas por escrito, por meio de formul\u00e1rio on-line.<\/p>\n\n\n\n<p>Ao todo, ser\u00e3o realizadas oito audi\u00eancias p\u00fablicas, sendo uma virtual e sete presenciais, nas cidades de S\u00e3o Paulo, Santos, S\u00e3o Jos\u00e9 dos Campos, Registro, Franca, Presidente Prudente e Lins, a partir do pr\u00f3ximo dia 23 de fevereiro. A reuni\u00e3o virtual ser\u00e1 realizada no canal da Semil no YouTube, em 14 de mar\u00e7o.<\/p>\n\n\n\n<p>Segundo a Sabesp, a consulta p\u00fablica vai avaliar o contrato de concess\u00e3o, o plano regional de saneamento b\u00e1sico e o regimento interno da Unidade Regional de Servi\u00e7os de Abastecimento de \u00c1gua Pot\u00e1vel e Esgotamento Sanit\u00e1rio 1 (<strong>URAE-1<\/strong>), que compreende 370 dos 375 <strong>munic\u00edpios atendidos pela Sabesp<\/strong>.<\/p>\n\n\n\n\t<div data-element=\"shortcode-read-more\" class=\"readToo\">\n\t\t\t\t<span class=\"readToo__title\">Leia mais<\/span>\n\t\t\t\t<ul class=\"readToo__list\">\n\t\t\t<li><a href=\"https:\/\/www.suno.com.br\/noticias\/news-agenda-dividendos-btg-pactual-bpac11-rent3-fevereiro-cpf-2\/\">BTG Pactual (BPAC11) e Banco BMG (BMGB4) pagam dividendos nesta quinta-feira; saiba mais<\/a><\/li><li><a href=\"https:\/\/www.suno.com.br\/noticias\/mega-sena-26888-sorteio-premio-hoje-cpf\/\">Mega-Sena 2688 sorteia pr\u00eamio de R$ 53 milh\u00f5es nesta quinta-feira (15)<\/a><\/li><li><a href=\"https:\/\/www.suno.com.br\/noticias\/petrobras-petr4-parcerias-aramco-gpj\/\">Petrobras (PETR4) vai analisar parcerias com Aramco, diz presidente<\/a><\/li>\t\t<\/ul>\n\t<\/div>\n\n\n\n\n<h2 class=\"wp-block-heading\">Sabesp dever\u00e1 ter acionista de refer\u00eancia em modelo de privatiza\u00e7\u00e3o, diz jornal<\/h2>\n\n\n\n<p>A alta nas <strong>a\u00e7\u00f5es de Sabesp<\/strong> nesta quinta-feira tamb\u00e9m \u00e9 explicada pela not\u00edcia divulgada pelo jornal Valor Econ\u00f4mico de que o processo de privatiza\u00e7\u00e3o da companhia, previsto para ocorrer em junho, vai ter a figura de um investidor de refer\u00eancia com participa\u00e7\u00e3o de, ao menos, 15% na companha privatizada.<\/p>\n\n\n\n<p>De acordo com a publica\u00e7\u00e3o, a ideia \u00e9 de que esse posto seja ocupado por uma empresa que saiba operar no mercado regulado. Atualmente, segundo fontes, <strong>Equatorial <\/strong>(<a href=\"https:\/\/statusinvest.com.br\/acoes\/eqtl3\">EQTL3<\/a>), <strong>Cosan<\/strong> (<a href=\"https:\/\/statusinvest.com.br\/acoes\/csan3\">CSAN3<\/a>), <strong>Votorantim<\/strong> e<strong> P\u00e1tria<\/strong> avaliam o investimento.<\/p>\n\n\n\n<p>&#8220;J\u00e1 havia por alguns gestores um view positivo para o processo de privatiza\u00e7\u00e3o por si s\u00f3. Agora, com esse interesse de players com expertise no setor, acabou virando a cereja do bolo para a Sabesp&#8221;, comentou F\u00e1bio Lemos, s\u00f3cio da Fatorial Investimentos.<\/p>\n\n\n\t<p>\n\t\t<a href=\"https:\/\/lp.suno.com.br\/ebook-como-analisar-uma-acao\/\" target=\"_blank\" data-element=\"shortcode-suno-banner\" title=\"Banner SUNO, clique e saiba mais\">\n\t\t\t<picture>\n\t\t\t\t<source media=\"(max-width: 500px)\" srcset=\"https:\/\/files.sunoresearch.com.br\/n\/uploads\/2023\/03\/Ebook-Acoes-Mobile.jpg\">\n\t\t\t\t<img class=\"newsContent__article__imgCapa newsContent__article__imgCapa--banner\"\n\t\t\t\t\tsrc=\"https:\/\/files.sunoresearch.com.br\/n\/uploads\/2023\/03\/Ebook-Acoes-Desktop.jpg\"\n\t\t\t\t\tdata-promo-id=\"378302\"\t\t\t\t\t\t\t\t\t\twidth='1420' height='286'\t\t\t\t\talt=\"https:\/\/files.sunoresearch.com.br\/n\/uploads\/2023\/03\/Ebook-Acoes-Desktop.jpg\"\n\t\t\t\t>\n\t\t\t<\/picture>\n\t\t<\/a>\n\t<\/p>\n\n\n\n\n\n<h2 class=\"wp-block-heading\">Sabesp (SBSP3) anuncia quais bancos v\u00e3o coordenar oferta de a\u00e7\u00f5es para privatiza\u00e7\u00e3o<\/h2>\n\n\n\n<p>No fim do ano passado, a&nbsp;Sabesp informou j\u00e1 ter escolhido as&nbsp;<a href=\"https:\/\/www.suno.com.br\/artigos\/instituicoes-financeiras\/\" target=\"_blank\" rel=\"noreferrer noopener\">institui\u00e7\u00f5es financeiras<\/a>&nbsp;que v\u00e3o atuar como coordenadores globais na estrutura\u00e7\u00e3o de uma potencial opera\u00e7\u00e3o de follow-on da empresa, ou seja, a oferta subsequente de a\u00e7\u00f5es da sua privatiza\u00e7\u00e3o.<\/p>\n\n\n\n<p>Em comunicado, a companhia de saneamento informou os coordenadores globais que foram escolhidos para uma potencial&nbsp;<strong>follow-on da Sabesp<\/strong>&nbsp;foram:&nbsp;<a href=\"https:\/\/www.suno.com.br\/acoes\/BPAC11\/\" target=\"_blank\" rel=\"noreferrer noopener\">BTG Pactual (BPAC11)<\/a>, Bank of America (BofA), Citi e UBS \u2013 BB.<\/p>\n\n\n\n<p>Ademais, a Sabesp diz que vai manter o mercado informado sobre os desdobramentos desse assunto em um novo comunicado posteriormente.<\/p>\n\n\n\n<p>Cabe lembrar que os deputados da Assembleia Legislativa de S\u00e3o Paulo j\u00e1 aprovaram no come\u00e7o de dezembro o projeto de&nbsp;<strong>privatiza\u00e7\u00e3o da Sabesp<\/strong>. A expectativa do governo do Estado de S\u00e3o Paulo \u00e9 de que a transa\u00e7\u00e3o estruturada pelos bancos possa ser conclu\u00edda at\u00e9 este ano.<\/p>\n\n\n\n<p>Tamb\u00e9m em dezembro, o&nbsp;<strong>conselho de administra\u00e7\u00e3o da Sabesp<\/strong>&nbsp;aprovou um novo plano plurianual de investimento (PPI), no valor de R$ 47,4 bilh\u00f5es entre os anos de 2024 e 2028, incorporando os investimentos do Projeto Integra Tiet\u00ea, associado a recupera\u00e7\u00e3o do rio.<\/p>\n\n\n\n<p>Dessa quantia, aproximadamente R$ 33,991 bilh\u00f5es v\u00e3o ser investidos na expans\u00e3o de sistemas de \u00e1gua e esgoto nos anos seguintes. J\u00e1 os&nbsp;<strong>investimentos da Sabesp<\/strong>&nbsp;destinados \u00e0 melhoria de sistemas, efici\u00eancia e renova\u00e7\u00e3o de ativos devem ser de R$ 11,267 bilh\u00f5es.<\/p>\n\n\n\n<p>A empresa destaca que os valores constantes do PPI da&nbsp;<strong>Sabesp<\/strong>&nbsp;\u201cainda n\u00e3o consideram efeitos do processo de desestatiza\u00e7\u00e3o, dentre eles a amplia\u00e7\u00e3o da \u00e1rea de concess\u00e3o com o consequente aumento da popula\u00e7\u00e3o atendida, bem como a antecipa\u00e7\u00e3o das metas de universaliza\u00e7\u00e3o, o qual est\u00e1 em fase de detalhamento sob coordena\u00e7\u00e3o do Governo do Estado de S\u00e3o Paulo\u201d.<\/p>\n\n\n\t<p>\n\t\t<a href=\"https:\/\/lp.suno.com.br\/planilha-da-vida-financeira\/\" target=\"_blank\" data-element=\"shortcode-suno-banner\" title=\"Banner SUNO, clique e saiba mais\">\n\t\t\t<picture>\n\t\t\t\t<source media=\"(max-width: 500px)\" srcset=\"https:\/\/files.sunoresearch.com.br\/n\/uploads\/2023\/04\/400x300-Planilha-vida-financeira-true.png\">\n\t\t\t\t<img class=\"newsContent__article__imgCapa newsContent__article__imgCapa--banner\"\n\t\t\t\t\tsrc=\"https:\/\/files.sunoresearch.com.br\/n\/uploads\/2023\/04\/1420x240-Planilha-vida-financeira-true.png\"\n\t\t\t\t\tdata-promo-id=\"383123\"\t\t\t\t\t\t\t\t\t\twidth='1420' height='240'\t\t\t\t\talt=\"https:\/\/files.sunoresearch.com.br\/n\/uploads\/2023\/04\/1420x240-Planilha-vida-financeira-true.png\"\n\t\t\t\t>\n\t\t\t<\/picture>\n\t\t<\/a>\n\t<\/p>\n\n\n","protected":false},"excerpt":{"rendered":"<p>O Governo de S\u00e3o Paulo publicou nesta quinta-feira (15) no Di\u00e1rio Oficial do Estado (DOE) a abertura das audi\u00eancias e da consulta p\u00fablica do processo de privatiza\u00e7\u00e3o da Sabesp (SBSP3). As a\u00e7\u00f5es da companhia disparam na manh\u00e3 desta quinta-feira (15), liderando as altas do Ibovespa. Sabesp (SBSP3). Foto: Reprodu\u00e7\u00e3o\/ Facebook Perto das 12h40, as a\u00e7\u00f5es [&hellip;]<\/p>\n","protected":false},"author":313,"featured_media":489221,"comment_status":"closed","ping_status":"closed","sticky":false,"template":"","format":"standard","meta":[],"categories":[64],"tags":[286,105816,106765],"suno_strategy":[],"class_list":["post-523253","post","type-post","status-publish","format-standard","has-post-thumbnail","hentry","category-negocios","tag-acoes","tag-especialistas","tag-sabesp-sbsp3"],"yoast_head":"<!-- This site is optimized with the Yoast SEO plugin v24.4 - https:\/\/yoast.com\/wordpress\/plugins\/seo\/ -->\n<title>Sabesp (SBSP3): governo far\u00e1 consulta p\u00fablica sobre privatiza\u00e7\u00e3o<\/title>\n<meta name=\"description\" content=\"A consulta p\u00fablica sobre a privatiza\u00e7\u00e3o da Sabesp (SBSP3) ser\u00e1 feita de forma virtual e ficar\u00e1 aberta durante 30 dias.\" \/>\n<meta name=\"robots\" content=\"index, follow, max-snippet:-1, max-image-preview:large, max-video-preview:-1\" \/>\n<link rel=\"canonical\" href=\"https:\/\/www.suno.com.br\/noticias\/sabesp-sbsp3-consulta-publica-privatizacao-gpj\/\" \/>\n<meta property=\"og:locale\" content=\"pt_BR\" \/>\n<meta property=\"og:type\" content=\"article\" \/>\n<meta property=\"og:title\" content=\"Sabesp (SBSP3): governo far\u00e1 consulta p\u00fablica sobre privatiza\u00e7\u00e3o\" \/>\n<meta property=\"og:description\" content=\"A consulta p\u00fablica sobre a privatiza\u00e7\u00e3o da Sabesp (SBSP3) ser\u00e1 feita de forma virtual e ficar\u00e1 aberta durante 30 dias.\" \/>\n<meta property=\"og:url\" content=\"https:\/\/www.suno.com.br\/noticias\/sabesp-sbsp3-consulta-publica-privatizacao-gpj\/\" \/>\n<meta property=\"og:site_name\" content=\"Suno Not\u00edcias\" \/>\n<meta property=\"article:publisher\" content=\"https:\/\/facebook.com\/sunoresearch\" \/>\n<meta property=\"og:image\" content=\"https:\/\/files.sunoresearch.com.br\/n\/uploads\/2023\/11\/sabesp-sbsp3-privatizacao-saneamento.jpg\" \/>\n\t<meta property=\"og:image:width\" content=\"1200\" \/>\n\t<meta property=\"og:image:height\" content=\"800\" \/>\n\t<meta property=\"og:image:type\" content=\"image\/jpeg\" \/>\n<meta name=\"author\" content=\"Giovanni Porf\u00edrio Jacomino\" \/>\n<meta name=\"twitter:card\" content=\"summary_large_image\" \/>\n<meta name=\"twitter:creator\" content=\"@sunoresearch\" \/>\n<meta name=\"twitter:site\" content=\"@sunoresearch\" \/>\n<meta name=\"twitter:label1\" content=\"Escrito por\" \/>\n\t<meta name=\"twitter:data1\" content=\"Giovanni Porf\u00edrio Jacomino\" \/>\n\t<meta name=\"twitter:label2\" content=\"Est. tempo de leitura\" \/>\n\t<meta name=\"twitter:data2\" content=\"4 minutos\" \/>\n<script type=\"application\/ld+json\" class=\"yoast-schema-graph\">{\"@context\":\"https:\/\/schema.org\",\"@graph\":[{\"@type\":\"NewsArticle\",\"@id\":\"https:\/\/www.suno.com.br\/noticias\/sabesp-sbsp3-consulta-publica-privatizacao-gpj\/#article\",\"isPartOf\":{\"@id\":\"https:\/\/www.suno.com.br\/noticias\/sabesp-sbsp3-consulta-publica-privatizacao-gpj\/\"},\"author\":{\"name\":\"Giovanni Porf\u00edrio Jacomino\",\"@id\":\"https:\/\/www.suno.com.br\/noticias\/#\/schema\/person\/d0f32748bbca4bee871fa191ee4e2d40\"},\"headline\":\"Sabesp (SBSP3): Governo de SP abre audi\u00eancia e consultas p\u00fablicas sobre processo de privatiza\u00e7\u00e3o; a\u00e7\u00f5es disparam\",\"datePublished\":\"2024-02-15T13:30:10+00:00\",\"dateModified\":\"2024-02-15T15:37:31+00:00\",\"mainEntityOfPage\":{\"@id\":\"https:\/\/www.suno.com.br\/noticias\/sabesp-sbsp3-consulta-publica-privatizacao-gpj\/\"},\"wordCount\":778,\"publisher\":{\"@id\":\"https:\/\/www.suno.com.br\/noticias\/#organization\"},\"image\":{\"@id\":\"https:\/\/www.suno.com.br\/noticias\/sabesp-sbsp3-consulta-publica-privatizacao-gpj\/#primaryimage\"},\"thumbnailUrl\":\"https:\/\/files.sunoresearch.com.br\/n\/uploads\/2023\/11\/sabesp-sbsp3-privatizacao-saneamento.jpg\",\"keywords\":[\"A\u00e7\u00f5es\",\"Especialistas\",\"Sabesp (SBSP3)\"],\"articleSection\":[\"Neg\u00f3cios\"],\"inLanguage\":\"pt-BR\"},{\"@type\":\"WebPage\",\"@id\":\"https:\/\/www.suno.com.br\/noticias\/sabesp-sbsp3-consulta-publica-privatizacao-gpj\/\",\"url\":\"https:\/\/www.suno.com.br\/noticias\/sabesp-sbsp3-consulta-publica-privatizacao-gpj\/\",\"name\":\"Sabesp (SBSP3): governo far\u00e1 consulta p\u00fablica sobre privatiza\u00e7\u00e3o\",\"isPartOf\":{\"@id\":\"https:\/\/www.suno.com.br\/noticias\/#website\"},\"primaryImageOfPage\":{\"@id\":\"https:\/\/www.suno.com.br\/noticias\/sabesp-sbsp3-consulta-publica-privatizacao-gpj\/#primaryimage\"},\"image\":{\"@id\":\"https:\/\/www.suno.com.br\/noticias\/sabesp-sbsp3-consulta-publica-privatizacao-gpj\/#primaryimage\"},\"thumbnailUrl\":\"https:\/\/files.sunoresearch.com.br\/n\/uploads\/2023\/11\/sabesp-sbsp3-privatizacao-saneamento.jpg\",\"datePublished\":\"2024-02-15T13:30:10+00:00\",\"dateModified\":\"2024-02-15T15:37:31+00:00\",\"description\":\"A consulta p\u00fablica sobre a privatiza\u00e7\u00e3o da Sabesp (SBSP3) ser\u00e1 feita de forma virtual e ficar\u00e1 aberta durante 30 dias.\",\"breadcrumb\":{\"@id\":\"https:\/\/www.suno.com.br\/noticias\/sabesp-sbsp3-consulta-publica-privatizacao-gpj\/#breadcrumb\"},\"inLanguage\":\"pt-BR\",\"potentialAction\":[{\"@type\":\"ReadAction\",\"target\":[\"https:\/\/www.suno.com.br\/noticias\/sabesp-sbsp3-consulta-publica-privatizacao-gpj\/\"]}]},{\"@type\":\"ImageObject\",\"inLanguage\":\"pt-BR\",\"@id\":\"https:\/\/www.suno.com.br\/noticias\/sabesp-sbsp3-consulta-publica-privatizacao-gpj\/#primaryimage\",\"url\":\"https:\/\/files.sunoresearch.com.br\/n\/uploads\/2023\/11\/sabesp-sbsp3-privatizacao-saneamento.jpg\",\"contentUrl\":\"https:\/\/files.sunoresearch.com.br\/n\/uploads\/2023\/11\/sabesp-sbsp3-privatizacao-saneamento.jpg\",\"width\":1200,\"height\":800,\"caption\":\"Sabesp (SBSP3). Foto: Reprodu\u00e7\u00e3o\/ Facebook\"},{\"@type\":\"BreadcrumbList\",\"@id\":\"https:\/\/www.suno.com.br\/noticias\/sabesp-sbsp3-consulta-publica-privatizacao-gpj\/#breadcrumb\",\"itemListElement\":[{\"@type\":\"ListItem\",\"position\":1,\"name\":\"Not\u00edcias\",\"item\":\"https:\/\/www.suno.com.br\/noticias\/\"},{\"@type\":\"ListItem\",\"position\":2,\"name\":\"Neg\u00f3cios\",\"item\":\"https:\/\/www.suno.com.br\/noticias\/negocios\/\"},{\"@type\":\"ListItem\",\"position\":3,\"name\":\"Sabesp (SBSP3): Governo de SP abre audi\u00eancia e consultas p\u00fablicas sobre processo de privatiza\u00e7\u00e3o; a\u00e7\u00f5es disparam\"}]},{\"@type\":\"WebSite\",\"@id\":\"https:\/\/www.suno.com.br\/noticias\/#website\",\"url\":\"https:\/\/www.suno.com.br\/noticias\/\",\"name\":\"Suno Not\u00edcias\",\"description\":\"Seu portal de informa\u00e7\u00e3o sobre o mundo dos investimentos\",\"publisher\":{\"@id\":\"https:\/\/www.suno.com.br\/noticias\/#organization\"},\"potentialAction\":[{\"@type\":\"SearchAction\",\"target\":{\"@type\":\"EntryPoint\",\"urlTemplate\":\"https:\/\/www.suno.com.br\/noticias\/?s={search_term_string}\"},\"query-input\":{\"@type\":\"PropertyValueSpecification\",\"valueRequired\":true,\"valueName\":\"search_term_string\"}}],\"inLanguage\":\"pt-BR\"},{\"@type\":\"Organization\",\"@id\":\"https:\/\/www.suno.com.br\/noticias\/#organization\",\"name\":\"Suno Not\u00edcias\",\"url\":\"https:\/\/www.suno.com.br\/noticias\/\",\"logo\":{\"@type\":\"ImageObject\",\"inLanguage\":\"pt-BR\",\"@id\":\"https:\/\/www.suno.com.br\/noticias\/#\/schema\/logo\/image\/\",\"url\":\"https:\/\/files.sunoresearch.com.br\/n\/uploads\/2021\/09\/suno-logo.png\",\"contentUrl\":\"https:\/\/files.sunoresearch.com.br\/n\/uploads\/2021\/09\/suno-logo.png\",\"width\":180,\"height\":180,\"caption\":\"Suno Not\u00edcias\"},\"image\":{\"@id\":\"https:\/\/www.suno.com.br\/noticias\/#\/schema\/logo\/image\/\"},\"sameAs\":[\"https:\/\/facebook.com\/sunoresearch\",\"https:\/\/x.com\/sunoresearch\",\"https:\/\/www.instagram.com\/suno\",\"https:\/\/www.linkedin.com\/company\/suno-research\/\",\"https:\/\/www.youtube.com\/c\/sunoresearch\"]},{\"@type\":\"Person\",\"@id\":\"https:\/\/www.suno.com.br\/noticias\/#\/schema\/person\/d0f32748bbca4bee871fa191ee4e2d40\",\"name\":\"Giovanni Porf\u00edrio Jacomino\",\"image\":{\"@type\":\"ImageObject\",\"inLanguage\":\"pt-BR\",\"@id\":\"https:\/\/www.suno.com.br\/noticias\/#\/schema\/person\/image\/\",\"url\":\"https:\/\/secure.gravatar.com\/avatar\/efb32e19b730a121cb7a80f41ffec01a?s=96&r=g\",\"contentUrl\":\"https:\/\/secure.gravatar.com\/avatar\/efb32e19b730a121cb7a80f41ffec01a?s=96&r=g\",\"caption\":\"Giovanni Porf\u00edrio Jacomino\"},\"description\":\"Giovanni Porf\u00edrio Jacomino \u00e9 jornalista formado pela Universidade Estadual de Londrina (UEL) e p\u00f3s-graduado em Produ\u00e7\u00e3o e Pr\u00e1ticas Jornal\u00edsticas na Contemporaneidade na Faculdade C\u00e1sper L\u00edbero (FCL). Foi editor web no Startupi e no Finsiders, atuando ainda como editor no TC Mover, portal de not\u00edcias da TradersClub, fazendo a cobertura de assuntos relacionados ao mercado financeiro interno e externo. Atualmente, \u00e9 Rep\u00f3rter do Suno Not\u00edcias.\",\"url\":\"https:\/\/www.suno.com.br\/noticias\/author\/giovanni-porfiriosuno-com-br\/\"}]}<\/script>\n<!-- \/ Yoast SEO plugin. -->","yoast_head_json":{"title":"Sabesp (SBSP3): governo far\u00e1 consulta p\u00fablica sobre privatiza\u00e7\u00e3o","description":"A consulta p\u00fablica sobre a privatiza\u00e7\u00e3o da Sabesp (SBSP3) ser\u00e1 feita de forma virtual e ficar\u00e1 aberta durante 30 dias.","robots":{"index":"index","follow":"follow","max-snippet":"max-snippet:-1","max-image-preview":"max-image-preview:large","max-video-preview":"max-video-preview:-1"},"canonical":"https:\/\/www.suno.com.br\/noticias\/sabesp-sbsp3-consulta-publica-privatizacao-gpj\/","og_locale":"pt_BR","og_type":"article","og_title":"Sabesp (SBSP3): governo far\u00e1 consulta p\u00fablica sobre privatiza\u00e7\u00e3o","og_description":"A consulta p\u00fablica sobre a privatiza\u00e7\u00e3o da Sabesp (SBSP3) ser\u00e1 feita de forma virtual e ficar\u00e1 aberta durante 30 dias.","og_url":"https:\/\/www.suno.com.br\/noticias\/sabesp-sbsp3-consulta-publica-privatizacao-gpj\/","og_site_name":"Suno Not\u00edcias","article_publisher":"https:\/\/facebook.com\/sunoresearch","og_image":[{"width":1200,"height":800,"url":"https:\/\/files.sunoresearch.com.br\/n\/uploads\/2023\/11\/sabesp-sbsp3-privatizacao-saneamento.jpg","type":"image\/jpeg"}],"author":"Giovanni Porf\u00edrio Jacomino","twitter_card":"summary_large_image","twitter_creator":"@sunoresearch","twitter_site":"@sunoresearch","twitter_misc":{"Escrito por":"Giovanni Porf\u00edrio Jacomino","Est. tempo de leitura":"4 minutos"},"schema":{"@context":"https:\/\/schema.org","@graph":[{"@type":"NewsArticle","@id":"https:\/\/www.suno.com.br\/noticias\/sabesp-sbsp3-consulta-publica-privatizacao-gpj\/#article","isPartOf":{"@id":"https:\/\/www.suno.com.br\/noticias\/sabesp-sbsp3-consulta-publica-privatizacao-gpj\/"},"author":{"name":"Giovanni Porf\u00edrio Jacomino","@id":"https:\/\/www.suno.com.br\/noticias\/#\/schema\/person\/d0f32748bbca4bee871fa191ee4e2d40"},"headline":"Sabesp (SBSP3): Governo de SP abre audi\u00eancia e consultas p\u00fablicas sobre processo de privatiza\u00e7\u00e3o; a\u00e7\u00f5es disparam","datePublished":"2024-02-15T13:30:10+00:00","dateModified":"2024-02-15T15:37:31+00:00","mainEntityOfPage":{"@id":"https:\/\/www.suno.com.br\/noticias\/sabesp-sbsp3-consulta-publica-privatizacao-gpj\/"},"wordCount":778,"publisher":{"@id":"https:\/\/www.suno.com.br\/noticias\/#organization"},"image":{"@id":"https:\/\/www.suno.com.br\/noticias\/sabesp-sbsp3-consulta-publica-privatizacao-gpj\/#primaryimage"},"thumbnailUrl":"https:\/\/files.sunoresearch.com.br\/n\/uploads\/2023\/11\/sabesp-sbsp3-privatizacao-saneamento.jpg","keywords":["A\u00e7\u00f5es","Especialistas","Sabesp (SBSP3)"],"articleSection":["Neg\u00f3cios"],"inLanguage":"pt-BR"},{"@type":"WebPage","@id":"https:\/\/www.suno.com.br\/noticias\/sabesp-sbsp3-consulta-publica-privatizacao-gpj\/","url":"https:\/\/www.suno.com.br\/noticias\/sabesp-sbsp3-consulta-publica-privatizacao-gpj\/","name":"Sabesp (SBSP3): governo far\u00e1 consulta p\u00fablica sobre privatiza\u00e7\u00e3o","isPartOf":{"@id":"https:\/\/www.suno.com.br\/noticias\/#website"},"primaryImageOfPage":{"@id":"https:\/\/www.suno.com.br\/noticias\/sabesp-sbsp3-consulta-publica-privatizacao-gpj\/#primaryimage"},"image":{"@id":"https:\/\/www.suno.com.br\/noticias\/sabesp-sbsp3-consulta-publica-privatizacao-gpj\/#primaryimage"},"thumbnailUrl":"https:\/\/files.sunoresearch.com.br\/n\/uploads\/2023\/11\/sabesp-sbsp3-privatizacao-saneamento.jpg","datePublished":"2024-02-15T13:30:10+00:00","dateModified":"2024-02-15T15:37:31+00:00","description":"A consulta p\u00fablica sobre a privatiza\u00e7\u00e3o da Sabesp (SBSP3) ser\u00e1 feita de forma virtual e ficar\u00e1 aberta durante 30 dias.","breadcrumb":{"@id":"https:\/\/www.suno.com.br\/noticias\/sabesp-sbsp3-consulta-publica-privatizacao-gpj\/#breadcrumb"},"inLanguage":"pt-BR","potentialAction":[{"@type":"ReadAction","target":["https:\/\/www.suno.com.br\/noticias\/sabesp-sbsp3-consulta-publica-privatizacao-gpj\/"]}]},{"@type":"ImageObject","inLanguage":"pt-BR","@id":"https:\/\/www.suno.com.br\/noticias\/sabesp-sbsp3-consulta-publica-privatizacao-gpj\/#primaryimage","url":"https:\/\/files.sunoresearch.com.br\/n\/uploads\/2023\/11\/sabesp-sbsp3-privatizacao-saneamento.jpg","contentUrl":"https:\/\/files.sunoresearch.com.br\/n\/uploads\/2023\/11\/sabesp-sbsp3-privatizacao-saneamento.jpg","width":1200,"height":800,"caption":"Sabesp (SBSP3). Foto: Reprodu\u00e7\u00e3o\/ Facebook"},{"@type":"BreadcrumbList","@id":"https:\/\/www.suno.com.br\/noticias\/sabesp-sbsp3-consulta-publica-privatizacao-gpj\/#breadcrumb","itemListElement":[{"@type":"ListItem","position":1,"name":"Not\u00edcias","item":"https:\/\/www.suno.com.br\/noticias\/"},{"@type":"ListItem","position":2,"name":"Neg\u00f3cios","item":"https:\/\/www.suno.com.br\/noticias\/negocios\/"},{"@type":"ListItem","position":3,"name":"Sabesp (SBSP3): Governo de SP abre audi\u00eancia e consultas p\u00fablicas sobre processo de privatiza\u00e7\u00e3o; a\u00e7\u00f5es disparam"}]},{"@type":"WebSite","@id":"https:\/\/www.suno.com.br\/noticias\/#website","url":"https:\/\/www.suno.com.br\/noticias\/","name":"Suno Not\u00edcias","description":"Seu portal de informa\u00e7\u00e3o sobre o mundo dos investimentos","publisher":{"@id":"https:\/\/www.suno.com.br\/noticias\/#organization"},"potentialAction":[{"@type":"SearchAction","target":{"@type":"EntryPoint","urlTemplate":"https:\/\/www.suno.com.br\/noticias\/?s={search_term_string}"},"query-input":{"@type":"PropertyValueSpecification","valueRequired":true,"valueName":"search_term_string"}}],"inLanguage":"pt-BR"},{"@type":"Organization","@id":"https:\/\/www.suno.com.br\/noticias\/#organization","name":"Suno Not\u00edcias","url":"https:\/\/www.suno.com.br\/noticias\/","logo":{"@type":"ImageObject","inLanguage":"pt-BR","@id":"https:\/\/www.suno.com.br\/noticias\/#\/schema\/logo\/image\/","url":"https:\/\/files.sunoresearch.com.br\/n\/uploads\/2021\/09\/suno-logo.png","contentUrl":"https:\/\/files.sunoresearch.com.br\/n\/uploads\/2021\/09\/suno-logo.png","width":180,"height":180,"caption":"Suno Not\u00edcias"},"image":{"@id":"https:\/\/www.suno.com.br\/noticias\/#\/schema\/logo\/image\/"},"sameAs":["https:\/\/facebook.com\/sunoresearch","https:\/\/x.com\/sunoresearch","https:\/\/www.instagram.com\/suno","https:\/\/www.linkedin.com\/company\/suno-research\/","https:\/\/www.youtube.com\/c\/sunoresearch"]},{"@type":"Person","@id":"https:\/\/www.suno.com.br\/noticias\/#\/schema\/person\/d0f32748bbca4bee871fa191ee4e2d40","name":"Giovanni Porf\u00edrio Jacomino","image":{"@type":"ImageObject","inLanguage":"pt-BR","@id":"https:\/\/www.suno.com.br\/noticias\/#\/schema\/person\/image\/","url":"https:\/\/secure.gravatar.com\/avatar\/efb32e19b730a121cb7a80f41ffec01a?s=96&r=g","contentUrl":"https:\/\/secure.gravatar.com\/avatar\/efb32e19b730a121cb7a80f41ffec01a?s=96&r=g","caption":"Giovanni Porf\u00edrio Jacomino"},"description":"Giovanni Porf\u00edrio Jacomino \u00e9 jornalista formado pela Universidade Estadual de Londrina (UEL) e p\u00f3s-graduado em Produ\u00e7\u00e3o e Pr\u00e1ticas Jornal\u00edsticas na Contemporaneidade na Faculdade C\u00e1sper L\u00edbero (FCL). Foi editor web no Startupi e no Finsiders, atuando ainda como editor no TC Mover, portal de not\u00edcias da TradersClub, fazendo a cobertura de assuntos relacionados ao mercado financeiro interno e externo. Atualmente, \u00e9 Rep\u00f3rter do Suno Not\u00edcias.","url":"https:\/\/www.suno.com.br\/noticias\/author\/giovanni-porfiriosuno-com-br\/"}]}},"default_loop_html":"<div class=\"cardsPage__listCard__boxs\"><div class=\"cardsPage__listCard__boxs__img\"><a href=\"https:\/\/www.suno.com.br\/noticias\/sabesp-sbsp3-consulta-publica-privatizacao-gpj\/\"><img class=\"mask\" src=\"https:\/\/www.suno.com.br\/noticias\/wp-content\/themes\/suno\/resources\/images\/spotlight\/spotlight1img\/bg-mask.png\" alt=\"Image Mask\"\/><img src=\"https:\/\/files.sunoresearch.com.br\/n\/uploads\/2023\/11\/sabesp-sbsp3-privatizacao-saneamento-400x200.jpg\" alt=\"Sabesp (SBSP3): Governo de SP abre audi\u00eancia e consultas p\u00fablicas sobre processo de privatiza\u00e7\u00e3o; a\u00e7\u00f5es disparam\"\/><\/a><span class=\"spotlightCategory\"><a href=\"https:\/\/www.suno.com.br\/noticias\/negocios\/\">Neg\u00f3cios<\/a><\/span><\/div><div class=\"cardsPage__listCard__boxs__content\"><a href=\"https:\/\/www.suno.com.br\/noticias\/sabesp-sbsp3-consulta-publica-privatizacao-gpj\/\"><h2 class=\"content__title\">Sabesp (SBSP3): Governo de SP abre audi\u00eancia e consultas p\u00fablicas sobre processo de privatiza\u00e7\u00e3o; a\u00e7\u00f5es disparam<\/h2><\/a><div class=\"newsContent__article__meta\"><div class=\"newsContent__article__meta__authorBox\"><a href=\"https:\/\/www.suno.com.br\/noticias\/author\/giovanni-porfiriosuno-com-br\/\" class=\"authorBox__avatar noMobi\"><img src=\"https:\/\/files.sunoresearch.com.br\/n\/uploads\/2024\/05\/DSCF4115-1-1-150x150.webp\" alt=\"Giovanni Porf\u00edrio Jacomino\"><\/a><div class=\"authorBox__name\"><span>por\n\t\t\t<a href=\"https:\/\/www.suno.com.br\/noticias\/author\/giovanni-porfiriosuno-com-br\/\"><span itemprop=\"author\">Giovanni Porf\u00edrio Jacomino<\/span><\/a><\/span><time datetime=\"2024-02-15T10:30:10-03:00\" itemprop=\"datePublished\">15\/02\/2024 10:30<\/time><\/div><\/div><\/div><\/div><\/div>","single_layout":"posts","amp_enabled":true,"_links":{"self":[{"href":"https:\/\/www.suno.com.br\/noticias\/wp-json\/wp\/v2\/posts\/523253"}],"collection":[{"href":"https:\/\/www.suno.com.br\/noticias\/wp-json\/wp\/v2\/posts"}],"about":[{"href":"https:\/\/www.suno.com.br\/noticias\/wp-json\/wp\/v2\/types\/post"}],"author":[{"embeddable":true,"href":"https:\/\/www.suno.com.br\/noticias\/wp-json\/wp\/v2\/users\/313"}],"replies":[{"embeddable":true,"href":"https:\/\/www.suno.com.br\/noticias\/wp-json\/wp\/v2\/comments?post=523253"}],"version-history":[{"count":2,"href":"https:\/\/www.suno.com.br\/noticias\/wp-json\/wp\/v2\/posts\/523253\/revisions"}],"predecessor-version":[{"id":523364,"href":"https:\/\/www.suno.com.br\/noticias\/wp-json\/wp\/v2\/posts\/523253\/revisions\/523364"}],"wp:featuredmedia":[{"embeddable":true,"href":"https:\/\/www.suno.com.br\/noticias\/wp-json\/wp\/v2\/media\/489221"}],"wp:attachment":[{"href":"https:\/\/www.suno.com.br\/noticias\/wp-json\/wp\/v2\/media?parent=523253"}],"wp:term":[{"taxonomy":"category","embeddable":true,"href":"https:\/\/www.suno.com.br\/noticias\/wp-json\/wp\/v2\/categories?post=523253"},{"taxonomy":"post_tag","embeddable":true,"href":"https:\/\/www.suno.com.br\/noticias\/wp-json\/wp\/v2\/tags?post=523253"},{"taxonomy":"suno_strategy","embeddable":true,"href":"https:\/\/www.suno.com.br\/noticias\/wp-json\/wp\/v2\/suno_strategy?post=523253"}],"curies":[{"name":"wp","href":"https:\/\/api.w.org\/{rel}","templated":true}]}}