{"id":52316,"date":"2020-02-07T12:48:45","date_gmt":"2020-02-07T14:48:45","guid":{"rendered":"https:\/\/www.suno.com.br\/noticias\/?p=52316"},"modified":"2020-02-07T13:23:22","modified_gmt":"2020-02-07T15:23:22","slug":"ceo-do-credit-suisse-renuncia","status":"publish","type":"post","link":"https:\/\/www.suno.com.br\/noticias\/ceo-do-credit-suisse-renuncia\/","title":{"rendered":"CEO do Credit Suisse renuncia ap\u00f3s caso de espionagem"},"content":{"rendered":"<p>O caso de espionagem, que veio \u00e0 tona em 2019, abalou o <strong>Credit Suisse<\/strong> Group, fazendo com o seu <a href=\"https:\/\/www.suno.com.br\/artigos\/ceo\/\">CEO<\/a>, <strong>Tidjane Thiam<\/strong>, renunciasse nesta sexta-feira (7). Segundo o comunicado oficial, executivo deixar\u00e1 a institui\u00e7\u00e3o no dia 14 de fevereiro, ap\u00f3s a divulga\u00e7\u00e3o do balan\u00e7o anual do banco.<\/p>\t<div class=\"wrapper-featured-image\">\n\t\t<figure class=\"spotlightImg\">\n\n\t\t\t<picture>\n\t\t\t\t<source media=\"(max-width: 768px)\" srcset=\"https:\/\/files.sunoresearch.com.br\/n\/uploads\/2019\/07\/a8d4c1bf-credit-suisse-400x200.webp\">\n\t\t\t\t<img loading=\"lazy\" decoding=\"async\" class=\"newsContent__article__imgCapa lazyloadDisabled newsContent__article__imgCapa--noCaption\" src=\"https:\/\/files.sunoresearch.com.br\/n\/uploads\/2019\/07\/a8d4c1bf-credit-suisse-800x450.webp\" width=\"800\" height=\"450\" alt=\"CEO do Credit Suisse renuncia ap\u00f3s caso de espionagem\" fetchpriority=high \/>\n\t\t\t<\/picture>\n\n\t\t\t<figcaption class=\"wp-caption-text wp-caption-text--hide\">Credit Suisse<\/figcaption>\n\t\t<\/figure>\n\t<\/div>\n\n\n\n<p>Thiam, de origem franco-marfinense, est\u00e1 no comando do Credit Suisse desde 2015, ap\u00f3s sair da seguradora brit\u00e2nica Prudential. Quando assumiu, o executivo colocou em pr\u00e1tica um vasto projeto de refor\u00e7o da gest\u00e3o de fortunas e do banco de investimento da institui\u00e7\u00e3o.<\/p>\n<p>O executivo ser\u00e1 substitu\u00eddo por <strong>Thomas Gottstein<\/strong>, que lidera as atividades do banco no mercado su\u00ed\u00e7o, sendo colaborador desde 1999.<\/p>\n<h2>O esc\u00e2ndalo<\/h2>\n<p>O esc\u00e2ndalo de espionagem foi revelado em setembro do ano passado, quando, <strong>Iqbal Khan<\/strong>, ex-membro do conselho executivo e que havia trocado o Credit Suisse pelo rival <strong>UBS<\/strong>, identificou e confrontou um investigador atr\u00e1s dele.<\/p>\n\t<p>\n\t\t<a href=\"https:\/\/www.suno.com.br\/wealth\/\" target=\"_blank\" data-element=\"shortcode-suno-banner\" title=\"Banner SUNO, clique e saiba mais\">\n\t\t\t<picture>\n\t\t\t\t<source media=\"(max-width: 500px)\" srcset=\"https:\/\/files.sunoresearch.com.br\/n\/uploads\/2024\/01\/400x300-Mobile-WEALTH.png\">\n\t\t\t\t<img class=\"newsContent__article__imgCapa newsContent__article__imgCapa--banner\"\n\t\t\t\t\tsrc=\"https:\/\/files.sunoresearch.com.br\/n\/uploads\/2024\/01\/1420x240-Banner-Artigos-1-_-Banner-Materias-1-6.png\"\n\t\t\t\t\tdata-promo-id=\"512147\"\t\t\t\t\t\t\t\t\t\twidth='1420' height='240'\t\t\t\t\talt=\"https:\/\/files.sunoresearch.com.br\/n\/uploads\/2024\/01\/1420x240-Banner-Artigos-1-_-Banner-Materias-1-6.png\"\n\t\t\t\t>\n\t\t\t<\/picture>\n\t\t<\/a>\n\t<\/p>\n\n\n<p>O caso ressurgiu meses depois, em dezembro, quando o banco assumiu um segundo caso de espionagem, que teve como alvo o ex-diretor de Recursos Humanos. Na semana passada, o jornal su\u00ed\u00e7o &#8220;SonntagsZeitungg&#8221; informou que o banco tamb\u00e9m espionava a organiza\u00e7\u00e3o n\u00e3o governamental Greenpeace.<\/p>\n<p>A institui\u00e7\u00e3o negou que Thiam soubesse que ex-funcion\u00e1rios estavam sendo seguidos, salientando que as a\u00e7\u00f5es foram tomadas independentemente pelo ex-diretor de opera\u00e7\u00f5es Pierre-Olivier Bouee. O executivo saiu do Credit Suisse sem comentar sobre o caso.<\/p>\n<p><a href=\"https:\/\/www.suno.com.br\/noticias\/coronavirus-ubs-reduz-pib-global-epidemia\/\">Confira: Coronav\u00edrus: UBS corta previs\u00e3o do PIB global por conta do surto<\/a><\/p>\n<p>\u201cEu n\u00e3o tinha conhecimento da espionagem de dois ex-colegas&#8221;, afirmou Thiam. \u201cSem d\u00favida, perturbou o Credit Suisse e causou ansiedade e m\u00e1goa. Lamento que isso tenha acontecido e nunca deveria ter ocorrido&#8221;.<\/p>\n<h2>Segundo UBS, estrat\u00e9gia do Credit Suisse n\u00e3o deve mudar<\/h2>\n<p>Segundo Daniele Brupbacher, analista do UBS, principal rival do Credit Suisse, \u00e9 improv\u00e1vel que a sa\u00edda do CEO leve a uma mudan\u00e7a de dire\u00e7\u00e3o estrat\u00e9gica.<\/p>\n<p>O analista observa que a mudan\u00e7a para um novo modelo j\u00e1 foi amplamente conclu\u00edda no final de 2018. Segundo ele, o banco su\u00ed\u00e7o realizou uma grande altera\u00e7\u00e3o em sua realoca\u00e7\u00e3o de recursos<\/p>\n<p>\u201cN\u00e3o achamos que o <strong>Credit Suisse<\/strong> mudar\u00e1 os pilares fundamentais de sua estrat\u00e9gia em breve. Dito isto, ainda existem pontos de interroga\u00e7\u00e3o e press\u00e3o crescente sobre as empresas [de banco de investimento] &#8220;, afirmou o especialista.<\/p>\n\n","protected":false},"excerpt":{"rendered":"<p>O caso de espionagem, que veio \u00e0 tona em 2019, abalou o Credit Suisse Group, fazendo com o seu CEO, Tidjane Thiam, renunciasse nesta sexta-feira (7). Segundo o comunicado oficial, executivo deixar\u00e1 a institui\u00e7\u00e3o no dia 14 de fevereiro, ap\u00f3s a divulga\u00e7\u00e3o do balan\u00e7o anual do banco. Credit Suisse Thiam, de origem franco-marfinense, est\u00e1 no [&hellip;]<\/p>\n","protected":false},"author":24,"featured_media":32675,"comment_status":"closed","ping_status":"closed","sticky":false,"template":"","format":"standard","meta":[],"categories":[64],"tags":[1788],"suno_strategy":[],"class_list":["post-52316","post","type-post","status-publish","format-standard","has-post-thumbnail","hentry","category-negocios","tag-credit-suisse-c1su34"],"yoast_head":"<!-- This site is optimized with the Yoast SEO plugin v24.4 - https:\/\/yoast.com\/wordpress\/plugins\/seo\/ -->\n<title>CEO do Credit Suisse renuncia ap\u00f3s caso de espionagem<\/title>\n<meta name=\"description\" content=\"O caso de espionagem, que veio \u00e0 tona em 2019, abalou o Credit Suisse Group, fazendo com o seu CEO renunciasse. Clique e saiba mais.\" \/>\n<meta name=\"robots\" content=\"index, follow, max-snippet:-1, max-image-preview:large, max-video-preview:-1\" \/>\n<link rel=\"canonical\" href=\"https:\/\/www.suno.com.br\/noticias\/ceo-do-credit-suisse-renuncia\/\" \/>\n<meta property=\"og:locale\" content=\"pt_BR\" \/>\n<meta property=\"og:type\" content=\"article\" \/>\n<meta property=\"og:title\" content=\"CEO do Credit Suisse renuncia ap\u00f3s caso de espionagem\" \/>\n<meta property=\"og:description\" content=\"O caso de espionagem, que veio \u00e0 tona em 2019, abalou o Credit Suisse Group, fazendo com o seu CEO renunciasse. Clique e saiba mais.\" \/>\n<meta property=\"og:url\" content=\"https:\/\/www.suno.com.br\/noticias\/ceo-do-credit-suisse-renuncia\/\" \/>\n<meta property=\"og:site_name\" content=\"Suno Not\u00edcias\" \/>\n<meta property=\"article:publisher\" content=\"https:\/\/facebook.com\/sunoresearch\" \/>\n<meta property=\"og:image\" content=\"https:\/\/files.sunoresearch.com.br\/n\/uploads\/2019\/07\/a8d4c1bf-credit-suisse.jpeg\" \/>\n\t<meta property=\"og:image:width\" content=\"1021\" \/>\n\t<meta property=\"og:image:height\" content=\"600\" \/>\n\t<meta property=\"og:image:type\" content=\"image\/jpeg\" \/>\n<meta name=\"author\" content=\"Jader Lazarini\" \/>\n<meta name=\"twitter:card\" content=\"summary_large_image\" \/>\n<meta name=\"twitter:creator\" content=\"@sunoresearch\" \/>\n<meta name=\"twitter:site\" content=\"@sunoresearch\" \/>\n<meta name=\"twitter:label1\" content=\"Escrito por\" \/>\n\t<meta name=\"twitter:data1\" content=\"Jader Lazarini\" \/>\n\t<meta name=\"twitter:label2\" content=\"Est. tempo de leitura\" \/>\n\t<meta name=\"twitter:data2\" content=\"2 minutos\" \/>\n<script type=\"application\/ld+json\" class=\"yoast-schema-graph\">{\"@context\":\"https:\/\/schema.org\",\"@graph\":[{\"@type\":\"NewsArticle\",\"@id\":\"https:\/\/www.suno.com.br\/noticias\/ceo-do-credit-suisse-renuncia\/#article\",\"isPartOf\":{\"@id\":\"https:\/\/www.suno.com.br\/noticias\/ceo-do-credit-suisse-renuncia\/\"},\"author\":{\"name\":\"Jader Lazarini\",\"@id\":\"https:\/\/www.suno.com.br\/noticias\/#\/schema\/person\/918d79de1f0281f01599b93f9ea6e23f\"},\"headline\":\"CEO do Credit Suisse renuncia ap\u00f3s caso de espionagem\",\"datePublished\":\"2020-02-07T14:48:45+00:00\",\"dateModified\":\"2020-02-07T15:23:22+00:00\",\"mainEntityOfPage\":{\"@id\":\"https:\/\/www.suno.com.br\/noticias\/ceo-do-credit-suisse-renuncia\/\"},\"wordCount\":425,\"publisher\":{\"@id\":\"https:\/\/www.suno.com.br\/noticias\/#organization\"},\"image\":{\"@id\":\"https:\/\/www.suno.com.br\/noticias\/ceo-do-credit-suisse-renuncia\/#primaryimage\"},\"thumbnailUrl\":\"https:\/\/files.sunoresearch.com.br\/n\/uploads\/2019\/07\/a8d4c1bf-credit-suisse-jpeg.webp\",\"keywords\":[\"Credit Suisse (C1SU34)\"],\"articleSection\":[\"Neg\u00f3cios\"],\"inLanguage\":\"pt-BR\"},{\"@type\":\"WebPage\",\"@id\":\"https:\/\/www.suno.com.br\/noticias\/ceo-do-credit-suisse-renuncia\/\",\"url\":\"https:\/\/www.suno.com.br\/noticias\/ceo-do-credit-suisse-renuncia\/\",\"name\":\"CEO do Credit Suisse renuncia ap\u00f3s caso de espionagem\",\"isPartOf\":{\"@id\":\"https:\/\/www.suno.com.br\/noticias\/#website\"},\"primaryImageOfPage\":{\"@id\":\"https:\/\/www.suno.com.br\/noticias\/ceo-do-credit-suisse-renuncia\/#primaryimage\"},\"image\":{\"@id\":\"https:\/\/www.suno.com.br\/noticias\/ceo-do-credit-suisse-renuncia\/#primaryimage\"},\"thumbnailUrl\":\"https:\/\/files.sunoresearch.com.br\/n\/uploads\/2019\/07\/a8d4c1bf-credit-suisse-jpeg.webp\",\"datePublished\":\"2020-02-07T14:48:45+00:00\",\"dateModified\":\"2020-02-07T15:23:22+00:00\",\"description\":\"O caso de espionagem, que veio \u00e0 tona em 2019, abalou o Credit Suisse Group, fazendo com o seu CEO renunciasse. Clique e saiba mais.\",\"breadcrumb\":{\"@id\":\"https:\/\/www.suno.com.br\/noticias\/ceo-do-credit-suisse-renuncia\/#breadcrumb\"},\"inLanguage\":\"pt-BR\",\"potentialAction\":[{\"@type\":\"ReadAction\",\"target\":[\"https:\/\/www.suno.com.br\/noticias\/ceo-do-credit-suisse-renuncia\/\"]}]},{\"@type\":\"ImageObject\",\"inLanguage\":\"pt-BR\",\"@id\":\"https:\/\/www.suno.com.br\/noticias\/ceo-do-credit-suisse-renuncia\/#primaryimage\",\"url\":\"https:\/\/files.sunoresearch.com.br\/n\/uploads\/2019\/07\/a8d4c1bf-credit-suisse-jpeg.webp\",\"contentUrl\":\"https:\/\/files.sunoresearch.com.br\/n\/uploads\/2019\/07\/a8d4c1bf-credit-suisse-jpeg.webp\",\"width\":1021,\"height\":600,\"caption\":\"Credit Suisse\"},{\"@type\":\"BreadcrumbList\",\"@id\":\"https:\/\/www.suno.com.br\/noticias\/ceo-do-credit-suisse-renuncia\/#breadcrumb\",\"itemListElement\":[{\"@type\":\"ListItem\",\"position\":1,\"name\":\"Not\u00edcias\",\"item\":\"https:\/\/www.suno.com.br\/noticias\/\"},{\"@type\":\"ListItem\",\"position\":2,\"name\":\"Neg\u00f3cios\",\"item\":\"https:\/\/www.suno.com.br\/noticias\/negocios\/\"},{\"@type\":\"ListItem\",\"position\":3,\"name\":\"CEO do Credit Suisse renuncia ap\u00f3s caso de espionagem\"}]},{\"@type\":\"WebSite\",\"@id\":\"https:\/\/www.suno.com.br\/noticias\/#website\",\"url\":\"https:\/\/www.suno.com.br\/noticias\/\",\"name\":\"Suno Not\u00edcias\",\"description\":\"Seu portal de informa\u00e7\u00e3o sobre o mundo dos investimentos\",\"publisher\":{\"@id\":\"https:\/\/www.suno.com.br\/noticias\/#organization\"},\"potentialAction\":[{\"@type\":\"SearchAction\",\"target\":{\"@type\":\"EntryPoint\",\"urlTemplate\":\"https:\/\/www.suno.com.br\/noticias\/?s={search_term_string}\"},\"query-input\":{\"@type\":\"PropertyValueSpecification\",\"valueRequired\":true,\"valueName\":\"search_term_string\"}}],\"inLanguage\":\"pt-BR\"},{\"@type\":\"Organization\",\"@id\":\"https:\/\/www.suno.com.br\/noticias\/#organization\",\"name\":\"Suno Not\u00edcias\",\"url\":\"https:\/\/www.suno.com.br\/noticias\/\",\"logo\":{\"@type\":\"ImageObject\",\"inLanguage\":\"pt-BR\",\"@id\":\"https:\/\/www.suno.com.br\/noticias\/#\/schema\/logo\/image\/\",\"url\":\"https:\/\/files.sunoresearch.com.br\/n\/uploads\/2021\/09\/suno-logo.png\",\"contentUrl\":\"https:\/\/files.sunoresearch.com.br\/n\/uploads\/2021\/09\/suno-logo.png\",\"width\":180,\"height\":180,\"caption\":\"Suno Not\u00edcias\"},\"image\":{\"@id\":\"https:\/\/www.suno.com.br\/noticias\/#\/schema\/logo\/image\/\"},\"sameAs\":[\"https:\/\/facebook.com\/sunoresearch\",\"https:\/\/x.com\/sunoresearch\",\"https:\/\/www.instagram.com\/suno\",\"https:\/\/www.linkedin.com\/company\/suno-research\/\",\"https:\/\/www.youtube.com\/c\/sunoresearch\"]},{\"@type\":\"Person\",\"@id\":\"https:\/\/www.suno.com.br\/noticias\/#\/schema\/person\/918d79de1f0281f01599b93f9ea6e23f\",\"name\":\"Jader Lazarini\",\"image\":{\"@type\":\"ImageObject\",\"inLanguage\":\"pt-BR\",\"@id\":\"https:\/\/www.suno.com.br\/noticias\/#\/schema\/person\/image\/\",\"url\":\"https:\/\/secure.gravatar.com\/avatar\/3c1ad8caa51589841baeb923fcddea97?s=96&r=g\",\"contentUrl\":\"https:\/\/secure.gravatar.com\/avatar\/3c1ad8caa51589841baeb923fcddea97?s=96&r=g\",\"caption\":\"Jader Lazarini\"},\"description\":\"Jader Lazarini escreve sobre investimentos, finan\u00e7as, economia e neg\u00f3cios. \u00c9 bacharel em Rela\u00e7\u00f5es Internacionais e analista CNPI (2619).\",\"url\":\"https:\/\/www.suno.com.br\/noticias\/author\/jader-lazarini\/\"}]}<\/script>\n<!-- \/ Yoast SEO plugin. -->","yoast_head_json":{"title":"CEO do Credit Suisse renuncia ap\u00f3s caso de espionagem","description":"O caso de espionagem, que veio \u00e0 tona em 2019, abalou o Credit Suisse Group, fazendo com o seu CEO renunciasse. Clique e saiba mais.","robots":{"index":"index","follow":"follow","max-snippet":"max-snippet:-1","max-image-preview":"max-image-preview:large","max-video-preview":"max-video-preview:-1"},"canonical":"https:\/\/www.suno.com.br\/noticias\/ceo-do-credit-suisse-renuncia\/","og_locale":"pt_BR","og_type":"article","og_title":"CEO do Credit Suisse renuncia ap\u00f3s caso de espionagem","og_description":"O caso de espionagem, que veio \u00e0 tona em 2019, abalou o Credit Suisse Group, fazendo com o seu CEO renunciasse. Clique e saiba mais.","og_url":"https:\/\/www.suno.com.br\/noticias\/ceo-do-credit-suisse-renuncia\/","og_site_name":"Suno Not\u00edcias","article_publisher":"https:\/\/facebook.com\/sunoresearch","og_image":[{"width":1021,"height":600,"url":"https:\/\/files.sunoresearch.com.br\/n\/uploads\/2019\/07\/a8d4c1bf-credit-suisse.jpeg","type":"image\/jpeg"}],"author":"Jader Lazarini","twitter_card":"summary_large_image","twitter_creator":"@sunoresearch","twitter_site":"@sunoresearch","twitter_misc":{"Escrito por":"Jader Lazarini","Est. tempo de leitura":"2 minutos"},"schema":{"@context":"https:\/\/schema.org","@graph":[{"@type":"NewsArticle","@id":"https:\/\/www.suno.com.br\/noticias\/ceo-do-credit-suisse-renuncia\/#article","isPartOf":{"@id":"https:\/\/www.suno.com.br\/noticias\/ceo-do-credit-suisse-renuncia\/"},"author":{"name":"Jader Lazarini","@id":"https:\/\/www.suno.com.br\/noticias\/#\/schema\/person\/918d79de1f0281f01599b93f9ea6e23f"},"headline":"CEO do Credit Suisse renuncia ap\u00f3s caso de espionagem","datePublished":"2020-02-07T14:48:45+00:00","dateModified":"2020-02-07T15:23:22+00:00","mainEntityOfPage":{"@id":"https:\/\/www.suno.com.br\/noticias\/ceo-do-credit-suisse-renuncia\/"},"wordCount":425,"publisher":{"@id":"https:\/\/www.suno.com.br\/noticias\/#organization"},"image":{"@id":"https:\/\/www.suno.com.br\/noticias\/ceo-do-credit-suisse-renuncia\/#primaryimage"},"thumbnailUrl":"https:\/\/files.sunoresearch.com.br\/n\/uploads\/2019\/07\/a8d4c1bf-credit-suisse-jpeg.webp","keywords":["Credit Suisse (C1SU34)"],"articleSection":["Neg\u00f3cios"],"inLanguage":"pt-BR"},{"@type":"WebPage","@id":"https:\/\/www.suno.com.br\/noticias\/ceo-do-credit-suisse-renuncia\/","url":"https:\/\/www.suno.com.br\/noticias\/ceo-do-credit-suisse-renuncia\/","name":"CEO do Credit Suisse renuncia ap\u00f3s caso de espionagem","isPartOf":{"@id":"https:\/\/www.suno.com.br\/noticias\/#website"},"primaryImageOfPage":{"@id":"https:\/\/www.suno.com.br\/noticias\/ceo-do-credit-suisse-renuncia\/#primaryimage"},"image":{"@id":"https:\/\/www.suno.com.br\/noticias\/ceo-do-credit-suisse-renuncia\/#primaryimage"},"thumbnailUrl":"https:\/\/files.sunoresearch.com.br\/n\/uploads\/2019\/07\/a8d4c1bf-credit-suisse-jpeg.webp","datePublished":"2020-02-07T14:48:45+00:00","dateModified":"2020-02-07T15:23:22+00:00","description":"O caso de espionagem, que veio \u00e0 tona em 2019, abalou o Credit Suisse Group, fazendo com o seu CEO renunciasse. Clique e saiba mais.","breadcrumb":{"@id":"https:\/\/www.suno.com.br\/noticias\/ceo-do-credit-suisse-renuncia\/#breadcrumb"},"inLanguage":"pt-BR","potentialAction":[{"@type":"ReadAction","target":["https:\/\/www.suno.com.br\/noticias\/ceo-do-credit-suisse-renuncia\/"]}]},{"@type":"ImageObject","inLanguage":"pt-BR","@id":"https:\/\/www.suno.com.br\/noticias\/ceo-do-credit-suisse-renuncia\/#primaryimage","url":"https:\/\/files.sunoresearch.com.br\/n\/uploads\/2019\/07\/a8d4c1bf-credit-suisse-jpeg.webp","contentUrl":"https:\/\/files.sunoresearch.com.br\/n\/uploads\/2019\/07\/a8d4c1bf-credit-suisse-jpeg.webp","width":1021,"height":600,"caption":"Credit Suisse"},{"@type":"BreadcrumbList","@id":"https:\/\/www.suno.com.br\/noticias\/ceo-do-credit-suisse-renuncia\/#breadcrumb","itemListElement":[{"@type":"ListItem","position":1,"name":"Not\u00edcias","item":"https:\/\/www.suno.com.br\/noticias\/"},{"@type":"ListItem","position":2,"name":"Neg\u00f3cios","item":"https:\/\/www.suno.com.br\/noticias\/negocios\/"},{"@type":"ListItem","position":3,"name":"CEO do Credit Suisse renuncia ap\u00f3s caso de espionagem"}]},{"@type":"WebSite","@id":"https:\/\/www.suno.com.br\/noticias\/#website","url":"https:\/\/www.suno.com.br\/noticias\/","name":"Suno Not\u00edcias","description":"Seu portal de informa\u00e7\u00e3o sobre o mundo dos investimentos","publisher":{"@id":"https:\/\/www.suno.com.br\/noticias\/#organization"},"potentialAction":[{"@type":"SearchAction","target":{"@type":"EntryPoint","urlTemplate":"https:\/\/www.suno.com.br\/noticias\/?s={search_term_string}"},"query-input":{"@type":"PropertyValueSpecification","valueRequired":true,"valueName":"search_term_string"}}],"inLanguage":"pt-BR"},{"@type":"Organization","@id":"https:\/\/www.suno.com.br\/noticias\/#organization","name":"Suno Not\u00edcias","url":"https:\/\/www.suno.com.br\/noticias\/","logo":{"@type":"ImageObject","inLanguage":"pt-BR","@id":"https:\/\/www.suno.com.br\/noticias\/#\/schema\/logo\/image\/","url":"https:\/\/files.sunoresearch.com.br\/n\/uploads\/2021\/09\/suno-logo.png","contentUrl":"https:\/\/files.sunoresearch.com.br\/n\/uploads\/2021\/09\/suno-logo.png","width":180,"height":180,"caption":"Suno Not\u00edcias"},"image":{"@id":"https:\/\/www.suno.com.br\/noticias\/#\/schema\/logo\/image\/"},"sameAs":["https:\/\/facebook.com\/sunoresearch","https:\/\/x.com\/sunoresearch","https:\/\/www.instagram.com\/suno","https:\/\/www.linkedin.com\/company\/suno-research\/","https:\/\/www.youtube.com\/c\/sunoresearch"]},{"@type":"Person","@id":"https:\/\/www.suno.com.br\/noticias\/#\/schema\/person\/918d79de1f0281f01599b93f9ea6e23f","name":"Jader Lazarini","image":{"@type":"ImageObject","inLanguage":"pt-BR","@id":"https:\/\/www.suno.com.br\/noticias\/#\/schema\/person\/image\/","url":"https:\/\/secure.gravatar.com\/avatar\/3c1ad8caa51589841baeb923fcddea97?s=96&r=g","contentUrl":"https:\/\/secure.gravatar.com\/avatar\/3c1ad8caa51589841baeb923fcddea97?s=96&r=g","caption":"Jader Lazarini"},"description":"Jader Lazarini escreve sobre investimentos, finan\u00e7as, economia e neg\u00f3cios. \u00c9 bacharel em Rela\u00e7\u00f5es Internacionais e analista CNPI (2619).","url":"https:\/\/www.suno.com.br\/noticias\/author\/jader-lazarini\/"}]}},"default_loop_html":"<div class=\"cardsPage__listCard__boxs\"><div class=\"cardsPage__listCard__boxs__img\"><a href=\"https:\/\/www.suno.com.br\/noticias\/ceo-do-credit-suisse-renuncia\/\"><img class=\"mask\" src=\"https:\/\/www.suno.com.br\/noticias\/wp-content\/themes\/suno\/resources\/images\/spotlight\/spotlight1img\/bg-mask.png\" alt=\"Image Mask\"\/><img src=\"https:\/\/files.sunoresearch.com.br\/n\/uploads\/2019\/07\/a8d4c1bf-credit-suisse-400x200.webp\" alt=\"CEO do Credit Suisse renuncia ap\u00f3s caso de espionagem\"\/><\/a><span class=\"spotlightCategory\"><a href=\"https:\/\/www.suno.com.br\/noticias\/negocios\/\">Neg\u00f3cios<\/a><\/span><\/div><div class=\"cardsPage__listCard__boxs__content\"><a href=\"https:\/\/www.suno.com.br\/noticias\/ceo-do-credit-suisse-renuncia\/\"><h2 class=\"content__title\">CEO do Credit Suisse renuncia ap\u00f3s caso de espionagem<\/h2><\/a><div class=\"newsContent__article__meta\"><div class=\"newsContent__article__meta__authorBox\"><a href=\"https:\/\/www.suno.com.br\/noticias\/author\/jader-lazarini\/\" class=\"authorBox__avatar noMobi\"><img src=\"https:\/\/files.sunoresearch.com.br\/n\/uploads\/2021\/01\/178e6598-foto-perfil-2-150x150.jpg\" alt=\"Jader Lazarini\"><\/a><div class=\"authorBox__name\"><span>por\n\t\t\t<a href=\"https:\/\/www.suno.com.br\/noticias\/author\/jader-lazarini\/\"><span itemprop=\"author\">Jader Lazarini<\/span><\/a><\/span><time datetime=\"2020-02-07T12:48:45-03:00\" itemprop=\"datePublished\">07\/02\/2020 12:48<\/time><\/div><\/div><\/div><\/div><\/div>","single_layout":"posts","amp_enabled":true,"_links":{"self":[{"href":"https:\/\/www.suno.com.br\/noticias\/wp-json\/wp\/v2\/posts\/52316"}],"collection":[{"href":"https:\/\/www.suno.com.br\/noticias\/wp-json\/wp\/v2\/posts"}],"about":[{"href":"https:\/\/www.suno.com.br\/noticias\/wp-json\/wp\/v2\/types\/post"}],"author":[{"embeddable":true,"href":"https:\/\/www.suno.com.br\/noticias\/wp-json\/wp\/v2\/users\/24"}],"replies":[{"embeddable":true,"href":"https:\/\/www.suno.com.br\/noticias\/wp-json\/wp\/v2\/comments?post=52316"}],"version-history":[{"count":0,"href":"https:\/\/www.suno.com.br\/noticias\/wp-json\/wp\/v2\/posts\/52316\/revisions"}],"wp:featuredmedia":[{"embeddable":true,"href":"https:\/\/www.suno.com.br\/noticias\/wp-json\/wp\/v2\/media\/32675"}],"wp:attachment":[{"href":"https:\/\/www.suno.com.br\/noticias\/wp-json\/wp\/v2\/media?parent=52316"}],"wp:term":[{"taxonomy":"category","embeddable":true,"href":"https:\/\/www.suno.com.br\/noticias\/wp-json\/wp\/v2\/categories?post=52316"},{"taxonomy":"post_tag","embeddable":true,"href":"https:\/\/www.suno.com.br\/noticias\/wp-json\/wp\/v2\/tags?post=52316"},{"taxonomy":"suno_strategy","embeddable":true,"href":"https:\/\/www.suno.com.br\/noticias\/wp-json\/wp\/v2\/suno_strategy?post=52316"}],"curies":[{"name":"wp","href":"https:\/\/api.w.org\/{rel}","templated":true}]}}