{"id":523157,"date":"2024-02-15T08:07:59","date_gmt":"2024-02-15T11:07:59","guid":{"rendered":"https:\/\/www.suno.com.br\/noticias\/?p=523157"},"modified":"2024-02-15T08:10:02","modified_gmt":"2024-02-15T11:10:02","slug":"bolsas-asiaticas-europeias-balancos-recessao-gpj","status":"publish","type":"post","link":"https:\/\/www.suno.com.br\/noticias\/bolsas-asiaticas-europeias-balancos-recessao-gpj\/","title":{"rendered":"Bolsas asi\u00e1ticas sobem ap\u00f3s recupera\u00e7\u00e3o em NY; Europa opera mista com recess\u00e3o no radar"},"content":{"rendered":"<p>As <strong>bolsas asi\u00e1ticas<\/strong> e do Pac\u00edfico encerraram os neg\u00f3cios desta quinta-feira (15) majoritariamente em alta, depois de <a href=\"https:\/\/www.suno.com.br\/artigos\/wall-street\/\">Wall Street<\/a> reverter ontem parte das perdas que havia sofrido um dia antes.<\/p>\t<div class=\"wrapper-featured-image\">\n\t\t<figure class=\"spotlightImg\">\n\n\t\t\t<picture>\n\t\t\t\t<source media=\"(max-width: 768px)\" srcset=\"https:\/\/files.sunoresearch.com.br\/n\/uploads\/2023\/10\/li-yang-5h_dMuX_7RE-unsplash-400x200.jpg\">\n\t\t\t\t<img loading=\"lazy\" decoding=\"async\" class=\"newsContent__article__imgCapa lazyloadDisabled \" src=\"https:\/\/files.sunoresearch.com.br\/n\/uploads\/2023\/10\/li-yang-5h_dMuX_7RE-unsplash-800x450.jpg\" width=\"800\" height=\"450\" alt=\"Bolsas asi\u00e1ticas sobem ap\u00f3s recupera\u00e7\u00e3o em NY; Europa opera mista com recess\u00e3o no radar\" fetchpriority=high \/>\n\t\t\t<\/picture>\n\n\t\t\t<figcaption class=\"wp-caption-text wp-caption-text--show\">Bolsas asi\u00e1ticas. Foto: Unsplash.<\/figcaption>\n\t\t<\/figure>\n\t<\/div>\n\n\n\n\n\n\n\n\t<p>\n\t\t<a href=\"https:\/\/lp.suno.com.br\/planilha-da-vida-financeira\/\" target=\"_blank\" data-element=\"shortcode-suno-banner\" title=\"Banner SUNO, clique e saiba mais\">\n\t\t\t<picture>\n\t\t\t\t<source media=\"(max-width: 500px)\" srcset=\"https:\/\/files.sunoresearch.com.br\/n\/uploads\/2023\/04\/400x300-Planilha-vida-financeira-true.png\">\n\t\t\t\t<img class=\"newsContent__article__imgCapa newsContent__article__imgCapa--banner\"\n\t\t\t\t\tsrc=\"https:\/\/files.sunoresearch.com.br\/n\/uploads\/2023\/04\/1420x240-Planilha-vida-financeira-true.png\"\n\t\t\t\t\tdata-promo-id=\"106682\"\t\t\t\t\t\t\t\t\t\twidth='1420' height='240'\t\t\t\t\talt=\"https:\/\/files.sunoresearch.com.br\/n\/uploads\/2023\/04\/1420x240-Planilha-vida-financeira-true.png\"\n\t\t\t\t>\n\t\t\t<\/picture>\n\t\t<\/a>\n\t<\/p>\n\n\n\n\n\n<p>Esse cen\u00e1rio pode influenciar nas negocia\u00e7\u00f5es do&nbsp;<strong>Ibovespa hoje<\/strong>. Na quarta-feira (14), o \u00edndice fechou em&nbsp;<a href=\"https:\/\/www.suno.com.br\/noticias\/ibovespa-hoje-petr4-vale3-cmin3-queda-bbas3-alta-jvj\/\">queda de 0,79%, aos 127.018,29 pontos.<\/a><\/p>\n\n\n\n<p>Nas bolsas asi\u00e1ticas, em T\u00f3quio, o <strong>\u00edndice Nikkei <\/strong>subiu 1,21%, a 38.157,94 pontos, renovando m\u00e1xima em 34 anos, tamb\u00e9m ap\u00f3s dados mostrarem que o Jap\u00e3o entrou em <a href=\"https:\/\/www.suno.com.br\/artigos\/recessao-tecnica\/\">recess\u00e3o t\u00e9cnica<\/a> no fim do ano passado, o que reduz as chances de o banco central do pa\u00eds, conhecido como <strong>BoJ<\/strong>, apertar sua <a href=\"https:\/\/www.suno.com.br\/artigos\/politica-monetaria\/\">pol\u00edtica monet\u00e1ria<\/a>.<\/p>\n\n\n\n<p>O Produto Interno Bruto (PIB) japon\u00eas encolheu a um ritmo anualizado de 0,4% entre outubro e dezembro, depois de apresentar contra\u00e7\u00e3o de 2,9% entre julho e setembro. Como resultado, o Jap\u00e3o perdeu a posi\u00e7\u00e3o de <strong>terceira maior economia do mundo<\/strong> para a Alemanha.<\/p>\n\n\n\n<p>Ainda nas bolsas asi\u00e1ticas, o <strong>\u00edndice <a href=\"https:\/\/www.suno.com.br\/artigos\/hang-seng\/\">Hang Seng<\/a> <\/strong>avan\u00e7ou 0,41% em Hong Kong, a 15.944,63 pontos, e o <strong>Taiex<\/strong> saltou 3,03% em Taiwan, a 18.644,57 pontos, na volta de um feriado de mais de uma semana.<\/p>\n\n\n\n<p>Na Oceania, a bolsa australiana tamb\u00e9m ficou no azul, interrompendo uma sequ\u00eancia de tr\u00eas preg\u00f5es negativos. O <strong>S&amp;P\/ASX 200<\/strong> teve alta de 0,77% em Sydney, a 7.605,70 pontos.<\/p>\n\n\n\n<p>Exce\u00e7\u00e3o na regi\u00e3o asi\u00e1tica, o sul-coreano <strong>Kospi<\/strong> caiu 0,25% em Seul, a 2.613,80 pontos.<\/p>\n\n\n\n<p>A predomin\u00e2ncia do apetite por risco na \u00c1sia e no Pac\u00edfico veio ap\u00f3s as <strong>bolsas de Nova York<\/strong> se recuperarem parcialmente ontem das fortes perdas que haviam amargado no dia anterior, quando dados da <strong>infla\u00e7\u00e3o ao consumidor (CPI) dos EUA<\/strong> superaram as expectativas.<\/p>\n\n\n\n<p>Na China continental, os mercados seguem fechados devido ao feriado do <strong>ano novo lunar<\/strong>.<\/p>\n\n\n\t<p>\n\t\t<a href=\"https:\/\/lp.suno.com.br\/ebook-como-analisar-uma-acao\/\" target=\"_blank\" data-element=\"shortcode-suno-banner\" title=\"Banner SUNO, clique e saiba mais\">\n\t\t\t<picture>\n\t\t\t\t<source media=\"(max-width: 500px)\" srcset=\"https:\/\/files.sunoresearch.com.br\/n\/uploads\/2023\/03\/Ebook-Acoes-Mobile.jpg\">\n\t\t\t\t<img class=\"newsContent__article__imgCapa newsContent__article__imgCapa--banner\"\n\t\t\t\t\tsrc=\"https:\/\/files.sunoresearch.com.br\/n\/uploads\/2023\/03\/Ebook-Acoes-Desktop.jpg\"\n\t\t\t\t\tdata-promo-id=\"378302\"\t\t\t\t\t\t\t\t\t\twidth='1420' height='286'\t\t\t\t\talt=\"https:\/\/files.sunoresearch.com.br\/n\/uploads\/2023\/03\/Ebook-Acoes-Desktop.jpg\"\n\t\t\t\t>\n\t\t\t<\/picture>\n\t\t<\/a>\n\t<\/p>\n\n\n\n\n\n<h2 class=\"wp-block-heading\">Bolsas europeias operam mistas ap\u00f3s balan\u00e7os, recess\u00e3o brit\u00e2nica e proje\u00e7\u00f5es<\/h2>\n\n\n\n<p>As <strong>bolsas europeias<\/strong> operam sem dire\u00e7\u00e3o \u00fanica na manh\u00e3 desta quinta-feira (15), na esteira de uma s\u00e9rie de balan\u00e7os de pesos-pesados da regi\u00e3o, dados mostrando que o Reino Unido entrou em recess\u00e3o e novas proje\u00e7\u00f5es para o crescimento e infla\u00e7\u00e3o da <a href=\"https:\/\/www.suno.com.br\/artigos\/zona-do-euro\/\">zona do euro<\/a>.<\/p>\n\n\n\n<p>Por volta das 7h15 (de Bras\u00edlia), o <strong>\u00edndice pan-europeu Stoxx 600<\/strong> avan\u00e7ava 0,59%, a 488,12 pontos.<\/p>\n\n\n\n<p>A \u00faltima rodada de <strong>balan\u00e7os na Europa<\/strong> ajuda a sustentar o apetite por risco.<\/p>\n\n\n\n<p>Em Paris, a <strong>a\u00e7\u00e3o da Renault <\/strong>saltava 6,5% no hor\u00e1rio acima, ap\u00f3s a montadora francesa voltar a lucrar em 2023. Ainda no setor automotivo, a <strong>Stellantis<\/strong> teve lucro e receita recordes no ano passado, e seu papel subia 4,5% em Mil\u00e3o. J\u00e1 o banco alem\u00e3o <strong>Commerzbank <\/strong>superou previs\u00e3o de lucro trimestral, e sua a\u00e7\u00e3o avan\u00e7ava 2,8% em Frankfurt.<\/p>\n\n\n\n<p>A <strong>Airbus<\/strong>, por outro lado, decepcionou em lucro e <a href=\"https:\/\/www.suno.com.br\/artigos\/ebitda-ajustado\/\">Ebitda ajustado<\/a>. No mercado franc\u00eas, a a\u00e7\u00e3o da fabricante europeia de avi\u00f5es tinha baixa de 0,8%.<\/p>\n\n\n\n<p>No \u00e2mbito macroecon\u00f4mico, destaque para o Reino Unido, cujo Produto Interno Bruto (PIB) encolheu pelo segundo trimestre seguido, o que significa que a economia brit\u00e2nica entrou em recess\u00e3o t\u00e9cnica. No \u00faltimo trimestre de 2023, o <strong>PIB brit\u00e2nico <\/strong>teve queda de 0,3% ante os tr\u00eas meses anteriores, contrariando previs\u00e3o de estabilidade no per\u00edodo.<\/p>\n\n\n\n<p>Embora a not\u00edcia seja negativa, a fraqueza da <strong>economia do Reino Unido<\/strong> aumenta a possibilidade de que o <strong>Banco da Inglaterra<\/strong> (BoE) comece a reduzir juros mais cedo do que se imaginava.<\/p>\n\n\n\n<p>Ainda sobre pol\u00edtica monet\u00e1ria, a <strong>presidente do Banco Central Europeu<\/strong> (BCE), <strong>Christine Lagarde<\/strong>, disse mais cedo que o processo de desinfla\u00e7\u00e3o na zona do euro dever\u00e1 continuar, mas reiterou que a institui\u00e7\u00e3o precisa ter certeza de que conseguir\u00e1 atingir sua <a href=\"https:\/\/www.suno.com.br\/artigos\/meta-de-inflacao\/\">meta de infla\u00e7\u00e3o<\/a> de 2% de forma sustent\u00e1vel.<\/p>\n\n\n\n<p>H\u00e1 pouco, a<strong> Uni\u00e3o Europeia <\/strong>cortou sua proje\u00e7\u00e3o de avan\u00e7o do PIB da zona do euro em 2024, de 1,2% para 0,8%, mas reduziu tamb\u00e9m sua expectativa para a infla\u00e7\u00e3o do bloco este ano, de 3,2% para 2,7%.<\/p>\n\n\n\n<p>\u00c0s 7h28 (de Bras\u00edlia), a <strong>Bolsa de Londres<\/strong> tinha alta marginal de 0,03%, a de Paris avan\u00e7ava 0,80% e a de Frankfurt subia 0,68%. J\u00e1 a de Mil\u00e3o ganhava 0,85%, enquanto as de Madri e Lisboa ca\u00edam 0,05% e 0,01%, respectivamente.<\/p>\n\n\n\n<p><em>*Com informa\u00e7\u00f5es da Dow Jones Newswires e Estad\u00e3o Conte\u00fado<\/em><\/p>\n\n\n\t<p>\n\t\t<a href=\"https:\/\/lp.suno.com.br\/planilha-da-vida-financeira\/\" target=\"_blank\" data-element=\"shortcode-suno-banner\" title=\"Banner SUNO, clique e saiba mais\">\n\t\t\t<picture>\n\t\t\t\t<source media=\"(max-width: 500px)\" srcset=\"https:\/\/files.sunoresearch.com.br\/n\/uploads\/2023\/04\/400x300-Planilha-vida-financeira-true.png\">\n\t\t\t\t<img class=\"newsContent__article__imgCapa newsContent__article__imgCapa--banner\"\n\t\t\t\t\tsrc=\"https:\/\/files.sunoresearch.com.br\/n\/uploads\/2023\/04\/1420x240-Planilha-vida-financeira-true.png\"\n\t\t\t\t\tdata-promo-id=\"383123\"\t\t\t\t\t\t\t\t\t\twidth='1420' height='240'\t\t\t\t\talt=\"https:\/\/files.sunoresearch.com.br\/n\/uploads\/2023\/04\/1420x240-Planilha-vida-financeira-true.png\"\n\t\t\t\t>\n\t\t\t<\/picture>\n\t\t<\/a>\n\t<\/p>\n\n\n","protected":false},"excerpt":{"rendered":"<p>As bolsas asi\u00e1ticas e do Pac\u00edfico encerraram os neg\u00f3cios desta quinta-feira (15) majoritariamente em alta, depois de Wall Street reverter ontem parte das perdas que havia sofrido um dia antes. Bolsas asi\u00e1ticas. Foto: Unsplash. Esse cen\u00e1rio pode influenciar nas negocia\u00e7\u00f5es do&nbsp;Ibovespa hoje. Na quarta-feira (14), o \u00edndice fechou em&nbsp;queda de 0,79%, aos 127.018,29 pontos. Nas [&hellip;]<\/p>\n","protected":false},"author":313,"featured_media":473752,"comment_status":"closed","ping_status":"closed","sticky":false,"template":"","format":"standard","meta":[],"categories":[60],"tags":[286,2204,711,105108,105107],"suno_strategy":[],"class_list":["post-523157","post","type-post","status-publish","format-standard","has-post-thumbnail","hentry","category-mercado","tag-acoes","tag-bolsa-de-valores-de-hong-kong","tag-china","tag-hang-seng","tag-nikkei-225"],"yoast_head":"<!-- This site is optimized with the Yoast SEO plugin v24.4 - https:\/\/yoast.com\/wordpress\/plugins\/seo\/ -->\n<title>Bolsas asi\u00e1ticas sobem ap\u00f3s recupera\u00e7\u00e3o em NY<\/title>\n<meta name=\"description\" content=\"As bolsas asi\u00e1ticas fecharam em alta nesta quinta, depois de Wall Street reverter ontem parte das perdas que havia sofrido um dia antes.\" \/>\n<meta name=\"robots\" content=\"index, follow, max-snippet:-1, max-image-preview:large, max-video-preview:-1\" \/>\n<link rel=\"canonical\" href=\"https:\/\/www.suno.com.br\/noticias\/bolsas-asiaticas-europeias-balancos-recessao-gpj\/\" \/>\n<meta property=\"og:locale\" content=\"pt_BR\" \/>\n<meta property=\"og:type\" content=\"article\" \/>\n<meta property=\"og:title\" content=\"Bolsas asi\u00e1ticas sobem ap\u00f3s recupera\u00e7\u00e3o em NY\" \/>\n<meta property=\"og:description\" content=\"As bolsas asi\u00e1ticas fecharam em alta nesta quinta, depois de Wall Street reverter ontem parte das perdas que havia sofrido um dia antes.\" \/>\n<meta property=\"og:url\" content=\"https:\/\/www.suno.com.br\/noticias\/bolsas-asiaticas-europeias-balancos-recessao-gpj\/\" \/>\n<meta property=\"og:site_name\" content=\"Suno Not\u00edcias\" \/>\n<meta property=\"article:publisher\" content=\"https:\/\/facebook.com\/sunoresearch\" \/>\n<meta property=\"og:image\" content=\"https:\/\/files.sunoresearch.com.br\/n\/uploads\/2023\/10\/li-yang-5h_dMuX_7RE-unsplash-scaled.jpg\" \/>\n\t<meta property=\"og:image:width\" content=\"2560\" \/>\n\t<meta property=\"og:image:height\" content=\"1707\" \/>\n\t<meta property=\"og:image:type\" content=\"image\/jpeg\" \/>\n<meta name=\"author\" content=\"Giovanni Porf\u00edrio Jacomino\" \/>\n<meta name=\"twitter:card\" content=\"summary_large_image\" \/>\n<meta name=\"twitter:creator\" content=\"@sunoresearch\" \/>\n<meta name=\"twitter:site\" content=\"@sunoresearch\" \/>\n<meta name=\"twitter:label1\" content=\"Escrito por\" \/>\n\t<meta name=\"twitter:data1\" content=\"Giovanni Porf\u00edrio Jacomino\" \/>\n\t<meta name=\"twitter:label2\" content=\"Est. tempo de leitura\" \/>\n\t<meta name=\"twitter:data2\" content=\"4 minutos\" \/>\n<script type=\"application\/ld+json\" class=\"yoast-schema-graph\">{\"@context\":\"https:\/\/schema.org\",\"@graph\":[{\"@type\":\"NewsArticle\",\"@id\":\"https:\/\/www.suno.com.br\/noticias\/bolsas-asiaticas-europeias-balancos-recessao-gpj\/#article\",\"isPartOf\":{\"@id\":\"https:\/\/www.suno.com.br\/noticias\/bolsas-asiaticas-europeias-balancos-recessao-gpj\/\"},\"author\":{\"name\":\"Giovanni Porf\u00edrio Jacomino\",\"@id\":\"https:\/\/www.suno.com.br\/noticias\/#\/schema\/person\/d0f32748bbca4bee871fa191ee4e2d40\"},\"headline\":\"Bolsas asi\u00e1ticas sobem ap\u00f3s recupera\u00e7\u00e3o em NY; Europa opera mista com recess\u00e3o no radar\",\"datePublished\":\"2024-02-15T11:07:59+00:00\",\"dateModified\":\"2024-02-15T11:10:02+00:00\",\"mainEntityOfPage\":{\"@id\":\"https:\/\/www.suno.com.br\/noticias\/bolsas-asiaticas-europeias-balancos-recessao-gpj\/\"},\"wordCount\":746,\"publisher\":{\"@id\":\"https:\/\/www.suno.com.br\/noticias\/#organization\"},\"image\":{\"@id\":\"https:\/\/www.suno.com.br\/noticias\/bolsas-asiaticas-europeias-balancos-recessao-gpj\/#primaryimage\"},\"thumbnailUrl\":\"https:\/\/files.sunoresearch.com.br\/n\/uploads\/2023\/10\/li-yang-5h_dMuX_7RE-unsplash-scaled.jpg\",\"keywords\":[\"A\u00e7\u00f5es\",\"Bolsa de Valores de Hong Kong\",\"China\",\"Hang Seng\",\"Nikkei 225\"],\"articleSection\":[\"Mercado\"],\"inLanguage\":\"pt-BR\"},{\"@type\":\"WebPage\",\"@id\":\"https:\/\/www.suno.com.br\/noticias\/bolsas-asiaticas-europeias-balancos-recessao-gpj\/\",\"url\":\"https:\/\/www.suno.com.br\/noticias\/bolsas-asiaticas-europeias-balancos-recessao-gpj\/\",\"name\":\"Bolsas asi\u00e1ticas sobem ap\u00f3s recupera\u00e7\u00e3o em NY\",\"isPartOf\":{\"@id\":\"https:\/\/www.suno.com.br\/noticias\/#website\"},\"primaryImageOfPage\":{\"@id\":\"https:\/\/www.suno.com.br\/noticias\/bolsas-asiaticas-europeias-balancos-recessao-gpj\/#primaryimage\"},\"image\":{\"@id\":\"https:\/\/www.suno.com.br\/noticias\/bolsas-asiaticas-europeias-balancos-recessao-gpj\/#primaryimage\"},\"thumbnailUrl\":\"https:\/\/files.sunoresearch.com.br\/n\/uploads\/2023\/10\/li-yang-5h_dMuX_7RE-unsplash-scaled.jpg\",\"datePublished\":\"2024-02-15T11:07:59+00:00\",\"dateModified\":\"2024-02-15T11:10:02+00:00\",\"description\":\"As bolsas asi\u00e1ticas fecharam em alta nesta quinta, depois de Wall Street reverter ontem parte das perdas que havia sofrido um dia antes.\",\"breadcrumb\":{\"@id\":\"https:\/\/www.suno.com.br\/noticias\/bolsas-asiaticas-europeias-balancos-recessao-gpj\/#breadcrumb\"},\"inLanguage\":\"pt-BR\",\"potentialAction\":[{\"@type\":\"ReadAction\",\"target\":[\"https:\/\/www.suno.com.br\/noticias\/bolsas-asiaticas-europeias-balancos-recessao-gpj\/\"]}]},{\"@type\":\"ImageObject\",\"inLanguage\":\"pt-BR\",\"@id\":\"https:\/\/www.suno.com.br\/noticias\/bolsas-asiaticas-europeias-balancos-recessao-gpj\/#primaryimage\",\"url\":\"https:\/\/files.sunoresearch.com.br\/n\/uploads\/2023\/10\/li-yang-5h_dMuX_7RE-unsplash-scaled.jpg\",\"contentUrl\":\"https:\/\/files.sunoresearch.com.br\/n\/uploads\/2023\/10\/li-yang-5h_dMuX_7RE-unsplash-scaled.jpg\",\"width\":2560,\"height\":1707,\"caption\":\"Bolsas asi\u00e1ticas. Foto: Unsplash.\"},{\"@type\":\"BreadcrumbList\",\"@id\":\"https:\/\/www.suno.com.br\/noticias\/bolsas-asiaticas-europeias-balancos-recessao-gpj\/#breadcrumb\",\"itemListElement\":[{\"@type\":\"ListItem\",\"position\":1,\"name\":\"Not\u00edcias\",\"item\":\"https:\/\/www.suno.com.br\/noticias\/\"},{\"@type\":\"ListItem\",\"position\":2,\"name\":\"Mercado\",\"item\":\"https:\/\/www.suno.com.br\/noticias\/mercado\/\"},{\"@type\":\"ListItem\",\"position\":3,\"name\":\"Bolsas asi\u00e1ticas sobem ap\u00f3s recupera\u00e7\u00e3o em NY; Europa opera mista com recess\u00e3o no radar\"}]},{\"@type\":\"WebSite\",\"@id\":\"https:\/\/www.suno.com.br\/noticias\/#website\",\"url\":\"https:\/\/www.suno.com.br\/noticias\/\",\"name\":\"Suno Not\u00edcias\",\"description\":\"Seu portal de informa\u00e7\u00e3o sobre o mundo dos investimentos\",\"publisher\":{\"@id\":\"https:\/\/www.suno.com.br\/noticias\/#organization\"},\"potentialAction\":[{\"@type\":\"SearchAction\",\"target\":{\"@type\":\"EntryPoint\",\"urlTemplate\":\"https:\/\/www.suno.com.br\/noticias\/?s={search_term_string}\"},\"query-input\":{\"@type\":\"PropertyValueSpecification\",\"valueRequired\":true,\"valueName\":\"search_term_string\"}}],\"inLanguage\":\"pt-BR\"},{\"@type\":\"Organization\",\"@id\":\"https:\/\/www.suno.com.br\/noticias\/#organization\",\"name\":\"Suno Not\u00edcias\",\"url\":\"https:\/\/www.suno.com.br\/noticias\/\",\"logo\":{\"@type\":\"ImageObject\",\"inLanguage\":\"pt-BR\",\"@id\":\"https:\/\/www.suno.com.br\/noticias\/#\/schema\/logo\/image\/\",\"url\":\"https:\/\/files.sunoresearch.com.br\/n\/uploads\/2021\/09\/suno-logo.png\",\"contentUrl\":\"https:\/\/files.sunoresearch.com.br\/n\/uploads\/2021\/09\/suno-logo.png\",\"width\":180,\"height\":180,\"caption\":\"Suno Not\u00edcias\"},\"image\":{\"@id\":\"https:\/\/www.suno.com.br\/noticias\/#\/schema\/logo\/image\/\"},\"sameAs\":[\"https:\/\/facebook.com\/sunoresearch\",\"https:\/\/x.com\/sunoresearch\",\"https:\/\/www.instagram.com\/suno\",\"https:\/\/www.linkedin.com\/company\/suno-research\/\",\"https:\/\/www.youtube.com\/c\/sunoresearch\"]},{\"@type\":\"Person\",\"@id\":\"https:\/\/www.suno.com.br\/noticias\/#\/schema\/person\/d0f32748bbca4bee871fa191ee4e2d40\",\"name\":\"Giovanni Porf\u00edrio Jacomino\",\"image\":{\"@type\":\"ImageObject\",\"inLanguage\":\"pt-BR\",\"@id\":\"https:\/\/www.suno.com.br\/noticias\/#\/schema\/person\/image\/\",\"url\":\"https:\/\/secure.gravatar.com\/avatar\/efb32e19b730a121cb7a80f41ffec01a?s=96&r=g\",\"contentUrl\":\"https:\/\/secure.gravatar.com\/avatar\/efb32e19b730a121cb7a80f41ffec01a?s=96&r=g\",\"caption\":\"Giovanni Porf\u00edrio Jacomino\"},\"description\":\"Giovanni Porf\u00edrio Jacomino \u00e9 jornalista formado pela Universidade Estadual de Londrina (UEL) e p\u00f3s-graduado em Produ\u00e7\u00e3o e Pr\u00e1ticas Jornal\u00edsticas na Contemporaneidade na Faculdade C\u00e1sper L\u00edbero (FCL). Foi editor web no Startupi e no Finsiders, atuando ainda como editor no TC Mover, portal de not\u00edcias da TradersClub, fazendo a cobertura de assuntos relacionados ao mercado financeiro interno e externo. Atualmente, \u00e9 Rep\u00f3rter do Suno Not\u00edcias.\",\"url\":\"https:\/\/www.suno.com.br\/noticias\/author\/giovanni-porfiriosuno-com-br\/\"}]}<\/script>\n<!-- \/ Yoast SEO plugin. -->","yoast_head_json":{"title":"Bolsas asi\u00e1ticas sobem ap\u00f3s recupera\u00e7\u00e3o em NY","description":"As bolsas asi\u00e1ticas fecharam em alta nesta quinta, depois de Wall Street reverter ontem parte das perdas que havia sofrido um dia antes.","robots":{"index":"index","follow":"follow","max-snippet":"max-snippet:-1","max-image-preview":"max-image-preview:large","max-video-preview":"max-video-preview:-1"},"canonical":"https:\/\/www.suno.com.br\/noticias\/bolsas-asiaticas-europeias-balancos-recessao-gpj\/","og_locale":"pt_BR","og_type":"article","og_title":"Bolsas asi\u00e1ticas sobem ap\u00f3s recupera\u00e7\u00e3o em NY","og_description":"As bolsas asi\u00e1ticas fecharam em alta nesta quinta, depois de Wall Street reverter ontem parte das perdas que havia sofrido um dia antes.","og_url":"https:\/\/www.suno.com.br\/noticias\/bolsas-asiaticas-europeias-balancos-recessao-gpj\/","og_site_name":"Suno Not\u00edcias","article_publisher":"https:\/\/facebook.com\/sunoresearch","og_image":[{"width":2560,"height":1707,"url":"https:\/\/files.sunoresearch.com.br\/n\/uploads\/2023\/10\/li-yang-5h_dMuX_7RE-unsplash-scaled.jpg","type":"image\/jpeg"}],"author":"Giovanni Porf\u00edrio Jacomino","twitter_card":"summary_large_image","twitter_creator":"@sunoresearch","twitter_site":"@sunoresearch","twitter_misc":{"Escrito por":"Giovanni Porf\u00edrio Jacomino","Est. tempo de leitura":"4 minutos"},"schema":{"@context":"https:\/\/schema.org","@graph":[{"@type":"NewsArticle","@id":"https:\/\/www.suno.com.br\/noticias\/bolsas-asiaticas-europeias-balancos-recessao-gpj\/#article","isPartOf":{"@id":"https:\/\/www.suno.com.br\/noticias\/bolsas-asiaticas-europeias-balancos-recessao-gpj\/"},"author":{"name":"Giovanni Porf\u00edrio Jacomino","@id":"https:\/\/www.suno.com.br\/noticias\/#\/schema\/person\/d0f32748bbca4bee871fa191ee4e2d40"},"headline":"Bolsas asi\u00e1ticas sobem ap\u00f3s recupera\u00e7\u00e3o em NY; Europa opera mista com recess\u00e3o no radar","datePublished":"2024-02-15T11:07:59+00:00","dateModified":"2024-02-15T11:10:02+00:00","mainEntityOfPage":{"@id":"https:\/\/www.suno.com.br\/noticias\/bolsas-asiaticas-europeias-balancos-recessao-gpj\/"},"wordCount":746,"publisher":{"@id":"https:\/\/www.suno.com.br\/noticias\/#organization"},"image":{"@id":"https:\/\/www.suno.com.br\/noticias\/bolsas-asiaticas-europeias-balancos-recessao-gpj\/#primaryimage"},"thumbnailUrl":"https:\/\/files.sunoresearch.com.br\/n\/uploads\/2023\/10\/li-yang-5h_dMuX_7RE-unsplash-scaled.jpg","keywords":["A\u00e7\u00f5es","Bolsa de Valores de Hong Kong","China","Hang Seng","Nikkei 225"],"articleSection":["Mercado"],"inLanguage":"pt-BR"},{"@type":"WebPage","@id":"https:\/\/www.suno.com.br\/noticias\/bolsas-asiaticas-europeias-balancos-recessao-gpj\/","url":"https:\/\/www.suno.com.br\/noticias\/bolsas-asiaticas-europeias-balancos-recessao-gpj\/","name":"Bolsas asi\u00e1ticas sobem ap\u00f3s recupera\u00e7\u00e3o em NY","isPartOf":{"@id":"https:\/\/www.suno.com.br\/noticias\/#website"},"primaryImageOfPage":{"@id":"https:\/\/www.suno.com.br\/noticias\/bolsas-asiaticas-europeias-balancos-recessao-gpj\/#primaryimage"},"image":{"@id":"https:\/\/www.suno.com.br\/noticias\/bolsas-asiaticas-europeias-balancos-recessao-gpj\/#primaryimage"},"thumbnailUrl":"https:\/\/files.sunoresearch.com.br\/n\/uploads\/2023\/10\/li-yang-5h_dMuX_7RE-unsplash-scaled.jpg","datePublished":"2024-02-15T11:07:59+00:00","dateModified":"2024-02-15T11:10:02+00:00","description":"As bolsas asi\u00e1ticas fecharam em alta nesta quinta, depois de Wall Street reverter ontem parte das perdas que havia sofrido um dia antes.","breadcrumb":{"@id":"https:\/\/www.suno.com.br\/noticias\/bolsas-asiaticas-europeias-balancos-recessao-gpj\/#breadcrumb"},"inLanguage":"pt-BR","potentialAction":[{"@type":"ReadAction","target":["https:\/\/www.suno.com.br\/noticias\/bolsas-asiaticas-europeias-balancos-recessao-gpj\/"]}]},{"@type":"ImageObject","inLanguage":"pt-BR","@id":"https:\/\/www.suno.com.br\/noticias\/bolsas-asiaticas-europeias-balancos-recessao-gpj\/#primaryimage","url":"https:\/\/files.sunoresearch.com.br\/n\/uploads\/2023\/10\/li-yang-5h_dMuX_7RE-unsplash-scaled.jpg","contentUrl":"https:\/\/files.sunoresearch.com.br\/n\/uploads\/2023\/10\/li-yang-5h_dMuX_7RE-unsplash-scaled.jpg","width":2560,"height":1707,"caption":"Bolsas asi\u00e1ticas. Foto: Unsplash."},{"@type":"BreadcrumbList","@id":"https:\/\/www.suno.com.br\/noticias\/bolsas-asiaticas-europeias-balancos-recessao-gpj\/#breadcrumb","itemListElement":[{"@type":"ListItem","position":1,"name":"Not\u00edcias","item":"https:\/\/www.suno.com.br\/noticias\/"},{"@type":"ListItem","position":2,"name":"Mercado","item":"https:\/\/www.suno.com.br\/noticias\/mercado\/"},{"@type":"ListItem","position":3,"name":"Bolsas asi\u00e1ticas sobem ap\u00f3s recupera\u00e7\u00e3o em NY; Europa opera mista com recess\u00e3o no radar"}]},{"@type":"WebSite","@id":"https:\/\/www.suno.com.br\/noticias\/#website","url":"https:\/\/www.suno.com.br\/noticias\/","name":"Suno Not\u00edcias","description":"Seu portal de informa\u00e7\u00e3o sobre o mundo dos investimentos","publisher":{"@id":"https:\/\/www.suno.com.br\/noticias\/#organization"},"potentialAction":[{"@type":"SearchAction","target":{"@type":"EntryPoint","urlTemplate":"https:\/\/www.suno.com.br\/noticias\/?s={search_term_string}"},"query-input":{"@type":"PropertyValueSpecification","valueRequired":true,"valueName":"search_term_string"}}],"inLanguage":"pt-BR"},{"@type":"Organization","@id":"https:\/\/www.suno.com.br\/noticias\/#organization","name":"Suno Not\u00edcias","url":"https:\/\/www.suno.com.br\/noticias\/","logo":{"@type":"ImageObject","inLanguage":"pt-BR","@id":"https:\/\/www.suno.com.br\/noticias\/#\/schema\/logo\/image\/","url":"https:\/\/files.sunoresearch.com.br\/n\/uploads\/2021\/09\/suno-logo.png","contentUrl":"https:\/\/files.sunoresearch.com.br\/n\/uploads\/2021\/09\/suno-logo.png","width":180,"height":180,"caption":"Suno Not\u00edcias"},"image":{"@id":"https:\/\/www.suno.com.br\/noticias\/#\/schema\/logo\/image\/"},"sameAs":["https:\/\/facebook.com\/sunoresearch","https:\/\/x.com\/sunoresearch","https:\/\/www.instagram.com\/suno","https:\/\/www.linkedin.com\/company\/suno-research\/","https:\/\/www.youtube.com\/c\/sunoresearch"]},{"@type":"Person","@id":"https:\/\/www.suno.com.br\/noticias\/#\/schema\/person\/d0f32748bbca4bee871fa191ee4e2d40","name":"Giovanni Porf\u00edrio Jacomino","image":{"@type":"ImageObject","inLanguage":"pt-BR","@id":"https:\/\/www.suno.com.br\/noticias\/#\/schema\/person\/image\/","url":"https:\/\/secure.gravatar.com\/avatar\/efb32e19b730a121cb7a80f41ffec01a?s=96&r=g","contentUrl":"https:\/\/secure.gravatar.com\/avatar\/efb32e19b730a121cb7a80f41ffec01a?s=96&r=g","caption":"Giovanni Porf\u00edrio Jacomino"},"description":"Giovanni Porf\u00edrio Jacomino \u00e9 jornalista formado pela Universidade Estadual de Londrina (UEL) e p\u00f3s-graduado em Produ\u00e7\u00e3o e Pr\u00e1ticas Jornal\u00edsticas na Contemporaneidade na Faculdade C\u00e1sper L\u00edbero (FCL). Foi editor web no Startupi e no Finsiders, atuando ainda como editor no TC Mover, portal de not\u00edcias da TradersClub, fazendo a cobertura de assuntos relacionados ao mercado financeiro interno e externo. Atualmente, \u00e9 Rep\u00f3rter do Suno Not\u00edcias.","url":"https:\/\/www.suno.com.br\/noticias\/author\/giovanni-porfiriosuno-com-br\/"}]}},"default_loop_html":"<div class=\"cardsPage__listCard__boxs\"><div class=\"cardsPage__listCard__boxs__img\"><a href=\"https:\/\/www.suno.com.br\/noticias\/bolsas-asiaticas-europeias-balancos-recessao-gpj\/\"><img class=\"mask\" src=\"https:\/\/www.suno.com.br\/noticias\/wp-content\/themes\/suno\/resources\/images\/spotlight\/spotlight1img\/bg-mask.png\" alt=\"Image Mask\"\/><img src=\"https:\/\/files.sunoresearch.com.br\/n\/uploads\/2023\/10\/li-yang-5h_dMuX_7RE-unsplash-400x200.jpg\" alt=\"Bolsas asi\u00e1ticas sobem ap\u00f3s recupera\u00e7\u00e3o em NY; Europa opera mista com recess\u00e3o no radar\"\/><\/a><span class=\"spotlightCategory\"><a href=\"https:\/\/www.suno.com.br\/noticias\/mercado\/\">Mercado<\/a><\/span><\/div><div class=\"cardsPage__listCard__boxs__content\"><a href=\"https:\/\/www.suno.com.br\/noticias\/bolsas-asiaticas-europeias-balancos-recessao-gpj\/\"><h2 class=\"content__title\">Bolsas asi\u00e1ticas sobem ap\u00f3s recupera\u00e7\u00e3o em NY; Europa opera mista com recess\u00e3o no radar<\/h2><\/a><div class=\"newsContent__article__meta\"><div class=\"newsContent__article__meta__authorBox\"><a href=\"https:\/\/www.suno.com.br\/noticias\/author\/giovanni-porfiriosuno-com-br\/\" class=\"authorBox__avatar noMobi\"><img src=\"https:\/\/files.sunoresearch.com.br\/n\/uploads\/2024\/05\/DSCF4115-1-1-150x150.webp\" alt=\"Giovanni Porf\u00edrio Jacomino\"><\/a><div class=\"authorBox__name\"><span>por\n\t\t\t<a href=\"https:\/\/www.suno.com.br\/noticias\/author\/giovanni-porfiriosuno-com-br\/\"><span itemprop=\"author\">Giovanni Porf\u00edrio Jacomino<\/span><\/a><\/span><time datetime=\"2024-02-15T08:07:59-03:00\" itemprop=\"datePublished\">15\/02\/2024 08:07<\/time><\/div><\/div><\/div><\/div><\/div>","single_layout":"posts","amp_enabled":true,"_links":{"self":[{"href":"https:\/\/www.suno.com.br\/noticias\/wp-json\/wp\/v2\/posts\/523157"}],"collection":[{"href":"https:\/\/www.suno.com.br\/noticias\/wp-json\/wp\/v2\/posts"}],"about":[{"href":"https:\/\/www.suno.com.br\/noticias\/wp-json\/wp\/v2\/types\/post"}],"author":[{"embeddable":true,"href":"https:\/\/www.suno.com.br\/noticias\/wp-json\/wp\/v2\/users\/313"}],"replies":[{"embeddable":true,"href":"https:\/\/www.suno.com.br\/noticias\/wp-json\/wp\/v2\/comments?post=523157"}],"version-history":[{"count":3,"href":"https:\/\/www.suno.com.br\/noticias\/wp-json\/wp\/v2\/posts\/523157\/revisions"}],"predecessor-version":[{"id":523166,"href":"https:\/\/www.suno.com.br\/noticias\/wp-json\/wp\/v2\/posts\/523157\/revisions\/523166"}],"wp:featuredmedia":[{"embeddable":true,"href":"https:\/\/www.suno.com.br\/noticias\/wp-json\/wp\/v2\/media\/473752"}],"wp:attachment":[{"href":"https:\/\/www.suno.com.br\/noticias\/wp-json\/wp\/v2\/media?parent=523157"}],"wp:term":[{"taxonomy":"category","embeddable":true,"href":"https:\/\/www.suno.com.br\/noticias\/wp-json\/wp\/v2\/categories?post=523157"},{"taxonomy":"post_tag","embeddable":true,"href":"https:\/\/www.suno.com.br\/noticias\/wp-json\/wp\/v2\/tags?post=523157"},{"taxonomy":"suno_strategy","embeddable":true,"href":"https:\/\/www.suno.com.br\/noticias\/wp-json\/wp\/v2\/suno_strategy?post=523157"}],"curies":[{"name":"wp","href":"https:\/\/api.w.org\/{rel}","templated":true}]}}