{"id":523145,"date":"2024-02-15T07:30:25","date_gmt":"2024-02-15T10:30:25","guid":{"rendered":"https:\/\/www.suno.com.br\/noticias\/?p=523145"},"modified":"2024-02-15T07:30:31","modified_gmt":"2024-02-15T10:30:31","slug":"petrobras-petr4-parcerias-aramco-gpj","status":"publish","type":"post","link":"https:\/\/www.suno.com.br\/noticias\/petrobras-petr4-parcerias-aramco-gpj\/","title":{"rendered":"Petrobras (PETR4) vai analisar parcerias com Aramco, diz presidente"},"content":{"rendered":"<p>O presidente da <strong>Petrobras <\/strong>(<a href=\"https:\/\/statusinvest.com.br\/acoes\/petr4\">PETR4<\/a>), Jean Paul Prates, visitou na quarta-feira (14) a sede global da petroleira saudita Aramco, em Dhahran, com o objetivo de analisar oportunidades no mercado de combust\u00edveis na Am\u00e9rica Latina e no Caribe.<\/p>\t<div class=\"wrapper-featured-image\">\n\t\t<figure class=\"spotlightImg\">\n\n\t\t\t<picture>\n\t\t\t\t<source media=\"(max-width: 768px)\" srcset=\"https:\/\/files.sunoresearch.com.br\/n\/uploads\/2023\/05\/petrobras-400x200.jpg\">\n\t\t\t\t<img loading=\"lazy\" decoding=\"async\" class=\"newsContent__article__imgCapa lazyloadDisabled \" src=\"https:\/\/files.sunoresearch.com.br\/n\/uploads\/2023\/05\/petrobras-800x450.jpg\" width=\"800\" height=\"450\" alt=\"Petrobras (PETR4) vai analisar parcerias com Aramco, diz presidente\" fetchpriority=high \/>\n\t\t\t<\/picture>\n\n\t\t\t<figcaption class=\"wp-caption-text wp-caption-text--show\">Petrobras (PETR4). Foto: iStock<\/figcaption>\n\t\t<\/figure>\n\t<\/div>\n\n\n\n\n\n\n\n\t<p>\n\t\t<a href=\"\" target=\"_blank\" data-element=\"shortcode-suno-banner\" title=\"Banner SUNO, clique e saiba mais\">\n\t\t\t<picture>\n\t\t\t\t<source media=\"(max-width: 500px)\" srcset=\"\">\n\t\t\t\t<img class=\"newsContent__article__imgCapa newsContent__article__imgCapa--banner\"\n\t\t\t\t\tsrc=\"\"\n\t\t\t\t\tdata-promo-id=\"254218\"\t\t\t\t\t\t\t\t\t\t\t\t\t\t\talt=\"\"\n\t\t\t\t>\n\t\t\t<\/picture>\n\t\t<\/a>\n\t<\/p>\n\n\n\n\n\n<p>Em uma postagem no X (antigo Twitter), Prates afirmou que h\u00e1 a possibilidade de juntar &#8220;esfor\u00e7os na concep\u00e7\u00e3o de uma nova vis\u00e3o do mercado revendedor e distribuidor de combust\u00edveis e lubrificantes&#8221;.<\/p>\n\n\n\n<p>Ainda segundo o presidente da estatal, ap\u00f3s reuni\u00e3o com o <strong>presidente da Aramco<\/strong>, at\u00e9 meados do m\u00eas que vem, ser\u00e1 constru\u00eddo o calend\u00e1rio de entendimentos e visitas m\u00fatuas entre as duas companhias. Confira:<\/p>\n\n\n\n<figure class=\"wp-block-embed is-type-rich is-provider-twitter wp-block-embed-twitter\"><div class=\"wp-block-embed__wrapper\">\n<blockquote class=\"twitter-tweet\" data-width=\"550\" data-dnt=\"true\"><p lang=\"pt\" dir=\"ltr\">DHAHRAM (Relato pr\u00f3prio) &#8211; Hoje em Dhahram, na costa leste da Ar\u00e1bia Saudita, pela manh\u00e3 visitei a sede global da <a href=\"https:\/\/twitter.com\/aramco?ref_src=twsrc%5Etfw\">@aramco<\/a>, petroleira estatal saudita em transi\u00e7\u00e3o bem como seus centros de excel\u00eancia em mobilidade e em pesquisa e tecnologia em energia e petr\u00f3leo. A empresa fez IPO\u2026 <a href=\"https:\/\/t.co\/vPT0nel1Wl\">pic.twitter.com\/vPT0nel1Wl<\/a><\/p>&mdash; Jean Paul Prates (@jeanpaulprates) <a href=\"https:\/\/twitter.com\/jeanpaulprates\/status\/1757880541607501881?ref_src=twsrc%5Etfw\">February 14, 2024<\/a><\/blockquote>\n<\/div><\/figure>\n\n\n\n\t<div data-element=\"shortcode-read-more\" class=\"readToo\">\n\t\t\t\t<span class=\"readToo__title\">Leia mais<\/span>\n\t\t\t\t<ul class=\"readToo__list\">\n\t\t\t<li><a href=\"https:\/\/www.suno.com.br\/noticias\/petrobras-petr4-acordo-refinaria-fundo-mubadala-jvj\/\">Petrobras (PETR4) busca acordo com fundo soberano sobre refinaria ainda no primeiro semestre, afirma Prates<\/a><\/li><li><a href=\"https:\/\/www.suno.com.br\/noticias\/petrobras-petr4-prates-empresas-kuwait-va\/\">Petrobras (PETR4): Prates se re\u00fane com empresas do Kuwait e fala em parcerias futuras<\/a><\/li><li><a href=\"https:\/\/www.suno.com.br\/noticias\/petrobras-petr4-dividendos-jcp-3t23-lt\/\">Petrobras (PETR4) ajusta valores de dividendos e JCP; veja data de pagamento<\/a><\/li>\t\t<\/ul>\n\t<\/div>\n\n\n\n\t<p>\n\t\t<a href=\"https:\/\/lp.suno.com.br\/ebook-como-analisar-uma-acao\/\" target=\"_blank\" data-element=\"shortcode-suno-banner\" title=\"Banner SUNO, clique e saiba mais\">\n\t\t\t<picture>\n\t\t\t\t<source media=\"(max-width: 500px)\" srcset=\"https:\/\/files.sunoresearch.com.br\/n\/uploads\/2023\/03\/Ebook-Acoes-Mobile.jpg\">\n\t\t\t\t<img class=\"newsContent__article__imgCapa newsContent__article__imgCapa--banner\"\n\t\t\t\t\tsrc=\"https:\/\/files.sunoresearch.com.br\/n\/uploads\/2023\/03\/Ebook-Acoes-Desktop.jpg\"\n\t\t\t\t\tdata-promo-id=\"378302\"\t\t\t\t\t\t\t\t\t\twidth='1420' height='286'\t\t\t\t\talt=\"https:\/\/files.sunoresearch.com.br\/n\/uploads\/2023\/03\/Ebook-Acoes-Desktop.jpg\"\n\t\t\t\t>\n\t\t\t<\/picture>\n\t\t<\/a>\n\t<\/p>\n\n\n\n\n\n<h2 class=\"wp-block-heading\">Prates: Petrobras (PETR4) deve recuperar refinaria na Bahia no 1\u00ba semestre<\/h2>\n\n\n\n<p>A\u00a0Petrobras deve finalizar o retorno da Refinaria Landulpho Alves \u2013 Mataripe (RLAM), na Bahia, \u00e0 estatal brasileira at\u00e9 o fim deste semestre, afirmou o presidente da estatal, Jean Paul Prates, em publica\u00e7\u00e3o no X (ex-Twitter) na \u00faltima ter\u00e7a-feira (13).<\/p>\n\n\n\n<p>A recupera\u00e7\u00e3o de Mataripe deve acontecer com ajuda do&nbsp;<strong>fundo Mubadala<\/strong>, com quem a Petrobras tem \u201ctrabalhado h\u00e1 meses\u201d para desenhar o retorno da refinaria, diz Prates. Ele esteve em Abu Dhabi, nos Emirados \u00c1rabes Unidos, para se reunir com o presidente executivo do fundo \u00e1rabe, Waleed Al Mokarrab Al Muhairi.<\/p>\n\n\n\n<p>\u201cAcertamos que nossas equipes intensificar\u00e3o os trabalhos logo ap\u00f3s a volta dos feriados de Carnaval com vistas a finalizar a nova configura\u00e7\u00e3o societ\u00e1ria e operacional ainda neste primeiro semestre de 2024. Demais detalhes e andamentos atuais ser\u00e3o mantidos sob confidencialidade at\u00e9 a finaliza\u00e7\u00e3o do processo\u201d, escreveu Prates no X.<\/p>\n\n\n\n<p>O&nbsp;<strong>chefe da Petrobras<\/strong>&nbsp;afirmou que as conversas com o Mubadala come\u00e7aram no in\u00edcio do ano passado, com equipes t\u00e9cnica e gerencial procurando maneiras de concluir o retorno da refinaria de Mataripe ao controle da estatal brasileira.<\/p>\n\n\n\n<p>Inaugurada em 1950, a refinaria de Mataripe est\u00e1 localizada em S\u00e3o Francisco do Conde, na Bahia. A privatiza\u00e7\u00e3o da unidade de refino aconteceu em dezembro de 2021, com a venda para o Mubadala por US$ 1,65 bilh\u00e3o (R$ 10 bilh\u00f5es \u00e0 \u00e9poca). Naquele momento, o banco BTG Pactual e o Instituto de Estudos Estrat\u00e9gicos de Petr\u00f3leo, G\u00e1s Natural e Biocombust\u00edveis (Ineep) esperavam ao menos o dobro com o neg\u00f3cio.<\/p>\n\n\n\n<p>Em janeiro passado, a Petrobras abriu um procedimento interno para avaliar a compra da refinaria de Mataripe. Na mesma semana, a Controladoria-Geral da Uni\u00e3o (CGU) afirmou ter encontrado \u201cfragilidades\u201d na venda.<\/p>\n\n\n\n<p>A recupera\u00e7\u00e3o da refinaria de Mataripe acontece em um momento em que a atual&nbsp;<strong>gest\u00e3o da Petrobras&nbsp;<\/strong>rev\u00ea contratos e vendas realizados durante o governo do ex-presidente Bolsonaro. Em novembro de 2023, a estatal brasileira decidiu rescindir o contrato da entrega de uma refinaria no Cear\u00e1, cuja negocia\u00e7\u00e3o aconteceu em 2022 por US$ 34 milh\u00f5es (R$ 167,3 milh\u00f5es).<\/p>\n\n\n\n<p>\u201cMantendo a consist\u00eancia com nosso plano de parcerias estrat\u00e9gicas com empresas cong\u00eaneres e seguindo a orienta\u00e7\u00e3o do plano de governo do presidente Lula pela aproxima\u00e7\u00e3o a pa\u00edses complementares em sinergias com o nosso pa\u00eds, estamos conseguindo conduzir di\u00e1logos francos e diretos, e montar empreendimentos muito promissores para a Petrobras e para o Brasil\u201d, escreveu Prates nesta ter\u00e7a.<\/p>\n\n\n\n<p>No in\u00edcio deste ano, Prates disse, tamb\u00e9m por meio de redes sociais, que a venda da refinaria est\u00e1 sob avalia\u00e7\u00e3o da\u00a0<strong>Petrobras<\/strong>, em di\u00e1logo com os \u00f3rg\u00e3os de controle. Segundo ele, h\u00e1 procedimento administrativo instaurado para avalia\u00e7\u00e3o do neg\u00f3cio, sob aprecia\u00e7\u00e3o das \u00e1reas de integridade pertinentes da companhia.<\/p>\n\n\n\n<p><em>*Com informa\u00e7\u00f5es de Estad\u00e3o Conte\u00fado<\/em><a href=\"https:\/\/lp.suno.com.br\/ao\/cadastro-whatsapp\/\" target=\"_blank\" rel=\"noreferrer noopener\"><\/a><\/p>\n\n\n\t<p>\n\t\t<a href=\"https:\/\/lp.suno.com.br\/plataforma-de-controle-de-investimentos\/\" target=\"_blank\" data-element=\"shortcode-suno-banner\" title=\"Banner SUNO, clique e saiba mais\">\n\t\t\t<picture>\n\t\t\t\t<source media=\"(max-width: 500px)\" srcset=\"https:\/\/files.sunoresearch.com.br\/n\/uploads\/2023\/03\/400x300-Controle-de-Investimentos.png\">\n\t\t\t\t<img class=\"newsContent__article__imgCapa newsContent__article__imgCapa--banner\"\n\t\t\t\t\tsrc=\"https:\/\/files.sunoresearch.com.br\/n\/uploads\/2023\/03\/1420x240-Controle-de-Investimentos.png\"\n\t\t\t\t\tdata-promo-id=\"383162\"\t\t\t\t\t\t\t\t\t\twidth='1420' height='240'\t\t\t\t\talt=\"https:\/\/files.sunoresearch.com.br\/n\/uploads\/2023\/03\/1420x240-Controle-de-Investimentos.png\"\n\t\t\t\t>\n\t\t\t<\/picture>\n\t\t<\/a>\n\t<\/p>\n\n\n","protected":false},"excerpt":{"rendered":"<p>O presidente da Petrobras (PETR4), Jean Paul Prates, visitou na quarta-feira (14) a sede global da petroleira saudita Aramco, em Dhahran, com o objetivo de analisar oportunidades no mercado de combust\u00edveis na Am\u00e9rica Latina e no Caribe. Petrobras (PETR4). Foto: iStock Em uma postagem no X (antigo Twitter), Prates afirmou que h\u00e1 a possibilidade de [&hellip;]<\/p>\n","protected":false},"author":313,"featured_media":403562,"comment_status":"closed","ping_status":"closed","sticky":false,"template":"","format":"standard","meta":[],"categories":[64],"tags":[595],"suno_strategy":[],"class_list":["post-523145","post","type-post","status-publish","format-standard","has-post-thumbnail","hentry","category-negocios","tag-petrobras-petr4"],"yoast_head":"<!-- This site is optimized with the Yoast SEO plugin v24.4 - https:\/\/yoast.com\/wordpress\/plugins\/seo\/ -->\n<title>Petrobras (PETR4) vai analisar parcerias com Aramco, diz Prates<\/title>\n<meta name=\"description\" content=\"O presidente da Petrobras (PETR4), Jean Paul Prates, visitou na quarta-feira (14) a sede global da petroleira saudita Aramco, em Dhahran.\" \/>\n<meta name=\"robots\" content=\"index, follow, max-snippet:-1, max-image-preview:large, max-video-preview:-1\" \/>\n<link rel=\"canonical\" href=\"https:\/\/www.suno.com.br\/noticias\/petrobras-petr4-parcerias-aramco-gpj\/\" \/>\n<meta property=\"og:locale\" content=\"pt_BR\" \/>\n<meta property=\"og:type\" content=\"article\" \/>\n<meta property=\"og:title\" content=\"Petrobras (PETR4) vai analisar parcerias com Aramco, diz Prates\" \/>\n<meta property=\"og:description\" content=\"O presidente da Petrobras (PETR4), Jean Paul Prates, visitou na quarta-feira (14) a sede global da petroleira saudita Aramco, em Dhahran.\" \/>\n<meta property=\"og:url\" content=\"https:\/\/www.suno.com.br\/noticias\/petrobras-petr4-parcerias-aramco-gpj\/\" \/>\n<meta property=\"og:site_name\" content=\"Suno Not\u00edcias\" \/>\n<meta property=\"article:publisher\" content=\"https:\/\/facebook.com\/sunoresearch\" \/>\n<meta property=\"og:image\" content=\"https:\/\/files.sunoresearch.com.br\/n\/uploads\/2023\/05\/petrobras.jpg\" \/>\n\t<meta property=\"og:image:width\" content=\"1254\" \/>\n\t<meta property=\"og:image:height\" content=\"836\" \/>\n\t<meta property=\"og:image:type\" content=\"image\/jpeg\" \/>\n<meta name=\"author\" content=\"Giovanni Porf\u00edrio Jacomino\" \/>\n<meta name=\"twitter:card\" content=\"summary_large_image\" \/>\n<meta name=\"twitter:creator\" content=\"@sunoresearch\" \/>\n<meta name=\"twitter:site\" content=\"@sunoresearch\" \/>\n<meta name=\"twitter:label1\" content=\"Escrito por\" \/>\n\t<meta name=\"twitter:data1\" content=\"Giovanni Porf\u00edrio Jacomino\" \/>\n\t<meta name=\"twitter:label2\" content=\"Est. tempo de leitura\" \/>\n\t<meta name=\"twitter:data2\" content=\"4 minutos\" \/>\n<script type=\"application\/ld+json\" class=\"yoast-schema-graph\">{\"@context\":\"https:\/\/schema.org\",\"@graph\":[{\"@type\":\"NewsArticle\",\"@id\":\"https:\/\/www.suno.com.br\/noticias\/petrobras-petr4-parcerias-aramco-gpj\/#article\",\"isPartOf\":{\"@id\":\"https:\/\/www.suno.com.br\/noticias\/petrobras-petr4-parcerias-aramco-gpj\/\"},\"author\":{\"name\":\"Giovanni Porf\u00edrio Jacomino\",\"@id\":\"https:\/\/www.suno.com.br\/noticias\/#\/schema\/person\/d0f32748bbca4bee871fa191ee4e2d40\"},\"headline\":\"Petrobras (PETR4) vai analisar parcerias com Aramco, diz presidente\",\"datePublished\":\"2024-02-15T10:30:25+00:00\",\"dateModified\":\"2024-02-15T10:30:31+00:00\",\"mainEntityOfPage\":{\"@id\":\"https:\/\/www.suno.com.br\/noticias\/petrobras-petr4-parcerias-aramco-gpj\/\"},\"wordCount\":629,\"publisher\":{\"@id\":\"https:\/\/www.suno.com.br\/noticias\/#organization\"},\"image\":{\"@id\":\"https:\/\/www.suno.com.br\/noticias\/petrobras-petr4-parcerias-aramco-gpj\/#primaryimage\"},\"thumbnailUrl\":\"https:\/\/files.sunoresearch.com.br\/n\/uploads\/2023\/05\/petrobras.jpg\",\"keywords\":[\"Petrobras (PETR4)\"],\"articleSection\":[\"Neg\u00f3cios\"],\"inLanguage\":\"pt-BR\"},{\"@type\":\"WebPage\",\"@id\":\"https:\/\/www.suno.com.br\/noticias\/petrobras-petr4-parcerias-aramco-gpj\/\",\"url\":\"https:\/\/www.suno.com.br\/noticias\/petrobras-petr4-parcerias-aramco-gpj\/\",\"name\":\"Petrobras (PETR4) vai analisar parcerias com Aramco, diz Prates\",\"isPartOf\":{\"@id\":\"https:\/\/www.suno.com.br\/noticias\/#website\"},\"primaryImageOfPage\":{\"@id\":\"https:\/\/www.suno.com.br\/noticias\/petrobras-petr4-parcerias-aramco-gpj\/#primaryimage\"},\"image\":{\"@id\":\"https:\/\/www.suno.com.br\/noticias\/petrobras-petr4-parcerias-aramco-gpj\/#primaryimage\"},\"thumbnailUrl\":\"https:\/\/files.sunoresearch.com.br\/n\/uploads\/2023\/05\/petrobras.jpg\",\"datePublished\":\"2024-02-15T10:30:25+00:00\",\"dateModified\":\"2024-02-15T10:30:31+00:00\",\"description\":\"O presidente da Petrobras (PETR4), Jean Paul Prates, visitou na quarta-feira (14) a sede global da petroleira saudita Aramco, em Dhahran.\",\"breadcrumb\":{\"@id\":\"https:\/\/www.suno.com.br\/noticias\/petrobras-petr4-parcerias-aramco-gpj\/#breadcrumb\"},\"inLanguage\":\"pt-BR\",\"potentialAction\":[{\"@type\":\"ReadAction\",\"target\":[\"https:\/\/www.suno.com.br\/noticias\/petrobras-petr4-parcerias-aramco-gpj\/\"]}]},{\"@type\":\"ImageObject\",\"inLanguage\":\"pt-BR\",\"@id\":\"https:\/\/www.suno.com.br\/noticias\/petrobras-petr4-parcerias-aramco-gpj\/#primaryimage\",\"url\":\"https:\/\/files.sunoresearch.com.br\/n\/uploads\/2023\/05\/petrobras.jpg\",\"contentUrl\":\"https:\/\/files.sunoresearch.com.br\/n\/uploads\/2023\/05\/petrobras.jpg\",\"width\":1254,\"height\":836,\"caption\":\"Petrobras (PETR4). Foto: iStock\"},{\"@type\":\"BreadcrumbList\",\"@id\":\"https:\/\/www.suno.com.br\/noticias\/petrobras-petr4-parcerias-aramco-gpj\/#breadcrumb\",\"itemListElement\":[{\"@type\":\"ListItem\",\"position\":1,\"name\":\"Not\u00edcias\",\"item\":\"https:\/\/www.suno.com.br\/noticias\/\"},{\"@type\":\"ListItem\",\"position\":2,\"name\":\"Neg\u00f3cios\",\"item\":\"https:\/\/www.suno.com.br\/noticias\/negocios\/\"},{\"@type\":\"ListItem\",\"position\":3,\"name\":\"Petrobras (PETR4) vai analisar parcerias com Aramco, diz presidente\"}]},{\"@type\":\"WebSite\",\"@id\":\"https:\/\/www.suno.com.br\/noticias\/#website\",\"url\":\"https:\/\/www.suno.com.br\/noticias\/\",\"name\":\"Suno Not\u00edcias\",\"description\":\"Seu portal de informa\u00e7\u00e3o sobre o mundo dos investimentos\",\"publisher\":{\"@id\":\"https:\/\/www.suno.com.br\/noticias\/#organization\"},\"potentialAction\":[{\"@type\":\"SearchAction\",\"target\":{\"@type\":\"EntryPoint\",\"urlTemplate\":\"https:\/\/www.suno.com.br\/noticias\/?s={search_term_string}\"},\"query-input\":{\"@type\":\"PropertyValueSpecification\",\"valueRequired\":true,\"valueName\":\"search_term_string\"}}],\"inLanguage\":\"pt-BR\"},{\"@type\":\"Organization\",\"@id\":\"https:\/\/www.suno.com.br\/noticias\/#organization\",\"name\":\"Suno Not\u00edcias\",\"url\":\"https:\/\/www.suno.com.br\/noticias\/\",\"logo\":{\"@type\":\"ImageObject\",\"inLanguage\":\"pt-BR\",\"@id\":\"https:\/\/www.suno.com.br\/noticias\/#\/schema\/logo\/image\/\",\"url\":\"https:\/\/files.sunoresearch.com.br\/n\/uploads\/2021\/09\/suno-logo.png\",\"contentUrl\":\"https:\/\/files.sunoresearch.com.br\/n\/uploads\/2021\/09\/suno-logo.png\",\"width\":180,\"height\":180,\"caption\":\"Suno Not\u00edcias\"},\"image\":{\"@id\":\"https:\/\/www.suno.com.br\/noticias\/#\/schema\/logo\/image\/\"},\"sameAs\":[\"https:\/\/facebook.com\/sunoresearch\",\"https:\/\/x.com\/sunoresearch\",\"https:\/\/www.instagram.com\/suno\",\"https:\/\/www.linkedin.com\/company\/suno-research\/\",\"https:\/\/www.youtube.com\/c\/sunoresearch\"]},{\"@type\":\"Person\",\"@id\":\"https:\/\/www.suno.com.br\/noticias\/#\/schema\/person\/d0f32748bbca4bee871fa191ee4e2d40\",\"name\":\"Giovanni Porf\u00edrio Jacomino\",\"image\":{\"@type\":\"ImageObject\",\"inLanguage\":\"pt-BR\",\"@id\":\"https:\/\/www.suno.com.br\/noticias\/#\/schema\/person\/image\/\",\"url\":\"https:\/\/secure.gravatar.com\/avatar\/efb32e19b730a121cb7a80f41ffec01a?s=96&r=g\",\"contentUrl\":\"https:\/\/secure.gravatar.com\/avatar\/efb32e19b730a121cb7a80f41ffec01a?s=96&r=g\",\"caption\":\"Giovanni Porf\u00edrio Jacomino\"},\"description\":\"Giovanni Porf\u00edrio Jacomino \u00e9 jornalista formado pela Universidade Estadual de Londrina (UEL) e p\u00f3s-graduado em Produ\u00e7\u00e3o e Pr\u00e1ticas Jornal\u00edsticas na Contemporaneidade na Faculdade C\u00e1sper L\u00edbero (FCL). Foi editor web no Startupi e no Finsiders, atuando ainda como editor no TC Mover, portal de not\u00edcias da TradersClub, fazendo a cobertura de assuntos relacionados ao mercado financeiro interno e externo. Atualmente, \u00e9 Rep\u00f3rter do Suno Not\u00edcias.\",\"url\":\"https:\/\/www.suno.com.br\/noticias\/author\/giovanni-porfiriosuno-com-br\/\"}]}<\/script>\n<!-- \/ Yoast SEO plugin. -->","yoast_head_json":{"title":"Petrobras (PETR4) vai analisar parcerias com Aramco, diz Prates","description":"O presidente da Petrobras (PETR4), Jean Paul Prates, visitou na quarta-feira (14) a sede global da petroleira saudita Aramco, em Dhahran.","robots":{"index":"index","follow":"follow","max-snippet":"max-snippet:-1","max-image-preview":"max-image-preview:large","max-video-preview":"max-video-preview:-1"},"canonical":"https:\/\/www.suno.com.br\/noticias\/petrobras-petr4-parcerias-aramco-gpj\/","og_locale":"pt_BR","og_type":"article","og_title":"Petrobras (PETR4) vai analisar parcerias com Aramco, diz Prates","og_description":"O presidente da Petrobras (PETR4), Jean Paul Prates, visitou na quarta-feira (14) a sede global da petroleira saudita Aramco, em Dhahran.","og_url":"https:\/\/www.suno.com.br\/noticias\/petrobras-petr4-parcerias-aramco-gpj\/","og_site_name":"Suno Not\u00edcias","article_publisher":"https:\/\/facebook.com\/sunoresearch","og_image":[{"width":1254,"height":836,"url":"https:\/\/files.sunoresearch.com.br\/n\/uploads\/2023\/05\/petrobras.jpg","type":"image\/jpeg"}],"author":"Giovanni Porf\u00edrio Jacomino","twitter_card":"summary_large_image","twitter_creator":"@sunoresearch","twitter_site":"@sunoresearch","twitter_misc":{"Escrito por":"Giovanni Porf\u00edrio Jacomino","Est. tempo de leitura":"4 minutos"},"schema":{"@context":"https:\/\/schema.org","@graph":[{"@type":"NewsArticle","@id":"https:\/\/www.suno.com.br\/noticias\/petrobras-petr4-parcerias-aramco-gpj\/#article","isPartOf":{"@id":"https:\/\/www.suno.com.br\/noticias\/petrobras-petr4-parcerias-aramco-gpj\/"},"author":{"name":"Giovanni Porf\u00edrio Jacomino","@id":"https:\/\/www.suno.com.br\/noticias\/#\/schema\/person\/d0f32748bbca4bee871fa191ee4e2d40"},"headline":"Petrobras (PETR4) vai analisar parcerias com Aramco, diz presidente","datePublished":"2024-02-15T10:30:25+00:00","dateModified":"2024-02-15T10:30:31+00:00","mainEntityOfPage":{"@id":"https:\/\/www.suno.com.br\/noticias\/petrobras-petr4-parcerias-aramco-gpj\/"},"wordCount":629,"publisher":{"@id":"https:\/\/www.suno.com.br\/noticias\/#organization"},"image":{"@id":"https:\/\/www.suno.com.br\/noticias\/petrobras-petr4-parcerias-aramco-gpj\/#primaryimage"},"thumbnailUrl":"https:\/\/files.sunoresearch.com.br\/n\/uploads\/2023\/05\/petrobras.jpg","keywords":["Petrobras (PETR4)"],"articleSection":["Neg\u00f3cios"],"inLanguage":"pt-BR"},{"@type":"WebPage","@id":"https:\/\/www.suno.com.br\/noticias\/petrobras-petr4-parcerias-aramco-gpj\/","url":"https:\/\/www.suno.com.br\/noticias\/petrobras-petr4-parcerias-aramco-gpj\/","name":"Petrobras (PETR4) vai analisar parcerias com Aramco, diz Prates","isPartOf":{"@id":"https:\/\/www.suno.com.br\/noticias\/#website"},"primaryImageOfPage":{"@id":"https:\/\/www.suno.com.br\/noticias\/petrobras-petr4-parcerias-aramco-gpj\/#primaryimage"},"image":{"@id":"https:\/\/www.suno.com.br\/noticias\/petrobras-petr4-parcerias-aramco-gpj\/#primaryimage"},"thumbnailUrl":"https:\/\/files.sunoresearch.com.br\/n\/uploads\/2023\/05\/petrobras.jpg","datePublished":"2024-02-15T10:30:25+00:00","dateModified":"2024-02-15T10:30:31+00:00","description":"O presidente da Petrobras (PETR4), Jean Paul Prates, visitou na quarta-feira (14) a sede global da petroleira saudita Aramco, em Dhahran.","breadcrumb":{"@id":"https:\/\/www.suno.com.br\/noticias\/petrobras-petr4-parcerias-aramco-gpj\/#breadcrumb"},"inLanguage":"pt-BR","potentialAction":[{"@type":"ReadAction","target":["https:\/\/www.suno.com.br\/noticias\/petrobras-petr4-parcerias-aramco-gpj\/"]}]},{"@type":"ImageObject","inLanguage":"pt-BR","@id":"https:\/\/www.suno.com.br\/noticias\/petrobras-petr4-parcerias-aramco-gpj\/#primaryimage","url":"https:\/\/files.sunoresearch.com.br\/n\/uploads\/2023\/05\/petrobras.jpg","contentUrl":"https:\/\/files.sunoresearch.com.br\/n\/uploads\/2023\/05\/petrobras.jpg","width":1254,"height":836,"caption":"Petrobras (PETR4). Foto: iStock"},{"@type":"BreadcrumbList","@id":"https:\/\/www.suno.com.br\/noticias\/petrobras-petr4-parcerias-aramco-gpj\/#breadcrumb","itemListElement":[{"@type":"ListItem","position":1,"name":"Not\u00edcias","item":"https:\/\/www.suno.com.br\/noticias\/"},{"@type":"ListItem","position":2,"name":"Neg\u00f3cios","item":"https:\/\/www.suno.com.br\/noticias\/negocios\/"},{"@type":"ListItem","position":3,"name":"Petrobras (PETR4) vai analisar parcerias com Aramco, diz presidente"}]},{"@type":"WebSite","@id":"https:\/\/www.suno.com.br\/noticias\/#website","url":"https:\/\/www.suno.com.br\/noticias\/","name":"Suno Not\u00edcias","description":"Seu portal de informa\u00e7\u00e3o sobre o mundo dos investimentos","publisher":{"@id":"https:\/\/www.suno.com.br\/noticias\/#organization"},"potentialAction":[{"@type":"SearchAction","target":{"@type":"EntryPoint","urlTemplate":"https:\/\/www.suno.com.br\/noticias\/?s={search_term_string}"},"query-input":{"@type":"PropertyValueSpecification","valueRequired":true,"valueName":"search_term_string"}}],"inLanguage":"pt-BR"},{"@type":"Organization","@id":"https:\/\/www.suno.com.br\/noticias\/#organization","name":"Suno Not\u00edcias","url":"https:\/\/www.suno.com.br\/noticias\/","logo":{"@type":"ImageObject","inLanguage":"pt-BR","@id":"https:\/\/www.suno.com.br\/noticias\/#\/schema\/logo\/image\/","url":"https:\/\/files.sunoresearch.com.br\/n\/uploads\/2021\/09\/suno-logo.png","contentUrl":"https:\/\/files.sunoresearch.com.br\/n\/uploads\/2021\/09\/suno-logo.png","width":180,"height":180,"caption":"Suno Not\u00edcias"},"image":{"@id":"https:\/\/www.suno.com.br\/noticias\/#\/schema\/logo\/image\/"},"sameAs":["https:\/\/facebook.com\/sunoresearch","https:\/\/x.com\/sunoresearch","https:\/\/www.instagram.com\/suno","https:\/\/www.linkedin.com\/company\/suno-research\/","https:\/\/www.youtube.com\/c\/sunoresearch"]},{"@type":"Person","@id":"https:\/\/www.suno.com.br\/noticias\/#\/schema\/person\/d0f32748bbca4bee871fa191ee4e2d40","name":"Giovanni Porf\u00edrio Jacomino","image":{"@type":"ImageObject","inLanguage":"pt-BR","@id":"https:\/\/www.suno.com.br\/noticias\/#\/schema\/person\/image\/","url":"https:\/\/secure.gravatar.com\/avatar\/efb32e19b730a121cb7a80f41ffec01a?s=96&r=g","contentUrl":"https:\/\/secure.gravatar.com\/avatar\/efb32e19b730a121cb7a80f41ffec01a?s=96&r=g","caption":"Giovanni Porf\u00edrio Jacomino"},"description":"Giovanni Porf\u00edrio Jacomino \u00e9 jornalista formado pela Universidade Estadual de Londrina (UEL) e p\u00f3s-graduado em Produ\u00e7\u00e3o e Pr\u00e1ticas Jornal\u00edsticas na Contemporaneidade na Faculdade C\u00e1sper L\u00edbero (FCL). Foi editor web no Startupi e no Finsiders, atuando ainda como editor no TC Mover, portal de not\u00edcias da TradersClub, fazendo a cobertura de assuntos relacionados ao mercado financeiro interno e externo. Atualmente, \u00e9 Rep\u00f3rter do Suno Not\u00edcias.","url":"https:\/\/www.suno.com.br\/noticias\/author\/giovanni-porfiriosuno-com-br\/"}]}},"default_loop_html":"<div class=\"cardsPage__listCard__boxs\"><div class=\"cardsPage__listCard__boxs__img\"><a href=\"https:\/\/www.suno.com.br\/noticias\/petrobras-petr4-parcerias-aramco-gpj\/\"><img class=\"mask\" src=\"https:\/\/www.suno.com.br\/noticias\/wp-content\/themes\/suno\/resources\/images\/spotlight\/spotlight1img\/bg-mask.png\" alt=\"Image Mask\"\/><img src=\"https:\/\/files.sunoresearch.com.br\/n\/uploads\/2023\/05\/petrobras-400x200.jpg\" alt=\"Petrobras (PETR4) vai analisar parcerias com Aramco, diz presidente\"\/><\/a><span class=\"spotlightCategory\"><a href=\"https:\/\/www.suno.com.br\/noticias\/negocios\/\">Neg\u00f3cios<\/a><\/span><\/div><div class=\"cardsPage__listCard__boxs__content\"><a href=\"https:\/\/www.suno.com.br\/noticias\/petrobras-petr4-parcerias-aramco-gpj\/\"><h2 class=\"content__title\">Petrobras (PETR4) vai analisar parcerias com Aramco, diz presidente<\/h2><\/a><div class=\"newsContent__article__meta\"><div class=\"newsContent__article__meta__authorBox\"><a href=\"https:\/\/www.suno.com.br\/noticias\/author\/leandro-sbtavaresgmail-com\/\" class=\"authorBox__avatar noMobi\"><img src=\"https:\/\/files.sunoresearch.com.br\/n\/uploads\/2024\/01\/Foto-150x150.jpg\" alt=\"Leandro Tavares\"><\/a><div class=\"authorBox__name\"><span>por\n\t\t\t<a href=\"https:\/\/www.suno.com.br\/noticias\/author\/leandro-sbtavaresgmail-com\/\"><span itemprop=\"author\">Leandro Tavares<\/span><\/a><\/span><time datetime=\"2024-02-15T07:30:25-03:00\" itemprop=\"datePublished\">15\/02\/2024 07:30<\/time><\/div><\/div><\/div><\/div><\/div>","single_layout":"posts","amp_enabled":true,"_links":{"self":[{"href":"https:\/\/www.suno.com.br\/noticias\/wp-json\/wp\/v2\/posts\/523145"}],"collection":[{"href":"https:\/\/www.suno.com.br\/noticias\/wp-json\/wp\/v2\/posts"}],"about":[{"href":"https:\/\/www.suno.com.br\/noticias\/wp-json\/wp\/v2\/types\/post"}],"author":[{"embeddable":true,"href":"https:\/\/www.suno.com.br\/noticias\/wp-json\/wp\/v2\/users\/313"}],"replies":[{"embeddable":true,"href":"https:\/\/www.suno.com.br\/noticias\/wp-json\/wp\/v2\/comments?post=523145"}],"version-history":[{"count":3,"href":"https:\/\/www.suno.com.br\/noticias\/wp-json\/wp\/v2\/posts\/523145\/revisions"}],"predecessor-version":[{"id":523156,"href":"https:\/\/www.suno.com.br\/noticias\/wp-json\/wp\/v2\/posts\/523145\/revisions\/523156"}],"wp:featuredmedia":[{"embeddable":true,"href":"https:\/\/www.suno.com.br\/noticias\/wp-json\/wp\/v2\/media\/403562"}],"wp:attachment":[{"href":"https:\/\/www.suno.com.br\/noticias\/wp-json\/wp\/v2\/media?parent=523145"}],"wp:term":[{"taxonomy":"category","embeddable":true,"href":"https:\/\/www.suno.com.br\/noticias\/wp-json\/wp\/v2\/categories?post=523145"},{"taxonomy":"post_tag","embeddable":true,"href":"https:\/\/www.suno.com.br\/noticias\/wp-json\/wp\/v2\/tags?post=523145"},{"taxonomy":"suno_strategy","embeddable":true,"href":"https:\/\/www.suno.com.br\/noticias\/wp-json\/wp\/v2\/suno_strategy?post=523145"}],"curies":[{"name":"wp","href":"https:\/\/api.w.org\/{rel}","templated":true}]}}