{"id":52302,"date":"2020-02-07T10:49:24","date_gmt":"2020-02-07T12:49:24","guid":{"rendered":"https:\/\/www.suno.com.br\/noticias\/?p=52302"},"modified":"2020-02-07T10:49:24","modified_gmt":"2020-02-07T12:49:24","slug":"dolar-opera-em-alta-com-coronavirus-ipca-e-payroll-no-radar-07-02-2020","status":"publish","type":"post","link":"https:\/\/www.suno.com.br\/noticias\/dolar-opera-em-alta-com-coronavirus-ipca-e-payroll-no-radar-07-02-2020\/","title":{"rendered":"D\u00f3lar opera em alta com coronav\u00edrus, IPCA e payroll no radar"},"content":{"rendered":"<p>O <strong><a href=\"https:\/\/www.suno.com.br\/artigos\/alta-do-dolar\/\">d\u00f3lar<\/a> <\/strong>inicia esta sexta-feira (7) em alta com aumento de mortes pelo <strong>coronav\u00edrus<\/strong>, revolta na <strong>China<\/strong> pela morte do <strong>m\u00e9dico<\/strong> que alertou sobre o v\u00edrus, relat\u00f3rio de <strong>empregos<\/strong> dos EUA e <strong>IPCA<\/strong> no radar.<\/p>\t<div class=\"wrapper-featured-image\">\n\t\t<figure class=\"spotlightImg\">\n\n\t\t\t<picture>\n\t\t\t\t<source media=\"(max-width: 768px)\" srcset=\"https:\/\/files.sunoresearch.com.br\/n\/uploads\/2018\/11\/b80ab463-d\u00f3lar-400x200.webp\">\n\t\t\t\t<img loading=\"lazy\" decoding=\"async\" class=\"newsContent__article__imgCapa lazyloadDisabled newsContent__article__imgCapa--noCaption\" src=\"https:\/\/files.sunoresearch.com.br\/n\/uploads\/2018\/11\/b80ab463-d\u00f3lar-800x450.webp\" width=\"800\" height=\"450\" alt=\"D\u00f3lar opera em alta com coronav\u00edrus, IPCA e payroll no radar\" fetchpriority=high \/>\n\t\t\t<\/picture>\n\n\t\t\t<figcaption class=\"wp-caption-text wp-caption-text--hide\">O d\u00f3lar hoje encerrou em queda de 0,91%, negociado a R$ 5,415<\/figcaption>\n\t\t<\/figure>\n\t<\/div>\n\n\n\n<p>Por volta das 9h40, o d\u00f3lar variava positivamente a 0,212% sendo negociado a R$ 4,293. O mercado est\u00e1 atento ao desdobramento do coronav\u00edrus e seus efeitos na economia mundial.<\/p>\n<h2>Coronav\u00edrus<\/h2>\n<p>O n\u00famero de mortes confirmadas na <strong>China<\/strong> pelo <strong>coronav\u00edrus<\/strong> subiu nesta sexta-feira (7) para 637. Ao todo, s\u00e3o 31.211 casos confirmados e ao menos 1.540 pessoas recuperadas. A informa\u00e7\u00e3o foi divulgada pela m\u00eddia estatal chinesa.<\/p>\n<p><a href=\"\/\/www.suno.com.br\/noticias\/coronavirus-numero-de-mortes-na-china-sobe-para-637\/\">Saiba Mais: Coronav\u00edrus: n\u00famero de mortes na China sobe para 637<\/a><\/p>\n<p>No <strong>Brasil<\/strong>, h\u00e1 14 casos suspeitos mas nenhum confirmado. No <strong>mundo<\/strong> foram confirmados 240 casos de coronav\u00edrus em cerca de 30 pa\u00edses.<\/p>\n<p>A China enfrenta uma onda de revolta da popula\u00e7\u00e3o ap\u00f3s o falecimento do <strong>m\u00e9dico Li Wenligan<\/strong>, que foi convocado pelo governo chin\u00eas por ter feito alerta sobre o novo coronav\u00edrus no pa\u00eds. O oftalmologista contraiu a doen\u00e7a enquanto tratava o v\u00edrus em um paciente.<\/p>\n<h2>IPCA<\/h2>\n<p>O<a href=\"https:\/\/www.suno.com.br\/artigos\/ipca\/\"> \u00cdndice Nacional de Pre\u00e7os ao Consumidor Amplo (IPCA)<\/a> ficou em 0,21% em janeiro. Os dados foram divulgados nesta sexta- pelo Instituto Nacional de Geografia e Estat\u00edstica (IBGE).<\/p>\n<p><a href=\"\/\/www.suno.com.br\/noticias\/ipca-de-janeiro-fica-021\/\">Saiba Mais: IPCA de janeiro fica em 0,21% com queda do pre\u00e7o da carne<\/a><\/p>\n<p>Essa foi a menor taxa do IPCA para o primeiro m\u00eas do ano desde o in\u00edcio do Plano Real, em julho de 1994. Em dezembro a <a href=\"https:\/\/www.suno.com.br\/artigos\/inflacao\/\">infla\u00e7\u00e3o<\/a> oficial do Pa\u00eds tinha registrado uma alta de 1,15%. No acumulado de 2019 o aumento dos pre\u00e7os tinha sido de 4,31%, acima da meta fixada pelo <a href=\"https:\/\/www.suno.com.br\/artigos\/cmn-conselho-monetario-nacional\/\">Conselho Monet\u00e1rio Nacional (CMN)<\/a> de 4,25%.<\/p>\n<h2>Payroll<\/h2>\n<p>O Departamento do Trabalho dos Estados Unidos, publica nesta sexta-feira, \u00e0s 10h30, o relat\u00f3rio de empregos (payroll) de janeiro.<\/p>\n\t<p>\n\t\t<a href=\"https:\/\/lp.suno.com.br\/ao\/cadastro-whatsapp\/?utm_source=sunoresearch&#038;utm_medium=banner.sidebar&#038;utm_campaign=_SNC1787C4C9_\" target=\"_blank\" data-element=\"shortcode-suno-banner\" title=\"Banner SUNO, clique e saiba mais\">\n\t\t\t<picture>\n\t\t\t\t<source media=\"(max-width: 500px)\" srcset=\"https:\/\/files.sunoresearch.com.br\/n\/uploads\/2024\/09\/wpp-suno.png\">\n\t\t\t\t<img class=\"newsContent__article__imgCapa newsContent__article__imgCapa--banner\"\n\t\t\t\t\tsrc=\"https:\/\/files.sunoresearch.com.br\/n\/uploads\/2024\/09\/wpp-suno.png\"\n\t\t\t\t\tdata-promo-id=\"574195\"\t\t\t\t\t\t\t\t\t\twidth='360' height='98'\t\t\t\t\talt=\"https:\/\/files.sunoresearch.com.br\/n\/uploads\/2024\/09\/wpp-suno.png\"\n\t\t\t\t>\n\t\t\t<\/picture>\n\t\t<\/a>\n\t<\/p>\n\n\n<p>No \u00faltimo relat\u00f3rio, os EUA geraram 145 mil postos de trabalho no m\u00eas de dezembro, a taxa de desemprego ficou em 3,5%. Esse resultado ficou abaixo do esperado, segundo os analistas, que estimavam a cria\u00e7\u00e3o de 158 mil vagas no \u00faltimo m\u00eas do ano de 2019.<\/p>\n<h2>Trump e Jinping<\/h2>\n<p>O presidente da China, Xi Jinping, assegurou o mandat\u00e1rio norte-americano, <a href=\"https:\/\/www.suno.com.br\/tudo-sobre\/donald-trump\/\">Donald Trump<\/a>, que o pa\u00eds asi\u00e1tico est\u00e1 fazendo o poss\u00edvel para conter o v\u00edrus.<\/p>\n<p>Em liga\u00e7\u00e3o, Jinping disse que est\u00e1 atingindo &#8220;gradualmente&#8221; resultados nos esfor\u00e7os contra o coronav\u00edrus e que derrotaria a epidemia. Pelo Twitter, Trump escreveu que a China est\u00e1 demonstrando &#8220;grande disciplina&#8221; no combate \u00e0 epidemia.<\/p>\n<p>&#8220;Grande disciplina est\u00e1 tomando conta da China, na medida em que o presidente Xi lidera com o pulso firme no que se tornar\u00e1 uma opera\u00e7\u00e3o de sucesso. Estamos trabalhando junto \u00e0 China para ajudar&#8221;,\u00a0 afirmou Trump.<\/p>\n<p>&#8220;Nada \u00e9 t\u00e3o f\u00e1cil, mas ele (Jinping) ser\u00e1 bem sucedido, especialmente quando o clima ficar mais quente e o v\u00edrus potencialmente se tornar mais fraco para, ent\u00e3o, sumir&#8221;, concluiu no tweet.<\/p>\n<h2>\u00daltima cota\u00e7\u00e3o do d\u00f3lar<\/h2>\n<p>Na \u00faltima sess\u00e3o, quinta-feira, o <strong>d\u00f3lar<\/strong> encerrou em alta de 1,1%, cotado em R$ 4,28.<\/p>\n\n","protected":false},"excerpt":{"rendered":"<p>O d\u00f3lar inicia esta sexta-feira (7) em alta com aumento de mortes pelo coronav\u00edrus, revolta na China pela morte do m\u00e9dico que alertou sobre o v\u00edrus, relat\u00f3rio de empregos dos EUA e IPCA no radar. O d\u00f3lar hoje encerrou em queda de 0,91%, negociado a R$ 5,415 Por volta das 9h40, o d\u00f3lar variava positivamente [&hellip;]<\/p>\n","protected":false},"author":15,"featured_media":7417,"comment_status":"closed","ping_status":"closed","sticky":false,"template":"","format":"standard","meta":[],"categories":[60],"tags":[2487,326,966],"suno_strategy":[],"class_list":["post-52302","post","type-post","status-publish","format-standard","has-post-thumbnail","hentry","category-mercado","tag-coronavirus","tag-dolar","tag-ipca"],"yoast_head":"<!-- This site is optimized with the Yoast SEO plugin v24.4 - https:\/\/yoast.com\/wordpress\/plugins\/seo\/ -->\n<title>D\u00f3lar opera em alta com coronav\u00edrus, IPCA e payroll no radar<\/title>\n<meta name=\"description\" content=\"Por volta das 9h40, nesta sexta-feira (7), o d\u00f3lar variava positivamente a 0,212% sendo negociado a R$ 4,293. Clique aqui e saiba mais\" \/>\n<meta name=\"robots\" content=\"index, follow, max-snippet:-1, max-image-preview:large, max-video-preview:-1\" \/>\n<link rel=\"canonical\" href=\"https:\/\/www.suno.com.br\/noticias\/dolar-opera-em-alta-com-coronavirus-ipca-e-payroll-no-radar-07-02-2020\/\" \/>\n<meta property=\"og:locale\" content=\"pt_BR\" \/>\n<meta property=\"og:type\" content=\"article\" \/>\n<meta property=\"og:title\" content=\"D\u00f3lar opera em alta com coronav\u00edrus, IPCA e payroll no radar\" \/>\n<meta property=\"og:description\" content=\"Por volta das 9h40, nesta sexta-feira (7), o d\u00f3lar variava positivamente a 0,212% sendo negociado a R$ 4,293. Clique aqui e saiba mais\" \/>\n<meta property=\"og:url\" content=\"https:\/\/www.suno.com.br\/noticias\/dolar-opera-em-alta-com-coronavirus-ipca-e-payroll-no-radar-07-02-2020\/\" \/>\n<meta property=\"og:site_name\" content=\"Suno Not\u00edcias\" \/>\n<meta property=\"article:publisher\" content=\"https:\/\/facebook.com\/sunoresearch\" \/>\n<meta property=\"og:image\" content=\"https:\/\/files.sunoresearch.com.br\/n\/uploads\/2018\/11\/b80ab463-d\u00f3lar.jpg\" \/>\n\t<meta property=\"og:image:width\" content=\"800\" \/>\n\t<meta property=\"og:image:height\" content=\"533\" \/>\n\t<meta property=\"og:image:type\" content=\"image\/jpeg\" \/>\n<meta name=\"author\" content=\"Poliana Santos\" \/>\n<meta name=\"twitter:card\" content=\"summary_large_image\" \/>\n<meta name=\"twitter:creator\" content=\"@sunoresearch\" \/>\n<meta name=\"twitter:site\" content=\"@sunoresearch\" \/>\n<meta name=\"twitter:label1\" content=\"Escrito por\" \/>\n\t<meta name=\"twitter:data1\" content=\"Poliana Santos\" \/>\n\t<meta name=\"twitter:label2\" content=\"Est. tempo de leitura\" \/>\n\t<meta name=\"twitter:data2\" content=\"3 minutos\" \/>\n<script type=\"application\/ld+json\" class=\"yoast-schema-graph\">{\"@context\":\"https:\/\/schema.org\",\"@graph\":[{\"@type\":\"NewsArticle\",\"@id\":\"https:\/\/www.suno.com.br\/noticias\/dolar-opera-em-alta-com-coronavirus-ipca-e-payroll-no-radar-07-02-2020\/#article\",\"isPartOf\":{\"@id\":\"https:\/\/www.suno.com.br\/noticias\/dolar-opera-em-alta-com-coronavirus-ipca-e-payroll-no-radar-07-02-2020\/\"},\"author\":{\"name\":\"Poliana Santos\",\"@id\":\"https:\/\/www.suno.com.br\/noticias\/#\/schema\/person\/02ec1f752758247878a2bf4abee1aeda\"},\"headline\":\"D\u00f3lar opera em alta com coronav\u00edrus, IPCA e payroll no radar\",\"datePublished\":\"2020-02-07T12:49:24+00:00\",\"mainEntityOfPage\":{\"@id\":\"https:\/\/www.suno.com.br\/noticias\/dolar-opera-em-alta-com-coronavirus-ipca-e-payroll-no-radar-07-02-2020\/\"},\"wordCount\":545,\"publisher\":{\"@id\":\"https:\/\/www.suno.com.br\/noticias\/#organization\"},\"image\":{\"@id\":\"https:\/\/www.suno.com.br\/noticias\/dolar-opera-em-alta-com-coronavirus-ipca-e-payroll-no-radar-07-02-2020\/#primaryimage\"},\"thumbnailUrl\":\"https:\/\/files.sunoresearch.com.br\/n\/uploads\/2018\/11\/b80ab463-d\u00f3lar.jpg\",\"keywords\":[\"coronav\u00edrus\",\"d\u00f3lar\",\"IPCA\"],\"articleSection\":[\"Mercado\"],\"inLanguage\":\"pt-BR\"},{\"@type\":\"WebPage\",\"@id\":\"https:\/\/www.suno.com.br\/noticias\/dolar-opera-em-alta-com-coronavirus-ipca-e-payroll-no-radar-07-02-2020\/\",\"url\":\"https:\/\/www.suno.com.br\/noticias\/dolar-opera-em-alta-com-coronavirus-ipca-e-payroll-no-radar-07-02-2020\/\",\"name\":\"D\u00f3lar opera em alta com coronav\u00edrus, IPCA e payroll no radar\",\"isPartOf\":{\"@id\":\"https:\/\/www.suno.com.br\/noticias\/#website\"},\"primaryImageOfPage\":{\"@id\":\"https:\/\/www.suno.com.br\/noticias\/dolar-opera-em-alta-com-coronavirus-ipca-e-payroll-no-radar-07-02-2020\/#primaryimage\"},\"image\":{\"@id\":\"https:\/\/www.suno.com.br\/noticias\/dolar-opera-em-alta-com-coronavirus-ipca-e-payroll-no-radar-07-02-2020\/#primaryimage\"},\"thumbnailUrl\":\"https:\/\/files.sunoresearch.com.br\/n\/uploads\/2018\/11\/b80ab463-d\u00f3lar.jpg\",\"datePublished\":\"2020-02-07T12:49:24+00:00\",\"description\":\"Por volta das 9h40, nesta sexta-feira (7), o d\u00f3lar variava positivamente a 0,212% sendo negociado a R$ 4,293. Clique aqui e saiba mais\",\"breadcrumb\":{\"@id\":\"https:\/\/www.suno.com.br\/noticias\/dolar-opera-em-alta-com-coronavirus-ipca-e-payroll-no-radar-07-02-2020\/#breadcrumb\"},\"inLanguage\":\"pt-BR\",\"potentialAction\":[{\"@type\":\"ReadAction\",\"target\":[\"https:\/\/www.suno.com.br\/noticias\/dolar-opera-em-alta-com-coronavirus-ipca-e-payroll-no-radar-07-02-2020\/\"]}]},{\"@type\":\"ImageObject\",\"inLanguage\":\"pt-BR\",\"@id\":\"https:\/\/www.suno.com.br\/noticias\/dolar-opera-em-alta-com-coronavirus-ipca-e-payroll-no-radar-07-02-2020\/#primaryimage\",\"url\":\"https:\/\/files.sunoresearch.com.br\/n\/uploads\/2018\/11\/b80ab463-d\u00f3lar.jpg\",\"contentUrl\":\"https:\/\/files.sunoresearch.com.br\/n\/uploads\/2018\/11\/b80ab463-d\u00f3lar.jpg\",\"width\":800,\"height\":533,\"caption\":\"O d\u00f3lar hoje encerrou em queda de 0,91%, negociado a R$ 5,415\"},{\"@type\":\"BreadcrumbList\",\"@id\":\"https:\/\/www.suno.com.br\/noticias\/dolar-opera-em-alta-com-coronavirus-ipca-e-payroll-no-radar-07-02-2020\/#breadcrumb\",\"itemListElement\":[{\"@type\":\"ListItem\",\"position\":1,\"name\":\"Not\u00edcias\",\"item\":\"https:\/\/www.suno.com.br\/noticias\/\"},{\"@type\":\"ListItem\",\"position\":2,\"name\":\"Mercado\",\"item\":\"https:\/\/www.suno.com.br\/noticias\/mercado\/\"},{\"@type\":\"ListItem\",\"position\":3,\"name\":\"D\u00f3lar opera em alta com coronav\u00edrus, IPCA e payroll no radar\"}]},{\"@type\":\"WebSite\",\"@id\":\"https:\/\/www.suno.com.br\/noticias\/#website\",\"url\":\"https:\/\/www.suno.com.br\/noticias\/\",\"name\":\"Suno Not\u00edcias\",\"description\":\"Seu portal de informa\u00e7\u00e3o sobre o mundo dos investimentos\",\"publisher\":{\"@id\":\"https:\/\/www.suno.com.br\/noticias\/#organization\"},\"potentialAction\":[{\"@type\":\"SearchAction\",\"target\":{\"@type\":\"EntryPoint\",\"urlTemplate\":\"https:\/\/www.suno.com.br\/noticias\/?s={search_term_string}\"},\"query-input\":{\"@type\":\"PropertyValueSpecification\",\"valueRequired\":true,\"valueName\":\"search_term_string\"}}],\"inLanguage\":\"pt-BR\"},{\"@type\":\"Organization\",\"@id\":\"https:\/\/www.suno.com.br\/noticias\/#organization\",\"name\":\"Suno Not\u00edcias\",\"url\":\"https:\/\/www.suno.com.br\/noticias\/\",\"logo\":{\"@type\":\"ImageObject\",\"inLanguage\":\"pt-BR\",\"@id\":\"https:\/\/www.suno.com.br\/noticias\/#\/schema\/logo\/image\/\",\"url\":\"https:\/\/files.sunoresearch.com.br\/n\/uploads\/2021\/09\/suno-logo.png\",\"contentUrl\":\"https:\/\/files.sunoresearch.com.br\/n\/uploads\/2021\/09\/suno-logo.png\",\"width\":180,\"height\":180,\"caption\":\"Suno Not\u00edcias\"},\"image\":{\"@id\":\"https:\/\/www.suno.com.br\/noticias\/#\/schema\/logo\/image\/\"},\"sameAs\":[\"https:\/\/facebook.com\/sunoresearch\",\"https:\/\/x.com\/sunoresearch\",\"https:\/\/www.instagram.com\/suno\",\"https:\/\/www.linkedin.com\/company\/suno-research\/\",\"https:\/\/www.youtube.com\/c\/sunoresearch\"]},{\"@type\":\"Person\",\"@id\":\"https:\/\/www.suno.com.br\/noticias\/#\/schema\/person\/02ec1f752758247878a2bf4abee1aeda\",\"name\":\"Poliana Santos\",\"image\":{\"@type\":\"ImageObject\",\"inLanguage\":\"pt-BR\",\"@id\":\"https:\/\/www.suno.com.br\/noticias\/#\/schema\/person\/image\/\",\"url\":\"https:\/\/secure.gravatar.com\/avatar\/0645bd32f23d87b2130f2b2dff1d3f8d?s=96&r=g\",\"contentUrl\":\"https:\/\/secure.gravatar.com\/avatar\/0645bd32f23d87b2130f2b2dff1d3f8d?s=96&r=g\",\"caption\":\"Poliana Santos\"},\"description\":\"Rep\u00f3rter no Suno Not\u00edcias, com cobertura em mercado financeiro, economia, finan\u00e7as pessoais, renda fixa e varejo. Jornalista formada pela Faculdade C\u00e1sper L\u00edbero e possui passagem na R\u00e1dio Gazeta AM com a produ\u00e7\u00e3o de conte\u00fado sobre economia, pol\u00edtica, sa\u00fade, moda e m\u00fasica. Possui certificado de conclus\u00e3o do curso de An\u00e1lise de Balan\u00e7os pela Funda\u00e7\u00e3o Bradesco, Agenda Brasil pela FAAP, Educa\u00e7\u00e3o Pol\u00edtica por Alexandre Garcia e do Tesouro Direto e Mercado de A\u00e7\u00f5es pela B3.\",\"url\":\"https:\/\/www.suno.com.br\/noticias\/author\/poliana-santos\/\"}]}<\/script>\n<!-- \/ Yoast SEO plugin. -->","yoast_head_json":{"title":"D\u00f3lar opera em alta com coronav\u00edrus, IPCA e payroll no radar","description":"Por volta das 9h40, nesta sexta-feira (7), o d\u00f3lar variava positivamente a 0,212% sendo negociado a R$ 4,293. Clique aqui e saiba mais","robots":{"index":"index","follow":"follow","max-snippet":"max-snippet:-1","max-image-preview":"max-image-preview:large","max-video-preview":"max-video-preview:-1"},"canonical":"https:\/\/www.suno.com.br\/noticias\/dolar-opera-em-alta-com-coronavirus-ipca-e-payroll-no-radar-07-02-2020\/","og_locale":"pt_BR","og_type":"article","og_title":"D\u00f3lar opera em alta com coronav\u00edrus, IPCA e payroll no radar","og_description":"Por volta das 9h40, nesta sexta-feira (7), o d\u00f3lar variava positivamente a 0,212% sendo negociado a R$ 4,293. Clique aqui e saiba mais","og_url":"https:\/\/www.suno.com.br\/noticias\/dolar-opera-em-alta-com-coronavirus-ipca-e-payroll-no-radar-07-02-2020\/","og_site_name":"Suno Not\u00edcias","article_publisher":"https:\/\/facebook.com\/sunoresearch","og_image":[{"width":800,"height":533,"url":"https:\/\/files.sunoresearch.com.br\/n\/uploads\/2018\/11\/b80ab463-d\u00f3lar.jpg","type":"image\/jpeg"}],"author":"Poliana Santos","twitter_card":"summary_large_image","twitter_creator":"@sunoresearch","twitter_site":"@sunoresearch","twitter_misc":{"Escrito por":"Poliana Santos","Est. tempo de leitura":"3 minutos"},"schema":{"@context":"https:\/\/schema.org","@graph":[{"@type":"NewsArticle","@id":"https:\/\/www.suno.com.br\/noticias\/dolar-opera-em-alta-com-coronavirus-ipca-e-payroll-no-radar-07-02-2020\/#article","isPartOf":{"@id":"https:\/\/www.suno.com.br\/noticias\/dolar-opera-em-alta-com-coronavirus-ipca-e-payroll-no-radar-07-02-2020\/"},"author":{"name":"Poliana Santos","@id":"https:\/\/www.suno.com.br\/noticias\/#\/schema\/person\/02ec1f752758247878a2bf4abee1aeda"},"headline":"D\u00f3lar opera em alta com coronav\u00edrus, IPCA e payroll no radar","datePublished":"2020-02-07T12:49:24+00:00","mainEntityOfPage":{"@id":"https:\/\/www.suno.com.br\/noticias\/dolar-opera-em-alta-com-coronavirus-ipca-e-payroll-no-radar-07-02-2020\/"},"wordCount":545,"publisher":{"@id":"https:\/\/www.suno.com.br\/noticias\/#organization"},"image":{"@id":"https:\/\/www.suno.com.br\/noticias\/dolar-opera-em-alta-com-coronavirus-ipca-e-payroll-no-radar-07-02-2020\/#primaryimage"},"thumbnailUrl":"https:\/\/files.sunoresearch.com.br\/n\/uploads\/2018\/11\/b80ab463-d\u00f3lar.jpg","keywords":["coronav\u00edrus","d\u00f3lar","IPCA"],"articleSection":["Mercado"],"inLanguage":"pt-BR"},{"@type":"WebPage","@id":"https:\/\/www.suno.com.br\/noticias\/dolar-opera-em-alta-com-coronavirus-ipca-e-payroll-no-radar-07-02-2020\/","url":"https:\/\/www.suno.com.br\/noticias\/dolar-opera-em-alta-com-coronavirus-ipca-e-payroll-no-radar-07-02-2020\/","name":"D\u00f3lar opera em alta com coronav\u00edrus, IPCA e payroll no radar","isPartOf":{"@id":"https:\/\/www.suno.com.br\/noticias\/#website"},"primaryImageOfPage":{"@id":"https:\/\/www.suno.com.br\/noticias\/dolar-opera-em-alta-com-coronavirus-ipca-e-payroll-no-radar-07-02-2020\/#primaryimage"},"image":{"@id":"https:\/\/www.suno.com.br\/noticias\/dolar-opera-em-alta-com-coronavirus-ipca-e-payroll-no-radar-07-02-2020\/#primaryimage"},"thumbnailUrl":"https:\/\/files.sunoresearch.com.br\/n\/uploads\/2018\/11\/b80ab463-d\u00f3lar.jpg","datePublished":"2020-02-07T12:49:24+00:00","description":"Por volta das 9h40, nesta sexta-feira (7), o d\u00f3lar variava positivamente a 0,212% sendo negociado a R$ 4,293. Clique aqui e saiba mais","breadcrumb":{"@id":"https:\/\/www.suno.com.br\/noticias\/dolar-opera-em-alta-com-coronavirus-ipca-e-payroll-no-radar-07-02-2020\/#breadcrumb"},"inLanguage":"pt-BR","potentialAction":[{"@type":"ReadAction","target":["https:\/\/www.suno.com.br\/noticias\/dolar-opera-em-alta-com-coronavirus-ipca-e-payroll-no-radar-07-02-2020\/"]}]},{"@type":"ImageObject","inLanguage":"pt-BR","@id":"https:\/\/www.suno.com.br\/noticias\/dolar-opera-em-alta-com-coronavirus-ipca-e-payroll-no-radar-07-02-2020\/#primaryimage","url":"https:\/\/files.sunoresearch.com.br\/n\/uploads\/2018\/11\/b80ab463-d\u00f3lar.jpg","contentUrl":"https:\/\/files.sunoresearch.com.br\/n\/uploads\/2018\/11\/b80ab463-d\u00f3lar.jpg","width":800,"height":533,"caption":"O d\u00f3lar hoje encerrou em queda de 0,91%, negociado a R$ 5,415"},{"@type":"BreadcrumbList","@id":"https:\/\/www.suno.com.br\/noticias\/dolar-opera-em-alta-com-coronavirus-ipca-e-payroll-no-radar-07-02-2020\/#breadcrumb","itemListElement":[{"@type":"ListItem","position":1,"name":"Not\u00edcias","item":"https:\/\/www.suno.com.br\/noticias\/"},{"@type":"ListItem","position":2,"name":"Mercado","item":"https:\/\/www.suno.com.br\/noticias\/mercado\/"},{"@type":"ListItem","position":3,"name":"D\u00f3lar opera em alta com coronav\u00edrus, IPCA e payroll no radar"}]},{"@type":"WebSite","@id":"https:\/\/www.suno.com.br\/noticias\/#website","url":"https:\/\/www.suno.com.br\/noticias\/","name":"Suno Not\u00edcias","description":"Seu portal de informa\u00e7\u00e3o sobre o mundo dos investimentos","publisher":{"@id":"https:\/\/www.suno.com.br\/noticias\/#organization"},"potentialAction":[{"@type":"SearchAction","target":{"@type":"EntryPoint","urlTemplate":"https:\/\/www.suno.com.br\/noticias\/?s={search_term_string}"},"query-input":{"@type":"PropertyValueSpecification","valueRequired":true,"valueName":"search_term_string"}}],"inLanguage":"pt-BR"},{"@type":"Organization","@id":"https:\/\/www.suno.com.br\/noticias\/#organization","name":"Suno Not\u00edcias","url":"https:\/\/www.suno.com.br\/noticias\/","logo":{"@type":"ImageObject","inLanguage":"pt-BR","@id":"https:\/\/www.suno.com.br\/noticias\/#\/schema\/logo\/image\/","url":"https:\/\/files.sunoresearch.com.br\/n\/uploads\/2021\/09\/suno-logo.png","contentUrl":"https:\/\/files.sunoresearch.com.br\/n\/uploads\/2021\/09\/suno-logo.png","width":180,"height":180,"caption":"Suno Not\u00edcias"},"image":{"@id":"https:\/\/www.suno.com.br\/noticias\/#\/schema\/logo\/image\/"},"sameAs":["https:\/\/facebook.com\/sunoresearch","https:\/\/x.com\/sunoresearch","https:\/\/www.instagram.com\/suno","https:\/\/www.linkedin.com\/company\/suno-research\/","https:\/\/www.youtube.com\/c\/sunoresearch"]},{"@type":"Person","@id":"https:\/\/www.suno.com.br\/noticias\/#\/schema\/person\/02ec1f752758247878a2bf4abee1aeda","name":"Poliana Santos","image":{"@type":"ImageObject","inLanguage":"pt-BR","@id":"https:\/\/www.suno.com.br\/noticias\/#\/schema\/person\/image\/","url":"https:\/\/secure.gravatar.com\/avatar\/0645bd32f23d87b2130f2b2dff1d3f8d?s=96&r=g","contentUrl":"https:\/\/secure.gravatar.com\/avatar\/0645bd32f23d87b2130f2b2dff1d3f8d?s=96&r=g","caption":"Poliana Santos"},"description":"Rep\u00f3rter no Suno Not\u00edcias, com cobertura em mercado financeiro, economia, finan\u00e7as pessoais, renda fixa e varejo. Jornalista formada pela Faculdade C\u00e1sper L\u00edbero e possui passagem na R\u00e1dio Gazeta AM com a produ\u00e7\u00e3o de conte\u00fado sobre economia, pol\u00edtica, sa\u00fade, moda e m\u00fasica. Possui certificado de conclus\u00e3o do curso de An\u00e1lise de Balan\u00e7os pela Funda\u00e7\u00e3o Bradesco, Agenda Brasil pela FAAP, Educa\u00e7\u00e3o Pol\u00edtica por Alexandre Garcia e do Tesouro Direto e Mercado de A\u00e7\u00f5es pela B3.","url":"https:\/\/www.suno.com.br\/noticias\/author\/poliana-santos\/"}]}},"default_loop_html":"<div class=\"cardsPage__listCard__boxs\"><div class=\"cardsPage__listCard__boxs__img\"><a href=\"https:\/\/www.suno.com.br\/noticias\/dolar-opera-em-alta-com-coronavirus-ipca-e-payroll-no-radar-07-02-2020\/\"><img class=\"mask\" src=\"https:\/\/www.suno.com.br\/noticias\/wp-content\/themes\/suno\/resources\/images\/spotlight\/spotlight1img\/bg-mask.png\" alt=\"Image Mask\"\/><img src=\"https:\/\/files.sunoresearch.com.br\/n\/uploads\/2018\/11\/b80ab463-d\u00f3lar-400x200.webp\" alt=\"D\u00f3lar opera em alta com coronav\u00edrus, IPCA e payroll no radar\"\/><\/a><span class=\"spotlightCategory\"><a href=\"https:\/\/www.suno.com.br\/noticias\/mercado\/\">Mercado<\/a><\/span><\/div><div class=\"cardsPage__listCard__boxs__content\"><a href=\"https:\/\/www.suno.com.br\/noticias\/dolar-opera-em-alta-com-coronavirus-ipca-e-payroll-no-radar-07-02-2020\/\"><h2 class=\"content__title\">D\u00f3lar opera em alta com coronav\u00edrus, IPCA e payroll no radar<\/h2><\/a><div class=\"newsContent__article__meta\"><div class=\"newsContent__article__meta__authorBox\"><a href=\"https:\/\/www.suno.com.br\/noticias\/author\/poliana-santos\/\" class=\"authorBox__avatar noMobi\"><img src=\"https:\/\/files.sunoresearch.com.br\/n\/uploads\/2020\/08\/7ef34026-whatsapp-image-2020-08-03-at-12.37.57-150x150.webp\" alt=\"Poliana Santos\"><\/a><div class=\"authorBox__name\"><span>por\n\t\t\t<a href=\"https:\/\/www.suno.com.br\/noticias\/author\/poliana-santos\/\"><span itemprop=\"author\">Poliana Santos<\/span><\/a><\/span><time datetime=\"2020-02-07T10:49:24-03:00\" itemprop=\"datePublished\">07\/02\/2020 10:49<\/time><\/div><\/div><\/div><\/div><\/div>","single_layout":"posts","amp_enabled":true,"_links":{"self":[{"href":"https:\/\/www.suno.com.br\/noticias\/wp-json\/wp\/v2\/posts\/52302"}],"collection":[{"href":"https:\/\/www.suno.com.br\/noticias\/wp-json\/wp\/v2\/posts"}],"about":[{"href":"https:\/\/www.suno.com.br\/noticias\/wp-json\/wp\/v2\/types\/post"}],"author":[{"embeddable":true,"href":"https:\/\/www.suno.com.br\/noticias\/wp-json\/wp\/v2\/users\/15"}],"replies":[{"embeddable":true,"href":"https:\/\/www.suno.com.br\/noticias\/wp-json\/wp\/v2\/comments?post=52302"}],"version-history":[{"count":0,"href":"https:\/\/www.suno.com.br\/noticias\/wp-json\/wp\/v2\/posts\/52302\/revisions"}],"wp:featuredmedia":[{"embeddable":true,"href":"https:\/\/www.suno.com.br\/noticias\/wp-json\/wp\/v2\/media\/7417"}],"wp:attachment":[{"href":"https:\/\/www.suno.com.br\/noticias\/wp-json\/wp\/v2\/media?parent=52302"}],"wp:term":[{"taxonomy":"category","embeddable":true,"href":"https:\/\/www.suno.com.br\/noticias\/wp-json\/wp\/v2\/categories?post=52302"},{"taxonomy":"post_tag","embeddable":true,"href":"https:\/\/www.suno.com.br\/noticias\/wp-json\/wp\/v2\/tags?post=52302"},{"taxonomy":"suno_strategy","embeddable":true,"href":"https:\/\/www.suno.com.br\/noticias\/wp-json\/wp\/v2\/suno_strategy?post=52302"}],"curies":[{"name":"wp","href":"https:\/\/api.w.org\/{rel}","templated":true}]}}