{"id":522678,"date":"2024-02-13T10:15:01","date_gmt":"2024-02-13T13:15:01","guid":{"rendered":"https:\/\/www.suno.com.br\/noticias\/?p=522678"},"modified":"2024-02-13T10:15:21","modified_gmt":"2024-02-13T13:15:21","slug":"justica-eua-pedido-da-gol-goll4-latam-jvj","status":"publish","type":"post","link":"https:\/\/www.suno.com.br\/noticias\/justica-eua-pedido-da-gol-goll4-latam-jvj\/","title":{"rendered":"Justi\u00e7a dos EUA aceita parte de pedido da Gol (GOLL4), que acusa Latam de tentar tomar avi\u00f5es e pilotos"},"content":{"rendered":"<p>A Justi\u00e7a dos Estados Unidos aceitou parcialmente o pedido em que a <a class=\"suno-keyword\" data-force=\"yes\" data-priority=\"2\" href=\"https:\/\/www.suno.com.br\/acoes\/GOLL4\/\" target=\"_blank\" rel=\"noopener\"><strong>Gol<\/strong> (GOLL4)<\/a> faz demandas contra a Latam, principal concorrente no mercado a\u00e9reo brasileiro. Na sexta-feira, 9, a empresa a\u00e9rea brasileira acusou a Latam de &#8220;a\u00e7\u00e3o predat\u00f3ria&#8221; para obter aeronaves, pilotos e lessores (empresas que arrendam as aeronaves, como bancos e financeiras).<\/p>\t<div class=\"wrapper-featured-image\">\n\t\t<figure class=\"spotlightImg\">\n\n\t\t\t<picture>\n\t\t\t\t<source media=\"(max-width: 768px)\" srcset=\"https:\/\/files.sunoresearch.com.br\/n\/uploads\/2024\/01\/gol-goll4-aviao-400x200.jpg\">\n\t\t\t\t<img loading=\"lazy\" decoding=\"async\" class=\"newsContent__article__imgCapa lazyloadDisabled \" src=\"https:\/\/files.sunoresearch.com.br\/n\/uploads\/2024\/01\/gol-goll4-aviao-800x450.jpg\" width=\"800\" height=\"450\" alt=\"Justi\u00e7a dos EUA aceita parte de pedido da Gol (GOLL4), que acusa Latam de tentar tomar avi\u00f5es e pilotos\" fetchpriority=high \/>\n\t\t\t<\/picture>\n\n\t\t\t<figcaption class=\"wp-caption-text wp-caption-text--show\">Gol (GOLL4). Foto: Gol\/ Divulga\u00e7\u00e3o \/ Edi\u00e7\u00e3o Canva<\/figcaption>\n\t\t<\/figure>\n\t<\/div>\n\n\n\n\n\n\t<p>\n\t\t<a href=\"https:\/\/lp.suno.com.br\/ebook-como-analisar-uma-acao\/\" target=\"_blank\" data-element=\"shortcode-suno-banner\" title=\"Banner SUNO, clique e saiba mais\">\n\t\t\t<picture>\n\t\t\t\t<source media=\"(max-width: 500px)\" srcset=\"https:\/\/files.sunoresearch.com.br\/n\/uploads\/2023\/12\/Ebook-Acoes-Mobile.jpg\">\n\t\t\t\t<img class=\"newsContent__article__imgCapa newsContent__article__imgCapa--banner\"\n\t\t\t\t\tsrc=\"https:\/\/files.sunoresearch.com.br\/n\/uploads\/2023\/12\/Ebook-Acoes-Desktop.webp\"\n\t\t\t\t\tdata-promo-id=\"311260\"\t\t\t\t\t\t\t\t\t\twidth='1420' height='286'\t\t\t\t\talt=\"https:\/\/files.sunoresearch.com.br\/n\/uploads\/2023\/12\/Ebook-Acoes-Desktop.webp\"\n\t\t\t\t>\n\t\t\t<\/picture>\n\t\t<\/a>\n\t<\/p>\n\n\n\n\n\n<p>A alega\u00e7\u00e3o foi apresentada ao Tribunal de Fal\u00eancias do Sul de Nova York, o mesmo em que a <strong>Gol pediu recupera\u00e7\u00e3o judicial<\/strong> em janeiro. A informa\u00e7\u00e3o foi publicada pelo jornal <i>Valor Econ\u00f4mico<\/i> e confirmada pelo Estad\u00e3o.<\/p>\n\n\n\n<p>Na decis\u00e3o, o juiz autorizou o processo de &#8220;discovery&#8221;, o que significa que a Latam ter\u00e1 que prestar explica\u00e7\u00f5es e apresentar as cartas enviadas aos lessores. Tamb\u00e9m determinou que tr\u00eas executivos da companhia a\u00e9rea chilena prestem depoimento por um total de cinco horas, mas ainda n\u00e3o foi definido quais ser\u00e3o as pessoas ouvidas.<\/p>\n\n\n\t<div data-element=\"shortcode-read-more\" class=\"knowMore\">\n\t\t\t\t<span class=\"knowMore__title\">Leia mais<\/span>\n\t\t\t\t<a class=\"knowMore__link\" href=\"https:\/\/www.suno.com.br\/noticias\/bolsas-da-asia-alta-bolsas-de-valores-europa-jvj\/\">\n\t\t\tBolsas da \u00c1sia fecham em alta, mas Bolsas da Europa operam em queda, \u00e0 espera do CPI dos EUA\t\t<\/a>\n\t<\/div>\n\n\n\n\n<p>A Gol havia pedido mais depoimentos do que os tr\u00eas. Entre as pessoas solicitadas para os esclarecimentos, estavam <a class=\"suno-keyword\" target=\"_blank\" data-force=\"no\" data-priority=\"2\" href=\"https:\/\/www.suno.com.br\/tudo-sobre\/jerome-cadier\/\" rel=\"noopener\">Jerome Cadier<\/a> (presidente da Latam Brasil), Roberto Alvo (presidente global da Latam), Ramiro Alfonsin (diretor financeiro da Latam) e Sebastian Acuto (vice-presidente de Frota e Projetos).<\/p>\n\n\n\n<p>Todos os depoimentos ser\u00e3o confidenciais, e apenas advogados das duas partes poder\u00e3o ter acesso.<\/p>\n\n\n\n<p>A Gol pediu <strong>recupera\u00e7\u00e3o judicial nos Estados Unidos<\/strong> no dia 26 de janeiro. Desde ent\u00e3o, segundo a companhia a\u00e9rea, tomou conhecimento de que a Latam estava tentando adquirir seus arrendadores, avi\u00f5es e pilotos, por meio de contatos com parceiros comerciais nos quais &#8220;distorce a capacidade financeira da Gol&#8221;.<\/p>\n\n\n\n<p>Na comunica\u00e7\u00e3o com o Tribunal, a Gol anexou um e-mail de Sebastian Acuto, enviado em 26 de janeiro a lessores, no qual o executivo refor\u00e7a que a Latam continua &#8220;buscando por aeronaves&#8221; e que a afiliada brasileira &#8220;est\u00e1 no mercado de maneira normal e se esfor\u00e7ar\u00e1 para aumentar a oferta de voos no Pa\u00eds e na regi\u00e3o&#8221;.<\/p>\n\n\n\n<p>Na mensagem, a <strong>Latam<\/strong> afirma que quer comprar entre 20 e 25 avi\u00f5es, com disponibilidade imediata, dos modelos Airbus A-320, Airbus A-321, ou Boeing 737.<\/p>\n\n\n\n<p>A Gol cita a divulga\u00e7\u00e3o de vagas de empregos para pilotos, registradas em 29 de janeiro, nas quais a Latam afirma que busca profissionais para atuar no Brasil e que ter licen\u00e7a para voar com aeronaves Airbus e Boeing, incluindo o modelo 737, \u00e9 um diferencial.<\/p>\n\n\n\n<p>Tamb\u00e9m anexou uma entrevista de Jerome Cadier, <strong>CEO da Latam<\/strong>, ao jornal <i>Folha de S.Paulo<\/i>, na qual Cadier diz que a Latam poderia colocar avi\u00f5es parados da Gol para voar e que qualquer outra companhia a\u00e9rea tentaria fazer o mesmo.<\/p>\n\n\n\n<p>A Gol relata que, no momento, opera apenas avi\u00f5es do modelo Boeing 737, enquanto a Latam voa principalmente com os da fabricante Airbus em rotas curtas, e com os modelos 787, 777 e 767 da Boeing para as viagens longas.<\/p>\n\n\n\n<p>Assim, para a Gol, a \u00fanica explica\u00e7\u00e3o para a conduta da Latam seria de que ela &#8220;esperava se aproveitar da Gol&#8221;.<\/p>\n\n\n\n<p>Ao Estad\u00e3o, a <strong>Gol <\/strong>afirmou estar satisfeita com a decis\u00e3o, que permitir\u00e1 que as a\u00e7\u00f5es da concorrente sejam esclarecidas, al\u00e9m de identificar se &#8220;descumprem a <a class=\"suno-keyword\" target=\"_blank\" data-force=\"no\" data-priority=\"2\" href=\"https:\/\/www.suno.com.br\/artigos\/lei-de-falencias\/\" rel=\"noopener\">lei de fal\u00eancias<\/a> dos EUA e das prote\u00e7\u00f5es legais relativas aos ativos da empresa&#8221;.<\/p>\n\n\n\n<p>A Latam afirmou que n\u00e3o tem informa\u00e7\u00f5es adicionais sobre o caso no momento e reencaminhou nota j\u00e1 enviada anteriormente, na qual diz que est\u00e1 sempre em contato com as &#8220;partes interessadas relevantes em mat\u00e9ria de frota&#8221; e que est\u00e1 ativa no mercado h\u00e1 v\u00e1rios meses visando &#8220;garantir a capacidade necess\u00e1ria para atender \u00e0s necessidades cont\u00ednuas e de <a class=\"suno-keyword\" target=\"_blank\" data-force=\"no\" data-priority=\"1\" href=\"https:\/\/www.suno.com.br\/artigos\/longo-prazo\/\" rel=\"noopener\">longo prazo<\/a>, em um contexto de desafios globais na cadeia de suprimentos e falta de aeronaves ou motores&#8221;.<\/p>\n\n\n\n<p>(Com informa\u00e7\u00f5es de Estad\u00e3o Conte\u00fado)<\/p>\n","protected":false},"excerpt":{"rendered":"<p>A Justi\u00e7a dos Estados Unidos aceitou parcialmente o pedido em que a Gol (GOLL4) faz demandas contra a Latam, principal concorrente no mercado a\u00e9reo brasileiro. Na sexta-feira, 9, a empresa a\u00e9rea brasileira acusou a Latam de &#8220;a\u00e7\u00e3o predat\u00f3ria&#8221; para obter aeronaves, pilotos e lessores (empresas que arrendam as aeronaves, como bancos e financeiras). Gol (GOLL4). [&hellip;]<\/p>\n","protected":false},"author":173,"featured_media":517615,"comment_status":"closed","ping_status":"closed","sticky":false,"template":"","format":"standard","meta":[],"categories":[64],"tags":[489],"suno_strategy":[],"class_list":["post-522678","post","type-post","status-publish","format-standard","has-post-thumbnail","hentry","category-negocios","tag-gol-linhas-aereas-goll11-goll4"],"yoast_head":"<!-- This site is optimized with the Yoast SEO plugin v24.4 - https:\/\/yoast.com\/wordpress\/plugins\/seo\/ -->\n<title>Justi\u00e7a dos EUA aceita pedido da Gol (GOLL4), que acusa Latam<\/title>\n<meta name=\"description\" content=\"A Justi\u00e7a dos Estados Unidos (EUA) aceitou uma parte do pedido da Gol (GOLL4), que faz acusa\u00e7\u00f5es sobre a Latam. Veja detalhes.\" \/>\n<meta name=\"robots\" content=\"index, follow, max-snippet:-1, max-image-preview:large, max-video-preview:-1\" \/>\n<link rel=\"canonical\" href=\"https:\/\/www.suno.com.br\/noticias\/justica-eua-pedido-da-gol-goll4-latam-jvj\/\" \/>\n<meta property=\"og:locale\" content=\"pt_BR\" \/>\n<meta property=\"og:type\" content=\"article\" \/>\n<meta property=\"og:title\" content=\"Justi\u00e7a dos EUA aceita pedido da Gol (GOLL4), que acusa Latam\" \/>\n<meta property=\"og:description\" content=\"A Justi\u00e7a dos Estados Unidos (EUA) aceitou uma parte do pedido da Gol (GOLL4), que faz acusa\u00e7\u00f5es sobre a Latam. Veja detalhes.\" \/>\n<meta property=\"og:url\" content=\"https:\/\/www.suno.com.br\/noticias\/justica-eua-pedido-da-gol-goll4-latam-jvj\/\" \/>\n<meta property=\"og:site_name\" content=\"Suno Not\u00edcias\" \/>\n<meta property=\"article:publisher\" content=\"https:\/\/facebook.com\/sunoresearch\" \/>\n<meta property=\"og:image\" content=\"https:\/\/files.sunoresearch.com.br\/n\/uploads\/2024\/01\/gol-goll4-aviao.jpg\" \/>\n\t<meta property=\"og:image:width\" content=\"1200\" \/>\n\t<meta property=\"og:image:height\" content=\"800\" \/>\n\t<meta property=\"og:image:type\" content=\"image\/jpeg\" \/>\n<meta name=\"author\" content=\"Jo\u00e3o Vitor\" \/>\n<meta name=\"twitter:card\" content=\"summary_large_image\" \/>\n<meta name=\"twitter:creator\" content=\"@sunoresearch\" \/>\n<meta name=\"twitter:site\" content=\"@sunoresearch\" \/>\n<meta name=\"twitter:label1\" content=\"Escrito por\" \/>\n\t<meta name=\"twitter:data1\" content=\"Jo\u00e3o Vitor\" \/>\n<script type=\"application\/ld+json\" class=\"yoast-schema-graph\">{\"@context\":\"https:\/\/schema.org\",\"@graph\":[{\"@type\":\"NewsArticle\",\"@id\":\"https:\/\/www.suno.com.br\/noticias\/justica-eua-pedido-da-gol-goll4-latam-jvj\/#article\",\"isPartOf\":{\"@id\":\"https:\/\/www.suno.com.br\/noticias\/justica-eua-pedido-da-gol-goll4-latam-jvj\/\"},\"author\":{\"name\":\"Jo\u00e3o Vitor\",\"@id\":\"https:\/\/www.suno.com.br\/noticias\/#\/schema\/person\/87fc6973867c52dd884811905c43afba\"},\"headline\":\"Justi\u00e7a dos EUA aceita parte de pedido da Gol (GOLL4), que acusa Latam de tentar tomar avi\u00f5es e pilotos\",\"datePublished\":\"2024-02-13T13:15:01+00:00\",\"dateModified\":\"2024-02-13T13:15:21+00:00\",\"mainEntityOfPage\":{\"@id\":\"https:\/\/www.suno.com.br\/noticias\/justica-eua-pedido-da-gol-goll4-latam-jvj\/\"},\"wordCount\":661,\"publisher\":{\"@id\":\"https:\/\/www.suno.com.br\/noticias\/#organization\"},\"image\":{\"@id\":\"https:\/\/www.suno.com.br\/noticias\/justica-eua-pedido-da-gol-goll4-latam-jvj\/#primaryimage\"},\"thumbnailUrl\":\"https:\/\/files.sunoresearch.com.br\/n\/uploads\/2024\/01\/gol-goll4-aviao.jpg\",\"keywords\":[\"Gol Linhas A\u00e9reas (GOLL11\/GOLL4)\"],\"articleSection\":[\"Neg\u00f3cios\"],\"inLanguage\":\"pt-BR\"},{\"@type\":\"WebPage\",\"@id\":\"https:\/\/www.suno.com.br\/noticias\/justica-eua-pedido-da-gol-goll4-latam-jvj\/\",\"url\":\"https:\/\/www.suno.com.br\/noticias\/justica-eua-pedido-da-gol-goll4-latam-jvj\/\",\"name\":\"Justi\u00e7a dos EUA aceita pedido da Gol (GOLL4), que acusa Latam\",\"isPartOf\":{\"@id\":\"https:\/\/www.suno.com.br\/noticias\/#website\"},\"primaryImageOfPage\":{\"@id\":\"https:\/\/www.suno.com.br\/noticias\/justica-eua-pedido-da-gol-goll4-latam-jvj\/#primaryimage\"},\"image\":{\"@id\":\"https:\/\/www.suno.com.br\/noticias\/justica-eua-pedido-da-gol-goll4-latam-jvj\/#primaryimage\"},\"thumbnailUrl\":\"https:\/\/files.sunoresearch.com.br\/n\/uploads\/2024\/01\/gol-goll4-aviao.jpg\",\"datePublished\":\"2024-02-13T13:15:01+00:00\",\"dateModified\":\"2024-02-13T13:15:21+00:00\",\"description\":\"A Justi\u00e7a dos Estados Unidos (EUA) aceitou uma parte do pedido da Gol (GOLL4), que faz acusa\u00e7\u00f5es sobre a Latam. Veja detalhes.\",\"breadcrumb\":{\"@id\":\"https:\/\/www.suno.com.br\/noticias\/justica-eua-pedido-da-gol-goll4-latam-jvj\/#breadcrumb\"},\"inLanguage\":\"pt-BR\",\"potentialAction\":[{\"@type\":\"ReadAction\",\"target\":[\"https:\/\/www.suno.com.br\/noticias\/justica-eua-pedido-da-gol-goll4-latam-jvj\/\"]}]},{\"@type\":\"ImageObject\",\"inLanguage\":\"pt-BR\",\"@id\":\"https:\/\/www.suno.com.br\/noticias\/justica-eua-pedido-da-gol-goll4-latam-jvj\/#primaryimage\",\"url\":\"https:\/\/files.sunoresearch.com.br\/n\/uploads\/2024\/01\/gol-goll4-aviao.jpg\",\"contentUrl\":\"https:\/\/files.sunoresearch.com.br\/n\/uploads\/2024\/01\/gol-goll4-aviao.jpg\",\"width\":1200,\"height\":800,\"caption\":\"Gol (GOLL4). Foto: Gol\/ Divulga\u00e7\u00e3o \/ Edi\u00e7\u00e3o Canva\"},{\"@type\":\"BreadcrumbList\",\"@id\":\"https:\/\/www.suno.com.br\/noticias\/justica-eua-pedido-da-gol-goll4-latam-jvj\/#breadcrumb\",\"itemListElement\":[{\"@type\":\"ListItem\",\"position\":1,\"name\":\"Not\u00edcias\",\"item\":\"https:\/\/www.suno.com.br\/noticias\/\"},{\"@type\":\"ListItem\",\"position\":2,\"name\":\"Neg\u00f3cios\",\"item\":\"https:\/\/www.suno.com.br\/noticias\/negocios\/\"},{\"@type\":\"ListItem\",\"position\":3,\"name\":\"Justi\u00e7a dos EUA aceita parte de pedido da Gol (GOLL4), que acusa Latam de tentar tomar avi\u00f5es e pilotos\"}]},{\"@type\":\"WebSite\",\"@id\":\"https:\/\/www.suno.com.br\/noticias\/#website\",\"url\":\"https:\/\/www.suno.com.br\/noticias\/\",\"name\":\"Suno Not\u00edcias\",\"description\":\"Seu portal de informa\u00e7\u00e3o sobre o mundo dos investimentos\",\"publisher\":{\"@id\":\"https:\/\/www.suno.com.br\/noticias\/#organization\"},\"potentialAction\":[{\"@type\":\"SearchAction\",\"target\":{\"@type\":\"EntryPoint\",\"urlTemplate\":\"https:\/\/www.suno.com.br\/noticias\/?s={search_term_string}\"},\"query-input\":{\"@type\":\"PropertyValueSpecification\",\"valueRequired\":true,\"valueName\":\"search_term_string\"}}],\"inLanguage\":\"pt-BR\"},{\"@type\":\"Organization\",\"@id\":\"https:\/\/www.suno.com.br\/noticias\/#organization\",\"name\":\"Suno Not\u00edcias\",\"url\":\"https:\/\/www.suno.com.br\/noticias\/\",\"logo\":{\"@type\":\"ImageObject\",\"inLanguage\":\"pt-BR\",\"@id\":\"https:\/\/www.suno.com.br\/noticias\/#\/schema\/logo\/image\/\",\"url\":\"https:\/\/files.sunoresearch.com.br\/n\/uploads\/2021\/09\/suno-logo.png\",\"contentUrl\":\"https:\/\/files.sunoresearch.com.br\/n\/uploads\/2021\/09\/suno-logo.png\",\"width\":180,\"height\":180,\"caption\":\"Suno Not\u00edcias\"},\"image\":{\"@id\":\"https:\/\/www.suno.com.br\/noticias\/#\/schema\/logo\/image\/\"},\"sameAs\":[\"https:\/\/facebook.com\/sunoresearch\",\"https:\/\/x.com\/sunoresearch\",\"https:\/\/www.instagram.com\/suno\",\"https:\/\/www.linkedin.com\/company\/suno-research\/\",\"https:\/\/www.youtube.com\/c\/sunoresearch\"]},{\"@type\":\"Person\",\"@id\":\"https:\/\/www.suno.com.br\/noticias\/#\/schema\/person\/87fc6973867c52dd884811905c43afba\",\"name\":\"Jo\u00e3o Vitor\",\"image\":{\"@type\":\"ImageObject\",\"inLanguage\":\"pt-BR\",\"@id\":\"https:\/\/www.suno.com.br\/noticias\/#\/schema\/person\/image\/\",\"url\":\"https:\/\/secure.gravatar.com\/avatar\/2843227ca03ccf8cc7ccca45204c127e?s=96&r=g\",\"contentUrl\":\"https:\/\/secure.gravatar.com\/avatar\/2843227ca03ccf8cc7ccca45204c127e?s=96&r=g\",\"caption\":\"Jo\u00e3o Vitor\"},\"description\":\"Redator profissional, com atua\u00e7\u00e3o no mercado editorial na produ\u00e7\u00e3o de not\u00edcias e conte\u00fados sobre o mercado de a\u00e7\u00f5es, fundos imobili\u00e1rios e economia popular. Graduando em Engenharia Qu\u00edmica pela Unesp, tamb\u00e9m j\u00e1 atuou como consultor financeiro.\",\"url\":\"https:\/\/www.suno.com.br\/noticias\/author\/joao-vitor-jacintho\/\"}]}<\/script>\n<!-- \/ Yoast SEO plugin. -->","yoast_head_json":{"title":"Justi\u00e7a dos EUA aceita pedido da Gol (GOLL4), que acusa Latam","description":"A Justi\u00e7a dos Estados Unidos (EUA) aceitou uma parte do pedido da Gol (GOLL4), que faz acusa\u00e7\u00f5es sobre a Latam. Veja detalhes.","robots":{"index":"index","follow":"follow","max-snippet":"max-snippet:-1","max-image-preview":"max-image-preview:large","max-video-preview":"max-video-preview:-1"},"canonical":"https:\/\/www.suno.com.br\/noticias\/justica-eua-pedido-da-gol-goll4-latam-jvj\/","og_locale":"pt_BR","og_type":"article","og_title":"Justi\u00e7a dos EUA aceita pedido da Gol (GOLL4), que acusa Latam","og_description":"A Justi\u00e7a dos Estados Unidos (EUA) aceitou uma parte do pedido da Gol (GOLL4), que faz acusa\u00e7\u00f5es sobre a Latam. Veja detalhes.","og_url":"https:\/\/www.suno.com.br\/noticias\/justica-eua-pedido-da-gol-goll4-latam-jvj\/","og_site_name":"Suno Not\u00edcias","article_publisher":"https:\/\/facebook.com\/sunoresearch","og_image":[{"width":1200,"height":800,"url":"https:\/\/files.sunoresearch.com.br\/n\/uploads\/2024\/01\/gol-goll4-aviao.jpg","type":"image\/jpeg"}],"author":"Jo\u00e3o Vitor","twitter_card":"summary_large_image","twitter_creator":"@sunoresearch","twitter_site":"@sunoresearch","twitter_misc":{"Escrito por":"Jo\u00e3o Vitor"},"schema":{"@context":"https:\/\/schema.org","@graph":[{"@type":"NewsArticle","@id":"https:\/\/www.suno.com.br\/noticias\/justica-eua-pedido-da-gol-goll4-latam-jvj\/#article","isPartOf":{"@id":"https:\/\/www.suno.com.br\/noticias\/justica-eua-pedido-da-gol-goll4-latam-jvj\/"},"author":{"name":"Jo\u00e3o Vitor","@id":"https:\/\/www.suno.com.br\/noticias\/#\/schema\/person\/87fc6973867c52dd884811905c43afba"},"headline":"Justi\u00e7a dos EUA aceita parte de pedido da Gol (GOLL4), que acusa Latam de tentar tomar avi\u00f5es e pilotos","datePublished":"2024-02-13T13:15:01+00:00","dateModified":"2024-02-13T13:15:21+00:00","mainEntityOfPage":{"@id":"https:\/\/www.suno.com.br\/noticias\/justica-eua-pedido-da-gol-goll4-latam-jvj\/"},"wordCount":661,"publisher":{"@id":"https:\/\/www.suno.com.br\/noticias\/#organization"},"image":{"@id":"https:\/\/www.suno.com.br\/noticias\/justica-eua-pedido-da-gol-goll4-latam-jvj\/#primaryimage"},"thumbnailUrl":"https:\/\/files.sunoresearch.com.br\/n\/uploads\/2024\/01\/gol-goll4-aviao.jpg","keywords":["Gol Linhas A\u00e9reas (GOLL11\/GOLL4)"],"articleSection":["Neg\u00f3cios"],"inLanguage":"pt-BR"},{"@type":"WebPage","@id":"https:\/\/www.suno.com.br\/noticias\/justica-eua-pedido-da-gol-goll4-latam-jvj\/","url":"https:\/\/www.suno.com.br\/noticias\/justica-eua-pedido-da-gol-goll4-latam-jvj\/","name":"Justi\u00e7a dos EUA aceita pedido da Gol (GOLL4), que acusa Latam","isPartOf":{"@id":"https:\/\/www.suno.com.br\/noticias\/#website"},"primaryImageOfPage":{"@id":"https:\/\/www.suno.com.br\/noticias\/justica-eua-pedido-da-gol-goll4-latam-jvj\/#primaryimage"},"image":{"@id":"https:\/\/www.suno.com.br\/noticias\/justica-eua-pedido-da-gol-goll4-latam-jvj\/#primaryimage"},"thumbnailUrl":"https:\/\/files.sunoresearch.com.br\/n\/uploads\/2024\/01\/gol-goll4-aviao.jpg","datePublished":"2024-02-13T13:15:01+00:00","dateModified":"2024-02-13T13:15:21+00:00","description":"A Justi\u00e7a dos Estados Unidos (EUA) aceitou uma parte do pedido da Gol (GOLL4), que faz acusa\u00e7\u00f5es sobre a Latam. Veja detalhes.","breadcrumb":{"@id":"https:\/\/www.suno.com.br\/noticias\/justica-eua-pedido-da-gol-goll4-latam-jvj\/#breadcrumb"},"inLanguage":"pt-BR","potentialAction":[{"@type":"ReadAction","target":["https:\/\/www.suno.com.br\/noticias\/justica-eua-pedido-da-gol-goll4-latam-jvj\/"]}]},{"@type":"ImageObject","inLanguage":"pt-BR","@id":"https:\/\/www.suno.com.br\/noticias\/justica-eua-pedido-da-gol-goll4-latam-jvj\/#primaryimage","url":"https:\/\/files.sunoresearch.com.br\/n\/uploads\/2024\/01\/gol-goll4-aviao.jpg","contentUrl":"https:\/\/files.sunoresearch.com.br\/n\/uploads\/2024\/01\/gol-goll4-aviao.jpg","width":1200,"height":800,"caption":"Gol (GOLL4). Foto: Gol\/ Divulga\u00e7\u00e3o \/ Edi\u00e7\u00e3o Canva"},{"@type":"BreadcrumbList","@id":"https:\/\/www.suno.com.br\/noticias\/justica-eua-pedido-da-gol-goll4-latam-jvj\/#breadcrumb","itemListElement":[{"@type":"ListItem","position":1,"name":"Not\u00edcias","item":"https:\/\/www.suno.com.br\/noticias\/"},{"@type":"ListItem","position":2,"name":"Neg\u00f3cios","item":"https:\/\/www.suno.com.br\/noticias\/negocios\/"},{"@type":"ListItem","position":3,"name":"Justi\u00e7a dos EUA aceita parte de pedido da Gol (GOLL4), que acusa Latam de tentar tomar avi\u00f5es e pilotos"}]},{"@type":"WebSite","@id":"https:\/\/www.suno.com.br\/noticias\/#website","url":"https:\/\/www.suno.com.br\/noticias\/","name":"Suno Not\u00edcias","description":"Seu portal de informa\u00e7\u00e3o sobre o mundo dos investimentos","publisher":{"@id":"https:\/\/www.suno.com.br\/noticias\/#organization"},"potentialAction":[{"@type":"SearchAction","target":{"@type":"EntryPoint","urlTemplate":"https:\/\/www.suno.com.br\/noticias\/?s={search_term_string}"},"query-input":{"@type":"PropertyValueSpecification","valueRequired":true,"valueName":"search_term_string"}}],"inLanguage":"pt-BR"},{"@type":"Organization","@id":"https:\/\/www.suno.com.br\/noticias\/#organization","name":"Suno Not\u00edcias","url":"https:\/\/www.suno.com.br\/noticias\/","logo":{"@type":"ImageObject","inLanguage":"pt-BR","@id":"https:\/\/www.suno.com.br\/noticias\/#\/schema\/logo\/image\/","url":"https:\/\/files.sunoresearch.com.br\/n\/uploads\/2021\/09\/suno-logo.png","contentUrl":"https:\/\/files.sunoresearch.com.br\/n\/uploads\/2021\/09\/suno-logo.png","width":180,"height":180,"caption":"Suno Not\u00edcias"},"image":{"@id":"https:\/\/www.suno.com.br\/noticias\/#\/schema\/logo\/image\/"},"sameAs":["https:\/\/facebook.com\/sunoresearch","https:\/\/x.com\/sunoresearch","https:\/\/www.instagram.com\/suno","https:\/\/www.linkedin.com\/company\/suno-research\/","https:\/\/www.youtube.com\/c\/sunoresearch"]},{"@type":"Person","@id":"https:\/\/www.suno.com.br\/noticias\/#\/schema\/person\/87fc6973867c52dd884811905c43afba","name":"Jo\u00e3o Vitor","image":{"@type":"ImageObject","inLanguage":"pt-BR","@id":"https:\/\/www.suno.com.br\/noticias\/#\/schema\/person\/image\/","url":"https:\/\/secure.gravatar.com\/avatar\/2843227ca03ccf8cc7ccca45204c127e?s=96&r=g","contentUrl":"https:\/\/secure.gravatar.com\/avatar\/2843227ca03ccf8cc7ccca45204c127e?s=96&r=g","caption":"Jo\u00e3o Vitor"},"description":"Redator profissional, com atua\u00e7\u00e3o no mercado editorial na produ\u00e7\u00e3o de not\u00edcias e conte\u00fados sobre o mercado de a\u00e7\u00f5es, fundos imobili\u00e1rios e economia popular. Graduando em Engenharia Qu\u00edmica pela Unesp, tamb\u00e9m j\u00e1 atuou como consultor financeiro.","url":"https:\/\/www.suno.com.br\/noticias\/author\/joao-vitor-jacintho\/"}]}},"default_loop_html":"<div class=\"cardsPage__listCard__boxs\"><div class=\"cardsPage__listCard__boxs__img\"><a href=\"https:\/\/www.suno.com.br\/noticias\/justica-eua-pedido-da-gol-goll4-latam-jvj\/\"><img class=\"mask\" src=\"https:\/\/www.suno.com.br\/noticias\/wp-content\/themes\/suno\/resources\/images\/spotlight\/spotlight1img\/bg-mask.png\" alt=\"Image Mask\"\/><img src=\"https:\/\/files.sunoresearch.com.br\/n\/uploads\/2024\/01\/gol-goll4-aviao-400x200.jpg\" alt=\"Justi\u00e7a dos EUA aceita parte de pedido da Gol (GOLL4), que acusa Latam de tentar tomar avi\u00f5es e pilotos\"\/><\/a><span class=\"spotlightCategory\"><a href=\"https:\/\/www.suno.com.br\/noticias\/negocios\/\">Neg\u00f3cios<\/a><\/span><\/div><div class=\"cardsPage__listCard__boxs__content\"><a href=\"https:\/\/www.suno.com.br\/noticias\/justica-eua-pedido-da-gol-goll4-latam-jvj\/\"><h2 class=\"content__title\">Justi\u00e7a dos EUA aceita parte de pedido da Gol (GOLL4), que acusa Latam de tentar tomar avi\u00f5es e pilotos<\/h2><\/a><div class=\"newsContent__article__meta\"><div class=\"newsContent__article__meta__authorBox\"><a href=\"https:\/\/www.suno.com.br\/noticias\/author\/joao-vitor-jacintho\/\" class=\"authorBox__avatar noMobi\"><img src=\"https:\/\/secure.gravatar.com\/avatar\/2843227ca03ccf8cc7ccca45204c127e?s=96&#038;r=g\" alt=\"Jo\u00e3o Vitor Jacintho\"><\/a><div class=\"authorBox__name\"><span>por\n\t\t\t<a href=\"https:\/\/www.suno.com.br\/noticias\/author\/joao-vitor-jacintho\/\"><span itemprop=\"author\">Jo\u00e3o Vitor Jacintho<\/span><\/a><\/span><time datetime=\"2024-02-13T10:15:01-03:00\" itemprop=\"datePublished\">13\/02\/2024 10:15<\/time><\/div><\/div><\/div><\/div><\/div>","single_layout":"posts","amp_enabled":true,"_links":{"self":[{"href":"https:\/\/www.suno.com.br\/noticias\/wp-json\/wp\/v2\/posts\/522678"}],"collection":[{"href":"https:\/\/www.suno.com.br\/noticias\/wp-json\/wp\/v2\/posts"}],"about":[{"href":"https:\/\/www.suno.com.br\/noticias\/wp-json\/wp\/v2\/types\/post"}],"author":[{"embeddable":true,"href":"https:\/\/www.suno.com.br\/noticias\/wp-json\/wp\/v2\/users\/173"}],"replies":[{"embeddable":true,"href":"https:\/\/www.suno.com.br\/noticias\/wp-json\/wp\/v2\/comments?post=522678"}],"version-history":[{"count":3,"href":"https:\/\/www.suno.com.br\/noticias\/wp-json\/wp\/v2\/posts\/522678\/revisions"}],"predecessor-version":[{"id":522687,"href":"https:\/\/www.suno.com.br\/noticias\/wp-json\/wp\/v2\/posts\/522678\/revisions\/522687"}],"wp:featuredmedia":[{"embeddable":true,"href":"https:\/\/www.suno.com.br\/noticias\/wp-json\/wp\/v2\/media\/517615"}],"wp:attachment":[{"href":"https:\/\/www.suno.com.br\/noticias\/wp-json\/wp\/v2\/media?parent=522678"}],"wp:term":[{"taxonomy":"category","embeddable":true,"href":"https:\/\/www.suno.com.br\/noticias\/wp-json\/wp\/v2\/categories?post=522678"},{"taxonomy":"post_tag","embeddable":true,"href":"https:\/\/www.suno.com.br\/noticias\/wp-json\/wp\/v2\/tags?post=522678"},{"taxonomy":"suno_strategy","embeddable":true,"href":"https:\/\/www.suno.com.br\/noticias\/wp-json\/wp\/v2\/suno_strategy?post=522678"}],"curies":[{"name":"wp","href":"https:\/\/api.w.org\/{rel}","templated":true}]}}