{"id":522676,"date":"2024-02-13T10:05:08","date_gmt":"2024-02-13T13:05:08","guid":{"rendered":"https:\/\/www.suno.com.br\/noticias\/?p=522676"},"modified":"2024-02-13T10:15:15","modified_gmt":"2024-02-13T13:15:15","slug":"bolsas-da-asia-alta-bolsas-de-valores-europa-jvj","status":"publish","type":"post","link":"https:\/\/www.suno.com.br\/noticias\/bolsas-da-asia-alta-bolsas-de-valores-europa-jvj\/","title":{"rendered":"Bolsas da \u00c1sia fecham em alta, mas Bolsas da Europa operam em queda, \u00e0 espera do CPI dos EUA"},"content":{"rendered":"<p>S\u00e3o Paulo, 13\/02\/2024 &#8211; As <strong>bolsas asi\u00e1ticas<\/strong> encerraram os neg\u00f3cios desta ter\u00e7a-feira em alta, enquanto a de Sydney, a principal da Oceania, ficou no vermelho pelo segundo dia seguido, em meio a feriados que mantiveram fechados os mercados da China continental, de Hong Kong e de Taiwan.<\/p>\t<div class=\"wrapper-featured-image\">\n\t\t<figure class=\"spotlightImg\">\n\n\t\t\t<picture>\n\t\t\t\t<source media=\"(max-width: 768px)\" srcset=\"https:\/\/files.sunoresearch.com.br\/n\/uploads\/2023\/10\/jezael-melgoza-tUVf65KIVpI-unsplash-400x200.jpg\">\n\t\t\t\t<img loading=\"lazy\" decoding=\"async\" class=\"newsContent__article__imgCapa lazyloadDisabled \" src=\"https:\/\/files.sunoresearch.com.br\/n\/uploads\/2023\/10\/jezael-melgoza-tUVf65KIVpI-unsplash-800x450.jpg\" width=\"800\" height=\"450\" alt=\"Bolsas da \u00c1sia fecham em alta, mas Bolsas da Europa operam em queda, \u00e0 espera do CPI dos EUA\" fetchpriority=high \/>\n\t\t\t<\/picture>\n\n\t\t\t<figcaption class=\"wp-caption-text wp-caption-text--show\">Bolsas asi\u00e1ticas. Foto: Unsplash.<\/figcaption>\n\t\t<\/figure>\n\t<\/div>\n\n\n\n\n\n\t<p>\n\t\t<a href=\"https:\/\/lp.suno.com.br\/ebook-como-analisar-uma-acao\/\" target=\"_blank\" data-element=\"shortcode-suno-banner\" title=\"Banner SUNO, clique e saiba mais\">\n\t\t\t<picture>\n\t\t\t\t<source media=\"(max-width: 500px)\" srcset=\"https:\/\/files.sunoresearch.com.br\/n\/uploads\/2023\/12\/Ebook-Acoes-Mobile.jpg\">\n\t\t\t\t<img class=\"newsContent__article__imgCapa newsContent__article__imgCapa--banner\"\n\t\t\t\t\tsrc=\"https:\/\/files.sunoresearch.com.br\/n\/uploads\/2023\/12\/Ebook-Acoes-Desktop.webp\"\n\t\t\t\t\tdata-promo-id=\"311260\"\t\t\t\t\t\t\t\t\t\twidth='1420' height='286'\t\t\t\t\talt=\"https:\/\/files.sunoresearch.com.br\/n\/uploads\/2023\/12\/Ebook-Acoes-Desktop.webp\"\n\t\t\t\t>\n\t\t\t<\/picture>\n\t\t<\/a>\n\t<\/p>\n\n\n\n\n\n<p>Na volta de um feriado, o \u00edndice japon\u00eas Nikkei subiu 2,89% em T\u00f3quio, a 37.963,97 pontos, atingindo o maior patamar desde janeiro de 1990, impulsionado em parte por balan\u00e7os positivos. A <strong>a\u00e7\u00e3o da Tokyo Electron<\/strong>, por exemplo, saltou 13% ap\u00f3s a fabricante de semicondutores elevar previs\u00f5es para o lucro no ano fiscal.<\/p>\n\n\n\n<p>Em Seul, tamb\u00e9m ao retornar de feriados, o sul-coreano Kospi avan\u00e7ou 1,12%, a 2.649,64 pontos, gra\u00e7as ao bom desempenho de a\u00e7\u00f5es ligadas a chips e materiais utilizados em baterias.<\/p>\n\n\n\t<div data-element=\"shortcode-read-more\" class=\"knowMore\">\n\t\t\t\t<span class=\"knowMore__title\">Leia mais<\/span>\n\t\t\t\t<a class=\"knowMore__link\" href=\"https:\/\/www.suno.com.br\/noticias\/bradesco-bbdc4-plano-estrategico-genial-gpj\/\">\n\t\t\tBradesco (BBDC4): com plano estrat\u00e9gico, banco quer fortalecer \u00e1reas em que j\u00e1 era competitivo, diz Genial\t\t<\/a>\n\t<\/div>\n\n\n\n\n<p>J\u00e1 na Oceania, a <strong>bolsa australiana<\/strong> teve perdas pelo segundo preg\u00e3o consecutivo, pressionada mais uma vez pela empresa de biotecnologia CSL. O S&amp;P\/ASX 200 caiu 0,15% em Sydney, a 7.603,60 pontos.<\/p>\n\n\n\n<p>A a\u00e7\u00e3o da CSL, terceira maior companhia da Austr\u00e1lia em <a class=\"suno-keyword\" target=\"_blank\" data-force=\"no\" data-priority=\"1\" href=\"https:\/\/www.suno.com.br\/artigos\/valor-de-mercado\/\" rel=\"noopener\">valor de mercado<\/a>, recuou 2,75% ap\u00f3s reduzir proje\u00e7\u00f5es de crescimento no <a class=\"suno-keyword\" target=\"_blank\" data-force=\"no\" data-priority=\"1\" href=\"https:\/\/www.suno.com.br\/artigos\/curto-prazo\/\" rel=\"noopener\">curto prazo<\/a> para seus neg\u00f3cios de defici\u00eancia de ferro e nefrologia. Ontem, a CSL j\u00e1 havia tombado 4,8%.<\/p>\n\n\n\n<p>Investidores na \u00c1sia e no Pac\u00edfico tamb\u00e9m aguardam, nas pr\u00f3ximas horas, novos dados da infla\u00e7\u00e3o ao consumidor (CPI) dos EUA, que t\u00eam forte influ\u00eancia na trajet\u00f3ria dos juros b\u00e1sicos americanos.<\/p>\n\n\n\n<h2 class=\"wp-block-heading\">Bolsas da Europa operam em baixa, ap\u00f3s indicadores locais e \u00e0 espera do CPI dos EUA<\/h2>\n\n\n\n<p>S\u00e3o Paulo, 13\/02\/2024 &#8211; As <strong>bolsas europeias<\/strong> operam em baixa na manh\u00e3 desta ter\u00e7a-feira, ap\u00f3s os ganhos de ontem, enquanto investidores digerem indicadores alem\u00e3es e brit\u00e2nicos e aguardam atualiza\u00e7\u00e3o da infla\u00e7\u00e3o ao consumidor (CPI) dos EUA.<\/p>\n\n\n\n<p>Por volta das 8h05 (de Bras\u00edlia), o \u00edndice pan-europeu Stoxx 600 recuava 0,38%, a 485,58 pontos.<\/p>\n\n\n\n<p>Na Alemanha, foi divulgado que o \u00edndice ZEW de expectativas econ\u00f4micas subiu mais do que o esperado em fevereiro, a 19,9 pontos. O \u00edndice de condi\u00e7\u00f5es atuais, por outro lado, apresentou nova piora neste m\u00eas.<\/p>\n\n\n\n<p>J\u00e1 no Reino Unido, a taxa de desemprego caiu levemente no trimestre at\u00e9 dezembro, a 3,8%, e os sal\u00e1rios tiveram avan\u00e7o anual de 6,2% no per\u00edodo, menor do que nos tr\u00eas meses at\u00e9 novembro, mas um pouco acima da previs\u00e3o de analistas. Press\u00f5es salariais tendem a levar o Banco da Inglaterra (BoE) a adiar seu esperado primeiro <strong>corte de juros<\/strong>.<\/p>\n\n\n\n<p>Preocupados tamb\u00e9m com a trajet\u00f3ria dos juros b\u00e1sicos dos EUA, investidores na Europa v\u00e3o acompanhar de perto os \u00faltimos dados do CPI americano, a ser divulgados nas pr\u00f3ximas horas. A pesquisa do CPI costuma influenciar apostas de quando o Federal Reserve (Fed, o banco central dos EUA) poder\u00e1 come\u00e7ar a reduzir juros.<\/p>\n\n\n\n<p>\u00c0s 8h23 (de Bras\u00edlia), a Bolsa de Londres ca\u00eda 0,19%, a de Frankfurt cedia 0,49% e a de Paris recuava 0,30%. J\u00e1 as <strong>bolsas de valores <\/strong>de Mil\u00e3o, Madri e Lisboa tinham perdas de 0,34%, 0,07% e 0,17%, respectivamente.<\/p>\n\n\n\n<p>(Por Sergio Caldas\/com informa\u00e7\u00f5es da <a class=\"suno-keyword\" target=\"_blank\" data-force=\"no\" data-priority=\"2\" href=\"https:\/\/www.suno.com.br\/artigos\/indice-dow-jones-djia\/\" rel=\"noopener\">Dow Jones<\/a> Newswires e Estad\u00e3o Conte\u00fado)<\/p>\n\n\n\t<p>\n\t\t<a href=\"https:\/\/lp2.suno.com.br\/cl\/black-friday-2025\/?utm_campaign=_SNCDF0E4858_\" target=\"_blank\" data-element=\"shortcode-suno-banner\" title=\"Banner SUNO, clique e saiba mais\">\n\t\t\t<picture>\n\t\t\t\t<source media=\"(max-width: 500px)\" srcset=\"https:\/\/files.sunoresearch.com.br\/n\/uploads\/2025\/10\/Artigos-e-Noticias-Banner-Home-artigos-01-Mobile_-400x300-1-png.webp\">\n\t\t\t\t<img class=\"newsContent__article__imgCapa newsContent__article__imgCapa--banner\"\n\t\t\t\t\tsrc=\"https:\/\/files.sunoresearch.com.br\/n\/uploads\/2025\/10\/Artigos-e-Noticias-Banner-Home-artigos-01-Desktop_-1420x240-1-png.webp\"\n\t\t\t\t\tdata-promo-id=\"311259\"\t\t\t\t\t\t\t\t\t\twidth='1420' height='240'\t\t\t\t\talt=\"https:\/\/files.sunoresearch.com.br\/n\/uploads\/2025\/10\/Artigos-e-Noticias-Banner-Home-artigos-01-Desktop_-1420x240-1-png.webp\"\n\t\t\t\t>\n\t\t\t<\/picture>\n\t\t<\/a>\n\t<\/p>\n\n\n","protected":false},"excerpt":{"rendered":"<p>S\u00e3o Paulo, 13\/02\/2024 &#8211; As bolsas asi\u00e1ticas encerraram os neg\u00f3cios desta ter\u00e7a-feira em alta, enquanto a de Sydney, a principal da Oceania, ficou no vermelho pelo segundo dia seguido, em meio a feriados que mantiveram fechados os mercados da China continental, de Hong Kong e de Taiwan. Bolsas asi\u00e1ticas. Foto: Unsplash. Na volta de um [&hellip;]<\/p>\n","protected":false},"author":173,"featured_media":474667,"comment_status":"closed","ping_status":"closed","sticky":false,"template":"","format":"standard","meta":[],"categories":[60],"tags":[309,104703],"suno_strategy":[],"class_list":["post-522676","post","type-post","status-publish","format-standard","has-post-thumbnail","hentry","category-mercado","tag-bolsa-de-valores","tag-bolsas-mundiais"],"yoast_head":"<!-- This site is optimized with the Yoast SEO plugin v24.4 - https:\/\/yoast.com\/wordpress\/plugins\/seo\/ -->\n<title>Bolsas da \u00c1sia fecham em alta, mas Bolsas da Europa caem<\/title>\n<meta name=\"description\" content=\"As Bolsas de Valores da \u00c1sia fecharam o dia em alta, enquanto as Bolsas da Europa recuaram. Veja os destaques de hoje (13).\" \/>\n<meta name=\"robots\" content=\"index, follow, max-snippet:-1, max-image-preview:large, max-video-preview:-1\" \/>\n<link rel=\"canonical\" href=\"https:\/\/www.suno.com.br\/noticias\/bolsas-da-asia-alta-bolsas-de-valores-europa-jvj\/\" \/>\n<meta property=\"og:locale\" content=\"pt_BR\" \/>\n<meta property=\"og:type\" content=\"article\" \/>\n<meta property=\"og:title\" content=\"Bolsas da \u00c1sia fecham em alta, mas Bolsas da Europa caem\" \/>\n<meta property=\"og:description\" content=\"As Bolsas de Valores da \u00c1sia fecharam o dia em alta, enquanto as Bolsas da Europa recuaram. Veja os destaques de hoje (13).\" \/>\n<meta property=\"og:url\" content=\"https:\/\/www.suno.com.br\/noticias\/bolsas-da-asia-alta-bolsas-de-valores-europa-jvj\/\" \/>\n<meta property=\"og:site_name\" content=\"Suno Not\u00edcias\" \/>\n<meta property=\"article:publisher\" content=\"https:\/\/facebook.com\/sunoresearch\" \/>\n<meta property=\"og:image\" content=\"https:\/\/files.sunoresearch.com.br\/n\/uploads\/2023\/10\/jezael-melgoza-tUVf65KIVpI-unsplash-scaled.jpg\" \/>\n\t<meta property=\"og:image:width\" content=\"2560\" \/>\n\t<meta property=\"og:image:height\" content=\"1646\" \/>\n\t<meta property=\"og:image:type\" content=\"image\/jpeg\" \/>\n<meta name=\"author\" content=\"Jo\u00e3o Vitor\" \/>\n<meta name=\"twitter:card\" content=\"summary_large_image\" \/>\n<meta name=\"twitter:creator\" content=\"@sunoresearch\" \/>\n<meta name=\"twitter:site\" content=\"@sunoresearch\" \/>\n<meta name=\"twitter:label1\" content=\"Escrito por\" \/>\n\t<meta name=\"twitter:data1\" content=\"Jo\u00e3o Vitor\" \/>\n\t<meta name=\"twitter:label2\" content=\"Est. tempo de leitura\" \/>\n\t<meta name=\"twitter:data2\" content=\"3 minutos\" \/>\n<script type=\"application\/ld+json\" class=\"yoast-schema-graph\">{\"@context\":\"https:\/\/schema.org\",\"@graph\":[{\"@type\":\"NewsArticle\",\"@id\":\"https:\/\/www.suno.com.br\/noticias\/bolsas-da-asia-alta-bolsas-de-valores-europa-jvj\/#article\",\"isPartOf\":{\"@id\":\"https:\/\/www.suno.com.br\/noticias\/bolsas-da-asia-alta-bolsas-de-valores-europa-jvj\/\"},\"author\":{\"name\":\"Jo\u00e3o Vitor\",\"@id\":\"https:\/\/www.suno.com.br\/noticias\/#\/schema\/person\/87fc6973867c52dd884811905c43afba\"},\"headline\":\"Bolsas da \u00c1sia fecham em alta, mas Bolsas da Europa operam em queda, \u00e0 espera do CPI dos EUA\",\"datePublished\":\"2024-02-13T13:05:08+00:00\",\"dateModified\":\"2024-02-13T13:15:15+00:00\",\"mainEntityOfPage\":{\"@id\":\"https:\/\/www.suno.com.br\/noticias\/bolsas-da-asia-alta-bolsas-de-valores-europa-jvj\/\"},\"wordCount\":554,\"publisher\":{\"@id\":\"https:\/\/www.suno.com.br\/noticias\/#organization\"},\"image\":{\"@id\":\"https:\/\/www.suno.com.br\/noticias\/bolsas-da-asia-alta-bolsas-de-valores-europa-jvj\/#primaryimage\"},\"thumbnailUrl\":\"https:\/\/files.sunoresearch.com.br\/n\/uploads\/2023\/10\/jezael-melgoza-tUVf65KIVpI-unsplash-scaled.jpg\",\"keywords\":[\"Bolsa de Valores\",\"Bolsas mundiais\"],\"articleSection\":[\"Mercado\"],\"inLanguage\":\"pt-BR\"},{\"@type\":\"WebPage\",\"@id\":\"https:\/\/www.suno.com.br\/noticias\/bolsas-da-asia-alta-bolsas-de-valores-europa-jvj\/\",\"url\":\"https:\/\/www.suno.com.br\/noticias\/bolsas-da-asia-alta-bolsas-de-valores-europa-jvj\/\",\"name\":\"Bolsas da \u00c1sia fecham em alta, mas Bolsas da Europa caem\",\"isPartOf\":{\"@id\":\"https:\/\/www.suno.com.br\/noticias\/#website\"},\"primaryImageOfPage\":{\"@id\":\"https:\/\/www.suno.com.br\/noticias\/bolsas-da-asia-alta-bolsas-de-valores-europa-jvj\/#primaryimage\"},\"image\":{\"@id\":\"https:\/\/www.suno.com.br\/noticias\/bolsas-da-asia-alta-bolsas-de-valores-europa-jvj\/#primaryimage\"},\"thumbnailUrl\":\"https:\/\/files.sunoresearch.com.br\/n\/uploads\/2023\/10\/jezael-melgoza-tUVf65KIVpI-unsplash-scaled.jpg\",\"datePublished\":\"2024-02-13T13:05:08+00:00\",\"dateModified\":\"2024-02-13T13:15:15+00:00\",\"description\":\"As Bolsas de Valores da \u00c1sia fecharam o dia em alta, enquanto as Bolsas da Europa recuaram. Veja os destaques de hoje (13).\",\"breadcrumb\":{\"@id\":\"https:\/\/www.suno.com.br\/noticias\/bolsas-da-asia-alta-bolsas-de-valores-europa-jvj\/#breadcrumb\"},\"inLanguage\":\"pt-BR\",\"potentialAction\":[{\"@type\":\"ReadAction\",\"target\":[\"https:\/\/www.suno.com.br\/noticias\/bolsas-da-asia-alta-bolsas-de-valores-europa-jvj\/\"]}]},{\"@type\":\"ImageObject\",\"inLanguage\":\"pt-BR\",\"@id\":\"https:\/\/www.suno.com.br\/noticias\/bolsas-da-asia-alta-bolsas-de-valores-europa-jvj\/#primaryimage\",\"url\":\"https:\/\/files.sunoresearch.com.br\/n\/uploads\/2023\/10\/jezael-melgoza-tUVf65KIVpI-unsplash-scaled.jpg\",\"contentUrl\":\"https:\/\/files.sunoresearch.com.br\/n\/uploads\/2023\/10\/jezael-melgoza-tUVf65KIVpI-unsplash-scaled.jpg\",\"width\":2560,\"height\":1646,\"caption\":\"Bolsas asi\u00e1ticas. Foto: Unsplash.\"},{\"@type\":\"BreadcrumbList\",\"@id\":\"https:\/\/www.suno.com.br\/noticias\/bolsas-da-asia-alta-bolsas-de-valores-europa-jvj\/#breadcrumb\",\"itemListElement\":[{\"@type\":\"ListItem\",\"position\":1,\"name\":\"Not\u00edcias\",\"item\":\"https:\/\/www.suno.com.br\/noticias\/\"},{\"@type\":\"ListItem\",\"position\":2,\"name\":\"Mercado\",\"item\":\"https:\/\/www.suno.com.br\/noticias\/mercado\/\"},{\"@type\":\"ListItem\",\"position\":3,\"name\":\"Bolsas da \u00c1sia fecham em alta, mas Bolsas da Europa operam em queda, \u00e0 espera do CPI dos EUA\"}]},{\"@type\":\"WebSite\",\"@id\":\"https:\/\/www.suno.com.br\/noticias\/#website\",\"url\":\"https:\/\/www.suno.com.br\/noticias\/\",\"name\":\"Suno Not\u00edcias\",\"description\":\"Seu portal de informa\u00e7\u00e3o sobre o mundo dos investimentos\",\"publisher\":{\"@id\":\"https:\/\/www.suno.com.br\/noticias\/#organization\"},\"potentialAction\":[{\"@type\":\"SearchAction\",\"target\":{\"@type\":\"EntryPoint\",\"urlTemplate\":\"https:\/\/www.suno.com.br\/noticias\/?s={search_term_string}\"},\"query-input\":{\"@type\":\"PropertyValueSpecification\",\"valueRequired\":true,\"valueName\":\"search_term_string\"}}],\"inLanguage\":\"pt-BR\"},{\"@type\":\"Organization\",\"@id\":\"https:\/\/www.suno.com.br\/noticias\/#organization\",\"name\":\"Suno Not\u00edcias\",\"url\":\"https:\/\/www.suno.com.br\/noticias\/\",\"logo\":{\"@type\":\"ImageObject\",\"inLanguage\":\"pt-BR\",\"@id\":\"https:\/\/www.suno.com.br\/noticias\/#\/schema\/logo\/image\/\",\"url\":\"https:\/\/files.sunoresearch.com.br\/n\/uploads\/2021\/09\/suno-logo.png\",\"contentUrl\":\"https:\/\/files.sunoresearch.com.br\/n\/uploads\/2021\/09\/suno-logo.png\",\"width\":180,\"height\":180,\"caption\":\"Suno Not\u00edcias\"},\"image\":{\"@id\":\"https:\/\/www.suno.com.br\/noticias\/#\/schema\/logo\/image\/\"},\"sameAs\":[\"https:\/\/facebook.com\/sunoresearch\",\"https:\/\/x.com\/sunoresearch\",\"https:\/\/www.instagram.com\/suno\",\"https:\/\/www.linkedin.com\/company\/suno-research\/\",\"https:\/\/www.youtube.com\/c\/sunoresearch\"]},{\"@type\":\"Person\",\"@id\":\"https:\/\/www.suno.com.br\/noticias\/#\/schema\/person\/87fc6973867c52dd884811905c43afba\",\"name\":\"Jo\u00e3o Vitor\",\"image\":{\"@type\":\"ImageObject\",\"inLanguage\":\"pt-BR\",\"@id\":\"https:\/\/www.suno.com.br\/noticias\/#\/schema\/person\/image\/\",\"url\":\"https:\/\/secure.gravatar.com\/avatar\/2843227ca03ccf8cc7ccca45204c127e?s=96&r=g\",\"contentUrl\":\"https:\/\/secure.gravatar.com\/avatar\/2843227ca03ccf8cc7ccca45204c127e?s=96&r=g\",\"caption\":\"Jo\u00e3o Vitor\"},\"description\":\"Redator profissional, com atua\u00e7\u00e3o no mercado editorial na produ\u00e7\u00e3o de not\u00edcias e conte\u00fados sobre o mercado de a\u00e7\u00f5es, fundos imobili\u00e1rios e economia popular. Graduando em Engenharia Qu\u00edmica pela Unesp, tamb\u00e9m j\u00e1 atuou como consultor financeiro.\",\"url\":\"https:\/\/www.suno.com.br\/noticias\/author\/joao-vitor-jacintho\/\"}]}<\/script>\n<!-- \/ Yoast SEO plugin. -->","yoast_head_json":{"title":"Bolsas da \u00c1sia fecham em alta, mas Bolsas da Europa caem","description":"As Bolsas de Valores da \u00c1sia fecharam o dia em alta, enquanto as Bolsas da Europa recuaram. Veja os destaques de hoje (13).","robots":{"index":"index","follow":"follow","max-snippet":"max-snippet:-1","max-image-preview":"max-image-preview:large","max-video-preview":"max-video-preview:-1"},"canonical":"https:\/\/www.suno.com.br\/noticias\/bolsas-da-asia-alta-bolsas-de-valores-europa-jvj\/","og_locale":"pt_BR","og_type":"article","og_title":"Bolsas da \u00c1sia fecham em alta, mas Bolsas da Europa caem","og_description":"As Bolsas de Valores da \u00c1sia fecharam o dia em alta, enquanto as Bolsas da Europa recuaram. Veja os destaques de hoje (13).","og_url":"https:\/\/www.suno.com.br\/noticias\/bolsas-da-asia-alta-bolsas-de-valores-europa-jvj\/","og_site_name":"Suno Not\u00edcias","article_publisher":"https:\/\/facebook.com\/sunoresearch","og_image":[{"width":2560,"height":1646,"url":"https:\/\/files.sunoresearch.com.br\/n\/uploads\/2023\/10\/jezael-melgoza-tUVf65KIVpI-unsplash-scaled.jpg","type":"image\/jpeg"}],"author":"Jo\u00e3o Vitor","twitter_card":"summary_large_image","twitter_creator":"@sunoresearch","twitter_site":"@sunoresearch","twitter_misc":{"Escrito por":"Jo\u00e3o Vitor","Est. tempo de leitura":"3 minutos"},"schema":{"@context":"https:\/\/schema.org","@graph":[{"@type":"NewsArticle","@id":"https:\/\/www.suno.com.br\/noticias\/bolsas-da-asia-alta-bolsas-de-valores-europa-jvj\/#article","isPartOf":{"@id":"https:\/\/www.suno.com.br\/noticias\/bolsas-da-asia-alta-bolsas-de-valores-europa-jvj\/"},"author":{"name":"Jo\u00e3o Vitor","@id":"https:\/\/www.suno.com.br\/noticias\/#\/schema\/person\/87fc6973867c52dd884811905c43afba"},"headline":"Bolsas da \u00c1sia fecham em alta, mas Bolsas da Europa operam em queda, \u00e0 espera do CPI dos EUA","datePublished":"2024-02-13T13:05:08+00:00","dateModified":"2024-02-13T13:15:15+00:00","mainEntityOfPage":{"@id":"https:\/\/www.suno.com.br\/noticias\/bolsas-da-asia-alta-bolsas-de-valores-europa-jvj\/"},"wordCount":554,"publisher":{"@id":"https:\/\/www.suno.com.br\/noticias\/#organization"},"image":{"@id":"https:\/\/www.suno.com.br\/noticias\/bolsas-da-asia-alta-bolsas-de-valores-europa-jvj\/#primaryimage"},"thumbnailUrl":"https:\/\/files.sunoresearch.com.br\/n\/uploads\/2023\/10\/jezael-melgoza-tUVf65KIVpI-unsplash-scaled.jpg","keywords":["Bolsa de Valores","Bolsas mundiais"],"articleSection":["Mercado"],"inLanguage":"pt-BR"},{"@type":"WebPage","@id":"https:\/\/www.suno.com.br\/noticias\/bolsas-da-asia-alta-bolsas-de-valores-europa-jvj\/","url":"https:\/\/www.suno.com.br\/noticias\/bolsas-da-asia-alta-bolsas-de-valores-europa-jvj\/","name":"Bolsas da \u00c1sia fecham em alta, mas Bolsas da Europa caem","isPartOf":{"@id":"https:\/\/www.suno.com.br\/noticias\/#website"},"primaryImageOfPage":{"@id":"https:\/\/www.suno.com.br\/noticias\/bolsas-da-asia-alta-bolsas-de-valores-europa-jvj\/#primaryimage"},"image":{"@id":"https:\/\/www.suno.com.br\/noticias\/bolsas-da-asia-alta-bolsas-de-valores-europa-jvj\/#primaryimage"},"thumbnailUrl":"https:\/\/files.sunoresearch.com.br\/n\/uploads\/2023\/10\/jezael-melgoza-tUVf65KIVpI-unsplash-scaled.jpg","datePublished":"2024-02-13T13:05:08+00:00","dateModified":"2024-02-13T13:15:15+00:00","description":"As Bolsas de Valores da \u00c1sia fecharam o dia em alta, enquanto as Bolsas da Europa recuaram. Veja os destaques de hoje (13).","breadcrumb":{"@id":"https:\/\/www.suno.com.br\/noticias\/bolsas-da-asia-alta-bolsas-de-valores-europa-jvj\/#breadcrumb"},"inLanguage":"pt-BR","potentialAction":[{"@type":"ReadAction","target":["https:\/\/www.suno.com.br\/noticias\/bolsas-da-asia-alta-bolsas-de-valores-europa-jvj\/"]}]},{"@type":"ImageObject","inLanguage":"pt-BR","@id":"https:\/\/www.suno.com.br\/noticias\/bolsas-da-asia-alta-bolsas-de-valores-europa-jvj\/#primaryimage","url":"https:\/\/files.sunoresearch.com.br\/n\/uploads\/2023\/10\/jezael-melgoza-tUVf65KIVpI-unsplash-scaled.jpg","contentUrl":"https:\/\/files.sunoresearch.com.br\/n\/uploads\/2023\/10\/jezael-melgoza-tUVf65KIVpI-unsplash-scaled.jpg","width":2560,"height":1646,"caption":"Bolsas asi\u00e1ticas. Foto: Unsplash."},{"@type":"BreadcrumbList","@id":"https:\/\/www.suno.com.br\/noticias\/bolsas-da-asia-alta-bolsas-de-valores-europa-jvj\/#breadcrumb","itemListElement":[{"@type":"ListItem","position":1,"name":"Not\u00edcias","item":"https:\/\/www.suno.com.br\/noticias\/"},{"@type":"ListItem","position":2,"name":"Mercado","item":"https:\/\/www.suno.com.br\/noticias\/mercado\/"},{"@type":"ListItem","position":3,"name":"Bolsas da \u00c1sia fecham em alta, mas Bolsas da Europa operam em queda, \u00e0 espera do CPI dos EUA"}]},{"@type":"WebSite","@id":"https:\/\/www.suno.com.br\/noticias\/#website","url":"https:\/\/www.suno.com.br\/noticias\/","name":"Suno Not\u00edcias","description":"Seu portal de informa\u00e7\u00e3o sobre o mundo dos investimentos","publisher":{"@id":"https:\/\/www.suno.com.br\/noticias\/#organization"},"potentialAction":[{"@type":"SearchAction","target":{"@type":"EntryPoint","urlTemplate":"https:\/\/www.suno.com.br\/noticias\/?s={search_term_string}"},"query-input":{"@type":"PropertyValueSpecification","valueRequired":true,"valueName":"search_term_string"}}],"inLanguage":"pt-BR"},{"@type":"Organization","@id":"https:\/\/www.suno.com.br\/noticias\/#organization","name":"Suno Not\u00edcias","url":"https:\/\/www.suno.com.br\/noticias\/","logo":{"@type":"ImageObject","inLanguage":"pt-BR","@id":"https:\/\/www.suno.com.br\/noticias\/#\/schema\/logo\/image\/","url":"https:\/\/files.sunoresearch.com.br\/n\/uploads\/2021\/09\/suno-logo.png","contentUrl":"https:\/\/files.sunoresearch.com.br\/n\/uploads\/2021\/09\/suno-logo.png","width":180,"height":180,"caption":"Suno Not\u00edcias"},"image":{"@id":"https:\/\/www.suno.com.br\/noticias\/#\/schema\/logo\/image\/"},"sameAs":["https:\/\/facebook.com\/sunoresearch","https:\/\/x.com\/sunoresearch","https:\/\/www.instagram.com\/suno","https:\/\/www.linkedin.com\/company\/suno-research\/","https:\/\/www.youtube.com\/c\/sunoresearch"]},{"@type":"Person","@id":"https:\/\/www.suno.com.br\/noticias\/#\/schema\/person\/87fc6973867c52dd884811905c43afba","name":"Jo\u00e3o Vitor","image":{"@type":"ImageObject","inLanguage":"pt-BR","@id":"https:\/\/www.suno.com.br\/noticias\/#\/schema\/person\/image\/","url":"https:\/\/secure.gravatar.com\/avatar\/2843227ca03ccf8cc7ccca45204c127e?s=96&r=g","contentUrl":"https:\/\/secure.gravatar.com\/avatar\/2843227ca03ccf8cc7ccca45204c127e?s=96&r=g","caption":"Jo\u00e3o Vitor"},"description":"Redator profissional, com atua\u00e7\u00e3o no mercado editorial na produ\u00e7\u00e3o de not\u00edcias e conte\u00fados sobre o mercado de a\u00e7\u00f5es, fundos imobili\u00e1rios e economia popular. Graduando em Engenharia Qu\u00edmica pela Unesp, tamb\u00e9m j\u00e1 atuou como consultor financeiro.","url":"https:\/\/www.suno.com.br\/noticias\/author\/joao-vitor-jacintho\/"}]}},"default_loop_html":"<div class=\"cardsPage__listCard__boxs\"><div class=\"cardsPage__listCard__boxs__img\"><a href=\"https:\/\/www.suno.com.br\/noticias\/bolsas-da-asia-alta-bolsas-de-valores-europa-jvj\/\"><img class=\"mask\" src=\"https:\/\/www.suno.com.br\/noticias\/wp-content\/themes\/suno\/resources\/images\/spotlight\/spotlight1img\/bg-mask.png\" alt=\"Image Mask\"\/><img src=\"https:\/\/files.sunoresearch.com.br\/n\/uploads\/2023\/10\/jezael-melgoza-tUVf65KIVpI-unsplash-400x200.jpg\" alt=\"Bolsas da \u00c1sia fecham em alta, mas Bolsas da Europa operam em queda, \u00e0 espera do CPI dos EUA\"\/><\/a><span class=\"spotlightCategory\"><a href=\"https:\/\/www.suno.com.br\/noticias\/mercado\/\">Mercado<\/a><\/span><\/div><div class=\"cardsPage__listCard__boxs__content\"><a href=\"https:\/\/www.suno.com.br\/noticias\/bolsas-da-asia-alta-bolsas-de-valores-europa-jvj\/\"><h2 class=\"content__title\">Bolsas da \u00c1sia fecham em alta, mas Bolsas da Europa operam em queda, \u00e0 espera do CPI dos EUA<\/h2><\/a><div class=\"newsContent__article__meta\"><div class=\"newsContent__article__meta__authorBox\"><a href=\"https:\/\/www.suno.com.br\/noticias\/author\/joao-vitor-jacintho\/\" class=\"authorBox__avatar noMobi\"><img src=\"https:\/\/secure.gravatar.com\/avatar\/2843227ca03ccf8cc7ccca45204c127e?s=96&#038;r=g\" alt=\"Jo\u00e3o Vitor Jacintho\"><\/a><div class=\"authorBox__name\"><span>por\n\t\t\t<a href=\"https:\/\/www.suno.com.br\/noticias\/author\/joao-vitor-jacintho\/\"><span itemprop=\"author\">Jo\u00e3o Vitor Jacintho<\/span><\/a><\/span><time datetime=\"2024-02-13T10:05:08-03:00\" itemprop=\"datePublished\">13\/02\/2024 10:05<\/time><\/div><\/div><\/div><\/div><\/div>","single_layout":"posts","amp_enabled":true,"_links":{"self":[{"href":"https:\/\/www.suno.com.br\/noticias\/wp-json\/wp\/v2\/posts\/522676"}],"collection":[{"href":"https:\/\/www.suno.com.br\/noticias\/wp-json\/wp\/v2\/posts"}],"about":[{"href":"https:\/\/www.suno.com.br\/noticias\/wp-json\/wp\/v2\/types\/post"}],"author":[{"embeddable":true,"href":"https:\/\/www.suno.com.br\/noticias\/wp-json\/wp\/v2\/users\/173"}],"replies":[{"embeddable":true,"href":"https:\/\/www.suno.com.br\/noticias\/wp-json\/wp\/v2\/comments?post=522676"}],"version-history":[{"count":2,"href":"https:\/\/www.suno.com.br\/noticias\/wp-json\/wp\/v2\/posts\/522676\/revisions"}],"predecessor-version":[{"id":522684,"href":"https:\/\/www.suno.com.br\/noticias\/wp-json\/wp\/v2\/posts\/522676\/revisions\/522684"}],"wp:featuredmedia":[{"embeddable":true,"href":"https:\/\/www.suno.com.br\/noticias\/wp-json\/wp\/v2\/media\/474667"}],"wp:attachment":[{"href":"https:\/\/www.suno.com.br\/noticias\/wp-json\/wp\/v2\/media?parent=522676"}],"wp:term":[{"taxonomy":"category","embeddable":true,"href":"https:\/\/www.suno.com.br\/noticias\/wp-json\/wp\/v2\/categories?post=522676"},{"taxonomy":"post_tag","embeddable":true,"href":"https:\/\/www.suno.com.br\/noticias\/wp-json\/wp\/v2\/tags?post=522676"},{"taxonomy":"suno_strategy","embeddable":true,"href":"https:\/\/www.suno.com.br\/noticias\/wp-json\/wp\/v2\/suno_strategy?post=522676"}],"curies":[{"name":"wp","href":"https:\/\/api.w.org\/{rel}","templated":true}]}}