{"id":52265,"date":"2020-02-06T20:57:41","date_gmt":"2020-02-06T22:57:41","guid":{"rendered":"https:\/\/www.suno.com.br\/noticias\/?p=52265"},"modified":"2020-02-06T20:57:41","modified_gmt":"2020-02-06T22:57:41","slug":"att-aprovacao-anatel-compra-warner","status":"publish","type":"post","link":"https:\/\/www.suno.com.br\/noticias\/att-aprovacao-anatel-compra-warner\/","title":{"rendered":"AT&#038;T recebe aprova\u00e7\u00e3o da Anatel para compra da Warner"},"content":{"rendered":"<p>A Ag\u00eancia Nacional de Telecomunica\u00e7\u00f5es (Anatel) aprovou nesta quinta-feira (6) a compra da Warner Media pela <strong>AT&amp;T<\/strong>. A vota\u00e7\u00e3o foi conclu\u00edda com tr\u00eas votos favor\u00e1veis e dois contr\u00e1rios.<\/p>\t<div class=\"wrapper-featured-image\">\n\t\t<figure class=\"spotlightImg\">\n\n\t\t\t<picture>\n\t\t\t\t<source media=\"(max-width: 768px)\" srcset=\"https:\/\/files.sunoresearch.com.br\/n\/uploads\/2020\/02\/e6491854-att-400x200.webp\">\n\t\t\t\t<img loading=\"lazy\" decoding=\"async\" class=\"newsContent__article__imgCapa lazyloadDisabled newsContent__article__imgCapa--noCaption\" src=\"https:\/\/files.sunoresearch.com.br\/n\/uploads\/2020\/02\/e6491854-att-jpg.webp\" width=\"800\" height=\"450\" alt=\"AT&#038;T recebe aprova\u00e7\u00e3o da Anatel para compra da Warner\" fetchpriority=high \/>\n\t\t\t<\/picture>\n\n\t\t\t<figcaption class=\"wp-caption-text wp-caption-text--hide\">AT&amp;T j\u00e1 \u00e9, atualmente, a terceira maior empresa de m\u00eddia dos EUA. Foto: Reprodu\u00e7\u00e3o Site AT&amp;T<\/figcaption>\n\t\t<\/figure>\n\t<\/div>\n\n\n\n<p>O julgamento foi iniciado no ano passado. Entretanto, s\u00f3 foi retomado pela <strong>Anatel<\/strong> nesta quinta-feira ap\u00f3s um pedido do conselheiro Mois\u00e9s Queiroz Moreira. O voto favor\u00e1vel de Moreira foi respons\u00e1vel por concluir a aprova\u00e7\u00e3o da compra da <strong>Warner<\/strong> pela AT&amp;T.<\/p>\n<p>De acordo com o conselheiro, a legisla\u00e7\u00e3o brasileira n\u00e3o apresenta nenhum impedimento para a conclus\u00e3o da negocia\u00e7\u00e3o. Isso porque, segundo Moreira, a lei que regula o setor <strong>audiovisual<\/strong> no Brasil n\u00e3o se aplica a empresas que n\u00e3o possuem sede no Pa\u00eds. Dessa forma, n\u00e3o h\u00e1 ilegalidade na aquisi\u00e7\u00e3o, visto que a sede da Warner fica em Nova York, nos Estados Unidos.<\/p>\n<p>&#8220;Entendo que a veda\u00e7\u00e3o legal \u00e9 restrita a agentes com sede no Brasil, n\u00e3o alcan\u00e7ando a opera\u00e7\u00e3o tratada&#8221;, afirmou Moreira.<\/p>\n<p><a href=\"https:\/\/www.suno.com.br\/noticias\/elliott-compra-participacap-2-bi-softbank\/\">Leia tamb\u00e9m: Elliott Management compra participa\u00e7\u00e3o de US$ 2,5 bi no SoftBank, diz jornal<\/a><\/p>\n<p>O conselheiro afirmou ainda que a proibi\u00e7\u00e3o seria uma forma de tirar o Brasil do &#8220;caminho rumo ao futuro&#8221;. &#8220;A veda\u00e7\u00e3o neste momento a cercearia a capacidade de inova\u00e7\u00e3o dos agentes e distorce o modo como as for\u00e7as competitivas podem atuar\u201d, disse Moreira.<\/p>\n<p>O debate sobre a compra envolve um recurso apresentado pela Associa\u00e7\u00e3o Brasileira de Emissoras de R\u00e1dio e TV (Abert). De acordo com a entidade, a compra viola a Lei 12.485\/2011, que regulamenta a comunica\u00e7\u00e3o audiovisual no Pa\u00eds. A lei pro\u00edbe que operadoras detenham participa\u00e7\u00e3o de mais de 30% de emissoras, programadoras ou empacotadoras de conte\u00fado audiovisual.<\/p>\n\t<p>\n\t\t<a href=\"https:\/\/lp.suno.com.br\/planilha-controle-gastos\/\" target=\"_blank\" data-element=\"shortcode-suno-banner\" title=\"Banner SUNO, clique e saiba mais\">\n\t\t\t<picture>\n\t\t\t\t<source media=\"(max-width: 500px)\" srcset=\"https:\/\/files.sunoresearch.com.br\/n\/uploads\/2023\/03\/400x300-Planilha-controle-de-gastos.png\">\n\t\t\t\t<img class=\"newsContent__article__imgCapa newsContent__article__imgCapa--banner\"\n\t\t\t\t\tsrc=\"https:\/\/files.sunoresearch.com.br\/n\/uploads\/2023\/03\/1420x240-Planilha-controle-de-gastos.png\"\n\t\t\t\t\tdata-promo-id=\"383122\"\t\t\t\t\t\t\t\t\t\twidth='1420' height='240'\t\t\t\t\talt=\"https:\/\/files.sunoresearch.com.br\/n\/uploads\/2023\/03\/1420x240-Planilha-controle-de-gastos.png\"\n\t\t\t\t>\n\t\t\t<\/picture>\n\t\t<\/a>\n\t<\/p>\n\n\n<p>\u201cUma empresa n\u00e3o pode dominar integralmente toda a cadeia de valor da presta\u00e7\u00e3o de servi\u00e7o de televis\u00e3o por assinatura, ou seja: produ\u00e7\u00e3o, programa\u00e7\u00e3o, empacotamento e distribui\u00e7\u00e3o do servi\u00e7o. Se essa aquisi\u00e7\u00e3o for declarada v\u00e1lida, estaremos vendo um desrespeito \u00e0 Lei do SeAC, que, dentre v\u00e1rias diretrizes, \u00e9 clara ao dizer que as empresas estrangeiras devem respeitar a nossa legisla\u00e7\u00e3o\u201d, salienta uma nota divulgada pela associa\u00e7\u00e3o.<\/p>\n<h2>Compra da Warner pela AT&amp;T j\u00e1 foi aprovada pelo Cade<\/h2>\n<p>A negocia\u00e7\u00e3o entre a Warner e a AT&amp;T foi aprovada pelo <a href=\"https:\/\/www.suno.com.br\/artigos\/cade\/\">Conselho Administrativo de Defesa Econ\u00f4mica (<strong>Cade<\/strong>)<\/a> em outubro de 2017. Entretanto, o \u00f3rg\u00e3o regulador estabeleceu algumas restri\u00e7\u00f5es para a aquisi\u00e7\u00e3o, que valer\u00e3o por um per\u00edodo de cinco anos.<\/p>\n<p>De acordo com a autarquia, a Warner Media dever\u00e1 oferecer seus canais para todas as operadoras que demonstrarem interesse. Al\u00e9m disso, as duas empresas dever\u00e3o manter CNPJs separados e estruturas pr\u00f3prias, mesmo ap\u00f3s a aquisi\u00e7\u00e3o pela <strong>AT&amp;T<\/strong>.<\/p>\n\n","protected":false},"excerpt":{"rendered":"<p>A Ag\u00eancia Nacional de Telecomunica\u00e7\u00f5es (Anatel) aprovou nesta quinta-feira (6) a compra da Warner Media pela AT&amp;T. A vota\u00e7\u00e3o foi conclu\u00edda com tr\u00eas votos favor\u00e1veis e dois contr\u00e1rios. AT&amp;T j\u00e1 \u00e9, atualmente, a terceira maior empresa de m\u00eddia dos EUA. Foto: Reprodu\u00e7\u00e3o Site AT&amp;T O julgamento foi iniciado no ano passado. Entretanto, s\u00f3 foi retomado [&hellip;]<\/p>\n","protected":false},"author":18,"featured_media":52271,"comment_status":"closed","ping_status":"closed","sticky":false,"template":"","format":"standard","meta":[],"categories":[64],"tags":[831,2555],"suno_strategy":[],"class_list":["post-52265","post","type-post","status-publish","format-standard","has-post-thumbnail","hentry","category-negocios","tag-anatel","tag-att"],"yoast_head":"<!-- This site is optimized with the Yoast SEO plugin v24.4 - https:\/\/yoast.com\/wordpress\/plugins\/seo\/ -->\n<title>AT&amp;T recebe aprova\u00e7\u00e3o da Anatel para compra da Warner<\/title>\n<meta name=\"description\" content=\"A Ag\u00eancia Nacional de Telecomunica\u00e7\u00f5es (Anatel) aprovou nesta quinta-feira (6) a compra da Warner Media pela AT&amp;T. Clique para saber mais.\" \/>\n<meta name=\"robots\" content=\"index, follow, max-snippet:-1, max-image-preview:large, max-video-preview:-1\" \/>\n<link rel=\"canonical\" href=\"https:\/\/www.suno.com.br\/noticias\/att-aprovacao-anatel-compra-warner\/\" \/>\n<meta property=\"og:locale\" content=\"pt_BR\" \/>\n<meta property=\"og:type\" content=\"article\" \/>\n<meta property=\"og:title\" content=\"AT&amp;T recebe aprova\u00e7\u00e3o da Anatel para compra da Warner\" \/>\n<meta property=\"og:description\" content=\"A Ag\u00eancia Nacional de Telecomunica\u00e7\u00f5es (Anatel) aprovou nesta quinta-feira (6) a compra da Warner Media pela AT&amp;T. Clique para saber mais.\" \/>\n<meta property=\"og:url\" content=\"https:\/\/www.suno.com.br\/noticias\/att-aprovacao-anatel-compra-warner\/\" \/>\n<meta property=\"og:site_name\" content=\"Suno Not\u00edcias\" \/>\n<meta property=\"article:publisher\" content=\"https:\/\/facebook.com\/sunoresearch\" \/>\n<meta property=\"og:image\" content=\"https:\/\/files.sunoresearch.com.br\/n\/uploads\/2020\/02\/e6491854-att.jpg\" \/>\n\t<meta property=\"og:image:width\" content=\"748\" \/>\n\t<meta property=\"og:image:height\" content=\"410\" \/>\n\t<meta property=\"og:image:type\" content=\"image\/jpeg\" \/>\n<meta name=\"author\" content=\"Giovanna Oliveira\" \/>\n<meta name=\"twitter:card\" content=\"summary_large_image\" \/>\n<meta name=\"twitter:creator\" content=\"@sunoresearch\" \/>\n<meta name=\"twitter:site\" content=\"@sunoresearch\" \/>\n<meta name=\"twitter:label1\" content=\"Escrito por\" \/>\n\t<meta name=\"twitter:data1\" content=\"Giovanna Oliveira\" \/>\n\t<meta name=\"twitter:label2\" content=\"Est. tempo de leitura\" \/>\n\t<meta name=\"twitter:data2\" content=\"2 minutos\" \/>\n<script type=\"application\/ld+json\" class=\"yoast-schema-graph\">{\"@context\":\"https:\/\/schema.org\",\"@graph\":[{\"@type\":\"NewsArticle\",\"@id\":\"https:\/\/www.suno.com.br\/noticias\/att-aprovacao-anatel-compra-warner\/#article\",\"isPartOf\":{\"@id\":\"https:\/\/www.suno.com.br\/noticias\/att-aprovacao-anatel-compra-warner\/\"},\"author\":{\"name\":\"Giovanna Oliveira\",\"@id\":\"https:\/\/www.suno.com.br\/noticias\/#\/schema\/person\/4e19e3d2575736e5283d58eb3199d120\"},\"headline\":\"AT&#038;T recebe aprova\u00e7\u00e3o da Anatel para compra da Warner\",\"datePublished\":\"2020-02-06T22:57:41+00:00\",\"mainEntityOfPage\":{\"@id\":\"https:\/\/www.suno.com.br\/noticias\/att-aprovacao-anatel-compra-warner\/\"},\"wordCount\":500,\"publisher\":{\"@id\":\"https:\/\/www.suno.com.br\/noticias\/#organization\"},\"image\":{\"@id\":\"https:\/\/www.suno.com.br\/noticias\/att-aprovacao-anatel-compra-warner\/#primaryimage\"},\"thumbnailUrl\":\"https:\/\/files.sunoresearch.com.br\/n\/uploads\/2020\/02\/e6491854-att-jpg.webp\",\"keywords\":[\"Anatel\",\"AT&amp;T\"],\"articleSection\":[\"Neg\u00f3cios\"],\"inLanguage\":\"pt-BR\"},{\"@type\":\"WebPage\",\"@id\":\"https:\/\/www.suno.com.br\/noticias\/att-aprovacao-anatel-compra-warner\/\",\"url\":\"https:\/\/www.suno.com.br\/noticias\/att-aprovacao-anatel-compra-warner\/\",\"name\":\"AT&T recebe aprova\u00e7\u00e3o da Anatel para compra da Warner\",\"isPartOf\":{\"@id\":\"https:\/\/www.suno.com.br\/noticias\/#website\"},\"primaryImageOfPage\":{\"@id\":\"https:\/\/www.suno.com.br\/noticias\/att-aprovacao-anatel-compra-warner\/#primaryimage\"},\"image\":{\"@id\":\"https:\/\/www.suno.com.br\/noticias\/att-aprovacao-anatel-compra-warner\/#primaryimage\"},\"thumbnailUrl\":\"https:\/\/files.sunoresearch.com.br\/n\/uploads\/2020\/02\/e6491854-att-jpg.webp\",\"datePublished\":\"2020-02-06T22:57:41+00:00\",\"description\":\"A Ag\u00eancia Nacional de Telecomunica\u00e7\u00f5es (Anatel) aprovou nesta quinta-feira (6) a compra da Warner Media pela AT&T. Clique para saber mais.\",\"breadcrumb\":{\"@id\":\"https:\/\/www.suno.com.br\/noticias\/att-aprovacao-anatel-compra-warner\/#breadcrumb\"},\"inLanguage\":\"pt-BR\",\"potentialAction\":[{\"@type\":\"ReadAction\",\"target\":[\"https:\/\/www.suno.com.br\/noticias\/att-aprovacao-anatel-compra-warner\/\"]}]},{\"@type\":\"ImageObject\",\"inLanguage\":\"pt-BR\",\"@id\":\"https:\/\/www.suno.com.br\/noticias\/att-aprovacao-anatel-compra-warner\/#primaryimage\",\"url\":\"https:\/\/files.sunoresearch.com.br\/n\/uploads\/2020\/02\/e6491854-att-jpg.webp\",\"contentUrl\":\"https:\/\/files.sunoresearch.com.br\/n\/uploads\/2020\/02\/e6491854-att-jpg.webp\",\"width\":748,\"height\":410,\"caption\":\"AT&T j\u00e1 \u00e9, atualmente, a terceira maior empresa de m\u00eddia dos EUA. Foto: Reprodu\u00e7\u00e3o Site AT&T\"},{\"@type\":\"BreadcrumbList\",\"@id\":\"https:\/\/www.suno.com.br\/noticias\/att-aprovacao-anatel-compra-warner\/#breadcrumb\",\"itemListElement\":[{\"@type\":\"ListItem\",\"position\":1,\"name\":\"Not\u00edcias\",\"item\":\"https:\/\/www.suno.com.br\/noticias\/\"},{\"@type\":\"ListItem\",\"position\":2,\"name\":\"Neg\u00f3cios\",\"item\":\"https:\/\/www.suno.com.br\/noticias\/negocios\/\"},{\"@type\":\"ListItem\",\"position\":3,\"name\":\"AT&#038;T recebe aprova\u00e7\u00e3o da Anatel para compra da Warner\"}]},{\"@type\":\"WebSite\",\"@id\":\"https:\/\/www.suno.com.br\/noticias\/#website\",\"url\":\"https:\/\/www.suno.com.br\/noticias\/\",\"name\":\"Suno Not\u00edcias\",\"description\":\"Seu portal de informa\u00e7\u00e3o sobre o mundo dos investimentos\",\"publisher\":{\"@id\":\"https:\/\/www.suno.com.br\/noticias\/#organization\"},\"potentialAction\":[{\"@type\":\"SearchAction\",\"target\":{\"@type\":\"EntryPoint\",\"urlTemplate\":\"https:\/\/www.suno.com.br\/noticias\/?s={search_term_string}\"},\"query-input\":{\"@type\":\"PropertyValueSpecification\",\"valueRequired\":true,\"valueName\":\"search_term_string\"}}],\"inLanguage\":\"pt-BR\"},{\"@type\":\"Organization\",\"@id\":\"https:\/\/www.suno.com.br\/noticias\/#organization\",\"name\":\"Suno Not\u00edcias\",\"url\":\"https:\/\/www.suno.com.br\/noticias\/\",\"logo\":{\"@type\":\"ImageObject\",\"inLanguage\":\"pt-BR\",\"@id\":\"https:\/\/www.suno.com.br\/noticias\/#\/schema\/logo\/image\/\",\"url\":\"https:\/\/files.sunoresearch.com.br\/n\/uploads\/2021\/09\/suno-logo.png\",\"contentUrl\":\"https:\/\/files.sunoresearch.com.br\/n\/uploads\/2021\/09\/suno-logo.png\",\"width\":180,\"height\":180,\"caption\":\"Suno Not\u00edcias\"},\"image\":{\"@id\":\"https:\/\/www.suno.com.br\/noticias\/#\/schema\/logo\/image\/\"},\"sameAs\":[\"https:\/\/facebook.com\/sunoresearch\",\"https:\/\/x.com\/sunoresearch\",\"https:\/\/www.instagram.com\/suno\",\"https:\/\/www.linkedin.com\/company\/suno-research\/\",\"https:\/\/www.youtube.com\/c\/sunoresearch\"]},{\"@type\":\"Person\",\"@id\":\"https:\/\/www.suno.com.br\/noticias\/#\/schema\/person\/4e19e3d2575736e5283d58eb3199d120\",\"name\":\"Giovanna Oliveira\",\"image\":{\"@type\":\"ImageObject\",\"inLanguage\":\"pt-BR\",\"@id\":\"https:\/\/www.suno.com.br\/noticias\/#\/schema\/person\/image\/\",\"url\":\"https:\/\/secure.gravatar.com\/avatar\/9a37b3ae208962ac568992d0ffdbc2eb?s=96&r=g\",\"contentUrl\":\"https:\/\/secure.gravatar.com\/avatar\/9a37b3ae208962ac568992d0ffdbc2eb?s=96&r=g\",\"caption\":\"Giovanna Oliveira\"},\"description\":\"Giovanna Oliveira escreve sobre economia e pol\u00edtica. Foi rep\u00f3rter do portal de jornalismo da ESPM-SP e produziu conte\u00fado para a Corinthians TV. \u00c9 estudante da ESPM.\",\"url\":\"https:\/\/www.suno.com.br\/noticias\/author\/giovanna\/\"}]}<\/script>\n<!-- \/ Yoast SEO plugin. -->","yoast_head_json":{"title":"AT&T recebe aprova\u00e7\u00e3o da Anatel para compra da Warner","description":"A Ag\u00eancia Nacional de Telecomunica\u00e7\u00f5es (Anatel) aprovou nesta quinta-feira (6) a compra da Warner Media pela AT&T. Clique para saber mais.","robots":{"index":"index","follow":"follow","max-snippet":"max-snippet:-1","max-image-preview":"max-image-preview:large","max-video-preview":"max-video-preview:-1"},"canonical":"https:\/\/www.suno.com.br\/noticias\/att-aprovacao-anatel-compra-warner\/","og_locale":"pt_BR","og_type":"article","og_title":"AT&T recebe aprova\u00e7\u00e3o da Anatel para compra da Warner","og_description":"A Ag\u00eancia Nacional de Telecomunica\u00e7\u00f5es (Anatel) aprovou nesta quinta-feira (6) a compra da Warner Media pela AT&T. Clique para saber mais.","og_url":"https:\/\/www.suno.com.br\/noticias\/att-aprovacao-anatel-compra-warner\/","og_site_name":"Suno Not\u00edcias","article_publisher":"https:\/\/facebook.com\/sunoresearch","og_image":[{"width":748,"height":410,"url":"https:\/\/files.sunoresearch.com.br\/n\/uploads\/2020\/02\/e6491854-att.jpg","type":"image\/jpeg"}],"author":"Giovanna Oliveira","twitter_card":"summary_large_image","twitter_creator":"@sunoresearch","twitter_site":"@sunoresearch","twitter_misc":{"Escrito por":"Giovanna Oliveira","Est. tempo de leitura":"2 minutos"},"schema":{"@context":"https:\/\/schema.org","@graph":[{"@type":"NewsArticle","@id":"https:\/\/www.suno.com.br\/noticias\/att-aprovacao-anatel-compra-warner\/#article","isPartOf":{"@id":"https:\/\/www.suno.com.br\/noticias\/att-aprovacao-anatel-compra-warner\/"},"author":{"name":"Giovanna Oliveira","@id":"https:\/\/www.suno.com.br\/noticias\/#\/schema\/person\/4e19e3d2575736e5283d58eb3199d120"},"headline":"AT&#038;T recebe aprova\u00e7\u00e3o da Anatel para compra da Warner","datePublished":"2020-02-06T22:57:41+00:00","mainEntityOfPage":{"@id":"https:\/\/www.suno.com.br\/noticias\/att-aprovacao-anatel-compra-warner\/"},"wordCount":500,"publisher":{"@id":"https:\/\/www.suno.com.br\/noticias\/#organization"},"image":{"@id":"https:\/\/www.suno.com.br\/noticias\/att-aprovacao-anatel-compra-warner\/#primaryimage"},"thumbnailUrl":"https:\/\/files.sunoresearch.com.br\/n\/uploads\/2020\/02\/e6491854-att-jpg.webp","keywords":["Anatel","AT&amp;T"],"articleSection":["Neg\u00f3cios"],"inLanguage":"pt-BR"},{"@type":"WebPage","@id":"https:\/\/www.suno.com.br\/noticias\/att-aprovacao-anatel-compra-warner\/","url":"https:\/\/www.suno.com.br\/noticias\/att-aprovacao-anatel-compra-warner\/","name":"AT&T recebe aprova\u00e7\u00e3o da Anatel para compra da Warner","isPartOf":{"@id":"https:\/\/www.suno.com.br\/noticias\/#website"},"primaryImageOfPage":{"@id":"https:\/\/www.suno.com.br\/noticias\/att-aprovacao-anatel-compra-warner\/#primaryimage"},"image":{"@id":"https:\/\/www.suno.com.br\/noticias\/att-aprovacao-anatel-compra-warner\/#primaryimage"},"thumbnailUrl":"https:\/\/files.sunoresearch.com.br\/n\/uploads\/2020\/02\/e6491854-att-jpg.webp","datePublished":"2020-02-06T22:57:41+00:00","description":"A Ag\u00eancia Nacional de Telecomunica\u00e7\u00f5es (Anatel) aprovou nesta quinta-feira (6) a compra da Warner Media pela AT&T. Clique para saber mais.","breadcrumb":{"@id":"https:\/\/www.suno.com.br\/noticias\/att-aprovacao-anatel-compra-warner\/#breadcrumb"},"inLanguage":"pt-BR","potentialAction":[{"@type":"ReadAction","target":["https:\/\/www.suno.com.br\/noticias\/att-aprovacao-anatel-compra-warner\/"]}]},{"@type":"ImageObject","inLanguage":"pt-BR","@id":"https:\/\/www.suno.com.br\/noticias\/att-aprovacao-anatel-compra-warner\/#primaryimage","url":"https:\/\/files.sunoresearch.com.br\/n\/uploads\/2020\/02\/e6491854-att-jpg.webp","contentUrl":"https:\/\/files.sunoresearch.com.br\/n\/uploads\/2020\/02\/e6491854-att-jpg.webp","width":748,"height":410,"caption":"AT&T j\u00e1 \u00e9, atualmente, a terceira maior empresa de m\u00eddia dos EUA. Foto: Reprodu\u00e7\u00e3o Site AT&T"},{"@type":"BreadcrumbList","@id":"https:\/\/www.suno.com.br\/noticias\/att-aprovacao-anatel-compra-warner\/#breadcrumb","itemListElement":[{"@type":"ListItem","position":1,"name":"Not\u00edcias","item":"https:\/\/www.suno.com.br\/noticias\/"},{"@type":"ListItem","position":2,"name":"Neg\u00f3cios","item":"https:\/\/www.suno.com.br\/noticias\/negocios\/"},{"@type":"ListItem","position":3,"name":"AT&#038;T recebe aprova\u00e7\u00e3o da Anatel para compra da Warner"}]},{"@type":"WebSite","@id":"https:\/\/www.suno.com.br\/noticias\/#website","url":"https:\/\/www.suno.com.br\/noticias\/","name":"Suno Not\u00edcias","description":"Seu portal de informa\u00e7\u00e3o sobre o mundo dos investimentos","publisher":{"@id":"https:\/\/www.suno.com.br\/noticias\/#organization"},"potentialAction":[{"@type":"SearchAction","target":{"@type":"EntryPoint","urlTemplate":"https:\/\/www.suno.com.br\/noticias\/?s={search_term_string}"},"query-input":{"@type":"PropertyValueSpecification","valueRequired":true,"valueName":"search_term_string"}}],"inLanguage":"pt-BR"},{"@type":"Organization","@id":"https:\/\/www.suno.com.br\/noticias\/#organization","name":"Suno Not\u00edcias","url":"https:\/\/www.suno.com.br\/noticias\/","logo":{"@type":"ImageObject","inLanguage":"pt-BR","@id":"https:\/\/www.suno.com.br\/noticias\/#\/schema\/logo\/image\/","url":"https:\/\/files.sunoresearch.com.br\/n\/uploads\/2021\/09\/suno-logo.png","contentUrl":"https:\/\/files.sunoresearch.com.br\/n\/uploads\/2021\/09\/suno-logo.png","width":180,"height":180,"caption":"Suno Not\u00edcias"},"image":{"@id":"https:\/\/www.suno.com.br\/noticias\/#\/schema\/logo\/image\/"},"sameAs":["https:\/\/facebook.com\/sunoresearch","https:\/\/x.com\/sunoresearch","https:\/\/www.instagram.com\/suno","https:\/\/www.linkedin.com\/company\/suno-research\/","https:\/\/www.youtube.com\/c\/sunoresearch"]},{"@type":"Person","@id":"https:\/\/www.suno.com.br\/noticias\/#\/schema\/person\/4e19e3d2575736e5283d58eb3199d120","name":"Giovanna Oliveira","image":{"@type":"ImageObject","inLanguage":"pt-BR","@id":"https:\/\/www.suno.com.br\/noticias\/#\/schema\/person\/image\/","url":"https:\/\/secure.gravatar.com\/avatar\/9a37b3ae208962ac568992d0ffdbc2eb?s=96&r=g","contentUrl":"https:\/\/secure.gravatar.com\/avatar\/9a37b3ae208962ac568992d0ffdbc2eb?s=96&r=g","caption":"Giovanna Oliveira"},"description":"Giovanna Oliveira escreve sobre economia e pol\u00edtica. Foi rep\u00f3rter do portal de jornalismo da ESPM-SP e produziu conte\u00fado para a Corinthians TV. \u00c9 estudante da ESPM.","url":"https:\/\/www.suno.com.br\/noticias\/author\/giovanna\/"}]}},"default_loop_html":"<div class=\"cardsPage__listCard__boxs\"><div class=\"cardsPage__listCard__boxs__img\"><a href=\"https:\/\/www.suno.com.br\/noticias\/att-aprovacao-anatel-compra-warner\/\"><img class=\"mask\" src=\"https:\/\/www.suno.com.br\/noticias\/wp-content\/themes\/suno\/resources\/images\/spotlight\/spotlight1img\/bg-mask.png\" alt=\"Image Mask\"\/><img src=\"https:\/\/files.sunoresearch.com.br\/n\/uploads\/2020\/02\/e6491854-att-400x200.webp\" alt=\"AT&#038;T recebe aprova\u00e7\u00e3o da Anatel para compra da Warner\"\/><\/a><span class=\"spotlightCategory\"><a href=\"https:\/\/www.suno.com.br\/noticias\/negocios\/\">Neg\u00f3cios<\/a><\/span><\/div><div class=\"cardsPage__listCard__boxs__content\"><a href=\"https:\/\/www.suno.com.br\/noticias\/att-aprovacao-anatel-compra-warner\/\"><h2 class=\"content__title\">AT&#038;T recebe aprova\u00e7\u00e3o da Anatel para compra da Warner<\/h2><\/a><div class=\"newsContent__article__meta\"><div class=\"newsContent__article__meta__authorBox\"><a href=\"https:\/\/www.suno.com.br\/noticias\/author\/giovanna\/\" class=\"authorBox__avatar noMobi\"><img src=\"https:\/\/files.sunoresearch.com.br\/n\/uploads\/2019\/06\/952a89ca-screenshot_20190608-171507-150x150.webp\" alt=\"Giovanna Oliveira\"><\/a><div class=\"authorBox__name\"><span>por\n\t\t\t<a href=\"https:\/\/www.suno.com.br\/noticias\/author\/giovanna\/\"><span itemprop=\"author\">Giovanna Oliveira<\/span><\/a><\/span><time datetime=\"2020-02-06T20:57:41-03:00\" itemprop=\"datePublished\">06\/02\/2020 20:57<\/time><\/div><\/div><\/div><\/div><\/div>","single_layout":"posts","amp_enabled":true,"_links":{"self":[{"href":"https:\/\/www.suno.com.br\/noticias\/wp-json\/wp\/v2\/posts\/52265"}],"collection":[{"href":"https:\/\/www.suno.com.br\/noticias\/wp-json\/wp\/v2\/posts"}],"about":[{"href":"https:\/\/www.suno.com.br\/noticias\/wp-json\/wp\/v2\/types\/post"}],"author":[{"embeddable":true,"href":"https:\/\/www.suno.com.br\/noticias\/wp-json\/wp\/v2\/users\/18"}],"replies":[{"embeddable":true,"href":"https:\/\/www.suno.com.br\/noticias\/wp-json\/wp\/v2\/comments?post=52265"}],"version-history":[{"count":0,"href":"https:\/\/www.suno.com.br\/noticias\/wp-json\/wp\/v2\/posts\/52265\/revisions"}],"wp:featuredmedia":[{"embeddable":true,"href":"https:\/\/www.suno.com.br\/noticias\/wp-json\/wp\/v2\/media\/52271"}],"wp:attachment":[{"href":"https:\/\/www.suno.com.br\/noticias\/wp-json\/wp\/v2\/media?parent=52265"}],"wp:term":[{"taxonomy":"category","embeddable":true,"href":"https:\/\/www.suno.com.br\/noticias\/wp-json\/wp\/v2\/categories?post=52265"},{"taxonomy":"post_tag","embeddable":true,"href":"https:\/\/www.suno.com.br\/noticias\/wp-json\/wp\/v2\/tags?post=52265"},{"taxonomy":"suno_strategy","embeddable":true,"href":"https:\/\/www.suno.com.br\/noticias\/wp-json\/wp\/v2\/suno_strategy?post=52265"}],"curies":[{"name":"wp","href":"https:\/\/api.w.org\/{rel}","templated":true}]}}