{"id":522633,"date":"2024-02-12T16:35:12","date_gmt":"2024-02-12T19:35:12","guid":{"rendered":"https:\/\/www.suno.com.br\/noticias\/?p=522633"},"modified":"2024-02-12T19:42:24","modified_gmt":"2024-02-12T22:42:24","slug":"vale-vale3-investidores-btg-gpj","status":"publish","type":"post","link":"https:\/\/www.suno.com.br\/noticias\/vale-vale3-investidores-btg-gpj\/","title":{"rendered":"Vale (VALE3) est\u00e1 empenhada em recuperar a confian\u00e7a dos investidores, diz BTG"},"content":{"rendered":"<p>Ap\u00f3s conversas com a administra\u00e7\u00e3o da<strong> Vale <\/strong>(<a href=\"https:\/\/statusinvest.com.br\/acoes\/vale3\">VALE3<\/a>), analistas do BTG Pactual (<a href=\"https:\/\/statusinvest.com.br\/acoes\/bpac11\">BPAC11<\/a>) pontuaram em relat\u00f3rio que a administra\u00e7\u00e3o da companhia est\u00e1 confiante em rela\u00e7\u00e3o \u00e0s metas de produ\u00e7\u00e3o e custos para 2024, al\u00e9m de muito empenhada em recuperar a confian\u00e7a dos investidores.<\/p>\t<div class=\"wrapper-featured-image\">\n\t\t<figure class=\"spotlightImg\">\n\n\t\t\t<picture>\n\t\t\t\t<source media=\"(max-width: 768px)\" srcset=\"https:\/\/files.sunoresearch.com.br\/n\/uploads\/2023\/04\/vale_vale3-1-400x200.jpg\">\n\t\t\t\t<img loading=\"lazy\" decoding=\"async\" class=\"newsContent__article__imgCapa lazyloadDisabled \" src=\"https:\/\/files.sunoresearch.com.br\/n\/uploads\/2023\/04\/vale_vale3-1-800x450.jpg\" width=\"800\" height=\"450\" alt=\"Vale (VALE3) est\u00e1 empenhada em recuperar a confian\u00e7a dos investidores, diz BTG\" fetchpriority=high \/>\n\t\t\t<\/picture>\n\n\t\t\t<figcaption class=\"wp-caption-text wp-caption-text--show\">Vale sobe 1,92% e lidera ganhos do dia. Foto: Ag\u00eancia Vale<\/figcaption>\n\t\t<\/figure>\n\t<\/div>\n\n\n\n\n\n\n\n\t<p>\n\t\t<a href=\"\" target=\"_blank\" data-element=\"shortcode-suno-banner\" title=\"Banner SUNO, clique e saiba mais\">\n\t\t\t<picture>\n\t\t\t\t<source media=\"(max-width: 500px)\" srcset=\"\">\n\t\t\t\t<img class=\"newsContent__article__imgCapa newsContent__article__imgCapa--banner\"\n\t\t\t\t\tsrc=\"\"\n\t\t\t\t\tdata-promo-id=\"250706\"\t\t\t\t\t\t\t\t\t\t\t\t\t\t\talt=\"\"\n\t\t\t\t>\n\t\t\t<\/picture>\n\t\t<\/a>\n\t<\/p>\n\n\n\n\n\n<p>Em rela\u00e7\u00e3o a <a href=\"https:\/\/www.suno.com.br\/guias\/dividendos\/\">dividendos<\/a>, a impress\u00e3o do <strong>BTG<\/strong> \u00e9 de que a<strong> administra\u00e7\u00e3o da Vale <\/strong>deveria ser mais &#8216;prudente&#8217; no planejamento do primeiro semestre de 2024, deixando dividendos extraordin\u00e1rios mais para o segundo semestre deste ano. <\/p>\n\n\n\n<p>&#8220;Em suma, mantemos a nossa opini\u00e3o de que as a\u00e7\u00f5es permanecem com grandes descontos, e dissociado dos fundamentos. Vemos a\u00e7\u00f5es sendo negociadas abaixo de 4 vezes o Ebitda de 2024, e ainda acreditamos que um rendimento de dividendos de aproximadamente 10% seja alcan\u00e7\u00e1vel no ano&#8221;, ressaltam os analistas Leonardo Correa e Caio Greiner.<\/p>\n\n\n\n<p>Sobre a oferta de min\u00e9rio de ferro, o BTG observa que a Vale n\u00e3o v\u00ea grandes adi\u00e7\u00f5es de capacidade impactando os mercados em 2024. J\u00e1 no lado da procura, o banco pontua que a <strong>produ\u00e7\u00e3o de a\u00e7o bruto na China<\/strong> dever\u00e1 permanecer est\u00e1vel, mas os n\u00edveis de estabilidade em toda a cadeia sider\u00fargica dever\u00e3o continuar pressionados.   <\/p>\n\n\n\n<p>O BTG tem recomenda\u00e7\u00e3o de &#8216;compra&#8217; para as <strong>a\u00e7\u00f5es de Vale<\/strong>, com pre\u00e7o-alvo a R$ 19,00.<\/p>\n\n\n\n\t<div data-element=\"shortcode-read-more\" class=\"readToo\">\n\t\t\t\t<span class=\"readToo__title\">Leia mais<\/span>\n\t\t\t\t<ul class=\"readToo__list\">\n\t\t\t<li><a href=\"https:\/\/www.suno.com.br\/noticias\/raizen-raiz4-reajuste-etanol-gpj\/\">Ra\u00edzen (RAIZ4): com demanda em alta, empresa v\u00ea espa\u00e7o para reajustar etanol; veja<\/a><\/li><li><a href=\"https:\/\/www.suno.com.br\/noticias\/magazine-luiza-fundadora-morre-gpj\/\">Magazine Luiza (MGLU3): fundadora da varejista, tia da empres\u00e1ria Luiza Trajano morre aos 97 anos<\/a><\/li><li><a href=\"https:\/\/www.suno.com.br\/noticias\/americanas-amer4-cvm-ex-ceo-no-centro-acusacoes-va\/\">Americanas (AMER3): primeiro inqu\u00e9rito da CVM tem ex-CEO no centro das acusa\u00e7\u00f5es, diz site\u00a0<\/a><\/li>\t\t<\/ul>\n\t<\/div>\n\n\n\n\n<h2 class=\"wp-block-heading\">Vale (VALE3): produ\u00e7\u00e3o de min\u00e9rio de ferro sobe 10,6% no 4T23, para 89,3 milh\u00f5es de toneladas &nbsp;<\/h2>\n\n\n\n<p>A <strong>produ\u00e7\u00e3o de min\u00e9rio de ferro da<\/strong>&nbsp;<strong>Vale<\/strong>&nbsp;subiu 10,6% no quarto trimestre de 2023 na compara\u00e7\u00e3o com o mesmo per\u00edodo do ano anterior, para 89,3 milh\u00f5es de toneladas, de acordo com comunicado enviado \u00e0&nbsp;<a href=\"https:\/\/www.suno.com.br\/artigos\/cvm\/\" target=\"_blank\" rel=\"noreferrer noopener\">Comiss\u00e3o de Valores Mobili\u00e1rios (CVM)<\/a>. Na compara\u00e7\u00e3o com o trimestre anterior, a produ\u00e7\u00e3o de min\u00e9rio cresceu 3,7%.<\/p>\n\n\n\n<p>No ano passado, a&nbsp;<strong>produ\u00e7\u00e3o da Vale&nbsp;<\/strong>alcan\u00e7ou 321,15 milh\u00f5es de toneladas, acima da proje\u00e7\u00e3o da mineradora, que estimava 315 milh\u00f5es de toneladas. Segundo a Vale, esse resultado no&nbsp;<strong>4T23 da Vale<\/strong>&nbsp;pode ser explicado pelas iniciativas cont\u00ednuas para melhorar a confiabilidade no S11D, al\u00e9m do s\u00f3lido desempenho nos complexos de Itabira e Vargem Grande e das maiores compras de terceiros.<\/p>\n\n\n\n<p>\u201cO desempenho da Vale no quarto trimestre foi marcado por produ\u00e7\u00e3o e vendas s\u00f3lidas em todos os neg\u00f3cios. Em dezembro, a produ\u00e7\u00e3o mensal de min\u00e9rio de ferro foi a maior desde 2018\u201d, disse a Vale em relat\u00f3rio depositado nesta segunda-feira, 29, na <a href=\"https:\/\/www.suno.com.br\/artigos\/cvm\/\">Comiss\u00e3o de Valores Mobili\u00e1rios (CVM)<\/a>.<\/p>\n\n\n\n<p>Em pelotas, um dos maiores ativos da companhia, a produ\u00e7\u00e3o registrou alta de 19,2% no per\u00edodo,&nbsp;para 9,85 milh\u00f5es de toneladas, devido, principalmente, ao in\u00edcio da produ\u00e7\u00e3o de briquetes, que come\u00e7ou no quarto trimestre de 2023, um passo importante na estrat\u00e9gia de descarboniza\u00e7\u00e3o da siderurgia, por meio do aumento da oferta de aglomerados de min\u00e9rio de ferro.<\/p>\n\n\n\n<p>Em 2023,&nbsp;<strong>a produ\u00e7\u00e3o de pelotas da Vale&nbsp;<\/strong>foi de 36,45 milh\u00f5es de toneladas, uma alta de 3,5% na base anual, mas abaixo da proje\u00e7\u00e3o da Vale, que era de 37 milh\u00f5es de toneladas.<\/p>\n\n\n\n<h2 class=\"wp-block-heading\">Produ\u00e7\u00e3o de n\u00edquel tem queda<\/h2>\n\n\n\n<p>A&nbsp;<strong>produ\u00e7\u00e3o de n\u00edquel da Vale<\/strong>, por sua vez, atingiu 44,9 mil toneladas no quarto trimestre, 5,3% inferior que o visto no mesmo per\u00edodo de 2022. No ano passado, a produ\u00e7\u00e3o foi de 164,9 milh\u00f5es de toneladas, uma baixa de 7,9% ante o ano anterior, em linha com a estimativa.<\/p>\n\n\n\n<p>Devido a organiza\u00e7\u00e3o de alguns ativos, entre eles&nbsp;Voisey`s Bay, que passou para minera\u00e7\u00e3o subterr\u00e2nea, bem como a reforma do forno de&nbsp;On\u00e7a Puma, j\u00e1 era esperado pelo mercado essa queda no segmento de n\u00edquel.<\/p>\n\n\n\n<p>No trimestre, a&nbsp;produ\u00e7\u00e3o de cobre atingiu 99,1 mil toneladas, uma eleva\u00e7\u00e3o de 49,5% na compara\u00e7\u00e3o anual. Em 2023, a produ\u00e7\u00e3o aumentou 29% no ano contra ano, totalizando 326,6 milh\u00f5es de toneladas, acima da proje\u00e7\u00e3o de 325 milh\u00f5es de toneladas, impulsionado pelo ramp-up de Salobo 3, que acabou aumentando a produ\u00e7\u00e3o em 87% no trimestre na compara\u00e7\u00e3o anual.<\/p>\n\n\n\n<h2 class=\"wp-block-heading\">Como foram as vendas da Vale?<\/h2>\n\n\n\n<p>No \u00faltimo trimestre de 2023,&nbsp;<strong>as vendas de min\u00e9rio de ferro da Vale<\/strong>&nbsp;ca\u00edram 4,1% ante o mesmo intervalo de 2022, totalizando 77,88 milh\u00f5es de toneladas. No ano, a mineradora registrou vendas de 256,78 milh\u00f5es de toneladas, uma retra\u00e7\u00e3o de 1,5% na compara\u00e7\u00e3o anual.<\/p>\n\n\n\n<p>Por outro lado,&nbsp;as vendas em pelotas<strong>&nbsp;<\/strong>somaram 10,285 milh\u00f5es de toneladas no per\u00edodo, valor 17% superior ao visto no mesmo trimestre do ano anterior. Em 2023, as vendas subiram 8,1% e somaram 35,84 milh\u00f5es de toneladas. &nbsp;<\/p>\n\n\n\n<p>J\u00e1&nbsp;<strong>as vendas de n\u00edquel <\/strong>ca\u00edram 17,7% no quarto trimestre do ano passado, a 47,9 mil toneladas. Em 2023, as vendas somaram 167,9 milh\u00f5es de toneladas, uma baixa de 7,1% na base anual. &nbsp;<\/p>\n\n\n\n<p>No trimestre, a venda de cobre da&nbsp;<strong>Vale<\/strong>&nbsp;foi de 97,5 mil toneladas, um aumento de 36,2% na compara\u00e7\u00e3o anual. No ano passado, a venda aumentou 26,2% ante 2022, totalizando 307,8 milh\u00f5es de toneladas.<\/p>\n\n\n\t<p>\n\t\t<a href=\"https:\/\/lp.suno.com.br\/ebook-como-analisar-uma-acao\/\" target=\"_blank\" data-element=\"shortcode-suno-banner\" title=\"Banner SUNO, clique e saiba mais\">\n\t\t\t<picture>\n\t\t\t\t<source media=\"(max-width: 500px)\" srcset=\"https:\/\/files.sunoresearch.com.br\/n\/uploads\/2023\/03\/Ebook-Acoes-Mobile.jpg\">\n\t\t\t\t<img class=\"newsContent__article__imgCapa newsContent__article__imgCapa--banner\"\n\t\t\t\t\tsrc=\"https:\/\/files.sunoresearch.com.br\/n\/uploads\/2023\/03\/Ebook-Acoes-Desktop.jpg\"\n\t\t\t\t\tdata-promo-id=\"378302\"\t\t\t\t\t\t\t\t\t\twidth='1420' height='286'\t\t\t\t\talt=\"https:\/\/files.sunoresearch.com.br\/n\/uploads\/2023\/03\/Ebook-Acoes-Desktop.jpg\"\n\t\t\t\t>\n\t\t\t<\/picture>\n\t\t<\/a>\n\t<\/p>\n\n\n\n\n\n<h2 class=\"wp-block-heading\">Desempenho das a\u00e7\u00f5es de Vale<\/h2>\n\n\n\n<div class=\"pluginQuotation\">\n  <p class=\"ticker\">\n    Cota\u00e7\u00e3o <span>VALE3<\/span>\n  <\/p>\n  <div class=\"info\">\n    <div class=\"leftSide\">\n      Gr\u00e1fico gerado em: 12\/02\/2024    <\/div>\n\t\t\t\t\t<div class=\"rightSide\">\n\t\t\t\t\t<span class=\"period\">\n\t\t\t\t\t\t5 Dias\t\t\t\t\t<\/span>\n\t\t\t<\/div>\n\t\t  <\/div>\n\n  <div id=\"chart-a5f6c7c69b877472c42c36c2d0d8657b\" data-block-hash=\"a5f6c7c69b877472c42c36c2d0d8657b\"  class=\"chart\" style=\"width:100%;height:400px;\"><\/div>\n\n  <div class=\"pluginQuotation__footer\">\n    <div class=\"dataChart\">\n\n      <div class=\"dataChart__div1 variation\">\n        <div class=\"value-positive\">\n          0,08 (+0,05%)        <\/div>\n        <div class=\"text\">\n          Varia\u00e7\u00e3o do per\u00edodo\n        <\/div>\n      <\/div>\n\n      <div class=\"dataChart__div2 minMax\">\n        <div class=\"value\">\n          R$\u00a065,42        <\/div>\n        <div class=\"text\">\n          M\u00ednima\n        <\/div>\n      <\/div>\n\n      <div class=\"dataChart__div3 minMax\">\n        <div class=\"value\">\n          R$\u00a067,36        <\/div>\n        <div class=\"text\">\n          M\u00e1xima\n        <\/div>\n      <\/div>\n\n\t\t\t<div class=\"dataChart__div4 rightSide\">\n\t\t\t\t<div class=\"analiticaSource\">\n\t\t\t\t\t<span>\n\t\t\t\t\t\tFonte:\n\t\t\t\t\t<\/span>\n\t\t\t\t\t<img decoding=\"async\" class=\"analiticaLogo\" src=\"https:\/\/www.suno.com.br\/noticias\/wp-content\/plugins\/suno-block-ticker-quotation\/src\/suno-analitica-logo.png\" alt=\"Logo Suno Anal\u00edtica\" \/>\n\t\t\t\t<\/div>\n\n\t\t\t\t<a href=\"https:\/\/www.suno.com.br\/analitica\/acoes\/VALE3\" target=\"_blank\">\n\t\t\t\t\t<span>\n\t\t\t\t\t\tVer mais cota\u00e7\u00f5es\n\t\t\t\t\t<\/span>\n\t\t\t\t\t<svg xmlns=\"http:\/\/www.w3.org\/2000\/svg\" width=\"9\" height=\"8\" viewBox=\"0 0 9 8\" fill=\"none\">\n\t\t\t\t\t\t<path d=\"M4.20996 0L3.50496 0.705L6.29496 3.5H0.209961V4.5H6.29496L3.50496 7.295L4.20996 8L8.20996 4L4.20996 0Z\" fill=\"#D42126\" \/>\n\t\t\t\t\t<\/svg>\n\t\t\t\t<\/a>\n    <\/div>\n\n    <\/div>\n  <\/div>\n<\/div>\n\n\n<script type=\"text\/javascript\">\n  let chart_a5f6c7c69b877472c42c36c2d0d8657b = document.getElementById('chart-a5f6c7c69b877472c42c36c2d0d8657b');\n  let data_json_a5f6c7c69b877472c42c36c2d0d8657b = \"[{\\\"date\\\":\\\"06\\\\\\\/02\\\\\\\/24 10:10\\\",\\\"value\\\":65.9},{\\\"date\\\":\\\"06\\\\\\\/02\\\\\\\/24 10:20\\\",\\\"value\\\":65.89},{\\\"date\\\":\\\"06\\\\\\\/02\\\\\\\/24 10:30\\\",\\\"value\\\":65.9},{\\\"date\\\":\\\"06\\\\\\\/02\\\\\\\/24 10:40\\\",\\\"value\\\":66.35},{\\\"date\\\":\\\"06\\\\\\\/02\\\\\\\/24 11:00\\\",\\\"value\\\":66.61},{\\\"date\\\":\\\"06\\\\\\\/02\\\\\\\/24 11:10\\\",\\\"value\\\":66.82},{\\\"date\\\":\\\"06\\\\\\\/02\\\\\\\/24 11:20\\\",\\\"value\\\":66.77},{\\\"date\\\":\\\"06\\\\\\\/02\\\\\\\/24 11:30\\\",\\\"value\\\":66.73},{\\\"date\\\":\\\"06\\\\\\\/02\\\\\\\/24 11:40\\\",\\\"value\\\":66.59},{\\\"date\\\":\\\"06\\\\\\\/02\\\\\\\/24 11:50\\\",\\\"value\\\":66.6},{\\\"date\\\":\\\"06\\\\\\\/02\\\\\\\/24 12:00\\\",\\\"value\\\":66.25},{\\\"date\\\":\\\"06\\\\\\\/02\\\\\\\/24 12:10\\\",\\\"value\\\":66.51},{\\\"date\\\":\\\"06\\\\\\\/02\\\\\\\/24 12:20\\\",\\\"value\\\":66.63},{\\\"date\\\":\\\"06\\\\\\\/02\\\\\\\/24 12:30\\\",\\\"value\\\":66.59},{\\\"date\\\":\\\"06\\\\\\\/02\\\\\\\/24 12:40\\\",\\\"value\\\":66.52},{\\\"date\\\":\\\"06\\\\\\\/02\\\\\\\/24 12:50\\\",\\\"value\\\":66.52},{\\\"date\\\":\\\"06\\\\\\\/02\\\\\\\/24 13:00\\\",\\\"value\\\":66.5},{\\\"date\\\":\\\"06\\\\\\\/02\\\\\\\/24 13:10\\\",\\\"value\\\":66.44},{\\\"date\\\":\\\"06\\\\\\\/02\\\\\\\/24 13:20\\\",\\\"value\\\":66.5},{\\\"date\\\":\\\"06\\\\\\\/02\\\\\\\/24 13:30\\\",\\\"value\\\":66.6},{\\\"date\\\":\\\"06\\\\\\\/02\\\\\\\/24 13:40\\\",\\\"value\\\":66.6},{\\\"date\\\":\\\"06\\\\\\\/02\\\\\\\/24 13:50\\\",\\\"value\\\":66.57},{\\\"date\\\":\\\"06\\\\\\\/02\\\\\\\/24 15:00\\\",\\\"value\\\":66.58},{\\\"date\\\":\\\"06\\\\\\\/02\\\\\\\/24 15:10\\\",\\\"value\\\":66.62},{\\\"date\\\":\\\"06\\\\\\\/02\\\\\\\/24 15:20\\\",\\\"value\\\":66.7},{\\\"date\\\":\\\"06\\\\\\\/02\\\\\\\/24 15:30\\\",\\\"value\\\":66.7},{\\\"date\\\":\\\"06\\\\\\\/02\\\\\\\/24 15:40\\\",\\\"value\\\":66.68},{\\\"date\\\":\\\"07\\\\\\\/02\\\\\\\/24 10:10\\\",\\\"value\\\":66.9},{\\\"date\\\":\\\"07\\\\\\\/02\\\\\\\/24 10:20\\\",\\\"value\\\":66.78},{\\\"date\\\":\\\"07\\\\\\\/02\\\\\\\/24 10:30\\\",\\\"value\\\":66.59},{\\\"date\\\":\\\"07\\\\\\\/02\\\\\\\/24 10:40\\\",\\\"value\\\":66.54},{\\\"date\\\":\\\"07\\\\\\\/02\\\\\\\/24 10:50\\\",\\\"value\\\":66.6},{\\\"date\\\":\\\"07\\\\\\\/02\\\\\\\/24 11:00\\\",\\\"value\\\":66.64},{\\\"date\\\":\\\"07\\\\\\\/02\\\\\\\/24 11:10\\\",\\\"value\\\":66.78},{\\\"date\\\":\\\"07\\\\\\\/02\\\\\\\/24 11:20\\\",\\\"value\\\":66.68},{\\\"date\\\":\\\"07\\\\\\\/02\\\\\\\/24 11:30\\\",\\\"value\\\":66.76},{\\\"date\\\":\\\"07\\\\\\\/02\\\\\\\/24 11:40\\\",\\\"value\\\":66.77},{\\\"date\\\":\\\"07\\\\\\\/02\\\\\\\/24 11:50\\\",\\\"value\\\":66.8},{\\\"date\\\":\\\"07\\\\\\\/02\\\\\\\/24 12:00\\\",\\\"value\\\":66.71},{\\\"date\\\":\\\"07\\\\\\\/02\\\\\\\/24 12:10\\\",\\\"value\\\":66.78},{\\\"date\\\":\\\"07\\\\\\\/02\\\\\\\/24 12:20\\\",\\\"value\\\":66.84},{\\\"date\\\":\\\"07\\\\\\\/02\\\\\\\/24 15:20\\\",\\\"value\\\":66.78},{\\\"date\\\":\\\"07\\\\\\\/02\\\\\\\/24 15:30\\\",\\\"value\\\":66.86},{\\\"date\\\":\\\"07\\\\\\\/02\\\\\\\/24 15:40\\\",\\\"value\\\":66.78},{\\\"date\\\":\\\"07\\\\\\\/02\\\\\\\/24 15:50\\\",\\\"value\\\":66.81},{\\\"date\\\":\\\"07\\\\\\\/02\\\\\\\/24 16:00\\\",\\\"value\\\":66.77},{\\\"date\\\":\\\"08\\\\\\\/02\\\\\\\/24 10:10\\\",\\\"value\\\":67.36},{\\\"date\\\":\\\"08\\\\\\\/02\\\\\\\/24 13:00\\\",\\\"value\\\":66.44},{\\\"date\\\":\\\"08\\\\\\\/02\\\\\\\/24 13:10\\\",\\\"value\\\":66.47},{\\\"date\\\":\\\"08\\\\\\\/02\\\\\\\/24 13:20\\\",\\\"value\\\":66.63},{\\\"date\\\":\\\"08\\\\\\\/02\\\\\\\/24 13:30\\\",\\\"value\\\":66.5},{\\\"date\\\":\\\"08\\\\\\\/02\\\\\\\/24 14:50\\\",\\\"value\\\":66.41},{\\\"date\\\":\\\"08\\\\\\\/02\\\\\\\/24 15:00\\\",\\\"value\\\":66.35},{\\\"date\\\":\\\"08\\\\\\\/02\\\\\\\/24 15:10\\\",\\\"value\\\":66.31},{\\\"date\\\":\\\"08\\\\\\\/02\\\\\\\/24 15:20\\\",\\\"value\\\":66.39},{\\\"date\\\":\\\"08\\\\\\\/02\\\\\\\/24 15:30\\\",\\\"value\\\":66.43},{\\\"date\\\":\\\"08\\\\\\\/02\\\\\\\/24 15:40\\\",\\\"value\\\":66.41},{\\\"date\\\":\\\"08\\\\\\\/02\\\\\\\/24 15:50\\\",\\\"value\\\":66.27},{\\\"date\\\":\\\"08\\\\\\\/02\\\\\\\/24 16:00\\\",\\\"value\\\":66.29},{\\\"date\\\":\\\"08\\\\\\\/02\\\\\\\/24 16:10\\\",\\\"value\\\":66.29},{\\\"date\\\":\\\"08\\\\\\\/02\\\\\\\/24 16:20\\\",\\\"value\\\":66.27},{\\\"date\\\":\\\"08\\\\\\\/02\\\\\\\/24 16:30\\\",\\\"value\\\":66.25},{\\\"date\\\":\\\"08\\\\\\\/02\\\\\\\/24 16:40\\\",\\\"value\\\":66.2},{\\\"date\\\":\\\"08\\\\\\\/02\\\\\\\/24 16:50\\\",\\\"value\\\":66.16},{\\\"date\\\":\\\"08\\\\\\\/02\\\\\\\/24 17:00\\\",\\\"value\\\":66.13},{\\\"date\\\":\\\"08\\\\\\\/02\\\\\\\/24 17:10\\\",\\\"value\\\":66.06},{\\\"date\\\":\\\"08\\\\\\\/02\\\\\\\/24 17:20\\\",\\\"value\\\":66.12},{\\\"date\\\":\\\"08\\\\\\\/02\\\\\\\/24 17:30\\\",\\\"value\\\":66.15},{\\\"date\\\":\\\"08\\\\\\\/02\\\\\\\/24 17:40\\\",\\\"value\\\":66.17},{\\\"date\\\":\\\"08\\\\\\\/02\\\\\\\/24 17:50\\\",\\\"value\\\":66.06},{\\\"date\\\":\\\"09\\\\\\\/02\\\\\\\/24 10:10\\\",\\\"value\\\":66.3},{\\\"date\\\":\\\"09\\\\\\\/02\\\\\\\/24 10:20\\\",\\\"value\\\":66.31},{\\\"date\\\":\\\"09\\\\\\\/02\\\\\\\/24 10:30\\\",\\\"value\\\":66.33},{\\\"date\\\":\\\"09\\\\\\\/02\\\\\\\/24 10:40\\\",\\\"value\\\":66.53},{\\\"date\\\":\\\"09\\\\\\\/02\\\\\\\/24 12:10\\\",\\\"value\\\":65.68},{\\\"date\\\":\\\"09\\\\\\\/02\\\\\\\/24 12:20\\\",\\\"value\\\":65.47},{\\\"date\\\":\\\"09\\\\\\\/02\\\\\\\/24 12:30\\\",\\\"value\\\":65.48},{\\\"date\\\":\\\"09\\\\\\\/02\\\\\\\/24 12:40\\\",\\\"value\\\":65.42},{\\\"date\\\":\\\"09\\\\\\\/02\\\\\\\/24 12:50\\\",\\\"value\\\":65.52},{\\\"date\\\":\\\"09\\\\\\\/02\\\\\\\/24 13:00\\\",\\\"value\\\":65.47},{\\\"date\\\":\\\"09\\\\\\\/02\\\\\\\/24 13:10\\\",\\\"value\\\":65.49},{\\\"date\\\":\\\"09\\\\\\\/02\\\\\\\/24 13:20\\\",\\\"value\\\":65.47},{\\\"date\\\":\\\"09\\\\\\\/02\\\\\\\/24 13:30\\\",\\\"value\\\":65.57},{\\\"date\\\":\\\"09\\\\\\\/02\\\\\\\/24 15:20\\\",\\\"value\\\":65.8},{\\\"date\\\":\\\"09\\\\\\\/02\\\\\\\/24 15:30\\\",\\\"value\\\":65.84},{\\\"date\\\":\\\"09\\\\\\\/02\\\\\\\/24 15:40\\\",\\\"value\\\":65.76},{\\\"date\\\":\\\"09\\\\\\\/02\\\\\\\/24 15:50\\\",\\\"value\\\":65.78},{\\\"date\\\":\\\"09\\\\\\\/02\\\\\\\/24 16:00\\\",\\\"value\\\":65.95}]\";\n  let isPositive_a5f6c7c69b877472c42c36c2d0d8657b = true;\n\n  let color_a5f6c7c69b877472c42c36c2d0d8657b = isPositive_a5f6c7c69b877472c42c36c2d0d8657b ? '#3AB53A' : '#D92C2D';\n\n  let data_a5f6c7c69b877472c42c36c2d0d8657b = JSON.parse(data_json_a5f6c7c69b877472c42c36c2d0d8657b);\n\n  const result_a5f6c7c69b877472c42c36c2d0d8657b = {\n    date: [],\n    value: [],\n  };\n\n  data_a5f6c7c69b877472c42c36c2d0d8657b.forEach((item) => {\n    result_a5f6c7c69b877472c42c36c2d0d8657b.date.push(item.date);\n    result_a5f6c7c69b877472c42c36c2d0d8657b.value.push(Number(item.value));\n  });\n\n  let option_a5f6c7c69b877472c42c36c2d0d8657b = {\n    \/\/ variavel de cor global\n    color: [color_a5f6c7c69b877472c42c36c2d0d8657b],\n    title: {\n      text: '',\n    },\n    tooltip: {\n      trigger: 'axis',\n      axisPointer: {\n        type: 'cross',\n        label: {\n          \/\/ cor dos valores em X e Y\n          backgroundColor: color_a5f6c7c69b877472c42c36c2d0d8657b,\n          formatter: (value) => {\n            if (typeof value.value === 'number') {\n              return Number(value.value).toLocaleString('pt-br', {\n                style: 'currency',\n                currency: 'BRL'\n              });\n            }\n            return value.value;\n          },\n        },\n      },\n      valueFormatter: (value) => Number(value).toLocaleString('pt-br', {\n        style: 'currency',\n        currency: 'BRL'\n      }),\n    },\n    legend: {\n      \/\/ data: ['Valor de Fechamento'],\n      show: false,\n    },\n    toolbox: {\n      feature: {\n        saveAsImage: {\n          show: false,\n        },\n      },\n    },\n    grid: {\n      left: '0px',\n      right: '0px',\n      bottom: '0px',\n      containLabel: true,\n    },\n    xAxis: [{\n      type: 'category',\n      data: result_a5f6c7c69b877472c42c36c2d0d8657b.date,\n      boundaryGap: true,\n    }],\n    yAxis: [{\n      type: 'value',\n      min: Math.min(...result_a5f6c7c69b877472c42c36c2d0d8657b.value),\n      max: Math.max(...result_a5f6c7c69b877472c42c36c2d0d8657b.value),\n      axisLabel: {\n        formatter: (value) => value.toLocaleString('pt-br', {\n          style: 'currency',\n          currency: 'BRL'\n        }),\n      },\n    }],\n    series: [{\n      name: 'Valor de Fechamento',\n      type: 'line',\n      stack: 'Total',\n      \/\/ cor do grafico\n      areaStyle: {},\n      emphasis: {\n        focus: 'series',\n      },\n      data: result_a5f6c7c69b877472c42c36c2d0d8657b.value,\n      \/\/ cor da linha\n      lineStyle: {\n        color: color_a5f6c7c69b877472c42c36c2d0d8657b,\n      },\n    }, ],\n  };\n\n\twindow.chart_a5f6c7c69b877472c42c36c2d0d8657b = {\n\t\tel: chart_a5f6c7c69b877472c42c36c2d0d8657b,\n\t\toption: option_a5f6c7c69b877472c42c36c2d0d8657b\t};\n\n\n<\/script>\n\n\n\t<p>\n\t\t<a href=\"https:\/\/lp.suno.com.br\/plataforma-de-controle-de-investimentos\/\" target=\"_blank\" data-element=\"shortcode-suno-banner\" title=\"Banner SUNO, clique e saiba mais\">\n\t\t\t<picture>\n\t\t\t\t<source media=\"(max-width: 500px)\" srcset=\"https:\/\/files.sunoresearch.com.br\/n\/uploads\/2023\/03\/400x300-Controle-de-Investimentos.png\">\n\t\t\t\t<img class=\"newsContent__article__imgCapa newsContent__article__imgCapa--banner\"\n\t\t\t\t\tsrc=\"https:\/\/files.sunoresearch.com.br\/n\/uploads\/2023\/03\/1420x240-Controle-de-Investimentos.png\"\n\t\t\t\t\tdata-promo-id=\"383162\"\t\t\t\t\t\t\t\t\t\twidth='1420' height='240'\t\t\t\t\talt=\"https:\/\/files.sunoresearch.com.br\/n\/uploads\/2023\/03\/1420x240-Controle-de-Investimentos.png\"\n\t\t\t\t>\n\t\t\t<\/picture>\n\t\t<\/a>\n\t<\/p>\n\n\n","protected":false},"excerpt":{"rendered":"<p>Ap\u00f3s conversas com a administra\u00e7\u00e3o da Vale (VALE3), analistas do BTG Pactual (BPAC11) pontuaram em relat\u00f3rio que a administra\u00e7\u00e3o da companhia est\u00e1 confiante em rela\u00e7\u00e3o \u00e0s metas de produ\u00e7\u00e3o e custos para 2024, al\u00e9m de muito empenhada em recuperar a confian\u00e7a dos investidores. Vale sobe 1,92% e lidera ganhos do dia. Foto: Ag\u00eancia Vale Em [&hellip;]<\/p>\n","protected":false},"author":313,"featured_media":394402,"comment_status":"closed","ping_status":"closed","sticky":false,"template":"","format":"standard","meta":[],"categories":[64],"tags":[286,105816,676],"suno_strategy":[],"class_list":["post-522633","post","type-post","status-publish","format-standard","has-post-thumbnail","hentry","category-negocios","tag-acoes","tag-especialistas","tag-vale-vale3"],"yoast_head":"<!-- This site is optimized with the Yoast SEO plugin v24.4 - https:\/\/yoast.com\/wordpress\/plugins\/seo\/ -->\n<title>Vale (VALE3) quer recuperar a confian\u00e7a dos investidores, diz BTG<\/title>\n<meta name=\"description\" content=\"O BTG Pactual pontuou em relat\u00f3rio que a administra\u00e7\u00e3o da Vale est\u00e1 confiante em rela\u00e7\u00e3o \u00e0s metas de produ\u00e7\u00e3o e custos para 2024.\" \/>\n<meta name=\"robots\" content=\"index, follow, max-snippet:-1, max-image-preview:large, max-video-preview:-1\" \/>\n<link rel=\"canonical\" href=\"https:\/\/www.suno.com.br\/noticias\/vale-vale3-investidores-btg-gpj\/\" \/>\n<meta property=\"og:locale\" content=\"pt_BR\" \/>\n<meta property=\"og:type\" content=\"article\" \/>\n<meta property=\"og:title\" content=\"Vale (VALE3) quer recuperar a confian\u00e7a dos investidores, diz BTG\" \/>\n<meta property=\"og:description\" content=\"O BTG Pactual pontuou em relat\u00f3rio que a administra\u00e7\u00e3o da Vale est\u00e1 confiante em rela\u00e7\u00e3o \u00e0s metas de produ\u00e7\u00e3o e custos para 2024.\" \/>\n<meta property=\"og:url\" content=\"https:\/\/www.suno.com.br\/noticias\/vale-vale3-investidores-btg-gpj\/\" \/>\n<meta property=\"og:site_name\" content=\"Suno Not\u00edcias\" \/>\n<meta property=\"article:publisher\" content=\"https:\/\/facebook.com\/sunoresearch\" \/>\n<meta property=\"og:image\" content=\"https:\/\/files.sunoresearch.com.br\/n\/uploads\/2023\/04\/vale_vale3-1.jpg\" \/>\n\t<meta property=\"og:image:width\" content=\"1200\" \/>\n\t<meta property=\"og:image:height\" content=\"801\" \/>\n\t<meta property=\"og:image:type\" content=\"image\/jpeg\" \/>\n<meta name=\"author\" content=\"Giovanni Porf\u00edrio Jacomino\" \/>\n<meta name=\"twitter:card\" content=\"summary_large_image\" \/>\n<meta name=\"twitter:creator\" content=\"@sunoresearch\" \/>\n<meta name=\"twitter:site\" content=\"@sunoresearch\" \/>\n<meta name=\"twitter:label1\" content=\"Escrito por\" \/>\n\t<meta name=\"twitter:data1\" content=\"Giovanni Porf\u00edrio Jacomino\" \/>\n\t<meta name=\"twitter:label2\" content=\"Est. tempo de leitura\" \/>\n\t<meta name=\"twitter:data2\" content=\"5 minutos\" \/>\n<script type=\"application\/ld+json\" class=\"yoast-schema-graph\">{\"@context\":\"https:\/\/schema.org\",\"@graph\":[{\"@type\":\"NewsArticle\",\"@id\":\"https:\/\/www.suno.com.br\/noticias\/vale-vale3-investidores-btg-gpj\/#article\",\"isPartOf\":{\"@id\":\"https:\/\/www.suno.com.br\/noticias\/vale-vale3-investidores-btg-gpj\/\"},\"author\":{\"name\":\"Giovanni Porf\u00edrio Jacomino\",\"@id\":\"https:\/\/www.suno.com.br\/noticias\/#\/schema\/person\/d0f32748bbca4bee871fa191ee4e2d40\"},\"headline\":\"Vale (VALE3) est\u00e1 empenhada em recuperar a confian\u00e7a dos investidores, diz BTG\",\"datePublished\":\"2024-02-12T19:35:12+00:00\",\"dateModified\":\"2024-02-12T22:42:24+00:00\",\"mainEntityOfPage\":{\"@id\":\"https:\/\/www.suno.com.br\/noticias\/vale-vale3-investidores-btg-gpj\/\"},\"wordCount\":872,\"publisher\":{\"@id\":\"https:\/\/www.suno.com.br\/noticias\/#organization\"},\"image\":{\"@id\":\"https:\/\/www.suno.com.br\/noticias\/vale-vale3-investidores-btg-gpj\/#primaryimage\"},\"thumbnailUrl\":\"https:\/\/files.sunoresearch.com.br\/n\/uploads\/2023\/04\/vale_vale3-1.jpg\",\"keywords\":[\"A\u00e7\u00f5es\",\"Especialistas\",\"Vale (VALE3)\"],\"articleSection\":[\"Neg\u00f3cios\"],\"inLanguage\":\"pt-BR\"},{\"@type\":\"WebPage\",\"@id\":\"https:\/\/www.suno.com.br\/noticias\/vale-vale3-investidores-btg-gpj\/\",\"url\":\"https:\/\/www.suno.com.br\/noticias\/vale-vale3-investidores-btg-gpj\/\",\"name\":\"Vale (VALE3) quer recuperar a confian\u00e7a dos investidores, diz BTG\",\"isPartOf\":{\"@id\":\"https:\/\/www.suno.com.br\/noticias\/#website\"},\"primaryImageOfPage\":{\"@id\":\"https:\/\/www.suno.com.br\/noticias\/vale-vale3-investidores-btg-gpj\/#primaryimage\"},\"image\":{\"@id\":\"https:\/\/www.suno.com.br\/noticias\/vale-vale3-investidores-btg-gpj\/#primaryimage\"},\"thumbnailUrl\":\"https:\/\/files.sunoresearch.com.br\/n\/uploads\/2023\/04\/vale_vale3-1.jpg\",\"datePublished\":\"2024-02-12T19:35:12+00:00\",\"dateModified\":\"2024-02-12T22:42:24+00:00\",\"description\":\"O BTG Pactual pontuou em relat\u00f3rio que a administra\u00e7\u00e3o da Vale est\u00e1 confiante em rela\u00e7\u00e3o \u00e0s metas de produ\u00e7\u00e3o e custos para 2024.\",\"breadcrumb\":{\"@id\":\"https:\/\/www.suno.com.br\/noticias\/vale-vale3-investidores-btg-gpj\/#breadcrumb\"},\"inLanguage\":\"pt-BR\",\"potentialAction\":[{\"@type\":\"ReadAction\",\"target\":[\"https:\/\/www.suno.com.br\/noticias\/vale-vale3-investidores-btg-gpj\/\"]}]},{\"@type\":\"ImageObject\",\"inLanguage\":\"pt-BR\",\"@id\":\"https:\/\/www.suno.com.br\/noticias\/vale-vale3-investidores-btg-gpj\/#primaryimage\",\"url\":\"https:\/\/files.sunoresearch.com.br\/n\/uploads\/2023\/04\/vale_vale3-1.jpg\",\"contentUrl\":\"https:\/\/files.sunoresearch.com.br\/n\/uploads\/2023\/04\/vale_vale3-1.jpg\",\"width\":1200,\"height\":801,\"caption\":\"Vale sobe 1,92% e lidera ganhos do dia. Foto: Ag\u00eancia Vale\"},{\"@type\":\"BreadcrumbList\",\"@id\":\"https:\/\/www.suno.com.br\/noticias\/vale-vale3-investidores-btg-gpj\/#breadcrumb\",\"itemListElement\":[{\"@type\":\"ListItem\",\"position\":1,\"name\":\"Not\u00edcias\",\"item\":\"https:\/\/www.suno.com.br\/noticias\/\"},{\"@type\":\"ListItem\",\"position\":2,\"name\":\"Neg\u00f3cios\",\"item\":\"https:\/\/www.suno.com.br\/noticias\/negocios\/\"},{\"@type\":\"ListItem\",\"position\":3,\"name\":\"Vale (VALE3) est\u00e1 empenhada em recuperar a confian\u00e7a dos investidores, diz BTG\"}]},{\"@type\":\"WebSite\",\"@id\":\"https:\/\/www.suno.com.br\/noticias\/#website\",\"url\":\"https:\/\/www.suno.com.br\/noticias\/\",\"name\":\"Suno Not\u00edcias\",\"description\":\"Seu portal de informa\u00e7\u00e3o sobre o mundo dos investimentos\",\"publisher\":{\"@id\":\"https:\/\/www.suno.com.br\/noticias\/#organization\"},\"potentialAction\":[{\"@type\":\"SearchAction\",\"target\":{\"@type\":\"EntryPoint\",\"urlTemplate\":\"https:\/\/www.suno.com.br\/noticias\/?s={search_term_string}\"},\"query-input\":{\"@type\":\"PropertyValueSpecification\",\"valueRequired\":true,\"valueName\":\"search_term_string\"}}],\"inLanguage\":\"pt-BR\"},{\"@type\":\"Organization\",\"@id\":\"https:\/\/www.suno.com.br\/noticias\/#organization\",\"name\":\"Suno Not\u00edcias\",\"url\":\"https:\/\/www.suno.com.br\/noticias\/\",\"logo\":{\"@type\":\"ImageObject\",\"inLanguage\":\"pt-BR\",\"@id\":\"https:\/\/www.suno.com.br\/noticias\/#\/schema\/logo\/image\/\",\"url\":\"https:\/\/files.sunoresearch.com.br\/n\/uploads\/2021\/09\/suno-logo.png\",\"contentUrl\":\"https:\/\/files.sunoresearch.com.br\/n\/uploads\/2021\/09\/suno-logo.png\",\"width\":180,\"height\":180,\"caption\":\"Suno Not\u00edcias\"},\"image\":{\"@id\":\"https:\/\/www.suno.com.br\/noticias\/#\/schema\/logo\/image\/\"},\"sameAs\":[\"https:\/\/facebook.com\/sunoresearch\",\"https:\/\/x.com\/sunoresearch\",\"https:\/\/www.instagram.com\/suno\",\"https:\/\/www.linkedin.com\/company\/suno-research\/\",\"https:\/\/www.youtube.com\/c\/sunoresearch\"]},{\"@type\":\"Person\",\"@id\":\"https:\/\/www.suno.com.br\/noticias\/#\/schema\/person\/d0f32748bbca4bee871fa191ee4e2d40\",\"name\":\"Giovanni Porf\u00edrio Jacomino\",\"image\":{\"@type\":\"ImageObject\",\"inLanguage\":\"pt-BR\",\"@id\":\"https:\/\/www.suno.com.br\/noticias\/#\/schema\/person\/image\/\",\"url\":\"https:\/\/secure.gravatar.com\/avatar\/efb32e19b730a121cb7a80f41ffec01a?s=96&r=g\",\"contentUrl\":\"https:\/\/secure.gravatar.com\/avatar\/efb32e19b730a121cb7a80f41ffec01a?s=96&r=g\",\"caption\":\"Giovanni Porf\u00edrio Jacomino\"},\"description\":\"Giovanni Porf\u00edrio Jacomino \u00e9 jornalista formado pela Universidade Estadual de Londrina (UEL) e p\u00f3s-graduado em Produ\u00e7\u00e3o e Pr\u00e1ticas Jornal\u00edsticas na Contemporaneidade na Faculdade C\u00e1sper L\u00edbero (FCL). Foi editor web no Startupi e no Finsiders, atuando ainda como editor no TC Mover, portal de not\u00edcias da TradersClub, fazendo a cobertura de assuntos relacionados ao mercado financeiro interno e externo. Atualmente, \u00e9 Rep\u00f3rter do Suno Not\u00edcias.\",\"url\":\"https:\/\/www.suno.com.br\/noticias\/author\/giovanni-porfiriosuno-com-br\/\"}]}<\/script>\n<!-- \/ Yoast SEO plugin. -->","yoast_head_json":{"title":"Vale (VALE3) quer recuperar a confian\u00e7a dos investidores, diz BTG","description":"O BTG Pactual pontuou em relat\u00f3rio que a administra\u00e7\u00e3o da Vale est\u00e1 confiante em rela\u00e7\u00e3o \u00e0s metas de produ\u00e7\u00e3o e custos para 2024.","robots":{"index":"index","follow":"follow","max-snippet":"max-snippet:-1","max-image-preview":"max-image-preview:large","max-video-preview":"max-video-preview:-1"},"canonical":"https:\/\/www.suno.com.br\/noticias\/vale-vale3-investidores-btg-gpj\/","og_locale":"pt_BR","og_type":"article","og_title":"Vale (VALE3) quer recuperar a confian\u00e7a dos investidores, diz BTG","og_description":"O BTG Pactual pontuou em relat\u00f3rio que a administra\u00e7\u00e3o da Vale est\u00e1 confiante em rela\u00e7\u00e3o \u00e0s metas de produ\u00e7\u00e3o e custos para 2024.","og_url":"https:\/\/www.suno.com.br\/noticias\/vale-vale3-investidores-btg-gpj\/","og_site_name":"Suno Not\u00edcias","article_publisher":"https:\/\/facebook.com\/sunoresearch","og_image":[{"width":1200,"height":801,"url":"https:\/\/files.sunoresearch.com.br\/n\/uploads\/2023\/04\/vale_vale3-1.jpg","type":"image\/jpeg"}],"author":"Giovanni Porf\u00edrio Jacomino","twitter_card":"summary_large_image","twitter_creator":"@sunoresearch","twitter_site":"@sunoresearch","twitter_misc":{"Escrito por":"Giovanni Porf\u00edrio Jacomino","Est. tempo de leitura":"5 minutos"},"schema":{"@context":"https:\/\/schema.org","@graph":[{"@type":"NewsArticle","@id":"https:\/\/www.suno.com.br\/noticias\/vale-vale3-investidores-btg-gpj\/#article","isPartOf":{"@id":"https:\/\/www.suno.com.br\/noticias\/vale-vale3-investidores-btg-gpj\/"},"author":{"name":"Giovanni Porf\u00edrio Jacomino","@id":"https:\/\/www.suno.com.br\/noticias\/#\/schema\/person\/d0f32748bbca4bee871fa191ee4e2d40"},"headline":"Vale (VALE3) est\u00e1 empenhada em recuperar a confian\u00e7a dos investidores, diz BTG","datePublished":"2024-02-12T19:35:12+00:00","dateModified":"2024-02-12T22:42:24+00:00","mainEntityOfPage":{"@id":"https:\/\/www.suno.com.br\/noticias\/vale-vale3-investidores-btg-gpj\/"},"wordCount":872,"publisher":{"@id":"https:\/\/www.suno.com.br\/noticias\/#organization"},"image":{"@id":"https:\/\/www.suno.com.br\/noticias\/vale-vale3-investidores-btg-gpj\/#primaryimage"},"thumbnailUrl":"https:\/\/files.sunoresearch.com.br\/n\/uploads\/2023\/04\/vale_vale3-1.jpg","keywords":["A\u00e7\u00f5es","Especialistas","Vale (VALE3)"],"articleSection":["Neg\u00f3cios"],"inLanguage":"pt-BR"},{"@type":"WebPage","@id":"https:\/\/www.suno.com.br\/noticias\/vale-vale3-investidores-btg-gpj\/","url":"https:\/\/www.suno.com.br\/noticias\/vale-vale3-investidores-btg-gpj\/","name":"Vale (VALE3) quer recuperar a confian\u00e7a dos investidores, diz BTG","isPartOf":{"@id":"https:\/\/www.suno.com.br\/noticias\/#website"},"primaryImageOfPage":{"@id":"https:\/\/www.suno.com.br\/noticias\/vale-vale3-investidores-btg-gpj\/#primaryimage"},"image":{"@id":"https:\/\/www.suno.com.br\/noticias\/vale-vale3-investidores-btg-gpj\/#primaryimage"},"thumbnailUrl":"https:\/\/files.sunoresearch.com.br\/n\/uploads\/2023\/04\/vale_vale3-1.jpg","datePublished":"2024-02-12T19:35:12+00:00","dateModified":"2024-02-12T22:42:24+00:00","description":"O BTG Pactual pontuou em relat\u00f3rio que a administra\u00e7\u00e3o da Vale est\u00e1 confiante em rela\u00e7\u00e3o \u00e0s metas de produ\u00e7\u00e3o e custos para 2024.","breadcrumb":{"@id":"https:\/\/www.suno.com.br\/noticias\/vale-vale3-investidores-btg-gpj\/#breadcrumb"},"inLanguage":"pt-BR","potentialAction":[{"@type":"ReadAction","target":["https:\/\/www.suno.com.br\/noticias\/vale-vale3-investidores-btg-gpj\/"]}]},{"@type":"ImageObject","inLanguage":"pt-BR","@id":"https:\/\/www.suno.com.br\/noticias\/vale-vale3-investidores-btg-gpj\/#primaryimage","url":"https:\/\/files.sunoresearch.com.br\/n\/uploads\/2023\/04\/vale_vale3-1.jpg","contentUrl":"https:\/\/files.sunoresearch.com.br\/n\/uploads\/2023\/04\/vale_vale3-1.jpg","width":1200,"height":801,"caption":"Vale sobe 1,92% e lidera ganhos do dia. Foto: Ag\u00eancia Vale"},{"@type":"BreadcrumbList","@id":"https:\/\/www.suno.com.br\/noticias\/vale-vale3-investidores-btg-gpj\/#breadcrumb","itemListElement":[{"@type":"ListItem","position":1,"name":"Not\u00edcias","item":"https:\/\/www.suno.com.br\/noticias\/"},{"@type":"ListItem","position":2,"name":"Neg\u00f3cios","item":"https:\/\/www.suno.com.br\/noticias\/negocios\/"},{"@type":"ListItem","position":3,"name":"Vale (VALE3) est\u00e1 empenhada em recuperar a confian\u00e7a dos investidores, diz BTG"}]},{"@type":"WebSite","@id":"https:\/\/www.suno.com.br\/noticias\/#website","url":"https:\/\/www.suno.com.br\/noticias\/","name":"Suno Not\u00edcias","description":"Seu portal de informa\u00e7\u00e3o sobre o mundo dos investimentos","publisher":{"@id":"https:\/\/www.suno.com.br\/noticias\/#organization"},"potentialAction":[{"@type":"SearchAction","target":{"@type":"EntryPoint","urlTemplate":"https:\/\/www.suno.com.br\/noticias\/?s={search_term_string}"},"query-input":{"@type":"PropertyValueSpecification","valueRequired":true,"valueName":"search_term_string"}}],"inLanguage":"pt-BR"},{"@type":"Organization","@id":"https:\/\/www.suno.com.br\/noticias\/#organization","name":"Suno Not\u00edcias","url":"https:\/\/www.suno.com.br\/noticias\/","logo":{"@type":"ImageObject","inLanguage":"pt-BR","@id":"https:\/\/www.suno.com.br\/noticias\/#\/schema\/logo\/image\/","url":"https:\/\/files.sunoresearch.com.br\/n\/uploads\/2021\/09\/suno-logo.png","contentUrl":"https:\/\/files.sunoresearch.com.br\/n\/uploads\/2021\/09\/suno-logo.png","width":180,"height":180,"caption":"Suno Not\u00edcias"},"image":{"@id":"https:\/\/www.suno.com.br\/noticias\/#\/schema\/logo\/image\/"},"sameAs":["https:\/\/facebook.com\/sunoresearch","https:\/\/x.com\/sunoresearch","https:\/\/www.instagram.com\/suno","https:\/\/www.linkedin.com\/company\/suno-research\/","https:\/\/www.youtube.com\/c\/sunoresearch"]},{"@type":"Person","@id":"https:\/\/www.suno.com.br\/noticias\/#\/schema\/person\/d0f32748bbca4bee871fa191ee4e2d40","name":"Giovanni Porf\u00edrio Jacomino","image":{"@type":"ImageObject","inLanguage":"pt-BR","@id":"https:\/\/www.suno.com.br\/noticias\/#\/schema\/person\/image\/","url":"https:\/\/secure.gravatar.com\/avatar\/efb32e19b730a121cb7a80f41ffec01a?s=96&r=g","contentUrl":"https:\/\/secure.gravatar.com\/avatar\/efb32e19b730a121cb7a80f41ffec01a?s=96&r=g","caption":"Giovanni Porf\u00edrio Jacomino"},"description":"Giovanni Porf\u00edrio Jacomino \u00e9 jornalista formado pela Universidade Estadual de Londrina (UEL) e p\u00f3s-graduado em Produ\u00e7\u00e3o e Pr\u00e1ticas Jornal\u00edsticas na Contemporaneidade na Faculdade C\u00e1sper L\u00edbero (FCL). Foi editor web no Startupi e no Finsiders, atuando ainda como editor no TC Mover, portal de not\u00edcias da TradersClub, fazendo a cobertura de assuntos relacionados ao mercado financeiro interno e externo. Atualmente, \u00e9 Rep\u00f3rter do Suno Not\u00edcias.","url":"https:\/\/www.suno.com.br\/noticias\/author\/giovanni-porfiriosuno-com-br\/"}]}},"default_loop_html":"<div class=\"cardsPage__listCard__boxs\"><div class=\"cardsPage__listCard__boxs__img\"><a href=\"https:\/\/www.suno.com.br\/noticias\/vale-vale3-investidores-btg-gpj\/\"><img class=\"mask\" src=\"https:\/\/www.suno.com.br\/noticias\/wp-content\/themes\/suno\/resources\/images\/spotlight\/spotlight1img\/bg-mask.png\" alt=\"Image Mask\"\/><img src=\"https:\/\/files.sunoresearch.com.br\/n\/uploads\/2023\/04\/vale_vale3-1-400x200.jpg\" alt=\"Vale (VALE3) est\u00e1 empenhada em recuperar a confian\u00e7a dos investidores, diz BTG\"\/><\/a><span class=\"spotlightCategory\"><a href=\"https:\/\/www.suno.com.br\/noticias\/negocios\/\">Neg\u00f3cios<\/a><\/span><\/div><div class=\"cardsPage__listCard__boxs__content\"><a href=\"https:\/\/www.suno.com.br\/noticias\/vale-vale3-investidores-btg-gpj\/\"><h2 class=\"content__title\">Vale (VALE3) est\u00e1 empenhada em recuperar a confian\u00e7a dos investidores, diz BTG<\/h2><\/a><div class=\"newsContent__article__meta\"><div class=\"newsContent__article__meta__authorBox\"><a href=\"https:\/\/www.suno.com.br\/noticias\/author\/vini08correiagmail-com\/\" class=\"authorBox__avatar noMobi\"><img src=\"https:\/\/files.sunoresearch.com.br\/n\/uploads\/2026\/04\/WhatsApp-Image-2026-04-20-at-19.35.48-150x150.webp\" alt=\"Vin\u00edcius Alves\"><\/a><div class=\"authorBox__name\"><span>por\n\t\t\t<a href=\"https:\/\/www.suno.com.br\/noticias\/author\/vini08correiagmail-com\/\"><span itemprop=\"author\">Vin\u00edcius Alves<\/span><\/a><\/span><time datetime=\"2024-02-12T16:35:12-03:00\" itemprop=\"datePublished\">12\/02\/2024 16:35<\/time><\/div><\/div><\/div><\/div><\/div>","single_layout":"posts","amp_enabled":true,"_links":{"self":[{"href":"https:\/\/www.suno.com.br\/noticias\/wp-json\/wp\/v2\/posts\/522633"}],"collection":[{"href":"https:\/\/www.suno.com.br\/noticias\/wp-json\/wp\/v2\/posts"}],"about":[{"href":"https:\/\/www.suno.com.br\/noticias\/wp-json\/wp\/v2\/types\/post"}],"author":[{"embeddable":true,"href":"https:\/\/www.suno.com.br\/noticias\/wp-json\/wp\/v2\/users\/313"}],"replies":[{"embeddable":true,"href":"https:\/\/www.suno.com.br\/noticias\/wp-json\/wp\/v2\/comments?post=522633"}],"version-history":[{"count":3,"href":"https:\/\/www.suno.com.br\/noticias\/wp-json\/wp\/v2\/posts\/522633\/revisions"}],"predecessor-version":[{"id":522672,"href":"https:\/\/www.suno.com.br\/noticias\/wp-json\/wp\/v2\/posts\/522633\/revisions\/522672"}],"wp:featuredmedia":[{"embeddable":true,"href":"https:\/\/www.suno.com.br\/noticias\/wp-json\/wp\/v2\/media\/394402"}],"wp:attachment":[{"href":"https:\/\/www.suno.com.br\/noticias\/wp-json\/wp\/v2\/media?parent=522633"}],"wp:term":[{"taxonomy":"category","embeddable":true,"href":"https:\/\/www.suno.com.br\/noticias\/wp-json\/wp\/v2\/categories?post=522633"},{"taxonomy":"post_tag","embeddable":true,"href":"https:\/\/www.suno.com.br\/noticias\/wp-json\/wp\/v2\/tags?post=522633"},{"taxonomy":"suno_strategy","embeddable":true,"href":"https:\/\/www.suno.com.br\/noticias\/wp-json\/wp\/v2\/suno_strategy?post=522633"}],"curies":[{"name":"wp","href":"https:\/\/api.w.org\/{rel}","templated":true}]}}