{"id":522631,"date":"2024-02-12T18:04:43","date_gmt":"2024-02-12T21:04:43","guid":{"rendered":"https:\/\/www.suno.com.br\/noticias\/?p=522631"},"modified":"2024-02-12T18:04:50","modified_gmt":"2024-02-12T21:04:50","slug":"bradesco-bbdc4-plano-estrategico-genial-gpj","status":"publish","type":"post","link":"https:\/\/www.suno.com.br\/noticias\/bradesco-bbdc4-plano-estrategico-genial-gpj\/","title":{"rendered":"Bradesco (BBDC4): com plano estrat\u00e9gico, banco quer fortalecer \u00e1reas em que j\u00e1 era competitivo, diz Genial"},"content":{"rendered":"<p>Ap\u00f3s conversa com o CEO do <strong>Bradesco<\/strong> (<a href=\"https:\/\/statusinvest.com.br\/acoes\/bbdc4\">BBDC4<\/a>), Marcelo Noronha, que esclareceu diversos pontos do rec\u00e9m anunciado plano estrat\u00e9gico de 5 anos, analistas da Genial Investimentos pontuaram em relat\u00f3rio que o objetivo do banco com a medida \u00e9 expandir ainda mais suas compet\u00eancias nas \u00e1reas em que j\u00e1 era competitivo.<\/p>\t<div class=\"wrapper-featured-image\">\n\t\t<figure class=\"spotlightImg\">\n\n\t\t\t<picture>\n\t\t\t\t<source media=\"(max-width: 768px)\" srcset=\"https:\/\/files.sunoresearch.com.br\/n\/uploads\/2023\/05\/bradesco-400x200.jpg\">\n\t\t\t\t<img loading=\"lazy\" decoding=\"async\" class=\"newsContent__article__imgCapa lazyloadDisabled \" src=\"https:\/\/files.sunoresearch.com.br\/n\/uploads\/2023\/05\/bradesco-800x450.jpg\" width=\"800\" height=\"450\" alt=\"Bradesco (BBDC4): com plano estrat\u00e9gico, banco quer fortalecer \u00e1reas em que j\u00e1 era competitivo, diz Genial\" fetchpriority=high \/>\n\t\t\t<\/picture>\n\n\t\t\t<figcaption class=\"wp-caption-text wp-caption-text--show\">Bradesco (BBDC4). Foto: iStock<\/figcaption>\n\t\t<\/figure>\n\t<\/div>\n\n\n\n\n\n\n\n\t<p>\n\t\t<a href=\"\" target=\"_blank\" data-element=\"shortcode-suno-banner\" title=\"Banner SUNO, clique e saiba mais\">\n\t\t\t<picture>\n\t\t\t\t<source media=\"(max-width: 500px)\" srcset=\"\">\n\t\t\t\t<img class=\"newsContent__article__imgCapa newsContent__article__imgCapa--banner\"\n\t\t\t\t\tsrc=\"\"\n\t\t\t\t\tdata-promo-id=\"287932\"\t\t\t\t\t\t\t\t\t\t\t\t\t\t\talt=\"\"\n\t\t\t\t>\n\t\t\t<\/picture>\n\t\t<\/a>\n\t<\/p>\n\n\n\n\n\n<p>Os analistas Eduardo Nishio, Wagner Biondo e Felipe Oller lembraram no texto que o <strong>plano estrat\u00e9gico do Bradesco<\/strong> visa elevar de forma sustent\u00e1vel a rentabilidade (ROE) do banco dos modestos 10% em 2023 a patamares mais competitivos em rela\u00e7\u00e3o aos seus pares de refer\u00eancia, que possuem ROE acima de 20%. &#8220;Isso certamente superaria o <a href=\"https:\/\/www.suno.com.br\/artigos\/custo-de-capital\/\">custo de capital<\/a>, estimado em torno de 14-15%&#8221;, estimam.<\/p>\n\n\n\n<p>A Genial pontua ainda que o Bradesco busca expandir ainda mais suas compet\u00eancias nas \u00e1reas em que j\u00e1 era competitivo, como PME (Pequenas e M\u00e9dias Empresas) e varejo massificado. Segundo a casa, essas \u00e1reas foram respons\u00e1veis pelo aumento de inadimpl\u00eancia nesse ciclo de cr\u00e9dito e por consequ\u00eancia, o banco acabou sofrendo mais nesse ciclo pela sua grande exposi\u00e7\u00e3o a esses segmentos. <\/p>\n\n\n\n<p>&#8220;Consciente disso e de que demorou em fazer ajustes de limite e <a href=\"https:\/\/www.suno.com.br\/artigos\/concessao-de-credito\/\">concess\u00e3o de cr\u00e9dito<\/a>, a organiza\u00e7\u00e3o se prepara para expandir novamente nesses segmentos. Ir\u00e3o aumentar a aposta.\u00a0Ser\u00e1 o \u00fanico banco incumbente abertamente declarando a competir no baixa renda massificado confrontando os insurgentes neobanks (<strong>Nubank <\/strong>(<strong><a href=\"https:\/\/statusinvest.com.br\/bdrs\/roxo34\">ROXO34<\/a><\/strong>) e <strong>Inter<\/strong> (<strong><a href=\"https:\/\/statusinvest.com.br\/bdrs\/inbr32\">INBR32<\/a><\/strong>)).\u00a0<\/p>\n\n\n\n<p>Os analistas acrescentam tamb\u00e9m que para se tornar competitivo no massificado, o <strong>plano do Bradesco<\/strong> \u00e9 reduzir o custo de servir, digitaliza\u00e7\u00e3o e melhorar o <a href=\"https:\/\/www.suno.com.br\/artigos\/risco-de-credito\/\">risco de cr\u00e9dito<\/a>. J\u00e1 no PME, o banco possui <a href=\"https:\/\/www.suno.com.br\/artigos\/duas-empresas-com-vantagens-competitivas-que-pagam-altos-dividendos\/\">vantagens competitivas<\/a> de distribui\u00e7\u00e3o, e pretende lan\u00e7ar 150 plataformas regionais com mais autonomia e sistemas de relacionamento melhorados. \u00a0<\/p>\n\n\n\n<p>&#8220;Nossa percep\u00e7\u00e3o \u00e9 que os maiores desafios ser\u00e3o na \u00e1rea de mudan\u00e7a cultural e transforma\u00e7\u00e3o digital\/tecnologia. Notadamente, pela primeira vez na hist\u00f3ria do banco, o Bradesco est\u00e1 trazendo vice-presidentes (C-level) externos para encabe\u00e7ar as \u00e1reas de neg\u00f3cios digitais e recursos humanos que responder\u00e3o diretamente ao CEO&#8221;, dizem.<\/p>\n\n\n\n<p>&#8220;A mudan\u00e7a cultural envolve aumento de remunera\u00e7\u00e3o vari\u00e1vel baseada em resultados, cria\u00e7\u00e3o de b\u00f4nus pool para reten\u00e7\u00e3o de talentos, elimina\u00e7\u00e3o de cargos, aumentar a rapidez nas tomadas de decis\u00e3o e abrir mais a contrata\u00e7\u00e3o de profissionais externos em todos os n\u00edveis&#8221;, completam os analistas.<\/p>\n\n\n\n<p>De acordo com a Genial, <strong>Marcelo Noronha<\/strong>, que elaborou o plano em 60 dias ap\u00f3s ter assumido o cargo de CEO, reiterou \u00e0 casa que vai ter autonomia para implementar o plano e conta com o apoio do conselho. <\/p>\n\n\n\n<p>&#8220;Como mudan\u00e7as estruturais demoram, Noronha ressaltou que os resultados v\u00e3o ser graduais e preferiu ser conservador nas promessas, provavelmente refletidos no guidance de 2024, que na nossa vis\u00e3o podem ser superados, principalmente porque o ciclo de cr\u00e9dito deve melhorar. Noronha reiterou que 2024 ser\u00e1 um ano de transi\u00e7\u00e3o&#8221;, acrescentam.<\/p>\n\n\n\n<p>A Genial tem recomenda\u00e7\u00e3o de &#8216;compra&#8217; para as <strong>a\u00e7\u00f5es de Bradesco<\/strong>, com pre\u00e7o-alvo a R$ 20,30.<\/p>\n\n\n\t<div data-element=\"shortcode-read-more\" class=\"knowMore\">\n\t\t\t\t<span class=\"knowMore__title\">Leia mais<\/span>\n\t\t\t\t<a class=\"knowMore__link\" href=\"https:\/\/www.suno.com.br\/noticias\/bradesco-bbdc4-lucro-4t23-gpj\/\">\n\t\t\tBradesco (BBDC4): lucro sobe 80,4% no 4T23 e soma R$ 2,878 bilh\u00f5es; banco divulga proje\u00e7\u00f5es\t\t<\/a>\n\t<\/div>\n\n\n\n\n<h2 class=\"wp-block-heading\">Bradesco (BBDC4): resultado do 4T23 decepciona e mostra \u2018longo caminho para retomar o lucro pr\u00e9-pandemia\u2019<\/h2>\n\n\n\n<p>O\u00a0Bradesco\u00a0apresentou resultados abaixo do esperado no quarto trimestre de 2023 (4T23), apontam analistas. Segundo a <strong>XP<\/strong>, a vis\u00e3o decorre de uma\u00a0<a href=\"https:\/\/www.suno.com.br\/artigos\/o-que-receita-liquida\/\" target=\"_blank\" rel=\"noreferrer noopener\">receita l\u00edquida<\/a>\u00a0de juros (NII) mais suave, taxas mais baixas, maiores provis\u00f5es para perdas com empr\u00e9stimos e falhas em diversas linhas do guidance de 2023.<\/p>\n\n\n\n<p>No 4T23, os&nbsp;<strong>ganhos do Bradesco<\/strong>&nbsp;atingiram R$ 2,9 bilh\u00f5es, uma queda de 38% em rela\u00e7\u00e3o ao trimestre anterior. \u201cO resultado fraco foi impulsionado pela combina\u00e7\u00e3o de provis\u00f5es adicionais relacionadas a uma corpora\u00e7\u00e3o espec\u00edfica aliadas a&nbsp;<a href=\"https:\/\/www.suno.com.br\/artigos\/despesas-operacionais\/\" target=\"_blank\" rel=\"noreferrer noopener\">despesas operacionais<\/a>&nbsp;mais altas\u201d, diz a UBS-BB.&nbsp;<\/p>\n\n\n\n<p>Segundo o Banco Safra, o resultado negativo nas provis\u00f5es foi principalmente relacionado a uma provis\u00e3o adicional de R$ 1,650 bilh\u00e3o no segmento corporativo. Excluindo esse efeito, as provis\u00f5es seriam 5% abaixo da estimativa do banco.&nbsp;<\/p>\n\n\n\n<p>Ainda no lado negativo, o Safra destaca que as\u00a0<strong>receitas de tarifas do Bradesco<\/strong>\u00a0ca\u00edram 1% em rela\u00e7\u00e3o ao trimestre anterior (apesar do efeito positivo da sazonalidade) para R$ 9,028 bilh\u00f5es, impactadas negativamente principalmente pelas tarifas de conta corrente (queda de 3,9% em rela\u00e7\u00e3o ao trimestre anterior).\u00a0<\/p>\n\n\n\n<h2 class=\"wp-block-heading\">Bradesco: XP v\u00ea desempenho forte da unidade de seguros<\/h2>\n\n\n\n<p>As opera\u00e7\u00f5es de&nbsp;<strong>seguros do Bradesco<\/strong>&nbsp;tiveram&nbsp;<a target=\"_blank\" href=\"https:\/\/www.suno.com.br\/artigos\/lucro-liquido\/\" rel=\"noreferrer noopener\">lucro l\u00edquido<\/a>&nbsp;recorrente de R$ 2,486 bilh\u00f5es no quarto trimestre de 2023. O resultado \u00e9 31,4% maior que o do mesmo trimestre do ano anterior. Em rela\u00e7\u00e3o ao terceiro trimestre de 2023, houve aumento de 5,6%.<\/p>\n\n\n\n<p>Para a XP, fica cada vez mais clara a import\u00e2ncia do segmento para o <strong>Bradesco<\/strong>, uma vez que seu\u00a0<a href=\"https:\/\/www.suno.com.br\/artigos\/lucro-liquido\/\" target=\"_blank\" rel=\"noreferrer noopener\">lucro l\u00edquido<\/a>\u00a0representou 86% do lucro consolidado do trimestre (vs 51% no 3T23). \u201cLevando em considera\u00e7\u00e3o a contribui\u00e7\u00e3o do neg\u00f3cio de seguros para o <a href=\"https:\/\/www.suno.com.br\/artigos\/lucro-liquido\/\">lucro l\u00edquido<\/a>, continuamos preocupados com o n\u00edvel de rentabilidade que o banco de varejo est\u00e1 alcan\u00e7ando. Este resultado final implica um ROAE (Retorno sobre patrim\u00f4nio m\u00e9dio) de 10,0%\u201d, diz.<\/p>\n\n\n\t<p>\n\t\t<a href=\"https:\/\/lp.suno.com.br\/ebook-como-analisar-uma-acao\/\" target=\"_blank\" data-element=\"shortcode-suno-banner\" title=\"Banner SUNO, clique e saiba mais\">\n\t\t\t<picture>\n\t\t\t\t<source media=\"(max-width: 500px)\" srcset=\"https:\/\/files.sunoresearch.com.br\/n\/uploads\/2023\/03\/Ebook-Acoes-Mobile.jpg\">\n\t\t\t\t<img class=\"newsContent__article__imgCapa newsContent__article__imgCapa--banner\"\n\t\t\t\t\tsrc=\"https:\/\/files.sunoresearch.com.br\/n\/uploads\/2023\/03\/Ebook-Acoes-Desktop.jpg\"\n\t\t\t\t\tdata-promo-id=\"378302\"\t\t\t\t\t\t\t\t\t\twidth='1420' height='286'\t\t\t\t\talt=\"https:\/\/files.sunoresearch.com.br\/n\/uploads\/2023\/03\/Ebook-Acoes-Desktop.jpg\"\n\t\t\t\t>\n\t\t\t<\/picture>\n\t\t<\/a>\n\t<\/p>\n\n\n\n\n\n<h2 class=\"wp-block-heading\">Desempenho das a\u00e7\u00f5es do Bradesco<\/h2>\n\n\n\n<div class=\"pluginQuotation\">\n  <p class=\"ticker\">\n    Cota\u00e7\u00e3o <span>BBDC4<\/span>\n  <\/p>\n  <div class=\"info\">\n    <div class=\"leftSide\">\n      Gr\u00e1fico gerado em: 12\/02\/2024    <\/div>\n\t\t\t\t\t<div class=\"rightSide\">\n\t\t\t\t\t<span class=\"period\">\n\t\t\t\t\t\t5 Dias\t\t\t\t\t<\/span>\n\t\t\t<\/div>\n\t\t  <\/div>\n\n  <div id=\"chart-3e2d5cae0db05e0f1dce1e52839abf59\" data-block-hash=\"3e2d5cae0db05e0f1dce1e52839abf59\"  class=\"chart\" style=\"width:100%;height:400px;\"><\/div>\n\n  <div class=\"pluginQuotation__footer\">\n    <div class=\"dataChart\">\n\n      <div class=\"dataChart__div1 variation\">\n        <div class=\"value-negative\">\n          -16,29 (-2,62%)        <\/div>\n        <div class=\"text\">\n          Varia\u00e7\u00e3o do per\u00edodo\n        <\/div>\n      <\/div>\n\n      <div class=\"dataChart__div2 minMax\">\n        <div class=\"value\">\n          R$\u00a013,27        <\/div>\n        <div class=\"text\">\n          M\u00ednima\n        <\/div>\n      <\/div>\n\n      <div class=\"dataChart__div3 minMax\">\n        <div class=\"value\">\n          R$\u00a016,48        <\/div>\n        <div class=\"text\">\n          M\u00e1xima\n        <\/div>\n      <\/div>\n\n\t\t\t<div class=\"dataChart__div4 rightSide\">\n\t\t\t\t<div class=\"analiticaSource\">\n\t\t\t\t\t<span>\n\t\t\t\t\t\tFonte:\n\t\t\t\t\t<\/span>\n\t\t\t\t\t<img decoding=\"async\" class=\"analiticaLogo\" src=\"https:\/\/www.suno.com.br\/noticias\/wp-content\/plugins\/suno-block-ticker-quotation\/src\/suno-analitica-logo.png\" alt=\"Logo Suno Anal\u00edtica\" \/>\n\t\t\t\t<\/div>\n\n\t\t\t\t<a href=\"https:\/\/www.suno.com.br\/analitica\/acoes\/BBDC4\" target=\"_blank\">\n\t\t\t\t\t<span>\n\t\t\t\t\t\tVer mais cota\u00e7\u00f5es\n\t\t\t\t\t<\/span>\n\t\t\t\t\t<svg xmlns=\"http:\/\/www.w3.org\/2000\/svg\" width=\"9\" height=\"8\" viewBox=\"0 0 9 8\" fill=\"none\">\n\t\t\t\t\t\t<path d=\"M4.20996 0L3.50496 0.705L6.29496 3.5H0.209961V4.5H6.29496L3.50496 7.295L4.20996 8L8.20996 4L4.20996 0Z\" fill=\"#D42126\" \/>\n\t\t\t\t\t<\/svg>\n\t\t\t\t<\/a>\n    <\/div>\n\n    <\/div>\n  <\/div>\n<\/div>\n\n\n<script type=\"text\/javascript\">\n  let chart_3e2d5cae0db05e0f1dce1e52839abf59 = document.getElementById('chart-3e2d5cae0db05e0f1dce1e52839abf59');\n  let data_json_3e2d5cae0db05e0f1dce1e52839abf59 = \"[{\\\"date\\\":\\\"06\\\\\\\/02\\\\\\\/24 10:10\\\",\\\"value\\\":16.08},{\\\"date\\\":\\\"06\\\\\\\/02\\\\\\\/24 10:20\\\",\\\"value\\\":16.14},{\\\"date\\\":\\\"06\\\\\\\/02\\\\\\\/24 10:30\\\",\\\"value\\\":16.21},{\\\"date\\\":\\\"06\\\\\\\/02\\\\\\\/24 10:40\\\",\\\"value\\\":16.27},{\\\"date\\\":\\\"06\\\\\\\/02\\\\\\\/24 10:50\\\",\\\"value\\\":16.29},{\\\"date\\\":\\\"06\\\\\\\/02\\\\\\\/24 11:00\\\",\\\"value\\\":16.29},{\\\"date\\\":\\\"06\\\\\\\/02\\\\\\\/24 11:10\\\",\\\"value\\\":16.28},{\\\"date\\\":\\\"06\\\\\\\/02\\\\\\\/24 11:20\\\",\\\"value\\\":16.27},{\\\"date\\\":\\\"06\\\\\\\/02\\\\\\\/24 11:30\\\",\\\"value\\\":16.24},{\\\"date\\\":\\\"06\\\\\\\/02\\\\\\\/24 11:40\\\",\\\"value\\\":16.31},{\\\"date\\\":\\\"06\\\\\\\/02\\\\\\\/24 11:50\\\",\\\"value\\\":16.4},{\\\"date\\\":\\\"06\\\\\\\/02\\\\\\\/24 12:00\\\",\\\"value\\\":16.41},{\\\"date\\\":\\\"06\\\\\\\/02\\\\\\\/24 12:10\\\",\\\"value\\\":16.47},{\\\"date\\\":\\\"06\\\\\\\/02\\\\\\\/24 12:20\\\",\\\"value\\\":16.48},{\\\"date\\\":\\\"06\\\\\\\/02\\\\\\\/24 12:30\\\",\\\"value\\\":16.44},{\\\"date\\\":\\\"06\\\\\\\/02\\\\\\\/24 12:40\\\",\\\"value\\\":16.45},{\\\"date\\\":\\\"06\\\\\\\/02\\\\\\\/24 12:50\\\",\\\"value\\\":16.44},{\\\"date\\\":\\\"06\\\\\\\/02\\\\\\\/24 13:00\\\",\\\"value\\\":16.39},{\\\"date\\\":\\\"06\\\\\\\/02\\\\\\\/24 13:10\\\",\\\"value\\\":16.42},{\\\"date\\\":\\\"06\\\\\\\/02\\\\\\\/24 13:20\\\",\\\"value\\\":16.43},{\\\"date\\\":\\\"06\\\\\\\/02\\\\\\\/24 13:30\\\",\\\"value\\\":16.47},{\\\"date\\\":\\\"06\\\\\\\/02\\\\\\\/24 13:40\\\",\\\"value\\\":16.42},{\\\"date\\\":\\\"07\\\\\\\/02\\\\\\\/24 10:10\\\",\\\"value\\\":15.27},{\\\"date\\\":\\\"07\\\\\\\/02\\\\\\\/24 10:20\\\",\\\"value\\\":15.46},{\\\"date\\\":\\\"07\\\\\\\/02\\\\\\\/24 10:30\\\",\\\"value\\\":15.47},{\\\"date\\\":\\\"07\\\\\\\/02\\\\\\\/24 10:40\\\",\\\"value\\\":15.4},{\\\"date\\\":\\\"07\\\\\\\/02\\\\\\\/24 10:50\\\",\\\"value\\\":15.24},{\\\"date\\\":\\\"07\\\\\\\/02\\\\\\\/24 11:00\\\",\\\"value\\\":14.95},{\\\"date\\\":\\\"07\\\\\\\/02\\\\\\\/24 11:10\\\",\\\"value\\\":14.9},{\\\"date\\\":\\\"07\\\\\\\/02\\\\\\\/24 11:20\\\",\\\"value\\\":14.65},{\\\"date\\\":\\\"07\\\\\\\/02\\\\\\\/24 11:30\\\",\\\"value\\\":14.47},{\\\"date\\\":\\\"07\\\\\\\/02\\\\\\\/24 11:40\\\",\\\"value\\\":14.55},{\\\"date\\\":\\\"07\\\\\\\/02\\\\\\\/24 11:50\\\",\\\"value\\\":14.31},{\\\"date\\\":\\\"07\\\\\\\/02\\\\\\\/24 12:00\\\",\\\"value\\\":14.3},{\\\"date\\\":\\\"07\\\\\\\/02\\\\\\\/24 12:10\\\",\\\"value\\\":14.27},{\\\"date\\\":\\\"07\\\\\\\/02\\\\\\\/24 15:10\\\",\\\"value\\\":14.04},{\\\"date\\\":\\\"07\\\\\\\/02\\\\\\\/24 15:20\\\",\\\"value\\\":13.97},{\\\"date\\\":\\\"07\\\\\\\/02\\\\\\\/24 15:30\\\",\\\"value\\\":13.98},{\\\"date\\\":\\\"07\\\\\\\/02\\\\\\\/24 15:40\\\",\\\"value\\\":13.98},{\\\"date\\\":\\\"07\\\\\\\/02\\\\\\\/24 15:50\\\",\\\"value\\\":14.02},{\\\"date\\\":\\\"08\\\\\\\/02\\\\\\\/24 12:50\\\",\\\"value\\\":13.89},{\\\"date\\\":\\\"08\\\\\\\/02\\\\\\\/24 13:00\\\",\\\"value\\\":13.88},{\\\"date\\\":\\\"08\\\\\\\/02\\\\\\\/24 13:10\\\",\\\"value\\\":13.84},{\\\"date\\\":\\\"08\\\\\\\/02\\\\\\\/24 13:20\\\",\\\"value\\\":13.78},{\\\"date\\\":\\\"08\\\\\\\/02\\\\\\\/24 13:30\\\",\\\"value\\\":13.73},{\\\"date\\\":\\\"08\\\\\\\/02\\\\\\\/24 13:40\\\",\\\"value\\\":13.62},{\\\"date\\\":\\\"08\\\\\\\/02\\\\\\\/24 13:50\\\",\\\"value\\\":13.5},{\\\"date\\\":\\\"08\\\\\\\/02\\\\\\\/24 14:00\\\",\\\"value\\\":13.5},{\\\"date\\\":\\\"08\\\\\\\/02\\\\\\\/24 14:40\\\",\\\"value\\\":13.39},{\\\"date\\\":\\\"08\\\\\\\/02\\\\\\\/24 14:50\\\",\\\"value\\\":13.39},{\\\"date\\\":\\\"08\\\\\\\/02\\\\\\\/24 15:00\\\",\\\"value\\\":13.4},{\\\"date\\\":\\\"08\\\\\\\/02\\\\\\\/24 15:10\\\",\\\"value\\\":13.39},{\\\"date\\\":\\\"08\\\\\\\/02\\\\\\\/24 15:20\\\",\\\"value\\\":13.36},{\\\"date\\\":\\\"08\\\\\\\/02\\\\\\\/24 15:30\\\",\\\"value\\\":13.39},{\\\"date\\\":\\\"08\\\\\\\/02\\\\\\\/24 15:40\\\",\\\"value\\\":13.38},{\\\"date\\\":\\\"08\\\\\\\/02\\\\\\\/24 15:50\\\",\\\"value\\\":13.38},{\\\"date\\\":\\\"08\\\\\\\/02\\\\\\\/24 16:00\\\",\\\"value\\\":13.5},{\\\"date\\\":\\\"08\\\\\\\/02\\\\\\\/24 16:10\\\",\\\"value\\\":13.49},{\\\"date\\\":\\\"08\\\\\\\/02\\\\\\\/24 16:20\\\",\\\"value\\\":13.56},{\\\"date\\\":\\\"08\\\\\\\/02\\\\\\\/24 16:30\\\",\\\"value\\\":13.64},{\\\"date\\\":\\\"08\\\\\\\/02\\\\\\\/24 16:40\\\",\\\"value\\\":13.62},{\\\"date\\\":\\\"08\\\\\\\/02\\\\\\\/24 16:50\\\",\\\"value\\\":13.58},{\\\"date\\\":\\\"08\\\\\\\/02\\\\\\\/24 17:00\\\",\\\"value\\\":13.57},{\\\"date\\\":\\\"08\\\\\\\/02\\\\\\\/24 17:10\\\",\\\"value\\\":13.59},{\\\"date\\\":\\\"08\\\\\\\/02\\\\\\\/24 17:20\\\",\\\"value\\\":13.58},{\\\"date\\\":\\\"08\\\\\\\/02\\\\\\\/24 17:30\\\",\\\"value\\\":13.59},{\\\"date\\\":\\\"08\\\\\\\/02\\\\\\\/24 17:40\\\",\\\"value\\\":13.57},{\\\"date\\\":\\\"08\\\\\\\/02\\\\\\\/24 17:50\\\",\\\"value\\\":13.54},{\\\"date\\\":\\\"09\\\\\\\/02\\\\\\\/24 10:10\\\",\\\"value\\\":13.56},{\\\"date\\\":\\\"09\\\\\\\/02\\\\\\\/24 10:20\\\",\\\"value\\\":13.6},{\\\"date\\\":\\\"09\\\\\\\/02\\\\\\\/24 10:30\\\",\\\"value\\\":13.64},{\\\"date\\\":\\\"09\\\\\\\/02\\\\\\\/24 12:00\\\",\\\"value\\\":13.43},{\\\"date\\\":\\\"09\\\\\\\/02\\\\\\\/24 12:10\\\",\\\"value\\\":13.41},{\\\"date\\\":\\\"09\\\\\\\/02\\\\\\\/24 12:20\\\",\\\"value\\\":13.51},{\\\"date\\\":\\\"09\\\\\\\/02\\\\\\\/24 12:30\\\",\\\"value\\\":13.53},{\\\"date\\\":\\\"09\\\\\\\/02\\\\\\\/24 12:40\\\",\\\"value\\\":13.55},{\\\"date\\\":\\\"09\\\\\\\/02\\\\\\\/24 12:50\\\",\\\"value\\\":13.5},{\\\"date\\\":\\\"09\\\\\\\/02\\\\\\\/24 13:00\\\",\\\"value\\\":13.43},{\\\"date\\\":\\\"09\\\\\\\/02\\\\\\\/24 13:10\\\",\\\"value\\\":13.46},{\\\"date\\\":\\\"09\\\\\\\/02\\\\\\\/24 13:20\\\",\\\"value\\\":13.39},{\\\"date\\\":\\\"09\\\\\\\/02\\\\\\\/24 13:30\\\",\\\"value\\\":13.39},{\\\"date\\\":\\\"09\\\\\\\/02\\\\\\\/24 13:40\\\",\\\"value\\\":13.33},{\\\"date\\\":\\\"09\\\\\\\/02\\\\\\\/24 13:50\\\",\\\"value\\\":13.3},{\\\"date\\\":\\\"09\\\\\\\/02\\\\\\\/24 14:00\\\",\\\"value\\\":13.34},{\\\"date\\\":\\\"09\\\\\\\/02\\\\\\\/24 14:10\\\",\\\"value\\\":13.27},{\\\"date\\\":\\\"09\\\\\\\/02\\\\\\\/24 15:10\\\",\\\"value\\\":13.34},{\\\"date\\\":\\\"09\\\\\\\/02\\\\\\\/24 15:20\\\",\\\"value\\\":13.36},{\\\"date\\\":\\\"09\\\\\\\/02\\\\\\\/24 15:30\\\",\\\"value\\\":13.41},{\\\"date\\\":\\\"09\\\\\\\/02\\\\\\\/24 15:40\\\",\\\"value\\\":13.4},{\\\"date\\\":\\\"09\\\\\\\/02\\\\\\\/24 15:50\\\",\\\"value\\\":13.46}]\";\n  let isPositive_3e2d5cae0db05e0f1dce1e52839abf59 = \"\";\n\n  let color_3e2d5cae0db05e0f1dce1e52839abf59 = isPositive_3e2d5cae0db05e0f1dce1e52839abf59 ? '#3AB53A' : '#D92C2D';\n\n  let data_3e2d5cae0db05e0f1dce1e52839abf59 = JSON.parse(data_json_3e2d5cae0db05e0f1dce1e52839abf59);\n\n  const result_3e2d5cae0db05e0f1dce1e52839abf59 = {\n    date: [],\n    value: [],\n  };\n\n  data_3e2d5cae0db05e0f1dce1e52839abf59.forEach((item) => {\n    result_3e2d5cae0db05e0f1dce1e52839abf59.date.push(item.date);\n    result_3e2d5cae0db05e0f1dce1e52839abf59.value.push(Number(item.value));\n  });\n\n  let option_3e2d5cae0db05e0f1dce1e52839abf59 = {\n    \/\/ variavel de cor global\n    color: [color_3e2d5cae0db05e0f1dce1e52839abf59],\n    title: {\n      text: '',\n    },\n    tooltip: {\n      trigger: 'axis',\n      axisPointer: {\n        type: 'cross',\n        label: {\n          \/\/ cor dos valores em X e Y\n          backgroundColor: color_3e2d5cae0db05e0f1dce1e52839abf59,\n          formatter: (value) => {\n            if (typeof value.value === 'number') {\n              return Number(value.value).toLocaleString('pt-br', {\n                style: 'currency',\n                currency: 'BRL'\n              });\n            }\n            return value.value;\n          },\n        },\n      },\n      valueFormatter: (value) => Number(value).toLocaleString('pt-br', {\n        style: 'currency',\n        currency: 'BRL'\n      }),\n    },\n    legend: {\n      \/\/ data: ['Valor de Fechamento'],\n      show: false,\n    },\n    toolbox: {\n      feature: {\n        saveAsImage: {\n          show: false,\n        },\n      },\n    },\n    grid: {\n      left: '0px',\n      right: '0px',\n      bottom: '0px',\n      containLabel: true,\n    },\n    xAxis: [{\n      type: 'category',\n      data: result_3e2d5cae0db05e0f1dce1e52839abf59.date,\n      boundaryGap: true,\n    }],\n    yAxis: [{\n      type: 'value',\n      min: Math.min(...result_3e2d5cae0db05e0f1dce1e52839abf59.value),\n      max: Math.max(...result_3e2d5cae0db05e0f1dce1e52839abf59.value),\n      axisLabel: {\n        formatter: (value) => value.toLocaleString('pt-br', {\n          style: 'currency',\n          currency: 'BRL'\n        }),\n      },\n    }],\n    series: [{\n      name: 'Valor de Fechamento',\n      type: 'line',\n      stack: 'Total',\n      \/\/ cor do grafico\n      areaStyle: {},\n      emphasis: {\n        focus: 'series',\n      },\n      data: result_3e2d5cae0db05e0f1dce1e52839abf59.value,\n      \/\/ cor da linha\n      lineStyle: {\n        color: color_3e2d5cae0db05e0f1dce1e52839abf59,\n      },\n    }, ],\n  };\n\n\twindow.chart_3e2d5cae0db05e0f1dce1e52839abf59 = {\n\t\tel: chart_3e2d5cae0db05e0f1dce1e52839abf59,\n\t\toption: option_3e2d5cae0db05e0f1dce1e52839abf59\t};\n\n\n<\/script>\n\n\n\t<p>\n\t\t<a href=\"https:\/\/lp.suno.com.br\/plataforma-de-controle-de-investimentos\/\" target=\"_blank\" data-element=\"shortcode-suno-banner\" title=\"Banner SUNO, clique e saiba mais\">\n\t\t\t<picture>\n\t\t\t\t<source media=\"(max-width: 500px)\" srcset=\"https:\/\/files.sunoresearch.com.br\/n\/uploads\/2023\/03\/400x300-Controle-de-Investimentos.png\">\n\t\t\t\t<img class=\"newsContent__article__imgCapa newsContent__article__imgCapa--banner\"\n\t\t\t\t\tsrc=\"https:\/\/files.sunoresearch.com.br\/n\/uploads\/2023\/03\/1420x240-Controle-de-Investimentos.png\"\n\t\t\t\t\tdata-promo-id=\"383162\"\t\t\t\t\t\t\t\t\t\twidth='1420' height='240'\t\t\t\t\talt=\"https:\/\/files.sunoresearch.com.br\/n\/uploads\/2023\/03\/1420x240-Controle-de-Investimentos.png\"\n\t\t\t\t>\n\t\t\t<\/picture>\n\t\t<\/a>\n\t<\/p>\n\n\n","protected":false},"excerpt":{"rendered":"<p>Ap\u00f3s conversa com o CEO do Bradesco (BBDC4), Marcelo Noronha, que esclareceu diversos pontos do rec\u00e9m anunciado plano estrat\u00e9gico de 5 anos, analistas da Genial Investimentos pontuaram em relat\u00f3rio que o objetivo do banco com a medida \u00e9 expandir ainda mais suas compet\u00eancias nas \u00e1reas em que j\u00e1 era competitivo. Bradesco (BBDC4). Foto: iStock Os [&hellip;]<\/p>\n","protected":false},"author":313,"featured_media":406450,"comment_status":"closed","ping_status":"closed","sticky":false,"template":"","format":"standard","meta":[],"categories":[64],"tags":[286,392,105816],"suno_strategy":[],"class_list":["post-522631","post","type-post","status-publish","format-standard","has-post-thumbnail","hentry","category-negocios","tag-acoes","tag-bradesco-bbdc3-bbdc4","tag-especialistas"],"yoast_head":"<!-- This site is optimized with the Yoast SEO plugin v24.4 - https:\/\/yoast.com\/wordpress\/plugins\/seo\/ -->\n<title>Bradesco (BBDC4) quer fortalecer \u00e1reas com plano estrat\u00e9gico<\/title>\n<meta name=\"description\" content=\"Segundo a Genial, Marcelo Noronha, CEO do Bradesco, reiterou que vai ter autonomia para implementar o plano e conta com o apoio do conselho.\" \/>\n<meta name=\"robots\" content=\"index, follow, max-snippet:-1, max-image-preview:large, max-video-preview:-1\" \/>\n<link rel=\"canonical\" href=\"https:\/\/www.suno.com.br\/noticias\/bradesco-bbdc4-plano-estrategico-genial-gpj\/\" \/>\n<meta property=\"og:locale\" content=\"pt_BR\" \/>\n<meta property=\"og:type\" content=\"article\" \/>\n<meta property=\"og:title\" content=\"Bradesco (BBDC4) quer fortalecer \u00e1reas com plano estrat\u00e9gico\" \/>\n<meta property=\"og:description\" content=\"Segundo a Genial, Marcelo Noronha, CEO do Bradesco, reiterou que vai ter autonomia para implementar o plano e conta com o apoio do conselho.\" \/>\n<meta property=\"og:url\" content=\"https:\/\/www.suno.com.br\/noticias\/bradesco-bbdc4-plano-estrategico-genial-gpj\/\" \/>\n<meta property=\"og:site_name\" content=\"Suno Not\u00edcias\" \/>\n<meta property=\"article:publisher\" content=\"https:\/\/facebook.com\/sunoresearch\" \/>\n<meta property=\"og:image\" content=\"https:\/\/files.sunoresearch.com.br\/n\/uploads\/2023\/05\/bradesco.jpg\" \/>\n\t<meta property=\"og:image:width\" content=\"1200\" \/>\n\t<meta property=\"og:image:height\" content=\"800\" \/>\n\t<meta property=\"og:image:type\" content=\"image\/jpeg\" \/>\n<meta name=\"author\" content=\"Giovanni Porf\u00edrio Jacomino\" \/>\n<meta name=\"twitter:card\" content=\"summary_large_image\" \/>\n<meta name=\"twitter:creator\" content=\"@sunoresearch\" \/>\n<meta name=\"twitter:site\" content=\"@sunoresearch\" \/>\n<meta name=\"twitter:label1\" content=\"Escrito por\" \/>\n\t<meta name=\"twitter:data1\" content=\"Giovanni Porf\u00edrio Jacomino\" \/>\n\t<meta name=\"twitter:label2\" content=\"Est. tempo de leitura\" \/>\n\t<meta name=\"twitter:data2\" content=\"5 minutos\" \/>\n<script type=\"application\/ld+json\" class=\"yoast-schema-graph\">{\"@context\":\"https:\/\/schema.org\",\"@graph\":[{\"@type\":\"NewsArticle\",\"@id\":\"https:\/\/www.suno.com.br\/noticias\/bradesco-bbdc4-plano-estrategico-genial-gpj\/#article\",\"isPartOf\":{\"@id\":\"https:\/\/www.suno.com.br\/noticias\/bradesco-bbdc4-plano-estrategico-genial-gpj\/\"},\"author\":{\"name\":\"Giovanni Porf\u00edrio Jacomino\",\"@id\":\"https:\/\/www.suno.com.br\/noticias\/#\/schema\/person\/d0f32748bbca4bee871fa191ee4e2d40\"},\"headline\":\"Bradesco (BBDC4): com plano estrat\u00e9gico, banco quer fortalecer \u00e1reas em que j\u00e1 era competitivo, diz Genial\",\"datePublished\":\"2024-02-12T21:04:43+00:00\",\"dateModified\":\"2024-02-12T21:04:50+00:00\",\"mainEntityOfPage\":{\"@id\":\"https:\/\/www.suno.com.br\/noticias\/bradesco-bbdc4-plano-estrategico-genial-gpj\/\"},\"wordCount\":880,\"publisher\":{\"@id\":\"https:\/\/www.suno.com.br\/noticias\/#organization\"},\"image\":{\"@id\":\"https:\/\/www.suno.com.br\/noticias\/bradesco-bbdc4-plano-estrategico-genial-gpj\/#primaryimage\"},\"thumbnailUrl\":\"https:\/\/files.sunoresearch.com.br\/n\/uploads\/2023\/05\/bradesco.jpg\",\"keywords\":[\"A\u00e7\u00f5es\",\"Bradesco (BBDC3\/BBDC4)\",\"Especialistas\"],\"articleSection\":[\"Neg\u00f3cios\"],\"inLanguage\":\"pt-BR\"},{\"@type\":\"WebPage\",\"@id\":\"https:\/\/www.suno.com.br\/noticias\/bradesco-bbdc4-plano-estrategico-genial-gpj\/\",\"url\":\"https:\/\/www.suno.com.br\/noticias\/bradesco-bbdc4-plano-estrategico-genial-gpj\/\",\"name\":\"Bradesco (BBDC4) quer fortalecer \u00e1reas com plano estrat\u00e9gico\",\"isPartOf\":{\"@id\":\"https:\/\/www.suno.com.br\/noticias\/#website\"},\"primaryImageOfPage\":{\"@id\":\"https:\/\/www.suno.com.br\/noticias\/bradesco-bbdc4-plano-estrategico-genial-gpj\/#primaryimage\"},\"image\":{\"@id\":\"https:\/\/www.suno.com.br\/noticias\/bradesco-bbdc4-plano-estrategico-genial-gpj\/#primaryimage\"},\"thumbnailUrl\":\"https:\/\/files.sunoresearch.com.br\/n\/uploads\/2023\/05\/bradesco.jpg\",\"datePublished\":\"2024-02-12T21:04:43+00:00\",\"dateModified\":\"2024-02-12T21:04:50+00:00\",\"description\":\"Segundo a Genial, Marcelo Noronha, CEO do Bradesco, reiterou que vai ter autonomia para implementar o plano e conta com o apoio do conselho.\",\"breadcrumb\":{\"@id\":\"https:\/\/www.suno.com.br\/noticias\/bradesco-bbdc4-plano-estrategico-genial-gpj\/#breadcrumb\"},\"inLanguage\":\"pt-BR\",\"potentialAction\":[{\"@type\":\"ReadAction\",\"target\":[\"https:\/\/www.suno.com.br\/noticias\/bradesco-bbdc4-plano-estrategico-genial-gpj\/\"]}]},{\"@type\":\"ImageObject\",\"inLanguage\":\"pt-BR\",\"@id\":\"https:\/\/www.suno.com.br\/noticias\/bradesco-bbdc4-plano-estrategico-genial-gpj\/#primaryimage\",\"url\":\"https:\/\/files.sunoresearch.com.br\/n\/uploads\/2023\/05\/bradesco.jpg\",\"contentUrl\":\"https:\/\/files.sunoresearch.com.br\/n\/uploads\/2023\/05\/bradesco.jpg\",\"width\":1200,\"height\":800,\"caption\":\"Bradesco (BBDC4). Foto: iStock\"},{\"@type\":\"BreadcrumbList\",\"@id\":\"https:\/\/www.suno.com.br\/noticias\/bradesco-bbdc4-plano-estrategico-genial-gpj\/#breadcrumb\",\"itemListElement\":[{\"@type\":\"ListItem\",\"position\":1,\"name\":\"Not\u00edcias\",\"item\":\"https:\/\/www.suno.com.br\/noticias\/\"},{\"@type\":\"ListItem\",\"position\":2,\"name\":\"Neg\u00f3cios\",\"item\":\"https:\/\/www.suno.com.br\/noticias\/negocios\/\"},{\"@type\":\"ListItem\",\"position\":3,\"name\":\"Bradesco (BBDC4): com plano estrat\u00e9gico, banco quer fortalecer \u00e1reas em que j\u00e1 era competitivo, diz Genial\"}]},{\"@type\":\"WebSite\",\"@id\":\"https:\/\/www.suno.com.br\/noticias\/#website\",\"url\":\"https:\/\/www.suno.com.br\/noticias\/\",\"name\":\"Suno Not\u00edcias\",\"description\":\"Seu portal de informa\u00e7\u00e3o sobre o mundo dos investimentos\",\"publisher\":{\"@id\":\"https:\/\/www.suno.com.br\/noticias\/#organization\"},\"potentialAction\":[{\"@type\":\"SearchAction\",\"target\":{\"@type\":\"EntryPoint\",\"urlTemplate\":\"https:\/\/www.suno.com.br\/noticias\/?s={search_term_string}\"},\"query-input\":{\"@type\":\"PropertyValueSpecification\",\"valueRequired\":true,\"valueName\":\"search_term_string\"}}],\"inLanguage\":\"pt-BR\"},{\"@type\":\"Organization\",\"@id\":\"https:\/\/www.suno.com.br\/noticias\/#organization\",\"name\":\"Suno Not\u00edcias\",\"url\":\"https:\/\/www.suno.com.br\/noticias\/\",\"logo\":{\"@type\":\"ImageObject\",\"inLanguage\":\"pt-BR\",\"@id\":\"https:\/\/www.suno.com.br\/noticias\/#\/schema\/logo\/image\/\",\"url\":\"https:\/\/files.sunoresearch.com.br\/n\/uploads\/2021\/09\/suno-logo.png\",\"contentUrl\":\"https:\/\/files.sunoresearch.com.br\/n\/uploads\/2021\/09\/suno-logo.png\",\"width\":180,\"height\":180,\"caption\":\"Suno Not\u00edcias\"},\"image\":{\"@id\":\"https:\/\/www.suno.com.br\/noticias\/#\/schema\/logo\/image\/\"},\"sameAs\":[\"https:\/\/facebook.com\/sunoresearch\",\"https:\/\/x.com\/sunoresearch\",\"https:\/\/www.instagram.com\/suno\",\"https:\/\/www.linkedin.com\/company\/suno-research\/\",\"https:\/\/www.youtube.com\/c\/sunoresearch\"]},{\"@type\":\"Person\",\"@id\":\"https:\/\/www.suno.com.br\/noticias\/#\/schema\/person\/d0f32748bbca4bee871fa191ee4e2d40\",\"name\":\"Giovanni Porf\u00edrio Jacomino\",\"image\":{\"@type\":\"ImageObject\",\"inLanguage\":\"pt-BR\",\"@id\":\"https:\/\/www.suno.com.br\/noticias\/#\/schema\/person\/image\/\",\"url\":\"https:\/\/secure.gravatar.com\/avatar\/efb32e19b730a121cb7a80f41ffec01a?s=96&r=g\",\"contentUrl\":\"https:\/\/secure.gravatar.com\/avatar\/efb32e19b730a121cb7a80f41ffec01a?s=96&r=g\",\"caption\":\"Giovanni Porf\u00edrio Jacomino\"},\"description\":\"Giovanni Porf\u00edrio Jacomino \u00e9 jornalista formado pela Universidade Estadual de Londrina (UEL) e p\u00f3s-graduado em Produ\u00e7\u00e3o e Pr\u00e1ticas Jornal\u00edsticas na Contemporaneidade na Faculdade C\u00e1sper L\u00edbero (FCL). Foi editor web no Startupi e no Finsiders, atuando ainda como editor no TC Mover, portal de not\u00edcias da TradersClub, fazendo a cobertura de assuntos relacionados ao mercado financeiro interno e externo. Atualmente, \u00e9 Rep\u00f3rter do Suno Not\u00edcias.\",\"url\":\"https:\/\/www.suno.com.br\/noticias\/author\/giovanni-porfiriosuno-com-br\/\"}]}<\/script>\n<!-- \/ Yoast SEO plugin. -->","yoast_head_json":{"title":"Bradesco (BBDC4) quer fortalecer \u00e1reas com plano estrat\u00e9gico","description":"Segundo a Genial, Marcelo Noronha, CEO do Bradesco, reiterou que vai ter autonomia para implementar o plano e conta com o apoio do conselho.","robots":{"index":"index","follow":"follow","max-snippet":"max-snippet:-1","max-image-preview":"max-image-preview:large","max-video-preview":"max-video-preview:-1"},"canonical":"https:\/\/www.suno.com.br\/noticias\/bradesco-bbdc4-plano-estrategico-genial-gpj\/","og_locale":"pt_BR","og_type":"article","og_title":"Bradesco (BBDC4) quer fortalecer \u00e1reas com plano estrat\u00e9gico","og_description":"Segundo a Genial, Marcelo Noronha, CEO do Bradesco, reiterou que vai ter autonomia para implementar o plano e conta com o apoio do conselho.","og_url":"https:\/\/www.suno.com.br\/noticias\/bradesco-bbdc4-plano-estrategico-genial-gpj\/","og_site_name":"Suno Not\u00edcias","article_publisher":"https:\/\/facebook.com\/sunoresearch","og_image":[{"width":1200,"height":800,"url":"https:\/\/files.sunoresearch.com.br\/n\/uploads\/2023\/05\/bradesco.jpg","type":"image\/jpeg"}],"author":"Giovanni Porf\u00edrio Jacomino","twitter_card":"summary_large_image","twitter_creator":"@sunoresearch","twitter_site":"@sunoresearch","twitter_misc":{"Escrito por":"Giovanni Porf\u00edrio Jacomino","Est. tempo de leitura":"5 minutos"},"schema":{"@context":"https:\/\/schema.org","@graph":[{"@type":"NewsArticle","@id":"https:\/\/www.suno.com.br\/noticias\/bradesco-bbdc4-plano-estrategico-genial-gpj\/#article","isPartOf":{"@id":"https:\/\/www.suno.com.br\/noticias\/bradesco-bbdc4-plano-estrategico-genial-gpj\/"},"author":{"name":"Giovanni Porf\u00edrio Jacomino","@id":"https:\/\/www.suno.com.br\/noticias\/#\/schema\/person\/d0f32748bbca4bee871fa191ee4e2d40"},"headline":"Bradesco (BBDC4): com plano estrat\u00e9gico, banco quer fortalecer \u00e1reas em que j\u00e1 era competitivo, diz Genial","datePublished":"2024-02-12T21:04:43+00:00","dateModified":"2024-02-12T21:04:50+00:00","mainEntityOfPage":{"@id":"https:\/\/www.suno.com.br\/noticias\/bradesco-bbdc4-plano-estrategico-genial-gpj\/"},"wordCount":880,"publisher":{"@id":"https:\/\/www.suno.com.br\/noticias\/#organization"},"image":{"@id":"https:\/\/www.suno.com.br\/noticias\/bradesco-bbdc4-plano-estrategico-genial-gpj\/#primaryimage"},"thumbnailUrl":"https:\/\/files.sunoresearch.com.br\/n\/uploads\/2023\/05\/bradesco.jpg","keywords":["A\u00e7\u00f5es","Bradesco (BBDC3\/BBDC4)","Especialistas"],"articleSection":["Neg\u00f3cios"],"inLanguage":"pt-BR"},{"@type":"WebPage","@id":"https:\/\/www.suno.com.br\/noticias\/bradesco-bbdc4-plano-estrategico-genial-gpj\/","url":"https:\/\/www.suno.com.br\/noticias\/bradesco-bbdc4-plano-estrategico-genial-gpj\/","name":"Bradesco (BBDC4) quer fortalecer \u00e1reas com plano estrat\u00e9gico","isPartOf":{"@id":"https:\/\/www.suno.com.br\/noticias\/#website"},"primaryImageOfPage":{"@id":"https:\/\/www.suno.com.br\/noticias\/bradesco-bbdc4-plano-estrategico-genial-gpj\/#primaryimage"},"image":{"@id":"https:\/\/www.suno.com.br\/noticias\/bradesco-bbdc4-plano-estrategico-genial-gpj\/#primaryimage"},"thumbnailUrl":"https:\/\/files.sunoresearch.com.br\/n\/uploads\/2023\/05\/bradesco.jpg","datePublished":"2024-02-12T21:04:43+00:00","dateModified":"2024-02-12T21:04:50+00:00","description":"Segundo a Genial, Marcelo Noronha, CEO do Bradesco, reiterou que vai ter autonomia para implementar o plano e conta com o apoio do conselho.","breadcrumb":{"@id":"https:\/\/www.suno.com.br\/noticias\/bradesco-bbdc4-plano-estrategico-genial-gpj\/#breadcrumb"},"inLanguage":"pt-BR","potentialAction":[{"@type":"ReadAction","target":["https:\/\/www.suno.com.br\/noticias\/bradesco-bbdc4-plano-estrategico-genial-gpj\/"]}]},{"@type":"ImageObject","inLanguage":"pt-BR","@id":"https:\/\/www.suno.com.br\/noticias\/bradesco-bbdc4-plano-estrategico-genial-gpj\/#primaryimage","url":"https:\/\/files.sunoresearch.com.br\/n\/uploads\/2023\/05\/bradesco.jpg","contentUrl":"https:\/\/files.sunoresearch.com.br\/n\/uploads\/2023\/05\/bradesco.jpg","width":1200,"height":800,"caption":"Bradesco (BBDC4). Foto: iStock"},{"@type":"BreadcrumbList","@id":"https:\/\/www.suno.com.br\/noticias\/bradesco-bbdc4-plano-estrategico-genial-gpj\/#breadcrumb","itemListElement":[{"@type":"ListItem","position":1,"name":"Not\u00edcias","item":"https:\/\/www.suno.com.br\/noticias\/"},{"@type":"ListItem","position":2,"name":"Neg\u00f3cios","item":"https:\/\/www.suno.com.br\/noticias\/negocios\/"},{"@type":"ListItem","position":3,"name":"Bradesco (BBDC4): com plano estrat\u00e9gico, banco quer fortalecer \u00e1reas em que j\u00e1 era competitivo, diz Genial"}]},{"@type":"WebSite","@id":"https:\/\/www.suno.com.br\/noticias\/#website","url":"https:\/\/www.suno.com.br\/noticias\/","name":"Suno Not\u00edcias","description":"Seu portal de informa\u00e7\u00e3o sobre o mundo dos investimentos","publisher":{"@id":"https:\/\/www.suno.com.br\/noticias\/#organization"},"potentialAction":[{"@type":"SearchAction","target":{"@type":"EntryPoint","urlTemplate":"https:\/\/www.suno.com.br\/noticias\/?s={search_term_string}"},"query-input":{"@type":"PropertyValueSpecification","valueRequired":true,"valueName":"search_term_string"}}],"inLanguage":"pt-BR"},{"@type":"Organization","@id":"https:\/\/www.suno.com.br\/noticias\/#organization","name":"Suno Not\u00edcias","url":"https:\/\/www.suno.com.br\/noticias\/","logo":{"@type":"ImageObject","inLanguage":"pt-BR","@id":"https:\/\/www.suno.com.br\/noticias\/#\/schema\/logo\/image\/","url":"https:\/\/files.sunoresearch.com.br\/n\/uploads\/2021\/09\/suno-logo.png","contentUrl":"https:\/\/files.sunoresearch.com.br\/n\/uploads\/2021\/09\/suno-logo.png","width":180,"height":180,"caption":"Suno Not\u00edcias"},"image":{"@id":"https:\/\/www.suno.com.br\/noticias\/#\/schema\/logo\/image\/"},"sameAs":["https:\/\/facebook.com\/sunoresearch","https:\/\/x.com\/sunoresearch","https:\/\/www.instagram.com\/suno","https:\/\/www.linkedin.com\/company\/suno-research\/","https:\/\/www.youtube.com\/c\/sunoresearch"]},{"@type":"Person","@id":"https:\/\/www.suno.com.br\/noticias\/#\/schema\/person\/d0f32748bbca4bee871fa191ee4e2d40","name":"Giovanni Porf\u00edrio Jacomino","image":{"@type":"ImageObject","inLanguage":"pt-BR","@id":"https:\/\/www.suno.com.br\/noticias\/#\/schema\/person\/image\/","url":"https:\/\/secure.gravatar.com\/avatar\/efb32e19b730a121cb7a80f41ffec01a?s=96&r=g","contentUrl":"https:\/\/secure.gravatar.com\/avatar\/efb32e19b730a121cb7a80f41ffec01a?s=96&r=g","caption":"Giovanni Porf\u00edrio Jacomino"},"description":"Giovanni Porf\u00edrio Jacomino \u00e9 jornalista formado pela Universidade Estadual de Londrina (UEL) e p\u00f3s-graduado em Produ\u00e7\u00e3o e Pr\u00e1ticas Jornal\u00edsticas na Contemporaneidade na Faculdade C\u00e1sper L\u00edbero (FCL). Foi editor web no Startupi e no Finsiders, atuando ainda como editor no TC Mover, portal de not\u00edcias da TradersClub, fazendo a cobertura de assuntos relacionados ao mercado financeiro interno e externo. Atualmente, \u00e9 Rep\u00f3rter do Suno Not\u00edcias.","url":"https:\/\/www.suno.com.br\/noticias\/author\/giovanni-porfiriosuno-com-br\/"}]}},"default_loop_html":"<div class=\"cardsPage__listCard__boxs\"><div class=\"cardsPage__listCard__boxs__img\"><a href=\"https:\/\/www.suno.com.br\/noticias\/bradesco-bbdc4-plano-estrategico-genial-gpj\/\"><img class=\"mask\" src=\"https:\/\/www.suno.com.br\/noticias\/wp-content\/themes\/suno\/resources\/images\/spotlight\/spotlight1img\/bg-mask.png\" alt=\"Image Mask\"\/><img src=\"https:\/\/files.sunoresearch.com.br\/n\/uploads\/2023\/05\/bradesco-400x200.jpg\" alt=\"Bradesco (BBDC4): com plano estrat\u00e9gico, banco quer fortalecer \u00e1reas em que j\u00e1 era competitivo, diz Genial\"\/><\/a><span class=\"spotlightCategory\"><a href=\"https:\/\/www.suno.com.br\/noticias\/negocios\/\">Neg\u00f3cios<\/a><\/span><\/div><div class=\"cardsPage__listCard__boxs__content\"><a href=\"https:\/\/www.suno.com.br\/noticias\/bradesco-bbdc4-plano-estrategico-genial-gpj\/\"><h2 class=\"content__title\">Bradesco (BBDC4): com plano estrat\u00e9gico, banco quer fortalecer \u00e1reas em que j\u00e1 era competitivo, diz Genial<\/h2><\/a><div class=\"newsContent__article__meta\"><div class=\"newsContent__article__meta__authorBox\"><a href=\"https:\/\/www.suno.com.br\/noticias\/author\/giovanni-porfiriosuno-com-br\/\" class=\"authorBox__avatar noMobi\"><img src=\"https:\/\/files.sunoresearch.com.br\/n\/uploads\/2024\/05\/DSCF4115-1-1-150x150.webp\" alt=\"Giovanni Porf\u00edrio Jacomino\"><\/a><div class=\"authorBox__name\"><span>por\n\t\t\t<a href=\"https:\/\/www.suno.com.br\/noticias\/author\/giovanni-porfiriosuno-com-br\/\"><span itemprop=\"author\">Giovanni Porf\u00edrio Jacomino<\/span><\/a><\/span><time datetime=\"2024-02-12T18:04:43-03:00\" itemprop=\"datePublished\">12\/02\/2024 18:04<\/time><\/div><\/div><\/div><\/div><\/div>","single_layout":"posts","amp_enabled":true,"_links":{"self":[{"href":"https:\/\/www.suno.com.br\/noticias\/wp-json\/wp\/v2\/posts\/522631"}],"collection":[{"href":"https:\/\/www.suno.com.br\/noticias\/wp-json\/wp\/v2\/posts"}],"about":[{"href":"https:\/\/www.suno.com.br\/noticias\/wp-json\/wp\/v2\/types\/post"}],"author":[{"embeddable":true,"href":"https:\/\/www.suno.com.br\/noticias\/wp-json\/wp\/v2\/users\/313"}],"replies":[{"embeddable":true,"href":"https:\/\/www.suno.com.br\/noticias\/wp-json\/wp\/v2\/comments?post=522631"}],"version-history":[{"count":3,"href":"https:\/\/www.suno.com.br\/noticias\/wp-json\/wp\/v2\/posts\/522631\/revisions"}],"predecessor-version":[{"id":522667,"href":"https:\/\/www.suno.com.br\/noticias\/wp-json\/wp\/v2\/posts\/522631\/revisions\/522667"}],"wp:featuredmedia":[{"embeddable":true,"href":"https:\/\/www.suno.com.br\/noticias\/wp-json\/wp\/v2\/media\/406450"}],"wp:attachment":[{"href":"https:\/\/www.suno.com.br\/noticias\/wp-json\/wp\/v2\/media?parent=522631"}],"wp:term":[{"taxonomy":"category","embeddable":true,"href":"https:\/\/www.suno.com.br\/noticias\/wp-json\/wp\/v2\/categories?post=522631"},{"taxonomy":"post_tag","embeddable":true,"href":"https:\/\/www.suno.com.br\/noticias\/wp-json\/wp\/v2\/tags?post=522631"},{"taxonomy":"suno_strategy","embeddable":true,"href":"https:\/\/www.suno.com.br\/noticias\/wp-json\/wp\/v2\/suno_strategy?post=522631"}],"curies":[{"name":"wp","href":"https:\/\/api.w.org\/{rel}","templated":true}]}}