{"id":522600,"date":"2024-02-12T15:22:04","date_gmt":"2024-02-12T18:22:04","guid":{"rendered":"https:\/\/www.suno.com.br\/noticias\/?p=522600"},"modified":"2024-02-12T15:23:37","modified_gmt":"2024-02-12T18:23:37","slug":"inteligencia-artificial-economia-fmi-gpj","status":"publish","type":"post","link":"https:\/\/www.suno.com.br\/noticias\/inteligencia-artificial-economia-fmi-gpj\/","title":{"rendered":"Intelig\u00eancia artificial pode impulsionar economia global, mas efeitos ainda s\u00e3o incertos, diz FMI"},"content":{"rendered":"<p>A diretora-geral do Fundo Monet\u00e1rio Internacional, (FMI), Kristalina Georgieva, disse que embora as incertezas ainda sejam elevadas, h\u00e1 um pouco mais de confian\u00e7a quanto \u00e0s perspectivas econ\u00f4micas, acrescentando que a economia global pode ser impulsionada pela <strong>intelig\u00eancia artificial<\/strong>. <\/p>\t<div class=\"wrapper-featured-image\">\n\t\t<figure class=\"spotlightImg\">\n\n\t\t\t<picture>\n\t\t\t\t<source media=\"(max-width: 768px)\" srcset=\"https:\/\/files.sunoresearch.com.br\/n\/uploads\/2024\/02\/pexels-pixabay-373543-400x200.jpg\">\n\t\t\t\t<img loading=\"lazy\" decoding=\"async\" class=\"newsContent__article__imgCapa lazyloadDisabled \" src=\"https:\/\/files.sunoresearch.com.br\/n\/uploads\/2024\/02\/pexels-pixabay-373543-800x450.jpg\" width=\"800\" height=\"450\" alt=\"Intelig\u00eancia artificial pode impulsionar economia global, mas efeitos ainda s\u00e3o incertos, diz FMI\" fetchpriority=high \/>\n\t\t\t<\/picture>\n\n\t\t\t<figcaption class=\"wp-caption-text wp-caption-text--show\">Instala\u00e7\u00f5es da Intel na Mal\u00e1sia refor\u00e7am a expans\u00e3o da companhia no setor de semicondutores. Foto: Pexels<\/figcaption>\n\t\t<\/figure>\n\t<\/div>\n\n\n\n\n\n\n\n\t<p>\n\t\t<a href=\"https:\/\/lp.suno.com.br\/ebook-como-analisar-uma-acao\/\" target=\"_blank\" data-element=\"shortcode-suno-banner\" title=\"Banner SUNO, clique e saiba mais\">\n\t\t\t<picture>\n\t\t\t\t<source media=\"(max-width: 500px)\" srcset=\"https:\/\/files.sunoresearch.com.br\/n\/uploads\/2023\/03\/Ebook-Acoes-Mobile.jpg\">\n\t\t\t\t<img class=\"newsContent__article__imgCapa newsContent__article__imgCapa--banner\"\n\t\t\t\t\tsrc=\"https:\/\/files.sunoresearch.com.br\/n\/uploads\/2023\/03\/Ebook-Acoes-Desktop.jpg\"\n\t\t\t\t\tdata-promo-id=\"378302\"\t\t\t\t\t\t\t\t\t\twidth='1420' height='286'\t\t\t\t\talt=\"https:\/\/files.sunoresearch.com.br\/n\/uploads\/2023\/03\/Ebook-Acoes-Desktop.jpg\"\n\t\t\t\t>\n\t\t\t<\/picture>\n\t\t<\/a>\n\t<\/p>\n\n\n\n\n\n<p>Em pronunciamento durante o Oitavo F\u00f3rum Fiscal \u00c1rabe Anual em Dubai, Georgieva comentou que a <strong>economia global<\/strong> tem sido surpreendentemente resiliente e o crescimento excedeu as expectativas em 2023. Ela espera que a infla\u00e7\u00e3o global caia em 2024. &#8220;Mas n\u00e3o podemos declarar vit\u00f3ria prematuramente&#8221;, pontuou.<\/p>\n\n\n\n<p>As perspectivas de crescimento a m\u00e9dio prazo permanecem fracas em cerca de 3%, em compara\u00e7\u00e3o com a m\u00e9dia hist\u00f3rica de cerca de 3,8%, disse.<\/p>\n\n\n\n<p>Segundo Georgieva, a economia global pode ser impulsionada por fatores como o <strong>desenvolvimento da intelig\u00eancia artificial<\/strong>. Mas com cerca de 40% dos empregos expostos \u00e0 IA, seus efeitos s\u00e3o incertos. Segundo Georgieva, os pa\u00edses que n\u00e3o disp\u00f5em de infraestruturas e de m\u00e3o de obra qualificada para aproveitar esta tecnologia poder\u00e3o ficar ainda mais para tr\u00e1s.<\/p>\n\n\n\n<p>Georgieva destaca que o <strong>FMI <\/strong>espera um crescimento do<strong> Produto Interno Bruto (PIB) <\/strong>para o Oriente M\u00e9dio e o Norte da \u00c1frica perto de 2,9% em 2024, superando o resultado apresentado no ano passado, mas abaixo das proje\u00e7\u00f5es de outubro. &#8220;Isto deve-se em grande parte aos cortes de <a href=\"https:\/\/www.suno.com.br\/artigos\/curto-prazo\/\">curto prazo<\/a> na produ\u00e7\u00e3o de petr\u00f3leo, ao conflito Gaza-Israel e \u00e0s pol\u00edticas monet\u00e1rias rigorosas, que ainda s\u00e3o necess\u00e1rias&#8221;, disse seu discurso.<\/p>\n\n\n\n<p>Ela afirmou que a regi\u00e3o \u00e1rabe tem desempenhado um papel cada vez mais importante num mundo em r\u00e1pida mudan\u00e7a. &#8220;Numa \u00e9poca de desafios econ\u00f4micos, de tens\u00e3o geopol\u00edtica e de guerra, \u00e9 muito importante plantarmos agora sementes &#8211; de crescimento e coopera\u00e7\u00e3o, de paz e prosperidade&#8221;, afirmou Georgieva, referindo-se ao prov\u00e9rbio \u00e1rabe que diz &#8220;uma \u00e1rvore come\u00e7a com uma semente&#8221;.<\/p>\n\n\n\n<h2 class=\"wp-block-heading\">Conflito Gaza-Israel<\/h2>\n\n\n\n<p>A <strong>diretora-geral do FMI <\/strong>destacou que economicamente, o conflito foi devastador para a regi\u00e3o de Gaza, onde a atividade econ\u00f4mica caiu 80% no per\u00edodo entre outubro de dezembro do ano passado em rela\u00e7\u00e3o ao ano anterior. J\u00e1 na Cisjord\u00e2nia, a queda chegou a 22% na mesma base de compara\u00e7\u00e3o. &#8220;As perspectivas sombrias da economia palestina est\u00e3o piorando \u00e0 medida que o conflito persiste. S\u00f3 uma paz duradoura e uma solu\u00e7\u00e3o pol\u00edtica poder\u00e3o mud\u00e1-la fundamentalmente&#8221;, afirmou, destacando que a guerra est\u00e1 pesando sobre o turismo local.<\/p>\n\n\n\n<p>Em toda a regi\u00e3o e fora dela, o impacto \u00e9 sentido tamb\u00e9m atrav\u00e9s do aumento do custos de frete e da redu\u00e7\u00e3o dos volumes de tr\u00e2nsito no Mar Vermelho, com uma queda de quase 50% este ano, segundo dados do PortWatch.<\/p>\n\n\n\t<p>\n\t\t<a href=\"https:\/\/lp.suno.com.br\/ebook-gratuito-investindo-no-exterior\/\" target=\"_blank\" data-element=\"shortcode-suno-banner\" title=\"Banner SUNO, clique e saiba mais\">\n\t\t\t<picture>\n\t\t\t\t<source media=\"(max-width: 500px)\" srcset=\"https:\/\/files.sunoresearch.com.br\/n\/uploads\/2023\/03\/400x300-Investindo-no-exterior.png\">\n\t\t\t\t<img class=\"newsContent__article__imgCapa newsContent__article__imgCapa--banner\"\n\t\t\t\t\tsrc=\"https:\/\/files.sunoresearch.com.br\/n\/uploads\/2023\/03\/1420x240-Investindo-no-exterior.png\"\n\t\t\t\t\tdata-promo-id=\"383161\"\t\t\t\t\t\t\t\t\t\twidth='1420' height='240'\t\t\t\t\talt=\"https:\/\/files.sunoresearch.com.br\/n\/uploads\/2023\/03\/1420x240-Investindo-no-exterior.png\"\n\t\t\t\t>\n\t\t\t<\/picture>\n\t\t<\/a>\n\t<\/p>\n\n\n\n\n\n<h2 class=\"wp-block-heading\">Quais os riscos de profissionais perderem seus empregos para a intelig\u00eancia artificial (IA)? Veja o que acham os brasileiros<\/h2>\n\n\n\n<p>Tr\u00eas em cada quatro profissionais brasileiros acreditam que a\u00a0intelig\u00eancia artificial\u00a0(<strong>IA<\/strong>) substituir\u00e1 seus empregos. Essa informa\u00e7\u00e3o se baseia em um novo levantamento realizado pela Page Interim, que \u00e9 uma unidade de neg\u00f3cio do PageGroup especializada em recrutamento, sele\u00e7\u00e3o e administra\u00e7\u00e3o de profissionais terceirizados e tempor\u00e1rios.<\/p>\n\n\n\n<p>De acordo com essa nova pesquisa, que fora realizada com pessoas de sete pa\u00edses diferentes na Am\u00e9rica Latina, 76,6% dos respondentes brasileiros creem que a&nbsp;<a href=\"https:\/\/www.suno.com.br\/artigos\/ia-inteligencia-artificial\/\" target=\"_blank\" rel=\"noreferrer noopener\">intelig\u00eancia artificial (IA)<\/a>&nbsp;vai afetar de forma parcial os&nbsp;<strong>postos de trabalho<\/strong>, considerando a \u00e1rea em que esses profissionais atuam.<\/p>\n\n\n\n<p>Mas n\u00e3o s\u00e3o apenas os brasileiros que enxergam esse cen\u00e1rio para o futuro. Tamb\u00e9m acreditam nessa possibilidade os participantes do Panam\u00e1 (69%), do M\u00e9xico (68%), do Peru (66%), da Col\u00f4mbia (65%), do Chile e da Argentina (63%, cada).<\/p>\n\n\n\n<p>Al\u00e9m do&nbsp;<strong>desemprego<\/strong>, a pesquisa tamb\u00e9m concluiu que h\u00e1 preocupa\u00e7\u00e3o em rela\u00e7\u00e3o \u00e0 privacidade e \u00e0 seguran\u00e7a de dados. Esses tr\u00eas itens foram os que mais se destacaram em quase todos os pa\u00edses dessa pesquisa, exceto na Argentina, onde h\u00e1 maior preocupa\u00e7\u00e3o no uso da intelig\u00eancia artificial (IA) com implica\u00e7\u00f5es \u00e9ticas do que com o desemprego.<\/p>\n\n\n\n<p>Quando questionados sobre o&nbsp;<strong>uso da intelig\u00eancia artificial (IA)<\/strong>&nbsp;dentro de sua \u00e1rea de atua\u00e7\u00e3o, os profissionais de todos os pa\u00edses desse levantamento destacaram que a tecnologia tem potencial para ser ben\u00e9fica, mas que ela tamb\u00e9m apresenta riscos significativos (61,5% dos participantes acreditam nisso).<\/p>\n\n\n\n<p>Tamb\u00e9m afirmaram que \u00e9 um divisor de \u00e1guas e que a&nbsp;<strong>intelig\u00eancia artificial<\/strong>&nbsp;vai revolucionar a ind\u00fastria (32,1%). Aqueles que acham que h\u00e1 exagero no tema e que n\u00e3o haver\u00e1 impacto significativo somaram 3%, e os que ainda n\u00e3o sabem, 3,4%. O levantamento foi realizado em novembro e dezembro de 2023, contando com um total de 5.354 profissionais.<\/p>\n\n\n\n<p><em>*Com informa\u00e7\u00f5es de Estad\u00e3o Conte\u00fado<\/em><\/p>\n\n\n\t<p>\n\t\t<a href=\"https:\/\/lp.suno.com.br\/planilha-da-vida-financeira\/\" target=\"_blank\" data-element=\"shortcode-suno-banner\" title=\"Banner SUNO, clique e saiba mais\">\n\t\t\t<picture>\n\t\t\t\t<source media=\"(max-width: 500px)\" srcset=\"https:\/\/files.sunoresearch.com.br\/n\/uploads\/2023\/04\/400x300-Planilha-vida-financeira-true.png\">\n\t\t\t\t<img class=\"newsContent__article__imgCapa newsContent__article__imgCapa--banner\"\n\t\t\t\t\tsrc=\"https:\/\/files.sunoresearch.com.br\/n\/uploads\/2023\/04\/1420x240-Planilha-vida-financeira-true.png\"\n\t\t\t\t\tdata-promo-id=\"383123\"\t\t\t\t\t\t\t\t\t\twidth='1420' height='240'\t\t\t\t\talt=\"https:\/\/files.sunoresearch.com.br\/n\/uploads\/2023\/04\/1420x240-Planilha-vida-financeira-true.png\"\n\t\t\t\t>\n\t\t\t<\/picture>\n\t\t<\/a>\n\t<\/p>\n\n\n","protected":false},"excerpt":{"rendered":"<p>A diretora-geral do Fundo Monet\u00e1rio Internacional, (FMI), Kristalina Georgieva, disse que embora as incertezas ainda sejam elevadas, h\u00e1 um pouco mais de confian\u00e7a quanto \u00e0s perspectivas econ\u00f4micas, acrescentando que a economia global pode ser impulsionada pela intelig\u00eancia artificial. Instala\u00e7\u00f5es da Intel na Mal\u00e1sia refor\u00e7am a expans\u00e3o da companhia no setor de semicondutores. Foto: Pexels Em [&hellip;]<\/p>\n","protected":false},"author":313,"featured_media":522625,"comment_status":"closed","ping_status":"closed","sticky":false,"template":"","format":"standard","meta":[],"categories":[63],"tags":[1577],"suno_strategy":[],"class_list":["post-522600","post","type-post","status-publish","format-standard","has-post-thumbnail","hentry","category-internacional","tag-inteligencia-artificial"],"yoast_head":"<!-- This site is optimized with the Yoast SEO plugin v24.4 - https:\/\/yoast.com\/wordpress\/plugins\/seo\/ -->\n<title>Intelig\u00eancia artificial: efeitos ainda s\u00e3o incertos, diz FMI<\/title>\n<meta name=\"description\" content=\"Segundo o FMI, os pa\u00edses que n\u00e3o disp\u00f5em de infraestruturas para aproveitar a intelig\u00eancia artificial poder\u00e3o ficar ainda mais para tr\u00e1s.\" \/>\n<meta name=\"robots\" content=\"index, follow, max-snippet:-1, max-image-preview:large, max-video-preview:-1\" \/>\n<link rel=\"canonical\" href=\"https:\/\/www.suno.com.br\/noticias\/inteligencia-artificial-economia-fmi-gpj\/\" \/>\n<meta property=\"og:locale\" content=\"pt_BR\" \/>\n<meta property=\"og:type\" content=\"article\" \/>\n<meta property=\"og:title\" content=\"Intelig\u00eancia artificial: efeitos ainda s\u00e3o incertos, diz FMI\" \/>\n<meta property=\"og:description\" content=\"Segundo o FMI, os pa\u00edses que n\u00e3o disp\u00f5em de infraestruturas para aproveitar a intelig\u00eancia artificial poder\u00e3o ficar ainda mais para tr\u00e1s.\" \/>\n<meta property=\"og:url\" content=\"https:\/\/www.suno.com.br\/noticias\/inteligencia-artificial-economia-fmi-gpj\/\" \/>\n<meta property=\"og:site_name\" content=\"Suno Not\u00edcias\" \/>\n<meta property=\"article:publisher\" content=\"https:\/\/facebook.com\/sunoresearch\" \/>\n<meta property=\"og:image\" content=\"https:\/\/files.sunoresearch.com.br\/n\/uploads\/2024\/02\/pexels-pixabay-373543-scaled.jpg\" \/>\n\t<meta property=\"og:image:width\" content=\"2560\" \/>\n\t<meta property=\"og:image:height\" content=\"1706\" \/>\n\t<meta property=\"og:image:type\" content=\"image\/jpeg\" \/>\n<meta name=\"author\" content=\"Giovanni Porf\u00edrio Jacomino\" \/>\n<meta name=\"twitter:card\" content=\"summary_large_image\" \/>\n<meta name=\"twitter:creator\" content=\"@sunoresearch\" \/>\n<meta name=\"twitter:site\" content=\"@sunoresearch\" \/>\n<meta name=\"twitter:label1\" content=\"Escrito por\" \/>\n\t<meta name=\"twitter:data1\" content=\"Giovanni Porf\u00edrio Jacomino\" \/>\n\t<meta name=\"twitter:label2\" content=\"Est. tempo de leitura\" \/>\n\t<meta name=\"twitter:data2\" content=\"5 minutos\" \/>\n<script type=\"application\/ld+json\" class=\"yoast-schema-graph\">{\"@context\":\"https:\/\/schema.org\",\"@graph\":[{\"@type\":\"NewsArticle\",\"@id\":\"https:\/\/www.suno.com.br\/noticias\/inteligencia-artificial-economia-fmi-gpj\/#article\",\"isPartOf\":{\"@id\":\"https:\/\/www.suno.com.br\/noticias\/inteligencia-artificial-economia-fmi-gpj\/\"},\"author\":{\"name\":\"Giovanni Porf\u00edrio Jacomino\",\"@id\":\"https:\/\/www.suno.com.br\/noticias\/#\/schema\/person\/d0f32748bbca4bee871fa191ee4e2d40\"},\"headline\":\"Intelig\u00eancia artificial pode impulsionar economia global, mas efeitos ainda s\u00e3o incertos, diz FMI\",\"datePublished\":\"2024-02-12T18:22:04+00:00\",\"dateModified\":\"2024-02-12T18:23:37+00:00\",\"mainEntityOfPage\":{\"@id\":\"https:\/\/www.suno.com.br\/noticias\/inteligencia-artificial-economia-fmi-gpj\/\"},\"wordCount\":824,\"publisher\":{\"@id\":\"https:\/\/www.suno.com.br\/noticias\/#organization\"},\"image\":{\"@id\":\"https:\/\/www.suno.com.br\/noticias\/inteligencia-artificial-economia-fmi-gpj\/#primaryimage\"},\"thumbnailUrl\":\"https:\/\/files.sunoresearch.com.br\/n\/uploads\/2024\/02\/pexels-pixabay-373543-scaled.jpg\",\"keywords\":[\"intelig\u00eancia artificial\"],\"articleSection\":[\"Internacional\"],\"inLanguage\":\"pt-BR\"},{\"@type\":\"WebPage\",\"@id\":\"https:\/\/www.suno.com.br\/noticias\/inteligencia-artificial-economia-fmi-gpj\/\",\"url\":\"https:\/\/www.suno.com.br\/noticias\/inteligencia-artificial-economia-fmi-gpj\/\",\"name\":\"Intelig\u00eancia artificial: efeitos ainda s\u00e3o incertos, diz FMI\",\"isPartOf\":{\"@id\":\"https:\/\/www.suno.com.br\/noticias\/#website\"},\"primaryImageOfPage\":{\"@id\":\"https:\/\/www.suno.com.br\/noticias\/inteligencia-artificial-economia-fmi-gpj\/#primaryimage\"},\"image\":{\"@id\":\"https:\/\/www.suno.com.br\/noticias\/inteligencia-artificial-economia-fmi-gpj\/#primaryimage\"},\"thumbnailUrl\":\"https:\/\/files.sunoresearch.com.br\/n\/uploads\/2024\/02\/pexels-pixabay-373543-scaled.jpg\",\"datePublished\":\"2024-02-12T18:22:04+00:00\",\"dateModified\":\"2024-02-12T18:23:37+00:00\",\"description\":\"Segundo o FMI, os pa\u00edses que n\u00e3o disp\u00f5em de infraestruturas para aproveitar a intelig\u00eancia artificial poder\u00e3o ficar ainda mais para tr\u00e1s.\",\"breadcrumb\":{\"@id\":\"https:\/\/www.suno.com.br\/noticias\/inteligencia-artificial-economia-fmi-gpj\/#breadcrumb\"},\"inLanguage\":\"pt-BR\",\"potentialAction\":[{\"@type\":\"ReadAction\",\"target\":[\"https:\/\/www.suno.com.br\/noticias\/inteligencia-artificial-economia-fmi-gpj\/\"]}]},{\"@type\":\"ImageObject\",\"inLanguage\":\"pt-BR\",\"@id\":\"https:\/\/www.suno.com.br\/noticias\/inteligencia-artificial-economia-fmi-gpj\/#primaryimage\",\"url\":\"https:\/\/files.sunoresearch.com.br\/n\/uploads\/2024\/02\/pexels-pixabay-373543-scaled.jpg\",\"contentUrl\":\"https:\/\/files.sunoresearch.com.br\/n\/uploads\/2024\/02\/pexels-pixabay-373543-scaled.jpg\",\"width\":2560,\"height\":1706,\"caption\":\"Instala\u00e7\u00f5es da Intel na Mal\u00e1sia refor\u00e7am a expans\u00e3o da companhia no setor de semicondutores. Foto: Pexels\"},{\"@type\":\"BreadcrumbList\",\"@id\":\"https:\/\/www.suno.com.br\/noticias\/inteligencia-artificial-economia-fmi-gpj\/#breadcrumb\",\"itemListElement\":[{\"@type\":\"ListItem\",\"position\":1,\"name\":\"Not\u00edcias\",\"item\":\"https:\/\/www.suno.com.br\/noticias\/\"},{\"@type\":\"ListItem\",\"position\":2,\"name\":\"Internacional\",\"item\":\"https:\/\/www.suno.com.br\/noticias\/internacional\/\"},{\"@type\":\"ListItem\",\"position\":3,\"name\":\"Intelig\u00eancia artificial pode impulsionar economia global, mas efeitos ainda s\u00e3o incertos, diz FMI\"}]},{\"@type\":\"WebSite\",\"@id\":\"https:\/\/www.suno.com.br\/noticias\/#website\",\"url\":\"https:\/\/www.suno.com.br\/noticias\/\",\"name\":\"Suno Not\u00edcias\",\"description\":\"Seu portal de informa\u00e7\u00e3o sobre o mundo dos investimentos\",\"publisher\":{\"@id\":\"https:\/\/www.suno.com.br\/noticias\/#organization\"},\"potentialAction\":[{\"@type\":\"SearchAction\",\"target\":{\"@type\":\"EntryPoint\",\"urlTemplate\":\"https:\/\/www.suno.com.br\/noticias\/?s={search_term_string}\"},\"query-input\":{\"@type\":\"PropertyValueSpecification\",\"valueRequired\":true,\"valueName\":\"search_term_string\"}}],\"inLanguage\":\"pt-BR\"},{\"@type\":\"Organization\",\"@id\":\"https:\/\/www.suno.com.br\/noticias\/#organization\",\"name\":\"Suno Not\u00edcias\",\"url\":\"https:\/\/www.suno.com.br\/noticias\/\",\"logo\":{\"@type\":\"ImageObject\",\"inLanguage\":\"pt-BR\",\"@id\":\"https:\/\/www.suno.com.br\/noticias\/#\/schema\/logo\/image\/\",\"url\":\"https:\/\/files.sunoresearch.com.br\/n\/uploads\/2021\/09\/suno-logo.png\",\"contentUrl\":\"https:\/\/files.sunoresearch.com.br\/n\/uploads\/2021\/09\/suno-logo.png\",\"width\":180,\"height\":180,\"caption\":\"Suno Not\u00edcias\"},\"image\":{\"@id\":\"https:\/\/www.suno.com.br\/noticias\/#\/schema\/logo\/image\/\"},\"sameAs\":[\"https:\/\/facebook.com\/sunoresearch\",\"https:\/\/x.com\/sunoresearch\",\"https:\/\/www.instagram.com\/suno\",\"https:\/\/www.linkedin.com\/company\/suno-research\/\",\"https:\/\/www.youtube.com\/c\/sunoresearch\"]},{\"@type\":\"Person\",\"@id\":\"https:\/\/www.suno.com.br\/noticias\/#\/schema\/person\/d0f32748bbca4bee871fa191ee4e2d40\",\"name\":\"Giovanni Porf\u00edrio Jacomino\",\"image\":{\"@type\":\"ImageObject\",\"inLanguage\":\"pt-BR\",\"@id\":\"https:\/\/www.suno.com.br\/noticias\/#\/schema\/person\/image\/\",\"url\":\"https:\/\/secure.gravatar.com\/avatar\/efb32e19b730a121cb7a80f41ffec01a?s=96&r=g\",\"contentUrl\":\"https:\/\/secure.gravatar.com\/avatar\/efb32e19b730a121cb7a80f41ffec01a?s=96&r=g\",\"caption\":\"Giovanni Porf\u00edrio Jacomino\"},\"description\":\"Giovanni Porf\u00edrio Jacomino \u00e9 jornalista formado pela Universidade Estadual de Londrina (UEL) e p\u00f3s-graduado em Produ\u00e7\u00e3o e Pr\u00e1ticas Jornal\u00edsticas na Contemporaneidade na Faculdade C\u00e1sper L\u00edbero (FCL). Foi editor web no Startupi e no Finsiders, atuando ainda como editor no TC Mover, portal de not\u00edcias da TradersClub, fazendo a cobertura de assuntos relacionados ao mercado financeiro interno e externo. Atualmente, \u00e9 Rep\u00f3rter do Suno Not\u00edcias.\",\"url\":\"https:\/\/www.suno.com.br\/noticias\/author\/giovanni-porfiriosuno-com-br\/\"}]}<\/script>\n<!-- \/ Yoast SEO plugin. -->","yoast_head_json":{"title":"Intelig\u00eancia artificial: efeitos ainda s\u00e3o incertos, diz FMI","description":"Segundo o FMI, os pa\u00edses que n\u00e3o disp\u00f5em de infraestruturas para aproveitar a intelig\u00eancia artificial poder\u00e3o ficar ainda mais para tr\u00e1s.","robots":{"index":"index","follow":"follow","max-snippet":"max-snippet:-1","max-image-preview":"max-image-preview:large","max-video-preview":"max-video-preview:-1"},"canonical":"https:\/\/www.suno.com.br\/noticias\/inteligencia-artificial-economia-fmi-gpj\/","og_locale":"pt_BR","og_type":"article","og_title":"Intelig\u00eancia artificial: efeitos ainda s\u00e3o incertos, diz FMI","og_description":"Segundo o FMI, os pa\u00edses que n\u00e3o disp\u00f5em de infraestruturas para aproveitar a intelig\u00eancia artificial poder\u00e3o ficar ainda mais para tr\u00e1s.","og_url":"https:\/\/www.suno.com.br\/noticias\/inteligencia-artificial-economia-fmi-gpj\/","og_site_name":"Suno Not\u00edcias","article_publisher":"https:\/\/facebook.com\/sunoresearch","og_image":[{"width":2560,"height":1706,"url":"https:\/\/files.sunoresearch.com.br\/n\/uploads\/2024\/02\/pexels-pixabay-373543-scaled.jpg","type":"image\/jpeg"}],"author":"Giovanni Porf\u00edrio Jacomino","twitter_card":"summary_large_image","twitter_creator":"@sunoresearch","twitter_site":"@sunoresearch","twitter_misc":{"Escrito por":"Giovanni Porf\u00edrio Jacomino","Est. tempo de leitura":"5 minutos"},"schema":{"@context":"https:\/\/schema.org","@graph":[{"@type":"NewsArticle","@id":"https:\/\/www.suno.com.br\/noticias\/inteligencia-artificial-economia-fmi-gpj\/#article","isPartOf":{"@id":"https:\/\/www.suno.com.br\/noticias\/inteligencia-artificial-economia-fmi-gpj\/"},"author":{"name":"Giovanni Porf\u00edrio Jacomino","@id":"https:\/\/www.suno.com.br\/noticias\/#\/schema\/person\/d0f32748bbca4bee871fa191ee4e2d40"},"headline":"Intelig\u00eancia artificial pode impulsionar economia global, mas efeitos ainda s\u00e3o incertos, diz FMI","datePublished":"2024-02-12T18:22:04+00:00","dateModified":"2024-02-12T18:23:37+00:00","mainEntityOfPage":{"@id":"https:\/\/www.suno.com.br\/noticias\/inteligencia-artificial-economia-fmi-gpj\/"},"wordCount":824,"publisher":{"@id":"https:\/\/www.suno.com.br\/noticias\/#organization"},"image":{"@id":"https:\/\/www.suno.com.br\/noticias\/inteligencia-artificial-economia-fmi-gpj\/#primaryimage"},"thumbnailUrl":"https:\/\/files.sunoresearch.com.br\/n\/uploads\/2024\/02\/pexels-pixabay-373543-scaled.jpg","keywords":["intelig\u00eancia artificial"],"articleSection":["Internacional"],"inLanguage":"pt-BR"},{"@type":"WebPage","@id":"https:\/\/www.suno.com.br\/noticias\/inteligencia-artificial-economia-fmi-gpj\/","url":"https:\/\/www.suno.com.br\/noticias\/inteligencia-artificial-economia-fmi-gpj\/","name":"Intelig\u00eancia artificial: efeitos ainda s\u00e3o incertos, diz FMI","isPartOf":{"@id":"https:\/\/www.suno.com.br\/noticias\/#website"},"primaryImageOfPage":{"@id":"https:\/\/www.suno.com.br\/noticias\/inteligencia-artificial-economia-fmi-gpj\/#primaryimage"},"image":{"@id":"https:\/\/www.suno.com.br\/noticias\/inteligencia-artificial-economia-fmi-gpj\/#primaryimage"},"thumbnailUrl":"https:\/\/files.sunoresearch.com.br\/n\/uploads\/2024\/02\/pexels-pixabay-373543-scaled.jpg","datePublished":"2024-02-12T18:22:04+00:00","dateModified":"2024-02-12T18:23:37+00:00","description":"Segundo o FMI, os pa\u00edses que n\u00e3o disp\u00f5em de infraestruturas para aproveitar a intelig\u00eancia artificial poder\u00e3o ficar ainda mais para tr\u00e1s.","breadcrumb":{"@id":"https:\/\/www.suno.com.br\/noticias\/inteligencia-artificial-economia-fmi-gpj\/#breadcrumb"},"inLanguage":"pt-BR","potentialAction":[{"@type":"ReadAction","target":["https:\/\/www.suno.com.br\/noticias\/inteligencia-artificial-economia-fmi-gpj\/"]}]},{"@type":"ImageObject","inLanguage":"pt-BR","@id":"https:\/\/www.suno.com.br\/noticias\/inteligencia-artificial-economia-fmi-gpj\/#primaryimage","url":"https:\/\/files.sunoresearch.com.br\/n\/uploads\/2024\/02\/pexels-pixabay-373543-scaled.jpg","contentUrl":"https:\/\/files.sunoresearch.com.br\/n\/uploads\/2024\/02\/pexels-pixabay-373543-scaled.jpg","width":2560,"height":1706,"caption":"Instala\u00e7\u00f5es da Intel na Mal\u00e1sia refor\u00e7am a expans\u00e3o da companhia no setor de semicondutores. Foto: Pexels"},{"@type":"BreadcrumbList","@id":"https:\/\/www.suno.com.br\/noticias\/inteligencia-artificial-economia-fmi-gpj\/#breadcrumb","itemListElement":[{"@type":"ListItem","position":1,"name":"Not\u00edcias","item":"https:\/\/www.suno.com.br\/noticias\/"},{"@type":"ListItem","position":2,"name":"Internacional","item":"https:\/\/www.suno.com.br\/noticias\/internacional\/"},{"@type":"ListItem","position":3,"name":"Intelig\u00eancia artificial pode impulsionar economia global, mas efeitos ainda s\u00e3o incertos, diz FMI"}]},{"@type":"WebSite","@id":"https:\/\/www.suno.com.br\/noticias\/#website","url":"https:\/\/www.suno.com.br\/noticias\/","name":"Suno Not\u00edcias","description":"Seu portal de informa\u00e7\u00e3o sobre o mundo dos investimentos","publisher":{"@id":"https:\/\/www.suno.com.br\/noticias\/#organization"},"potentialAction":[{"@type":"SearchAction","target":{"@type":"EntryPoint","urlTemplate":"https:\/\/www.suno.com.br\/noticias\/?s={search_term_string}"},"query-input":{"@type":"PropertyValueSpecification","valueRequired":true,"valueName":"search_term_string"}}],"inLanguage":"pt-BR"},{"@type":"Organization","@id":"https:\/\/www.suno.com.br\/noticias\/#organization","name":"Suno Not\u00edcias","url":"https:\/\/www.suno.com.br\/noticias\/","logo":{"@type":"ImageObject","inLanguage":"pt-BR","@id":"https:\/\/www.suno.com.br\/noticias\/#\/schema\/logo\/image\/","url":"https:\/\/files.sunoresearch.com.br\/n\/uploads\/2021\/09\/suno-logo.png","contentUrl":"https:\/\/files.sunoresearch.com.br\/n\/uploads\/2021\/09\/suno-logo.png","width":180,"height":180,"caption":"Suno Not\u00edcias"},"image":{"@id":"https:\/\/www.suno.com.br\/noticias\/#\/schema\/logo\/image\/"},"sameAs":["https:\/\/facebook.com\/sunoresearch","https:\/\/x.com\/sunoresearch","https:\/\/www.instagram.com\/suno","https:\/\/www.linkedin.com\/company\/suno-research\/","https:\/\/www.youtube.com\/c\/sunoresearch"]},{"@type":"Person","@id":"https:\/\/www.suno.com.br\/noticias\/#\/schema\/person\/d0f32748bbca4bee871fa191ee4e2d40","name":"Giovanni Porf\u00edrio Jacomino","image":{"@type":"ImageObject","inLanguage":"pt-BR","@id":"https:\/\/www.suno.com.br\/noticias\/#\/schema\/person\/image\/","url":"https:\/\/secure.gravatar.com\/avatar\/efb32e19b730a121cb7a80f41ffec01a?s=96&r=g","contentUrl":"https:\/\/secure.gravatar.com\/avatar\/efb32e19b730a121cb7a80f41ffec01a?s=96&r=g","caption":"Giovanni Porf\u00edrio Jacomino"},"description":"Giovanni Porf\u00edrio Jacomino \u00e9 jornalista formado pela Universidade Estadual de Londrina (UEL) e p\u00f3s-graduado em Produ\u00e7\u00e3o e Pr\u00e1ticas Jornal\u00edsticas na Contemporaneidade na Faculdade C\u00e1sper L\u00edbero (FCL). Foi editor web no Startupi e no Finsiders, atuando ainda como editor no TC Mover, portal de not\u00edcias da TradersClub, fazendo a cobertura de assuntos relacionados ao mercado financeiro interno e externo. Atualmente, \u00e9 Rep\u00f3rter do Suno Not\u00edcias.","url":"https:\/\/www.suno.com.br\/noticias\/author\/giovanni-porfiriosuno-com-br\/"}]}},"default_loop_html":"<div class=\"cardsPage__listCard__boxs\"><div class=\"cardsPage__listCard__boxs__img\"><a href=\"https:\/\/www.suno.com.br\/noticias\/inteligencia-artificial-economia-fmi-gpj\/\"><img class=\"mask\" src=\"https:\/\/www.suno.com.br\/noticias\/wp-content\/themes\/suno\/resources\/images\/spotlight\/spotlight1img\/bg-mask.png\" alt=\"Image Mask\"\/><img src=\"https:\/\/files.sunoresearch.com.br\/n\/uploads\/2024\/02\/pexels-pixabay-373543-400x200.jpg\" alt=\"Intelig\u00eancia artificial pode impulsionar economia global, mas efeitos ainda s\u00e3o incertos, diz FMI\"\/><\/a><span class=\"spotlightCategory\"><a href=\"https:\/\/www.suno.com.br\/noticias\/internacional\/\">Internacional<\/a><\/span><\/div><div class=\"cardsPage__listCard__boxs__content\"><a href=\"https:\/\/www.suno.com.br\/noticias\/inteligencia-artificial-economia-fmi-gpj\/\"><h2 class=\"content__title\">Intelig\u00eancia artificial pode impulsionar economia global, mas efeitos ainda s\u00e3o incertos, diz FMI<\/h2><\/a><div class=\"newsContent__article__meta\"><div class=\"newsContent__article__meta__authorBox\"><a href=\"https:\/\/www.suno.com.br\/noticias\/author\/giovanni-porfiriosuno-com-br\/\" class=\"authorBox__avatar noMobi\"><img src=\"https:\/\/files.sunoresearch.com.br\/n\/uploads\/2024\/05\/DSCF4115-1-1-150x150.webp\" alt=\"Giovanni Porf\u00edrio Jacomino\"><\/a><div class=\"authorBox__name\"><span>por\n\t\t\t<a href=\"https:\/\/www.suno.com.br\/noticias\/author\/giovanni-porfiriosuno-com-br\/\"><span itemprop=\"author\">Giovanni Porf\u00edrio Jacomino<\/span><\/a><\/span><time datetime=\"2024-02-12T15:22:04-03:00\" itemprop=\"datePublished\">12\/02\/2024 15:22<\/time><\/div><\/div><\/div><\/div><\/div>","single_layout":"posts","amp_enabled":true,"_links":{"self":[{"href":"https:\/\/www.suno.com.br\/noticias\/wp-json\/wp\/v2\/posts\/522600"}],"collection":[{"href":"https:\/\/www.suno.com.br\/noticias\/wp-json\/wp\/v2\/posts"}],"about":[{"href":"https:\/\/www.suno.com.br\/noticias\/wp-json\/wp\/v2\/types\/post"}],"author":[{"embeddable":true,"href":"https:\/\/www.suno.com.br\/noticias\/wp-json\/wp\/v2\/users\/313"}],"replies":[{"embeddable":true,"href":"https:\/\/www.suno.com.br\/noticias\/wp-json\/wp\/v2\/comments?post=522600"}],"version-history":[{"count":3,"href":"https:\/\/www.suno.com.br\/noticias\/wp-json\/wp\/v2\/posts\/522600\/revisions"}],"predecessor-version":[{"id":522630,"href":"https:\/\/www.suno.com.br\/noticias\/wp-json\/wp\/v2\/posts\/522600\/revisions\/522630"}],"wp:featuredmedia":[{"embeddable":true,"href":"https:\/\/www.suno.com.br\/noticias\/wp-json\/wp\/v2\/media\/522625"}],"wp:attachment":[{"href":"https:\/\/www.suno.com.br\/noticias\/wp-json\/wp\/v2\/media?parent=522600"}],"wp:term":[{"taxonomy":"category","embeddable":true,"href":"https:\/\/www.suno.com.br\/noticias\/wp-json\/wp\/v2\/categories?post=522600"},{"taxonomy":"post_tag","embeddable":true,"href":"https:\/\/www.suno.com.br\/noticias\/wp-json\/wp\/v2\/tags?post=522600"},{"taxonomy":"suno_strategy","embeddable":true,"href":"https:\/\/www.suno.com.br\/noticias\/wp-json\/wp\/v2\/suno_strategy?post=522600"}],"curies":[{"name":"wp","href":"https:\/\/api.w.org\/{rel}","templated":true}]}}