{"id":522549,"date":"2024-02-12T11:35:34","date_gmt":"2024-02-12T14:35:34","guid":{"rendered":"https:\/\/www.suno.com.br\/noticias\/?p=522549"},"modified":"2024-02-12T11:35:39","modified_gmt":"2024-02-12T14:35:39","slug":"elon-musk-sec-compra-twitter-gpj","status":"publish","type":"post","link":"https:\/\/www.suno.com.br\/noticias\/elon-musk-sec-compra-twitter-gpj\/","title":{"rendered":"Elon Musk \u00e9 convocado a depor em investiga\u00e7\u00e3o da SEC sobre compra do Twitter; saiba mais"},"content":{"rendered":"<p>A ju\u00edza federal dos Estados Unidos do distrito Norte da Calif\u00f3rnia, Laurel Beeler, determinou que o empres\u00e1rio <strong>Elon Musk<\/strong>, CEO da Tesla e do X (antigo Twitter), testemunhe novamente na investiga\u00e7\u00e3o da Securities and Exchange Commission (SEC), o \u00f3rg\u00e3o regulador do mercado de valores mobili\u00e1rios dos Estados Unidos, sobre a compra do Twitter. <\/p>\t<div class=\"wrapper-featured-image\">\n\t\t<figure class=\"spotlightImg\">\n\n\t\t\t<picture>\n\t\t\t\t<source media=\"(max-width: 768px)\" srcset=\"https:\/\/files.sunoresearch.com.br\/n\/uploads\/2022\/12\/elon-musk-comando-twitter-mudancas-foto-youtube-400x200.jpg\">\n\t\t\t\t<img loading=\"lazy\" decoding=\"async\" class=\"newsContent__article__imgCapa lazyloadDisabled \" src=\"https:\/\/files.sunoresearch.com.br\/n\/uploads\/2022\/12\/elon-musk-comando-twitter-mudancas-foto-youtube-800x450.jpg\" width=\"800\" height=\"450\" alt=\"Elon Musk \u00e9 convocado a depor em investiga\u00e7\u00e3o da SEC sobre compra do Twitter; saiba mais\" fetchpriority=high \/>\n\t\t\t<\/picture>\n\n\t\t\t<figcaption class=\"wp-caption-text wp-caption-text--show\">Elon Musk. Foto: YouTube<\/figcaption>\n\t\t<\/figure>\n\t<\/div>\n\n\n\n\n\n\n\n\t<p>\n\t\t<a href=\"https:\/\/lp.suno.com.br\/ebook-como-analisar-uma-acao\/\" target=\"_blank\" data-element=\"shortcode-suno-banner\" title=\"Banner SUNO, clique e saiba mais\">\n\t\t\t<picture>\n\t\t\t\t<source media=\"(max-width: 500px)\" srcset=\"https:\/\/files.sunoresearch.com.br\/n\/uploads\/2023\/03\/Ebook-Acoes-Mobile.jpg\">\n\t\t\t\t<img class=\"newsContent__article__imgCapa newsContent__article__imgCapa--banner\"\n\t\t\t\t\tsrc=\"https:\/\/files.sunoresearch.com.br\/n\/uploads\/2023\/03\/Ebook-Acoes-Desktop.jpg\"\n\t\t\t\t\tdata-promo-id=\"378302\"\t\t\t\t\t\t\t\t\t\twidth='1420' height='286'\t\t\t\t\talt=\"https:\/\/files.sunoresearch.com.br\/n\/uploads\/2023\/03\/Ebook-Acoes-Desktop.jpg\"\n\t\t\t\t>\n\t\t\t<\/picture>\n\t\t<\/a>\n\t<\/p>\n\n\n\n\n\n<p><strong>Musk<\/strong> j\u00e1 testemunhou duas vezes sobre o assunto, mas n\u00e3o compareceu \u00e0 terceira sess\u00e3o. Ele argumenta que os pedidos da SEC eram &#8220;irracionais e perturbadores&#8221;.<\/p>\n\n\n\n<p>Na decis\u00e3o, Beeler afirmou que a SEC tem autoridade para emitir uma intima\u00e7\u00e3o, que a &#8220;evid\u00eancia \u00e9 relevante e material para a investiga\u00e7\u00e3o da SEC, e o testemunho n\u00e3o \u00e9 indevidamente oneroso&#8221;.<\/p>\n\n\n\n<p>Os advogados de Musk n\u00e3o responderam aos pedidos de coment\u00e1rio da <em><i>Dow Jones Newswires<\/i> <\/em>at\u00e9 o fechamento deste texto.<\/p>\n\n\n\n<p>A SEC est\u00e1 investigando se Musk cometeu fraude civil ao n\u00e3o divulgar seus planos para o <strong>Twitter<\/strong> (agora chamado de X) quando comprou suas a\u00e7\u00f5es entre janeiro e abril de 2022.<\/p>\n\n\n\n<p>O primeiro<strong> depoimento de Musk \u00e0 SEC <\/strong>foi concedido em julho de 2022, mas o \u00f3rg\u00e3o tem solicitado depoimentos adicionais desde que recebeu &#8220;milhares de novos documentos&#8221; sobre o caso.<\/p>\n\n\n\n<p>A SEC afirma que quer perguntar a ele sobre as novas informa\u00e7\u00f5es recebidas ap\u00f3s seu depoimento anterior.<\/p>\n\n\n\t<p>\n\t\t<a href=\"https:\/\/lp.suno.com.br\/ebook-gratuito-investindo-no-exterior\/\" target=\"_blank\" data-element=\"shortcode-suno-banner\" title=\"Banner SUNO, clique e saiba mais\">\n\t\t\t<picture>\n\t\t\t\t<source media=\"(max-width: 500px)\" srcset=\"https:\/\/files.sunoresearch.com.br\/n\/uploads\/2023\/03\/400x300-Investindo-no-exterior.png\">\n\t\t\t\t<img class=\"newsContent__article__imgCapa newsContent__article__imgCapa--banner\"\n\t\t\t\t\tsrc=\"https:\/\/files.sunoresearch.com.br\/n\/uploads\/2023\/03\/1420x240-Investindo-no-exterior.png\"\n\t\t\t\t\tdata-promo-id=\"383161\"\t\t\t\t\t\t\t\t\t\twidth='1420' height='240'\t\t\t\t\talt=\"https:\/\/files.sunoresearch.com.br\/n\/uploads\/2023\/03\/1420x240-Investindo-no-exterior.png\"\n\t\t\t\t>\n\t\t\t<\/picture>\n\t\t<\/a>\n\t<\/p>\n\n\n\n\n\n<p>Segundo as investiga\u00e7\u00f5es, na primeira <a href=\"https:\/\/www.suno.com.br\/artigos\/compra-de-acoes\/\">compra de <\/a><strong><a href=\"https:\/\/www.suno.com.br\/artigos\/compra-de-acoes\/\">a\u00e7\u00f5es<\/a> do Twitter<\/strong>, Musk disse que era um acionista passivo e que n\u00e3o planejava assumir ou influenciar a empresa, mas posteriormente revelou que foi convidado para integrar o conselho e fez uma oferta de US$ 44 bilh\u00f5es pela empresa, com a compra conclu\u00edda em outubro de 2022.<\/p>\n\n\n\n<p>Musk deveria ter prestado depoimento \u00e0 SEC em 15 de setembro do ano passado, mas n\u00e3o compareceu. Posteriormente, a SEC se ofereceu para encontrar Musk em outubro em Fort Worth, Texas, perto de sua resid\u00eancia.<\/p>\n\n\n\n<p>&#8220;Os esfor\u00e7os da ag\u00eancia foram recebidos com a recusa geral de Musk em comparecer para prestar depoimento&#8221;, escreveu a SEC.<\/p>\n\n\n\n<p>Os advogados de <strong>Elon Musk<\/strong> disseram \u00e0 SEC que ele n\u00e3o compareceria porque a investiga\u00e7\u00e3o era &#8220;fr\u00edvola&#8221; e chamaram os v\u00e1rios pedidos de documentos da SEC e a exig\u00eancia de mais testemunhos de &#8220;preocupantes a\u00e7\u00f5es do governo&#8221;. Agora, a Justi\u00e7a determinou que ambos os lados se re\u00fanam dentro de uma semana para decidir a data e o local do depoimento. Se n\u00e3o chegarem a acordo, poder\u00e3o enviar uma carta conjunta com suas respectivas posi\u00e7\u00f5es, e o tribunal decidir\u00e1 a disputa por eles. <\/p>\n\n\n\n<p>*<em>Com informa\u00e7\u00f5es de <i>Dow Jones Newswires<\/i> e Estad\u00e3o Conte\u00fado<\/em><\/p>\n\n\n\t<p>\n\t\t<a href=\"https:\/\/lp.suno.com.br\/planilha-da-vida-financeira\/\" target=\"_blank\" data-element=\"shortcode-suno-banner\" title=\"Banner SUNO, clique e saiba mais\">\n\t\t\t<picture>\n\t\t\t\t<source media=\"(max-width: 500px)\" srcset=\"https:\/\/files.sunoresearch.com.br\/n\/uploads\/2023\/04\/400x300-Planilha-vida-financeira-true.png\">\n\t\t\t\t<img class=\"newsContent__article__imgCapa newsContent__article__imgCapa--banner\"\n\t\t\t\t\tsrc=\"https:\/\/files.sunoresearch.com.br\/n\/uploads\/2023\/04\/1420x240-Planilha-vida-financeira-true.png\"\n\t\t\t\t\tdata-promo-id=\"383123\"\t\t\t\t\t\t\t\t\t\twidth='1420' height='240'\t\t\t\t\talt=\"https:\/\/files.sunoresearch.com.br\/n\/uploads\/2023\/04\/1420x240-Planilha-vida-financeira-true.png\"\n\t\t\t\t>\n\t\t\t<\/picture>\n\t\t<\/a>\n\t<\/p>\n\n\n","protected":false},"excerpt":{"rendered":"<p>A ju\u00edza federal dos Estados Unidos do distrito Norte da Calif\u00f3rnia, Laurel Beeler, determinou que o empres\u00e1rio Elon Musk, CEO da Tesla e do X (antigo Twitter), testemunhe novamente na investiga\u00e7\u00e3o da Securities and Exchange Commission (SEC), o \u00f3rg\u00e3o regulador do mercado de valores mobili\u00e1rios dos Estados Unidos, sobre a compra do Twitter. Elon Musk. [&hellip;]<\/p>\n","protected":false},"author":313,"featured_media":336888,"comment_status":"closed","ping_status":"closed","sticky":false,"template":"","format":"standard","meta":[],"categories":[64],"tags":[726,1110],"suno_strategy":[],"class_list":["post-522549","post","type-post","status-publish","format-standard","has-post-thumbnail","hentry","category-negocios","tag-elon-musk","tag-twitter-twtr34"],"yoast_head":"<!-- This site is optimized with the Yoast SEO plugin v24.4 - https:\/\/yoast.com\/wordpress\/plugins\/seo\/ -->\n<title>Elon Musk \u00e9 convocado a depor sobre compra do Twitter<\/title>\n<meta name=\"description\" content=\"Elon Musk, dono do X (antigo Twitter), j\u00e1 testemunhou duas vezes sobre o assunto, mas n\u00e3o compareceu \u00e0 terceira sess\u00e3o.\" \/>\n<meta name=\"robots\" content=\"index, follow, max-snippet:-1, max-image-preview:large, max-video-preview:-1\" \/>\n<link rel=\"canonical\" href=\"https:\/\/www.suno.com.br\/noticias\/elon-musk-sec-compra-twitter-gpj\/\" \/>\n<meta property=\"og:locale\" content=\"pt_BR\" \/>\n<meta property=\"og:type\" content=\"article\" \/>\n<meta property=\"og:title\" content=\"Elon Musk \u00e9 convocado a depor sobre compra do Twitter\" \/>\n<meta property=\"og:description\" content=\"Elon Musk, dono do X (antigo Twitter), j\u00e1 testemunhou duas vezes sobre o assunto, mas n\u00e3o compareceu \u00e0 terceira sess\u00e3o.\" \/>\n<meta property=\"og:url\" content=\"https:\/\/www.suno.com.br\/noticias\/elon-musk-sec-compra-twitter-gpj\/\" \/>\n<meta property=\"og:site_name\" content=\"Suno Not\u00edcias\" \/>\n<meta property=\"article:publisher\" content=\"https:\/\/facebook.com\/sunoresearch\" \/>\n<meta property=\"og:image\" content=\"https:\/\/files.sunoresearch.com.br\/n\/uploads\/2022\/12\/elon-musk-comando-twitter-mudancas-foto-youtube.jpg\" \/>\n\t<meta property=\"og:image:width\" content=\"1200\" \/>\n\t<meta property=\"og:image:height\" content=\"675\" \/>\n\t<meta property=\"og:image:type\" content=\"image\/jpeg\" \/>\n<meta name=\"author\" content=\"Giovanni Porf\u00edrio Jacomino\" \/>\n<meta name=\"twitter:card\" content=\"summary_large_image\" \/>\n<meta name=\"twitter:creator\" content=\"@sunoresearch\" \/>\n<meta name=\"twitter:site\" content=\"@sunoresearch\" \/>\n<meta name=\"twitter:label1\" content=\"Escrito por\" \/>\n\t<meta name=\"twitter:data1\" content=\"Giovanni Porf\u00edrio Jacomino\" \/>\n\t<meta name=\"twitter:label2\" content=\"Est. tempo de leitura\" \/>\n\t<meta name=\"twitter:data2\" content=\"3 minutos\" \/>\n<script type=\"application\/ld+json\" class=\"yoast-schema-graph\">{\"@context\":\"https:\/\/schema.org\",\"@graph\":[{\"@type\":\"NewsArticle\",\"@id\":\"https:\/\/www.suno.com.br\/noticias\/elon-musk-sec-compra-twitter-gpj\/#article\",\"isPartOf\":{\"@id\":\"https:\/\/www.suno.com.br\/noticias\/elon-musk-sec-compra-twitter-gpj\/\"},\"author\":{\"name\":\"Giovanni Porf\u00edrio Jacomino\",\"@id\":\"https:\/\/www.suno.com.br\/noticias\/#\/schema\/person\/d0f32748bbca4bee871fa191ee4e2d40\"},\"headline\":\"Elon Musk \u00e9 convocado a depor em investiga\u00e7\u00e3o da SEC sobre compra do Twitter; saiba mais\",\"datePublished\":\"2024-02-12T14:35:34+00:00\",\"dateModified\":\"2024-02-12T14:35:39+00:00\",\"mainEntityOfPage\":{\"@id\":\"https:\/\/www.suno.com.br\/noticias\/elon-musk-sec-compra-twitter-gpj\/\"},\"wordCount\":464,\"publisher\":{\"@id\":\"https:\/\/www.suno.com.br\/noticias\/#organization\"},\"image\":{\"@id\":\"https:\/\/www.suno.com.br\/noticias\/elon-musk-sec-compra-twitter-gpj\/#primaryimage\"},\"thumbnailUrl\":\"https:\/\/files.sunoresearch.com.br\/n\/uploads\/2022\/12\/elon-musk-comando-twitter-mudancas-foto-youtube.jpg\",\"keywords\":[\"Elon Musk\",\"Twitter (TWTR34)\"],\"articleSection\":[\"Neg\u00f3cios\"],\"inLanguage\":\"pt-BR\"},{\"@type\":\"WebPage\",\"@id\":\"https:\/\/www.suno.com.br\/noticias\/elon-musk-sec-compra-twitter-gpj\/\",\"url\":\"https:\/\/www.suno.com.br\/noticias\/elon-musk-sec-compra-twitter-gpj\/\",\"name\":\"Elon Musk \u00e9 convocado a depor sobre compra do Twitter\",\"isPartOf\":{\"@id\":\"https:\/\/www.suno.com.br\/noticias\/#website\"},\"primaryImageOfPage\":{\"@id\":\"https:\/\/www.suno.com.br\/noticias\/elon-musk-sec-compra-twitter-gpj\/#primaryimage\"},\"image\":{\"@id\":\"https:\/\/www.suno.com.br\/noticias\/elon-musk-sec-compra-twitter-gpj\/#primaryimage\"},\"thumbnailUrl\":\"https:\/\/files.sunoresearch.com.br\/n\/uploads\/2022\/12\/elon-musk-comando-twitter-mudancas-foto-youtube.jpg\",\"datePublished\":\"2024-02-12T14:35:34+00:00\",\"dateModified\":\"2024-02-12T14:35:39+00:00\",\"description\":\"Elon Musk, dono do X (antigo Twitter), j\u00e1 testemunhou duas vezes sobre o assunto, mas n\u00e3o compareceu \u00e0 terceira sess\u00e3o.\",\"breadcrumb\":{\"@id\":\"https:\/\/www.suno.com.br\/noticias\/elon-musk-sec-compra-twitter-gpj\/#breadcrumb\"},\"inLanguage\":\"pt-BR\",\"potentialAction\":[{\"@type\":\"ReadAction\",\"target\":[\"https:\/\/www.suno.com.br\/noticias\/elon-musk-sec-compra-twitter-gpj\/\"]}]},{\"@type\":\"ImageObject\",\"inLanguage\":\"pt-BR\",\"@id\":\"https:\/\/www.suno.com.br\/noticias\/elon-musk-sec-compra-twitter-gpj\/#primaryimage\",\"url\":\"https:\/\/files.sunoresearch.com.br\/n\/uploads\/2022\/12\/elon-musk-comando-twitter-mudancas-foto-youtube.jpg\",\"contentUrl\":\"https:\/\/files.sunoresearch.com.br\/n\/uploads\/2022\/12\/elon-musk-comando-twitter-mudancas-foto-youtube.jpg\",\"width\":1200,\"height\":675,\"caption\":\"Elon Musk. Foto: YouTube\"},{\"@type\":\"BreadcrumbList\",\"@id\":\"https:\/\/www.suno.com.br\/noticias\/elon-musk-sec-compra-twitter-gpj\/#breadcrumb\",\"itemListElement\":[{\"@type\":\"ListItem\",\"position\":1,\"name\":\"Not\u00edcias\",\"item\":\"https:\/\/www.suno.com.br\/noticias\/\"},{\"@type\":\"ListItem\",\"position\":2,\"name\":\"Neg\u00f3cios\",\"item\":\"https:\/\/www.suno.com.br\/noticias\/negocios\/\"},{\"@type\":\"ListItem\",\"position\":3,\"name\":\"Elon Musk \u00e9 convocado a depor em investiga\u00e7\u00e3o da SEC sobre compra do Twitter; saiba mais\"}]},{\"@type\":\"WebSite\",\"@id\":\"https:\/\/www.suno.com.br\/noticias\/#website\",\"url\":\"https:\/\/www.suno.com.br\/noticias\/\",\"name\":\"Suno Not\u00edcias\",\"description\":\"Seu portal de informa\u00e7\u00e3o sobre o mundo dos investimentos\",\"publisher\":{\"@id\":\"https:\/\/www.suno.com.br\/noticias\/#organization\"},\"potentialAction\":[{\"@type\":\"SearchAction\",\"target\":{\"@type\":\"EntryPoint\",\"urlTemplate\":\"https:\/\/www.suno.com.br\/noticias\/?s={search_term_string}\"},\"query-input\":{\"@type\":\"PropertyValueSpecification\",\"valueRequired\":true,\"valueName\":\"search_term_string\"}}],\"inLanguage\":\"pt-BR\"},{\"@type\":\"Organization\",\"@id\":\"https:\/\/www.suno.com.br\/noticias\/#organization\",\"name\":\"Suno Not\u00edcias\",\"url\":\"https:\/\/www.suno.com.br\/noticias\/\",\"logo\":{\"@type\":\"ImageObject\",\"inLanguage\":\"pt-BR\",\"@id\":\"https:\/\/www.suno.com.br\/noticias\/#\/schema\/logo\/image\/\",\"url\":\"https:\/\/files.sunoresearch.com.br\/n\/uploads\/2021\/09\/suno-logo.png\",\"contentUrl\":\"https:\/\/files.sunoresearch.com.br\/n\/uploads\/2021\/09\/suno-logo.png\",\"width\":180,\"height\":180,\"caption\":\"Suno Not\u00edcias\"},\"image\":{\"@id\":\"https:\/\/www.suno.com.br\/noticias\/#\/schema\/logo\/image\/\"},\"sameAs\":[\"https:\/\/facebook.com\/sunoresearch\",\"https:\/\/x.com\/sunoresearch\",\"https:\/\/www.instagram.com\/suno\",\"https:\/\/www.linkedin.com\/company\/suno-research\/\",\"https:\/\/www.youtube.com\/c\/sunoresearch\"]},{\"@type\":\"Person\",\"@id\":\"https:\/\/www.suno.com.br\/noticias\/#\/schema\/person\/d0f32748bbca4bee871fa191ee4e2d40\",\"name\":\"Giovanni Porf\u00edrio Jacomino\",\"image\":{\"@type\":\"ImageObject\",\"inLanguage\":\"pt-BR\",\"@id\":\"https:\/\/www.suno.com.br\/noticias\/#\/schema\/person\/image\/\",\"url\":\"https:\/\/secure.gravatar.com\/avatar\/efb32e19b730a121cb7a80f41ffec01a?s=96&r=g\",\"contentUrl\":\"https:\/\/secure.gravatar.com\/avatar\/efb32e19b730a121cb7a80f41ffec01a?s=96&r=g\",\"caption\":\"Giovanni Porf\u00edrio Jacomino\"},\"description\":\"Giovanni Porf\u00edrio Jacomino \u00e9 jornalista formado pela Universidade Estadual de Londrina (UEL) e p\u00f3s-graduado em Produ\u00e7\u00e3o e Pr\u00e1ticas Jornal\u00edsticas na Contemporaneidade na Faculdade C\u00e1sper L\u00edbero (FCL). Foi editor web no Startupi e no Finsiders, atuando ainda como editor no TC Mover, portal de not\u00edcias da TradersClub, fazendo a cobertura de assuntos relacionados ao mercado financeiro interno e externo. Atualmente, \u00e9 Rep\u00f3rter do Suno Not\u00edcias.\",\"url\":\"https:\/\/www.suno.com.br\/noticias\/author\/giovanni-porfiriosuno-com-br\/\"}]}<\/script>\n<!-- \/ Yoast SEO plugin. -->","yoast_head_json":{"title":"Elon Musk \u00e9 convocado a depor sobre compra do Twitter","description":"Elon Musk, dono do X (antigo Twitter), j\u00e1 testemunhou duas vezes sobre o assunto, mas n\u00e3o compareceu \u00e0 terceira sess\u00e3o.","robots":{"index":"index","follow":"follow","max-snippet":"max-snippet:-1","max-image-preview":"max-image-preview:large","max-video-preview":"max-video-preview:-1"},"canonical":"https:\/\/www.suno.com.br\/noticias\/elon-musk-sec-compra-twitter-gpj\/","og_locale":"pt_BR","og_type":"article","og_title":"Elon Musk \u00e9 convocado a depor sobre compra do Twitter","og_description":"Elon Musk, dono do X (antigo Twitter), j\u00e1 testemunhou duas vezes sobre o assunto, mas n\u00e3o compareceu \u00e0 terceira sess\u00e3o.","og_url":"https:\/\/www.suno.com.br\/noticias\/elon-musk-sec-compra-twitter-gpj\/","og_site_name":"Suno Not\u00edcias","article_publisher":"https:\/\/facebook.com\/sunoresearch","og_image":[{"width":1200,"height":675,"url":"https:\/\/files.sunoresearch.com.br\/n\/uploads\/2022\/12\/elon-musk-comando-twitter-mudancas-foto-youtube.jpg","type":"image\/jpeg"}],"author":"Giovanni Porf\u00edrio Jacomino","twitter_card":"summary_large_image","twitter_creator":"@sunoresearch","twitter_site":"@sunoresearch","twitter_misc":{"Escrito por":"Giovanni Porf\u00edrio Jacomino","Est. tempo de leitura":"3 minutos"},"schema":{"@context":"https:\/\/schema.org","@graph":[{"@type":"NewsArticle","@id":"https:\/\/www.suno.com.br\/noticias\/elon-musk-sec-compra-twitter-gpj\/#article","isPartOf":{"@id":"https:\/\/www.suno.com.br\/noticias\/elon-musk-sec-compra-twitter-gpj\/"},"author":{"name":"Giovanni Porf\u00edrio Jacomino","@id":"https:\/\/www.suno.com.br\/noticias\/#\/schema\/person\/d0f32748bbca4bee871fa191ee4e2d40"},"headline":"Elon Musk \u00e9 convocado a depor em investiga\u00e7\u00e3o da SEC sobre compra do Twitter; saiba mais","datePublished":"2024-02-12T14:35:34+00:00","dateModified":"2024-02-12T14:35:39+00:00","mainEntityOfPage":{"@id":"https:\/\/www.suno.com.br\/noticias\/elon-musk-sec-compra-twitter-gpj\/"},"wordCount":464,"publisher":{"@id":"https:\/\/www.suno.com.br\/noticias\/#organization"},"image":{"@id":"https:\/\/www.suno.com.br\/noticias\/elon-musk-sec-compra-twitter-gpj\/#primaryimage"},"thumbnailUrl":"https:\/\/files.sunoresearch.com.br\/n\/uploads\/2022\/12\/elon-musk-comando-twitter-mudancas-foto-youtube.jpg","keywords":["Elon Musk","Twitter (TWTR34)"],"articleSection":["Neg\u00f3cios"],"inLanguage":"pt-BR"},{"@type":"WebPage","@id":"https:\/\/www.suno.com.br\/noticias\/elon-musk-sec-compra-twitter-gpj\/","url":"https:\/\/www.suno.com.br\/noticias\/elon-musk-sec-compra-twitter-gpj\/","name":"Elon Musk \u00e9 convocado a depor sobre compra do Twitter","isPartOf":{"@id":"https:\/\/www.suno.com.br\/noticias\/#website"},"primaryImageOfPage":{"@id":"https:\/\/www.suno.com.br\/noticias\/elon-musk-sec-compra-twitter-gpj\/#primaryimage"},"image":{"@id":"https:\/\/www.suno.com.br\/noticias\/elon-musk-sec-compra-twitter-gpj\/#primaryimage"},"thumbnailUrl":"https:\/\/files.sunoresearch.com.br\/n\/uploads\/2022\/12\/elon-musk-comando-twitter-mudancas-foto-youtube.jpg","datePublished":"2024-02-12T14:35:34+00:00","dateModified":"2024-02-12T14:35:39+00:00","description":"Elon Musk, dono do X (antigo Twitter), j\u00e1 testemunhou duas vezes sobre o assunto, mas n\u00e3o compareceu \u00e0 terceira sess\u00e3o.","breadcrumb":{"@id":"https:\/\/www.suno.com.br\/noticias\/elon-musk-sec-compra-twitter-gpj\/#breadcrumb"},"inLanguage":"pt-BR","potentialAction":[{"@type":"ReadAction","target":["https:\/\/www.suno.com.br\/noticias\/elon-musk-sec-compra-twitter-gpj\/"]}]},{"@type":"ImageObject","inLanguage":"pt-BR","@id":"https:\/\/www.suno.com.br\/noticias\/elon-musk-sec-compra-twitter-gpj\/#primaryimage","url":"https:\/\/files.sunoresearch.com.br\/n\/uploads\/2022\/12\/elon-musk-comando-twitter-mudancas-foto-youtube.jpg","contentUrl":"https:\/\/files.sunoresearch.com.br\/n\/uploads\/2022\/12\/elon-musk-comando-twitter-mudancas-foto-youtube.jpg","width":1200,"height":675,"caption":"Elon Musk. Foto: YouTube"},{"@type":"BreadcrumbList","@id":"https:\/\/www.suno.com.br\/noticias\/elon-musk-sec-compra-twitter-gpj\/#breadcrumb","itemListElement":[{"@type":"ListItem","position":1,"name":"Not\u00edcias","item":"https:\/\/www.suno.com.br\/noticias\/"},{"@type":"ListItem","position":2,"name":"Neg\u00f3cios","item":"https:\/\/www.suno.com.br\/noticias\/negocios\/"},{"@type":"ListItem","position":3,"name":"Elon Musk \u00e9 convocado a depor em investiga\u00e7\u00e3o da SEC sobre compra do Twitter; saiba mais"}]},{"@type":"WebSite","@id":"https:\/\/www.suno.com.br\/noticias\/#website","url":"https:\/\/www.suno.com.br\/noticias\/","name":"Suno Not\u00edcias","description":"Seu portal de informa\u00e7\u00e3o sobre o mundo dos investimentos","publisher":{"@id":"https:\/\/www.suno.com.br\/noticias\/#organization"},"potentialAction":[{"@type":"SearchAction","target":{"@type":"EntryPoint","urlTemplate":"https:\/\/www.suno.com.br\/noticias\/?s={search_term_string}"},"query-input":{"@type":"PropertyValueSpecification","valueRequired":true,"valueName":"search_term_string"}}],"inLanguage":"pt-BR"},{"@type":"Organization","@id":"https:\/\/www.suno.com.br\/noticias\/#organization","name":"Suno Not\u00edcias","url":"https:\/\/www.suno.com.br\/noticias\/","logo":{"@type":"ImageObject","inLanguage":"pt-BR","@id":"https:\/\/www.suno.com.br\/noticias\/#\/schema\/logo\/image\/","url":"https:\/\/files.sunoresearch.com.br\/n\/uploads\/2021\/09\/suno-logo.png","contentUrl":"https:\/\/files.sunoresearch.com.br\/n\/uploads\/2021\/09\/suno-logo.png","width":180,"height":180,"caption":"Suno Not\u00edcias"},"image":{"@id":"https:\/\/www.suno.com.br\/noticias\/#\/schema\/logo\/image\/"},"sameAs":["https:\/\/facebook.com\/sunoresearch","https:\/\/x.com\/sunoresearch","https:\/\/www.instagram.com\/suno","https:\/\/www.linkedin.com\/company\/suno-research\/","https:\/\/www.youtube.com\/c\/sunoresearch"]},{"@type":"Person","@id":"https:\/\/www.suno.com.br\/noticias\/#\/schema\/person\/d0f32748bbca4bee871fa191ee4e2d40","name":"Giovanni Porf\u00edrio Jacomino","image":{"@type":"ImageObject","inLanguage":"pt-BR","@id":"https:\/\/www.suno.com.br\/noticias\/#\/schema\/person\/image\/","url":"https:\/\/secure.gravatar.com\/avatar\/efb32e19b730a121cb7a80f41ffec01a?s=96&r=g","contentUrl":"https:\/\/secure.gravatar.com\/avatar\/efb32e19b730a121cb7a80f41ffec01a?s=96&r=g","caption":"Giovanni Porf\u00edrio Jacomino"},"description":"Giovanni Porf\u00edrio Jacomino \u00e9 jornalista formado pela Universidade Estadual de Londrina (UEL) e p\u00f3s-graduado em Produ\u00e7\u00e3o e Pr\u00e1ticas Jornal\u00edsticas na Contemporaneidade na Faculdade C\u00e1sper L\u00edbero (FCL). Foi editor web no Startupi e no Finsiders, atuando ainda como editor no TC Mover, portal de not\u00edcias da TradersClub, fazendo a cobertura de assuntos relacionados ao mercado financeiro interno e externo. Atualmente, \u00e9 Rep\u00f3rter do Suno Not\u00edcias.","url":"https:\/\/www.suno.com.br\/noticias\/author\/giovanni-porfiriosuno-com-br\/"}]}},"default_loop_html":"<div class=\"cardsPage__listCard__boxs\"><div class=\"cardsPage__listCard__boxs__img\"><a href=\"https:\/\/www.suno.com.br\/noticias\/elon-musk-sec-compra-twitter-gpj\/\"><img class=\"mask\" src=\"https:\/\/www.suno.com.br\/noticias\/wp-content\/themes\/suno\/resources\/images\/spotlight\/spotlight1img\/bg-mask.png\" alt=\"Image Mask\"\/><img src=\"https:\/\/files.sunoresearch.com.br\/n\/uploads\/2022\/12\/elon-musk-comando-twitter-mudancas-foto-youtube-400x200.jpg\" alt=\"Elon Musk \u00e9 convocado a depor em investiga\u00e7\u00e3o da SEC sobre compra do Twitter; saiba mais\"\/><\/a><span class=\"spotlightCategory\"><a href=\"https:\/\/www.suno.com.br\/noticias\/negocios\/\">Neg\u00f3cios<\/a><\/span><\/div><div class=\"cardsPage__listCard__boxs__content\"><a href=\"https:\/\/www.suno.com.br\/noticias\/elon-musk-sec-compra-twitter-gpj\/\"><h2 class=\"content__title\">Elon Musk \u00e9 convocado a depor em investiga\u00e7\u00e3o da SEC sobre compra do Twitter; saiba mais<\/h2><\/a><div class=\"newsContent__article__meta\"><div class=\"newsContent__article__meta__authorBox\"><a href=\"https:\/\/www.suno.com.br\/noticias\/author\/giovanni-porfiriosuno-com-br\/\" class=\"authorBox__avatar noMobi\"><img src=\"https:\/\/files.sunoresearch.com.br\/n\/uploads\/2024\/05\/DSCF4115-1-1-150x150.webp\" alt=\"Giovanni Porf\u00edrio Jacomino\"><\/a><div class=\"authorBox__name\"><span>por\n\t\t\t<a href=\"https:\/\/www.suno.com.br\/noticias\/author\/giovanni-porfiriosuno-com-br\/\"><span itemprop=\"author\">Giovanni Porf\u00edrio Jacomino<\/span><\/a><\/span><time datetime=\"2024-02-12T11:35:34-03:00\" itemprop=\"datePublished\">12\/02\/2024 11:35<\/time><\/div><\/div><\/div><\/div><\/div>","single_layout":"posts","amp_enabled":true,"_links":{"self":[{"href":"https:\/\/www.suno.com.br\/noticias\/wp-json\/wp\/v2\/posts\/522549"}],"collection":[{"href":"https:\/\/www.suno.com.br\/noticias\/wp-json\/wp\/v2\/posts"}],"about":[{"href":"https:\/\/www.suno.com.br\/noticias\/wp-json\/wp\/v2\/types\/post"}],"author":[{"embeddable":true,"href":"https:\/\/www.suno.com.br\/noticias\/wp-json\/wp\/v2\/users\/313"}],"replies":[{"embeddable":true,"href":"https:\/\/www.suno.com.br\/noticias\/wp-json\/wp\/v2\/comments?post=522549"}],"version-history":[{"count":3,"href":"https:\/\/www.suno.com.br\/noticias\/wp-json\/wp\/v2\/posts\/522549\/revisions"}],"predecessor-version":[{"id":522576,"href":"https:\/\/www.suno.com.br\/noticias\/wp-json\/wp\/v2\/posts\/522549\/revisions\/522576"}],"wp:featuredmedia":[{"embeddable":true,"href":"https:\/\/www.suno.com.br\/noticias\/wp-json\/wp\/v2\/media\/336888"}],"wp:attachment":[{"href":"https:\/\/www.suno.com.br\/noticias\/wp-json\/wp\/v2\/media?parent=522549"}],"wp:term":[{"taxonomy":"category","embeddable":true,"href":"https:\/\/www.suno.com.br\/noticias\/wp-json\/wp\/v2\/categories?post=522549"},{"taxonomy":"post_tag","embeddable":true,"href":"https:\/\/www.suno.com.br\/noticias\/wp-json\/wp\/v2\/tags?post=522549"},{"taxonomy":"suno_strategy","embeddable":true,"href":"https:\/\/www.suno.com.br\/noticias\/wp-json\/wp\/v2\/suno_strategy?post=522549"}],"curies":[{"name":"wp","href":"https:\/\/api.w.org\/{rel}","templated":true}]}}