{"id":522449,"date":"2024-02-10T16:00:25","date_gmt":"2024-02-10T19:00:25","guid":{"rendered":"https:\/\/www.suno.com.br\/noticias\/?p=522449"},"modified":"2024-02-10T16:00:28","modified_gmt":"2024-02-10T19:00:28","slug":"gol-goll4-acusa-latam-intimacao-estados-unidos-eua-jvj","status":"publish","type":"post","link":"https:\/\/www.suno.com.br\/noticias\/gol-goll4-acusa-latam-intimacao-estados-unidos-eua-jvj\/","title":{"rendered":"&#8216;A\u00e7\u00e3o predat\u00f3ria&#8217;: Gol (GOLL4) acusa Latam e pede intima\u00e7\u00e3o na Justi\u00e7a dos EUA"},"content":{"rendered":"<p>A <a class=\"suno-keyword\" data-force=\"yes\" data-priority=\"2\" href=\"https:\/\/www.suno.com.br\/acoes\/GOLL4\/\" target=\"_blank\" rel=\"noopener\"><strong>Gol<\/strong> (GOLL4)<\/a>, que est\u00e1 em recupera\u00e7\u00e3o judicial nos Estados Unidos (via Chapter 11), acusou a Latam de tentar se apropriar dos seus avi\u00f5es Boeing 737, al\u00e9m de contatar arrendadores de aeronaves e enviar propostas de emprego aos pilotos da companhia.<\/p>\t<div class=\"wrapper-featured-image\">\n\t\t<figure class=\"spotlightImg\">\n\n\t\t\t<picture>\n\t\t\t\t<source media=\"(max-width: 768px)\" srcset=\"https:\/\/files.sunoresearch.com.br\/n\/uploads\/2019\/03\/4cf31c43-gol-400x200.webp\">\n\t\t\t\t<img loading=\"lazy\" decoding=\"async\" class=\"newsContent__article__imgCapa lazyloadDisabled \" src=\"https:\/\/files.sunoresearch.com.br\/n\/uploads\/2019\/03\/4cf31c43-gol-800x450.webp\" width=\"800\" height=\"450\" alt=\"&#8216;A\u00e7\u00e3o predat\u00f3ria&#8217;: Gol (GOLL4) acusa Latam e pede intima\u00e7\u00e3o na Justi\u00e7a dos EUA\" fetchpriority=high \/>\n\t\t\t<\/picture>\n\n\t\t\t<figcaption class=\"wp-caption-text wp-caption-text--show\">Gol (GOLL4). Foto: Divulga\u00e7\u00e3o<\/figcaption>\n\t\t<\/figure>\n\t<\/div>\n\n\n\n\n\n\t<p>\n\t\t<a href=\"https:\/\/lp.suno.com.br\/ebook-como-analisar-uma-acao\/\" target=\"_blank\" data-element=\"shortcode-suno-banner\" title=\"Banner SUNO, clique e saiba mais\">\n\t\t\t<picture>\n\t\t\t\t<source media=\"(max-width: 500px)\" srcset=\"https:\/\/files.sunoresearch.com.br\/n\/uploads\/2023\/12\/Ebook-Acoes-Mobile.jpg\">\n\t\t\t\t<img class=\"newsContent__article__imgCapa newsContent__article__imgCapa--banner\"\n\t\t\t\t\tsrc=\"https:\/\/files.sunoresearch.com.br\/n\/uploads\/2023\/12\/Ebook-Acoes-Desktop.webp\"\n\t\t\t\t\tdata-promo-id=\"311260\"\t\t\t\t\t\t\t\t\t\twidth='1420' height='286'\t\t\t\t\talt=\"https:\/\/files.sunoresearch.com.br\/n\/uploads\/2023\/12\/Ebook-Acoes-Desktop.webp\"\n\t\t\t\t>\n\t\t\t<\/picture>\n\t\t<\/a>\n\t<\/p>\n\n\n\n\n\n<p>A Gol pede \u00e0 <strong>Justi\u00e7a dos Estados Unidos <\/strong>que a Latam seja intimada a prestar esclarecimentos frente \u00e0s acusa\u00e7\u00f5es de \u201ca\u00e7\u00f5es predat\u00f3rias\u201d da empresa chilena e de uma suposta \u201ccampanha deliberada e coordenada\u201d de interven\u00e7\u00e3o em sua propriedade.<\/p>\n\n\n\n<p>A Gol ent\u00e3o entrou com uma mo\u00e7\u00e3o na Justi\u00e7a e, dentre os documentos enviados para embasar suas acusa\u00e7\u00f5es, est\u00e1 uma carta que tinha sido enviada aos arrendadores de aeronaves pela <strong>Latam<\/strong>, assim como um outro documento que \u201coferece\u201d emprego aos pilotos dos Boeing 737 da Gol.<\/p>\n\n\n\t<div data-element=\"shortcode-read-more\" class=\"knowMore\">\n\t\t\t\t<span class=\"knowMore__title\">Leia mais<\/span>\n\t\t\t\t<a class=\"knowMore__link\" href=\"https:\/\/www.suno.com.br\/noticias\/banco-do-brasil-bbas3-dividendos-maiores-2024-jvj\/\">\n\t\t\tBanco do Brasil (BBAS3) divulga dividendos ainda maiores, pagar\u00e1 8 vezes ao ano e novas datas s\u00e3o definidas; veja quais\t\t<\/a>\n\t<\/div>\n\n\n\n\n<p>O pedido da Gol, realizado ao Tribunal de Fal\u00eancias do Distrito Sul de Nova York, \u00e9 de que a Latam venha se explicar na Justi\u00e7a sobre o caso em at\u00e9 5 dias, trazendo consigo as \u201cinforma\u00e7\u00f5es-chave\u201d que forem relevantes sobre o acontecido.<\/p>\n\n\n\n<h2 class=\"wp-block-heading\"><a><\/a>O que afirma a Gol sobre a Latam<\/h2>\n\n\n\n<p>A Gol teria tomado conhecimento sobre a tentativa de apropria\u00e7\u00e3o de avi\u00f5es, pilotos e arrendadores de aeronaves logo depois da peti\u00e7\u00e3o referente ao \u201cChapter 11\u201d ter sido protocolada nos EUA, processo que funciona de forma semelhante \u00e0 recupera\u00e7\u00e3o judicial no Brasil.<\/p>\n\n\n\n<p>\u201cNos dias seguintes, relat\u00f3rios da ind\u00fastria, entrevistas e atividades adicionais for\u00e7aram a Gol a concluir que a Latam est\u00e1 engajada em uma campanha deliberada e coordenada para interferir na propriedade da Gol\u201d, afirma a <strong>companhia a\u00e9rea<\/strong> brasileira.<\/p>\n\n\n\n<p>Em nota, a Gol explica que a entrada com mo\u00e7\u00e3o na Justi\u00e7a tem como objetivo levantar informa\u00e7\u00f5es para saber se as a\u00e7\u00f5es da Latam anteriormente citadas contrariam a lei de fal\u00eancia dos Estados Unidos. Desse modo, a empresa poderia avaliar se \u201ch\u00e1 reclama\u00e7\u00f5es adicionais que a Gol possa apresentar contra a Latam\u201d.<\/p>\n\n\n\n<p>Ap\u00f3s as acusa\u00e7\u00f5es da Gol, a Latam emitiu uma nota explicando que \u201cest\u00e1 em contato permanente com todas as partes interessadas relevantes em mat\u00e9ria de frota (arrendadores e fornecedores de equipamentos e manuten\u00e7\u00e3o) como parte de seu neg\u00f3cio&#8221;.<\/p>\n\n\n\n<h2 class=\"wp-block-heading\"><a><\/a>A\u00e7\u00f5es da Gol<\/h2>\n\n\n\n<p>O pedido oficial de <strong>recupera\u00e7\u00e3o judicial da Gol<\/strong> nos Estados Unidos, por meio do mecanismo Chapter 11, foi realizado no dia 25 de janeiro de 2024.<\/p>\n\n\n\n<p>As <strong>a\u00e7\u00f5es da Gol <\/strong>ent\u00e3o entraram em forte queda nos preg\u00f5es seguintes e deixaram de fazer parte de diversos \u00edndices da Bolsa de Valores brasileira posteriormente, dentre eles, o Ibovespa.<\/p>\n\n\n\n<p>Em janeiro, os pap\u00e9is da <strong>Gol<\/strong> recuaram 68,45%. Em fevereiro, at\u00e9 a \u00faltima sexta-feira (9), os pap\u00e9is caem mais 17,67%, a R$ 2,33 \u2013 ao final de dezembro de 2023 a cota\u00e7\u00e3o era R$ 8,97.<\/p>\n\n\n\t<p>\n\t\t<a href=\"https:\/\/lp2.suno.com.br\/cl\/black-friday-2025\/?utm_campaign=_SNCDF0E4858_\" target=\"_blank\" data-element=\"shortcode-suno-banner\" title=\"Banner SUNO, clique e saiba mais\">\n\t\t\t<picture>\n\t\t\t\t<source media=\"(max-width: 500px)\" srcset=\"https:\/\/files.sunoresearch.com.br\/n\/uploads\/2025\/10\/Artigos-e-Noticias-Banner-Home-artigos-01-Mobile_-400x300-1-png.webp\">\n\t\t\t\t<img class=\"newsContent__article__imgCapa newsContent__article__imgCapa--banner\"\n\t\t\t\t\tsrc=\"https:\/\/files.sunoresearch.com.br\/n\/uploads\/2025\/10\/Artigos-e-Noticias-Banner-Home-artigos-01-Desktop_-1420x240-1-png.webp\"\n\t\t\t\t\tdata-promo-id=\"311259\"\t\t\t\t\t\t\t\t\t\twidth='1420' height='240'\t\t\t\t\talt=\"https:\/\/files.sunoresearch.com.br\/n\/uploads\/2025\/10\/Artigos-e-Noticias-Banner-Home-artigos-01-Desktop_-1420x240-1-png.webp\"\n\t\t\t\t>\n\t\t\t<\/picture>\n\t\t<\/a>\n\t<\/p>\n\n\n","protected":false},"excerpt":{"rendered":"<p>A Gol (GOLL4), que est\u00e1 em recupera\u00e7\u00e3o judicial nos Estados Unidos (via Chapter 11), acusou a Latam de tentar se apropriar dos seus avi\u00f5es Boeing 737, al\u00e9m de contatar arrendadores de aeronaves e enviar propostas de emprego aos pilotos da companhia. Gol (GOLL4). Foto: Divulga\u00e7\u00e3o A Gol pede \u00e0 Justi\u00e7a dos Estados Unidos que a [&hellip;]<\/p>\n","protected":false},"author":173,"featured_media":17639,"comment_status":"closed","ping_status":"closed","sticky":false,"template":"","format":"standard","meta":[],"categories":[64],"tags":[489],"suno_strategy":[],"class_list":["post-522449","post","type-post","status-publish","format-standard","has-post-thumbnail","hentry","category-negocios","tag-gol-linhas-aereas-goll11-goll4"],"yoast_head":"<!-- This site is optimized with the Yoast SEO plugin v24.4 - https:\/\/yoast.com\/wordpress\/plugins\/seo\/ -->\n<title>&#039;A\u00e7\u00e3o predat\u00f3ria&#039;: Gol (GOLL4) acusa Latam e pede intima\u00e7\u00e3o<\/title>\n<meta name=\"description\" content=\"Gol (GOLL4) acusa Latam de &#039;a\u00e7\u00e3o predat\u00f3ria&#039; e pede intima\u00e7\u00e3o na Justi\u00e7a dos Estados Unidos. Veja o que diz a Gol.\" \/>\n<meta name=\"robots\" content=\"index, follow, max-snippet:-1, max-image-preview:large, max-video-preview:-1\" \/>\n<link rel=\"canonical\" href=\"https:\/\/www.suno.com.br\/noticias\/gol-goll4-acusa-latam-intimacao-estados-unidos-eua-jvj\/\" \/>\n<meta property=\"og:locale\" content=\"pt_BR\" \/>\n<meta property=\"og:type\" content=\"article\" \/>\n<meta property=\"og:title\" content=\"&#039;A\u00e7\u00e3o predat\u00f3ria&#039;: Gol (GOLL4) acusa Latam e pede intima\u00e7\u00e3o\" \/>\n<meta property=\"og:description\" content=\"Gol (GOLL4) acusa Latam de &#039;a\u00e7\u00e3o predat\u00f3ria&#039; e pede intima\u00e7\u00e3o na Justi\u00e7a dos Estados Unidos. Veja o que diz a Gol.\" \/>\n<meta property=\"og:url\" content=\"https:\/\/www.suno.com.br\/noticias\/gol-goll4-acusa-latam-intimacao-estados-unidos-eua-jvj\/\" \/>\n<meta property=\"og:site_name\" content=\"Suno Not\u00edcias\" \/>\n<meta property=\"article:publisher\" content=\"https:\/\/facebook.com\/sunoresearch\" \/>\n<meta property=\"og:image\" content=\"https:\/\/files.sunoresearch.com.br\/n\/uploads\/2019\/03\/4cf31c43-gol.jpg\" \/>\n\t<meta property=\"og:image:width\" content=\"1536\" \/>\n\t<meta property=\"og:image:height\" content=\"1024\" \/>\n\t<meta property=\"og:image:type\" content=\"image\/jpeg\" \/>\n<meta name=\"author\" content=\"Jo\u00e3o Vitor\" \/>\n<meta name=\"twitter:card\" content=\"summary_large_image\" \/>\n<meta name=\"twitter:creator\" content=\"@sunoresearch\" \/>\n<meta name=\"twitter:site\" content=\"@sunoresearch\" \/>\n<meta name=\"twitter:label1\" content=\"Escrito por\" \/>\n\t<meta name=\"twitter:data1\" content=\"Jo\u00e3o Vitor\" \/>\n\t<meta name=\"twitter:label2\" content=\"Est. tempo de leitura\" \/>\n\t<meta name=\"twitter:data2\" content=\"3 minutos\" \/>\n<script type=\"application\/ld+json\" class=\"yoast-schema-graph\">{\"@context\":\"https:\/\/schema.org\",\"@graph\":[{\"@type\":\"NewsArticle\",\"@id\":\"https:\/\/www.suno.com.br\/noticias\/gol-goll4-acusa-latam-intimacao-estados-unidos-eua-jvj\/#article\",\"isPartOf\":{\"@id\":\"https:\/\/www.suno.com.br\/noticias\/gol-goll4-acusa-latam-intimacao-estados-unidos-eua-jvj\/\"},\"author\":{\"name\":\"Jo\u00e3o Vitor\",\"@id\":\"https:\/\/www.suno.com.br\/noticias\/#\/schema\/person\/87fc6973867c52dd884811905c43afba\"},\"headline\":\"&#8216;A\u00e7\u00e3o predat\u00f3ria&#8217;: Gol (GOLL4) acusa Latam e pede intima\u00e7\u00e3o na Justi\u00e7a dos EUA\",\"datePublished\":\"2024-02-10T19:00:25+00:00\",\"dateModified\":\"2024-02-10T19:00:28+00:00\",\"mainEntityOfPage\":{\"@id\":\"https:\/\/www.suno.com.br\/noticias\/gol-goll4-acusa-latam-intimacao-estados-unidos-eua-jvj\/\"},\"wordCount\":484,\"publisher\":{\"@id\":\"https:\/\/www.suno.com.br\/noticias\/#organization\"},\"image\":{\"@id\":\"https:\/\/www.suno.com.br\/noticias\/gol-goll4-acusa-latam-intimacao-estados-unidos-eua-jvj\/#primaryimage\"},\"thumbnailUrl\":\"https:\/\/files.sunoresearch.com.br\/n\/uploads\/2019\/03\/4cf31c43-gol-jpg.webp\",\"keywords\":[\"Gol Linhas A\u00e9reas (GOLL11\/GOLL4)\"],\"articleSection\":[\"Neg\u00f3cios\"],\"inLanguage\":\"pt-BR\"},{\"@type\":\"WebPage\",\"@id\":\"https:\/\/www.suno.com.br\/noticias\/gol-goll4-acusa-latam-intimacao-estados-unidos-eua-jvj\/\",\"url\":\"https:\/\/www.suno.com.br\/noticias\/gol-goll4-acusa-latam-intimacao-estados-unidos-eua-jvj\/\",\"name\":\"'A\u00e7\u00e3o predat\u00f3ria': Gol (GOLL4) acusa Latam e pede intima\u00e7\u00e3o\",\"isPartOf\":{\"@id\":\"https:\/\/www.suno.com.br\/noticias\/#website\"},\"primaryImageOfPage\":{\"@id\":\"https:\/\/www.suno.com.br\/noticias\/gol-goll4-acusa-latam-intimacao-estados-unidos-eua-jvj\/#primaryimage\"},\"image\":{\"@id\":\"https:\/\/www.suno.com.br\/noticias\/gol-goll4-acusa-latam-intimacao-estados-unidos-eua-jvj\/#primaryimage\"},\"thumbnailUrl\":\"https:\/\/files.sunoresearch.com.br\/n\/uploads\/2019\/03\/4cf31c43-gol-jpg.webp\",\"datePublished\":\"2024-02-10T19:00:25+00:00\",\"dateModified\":\"2024-02-10T19:00:28+00:00\",\"description\":\"Gol (GOLL4) acusa Latam de 'a\u00e7\u00e3o predat\u00f3ria' e pede intima\u00e7\u00e3o na Justi\u00e7a dos Estados Unidos. Veja o que diz a Gol.\",\"breadcrumb\":{\"@id\":\"https:\/\/www.suno.com.br\/noticias\/gol-goll4-acusa-latam-intimacao-estados-unidos-eua-jvj\/#breadcrumb\"},\"inLanguage\":\"pt-BR\",\"potentialAction\":[{\"@type\":\"ReadAction\",\"target\":[\"https:\/\/www.suno.com.br\/noticias\/gol-goll4-acusa-latam-intimacao-estados-unidos-eua-jvj\/\"]}]},{\"@type\":\"ImageObject\",\"inLanguage\":\"pt-BR\",\"@id\":\"https:\/\/www.suno.com.br\/noticias\/gol-goll4-acusa-latam-intimacao-estados-unidos-eua-jvj\/#primaryimage\",\"url\":\"https:\/\/files.sunoresearch.com.br\/n\/uploads\/2019\/03\/4cf31c43-gol-jpg.webp\",\"contentUrl\":\"https:\/\/files.sunoresearch.com.br\/n\/uploads\/2019\/03\/4cf31c43-gol-jpg.webp\",\"width\":1536,\"height\":1024,\"caption\":\"Gol (GOLL4). Foto: Divulga\u00e7\u00e3o\"},{\"@type\":\"BreadcrumbList\",\"@id\":\"https:\/\/www.suno.com.br\/noticias\/gol-goll4-acusa-latam-intimacao-estados-unidos-eua-jvj\/#breadcrumb\",\"itemListElement\":[{\"@type\":\"ListItem\",\"position\":1,\"name\":\"Not\u00edcias\",\"item\":\"https:\/\/www.suno.com.br\/noticias\/\"},{\"@type\":\"ListItem\",\"position\":2,\"name\":\"Neg\u00f3cios\",\"item\":\"https:\/\/www.suno.com.br\/noticias\/negocios\/\"},{\"@type\":\"ListItem\",\"position\":3,\"name\":\"&#8216;A\u00e7\u00e3o predat\u00f3ria&#8217;: Gol (GOLL4) acusa Latam e pede intima\u00e7\u00e3o na Justi\u00e7a dos EUA\"}]},{\"@type\":\"WebSite\",\"@id\":\"https:\/\/www.suno.com.br\/noticias\/#website\",\"url\":\"https:\/\/www.suno.com.br\/noticias\/\",\"name\":\"Suno Not\u00edcias\",\"description\":\"Seu portal de informa\u00e7\u00e3o sobre o mundo dos investimentos\",\"publisher\":{\"@id\":\"https:\/\/www.suno.com.br\/noticias\/#organization\"},\"potentialAction\":[{\"@type\":\"SearchAction\",\"target\":{\"@type\":\"EntryPoint\",\"urlTemplate\":\"https:\/\/www.suno.com.br\/noticias\/?s={search_term_string}\"},\"query-input\":{\"@type\":\"PropertyValueSpecification\",\"valueRequired\":true,\"valueName\":\"search_term_string\"}}],\"inLanguage\":\"pt-BR\"},{\"@type\":\"Organization\",\"@id\":\"https:\/\/www.suno.com.br\/noticias\/#organization\",\"name\":\"Suno Not\u00edcias\",\"url\":\"https:\/\/www.suno.com.br\/noticias\/\",\"logo\":{\"@type\":\"ImageObject\",\"inLanguage\":\"pt-BR\",\"@id\":\"https:\/\/www.suno.com.br\/noticias\/#\/schema\/logo\/image\/\",\"url\":\"https:\/\/files.sunoresearch.com.br\/n\/uploads\/2021\/09\/suno-logo.png\",\"contentUrl\":\"https:\/\/files.sunoresearch.com.br\/n\/uploads\/2021\/09\/suno-logo.png\",\"width\":180,\"height\":180,\"caption\":\"Suno Not\u00edcias\"},\"image\":{\"@id\":\"https:\/\/www.suno.com.br\/noticias\/#\/schema\/logo\/image\/\"},\"sameAs\":[\"https:\/\/facebook.com\/sunoresearch\",\"https:\/\/x.com\/sunoresearch\",\"https:\/\/www.instagram.com\/suno\",\"https:\/\/www.linkedin.com\/company\/suno-research\/\",\"https:\/\/www.youtube.com\/c\/sunoresearch\"]},{\"@type\":\"Person\",\"@id\":\"https:\/\/www.suno.com.br\/noticias\/#\/schema\/person\/87fc6973867c52dd884811905c43afba\",\"name\":\"Jo\u00e3o Vitor\",\"image\":{\"@type\":\"ImageObject\",\"inLanguage\":\"pt-BR\",\"@id\":\"https:\/\/www.suno.com.br\/noticias\/#\/schema\/person\/image\/\",\"url\":\"https:\/\/secure.gravatar.com\/avatar\/2843227ca03ccf8cc7ccca45204c127e?s=96&r=g\",\"contentUrl\":\"https:\/\/secure.gravatar.com\/avatar\/2843227ca03ccf8cc7ccca45204c127e?s=96&r=g\",\"caption\":\"Jo\u00e3o Vitor\"},\"description\":\"Redator profissional, com atua\u00e7\u00e3o no mercado editorial na produ\u00e7\u00e3o de not\u00edcias e conte\u00fados sobre o mercado de a\u00e7\u00f5es, fundos imobili\u00e1rios e economia popular. Graduando em Engenharia Qu\u00edmica pela Unesp, tamb\u00e9m j\u00e1 atuou como consultor financeiro.\",\"url\":\"https:\/\/www.suno.com.br\/noticias\/author\/joao-vitor-jacintho\/\"}]}<\/script>\n<!-- \/ Yoast SEO plugin. -->","yoast_head_json":{"title":"'A\u00e7\u00e3o predat\u00f3ria': Gol (GOLL4) acusa Latam e pede intima\u00e7\u00e3o","description":"Gol (GOLL4) acusa Latam de 'a\u00e7\u00e3o predat\u00f3ria' e pede intima\u00e7\u00e3o na Justi\u00e7a dos Estados Unidos. Veja o que diz a Gol.","robots":{"index":"index","follow":"follow","max-snippet":"max-snippet:-1","max-image-preview":"max-image-preview:large","max-video-preview":"max-video-preview:-1"},"canonical":"https:\/\/www.suno.com.br\/noticias\/gol-goll4-acusa-latam-intimacao-estados-unidos-eua-jvj\/","og_locale":"pt_BR","og_type":"article","og_title":"'A\u00e7\u00e3o predat\u00f3ria': Gol (GOLL4) acusa Latam e pede intima\u00e7\u00e3o","og_description":"Gol (GOLL4) acusa Latam de 'a\u00e7\u00e3o predat\u00f3ria' e pede intima\u00e7\u00e3o na Justi\u00e7a dos Estados Unidos. Veja o que diz a Gol.","og_url":"https:\/\/www.suno.com.br\/noticias\/gol-goll4-acusa-latam-intimacao-estados-unidos-eua-jvj\/","og_site_name":"Suno Not\u00edcias","article_publisher":"https:\/\/facebook.com\/sunoresearch","og_image":[{"width":1536,"height":1024,"url":"https:\/\/files.sunoresearch.com.br\/n\/uploads\/2019\/03\/4cf31c43-gol.jpg","type":"image\/jpeg"}],"author":"Jo\u00e3o Vitor","twitter_card":"summary_large_image","twitter_creator":"@sunoresearch","twitter_site":"@sunoresearch","twitter_misc":{"Escrito por":"Jo\u00e3o Vitor","Est. tempo de leitura":"3 minutos"},"schema":{"@context":"https:\/\/schema.org","@graph":[{"@type":"NewsArticle","@id":"https:\/\/www.suno.com.br\/noticias\/gol-goll4-acusa-latam-intimacao-estados-unidos-eua-jvj\/#article","isPartOf":{"@id":"https:\/\/www.suno.com.br\/noticias\/gol-goll4-acusa-latam-intimacao-estados-unidos-eua-jvj\/"},"author":{"name":"Jo\u00e3o Vitor","@id":"https:\/\/www.suno.com.br\/noticias\/#\/schema\/person\/87fc6973867c52dd884811905c43afba"},"headline":"&#8216;A\u00e7\u00e3o predat\u00f3ria&#8217;: Gol (GOLL4) acusa Latam e pede intima\u00e7\u00e3o na Justi\u00e7a dos EUA","datePublished":"2024-02-10T19:00:25+00:00","dateModified":"2024-02-10T19:00:28+00:00","mainEntityOfPage":{"@id":"https:\/\/www.suno.com.br\/noticias\/gol-goll4-acusa-latam-intimacao-estados-unidos-eua-jvj\/"},"wordCount":484,"publisher":{"@id":"https:\/\/www.suno.com.br\/noticias\/#organization"},"image":{"@id":"https:\/\/www.suno.com.br\/noticias\/gol-goll4-acusa-latam-intimacao-estados-unidos-eua-jvj\/#primaryimage"},"thumbnailUrl":"https:\/\/files.sunoresearch.com.br\/n\/uploads\/2019\/03\/4cf31c43-gol-jpg.webp","keywords":["Gol Linhas A\u00e9reas (GOLL11\/GOLL4)"],"articleSection":["Neg\u00f3cios"],"inLanguage":"pt-BR"},{"@type":"WebPage","@id":"https:\/\/www.suno.com.br\/noticias\/gol-goll4-acusa-latam-intimacao-estados-unidos-eua-jvj\/","url":"https:\/\/www.suno.com.br\/noticias\/gol-goll4-acusa-latam-intimacao-estados-unidos-eua-jvj\/","name":"'A\u00e7\u00e3o predat\u00f3ria': Gol (GOLL4) acusa Latam e pede intima\u00e7\u00e3o","isPartOf":{"@id":"https:\/\/www.suno.com.br\/noticias\/#website"},"primaryImageOfPage":{"@id":"https:\/\/www.suno.com.br\/noticias\/gol-goll4-acusa-latam-intimacao-estados-unidos-eua-jvj\/#primaryimage"},"image":{"@id":"https:\/\/www.suno.com.br\/noticias\/gol-goll4-acusa-latam-intimacao-estados-unidos-eua-jvj\/#primaryimage"},"thumbnailUrl":"https:\/\/files.sunoresearch.com.br\/n\/uploads\/2019\/03\/4cf31c43-gol-jpg.webp","datePublished":"2024-02-10T19:00:25+00:00","dateModified":"2024-02-10T19:00:28+00:00","description":"Gol (GOLL4) acusa Latam de 'a\u00e7\u00e3o predat\u00f3ria' e pede intima\u00e7\u00e3o na Justi\u00e7a dos Estados Unidos. Veja o que diz a Gol.","breadcrumb":{"@id":"https:\/\/www.suno.com.br\/noticias\/gol-goll4-acusa-latam-intimacao-estados-unidos-eua-jvj\/#breadcrumb"},"inLanguage":"pt-BR","potentialAction":[{"@type":"ReadAction","target":["https:\/\/www.suno.com.br\/noticias\/gol-goll4-acusa-latam-intimacao-estados-unidos-eua-jvj\/"]}]},{"@type":"ImageObject","inLanguage":"pt-BR","@id":"https:\/\/www.suno.com.br\/noticias\/gol-goll4-acusa-latam-intimacao-estados-unidos-eua-jvj\/#primaryimage","url":"https:\/\/files.sunoresearch.com.br\/n\/uploads\/2019\/03\/4cf31c43-gol-jpg.webp","contentUrl":"https:\/\/files.sunoresearch.com.br\/n\/uploads\/2019\/03\/4cf31c43-gol-jpg.webp","width":1536,"height":1024,"caption":"Gol (GOLL4). Foto: Divulga\u00e7\u00e3o"},{"@type":"BreadcrumbList","@id":"https:\/\/www.suno.com.br\/noticias\/gol-goll4-acusa-latam-intimacao-estados-unidos-eua-jvj\/#breadcrumb","itemListElement":[{"@type":"ListItem","position":1,"name":"Not\u00edcias","item":"https:\/\/www.suno.com.br\/noticias\/"},{"@type":"ListItem","position":2,"name":"Neg\u00f3cios","item":"https:\/\/www.suno.com.br\/noticias\/negocios\/"},{"@type":"ListItem","position":3,"name":"&#8216;A\u00e7\u00e3o predat\u00f3ria&#8217;: Gol (GOLL4) acusa Latam e pede intima\u00e7\u00e3o na Justi\u00e7a dos EUA"}]},{"@type":"WebSite","@id":"https:\/\/www.suno.com.br\/noticias\/#website","url":"https:\/\/www.suno.com.br\/noticias\/","name":"Suno Not\u00edcias","description":"Seu portal de informa\u00e7\u00e3o sobre o mundo dos investimentos","publisher":{"@id":"https:\/\/www.suno.com.br\/noticias\/#organization"},"potentialAction":[{"@type":"SearchAction","target":{"@type":"EntryPoint","urlTemplate":"https:\/\/www.suno.com.br\/noticias\/?s={search_term_string}"},"query-input":{"@type":"PropertyValueSpecification","valueRequired":true,"valueName":"search_term_string"}}],"inLanguage":"pt-BR"},{"@type":"Organization","@id":"https:\/\/www.suno.com.br\/noticias\/#organization","name":"Suno Not\u00edcias","url":"https:\/\/www.suno.com.br\/noticias\/","logo":{"@type":"ImageObject","inLanguage":"pt-BR","@id":"https:\/\/www.suno.com.br\/noticias\/#\/schema\/logo\/image\/","url":"https:\/\/files.sunoresearch.com.br\/n\/uploads\/2021\/09\/suno-logo.png","contentUrl":"https:\/\/files.sunoresearch.com.br\/n\/uploads\/2021\/09\/suno-logo.png","width":180,"height":180,"caption":"Suno Not\u00edcias"},"image":{"@id":"https:\/\/www.suno.com.br\/noticias\/#\/schema\/logo\/image\/"},"sameAs":["https:\/\/facebook.com\/sunoresearch","https:\/\/x.com\/sunoresearch","https:\/\/www.instagram.com\/suno","https:\/\/www.linkedin.com\/company\/suno-research\/","https:\/\/www.youtube.com\/c\/sunoresearch"]},{"@type":"Person","@id":"https:\/\/www.suno.com.br\/noticias\/#\/schema\/person\/87fc6973867c52dd884811905c43afba","name":"Jo\u00e3o Vitor","image":{"@type":"ImageObject","inLanguage":"pt-BR","@id":"https:\/\/www.suno.com.br\/noticias\/#\/schema\/person\/image\/","url":"https:\/\/secure.gravatar.com\/avatar\/2843227ca03ccf8cc7ccca45204c127e?s=96&r=g","contentUrl":"https:\/\/secure.gravatar.com\/avatar\/2843227ca03ccf8cc7ccca45204c127e?s=96&r=g","caption":"Jo\u00e3o Vitor"},"description":"Redator profissional, com atua\u00e7\u00e3o no mercado editorial na produ\u00e7\u00e3o de not\u00edcias e conte\u00fados sobre o mercado de a\u00e7\u00f5es, fundos imobili\u00e1rios e economia popular. Graduando em Engenharia Qu\u00edmica pela Unesp, tamb\u00e9m j\u00e1 atuou como consultor financeiro.","url":"https:\/\/www.suno.com.br\/noticias\/author\/joao-vitor-jacintho\/"}]}},"default_loop_html":"<div class=\"cardsPage__listCard__boxs\"><div class=\"cardsPage__listCard__boxs__img\"><a href=\"https:\/\/www.suno.com.br\/noticias\/gol-goll4-acusa-latam-intimacao-estados-unidos-eua-jvj\/\"><img class=\"mask\" src=\"https:\/\/www.suno.com.br\/noticias\/wp-content\/themes\/suno\/resources\/images\/spotlight\/spotlight1img\/bg-mask.png\" alt=\"Image Mask\"\/><img src=\"https:\/\/files.sunoresearch.com.br\/n\/uploads\/2019\/03\/4cf31c43-gol-400x200.webp\" alt=\"&#8216;A\u00e7\u00e3o predat\u00f3ria&#8217;: Gol (GOLL4) acusa Latam e pede intima\u00e7\u00e3o na Justi\u00e7a dos EUA\"\/><\/a><span class=\"spotlightCategory\"><a href=\"https:\/\/www.suno.com.br\/noticias\/negocios\/\">Neg\u00f3cios<\/a><\/span><\/div><div class=\"cardsPage__listCard__boxs__content\"><a href=\"https:\/\/www.suno.com.br\/noticias\/gol-goll4-acusa-latam-intimacao-estados-unidos-eua-jvj\/\"><h2 class=\"content__title\">&#8216;A\u00e7\u00e3o predat\u00f3ria&#8217;: Gol (GOLL4) acusa Latam e pede intima\u00e7\u00e3o na Justi\u00e7a dos EUA<\/h2><\/a><div class=\"newsContent__article__meta\"><div class=\"newsContent__article__meta__authorBox\"><a href=\"https:\/\/www.suno.com.br\/noticias\/author\/joao-vitor-jacintho\/\" class=\"authorBox__avatar noMobi\"><img src=\"https:\/\/secure.gravatar.com\/avatar\/2843227ca03ccf8cc7ccca45204c127e?s=96&#038;r=g\" alt=\"Jo\u00e3o Vitor Jacintho\"><\/a><div class=\"authorBox__name\"><span>por\n\t\t\t<a href=\"https:\/\/www.suno.com.br\/noticias\/author\/joao-vitor-jacintho\/\"><span itemprop=\"author\">Jo\u00e3o Vitor Jacintho<\/span><\/a><\/span><time datetime=\"2024-02-10T16:00:25-03:00\" itemprop=\"datePublished\">10\/02\/2024 16:00<\/time><\/div><\/div><\/div><\/div><\/div>","single_layout":"posts","amp_enabled":true,"_links":{"self":[{"href":"https:\/\/www.suno.com.br\/noticias\/wp-json\/wp\/v2\/posts\/522449"}],"collection":[{"href":"https:\/\/www.suno.com.br\/noticias\/wp-json\/wp\/v2\/posts"}],"about":[{"href":"https:\/\/www.suno.com.br\/noticias\/wp-json\/wp\/v2\/types\/post"}],"author":[{"embeddable":true,"href":"https:\/\/www.suno.com.br\/noticias\/wp-json\/wp\/v2\/users\/173"}],"replies":[{"embeddable":true,"href":"https:\/\/www.suno.com.br\/noticias\/wp-json\/wp\/v2\/comments?post=522449"}],"version-history":[{"count":2,"href":"https:\/\/www.suno.com.br\/noticias\/wp-json\/wp\/v2\/posts\/522449\/revisions"}],"predecessor-version":[{"id":522451,"href":"https:\/\/www.suno.com.br\/noticias\/wp-json\/wp\/v2\/posts\/522449\/revisions\/522451"}],"wp:featuredmedia":[{"embeddable":true,"href":"https:\/\/www.suno.com.br\/noticias\/wp-json\/wp\/v2\/media\/17639"}],"wp:attachment":[{"href":"https:\/\/www.suno.com.br\/noticias\/wp-json\/wp\/v2\/media?parent=522449"}],"wp:term":[{"taxonomy":"category","embeddable":true,"href":"https:\/\/www.suno.com.br\/noticias\/wp-json\/wp\/v2\/categories?post=522449"},{"taxonomy":"post_tag","embeddable":true,"href":"https:\/\/www.suno.com.br\/noticias\/wp-json\/wp\/v2\/tags?post=522449"},{"taxonomy":"suno_strategy","embeddable":true,"href":"https:\/\/www.suno.com.br\/noticias\/wp-json\/wp\/v2\/suno_strategy?post=522449"}],"curies":[{"name":"wp","href":"https:\/\/api.w.org\/{rel}","templated":true}]}}