{"id":522415,"date":"2024-02-10T12:38:25","date_gmt":"2024-02-10T15:38:25","guid":{"rendered":"https:\/\/www.suno.com.br\/noticias\/?p=522415"},"modified":"2024-02-10T12:38:57","modified_gmt":"2024-02-10T15:38:57","slug":"riscos-profissionais-perderem-empregos-inteligencia-artificial-ia-jvj","status":"publish","type":"post","link":"https:\/\/www.suno.com.br\/noticias\/riscos-profissionais-perderem-empregos-inteligencia-artificial-ia-jvj\/","title":{"rendered":"Quais os riscos de profissionais perderem seus empregos para a intelig\u00eancia artificial (IA)? Veja o que acham os brasileiros"},"content":{"rendered":"<p>Tr\u00eas em cada quatro profissionais brasileiros acreditam que a <strong>intelig\u00eancia artificial<\/strong> (IA) substituir\u00e1 seus empregos. Essa informa\u00e7\u00e3o se baseia em um novo levantamento realizado pela Page Interim, que \u00e9 uma unidade de neg\u00f3cio do PageGroup especializada em recrutamento, sele\u00e7\u00e3o e administra\u00e7\u00e3o de profissionais terceirizados e tempor\u00e1rios.<\/p>\t<div class=\"wrapper-featured-image\">\n\t\t<figure class=\"spotlightImg\">\n\n\t\t\t<picture>\n\t\t\t\t<source media=\"(max-width: 768px)\" srcset=\"https:\/\/files.sunoresearch.com.br\/n\/uploads\/2023\/05\/ia-inteligencia-artificial-400x200.jpg\">\n\t\t\t\t<img loading=\"lazy\" decoding=\"async\" class=\"newsContent__article__imgCapa lazyloadDisabled \" src=\"https:\/\/files.sunoresearch.com.br\/n\/uploads\/2023\/05\/ia-inteligencia-artificial-800x450.jpg\" width=\"800\" height=\"450\" alt=\"Quais os riscos de profissionais perderem seus empregos para a intelig\u00eancia artificial (IA)? Veja o que acham os brasileiros\" fetchpriority=high \/>\n\t\t\t<\/picture>\n\n\t\t\t<figcaption class=\"wp-caption-text wp-caption-text--show\">Intelig\u00eancia artificial (IA) - Foto: iStock<\/figcaption>\n\t\t<\/figure>\n\t<\/div>\n\n\n\n\n\n\t<p>\n\t\t<a href=\"https:\/\/lp.suno.com.br\/ebook-como-analisar-uma-acao\/\" target=\"_blank\" data-element=\"shortcode-suno-banner\" title=\"Banner SUNO, clique e saiba mais\">\n\t\t\t<picture>\n\t\t\t\t<source media=\"(max-width: 500px)\" srcset=\"https:\/\/files.sunoresearch.com.br\/n\/uploads\/2023\/12\/Ebook-Acoes-Mobile.jpg\">\n\t\t\t\t<img class=\"newsContent__article__imgCapa newsContent__article__imgCapa--banner\"\n\t\t\t\t\tsrc=\"https:\/\/files.sunoresearch.com.br\/n\/uploads\/2023\/12\/Ebook-Acoes-Desktop.webp\"\n\t\t\t\t\tdata-promo-id=\"311260\"\t\t\t\t\t\t\t\t\t\twidth='1420' height='286'\t\t\t\t\talt=\"https:\/\/files.sunoresearch.com.br\/n\/uploads\/2023\/12\/Ebook-Acoes-Desktop.webp\"\n\t\t\t\t>\n\t\t\t<\/picture>\n\t\t<\/a>\n\t<\/p>\n\n\n\n\n\n<p>De acordo com essa nova pesquisa, que fora realizada com pessoas de sete pa\u00edses diferentes na Am\u00e9rica Latina, 76,6% dos respondentes brasileiros creem que a <a href=\"https:\/\/www.suno.com.br\/artigos\/ia-inteligencia-artificial\/\" target=\"_blank\" rel=\"noreferrer noopener\">intelig\u00eancia artificial (IA)<\/a> vai afetar de forma parcial os <strong>postos de trabalho<\/strong>, considerando a \u00e1rea em que esses profissionais atuam.<\/p>\n\n\n\n<p>Mas n\u00e3o s\u00e3o apenas os brasileiros que enxergam esse cen\u00e1rio para o futuro. Tamb\u00e9m acreditam nessa possibilidade os participantes do Panam\u00e1 (69%), do M\u00e9xico (68%), do Peru (66%), da Col\u00f4mbia (65%), do Chile e da Argentina (63%, cada).<\/p>\n\n\n\t<div data-element=\"shortcode-read-more\" class=\"knowMore\">\n\t\t\t\t<span class=\"knowMore__title\">Leia mais<\/span>\n\t\t\t\t<a class=\"knowMore__link\" href=\"https:\/\/www.suno.com.br\/noticias\/novo-plano-oi-oibr3-venda-bilionaria-ativos-jvj\/\">\n\t\t\tNovo plano da Oi (OIBR3) prev\u00ea venda de R$ 15 bilh\u00f5es em ativos; veja detalhes\t\t<\/a>\n\t<\/div>\n\n\n\n\n<p>Al\u00e9m do <strong>desemprego<\/strong>, a pesquisa tamb\u00e9m concluiu que h\u00e1 preocupa\u00e7\u00e3o em rela\u00e7\u00e3o \u00e0 privacidade e \u00e0 seguran\u00e7a de dados. Esses tr\u00eas itens foram os que mais se destacaram em quase todos os pa\u00edses dessa pesquisa, exceto na Argentina, onde h\u00e1 maior preocupa\u00e7\u00e3o no uso da intelig\u00eancia artificial (IA) com implica\u00e7\u00f5es \u00e9ticas do que com o desemprego.<\/p>\n\n\n\n<p>Quando questionados sobre o <strong>uso da intelig\u00eancia artificial (IA)<\/strong> dentro de sua \u00e1rea de atua\u00e7\u00e3o, os profissionais de todos os pa\u00edses desse levantamento destacaram que a tecnologia tem potencial para ser ben\u00e9fica, mas que ela tamb\u00e9m apresenta riscos significativos (61,5% dos participantes acreditam nisso).<\/p>\n\n\n\n<p>Tamb\u00e9m afirmaram que \u00e9 um divisor de \u00e1guas e que a <strong>intelig\u00eancia artificial<\/strong> vai revolucionar a ind\u00fastria (32,1%). Aqueles que acham que h\u00e1 exagero no tema e que n\u00e3o haver\u00e1 impacto significativo somaram 3%, e os que ainda n\u00e3o sabem, 3,4%. O levantamento foi realizado em novembro e dezembro de 2023, contando com um total de 5.354 profissionais.<\/p>\n\n\n\n<p>(Com informa\u00e7\u00f5es do jornal <b>O Estado de S. Paulo <\/b>e de Estad\u00e3o Conte\u00fado)<\/p>\n\n\n\t<p>\n\t\t<a href=\"https:\/\/lp2.suno.com.br\/cl\/black-friday-2025\/?utm_campaign=_SNCDF0E4858_\" target=\"_blank\" data-element=\"shortcode-suno-banner\" title=\"Banner SUNO, clique e saiba mais\">\n\t\t\t<picture>\n\t\t\t\t<source media=\"(max-width: 500px)\" srcset=\"https:\/\/files.sunoresearch.com.br\/n\/uploads\/2025\/10\/Artigos-e-Noticias-Banner-Home-artigos-01-Mobile_-400x300-1-png.webp\">\n\t\t\t\t<img class=\"newsContent__article__imgCapa newsContent__article__imgCapa--banner\"\n\t\t\t\t\tsrc=\"https:\/\/files.sunoresearch.com.br\/n\/uploads\/2025\/10\/Artigos-e-Noticias-Banner-Home-artigos-01-Desktop_-1420x240-1-png.webp\"\n\t\t\t\t\tdata-promo-id=\"311259\"\t\t\t\t\t\t\t\t\t\twidth='1420' height='240'\t\t\t\t\talt=\"https:\/\/files.sunoresearch.com.br\/n\/uploads\/2025\/10\/Artigos-e-Noticias-Banner-Home-artigos-01-Desktop_-1420x240-1-png.webp\"\n\t\t\t\t>\n\t\t\t<\/picture>\n\t\t<\/a>\n\t<\/p>\n\n\n","protected":false},"excerpt":{"rendered":"<p>Tr\u00eas em cada quatro profissionais brasileiros acreditam que a intelig\u00eancia artificial (IA) substituir\u00e1 seus empregos. Essa informa\u00e7\u00e3o se baseia em um novo levantamento realizado pela Page Interim, que \u00e9 uma unidade de neg\u00f3cio do PageGroup especializada em recrutamento, sele\u00e7\u00e3o e administra\u00e7\u00e3o de profissionais terceirizados e tempor\u00e1rios. Intelig\u00eancia artificial (IA) &#8211; Foto: iStock De acordo com [&hellip;]<\/p>\n","protected":false},"author":173,"featured_media":408587,"comment_status":"closed","ping_status":"closed","sticky":false,"template":"","format":"standard","meta":[],"categories":[64],"tags":[1577],"suno_strategy":[],"class_list":["post-522415","post","type-post","status-publish","format-standard","has-post-thumbnail","hentry","category-negocios","tag-inteligencia-artificial"],"yoast_head":"<!-- This site is optimized with the Yoast SEO plugin v24.4 - https:\/\/yoast.com\/wordpress\/plugins\/seo\/ -->\n<title>Intelig\u00eancia artificial: qual o risco de profissionais perderem empregos?<\/title>\n<meta name=\"description\" content=\"Quais os riscos dos profissionais perderem seus empregos para a intelig\u00eancia artificial (IA)? Confira o que acham os brasileiros em pesquisa.\" \/>\n<meta name=\"robots\" content=\"index, follow, max-snippet:-1, max-image-preview:large, max-video-preview:-1\" \/>\n<link rel=\"canonical\" href=\"https:\/\/www.suno.com.br\/noticias\/riscos-profissionais-perderem-empregos-inteligencia-artificial-ia-jvj\/\" \/>\n<meta property=\"og:locale\" content=\"pt_BR\" \/>\n<meta property=\"og:type\" content=\"article\" \/>\n<meta property=\"og:title\" content=\"Intelig\u00eancia artificial: qual o risco de profissionais perderem empregos?\" \/>\n<meta property=\"og:description\" content=\"Quais os riscos dos profissionais perderem seus empregos para a intelig\u00eancia artificial (IA)? Confira o que acham os brasileiros em pesquisa.\" \/>\n<meta property=\"og:url\" content=\"https:\/\/www.suno.com.br\/noticias\/riscos-profissionais-perderem-empregos-inteligencia-artificial-ia-jvj\/\" \/>\n<meta property=\"og:site_name\" content=\"Suno Not\u00edcias\" \/>\n<meta property=\"article:publisher\" content=\"https:\/\/facebook.com\/sunoresearch\" \/>\n<meta property=\"og:image\" content=\"https:\/\/files.sunoresearch.com.br\/n\/uploads\/2023\/05\/ia-inteligencia-artificial.jpg\" \/>\n\t<meta property=\"og:image:width\" content=\"1200\" \/>\n\t<meta property=\"og:image:height\" content=\"800\" \/>\n\t<meta property=\"og:image:type\" content=\"image\/jpeg\" \/>\n<meta name=\"author\" content=\"Jo\u00e3o Vitor\" \/>\n<meta name=\"twitter:card\" content=\"summary_large_image\" \/>\n<meta name=\"twitter:creator\" content=\"@sunoresearch\" \/>\n<meta name=\"twitter:site\" content=\"@sunoresearch\" \/>\n<meta name=\"twitter:label1\" content=\"Escrito por\" \/>\n\t<meta name=\"twitter:data1\" content=\"Jo\u00e3o Vitor\" \/>\n\t<meta name=\"twitter:label2\" content=\"Est. tempo de leitura\" \/>\n\t<meta name=\"twitter:data2\" content=\"2 minutos\" \/>\n<script type=\"application\/ld+json\" class=\"yoast-schema-graph\">{\"@context\":\"https:\/\/schema.org\",\"@graph\":[{\"@type\":\"NewsArticle\",\"@id\":\"https:\/\/www.suno.com.br\/noticias\/riscos-profissionais-perderem-empregos-inteligencia-artificial-ia-jvj\/#article\",\"isPartOf\":{\"@id\":\"https:\/\/www.suno.com.br\/noticias\/riscos-profissionais-perderem-empregos-inteligencia-artificial-ia-jvj\/\"},\"author\":{\"name\":\"Jo\u00e3o Vitor\",\"@id\":\"https:\/\/www.suno.com.br\/noticias\/#\/schema\/person\/87fc6973867c52dd884811905c43afba\"},\"headline\":\"Quais os riscos de profissionais perderem seus empregos para a intelig\u00eancia artificial (IA)? Veja o que acham os brasileiros\",\"datePublished\":\"2024-02-10T15:38:25+00:00\",\"dateModified\":\"2024-02-10T15:38:57+00:00\",\"mainEntityOfPage\":{\"@id\":\"https:\/\/www.suno.com.br\/noticias\/riscos-profissionais-perderem-empregos-inteligencia-artificial-ia-jvj\/\"},\"wordCount\":349,\"publisher\":{\"@id\":\"https:\/\/www.suno.com.br\/noticias\/#organization\"},\"image\":{\"@id\":\"https:\/\/www.suno.com.br\/noticias\/riscos-profissionais-perderem-empregos-inteligencia-artificial-ia-jvj\/#primaryimage\"},\"thumbnailUrl\":\"https:\/\/files.sunoresearch.com.br\/n\/uploads\/2023\/05\/ia-inteligencia-artificial.jpg\",\"keywords\":[\"intelig\u00eancia artificial\"],\"articleSection\":[\"Neg\u00f3cios\"],\"inLanguage\":\"pt-BR\"},{\"@type\":\"WebPage\",\"@id\":\"https:\/\/www.suno.com.br\/noticias\/riscos-profissionais-perderem-empregos-inteligencia-artificial-ia-jvj\/\",\"url\":\"https:\/\/www.suno.com.br\/noticias\/riscos-profissionais-perderem-empregos-inteligencia-artificial-ia-jvj\/\",\"name\":\"Intelig\u00eancia artificial: qual o risco de profissionais perderem empregos?\",\"isPartOf\":{\"@id\":\"https:\/\/www.suno.com.br\/noticias\/#website\"},\"primaryImageOfPage\":{\"@id\":\"https:\/\/www.suno.com.br\/noticias\/riscos-profissionais-perderem-empregos-inteligencia-artificial-ia-jvj\/#primaryimage\"},\"image\":{\"@id\":\"https:\/\/www.suno.com.br\/noticias\/riscos-profissionais-perderem-empregos-inteligencia-artificial-ia-jvj\/#primaryimage\"},\"thumbnailUrl\":\"https:\/\/files.sunoresearch.com.br\/n\/uploads\/2023\/05\/ia-inteligencia-artificial.jpg\",\"datePublished\":\"2024-02-10T15:38:25+00:00\",\"dateModified\":\"2024-02-10T15:38:57+00:00\",\"description\":\"Quais os riscos dos profissionais perderem seus empregos para a intelig\u00eancia artificial (IA)? Confira o que acham os brasileiros em pesquisa.\",\"breadcrumb\":{\"@id\":\"https:\/\/www.suno.com.br\/noticias\/riscos-profissionais-perderem-empregos-inteligencia-artificial-ia-jvj\/#breadcrumb\"},\"inLanguage\":\"pt-BR\",\"potentialAction\":[{\"@type\":\"ReadAction\",\"target\":[\"https:\/\/www.suno.com.br\/noticias\/riscos-profissionais-perderem-empregos-inteligencia-artificial-ia-jvj\/\"]}]},{\"@type\":\"ImageObject\",\"inLanguage\":\"pt-BR\",\"@id\":\"https:\/\/www.suno.com.br\/noticias\/riscos-profissionais-perderem-empregos-inteligencia-artificial-ia-jvj\/#primaryimage\",\"url\":\"https:\/\/files.sunoresearch.com.br\/n\/uploads\/2023\/05\/ia-inteligencia-artificial.jpg\",\"contentUrl\":\"https:\/\/files.sunoresearch.com.br\/n\/uploads\/2023\/05\/ia-inteligencia-artificial.jpg\",\"width\":1200,\"height\":800,\"caption\":\"Intelig\u00eancia artificial (IA) - Foto: iStock\"},{\"@type\":\"BreadcrumbList\",\"@id\":\"https:\/\/www.suno.com.br\/noticias\/riscos-profissionais-perderem-empregos-inteligencia-artificial-ia-jvj\/#breadcrumb\",\"itemListElement\":[{\"@type\":\"ListItem\",\"position\":1,\"name\":\"Not\u00edcias\",\"item\":\"https:\/\/www.suno.com.br\/noticias\/\"},{\"@type\":\"ListItem\",\"position\":2,\"name\":\"Neg\u00f3cios\",\"item\":\"https:\/\/www.suno.com.br\/noticias\/negocios\/\"},{\"@type\":\"ListItem\",\"position\":3,\"name\":\"Quais os riscos de profissionais perderem seus empregos para a intelig\u00eancia artificial (IA)? Veja o que acham os brasileiros\"}]},{\"@type\":\"WebSite\",\"@id\":\"https:\/\/www.suno.com.br\/noticias\/#website\",\"url\":\"https:\/\/www.suno.com.br\/noticias\/\",\"name\":\"Suno Not\u00edcias\",\"description\":\"Seu portal de informa\u00e7\u00e3o sobre o mundo dos investimentos\",\"publisher\":{\"@id\":\"https:\/\/www.suno.com.br\/noticias\/#organization\"},\"potentialAction\":[{\"@type\":\"SearchAction\",\"target\":{\"@type\":\"EntryPoint\",\"urlTemplate\":\"https:\/\/www.suno.com.br\/noticias\/?s={search_term_string}\"},\"query-input\":{\"@type\":\"PropertyValueSpecification\",\"valueRequired\":true,\"valueName\":\"search_term_string\"}}],\"inLanguage\":\"pt-BR\"},{\"@type\":\"Organization\",\"@id\":\"https:\/\/www.suno.com.br\/noticias\/#organization\",\"name\":\"Suno Not\u00edcias\",\"url\":\"https:\/\/www.suno.com.br\/noticias\/\",\"logo\":{\"@type\":\"ImageObject\",\"inLanguage\":\"pt-BR\",\"@id\":\"https:\/\/www.suno.com.br\/noticias\/#\/schema\/logo\/image\/\",\"url\":\"https:\/\/files.sunoresearch.com.br\/n\/uploads\/2021\/09\/suno-logo.png\",\"contentUrl\":\"https:\/\/files.sunoresearch.com.br\/n\/uploads\/2021\/09\/suno-logo.png\",\"width\":180,\"height\":180,\"caption\":\"Suno Not\u00edcias\"},\"image\":{\"@id\":\"https:\/\/www.suno.com.br\/noticias\/#\/schema\/logo\/image\/\"},\"sameAs\":[\"https:\/\/facebook.com\/sunoresearch\",\"https:\/\/x.com\/sunoresearch\",\"https:\/\/www.instagram.com\/suno\",\"https:\/\/www.linkedin.com\/company\/suno-research\/\",\"https:\/\/www.youtube.com\/c\/sunoresearch\"]},{\"@type\":\"Person\",\"@id\":\"https:\/\/www.suno.com.br\/noticias\/#\/schema\/person\/87fc6973867c52dd884811905c43afba\",\"name\":\"Jo\u00e3o Vitor\",\"image\":{\"@type\":\"ImageObject\",\"inLanguage\":\"pt-BR\",\"@id\":\"https:\/\/www.suno.com.br\/noticias\/#\/schema\/person\/image\/\",\"url\":\"https:\/\/secure.gravatar.com\/avatar\/2843227ca03ccf8cc7ccca45204c127e?s=96&r=g\",\"contentUrl\":\"https:\/\/secure.gravatar.com\/avatar\/2843227ca03ccf8cc7ccca45204c127e?s=96&r=g\",\"caption\":\"Jo\u00e3o Vitor\"},\"description\":\"Redator profissional, com atua\u00e7\u00e3o no mercado editorial na produ\u00e7\u00e3o de not\u00edcias e conte\u00fados sobre o mercado de a\u00e7\u00f5es, fundos imobili\u00e1rios e economia popular. Graduando em Engenharia Qu\u00edmica pela Unesp, tamb\u00e9m j\u00e1 atuou como consultor financeiro.\",\"url\":\"https:\/\/www.suno.com.br\/noticias\/author\/joao-vitor-jacintho\/\"}]}<\/script>\n<!-- \/ Yoast SEO plugin. -->","yoast_head_json":{"title":"Intelig\u00eancia artificial: qual o risco de profissionais perderem empregos?","description":"Quais os riscos dos profissionais perderem seus empregos para a intelig\u00eancia artificial (IA)? Confira o que acham os brasileiros em pesquisa.","robots":{"index":"index","follow":"follow","max-snippet":"max-snippet:-1","max-image-preview":"max-image-preview:large","max-video-preview":"max-video-preview:-1"},"canonical":"https:\/\/www.suno.com.br\/noticias\/riscos-profissionais-perderem-empregos-inteligencia-artificial-ia-jvj\/","og_locale":"pt_BR","og_type":"article","og_title":"Intelig\u00eancia artificial: qual o risco de profissionais perderem empregos?","og_description":"Quais os riscos dos profissionais perderem seus empregos para a intelig\u00eancia artificial (IA)? Confira o que acham os brasileiros em pesquisa.","og_url":"https:\/\/www.suno.com.br\/noticias\/riscos-profissionais-perderem-empregos-inteligencia-artificial-ia-jvj\/","og_site_name":"Suno Not\u00edcias","article_publisher":"https:\/\/facebook.com\/sunoresearch","og_image":[{"width":1200,"height":800,"url":"https:\/\/files.sunoresearch.com.br\/n\/uploads\/2023\/05\/ia-inteligencia-artificial.jpg","type":"image\/jpeg"}],"author":"Jo\u00e3o Vitor","twitter_card":"summary_large_image","twitter_creator":"@sunoresearch","twitter_site":"@sunoresearch","twitter_misc":{"Escrito por":"Jo\u00e3o Vitor","Est. tempo de leitura":"2 minutos"},"schema":{"@context":"https:\/\/schema.org","@graph":[{"@type":"NewsArticle","@id":"https:\/\/www.suno.com.br\/noticias\/riscos-profissionais-perderem-empregos-inteligencia-artificial-ia-jvj\/#article","isPartOf":{"@id":"https:\/\/www.suno.com.br\/noticias\/riscos-profissionais-perderem-empregos-inteligencia-artificial-ia-jvj\/"},"author":{"name":"Jo\u00e3o Vitor","@id":"https:\/\/www.suno.com.br\/noticias\/#\/schema\/person\/87fc6973867c52dd884811905c43afba"},"headline":"Quais os riscos de profissionais perderem seus empregos para a intelig\u00eancia artificial (IA)? Veja o que acham os brasileiros","datePublished":"2024-02-10T15:38:25+00:00","dateModified":"2024-02-10T15:38:57+00:00","mainEntityOfPage":{"@id":"https:\/\/www.suno.com.br\/noticias\/riscos-profissionais-perderem-empregos-inteligencia-artificial-ia-jvj\/"},"wordCount":349,"publisher":{"@id":"https:\/\/www.suno.com.br\/noticias\/#organization"},"image":{"@id":"https:\/\/www.suno.com.br\/noticias\/riscos-profissionais-perderem-empregos-inteligencia-artificial-ia-jvj\/#primaryimage"},"thumbnailUrl":"https:\/\/files.sunoresearch.com.br\/n\/uploads\/2023\/05\/ia-inteligencia-artificial.jpg","keywords":["intelig\u00eancia artificial"],"articleSection":["Neg\u00f3cios"],"inLanguage":"pt-BR"},{"@type":"WebPage","@id":"https:\/\/www.suno.com.br\/noticias\/riscos-profissionais-perderem-empregos-inteligencia-artificial-ia-jvj\/","url":"https:\/\/www.suno.com.br\/noticias\/riscos-profissionais-perderem-empregos-inteligencia-artificial-ia-jvj\/","name":"Intelig\u00eancia artificial: qual o risco de profissionais perderem empregos?","isPartOf":{"@id":"https:\/\/www.suno.com.br\/noticias\/#website"},"primaryImageOfPage":{"@id":"https:\/\/www.suno.com.br\/noticias\/riscos-profissionais-perderem-empregos-inteligencia-artificial-ia-jvj\/#primaryimage"},"image":{"@id":"https:\/\/www.suno.com.br\/noticias\/riscos-profissionais-perderem-empregos-inteligencia-artificial-ia-jvj\/#primaryimage"},"thumbnailUrl":"https:\/\/files.sunoresearch.com.br\/n\/uploads\/2023\/05\/ia-inteligencia-artificial.jpg","datePublished":"2024-02-10T15:38:25+00:00","dateModified":"2024-02-10T15:38:57+00:00","description":"Quais os riscos dos profissionais perderem seus empregos para a intelig\u00eancia artificial (IA)? Confira o que acham os brasileiros em pesquisa.","breadcrumb":{"@id":"https:\/\/www.suno.com.br\/noticias\/riscos-profissionais-perderem-empregos-inteligencia-artificial-ia-jvj\/#breadcrumb"},"inLanguage":"pt-BR","potentialAction":[{"@type":"ReadAction","target":["https:\/\/www.suno.com.br\/noticias\/riscos-profissionais-perderem-empregos-inteligencia-artificial-ia-jvj\/"]}]},{"@type":"ImageObject","inLanguage":"pt-BR","@id":"https:\/\/www.suno.com.br\/noticias\/riscos-profissionais-perderem-empregos-inteligencia-artificial-ia-jvj\/#primaryimage","url":"https:\/\/files.sunoresearch.com.br\/n\/uploads\/2023\/05\/ia-inteligencia-artificial.jpg","contentUrl":"https:\/\/files.sunoresearch.com.br\/n\/uploads\/2023\/05\/ia-inteligencia-artificial.jpg","width":1200,"height":800,"caption":"Intelig\u00eancia artificial (IA) - Foto: iStock"},{"@type":"BreadcrumbList","@id":"https:\/\/www.suno.com.br\/noticias\/riscos-profissionais-perderem-empregos-inteligencia-artificial-ia-jvj\/#breadcrumb","itemListElement":[{"@type":"ListItem","position":1,"name":"Not\u00edcias","item":"https:\/\/www.suno.com.br\/noticias\/"},{"@type":"ListItem","position":2,"name":"Neg\u00f3cios","item":"https:\/\/www.suno.com.br\/noticias\/negocios\/"},{"@type":"ListItem","position":3,"name":"Quais os riscos de profissionais perderem seus empregos para a intelig\u00eancia artificial (IA)? Veja o que acham os brasileiros"}]},{"@type":"WebSite","@id":"https:\/\/www.suno.com.br\/noticias\/#website","url":"https:\/\/www.suno.com.br\/noticias\/","name":"Suno Not\u00edcias","description":"Seu portal de informa\u00e7\u00e3o sobre o mundo dos investimentos","publisher":{"@id":"https:\/\/www.suno.com.br\/noticias\/#organization"},"potentialAction":[{"@type":"SearchAction","target":{"@type":"EntryPoint","urlTemplate":"https:\/\/www.suno.com.br\/noticias\/?s={search_term_string}"},"query-input":{"@type":"PropertyValueSpecification","valueRequired":true,"valueName":"search_term_string"}}],"inLanguage":"pt-BR"},{"@type":"Organization","@id":"https:\/\/www.suno.com.br\/noticias\/#organization","name":"Suno Not\u00edcias","url":"https:\/\/www.suno.com.br\/noticias\/","logo":{"@type":"ImageObject","inLanguage":"pt-BR","@id":"https:\/\/www.suno.com.br\/noticias\/#\/schema\/logo\/image\/","url":"https:\/\/files.sunoresearch.com.br\/n\/uploads\/2021\/09\/suno-logo.png","contentUrl":"https:\/\/files.sunoresearch.com.br\/n\/uploads\/2021\/09\/suno-logo.png","width":180,"height":180,"caption":"Suno Not\u00edcias"},"image":{"@id":"https:\/\/www.suno.com.br\/noticias\/#\/schema\/logo\/image\/"},"sameAs":["https:\/\/facebook.com\/sunoresearch","https:\/\/x.com\/sunoresearch","https:\/\/www.instagram.com\/suno","https:\/\/www.linkedin.com\/company\/suno-research\/","https:\/\/www.youtube.com\/c\/sunoresearch"]},{"@type":"Person","@id":"https:\/\/www.suno.com.br\/noticias\/#\/schema\/person\/87fc6973867c52dd884811905c43afba","name":"Jo\u00e3o Vitor","image":{"@type":"ImageObject","inLanguage":"pt-BR","@id":"https:\/\/www.suno.com.br\/noticias\/#\/schema\/person\/image\/","url":"https:\/\/secure.gravatar.com\/avatar\/2843227ca03ccf8cc7ccca45204c127e?s=96&r=g","contentUrl":"https:\/\/secure.gravatar.com\/avatar\/2843227ca03ccf8cc7ccca45204c127e?s=96&r=g","caption":"Jo\u00e3o Vitor"},"description":"Redator profissional, com atua\u00e7\u00e3o no mercado editorial na produ\u00e7\u00e3o de not\u00edcias e conte\u00fados sobre o mercado de a\u00e7\u00f5es, fundos imobili\u00e1rios e economia popular. Graduando em Engenharia Qu\u00edmica pela Unesp, tamb\u00e9m j\u00e1 atuou como consultor financeiro.","url":"https:\/\/www.suno.com.br\/noticias\/author\/joao-vitor-jacintho\/"}]}},"default_loop_html":"<div class=\"cardsPage__listCard__boxs\"><div class=\"cardsPage__listCard__boxs__img\"><a href=\"https:\/\/www.suno.com.br\/noticias\/riscos-profissionais-perderem-empregos-inteligencia-artificial-ia-jvj\/\"><img class=\"mask\" src=\"https:\/\/www.suno.com.br\/noticias\/wp-content\/themes\/suno\/resources\/images\/spotlight\/spotlight1img\/bg-mask.png\" alt=\"Image Mask\"\/><img src=\"https:\/\/files.sunoresearch.com.br\/n\/uploads\/2023\/05\/ia-inteligencia-artificial-400x200.jpg\" alt=\"Quais os riscos de profissionais perderem seus empregos para a intelig\u00eancia artificial (IA)? Veja o que acham os brasileiros\"\/><\/a><span class=\"spotlightCategory\"><a href=\"https:\/\/www.suno.com.br\/noticias\/negocios\/\">Neg\u00f3cios<\/a><\/span><\/div><div class=\"cardsPage__listCard__boxs__content\"><a href=\"https:\/\/www.suno.com.br\/noticias\/riscos-profissionais-perderem-empregos-inteligencia-artificial-ia-jvj\/\"><h2 class=\"content__title\">Quais os riscos de profissionais perderem seus empregos para a intelig\u00eancia artificial (IA)? Veja o que acham os brasileiros<\/h2><\/a><div class=\"newsContent__article__meta\"><div class=\"newsContent__article__meta__authorBox\"><a href=\"https:\/\/www.suno.com.br\/noticias\/author\/joao-vitor-jacintho\/\" class=\"authorBox__avatar noMobi\"><img src=\"https:\/\/secure.gravatar.com\/avatar\/2843227ca03ccf8cc7ccca45204c127e?s=96&#038;r=g\" alt=\"Jo\u00e3o Vitor Jacintho\"><\/a><div class=\"authorBox__name\"><span>por\n\t\t\t<a href=\"https:\/\/www.suno.com.br\/noticias\/author\/joao-vitor-jacintho\/\"><span itemprop=\"author\">Jo\u00e3o Vitor Jacintho<\/span><\/a><\/span><time datetime=\"2024-02-10T12:38:25-03:00\" itemprop=\"datePublished\">10\/02\/2024 12:38<\/time><\/div><\/div><\/div><\/div><\/div>","single_layout":"posts","amp_enabled":true,"_links":{"self":[{"href":"https:\/\/www.suno.com.br\/noticias\/wp-json\/wp\/v2\/posts\/522415"}],"collection":[{"href":"https:\/\/www.suno.com.br\/noticias\/wp-json\/wp\/v2\/posts"}],"about":[{"href":"https:\/\/www.suno.com.br\/noticias\/wp-json\/wp\/v2\/types\/post"}],"author":[{"embeddable":true,"href":"https:\/\/www.suno.com.br\/noticias\/wp-json\/wp\/v2\/users\/173"}],"replies":[{"embeddable":true,"href":"https:\/\/www.suno.com.br\/noticias\/wp-json\/wp\/v2\/comments?post=522415"}],"version-history":[{"count":3,"href":"https:\/\/www.suno.com.br\/noticias\/wp-json\/wp\/v2\/posts\/522415\/revisions"}],"predecessor-version":[{"id":522443,"href":"https:\/\/www.suno.com.br\/noticias\/wp-json\/wp\/v2\/posts\/522415\/revisions\/522443"}],"wp:featuredmedia":[{"embeddable":true,"href":"https:\/\/www.suno.com.br\/noticias\/wp-json\/wp\/v2\/media\/408587"}],"wp:attachment":[{"href":"https:\/\/www.suno.com.br\/noticias\/wp-json\/wp\/v2\/media?parent=522415"}],"wp:term":[{"taxonomy":"category","embeddable":true,"href":"https:\/\/www.suno.com.br\/noticias\/wp-json\/wp\/v2\/categories?post=522415"},{"taxonomy":"post_tag","embeddable":true,"href":"https:\/\/www.suno.com.br\/noticias\/wp-json\/wp\/v2\/tags?post=522415"},{"taxonomy":"suno_strategy","embeddable":true,"href":"https:\/\/www.suno.com.br\/noticias\/wp-json\/wp\/v2\/suno_strategy?post=522415"}],"curies":[{"name":"wp","href":"https:\/\/api.w.org\/{rel}","templated":true}]}}