{"id":522414,"date":"2024-02-10T11:06:22","date_gmt":"2024-02-10T14:06:22","guid":{"rendered":"https:\/\/www.suno.com.br\/noticias\/?p=522414"},"modified":"2024-02-10T11:06:53","modified_gmt":"2024-02-10T14:06:53","slug":"novo-plano-oi-oibr3-venda-bilionaria-ativos-jvj","status":"publish","type":"post","link":"https:\/\/www.suno.com.br\/noticias\/novo-plano-oi-oibr3-venda-bilionaria-ativos-jvj\/","title":{"rendered":"Novo plano da Oi (OIBR3) prev\u00ea venda de R$ 15 bilh\u00f5es em ativos; veja detalhes"},"content":{"rendered":"<p>Ap\u00f3s sucessivos atrasos, a nova vers\u00e3o do <a class=\"suno-keyword\" data-force=\"no\" data-priority=\"1\" href=\"https:\/\/www.suno.com.br\/artigos\/plano-de-recuperacao\/\" target=\"_blank\" rel=\"noopener\">plano de recupera\u00e7\u00e3o judicial<\/a> da <a class=\"suno-keyword\" data-force=\"yes\" data-priority=\"2\" href=\"https:\/\/www.suno.com.br\/acoes\/OIBR3\/\" target=\"_blank\" rel=\"noopener\"><strong>Oi<\/strong> (OIBR3)<\/a> foi apresentada na ter\u00e7a-feira, 6. O plano prev\u00ea um novo financiamento, de US$ 650 milh\u00f5es (cerca de R$ 3,2 bilh\u00f5es no c\u00e2mbio atual), e a venda de ativos avaliados em mais de R$ 15 bilh\u00f5es, al\u00e9m de desconto e convers\u00e3o de d\u00edvidas antigas. A tele ainda n\u00e3o chegou a acordo com credores, que devem agora avaliar a nova proposta.<\/p>\t<div class=\"wrapper-featured-image\">\n\t\t<figure class=\"spotlightImg\">\n\n\t\t\t<picture>\n\t\t\t\t<source media=\"(max-width: 768px)\" srcset=\"https:\/\/files.sunoresearch.com.br\/n\/uploads\/2022\/11\/oi-acoes-fecham-em-queda-400x200.jpg\">\n\t\t\t\t<img loading=\"lazy\" decoding=\"async\" class=\"newsContent__article__imgCapa lazyloadDisabled \" src=\"https:\/\/files.sunoresearch.com.br\/n\/uploads\/2022\/11\/oi-acoes-fecham-em-queda-800x450.jpg\" width=\"800\" height=\"450\" alt=\"Novo plano da Oi (OIBR3) prev\u00ea venda de R$ 15 bilh\u00f5es em ativos; veja detalhes\" fetchpriority=high \/>\n\t\t\t<\/picture>\n\n\t\t\t<figcaption class=\"wp-caption-text wp-caption-text--show\">Oi (OIBR3). Foto: Divulga\u00e7\u00e3o<\/figcaption>\n\t\t<\/figure>\n\t<\/div>\n\n\n\n\n\n\t<p>\n\t\t<a href=\"https:\/\/lp.suno.com.br\/ebook-como-analisar-uma-acao\/\" target=\"_blank\" data-element=\"shortcode-suno-banner\" title=\"Banner SUNO, clique e saiba mais\">\n\t\t\t<picture>\n\t\t\t\t<source media=\"(max-width: 500px)\" srcset=\"https:\/\/files.sunoresearch.com.br\/n\/uploads\/2023\/12\/Ebook-Acoes-Mobile.jpg\">\n\t\t\t\t<img class=\"newsContent__article__imgCapa newsContent__article__imgCapa--banner\"\n\t\t\t\t\tsrc=\"https:\/\/files.sunoresearch.com.br\/n\/uploads\/2023\/12\/Ebook-Acoes-Desktop.webp\"\n\t\t\t\t\tdata-promo-id=\"311260\"\t\t\t\t\t\t\t\t\t\twidth='1420' height='286'\t\t\t\t\talt=\"https:\/\/files.sunoresearch.com.br\/n\/uploads\/2023\/12\/Ebook-Acoes-Desktop.webp\"\n\t\t\t\t>\n\t\t\t<\/picture>\n\t\t<\/a>\n\t<\/p>\n\n\n\n\n\n<p>&#8220;A expectativa \u00e9 que a redu\u00e7\u00e3o total da d\u00edvida financeira chegue \u00e0 casa de 75%&#8221;, disse Rodrigo Abreu, em entrevista ao <i>Estad\u00e3o\/Broadcast<\/i>. Ele deixou a presid\u00eancia da operadora em janeiro, mas continua como membro do <a class=\"suno-keyword\" data-force=\"no\" data-priority=\"1\" href=\"https:\/\/www.suno.com.br\/artigos\/conselho-administracao\/\" target=\"_blank\" rel=\"noopener\">conselho de administra\u00e7\u00e3o<\/a> e l\u00edder das negocia\u00e7\u00f5es com credores.<\/p>\n\n\n\n<h2 class=\"wp-block-heading\">Suporte<\/h2>\n\n\n\n<p>A demora de meses para conclus\u00e3o do <strong>plano da Oi<\/strong> se deve \u00e0 complexidade da negocia\u00e7\u00e3o e \u00e0 dificuldade de acordo entre a empresa e seus credores. A Oi entrou em <a class=\"suno-keyword\" data-force=\"no\" data-priority=\"2\" href=\"https:\/\/www.suno.com.br\/artigos\/recuperacao-judicial\/\" target=\"_blank\" rel=\"noopener\">recupera\u00e7\u00e3o judicial<\/a> pela segunda vez em mar\u00e7o de 2023, com d\u00edvidas de R$ 44,3 bilh\u00f5es.<\/p>\n\n\n\t<div data-element=\"shortcode-read-more\" class=\"knowMore\">\n\t\t\t\t<span class=\"knowMore__title\">Leia mais<\/span>\n\t\t\t\t<a class=\"knowMore__link\" href=\"https:\/\/www.suno.com.br\/noticias\/cenario-atual-fusao-arezzo-arzz3-grupo-soma-soma3-jvj\/\">\n\t\t\tCen\u00e1rio atual explica fus\u00f5es como de Arezzo (ARZZ3) e Grupo Soma (SOMA3)?\t\t<\/a>\n\t<\/div>\n\n\n\n\n<p>A primeira vers\u00e3o do plano foi apresentada em maio do ano passado, e a companhia esperava assinar at\u00e9 julho um Acordo de Apoio \u00e0 Reestrutura\u00e7\u00e3o (RSA, na sigla em ingl\u00eas) com os credores, o que n\u00e3o aconteceu. O RSA tem a fun\u00e7\u00e3o de angariar o apoio necess\u00e1rio para a aprova\u00e7\u00e3o do plano. Ainda h\u00e1 condi\u00e7\u00f5es de isso acontecer, segundo Abreu.<\/p>\n\n\n\n<p>&#8220;O objetivo de atingimento de um acordo de suporte ao plano com um grupo de credores que possa garantir a aprova\u00e7\u00e3o em assembleia ainda existe, e as negocia\u00e7\u00f5es com esse grupo seguem mesmo ap\u00f3s o protocolo do plano&#8221;, disse Abreu. A previs\u00e3o \u00e9 que a assembleia de <strong>credores da Oi<\/strong> para vota\u00e7\u00e3o do novo plano ocorra em um prazo de 30 dias, isto \u00e9, no come\u00e7o de mar\u00e7o.<\/p>\n\n\n\n<p>Em nota, a Oi informou que, com o novo plano, espera alcan\u00e7ar a reestrutura\u00e7\u00e3o de suas d\u00edvidas financeiras, adequando-as \u00e0 sua <a class=\"suno-keyword\" target=\"_blank\" data-force=\"no\" data-priority=\"1\" href=\"https:\/\/www.suno.com.br\/artigos\/capacidade-de-pagamento\/\" rel=\"noopener\">capacidade de pagamento<\/a>. Isso ser\u00e1 feito sem comprometer sua opera\u00e7\u00e3o e a expans\u00e3o de seus neg\u00f3cios no segmento de fibra \u00f3ptica, principal produto da companhia.<\/p>\n\n\n\n<h2 class=\"wp-block-heading\">D\u00edvidas antigas da Oi<\/h2>\n\n\n\n<p>Um dos principais pontos do plano \u00e9 a libera\u00e7\u00e3o de um financiamento de US$ 650 milh\u00f5es, que ser\u00e1 usado para pagar o empr\u00e9stimo emergencial (debtor in possession, ou DIP) de US$ 325 milh\u00f5es obtido pela tele ano passado, bem como para manuten\u00e7\u00e3o do capital de giro das opera\u00e7\u00f5es de <strong>telecomunica\u00e7\u00f5es<\/strong>.<\/p>\n\n\n\n<p>A primeira vers\u00e3o do plano da Oi previa que o novo financiamento seria de US$ 750 milh\u00f5es, mas o valor foi reduzido no decorrer das negocia\u00e7\u00f5es porque a nova vers\u00e3o prev\u00ea antecipar a entrada de recursos com a venda de ativos, explicou Abreu.<\/p>\n\n\n\n<p>Desses US$ 650 milh\u00f5es, o montante de US$ 450 milh\u00f5es deve vir dos atuais credores, enquanto os outros US$ 200 milh\u00f5es seriam de terceiros. Em contrapartida ao compromisso de nova inje\u00e7\u00e3o de recursos, os credores receber\u00e3o uma comiss\u00e3o, chamada de backstop fee, e ter\u00e3o prioridade no pagamento. Caso haja demora para libera\u00e7\u00e3o desses recursos, a Oi fica autorizada a buscar um empr\u00e9stimo-ponte de US$ 125 milh\u00f5es para recompor o caixa.<\/p>\n\n\n\n<p>Abreu lembra que a concess\u00e3o de<strong> telefonia fixa da Oi <\/strong>ainda \u00e9 &#8220;bastante deficit\u00e1ria&#8221; e consome caixa. A companhia est\u00e1 negociando uma flexibiliza\u00e7\u00e3o das obriga\u00e7\u00f5es regulat\u00f3rias com a Ag\u00eancia Nacional de Telecomunica\u00e7\u00f5es (Anatel) e o Tribunal de Contas da Uni\u00e3o (TCU), mas essa solu\u00e7\u00e3o n\u00e3o \u00e9 simples. &#8220;A redu\u00e7\u00e3o do consumo de caixa n\u00e3o acontece imediatamente. Ser\u00e1 obtida ao longo de v\u00e1rios meses posteriormente ao acordo e respectiva migra\u00e7\u00e3o do regime de presta\u00e7\u00e3o do servi\u00e7o&#8221;, estima.<\/p>\n\n\n\n<p>Entre as op\u00e7\u00f5es para abater as d\u00edvidas antigas, a Oi oferece a convers\u00e3o de parte do <a class=\"suno-keyword\" target=\"_blank\" data-force=\"no\" data-priority=\"1\" href=\"https:\/\/www.suno.com.br\/artigos\/saldo-devedor\/\" rel=\"noopener\">saldo devedor<\/a> em a\u00e7\u00f5es, bem como pagamentos parcelados e com desconto. &#8220;A dilui\u00e7\u00e3o proposta para os atuais acionistas n\u00e3o foi mudada no plano atual e permanece em 80%&#8221;, disse. <\/p>\n\n\n\n<p>Pelo novo plano, a <strong>Oi <\/strong>quer antecipar a aliena\u00e7\u00e3o de ativos e levantar R$ 15,3 bilh\u00f5es por meio da venda da opera\u00e7\u00e3o de banda larga (Oi Fibra), da participa\u00e7\u00e3o na V.tal, al\u00e9m de im\u00f3veis e outros bens.<\/p>\n\n\n\n<p>(Com informa\u00e7\u00f5es do jornal <b>O Estado de S. Paulo<\/b> e Estad\u00e3o Conte\u00fado)<\/p>\n\n\n\t<p>\n\t\t<a href=\"https:\/\/lp2.suno.com.br\/cl\/black-friday-2025\/?utm_campaign=_SNCDF0E4858_\" target=\"_blank\" data-element=\"shortcode-suno-banner\" title=\"Banner SUNO, clique e saiba mais\">\n\t\t\t<picture>\n\t\t\t\t<source media=\"(max-width: 500px)\" srcset=\"https:\/\/files.sunoresearch.com.br\/n\/uploads\/2025\/10\/Artigos-e-Noticias-Banner-Home-artigos-01-Mobile_-400x300-1-png.webp\">\n\t\t\t\t<img class=\"newsContent__article__imgCapa newsContent__article__imgCapa--banner\"\n\t\t\t\t\tsrc=\"https:\/\/files.sunoresearch.com.br\/n\/uploads\/2025\/10\/Artigos-e-Noticias-Banner-Home-artigos-01-Desktop_-1420x240-1-png.webp\"\n\t\t\t\t\tdata-promo-id=\"311259\"\t\t\t\t\t\t\t\t\t\twidth='1420' height='240'\t\t\t\t\talt=\"https:\/\/files.sunoresearch.com.br\/n\/uploads\/2025\/10\/Artigos-e-Noticias-Banner-Home-artigos-01-Desktop_-1420x240-1-png.webp\"\n\t\t\t\t>\n\t\t\t<\/picture>\n\t\t<\/a>\n\t<\/p>\n\n\n","protected":false},"excerpt":{"rendered":"<p>Ap\u00f3s sucessivos atrasos, a nova vers\u00e3o do plano de recupera\u00e7\u00e3o judicial da Oi (OIBR3) foi apresentada na ter\u00e7a-feira, 6. O plano prev\u00ea um novo financiamento, de US$ 650 milh\u00f5es (cerca de R$ 3,2 bilh\u00f5es no c\u00e2mbio atual), e a venda de ativos avaliados em mais de R$ 15 bilh\u00f5es, al\u00e9m de desconto e convers\u00e3o de [&hellip;]<\/p>\n","protected":false},"author":173,"featured_media":321709,"comment_status":"closed","ping_status":"closed","sticky":false,"template":"","format":"standard","meta":[],"categories":[64],"tags":[584,314],"suno_strategy":[],"class_list":["post-522414","post","type-post","status-publish","format-standard","has-post-thumbnail","hentry","category-negocios","tag-oi-oibr3-oibr4","tag-recuperacao-judicial"],"yoast_head":"<!-- This site is optimized with the Yoast SEO plugin v24.4 - https:\/\/yoast.com\/wordpress\/plugins\/seo\/ -->\n<title>Novo plano da Oi (OIBR3) prev\u00ea venda bilion\u00e1ria de ativos<\/title>\n<meta name=\"description\" content=\"Um novo plano de recupera\u00e7\u00e3o judicial da Oi (OIBR3) est\u00e1 prevendo uma venda bilion\u00e1ria de ativos. Confira o valor e outros detalhes.\" \/>\n<meta name=\"robots\" content=\"index, follow, max-snippet:-1, max-image-preview:large, max-video-preview:-1\" \/>\n<link rel=\"canonical\" href=\"https:\/\/www.suno.com.br\/noticias\/novo-plano-oi-oibr3-venda-bilionaria-ativos-jvj\/\" \/>\n<meta property=\"og:locale\" content=\"pt_BR\" \/>\n<meta property=\"og:type\" content=\"article\" \/>\n<meta property=\"og:title\" content=\"Novo plano da Oi (OIBR3) prev\u00ea venda bilion\u00e1ria de ativos\" \/>\n<meta property=\"og:description\" content=\"Um novo plano de recupera\u00e7\u00e3o judicial da Oi (OIBR3) est\u00e1 prevendo uma venda bilion\u00e1ria de ativos. Confira o valor e outros detalhes.\" \/>\n<meta property=\"og:url\" content=\"https:\/\/www.suno.com.br\/noticias\/novo-plano-oi-oibr3-venda-bilionaria-ativos-jvj\/\" \/>\n<meta property=\"og:site_name\" content=\"Suno Not\u00edcias\" \/>\n<meta property=\"article:publisher\" content=\"https:\/\/facebook.com\/sunoresearch\" \/>\n<meta property=\"og:image\" content=\"https:\/\/files.sunoresearch.com.br\/n\/uploads\/2022\/11\/oi-acoes-fecham-em-queda.jpg\" \/>\n\t<meta property=\"og:image:width\" content=\"1500\" \/>\n\t<meta property=\"og:image:height\" content=\"1000\" \/>\n\t<meta property=\"og:image:type\" content=\"image\/jpeg\" \/>\n<meta name=\"author\" content=\"Jo\u00e3o Vitor\" \/>\n<meta name=\"twitter:card\" content=\"summary_large_image\" \/>\n<meta name=\"twitter:creator\" content=\"@sunoresearch\" \/>\n<meta name=\"twitter:site\" content=\"@sunoresearch\" \/>\n<meta name=\"twitter:label1\" content=\"Escrito por\" \/>\n\t<meta name=\"twitter:data1\" content=\"Jo\u00e3o Vitor\" \/>\n\t<meta name=\"twitter:label2\" content=\"Est. tempo de leitura\" \/>\n\t<meta name=\"twitter:data2\" content=\"4 minutos\" \/>\n<script type=\"application\/ld+json\" class=\"yoast-schema-graph\">{\"@context\":\"https:\/\/schema.org\",\"@graph\":[{\"@type\":\"NewsArticle\",\"@id\":\"https:\/\/www.suno.com.br\/noticias\/novo-plano-oi-oibr3-venda-bilionaria-ativos-jvj\/#article\",\"isPartOf\":{\"@id\":\"https:\/\/www.suno.com.br\/noticias\/novo-plano-oi-oibr3-venda-bilionaria-ativos-jvj\/\"},\"author\":{\"name\":\"Jo\u00e3o Vitor\",\"@id\":\"https:\/\/www.suno.com.br\/noticias\/#\/schema\/person\/87fc6973867c52dd884811905c43afba\"},\"headline\":\"Novo plano da Oi (OIBR3) prev\u00ea venda de R$ 15 bilh\u00f5es em ativos; veja detalhes\",\"datePublished\":\"2024-02-10T14:06:22+00:00\",\"dateModified\":\"2024-02-10T14:06:53+00:00\",\"mainEntityOfPage\":{\"@id\":\"https:\/\/www.suno.com.br\/noticias\/novo-plano-oi-oibr3-venda-bilionaria-ativos-jvj\/\"},\"wordCount\":769,\"publisher\":{\"@id\":\"https:\/\/www.suno.com.br\/noticias\/#organization\"},\"image\":{\"@id\":\"https:\/\/www.suno.com.br\/noticias\/novo-plano-oi-oibr3-venda-bilionaria-ativos-jvj\/#primaryimage\"},\"thumbnailUrl\":\"https:\/\/files.sunoresearch.com.br\/n\/uploads\/2022\/11\/oi-acoes-fecham-em-queda.jpg\",\"keywords\":[\"Oi (OIBR3\/OIBR4)\",\"recupera\u00e7\u00e3o judicial\"],\"articleSection\":[\"Neg\u00f3cios\"],\"inLanguage\":\"pt-BR\"},{\"@type\":\"WebPage\",\"@id\":\"https:\/\/www.suno.com.br\/noticias\/novo-plano-oi-oibr3-venda-bilionaria-ativos-jvj\/\",\"url\":\"https:\/\/www.suno.com.br\/noticias\/novo-plano-oi-oibr3-venda-bilionaria-ativos-jvj\/\",\"name\":\"Novo plano da Oi (OIBR3) prev\u00ea venda bilion\u00e1ria de ativos\",\"isPartOf\":{\"@id\":\"https:\/\/www.suno.com.br\/noticias\/#website\"},\"primaryImageOfPage\":{\"@id\":\"https:\/\/www.suno.com.br\/noticias\/novo-plano-oi-oibr3-venda-bilionaria-ativos-jvj\/#primaryimage\"},\"image\":{\"@id\":\"https:\/\/www.suno.com.br\/noticias\/novo-plano-oi-oibr3-venda-bilionaria-ativos-jvj\/#primaryimage\"},\"thumbnailUrl\":\"https:\/\/files.sunoresearch.com.br\/n\/uploads\/2022\/11\/oi-acoes-fecham-em-queda.jpg\",\"datePublished\":\"2024-02-10T14:06:22+00:00\",\"dateModified\":\"2024-02-10T14:06:53+00:00\",\"description\":\"Um novo plano de recupera\u00e7\u00e3o judicial da Oi (OIBR3) est\u00e1 prevendo uma venda bilion\u00e1ria de ativos. Confira o valor e outros detalhes.\",\"breadcrumb\":{\"@id\":\"https:\/\/www.suno.com.br\/noticias\/novo-plano-oi-oibr3-venda-bilionaria-ativos-jvj\/#breadcrumb\"},\"inLanguage\":\"pt-BR\",\"potentialAction\":[{\"@type\":\"ReadAction\",\"target\":[\"https:\/\/www.suno.com.br\/noticias\/novo-plano-oi-oibr3-venda-bilionaria-ativos-jvj\/\"]}]},{\"@type\":\"ImageObject\",\"inLanguage\":\"pt-BR\",\"@id\":\"https:\/\/www.suno.com.br\/noticias\/novo-plano-oi-oibr3-venda-bilionaria-ativos-jvj\/#primaryimage\",\"url\":\"https:\/\/files.sunoresearch.com.br\/n\/uploads\/2022\/11\/oi-acoes-fecham-em-queda.jpg\",\"contentUrl\":\"https:\/\/files.sunoresearch.com.br\/n\/uploads\/2022\/11\/oi-acoes-fecham-em-queda.jpg\",\"width\":1500,\"height\":1000,\"caption\":\"Oi (OIBR3). Foto: Divulga\u00e7\u00e3o\"},{\"@type\":\"BreadcrumbList\",\"@id\":\"https:\/\/www.suno.com.br\/noticias\/novo-plano-oi-oibr3-venda-bilionaria-ativos-jvj\/#breadcrumb\",\"itemListElement\":[{\"@type\":\"ListItem\",\"position\":1,\"name\":\"Not\u00edcias\",\"item\":\"https:\/\/www.suno.com.br\/noticias\/\"},{\"@type\":\"ListItem\",\"position\":2,\"name\":\"Neg\u00f3cios\",\"item\":\"https:\/\/www.suno.com.br\/noticias\/negocios\/\"},{\"@type\":\"ListItem\",\"position\":3,\"name\":\"Novo plano da Oi (OIBR3) prev\u00ea venda de R$ 15 bilh\u00f5es em ativos; veja detalhes\"}]},{\"@type\":\"WebSite\",\"@id\":\"https:\/\/www.suno.com.br\/noticias\/#website\",\"url\":\"https:\/\/www.suno.com.br\/noticias\/\",\"name\":\"Suno Not\u00edcias\",\"description\":\"Seu portal de informa\u00e7\u00e3o sobre o mundo dos investimentos\",\"publisher\":{\"@id\":\"https:\/\/www.suno.com.br\/noticias\/#organization\"},\"potentialAction\":[{\"@type\":\"SearchAction\",\"target\":{\"@type\":\"EntryPoint\",\"urlTemplate\":\"https:\/\/www.suno.com.br\/noticias\/?s={search_term_string}\"},\"query-input\":{\"@type\":\"PropertyValueSpecification\",\"valueRequired\":true,\"valueName\":\"search_term_string\"}}],\"inLanguage\":\"pt-BR\"},{\"@type\":\"Organization\",\"@id\":\"https:\/\/www.suno.com.br\/noticias\/#organization\",\"name\":\"Suno Not\u00edcias\",\"url\":\"https:\/\/www.suno.com.br\/noticias\/\",\"logo\":{\"@type\":\"ImageObject\",\"inLanguage\":\"pt-BR\",\"@id\":\"https:\/\/www.suno.com.br\/noticias\/#\/schema\/logo\/image\/\",\"url\":\"https:\/\/files.sunoresearch.com.br\/n\/uploads\/2021\/09\/suno-logo.png\",\"contentUrl\":\"https:\/\/files.sunoresearch.com.br\/n\/uploads\/2021\/09\/suno-logo.png\",\"width\":180,\"height\":180,\"caption\":\"Suno Not\u00edcias\"},\"image\":{\"@id\":\"https:\/\/www.suno.com.br\/noticias\/#\/schema\/logo\/image\/\"},\"sameAs\":[\"https:\/\/facebook.com\/sunoresearch\",\"https:\/\/x.com\/sunoresearch\",\"https:\/\/www.instagram.com\/suno\",\"https:\/\/www.linkedin.com\/company\/suno-research\/\",\"https:\/\/www.youtube.com\/c\/sunoresearch\"]},{\"@type\":\"Person\",\"@id\":\"https:\/\/www.suno.com.br\/noticias\/#\/schema\/person\/87fc6973867c52dd884811905c43afba\",\"name\":\"Jo\u00e3o Vitor\",\"image\":{\"@type\":\"ImageObject\",\"inLanguage\":\"pt-BR\",\"@id\":\"https:\/\/www.suno.com.br\/noticias\/#\/schema\/person\/image\/\",\"url\":\"https:\/\/secure.gravatar.com\/avatar\/2843227ca03ccf8cc7ccca45204c127e?s=96&r=g\",\"contentUrl\":\"https:\/\/secure.gravatar.com\/avatar\/2843227ca03ccf8cc7ccca45204c127e?s=96&r=g\",\"caption\":\"Jo\u00e3o Vitor\"},\"description\":\"Redator profissional, com atua\u00e7\u00e3o no mercado editorial na produ\u00e7\u00e3o de not\u00edcias e conte\u00fados sobre o mercado de a\u00e7\u00f5es, fundos imobili\u00e1rios e economia popular. Graduando em Engenharia Qu\u00edmica pela Unesp, tamb\u00e9m j\u00e1 atuou como consultor financeiro.\",\"url\":\"https:\/\/www.suno.com.br\/noticias\/author\/joao-vitor-jacintho\/\"}]}<\/script>\n<!-- \/ Yoast SEO plugin. -->","yoast_head_json":{"title":"Novo plano da Oi (OIBR3) prev\u00ea venda bilion\u00e1ria de ativos","description":"Um novo plano de recupera\u00e7\u00e3o judicial da Oi (OIBR3) est\u00e1 prevendo uma venda bilion\u00e1ria de ativos. Confira o valor e outros detalhes.","robots":{"index":"index","follow":"follow","max-snippet":"max-snippet:-1","max-image-preview":"max-image-preview:large","max-video-preview":"max-video-preview:-1"},"canonical":"https:\/\/www.suno.com.br\/noticias\/novo-plano-oi-oibr3-venda-bilionaria-ativos-jvj\/","og_locale":"pt_BR","og_type":"article","og_title":"Novo plano da Oi (OIBR3) prev\u00ea venda bilion\u00e1ria de ativos","og_description":"Um novo plano de recupera\u00e7\u00e3o judicial da Oi (OIBR3) est\u00e1 prevendo uma venda bilion\u00e1ria de ativos. Confira o valor e outros detalhes.","og_url":"https:\/\/www.suno.com.br\/noticias\/novo-plano-oi-oibr3-venda-bilionaria-ativos-jvj\/","og_site_name":"Suno Not\u00edcias","article_publisher":"https:\/\/facebook.com\/sunoresearch","og_image":[{"width":1500,"height":1000,"url":"https:\/\/files.sunoresearch.com.br\/n\/uploads\/2022\/11\/oi-acoes-fecham-em-queda.jpg","type":"image\/jpeg"}],"author":"Jo\u00e3o Vitor","twitter_card":"summary_large_image","twitter_creator":"@sunoresearch","twitter_site":"@sunoresearch","twitter_misc":{"Escrito por":"Jo\u00e3o Vitor","Est. tempo de leitura":"4 minutos"},"schema":{"@context":"https:\/\/schema.org","@graph":[{"@type":"NewsArticle","@id":"https:\/\/www.suno.com.br\/noticias\/novo-plano-oi-oibr3-venda-bilionaria-ativos-jvj\/#article","isPartOf":{"@id":"https:\/\/www.suno.com.br\/noticias\/novo-plano-oi-oibr3-venda-bilionaria-ativos-jvj\/"},"author":{"name":"Jo\u00e3o Vitor","@id":"https:\/\/www.suno.com.br\/noticias\/#\/schema\/person\/87fc6973867c52dd884811905c43afba"},"headline":"Novo plano da Oi (OIBR3) prev\u00ea venda de R$ 15 bilh\u00f5es em ativos; veja detalhes","datePublished":"2024-02-10T14:06:22+00:00","dateModified":"2024-02-10T14:06:53+00:00","mainEntityOfPage":{"@id":"https:\/\/www.suno.com.br\/noticias\/novo-plano-oi-oibr3-venda-bilionaria-ativos-jvj\/"},"wordCount":769,"publisher":{"@id":"https:\/\/www.suno.com.br\/noticias\/#organization"},"image":{"@id":"https:\/\/www.suno.com.br\/noticias\/novo-plano-oi-oibr3-venda-bilionaria-ativos-jvj\/#primaryimage"},"thumbnailUrl":"https:\/\/files.sunoresearch.com.br\/n\/uploads\/2022\/11\/oi-acoes-fecham-em-queda.jpg","keywords":["Oi (OIBR3\/OIBR4)","recupera\u00e7\u00e3o judicial"],"articleSection":["Neg\u00f3cios"],"inLanguage":"pt-BR"},{"@type":"WebPage","@id":"https:\/\/www.suno.com.br\/noticias\/novo-plano-oi-oibr3-venda-bilionaria-ativos-jvj\/","url":"https:\/\/www.suno.com.br\/noticias\/novo-plano-oi-oibr3-venda-bilionaria-ativos-jvj\/","name":"Novo plano da Oi (OIBR3) prev\u00ea venda bilion\u00e1ria de ativos","isPartOf":{"@id":"https:\/\/www.suno.com.br\/noticias\/#website"},"primaryImageOfPage":{"@id":"https:\/\/www.suno.com.br\/noticias\/novo-plano-oi-oibr3-venda-bilionaria-ativos-jvj\/#primaryimage"},"image":{"@id":"https:\/\/www.suno.com.br\/noticias\/novo-plano-oi-oibr3-venda-bilionaria-ativos-jvj\/#primaryimage"},"thumbnailUrl":"https:\/\/files.sunoresearch.com.br\/n\/uploads\/2022\/11\/oi-acoes-fecham-em-queda.jpg","datePublished":"2024-02-10T14:06:22+00:00","dateModified":"2024-02-10T14:06:53+00:00","description":"Um novo plano de recupera\u00e7\u00e3o judicial da Oi (OIBR3) est\u00e1 prevendo uma venda bilion\u00e1ria de ativos. Confira o valor e outros detalhes.","breadcrumb":{"@id":"https:\/\/www.suno.com.br\/noticias\/novo-plano-oi-oibr3-venda-bilionaria-ativos-jvj\/#breadcrumb"},"inLanguage":"pt-BR","potentialAction":[{"@type":"ReadAction","target":["https:\/\/www.suno.com.br\/noticias\/novo-plano-oi-oibr3-venda-bilionaria-ativos-jvj\/"]}]},{"@type":"ImageObject","inLanguage":"pt-BR","@id":"https:\/\/www.suno.com.br\/noticias\/novo-plano-oi-oibr3-venda-bilionaria-ativos-jvj\/#primaryimage","url":"https:\/\/files.sunoresearch.com.br\/n\/uploads\/2022\/11\/oi-acoes-fecham-em-queda.jpg","contentUrl":"https:\/\/files.sunoresearch.com.br\/n\/uploads\/2022\/11\/oi-acoes-fecham-em-queda.jpg","width":1500,"height":1000,"caption":"Oi (OIBR3). Foto: Divulga\u00e7\u00e3o"},{"@type":"BreadcrumbList","@id":"https:\/\/www.suno.com.br\/noticias\/novo-plano-oi-oibr3-venda-bilionaria-ativos-jvj\/#breadcrumb","itemListElement":[{"@type":"ListItem","position":1,"name":"Not\u00edcias","item":"https:\/\/www.suno.com.br\/noticias\/"},{"@type":"ListItem","position":2,"name":"Neg\u00f3cios","item":"https:\/\/www.suno.com.br\/noticias\/negocios\/"},{"@type":"ListItem","position":3,"name":"Novo plano da Oi (OIBR3) prev\u00ea venda de R$ 15 bilh\u00f5es em ativos; veja detalhes"}]},{"@type":"WebSite","@id":"https:\/\/www.suno.com.br\/noticias\/#website","url":"https:\/\/www.suno.com.br\/noticias\/","name":"Suno Not\u00edcias","description":"Seu portal de informa\u00e7\u00e3o sobre o mundo dos investimentos","publisher":{"@id":"https:\/\/www.suno.com.br\/noticias\/#organization"},"potentialAction":[{"@type":"SearchAction","target":{"@type":"EntryPoint","urlTemplate":"https:\/\/www.suno.com.br\/noticias\/?s={search_term_string}"},"query-input":{"@type":"PropertyValueSpecification","valueRequired":true,"valueName":"search_term_string"}}],"inLanguage":"pt-BR"},{"@type":"Organization","@id":"https:\/\/www.suno.com.br\/noticias\/#organization","name":"Suno Not\u00edcias","url":"https:\/\/www.suno.com.br\/noticias\/","logo":{"@type":"ImageObject","inLanguage":"pt-BR","@id":"https:\/\/www.suno.com.br\/noticias\/#\/schema\/logo\/image\/","url":"https:\/\/files.sunoresearch.com.br\/n\/uploads\/2021\/09\/suno-logo.png","contentUrl":"https:\/\/files.sunoresearch.com.br\/n\/uploads\/2021\/09\/suno-logo.png","width":180,"height":180,"caption":"Suno Not\u00edcias"},"image":{"@id":"https:\/\/www.suno.com.br\/noticias\/#\/schema\/logo\/image\/"},"sameAs":["https:\/\/facebook.com\/sunoresearch","https:\/\/x.com\/sunoresearch","https:\/\/www.instagram.com\/suno","https:\/\/www.linkedin.com\/company\/suno-research\/","https:\/\/www.youtube.com\/c\/sunoresearch"]},{"@type":"Person","@id":"https:\/\/www.suno.com.br\/noticias\/#\/schema\/person\/87fc6973867c52dd884811905c43afba","name":"Jo\u00e3o Vitor","image":{"@type":"ImageObject","inLanguage":"pt-BR","@id":"https:\/\/www.suno.com.br\/noticias\/#\/schema\/person\/image\/","url":"https:\/\/secure.gravatar.com\/avatar\/2843227ca03ccf8cc7ccca45204c127e?s=96&r=g","contentUrl":"https:\/\/secure.gravatar.com\/avatar\/2843227ca03ccf8cc7ccca45204c127e?s=96&r=g","caption":"Jo\u00e3o Vitor"},"description":"Redator profissional, com atua\u00e7\u00e3o no mercado editorial na produ\u00e7\u00e3o de not\u00edcias e conte\u00fados sobre o mercado de a\u00e7\u00f5es, fundos imobili\u00e1rios e economia popular. Graduando em Engenharia Qu\u00edmica pela Unesp, tamb\u00e9m j\u00e1 atuou como consultor financeiro.","url":"https:\/\/www.suno.com.br\/noticias\/author\/joao-vitor-jacintho\/"}]}},"default_loop_html":"<div class=\"cardsPage__listCard__boxs\"><div class=\"cardsPage__listCard__boxs__img\"><a href=\"https:\/\/www.suno.com.br\/noticias\/novo-plano-oi-oibr3-venda-bilionaria-ativos-jvj\/\"><img class=\"mask\" src=\"https:\/\/www.suno.com.br\/noticias\/wp-content\/themes\/suno\/resources\/images\/spotlight\/spotlight1img\/bg-mask.png\" alt=\"Image Mask\"\/><img src=\"https:\/\/files.sunoresearch.com.br\/n\/uploads\/2022\/11\/oi-acoes-fecham-em-queda-400x200.jpg\" alt=\"Novo plano da Oi (OIBR3) prev\u00ea venda de R$ 15 bilh\u00f5es em ativos; veja detalhes\"\/><\/a><span class=\"spotlightCategory\"><a href=\"https:\/\/www.suno.com.br\/noticias\/negocios\/\">Neg\u00f3cios<\/a><\/span><\/div><div class=\"cardsPage__listCard__boxs__content\"><a href=\"https:\/\/www.suno.com.br\/noticias\/novo-plano-oi-oibr3-venda-bilionaria-ativos-jvj\/\"><h2 class=\"content__title\">Novo plano da Oi (OIBR3) prev\u00ea venda de R$ 15 bilh\u00f5es em ativos; veja detalhes<\/h2><\/a><div class=\"newsContent__article__meta\"><div class=\"newsContent__article__meta__authorBox\"><a href=\"https:\/\/www.suno.com.br\/noticias\/author\/joao-vitor-jacintho\/\" class=\"authorBox__avatar noMobi\"><img src=\"https:\/\/secure.gravatar.com\/avatar\/2843227ca03ccf8cc7ccca45204c127e?s=96&#038;r=g\" alt=\"Jo\u00e3o Vitor Jacintho\"><\/a><div class=\"authorBox__name\"><span>por\n\t\t\t<a href=\"https:\/\/www.suno.com.br\/noticias\/author\/joao-vitor-jacintho\/\"><span itemprop=\"author\">Jo\u00e3o Vitor Jacintho<\/span><\/a><\/span><time datetime=\"2024-02-10T11:06:22-03:00\" itemprop=\"datePublished\">10\/02\/2024 11:06<\/time><\/div><\/div><\/div><\/div><\/div>","single_layout":"posts","amp_enabled":true,"_links":{"self":[{"href":"https:\/\/www.suno.com.br\/noticias\/wp-json\/wp\/v2\/posts\/522414"}],"collection":[{"href":"https:\/\/www.suno.com.br\/noticias\/wp-json\/wp\/v2\/posts"}],"about":[{"href":"https:\/\/www.suno.com.br\/noticias\/wp-json\/wp\/v2\/types\/post"}],"author":[{"embeddable":true,"href":"https:\/\/www.suno.com.br\/noticias\/wp-json\/wp\/v2\/users\/173"}],"replies":[{"embeddable":true,"href":"https:\/\/www.suno.com.br\/noticias\/wp-json\/wp\/v2\/comments?post=522414"}],"version-history":[{"count":3,"href":"https:\/\/www.suno.com.br\/noticias\/wp-json\/wp\/v2\/posts\/522414\/revisions"}],"predecessor-version":[{"id":522434,"href":"https:\/\/www.suno.com.br\/noticias\/wp-json\/wp\/v2\/posts\/522414\/revisions\/522434"}],"wp:featuredmedia":[{"embeddable":true,"href":"https:\/\/www.suno.com.br\/noticias\/wp-json\/wp\/v2\/media\/321709"}],"wp:attachment":[{"href":"https:\/\/www.suno.com.br\/noticias\/wp-json\/wp\/v2\/media?parent=522414"}],"wp:term":[{"taxonomy":"category","embeddable":true,"href":"https:\/\/www.suno.com.br\/noticias\/wp-json\/wp\/v2\/categories?post=522414"},{"taxonomy":"post_tag","embeddable":true,"href":"https:\/\/www.suno.com.br\/noticias\/wp-json\/wp\/v2\/tags?post=522414"},{"taxonomy":"suno_strategy","embeddable":true,"href":"https:\/\/www.suno.com.br\/noticias\/wp-json\/wp\/v2\/suno_strategy?post=522414"}],"curies":[{"name":"wp","href":"https:\/\/api.w.org\/{rel}","templated":true}]}}