{"id":52236,"date":"2020-02-06T16:35:04","date_gmt":"2020-02-06T18:35:04","guid":{"rendered":"https:\/\/www.suno.com.br\/noticias\/?p=52236"},"modified":"2020-02-06T16:35:04","modified_gmt":"2020-02-06T18:35:04","slug":"varejo-private-banking-avancam-2019-anbima","status":"publish","type":"post","link":"https:\/\/www.suno.com.br\/noticias\/varejo-private-banking-avancam-2019-anbima\/","title":{"rendered":"Varejo e private banking avan\u00e7am 12,05% em 2019, diz Anbima"},"content":{"rendered":"<p>O patrim\u00f4nio l\u00edquido dos segmentos de <strong>varejo<\/strong> e <a href=\"https:\/\/www.suno.com.br\/artigos\/private-banking\/\"><em>private banking<\/em><\/a> cresceu 12,05% no ano passado e chegou a R$ 3,263 trilh\u00f5es. Os dados foram divulgados nesta quinta-feira (6) pela <a href=\"https:\/\/www.suno.com.br\/artigos\/anbima\/\">Associa\u00e7\u00e3o Brasileira das Entidades dos Mercados Financeiro e de Capitais (Anbima)<\/a>.<\/p>\t<div class=\"wrapper-featured-image\">\n\t\t<figure class=\"spotlightImg\">\n\n\t\t\t<picture>\n\t\t\t\t<source media=\"(max-width: 768px)\" srcset=\"https:\/\/files.sunoresearch.com.br\/n\/uploads\/2018\/10\/1215868e-ibovespa-1-400x200.webp\">\n\t\t\t\t<img loading=\"lazy\" decoding=\"async\" class=\"newsContent__article__imgCapa lazyloadDisabled newsContent__article__imgCapa--noCaption\" src=\"https:\/\/files.sunoresearch.com.br\/n\/uploads\/2018\/10\/1215868e-ibovespa-1-800x450.webp\" width=\"800\" height=\"450\" alt=\"Varejo e private banking avan\u00e7am 12,05% em 2019, diz Anbima\" fetchpriority=high \/>\n\t\t\t<\/picture>\n\n\t\t\t<figcaption class=\"wp-caption-text wp-caption-text--hide\">Veja as small caps que mais valorizaram em junho<\/figcaption>\n\t\t<\/figure>\n\t<\/div>\n\n\n\n<p>De acordo com a associa\u00e7\u00e3o, o maior avan\u00e7o ocorreu no segmento de <strong>private banking<\/strong>, com alta de 20,9%, a R$ 1,307 trilh\u00e3o. J\u00e1 no varejo de alta renda, o crescimento foi de 13,2%, para R$ 987,9 bilh\u00f5es. Por fim, o varejo tradicional passou para R$ 968,3 bilh\u00f5es ap\u00f3s um aumento de 1%.<\/p>\n<p>A <a href=\"https:\/\/www.suno.com.br\/artigos\/rendimento-poupanca\/\">caderneta de <strong>poupan\u00e7a<\/strong><\/a>, alternativa principal utilizada pelo varejo como um todo, avan\u00e7ou 7,2% em dezembro de 2019 quando comparado ao mesmo per\u00edodo do ano anterior, para R$ 783,2 bilh\u00f5es.<\/p>\n<p>No mesmo per\u00edodo, os <a href=\"https:\/\/www.suno.com.br\/artigos\/fundos-de-investimentos\/\"><strong>fundos de investimento<\/strong><\/a> tamb\u00e9m ganharam um espa\u00e7o maior, com alta de 10%, para R$ 655,3 bilh\u00f5es. Os <a href=\"https:\/\/www.suno.com.br\/artigos\/valor-mobiliario\/\">t\u00edtulos e <strong>valores mobili\u00e1rios<\/strong><\/a> cresceram 2,6% e somaram R$ 517,7 bilh\u00f5es.<\/p>\n<h2>Investimentos por setor do varejo<\/h2>\n<p>No varejo de alta renda, as a\u00e7\u00f5es representavam 5,5% em 2018. No entanto, subiram para 7,2% no ano passado. Em contrapartida, os investimentos em renda fixa ca\u00edram de 35,9% para 33,4%.<\/p>\n<p><a href=\"https:\/\/www.suno.com.br\/noticias\/acoes-twitter-sobem-15-resultados-4t19\/\">Leia tamb\u00e9m: A\u00e7\u00f5es do Twitter sobem 15% ap\u00f3s resultados do 4T19<\/a><\/p>\n<p>No varejo tradicional, a poupan\u00e7a continuou com participa\u00e7\u00e3o majorit\u00e1ria, mesmo ao passar de 64,6% em 2018 para 68,2% no ano passado. Al\u00e9m disso,\u00a0os fundos de renda fixa ca\u00edram de 16,1% para 12,6%.<\/p>\n<p>J\u00e1 no segmento de private banking, os investimentos em fundos aumentaram 22,8% em dezembro do ano passado ante o mesmo per\u00edodo do ano anterior, a R$ 664,4 bilh\u00f5es. O avan\u00e7o das aplica\u00e7\u00f5es em a\u00e7\u00f5es foi de 52,1%, para R$ 223,6 bilh\u00f5es. J\u00e1 os investimentos em <a href=\"https:\/\/www.suno.com.br\/artigos\/investimento-renda-fixa\/\">renda fixa<\/a> apresentaram o menor crescimento, de somente 0,7%, somando R$ 275,8 bilh\u00f5es. A previd\u00eancia aberta subiu para 20,5% e somou R$ 138,3 bilh\u00f5es.<\/p>\n<h2>Mercado de investimentos deve avan\u00e7ar em 2020<\/h2>\n<p>De acordo com o presidente do f\u00f3rum de distribui\u00e7\u00e3o da Anbima, J\u00f3se Ramos Rocha Neto, o patrim\u00f4nio l\u00edquido do varejo e do private banking dever\u00e1 continuar avan\u00e7ando neste ano. A alta dever\u00e1 ser impulsionada pelo aumento da participa\u00e7\u00e3o e valoriza\u00e7\u00e3o de a\u00e7\u00f5es nas carteiras.<\/p>\n\t<p>\n\t\t<a href=\"https:\/\/lp.suno.com.br\/minicurso-contabilidade\/\" target=\"_blank\" data-element=\"shortcode-suno-banner\" title=\"Banner SUNO, clique e saiba mais\">\n\t\t\t<picture>\n\t\t\t\t<source media=\"(max-width: 500px)\" srcset=\"https:\/\/files.sunoresearch.com.br\/n\/uploads\/2023\/03\/400x300-Minicurso-Contabilidade.png\">\n\t\t\t\t<img class=\"newsContent__article__imgCapa newsContent__article__imgCapa--banner\"\n\t\t\t\t\tsrc=\"https:\/\/files.sunoresearch.com.br\/n\/uploads\/2023\/03\/1420x240-Minicurso-Contabilidade.png\"\n\t\t\t\t\tdata-promo-id=\"383158\"\t\t\t\t\t\t\t\t\t\twidth='1420' height='240'\t\t\t\t\talt=\"https:\/\/files.sunoresearch.com.br\/n\/uploads\/2023\/03\/1420x240-Minicurso-Contabilidade.png\"\n\t\t\t\t>\n\t\t\t<\/picture>\n\t\t<\/a>\n\t<\/p>\n\n\n<p>Rocha Neto salientou, no entanto, que o cen\u00e1rio externo pode trazer riscos para o ambiente econ\u00f4mico otimista no Brasil.<\/p>\n<p>\u201cO que se percebe \u00e9 que todos os indicadores apontam para um PIB superior ao do ano passado e, naturalmente, isso significa mais dinheiro para a economia, fazendo com que um peda\u00e7o dos recursos venha para o mundo dos investimentos. Provavelmente, o destaque deve ser a renda vari\u00e1vel. H\u00e1 indica\u00e7\u00f5es que o Ibovespa at\u00e9 o fim do ano tenha um crescimento robusto&#8221; afirmou o presidente sobre os investimentos do <strong>varejo<\/strong> e private banking em 2020.<\/p>\n\n","protected":false},"excerpt":{"rendered":"<p>O patrim\u00f4nio l\u00edquido dos segmentos de varejo e private banking cresceu 12,05% no ano passado e chegou a R$ 3,263 trilh\u00f5es. Os dados foram divulgados nesta quinta-feira (6) pela Associa\u00e7\u00e3o Brasileira das Entidades dos Mercados Financeiro e de Capitais (Anbima). Veja as small caps que mais valorizaram em junho De acordo com a associa\u00e7\u00e3o, o [&hellip;]<\/p>\n","protected":false},"author":18,"featured_media":4683,"comment_status":"closed","ping_status":"closed","sticky":false,"template":"","format":"standard","meta":[],"categories":[62],"tags":[1544,803],"suno_strategy":[],"class_list":["post-52236","post","type-post","status-publish","format-standard","has-post-thumbnail","hentry","category-economia","tag-anbima","tag-varejo"],"yoast_head":"<!-- This site is optimized with the Yoast SEO plugin v24.4 - https:\/\/yoast.com\/wordpress\/plugins\/seo\/ -->\n<title>Varejo e private banking avan\u00e7am 12,05% em 2019, diz Anbima<\/title>\n<meta name=\"description\" content=\"Os volumes de vendas do varejo e de private banking cresceram 12,05% no ano passado e chegaram a R$ 3,263 trilh\u00f5es. Clique para saber mais.\" \/>\n<meta name=\"robots\" content=\"index, follow, max-snippet:-1, max-image-preview:large, max-video-preview:-1\" \/>\n<link rel=\"canonical\" href=\"https:\/\/www.suno.com.br\/noticias\/varejo-private-banking-avancam-2019-anbima\/\" \/>\n<meta property=\"og:locale\" content=\"pt_BR\" \/>\n<meta property=\"og:type\" content=\"article\" \/>\n<meta property=\"og:title\" content=\"Varejo e private banking avan\u00e7am 12,05% em 2019, diz Anbima\" \/>\n<meta property=\"og:description\" content=\"Os volumes de vendas do varejo e de private banking cresceram 12,05% no ano passado e chegaram a R$ 3,263 trilh\u00f5es. Clique para saber mais.\" \/>\n<meta property=\"og:url\" content=\"https:\/\/www.suno.com.br\/noticias\/varejo-private-banking-avancam-2019-anbima\/\" \/>\n<meta property=\"og:site_name\" content=\"Suno Not\u00edcias\" \/>\n<meta property=\"article:publisher\" content=\"https:\/\/facebook.com\/sunoresearch\" \/>\n<meta property=\"og:image\" content=\"https:\/\/files.sunoresearch.com.br\/n\/uploads\/2018\/10\/1215868e-ibovespa-1.jpg\" \/>\n\t<meta property=\"og:image:width\" content=\"1920\" \/>\n\t<meta property=\"og:image:height\" content=\"1357\" \/>\n\t<meta property=\"og:image:type\" content=\"image\/jpeg\" \/>\n<meta name=\"author\" content=\"Giovanna Oliveira\" \/>\n<meta name=\"twitter:card\" content=\"summary_large_image\" \/>\n<meta name=\"twitter:creator\" content=\"@sunoresearch\" \/>\n<meta name=\"twitter:site\" content=\"@sunoresearch\" \/>\n<meta name=\"twitter:label1\" content=\"Escrito por\" \/>\n\t<meta name=\"twitter:data1\" content=\"Giovanna Oliveira\" \/>\n\t<meta name=\"twitter:label2\" content=\"Est. tempo de leitura\" \/>\n\t<meta name=\"twitter:data2\" content=\"2 minutos\" \/>\n<script type=\"application\/ld+json\" class=\"yoast-schema-graph\">{\"@context\":\"https:\/\/schema.org\",\"@graph\":[{\"@type\":\"NewsArticle\",\"@id\":\"https:\/\/www.suno.com.br\/noticias\/varejo-private-banking-avancam-2019-anbima\/#article\",\"isPartOf\":{\"@id\":\"https:\/\/www.suno.com.br\/noticias\/varejo-private-banking-avancam-2019-anbima\/\"},\"author\":{\"name\":\"Giovanna Oliveira\",\"@id\":\"https:\/\/www.suno.com.br\/noticias\/#\/schema\/person\/4e19e3d2575736e5283d58eb3199d120\"},\"headline\":\"Varejo e private banking avan\u00e7am 12,05% em 2019, diz Anbima\",\"datePublished\":\"2020-02-06T18:35:04+00:00\",\"mainEntityOfPage\":{\"@id\":\"https:\/\/www.suno.com.br\/noticias\/varejo-private-banking-avancam-2019-anbima\/\"},\"wordCount\":485,\"publisher\":{\"@id\":\"https:\/\/www.suno.com.br\/noticias\/#organization\"},\"image\":{\"@id\":\"https:\/\/www.suno.com.br\/noticias\/varejo-private-banking-avancam-2019-anbima\/#primaryimage\"},\"thumbnailUrl\":\"https:\/\/files.sunoresearch.com.br\/n\/uploads\/2018\/10\/1215868e-ibovespa-1-jpg.webp\",\"keywords\":[\"Anbima\",\"varejo\"],\"articleSection\":[\"Economia\"],\"inLanguage\":\"pt-BR\"},{\"@type\":\"WebPage\",\"@id\":\"https:\/\/www.suno.com.br\/noticias\/varejo-private-banking-avancam-2019-anbima\/\",\"url\":\"https:\/\/www.suno.com.br\/noticias\/varejo-private-banking-avancam-2019-anbima\/\",\"name\":\"Varejo e private banking avan\u00e7am 12,05% em 2019, diz Anbima\",\"isPartOf\":{\"@id\":\"https:\/\/www.suno.com.br\/noticias\/#website\"},\"primaryImageOfPage\":{\"@id\":\"https:\/\/www.suno.com.br\/noticias\/varejo-private-banking-avancam-2019-anbima\/#primaryimage\"},\"image\":{\"@id\":\"https:\/\/www.suno.com.br\/noticias\/varejo-private-banking-avancam-2019-anbima\/#primaryimage\"},\"thumbnailUrl\":\"https:\/\/files.sunoresearch.com.br\/n\/uploads\/2018\/10\/1215868e-ibovespa-1-jpg.webp\",\"datePublished\":\"2020-02-06T18:35:04+00:00\",\"description\":\"Os volumes de vendas do varejo e de private banking cresceram 12,05% no ano passado e chegaram a R$ 3,263 trilh\u00f5es. Clique para saber mais.\",\"breadcrumb\":{\"@id\":\"https:\/\/www.suno.com.br\/noticias\/varejo-private-banking-avancam-2019-anbima\/#breadcrumb\"},\"inLanguage\":\"pt-BR\",\"potentialAction\":[{\"@type\":\"ReadAction\",\"target\":[\"https:\/\/www.suno.com.br\/noticias\/varejo-private-banking-avancam-2019-anbima\/\"]}]},{\"@type\":\"ImageObject\",\"inLanguage\":\"pt-BR\",\"@id\":\"https:\/\/www.suno.com.br\/noticias\/varejo-private-banking-avancam-2019-anbima\/#primaryimage\",\"url\":\"https:\/\/files.sunoresearch.com.br\/n\/uploads\/2018\/10\/1215868e-ibovespa-1-jpg.webp\",\"contentUrl\":\"https:\/\/files.sunoresearch.com.br\/n\/uploads\/2018\/10\/1215868e-ibovespa-1-jpg.webp\",\"width\":1920,\"height\":1357,\"caption\":\"Veja as small caps que mais valorizaram em junho\"},{\"@type\":\"BreadcrumbList\",\"@id\":\"https:\/\/www.suno.com.br\/noticias\/varejo-private-banking-avancam-2019-anbima\/#breadcrumb\",\"itemListElement\":[{\"@type\":\"ListItem\",\"position\":1,\"name\":\"Not\u00edcias\",\"item\":\"https:\/\/www.suno.com.br\/noticias\/\"},{\"@type\":\"ListItem\",\"position\":2,\"name\":\"Economia\",\"item\":\"https:\/\/www.suno.com.br\/noticias\/economia\/\"},{\"@type\":\"ListItem\",\"position\":3,\"name\":\"Varejo e private banking avan\u00e7am 12,05% em 2019, diz Anbima\"}]},{\"@type\":\"WebSite\",\"@id\":\"https:\/\/www.suno.com.br\/noticias\/#website\",\"url\":\"https:\/\/www.suno.com.br\/noticias\/\",\"name\":\"Suno Not\u00edcias\",\"description\":\"Seu portal de informa\u00e7\u00e3o sobre o mundo dos investimentos\",\"publisher\":{\"@id\":\"https:\/\/www.suno.com.br\/noticias\/#organization\"},\"potentialAction\":[{\"@type\":\"SearchAction\",\"target\":{\"@type\":\"EntryPoint\",\"urlTemplate\":\"https:\/\/www.suno.com.br\/noticias\/?s={search_term_string}\"},\"query-input\":{\"@type\":\"PropertyValueSpecification\",\"valueRequired\":true,\"valueName\":\"search_term_string\"}}],\"inLanguage\":\"pt-BR\"},{\"@type\":\"Organization\",\"@id\":\"https:\/\/www.suno.com.br\/noticias\/#organization\",\"name\":\"Suno Not\u00edcias\",\"url\":\"https:\/\/www.suno.com.br\/noticias\/\",\"logo\":{\"@type\":\"ImageObject\",\"inLanguage\":\"pt-BR\",\"@id\":\"https:\/\/www.suno.com.br\/noticias\/#\/schema\/logo\/image\/\",\"url\":\"https:\/\/files.sunoresearch.com.br\/n\/uploads\/2021\/09\/suno-logo.png\",\"contentUrl\":\"https:\/\/files.sunoresearch.com.br\/n\/uploads\/2021\/09\/suno-logo.png\",\"width\":180,\"height\":180,\"caption\":\"Suno Not\u00edcias\"},\"image\":{\"@id\":\"https:\/\/www.suno.com.br\/noticias\/#\/schema\/logo\/image\/\"},\"sameAs\":[\"https:\/\/facebook.com\/sunoresearch\",\"https:\/\/x.com\/sunoresearch\",\"https:\/\/www.instagram.com\/suno\",\"https:\/\/www.linkedin.com\/company\/suno-research\/\",\"https:\/\/www.youtube.com\/c\/sunoresearch\"]},{\"@type\":\"Person\",\"@id\":\"https:\/\/www.suno.com.br\/noticias\/#\/schema\/person\/4e19e3d2575736e5283d58eb3199d120\",\"name\":\"Giovanna Oliveira\",\"image\":{\"@type\":\"ImageObject\",\"inLanguage\":\"pt-BR\",\"@id\":\"https:\/\/www.suno.com.br\/noticias\/#\/schema\/person\/image\/\",\"url\":\"https:\/\/secure.gravatar.com\/avatar\/9a37b3ae208962ac568992d0ffdbc2eb?s=96&r=g\",\"contentUrl\":\"https:\/\/secure.gravatar.com\/avatar\/9a37b3ae208962ac568992d0ffdbc2eb?s=96&r=g\",\"caption\":\"Giovanna Oliveira\"},\"description\":\"Giovanna Oliveira escreve sobre economia e pol\u00edtica. Foi rep\u00f3rter do portal de jornalismo da ESPM-SP e produziu conte\u00fado para a Corinthians TV. \u00c9 estudante da ESPM.\",\"url\":\"https:\/\/www.suno.com.br\/noticias\/author\/giovanna\/\"}]}<\/script>\n<!-- \/ Yoast SEO plugin. -->","yoast_head_json":{"title":"Varejo e private banking avan\u00e7am 12,05% em 2019, diz Anbima","description":"Os volumes de vendas do varejo e de private banking cresceram 12,05% no ano passado e chegaram a R$ 3,263 trilh\u00f5es. Clique para saber mais.","robots":{"index":"index","follow":"follow","max-snippet":"max-snippet:-1","max-image-preview":"max-image-preview:large","max-video-preview":"max-video-preview:-1"},"canonical":"https:\/\/www.suno.com.br\/noticias\/varejo-private-banking-avancam-2019-anbima\/","og_locale":"pt_BR","og_type":"article","og_title":"Varejo e private banking avan\u00e7am 12,05% em 2019, diz Anbima","og_description":"Os volumes de vendas do varejo e de private banking cresceram 12,05% no ano passado e chegaram a R$ 3,263 trilh\u00f5es. Clique para saber mais.","og_url":"https:\/\/www.suno.com.br\/noticias\/varejo-private-banking-avancam-2019-anbima\/","og_site_name":"Suno Not\u00edcias","article_publisher":"https:\/\/facebook.com\/sunoresearch","og_image":[{"width":1920,"height":1357,"url":"https:\/\/files.sunoresearch.com.br\/n\/uploads\/2018\/10\/1215868e-ibovespa-1.jpg","type":"image\/jpeg"}],"author":"Giovanna Oliveira","twitter_card":"summary_large_image","twitter_creator":"@sunoresearch","twitter_site":"@sunoresearch","twitter_misc":{"Escrito por":"Giovanna Oliveira","Est. tempo de leitura":"2 minutos"},"schema":{"@context":"https:\/\/schema.org","@graph":[{"@type":"NewsArticle","@id":"https:\/\/www.suno.com.br\/noticias\/varejo-private-banking-avancam-2019-anbima\/#article","isPartOf":{"@id":"https:\/\/www.suno.com.br\/noticias\/varejo-private-banking-avancam-2019-anbima\/"},"author":{"name":"Giovanna Oliveira","@id":"https:\/\/www.suno.com.br\/noticias\/#\/schema\/person\/4e19e3d2575736e5283d58eb3199d120"},"headline":"Varejo e private banking avan\u00e7am 12,05% em 2019, diz Anbima","datePublished":"2020-02-06T18:35:04+00:00","mainEntityOfPage":{"@id":"https:\/\/www.suno.com.br\/noticias\/varejo-private-banking-avancam-2019-anbima\/"},"wordCount":485,"publisher":{"@id":"https:\/\/www.suno.com.br\/noticias\/#organization"},"image":{"@id":"https:\/\/www.suno.com.br\/noticias\/varejo-private-banking-avancam-2019-anbima\/#primaryimage"},"thumbnailUrl":"https:\/\/files.sunoresearch.com.br\/n\/uploads\/2018\/10\/1215868e-ibovespa-1-jpg.webp","keywords":["Anbima","varejo"],"articleSection":["Economia"],"inLanguage":"pt-BR"},{"@type":"WebPage","@id":"https:\/\/www.suno.com.br\/noticias\/varejo-private-banking-avancam-2019-anbima\/","url":"https:\/\/www.suno.com.br\/noticias\/varejo-private-banking-avancam-2019-anbima\/","name":"Varejo e private banking avan\u00e7am 12,05% em 2019, diz Anbima","isPartOf":{"@id":"https:\/\/www.suno.com.br\/noticias\/#website"},"primaryImageOfPage":{"@id":"https:\/\/www.suno.com.br\/noticias\/varejo-private-banking-avancam-2019-anbima\/#primaryimage"},"image":{"@id":"https:\/\/www.suno.com.br\/noticias\/varejo-private-banking-avancam-2019-anbima\/#primaryimage"},"thumbnailUrl":"https:\/\/files.sunoresearch.com.br\/n\/uploads\/2018\/10\/1215868e-ibovespa-1-jpg.webp","datePublished":"2020-02-06T18:35:04+00:00","description":"Os volumes de vendas do varejo e de private banking cresceram 12,05% no ano passado e chegaram a R$ 3,263 trilh\u00f5es. Clique para saber mais.","breadcrumb":{"@id":"https:\/\/www.suno.com.br\/noticias\/varejo-private-banking-avancam-2019-anbima\/#breadcrumb"},"inLanguage":"pt-BR","potentialAction":[{"@type":"ReadAction","target":["https:\/\/www.suno.com.br\/noticias\/varejo-private-banking-avancam-2019-anbima\/"]}]},{"@type":"ImageObject","inLanguage":"pt-BR","@id":"https:\/\/www.suno.com.br\/noticias\/varejo-private-banking-avancam-2019-anbima\/#primaryimage","url":"https:\/\/files.sunoresearch.com.br\/n\/uploads\/2018\/10\/1215868e-ibovespa-1-jpg.webp","contentUrl":"https:\/\/files.sunoresearch.com.br\/n\/uploads\/2018\/10\/1215868e-ibovespa-1-jpg.webp","width":1920,"height":1357,"caption":"Veja as small caps que mais valorizaram em junho"},{"@type":"BreadcrumbList","@id":"https:\/\/www.suno.com.br\/noticias\/varejo-private-banking-avancam-2019-anbima\/#breadcrumb","itemListElement":[{"@type":"ListItem","position":1,"name":"Not\u00edcias","item":"https:\/\/www.suno.com.br\/noticias\/"},{"@type":"ListItem","position":2,"name":"Economia","item":"https:\/\/www.suno.com.br\/noticias\/economia\/"},{"@type":"ListItem","position":3,"name":"Varejo e private banking avan\u00e7am 12,05% em 2019, diz Anbima"}]},{"@type":"WebSite","@id":"https:\/\/www.suno.com.br\/noticias\/#website","url":"https:\/\/www.suno.com.br\/noticias\/","name":"Suno Not\u00edcias","description":"Seu portal de informa\u00e7\u00e3o sobre o mundo dos investimentos","publisher":{"@id":"https:\/\/www.suno.com.br\/noticias\/#organization"},"potentialAction":[{"@type":"SearchAction","target":{"@type":"EntryPoint","urlTemplate":"https:\/\/www.suno.com.br\/noticias\/?s={search_term_string}"},"query-input":{"@type":"PropertyValueSpecification","valueRequired":true,"valueName":"search_term_string"}}],"inLanguage":"pt-BR"},{"@type":"Organization","@id":"https:\/\/www.suno.com.br\/noticias\/#organization","name":"Suno Not\u00edcias","url":"https:\/\/www.suno.com.br\/noticias\/","logo":{"@type":"ImageObject","inLanguage":"pt-BR","@id":"https:\/\/www.suno.com.br\/noticias\/#\/schema\/logo\/image\/","url":"https:\/\/files.sunoresearch.com.br\/n\/uploads\/2021\/09\/suno-logo.png","contentUrl":"https:\/\/files.sunoresearch.com.br\/n\/uploads\/2021\/09\/suno-logo.png","width":180,"height":180,"caption":"Suno Not\u00edcias"},"image":{"@id":"https:\/\/www.suno.com.br\/noticias\/#\/schema\/logo\/image\/"},"sameAs":["https:\/\/facebook.com\/sunoresearch","https:\/\/x.com\/sunoresearch","https:\/\/www.instagram.com\/suno","https:\/\/www.linkedin.com\/company\/suno-research\/","https:\/\/www.youtube.com\/c\/sunoresearch"]},{"@type":"Person","@id":"https:\/\/www.suno.com.br\/noticias\/#\/schema\/person\/4e19e3d2575736e5283d58eb3199d120","name":"Giovanna Oliveira","image":{"@type":"ImageObject","inLanguage":"pt-BR","@id":"https:\/\/www.suno.com.br\/noticias\/#\/schema\/person\/image\/","url":"https:\/\/secure.gravatar.com\/avatar\/9a37b3ae208962ac568992d0ffdbc2eb?s=96&r=g","contentUrl":"https:\/\/secure.gravatar.com\/avatar\/9a37b3ae208962ac568992d0ffdbc2eb?s=96&r=g","caption":"Giovanna Oliveira"},"description":"Giovanna Oliveira escreve sobre economia e pol\u00edtica. Foi rep\u00f3rter do portal de jornalismo da ESPM-SP e produziu conte\u00fado para a Corinthians TV. \u00c9 estudante da ESPM.","url":"https:\/\/www.suno.com.br\/noticias\/author\/giovanna\/"}]}},"default_loop_html":"<div class=\"cardsPage__listCard__boxs\"><div class=\"cardsPage__listCard__boxs__img\"><a href=\"https:\/\/www.suno.com.br\/noticias\/varejo-private-banking-avancam-2019-anbima\/\"><img class=\"mask\" src=\"https:\/\/www.suno.com.br\/noticias\/wp-content\/themes\/suno\/resources\/images\/spotlight\/spotlight1img\/bg-mask.png\" alt=\"Image Mask\"\/><img src=\"https:\/\/files.sunoresearch.com.br\/n\/uploads\/2018\/10\/1215868e-ibovespa-1-400x200.webp\" alt=\"Varejo e private banking avan\u00e7am 12,05% em 2019, diz Anbima\"\/><\/a><span class=\"spotlightCategory\"><a href=\"https:\/\/www.suno.com.br\/noticias\/economia\/\">Economia<\/a><\/span><\/div><div class=\"cardsPage__listCard__boxs__content\"><a href=\"https:\/\/www.suno.com.br\/noticias\/varejo-private-banking-avancam-2019-anbima\/\"><h2 class=\"content__title\">Varejo e private banking avan\u00e7am 12,05% em 2019, diz Anbima<\/h2><\/a><div class=\"newsContent__article__meta\"><div class=\"newsContent__article__meta__authorBox\"><a href=\"https:\/\/www.suno.com.br\/noticias\/author\/giovanna\/\" class=\"authorBox__avatar noMobi\"><img src=\"https:\/\/files.sunoresearch.com.br\/n\/uploads\/2019\/06\/952a89ca-screenshot_20190608-171507-150x150.webp\" alt=\"Giovanna Oliveira\"><\/a><div class=\"authorBox__name\"><span>por\n\t\t\t<a href=\"https:\/\/www.suno.com.br\/noticias\/author\/giovanna\/\"><span itemprop=\"author\">Giovanna Oliveira<\/span><\/a><\/span><time datetime=\"2020-02-06T16:35:04-03:00\" itemprop=\"datePublished\">06\/02\/2020 16:35<\/time><\/div><\/div><\/div><\/div><\/div>","single_layout":"posts","amp_enabled":true,"_links":{"self":[{"href":"https:\/\/www.suno.com.br\/noticias\/wp-json\/wp\/v2\/posts\/52236"}],"collection":[{"href":"https:\/\/www.suno.com.br\/noticias\/wp-json\/wp\/v2\/posts"}],"about":[{"href":"https:\/\/www.suno.com.br\/noticias\/wp-json\/wp\/v2\/types\/post"}],"author":[{"embeddable":true,"href":"https:\/\/www.suno.com.br\/noticias\/wp-json\/wp\/v2\/users\/18"}],"replies":[{"embeddable":true,"href":"https:\/\/www.suno.com.br\/noticias\/wp-json\/wp\/v2\/comments?post=52236"}],"version-history":[{"count":0,"href":"https:\/\/www.suno.com.br\/noticias\/wp-json\/wp\/v2\/posts\/52236\/revisions"}],"wp:featuredmedia":[{"embeddable":true,"href":"https:\/\/www.suno.com.br\/noticias\/wp-json\/wp\/v2\/media\/4683"}],"wp:attachment":[{"href":"https:\/\/www.suno.com.br\/noticias\/wp-json\/wp\/v2\/media?parent=52236"}],"wp:term":[{"taxonomy":"category","embeddable":true,"href":"https:\/\/www.suno.com.br\/noticias\/wp-json\/wp\/v2\/categories?post=52236"},{"taxonomy":"post_tag","embeddable":true,"href":"https:\/\/www.suno.com.br\/noticias\/wp-json\/wp\/v2\/tags?post=52236"},{"taxonomy":"suno_strategy","embeddable":true,"href":"https:\/\/www.suno.com.br\/noticias\/wp-json\/wp\/v2\/suno_strategy?post=52236"}],"curies":[{"name":"wp","href":"https:\/\/api.w.org\/{rel}","templated":true}]}}