{"id":522356,"date":"2024-02-09T20:53:02","date_gmt":"2024-02-09T23:53:02","guid":{"rendered":"https:\/\/www.suno.com.br\/noticias\/?p=522356"},"modified":"2024-02-09T23:01:20","modified_gmt":"2024-02-10T02:01:20","slug":"acoes-itausa-itsa4-itsa3-melhor-semana-09-02-24-jvj","status":"publish","type":"post","link":"https:\/\/www.suno.com.br\/noticias\/acoes-itausa-itsa4-itsa3-melhor-semana-09-02-24-jvj\/","title":{"rendered":"A\u00e7\u00f5es da Ita\u00fasa (ITSA4) t\u00eam melhor semana na Bolsa de Valores em quase 3 meses. O que aconteceu?"},"content":{"rendered":"<p>As <a class=\"suno-keyword\" data-force=\"no\" data-priority=\"1\" href=\"https:\/\/www.suno.com.br\/artigos\/acoes-preferenciais\/\" target=\"_blank\" rel=\"noopener\">a\u00e7\u00f5es preferenciais<\/a> da <a class=\"suno-keyword\" data-force=\"yes\" data-priority=\"2\" href=\"https:\/\/www.suno.com.br\/acoes\/ITSA4\/\" target=\"_blank\" rel=\"noopener\"><strong>Ita\u00fasa<\/strong> (ITSA4)<\/a> encerraram a sess\u00e3o de hoje (9) no Ibovespa em alta de 0,39%, cotadas a R$ 10,37.<\/p>\t<div class=\"wrapper-featured-image\">\n\t\t<figure class=\"spotlightImg\">\n\n\t\t\t<picture>\n\t\t\t\t<source media=\"(max-width: 768px)\" srcset=\"https:\/\/files.sunoresearch.com.br\/n\/uploads\/2022\/03\/itausa-divulgacao-400x200.jpg\">\n\t\t\t\t<img loading=\"lazy\" decoding=\"async\" class=\"newsContent__article__imgCapa lazyloadDisabled \" src=\"https:\/\/files.sunoresearch.com.br\/n\/uploads\/2022\/03\/itausa-divulgacao-800x450.jpg\" width=\"800\" height=\"450\" alt=\"A\u00e7\u00f5es da Ita\u00fasa (ITSA4) t\u00eam melhor semana na Bolsa de Valores em quase 3 meses. O que aconteceu?\" fetchpriority=high \/>\n\t\t\t<\/picture>\n\n\t\t\t<figcaption class=\"wp-caption-text wp-caption-text--show\">Ita\u00fasa (ITSA4). Foto: Divulga\u00e7\u00e3o<\/figcaption>\n\t\t<\/figure>\n\t<\/div>\n\n\n\n\n\n\t<p>\n\t\t<a href=\"https:\/\/lp.suno.com.br\/ebook-como-analisar-uma-acao\/\" target=\"_blank\" data-element=\"shortcode-suno-banner\" title=\"Banner SUNO, clique e saiba mais\">\n\t\t\t<picture>\n\t\t\t\t<source media=\"(max-width: 500px)\" srcset=\"https:\/\/files.sunoresearch.com.br\/n\/uploads\/2023\/12\/Ebook-Acoes-Mobile.jpg\">\n\t\t\t\t<img class=\"newsContent__article__imgCapa newsContent__article__imgCapa--banner\"\n\t\t\t\t\tsrc=\"https:\/\/files.sunoresearch.com.br\/n\/uploads\/2023\/12\/Ebook-Acoes-Desktop.webp\"\n\t\t\t\t\tdata-promo-id=\"311260\"\t\t\t\t\t\t\t\t\t\twidth='1420' height='286'\t\t\t\t\talt=\"https:\/\/files.sunoresearch.com.br\/n\/uploads\/2023\/12\/Ebook-Acoes-Desktop.webp\"\n\t\t\t\t>\n\t\t\t<\/picture>\n\t\t<\/a>\n\t<\/p>\n\n\n\n\n\n<p>Com a boa performance do dia 6 de fevereiro de 2024, quando as <strong>a\u00e7\u00f5es da Ita\u00fasa<\/strong> avan\u00e7aram 3,94%, o desempenho da semana foi positivo em 3,91% \u2013 o que representa a maior alta semanal desde a iniciada em 13 de novembro de 2023, ou seja, em quase 3 meses.<\/p>\n\n\n\n<p>Com isso, as <strong>a\u00e7\u00f5es ITSA4<\/strong> interrompem uma sequ\u00eancia de 5 semanas consecutivas de queda. O desempenho acumulado em fevereiro \u00e9 positivo em 3,70% at\u00e9 o momento. Em janeiro, a cota\u00e7\u00e3o dos pap\u00e9is caiu 3,57%.<\/p>\n\n\n\n\t<div data-element=\"shortcode-read-more\" class=\"readToo\">\n\t\t\t\t<span class=\"readToo__title\">Leia mais<\/span>\n\t\t\t\t<ul class=\"readToo__list\">\n\t\t\t<li><a href=\"https:\/\/www.suno.com.br\/noticias\/petrobras-petr4-dividendos-jcp-3t23-lt\/\">Petrobras (PETR4) ajusta valores de dividendos e JCP; veja data de pagamento<\/a><\/li><li><a href=\"https:\/\/www.suno.com.br\/noticias\/ibovespa-semana-casas-bahia-bhia3-alta-bradesco-bbdc4-queda-jvj\/\">Ibovespa cai, mas avan\u00e7a 0,66% na semana; Banco do Brasil (BBAS3) recua ap\u00f3s balan\u00e7o do 4T23 e Casas Bahia (BHIA3) sobe<\/a><\/li><li><a href=\"https:\/\/www.suno.com.br\/noticias\/totvs-tots3-analistas-recomendam-compra-va\/\">Totvs (TOTS3): com &#8216;resultado abaixo do esperado&#8217; no 4T23, a\u00e7\u00f5es lideram quedas no Ibovespa. Qual a recomenda\u00e7\u00e3o dos analistas?<\/a><\/li>\t\t<\/ul>\n\t<\/div>\n\n\n\n\n<p>As <a class=\"suno-keyword\" target=\"_blank\" data-force=\"no\" data-priority=\"1\" href=\"https:\/\/www.suno.com.br\/artigos\/o-que-sao-acoes-ordinarias-preferenciais-e-units\/\" rel=\"noopener\">a\u00e7\u00f5es ordin\u00e1rias<\/a> da Ita\u00fasa tiveram um desempenho ainda melhor na sess\u00e3o de hoje (9), com uma valoriza\u00e7\u00e3o de 1,16%. Na semana, esses pap\u00e9is tiveram ganho de 3,68%, a R$ 10,43.<\/p>\n\n\n\n<p>No m\u00eas de fevereiro, as <strong>a\u00e7\u00f5es ITSA3<\/strong> avan\u00e7am 4,51% at\u00e9 o momento. No m\u00eas anterior, elas tinham recuado 3,48%.<\/p>\n\n\n\n<h2 class=\"wp-block-heading\"><a><\/a>O que aconteceu com a Ita\u00fasa nesta semana?<\/h2>\n\n\n\n<p>Em semana sem grandes novidades para a Ita\u00fasa, o preg\u00e3o que mais colaborou para esse desempenho semanal foi o do dia 6 de fevereiro, quando o <strong>Ibovespa<\/strong> tamb\u00e9m fechou em alta, com apoio de a\u00e7\u00f5es com maior peso no \u00edndice, como os bancos.<\/p>\n\n\n\n<p>No cen\u00e1rio macroecon\u00f4mico, esse dia foi de divulga\u00e7\u00e3o da nova ata do Copom, do Banco Central, ap\u00f3s o comit\u00ea realizar um corte de 0,5 p.p. na taxa Selic, que agora \u00e9 de 11,25% ao ano.<\/p>\n\n\n\n<p>A ata do Copom trouxe novas sinaliza\u00e7\u00f5es de que cortes de 0,5 p.p. podem continuar sendo realizados nas reuni\u00f5es seguintes do comit\u00ea do <strong>Banco Central<\/strong>.<\/p>\n\n\n\n<p>Ainda ontem (8), a Ita\u00fasa informou que conseguiu atingir novamente a classifica\u00e7\u00e3o A- no CDP, que \u00e9 considerado o n\u00edvel mais elevado concedido pela institui\u00e7\u00e3o para a Ita\u00fasa na categoria de \u201cMudan\u00e7as Clim\u00e1ticas\u201d.<\/p>\n\n\n\n<p>A Ita\u00fasa diz em comunicado que essa classifica\u00e7\u00e3o coloca a companhia em um \u201cseleto grupo de empresas globais reconhecidas pela lideran\u00e7a na transi\u00e7\u00e3o para uma economia de baixo carbono\u201d.<\/p>\n\n\n\n<p>O CDP \u00e9 uma entidade de relev\u00e2ncia internacional. Analisa o que tem sido feito pelas companhias espalhadas pelo mundo em rela\u00e7\u00e3o \u00e0 gest\u00e3o dos impactos de suas atividades no meio ambiente.<\/p>\n\n\n\n<p>Nesse caso, a Ita\u00fasa diz que reporta as suas a\u00e7\u00f5es em rela\u00e7\u00e3o \u00e0s mudan\u00e7as clim\u00e1ticas desde o ano de 2011.<\/p>\n\n\n\n<p>\u201cEsse reconhecimento reflete o compromisso da <strong>Ita\u00fasa<\/strong> com a conduta \u00e9tica nos neg\u00f3cios, a transpar\u00eancia, a conformidade, a <a class=\"suno-keyword\" target=\"_blank\" data-force=\"no\" data-priority=\"2\" href=\"https:\/\/www.suno.com.br\/artigos\/responsabilidade-social\/\" rel=\"noopener\">responsabilidade social<\/a>, cultural e ambiental\u201d, conclui o comunicado.<\/p>\n\n\n\t<p>\n\t\t<a href=\"https:\/\/lp2.suno.com.br\/cl\/black-friday-2025\/?utm_campaign=_SNCDF0E4858_\" target=\"_blank\" data-element=\"shortcode-suno-banner\" title=\"Banner SUNO, clique e saiba mais\">\n\t\t\t<picture>\n\t\t\t\t<source media=\"(max-width: 500px)\" srcset=\"https:\/\/files.sunoresearch.com.br\/n\/uploads\/2025\/10\/Artigos-e-Noticias-Banner-Home-artigos-01-Mobile_-400x300-1-png.webp\">\n\t\t\t\t<img class=\"newsContent__article__imgCapa newsContent__article__imgCapa--banner\"\n\t\t\t\t\tsrc=\"https:\/\/files.sunoresearch.com.br\/n\/uploads\/2025\/10\/Artigos-e-Noticias-Banner-Home-artigos-01-Desktop_-1420x240-1-png.webp\"\n\t\t\t\t\tdata-promo-id=\"311259\"\t\t\t\t\t\t\t\t\t\twidth='1420' height='240'\t\t\t\t\talt=\"https:\/\/files.sunoresearch.com.br\/n\/uploads\/2025\/10\/Artigos-e-Noticias-Banner-Home-artigos-01-Desktop_-1420x240-1-png.webp\"\n\t\t\t\t>\n\t\t\t<\/picture>\n\t\t<\/a>\n\t<\/p>\n\n\n","protected":false},"excerpt":{"rendered":"<p>As a\u00e7\u00f5es preferenciais da Ita\u00fasa (ITSA4) encerraram a sess\u00e3o de hoje (9) no Ibovespa em alta de 0,39%, cotadas a R$ 10,37. Ita\u00fasa (ITSA4). Foto: Divulga\u00e7\u00e3o Com a boa performance do dia 6 de fevereiro de 2024, quando as a\u00e7\u00f5es da Ita\u00fasa avan\u00e7aram 3,94%, o desempenho da semana foi positivo em 3,91% \u2013 o que [&hellip;]<\/p>\n","protected":false},"author":173,"featured_media":244608,"comment_status":"closed","ping_status":"closed","sticky":false,"template":"","format":"standard","meta":[],"categories":[64],"tags":[286,721,517],"suno_strategy":[],"class_list":["post-522356","post","type-post","status-publish","format-standard","has-post-thumbnail","hentry","category-negocios","tag-acoes","tag-ibovespa","tag-itausa-itsa3-itsa4"],"yoast_head":"<!-- This site is optimized with the Yoast SEO plugin v24.4 - https:\/\/yoast.com\/wordpress\/plugins\/seo\/ -->\n<title>Ita\u00fasa (ITSA4) tem melhor semana no Ibovespa em 3 meses<\/title>\n<meta name=\"description\" content=\"As a\u00e7\u00f5es da Ita\u00fasa (ITSA4) tiveram o seu melhor desempenho semanal na Bolsa de Valores em quase 3 meses. Veja o que aconteceu nesta semana.\" \/>\n<meta name=\"robots\" content=\"index, follow, max-snippet:-1, max-image-preview:large, max-video-preview:-1\" \/>\n<link rel=\"canonical\" href=\"https:\/\/www.suno.com.br\/noticias\/acoes-itausa-itsa4-itsa3-melhor-semana-09-02-24-jvj\/\" \/>\n<meta property=\"og:locale\" content=\"pt_BR\" \/>\n<meta property=\"og:type\" content=\"article\" \/>\n<meta property=\"og:title\" content=\"Ita\u00fasa (ITSA4) tem melhor semana no Ibovespa em 3 meses\" \/>\n<meta property=\"og:description\" content=\"As a\u00e7\u00f5es da Ita\u00fasa (ITSA4) tiveram o seu melhor desempenho semanal na Bolsa de Valores em quase 3 meses. Veja o que aconteceu nesta semana.\" \/>\n<meta property=\"og:url\" content=\"https:\/\/www.suno.com.br\/noticias\/acoes-itausa-itsa4-itsa3-melhor-semana-09-02-24-jvj\/\" \/>\n<meta property=\"og:site_name\" content=\"Suno Not\u00edcias\" \/>\n<meta property=\"article:publisher\" content=\"https:\/\/facebook.com\/sunoresearch\" \/>\n<meta property=\"og:image\" content=\"https:\/\/files.sunoresearch.com.br\/n\/uploads\/2022\/03\/itausa-divulgacao.jpg\" \/>\n\t<meta property=\"og:image:width\" content=\"1300\" \/>\n\t<meta property=\"og:image:height\" content=\"805\" \/>\n\t<meta property=\"og:image:type\" content=\"image\/jpeg\" \/>\n<meta name=\"author\" content=\"Jo\u00e3o Vitor\" \/>\n<meta name=\"twitter:card\" content=\"summary_large_image\" \/>\n<meta name=\"twitter:creator\" content=\"@sunoresearch\" \/>\n<meta name=\"twitter:site\" content=\"@sunoresearch\" \/>\n<meta name=\"twitter:label1\" content=\"Escrito por\" \/>\n\t<meta name=\"twitter:data1\" content=\"Jo\u00e3o Vitor\" \/>\n\t<meta name=\"twitter:label2\" content=\"Est. tempo de leitura\" \/>\n\t<meta name=\"twitter:data2\" content=\"3 minutos\" \/>\n<script type=\"application\/ld+json\" class=\"yoast-schema-graph\">{\"@context\":\"https:\/\/schema.org\",\"@graph\":[{\"@type\":\"NewsArticle\",\"@id\":\"https:\/\/www.suno.com.br\/noticias\/acoes-itausa-itsa4-itsa3-melhor-semana-09-02-24-jvj\/#article\",\"isPartOf\":{\"@id\":\"https:\/\/www.suno.com.br\/noticias\/acoes-itausa-itsa4-itsa3-melhor-semana-09-02-24-jvj\/\"},\"author\":{\"name\":\"Jo\u00e3o Vitor\",\"@id\":\"https:\/\/www.suno.com.br\/noticias\/#\/schema\/person\/87fc6973867c52dd884811905c43afba\"},\"headline\":\"A\u00e7\u00f5es da Ita\u00fasa (ITSA4) t\u00eam melhor semana na Bolsa de Valores em quase 3 meses. O que aconteceu?\",\"datePublished\":\"2024-02-09T23:53:02+00:00\",\"dateModified\":\"2024-02-10T02:01:20+00:00\",\"mainEntityOfPage\":{\"@id\":\"https:\/\/www.suno.com.br\/noticias\/acoes-itausa-itsa4-itsa3-melhor-semana-09-02-24-jvj\/\"},\"wordCount\":455,\"publisher\":{\"@id\":\"https:\/\/www.suno.com.br\/noticias\/#organization\"},\"image\":{\"@id\":\"https:\/\/www.suno.com.br\/noticias\/acoes-itausa-itsa4-itsa3-melhor-semana-09-02-24-jvj\/#primaryimage\"},\"thumbnailUrl\":\"https:\/\/files.sunoresearch.com.br\/n\/uploads\/2022\/03\/itausa-divulgacao.jpg\",\"keywords\":[\"A\u00e7\u00f5es\",\"Ibovespa\",\"Ita\u00fasa (ITSA3\/ITSA4)\"],\"articleSection\":[\"Neg\u00f3cios\"],\"inLanguage\":\"pt-BR\"},{\"@type\":\"WebPage\",\"@id\":\"https:\/\/www.suno.com.br\/noticias\/acoes-itausa-itsa4-itsa3-melhor-semana-09-02-24-jvj\/\",\"url\":\"https:\/\/www.suno.com.br\/noticias\/acoes-itausa-itsa4-itsa3-melhor-semana-09-02-24-jvj\/\",\"name\":\"Ita\u00fasa (ITSA4) tem melhor semana no Ibovespa em 3 meses\",\"isPartOf\":{\"@id\":\"https:\/\/www.suno.com.br\/noticias\/#website\"},\"primaryImageOfPage\":{\"@id\":\"https:\/\/www.suno.com.br\/noticias\/acoes-itausa-itsa4-itsa3-melhor-semana-09-02-24-jvj\/#primaryimage\"},\"image\":{\"@id\":\"https:\/\/www.suno.com.br\/noticias\/acoes-itausa-itsa4-itsa3-melhor-semana-09-02-24-jvj\/#primaryimage\"},\"thumbnailUrl\":\"https:\/\/files.sunoresearch.com.br\/n\/uploads\/2022\/03\/itausa-divulgacao.jpg\",\"datePublished\":\"2024-02-09T23:53:02+00:00\",\"dateModified\":\"2024-02-10T02:01:20+00:00\",\"description\":\"As a\u00e7\u00f5es da Ita\u00fasa (ITSA4) tiveram o seu melhor desempenho semanal na Bolsa de Valores em quase 3 meses. Veja o que aconteceu nesta semana.\",\"breadcrumb\":{\"@id\":\"https:\/\/www.suno.com.br\/noticias\/acoes-itausa-itsa4-itsa3-melhor-semana-09-02-24-jvj\/#breadcrumb\"},\"inLanguage\":\"pt-BR\",\"potentialAction\":[{\"@type\":\"ReadAction\",\"target\":[\"https:\/\/www.suno.com.br\/noticias\/acoes-itausa-itsa4-itsa3-melhor-semana-09-02-24-jvj\/\"]}]},{\"@type\":\"ImageObject\",\"inLanguage\":\"pt-BR\",\"@id\":\"https:\/\/www.suno.com.br\/noticias\/acoes-itausa-itsa4-itsa3-melhor-semana-09-02-24-jvj\/#primaryimage\",\"url\":\"https:\/\/files.sunoresearch.com.br\/n\/uploads\/2022\/03\/itausa-divulgacao.jpg\",\"contentUrl\":\"https:\/\/files.sunoresearch.com.br\/n\/uploads\/2022\/03\/itausa-divulgacao.jpg\",\"width\":1300,\"height\":805,\"caption\":\"Ita\u00fasa (ITSA4). Foto: Divulga\u00e7\u00e3o\"},{\"@type\":\"BreadcrumbList\",\"@id\":\"https:\/\/www.suno.com.br\/noticias\/acoes-itausa-itsa4-itsa3-melhor-semana-09-02-24-jvj\/#breadcrumb\",\"itemListElement\":[{\"@type\":\"ListItem\",\"position\":1,\"name\":\"Not\u00edcias\",\"item\":\"https:\/\/www.suno.com.br\/noticias\/\"},{\"@type\":\"ListItem\",\"position\":2,\"name\":\"Neg\u00f3cios\",\"item\":\"https:\/\/www.suno.com.br\/noticias\/negocios\/\"},{\"@type\":\"ListItem\",\"position\":3,\"name\":\"A\u00e7\u00f5es da Ita\u00fasa (ITSA4) t\u00eam melhor semana na Bolsa de Valores em quase 3 meses. O que aconteceu?\"}]},{\"@type\":\"WebSite\",\"@id\":\"https:\/\/www.suno.com.br\/noticias\/#website\",\"url\":\"https:\/\/www.suno.com.br\/noticias\/\",\"name\":\"Suno Not\u00edcias\",\"description\":\"Seu portal de informa\u00e7\u00e3o sobre o mundo dos investimentos\",\"publisher\":{\"@id\":\"https:\/\/www.suno.com.br\/noticias\/#organization\"},\"potentialAction\":[{\"@type\":\"SearchAction\",\"target\":{\"@type\":\"EntryPoint\",\"urlTemplate\":\"https:\/\/www.suno.com.br\/noticias\/?s={search_term_string}\"},\"query-input\":{\"@type\":\"PropertyValueSpecification\",\"valueRequired\":true,\"valueName\":\"search_term_string\"}}],\"inLanguage\":\"pt-BR\"},{\"@type\":\"Organization\",\"@id\":\"https:\/\/www.suno.com.br\/noticias\/#organization\",\"name\":\"Suno Not\u00edcias\",\"url\":\"https:\/\/www.suno.com.br\/noticias\/\",\"logo\":{\"@type\":\"ImageObject\",\"inLanguage\":\"pt-BR\",\"@id\":\"https:\/\/www.suno.com.br\/noticias\/#\/schema\/logo\/image\/\",\"url\":\"https:\/\/files.sunoresearch.com.br\/n\/uploads\/2021\/09\/suno-logo.png\",\"contentUrl\":\"https:\/\/files.sunoresearch.com.br\/n\/uploads\/2021\/09\/suno-logo.png\",\"width\":180,\"height\":180,\"caption\":\"Suno Not\u00edcias\"},\"image\":{\"@id\":\"https:\/\/www.suno.com.br\/noticias\/#\/schema\/logo\/image\/\"},\"sameAs\":[\"https:\/\/facebook.com\/sunoresearch\",\"https:\/\/x.com\/sunoresearch\",\"https:\/\/www.instagram.com\/suno\",\"https:\/\/www.linkedin.com\/company\/suno-research\/\",\"https:\/\/www.youtube.com\/c\/sunoresearch\"]},{\"@type\":\"Person\",\"@id\":\"https:\/\/www.suno.com.br\/noticias\/#\/schema\/person\/87fc6973867c52dd884811905c43afba\",\"name\":\"Jo\u00e3o Vitor\",\"image\":{\"@type\":\"ImageObject\",\"inLanguage\":\"pt-BR\",\"@id\":\"https:\/\/www.suno.com.br\/noticias\/#\/schema\/person\/image\/\",\"url\":\"https:\/\/secure.gravatar.com\/avatar\/2843227ca03ccf8cc7ccca45204c127e?s=96&r=g\",\"contentUrl\":\"https:\/\/secure.gravatar.com\/avatar\/2843227ca03ccf8cc7ccca45204c127e?s=96&r=g\",\"caption\":\"Jo\u00e3o Vitor\"},\"description\":\"Redator profissional, com atua\u00e7\u00e3o no mercado editorial na produ\u00e7\u00e3o de not\u00edcias e conte\u00fados sobre o mercado de a\u00e7\u00f5es, fundos imobili\u00e1rios e economia popular. Graduando em Engenharia Qu\u00edmica pela Unesp, tamb\u00e9m j\u00e1 atuou como consultor financeiro.\",\"url\":\"https:\/\/www.suno.com.br\/noticias\/author\/joao-vitor-jacintho\/\"}]}<\/script>\n<!-- \/ Yoast SEO plugin. -->","yoast_head_json":{"title":"Ita\u00fasa (ITSA4) tem melhor semana no Ibovespa em 3 meses","description":"As a\u00e7\u00f5es da Ita\u00fasa (ITSA4) tiveram o seu melhor desempenho semanal na Bolsa de Valores em quase 3 meses. Veja o que aconteceu nesta semana.","robots":{"index":"index","follow":"follow","max-snippet":"max-snippet:-1","max-image-preview":"max-image-preview:large","max-video-preview":"max-video-preview:-1"},"canonical":"https:\/\/www.suno.com.br\/noticias\/acoes-itausa-itsa4-itsa3-melhor-semana-09-02-24-jvj\/","og_locale":"pt_BR","og_type":"article","og_title":"Ita\u00fasa (ITSA4) tem melhor semana no Ibovespa em 3 meses","og_description":"As a\u00e7\u00f5es da Ita\u00fasa (ITSA4) tiveram o seu melhor desempenho semanal na Bolsa de Valores em quase 3 meses. Veja o que aconteceu nesta semana.","og_url":"https:\/\/www.suno.com.br\/noticias\/acoes-itausa-itsa4-itsa3-melhor-semana-09-02-24-jvj\/","og_site_name":"Suno Not\u00edcias","article_publisher":"https:\/\/facebook.com\/sunoresearch","og_image":[{"width":1300,"height":805,"url":"https:\/\/files.sunoresearch.com.br\/n\/uploads\/2022\/03\/itausa-divulgacao.jpg","type":"image\/jpeg"}],"author":"Jo\u00e3o Vitor","twitter_card":"summary_large_image","twitter_creator":"@sunoresearch","twitter_site":"@sunoresearch","twitter_misc":{"Escrito por":"Jo\u00e3o Vitor","Est. tempo de leitura":"3 minutos"},"schema":{"@context":"https:\/\/schema.org","@graph":[{"@type":"NewsArticle","@id":"https:\/\/www.suno.com.br\/noticias\/acoes-itausa-itsa4-itsa3-melhor-semana-09-02-24-jvj\/#article","isPartOf":{"@id":"https:\/\/www.suno.com.br\/noticias\/acoes-itausa-itsa4-itsa3-melhor-semana-09-02-24-jvj\/"},"author":{"name":"Jo\u00e3o Vitor","@id":"https:\/\/www.suno.com.br\/noticias\/#\/schema\/person\/87fc6973867c52dd884811905c43afba"},"headline":"A\u00e7\u00f5es da Ita\u00fasa (ITSA4) t\u00eam melhor semana na Bolsa de Valores em quase 3 meses. O que aconteceu?","datePublished":"2024-02-09T23:53:02+00:00","dateModified":"2024-02-10T02:01:20+00:00","mainEntityOfPage":{"@id":"https:\/\/www.suno.com.br\/noticias\/acoes-itausa-itsa4-itsa3-melhor-semana-09-02-24-jvj\/"},"wordCount":455,"publisher":{"@id":"https:\/\/www.suno.com.br\/noticias\/#organization"},"image":{"@id":"https:\/\/www.suno.com.br\/noticias\/acoes-itausa-itsa4-itsa3-melhor-semana-09-02-24-jvj\/#primaryimage"},"thumbnailUrl":"https:\/\/files.sunoresearch.com.br\/n\/uploads\/2022\/03\/itausa-divulgacao.jpg","keywords":["A\u00e7\u00f5es","Ibovespa","Ita\u00fasa (ITSA3\/ITSA4)"],"articleSection":["Neg\u00f3cios"],"inLanguage":"pt-BR"},{"@type":"WebPage","@id":"https:\/\/www.suno.com.br\/noticias\/acoes-itausa-itsa4-itsa3-melhor-semana-09-02-24-jvj\/","url":"https:\/\/www.suno.com.br\/noticias\/acoes-itausa-itsa4-itsa3-melhor-semana-09-02-24-jvj\/","name":"Ita\u00fasa (ITSA4) tem melhor semana no Ibovespa em 3 meses","isPartOf":{"@id":"https:\/\/www.suno.com.br\/noticias\/#website"},"primaryImageOfPage":{"@id":"https:\/\/www.suno.com.br\/noticias\/acoes-itausa-itsa4-itsa3-melhor-semana-09-02-24-jvj\/#primaryimage"},"image":{"@id":"https:\/\/www.suno.com.br\/noticias\/acoes-itausa-itsa4-itsa3-melhor-semana-09-02-24-jvj\/#primaryimage"},"thumbnailUrl":"https:\/\/files.sunoresearch.com.br\/n\/uploads\/2022\/03\/itausa-divulgacao.jpg","datePublished":"2024-02-09T23:53:02+00:00","dateModified":"2024-02-10T02:01:20+00:00","description":"As a\u00e7\u00f5es da Ita\u00fasa (ITSA4) tiveram o seu melhor desempenho semanal na Bolsa de Valores em quase 3 meses. Veja o que aconteceu nesta semana.","breadcrumb":{"@id":"https:\/\/www.suno.com.br\/noticias\/acoes-itausa-itsa4-itsa3-melhor-semana-09-02-24-jvj\/#breadcrumb"},"inLanguage":"pt-BR","potentialAction":[{"@type":"ReadAction","target":["https:\/\/www.suno.com.br\/noticias\/acoes-itausa-itsa4-itsa3-melhor-semana-09-02-24-jvj\/"]}]},{"@type":"ImageObject","inLanguage":"pt-BR","@id":"https:\/\/www.suno.com.br\/noticias\/acoes-itausa-itsa4-itsa3-melhor-semana-09-02-24-jvj\/#primaryimage","url":"https:\/\/files.sunoresearch.com.br\/n\/uploads\/2022\/03\/itausa-divulgacao.jpg","contentUrl":"https:\/\/files.sunoresearch.com.br\/n\/uploads\/2022\/03\/itausa-divulgacao.jpg","width":1300,"height":805,"caption":"Ita\u00fasa (ITSA4). Foto: Divulga\u00e7\u00e3o"},{"@type":"BreadcrumbList","@id":"https:\/\/www.suno.com.br\/noticias\/acoes-itausa-itsa4-itsa3-melhor-semana-09-02-24-jvj\/#breadcrumb","itemListElement":[{"@type":"ListItem","position":1,"name":"Not\u00edcias","item":"https:\/\/www.suno.com.br\/noticias\/"},{"@type":"ListItem","position":2,"name":"Neg\u00f3cios","item":"https:\/\/www.suno.com.br\/noticias\/negocios\/"},{"@type":"ListItem","position":3,"name":"A\u00e7\u00f5es da Ita\u00fasa (ITSA4) t\u00eam melhor semana na Bolsa de Valores em quase 3 meses. O que aconteceu?"}]},{"@type":"WebSite","@id":"https:\/\/www.suno.com.br\/noticias\/#website","url":"https:\/\/www.suno.com.br\/noticias\/","name":"Suno Not\u00edcias","description":"Seu portal de informa\u00e7\u00e3o sobre o mundo dos investimentos","publisher":{"@id":"https:\/\/www.suno.com.br\/noticias\/#organization"},"potentialAction":[{"@type":"SearchAction","target":{"@type":"EntryPoint","urlTemplate":"https:\/\/www.suno.com.br\/noticias\/?s={search_term_string}"},"query-input":{"@type":"PropertyValueSpecification","valueRequired":true,"valueName":"search_term_string"}}],"inLanguage":"pt-BR"},{"@type":"Organization","@id":"https:\/\/www.suno.com.br\/noticias\/#organization","name":"Suno Not\u00edcias","url":"https:\/\/www.suno.com.br\/noticias\/","logo":{"@type":"ImageObject","inLanguage":"pt-BR","@id":"https:\/\/www.suno.com.br\/noticias\/#\/schema\/logo\/image\/","url":"https:\/\/files.sunoresearch.com.br\/n\/uploads\/2021\/09\/suno-logo.png","contentUrl":"https:\/\/files.sunoresearch.com.br\/n\/uploads\/2021\/09\/suno-logo.png","width":180,"height":180,"caption":"Suno Not\u00edcias"},"image":{"@id":"https:\/\/www.suno.com.br\/noticias\/#\/schema\/logo\/image\/"},"sameAs":["https:\/\/facebook.com\/sunoresearch","https:\/\/x.com\/sunoresearch","https:\/\/www.instagram.com\/suno","https:\/\/www.linkedin.com\/company\/suno-research\/","https:\/\/www.youtube.com\/c\/sunoresearch"]},{"@type":"Person","@id":"https:\/\/www.suno.com.br\/noticias\/#\/schema\/person\/87fc6973867c52dd884811905c43afba","name":"Jo\u00e3o Vitor","image":{"@type":"ImageObject","inLanguage":"pt-BR","@id":"https:\/\/www.suno.com.br\/noticias\/#\/schema\/person\/image\/","url":"https:\/\/secure.gravatar.com\/avatar\/2843227ca03ccf8cc7ccca45204c127e?s=96&r=g","contentUrl":"https:\/\/secure.gravatar.com\/avatar\/2843227ca03ccf8cc7ccca45204c127e?s=96&r=g","caption":"Jo\u00e3o Vitor"},"description":"Redator profissional, com atua\u00e7\u00e3o no mercado editorial na produ\u00e7\u00e3o de not\u00edcias e conte\u00fados sobre o mercado de a\u00e7\u00f5es, fundos imobili\u00e1rios e economia popular. Graduando em Engenharia Qu\u00edmica pela Unesp, tamb\u00e9m j\u00e1 atuou como consultor financeiro.","url":"https:\/\/www.suno.com.br\/noticias\/author\/joao-vitor-jacintho\/"}]}},"default_loop_html":"<div class=\"cardsPage__listCard__boxs\"><div class=\"cardsPage__listCard__boxs__img\"><a href=\"https:\/\/www.suno.com.br\/noticias\/acoes-itausa-itsa4-itsa3-melhor-semana-09-02-24-jvj\/\"><img class=\"mask\" src=\"https:\/\/www.suno.com.br\/noticias\/wp-content\/themes\/suno\/resources\/images\/spotlight\/spotlight1img\/bg-mask.png\" alt=\"Image Mask\"\/><img src=\"https:\/\/files.sunoresearch.com.br\/n\/uploads\/2022\/03\/itausa-divulgacao-400x200.jpg\" alt=\"A\u00e7\u00f5es da Ita\u00fasa (ITSA4) t\u00eam melhor semana na Bolsa de Valores em quase 3 meses. O que aconteceu?\"\/><\/a><span class=\"spotlightCategory\"><a href=\"https:\/\/www.suno.com.br\/noticias\/negocios\/\">Neg\u00f3cios<\/a><\/span><\/div><div class=\"cardsPage__listCard__boxs__content\"><a href=\"https:\/\/www.suno.com.br\/noticias\/acoes-itausa-itsa4-itsa3-melhor-semana-09-02-24-jvj\/\"><h2 class=\"content__title\">A\u00e7\u00f5es da Ita\u00fasa (ITSA4) t\u00eam melhor semana na Bolsa de Valores em quase 3 meses. O que aconteceu?<\/h2><\/a><div class=\"newsContent__article__meta\"><div class=\"newsContent__article__meta__authorBox\"><a href=\"https:\/\/www.suno.com.br\/noticias\/author\/vini08correiagmail-com\/\" class=\"authorBox__avatar noMobi\"><img src=\"https:\/\/files.sunoresearch.com.br\/n\/uploads\/2026\/04\/WhatsApp-Image-2026-04-20-at-19.35.48-150x150.webp\" alt=\"Vin\u00edcius Alves\"><\/a><div class=\"authorBox__name\"><span>por\n\t\t\t<a href=\"https:\/\/www.suno.com.br\/noticias\/author\/vini08correiagmail-com\/\"><span itemprop=\"author\">Vin\u00edcius Alves<\/span><\/a><\/span><time datetime=\"2024-02-09T20:53:02-03:00\" itemprop=\"datePublished\">09\/02\/2024 20:53<\/time><\/div><\/div><\/div><\/div><\/div>","single_layout":"posts","amp_enabled":true,"_links":{"self":[{"href":"https:\/\/www.suno.com.br\/noticias\/wp-json\/wp\/v2\/posts\/522356"}],"collection":[{"href":"https:\/\/www.suno.com.br\/noticias\/wp-json\/wp\/v2\/posts"}],"about":[{"href":"https:\/\/www.suno.com.br\/noticias\/wp-json\/wp\/v2\/types\/post"}],"author":[{"embeddable":true,"href":"https:\/\/www.suno.com.br\/noticias\/wp-json\/wp\/v2\/users\/173"}],"replies":[{"embeddable":true,"href":"https:\/\/www.suno.com.br\/noticias\/wp-json\/wp\/v2\/comments?post=522356"}],"version-history":[{"count":2,"href":"https:\/\/www.suno.com.br\/noticias\/wp-json\/wp\/v2\/posts\/522356\/revisions"}],"predecessor-version":[{"id":522403,"href":"https:\/\/www.suno.com.br\/noticias\/wp-json\/wp\/v2\/posts\/522356\/revisions\/522403"}],"wp:featuredmedia":[{"embeddable":true,"href":"https:\/\/www.suno.com.br\/noticias\/wp-json\/wp\/v2\/media\/244608"}],"wp:attachment":[{"href":"https:\/\/www.suno.com.br\/noticias\/wp-json\/wp\/v2\/media?parent=522356"}],"wp:term":[{"taxonomy":"category","embeddable":true,"href":"https:\/\/www.suno.com.br\/noticias\/wp-json\/wp\/v2\/categories?post=522356"},{"taxonomy":"post_tag","embeddable":true,"href":"https:\/\/www.suno.com.br\/noticias\/wp-json\/wp\/v2\/tags?post=522356"},{"taxonomy":"suno_strategy","embeddable":true,"href":"https:\/\/www.suno.com.br\/noticias\/wp-json\/wp\/v2\/suno_strategy?post=522356"}],"curies":[{"name":"wp","href":"https:\/\/api.w.org\/{rel}","templated":true}]}}