{"id":522319,"date":"2024-02-09T19:32:24","date_gmt":"2024-02-09T22:32:24","guid":{"rendered":"https:\/\/www.suno.com.br\/noticias\/?p=522319"},"modified":"2024-02-09T19:32:29","modified_gmt":"2024-02-09T22:32:29","slug":"prio-prio3-debentures-emissao-divida-lt","status":"publish","type":"post","link":"https:\/\/www.suno.com.br\/noticias\/prio-prio3-debentures-emissao-divida-lt\/","title":{"rendered":"Prio (PRIO3) anuncia emiss\u00e3o de R$ 2 bilh\u00f5es em deb\u00eantures"},"content":{"rendered":"<p>A <strong>Prio<\/strong> (PRIO3) anunciou a emiss\u00e3o de R$ 2 bilh\u00f5es em deb\u00eantures, divididas em duas s\u00e9ries, a primeira s\u00e9rie no valor de R$ 800 milh\u00f5es e a segunda de R$ 1,2 bilh\u00e3o.<\/p>\t<div class=\"wrapper-featured-image\">\n\t\t<figure class=\"spotlightImg\">\n\n\t\t\t<picture>\n\t\t\t\t<source media=\"(max-width: 768px)\" srcset=\"https:\/\/files.sunoresearch.com.br\/n\/uploads\/2019\/10\/8789c131-petrorio-400x200.webp\">\n\t\t\t\t<img loading=\"lazy\" decoding=\"async\" class=\"newsContent__article__imgCapa lazyloadDisabled \" src=\"https:\/\/files.sunoresearch.com.br\/n\/uploads\/2019\/10\/8789c131-petrorio-800x450.webp\" width=\"800\" height=\"450\" alt=\"Prio (PRIO3) anuncia emiss\u00e3o de R$ 2 bilh\u00f5es em deb\u00eantures\" fetchpriority=high \/>\n\t\t\t<\/picture>\n\n\t\t\t<figcaption class=\"wp-caption-text wp-caption-text--show\">PetroRio (PRIO3) conclui 3\u00aa fase da revitaliza\u00e7\u00e3o do Campo de Polvo<\/figcaption>\n\t\t<\/figure>\n\t<\/div>\n\n\n\n\n\n\t<p>\n\t\t<a href=\"https:\/\/lp.suno.com.br\/planilha-da-vida-financeira\/\" target=\"_blank\" data-element=\"shortcode-suno-banner\" title=\"Banner SUNO, clique e saiba mais\">\n\t\t\t<picture>\n\t\t\t\t<source media=\"(max-width: 500px)\" srcset=\"https:\/\/files.sunoresearch.com.br\/n\/uploads\/2023\/04\/400x300-Planilha-vida-financeira-true.png\">\n\t\t\t\t<img class=\"newsContent__article__imgCapa newsContent__article__imgCapa--banner\"\n\t\t\t\t\tsrc=\"https:\/\/files.sunoresearch.com.br\/n\/uploads\/2023\/04\/1420x240-Planilha-vida-financeira-true.png\"\n\t\t\t\t\tdata-promo-id=\"383123\"\t\t\t\t\t\t\t\t\t\twidth='1420' height='240'\t\t\t\t\talt=\"https:\/\/files.sunoresearch.com.br\/n\/uploads\/2023\/04\/1420x240-Planilha-vida-financeira-true.png\"\n\t\t\t\t>\n\t\t\t<\/picture>\n\t\t<\/a>\n\t<\/p>\n\n\n\n\n\n<p>De acordo com comunicado enviado ao mercado nesta sexta-feira (9), a companhia informou que os recursos das <strong>deb\u00eantures da Prio<\/strong> ser\u00e3o utilizados para reembolso de gastos, despesas e ou d\u00edvidas relacionadas ao projeto de \u00f3leo enquadrado pelo Minist\u00e9rio de Minas e Energia (MME) como priorit\u00e1rio.<\/p>\n\n\n\n<p>Em rela\u00e7\u00e3o \u00e0 remunera\u00e7\u00e3o dos <strong>t\u00edtulos da Prio<\/strong>, as deb\u00eantures<strong> <\/strong>da primeira s\u00e9rie ter\u00e3o <a class=\"suno-keyword\" data-force=\"no\" data-priority=\"1\" href=\"https:\/\/www.suno.com.br\/artigos\/juros-prefixados\/\" target=\"_blank\" rel=\"noopener\">juros prefixados<\/a> de 11,1155% ao ano, com vencimento de cinco anos. J\u00e1 as deb\u00eantures da segunda s\u00e9rie ter\u00e3o remunera\u00e7\u00e3o de <a class=\"suno-keyword\" target=\"_blank\" data-force=\"no\" data-priority=\"1\" href=\"https:\/\/www.suno.com.br\/artigos\/juros-prefixados\/\" rel=\"noopener\">juros prefixados<\/a> de 6,4662% ao ano, com vencimento de 10 anos.<\/p>\n\n\n\n<p>Al\u00e9m disso, a Prio contratou swaps com o objetivo de dolarizar a emiss\u00e3o. Dessa forma, a iniciativa ter\u00e1 um custo m\u00e9dio dolarizado de 6,14% ao ano e dura\u00e7\u00e3o aproximada de 5,9 anos. &nbsp;<\/p>\n\n\n\t<p>\n\t\t<a href=\"https:\/\/lp.suno.com.br\/ebook-como-analisar-uma-acao\/\" target=\"_blank\" data-element=\"shortcode-suno-banner\" title=\"Banner SUNO, clique e saiba mais\">\n\t\t\t<picture>\n\t\t\t\t<source media=\"(max-width: 500px)\" srcset=\"https:\/\/files.sunoresearch.com.br\/n\/uploads\/2023\/03\/Ebook-Acoes-Mobile.jpg\">\n\t\t\t\t<img class=\"newsContent__article__imgCapa newsContent__article__imgCapa--banner\"\n\t\t\t\t\tsrc=\"https:\/\/files.sunoresearch.com.br\/n\/uploads\/2023\/03\/Ebook-Acoes-Desktop.jpg\"\n\t\t\t\t\tdata-promo-id=\"378302\"\t\t\t\t\t\t\t\t\t\twidth='1420' height='286'\t\t\t\t\talt=\"https:\/\/files.sunoresearch.com.br\/n\/uploads\/2023\/03\/Ebook-Acoes-Desktop.jpg\"\n\t\t\t\t>\n\t\t\t<\/picture>\n\t\t<\/a>\n\t<\/p>\n\n\n\n\n\n<h2 class=\"wp-block-heading\">Prio quer fazer novos investimentos na casa dos bilh\u00f5es, diz CEO<\/h2>\n\n\n\n<p>A&nbsp;<strong>Prio<\/strong> est\u00e1 preparada para realizar novos investimentos na casa de bilh\u00e3o para a aquisi\u00e7\u00e3o de novos campos, segundo o presidente da companhia, Roberto Monteiro, durante o Latin America Investment Conference (LAIC) de 2024, organizado pelo UBS-BB, no final de janeiro.<\/p>\n\n\n\n<p>O coment\u00e1rio foi realizado em meio \u00e0 discuss\u00e3o sobre qual seria a perspectiva para os futuros&nbsp;<strong>investimentos da Prio<\/strong>.<\/p>\n\n\n\n<p>No evento, Monteiro comentou que, por um lado, a empresa vai continuar focada em po\u00e7os maduros. Contudo, n\u00e3o vai comprar ativos com potencial baixo.<\/p>\n\n\n\n<p>\u201cMetade do meu tempo eu dedico para buscar oportunidades de&nbsp;<a href=\"https:\/\/www.suno.com.br\/noticias\/tags\/fusoes-e-aquisicoes\/\" target=\"_blank\" rel=\"noreferrer noopener\"><strong>M&amp;A (fus\u00e3o e aquisi\u00e7\u00e3o)<\/strong><\/a>\u201c, afirmou o&nbsp;<strong><a href=\"https:\/\/www.suno.com.br\/artigos\/ceo\/\" target=\"_blank\" rel=\"noreferrer noopener\">CEO da Prio<\/a><\/strong>, mencionando futuros po\u00e7os.<\/p>\n\n\n\n<p>Um dos que est\u00e3o sob o radar de interesse da Prio est\u00e1 localizado no <strong>Golfo do M\u00e9xico<\/strong>, segundo Monteiro. \u201c\u00c9 uma jurisdi\u00e7\u00e3o que sempre nos despertou curiosidade\u201d, acrescentou.<\/p>\n\n\n\n<p>Por outro lado, o presidente da <strong>Prio<\/strong> mencionou que oportunidades na \u00c1frica, Argentina, Col\u00f4mbia e Equador est\u00e3o mais distantes no momento. \u201cN\u00e3o temos tamanho para isso\u201d.<\/p>\n\n\n\t<p>\n\t\t<a href=\"https:\/\/lp.suno.com.br\/planilha-da-vida-financeira\/\" target=\"_blank\" data-element=\"shortcode-suno-banner\" title=\"Banner SUNO, clique e saiba mais\">\n\t\t\t<picture>\n\t\t\t\t<source media=\"(max-width: 500px)\" srcset=\"https:\/\/files.sunoresearch.com.br\/n\/uploads\/2023\/04\/400x300-Planilha-vida-financeira-true.png\">\n\t\t\t\t<img class=\"newsContent__article__imgCapa newsContent__article__imgCapa--banner\"\n\t\t\t\t\tsrc=\"https:\/\/files.sunoresearch.com.br\/n\/uploads\/2023\/04\/1420x240-Planilha-vida-financeira-true.png\"\n\t\t\t\t\tdata-promo-id=\"106682\"\t\t\t\t\t\t\t\t\t\twidth='1420' height='240'\t\t\t\t\talt=\"https:\/\/files.sunoresearch.com.br\/n\/uploads\/2023\/04\/1420x240-Planilha-vida-financeira-true.png\"\n\t\t\t\t>\n\t\t\t<\/picture>\n\t\t<\/a>\n\t<\/p>\n\n\n","protected":false},"excerpt":{"rendered":"<p>A Prio (PRIO3) anunciou a emiss\u00e3o de R$ 2 bilh\u00f5es em deb\u00eantures, divididas em duas s\u00e9ries, a primeira s\u00e9rie no valor de R$ 800 milh\u00f5es e a segunda de R$ 1,2 bilh\u00e3o. PetroRio (PRIO3) conclui 3\u00aa fase da revitaliza\u00e7\u00e3o do Campo de Polvo De acordo com comunicado enviado ao mercado nesta sexta-feira (9), a companhia [&hellip;]<\/p>\n","protected":false},"author":340,"featured_media":40694,"comment_status":"closed","ping_status":"closed","sticky":false,"template":"","format":"standard","meta":[],"categories":[60],"tags":[1151,107114],"suno_strategy":[],"class_list":["post-522319","post","type-post","status-publish","format-standard","has-post-thumbnail","hentry","category-mercado","tag-debentures","tag-prio-prio3"],"yoast_head":"<!-- This site is optimized with the Yoast SEO plugin v24.4 - https:\/\/yoast.com\/wordpress\/plugins\/seo\/ -->\n<title>Prio (PRIO3) anuncia emiss\u00e3o de R$ 2 bilh\u00f5es em deb\u00eantures<\/title>\n<meta name=\"description\" content=\"A Prio anunciou a emiss\u00e3o de R$ 2 bilh\u00f5es em deb\u00eantures, dividida em duas s\u00e9ries, a primeira de R$ 800 milh\u00f5es e a segunda de R$ 1,2 bilh\u00e3o.\" \/>\n<meta name=\"robots\" content=\"index, follow, max-snippet:-1, max-image-preview:large, max-video-preview:-1\" \/>\n<link rel=\"canonical\" href=\"https:\/\/www.suno.com.br\/noticias\/prio-prio3-debentures-emissao-divida-lt\/\" \/>\n<meta property=\"og:locale\" content=\"pt_BR\" \/>\n<meta property=\"og:type\" content=\"article\" \/>\n<meta property=\"og:title\" content=\"Prio (PRIO3) anuncia emiss\u00e3o de R$ 2 bilh\u00f5es em deb\u00eantures\" \/>\n<meta property=\"og:description\" content=\"A Prio anunciou a emiss\u00e3o de R$ 2 bilh\u00f5es em deb\u00eantures, dividida em duas s\u00e9ries, a primeira de R$ 800 milh\u00f5es e a segunda de R$ 1,2 bilh\u00e3o.\" \/>\n<meta property=\"og:url\" content=\"https:\/\/www.suno.com.br\/noticias\/prio-prio3-debentures-emissao-divida-lt\/\" \/>\n<meta property=\"og:site_name\" content=\"Suno Not\u00edcias\" \/>\n<meta property=\"article:publisher\" content=\"https:\/\/facebook.com\/sunoresearch\" \/>\n<meta property=\"og:image\" content=\"https:\/\/files.sunoresearch.com.br\/n\/uploads\/2019\/10\/8789c131-petrorio-1024x681.jpg\" \/>\n\t<meta property=\"og:image:width\" content=\"1024\" \/>\n\t<meta property=\"og:image:height\" content=\"681\" \/>\n\t<meta property=\"og:image:type\" content=\"image\/jpeg\" \/>\n<meta name=\"author\" content=\"Leandro Tavares\" \/>\n<meta name=\"twitter:card\" content=\"summary_large_image\" \/>\n<meta name=\"twitter:creator\" content=\"@sunoresearch\" \/>\n<meta name=\"twitter:site\" content=\"@sunoresearch\" \/>\n<meta name=\"twitter:label1\" content=\"Escrito por\" \/>\n\t<meta name=\"twitter:data1\" content=\"Leandro Tavares\" \/>\n\t<meta name=\"twitter:label2\" content=\"Est. tempo de leitura\" \/>\n\t<meta name=\"twitter:data2\" content=\"2 minutos\" \/>\n<script type=\"application\/ld+json\" class=\"yoast-schema-graph\">{\"@context\":\"https:\/\/schema.org\",\"@graph\":[{\"@type\":\"NewsArticle\",\"@id\":\"https:\/\/www.suno.com.br\/noticias\/prio-prio3-debentures-emissao-divida-lt\/#article\",\"isPartOf\":{\"@id\":\"https:\/\/www.suno.com.br\/noticias\/prio-prio3-debentures-emissao-divida-lt\/\"},\"author\":{\"name\":\"Leandro Tavares\",\"@id\":\"https:\/\/www.suno.com.br\/noticias\/#\/schema\/person\/96b86313436a5af8c004989de27d4962\"},\"headline\":\"Prio (PRIO3) anuncia emiss\u00e3o de R$ 2 bilh\u00f5es em deb\u00eantures\",\"datePublished\":\"2024-02-09T22:32:24+00:00\",\"dateModified\":\"2024-02-09T22:32:29+00:00\",\"mainEntityOfPage\":{\"@id\":\"https:\/\/www.suno.com.br\/noticias\/prio-prio3-debentures-emissao-divida-lt\/\"},\"wordCount\":382,\"publisher\":{\"@id\":\"https:\/\/www.suno.com.br\/noticias\/#organization\"},\"image\":{\"@id\":\"https:\/\/www.suno.com.br\/noticias\/prio-prio3-debentures-emissao-divida-lt\/#primaryimage\"},\"thumbnailUrl\":\"https:\/\/files.sunoresearch.com.br\/n\/uploads\/2019\/10\/8789c131-petrorio-scaled.webp\",\"keywords\":[\"deb\u00eantures\",\"Prio (PRIO3)\"],\"articleSection\":[\"Mercado\"],\"inLanguage\":\"pt-BR\"},{\"@type\":\"WebPage\",\"@id\":\"https:\/\/www.suno.com.br\/noticias\/prio-prio3-debentures-emissao-divida-lt\/\",\"url\":\"https:\/\/www.suno.com.br\/noticias\/prio-prio3-debentures-emissao-divida-lt\/\",\"name\":\"Prio (PRIO3) anuncia emiss\u00e3o de R$ 2 bilh\u00f5es em deb\u00eantures\",\"isPartOf\":{\"@id\":\"https:\/\/www.suno.com.br\/noticias\/#website\"},\"primaryImageOfPage\":{\"@id\":\"https:\/\/www.suno.com.br\/noticias\/prio-prio3-debentures-emissao-divida-lt\/#primaryimage\"},\"image\":{\"@id\":\"https:\/\/www.suno.com.br\/noticias\/prio-prio3-debentures-emissao-divida-lt\/#primaryimage\"},\"thumbnailUrl\":\"https:\/\/files.sunoresearch.com.br\/n\/uploads\/2019\/10\/8789c131-petrorio-scaled.webp\",\"datePublished\":\"2024-02-09T22:32:24+00:00\",\"dateModified\":\"2024-02-09T22:32:29+00:00\",\"description\":\"A Prio anunciou a emiss\u00e3o de R$ 2 bilh\u00f5es em deb\u00eantures, dividida em duas s\u00e9ries, a primeira de R$ 800 milh\u00f5es e a segunda de R$ 1,2 bilh\u00e3o.\",\"breadcrumb\":{\"@id\":\"https:\/\/www.suno.com.br\/noticias\/prio-prio3-debentures-emissao-divida-lt\/#breadcrumb\"},\"inLanguage\":\"pt-BR\",\"potentialAction\":[{\"@type\":\"ReadAction\",\"target\":[\"https:\/\/www.suno.com.br\/noticias\/prio-prio3-debentures-emissao-divida-lt\/\"]}]},{\"@type\":\"ImageObject\",\"inLanguage\":\"pt-BR\",\"@id\":\"https:\/\/www.suno.com.br\/noticias\/prio-prio3-debentures-emissao-divida-lt\/#primaryimage\",\"url\":\"https:\/\/files.sunoresearch.com.br\/n\/uploads\/2019\/10\/8789c131-petrorio-scaled.webp\",\"contentUrl\":\"https:\/\/files.sunoresearch.com.br\/n\/uploads\/2019\/10\/8789c131-petrorio-scaled.webp\",\"width\":2560,\"height\":1702,\"caption\":\"PetroRio (PRIO3) conclui 3\u00aa fase da revitaliza\u00e7\u00e3o do Campo de Polvo\"},{\"@type\":\"BreadcrumbList\",\"@id\":\"https:\/\/www.suno.com.br\/noticias\/prio-prio3-debentures-emissao-divida-lt\/#breadcrumb\",\"itemListElement\":[{\"@type\":\"ListItem\",\"position\":1,\"name\":\"Not\u00edcias\",\"item\":\"https:\/\/www.suno.com.br\/noticias\/\"},{\"@type\":\"ListItem\",\"position\":2,\"name\":\"Mercado\",\"item\":\"https:\/\/www.suno.com.br\/noticias\/mercado\/\"},{\"@type\":\"ListItem\",\"position\":3,\"name\":\"Prio (PRIO3) anuncia emiss\u00e3o de R$ 2 bilh\u00f5es em deb\u00eantures\"}]},{\"@type\":\"WebSite\",\"@id\":\"https:\/\/www.suno.com.br\/noticias\/#website\",\"url\":\"https:\/\/www.suno.com.br\/noticias\/\",\"name\":\"Suno Not\u00edcias\",\"description\":\"Seu portal de informa\u00e7\u00e3o sobre o mundo dos investimentos\",\"publisher\":{\"@id\":\"https:\/\/www.suno.com.br\/noticias\/#organization\"},\"potentialAction\":[{\"@type\":\"SearchAction\",\"target\":{\"@type\":\"EntryPoint\",\"urlTemplate\":\"https:\/\/www.suno.com.br\/noticias\/?s={search_term_string}\"},\"query-input\":{\"@type\":\"PropertyValueSpecification\",\"valueRequired\":true,\"valueName\":\"search_term_string\"}}],\"inLanguage\":\"pt-BR\"},{\"@type\":\"Organization\",\"@id\":\"https:\/\/www.suno.com.br\/noticias\/#organization\",\"name\":\"Suno Not\u00edcias\",\"url\":\"https:\/\/www.suno.com.br\/noticias\/\",\"logo\":{\"@type\":\"ImageObject\",\"inLanguage\":\"pt-BR\",\"@id\":\"https:\/\/www.suno.com.br\/noticias\/#\/schema\/logo\/image\/\",\"url\":\"https:\/\/files.sunoresearch.com.br\/n\/uploads\/2021\/09\/suno-logo.png\",\"contentUrl\":\"https:\/\/files.sunoresearch.com.br\/n\/uploads\/2021\/09\/suno-logo.png\",\"width\":180,\"height\":180,\"caption\":\"Suno Not\u00edcias\"},\"image\":{\"@id\":\"https:\/\/www.suno.com.br\/noticias\/#\/schema\/logo\/image\/\"},\"sameAs\":[\"https:\/\/facebook.com\/sunoresearch\",\"https:\/\/x.com\/sunoresearch\",\"https:\/\/www.instagram.com\/suno\",\"https:\/\/www.linkedin.com\/company\/suno-research\/\",\"https:\/\/www.youtube.com\/c\/sunoresearch\"]},{\"@type\":\"Person\",\"@id\":\"https:\/\/www.suno.com.br\/noticias\/#\/schema\/person\/96b86313436a5af8c004989de27d4962\",\"name\":\"Leandro Tavares\",\"image\":{\"@type\":\"ImageObject\",\"inLanguage\":\"pt-BR\",\"@id\":\"https:\/\/www.suno.com.br\/noticias\/#\/schema\/person\/image\/\",\"url\":\"https:\/\/secure.gravatar.com\/avatar\/cef3014f9ca74cf54fb41dc01807a08b?s=96&r=g\",\"contentUrl\":\"https:\/\/secure.gravatar.com\/avatar\/cef3014f9ca74cf54fb41dc01807a08b?s=96&r=g\",\"caption\":\"Leandro Tavares\"},\"url\":\"https:\/\/www.suno.com.br\/noticias\/author\/leandro-sbtavaresgmail-com\/\"}]}<\/script>\n<!-- \/ Yoast SEO plugin. -->","yoast_head_json":{"title":"Prio (PRIO3) anuncia emiss\u00e3o de R$ 2 bilh\u00f5es em deb\u00eantures","description":"A Prio anunciou a emiss\u00e3o de R$ 2 bilh\u00f5es em deb\u00eantures, dividida em duas s\u00e9ries, a primeira de R$ 800 milh\u00f5es e a segunda de R$ 1,2 bilh\u00e3o.","robots":{"index":"index","follow":"follow","max-snippet":"max-snippet:-1","max-image-preview":"max-image-preview:large","max-video-preview":"max-video-preview:-1"},"canonical":"https:\/\/www.suno.com.br\/noticias\/prio-prio3-debentures-emissao-divida-lt\/","og_locale":"pt_BR","og_type":"article","og_title":"Prio (PRIO3) anuncia emiss\u00e3o de R$ 2 bilh\u00f5es em deb\u00eantures","og_description":"A Prio anunciou a emiss\u00e3o de R$ 2 bilh\u00f5es em deb\u00eantures, dividida em duas s\u00e9ries, a primeira de R$ 800 milh\u00f5es e a segunda de R$ 1,2 bilh\u00e3o.","og_url":"https:\/\/www.suno.com.br\/noticias\/prio-prio3-debentures-emissao-divida-lt\/","og_site_name":"Suno Not\u00edcias","article_publisher":"https:\/\/facebook.com\/sunoresearch","og_image":[{"width":1024,"height":681,"url":"https:\/\/files.sunoresearch.com.br\/n\/uploads\/2019\/10\/8789c131-petrorio-1024x681.jpg","type":"image\/jpeg"}],"author":"Leandro Tavares","twitter_card":"summary_large_image","twitter_creator":"@sunoresearch","twitter_site":"@sunoresearch","twitter_misc":{"Escrito por":"Leandro Tavares","Est. tempo de leitura":"2 minutos"},"schema":{"@context":"https:\/\/schema.org","@graph":[{"@type":"NewsArticle","@id":"https:\/\/www.suno.com.br\/noticias\/prio-prio3-debentures-emissao-divida-lt\/#article","isPartOf":{"@id":"https:\/\/www.suno.com.br\/noticias\/prio-prio3-debentures-emissao-divida-lt\/"},"author":{"name":"Leandro Tavares","@id":"https:\/\/www.suno.com.br\/noticias\/#\/schema\/person\/96b86313436a5af8c004989de27d4962"},"headline":"Prio (PRIO3) anuncia emiss\u00e3o de R$ 2 bilh\u00f5es em deb\u00eantures","datePublished":"2024-02-09T22:32:24+00:00","dateModified":"2024-02-09T22:32:29+00:00","mainEntityOfPage":{"@id":"https:\/\/www.suno.com.br\/noticias\/prio-prio3-debentures-emissao-divida-lt\/"},"wordCount":382,"publisher":{"@id":"https:\/\/www.suno.com.br\/noticias\/#organization"},"image":{"@id":"https:\/\/www.suno.com.br\/noticias\/prio-prio3-debentures-emissao-divida-lt\/#primaryimage"},"thumbnailUrl":"https:\/\/files.sunoresearch.com.br\/n\/uploads\/2019\/10\/8789c131-petrorio-scaled.webp","keywords":["deb\u00eantures","Prio (PRIO3)"],"articleSection":["Mercado"],"inLanguage":"pt-BR"},{"@type":"WebPage","@id":"https:\/\/www.suno.com.br\/noticias\/prio-prio3-debentures-emissao-divida-lt\/","url":"https:\/\/www.suno.com.br\/noticias\/prio-prio3-debentures-emissao-divida-lt\/","name":"Prio (PRIO3) anuncia emiss\u00e3o de R$ 2 bilh\u00f5es em deb\u00eantures","isPartOf":{"@id":"https:\/\/www.suno.com.br\/noticias\/#website"},"primaryImageOfPage":{"@id":"https:\/\/www.suno.com.br\/noticias\/prio-prio3-debentures-emissao-divida-lt\/#primaryimage"},"image":{"@id":"https:\/\/www.suno.com.br\/noticias\/prio-prio3-debentures-emissao-divida-lt\/#primaryimage"},"thumbnailUrl":"https:\/\/files.sunoresearch.com.br\/n\/uploads\/2019\/10\/8789c131-petrorio-scaled.webp","datePublished":"2024-02-09T22:32:24+00:00","dateModified":"2024-02-09T22:32:29+00:00","description":"A Prio anunciou a emiss\u00e3o de R$ 2 bilh\u00f5es em deb\u00eantures, dividida em duas s\u00e9ries, a primeira de R$ 800 milh\u00f5es e a segunda de R$ 1,2 bilh\u00e3o.","breadcrumb":{"@id":"https:\/\/www.suno.com.br\/noticias\/prio-prio3-debentures-emissao-divida-lt\/#breadcrumb"},"inLanguage":"pt-BR","potentialAction":[{"@type":"ReadAction","target":["https:\/\/www.suno.com.br\/noticias\/prio-prio3-debentures-emissao-divida-lt\/"]}]},{"@type":"ImageObject","inLanguage":"pt-BR","@id":"https:\/\/www.suno.com.br\/noticias\/prio-prio3-debentures-emissao-divida-lt\/#primaryimage","url":"https:\/\/files.sunoresearch.com.br\/n\/uploads\/2019\/10\/8789c131-petrorio-scaled.webp","contentUrl":"https:\/\/files.sunoresearch.com.br\/n\/uploads\/2019\/10\/8789c131-petrorio-scaled.webp","width":2560,"height":1702,"caption":"PetroRio (PRIO3) conclui 3\u00aa fase da revitaliza\u00e7\u00e3o do Campo de Polvo"},{"@type":"BreadcrumbList","@id":"https:\/\/www.suno.com.br\/noticias\/prio-prio3-debentures-emissao-divida-lt\/#breadcrumb","itemListElement":[{"@type":"ListItem","position":1,"name":"Not\u00edcias","item":"https:\/\/www.suno.com.br\/noticias\/"},{"@type":"ListItem","position":2,"name":"Mercado","item":"https:\/\/www.suno.com.br\/noticias\/mercado\/"},{"@type":"ListItem","position":3,"name":"Prio (PRIO3) anuncia emiss\u00e3o de R$ 2 bilh\u00f5es em deb\u00eantures"}]},{"@type":"WebSite","@id":"https:\/\/www.suno.com.br\/noticias\/#website","url":"https:\/\/www.suno.com.br\/noticias\/","name":"Suno Not\u00edcias","description":"Seu portal de informa\u00e7\u00e3o sobre o mundo dos investimentos","publisher":{"@id":"https:\/\/www.suno.com.br\/noticias\/#organization"},"potentialAction":[{"@type":"SearchAction","target":{"@type":"EntryPoint","urlTemplate":"https:\/\/www.suno.com.br\/noticias\/?s={search_term_string}"},"query-input":{"@type":"PropertyValueSpecification","valueRequired":true,"valueName":"search_term_string"}}],"inLanguage":"pt-BR"},{"@type":"Organization","@id":"https:\/\/www.suno.com.br\/noticias\/#organization","name":"Suno Not\u00edcias","url":"https:\/\/www.suno.com.br\/noticias\/","logo":{"@type":"ImageObject","inLanguage":"pt-BR","@id":"https:\/\/www.suno.com.br\/noticias\/#\/schema\/logo\/image\/","url":"https:\/\/files.sunoresearch.com.br\/n\/uploads\/2021\/09\/suno-logo.png","contentUrl":"https:\/\/files.sunoresearch.com.br\/n\/uploads\/2021\/09\/suno-logo.png","width":180,"height":180,"caption":"Suno Not\u00edcias"},"image":{"@id":"https:\/\/www.suno.com.br\/noticias\/#\/schema\/logo\/image\/"},"sameAs":["https:\/\/facebook.com\/sunoresearch","https:\/\/x.com\/sunoresearch","https:\/\/www.instagram.com\/suno","https:\/\/www.linkedin.com\/company\/suno-research\/","https:\/\/www.youtube.com\/c\/sunoresearch"]},{"@type":"Person","@id":"https:\/\/www.suno.com.br\/noticias\/#\/schema\/person\/96b86313436a5af8c004989de27d4962","name":"Leandro Tavares","image":{"@type":"ImageObject","inLanguage":"pt-BR","@id":"https:\/\/www.suno.com.br\/noticias\/#\/schema\/person\/image\/","url":"https:\/\/secure.gravatar.com\/avatar\/cef3014f9ca74cf54fb41dc01807a08b?s=96&r=g","contentUrl":"https:\/\/secure.gravatar.com\/avatar\/cef3014f9ca74cf54fb41dc01807a08b?s=96&r=g","caption":"Leandro Tavares"},"url":"https:\/\/www.suno.com.br\/noticias\/author\/leandro-sbtavaresgmail-com\/"}]}},"default_loop_html":"<div class=\"cardsPage__listCard__boxs\"><div class=\"cardsPage__listCard__boxs__img\"><a href=\"https:\/\/www.suno.com.br\/noticias\/prio-prio3-debentures-emissao-divida-lt\/\"><img class=\"mask\" src=\"https:\/\/www.suno.com.br\/noticias\/wp-content\/themes\/suno\/resources\/images\/spotlight\/spotlight1img\/bg-mask.png\" alt=\"Image Mask\"\/><img src=\"https:\/\/files.sunoresearch.com.br\/n\/uploads\/2019\/10\/8789c131-petrorio-400x200.webp\" alt=\"Prio (PRIO3) anuncia emiss\u00e3o de R$ 2 bilh\u00f5es em deb\u00eantures\"\/><\/a><span class=\"spotlightCategory\"><a href=\"https:\/\/www.suno.com.br\/noticias\/mercado\/\">Mercado<\/a><\/span><\/div><div class=\"cardsPage__listCard__boxs__content\"><a href=\"https:\/\/www.suno.com.br\/noticias\/prio-prio3-debentures-emissao-divida-lt\/\"><h2 class=\"content__title\">Prio (PRIO3) anuncia emiss\u00e3o de R$ 2 bilh\u00f5es em deb\u00eantures<\/h2><\/a><div class=\"newsContent__article__meta\"><div class=\"newsContent__article__meta__authorBox\"><a href=\"https:\/\/www.suno.com.br\/noticias\/author\/leandro-sbtavaresgmail-com\/\" class=\"authorBox__avatar noMobi\"><img src=\"https:\/\/files.sunoresearch.com.br\/n\/uploads\/2024\/01\/Foto-150x150.jpg\" alt=\"Leandro Tavares\"><\/a><div class=\"authorBox__name\"><span>por\n\t\t\t<a href=\"https:\/\/www.suno.com.br\/noticias\/author\/leandro-sbtavaresgmail-com\/\"><span itemprop=\"author\">Leandro Tavares<\/span><\/a><\/span><time datetime=\"2024-02-09T19:32:24-03:00\" itemprop=\"datePublished\">09\/02\/2024 19:32<\/time><\/div><\/div><\/div><\/div><\/div>","single_layout":"posts","amp_enabled":true,"_links":{"self":[{"href":"https:\/\/www.suno.com.br\/noticias\/wp-json\/wp\/v2\/posts\/522319"}],"collection":[{"href":"https:\/\/www.suno.com.br\/noticias\/wp-json\/wp\/v2\/posts"}],"about":[{"href":"https:\/\/www.suno.com.br\/noticias\/wp-json\/wp\/v2\/types\/post"}],"author":[{"embeddable":true,"href":"https:\/\/www.suno.com.br\/noticias\/wp-json\/wp\/v2\/users\/340"}],"replies":[{"embeddable":true,"href":"https:\/\/www.suno.com.br\/noticias\/wp-json\/wp\/v2\/comments?post=522319"}],"version-history":[{"count":2,"href":"https:\/\/www.suno.com.br\/noticias\/wp-json\/wp\/v2\/posts\/522319\/revisions"}],"predecessor-version":[{"id":522328,"href":"https:\/\/www.suno.com.br\/noticias\/wp-json\/wp\/v2\/posts\/522319\/revisions\/522328"}],"wp:featuredmedia":[{"embeddable":true,"href":"https:\/\/www.suno.com.br\/noticias\/wp-json\/wp\/v2\/media\/40694"}],"wp:attachment":[{"href":"https:\/\/www.suno.com.br\/noticias\/wp-json\/wp\/v2\/media?parent=522319"}],"wp:term":[{"taxonomy":"category","embeddable":true,"href":"https:\/\/www.suno.com.br\/noticias\/wp-json\/wp\/v2\/categories?post=522319"},{"taxonomy":"post_tag","embeddable":true,"href":"https:\/\/www.suno.com.br\/noticias\/wp-json\/wp\/v2\/tags?post=522319"},{"taxonomy":"suno_strategy","embeddable":true,"href":"https:\/\/www.suno.com.br\/noticias\/wp-json\/wp\/v2\/suno_strategy?post=522319"}],"curies":[{"name":"wp","href":"https:\/\/api.w.org\/{rel}","templated":true}]}}