{"id":522183,"date":"2024-02-09T12:26:31","date_gmt":"2024-02-09T15:26:31","guid":{"rendered":"https:\/\/www.suno.com.br\/noticias\/?p=522183"},"modified":"2024-02-14T15:20:52","modified_gmt":"2024-02-14T18:20:52","slug":"banco-do-brasil-bbas3-colesterol-crescimento-pdd-evm","status":"publish","type":"post","link":"https:\/\/www.suno.com.br\/noticias\/banco-do-brasil-bbas3-colesterol-crescimento-pdd-evm\/","title":{"rendered":"Banco do Brasil (BBAS3) executivos comentam crescimento de &#8216;colesterol do bem&#8217; no balan\u00e7o"},"content":{"rendered":"<p>Durante a teleconfer\u00eancia de resultados do <a class=\"suno-keyword\" data-force=\"yes\" data-priority=\"2\" href=\"https:\/\/www.suno.com.br\/acoes\/BBAS3\/\" target=\"_blank\" rel=\"noopener\"><strong>Banco do Brasil<\/strong> (BBAS3)<\/a>, os analistas de <a class=\"suno-keyword\" data-force=\"no\" data-priority=\"1\" href=\"https:\/\/www.suno.com.br\/artigos\/sell-side\/\" target=\"_blank\" rel=\"noopener\">sell side<\/a> questionaram os executivos sobre o crescimento da despesas com <a href=\"https:\/\/www.suno.com.br\/artigos\/provisao-para-devedores-duvidosos\/]\">Provis\u00f5es de Devedores Duvidosos (PDD)<\/a>. A justificativa dada \u00e9 que o crescimento desse indicador dentro do resultado trimestral est\u00e1 atrelada ao crescimento da carteira.<\/p><div class=\"videoFull \">\n\t\t\t<div class=\"videoWrapper yt-lazyload center\"\n\t\t\t\tdata-width=\"960\"\n\t\t\t\tdata-height=\"540\"\n\t\t\t\tdata-id=\"YYyTo7dJUc4\"\n\t\t\t\tdata-alt=\"V\u00eddeo do YouTube - clique para reproduzir\"\n\t\t\t\tdata-logo=\"3\"\n\t\t\t\tdata-imagequality=\"maxres\">\n\t\t\t<\/div>\n\t\t<\/div><script type=\"application\/ld+json\">{\"@context\":\"https:\/\/schema.org\",\"@type\":\"VideoObject\",\"name\":\"\ud83d\udd34 IBOVESPA TEM QUEDA GENERALIZADA | IPCA acima do esperado | Resultado de Banco do Brasil (BBAS3)\",\"description\":\"#mercadofinanceiro #a\u00e7\u00f5es #investimentos #bolsadevalores #ibovespa #dinheiro #finan\u00e7as #pol\u00edtica #d\u00f3lar #livedas19h #petr4 #petr3 #petrobras #vale3 #vale #a\u00e7\u00f5es #economia #dividendos #min\u00e9riodeferro #petr\u00f3leo #commodities #ipca #oi #oibr3 #bancodobrasil #bbas3 \ud83e\udd11 Participe da PRIMEIRA EDI\u00c7\u00c3O do Desafio que far\u00e1 seu dinheiro render mais dinheiro para voc\u00ea. Ser\u00e3o 4 dias de aulas onde voc\u00ea aprender\u00e1 o passo a passo para\u2026\",\"duration\":\"PT26M19S\",\"embedUrl\":\"https:\/\/www.youtube.com\/embed\/YYyTo7dJUc4\",\"regionsAllowed\":\"en-US\",\"interactionStatistic\":{\"@type\":\"InteractionCounter\",\"interactionType\":{\"@type\":\"WatchAction\"},\"userInteractionCount\":1952},\"thumbnailUrl\":\"https:\/\/i.ytimg.com\/vi\/YYyTo7dJUc4\/default.jpg\",\"uploadDate\":\"2024-02-09T11:16:08Z\"}<\/script>\n\n\n\n\n\t<p>\n\t\t<a href=\"\" target=\"_blank\" data-element=\"shortcode-suno-banner\" title=\"Banner SUNO, clique e saiba mais\">\n\t\t\t<picture>\n\t\t\t\t<source media=\"(max-width: 500px)\" srcset=\"\">\n\t\t\t\t<img class=\"newsContent__article__imgCapa newsContent__article__imgCapa--banner\"\n\t\t\t\t\tsrc=\"\"\n\t\t\t\t\tdata-promo-id=\"250678\"\t\t\t\t\t\t\t\t\t\t\t\t\t\t\talt=\"\"\n\t\t\t\t>\n\t\t\t<\/picture>\n\t\t<\/a>\n\t<\/p>\n\n\n\n\n\n\n\n<p>&#8220;O crescimento do <strong>PDD do Banco do Brasil<\/strong> na carteira \u00e9 o que chamamos de &#8216;colesterol do bem&#8217;, porque acompanha o crescimento da nossa carteira [de cr\u00e9dito]&#8221;, declarou o Vice-Presidente de Controles Internos e <a class=\"suno-keyword\" data-force=\"no\" data-priority=\"1\" href=\"https:\/\/www.suno.com.br\/artigos\/gestao-de-riscos\/\" target=\"_blank\" rel=\"noopener\">Gest\u00e3o de Riscos<\/a> do Banco do Brasil, Felipe Prince.<\/p>\n\n\n\n<p>O executivo ainda acrescentou que a modelagem atual mostra que o <strong>BB<\/strong> est\u00e1 preparado para lidar bem com os eventuais riscos de cr\u00e9dito de 2024.<\/p>\n\n\n\n<p>&#8220;Nosso portf\u00f3lio \u00e9 robusto e tem um retorno ajustado ao risco que consideramos bastante relevante&#8221;, destacou Prince.<\/p>\n\n\n\n<p>Al\u00e9m disso, um dos analistas questionou o banco sobre o <strong>guidance do Banco do Brasil<\/strong> de despesas, destacando a proje\u00e7\u00e3o que \u00e9 de 6% a 10%, tendo um ponto m\u00e9dio em 8% &#8211; crescimento que fica acima do dobro da infla\u00e7\u00e3o projetada para o ano.<\/p>\n\n\n\n<p>&#8220;Isso se d\u00e1 pelos investimentos em tecnologia, em inova\u00e7\u00e3o. O BB foi o que mais processou Pix em 2023. Chegamos a processar 30% dos Pix. Em termos de tecnologia, precisamos n\u00e3o s\u00f3 garantir a estabilidade e confiabilidade, mas tamb\u00e9m a moderniza\u00e7\u00e3o. \u00c9 algo constante que voc\u00ea tem que estar sempre atualizando, estamos inclusive mudando todo o sistema de acompanhamento das nossas ag\u00eancias&#8221;, declarou o Geovanne Tobias, <strong>CFO do Banco do Brasil<\/strong>. <\/p>\n\n\n\n<p>A <strong>CEO do Banco do Brasil<\/strong> tamb\u00e9m se declarou otimista com o agroneg\u00f3cio &#8211; setor ao qual o BB tem uma grande exposi\u00e7\u00e3o e uma fatia de mercado relevante.<\/p>\n\n\n\n<p>&#8220;No agro tivemos um crescimento expressivo com um <a class=\"suno-keyword\" data-force=\"no\" data-priority=\"1\" href=\"https:\/\/www.suno.com.br\/artigos\/plano-safra\/\" target=\"_blank\" rel=\"noopener\">Plano Safra<\/a> recorde. Tivemos um crescimento entre 11% e 15%; do volume previsto total j\u00e1 temos R$ 140 bilh\u00f5es emprestados e pretendemos executar o restante do Plano Safra ainda neste primeiro semestre de 2024&#8243;, declarou Tarciana Medeiros. <\/p>\n\n\n\n\t<div data-element=\"shortcode-read-more\" class=\"readToo\">\n\t\t\t\t<span class=\"readToo__title\">Leia mais<\/span>\n\t\t\t\t<ul class=\"readToo__list\">\n\t\t\t<li><a href=\"https:\/\/www.suno.com.br\/noticias\/ibovespa-tarde-cai-exterior-misto-banco-do-brasil-bbas3-gss\/\">Ibovespa fecha em queda, aos 128 mil pontos, e tem leve alta na semana; MRV (MRVE3) sobe e Banco do Brasil (BBAS3) cai<\/a><\/li><li><a href=\"https:\/\/www.suno.com.br\/noticias\/petrobras-petr4-banco-do-brasil-bbas3-destaques-va\/\">Petrobras (PETR4), Banco do Brasil (BBAS3) e Sanepar (SAPR11) agitam o mercado nesta sexta-feira; veja mais destaques<\/a><\/li><li><a href=\"https:\/\/www.suno.com.br\/noticias\/itau-itub4-seguro-garantia-avita-cpf\/\">Ita\u00fa (ITUB4) vai expandir atua\u00e7\u00e3o em seguro garantia com compra da Avita<\/a><\/li><li><a href=\"https:\/\/www.suno.com.br\/noticias\/news-agenda-dividendos-fundo-imobiliario-cvbi11-fevereiro-cpf\/\">Fundo imobili\u00e1rio CVBI11 vai distribuir R$ 1,05 por cota; confira<\/a><\/li>\t\t<\/ul>\n\t<\/div>\n\n\n\n\n<p>A executiva ainda declarou que o <strong><a href=\"https:\/\/statusinvest.com.br\/acoes\/bbas3\">BBAS3<\/a><\/strong> tem margem para crescer no consignado privado, como tamb\u00e9m no segmento de pequenas e m\u00e9dias empresas (PMEs) de menor risco. <\/p>\n\n\n\n<p>Por fim, Tarciana declarou que o banco tamb\u00e9m visa um crescimento na vertical de ve\u00edculos, em que a companhia ainda tem uma participa\u00e7\u00e3o menor no mercado<\/p>\n\n\n\n<p>&#8220;Na opera\u00e7\u00e3o de ve\u00edculos, temos um esfor\u00e7o na parceria com o Banco Votorantim. O mercado projeta um crescimento entre 8-12% em 2024 desse mercado. Historicamente \u00e9 uma carteira nossa que n\u00e3o cresce. \u00c9 uma carteira rent\u00e1vel, com garantia e com um parceiro forte. \u00c9 um mercado de mais de R$ 1 trilh\u00e3o em que nossa participa\u00e7\u00e3o ainda \u00e9 marginal&#8221;.<\/p>\n\n\n\n<h2 class=\"wp-block-heading\">Proventos mais recentes do Banco do Brasil<\/h2>\n\n\n\n<p>O banco vai distribuir mais de R$ 2,38 bilh\u00f5es em <a class=\"suno-keyword\" data-force=\"no\" data-priority=\"1\" href=\"https:\/\/www.suno.com.br\/guias\/dividendos\/\" target=\"_blank\" rel=\"noopener\">dividendos<\/a> e <a class=\"suno-keyword\" data-force=\"no\" data-priority=\"1\" href=\"https:\/\/www.suno.com.br\/artigos\/entenda-o-jcp\/\" target=\"_blank\" rel=\"noopener\">juros sobre capital pr\u00f3prio<\/a> (JCP), conforme <a class=\"suno-keyword\" data-force=\"no\" data-priority=\"1\" href=\"https:\/\/www.suno.com.br\/artigos\/fato-relevante\/\" target=\"_blank\" rel=\"noopener\">fato relevante<\/a> divulgado nesta quinta (8).<\/p>\n\n\n\t<p>\n\t\t<a href=\"https:\/\/lp.suno.com.br\/ebook-como-analisar-uma-acao\/\" target=\"_blank\" data-element=\"shortcode-suno-banner\" title=\"Banner SUNO, clique e saiba mais\">\n\t\t\t<picture>\n\t\t\t\t<source media=\"(max-width: 500px)\" srcset=\"https:\/\/files.sunoresearch.com.br\/n\/uploads\/2023\/03\/Ebook-Acoes-Mobile.jpg\">\n\t\t\t\t<img class=\"newsContent__article__imgCapa newsContent__article__imgCapa--banner\"\n\t\t\t\t\tsrc=\"https:\/\/files.sunoresearch.com.br\/n\/uploads\/2023\/03\/Ebook-Acoes-Desktop.jpg\"\n\t\t\t\t\tdata-promo-id=\"378302\"\t\t\t\t\t\t\t\t\t\twidth='1420' height='286'\t\t\t\t\talt=\"https:\/\/files.sunoresearch.com.br\/n\/uploads\/2023\/03\/Ebook-Acoes-Desktop.jpg\"\n\t\t\t\t>\n\t\t\t<\/picture>\n\t\t<\/a>\n\t<\/p>\n\n\n\n\n\n<p>Os <strong>dividendos do Banco do Brasil<\/strong> representam R$ 630,16 milh\u00f5es desse valor total, o que corresponde a R$ 0,22081862607 por a\u00e7\u00e3o, ou R$ 0,22351909545 ap\u00f3s atualiza\u00e7\u00e3o realizada at\u00e9 hoje (8), de acordo com a taxa Selic.<\/p>\n\n\n\n<p>J\u00e1 os <strong>JCP do Banco do Brasil<\/strong> responder\u00e3o por R$ 1,751 bilh\u00e3o do montante total a ser distribu\u00eddo em proventos, o que corresponde a R$ 0,61363625622 por a\u00e7\u00e3o, ou R$ 0,62114063186 ap\u00f3s a devida atualiza\u00e7\u00e3o citada anteriormente (at\u00e9 hoje, 8 de fevereiro).<\/p>\n\n\n\n<h3 class=\"wp-block-heading\">Dividendos<\/h3>\n\n\n\n<ul class=\"wp-block-list\">\n<li>Valor: R$ 630.166.902,30<\/li>\n\n\n\n<li>Valor por a\u00e7\u00e3o: R$ 0,22081862607 (antes da atualiza\u00e7\u00e3o) e R$ 0,22351909545 (ap\u00f3s atualiza\u00e7\u00e3o)<\/li>\n\n\n\n<li>Data de corte: 21 de fevereiro de 2024<\/li>\n\n\n\n<li>Data de pagamento: 29 de fevereiro de 2024<\/li>\n<\/ul>\n\n\n\n<h3 class=\"wp-block-heading\">JCP<\/h3>\n\n\n\n<ul class=\"wp-block-list\">\n<li>Valor: R$ 1.751.180.439,76<\/li>\n\n\n\n<li>Valor por a\u00e7\u00e3o: R$ 0,61363625622 (antes da atualiza\u00e7\u00e3o) e R$ 0,62114063186 (ap\u00f3s atualiza\u00e7\u00e3o)<\/li>\n\n\n\n<li>Data de corte: 21 de fevereiro de 2024<\/li>\n\n\n\n<li>Data de pagamento: 29 de fevereiro de 2024<\/li>\n<\/ul>\n\n\n\n<h2 class=\"wp-block-heading\">Entenda aumento do payout do Banco do Brasil<\/h2>\n\n\n\n<p>O <a href=\"https:\/\/www.suno.com.br\/artigos\/conselho-administracao\/\">conselho de administra\u00e7\u00e3o<\/a> do banco aprovou a proposta de eleva\u00e7\u00e3o do payout (pagamento de proventos em rela\u00e7\u00e3o ao lucro) de 40% para 45% no exerc\u00edcio de 2024 via <a href=\"https:\/\/www.suno.com.br\/artigos\/entenda-o-jcp\/\">juros sobre o capital pr\u00f3prio<\/a> e\/ou <a href=\"https:\/\/www.suno.com.br\/guias\/dividendos\/\">dividendos<\/a>.<\/p>\n\n\n\n<p>Segundo <a href=\"https:\/\/www.suno.com.br\/artigos\/fato-relevante\/\">fato relevante<\/a> divulgado na quinta-feira (8), o Banco do Brasil informou que remunerar\u00e1 os acionistas em oito fluxos, sendo quatro pagamentos realizados ao longo dos trimestres de refer\u00eancia, de forma antecipada, e outros quatro pagamentos complementares, efetivados ap\u00f3s o encerramento dos trimestres de refer\u00eancia, conforme quadro abaixo:<\/p>\n\n\n\n<figure class=\"wp-block-image size-full\"><img loading=\"lazy\" decoding=\"async\" width=\"780\" height=\"353\" src=\"https:\/\/files.sunoresearch.com.br\/n\/uploads\/2024\/02\/image-2.png\" alt=\"\" class=\"wp-image-521961\" srcset=\"https:\/\/files.sunoresearch.com.br\/n\/uploads\/2024\/02\/image-2.png 780w, https:\/\/files.sunoresearch.com.br\/n\/uploads\/2024\/02\/image-2-300x136.png 300w, https:\/\/files.sunoresearch.com.br\/n\/uploads\/2024\/02\/image-2-768x348.png 768w, https:\/\/files.sunoresearch.com.br\/n\/uploads\/2024\/02\/image-2-150x68.png 150w\" sizes=\"(max-width: 780px) 100vw, 780px\" \/><\/figure>\n\n\n\n<p>Ainda de acordo com o <strong>Banco do Brasil<\/strong>, quando a distribui\u00e7\u00e3o for via JCP, o montante calculado com base no percentual de payout aprovado corresponde ao valor bruto, sobre o qual poder\u00e3o incidir tributos, conforme legisla\u00e7\u00e3o vigente.<\/p>\n\n\n\t<p>\n\t\t<a href=\"https:\/\/lp.suno.com.br\/plataforma-de-controle-de-investimentos\/\" target=\"_blank\" data-element=\"shortcode-suno-banner\" title=\"Banner SUNO, clique e saiba mais\">\n\t\t\t<picture>\n\t\t\t\t<source media=\"(max-width: 500px)\" srcset=\"https:\/\/files.sunoresearch.com.br\/n\/uploads\/2023\/03\/400x300-Controle-de-Investimentos.png\">\n\t\t\t\t<img class=\"newsContent__article__imgCapa newsContent__article__imgCapa--banner\"\n\t\t\t\t\tsrc=\"https:\/\/files.sunoresearch.com.br\/n\/uploads\/2023\/03\/1420x240-Controle-de-Investimentos.png\"\n\t\t\t\t\tdata-promo-id=\"383162\"\t\t\t\t\t\t\t\t\t\twidth='1420' height='240'\t\t\t\t\talt=\"https:\/\/files.sunoresearch.com.br\/n\/uploads\/2023\/03\/1420x240-Controle-de-Investimentos.png\"\n\t\t\t\t>\n\t\t\t<\/picture>\n\t\t<\/a>\n\t<\/p>\n\n\n","protected":false},"excerpt":{"rendered":"<p>Durante a teleconfer\u00eancia de resultados do Banco do Brasil (BBAS3), os analistas de sell side questionaram os executivos sobre o crescimento da despesas com Provis\u00f5es de Devedores Duvidosos (PDD). A justificativa dada \u00e9 que o crescimento desse indicador dentro do resultado trimestral est\u00e1 atrelada ao crescimento da carteira. &#8220;O crescimento do PDD do Banco do [&hellip;]<\/p>\n","protected":false},"author":73,"featured_media":112265,"comment_status":"closed","ping_status":"closed","sticky":false,"template":"","format":"standard","meta":[],"categories":[64],"tags":[286,732,105816],"suno_strategy":[],"class_list":["post-522183","post","type-post","status-publish","format-standard","has-post-thumbnail","hentry","category-negocios","tag-acoes","tag-banco-do-brasil-bbas3","tag-especialistas"],"yoast_head":"<!-- This site is optimized with the Yoast SEO plugin v24.4 - https:\/\/yoast.com\/wordpress\/plugins\/seo\/ -->\n<title>BB (BBAS3) executivos comentam &#039;colesterol do bem&#039; no balan\u00e7o<\/title>\n<meta name=\"description\" content=\"Durante a teleconfer\u00eancia de resultados do Banco do Brasil, analistas questionaram os executivos acerca do crescimento das despesas com PDD\" \/>\n<meta name=\"robots\" content=\"index, follow, max-snippet:-1, max-image-preview:large, max-video-preview:-1\" \/>\n<link rel=\"canonical\" href=\"https:\/\/www.suno.com.br\/noticias\/banco-do-brasil-bbas3-colesterol-crescimento-pdd-evm\/\" \/>\n<meta property=\"og:locale\" content=\"pt_BR\" \/>\n<meta property=\"og:type\" content=\"article\" \/>\n<meta property=\"og:title\" content=\"BB (BBAS3) executivos comentam &#039;colesterol do bem&#039; no balan\u00e7o\" \/>\n<meta property=\"og:description\" content=\"Durante a teleconfer\u00eancia de resultados do Banco do Brasil, analistas questionaram os executivos acerca do crescimento das despesas com PDD\" \/>\n<meta property=\"og:url\" content=\"https:\/\/www.suno.com.br\/noticias\/banco-do-brasil-bbas3-colesterol-crescimento-pdd-evm\/\" \/>\n<meta property=\"og:site_name\" content=\"Suno Not\u00edcias\" \/>\n<meta property=\"article:publisher\" content=\"https:\/\/facebook.com\/sunoresearch\" \/>\n<meta property=\"og:image\" content=\"https:\/\/files.sunoresearch.com.br\/n\/uploads\/2021\/01\/08278551-banco-do-brasil-1.jpg\" \/>\n\t<meta property=\"og:image:width\" content=\"1200\" \/>\n\t<meta property=\"og:image:height\" content=\"800\" \/>\n\t<meta property=\"og:image:type\" content=\"image\/jpeg\" \/>\n<meta name=\"author\" content=\"Eduardo Vargas\" \/>\n<meta name=\"twitter:card\" content=\"summary_large_image\" \/>\n<meta name=\"twitter:creator\" content=\"@sunoresearch\" \/>\n<meta name=\"twitter:site\" content=\"@sunoresearch\" \/>\n<meta name=\"twitter:label1\" content=\"Escrito por\" \/>\n\t<meta name=\"twitter:data1\" content=\"Eduardo Vargas\" \/>\n\t<meta name=\"twitter:label2\" content=\"Est. tempo de leitura\" \/>\n\t<meta name=\"twitter:data2\" content=\"5 minutos\" \/>\n<script type=\"application\/ld+json\" class=\"yoast-schema-graph\">{\"@context\":\"https:\/\/schema.org\",\"@graph\":[{\"@type\":\"NewsArticle\",\"@id\":\"https:\/\/www.suno.com.br\/noticias\/banco-do-brasil-bbas3-colesterol-crescimento-pdd-evm\/#article\",\"isPartOf\":{\"@id\":\"https:\/\/www.suno.com.br\/noticias\/banco-do-brasil-bbas3-colesterol-crescimento-pdd-evm\/\"},\"author\":{\"name\":\"Eduardo Vargas\",\"@id\":\"https:\/\/www.suno.com.br\/noticias\/#\/schema\/person\/7f4d362bf3518e76090143ae77bb49a5\"},\"headline\":\"Banco do Brasil (BBAS3) executivos comentam crescimento de &#8216;colesterol do bem&#8217; no balan\u00e7o\",\"datePublished\":\"2024-02-09T15:26:31+00:00\",\"dateModified\":\"2024-02-14T18:20:52+00:00\",\"mainEntityOfPage\":{\"@id\":\"https:\/\/www.suno.com.br\/noticias\/banco-do-brasil-bbas3-colesterol-crescimento-pdd-evm\/\"},\"wordCount\":776,\"publisher\":{\"@id\":\"https:\/\/www.suno.com.br\/noticias\/#organization\"},\"image\":{\"@id\":\"https:\/\/www.suno.com.br\/noticias\/banco-do-brasil-bbas3-colesterol-crescimento-pdd-evm\/#primaryimage\"},\"thumbnailUrl\":\"https:\/\/files.sunoresearch.com.br\/n\/uploads\/2021\/01\/08278551-banco-do-brasil-1-jpg.webp\",\"keywords\":[\"A\u00e7\u00f5es\",\"Banco do Brasil (BBAS3)\",\"Especialistas\"],\"articleSection\":[\"Neg\u00f3cios\"],\"inLanguage\":\"pt-BR\"},{\"@type\":\"WebPage\",\"@id\":\"https:\/\/www.suno.com.br\/noticias\/banco-do-brasil-bbas3-colesterol-crescimento-pdd-evm\/\",\"url\":\"https:\/\/www.suno.com.br\/noticias\/banco-do-brasil-bbas3-colesterol-crescimento-pdd-evm\/\",\"name\":\"BB (BBAS3) executivos comentam 'colesterol do bem' no balan\u00e7o\",\"isPartOf\":{\"@id\":\"https:\/\/www.suno.com.br\/noticias\/#website\"},\"primaryImageOfPage\":{\"@id\":\"https:\/\/www.suno.com.br\/noticias\/banco-do-brasil-bbas3-colesterol-crescimento-pdd-evm\/#primaryimage\"},\"image\":{\"@id\":\"https:\/\/www.suno.com.br\/noticias\/banco-do-brasil-bbas3-colesterol-crescimento-pdd-evm\/#primaryimage\"},\"thumbnailUrl\":\"https:\/\/files.sunoresearch.com.br\/n\/uploads\/2021\/01\/08278551-banco-do-brasil-1-jpg.webp\",\"datePublished\":\"2024-02-09T15:26:31+00:00\",\"dateModified\":\"2024-02-14T18:20:52+00:00\",\"description\":\"Durante a teleconfer\u00eancia de resultados do Banco do Brasil, analistas questionaram os executivos acerca do crescimento das despesas com PDD\",\"breadcrumb\":{\"@id\":\"https:\/\/www.suno.com.br\/noticias\/banco-do-brasil-bbas3-colesterol-crescimento-pdd-evm\/#breadcrumb\"},\"inLanguage\":\"pt-BR\",\"potentialAction\":[{\"@type\":\"ReadAction\",\"target\":[\"https:\/\/www.suno.com.br\/noticias\/banco-do-brasil-bbas3-colesterol-crescimento-pdd-evm\/\"]}]},{\"@type\":\"ImageObject\",\"inLanguage\":\"pt-BR\",\"@id\":\"https:\/\/www.suno.com.br\/noticias\/banco-do-brasil-bbas3-colesterol-crescimento-pdd-evm\/#primaryimage\",\"url\":\"https:\/\/files.sunoresearch.com.br\/n\/uploads\/2021\/01\/08278551-banco-do-brasil-1-jpg.webp\",\"contentUrl\":\"https:\/\/files.sunoresearch.com.br\/n\/uploads\/2021\/01\/08278551-banco-do-brasil-1-jpg.webp\",\"width\":1200,\"height\":800,\"caption\":\"Banco do Brasil (BBAS3) registra queda em a\u00e7\u00f5es ap\u00f3s revis\u00e3o e medida provis\u00f3ria. Foto: Divulga\u00e7\u00e3o\/Banco do Brasil\"},{\"@type\":\"BreadcrumbList\",\"@id\":\"https:\/\/www.suno.com.br\/noticias\/banco-do-brasil-bbas3-colesterol-crescimento-pdd-evm\/#breadcrumb\",\"itemListElement\":[{\"@type\":\"ListItem\",\"position\":1,\"name\":\"Not\u00edcias\",\"item\":\"https:\/\/www.suno.com.br\/noticias\/\"},{\"@type\":\"ListItem\",\"position\":2,\"name\":\"Neg\u00f3cios\",\"item\":\"https:\/\/www.suno.com.br\/noticias\/negocios\/\"},{\"@type\":\"ListItem\",\"position\":3,\"name\":\"Banco do Brasil (BBAS3) executivos comentam crescimento de &#8216;colesterol do bem&#8217; no balan\u00e7o\"}]},{\"@type\":\"WebSite\",\"@id\":\"https:\/\/www.suno.com.br\/noticias\/#website\",\"url\":\"https:\/\/www.suno.com.br\/noticias\/\",\"name\":\"Suno Not\u00edcias\",\"description\":\"Seu portal de informa\u00e7\u00e3o sobre o mundo dos investimentos\",\"publisher\":{\"@id\":\"https:\/\/www.suno.com.br\/noticias\/#organization\"},\"potentialAction\":[{\"@type\":\"SearchAction\",\"target\":{\"@type\":\"EntryPoint\",\"urlTemplate\":\"https:\/\/www.suno.com.br\/noticias\/?s={search_term_string}\"},\"query-input\":{\"@type\":\"PropertyValueSpecification\",\"valueRequired\":true,\"valueName\":\"search_term_string\"}}],\"inLanguage\":\"pt-BR\"},{\"@type\":\"Organization\",\"@id\":\"https:\/\/www.suno.com.br\/noticias\/#organization\",\"name\":\"Suno Not\u00edcias\",\"url\":\"https:\/\/www.suno.com.br\/noticias\/\",\"logo\":{\"@type\":\"ImageObject\",\"inLanguage\":\"pt-BR\",\"@id\":\"https:\/\/www.suno.com.br\/noticias\/#\/schema\/logo\/image\/\",\"url\":\"https:\/\/files.sunoresearch.com.br\/n\/uploads\/2021\/09\/suno-logo.png\",\"contentUrl\":\"https:\/\/files.sunoresearch.com.br\/n\/uploads\/2021\/09\/suno-logo.png\",\"width\":180,\"height\":180,\"caption\":\"Suno Not\u00edcias\"},\"image\":{\"@id\":\"https:\/\/www.suno.com.br\/noticias\/#\/schema\/logo\/image\/\"},\"sameAs\":[\"https:\/\/facebook.com\/sunoresearch\",\"https:\/\/x.com\/sunoresearch\",\"https:\/\/www.instagram.com\/suno\",\"https:\/\/www.linkedin.com\/company\/suno-research\/\",\"https:\/\/www.youtube.com\/c\/sunoresearch\"]},{\"@type\":\"Person\",\"@id\":\"https:\/\/www.suno.com.br\/noticias\/#\/schema\/person\/7f4d362bf3518e76090143ae77bb49a5\",\"name\":\"Eduardo Vargas\",\"image\":{\"@type\":\"ImageObject\",\"inLanguage\":\"pt-BR\",\"@id\":\"https:\/\/www.suno.com.br\/noticias\/#\/schema\/person\/image\/\",\"url\":\"https:\/\/secure.gravatar.com\/avatar\/dac340933427a22924c9f99d1eb2e3f2?s=96&r=g\",\"contentUrl\":\"https:\/\/secure.gravatar.com\/avatar\/dac340933427a22924c9f99d1eb2e3f2?s=96&r=g\",\"caption\":\"Eduardo Vargas\"},\"description\":\"Jornalista formado pela UFSC, cobre macroeconomia, neg\u00f3cios e startups para o Suno Not\u00edcias, escrevendo principalmente not\u00edcias sobre o mercado financeiro e a bolsa de valores. No YouTube e no Instagram, \u00e9 respons\u00e1vel pela produ\u00e7\u00e3o de Reels e Shorts do Suno Not\u00edcias. Anteriormente, trabalhou cobrindo economia e cotidiano no ND+ e para o ND, maior jornal impresso de Santa Catarina. Cursou um semestre letivo de Estudos de M\u00eddia na Universidad de Buenos Aires.\",\"url\":\"https:\/\/www.suno.com.br\/noticias\/author\/eduardo-vargas\/\"}]}<\/script>\n<!-- \/ Yoast SEO plugin. -->","yoast_head_json":{"title":"BB (BBAS3) executivos comentam 'colesterol do bem' no balan\u00e7o","description":"Durante a teleconfer\u00eancia de resultados do Banco do Brasil, analistas questionaram os executivos acerca do crescimento das despesas com PDD","robots":{"index":"index","follow":"follow","max-snippet":"max-snippet:-1","max-image-preview":"max-image-preview:large","max-video-preview":"max-video-preview:-1"},"canonical":"https:\/\/www.suno.com.br\/noticias\/banco-do-brasil-bbas3-colesterol-crescimento-pdd-evm\/","og_locale":"pt_BR","og_type":"article","og_title":"BB (BBAS3) executivos comentam 'colesterol do bem' no balan\u00e7o","og_description":"Durante a teleconfer\u00eancia de resultados do Banco do Brasil, analistas questionaram os executivos acerca do crescimento das despesas com PDD","og_url":"https:\/\/www.suno.com.br\/noticias\/banco-do-brasil-bbas3-colesterol-crescimento-pdd-evm\/","og_site_name":"Suno Not\u00edcias","article_publisher":"https:\/\/facebook.com\/sunoresearch","og_image":[{"width":1200,"height":800,"url":"https:\/\/files.sunoresearch.com.br\/n\/uploads\/2021\/01\/08278551-banco-do-brasil-1.jpg","type":"image\/jpeg"}],"author":"Eduardo Vargas","twitter_card":"summary_large_image","twitter_creator":"@sunoresearch","twitter_site":"@sunoresearch","twitter_misc":{"Escrito por":"Eduardo Vargas","Est. tempo de leitura":"5 minutos"},"schema":{"@context":"https:\/\/schema.org","@graph":[{"@type":"NewsArticle","@id":"https:\/\/www.suno.com.br\/noticias\/banco-do-brasil-bbas3-colesterol-crescimento-pdd-evm\/#article","isPartOf":{"@id":"https:\/\/www.suno.com.br\/noticias\/banco-do-brasil-bbas3-colesterol-crescimento-pdd-evm\/"},"author":{"name":"Eduardo Vargas","@id":"https:\/\/www.suno.com.br\/noticias\/#\/schema\/person\/7f4d362bf3518e76090143ae77bb49a5"},"headline":"Banco do Brasil (BBAS3) executivos comentam crescimento de &#8216;colesterol do bem&#8217; no balan\u00e7o","datePublished":"2024-02-09T15:26:31+00:00","dateModified":"2024-02-14T18:20:52+00:00","mainEntityOfPage":{"@id":"https:\/\/www.suno.com.br\/noticias\/banco-do-brasil-bbas3-colesterol-crescimento-pdd-evm\/"},"wordCount":776,"publisher":{"@id":"https:\/\/www.suno.com.br\/noticias\/#organization"},"image":{"@id":"https:\/\/www.suno.com.br\/noticias\/banco-do-brasil-bbas3-colesterol-crescimento-pdd-evm\/#primaryimage"},"thumbnailUrl":"https:\/\/files.sunoresearch.com.br\/n\/uploads\/2021\/01\/08278551-banco-do-brasil-1-jpg.webp","keywords":["A\u00e7\u00f5es","Banco do Brasil (BBAS3)","Especialistas"],"articleSection":["Neg\u00f3cios"],"inLanguage":"pt-BR"},{"@type":"WebPage","@id":"https:\/\/www.suno.com.br\/noticias\/banco-do-brasil-bbas3-colesterol-crescimento-pdd-evm\/","url":"https:\/\/www.suno.com.br\/noticias\/banco-do-brasil-bbas3-colesterol-crescimento-pdd-evm\/","name":"BB (BBAS3) executivos comentam 'colesterol do bem' no balan\u00e7o","isPartOf":{"@id":"https:\/\/www.suno.com.br\/noticias\/#website"},"primaryImageOfPage":{"@id":"https:\/\/www.suno.com.br\/noticias\/banco-do-brasil-bbas3-colesterol-crescimento-pdd-evm\/#primaryimage"},"image":{"@id":"https:\/\/www.suno.com.br\/noticias\/banco-do-brasil-bbas3-colesterol-crescimento-pdd-evm\/#primaryimage"},"thumbnailUrl":"https:\/\/files.sunoresearch.com.br\/n\/uploads\/2021\/01\/08278551-banco-do-brasil-1-jpg.webp","datePublished":"2024-02-09T15:26:31+00:00","dateModified":"2024-02-14T18:20:52+00:00","description":"Durante a teleconfer\u00eancia de resultados do Banco do Brasil, analistas questionaram os executivos acerca do crescimento das despesas com PDD","breadcrumb":{"@id":"https:\/\/www.suno.com.br\/noticias\/banco-do-brasil-bbas3-colesterol-crescimento-pdd-evm\/#breadcrumb"},"inLanguage":"pt-BR","potentialAction":[{"@type":"ReadAction","target":["https:\/\/www.suno.com.br\/noticias\/banco-do-brasil-bbas3-colesterol-crescimento-pdd-evm\/"]}]},{"@type":"ImageObject","inLanguage":"pt-BR","@id":"https:\/\/www.suno.com.br\/noticias\/banco-do-brasil-bbas3-colesterol-crescimento-pdd-evm\/#primaryimage","url":"https:\/\/files.sunoresearch.com.br\/n\/uploads\/2021\/01\/08278551-banco-do-brasil-1-jpg.webp","contentUrl":"https:\/\/files.sunoresearch.com.br\/n\/uploads\/2021\/01\/08278551-banco-do-brasil-1-jpg.webp","width":1200,"height":800,"caption":"Banco do Brasil (BBAS3) registra queda em a\u00e7\u00f5es ap\u00f3s revis\u00e3o e medida provis\u00f3ria. Foto: Divulga\u00e7\u00e3o\/Banco do Brasil"},{"@type":"BreadcrumbList","@id":"https:\/\/www.suno.com.br\/noticias\/banco-do-brasil-bbas3-colesterol-crescimento-pdd-evm\/#breadcrumb","itemListElement":[{"@type":"ListItem","position":1,"name":"Not\u00edcias","item":"https:\/\/www.suno.com.br\/noticias\/"},{"@type":"ListItem","position":2,"name":"Neg\u00f3cios","item":"https:\/\/www.suno.com.br\/noticias\/negocios\/"},{"@type":"ListItem","position":3,"name":"Banco do Brasil (BBAS3) executivos comentam crescimento de &#8216;colesterol do bem&#8217; no balan\u00e7o"}]},{"@type":"WebSite","@id":"https:\/\/www.suno.com.br\/noticias\/#website","url":"https:\/\/www.suno.com.br\/noticias\/","name":"Suno Not\u00edcias","description":"Seu portal de informa\u00e7\u00e3o sobre o mundo dos investimentos","publisher":{"@id":"https:\/\/www.suno.com.br\/noticias\/#organization"},"potentialAction":[{"@type":"SearchAction","target":{"@type":"EntryPoint","urlTemplate":"https:\/\/www.suno.com.br\/noticias\/?s={search_term_string}"},"query-input":{"@type":"PropertyValueSpecification","valueRequired":true,"valueName":"search_term_string"}}],"inLanguage":"pt-BR"},{"@type":"Organization","@id":"https:\/\/www.suno.com.br\/noticias\/#organization","name":"Suno Not\u00edcias","url":"https:\/\/www.suno.com.br\/noticias\/","logo":{"@type":"ImageObject","inLanguage":"pt-BR","@id":"https:\/\/www.suno.com.br\/noticias\/#\/schema\/logo\/image\/","url":"https:\/\/files.sunoresearch.com.br\/n\/uploads\/2021\/09\/suno-logo.png","contentUrl":"https:\/\/files.sunoresearch.com.br\/n\/uploads\/2021\/09\/suno-logo.png","width":180,"height":180,"caption":"Suno Not\u00edcias"},"image":{"@id":"https:\/\/www.suno.com.br\/noticias\/#\/schema\/logo\/image\/"},"sameAs":["https:\/\/facebook.com\/sunoresearch","https:\/\/x.com\/sunoresearch","https:\/\/www.instagram.com\/suno","https:\/\/www.linkedin.com\/company\/suno-research\/","https:\/\/www.youtube.com\/c\/sunoresearch"]},{"@type":"Person","@id":"https:\/\/www.suno.com.br\/noticias\/#\/schema\/person\/7f4d362bf3518e76090143ae77bb49a5","name":"Eduardo Vargas","image":{"@type":"ImageObject","inLanguage":"pt-BR","@id":"https:\/\/www.suno.com.br\/noticias\/#\/schema\/person\/image\/","url":"https:\/\/secure.gravatar.com\/avatar\/dac340933427a22924c9f99d1eb2e3f2?s=96&r=g","contentUrl":"https:\/\/secure.gravatar.com\/avatar\/dac340933427a22924c9f99d1eb2e3f2?s=96&r=g","caption":"Eduardo Vargas"},"description":"Jornalista formado pela UFSC, cobre macroeconomia, neg\u00f3cios e startups para o Suno Not\u00edcias, escrevendo principalmente not\u00edcias sobre o mercado financeiro e a bolsa de valores. No YouTube e no Instagram, \u00e9 respons\u00e1vel pela produ\u00e7\u00e3o de Reels e Shorts do Suno Not\u00edcias. Anteriormente, trabalhou cobrindo economia e cotidiano no ND+ e para o ND, maior jornal impresso de Santa Catarina. Cursou um semestre letivo de Estudos de M\u00eddia na Universidad de Buenos Aires.","url":"https:\/\/www.suno.com.br\/noticias\/author\/eduardo-vargas\/"}]}},"default_loop_html":"<div class=\"cardsPage__listCard__boxs\"><div class=\"cardsPage__listCard__boxs__img\"><a href=\"https:\/\/www.suno.com.br\/noticias\/banco-do-brasil-bbas3-colesterol-crescimento-pdd-evm\/\"><img class=\"mask\" src=\"https:\/\/www.suno.com.br\/noticias\/wp-content\/themes\/suno\/resources\/images\/spotlight\/spotlight1img\/bg-mask.png\" alt=\"Image Mask\"\/><img src=\"https:\/\/files.sunoresearch.com.br\/n\/uploads\/2021\/01\/08278551-banco-do-brasil-1-400x200.webp\" alt=\"Banco do Brasil (BBAS3) executivos comentam crescimento de &#8216;colesterol do bem&#8217; no balan\u00e7o\"\/><\/a><span class=\"spotlightCategory\"><a href=\"https:\/\/www.suno.com.br\/noticias\/negocios\/\">Neg\u00f3cios<\/a><\/span><\/div><div class=\"cardsPage__listCard__boxs__content\"><a href=\"https:\/\/www.suno.com.br\/noticias\/banco-do-brasil-bbas3-colesterol-crescimento-pdd-evm\/\"><h2 class=\"content__title\">Banco do Brasil (BBAS3) executivos comentam crescimento de &#8216;colesterol do bem&#8217; no balan\u00e7o<\/h2><\/a><div class=\"newsContent__article__meta\"><div class=\"newsContent__article__meta__authorBox\"><a href=\"https:\/\/www.suno.com.br\/noticias\/author\/camila-figueiredosuno-com-br\/\" class=\"authorBox__avatar noMobi\"><img src=\"https:\/\/files.sunoresearch.com.br\/n\/uploads\/2024\/05\/camila-paim-square-150x150.jpg\" alt=\"Camila Paim\"><\/a><div class=\"authorBox__name\"><span>por\n\t\t\t<a href=\"https:\/\/www.suno.com.br\/noticias\/author\/camila-figueiredosuno-com-br\/\"><span itemprop=\"author\">Camila Paim<\/span><\/a><\/span><time datetime=\"2024-02-09T12:26:31-03:00\" itemprop=\"datePublished\">09\/02\/2024 12:26<\/time><\/div><\/div><\/div><\/div><\/div>","single_layout":"posts","amp_enabled":true,"_links":{"self":[{"href":"https:\/\/www.suno.com.br\/noticias\/wp-json\/wp\/v2\/posts\/522183"}],"collection":[{"href":"https:\/\/www.suno.com.br\/noticias\/wp-json\/wp\/v2\/posts"}],"about":[{"href":"https:\/\/www.suno.com.br\/noticias\/wp-json\/wp\/v2\/types\/post"}],"author":[{"embeddable":true,"href":"https:\/\/www.suno.com.br\/noticias\/wp-json\/wp\/v2\/users\/73"}],"replies":[{"embeddable":true,"href":"https:\/\/www.suno.com.br\/noticias\/wp-json\/wp\/v2\/comments?post=522183"}],"version-history":[{"count":3,"href":"https:\/\/www.suno.com.br\/noticias\/wp-json\/wp\/v2\/posts\/522183\/revisions"}],"predecessor-version":[{"id":522987,"href":"https:\/\/www.suno.com.br\/noticias\/wp-json\/wp\/v2\/posts\/522183\/revisions\/522987"}],"wp:featuredmedia":[{"embeddable":true,"href":"https:\/\/www.suno.com.br\/noticias\/wp-json\/wp\/v2\/media\/112265"}],"wp:attachment":[{"href":"https:\/\/www.suno.com.br\/noticias\/wp-json\/wp\/v2\/media?parent=522183"}],"wp:term":[{"taxonomy":"category","embeddable":true,"href":"https:\/\/www.suno.com.br\/noticias\/wp-json\/wp\/v2\/categories?post=522183"},{"taxonomy":"post_tag","embeddable":true,"href":"https:\/\/www.suno.com.br\/noticias\/wp-json\/wp\/v2\/tags?post=522183"},{"taxonomy":"suno_strategy","embeddable":true,"href":"https:\/\/www.suno.com.br\/noticias\/wp-json\/wp\/v2\/suno_strategy?post=522183"}],"curies":[{"name":"wp","href":"https:\/\/api.w.org\/{rel}","templated":true}]}}