{"id":522038,"date":"2024-02-09T09:33:35","date_gmt":"2024-02-09T12:33:35","guid":{"rendered":"https:\/\/www.suno.com.br\/noticias\/?p=522038"},"modified":"2024-02-09T09:33:41","modified_gmt":"2024-02-09T12:33:41","slug":"oi-oibr3-divisao-fibra-venda-cpf","status":"publish","type":"post","link":"https:\/\/www.suno.com.br\/noticias\/oi-oibr3-divisao-fibra-venda-cpf\/","title":{"rendered":"Oi (OIBR3) poder\u00e1 dividir Oi Fibra em duas partes ou mais para venda, diz coluna"},"content":{"rendered":"<p>Para colocar em pr\u00e1tica seu novo <a class=\"suno-keyword\" target=\"_blank\" data-force=\"no\" data-priority=\"1\" href=\"https:\/\/www.suno.com.br\/artigos\/plano-de-recuperacao\/\" rel=\"noopener\">plano de recupera\u00e7\u00e3o judicial<\/a>, a <strong>Oi (OIBR3) <\/strong>est\u00e1 avaliando dividir a Oi Fibra em partes menores, a fim de facilitar a venda. As informa\u00e7\u00f5es s\u00e3o de fontes pr\u00f3ximas \u00e0s negocia\u00e7\u00f5es, para a Coluna do Broadcast, Estad\u00e3o. <\/p>\t<div class=\"wrapper-featured-image\">\n\t\t<figure class=\"spotlightImg\">\n\n\t\t\t<picture>\n\t\t\t\t<source media=\"(max-width: 768px)\" srcset=\"https:\/\/files.sunoresearch.com.br\/n\/uploads\/2023\/02\/oi-oibr3-dividas-intervencao-anatel-foto-divulgacao-400x200.jpg\">\n\t\t\t\t<img loading=\"lazy\" decoding=\"async\" class=\"newsContent__article__imgCapa lazyloadDisabled \" src=\"https:\/\/files.sunoresearch.com.br\/n\/uploads\/2023\/02\/oi-oibr3-dividas-intervencao-anatel-foto-divulgacao-800x450.jpg\" width=\"800\" height=\"450\" alt=\"Oi (OIBR3) poder\u00e1 dividir Oi Fibra em duas partes ou mais para venda, diz coluna\" fetchpriority=high \/>\n\t\t\t<\/picture>\n\n\t\t\t<figcaption class=\"wp-caption-text wp-caption-text--show\">Oi (OIBR3). Foto: Divulga\u00e7\u00e3o.<\/figcaption>\n\t\t<\/figure>\n\t<\/div>\n\n\n\n\n\n\n\n\t<p>\n\t\t<a href=\"\" target=\"_blank\" data-element=\"shortcode-suno-banner\" title=\"Banner SUNO, clique e saiba mais\">\n\t\t\t<picture>\n\t\t\t\t<source media=\"(max-width: 500px)\" srcset=\"\">\n\t\t\t\t<img class=\"newsContent__article__imgCapa newsContent__article__imgCapa--banner\"\n\t\t\t\t\tsrc=\"\"\n\t\t\t\t\tdata-promo-id=\"250705\"\t\t\t\t\t\t\t\t\t\t\t\t\t\t\talt=\"\"\n\t\t\t\t>\n\t\t\t<\/picture>\n\t\t<\/a>\n\t<\/p>\n\n\n\n\n\n<p>A unidade de banda larga da telef\u00f4nica carioca re\u00fane mais de 4 milh\u00f5es de clientes. Com sua venda, a <strong>Oi <\/strong>tem expectativas de receber pelo menos R$ 7,3 bilh\u00f5es com a transa\u00e7\u00e3o.<\/p>\n\n\n\n<p>Com a divis\u00e3o da <strong>Oi Fibra<\/strong>, o pre\u00e7o de compra dever\u00e1 se tornar mais acess\u00edvel e pretende distribuir os clientes pela forma de atua\u00e7\u00e3o dos compradores. Com a parti\u00e7\u00e3o da unidade, seria mais f\u00e1cil reduzir a concentra\u00e7\u00e3o de mercado, al\u00e9m de evitar problemas com o <a class=\"suno-keyword\" data-force=\"no\" data-priority=\"2\" href=\"https:\/\/www.suno.com.br\/artigos\/cade\/\" target=\"_blank\" rel=\"noopener\">Conselho Administrativo de Defesa Econ\u00f4mica (Cade)<\/a>.<\/p>\n\n\n\n\t<div data-element=\"shortcode-read-more\" class=\"readToo\">\n\t\t\t\t<span class=\"readToo__title\">Leia mais<\/span>\n\t\t\t\t<ul class=\"readToo__list\">\n\t\t\t<li><a href=\"https:\/\/www.suno.com.br\/noticias\/oi-oibr3-acoes-disparam-bolsa-analistas-cpf\/\">Oi (OIBR3) acelera: a\u00e7\u00f5es sobem 11,6%. Analistas apontam dois motivos para alta repentina<\/a><\/li><li><a href=\"https:\/\/www.suno.com.br\/noticias\/oi-oibr3-nova-versao-recuperacao-judicial-gpj\/\">Oi (OIBR3) aprova nova vers\u00e3o do plano de recupera\u00e7\u00e3o judicial; veja detalhes<\/a><\/li>\t\t<\/ul>\n\t<\/div>\n\n\n\n\t<p>\n\t\t<a href=\"https:\/\/lp.suno.com.br\/ebook-como-analisar-uma-acao\/\" target=\"_blank\" data-element=\"shortcode-suno-banner\" title=\"Banner SUNO, clique e saiba mais\">\n\t\t\t<picture>\n\t\t\t\t<source media=\"(max-width: 500px)\" srcset=\"https:\/\/files.sunoresearch.com.br\/n\/uploads\/2023\/03\/Ebook-Acoes-Mobile.jpg\">\n\t\t\t\t<img class=\"newsContent__article__imgCapa newsContent__article__imgCapa--banner\"\n\t\t\t\t\tsrc=\"https:\/\/files.sunoresearch.com.br\/n\/uploads\/2023\/03\/Ebook-Acoes-Desktop.jpg\"\n\t\t\t\t\tdata-promo-id=\"378302\"\t\t\t\t\t\t\t\t\t\twidth='1420' height='286'\t\t\t\t\talt=\"https:\/\/files.sunoresearch.com.br\/n\/uploads\/2023\/03\/Ebook-Acoes-Desktop.jpg\"\n\t\t\t\t>\n\t\t\t<\/picture>\n\t\t<\/a>\n\t<\/p>\n\n\n\n\n\n<h2 class=\"wp-block-heading\">Novo plano de recupera\u00e7\u00e3o judicial da Oi (OIBR3)<\/h2>\n\n\n\n<p>O plano da segunda <strong>recupera\u00e7\u00e3o judicial da <a class=\"suno-keyword\" target=\"_blank\" data-force=\"yes\" data-priority=\"2\" href=\"https:\/\/www.suno.com.br\/acoes\/OIBR3\/\" rel=\"noopener\">Oi (OIBR3)<\/a> <\/strong>em sua mais nova vers\u00e3o foi apresentado na semana passada e aprovado nesta ter\u00e7a-feira (6). Os bancos Citi e BTG Pactual s\u00e3o respons\u00e1veis pela sondagem de interessados na compra da Oi Fibra, que est\u00e1 sendo avaliada por grandes teles nacionais, como a <a class=\"suno-keyword\" target=\"_blank\" data-force=\"yes\" data-priority=\"2\" href=\"https:\/\/www.suno.com.br\/acoes\/TIMS3\/\" rel=\"noopener\">Tim (TIMS3)<\/a>, <a class=\"suno-keyword\" target=\"_blank\" data-force=\"yes\" data-priority=\"2\" href=\"https:\/\/www.suno.com.br\/acoes\/VIVT3\/\" rel=\"noopener\">Vivo (VIVT3)<\/a> e Claro. <\/p>\n\n\n\n<p>\u201cTem bastante provedor estudando\u201d, comentou uma fonte pr\u00f3xima \u00e0 Coluna do Broadcast.<\/p>\n\n\n\n<p>Segundo o jornal, a ideia inicial \u00e9 o desmembramento em duas partes da unidade de fibra, evitando uma perda de escala relevante. Entretanto, um fatiamento maior n\u00e3o est\u00e1 descartado.<\/p>\n\n\n\n<p>No momento, a proposta da divis\u00e3o ainda est\u00e1 sendo estudada pelos assessores financeiros e dever\u00e1 come\u00e7ar a receber propostas n\u00e3o vinculantes, antes de avan\u00e7ar para a avalia\u00e7\u00e3o dos interessados mais bem qualificados. <\/p>\n\n\n\n<p>A previs\u00e3o da venda, em processo competitivo, \u00e9 de conclus\u00e3o em 2025, segundo atesta o documento do plano de <strong>RJ da Oi. <\/strong><\/p>\n\n\n\n<p>\u201cAinda existem an\u00e1lises em andamento para determinar a melhor forma de venda. Isso vai depender das intera\u00e7\u00f5es que os assessores financeiros est\u00e3o fazendo com os potenciais interessados\u201d, disse uma fonte \u00e0 Coluna do Broad. Procurados, Oi (OIBR3), Citi e <a class=\"suno-keyword\" target=\"_blank\" data-force=\"yes\" data-priority=\"2\" href=\"https:\/\/www.suno.com.br\/acoes\/BPAC11\/\" rel=\"noopener\">BTG Pactual (BPAC11)<\/a> n\u00e3o comentaram.<\/p>\n\n\n\t<p>\n\t\t<a href=\"https:\/\/lp.suno.com.br\/plataforma-de-controle-de-investimentos\/\" target=\"_blank\" data-element=\"shortcode-suno-banner\" title=\"Banner SUNO, clique e saiba mais\">\n\t\t\t<picture>\n\t\t\t\t<source media=\"(max-width: 500px)\" srcset=\"https:\/\/files.sunoresearch.com.br\/n\/uploads\/2023\/03\/400x300-Controle-de-Investimentos.png\">\n\t\t\t\t<img class=\"newsContent__article__imgCapa newsContent__article__imgCapa--banner\"\n\t\t\t\t\tsrc=\"https:\/\/files.sunoresearch.com.br\/n\/uploads\/2023\/03\/1420x240-Controle-de-Investimentos.png\"\n\t\t\t\t\tdata-promo-id=\"383162\"\t\t\t\t\t\t\t\t\t\twidth='1420' height='240'\t\t\t\t\talt=\"https:\/\/files.sunoresearch.com.br\/n\/uploads\/2023\/03\/1420x240-Controle-de-Investimentos.png\"\n\t\t\t\t>\n\t\t\t<\/picture>\n\t\t<\/a>\n\t<\/p>\n\n\n","protected":false},"excerpt":{"rendered":"<p>Para colocar em pr\u00e1tica seu novo plano de recupera\u00e7\u00e3o judicial, a Oi (OIBR3) est\u00e1 avaliando dividir a Oi Fibra em partes menores, a fim de facilitar a venda. As informa\u00e7\u00f5es s\u00e3o de fontes pr\u00f3ximas \u00e0s negocia\u00e7\u00f5es, para a Coluna do Broadcast, Estad\u00e3o. Oi (OIBR3). Foto: Divulga\u00e7\u00e3o. A unidade de banda larga da telef\u00f4nica carioca re\u00fane [&hellip;]<\/p>\n","protected":false},"author":283,"featured_media":357961,"comment_status":"closed","ping_status":"closed","sticky":false,"template":"","format":"standard","meta":[],"categories":[64],"tags":[584,314],"suno_strategy":[],"class_list":["post-522038","post","type-post","status-publish","format-standard","has-post-thumbnail","hentry","category-negocios","tag-oi-oibr3-oibr4","tag-recuperacao-judicial"],"yoast_head":"<!-- This site is optimized with the Yoast SEO plugin v24.4 - https:\/\/yoast.com\/wordpress\/plugins\/seo\/ -->\n<title>Oi (OIBR3) poder\u00e1 dividir Oi Fibra em partes para venda, diz jornal<\/title>\n<meta name=\"description\" content=\"Com novo plano de RJ em andamento, a Oi (OIBR3) avalia reduzir as fatias \u00e0 venda da Oi Fibra para acelerar as negocia\u00e7\u00f5es.\" \/>\n<meta name=\"robots\" content=\"index, follow, max-snippet:-1, max-image-preview:large, max-video-preview:-1\" \/>\n<link rel=\"canonical\" href=\"https:\/\/www.suno.com.br\/noticias\/oi-oibr3-divisao-fibra-venda-cpf\/\" \/>\n<meta property=\"og:locale\" content=\"pt_BR\" \/>\n<meta property=\"og:type\" content=\"article\" \/>\n<meta property=\"og:title\" content=\"Oi (OIBR3) poder\u00e1 dividir Oi Fibra em partes para venda, diz jornal\" \/>\n<meta property=\"og:description\" content=\"Com novo plano de RJ em andamento, a Oi (OIBR3) avalia reduzir as fatias \u00e0 venda da Oi Fibra para acelerar as negocia\u00e7\u00f5es.\" \/>\n<meta property=\"og:url\" content=\"https:\/\/www.suno.com.br\/noticias\/oi-oibr3-divisao-fibra-venda-cpf\/\" \/>\n<meta property=\"og:site_name\" content=\"Suno Not\u00edcias\" \/>\n<meta property=\"article:publisher\" content=\"https:\/\/facebook.com\/sunoresearch\" \/>\n<meta property=\"og:image\" content=\"https:\/\/files.sunoresearch.com.br\/n\/uploads\/2023\/02\/oi-oibr3-dividas-intervencao-anatel-foto-divulgacao.jpg\" \/>\n\t<meta property=\"og:image:width\" content=\"1200\" \/>\n\t<meta property=\"og:image:height\" content=\"675\" \/>\n\t<meta property=\"og:image:type\" content=\"image\/jpeg\" \/>\n<meta name=\"author\" content=\"Camila Paim\" \/>\n<meta name=\"twitter:card\" content=\"summary_large_image\" \/>\n<meta name=\"twitter:creator\" content=\"@sunoresearch\" \/>\n<meta name=\"twitter:site\" content=\"@sunoresearch\" \/>\n<meta name=\"twitter:label1\" content=\"Escrito por\" \/>\n\t<meta name=\"twitter:data1\" content=\"Camila Paim\" \/>\n\t<meta name=\"twitter:label2\" content=\"Est. tempo de leitura\" \/>\n\t<meta name=\"twitter:data2\" content=\"2 minutos\" \/>\n<script type=\"application\/ld+json\" class=\"yoast-schema-graph\">{\"@context\":\"https:\/\/schema.org\",\"@graph\":[{\"@type\":\"NewsArticle\",\"@id\":\"https:\/\/www.suno.com.br\/noticias\/oi-oibr3-divisao-fibra-venda-cpf\/#article\",\"isPartOf\":{\"@id\":\"https:\/\/www.suno.com.br\/noticias\/oi-oibr3-divisao-fibra-venda-cpf\/\"},\"author\":{\"name\":\"Camila Paim\",\"@id\":\"https:\/\/www.suno.com.br\/noticias\/#\/schema\/person\/f341d3ae5d1cc685176c9a5327cdfdbb\"},\"headline\":\"Oi (OIBR3) poder\u00e1 dividir Oi Fibra em duas partes ou mais para venda, diz coluna\",\"datePublished\":\"2024-02-09T12:33:35+00:00\",\"dateModified\":\"2024-02-09T12:33:41+00:00\",\"mainEntityOfPage\":{\"@id\":\"https:\/\/www.suno.com.br\/noticias\/oi-oibr3-divisao-fibra-venda-cpf\/\"},\"wordCount\":385,\"publisher\":{\"@id\":\"https:\/\/www.suno.com.br\/noticias\/#organization\"},\"image\":{\"@id\":\"https:\/\/www.suno.com.br\/noticias\/oi-oibr3-divisao-fibra-venda-cpf\/#primaryimage\"},\"thumbnailUrl\":\"https:\/\/files.sunoresearch.com.br\/n\/uploads\/2023\/02\/oi-oibr3-dividas-intervencao-anatel-foto-divulgacao.jpg\",\"keywords\":[\"Oi (OIBR3\/OIBR4)\",\"recupera\u00e7\u00e3o judicial\"],\"articleSection\":[\"Neg\u00f3cios\"],\"inLanguage\":\"pt-BR\"},{\"@type\":\"WebPage\",\"@id\":\"https:\/\/www.suno.com.br\/noticias\/oi-oibr3-divisao-fibra-venda-cpf\/\",\"url\":\"https:\/\/www.suno.com.br\/noticias\/oi-oibr3-divisao-fibra-venda-cpf\/\",\"name\":\"Oi (OIBR3) poder\u00e1 dividir Oi Fibra em partes para venda, diz jornal\",\"isPartOf\":{\"@id\":\"https:\/\/www.suno.com.br\/noticias\/#website\"},\"primaryImageOfPage\":{\"@id\":\"https:\/\/www.suno.com.br\/noticias\/oi-oibr3-divisao-fibra-venda-cpf\/#primaryimage\"},\"image\":{\"@id\":\"https:\/\/www.suno.com.br\/noticias\/oi-oibr3-divisao-fibra-venda-cpf\/#primaryimage\"},\"thumbnailUrl\":\"https:\/\/files.sunoresearch.com.br\/n\/uploads\/2023\/02\/oi-oibr3-dividas-intervencao-anatel-foto-divulgacao.jpg\",\"datePublished\":\"2024-02-09T12:33:35+00:00\",\"dateModified\":\"2024-02-09T12:33:41+00:00\",\"description\":\"Com novo plano de RJ em andamento, a Oi (OIBR3) avalia reduzir as fatias \u00e0 venda da Oi Fibra para acelerar as negocia\u00e7\u00f5es.\",\"breadcrumb\":{\"@id\":\"https:\/\/www.suno.com.br\/noticias\/oi-oibr3-divisao-fibra-venda-cpf\/#breadcrumb\"},\"inLanguage\":\"pt-BR\",\"potentialAction\":[{\"@type\":\"ReadAction\",\"target\":[\"https:\/\/www.suno.com.br\/noticias\/oi-oibr3-divisao-fibra-venda-cpf\/\"]}]},{\"@type\":\"ImageObject\",\"inLanguage\":\"pt-BR\",\"@id\":\"https:\/\/www.suno.com.br\/noticias\/oi-oibr3-divisao-fibra-venda-cpf\/#primaryimage\",\"url\":\"https:\/\/files.sunoresearch.com.br\/n\/uploads\/2023\/02\/oi-oibr3-dividas-intervencao-anatel-foto-divulgacao.jpg\",\"contentUrl\":\"https:\/\/files.sunoresearch.com.br\/n\/uploads\/2023\/02\/oi-oibr3-dividas-intervencao-anatel-foto-divulgacao.jpg\",\"width\":1200,\"height\":675,\"caption\":\"Oi (OIBR3). Foto: Divulga\u00e7\u00e3o.\"},{\"@type\":\"BreadcrumbList\",\"@id\":\"https:\/\/www.suno.com.br\/noticias\/oi-oibr3-divisao-fibra-venda-cpf\/#breadcrumb\",\"itemListElement\":[{\"@type\":\"ListItem\",\"position\":1,\"name\":\"Not\u00edcias\",\"item\":\"https:\/\/www.suno.com.br\/noticias\/\"},{\"@type\":\"ListItem\",\"position\":2,\"name\":\"Neg\u00f3cios\",\"item\":\"https:\/\/www.suno.com.br\/noticias\/negocios\/\"},{\"@type\":\"ListItem\",\"position\":3,\"name\":\"Oi (OIBR3) poder\u00e1 dividir Oi Fibra em duas partes ou mais para venda, diz coluna\"}]},{\"@type\":\"WebSite\",\"@id\":\"https:\/\/www.suno.com.br\/noticias\/#website\",\"url\":\"https:\/\/www.suno.com.br\/noticias\/\",\"name\":\"Suno Not\u00edcias\",\"description\":\"Seu portal de informa\u00e7\u00e3o sobre o mundo dos investimentos\",\"publisher\":{\"@id\":\"https:\/\/www.suno.com.br\/noticias\/#organization\"},\"potentialAction\":[{\"@type\":\"SearchAction\",\"target\":{\"@type\":\"EntryPoint\",\"urlTemplate\":\"https:\/\/www.suno.com.br\/noticias\/?s={search_term_string}\"},\"query-input\":{\"@type\":\"PropertyValueSpecification\",\"valueRequired\":true,\"valueName\":\"search_term_string\"}}],\"inLanguage\":\"pt-BR\"},{\"@type\":\"Organization\",\"@id\":\"https:\/\/www.suno.com.br\/noticias\/#organization\",\"name\":\"Suno Not\u00edcias\",\"url\":\"https:\/\/www.suno.com.br\/noticias\/\",\"logo\":{\"@type\":\"ImageObject\",\"inLanguage\":\"pt-BR\",\"@id\":\"https:\/\/www.suno.com.br\/noticias\/#\/schema\/logo\/image\/\",\"url\":\"https:\/\/files.sunoresearch.com.br\/n\/uploads\/2021\/09\/suno-logo.png\",\"contentUrl\":\"https:\/\/files.sunoresearch.com.br\/n\/uploads\/2021\/09\/suno-logo.png\",\"width\":180,\"height\":180,\"caption\":\"Suno Not\u00edcias\"},\"image\":{\"@id\":\"https:\/\/www.suno.com.br\/noticias\/#\/schema\/logo\/image\/\"},\"sameAs\":[\"https:\/\/facebook.com\/sunoresearch\",\"https:\/\/x.com\/sunoresearch\",\"https:\/\/www.instagram.com\/suno\",\"https:\/\/www.linkedin.com\/company\/suno-research\/\",\"https:\/\/www.youtube.com\/c\/sunoresearch\"]},{\"@type\":\"Person\",\"@id\":\"https:\/\/www.suno.com.br\/noticias\/#\/schema\/person\/f341d3ae5d1cc685176c9a5327cdfdbb\",\"name\":\"Camila Paim\",\"image\":{\"@type\":\"ImageObject\",\"inLanguage\":\"pt-BR\",\"@id\":\"https:\/\/www.suno.com.br\/noticias\/#\/schema\/person\/image\/\",\"url\":\"https:\/\/secure.gravatar.com\/avatar\/f33728e65febb1aa7ecf6792956f9b20?s=96&r=g\",\"contentUrl\":\"https:\/\/secure.gravatar.com\/avatar\/f33728e65febb1aa7ecf6792956f9b20?s=96&r=g\",\"caption\":\"Camila Paim\"},\"description\":\"Jornalista formada pela USP, tem experi\u00eancia em reda\u00e7\u00f5es, SEO, Branded Content e Webdesign. Com passagem pelo Jornal da USP, Empiricus e C6 Bank, hoje \u00e9 rep\u00f3rter no Suno Not\u00edcias cobrindo macroeconomia, finan\u00e7as pessoais e startups.\",\"url\":\"https:\/\/www.suno.com.br\/noticias\/author\/camila-figueiredosuno-com-br\/\"}]}<\/script>\n<!-- \/ Yoast SEO plugin. -->","yoast_head_json":{"title":"Oi (OIBR3) poder\u00e1 dividir Oi Fibra em partes para venda, diz jornal","description":"Com novo plano de RJ em andamento, a Oi (OIBR3) avalia reduzir as fatias \u00e0 venda da Oi Fibra para acelerar as negocia\u00e7\u00f5es.","robots":{"index":"index","follow":"follow","max-snippet":"max-snippet:-1","max-image-preview":"max-image-preview:large","max-video-preview":"max-video-preview:-1"},"canonical":"https:\/\/www.suno.com.br\/noticias\/oi-oibr3-divisao-fibra-venda-cpf\/","og_locale":"pt_BR","og_type":"article","og_title":"Oi (OIBR3) poder\u00e1 dividir Oi Fibra em partes para venda, diz jornal","og_description":"Com novo plano de RJ em andamento, a Oi (OIBR3) avalia reduzir as fatias \u00e0 venda da Oi Fibra para acelerar as negocia\u00e7\u00f5es.","og_url":"https:\/\/www.suno.com.br\/noticias\/oi-oibr3-divisao-fibra-venda-cpf\/","og_site_name":"Suno Not\u00edcias","article_publisher":"https:\/\/facebook.com\/sunoresearch","og_image":[{"width":1200,"height":675,"url":"https:\/\/files.sunoresearch.com.br\/n\/uploads\/2023\/02\/oi-oibr3-dividas-intervencao-anatel-foto-divulgacao.jpg","type":"image\/jpeg"}],"author":"Camila Paim","twitter_card":"summary_large_image","twitter_creator":"@sunoresearch","twitter_site":"@sunoresearch","twitter_misc":{"Escrito por":"Camila Paim","Est. tempo de leitura":"2 minutos"},"schema":{"@context":"https:\/\/schema.org","@graph":[{"@type":"NewsArticle","@id":"https:\/\/www.suno.com.br\/noticias\/oi-oibr3-divisao-fibra-venda-cpf\/#article","isPartOf":{"@id":"https:\/\/www.suno.com.br\/noticias\/oi-oibr3-divisao-fibra-venda-cpf\/"},"author":{"name":"Camila Paim","@id":"https:\/\/www.suno.com.br\/noticias\/#\/schema\/person\/f341d3ae5d1cc685176c9a5327cdfdbb"},"headline":"Oi (OIBR3) poder\u00e1 dividir Oi Fibra em duas partes ou mais para venda, diz coluna","datePublished":"2024-02-09T12:33:35+00:00","dateModified":"2024-02-09T12:33:41+00:00","mainEntityOfPage":{"@id":"https:\/\/www.suno.com.br\/noticias\/oi-oibr3-divisao-fibra-venda-cpf\/"},"wordCount":385,"publisher":{"@id":"https:\/\/www.suno.com.br\/noticias\/#organization"},"image":{"@id":"https:\/\/www.suno.com.br\/noticias\/oi-oibr3-divisao-fibra-venda-cpf\/#primaryimage"},"thumbnailUrl":"https:\/\/files.sunoresearch.com.br\/n\/uploads\/2023\/02\/oi-oibr3-dividas-intervencao-anatel-foto-divulgacao.jpg","keywords":["Oi (OIBR3\/OIBR4)","recupera\u00e7\u00e3o judicial"],"articleSection":["Neg\u00f3cios"],"inLanguage":"pt-BR"},{"@type":"WebPage","@id":"https:\/\/www.suno.com.br\/noticias\/oi-oibr3-divisao-fibra-venda-cpf\/","url":"https:\/\/www.suno.com.br\/noticias\/oi-oibr3-divisao-fibra-venda-cpf\/","name":"Oi (OIBR3) poder\u00e1 dividir Oi Fibra em partes para venda, diz jornal","isPartOf":{"@id":"https:\/\/www.suno.com.br\/noticias\/#website"},"primaryImageOfPage":{"@id":"https:\/\/www.suno.com.br\/noticias\/oi-oibr3-divisao-fibra-venda-cpf\/#primaryimage"},"image":{"@id":"https:\/\/www.suno.com.br\/noticias\/oi-oibr3-divisao-fibra-venda-cpf\/#primaryimage"},"thumbnailUrl":"https:\/\/files.sunoresearch.com.br\/n\/uploads\/2023\/02\/oi-oibr3-dividas-intervencao-anatel-foto-divulgacao.jpg","datePublished":"2024-02-09T12:33:35+00:00","dateModified":"2024-02-09T12:33:41+00:00","description":"Com novo plano de RJ em andamento, a Oi (OIBR3) avalia reduzir as fatias \u00e0 venda da Oi Fibra para acelerar as negocia\u00e7\u00f5es.","breadcrumb":{"@id":"https:\/\/www.suno.com.br\/noticias\/oi-oibr3-divisao-fibra-venda-cpf\/#breadcrumb"},"inLanguage":"pt-BR","potentialAction":[{"@type":"ReadAction","target":["https:\/\/www.suno.com.br\/noticias\/oi-oibr3-divisao-fibra-venda-cpf\/"]}]},{"@type":"ImageObject","inLanguage":"pt-BR","@id":"https:\/\/www.suno.com.br\/noticias\/oi-oibr3-divisao-fibra-venda-cpf\/#primaryimage","url":"https:\/\/files.sunoresearch.com.br\/n\/uploads\/2023\/02\/oi-oibr3-dividas-intervencao-anatel-foto-divulgacao.jpg","contentUrl":"https:\/\/files.sunoresearch.com.br\/n\/uploads\/2023\/02\/oi-oibr3-dividas-intervencao-anatel-foto-divulgacao.jpg","width":1200,"height":675,"caption":"Oi (OIBR3). Foto: Divulga\u00e7\u00e3o."},{"@type":"BreadcrumbList","@id":"https:\/\/www.suno.com.br\/noticias\/oi-oibr3-divisao-fibra-venda-cpf\/#breadcrumb","itemListElement":[{"@type":"ListItem","position":1,"name":"Not\u00edcias","item":"https:\/\/www.suno.com.br\/noticias\/"},{"@type":"ListItem","position":2,"name":"Neg\u00f3cios","item":"https:\/\/www.suno.com.br\/noticias\/negocios\/"},{"@type":"ListItem","position":3,"name":"Oi (OIBR3) poder\u00e1 dividir Oi Fibra em duas partes ou mais para venda, diz coluna"}]},{"@type":"WebSite","@id":"https:\/\/www.suno.com.br\/noticias\/#website","url":"https:\/\/www.suno.com.br\/noticias\/","name":"Suno Not\u00edcias","description":"Seu portal de informa\u00e7\u00e3o sobre o mundo dos investimentos","publisher":{"@id":"https:\/\/www.suno.com.br\/noticias\/#organization"},"potentialAction":[{"@type":"SearchAction","target":{"@type":"EntryPoint","urlTemplate":"https:\/\/www.suno.com.br\/noticias\/?s={search_term_string}"},"query-input":{"@type":"PropertyValueSpecification","valueRequired":true,"valueName":"search_term_string"}}],"inLanguage":"pt-BR"},{"@type":"Organization","@id":"https:\/\/www.suno.com.br\/noticias\/#organization","name":"Suno Not\u00edcias","url":"https:\/\/www.suno.com.br\/noticias\/","logo":{"@type":"ImageObject","inLanguage":"pt-BR","@id":"https:\/\/www.suno.com.br\/noticias\/#\/schema\/logo\/image\/","url":"https:\/\/files.sunoresearch.com.br\/n\/uploads\/2021\/09\/suno-logo.png","contentUrl":"https:\/\/files.sunoresearch.com.br\/n\/uploads\/2021\/09\/suno-logo.png","width":180,"height":180,"caption":"Suno Not\u00edcias"},"image":{"@id":"https:\/\/www.suno.com.br\/noticias\/#\/schema\/logo\/image\/"},"sameAs":["https:\/\/facebook.com\/sunoresearch","https:\/\/x.com\/sunoresearch","https:\/\/www.instagram.com\/suno","https:\/\/www.linkedin.com\/company\/suno-research\/","https:\/\/www.youtube.com\/c\/sunoresearch"]},{"@type":"Person","@id":"https:\/\/www.suno.com.br\/noticias\/#\/schema\/person\/f341d3ae5d1cc685176c9a5327cdfdbb","name":"Camila Paim","image":{"@type":"ImageObject","inLanguage":"pt-BR","@id":"https:\/\/www.suno.com.br\/noticias\/#\/schema\/person\/image\/","url":"https:\/\/secure.gravatar.com\/avatar\/f33728e65febb1aa7ecf6792956f9b20?s=96&r=g","contentUrl":"https:\/\/secure.gravatar.com\/avatar\/f33728e65febb1aa7ecf6792956f9b20?s=96&r=g","caption":"Camila Paim"},"description":"Jornalista formada pela USP, tem experi\u00eancia em reda\u00e7\u00f5es, SEO, Branded Content e Webdesign. Com passagem pelo Jornal da USP, Empiricus e C6 Bank, hoje \u00e9 rep\u00f3rter no Suno Not\u00edcias cobrindo macroeconomia, finan\u00e7as pessoais e startups.","url":"https:\/\/www.suno.com.br\/noticias\/author\/camila-figueiredosuno-com-br\/"}]}},"default_loop_html":"<div class=\"cardsPage__listCard__boxs\"><div class=\"cardsPage__listCard__boxs__img\"><a href=\"https:\/\/www.suno.com.br\/noticias\/oi-oibr3-divisao-fibra-venda-cpf\/\"><img class=\"mask\" src=\"https:\/\/www.suno.com.br\/noticias\/wp-content\/themes\/suno\/resources\/images\/spotlight\/spotlight1img\/bg-mask.png\" alt=\"Image Mask\"\/><img src=\"https:\/\/files.sunoresearch.com.br\/n\/uploads\/2023\/02\/oi-oibr3-dividas-intervencao-anatel-foto-divulgacao-400x200.jpg\" alt=\"Oi (OIBR3) poder\u00e1 dividir Oi Fibra em duas partes ou mais para venda, diz coluna\"\/><\/a><span class=\"spotlightCategory\"><a href=\"https:\/\/www.suno.com.br\/noticias\/negocios\/\">Neg\u00f3cios<\/a><\/span><\/div><div class=\"cardsPage__listCard__boxs__content\"><a href=\"https:\/\/www.suno.com.br\/noticias\/oi-oibr3-divisao-fibra-venda-cpf\/\"><h2 class=\"content__title\">Oi (OIBR3) poder\u00e1 dividir Oi Fibra em duas partes ou mais para venda, diz coluna<\/h2><\/a><div class=\"newsContent__article__meta\"><div class=\"newsContent__article__meta__authorBox\"><a href=\"https:\/\/www.suno.com.br\/noticias\/author\/giovanni-porfiriosuno-com-br\/\" class=\"authorBox__avatar noMobi\"><img src=\"https:\/\/files.sunoresearch.com.br\/n\/uploads\/2024\/05\/DSCF4115-1-1-150x150.webp\" alt=\"Giovanni Porf\u00edrio Jacomino\"><\/a><div class=\"authorBox__name\"><span>por\n\t\t\t<a href=\"https:\/\/www.suno.com.br\/noticias\/author\/giovanni-porfiriosuno-com-br\/\"><span itemprop=\"author\">Giovanni Porf\u00edrio Jacomino<\/span><\/a><\/span><time datetime=\"2024-02-09T09:33:35-03:00\" itemprop=\"datePublished\">09\/02\/2024 09:33<\/time><\/div><\/div><\/div><\/div><\/div>","single_layout":"posts","amp_enabled":true,"_links":{"self":[{"href":"https:\/\/www.suno.com.br\/noticias\/wp-json\/wp\/v2\/posts\/522038"}],"collection":[{"href":"https:\/\/www.suno.com.br\/noticias\/wp-json\/wp\/v2\/posts"}],"about":[{"href":"https:\/\/www.suno.com.br\/noticias\/wp-json\/wp\/v2\/types\/post"}],"author":[{"embeddable":true,"href":"https:\/\/www.suno.com.br\/noticias\/wp-json\/wp\/v2\/users\/283"}],"replies":[{"embeddable":true,"href":"https:\/\/www.suno.com.br\/noticias\/wp-json\/wp\/v2\/comments?post=522038"}],"version-history":[{"count":3,"href":"https:\/\/www.suno.com.br\/noticias\/wp-json\/wp\/v2\/posts\/522038\/revisions"}],"predecessor-version":[{"id":522061,"href":"https:\/\/www.suno.com.br\/noticias\/wp-json\/wp\/v2\/posts\/522038\/revisions\/522061"}],"wp:featuredmedia":[{"embeddable":true,"href":"https:\/\/www.suno.com.br\/noticias\/wp-json\/wp\/v2\/media\/357961"}],"wp:attachment":[{"href":"https:\/\/www.suno.com.br\/noticias\/wp-json\/wp\/v2\/media?parent=522038"}],"wp:term":[{"taxonomy":"category","embeddable":true,"href":"https:\/\/www.suno.com.br\/noticias\/wp-json\/wp\/v2\/categories?post=522038"},{"taxonomy":"post_tag","embeddable":true,"href":"https:\/\/www.suno.com.br\/noticias\/wp-json\/wp\/v2\/tags?post=522038"},{"taxonomy":"suno_strategy","embeddable":true,"href":"https:\/\/www.suno.com.br\/noticias\/wp-json\/wp\/v2\/suno_strategy?post=522038"}],"curies":[{"name":"wp","href":"https:\/\/api.w.org\/{rel}","templated":true}]}}