{"id":521963,"date":"2024-02-09T07:39:05","date_gmt":"2024-02-09T10:39:05","guid":{"rendered":"https:\/\/www.suno.com.br\/noticias\/?p=521963"},"modified":"2024-02-09T07:39:09","modified_gmt":"2024-02-09T10:39:09","slug":"bolsas-asiaticas-china-fechada-japao-destaque-gss","status":"publish","type":"post","link":"https:\/\/www.suno.com.br\/noticias\/bolsas-asiaticas-china-fechada-japao-destaque-gss\/","title":{"rendered":"Bolsas asi\u00e1ticas: com China fechada, Jap\u00e3o \u00e9 destaque; Europa tem leves altas"},"content":{"rendered":"<p>As <strong>bolsas asi\u00e1ticas<\/strong> encerraram os neg\u00f3cios desta sexta-feira (09) em alta marginal, acompanhando leves ganhos em <a class=\"suno-keyword\" data-force=\"no\" data-priority=\"2\" href=\"https:\/\/www.suno.com.br\/artigos\/wall-street\/\" target=\"_blank\" rel=\"noopener\">Wall Street<\/a>, em meio a feriados que mantiveram os mercados fechados em v\u00e1rias partes da \u00c1sia.<\/p>\t<div class=\"wrapper-featured-image\">\n\t\t<figure class=\"spotlightImg\">\n\n\t\t\t<picture>\n\t\t\t\t<source media=\"(max-width: 768px)\" srcset=\"https:\/\/files.sunoresearch.com.br\/n\/uploads\/2019\/08\/d492d4fd-jap\u00e3o-400x200.webp\">\n\t\t\t\t<img loading=\"lazy\" decoding=\"async\" class=\"newsContent__article__imgCapa lazyloadDisabled \" src=\"https:\/\/files.sunoresearch.com.br\/n\/uploads\/2019\/08\/d492d4fd-jap\u00e3o-800x450.webp\" width=\"800\" height=\"450\" alt=\"Bolsas asi\u00e1ticas: com China fechada, Jap\u00e3o \u00e9 destaque; Europa tem leves altas\" fetchpriority=high \/>\n\t\t\t<\/picture>\n\n\t\t\t<figcaption class=\"wp-caption-text wp-caption-text--show\">Jap\u00e3o<\/figcaption>\n\t\t<\/figure>\n\t<\/div>\n\n\n\n\n\n\n\n\t<p>\n\t\t<a href=\"https:\/\/lp.suno.com.br\/planilha-da-vida-financeira\/\" target=\"_blank\" data-element=\"shortcode-suno-banner\" title=\"Banner SUNO, clique e saiba mais\">\n\t\t\t<picture>\n\t\t\t\t<source media=\"(max-width: 500px)\" srcset=\"https:\/\/files.sunoresearch.com.br\/n\/uploads\/2023\/04\/400x300-Planilha-vida-financeira-true.png\">\n\t\t\t\t<img class=\"newsContent__article__imgCapa newsContent__article__imgCapa--banner\"\n\t\t\t\t\tsrc=\"https:\/\/files.sunoresearch.com.br\/n\/uploads\/2023\/04\/1420x240-Planilha-vida-financeira-true.png\"\n\t\t\t\t\tdata-promo-id=\"106682\"\t\t\t\t\t\t\t\t\t\twidth='1420' height='240'\t\t\t\t\talt=\"https:\/\/files.sunoresearch.com.br\/n\/uploads\/2023\/04\/1420x240-Planilha-vida-financeira-true.png\"\n\t\t\t\t>\n\t\t\t<\/picture>\n\t\t<\/a>\n\t<\/p>\n\n\n\n\n\n<p>Esse cen\u00e1rio pode influenciar nas negocia\u00e7\u00f5es do <strong>Ibovespa hoje<\/strong>. Na quinta-feira (08), o \u00edndice fechou em <a href=\"https:\/\/www.suno.com.br\/noticias\/ibovespa-hoje-08-02-24-petr4-vale3-queda-cmin3-alta-jvj\/\">queda de 1,33%, aos 128.216,92 pontos.<\/a><\/p>\n\n\n\n<p>Na China continental, assim como em Hong Kong, Taiwan e Coreia do Sul, os mercados n\u00e3o operaram hoje devido a feriados de ano novo.<\/p>\n\n\n\n<p>J\u00e1 o \u00edndice japon\u00eas <strong>Nikkei<\/strong> subiu 0,09% em T\u00f3quio, a 36.897,42 pontos, nova m\u00e1xima em 34 anos, sustentado por a\u00e7\u00f5es de empresas que divulgaram balan\u00e7os positivos, caso de Daifuku (+13%) e SoftBank Group (+8,7%). Ao longo da semana, o Nikkei acumulou alta de 1,31%.<\/p>\n\n\n\n<p>Na Oceania, a bolsa australiana ficou no azul pelo terceiro preg\u00e3o seguido, com ganhos liderados pelo setor de tecnologia. O <strong>S&amp;P\/ASX 200<\/strong> avan\u00e7ou 0,07% em Sydney, a 7.644,80 pontos. Na semana, por\u00e9m, o \u00edndice registrou perda de 0,71%.<\/p>\n\n\n\n<p>O contido apetite por risco na regi\u00e3o da \u00c1sia e do Pac\u00edfico veio ap\u00f3s as bolsas de Nova York subirem levemente ontem, com novos recordes de fechamento do <a class=\"suno-keyword\" target=\"_blank\" data-force=\"no\" data-priority=\"2\" href=\"https:\/\/www.suno.com.br\/artigos\/indice-dow-jones-djia\/\" rel=\"noopener\">Dow Jones<\/a> e do S&amp;P 500.<\/p>\n\n\n\t<p>\n\t\t<a href=\"https:\/\/lp.suno.com.br\/ebook-como-analisar-uma-acao\/\" target=\"_blank\" data-element=\"shortcode-suno-banner\" title=\"Banner SUNO, clique e saiba mais\">\n\t\t\t<picture>\n\t\t\t\t<source media=\"(max-width: 500px)\" srcset=\"https:\/\/files.sunoresearch.com.br\/n\/uploads\/2023\/03\/Ebook-Acoes-Mobile.jpg\">\n\t\t\t\t<img class=\"newsContent__article__imgCapa newsContent__article__imgCapa--banner\"\n\t\t\t\t\tsrc=\"https:\/\/files.sunoresearch.com.br\/n\/uploads\/2023\/03\/Ebook-Acoes-Desktop.jpg\"\n\t\t\t\t\tdata-promo-id=\"378302\"\t\t\t\t\t\t\t\t\t\twidth='1420' height='286'\t\t\t\t\talt=\"https:\/\/files.sunoresearch.com.br\/n\/uploads\/2023\/03\/Ebook-Acoes-Desktop.jpg\"\n\t\t\t\t>\n\t\t\t<\/picture>\n\t\t<\/a>\n\t<\/p>\n\n\n\n\n\n<h2 class=\"wp-block-heading\">Europa tem leve alta<\/h2>\n\n\n\n<p>As <strong>bolsas europeias <\/strong>oscilam perto da estabilidade na manh\u00e3 desta sexta-feira, buscando dire\u00e7\u00e3o ap\u00f3s dados da infla\u00e7\u00e3o alem\u00e3 e em meio a incertezas sobre a trajet\u00f3ria dos juros na regi\u00e3o e tamb\u00e9m nos EUA.<\/p>\n\n\n\n<p>Confira o desempenho dos \u00edndices por volta das 07h30:<\/p>\n\n\n\n<ul class=\"wp-block-list\">\n<li>Londres (<strong>FTSE100<\/strong>): +0,11% a 7.603 pontos<\/li>\n\n\n\n<li>Frankfurt (<strong>DAX<\/strong>): +0,12% a 16.938 pontos<\/li>\n\n\n\n<li>Paris (<a href=\"https:\/\/www.suno.com.br\/artigos\/cac-40\/\" target=\"_blank\" rel=\"noreferrer noopener\"><strong>CAC 40<\/strong><\/a>): -0,01% a 7.664 pontos<\/li>\n\n\n\n<li>Madrid (<strong>Ibex 35<\/strong>): +0,04% a 9.909 pontos<\/li>\n\n\n\n<li>Europa (<strong>Stoxx 50<\/strong>): +0,10% a 4.715 pontos<\/li>\n<\/ul>\n\n\n\n<p>Mais cedo, pesquisa do Destatis confirmou que a taxa anual de infla\u00e7\u00e3o ao consumidor (CPI) da Alemanha desacelerou significativamente em janeiro, fator que aumenta a probabilidade de um corte de juros na <a class=\"suno-keyword\" target=\"_blank\" data-force=\"no\" data-priority=\"1\" href=\"https:\/\/www.suno.com.br\/artigos\/zona-do-euro\/\" rel=\"noopener\">zona do euro<\/a> mais adiante.<\/p>\n\n\n\n<p>Nos \u00faltimos dias, autoridades do <strong>Banco Central Europeu<\/strong> (BCE) demonstraram cautela em rela\u00e7\u00e3o ao comportamento da infla\u00e7\u00e3o no bloco, sinalizando que \u00e9 preciso aguardar mais antes come\u00e7ar a reduzir juros.<\/p>\n\n\n\n<p>A mesma d\u00favida persiste em rela\u00e7\u00e3o \u00e0 <a class=\"suno-keyword\" target=\"_blank\" data-force=\"no\" data-priority=\"1\" href=\"https:\/\/www.suno.com.br\/artigos\/politica-monetaria\/\" rel=\"noopener\">pol\u00edtica monet\u00e1ria<\/a> dos EUA. Segundo monitoramento do CME Group, h\u00e1 chance apenas ligeiramente maior de 50% de que o Federal Reserve (Fed, o banco central americano) anuncie seu primeiro corte de juros em maio. L\u00e1 tamb\u00e9m, dirigentes dizem que \u00e9 preciso acompanhar mais dados de infla\u00e7\u00e3o antes de se considerar um eventual relaxamento do aperto monet\u00e1rio.<\/p>\n\n\n\n<p>A agenda de hoje prev\u00ea discursos do dirigente do BCE Piero Cipollone e da presidente da distrital do Fed em Dallas, Lorie Logan.<\/p>\n\n\n\n<p><em>*Com informa\u00e7\u00f5es de Dow Jones Newswires e Estad\u00e3o Conte\u00fado<\/em><\/p>\n\n\n\t<p>\n\t\t<a href=\"https:\/\/lp.suno.com.br\/planilha-da-vida-financeira\/\" target=\"_blank\" data-element=\"shortcode-suno-banner\" title=\"Banner SUNO, clique e saiba mais\">\n\t\t\t<picture>\n\t\t\t\t<source media=\"(max-width: 500px)\" srcset=\"https:\/\/files.sunoresearch.com.br\/n\/uploads\/2023\/04\/400x300-Planilha-vida-financeira-true.png\">\n\t\t\t\t<img class=\"newsContent__article__imgCapa newsContent__article__imgCapa--banner\"\n\t\t\t\t\tsrc=\"https:\/\/files.sunoresearch.com.br\/n\/uploads\/2023\/04\/1420x240-Planilha-vida-financeira-true.png\"\n\t\t\t\t\tdata-promo-id=\"383123\"\t\t\t\t\t\t\t\t\t\twidth='1420' height='240'\t\t\t\t\talt=\"https:\/\/files.sunoresearch.com.br\/n\/uploads\/2023\/04\/1420x240-Planilha-vida-financeira-true.png\"\n\t\t\t\t>\n\t\t\t<\/picture>\n\t\t<\/a>\n\t<\/p>\n\n\n","protected":false},"excerpt":{"rendered":"<p>As bolsas asi\u00e1ticas encerraram os neg\u00f3cios desta sexta-feira (09) em alta marginal, acompanhando leves ganhos em Wall Street, em meio a feriados que mantiveram os mercados fechados em v\u00e1rias partes da \u00c1sia. Jap\u00e3o Esse cen\u00e1rio pode influenciar nas negocia\u00e7\u00f5es do Ibovespa hoje. Na quinta-feira (08), o \u00edndice fechou em queda de 1,33%, aos 128.216,92 pontos. [&hellip;]<\/p>\n","protected":false},"author":322,"featured_media":34542,"comment_status":"closed","ping_status":"closed","sticky":false,"template":"","format":"standard","meta":[],"categories":[63],"tags":[104703],"suno_strategy":[],"class_list":["post-521963","post","type-post","status-publish","format-standard","has-post-thumbnail","hentry","category-internacional","tag-bolsas-mundiais"],"yoast_head":"<!-- This site is optimized with the Yoast SEO plugin v24.4 - https:\/\/yoast.com\/wordpress\/plugins\/seo\/ -->\n<title>Bolsas asi\u00e1ticas: com China fechada, Jap\u00e3o \u00e9 destaque hoje (09)<\/title>\n<meta name=\"description\" content=\"Jap\u00e3o foi destaque hoje (09) entre as bolsas asi\u00e1ticas, com a China fechada pelo feriado lunar. Na Europa, \u00edndices t\u00eam leve alta.\" \/>\n<meta name=\"robots\" content=\"index, follow, max-snippet:-1, max-image-preview:large, max-video-preview:-1\" \/>\n<link rel=\"canonical\" href=\"https:\/\/www.suno.com.br\/noticias\/bolsas-asiaticas-china-fechada-japao-destaque-gss\/\" \/>\n<meta property=\"og:locale\" content=\"pt_BR\" \/>\n<meta property=\"og:type\" content=\"article\" \/>\n<meta property=\"og:title\" content=\"Bolsas asi\u00e1ticas: com China fechada, Jap\u00e3o \u00e9 destaque hoje (09)\" \/>\n<meta property=\"og:description\" content=\"Jap\u00e3o foi destaque hoje (09) entre as bolsas asi\u00e1ticas, com a China fechada pelo feriado lunar. Na Europa, \u00edndices t\u00eam leve alta.\" \/>\n<meta property=\"og:url\" content=\"https:\/\/www.suno.com.br\/noticias\/bolsas-asiaticas-china-fechada-japao-destaque-gss\/\" \/>\n<meta property=\"og:site_name\" content=\"Suno Not\u00edcias\" \/>\n<meta property=\"article:publisher\" content=\"https:\/\/facebook.com\/sunoresearch\" \/>\n<meta property=\"og:image\" content=\"https:\/\/files.sunoresearch.com.br\/n\/uploads\/2019\/08\/d492d4fd-jap\u00e3o-1024x683.jpg\" \/>\n\t<meta property=\"og:image:width\" content=\"1024\" \/>\n\t<meta property=\"og:image:height\" content=\"683\" \/>\n\t<meta property=\"og:image:type\" content=\"image\/jpeg\" \/>\n<meta name=\"author\" content=\"Guilherme Serrano Silva\" \/>\n<meta name=\"twitter:card\" content=\"summary_large_image\" \/>\n<meta name=\"twitter:creator\" content=\"@sunoresearch\" \/>\n<meta name=\"twitter:site\" content=\"@sunoresearch\" \/>\n<meta name=\"twitter:label1\" content=\"Escrito por\" \/>\n\t<meta name=\"twitter:data1\" content=\"Guilherme Serrano Silva\" \/>\n\t<meta name=\"twitter:label2\" content=\"Est. tempo de leitura\" \/>\n\t<meta name=\"twitter:data2\" content=\"3 minutos\" \/>\n<script type=\"application\/ld+json\" class=\"yoast-schema-graph\">{\"@context\":\"https:\/\/schema.org\",\"@graph\":[{\"@type\":\"NewsArticle\",\"@id\":\"https:\/\/www.suno.com.br\/noticias\/bolsas-asiaticas-china-fechada-japao-destaque-gss\/#article\",\"isPartOf\":{\"@id\":\"https:\/\/www.suno.com.br\/noticias\/bolsas-asiaticas-china-fechada-japao-destaque-gss\/\"},\"author\":{\"name\":\"Guilherme Serrano Silva\",\"@id\":\"https:\/\/www.suno.com.br\/noticias\/#\/schema\/person\/4a72de8e10febe6d8a50711404b010b3\"},\"headline\":\"Bolsas asi\u00e1ticas: com China fechada, Jap\u00e3o \u00e9 destaque; Europa tem leves altas\",\"datePublished\":\"2024-02-09T10:39:05+00:00\",\"dateModified\":\"2024-02-09T10:39:09+00:00\",\"mainEntityOfPage\":{\"@id\":\"https:\/\/www.suno.com.br\/noticias\/bolsas-asiaticas-china-fechada-japao-destaque-gss\/\"},\"wordCount\":469,\"publisher\":{\"@id\":\"https:\/\/www.suno.com.br\/noticias\/#organization\"},\"image\":{\"@id\":\"https:\/\/www.suno.com.br\/noticias\/bolsas-asiaticas-china-fechada-japao-destaque-gss\/#primaryimage\"},\"thumbnailUrl\":\"https:\/\/files.sunoresearch.com.br\/n\/uploads\/2019\/08\/d492d4fd-jap\u00e3o-scaled.webp\",\"keywords\":[\"Bolsas mundiais\"],\"articleSection\":[\"Internacional\"],\"inLanguage\":\"pt-BR\"},{\"@type\":\"WebPage\",\"@id\":\"https:\/\/www.suno.com.br\/noticias\/bolsas-asiaticas-china-fechada-japao-destaque-gss\/\",\"url\":\"https:\/\/www.suno.com.br\/noticias\/bolsas-asiaticas-china-fechada-japao-destaque-gss\/\",\"name\":\"Bolsas asi\u00e1ticas: com China fechada, Jap\u00e3o \u00e9 destaque hoje (09)\",\"isPartOf\":{\"@id\":\"https:\/\/www.suno.com.br\/noticias\/#website\"},\"primaryImageOfPage\":{\"@id\":\"https:\/\/www.suno.com.br\/noticias\/bolsas-asiaticas-china-fechada-japao-destaque-gss\/#primaryimage\"},\"image\":{\"@id\":\"https:\/\/www.suno.com.br\/noticias\/bolsas-asiaticas-china-fechada-japao-destaque-gss\/#primaryimage\"},\"thumbnailUrl\":\"https:\/\/files.sunoresearch.com.br\/n\/uploads\/2019\/08\/d492d4fd-jap\u00e3o-scaled.webp\",\"datePublished\":\"2024-02-09T10:39:05+00:00\",\"dateModified\":\"2024-02-09T10:39:09+00:00\",\"description\":\"Jap\u00e3o foi destaque hoje (09) entre as bolsas asi\u00e1ticas, com a China fechada pelo feriado lunar. Na Europa, \u00edndices t\u00eam leve alta.\",\"breadcrumb\":{\"@id\":\"https:\/\/www.suno.com.br\/noticias\/bolsas-asiaticas-china-fechada-japao-destaque-gss\/#breadcrumb\"},\"inLanguage\":\"pt-BR\",\"potentialAction\":[{\"@type\":\"ReadAction\",\"target\":[\"https:\/\/www.suno.com.br\/noticias\/bolsas-asiaticas-china-fechada-japao-destaque-gss\/\"]}]},{\"@type\":\"ImageObject\",\"inLanguage\":\"pt-BR\",\"@id\":\"https:\/\/www.suno.com.br\/noticias\/bolsas-asiaticas-china-fechada-japao-destaque-gss\/#primaryimage\",\"url\":\"https:\/\/files.sunoresearch.com.br\/n\/uploads\/2019\/08\/d492d4fd-jap\u00e3o-scaled.webp\",\"contentUrl\":\"https:\/\/files.sunoresearch.com.br\/n\/uploads\/2019\/08\/d492d4fd-jap\u00e3o-scaled.webp\",\"width\":2560,\"height\":1707,\"caption\":\"Jap\u00e3o\"},{\"@type\":\"BreadcrumbList\",\"@id\":\"https:\/\/www.suno.com.br\/noticias\/bolsas-asiaticas-china-fechada-japao-destaque-gss\/#breadcrumb\",\"itemListElement\":[{\"@type\":\"ListItem\",\"position\":1,\"name\":\"Not\u00edcias\",\"item\":\"https:\/\/www.suno.com.br\/noticias\/\"},{\"@type\":\"ListItem\",\"position\":2,\"name\":\"Internacional\",\"item\":\"https:\/\/www.suno.com.br\/noticias\/internacional\/\"},{\"@type\":\"ListItem\",\"position\":3,\"name\":\"Bolsas asi\u00e1ticas: com China fechada, Jap\u00e3o \u00e9 destaque; Europa tem leves altas\"}]},{\"@type\":\"WebSite\",\"@id\":\"https:\/\/www.suno.com.br\/noticias\/#website\",\"url\":\"https:\/\/www.suno.com.br\/noticias\/\",\"name\":\"Suno Not\u00edcias\",\"description\":\"Seu portal de informa\u00e7\u00e3o sobre o mundo dos investimentos\",\"publisher\":{\"@id\":\"https:\/\/www.suno.com.br\/noticias\/#organization\"},\"potentialAction\":[{\"@type\":\"SearchAction\",\"target\":{\"@type\":\"EntryPoint\",\"urlTemplate\":\"https:\/\/www.suno.com.br\/noticias\/?s={search_term_string}\"},\"query-input\":{\"@type\":\"PropertyValueSpecification\",\"valueRequired\":true,\"valueName\":\"search_term_string\"}}],\"inLanguage\":\"pt-BR\"},{\"@type\":\"Organization\",\"@id\":\"https:\/\/www.suno.com.br\/noticias\/#organization\",\"name\":\"Suno Not\u00edcias\",\"url\":\"https:\/\/www.suno.com.br\/noticias\/\",\"logo\":{\"@type\":\"ImageObject\",\"inLanguage\":\"pt-BR\",\"@id\":\"https:\/\/www.suno.com.br\/noticias\/#\/schema\/logo\/image\/\",\"url\":\"https:\/\/files.sunoresearch.com.br\/n\/uploads\/2021\/09\/suno-logo.png\",\"contentUrl\":\"https:\/\/files.sunoresearch.com.br\/n\/uploads\/2021\/09\/suno-logo.png\",\"width\":180,\"height\":180,\"caption\":\"Suno Not\u00edcias\"},\"image\":{\"@id\":\"https:\/\/www.suno.com.br\/noticias\/#\/schema\/logo\/image\/\"},\"sameAs\":[\"https:\/\/facebook.com\/sunoresearch\",\"https:\/\/x.com\/sunoresearch\",\"https:\/\/www.instagram.com\/suno\",\"https:\/\/www.linkedin.com\/company\/suno-research\/\",\"https:\/\/www.youtube.com\/c\/sunoresearch\"]},{\"@type\":\"Person\",\"@id\":\"https:\/\/www.suno.com.br\/noticias\/#\/schema\/person\/4a72de8e10febe6d8a50711404b010b3\",\"name\":\"Guilherme Serrano Silva\",\"image\":{\"@type\":\"ImageObject\",\"inLanguage\":\"pt-BR\",\"@id\":\"https:\/\/www.suno.com.br\/noticias\/#\/schema\/person\/image\/\",\"url\":\"https:\/\/secure.gravatar.com\/avatar\/aba5eb082d0443f542e94a82c79e9d50?s=96&r=g\",\"contentUrl\":\"https:\/\/secure.gravatar.com\/avatar\/aba5eb082d0443f542e94a82c79e9d50?s=96&r=g\",\"caption\":\"Guilherme Serrano Silva\"},\"description\":\"Jornalista formado pela Faculdade C\u00e1sper L\u00edbero e p\u00f3s-graduado em Can\u00e7\u00e3o Popular pela Faculdade Santa Marcelina. Passagens por R\u00e1dio Gazeta AM, gazetaesportiva.com e TC R\u00e1dio.\",\"url\":\"https:\/\/www.suno.com.br\/noticias\/author\/guilhermeserranosilvagmail-com\/\"}]}<\/script>\n<!-- \/ Yoast SEO plugin. -->","yoast_head_json":{"title":"Bolsas asi\u00e1ticas: com China fechada, Jap\u00e3o \u00e9 destaque hoje (09)","description":"Jap\u00e3o foi destaque hoje (09) entre as bolsas asi\u00e1ticas, com a China fechada pelo feriado lunar. Na Europa, \u00edndices t\u00eam leve alta.","robots":{"index":"index","follow":"follow","max-snippet":"max-snippet:-1","max-image-preview":"max-image-preview:large","max-video-preview":"max-video-preview:-1"},"canonical":"https:\/\/www.suno.com.br\/noticias\/bolsas-asiaticas-china-fechada-japao-destaque-gss\/","og_locale":"pt_BR","og_type":"article","og_title":"Bolsas asi\u00e1ticas: com China fechada, Jap\u00e3o \u00e9 destaque hoje (09)","og_description":"Jap\u00e3o foi destaque hoje (09) entre as bolsas asi\u00e1ticas, com a China fechada pelo feriado lunar. Na Europa, \u00edndices t\u00eam leve alta.","og_url":"https:\/\/www.suno.com.br\/noticias\/bolsas-asiaticas-china-fechada-japao-destaque-gss\/","og_site_name":"Suno Not\u00edcias","article_publisher":"https:\/\/facebook.com\/sunoresearch","og_image":[{"width":1024,"height":683,"url":"https:\/\/files.sunoresearch.com.br\/n\/uploads\/2019\/08\/d492d4fd-jap\u00e3o-1024x683.jpg","type":"image\/jpeg"}],"author":"Guilherme Serrano Silva","twitter_card":"summary_large_image","twitter_creator":"@sunoresearch","twitter_site":"@sunoresearch","twitter_misc":{"Escrito por":"Guilherme Serrano Silva","Est. tempo de leitura":"3 minutos"},"schema":{"@context":"https:\/\/schema.org","@graph":[{"@type":"NewsArticle","@id":"https:\/\/www.suno.com.br\/noticias\/bolsas-asiaticas-china-fechada-japao-destaque-gss\/#article","isPartOf":{"@id":"https:\/\/www.suno.com.br\/noticias\/bolsas-asiaticas-china-fechada-japao-destaque-gss\/"},"author":{"name":"Guilherme Serrano Silva","@id":"https:\/\/www.suno.com.br\/noticias\/#\/schema\/person\/4a72de8e10febe6d8a50711404b010b3"},"headline":"Bolsas asi\u00e1ticas: com China fechada, Jap\u00e3o \u00e9 destaque; Europa tem leves altas","datePublished":"2024-02-09T10:39:05+00:00","dateModified":"2024-02-09T10:39:09+00:00","mainEntityOfPage":{"@id":"https:\/\/www.suno.com.br\/noticias\/bolsas-asiaticas-china-fechada-japao-destaque-gss\/"},"wordCount":469,"publisher":{"@id":"https:\/\/www.suno.com.br\/noticias\/#organization"},"image":{"@id":"https:\/\/www.suno.com.br\/noticias\/bolsas-asiaticas-china-fechada-japao-destaque-gss\/#primaryimage"},"thumbnailUrl":"https:\/\/files.sunoresearch.com.br\/n\/uploads\/2019\/08\/d492d4fd-jap\u00e3o-scaled.webp","keywords":["Bolsas mundiais"],"articleSection":["Internacional"],"inLanguage":"pt-BR"},{"@type":"WebPage","@id":"https:\/\/www.suno.com.br\/noticias\/bolsas-asiaticas-china-fechada-japao-destaque-gss\/","url":"https:\/\/www.suno.com.br\/noticias\/bolsas-asiaticas-china-fechada-japao-destaque-gss\/","name":"Bolsas asi\u00e1ticas: com China fechada, Jap\u00e3o \u00e9 destaque hoje (09)","isPartOf":{"@id":"https:\/\/www.suno.com.br\/noticias\/#website"},"primaryImageOfPage":{"@id":"https:\/\/www.suno.com.br\/noticias\/bolsas-asiaticas-china-fechada-japao-destaque-gss\/#primaryimage"},"image":{"@id":"https:\/\/www.suno.com.br\/noticias\/bolsas-asiaticas-china-fechada-japao-destaque-gss\/#primaryimage"},"thumbnailUrl":"https:\/\/files.sunoresearch.com.br\/n\/uploads\/2019\/08\/d492d4fd-jap\u00e3o-scaled.webp","datePublished":"2024-02-09T10:39:05+00:00","dateModified":"2024-02-09T10:39:09+00:00","description":"Jap\u00e3o foi destaque hoje (09) entre as bolsas asi\u00e1ticas, com a China fechada pelo feriado lunar. Na Europa, \u00edndices t\u00eam leve alta.","breadcrumb":{"@id":"https:\/\/www.suno.com.br\/noticias\/bolsas-asiaticas-china-fechada-japao-destaque-gss\/#breadcrumb"},"inLanguage":"pt-BR","potentialAction":[{"@type":"ReadAction","target":["https:\/\/www.suno.com.br\/noticias\/bolsas-asiaticas-china-fechada-japao-destaque-gss\/"]}]},{"@type":"ImageObject","inLanguage":"pt-BR","@id":"https:\/\/www.suno.com.br\/noticias\/bolsas-asiaticas-china-fechada-japao-destaque-gss\/#primaryimage","url":"https:\/\/files.sunoresearch.com.br\/n\/uploads\/2019\/08\/d492d4fd-jap\u00e3o-scaled.webp","contentUrl":"https:\/\/files.sunoresearch.com.br\/n\/uploads\/2019\/08\/d492d4fd-jap\u00e3o-scaled.webp","width":2560,"height":1707,"caption":"Jap\u00e3o"},{"@type":"BreadcrumbList","@id":"https:\/\/www.suno.com.br\/noticias\/bolsas-asiaticas-china-fechada-japao-destaque-gss\/#breadcrumb","itemListElement":[{"@type":"ListItem","position":1,"name":"Not\u00edcias","item":"https:\/\/www.suno.com.br\/noticias\/"},{"@type":"ListItem","position":2,"name":"Internacional","item":"https:\/\/www.suno.com.br\/noticias\/internacional\/"},{"@type":"ListItem","position":3,"name":"Bolsas asi\u00e1ticas: com China fechada, Jap\u00e3o \u00e9 destaque; Europa tem leves altas"}]},{"@type":"WebSite","@id":"https:\/\/www.suno.com.br\/noticias\/#website","url":"https:\/\/www.suno.com.br\/noticias\/","name":"Suno Not\u00edcias","description":"Seu portal de informa\u00e7\u00e3o sobre o mundo dos investimentos","publisher":{"@id":"https:\/\/www.suno.com.br\/noticias\/#organization"},"potentialAction":[{"@type":"SearchAction","target":{"@type":"EntryPoint","urlTemplate":"https:\/\/www.suno.com.br\/noticias\/?s={search_term_string}"},"query-input":{"@type":"PropertyValueSpecification","valueRequired":true,"valueName":"search_term_string"}}],"inLanguage":"pt-BR"},{"@type":"Organization","@id":"https:\/\/www.suno.com.br\/noticias\/#organization","name":"Suno Not\u00edcias","url":"https:\/\/www.suno.com.br\/noticias\/","logo":{"@type":"ImageObject","inLanguage":"pt-BR","@id":"https:\/\/www.suno.com.br\/noticias\/#\/schema\/logo\/image\/","url":"https:\/\/files.sunoresearch.com.br\/n\/uploads\/2021\/09\/suno-logo.png","contentUrl":"https:\/\/files.sunoresearch.com.br\/n\/uploads\/2021\/09\/suno-logo.png","width":180,"height":180,"caption":"Suno Not\u00edcias"},"image":{"@id":"https:\/\/www.suno.com.br\/noticias\/#\/schema\/logo\/image\/"},"sameAs":["https:\/\/facebook.com\/sunoresearch","https:\/\/x.com\/sunoresearch","https:\/\/www.instagram.com\/suno","https:\/\/www.linkedin.com\/company\/suno-research\/","https:\/\/www.youtube.com\/c\/sunoresearch"]},{"@type":"Person","@id":"https:\/\/www.suno.com.br\/noticias\/#\/schema\/person\/4a72de8e10febe6d8a50711404b010b3","name":"Guilherme Serrano Silva","image":{"@type":"ImageObject","inLanguage":"pt-BR","@id":"https:\/\/www.suno.com.br\/noticias\/#\/schema\/person\/image\/","url":"https:\/\/secure.gravatar.com\/avatar\/aba5eb082d0443f542e94a82c79e9d50?s=96&r=g","contentUrl":"https:\/\/secure.gravatar.com\/avatar\/aba5eb082d0443f542e94a82c79e9d50?s=96&r=g","caption":"Guilherme Serrano Silva"},"description":"Jornalista formado pela Faculdade C\u00e1sper L\u00edbero e p\u00f3s-graduado em Can\u00e7\u00e3o Popular pela Faculdade Santa Marcelina. Passagens por R\u00e1dio Gazeta AM, gazetaesportiva.com e TC R\u00e1dio.","url":"https:\/\/www.suno.com.br\/noticias\/author\/guilhermeserranosilvagmail-com\/"}]}},"default_loop_html":"<div class=\"cardsPage__listCard__boxs\"><div class=\"cardsPage__listCard__boxs__img\"><a href=\"https:\/\/www.suno.com.br\/noticias\/bolsas-asiaticas-china-fechada-japao-destaque-gss\/\"><img class=\"mask\" src=\"https:\/\/www.suno.com.br\/noticias\/wp-content\/themes\/suno\/resources\/images\/spotlight\/spotlight1img\/bg-mask.png\" alt=\"Image Mask\"\/><img src=\"https:\/\/files.sunoresearch.com.br\/n\/uploads\/2019\/08\/d492d4fd-jap\u00e3o-400x200.webp\" alt=\"Bolsas asi\u00e1ticas: com China fechada, Jap\u00e3o \u00e9 destaque; Europa tem leves altas\"\/><\/a><span class=\"spotlightCategory\"><a href=\"https:\/\/www.suno.com.br\/noticias\/internacional\/\">Internacional<\/a><\/span><\/div><div class=\"cardsPage__listCard__boxs__content\"><a href=\"https:\/\/www.suno.com.br\/noticias\/bolsas-asiaticas-china-fechada-japao-destaque-gss\/\"><h2 class=\"content__title\">Bolsas asi\u00e1ticas: com China fechada, Jap\u00e3o \u00e9 destaque; Europa tem leves altas<\/h2><\/a><div class=\"newsContent__article__meta\"><div class=\"newsContent__article__meta__authorBox\"><a href=\"https:\/\/www.suno.com.br\/noticias\/author\/guilhermeserranosilvagmail-com\/\" class=\"authorBox__avatar noMobi\"><img src=\"https:\/\/files.sunoresearch.com.br\/n\/uploads\/2023\/09\/WhatsApp-Image-2023-09-05-at-11.02.17-150x150.jpeg\" alt=\"Guilherme Serrano Silva\"><\/a><div class=\"authorBox__name\"><span>por\n\t\t\t<a href=\"https:\/\/www.suno.com.br\/noticias\/author\/guilhermeserranosilvagmail-com\/\"><span itemprop=\"author\">Guilherme Serrano Silva<\/span><\/a><\/span><time datetime=\"2024-02-09T07:39:05-03:00\" itemprop=\"datePublished\">09\/02\/2024 07:39<\/time><\/div><\/div><\/div><\/div><\/div>","single_layout":"posts","amp_enabled":true,"_links":{"self":[{"href":"https:\/\/www.suno.com.br\/noticias\/wp-json\/wp\/v2\/posts\/521963"}],"collection":[{"href":"https:\/\/www.suno.com.br\/noticias\/wp-json\/wp\/v2\/posts"}],"about":[{"href":"https:\/\/www.suno.com.br\/noticias\/wp-json\/wp\/v2\/types\/post"}],"author":[{"embeddable":true,"href":"https:\/\/www.suno.com.br\/noticias\/wp-json\/wp\/v2\/users\/322"}],"replies":[{"embeddable":true,"href":"https:\/\/www.suno.com.br\/noticias\/wp-json\/wp\/v2\/comments?post=521963"}],"version-history":[{"count":2,"href":"https:\/\/www.suno.com.br\/noticias\/wp-json\/wp\/v2\/posts\/521963\/revisions"}],"predecessor-version":[{"id":521978,"href":"https:\/\/www.suno.com.br\/noticias\/wp-json\/wp\/v2\/posts\/521963\/revisions\/521978"}],"wp:featuredmedia":[{"embeddable":true,"href":"https:\/\/www.suno.com.br\/noticias\/wp-json\/wp\/v2\/media\/34542"}],"wp:attachment":[{"href":"https:\/\/www.suno.com.br\/noticias\/wp-json\/wp\/v2\/media?parent=521963"}],"wp:term":[{"taxonomy":"category","embeddable":true,"href":"https:\/\/www.suno.com.br\/noticias\/wp-json\/wp\/v2\/categories?post=521963"},{"taxonomy":"post_tag","embeddable":true,"href":"https:\/\/www.suno.com.br\/noticias\/wp-json\/wp\/v2\/tags?post=521963"},{"taxonomy":"suno_strategy","embeddable":true,"href":"https:\/\/www.suno.com.br\/noticias\/wp-json\/wp\/v2\/suno_strategy?post=521963"}],"curies":[{"name":"wp","href":"https:\/\/api.w.org\/{rel}","templated":true}]}}