{"id":52179,"date":"2020-02-06T12:03:38","date_gmt":"2020-02-06T14:03:38","guid":{"rendered":"https:\/\/www.suno.com.br\/noticias\/?p=52179"},"modified":"2020-02-06T12:09:02","modified_gmt":"2020-02-06T14:09:02","slug":"banco-pan-lancamento-conta-digital","status":"publish","type":"post","link":"https:\/\/www.suno.com.br\/noticias\/banco-pan-lancamento-conta-digital\/","title":{"rendered":"Banco Pan anuncia lan\u00e7amento de conta digital focada em classes C, D e E"},"content":{"rendered":"<p>O <strong>Banco<\/strong> <strong>Pan<\/strong> anunciou, na \u00faltima quarta-feira (5), o lan\u00e7amento da sua conta digital focada em clientes das classes C, D e E. Com essa conta, as pessoas que aderirem o servi\u00e7o poder\u00e3o ter acesso a uma conta corrente completa e 100% digital. A conta \u00e9 isenta de tarifa de manuten\u00e7\u00e3o e conta com um pacote mensal de transfer\u00eancias que n\u00e3o s\u00e3o cobradas.<\/p>\t<div class=\"wrapper-featured-image\">\n\t\t<figure class=\"spotlightImg\">\n\n\t\t\t<picture>\n\t\t\t\t<source media=\"(max-width: 768px)\" srcset=\"https:\/\/files.sunoresearch.com.br\/n\/uploads\/2020\/01\/0a97e472-zero-frente-master-400x200.webp\">\n\t\t\t\t<img loading=\"lazy\" decoding=\"async\" class=\"newsContent__article__imgCapa lazyloadDisabled newsContent__article__imgCapa--noCaption\" src=\"https:\/\/files.sunoresearch.com.br\/n\/uploads\/2020\/01\/0a97e472-zero-frente-master-800x450.webp\" width=\"800\" height=\"450\" alt=\"Banco Pan anuncia lan\u00e7amento de conta digital focada em classes C, D e E\" fetchpriority=high \/>\n\t\t\t<\/picture>\n\n\t\t\t<figcaption class=\"wp-caption-text wp-caption-text--hide\">Banco Pan<\/figcaption>\n\t\t<\/figure>\n\t<\/div>\n\n\n\n<p>Al\u00e9m disso, os clientes da conta digital do Banco Pan poder\u00e3o efetuar saques na Rede 24 horas, dep\u00f3sitos via boleto, pagamentos de contas e tamb\u00e9m ter\u00e3o acesso a produtos de cr\u00e9dito.<\/p>\n<p>&#8220;A <strong>conta<\/strong> <strong>digital<\/strong> \u00e9 uma evolu\u00e7\u00e3o natural do nosso neg\u00f3cio e ser\u00e1 um instrumento relevante para otimizarmos as oportunidades de cross-sell e upsell, para incrementarmos o portf\u00f3lio de produtos e fidelizarmos ainda mais os nossos clientes. Hoje eles j\u00e1 s\u00e3o mais de 4,9 milh\u00f5es e outras centenas de milhares de propostas que passam pelo banco mensalmente&#8221;, informa o banco em seu comunicado ao mercado.<\/p>\n<p>H\u00e1 alguns pontos interessantes na proposta da conta digital do Banco Pan, como por exemplo a isen\u00e7\u00e3o do consumo de dados de internet na navega\u00e7\u00e3o feita no aplicativo da institui\u00e7\u00e3o.<\/p>\n<p><a href=\"https:\/\/www.suno.com.br\/noticias\/creditas-busca-varejo-e-servicos\/\">Veja tamb\u00e9m: Creditas busca unir varejo e servi\u00e7os financeiros para crescer<\/a><\/p>\n<p>Al\u00e9m disso, o aplicativo da conta digital do Banco Pan ter\u00e1 uma plataforma para planejamento financeiro, onde o cliente poder\u00e1 tra\u00e7ar metas e objetivos. No ano passado, o Pan lan\u00e7ou outros produtos digitais, como a formaliza\u00e7\u00e3o digital do consignado, que gerou mais de R$ 2 bilh\u00f5es em empr\u00e9stimos desde o m\u00eas de abril de 2019 e a formaliza\u00e7\u00e3o digital de ve\u00edculos, que gerou em dois meses R$ 198 milh\u00f5es.<\/p>\n<h2>Resultado do Banco Pan em 2019<\/h2>\n<p>O Banco Pan apresentou lucro l\u00edquido de R$ 515,9 milh\u00f5es no ano passado. A alta em rela\u00e7\u00e3o a 2018 foi de 133%.<\/p>\n<p>O lucro da institui\u00e7\u00e3o no per\u00edodo compreendido entre os meses de outubro e dezembro de 2019 foi de R$ 167,6 milh\u00f5es, alta de 128%. A carteira de cr\u00e9dito do banco Pan fechou 2019 em R$ 23,8 bilh\u00f5es, uma alta anual de 16%.<\/p>\n<p>O <a href=\"https:\/\/www.suno.com.br\/artigos\/inadimplencia\/\">\u00edndice de inadimpl\u00eancia<\/a> na carteira de varejo foi de 5,9%, um avan\u00e7o de 0,4% no quarto trimestre. De acordo com o <strong>Banco<\/strong> <strong>Pan<\/strong>, o aumento dos calotes est\u00e1 relacionado \u00e0 baixa na carteira de empr\u00e9stimo consignado a mudan\u00e7a no mix de produtos e clientes.<\/p>\n\n","protected":false},"excerpt":{"rendered":"<p>O Banco Pan anunciou, na \u00faltima quarta-feira (5), o lan\u00e7amento da sua conta digital focada em clientes das classes C, D e E. Com essa conta, as pessoas que aderirem o servi\u00e7o poder\u00e3o ter acesso a uma conta corrente completa e 100% digital. A conta \u00e9 isenta de tarifa de manuten\u00e7\u00e3o e conta com um [&hellip;]<\/p>\n","protected":false},"author":19,"featured_media":50201,"comment_status":"closed","ping_status":"closed","sticky":false,"template":"","format":"standard","meta":[],"categories":[64],"tags":[370],"suno_strategy":[],"class_list":["post-52179","post","type-post","status-publish","format-standard","has-post-thumbnail","hentry","category-negocios","tag-banco-pan-bpan4"],"yoast_head":"<!-- This site is optimized with the Yoast SEO plugin v24.4 - https:\/\/yoast.com\/wordpress\/plugins\/seo\/ -->\n<title>Banco Pan anuncia lan\u00e7amento de conta digital em relat\u00f3rio de balan\u00e7o<\/title>\n<meta name=\"description\" content=\"O Banco Pan anunciou na \u00faltima quarta-feira (5) o lan\u00e7amento da sua conta digital focada em clientes das classes C, D e E. Saiba mais.\" \/>\n<meta name=\"robots\" content=\"index, follow, max-snippet:-1, max-image-preview:large, max-video-preview:-1\" \/>\n<link rel=\"canonical\" href=\"https:\/\/www.suno.com.br\/noticias\/banco-pan-lancamento-conta-digital\/\" \/>\n<meta property=\"og:locale\" content=\"pt_BR\" \/>\n<meta property=\"og:type\" content=\"article\" \/>\n<meta property=\"og:title\" content=\"Banco Pan anuncia lan\u00e7amento de conta digital em relat\u00f3rio de balan\u00e7o\" \/>\n<meta property=\"og:description\" content=\"O Banco Pan anunciou na \u00faltima quarta-feira (5) o lan\u00e7amento da sua conta digital focada em clientes das classes C, D e E. Saiba mais.\" \/>\n<meta property=\"og:url\" content=\"https:\/\/www.suno.com.br\/noticias\/banco-pan-lancamento-conta-digital\/\" \/>\n<meta property=\"og:site_name\" content=\"Suno Not\u00edcias\" \/>\n<meta property=\"article:publisher\" content=\"https:\/\/facebook.com\/sunoresearch\" \/>\n<meta property=\"og:image\" content=\"https:\/\/files.sunoresearch.com.br\/n\/uploads\/2020\/01\/0a97e472-zero-frente-master.png\" \/>\n\t<meta property=\"og:image:width\" content=\"1005\" \/>\n\t<meta property=\"og:image:height\" content=\"650\" \/>\n\t<meta property=\"og:image:type\" content=\"image\/png\" \/>\n<meta name=\"author\" content=\"Juliano Passaro\" \/>\n<meta name=\"twitter:card\" content=\"summary_large_image\" \/>\n<meta name=\"twitter:creator\" content=\"@sunoresearch\" \/>\n<meta name=\"twitter:site\" content=\"@sunoresearch\" \/>\n<meta name=\"twitter:label1\" content=\"Escrito por\" \/>\n\t<meta name=\"twitter:data1\" content=\"Juliano Passaro\" \/>\n\t<meta name=\"twitter:label2\" content=\"Est. tempo de leitura\" \/>\n\t<meta name=\"twitter:data2\" content=\"2 minutos\" \/>\n<script type=\"application\/ld+json\" class=\"yoast-schema-graph\">{\"@context\":\"https:\/\/schema.org\",\"@graph\":[{\"@type\":\"NewsArticle\",\"@id\":\"https:\/\/www.suno.com.br\/noticias\/banco-pan-lancamento-conta-digital\/#article\",\"isPartOf\":{\"@id\":\"https:\/\/www.suno.com.br\/noticias\/banco-pan-lancamento-conta-digital\/\"},\"author\":{\"name\":\"Juliano Passaro\",\"@id\":\"https:\/\/www.suno.com.br\/noticias\/#\/schema\/person\/1db762f78ffd8919a648a63e425953e3\"},\"headline\":\"Banco Pan anuncia lan\u00e7amento de conta digital focada em classes C, D e E\",\"datePublished\":\"2020-02-06T14:03:38+00:00\",\"dateModified\":\"2020-02-06T14:09:02+00:00\",\"mainEntityOfPage\":{\"@id\":\"https:\/\/www.suno.com.br\/noticias\/banco-pan-lancamento-conta-digital\/\"},\"wordCount\":429,\"publisher\":{\"@id\":\"https:\/\/www.suno.com.br\/noticias\/#organization\"},\"image\":{\"@id\":\"https:\/\/www.suno.com.br\/noticias\/banco-pan-lancamento-conta-digital\/#primaryimage\"},\"thumbnailUrl\":\"https:\/\/files.sunoresearch.com.br\/n\/uploads\/2020\/01\/0a97e472-zero-frente-master-png.webp\",\"keywords\":[\"Banco Pan (BPAN4)\"],\"articleSection\":[\"Neg\u00f3cios\"],\"inLanguage\":\"pt-BR\"},{\"@type\":\"WebPage\",\"@id\":\"https:\/\/www.suno.com.br\/noticias\/banco-pan-lancamento-conta-digital\/\",\"url\":\"https:\/\/www.suno.com.br\/noticias\/banco-pan-lancamento-conta-digital\/\",\"name\":\"Banco Pan anuncia lan\u00e7amento de conta digital em relat\u00f3rio de balan\u00e7o\",\"isPartOf\":{\"@id\":\"https:\/\/www.suno.com.br\/noticias\/#website\"},\"primaryImageOfPage\":{\"@id\":\"https:\/\/www.suno.com.br\/noticias\/banco-pan-lancamento-conta-digital\/#primaryimage\"},\"image\":{\"@id\":\"https:\/\/www.suno.com.br\/noticias\/banco-pan-lancamento-conta-digital\/#primaryimage\"},\"thumbnailUrl\":\"https:\/\/files.sunoresearch.com.br\/n\/uploads\/2020\/01\/0a97e472-zero-frente-master-png.webp\",\"datePublished\":\"2020-02-06T14:03:38+00:00\",\"dateModified\":\"2020-02-06T14:09:02+00:00\",\"description\":\"O Banco Pan anunciou na \u00faltima quarta-feira (5) o lan\u00e7amento da sua conta digital focada em clientes das classes C, D e E. Saiba mais.\",\"breadcrumb\":{\"@id\":\"https:\/\/www.suno.com.br\/noticias\/banco-pan-lancamento-conta-digital\/#breadcrumb\"},\"inLanguage\":\"pt-BR\",\"potentialAction\":[{\"@type\":\"ReadAction\",\"target\":[\"https:\/\/www.suno.com.br\/noticias\/banco-pan-lancamento-conta-digital\/\"]}]},{\"@type\":\"ImageObject\",\"inLanguage\":\"pt-BR\",\"@id\":\"https:\/\/www.suno.com.br\/noticias\/banco-pan-lancamento-conta-digital\/#primaryimage\",\"url\":\"https:\/\/files.sunoresearch.com.br\/n\/uploads\/2020\/01\/0a97e472-zero-frente-master-png.webp\",\"contentUrl\":\"https:\/\/files.sunoresearch.com.br\/n\/uploads\/2020\/01\/0a97e472-zero-frente-master-png.webp\",\"width\":1005,\"height\":650,\"caption\":\"Banco Pan\"},{\"@type\":\"BreadcrumbList\",\"@id\":\"https:\/\/www.suno.com.br\/noticias\/banco-pan-lancamento-conta-digital\/#breadcrumb\",\"itemListElement\":[{\"@type\":\"ListItem\",\"position\":1,\"name\":\"Not\u00edcias\",\"item\":\"https:\/\/www.suno.com.br\/noticias\/\"},{\"@type\":\"ListItem\",\"position\":2,\"name\":\"Neg\u00f3cios\",\"item\":\"https:\/\/www.suno.com.br\/noticias\/negocios\/\"},{\"@type\":\"ListItem\",\"position\":3,\"name\":\"Banco Pan anuncia lan\u00e7amento de conta digital focada em classes C, D e E\"}]},{\"@type\":\"WebSite\",\"@id\":\"https:\/\/www.suno.com.br\/noticias\/#website\",\"url\":\"https:\/\/www.suno.com.br\/noticias\/\",\"name\":\"Suno Not\u00edcias\",\"description\":\"Seu portal de informa\u00e7\u00e3o sobre o mundo dos investimentos\",\"publisher\":{\"@id\":\"https:\/\/www.suno.com.br\/noticias\/#organization\"},\"potentialAction\":[{\"@type\":\"SearchAction\",\"target\":{\"@type\":\"EntryPoint\",\"urlTemplate\":\"https:\/\/www.suno.com.br\/noticias\/?s={search_term_string}\"},\"query-input\":{\"@type\":\"PropertyValueSpecification\",\"valueRequired\":true,\"valueName\":\"search_term_string\"}}],\"inLanguage\":\"pt-BR\"},{\"@type\":\"Organization\",\"@id\":\"https:\/\/www.suno.com.br\/noticias\/#organization\",\"name\":\"Suno Not\u00edcias\",\"url\":\"https:\/\/www.suno.com.br\/noticias\/\",\"logo\":{\"@type\":\"ImageObject\",\"inLanguage\":\"pt-BR\",\"@id\":\"https:\/\/www.suno.com.br\/noticias\/#\/schema\/logo\/image\/\",\"url\":\"https:\/\/files.sunoresearch.com.br\/n\/uploads\/2021\/09\/suno-logo.png\",\"contentUrl\":\"https:\/\/files.sunoresearch.com.br\/n\/uploads\/2021\/09\/suno-logo.png\",\"width\":180,\"height\":180,\"caption\":\"Suno Not\u00edcias\"},\"image\":{\"@id\":\"https:\/\/www.suno.com.br\/noticias\/#\/schema\/logo\/image\/\"},\"sameAs\":[\"https:\/\/facebook.com\/sunoresearch\",\"https:\/\/x.com\/sunoresearch\",\"https:\/\/www.instagram.com\/suno\",\"https:\/\/www.linkedin.com\/company\/suno-research\/\",\"https:\/\/www.youtube.com\/c\/sunoresearch\"]},{\"@type\":\"Person\",\"@id\":\"https:\/\/www.suno.com.br\/noticias\/#\/schema\/person\/1db762f78ffd8919a648a63e425953e3\",\"name\":\"Juliano Passaro\",\"image\":{\"@type\":\"ImageObject\",\"inLanguage\":\"pt-BR\",\"@id\":\"https:\/\/www.suno.com.br\/noticias\/#\/schema\/person\/image\/\",\"url\":\"https:\/\/secure.gravatar.com\/avatar\/743d4df28eebf6dcc46b4ad03c319e92?s=96&r=g\",\"contentUrl\":\"https:\/\/secure.gravatar.com\/avatar\/743d4df28eebf6dcc46b4ad03c319e92?s=96&r=g\",\"caption\":\"Juliano Passaro\"},\"description\":\"Juliano Passaro escreve sobre pol\u00edtica, economia e neg\u00f3cios para o portal da Suno Research. Antes da Suno, trabalhou no Portal da Band. \u00c9 formado em jornalismo pela Universidade Presbiteriana Mackenzie.\",\"url\":\"https:\/\/www.suno.com.br\/noticias\/author\/juliano\/\"}]}<\/script>\n<!-- \/ Yoast SEO plugin. -->","yoast_head_json":{"title":"Banco Pan anuncia lan\u00e7amento de conta digital em relat\u00f3rio de balan\u00e7o","description":"O Banco Pan anunciou na \u00faltima quarta-feira (5) o lan\u00e7amento da sua conta digital focada em clientes das classes C, D e E. Saiba mais.","robots":{"index":"index","follow":"follow","max-snippet":"max-snippet:-1","max-image-preview":"max-image-preview:large","max-video-preview":"max-video-preview:-1"},"canonical":"https:\/\/www.suno.com.br\/noticias\/banco-pan-lancamento-conta-digital\/","og_locale":"pt_BR","og_type":"article","og_title":"Banco Pan anuncia lan\u00e7amento de conta digital em relat\u00f3rio de balan\u00e7o","og_description":"O Banco Pan anunciou na \u00faltima quarta-feira (5) o lan\u00e7amento da sua conta digital focada em clientes das classes C, D e E. Saiba mais.","og_url":"https:\/\/www.suno.com.br\/noticias\/banco-pan-lancamento-conta-digital\/","og_site_name":"Suno Not\u00edcias","article_publisher":"https:\/\/facebook.com\/sunoresearch","og_image":[{"width":1005,"height":650,"url":"https:\/\/files.sunoresearch.com.br\/n\/uploads\/2020\/01\/0a97e472-zero-frente-master.png","type":"image\/png"}],"author":"Juliano Passaro","twitter_card":"summary_large_image","twitter_creator":"@sunoresearch","twitter_site":"@sunoresearch","twitter_misc":{"Escrito por":"Juliano Passaro","Est. tempo de leitura":"2 minutos"},"schema":{"@context":"https:\/\/schema.org","@graph":[{"@type":"NewsArticle","@id":"https:\/\/www.suno.com.br\/noticias\/banco-pan-lancamento-conta-digital\/#article","isPartOf":{"@id":"https:\/\/www.suno.com.br\/noticias\/banco-pan-lancamento-conta-digital\/"},"author":{"name":"Juliano Passaro","@id":"https:\/\/www.suno.com.br\/noticias\/#\/schema\/person\/1db762f78ffd8919a648a63e425953e3"},"headline":"Banco Pan anuncia lan\u00e7amento de conta digital focada em classes C, D e E","datePublished":"2020-02-06T14:03:38+00:00","dateModified":"2020-02-06T14:09:02+00:00","mainEntityOfPage":{"@id":"https:\/\/www.suno.com.br\/noticias\/banco-pan-lancamento-conta-digital\/"},"wordCount":429,"publisher":{"@id":"https:\/\/www.suno.com.br\/noticias\/#organization"},"image":{"@id":"https:\/\/www.suno.com.br\/noticias\/banco-pan-lancamento-conta-digital\/#primaryimage"},"thumbnailUrl":"https:\/\/files.sunoresearch.com.br\/n\/uploads\/2020\/01\/0a97e472-zero-frente-master-png.webp","keywords":["Banco Pan (BPAN4)"],"articleSection":["Neg\u00f3cios"],"inLanguage":"pt-BR"},{"@type":"WebPage","@id":"https:\/\/www.suno.com.br\/noticias\/banco-pan-lancamento-conta-digital\/","url":"https:\/\/www.suno.com.br\/noticias\/banco-pan-lancamento-conta-digital\/","name":"Banco Pan anuncia lan\u00e7amento de conta digital em relat\u00f3rio de balan\u00e7o","isPartOf":{"@id":"https:\/\/www.suno.com.br\/noticias\/#website"},"primaryImageOfPage":{"@id":"https:\/\/www.suno.com.br\/noticias\/banco-pan-lancamento-conta-digital\/#primaryimage"},"image":{"@id":"https:\/\/www.suno.com.br\/noticias\/banco-pan-lancamento-conta-digital\/#primaryimage"},"thumbnailUrl":"https:\/\/files.sunoresearch.com.br\/n\/uploads\/2020\/01\/0a97e472-zero-frente-master-png.webp","datePublished":"2020-02-06T14:03:38+00:00","dateModified":"2020-02-06T14:09:02+00:00","description":"O Banco Pan anunciou na \u00faltima quarta-feira (5) o lan\u00e7amento da sua conta digital focada em clientes das classes C, D e E. Saiba mais.","breadcrumb":{"@id":"https:\/\/www.suno.com.br\/noticias\/banco-pan-lancamento-conta-digital\/#breadcrumb"},"inLanguage":"pt-BR","potentialAction":[{"@type":"ReadAction","target":["https:\/\/www.suno.com.br\/noticias\/banco-pan-lancamento-conta-digital\/"]}]},{"@type":"ImageObject","inLanguage":"pt-BR","@id":"https:\/\/www.suno.com.br\/noticias\/banco-pan-lancamento-conta-digital\/#primaryimage","url":"https:\/\/files.sunoresearch.com.br\/n\/uploads\/2020\/01\/0a97e472-zero-frente-master-png.webp","contentUrl":"https:\/\/files.sunoresearch.com.br\/n\/uploads\/2020\/01\/0a97e472-zero-frente-master-png.webp","width":1005,"height":650,"caption":"Banco Pan"},{"@type":"BreadcrumbList","@id":"https:\/\/www.suno.com.br\/noticias\/banco-pan-lancamento-conta-digital\/#breadcrumb","itemListElement":[{"@type":"ListItem","position":1,"name":"Not\u00edcias","item":"https:\/\/www.suno.com.br\/noticias\/"},{"@type":"ListItem","position":2,"name":"Neg\u00f3cios","item":"https:\/\/www.suno.com.br\/noticias\/negocios\/"},{"@type":"ListItem","position":3,"name":"Banco Pan anuncia lan\u00e7amento de conta digital focada em classes C, D e E"}]},{"@type":"WebSite","@id":"https:\/\/www.suno.com.br\/noticias\/#website","url":"https:\/\/www.suno.com.br\/noticias\/","name":"Suno Not\u00edcias","description":"Seu portal de informa\u00e7\u00e3o sobre o mundo dos investimentos","publisher":{"@id":"https:\/\/www.suno.com.br\/noticias\/#organization"},"potentialAction":[{"@type":"SearchAction","target":{"@type":"EntryPoint","urlTemplate":"https:\/\/www.suno.com.br\/noticias\/?s={search_term_string}"},"query-input":{"@type":"PropertyValueSpecification","valueRequired":true,"valueName":"search_term_string"}}],"inLanguage":"pt-BR"},{"@type":"Organization","@id":"https:\/\/www.suno.com.br\/noticias\/#organization","name":"Suno Not\u00edcias","url":"https:\/\/www.suno.com.br\/noticias\/","logo":{"@type":"ImageObject","inLanguage":"pt-BR","@id":"https:\/\/www.suno.com.br\/noticias\/#\/schema\/logo\/image\/","url":"https:\/\/files.sunoresearch.com.br\/n\/uploads\/2021\/09\/suno-logo.png","contentUrl":"https:\/\/files.sunoresearch.com.br\/n\/uploads\/2021\/09\/suno-logo.png","width":180,"height":180,"caption":"Suno Not\u00edcias"},"image":{"@id":"https:\/\/www.suno.com.br\/noticias\/#\/schema\/logo\/image\/"},"sameAs":["https:\/\/facebook.com\/sunoresearch","https:\/\/x.com\/sunoresearch","https:\/\/www.instagram.com\/suno","https:\/\/www.linkedin.com\/company\/suno-research\/","https:\/\/www.youtube.com\/c\/sunoresearch"]},{"@type":"Person","@id":"https:\/\/www.suno.com.br\/noticias\/#\/schema\/person\/1db762f78ffd8919a648a63e425953e3","name":"Juliano Passaro","image":{"@type":"ImageObject","inLanguage":"pt-BR","@id":"https:\/\/www.suno.com.br\/noticias\/#\/schema\/person\/image\/","url":"https:\/\/secure.gravatar.com\/avatar\/743d4df28eebf6dcc46b4ad03c319e92?s=96&r=g","contentUrl":"https:\/\/secure.gravatar.com\/avatar\/743d4df28eebf6dcc46b4ad03c319e92?s=96&r=g","caption":"Juliano Passaro"},"description":"Juliano Passaro escreve sobre pol\u00edtica, economia e neg\u00f3cios para o portal da Suno Research. Antes da Suno, trabalhou no Portal da Band. \u00c9 formado em jornalismo pela Universidade Presbiteriana Mackenzie.","url":"https:\/\/www.suno.com.br\/noticias\/author\/juliano\/"}]}},"default_loop_html":"<div class=\"cardsPage__listCard__boxs\"><div class=\"cardsPage__listCard__boxs__img\"><a href=\"https:\/\/www.suno.com.br\/noticias\/banco-pan-lancamento-conta-digital\/\"><img class=\"mask\" src=\"https:\/\/www.suno.com.br\/noticias\/wp-content\/themes\/suno\/resources\/images\/spotlight\/spotlight1img\/bg-mask.png\" alt=\"Image Mask\"\/><img src=\"https:\/\/files.sunoresearch.com.br\/n\/uploads\/2020\/01\/0a97e472-zero-frente-master-400x200.webp\" alt=\"Banco Pan anuncia lan\u00e7amento de conta digital focada em classes C, D e E\"\/><\/a><span class=\"spotlightCategory\"><a href=\"https:\/\/www.suno.com.br\/noticias\/negocios\/\">Neg\u00f3cios<\/a><\/span><\/div><div class=\"cardsPage__listCard__boxs__content\"><a href=\"https:\/\/www.suno.com.br\/noticias\/banco-pan-lancamento-conta-digital\/\"><h2 class=\"content__title\">Banco Pan anuncia lan\u00e7amento de conta digital focada em classes C, D e E<\/h2><\/a><div class=\"newsContent__article__meta\"><div class=\"newsContent__article__meta__authorBox\"><a href=\"https:\/\/www.suno.com.br\/noticias\/author\/juliano\/\" class=\"authorBox__avatar noMobi\"><img src=\"https:\/\/files.sunoresearch.com.br\/n\/uploads\/2019\/06\/7cc3efea-whatsapp-image-2019-07-18-at-21.59.33-e1563499821209-150x150.webp\" alt=\"Juliano Passaro\"><\/a><div class=\"authorBox__name\"><span>por\n\t\t\t<a href=\"https:\/\/www.suno.com.br\/noticias\/author\/juliano\/\"><span itemprop=\"author\">Juliano Passaro<\/span><\/a><\/span><time datetime=\"2020-02-06T12:03:38-03:00\" itemprop=\"datePublished\">06\/02\/2020 12:03<\/time><\/div><\/div><\/div><\/div><\/div>","single_layout":"posts","amp_enabled":true,"_links":{"self":[{"href":"https:\/\/www.suno.com.br\/noticias\/wp-json\/wp\/v2\/posts\/52179"}],"collection":[{"href":"https:\/\/www.suno.com.br\/noticias\/wp-json\/wp\/v2\/posts"}],"about":[{"href":"https:\/\/www.suno.com.br\/noticias\/wp-json\/wp\/v2\/types\/post"}],"author":[{"embeddable":true,"href":"https:\/\/www.suno.com.br\/noticias\/wp-json\/wp\/v2\/users\/19"}],"replies":[{"embeddable":true,"href":"https:\/\/www.suno.com.br\/noticias\/wp-json\/wp\/v2\/comments?post=52179"}],"version-history":[{"count":0,"href":"https:\/\/www.suno.com.br\/noticias\/wp-json\/wp\/v2\/posts\/52179\/revisions"}],"wp:featuredmedia":[{"embeddable":true,"href":"https:\/\/www.suno.com.br\/noticias\/wp-json\/wp\/v2\/media\/50201"}],"wp:attachment":[{"href":"https:\/\/www.suno.com.br\/noticias\/wp-json\/wp\/v2\/media?parent=52179"}],"wp:term":[{"taxonomy":"category","embeddable":true,"href":"https:\/\/www.suno.com.br\/noticias\/wp-json\/wp\/v2\/categories?post=52179"},{"taxonomy":"post_tag","embeddable":true,"href":"https:\/\/www.suno.com.br\/noticias\/wp-json\/wp\/v2\/tags?post=52179"},{"taxonomy":"suno_strategy","embeddable":true,"href":"https:\/\/www.suno.com.br\/noticias\/wp-json\/wp\/v2\/suno_strategy?post=52179"}],"curies":[{"name":"wp","href":"https:\/\/api.w.org\/{rel}","templated":true}]}}