{"id":521497,"date":"2024-02-08T10:15:29","date_gmt":"2024-02-08T13:15:29","guid":{"rendered":"https:\/\/www.suno.com.br\/noticias\/?p=521497"},"modified":"2024-02-08T11:12:59","modified_gmt":"2024-02-08T14:12:59","slug":"ipca-inflacao-desacelera-janeiro-cpf","status":"publish","type":"post","link":"https:\/\/www.suno.com.br\/noticias\/ipca-inflacao-desacelera-janeiro-cpf\/","title":{"rendered":"IPCA: Infla\u00e7\u00e3o sobe em janeiro, com alta de 0,42%"},"content":{"rendered":"<p>O principal term\u00f4metro da infla\u00e7\u00e3o no Brasil, o \u00cdndice Nacional de Pre\u00e7os ao Consumidor Amplo (<strong>IPCA<\/strong>) ficou em de 0,42% em janeiro. <\/p>\t<div class=\"wrapper-featured-image\">\n\t\t<figure class=\"spotlightImg\">\n\n\t\t\t<picture>\n\t\t\t\t<source media=\"(max-width: 768px)\" srcset=\"https:\/\/files.sunoresearch.com.br\/n\/uploads\/2024\/02\/ipca-inflacao-400x200.jpg\">\n\t\t\t\t<img loading=\"lazy\" decoding=\"async\" class=\"newsContent__article__imgCapa lazyloadDisabled \" src=\"https:\/\/files.sunoresearch.com.br\/n\/uploads\/2024\/02\/ipca-inflacao-800x450.jpg\" width=\"800\" height=\"450\" alt=\"IPCA: Infla\u00e7\u00e3o sobe em janeiro, com alta de 0,42%\" fetchpriority=high \/>\n\t\t\t<\/picture>\n\n\t\t\t<figcaption class=\"wp-caption-text wp-caption-text--show\">Alimentos - Foto: Unsplash<\/figcaption>\n\t\t<\/figure>\n\t<\/div>\n\n\n\n\n\n\n\n\t<p>\n\t\t<a href=\"\" target=\"_blank\" data-element=\"shortcode-suno-banner\" title=\"Banner SUNO, clique e saiba mais\">\n\t\t\t<picture>\n\t\t\t\t<source media=\"(max-width: 500px)\" srcset=\"\">\n\t\t\t\t<img class=\"newsContent__article__imgCapa newsContent__article__imgCapa--banner\"\n\t\t\t\t\tsrc=\"\"\n\t\t\t\t\tdata-promo-id=\"240038\"\t\t\t\t\t\t\t\t\t\t\t\t\t\t\talt=\"\"\n\t\t\t\t>\n\t\t\t<\/picture>\n\t\t<\/a>\n\t<\/p>\n\n\n\n\n\n<p>De acordo com dados do IBGE divulgados nesta quinta-feira (8), o infla\u00e7\u00e3o reduziu em 0,14 ponto percentual em rela\u00e7\u00e3o \u00e0 taxa de dezembro (0,56%), mas ainda superou as proje\u00e7\u00f5es do mercado (Proje\u00e7oes Broadcast: 0,35%; Bloomberg: 0,34%).<\/p>\n\n\n\n<p>O principal grupo que impulsionou o resultado foi o de <strong>Alimenta\u00e7\u00e3o e Bebidas<\/strong>, com uma alta de 1,38%  nos pre\u00e7os (+0,29 p.p.). &#8220;Historicamente, durante o ver\u00e3o, os pre\u00e7os dos alimentos costumam ser pressionados. Soma-se a isso, o El Ni\u00f1o que intensificou as chuvas e as temperaturas, impactando diversas regi\u00f5es produtoras no pa\u00eds&#8221;, argumenta o economista-chefe da Suno Research, Gustavo Sung.  <\/p>\n\n\n\n<p>No acumulado de 12 meses, o <strong>IPCA <\/strong>desacelerou de 4,62% para 4,51% &#8211; tamb\u00e9m acima da mediana, de 4,43%. As estimativas dos analistas iam de 4,24% a 4,62%.<\/p>\n\n\n\n<p>Com o resultado de janeiro, o IPCA em 12 meses est\u00e1 ligeiramente acima do teto da <strong>meta de infla\u00e7\u00e3o<\/strong>, de 4,50%. Em 2023, o \u00edndice acumulou alta de 4,62%, abaixo do teto da meta para o per\u00edodo, de 4,75%.<\/p>\n\n\n\n<p>A seguir, \u00e9 poss\u00edvel comparar o desempenho do <strong>\u00cdndice Nacional de Pre\u00e7os ao Consumidor Amplo<\/strong> ao longo dos \u00faltimos 13 meses:<\/p>\n\n\n\n<figure class=\"wp-block-table\"><table><tbody><tr><td>M\u00caS<\/td><td>RESULTADO<\/td><\/tr><tr><td>Mar\u00e7o\/24<\/td><td>0,16%<\/td><\/tr><tr><td><a href=\"https:\/\/suno.com.br\/noticias\/ipca-fevereiro-2024-alta-alimentos-bebidas-cpf\/\" target=\"_blank\" rel=\"noreferrer noopener\">Fevereiro<\/a>\/24<\/td><td>0,83%<\/td><\/tr><tr><td><a href=\"https:\/\/www.suno.com.br\/noticias\/ipca-inflacao-desacelera-janeiro-cpf\/\" target=\"_blank\" rel=\"noreferrer noopener\">Janeiro<\/a>\/2024<\/td><td>0,42%<\/td><\/tr><tr><td><a href=\"https:\/\/www.suno.com.br\/noticias\/ipca-dezembro-inflacao-precos-alimentos-bebidas-cpf\/\" target=\"_blank\" rel=\"noreferrer noopener\">Dezembro<\/a>\/2023<\/td><td>0,56%<\/td><\/tr><tr><td><a href=\"https:\/\/www.suno.com.br\/noticias\/ipca-inflacao-acumulada-novembro-preco-alimentos-cpf\/\" target=\"_blank\" rel=\"noreferrer noopener\">Novembro<\/a>\/23<\/td><td>0,28%<\/td><\/tr><tr><td><a href=\"https:\/\/www.suno.com.br\/noticias\/ipca-outubro-2023-inflacao-cpf\/\" target=\"_blank\" rel=\"noreferrer noopener\">Outubro<\/a>\/23<\/td><td>0,24%<\/td><\/tr><tr><td><a href=\"https:\/\/www.suno.com.br\/noticias\/ipca-setembro-2023-reflete-alta-combustiveis-cpf\/\" target=\"_blank\" rel=\"noreferrer noopener\">Setembro<\/a>\/23<\/td><td>0,26%<\/td><\/tr><tr><td><a href=\"https:\/\/www.suno.com.br\/noticias\/ipca-de-agosto-gpj\/\" target=\"_blank\" rel=\"noreferrer noopener\">Agosto<\/a>\/23<\/td><td>0,23%<\/td><\/tr><tr><td><a href=\"https:\/\/www.suno.com.br\/noticias\/ipca-julho-retorno-inflacao-cpf\/#:~:text=O%20indicador%20registrou%20uma%20queda,de%20%2D0%2C60%25.\" target=\"_blank\" rel=\"noreferrer noopener\">Julho<\/a>\/23<\/td><td>0,12%<\/td><\/tr><tr><td><a href=\"https:\/\/www.suno.com.br\/noticias\/ipca-junho-inflacao-brasil-evm\/\" target=\"_blank\" rel=\"noreferrer noopener\">Junho<\/a>\/23<\/td><td>0,08%<\/td><\/tr><tr><td><a href=\"https:\/\/www.suno.com.br\/noticias\/ipca-inflacao-brasil-maio-ibge-dados\/\" target=\"_blank\" rel=\"noreferrer noopener\">Maio<\/a>\/23<\/td><td>0,23%<\/td><\/tr><tr><td><a href=\"https:\/\/www.suno.com.br\/noticias\/ipca-abril-desacalera-alta\/\" target=\"_blank\" rel=\"noreferrer noopener\">Abril<\/a>\/23<\/td><td>0,61%<\/td><\/tr><tr><td><a href=\"https:\/\/www.suno.com.br\/noticias\/ipca-inflacao-marco-ibge\/\" target=\"_blank\" rel=\"noreferrer noopener\">Mar\u00e7o<\/a>\/23<\/td><td>0,71%<\/td><\/tr><tr><td><a href=\"https:\/\/www.suno.com.br\/noticias\/ipca-inflacao-fevereiro-ibge\/\" target=\"_blank\" rel=\"noreferrer noopener\">Fevereiro<\/a>\/23<\/td><td>0,84%<\/td><\/tr><tr><td><a href=\"https:\/\/www.suno.com.br\/noticias\/ipca-janeiro-inflacao-sobe\/\" target=\"_blank\" rel=\"noreferrer noopener\">Janeiro<\/a>\/23<\/td><td>0,53%<\/td><\/tr><\/tbody><\/table><\/figure>\n\n\n\n<h2 class=\"wp-block-heading\">Pre\u00e7o de alimentos e bebidas pressiona alta da infla\u00e7\u00e3o<\/h2>\n\n\n\n<p>O <strong>pre\u00e7o de alimentos e bebidas<\/strong> registrou o maior aumento no m\u00eas de janeiro, com uma acelera\u00e7\u00e3o de 1,38% ap\u00f3s 1,11% em dezembro. Entre os componentes do grupo, a alimenta\u00e7\u00e3o no domic\u00edlio teve alta de 1,81% em janeiro, ap\u00f3s ter avan\u00e7ado 1,34% no m\u00eas anterior. <\/p>\n\n\n\n<p>A alimenta\u00e7\u00e3o fora do domic\u00edlio subiu 0,25%, n\u00famero mais enxuto ante a alta de 0,53% em dezembro de 2023.<\/p>\n\n\n\n<h2 class=\"wp-block-heading\">Transportes puxa IPCA para baixo em janeiro<\/h2>\n\n\n\n<p>A queda nos<strong> custos de Transportes<\/strong>, de -0,65% no m\u00eas tamb\u00e9m teve um impacto relevante de -0,14 p.p. sobre o IPCA. <\/p>\n\n\n\n<p>\u201cO maior impacto individual veio das passagens a\u00e9reas, que tinham subido em setembro, outubro, novembro e dezembro do ano passado e ca\u00edram 15,22% em janeiro\u201d, ressalta Andr\u00e9 Almeida, gerente da pesquisa do IBGE. <\/p>\n\n\n\n<p>Dentro os subitens de transportes, o <strong>pre\u00e7o das passagens a\u00e9reas<\/strong> se destacou, com uma varia\u00e7\u00e3o de -15,22% e teve o maior impacto negativo individual no m\u00eas, -0,15 p.p. <\/p>\n\n\n\n<p>Em rela\u00e7\u00e3o aos combust\u00edveis, a queda total foi de -0,39%, com os pre\u00e7os oscilando:<\/p>\n\n\n\n<ul class=\"wp-block-list\">\n<li>Etanol: -1,55%;<\/li>\n\n\n\n<li>Gasolina: -0,31%;<\/li>\n\n\n\n<li>\u00d3leo diesel: -1,00%;<\/li>\n\n\n\n<li>D\u00e1s veicular: +5,86%.<\/li>\n<\/ul>\n\n\n\n\t<div data-element=\"shortcode-read-more\" class=\"readToo\">\n\t\t\t\t<span class=\"readToo__title\">Leia mais<\/span>\n\t\t\t\t<ul class=\"readToo__list\">\n\t\t\t<li><a href=\"https:\/\/www.suno.com.br\/noticias\/dolar-alta-tesouro-eua-ipca-cpf\/\">D\u00f3lar cresce com Tesouro americano, ap\u00f3s IPCA e aguardo de BCs europeus<\/a><\/li><li><a href=\"https:\/\/www.suno.com.br\/noticias\/varejo-vendas-queda-janeiro-cielo-ciel3-gpj\/\">Varejo: vendas caem 0,5% em janeiro, aponta \u00edndice da Cielo (CIEL3)<\/a><\/li><li><a href=\"https:\/\/www.suno.com.br\/noticias\/imposto-renda-2024-tabela-tributacao-isencao-cpf\/\">Tabela de tributa\u00e7\u00e3o do Imposto de Renda 2024 \u00e9 atualizada; confira quem fica isento<\/a><\/li>\t\t<\/ul>\n\t<\/div>\n\n\n\n\n<h2 class=\"wp-block-heading\">Previs\u00f5es para a infla\u00e7\u00e3o, IPCA e Selic <\/h2>\n\n\n\n<p>&#8220;De forma geral, a infla\u00e7\u00e3o segue controlada, mas h\u00e1 alguns sinais de alerta. A composi\u00e7\u00e3o do IPCA teve uma leve piora qualitativa. Servi\u00e7os subjacentes voltarem a subir, apesar desse grupo ter uma forte sazonalidade em janeiro&#8221;, destaca Sung, da Suno Research. <\/p>\n\n\n\n<p>Apesar dos pontos de aten\u00e7\u00e3o, o economista ressalta que a nossa proje\u00e7\u00e3o para o <strong>IPCA em 2024 <\/strong>segue em 3,90% e, para 2025, 3,70%. <\/p>\n\n\n\n<blockquote class=\"wp-block-quote is-layout-flow wp-block-quote-is-layout-flow\">\n<p>&#8220;Esse dado n\u00e3o deve alterar o plano de voo j\u00e1 anunciado pelo <strong>Banco Central<\/strong>, de cortes de 0,5 p.p. nas pr\u00f3ximas reuni\u00f5es. No entanto, a evolu\u00e7\u00e3o do mercado de trabalho e seus impactos sobre os pre\u00e7os dos servi\u00e7os, juntamente com o risco fiscal, ser\u00e3o insumos importantes para as decis\u00f5es futuras da autoridade monet\u00e1ria&#8221;, afirmou Sung.<\/p>\n<\/blockquote>\n\n\n\n<p>A previs\u00e3o est\u00e1 em linha com a de Andr\u00e9a Angelo, estrategista de infla\u00e7\u00e3o da Warren Investimentos. &#8220;Mesmo com a surpresa no n\u00famero de hoje, n\u00e3o alteramos o cen\u00e1rio de<strong> IPCA de 2024 <\/strong>que \u00e9 de 3,90% e de 3,50% em 2025. Reiteramos que vemos riscos de alta para a infla\u00e7\u00e3o de servi\u00e7os subjacentes no ano, no entanto a din\u00e2mica recente mais favor\u00e1vel de alimenta\u00e7\u00e3o no domic\u00edlio pode contrabalan\u00e7ar este efeito&#8221;, afirmou a estrategista.<\/p>\n\n\n\n<p>Angelo ainda ressaltou que, no <a class=\"suno-keyword\" target=\"_blank\" data-force=\"no\" data-priority=\"1\" href=\"https:\/\/www.suno.com.br\/artigos\/curto-prazo\/\" rel=\"noopener\">curto prazo<\/a>, a proje\u00e7\u00e3o do IPCA de fevereiro est\u00e1 em 0,77% e mar\u00e7o em 0,12%. <\/p>\n\n\n\n<p>Contudo, a estrategista ressalta que foi uma din\u00e2mica menos favor\u00e1vel da infla\u00e7\u00e3o subjacente motivo de preocupa\u00e7\u00e3o pelo Banco Central na \u00faltima ata do comit\u00ea (Copom). <\/p>\n\n\n\n<p>Para Andr\u00e9 Fernandes, head de renda vari\u00e1vel e s\u00f3cio da A7 Capital, o recuo na infla\u00e7\u00e3o na m\u00e9dia anual corrobora para que o Banco Central possa eventualmente acelerar os cortes da taxa Selic, mas isso ainda depende do movimento do FED (banco central americano), que ainda n\u00e3o come\u00e7ou a cortar os juros nos EUA. <\/p>\n\n\n\n<p>&#8220;Isso deixa, na minha opini\u00e3o, o Banco Central com uma postura mais conservadora, apesar da nossa infla\u00e7\u00e3o estar convergindo para a meta&#8221;, diz o especialista. <\/p>\n\n\n\t<p>\n\t\t<a href=\"https:\/\/lp.suno.com.br\/ebook-gratuito-investindo-no-exterior\/\" target=\"_blank\" data-element=\"shortcode-suno-banner\" title=\"Banner SUNO, clique e saiba mais\">\n\t\t\t<picture>\n\t\t\t\t<source media=\"(max-width: 500px)\" srcset=\"https:\/\/files.sunoresearch.com.br\/n\/uploads\/2023\/03\/400x300-Investindo-no-exterior.png\">\n\t\t\t\t<img class=\"newsContent__article__imgCapa newsContent__article__imgCapa--banner\"\n\t\t\t\t\tsrc=\"https:\/\/files.sunoresearch.com.br\/n\/uploads\/2023\/03\/1420x240-Investindo-no-exterior.png\"\n\t\t\t\t\tdata-promo-id=\"383161\"\t\t\t\t\t\t\t\t\t\twidth='1420' height='240'\t\t\t\t\talt=\"https:\/\/files.sunoresearch.com.br\/n\/uploads\/2023\/03\/1420x240-Investindo-no-exterior.png\"\n\t\t\t\t>\n\t\t\t<\/picture>\n\t\t<\/a>\n\t<\/p>\n\n\n\n\n\n<h2 class=\"wp-block-heading\">INPC tem alta de 0,57%, segundo IBGE<\/h2>\n\n\n\n<p>O <a class=\"suno-keyword\" target=\"_blank\" data-force=\"no\" data-priority=\"2\" href=\"https:\/\/www.suno.com.br\/artigos\/inpc\/\" rel=\"noopener\">\u00cdndice Nacional de Pre\u00e7os ao Consumidor (INPC)<\/a> teve alta de 0,57% em janeiro, ap\u00f3s uma eleva\u00e7\u00e3o de 0,55% em dezembro, segundo dados divulgados pelo IBGE tamb\u00e9m nesta quinta-feira (8).<\/p>\n\n\n\n<p>A taxa em 12 meses mostrou alta de 3,82% em janeiro, ante taxa de 3,71% at\u00e9 dezembro.<\/p>\n\n\n\n<p>O INPC mede a varia\u00e7\u00e3o dos pre\u00e7os para as fam\u00edlias com renda de um a cinco sal\u00e1rios m\u00ednimos e chefiadas por assalariados.<\/p>\n\n\n\n<p><em>Com informa\u00e7\u00f5es de Estad\u00e3o Conte\u00fado.<\/em><\/p>\n\n\n\t<p>\n\t\t<a href=\"https:\/\/lp.suno.com.br\/planilha-da-vida-financeira\/\" target=\"_blank\" data-element=\"shortcode-suno-banner\" title=\"Banner SUNO, clique e saiba mais\">\n\t\t\t<picture>\n\t\t\t\t<source media=\"(max-width: 500px)\" srcset=\"https:\/\/files.sunoresearch.com.br\/n\/uploads\/2023\/04\/400x300-Planilha-vida-financeira-true.png\">\n\t\t\t\t<img class=\"newsContent__article__imgCapa newsContent__article__imgCapa--banner\"\n\t\t\t\t\tsrc=\"https:\/\/files.sunoresearch.com.br\/n\/uploads\/2023\/04\/1420x240-Planilha-vida-financeira-true.png\"\n\t\t\t\t\tdata-promo-id=\"383123\"\t\t\t\t\t\t\t\t\t\twidth='1420' height='240'\t\t\t\t\talt=\"https:\/\/files.sunoresearch.com.br\/n\/uploads\/2023\/04\/1420x240-Planilha-vida-financeira-true.png\"\n\t\t\t\t>\n\t\t\t<\/picture>\n\t\t<\/a>\n\t<\/p>\n\n\n","protected":false},"excerpt":{"rendered":"<p>O principal term\u00f4metro da infla\u00e7\u00e3o no Brasil, o \u00cdndice Nacional de Pre\u00e7os ao Consumidor Amplo (IPCA) ficou em de 0,42% em janeiro. Alimentos &#8211; Foto: Unsplash De acordo com dados do IBGE divulgados nesta quinta-feira (8), o infla\u00e7\u00e3o reduziu em 0,14 ponto percentual em rela\u00e7\u00e3o \u00e0 taxa de dezembro (0,56%), mas ainda superou as proje\u00e7\u00f5es [&hellip;]<\/p>\n","protected":false},"author":283,"featured_media":521500,"comment_status":"closed","ping_status":"closed","sticky":false,"template":"","format":"standard","meta":[],"categories":[62],"tags":[106444,105816,821,850,966],"suno_strategy":[],"class_list":["post-521497","post","type-post","status-publish","format-standard","has-post-thumbnail","hentry","category-economia","tag-agencias","tag-especialistas","tag-ibge","tag-inflacao","tag-ipca"],"yoast_head":"<!-- This site is optimized with the Yoast SEO plugin v24.4 - https:\/\/yoast.com\/wordpress\/plugins\/seo\/ -->\n<title>IPCA: infla\u00e7\u00e3o sobe em janeiro, com alta de 0,42%<\/title>\n<meta name=\"description\" content=\"O IPCA de janeiro apontou uma infla\u00e7\u00e3o menor em rela\u00e7\u00e3o ao resultado do m\u00eas anterior, segundo dados IBGE desta quinta-feira (8).\" \/>\n<meta name=\"robots\" content=\"index, follow, max-snippet:-1, max-image-preview:large, max-video-preview:-1\" \/>\n<link rel=\"canonical\" href=\"https:\/\/www.suno.com.br\/noticias\/ipca-inflacao-desacelera-janeiro-cpf\/\" \/>\n<meta property=\"og:locale\" content=\"pt_BR\" \/>\n<meta property=\"og:type\" content=\"article\" \/>\n<meta property=\"og:title\" content=\"IPCA: infla\u00e7\u00e3o sobe em janeiro, com alta de 0,42%\" \/>\n<meta property=\"og:description\" content=\"O IPCA de janeiro apontou uma infla\u00e7\u00e3o menor em rela\u00e7\u00e3o ao resultado do m\u00eas anterior, segundo dados IBGE desta quinta-feira (8).\" \/>\n<meta property=\"og:url\" content=\"https:\/\/www.suno.com.br\/noticias\/ipca-inflacao-desacelera-janeiro-cpf\/\" \/>\n<meta property=\"og:site_name\" content=\"Suno Not\u00edcias\" \/>\n<meta property=\"article:publisher\" content=\"https:\/\/facebook.com\/sunoresearch\" \/>\n<meta property=\"og:image\" content=\"https:\/\/files.sunoresearch.com.br\/n\/uploads\/2024\/02\/ipca-inflacao.jpg\" \/>\n\t<meta property=\"og:image:width\" content=\"1200\" \/>\n\t<meta property=\"og:image:height\" content=\"800\" \/>\n\t<meta property=\"og:image:type\" content=\"image\/jpeg\" \/>\n<meta name=\"author\" content=\"Camila Paim\" \/>\n<meta name=\"twitter:card\" content=\"summary_large_image\" \/>\n<meta name=\"twitter:creator\" content=\"@sunoresearch\" \/>\n<meta name=\"twitter:site\" content=\"@sunoresearch\" \/>\n<meta name=\"twitter:label1\" content=\"Escrito por\" \/>\n\t<meta name=\"twitter:data1\" content=\"Camila Paim\" \/>\n\t<meta name=\"twitter:label2\" content=\"Est. tempo de leitura\" \/>\n\t<meta name=\"twitter:data2\" content=\"5 minutos\" \/>\n<script type=\"application\/ld+json\" class=\"yoast-schema-graph\">{\"@context\":\"https:\/\/schema.org\",\"@graph\":[{\"@type\":\"NewsArticle\",\"@id\":\"https:\/\/www.suno.com.br\/noticias\/ipca-inflacao-desacelera-janeiro-cpf\/#article\",\"isPartOf\":{\"@id\":\"https:\/\/www.suno.com.br\/noticias\/ipca-inflacao-desacelera-janeiro-cpf\/\"},\"author\":{\"name\":\"Camila Paim\",\"@id\":\"https:\/\/www.suno.com.br\/noticias\/#\/schema\/person\/f341d3ae5d1cc685176c9a5327cdfdbb\"},\"headline\":\"IPCA: Infla\u00e7\u00e3o sobe em janeiro, com alta de 0,42%\",\"datePublished\":\"2024-02-08T13:15:29+00:00\",\"dateModified\":\"2024-02-08T14:12:59+00:00\",\"mainEntityOfPage\":{\"@id\":\"https:\/\/www.suno.com.br\/noticias\/ipca-inflacao-desacelera-janeiro-cpf\/\"},\"wordCount\":869,\"publisher\":{\"@id\":\"https:\/\/www.suno.com.br\/noticias\/#organization\"},\"image\":{\"@id\":\"https:\/\/www.suno.com.br\/noticias\/ipca-inflacao-desacelera-janeiro-cpf\/#primaryimage\"},\"thumbnailUrl\":\"https:\/\/files.sunoresearch.com.br\/n\/uploads\/2024\/02\/ipca-inflacao.jpg\",\"keywords\":[\"Ag\u00eancias\",\"Especialistas\",\"IBGE\",\"infla\u00e7\u00e3o\",\"IPCA\"],\"articleSection\":[\"Economia\"],\"inLanguage\":\"pt-BR\"},{\"@type\":\"WebPage\",\"@id\":\"https:\/\/www.suno.com.br\/noticias\/ipca-inflacao-desacelera-janeiro-cpf\/\",\"url\":\"https:\/\/www.suno.com.br\/noticias\/ipca-inflacao-desacelera-janeiro-cpf\/\",\"name\":\"IPCA: infla\u00e7\u00e3o sobe em janeiro, com alta de 0,42%\",\"isPartOf\":{\"@id\":\"https:\/\/www.suno.com.br\/noticias\/#website\"},\"primaryImageOfPage\":{\"@id\":\"https:\/\/www.suno.com.br\/noticias\/ipca-inflacao-desacelera-janeiro-cpf\/#primaryimage\"},\"image\":{\"@id\":\"https:\/\/www.suno.com.br\/noticias\/ipca-inflacao-desacelera-janeiro-cpf\/#primaryimage\"},\"thumbnailUrl\":\"https:\/\/files.sunoresearch.com.br\/n\/uploads\/2024\/02\/ipca-inflacao.jpg\",\"datePublished\":\"2024-02-08T13:15:29+00:00\",\"dateModified\":\"2024-02-08T14:12:59+00:00\",\"description\":\"O IPCA de janeiro apontou uma infla\u00e7\u00e3o menor em rela\u00e7\u00e3o ao resultado do m\u00eas anterior, segundo dados IBGE desta quinta-feira (8).\",\"breadcrumb\":{\"@id\":\"https:\/\/www.suno.com.br\/noticias\/ipca-inflacao-desacelera-janeiro-cpf\/#breadcrumb\"},\"inLanguage\":\"pt-BR\",\"potentialAction\":[{\"@type\":\"ReadAction\",\"target\":[\"https:\/\/www.suno.com.br\/noticias\/ipca-inflacao-desacelera-janeiro-cpf\/\"]}]},{\"@type\":\"ImageObject\",\"inLanguage\":\"pt-BR\",\"@id\":\"https:\/\/www.suno.com.br\/noticias\/ipca-inflacao-desacelera-janeiro-cpf\/#primaryimage\",\"url\":\"https:\/\/files.sunoresearch.com.br\/n\/uploads\/2024\/02\/ipca-inflacao.jpg\",\"contentUrl\":\"https:\/\/files.sunoresearch.com.br\/n\/uploads\/2024\/02\/ipca-inflacao.jpg\",\"width\":1200,\"height\":800,\"caption\":\"Alimentos - Foto: Unsplash\"},{\"@type\":\"BreadcrumbList\",\"@id\":\"https:\/\/www.suno.com.br\/noticias\/ipca-inflacao-desacelera-janeiro-cpf\/#breadcrumb\",\"itemListElement\":[{\"@type\":\"ListItem\",\"position\":1,\"name\":\"Not\u00edcias\",\"item\":\"https:\/\/www.suno.com.br\/noticias\/\"},{\"@type\":\"ListItem\",\"position\":2,\"name\":\"Economia\",\"item\":\"https:\/\/www.suno.com.br\/noticias\/economia\/\"},{\"@type\":\"ListItem\",\"position\":3,\"name\":\"IPCA: Infla\u00e7\u00e3o sobe em janeiro, com alta de 0,42%\"}]},{\"@type\":\"WebSite\",\"@id\":\"https:\/\/www.suno.com.br\/noticias\/#website\",\"url\":\"https:\/\/www.suno.com.br\/noticias\/\",\"name\":\"Suno Not\u00edcias\",\"description\":\"Seu portal de informa\u00e7\u00e3o sobre o mundo dos investimentos\",\"publisher\":{\"@id\":\"https:\/\/www.suno.com.br\/noticias\/#organization\"},\"potentialAction\":[{\"@type\":\"SearchAction\",\"target\":{\"@type\":\"EntryPoint\",\"urlTemplate\":\"https:\/\/www.suno.com.br\/noticias\/?s={search_term_string}\"},\"query-input\":{\"@type\":\"PropertyValueSpecification\",\"valueRequired\":true,\"valueName\":\"search_term_string\"}}],\"inLanguage\":\"pt-BR\"},{\"@type\":\"Organization\",\"@id\":\"https:\/\/www.suno.com.br\/noticias\/#organization\",\"name\":\"Suno Not\u00edcias\",\"url\":\"https:\/\/www.suno.com.br\/noticias\/\",\"logo\":{\"@type\":\"ImageObject\",\"inLanguage\":\"pt-BR\",\"@id\":\"https:\/\/www.suno.com.br\/noticias\/#\/schema\/logo\/image\/\",\"url\":\"https:\/\/files.sunoresearch.com.br\/n\/uploads\/2021\/09\/suno-logo.png\",\"contentUrl\":\"https:\/\/files.sunoresearch.com.br\/n\/uploads\/2021\/09\/suno-logo.png\",\"width\":180,\"height\":180,\"caption\":\"Suno Not\u00edcias\"},\"image\":{\"@id\":\"https:\/\/www.suno.com.br\/noticias\/#\/schema\/logo\/image\/\"},\"sameAs\":[\"https:\/\/facebook.com\/sunoresearch\",\"https:\/\/x.com\/sunoresearch\",\"https:\/\/www.instagram.com\/suno\",\"https:\/\/www.linkedin.com\/company\/suno-research\/\",\"https:\/\/www.youtube.com\/c\/sunoresearch\"]},{\"@type\":\"Person\",\"@id\":\"https:\/\/www.suno.com.br\/noticias\/#\/schema\/person\/f341d3ae5d1cc685176c9a5327cdfdbb\",\"name\":\"Camila Paim\",\"image\":{\"@type\":\"ImageObject\",\"inLanguage\":\"pt-BR\",\"@id\":\"https:\/\/www.suno.com.br\/noticias\/#\/schema\/person\/image\/\",\"url\":\"https:\/\/secure.gravatar.com\/avatar\/f33728e65febb1aa7ecf6792956f9b20?s=96&r=g\",\"contentUrl\":\"https:\/\/secure.gravatar.com\/avatar\/f33728e65febb1aa7ecf6792956f9b20?s=96&r=g\",\"caption\":\"Camila Paim\"},\"description\":\"Jornalista formada pela USP, tem experi\u00eancia em reda\u00e7\u00f5es, SEO, Branded Content e Webdesign. Com passagem pelo Jornal da USP, Empiricus e C6 Bank, hoje \u00e9 rep\u00f3rter no Suno Not\u00edcias cobrindo macroeconomia, finan\u00e7as pessoais e startups.\",\"url\":\"https:\/\/www.suno.com.br\/noticias\/author\/camila-figueiredosuno-com-br\/\"}]}<\/script>\n<!-- \/ Yoast SEO plugin. -->","yoast_head_json":{"title":"IPCA: infla\u00e7\u00e3o sobe em janeiro, com alta de 0,42%","description":"O IPCA de janeiro apontou uma infla\u00e7\u00e3o menor em rela\u00e7\u00e3o ao resultado do m\u00eas anterior, segundo dados IBGE desta quinta-feira (8).","robots":{"index":"index","follow":"follow","max-snippet":"max-snippet:-1","max-image-preview":"max-image-preview:large","max-video-preview":"max-video-preview:-1"},"canonical":"https:\/\/www.suno.com.br\/noticias\/ipca-inflacao-desacelera-janeiro-cpf\/","og_locale":"pt_BR","og_type":"article","og_title":"IPCA: infla\u00e7\u00e3o sobe em janeiro, com alta de 0,42%","og_description":"O IPCA de janeiro apontou uma infla\u00e7\u00e3o menor em rela\u00e7\u00e3o ao resultado do m\u00eas anterior, segundo dados IBGE desta quinta-feira (8).","og_url":"https:\/\/www.suno.com.br\/noticias\/ipca-inflacao-desacelera-janeiro-cpf\/","og_site_name":"Suno Not\u00edcias","article_publisher":"https:\/\/facebook.com\/sunoresearch","og_image":[{"width":1200,"height":800,"url":"https:\/\/files.sunoresearch.com.br\/n\/uploads\/2024\/02\/ipca-inflacao.jpg","type":"image\/jpeg"}],"author":"Camila Paim","twitter_card":"summary_large_image","twitter_creator":"@sunoresearch","twitter_site":"@sunoresearch","twitter_misc":{"Escrito por":"Camila Paim","Est. tempo de leitura":"5 minutos"},"schema":{"@context":"https:\/\/schema.org","@graph":[{"@type":"NewsArticle","@id":"https:\/\/www.suno.com.br\/noticias\/ipca-inflacao-desacelera-janeiro-cpf\/#article","isPartOf":{"@id":"https:\/\/www.suno.com.br\/noticias\/ipca-inflacao-desacelera-janeiro-cpf\/"},"author":{"name":"Camila Paim","@id":"https:\/\/www.suno.com.br\/noticias\/#\/schema\/person\/f341d3ae5d1cc685176c9a5327cdfdbb"},"headline":"IPCA: Infla\u00e7\u00e3o sobe em janeiro, com alta de 0,42%","datePublished":"2024-02-08T13:15:29+00:00","dateModified":"2024-02-08T14:12:59+00:00","mainEntityOfPage":{"@id":"https:\/\/www.suno.com.br\/noticias\/ipca-inflacao-desacelera-janeiro-cpf\/"},"wordCount":869,"publisher":{"@id":"https:\/\/www.suno.com.br\/noticias\/#organization"},"image":{"@id":"https:\/\/www.suno.com.br\/noticias\/ipca-inflacao-desacelera-janeiro-cpf\/#primaryimage"},"thumbnailUrl":"https:\/\/files.sunoresearch.com.br\/n\/uploads\/2024\/02\/ipca-inflacao.jpg","keywords":["Ag\u00eancias","Especialistas","IBGE","infla\u00e7\u00e3o","IPCA"],"articleSection":["Economia"],"inLanguage":"pt-BR"},{"@type":"WebPage","@id":"https:\/\/www.suno.com.br\/noticias\/ipca-inflacao-desacelera-janeiro-cpf\/","url":"https:\/\/www.suno.com.br\/noticias\/ipca-inflacao-desacelera-janeiro-cpf\/","name":"IPCA: infla\u00e7\u00e3o sobe em janeiro, com alta de 0,42%","isPartOf":{"@id":"https:\/\/www.suno.com.br\/noticias\/#website"},"primaryImageOfPage":{"@id":"https:\/\/www.suno.com.br\/noticias\/ipca-inflacao-desacelera-janeiro-cpf\/#primaryimage"},"image":{"@id":"https:\/\/www.suno.com.br\/noticias\/ipca-inflacao-desacelera-janeiro-cpf\/#primaryimage"},"thumbnailUrl":"https:\/\/files.sunoresearch.com.br\/n\/uploads\/2024\/02\/ipca-inflacao.jpg","datePublished":"2024-02-08T13:15:29+00:00","dateModified":"2024-02-08T14:12:59+00:00","description":"O IPCA de janeiro apontou uma infla\u00e7\u00e3o menor em rela\u00e7\u00e3o ao resultado do m\u00eas anterior, segundo dados IBGE desta quinta-feira (8).","breadcrumb":{"@id":"https:\/\/www.suno.com.br\/noticias\/ipca-inflacao-desacelera-janeiro-cpf\/#breadcrumb"},"inLanguage":"pt-BR","potentialAction":[{"@type":"ReadAction","target":["https:\/\/www.suno.com.br\/noticias\/ipca-inflacao-desacelera-janeiro-cpf\/"]}]},{"@type":"ImageObject","inLanguage":"pt-BR","@id":"https:\/\/www.suno.com.br\/noticias\/ipca-inflacao-desacelera-janeiro-cpf\/#primaryimage","url":"https:\/\/files.sunoresearch.com.br\/n\/uploads\/2024\/02\/ipca-inflacao.jpg","contentUrl":"https:\/\/files.sunoresearch.com.br\/n\/uploads\/2024\/02\/ipca-inflacao.jpg","width":1200,"height":800,"caption":"Alimentos - Foto: Unsplash"},{"@type":"BreadcrumbList","@id":"https:\/\/www.suno.com.br\/noticias\/ipca-inflacao-desacelera-janeiro-cpf\/#breadcrumb","itemListElement":[{"@type":"ListItem","position":1,"name":"Not\u00edcias","item":"https:\/\/www.suno.com.br\/noticias\/"},{"@type":"ListItem","position":2,"name":"Economia","item":"https:\/\/www.suno.com.br\/noticias\/economia\/"},{"@type":"ListItem","position":3,"name":"IPCA: Infla\u00e7\u00e3o sobe em janeiro, com alta de 0,42%"}]},{"@type":"WebSite","@id":"https:\/\/www.suno.com.br\/noticias\/#website","url":"https:\/\/www.suno.com.br\/noticias\/","name":"Suno Not\u00edcias","description":"Seu portal de informa\u00e7\u00e3o sobre o mundo dos investimentos","publisher":{"@id":"https:\/\/www.suno.com.br\/noticias\/#organization"},"potentialAction":[{"@type":"SearchAction","target":{"@type":"EntryPoint","urlTemplate":"https:\/\/www.suno.com.br\/noticias\/?s={search_term_string}"},"query-input":{"@type":"PropertyValueSpecification","valueRequired":true,"valueName":"search_term_string"}}],"inLanguage":"pt-BR"},{"@type":"Organization","@id":"https:\/\/www.suno.com.br\/noticias\/#organization","name":"Suno Not\u00edcias","url":"https:\/\/www.suno.com.br\/noticias\/","logo":{"@type":"ImageObject","inLanguage":"pt-BR","@id":"https:\/\/www.suno.com.br\/noticias\/#\/schema\/logo\/image\/","url":"https:\/\/files.sunoresearch.com.br\/n\/uploads\/2021\/09\/suno-logo.png","contentUrl":"https:\/\/files.sunoresearch.com.br\/n\/uploads\/2021\/09\/suno-logo.png","width":180,"height":180,"caption":"Suno Not\u00edcias"},"image":{"@id":"https:\/\/www.suno.com.br\/noticias\/#\/schema\/logo\/image\/"},"sameAs":["https:\/\/facebook.com\/sunoresearch","https:\/\/x.com\/sunoresearch","https:\/\/www.instagram.com\/suno","https:\/\/www.linkedin.com\/company\/suno-research\/","https:\/\/www.youtube.com\/c\/sunoresearch"]},{"@type":"Person","@id":"https:\/\/www.suno.com.br\/noticias\/#\/schema\/person\/f341d3ae5d1cc685176c9a5327cdfdbb","name":"Camila Paim","image":{"@type":"ImageObject","inLanguage":"pt-BR","@id":"https:\/\/www.suno.com.br\/noticias\/#\/schema\/person\/image\/","url":"https:\/\/secure.gravatar.com\/avatar\/f33728e65febb1aa7ecf6792956f9b20?s=96&r=g","contentUrl":"https:\/\/secure.gravatar.com\/avatar\/f33728e65febb1aa7ecf6792956f9b20?s=96&r=g","caption":"Camila Paim"},"description":"Jornalista formada pela USP, tem experi\u00eancia em reda\u00e7\u00f5es, SEO, Branded Content e Webdesign. Com passagem pelo Jornal da USP, Empiricus e C6 Bank, hoje \u00e9 rep\u00f3rter no Suno Not\u00edcias cobrindo macroeconomia, finan\u00e7as pessoais e startups.","url":"https:\/\/www.suno.com.br\/noticias\/author\/camila-figueiredosuno-com-br\/"}]}},"default_loop_html":"<div class=\"cardsPage__listCard__boxs\"><div class=\"cardsPage__listCard__boxs__img\"><a href=\"https:\/\/www.suno.com.br\/noticias\/ipca-inflacao-desacelera-janeiro-cpf\/\"><img class=\"mask\" src=\"https:\/\/www.suno.com.br\/noticias\/wp-content\/themes\/suno\/resources\/images\/spotlight\/spotlight1img\/bg-mask.png\" alt=\"Image Mask\"\/><img src=\"https:\/\/files.sunoresearch.com.br\/n\/uploads\/2024\/02\/ipca-inflacao-400x200.jpg\" alt=\"IPCA: Infla\u00e7\u00e3o sobe em janeiro, com alta de 0,42%\"\/><\/a><span class=\"spotlightCategory\"><a href=\"https:\/\/www.suno.com.br\/noticias\/economia\/\">Economia<\/a><\/span><\/div><div class=\"cardsPage__listCard__boxs__content\"><a href=\"https:\/\/www.suno.com.br\/noticias\/ipca-inflacao-desacelera-janeiro-cpf\/\"><h2 class=\"content__title\">IPCA: Infla\u00e7\u00e3o sobe em janeiro, com alta de 0,42%<\/h2><\/a><div class=\"newsContent__article__meta\"><div class=\"newsContent__article__meta__authorBox\"><a href=\"https:\/\/www.suno.com.br\/noticias\/author\/camila-figueiredosuno-com-br\/\" class=\"authorBox__avatar noMobi\"><img src=\"https:\/\/files.sunoresearch.com.br\/n\/uploads\/2024\/05\/camila-paim-square-150x150.jpg\" alt=\"Camila Paim\"><\/a><div class=\"authorBox__name\"><span>por\n\t\t\t<a href=\"https:\/\/www.suno.com.br\/noticias\/author\/camila-figueiredosuno-com-br\/\"><span itemprop=\"author\">Camila Paim<\/span><\/a><\/span><time datetime=\"2024-02-08T10:15:29-03:00\" itemprop=\"datePublished\">08\/02\/2024 10:15<\/time><\/div><\/div><\/div><\/div><\/div>","single_layout":"posts","amp_enabled":true,"_links":{"self":[{"href":"https:\/\/www.suno.com.br\/noticias\/wp-json\/wp\/v2\/posts\/521497"}],"collection":[{"href":"https:\/\/www.suno.com.br\/noticias\/wp-json\/wp\/v2\/posts"}],"about":[{"href":"https:\/\/www.suno.com.br\/noticias\/wp-json\/wp\/v2\/types\/post"}],"author":[{"embeddable":true,"href":"https:\/\/www.suno.com.br\/noticias\/wp-json\/wp\/v2\/users\/283"}],"replies":[{"embeddable":true,"href":"https:\/\/www.suno.com.br\/noticias\/wp-json\/wp\/v2\/comments?post=521497"}],"version-history":[{"count":3,"href":"https:\/\/www.suno.com.br\/noticias\/wp-json\/wp\/v2\/posts\/521497\/revisions"}],"predecessor-version":[{"id":521554,"href":"https:\/\/www.suno.com.br\/noticias\/wp-json\/wp\/v2\/posts\/521497\/revisions\/521554"}],"wp:featuredmedia":[{"embeddable":true,"href":"https:\/\/www.suno.com.br\/noticias\/wp-json\/wp\/v2\/media\/521500"}],"wp:attachment":[{"href":"https:\/\/www.suno.com.br\/noticias\/wp-json\/wp\/v2\/media?parent=521497"}],"wp:term":[{"taxonomy":"category","embeddable":true,"href":"https:\/\/www.suno.com.br\/noticias\/wp-json\/wp\/v2\/categories?post=521497"},{"taxonomy":"post_tag","embeddable":true,"href":"https:\/\/www.suno.com.br\/noticias\/wp-json\/wp\/v2\/tags?post=521497"},{"taxonomy":"suno_strategy","embeddable":true,"href":"https:\/\/www.suno.com.br\/noticias\/wp-json\/wp\/v2\/suno_strategy?post=521497"}],"curies":[{"name":"wp","href":"https:\/\/api.w.org\/{rel}","templated":true}]}}