{"id":521464,"date":"2024-02-08T10:15:40","date_gmt":"2024-02-08T13:15:40","guid":{"rendered":"https:\/\/www.suno.com.br\/noticias\/?p=521464"},"modified":"2024-02-08T10:15:46","modified_gmt":"2024-02-08T13:15:46","slug":"varejo-vendas-queda-janeiro-cielo-ciel3-gpj","status":"publish","type":"post","link":"https:\/\/www.suno.com.br\/noticias\/varejo-vendas-queda-janeiro-cielo-ciel3-gpj\/","title":{"rendered":"Varejo: vendas caem 0,5% em janeiro, aponta \u00edndice da Cielo (CIEL3)"},"content":{"rendered":"<p>As vendas no&nbsp;<strong>varejo<\/strong>&nbsp;ca\u00edram 0,5% em janeiro de 2024, descontada a infla\u00e7\u00e3o, em compara\u00e7\u00e3o com o mesmo m\u00eas de 2023, segundo o&nbsp;<a href=\"https:\/\/www.suno.com.br\/artigos\/icva\/\">\u00cdndice Cielo do Varejo Ampliado (ICVA)<\/a>. Em termos nominais, que espelham a receita de vendas observadas pelo varejista, o crescimento em janeiro foi de 3,3%.<\/p>\t<div class=\"wrapper-featured-image\">\n\t\t<figure class=\"spotlightImg\">\n\n\t\t\t<picture>\n\t\t\t\t<source media=\"(max-width: 768px)\" srcset=\"https:\/\/files.sunoresearch.com.br\/n\/uploads\/2022\/01\/pexels-albin-biju-6717680-400x200.jpg\">\n\t\t\t\t<img loading=\"lazy\" decoding=\"async\" class=\"newsContent__article__imgCapa lazyloadDisabled \" src=\"https:\/\/files.sunoresearch.com.br\/n\/uploads\/2022\/01\/pexels-albin-biju-6717680-800x450.jpg\" width=\"800\" height=\"450\" alt=\"Varejo: vendas caem 0,5% em janeiro, aponta \u00edndice da Cielo (CIEL3)\" fetchpriority=high \/>\n\t\t\t<\/picture>\n\n\t\t\t<figcaption class=\"wp-caption-text wp-caption-text--show\">Varejo. Foto: Pexels<\/figcaption>\n\t\t<\/figure>\n\t<\/div>\n\n\n\n\n\n\n\n\t<p>\n\t\t<a href=\"https:\/\/lp.suno.com.br\/planilha-da-vida-financeira\/\" target=\"_blank\" data-element=\"shortcode-suno-banner\" title=\"Banner SUNO, clique e saiba mais\">\n\t\t\t<picture>\n\t\t\t\t<source media=\"(max-width: 500px)\" srcset=\"https:\/\/files.sunoresearch.com.br\/n\/uploads\/2023\/04\/400x300-Planilha-vida-financeira-true.png\">\n\t\t\t\t<img class=\"newsContent__article__imgCapa newsContent__article__imgCapa--banner\"\n\t\t\t\t\tsrc=\"https:\/\/files.sunoresearch.com.br\/n\/uploads\/2023\/04\/1420x240-Planilha-vida-financeira-true.png\"\n\t\t\t\t\tdata-promo-id=\"106682\"\t\t\t\t\t\t\t\t\t\twidth='1420' height='240'\t\t\t\t\talt=\"https:\/\/files.sunoresearch.com.br\/n\/uploads\/2023\/04\/1420x240-Planilha-vida-financeira-true.png\"\n\t\t\t\t>\n\t\t\t<\/picture>\n\t\t<\/a>\n\t<\/p>\n\n\n\n\n\n<p>Dois macrossetores (&#8216;<strong>servi\u00e7os&#8217;<\/strong> e<strong> &#8216;bens dur\u00e1veis e semidur\u00e1veis&#8217;<\/strong>)<strong> <\/strong>registraram baixa no mesmo tempo.<strong> <\/strong>&#8216;Servi\u00e7os&#8217; caiu 3,1%, afetado principalmente pelo resultado de &#8216;<strong>bares e restaurantes<\/strong>&#8216;, enquanto a retra\u00e7\u00e3o do faturamento de &#8216;bens dur\u00e1veis e semidur\u00e1veis&#8217; foi de 1,8%, influenciado pelos setores de &#8216;<strong>materiais de constru\u00e7\u00e3o<\/strong>&#8216; e &#8216;<strong>vestu\u00e1rio<\/strong>&#8216;.<\/p>\n\n\n\n<p>Apenas o macrossetor de &#8216;<strong>bens n\u00e3o dur\u00e1veis<\/strong>&#8216; registrou alta de 0,9% nas vendas em janeiro, puxado por &#8216;<strong>supermercados e hipermercados<\/strong>&#8216;.<\/p>\n\n\n\n<p>\u201cO m\u00eas de janeiro foi afetado por quedas de faturamento em importantes segmentos como <strong>Bares e Restaurantes<\/strong>, <strong>Turismo<\/strong> <strong>e Transporte<\/strong> e <strong>Livrarias e Papelarias<\/strong>. Este \u00faltimo, em especial, costuma aquecer o com\u00e9rcio por causa da volta \u00e0s aulas. Uma das hip\u00f3teses \u00e9 que os pais estejam esperando passar o <strong>Carnaval<\/strong> para realizar as compras de materiais escolares\u201d, afirma Carlos Alves, vice-presidente de Tecnologia e Neg\u00f3cios da <strong>Cielo <\/strong>(<a href=\"https:\/\/statusinvest.com.br\/acoes\/ciel3\">CIEL3<\/a>).<\/p>\n\n\n\n<p>\u201cO resultado s\u00f3 n\u00e3o foi mais negativo porque o setor de <strong>M\u00f3veis, Eletro e Depto <\/strong>experimentou alta. Foi um m\u00eas que registrou recordes de temperatura em algumas regi\u00f5es, o que pode ter estimulado a compra de aparelhos ar-condicionado e colaborado para o crescimento do segmento\u201d, completa.<\/p>\n\n\n\n<p>Em termos nominais, ou seja, que refletem a receita observada pelo varejista, o <strong>e-commerce <\/strong>cresceu 4,3% em janeiro, enquanto as vendas presenciais subiram 3,0% em rela\u00e7\u00e3o ao mesmo m\u00eas de 2023.<\/p>\n\n\n\t<p>\n\t\t<a href=\"https:\/\/lp.suno.com.br\/ebook-como-analisar-uma-acao\/\" target=\"_blank\" data-element=\"shortcode-suno-banner\" title=\"Banner SUNO, clique e saiba mais\">\n\t\t\t<picture>\n\t\t\t\t<source media=\"(max-width: 500px)\" srcset=\"https:\/\/files.sunoresearch.com.br\/n\/uploads\/2023\/03\/Ebook-Acoes-Mobile.jpg\">\n\t\t\t\t<img class=\"newsContent__article__imgCapa newsContent__article__imgCapa--banner\"\n\t\t\t\t\tsrc=\"https:\/\/files.sunoresearch.com.br\/n\/uploads\/2023\/03\/Ebook-Acoes-Desktop.jpg\"\n\t\t\t\t\tdata-promo-id=\"378302\"\t\t\t\t\t\t\t\t\t\twidth='1420' height='286'\t\t\t\t\talt=\"https:\/\/files.sunoresearch.com.br\/n\/uploads\/2023\/03\/Ebook-Acoes-Desktop.jpg\"\n\t\t\t\t>\n\t\t\t<\/picture>\n\t\t<\/a>\n\t<\/p>\n\n\n\n\n\n<h2 class=\"wp-block-heading\">ICVA por regi\u00e3o<\/h2>\n\n\n\n<p>De acordo com o <strong>ICVA<\/strong> deflacionado e com ajuste de calend\u00e1rio, os resultados de cada regi\u00e3o em rela\u00e7\u00e3o a janeiro de 2023 foram: Sudeste (-0,2%), Nordeste (-0,5%), Norte (-0,8%), Sul (-1,5%) e Centro-Oeste (-1,6%).<\/p>\n\n\n\n<p>Pelo <strong>ICVA nominal<\/strong> \u2013 que reflete a receita observada pelo varejista e embute a infla\u00e7\u00e3o \u2013 e com ajuste de calend\u00e1rio, os resultados de cada regi\u00e3o foram: Sudeste (+4,1%), Norte (+2,7%), Sul (+2,4%), Nordeste (+2,0%) e Centro Oeste (+1,4%), segundo dados do \u00cdndice Cielo do <strong>Varejo<\/strong> Ampliado.<\/p>\n\n\n\t<p>\n\t\t<a href=\"https:\/\/lp.suno.com.br\/planilha-da-vida-financeira\/\" target=\"_blank\" data-element=\"shortcode-suno-banner\" title=\"Banner SUNO, clique e saiba mais\">\n\t\t\t<picture>\n\t\t\t\t<source media=\"(max-width: 500px)\" srcset=\"https:\/\/files.sunoresearch.com.br\/n\/uploads\/2023\/04\/400x300-Planilha-vida-financeira-true.png\">\n\t\t\t\t<img class=\"newsContent__article__imgCapa newsContent__article__imgCapa--banner\"\n\t\t\t\t\tsrc=\"https:\/\/files.sunoresearch.com.br\/n\/uploads\/2023\/04\/1420x240-Planilha-vida-financeira-true.png\"\n\t\t\t\t\tdata-promo-id=\"383123\"\t\t\t\t\t\t\t\t\t\twidth='1420' height='240'\t\t\t\t\talt=\"https:\/\/files.sunoresearch.com.br\/n\/uploads\/2023\/04\/1420x240-Planilha-vida-financeira-true.png\"\n\t\t\t\t>\n\t\t\t<\/picture>\n\t\t<\/a>\n\t<\/p>\n\n\n","protected":false},"excerpt":{"rendered":"<p>As vendas no&nbsp;varejo&nbsp;ca\u00edram 0,5% em janeiro de 2024, descontada a infla\u00e7\u00e3o, em compara\u00e7\u00e3o com o mesmo m\u00eas de 2023, segundo o&nbsp;\u00cdndice Cielo do Varejo Ampliado (ICVA). Em termos nominais, que espelham a receita de vendas observadas pelo varejista, o crescimento em janeiro foi de 3,3%. Varejo. Foto: Pexels Dois macrossetores (&#8216;servi\u00e7os&#8217; e &#8216;bens dur\u00e1veis e [&hellip;]<\/p>\n","protected":false},"author":313,"featured_media":222105,"comment_status":"closed","ping_status":"closed","sticky":false,"template":"","format":"standard","meta":[],"categories":[64],"tags":[423,803],"suno_strategy":[],"class_list":["post-521464","post","type-post","status-publish","format-standard","has-post-thumbnail","hentry","category-negocios","tag-cielo-ciel3","tag-varejo"],"yoast_head":"<!-- This site is optimized with the Yoast SEO plugin v24.4 - https:\/\/yoast.com\/wordpress\/plugins\/seo\/ -->\n<title>Varejo: vendas caem 0,5% em janeiro, aponta Cielo (CIEL3)<\/title>\n<meta name=\"description\" content=\"Em termos nominais, que espelham a receita de vendas observadas pela Cielo, o crescimento do varejo em janeiro foi de 3,3%.\" \/>\n<meta name=\"robots\" content=\"index, follow, max-snippet:-1, max-image-preview:large, max-video-preview:-1\" \/>\n<link rel=\"canonical\" href=\"https:\/\/www.suno.com.br\/noticias\/varejo-vendas-queda-janeiro-cielo-ciel3-gpj\/\" \/>\n<meta property=\"og:locale\" content=\"pt_BR\" \/>\n<meta property=\"og:type\" content=\"article\" \/>\n<meta property=\"og:title\" content=\"Varejo: vendas caem 0,5% em janeiro, aponta Cielo (CIEL3)\" \/>\n<meta property=\"og:description\" content=\"Em termos nominais, que espelham a receita de vendas observadas pela Cielo, o crescimento do varejo em janeiro foi de 3,3%.\" \/>\n<meta property=\"og:url\" content=\"https:\/\/www.suno.com.br\/noticias\/varejo-vendas-queda-janeiro-cielo-ciel3-gpj\/\" \/>\n<meta property=\"og:site_name\" content=\"Suno Not\u00edcias\" \/>\n<meta property=\"article:publisher\" content=\"https:\/\/facebook.com\/sunoresearch\" \/>\n<meta property=\"og:image\" content=\"https:\/\/files.sunoresearch.com.br\/n\/uploads\/2022\/01\/pexels-albin-biju-6717680-scaled.jpg\" \/>\n\t<meta property=\"og:image:width\" content=\"1706\" \/>\n\t<meta property=\"og:image:height\" content=\"2560\" \/>\n\t<meta property=\"og:image:type\" content=\"image\/jpeg\" \/>\n<meta name=\"author\" content=\"Giovanni Porf\u00edrio Jacomino\" \/>\n<meta name=\"twitter:card\" content=\"summary_large_image\" \/>\n<meta name=\"twitter:creator\" content=\"@sunoresearch\" \/>\n<meta name=\"twitter:site\" content=\"@sunoresearch\" \/>\n<meta name=\"twitter:label1\" content=\"Escrito por\" \/>\n\t<meta name=\"twitter:data1\" content=\"Giovanni Porf\u00edrio Jacomino\" \/>\n\t<meta name=\"twitter:label2\" content=\"Est. tempo de leitura\" \/>\n\t<meta name=\"twitter:data2\" content=\"2 minutos\" \/>\n<script type=\"application\/ld+json\" class=\"yoast-schema-graph\">{\"@context\":\"https:\/\/schema.org\",\"@graph\":[{\"@type\":\"NewsArticle\",\"@id\":\"https:\/\/www.suno.com.br\/noticias\/varejo-vendas-queda-janeiro-cielo-ciel3-gpj\/#article\",\"isPartOf\":{\"@id\":\"https:\/\/www.suno.com.br\/noticias\/varejo-vendas-queda-janeiro-cielo-ciel3-gpj\/\"},\"author\":{\"name\":\"Giovanni Porf\u00edrio Jacomino\",\"@id\":\"https:\/\/www.suno.com.br\/noticias\/#\/schema\/person\/d0f32748bbca4bee871fa191ee4e2d40\"},\"headline\":\"Varejo: vendas caem 0,5% em janeiro, aponta \u00edndice da Cielo (CIEL3)\",\"datePublished\":\"2024-02-08T13:15:40+00:00\",\"dateModified\":\"2024-02-08T13:15:46+00:00\",\"mainEntityOfPage\":{\"@id\":\"https:\/\/www.suno.com.br\/noticias\/varejo-vendas-queda-janeiro-cielo-ciel3-gpj\/\"},\"wordCount\":378,\"publisher\":{\"@id\":\"https:\/\/www.suno.com.br\/noticias\/#organization\"},\"image\":{\"@id\":\"https:\/\/www.suno.com.br\/noticias\/varejo-vendas-queda-janeiro-cielo-ciel3-gpj\/#primaryimage\"},\"thumbnailUrl\":\"https:\/\/files.sunoresearch.com.br\/n\/uploads\/2022\/01\/pexels-albin-biju-6717680-scaled.jpg\",\"keywords\":[\"Cielo (CIEL3)\",\"varejo\"],\"articleSection\":[\"Neg\u00f3cios\"],\"inLanguage\":\"pt-BR\"},{\"@type\":\"WebPage\",\"@id\":\"https:\/\/www.suno.com.br\/noticias\/varejo-vendas-queda-janeiro-cielo-ciel3-gpj\/\",\"url\":\"https:\/\/www.suno.com.br\/noticias\/varejo-vendas-queda-janeiro-cielo-ciel3-gpj\/\",\"name\":\"Varejo: vendas caem 0,5% em janeiro, aponta Cielo (CIEL3)\",\"isPartOf\":{\"@id\":\"https:\/\/www.suno.com.br\/noticias\/#website\"},\"primaryImageOfPage\":{\"@id\":\"https:\/\/www.suno.com.br\/noticias\/varejo-vendas-queda-janeiro-cielo-ciel3-gpj\/#primaryimage\"},\"image\":{\"@id\":\"https:\/\/www.suno.com.br\/noticias\/varejo-vendas-queda-janeiro-cielo-ciel3-gpj\/#primaryimage\"},\"thumbnailUrl\":\"https:\/\/files.sunoresearch.com.br\/n\/uploads\/2022\/01\/pexels-albin-biju-6717680-scaled.jpg\",\"datePublished\":\"2024-02-08T13:15:40+00:00\",\"dateModified\":\"2024-02-08T13:15:46+00:00\",\"description\":\"Em termos nominais, que espelham a receita de vendas observadas pela Cielo, o crescimento do varejo em janeiro foi de 3,3%.\",\"breadcrumb\":{\"@id\":\"https:\/\/www.suno.com.br\/noticias\/varejo-vendas-queda-janeiro-cielo-ciel3-gpj\/#breadcrumb\"},\"inLanguage\":\"pt-BR\",\"potentialAction\":[{\"@type\":\"ReadAction\",\"target\":[\"https:\/\/www.suno.com.br\/noticias\/varejo-vendas-queda-janeiro-cielo-ciel3-gpj\/\"]}]},{\"@type\":\"ImageObject\",\"inLanguage\":\"pt-BR\",\"@id\":\"https:\/\/www.suno.com.br\/noticias\/varejo-vendas-queda-janeiro-cielo-ciel3-gpj\/#primaryimage\",\"url\":\"https:\/\/files.sunoresearch.com.br\/n\/uploads\/2022\/01\/pexels-albin-biju-6717680-scaled.jpg\",\"contentUrl\":\"https:\/\/files.sunoresearch.com.br\/n\/uploads\/2022\/01\/pexels-albin-biju-6717680-scaled.jpg\",\"width\":1706,\"height\":2560,\"caption\":\"Varejo. Foto: Pexels\"},{\"@type\":\"BreadcrumbList\",\"@id\":\"https:\/\/www.suno.com.br\/noticias\/varejo-vendas-queda-janeiro-cielo-ciel3-gpj\/#breadcrumb\",\"itemListElement\":[{\"@type\":\"ListItem\",\"position\":1,\"name\":\"Not\u00edcias\",\"item\":\"https:\/\/www.suno.com.br\/noticias\/\"},{\"@type\":\"ListItem\",\"position\":2,\"name\":\"Neg\u00f3cios\",\"item\":\"https:\/\/www.suno.com.br\/noticias\/negocios\/\"},{\"@type\":\"ListItem\",\"position\":3,\"name\":\"Varejo: vendas caem 0,5% em janeiro, aponta \u00edndice da Cielo (CIEL3)\"}]},{\"@type\":\"WebSite\",\"@id\":\"https:\/\/www.suno.com.br\/noticias\/#website\",\"url\":\"https:\/\/www.suno.com.br\/noticias\/\",\"name\":\"Suno Not\u00edcias\",\"description\":\"Seu portal de informa\u00e7\u00e3o sobre o mundo dos investimentos\",\"publisher\":{\"@id\":\"https:\/\/www.suno.com.br\/noticias\/#organization\"},\"potentialAction\":[{\"@type\":\"SearchAction\",\"target\":{\"@type\":\"EntryPoint\",\"urlTemplate\":\"https:\/\/www.suno.com.br\/noticias\/?s={search_term_string}\"},\"query-input\":{\"@type\":\"PropertyValueSpecification\",\"valueRequired\":true,\"valueName\":\"search_term_string\"}}],\"inLanguage\":\"pt-BR\"},{\"@type\":\"Organization\",\"@id\":\"https:\/\/www.suno.com.br\/noticias\/#organization\",\"name\":\"Suno Not\u00edcias\",\"url\":\"https:\/\/www.suno.com.br\/noticias\/\",\"logo\":{\"@type\":\"ImageObject\",\"inLanguage\":\"pt-BR\",\"@id\":\"https:\/\/www.suno.com.br\/noticias\/#\/schema\/logo\/image\/\",\"url\":\"https:\/\/files.sunoresearch.com.br\/n\/uploads\/2021\/09\/suno-logo.png\",\"contentUrl\":\"https:\/\/files.sunoresearch.com.br\/n\/uploads\/2021\/09\/suno-logo.png\",\"width\":180,\"height\":180,\"caption\":\"Suno Not\u00edcias\"},\"image\":{\"@id\":\"https:\/\/www.suno.com.br\/noticias\/#\/schema\/logo\/image\/\"},\"sameAs\":[\"https:\/\/facebook.com\/sunoresearch\",\"https:\/\/x.com\/sunoresearch\",\"https:\/\/www.instagram.com\/suno\",\"https:\/\/www.linkedin.com\/company\/suno-research\/\",\"https:\/\/www.youtube.com\/c\/sunoresearch\"]},{\"@type\":\"Person\",\"@id\":\"https:\/\/www.suno.com.br\/noticias\/#\/schema\/person\/d0f32748bbca4bee871fa191ee4e2d40\",\"name\":\"Giovanni Porf\u00edrio Jacomino\",\"image\":{\"@type\":\"ImageObject\",\"inLanguage\":\"pt-BR\",\"@id\":\"https:\/\/www.suno.com.br\/noticias\/#\/schema\/person\/image\/\",\"url\":\"https:\/\/secure.gravatar.com\/avatar\/efb32e19b730a121cb7a80f41ffec01a?s=96&r=g\",\"contentUrl\":\"https:\/\/secure.gravatar.com\/avatar\/efb32e19b730a121cb7a80f41ffec01a?s=96&r=g\",\"caption\":\"Giovanni Porf\u00edrio Jacomino\"},\"description\":\"Giovanni Porf\u00edrio Jacomino \u00e9 jornalista formado pela Universidade Estadual de Londrina (UEL) e p\u00f3s-graduado em Produ\u00e7\u00e3o e Pr\u00e1ticas Jornal\u00edsticas na Contemporaneidade na Faculdade C\u00e1sper L\u00edbero (FCL). Foi editor web no Startupi e no Finsiders, atuando ainda como editor no TC Mover, portal de not\u00edcias da TradersClub, fazendo a cobertura de assuntos relacionados ao mercado financeiro interno e externo. Atualmente, \u00e9 Rep\u00f3rter do Suno Not\u00edcias.\",\"url\":\"https:\/\/www.suno.com.br\/noticias\/author\/giovanni-porfiriosuno-com-br\/\"}]}<\/script>\n<!-- \/ Yoast SEO plugin. -->","yoast_head_json":{"title":"Varejo: vendas caem 0,5% em janeiro, aponta Cielo (CIEL3)","description":"Em termos nominais, que espelham a receita de vendas observadas pela Cielo, o crescimento do varejo em janeiro foi de 3,3%.","robots":{"index":"index","follow":"follow","max-snippet":"max-snippet:-1","max-image-preview":"max-image-preview:large","max-video-preview":"max-video-preview:-1"},"canonical":"https:\/\/www.suno.com.br\/noticias\/varejo-vendas-queda-janeiro-cielo-ciel3-gpj\/","og_locale":"pt_BR","og_type":"article","og_title":"Varejo: vendas caem 0,5% em janeiro, aponta Cielo (CIEL3)","og_description":"Em termos nominais, que espelham a receita de vendas observadas pela Cielo, o crescimento do varejo em janeiro foi de 3,3%.","og_url":"https:\/\/www.suno.com.br\/noticias\/varejo-vendas-queda-janeiro-cielo-ciel3-gpj\/","og_site_name":"Suno Not\u00edcias","article_publisher":"https:\/\/facebook.com\/sunoresearch","og_image":[{"width":1706,"height":2560,"url":"https:\/\/files.sunoresearch.com.br\/n\/uploads\/2022\/01\/pexels-albin-biju-6717680-scaled.jpg","type":"image\/jpeg"}],"author":"Giovanni Porf\u00edrio Jacomino","twitter_card":"summary_large_image","twitter_creator":"@sunoresearch","twitter_site":"@sunoresearch","twitter_misc":{"Escrito por":"Giovanni Porf\u00edrio Jacomino","Est. tempo de leitura":"2 minutos"},"schema":{"@context":"https:\/\/schema.org","@graph":[{"@type":"NewsArticle","@id":"https:\/\/www.suno.com.br\/noticias\/varejo-vendas-queda-janeiro-cielo-ciel3-gpj\/#article","isPartOf":{"@id":"https:\/\/www.suno.com.br\/noticias\/varejo-vendas-queda-janeiro-cielo-ciel3-gpj\/"},"author":{"name":"Giovanni Porf\u00edrio Jacomino","@id":"https:\/\/www.suno.com.br\/noticias\/#\/schema\/person\/d0f32748bbca4bee871fa191ee4e2d40"},"headline":"Varejo: vendas caem 0,5% em janeiro, aponta \u00edndice da Cielo (CIEL3)","datePublished":"2024-02-08T13:15:40+00:00","dateModified":"2024-02-08T13:15:46+00:00","mainEntityOfPage":{"@id":"https:\/\/www.suno.com.br\/noticias\/varejo-vendas-queda-janeiro-cielo-ciel3-gpj\/"},"wordCount":378,"publisher":{"@id":"https:\/\/www.suno.com.br\/noticias\/#organization"},"image":{"@id":"https:\/\/www.suno.com.br\/noticias\/varejo-vendas-queda-janeiro-cielo-ciel3-gpj\/#primaryimage"},"thumbnailUrl":"https:\/\/files.sunoresearch.com.br\/n\/uploads\/2022\/01\/pexels-albin-biju-6717680-scaled.jpg","keywords":["Cielo (CIEL3)","varejo"],"articleSection":["Neg\u00f3cios"],"inLanguage":"pt-BR"},{"@type":"WebPage","@id":"https:\/\/www.suno.com.br\/noticias\/varejo-vendas-queda-janeiro-cielo-ciel3-gpj\/","url":"https:\/\/www.suno.com.br\/noticias\/varejo-vendas-queda-janeiro-cielo-ciel3-gpj\/","name":"Varejo: vendas caem 0,5% em janeiro, aponta Cielo (CIEL3)","isPartOf":{"@id":"https:\/\/www.suno.com.br\/noticias\/#website"},"primaryImageOfPage":{"@id":"https:\/\/www.suno.com.br\/noticias\/varejo-vendas-queda-janeiro-cielo-ciel3-gpj\/#primaryimage"},"image":{"@id":"https:\/\/www.suno.com.br\/noticias\/varejo-vendas-queda-janeiro-cielo-ciel3-gpj\/#primaryimage"},"thumbnailUrl":"https:\/\/files.sunoresearch.com.br\/n\/uploads\/2022\/01\/pexels-albin-biju-6717680-scaled.jpg","datePublished":"2024-02-08T13:15:40+00:00","dateModified":"2024-02-08T13:15:46+00:00","description":"Em termos nominais, que espelham a receita de vendas observadas pela Cielo, o crescimento do varejo em janeiro foi de 3,3%.","breadcrumb":{"@id":"https:\/\/www.suno.com.br\/noticias\/varejo-vendas-queda-janeiro-cielo-ciel3-gpj\/#breadcrumb"},"inLanguage":"pt-BR","potentialAction":[{"@type":"ReadAction","target":["https:\/\/www.suno.com.br\/noticias\/varejo-vendas-queda-janeiro-cielo-ciel3-gpj\/"]}]},{"@type":"ImageObject","inLanguage":"pt-BR","@id":"https:\/\/www.suno.com.br\/noticias\/varejo-vendas-queda-janeiro-cielo-ciel3-gpj\/#primaryimage","url":"https:\/\/files.sunoresearch.com.br\/n\/uploads\/2022\/01\/pexels-albin-biju-6717680-scaled.jpg","contentUrl":"https:\/\/files.sunoresearch.com.br\/n\/uploads\/2022\/01\/pexels-albin-biju-6717680-scaled.jpg","width":1706,"height":2560,"caption":"Varejo. Foto: Pexels"},{"@type":"BreadcrumbList","@id":"https:\/\/www.suno.com.br\/noticias\/varejo-vendas-queda-janeiro-cielo-ciel3-gpj\/#breadcrumb","itemListElement":[{"@type":"ListItem","position":1,"name":"Not\u00edcias","item":"https:\/\/www.suno.com.br\/noticias\/"},{"@type":"ListItem","position":2,"name":"Neg\u00f3cios","item":"https:\/\/www.suno.com.br\/noticias\/negocios\/"},{"@type":"ListItem","position":3,"name":"Varejo: vendas caem 0,5% em janeiro, aponta \u00edndice da Cielo (CIEL3)"}]},{"@type":"WebSite","@id":"https:\/\/www.suno.com.br\/noticias\/#website","url":"https:\/\/www.suno.com.br\/noticias\/","name":"Suno Not\u00edcias","description":"Seu portal de informa\u00e7\u00e3o sobre o mundo dos investimentos","publisher":{"@id":"https:\/\/www.suno.com.br\/noticias\/#organization"},"potentialAction":[{"@type":"SearchAction","target":{"@type":"EntryPoint","urlTemplate":"https:\/\/www.suno.com.br\/noticias\/?s={search_term_string}"},"query-input":{"@type":"PropertyValueSpecification","valueRequired":true,"valueName":"search_term_string"}}],"inLanguage":"pt-BR"},{"@type":"Organization","@id":"https:\/\/www.suno.com.br\/noticias\/#organization","name":"Suno Not\u00edcias","url":"https:\/\/www.suno.com.br\/noticias\/","logo":{"@type":"ImageObject","inLanguage":"pt-BR","@id":"https:\/\/www.suno.com.br\/noticias\/#\/schema\/logo\/image\/","url":"https:\/\/files.sunoresearch.com.br\/n\/uploads\/2021\/09\/suno-logo.png","contentUrl":"https:\/\/files.sunoresearch.com.br\/n\/uploads\/2021\/09\/suno-logo.png","width":180,"height":180,"caption":"Suno Not\u00edcias"},"image":{"@id":"https:\/\/www.suno.com.br\/noticias\/#\/schema\/logo\/image\/"},"sameAs":["https:\/\/facebook.com\/sunoresearch","https:\/\/x.com\/sunoresearch","https:\/\/www.instagram.com\/suno","https:\/\/www.linkedin.com\/company\/suno-research\/","https:\/\/www.youtube.com\/c\/sunoresearch"]},{"@type":"Person","@id":"https:\/\/www.suno.com.br\/noticias\/#\/schema\/person\/d0f32748bbca4bee871fa191ee4e2d40","name":"Giovanni Porf\u00edrio Jacomino","image":{"@type":"ImageObject","inLanguage":"pt-BR","@id":"https:\/\/www.suno.com.br\/noticias\/#\/schema\/person\/image\/","url":"https:\/\/secure.gravatar.com\/avatar\/efb32e19b730a121cb7a80f41ffec01a?s=96&r=g","contentUrl":"https:\/\/secure.gravatar.com\/avatar\/efb32e19b730a121cb7a80f41ffec01a?s=96&r=g","caption":"Giovanni Porf\u00edrio Jacomino"},"description":"Giovanni Porf\u00edrio Jacomino \u00e9 jornalista formado pela Universidade Estadual de Londrina (UEL) e p\u00f3s-graduado em Produ\u00e7\u00e3o e Pr\u00e1ticas Jornal\u00edsticas na Contemporaneidade na Faculdade C\u00e1sper L\u00edbero (FCL). Foi editor web no Startupi e no Finsiders, atuando ainda como editor no TC Mover, portal de not\u00edcias da TradersClub, fazendo a cobertura de assuntos relacionados ao mercado financeiro interno e externo. Atualmente, \u00e9 Rep\u00f3rter do Suno Not\u00edcias.","url":"https:\/\/www.suno.com.br\/noticias\/author\/giovanni-porfiriosuno-com-br\/"}]}},"default_loop_html":"<div class=\"cardsPage__listCard__boxs\"><div class=\"cardsPage__listCard__boxs__img\"><a href=\"https:\/\/www.suno.com.br\/noticias\/varejo-vendas-queda-janeiro-cielo-ciel3-gpj\/\"><img class=\"mask\" src=\"https:\/\/www.suno.com.br\/noticias\/wp-content\/themes\/suno\/resources\/images\/spotlight\/spotlight1img\/bg-mask.png\" alt=\"Image Mask\"\/><img src=\"https:\/\/files.sunoresearch.com.br\/n\/uploads\/2022\/01\/pexels-albin-biju-6717680-400x200.jpg\" alt=\"Varejo: vendas caem 0,5% em janeiro, aponta \u00edndice da Cielo (CIEL3)\"\/><\/a><span class=\"spotlightCategory\"><a href=\"https:\/\/www.suno.com.br\/noticias\/negocios\/\">Neg\u00f3cios<\/a><\/span><\/div><div class=\"cardsPage__listCard__boxs__content\"><a href=\"https:\/\/www.suno.com.br\/noticias\/varejo-vendas-queda-janeiro-cielo-ciel3-gpj\/\"><h2 class=\"content__title\">Varejo: vendas caem 0,5% em janeiro, aponta \u00edndice da Cielo (CIEL3)<\/h2><\/a><div class=\"newsContent__article__meta\"><div class=\"newsContent__article__meta__authorBox\"><a href=\"https:\/\/www.suno.com.br\/noticias\/author\/giovanni-porfiriosuno-com-br\/\" class=\"authorBox__avatar noMobi\"><img src=\"https:\/\/files.sunoresearch.com.br\/n\/uploads\/2024\/05\/DSCF4115-1-1-150x150.webp\" alt=\"Giovanni Porf\u00edrio Jacomino\"><\/a><div class=\"authorBox__name\"><span>por\n\t\t\t<a href=\"https:\/\/www.suno.com.br\/noticias\/author\/giovanni-porfiriosuno-com-br\/\"><span itemprop=\"author\">Giovanni Porf\u00edrio Jacomino<\/span><\/a><\/span><time datetime=\"2024-02-08T10:15:40-03:00\" itemprop=\"datePublished\">08\/02\/2024 10:15<\/time><\/div><\/div><\/div><\/div><\/div>","single_layout":"posts","amp_enabled":true,"_links":{"self":[{"href":"https:\/\/www.suno.com.br\/noticias\/wp-json\/wp\/v2\/posts\/521464"}],"collection":[{"href":"https:\/\/www.suno.com.br\/noticias\/wp-json\/wp\/v2\/posts"}],"about":[{"href":"https:\/\/www.suno.com.br\/noticias\/wp-json\/wp\/v2\/types\/post"}],"author":[{"embeddable":true,"href":"https:\/\/www.suno.com.br\/noticias\/wp-json\/wp\/v2\/users\/313"}],"replies":[{"embeddable":true,"href":"https:\/\/www.suno.com.br\/noticias\/wp-json\/wp\/v2\/comments?post=521464"}],"version-history":[{"count":2,"href":"https:\/\/www.suno.com.br\/noticias\/wp-json\/wp\/v2\/posts\/521464\/revisions"}],"predecessor-version":[{"id":521506,"href":"https:\/\/www.suno.com.br\/noticias\/wp-json\/wp\/v2\/posts\/521464\/revisions\/521506"}],"wp:featuredmedia":[{"embeddable":true,"href":"https:\/\/www.suno.com.br\/noticias\/wp-json\/wp\/v2\/media\/222105"}],"wp:attachment":[{"href":"https:\/\/www.suno.com.br\/noticias\/wp-json\/wp\/v2\/media?parent=521464"}],"wp:term":[{"taxonomy":"category","embeddable":true,"href":"https:\/\/www.suno.com.br\/noticias\/wp-json\/wp\/v2\/categories?post=521464"},{"taxonomy":"post_tag","embeddable":true,"href":"https:\/\/www.suno.com.br\/noticias\/wp-json\/wp\/v2\/tags?post=521464"},{"taxonomy":"suno_strategy","embeddable":true,"href":"https:\/\/www.suno.com.br\/noticias\/wp-json\/wp\/v2\/suno_strategy?post=521464"}],"curies":[{"name":"wp","href":"https:\/\/api.w.org\/{rel}","templated":true}]}}