{"id":521376,"date":"2024-02-08T08:56:33","date_gmt":"2024-02-08T11:56:33","guid":{"rendered":"https:\/\/www.suno.com.br\/noticias\/?p=521376"},"modified":"2024-02-08T08:56:38","modified_gmt":"2024-02-08T11:56:38","slug":"news-agenda-dividendos-santander-sanb11-vulcabras-vulc3-fevereiro-cpf","status":"publish","type":"post","link":"https:\/\/www.suno.com.br\/noticias\/news-agenda-dividendos-santander-sanb11-vulcabras-vulc3-fevereiro-cpf\/","title":{"rendered":"Santander (SANB11) e Vulcabr\u00e1s (VULC3) distribuem dividendos nesta quinta-feira (8)"},"content":{"rendered":"<p>As empresas<strong> Santander (SANB11)<\/strong> e Vulcabr\u00e1s (VULC3) est\u00e3o entre os destaques corporativos desta quinta-feira (8), pois pagar\u00e3o hoje <a class=\"suno-keyword\" target=\"_blank\" data-force=\"no\" data-priority=\"1\" href=\"https:\/\/www.suno.com.br\/guias\/dividendos\/\" rel=\"noopener\">dividendos<\/a> aos seus acionistas.<\/p>\t<div class=\"wrapper-featured-image\">\n\t\t<figure class=\"spotlightImg\">\n\n\t\t\t<picture>\n\t\t\t\t<source media=\"(max-width: 768px)\" srcset=\"https:\/\/files.sunoresearch.com.br\/n\/uploads\/2023\/08\/Fachada-Sede-Santander-SP-1-400x200.jpg\">\n\t\t\t\t<img loading=\"lazy\" decoding=\"async\" class=\"newsContent__article__imgCapa lazyloadDisabled \" src=\"https:\/\/files.sunoresearch.com.br\/n\/uploads\/2023\/08\/Fachada-Sede-Santander-SP-1-800x450.jpg\" width=\"800\" height=\"450\" alt=\"Santander (SANB11) e Vulcabr\u00e1s (VULC3) distribuem dividendos nesta quinta-feira (8)\" fetchpriority=high \/>\n\t\t\t<\/picture>\n\n\t\t\t<figcaption class=\"wp-caption-text wp-caption-text--show\">Santander (SANB11). Foto: Divulga\u00e7\u00e3o\/ Santander<\/figcaption>\n\t\t<\/figure>\n\t<\/div>\n\n\n\n\n\n\t<p>\n\t\t<a href=\"\" target=\"_blank\" data-element=\"shortcode-suno-banner\" title=\"Banner SUNO, clique e saiba mais\">\n\t\t\t<picture>\n\t\t\t\t<source media=\"(max-width: 500px)\" srcset=\"\">\n\t\t\t\t<img class=\"newsContent__article__imgCapa newsContent__article__imgCapa--banner\"\n\t\t\t\t\tsrc=\"\"\n\t\t\t\t\tdata-promo-id=\"89005\"\t\t\t\t\t\t\t\t\t\t\t\t\t\t\talt=\"\"\n\t\t\t\t>\n\t\t\t<\/picture>\n\t\t<\/a>\n\t<\/p>\n\n\n\n\n\n<p>O <strong>Santander <\/strong>distribuir\u00e1 rendimentos em forma de <strong>juros sobre capital pr\u00f3prio (JCP)<\/strong> de R$ 0,4028 por a\u00e7\u00e3o, enquanto a Vulcabr\u00e1s pagar\u00e1 R$ 1 por a\u00e7\u00e3o.<\/p>\n\n\n\n<p>Ao todo, o Santander Brasil vai distribuir um total de US$ 1,5 bilh\u00e3o em proventos aos acionistas, conforme definido pelo conselho de administra\u00e7\u00e3o da empresa em reuni\u00e3o no inicio do m\u00eas passado.<\/p>\n\n\n\n<p>A empresa vai pagar R$ 0,402 por unit (SANB11), al\u00e9m de R$ 0,191 por a\u00e7\u00e3o ordin\u00e1ria (SANB3) e R$ 0,21 por papel preferencial (SANB4). O pagamento acontecer\u00e1 em forma de juros sobre capital pr\u00f3prio (JCP), que sofrem incid\u00eancia de imposto de renda a uma al\u00edquota de 15%.<\/p>\n\n\n\n<p>O dividend yield da unit est\u00e1 em 1,34%.<\/p>\n\n\n\n<p>Apenas os investidores que detinham <strong>a\u00e7\u00f5es de SANB11<\/strong> no dia 19 de janeiro ter\u00e3o direito de receber os <strong>JCP<\/strong>. <\/p>\n\n\n\n<p>J\u00e1 os acionistas da <strong>Vulcabr\u00e1s <\/strong>tinham que deter pap\u00e9is da empresa em 25 de janeiro para serem contemplados com os dividendos. <\/p>\n\n\n\n<p>Os <strong>dividendos intermedi\u00e1rios de VULC3<\/strong>, pagos nesta quinta, somam um dep\u00f3sito de R$ 367,7 milh\u00f5es, ou R$ 1,00 por a\u00e7\u00e3o, para acionistas que estiverem inscritos nos registros em 25 de janeiro. O dividend yield da empresa est\u00e1 em 5,04%. <\/p>\n\n\n\n<p>As a\u00e7\u00f5es do Santander e da Vulcabr\u00e1s s\u00e3o negociadas sem direitos aos <a class=\"suno-keyword\" data-force=\"no\" data-priority=\"1\" href=\"https:\/\/www.suno.com.br\/guias\/dividendos\/\" target=\"_blank\" rel=\"noopener\">dividendos<\/a> desde 22 de janeiro e 25 de janeiro, respectivamente.<\/p>\n\n\n\n<h2 class=\"wp-block-heading\">Agenda de dividendos do dia, com Santander e Vulcabr\u00e1s<\/h2>\n\n\n\n<p><strong>Santander (SANB11)<\/strong><\/p>\n\n\n\n<ul class=\"wp-block-list\">\n<li>Tipo: JCP<\/li>\n\n\n\n<li>Valor por a\u00e7\u00e3o: R$ 0,4028<\/li>\n\n\n\n<li>Data de corte: 19\/01\/2024<\/li>\n\n\n\n<li>Rendimento: 1,34%<\/li>\n<\/ul>\n\n\n\n<p><strong>Vulcabr\u00e1s (VULC3)<\/strong><\/p>\n\n\n\n<ul class=\"wp-block-list\">\n<li>Tipo: Dividendo<\/li>\n\n\n\n<li>Valor por a\u00e7\u00e3o: R$ 1<\/li>\n\n\n\n<li>Data de corte: 25\/01\/2024<\/li>\n\n\n\n<li>Rendimento: 5,04%<\/li>\n<\/ul>\n\n\n\n<p>Os <a class=\"suno-keyword\" target=\"_blank\" data-force=\"no\" data-priority=\"1\" href=\"https:\/\/www.suno.com.br\/guias\/dividendos\/\" rel=\"noopener\">dividendos<\/a> s\u00e3o creditados diretamente na conta do acionista na corretora de valores e s\u00e3o isentos de Imposto de Renda.<\/p>\n\n\n\n<p>Esta mat\u00e9ria \u00e9 uma agenda de <strong>dividendos<\/strong> e n\u00e3o se trata de uma recomenda\u00e7\u00e3o de compra ou venda de ativos.<\/p>\n\n\n\t<p>\n\t\t<a href=\"https:\/\/lp.suno.com.br\/planilha-da-vida-financeira\/\" target=\"_blank\" data-element=\"shortcode-suno-banner\" title=\"Banner SUNO, clique e saiba mais\">\n\t\t\t<picture>\n\t\t\t\t<source media=\"(max-width: 500px)\" srcset=\"https:\/\/files.sunoresearch.com.br\/n\/uploads\/2023\/04\/400x300-Planilha-vida-financeira-true.png\">\n\t\t\t\t<img class=\"newsContent__article__imgCapa newsContent__article__imgCapa--banner\"\n\t\t\t\t\tsrc=\"https:\/\/files.sunoresearch.com.br\/n\/uploads\/2023\/04\/1420x240-Planilha-vida-financeira-true.png\"\n\t\t\t\t\tdata-promo-id=\"106682\"\t\t\t\t\t\t\t\t\t\twidth='1420' height='240'\t\t\t\t\talt=\"https:\/\/files.sunoresearch.com.br\/n\/uploads\/2023\/04\/1420x240-Planilha-vida-financeira-true.png\"\n\t\t\t\t>\n\t\t\t<\/picture>\n\t\t<\/a>\n\t<\/p>\n\n\n","protected":false},"excerpt":{"rendered":"<p>As empresas Santander (SANB11) e Vulcabr\u00e1s (VULC3) est\u00e3o entre os destaques corporativos desta quinta-feira (8), pois pagar\u00e3o hoje dividendos aos seus acionistas. Santander (SANB11). Foto: Divulga\u00e7\u00e3o\/ Santander O Santander distribuir\u00e1 rendimentos em forma de juros sobre capital pr\u00f3prio (JCP) de R$ 0,4028 por a\u00e7\u00e3o, enquanto a Vulcabr\u00e1s pagar\u00e1 R$ 1 por a\u00e7\u00e3o. Ao todo, o [&hellip;]<\/p>\n","protected":false},"author":283,"featured_media":437315,"comment_status":"closed","ping_status":"closed","sticky":false,"template":"","format":"standard","meta":[],"categories":[64],"tags":[295,1957,624,680],"suno_strategy":[],"class_list":["post-521376","post","type-post","status-publish","format-standard","has-post-thumbnail","hentry","category-negocios","tag-dividendos","tag-juros-sobre-capital-proprio-jcp","tag-santander-sanb11-sanb3-sanb4","tag-vulcabras-vulc3"],"yoast_head":"<!-- This site is optimized with the Yoast SEO plugin v24.4 - https:\/\/yoast.com\/wordpress\/plugins\/seo\/ -->\n<title>Santander (SANB11) distribui JCP nesta quinta-feira (8)<\/title>\n<meta name=\"description\" content=\"O Santander \u00e9 o destaque do dia na agenda de dividendos. Veja mais detalhes do pagamento de proventos de hoje!\" \/>\n<meta name=\"robots\" content=\"index, follow, max-snippet:-1, max-image-preview:large, max-video-preview:-1\" \/>\n<link rel=\"canonical\" href=\"https:\/\/www.suno.com.br\/noticias\/news-agenda-dividendos-santander-sanb11-vulcabras-vulc3-fevereiro-cpf\/\" \/>\n<meta property=\"og:locale\" content=\"pt_BR\" \/>\n<meta property=\"og:type\" content=\"article\" \/>\n<meta property=\"og:title\" content=\"Santander (SANB11) distribui JCP nesta quinta-feira (8)\" \/>\n<meta property=\"og:description\" content=\"O Santander \u00e9 o destaque do dia na agenda de dividendos. Veja mais detalhes do pagamento de proventos de hoje!\" \/>\n<meta property=\"og:url\" content=\"https:\/\/www.suno.com.br\/noticias\/news-agenda-dividendos-santander-sanb11-vulcabras-vulc3-fevereiro-cpf\/\" \/>\n<meta property=\"og:site_name\" content=\"Suno Not\u00edcias\" \/>\n<meta property=\"article:publisher\" content=\"https:\/\/facebook.com\/sunoresearch\" \/>\n<meta property=\"og:image\" content=\"https:\/\/files.sunoresearch.com.br\/n\/uploads\/2023\/08\/Fachada-Sede-Santander-SP-1.jpg\" \/>\n\t<meta property=\"og:image:width\" content=\"1200\" \/>\n\t<meta property=\"og:image:height\" content=\"800\" \/>\n\t<meta property=\"og:image:type\" content=\"image\/jpeg\" \/>\n<meta name=\"author\" content=\"Camila Paim\" \/>\n<meta name=\"twitter:card\" content=\"summary_large_image\" \/>\n<meta name=\"twitter:creator\" content=\"@sunoresearch\" \/>\n<meta name=\"twitter:site\" content=\"@sunoresearch\" \/>\n<meta name=\"twitter:label1\" content=\"Escrito por\" \/>\n\t<meta name=\"twitter:data1\" content=\"Camila Paim\" \/>\n\t<meta name=\"twitter:label2\" content=\"Est. tempo de leitura\" \/>\n\t<meta name=\"twitter:data2\" content=\"2 minutos\" \/>\n<script type=\"application\/ld+json\" class=\"yoast-schema-graph\">{\"@context\":\"https:\/\/schema.org\",\"@graph\":[{\"@type\":\"NewsArticle\",\"@id\":\"https:\/\/www.suno.com.br\/noticias\/news-agenda-dividendos-santander-sanb11-vulcabras-vulc3-fevereiro-cpf\/#article\",\"isPartOf\":{\"@id\":\"https:\/\/www.suno.com.br\/noticias\/news-agenda-dividendos-santander-sanb11-vulcabras-vulc3-fevereiro-cpf\/\"},\"author\":{\"name\":\"Camila Paim\",\"@id\":\"https:\/\/www.suno.com.br\/noticias\/#\/schema\/person\/f341d3ae5d1cc685176c9a5327cdfdbb\"},\"headline\":\"Santander (SANB11) e Vulcabr\u00e1s (VULC3) distribuem dividendos nesta quinta-feira (8)\",\"datePublished\":\"2024-02-08T11:56:33+00:00\",\"dateModified\":\"2024-02-08T11:56:38+00:00\",\"mainEntityOfPage\":{\"@id\":\"https:\/\/www.suno.com.br\/noticias\/news-agenda-dividendos-santander-sanb11-vulcabras-vulc3-fevereiro-cpf\/\"},\"wordCount\":343,\"publisher\":{\"@id\":\"https:\/\/www.suno.com.br\/noticias\/#organization\"},\"image\":{\"@id\":\"https:\/\/www.suno.com.br\/noticias\/news-agenda-dividendos-santander-sanb11-vulcabras-vulc3-fevereiro-cpf\/#primaryimage\"},\"thumbnailUrl\":\"https:\/\/files.sunoresearch.com.br\/n\/uploads\/2023\/08\/Fachada-Sede-Santander-SP-1.jpg\",\"keywords\":[\"dividendos\",\"juros sobre capital pr\u00f3prio (JCP)\",\"Santander (SANB11\/SANB3\/SANB4)\",\"Vulcabras (VULC3)\"],\"articleSection\":[\"Neg\u00f3cios\"],\"inLanguage\":\"pt-BR\"},{\"@type\":\"WebPage\",\"@id\":\"https:\/\/www.suno.com.br\/noticias\/news-agenda-dividendos-santander-sanb11-vulcabras-vulc3-fevereiro-cpf\/\",\"url\":\"https:\/\/www.suno.com.br\/noticias\/news-agenda-dividendos-santander-sanb11-vulcabras-vulc3-fevereiro-cpf\/\",\"name\":\"Santander (SANB11) distribui JCP nesta quinta-feira (8)\",\"isPartOf\":{\"@id\":\"https:\/\/www.suno.com.br\/noticias\/#website\"},\"primaryImageOfPage\":{\"@id\":\"https:\/\/www.suno.com.br\/noticias\/news-agenda-dividendos-santander-sanb11-vulcabras-vulc3-fevereiro-cpf\/#primaryimage\"},\"image\":{\"@id\":\"https:\/\/www.suno.com.br\/noticias\/news-agenda-dividendos-santander-sanb11-vulcabras-vulc3-fevereiro-cpf\/#primaryimage\"},\"thumbnailUrl\":\"https:\/\/files.sunoresearch.com.br\/n\/uploads\/2023\/08\/Fachada-Sede-Santander-SP-1.jpg\",\"datePublished\":\"2024-02-08T11:56:33+00:00\",\"dateModified\":\"2024-02-08T11:56:38+00:00\",\"description\":\"O Santander \u00e9 o destaque do dia na agenda de dividendos. Veja mais detalhes do pagamento de proventos de hoje!\",\"breadcrumb\":{\"@id\":\"https:\/\/www.suno.com.br\/noticias\/news-agenda-dividendos-santander-sanb11-vulcabras-vulc3-fevereiro-cpf\/#breadcrumb\"},\"inLanguage\":\"pt-BR\",\"potentialAction\":[{\"@type\":\"ReadAction\",\"target\":[\"https:\/\/www.suno.com.br\/noticias\/news-agenda-dividendos-santander-sanb11-vulcabras-vulc3-fevereiro-cpf\/\"]}]},{\"@type\":\"ImageObject\",\"inLanguage\":\"pt-BR\",\"@id\":\"https:\/\/www.suno.com.br\/noticias\/news-agenda-dividendos-santander-sanb11-vulcabras-vulc3-fevereiro-cpf\/#primaryimage\",\"url\":\"https:\/\/files.sunoresearch.com.br\/n\/uploads\/2023\/08\/Fachada-Sede-Santander-SP-1.jpg\",\"contentUrl\":\"https:\/\/files.sunoresearch.com.br\/n\/uploads\/2023\/08\/Fachada-Sede-Santander-SP-1.jpg\",\"width\":1200,\"height\":800,\"caption\":\"Santander (SANB11). Foto: Divulga\u00e7\u00e3o\/ Santander\"},{\"@type\":\"BreadcrumbList\",\"@id\":\"https:\/\/www.suno.com.br\/noticias\/news-agenda-dividendos-santander-sanb11-vulcabras-vulc3-fevereiro-cpf\/#breadcrumb\",\"itemListElement\":[{\"@type\":\"ListItem\",\"position\":1,\"name\":\"Not\u00edcias\",\"item\":\"https:\/\/www.suno.com.br\/noticias\/\"},{\"@type\":\"ListItem\",\"position\":2,\"name\":\"Neg\u00f3cios\",\"item\":\"https:\/\/www.suno.com.br\/noticias\/negocios\/\"},{\"@type\":\"ListItem\",\"position\":3,\"name\":\"Santander (SANB11) e Vulcabr\u00e1s (VULC3) distribuem dividendos nesta quinta-feira (8)\"}]},{\"@type\":\"WebSite\",\"@id\":\"https:\/\/www.suno.com.br\/noticias\/#website\",\"url\":\"https:\/\/www.suno.com.br\/noticias\/\",\"name\":\"Suno Not\u00edcias\",\"description\":\"Seu portal de informa\u00e7\u00e3o sobre o mundo dos investimentos\",\"publisher\":{\"@id\":\"https:\/\/www.suno.com.br\/noticias\/#organization\"},\"potentialAction\":[{\"@type\":\"SearchAction\",\"target\":{\"@type\":\"EntryPoint\",\"urlTemplate\":\"https:\/\/www.suno.com.br\/noticias\/?s={search_term_string}\"},\"query-input\":{\"@type\":\"PropertyValueSpecification\",\"valueRequired\":true,\"valueName\":\"search_term_string\"}}],\"inLanguage\":\"pt-BR\"},{\"@type\":\"Organization\",\"@id\":\"https:\/\/www.suno.com.br\/noticias\/#organization\",\"name\":\"Suno Not\u00edcias\",\"url\":\"https:\/\/www.suno.com.br\/noticias\/\",\"logo\":{\"@type\":\"ImageObject\",\"inLanguage\":\"pt-BR\",\"@id\":\"https:\/\/www.suno.com.br\/noticias\/#\/schema\/logo\/image\/\",\"url\":\"https:\/\/files.sunoresearch.com.br\/n\/uploads\/2021\/09\/suno-logo.png\",\"contentUrl\":\"https:\/\/files.sunoresearch.com.br\/n\/uploads\/2021\/09\/suno-logo.png\",\"width\":180,\"height\":180,\"caption\":\"Suno Not\u00edcias\"},\"image\":{\"@id\":\"https:\/\/www.suno.com.br\/noticias\/#\/schema\/logo\/image\/\"},\"sameAs\":[\"https:\/\/facebook.com\/sunoresearch\",\"https:\/\/x.com\/sunoresearch\",\"https:\/\/www.instagram.com\/suno\",\"https:\/\/www.linkedin.com\/company\/suno-research\/\",\"https:\/\/www.youtube.com\/c\/sunoresearch\"]},{\"@type\":\"Person\",\"@id\":\"https:\/\/www.suno.com.br\/noticias\/#\/schema\/person\/f341d3ae5d1cc685176c9a5327cdfdbb\",\"name\":\"Camila Paim\",\"image\":{\"@type\":\"ImageObject\",\"inLanguage\":\"pt-BR\",\"@id\":\"https:\/\/www.suno.com.br\/noticias\/#\/schema\/person\/image\/\",\"url\":\"https:\/\/secure.gravatar.com\/avatar\/f33728e65febb1aa7ecf6792956f9b20?s=96&r=g\",\"contentUrl\":\"https:\/\/secure.gravatar.com\/avatar\/f33728e65febb1aa7ecf6792956f9b20?s=96&r=g\",\"caption\":\"Camila Paim\"},\"description\":\"Jornalista formada pela USP, tem experi\u00eancia em reda\u00e7\u00f5es, SEO, Branded Content e Webdesign. Com passagem pelo Jornal da USP, Empiricus e C6 Bank, hoje \u00e9 rep\u00f3rter no Suno Not\u00edcias cobrindo macroeconomia, finan\u00e7as pessoais e startups.\",\"url\":\"https:\/\/www.suno.com.br\/noticias\/author\/camila-figueiredosuno-com-br\/\"}]}<\/script>\n<!-- \/ Yoast SEO plugin. -->","yoast_head_json":{"title":"Santander (SANB11) distribui JCP nesta quinta-feira (8)","description":"O Santander \u00e9 o destaque do dia na agenda de dividendos. Veja mais detalhes do pagamento de proventos de hoje!","robots":{"index":"index","follow":"follow","max-snippet":"max-snippet:-1","max-image-preview":"max-image-preview:large","max-video-preview":"max-video-preview:-1"},"canonical":"https:\/\/www.suno.com.br\/noticias\/news-agenda-dividendos-santander-sanb11-vulcabras-vulc3-fevereiro-cpf\/","og_locale":"pt_BR","og_type":"article","og_title":"Santander (SANB11) distribui JCP nesta quinta-feira (8)","og_description":"O Santander \u00e9 o destaque do dia na agenda de dividendos. Veja mais detalhes do pagamento de proventos de hoje!","og_url":"https:\/\/www.suno.com.br\/noticias\/news-agenda-dividendos-santander-sanb11-vulcabras-vulc3-fevereiro-cpf\/","og_site_name":"Suno Not\u00edcias","article_publisher":"https:\/\/facebook.com\/sunoresearch","og_image":[{"width":1200,"height":800,"url":"https:\/\/files.sunoresearch.com.br\/n\/uploads\/2023\/08\/Fachada-Sede-Santander-SP-1.jpg","type":"image\/jpeg"}],"author":"Camila Paim","twitter_card":"summary_large_image","twitter_creator":"@sunoresearch","twitter_site":"@sunoresearch","twitter_misc":{"Escrito por":"Camila Paim","Est. tempo de leitura":"2 minutos"},"schema":{"@context":"https:\/\/schema.org","@graph":[{"@type":"NewsArticle","@id":"https:\/\/www.suno.com.br\/noticias\/news-agenda-dividendos-santander-sanb11-vulcabras-vulc3-fevereiro-cpf\/#article","isPartOf":{"@id":"https:\/\/www.suno.com.br\/noticias\/news-agenda-dividendos-santander-sanb11-vulcabras-vulc3-fevereiro-cpf\/"},"author":{"name":"Camila Paim","@id":"https:\/\/www.suno.com.br\/noticias\/#\/schema\/person\/f341d3ae5d1cc685176c9a5327cdfdbb"},"headline":"Santander (SANB11) e Vulcabr\u00e1s (VULC3) distribuem dividendos nesta quinta-feira (8)","datePublished":"2024-02-08T11:56:33+00:00","dateModified":"2024-02-08T11:56:38+00:00","mainEntityOfPage":{"@id":"https:\/\/www.suno.com.br\/noticias\/news-agenda-dividendos-santander-sanb11-vulcabras-vulc3-fevereiro-cpf\/"},"wordCount":343,"publisher":{"@id":"https:\/\/www.suno.com.br\/noticias\/#organization"},"image":{"@id":"https:\/\/www.suno.com.br\/noticias\/news-agenda-dividendos-santander-sanb11-vulcabras-vulc3-fevereiro-cpf\/#primaryimage"},"thumbnailUrl":"https:\/\/files.sunoresearch.com.br\/n\/uploads\/2023\/08\/Fachada-Sede-Santander-SP-1.jpg","keywords":["dividendos","juros sobre capital pr\u00f3prio (JCP)","Santander (SANB11\/SANB3\/SANB4)","Vulcabras (VULC3)"],"articleSection":["Neg\u00f3cios"],"inLanguage":"pt-BR"},{"@type":"WebPage","@id":"https:\/\/www.suno.com.br\/noticias\/news-agenda-dividendos-santander-sanb11-vulcabras-vulc3-fevereiro-cpf\/","url":"https:\/\/www.suno.com.br\/noticias\/news-agenda-dividendos-santander-sanb11-vulcabras-vulc3-fevereiro-cpf\/","name":"Santander (SANB11) distribui JCP nesta quinta-feira (8)","isPartOf":{"@id":"https:\/\/www.suno.com.br\/noticias\/#website"},"primaryImageOfPage":{"@id":"https:\/\/www.suno.com.br\/noticias\/news-agenda-dividendos-santander-sanb11-vulcabras-vulc3-fevereiro-cpf\/#primaryimage"},"image":{"@id":"https:\/\/www.suno.com.br\/noticias\/news-agenda-dividendos-santander-sanb11-vulcabras-vulc3-fevereiro-cpf\/#primaryimage"},"thumbnailUrl":"https:\/\/files.sunoresearch.com.br\/n\/uploads\/2023\/08\/Fachada-Sede-Santander-SP-1.jpg","datePublished":"2024-02-08T11:56:33+00:00","dateModified":"2024-02-08T11:56:38+00:00","description":"O Santander \u00e9 o destaque do dia na agenda de dividendos. Veja mais detalhes do pagamento de proventos de hoje!","breadcrumb":{"@id":"https:\/\/www.suno.com.br\/noticias\/news-agenda-dividendos-santander-sanb11-vulcabras-vulc3-fevereiro-cpf\/#breadcrumb"},"inLanguage":"pt-BR","potentialAction":[{"@type":"ReadAction","target":["https:\/\/www.suno.com.br\/noticias\/news-agenda-dividendos-santander-sanb11-vulcabras-vulc3-fevereiro-cpf\/"]}]},{"@type":"ImageObject","inLanguage":"pt-BR","@id":"https:\/\/www.suno.com.br\/noticias\/news-agenda-dividendos-santander-sanb11-vulcabras-vulc3-fevereiro-cpf\/#primaryimage","url":"https:\/\/files.sunoresearch.com.br\/n\/uploads\/2023\/08\/Fachada-Sede-Santander-SP-1.jpg","contentUrl":"https:\/\/files.sunoresearch.com.br\/n\/uploads\/2023\/08\/Fachada-Sede-Santander-SP-1.jpg","width":1200,"height":800,"caption":"Santander (SANB11). Foto: Divulga\u00e7\u00e3o\/ Santander"},{"@type":"BreadcrumbList","@id":"https:\/\/www.suno.com.br\/noticias\/news-agenda-dividendos-santander-sanb11-vulcabras-vulc3-fevereiro-cpf\/#breadcrumb","itemListElement":[{"@type":"ListItem","position":1,"name":"Not\u00edcias","item":"https:\/\/www.suno.com.br\/noticias\/"},{"@type":"ListItem","position":2,"name":"Neg\u00f3cios","item":"https:\/\/www.suno.com.br\/noticias\/negocios\/"},{"@type":"ListItem","position":3,"name":"Santander (SANB11) e Vulcabr\u00e1s (VULC3) distribuem dividendos nesta quinta-feira (8)"}]},{"@type":"WebSite","@id":"https:\/\/www.suno.com.br\/noticias\/#website","url":"https:\/\/www.suno.com.br\/noticias\/","name":"Suno Not\u00edcias","description":"Seu portal de informa\u00e7\u00e3o sobre o mundo dos investimentos","publisher":{"@id":"https:\/\/www.suno.com.br\/noticias\/#organization"},"potentialAction":[{"@type":"SearchAction","target":{"@type":"EntryPoint","urlTemplate":"https:\/\/www.suno.com.br\/noticias\/?s={search_term_string}"},"query-input":{"@type":"PropertyValueSpecification","valueRequired":true,"valueName":"search_term_string"}}],"inLanguage":"pt-BR"},{"@type":"Organization","@id":"https:\/\/www.suno.com.br\/noticias\/#organization","name":"Suno Not\u00edcias","url":"https:\/\/www.suno.com.br\/noticias\/","logo":{"@type":"ImageObject","inLanguage":"pt-BR","@id":"https:\/\/www.suno.com.br\/noticias\/#\/schema\/logo\/image\/","url":"https:\/\/files.sunoresearch.com.br\/n\/uploads\/2021\/09\/suno-logo.png","contentUrl":"https:\/\/files.sunoresearch.com.br\/n\/uploads\/2021\/09\/suno-logo.png","width":180,"height":180,"caption":"Suno Not\u00edcias"},"image":{"@id":"https:\/\/www.suno.com.br\/noticias\/#\/schema\/logo\/image\/"},"sameAs":["https:\/\/facebook.com\/sunoresearch","https:\/\/x.com\/sunoresearch","https:\/\/www.instagram.com\/suno","https:\/\/www.linkedin.com\/company\/suno-research\/","https:\/\/www.youtube.com\/c\/sunoresearch"]},{"@type":"Person","@id":"https:\/\/www.suno.com.br\/noticias\/#\/schema\/person\/f341d3ae5d1cc685176c9a5327cdfdbb","name":"Camila Paim","image":{"@type":"ImageObject","inLanguage":"pt-BR","@id":"https:\/\/www.suno.com.br\/noticias\/#\/schema\/person\/image\/","url":"https:\/\/secure.gravatar.com\/avatar\/f33728e65febb1aa7ecf6792956f9b20?s=96&r=g","contentUrl":"https:\/\/secure.gravatar.com\/avatar\/f33728e65febb1aa7ecf6792956f9b20?s=96&r=g","caption":"Camila Paim"},"description":"Jornalista formada pela USP, tem experi\u00eancia em reda\u00e7\u00f5es, SEO, Branded Content e Webdesign. Com passagem pelo Jornal da USP, Empiricus e C6 Bank, hoje \u00e9 rep\u00f3rter no Suno Not\u00edcias cobrindo macroeconomia, finan\u00e7as pessoais e startups.","url":"https:\/\/www.suno.com.br\/noticias\/author\/camila-figueiredosuno-com-br\/"}]}},"default_loop_html":"<div class=\"cardsPage__listCard__boxs\"><div class=\"cardsPage__listCard__boxs__img\"><a href=\"https:\/\/www.suno.com.br\/noticias\/news-agenda-dividendos-santander-sanb11-vulcabras-vulc3-fevereiro-cpf\/\"><img class=\"mask\" src=\"https:\/\/www.suno.com.br\/noticias\/wp-content\/themes\/suno\/resources\/images\/spotlight\/spotlight1img\/bg-mask.png\" alt=\"Image Mask\"\/><img src=\"https:\/\/files.sunoresearch.com.br\/n\/uploads\/2023\/08\/Fachada-Sede-Santander-SP-1-400x200.jpg\" alt=\"Santander (SANB11) e Vulcabr\u00e1s (VULC3) distribuem dividendos nesta quinta-feira (8)\"\/><\/a><span class=\"spotlightCategory\"><a href=\"https:\/\/www.suno.com.br\/noticias\/negocios\/\">Neg\u00f3cios<\/a><\/span><\/div><div class=\"cardsPage__listCard__boxs__content\"><a href=\"https:\/\/www.suno.com.br\/noticias\/news-agenda-dividendos-santander-sanb11-vulcabras-vulc3-fevereiro-cpf\/\"><h2 class=\"content__title\">Santander (SANB11) e Vulcabr\u00e1s (VULC3) distribuem dividendos nesta quinta-feira (8)<\/h2><\/a><div class=\"newsContent__article__meta\"><div class=\"newsContent__article__meta__authorBox\"><a href=\"https:\/\/www.suno.com.br\/noticias\/author\/camila-figueiredosuno-com-br\/\" class=\"authorBox__avatar noMobi\"><img src=\"https:\/\/files.sunoresearch.com.br\/n\/uploads\/2024\/05\/camila-paim-square-150x150.jpg\" alt=\"Camila Paim\"><\/a><div class=\"authorBox__name\"><span>por\n\t\t\t<a href=\"https:\/\/www.suno.com.br\/noticias\/author\/camila-figueiredosuno-com-br\/\"><span itemprop=\"author\">Camila Paim<\/span><\/a><\/span><time datetime=\"2024-02-08T08:56:33-03:00\" itemprop=\"datePublished\">08\/02\/2024 08:56<\/time><\/div><\/div><\/div><\/div><\/div>","single_layout":"posts","amp_enabled":true,"_links":{"self":[{"href":"https:\/\/www.suno.com.br\/noticias\/wp-json\/wp\/v2\/posts\/521376"}],"collection":[{"href":"https:\/\/www.suno.com.br\/noticias\/wp-json\/wp\/v2\/posts"}],"about":[{"href":"https:\/\/www.suno.com.br\/noticias\/wp-json\/wp\/v2\/types\/post"}],"author":[{"embeddable":true,"href":"https:\/\/www.suno.com.br\/noticias\/wp-json\/wp\/v2\/users\/283"}],"replies":[{"embeddable":true,"href":"https:\/\/www.suno.com.br\/noticias\/wp-json\/wp\/v2\/comments?post=521376"}],"version-history":[{"count":3,"href":"https:\/\/www.suno.com.br\/noticias\/wp-json\/wp\/v2\/posts\/521376\/revisions"}],"predecessor-version":[{"id":521436,"href":"https:\/\/www.suno.com.br\/noticias\/wp-json\/wp\/v2\/posts\/521376\/revisions\/521436"}],"wp:featuredmedia":[{"embeddable":true,"href":"https:\/\/www.suno.com.br\/noticias\/wp-json\/wp\/v2\/media\/437315"}],"wp:attachment":[{"href":"https:\/\/www.suno.com.br\/noticias\/wp-json\/wp\/v2\/media?parent=521376"}],"wp:term":[{"taxonomy":"category","embeddable":true,"href":"https:\/\/www.suno.com.br\/noticias\/wp-json\/wp\/v2\/categories?post=521376"},{"taxonomy":"post_tag","embeddable":true,"href":"https:\/\/www.suno.com.br\/noticias\/wp-json\/wp\/v2\/tags?post=521376"},{"taxonomy":"suno_strategy","embeddable":true,"href":"https:\/\/www.suno.com.br\/noticias\/wp-json\/wp\/v2\/suno_strategy?post=521376"}],"curies":[{"name":"wp","href":"https:\/\/api.w.org\/{rel}","templated":true}]}}