{"id":521361,"date":"2024-02-08T07:55:22","date_gmt":"2024-02-08T10:55:22","guid":{"rendered":"https:\/\/www.suno.com.br\/noticias\/?p=521361"},"modified":"2024-02-08T10:32:44","modified_gmt":"2024-02-08T13:32:44","slug":"brasilagro-agro3-prejuizo-segundo-trimestre-safra-gpj","status":"publish","type":"post","link":"https:\/\/www.suno.com.br\/noticias\/brasilagro-agro3-prejuizo-segundo-trimestre-safra-gpj\/","title":{"rendered":"BrasilAgro (AGRO3) tem preju\u00edzo l\u00edquido de R$ 5,82 milh\u00f5es no 2T24; confira"},"content":{"rendered":"<p>A <strong>BrasilAgro <\/strong>(<a href=\"https:\/\/statusinvest.com.br\/acoes\/agro3\">AGRO3<\/a>) reportou um preju\u00edzo l\u00edquido total de R$ 5,822 milh\u00f5es no segundo trimestre da safra 2023\/2024 (2T24), contra perdas de R$ 12,881 milh\u00f5es no segundo trimestre da safra 2022\/2023 (2T23), segundo relat\u00f3rio divulgado na quarta-feira (7).<\/p>\t<div class=\"wrapper-featured-image\">\n\t\t<figure class=\"spotlightImg\">\n\n\t\t\t<picture>\n\t\t\t\t<source media=\"(max-width: 768px)\" srcset=\"https:\/\/files.sunoresearch.com.br\/n\/uploads\/2024\/02\/pexels-pixabay-265216-400x200.jpg\">\n\t\t\t\t<img loading=\"lazy\" decoding=\"async\" class=\"newsContent__article__imgCapa lazyloadDisabled \" src=\"https:\/\/files.sunoresearch.com.br\/n\/uploads\/2024\/02\/pexels-pixabay-265216-800x450.jpg\" width=\"800\" height=\"450\" alt=\"BrasilAgro (AGRO3) tem preju\u00edzo l\u00edquido de R$ 5,82 milh\u00f5es no 2T24; confira\" fetchpriority=high \/>\n\t\t\t<\/picture>\n\n\t\t\t<figcaption class=\"wp-caption-text wp-caption-text--show\">BrasilAgro (AGRO3). Foto: Pexels.<\/figcaption>\n\t\t<\/figure>\n\t<\/div>\n\n\n\n\n\n\n\n\t<p>\n\t\t<a href=\"https:\/\/lp.suno.com.br\/planilha-da-vida-financeira\/\" target=\"_blank\" data-element=\"shortcode-suno-banner\" title=\"Banner SUNO, clique e saiba mais\">\n\t\t\t<picture>\n\t\t\t\t<source media=\"(max-width: 500px)\" srcset=\"https:\/\/files.sunoresearch.com.br\/n\/uploads\/2023\/04\/400x300-Planilha-vida-financeira-true.png\">\n\t\t\t\t<img class=\"newsContent__article__imgCapa newsContent__article__imgCapa--banner\"\n\t\t\t\t\tsrc=\"https:\/\/files.sunoresearch.com.br\/n\/uploads\/2023\/04\/1420x240-Planilha-vida-financeira-true.png\"\n\t\t\t\t\tdata-promo-id=\"106682\"\t\t\t\t\t\t\t\t\t\twidth='1420' height='240'\t\t\t\t\talt=\"https:\/\/files.sunoresearch.com.br\/n\/uploads\/2023\/04\/1420x240-Planilha-vida-financeira-true.png\"\n\t\t\t\t>\n\t\t\t<\/picture>\n\t\t<\/a>\n\t<\/p>\n\n\n\n\n\n<p>No 2T24, a <strong>receita l\u00edquida total da BrasilAgro<\/strong> foi de R$ 155,687 milh\u00f5es, queda de 15% frente aos R$ 183,032 milh\u00f5es registrados no 2T23.    <\/p>\n\n\n\n<p>J\u00e1 o Ebitda (lucro antes de juros, impostos, <a href=\"https:\/\/www.suno.com.br\/artigos\/depreciacao-amortizacao\/\">deprecia\u00e7\u00e3o e amortiza\u00e7\u00e3o<\/a>) ajustado ficou negativo em R$ 12,615 milh\u00f5es, contra um <a href=\"https:\/\/www.suno.com.br\/artigos\/ebitda-ajustado\/\">Ebitda ajustado<\/a> positivo de R$ 17,128 milh\u00f5es do 2T23.<\/p>\n\n\n\n<p>Ainda de acordo com o <strong>balan\u00e7o da BrasilAgro<\/strong>, o valor com venda de fazendas tombou 83% na base anual, passando de R$ 28,093 milh\u00f5es no 2T23 para R$ 4,752 milh\u00f5es no 2T24.<\/p>\n\n\n\n<p>&#8220;O ano de 2024 come\u00e7ou desafiador para o agroneg\u00f3cio, tanto do lado comercial, quanto do lado do clima. E mais uma vez, o planejamento estrat\u00e9gico e a vis\u00e3o integrada das cadeias produtivas se tornam cada vez mais importantes para as empresas do setor&#8221;, pontua <strong>Andr\u00e9 Guillaumon<\/strong>, <strong>CEO da BrasilAgro<\/strong>. <\/p>\n\n\n\n<p>Em relat\u00f3rio, o <strong>BTG Pactual <\/strong>(<a href=\"https:\/\/statusinvest.com.br\/acoes\/bpac11\">BPAC11<\/a>) refor\u00e7ou que a BrasilAgro reportou outro resultado fraco, refletindo venda de estoques da safra anterior, ainda impactados por dificuldades de custos e intensificados por um decl\u00ednio dos pre\u00e7os das mat\u00e9rias-primas agr\u00edcolas.<\/p>\n\n\n\n<p>O banco lembra que apesar das margens agr\u00edcolas mais estreitas em todo o setor, Guillaumon mencionou em uma entrevista \u00e0 imprensa o potencial para maior liquidez nas vendas de terras agr\u00edcolas, o que poderia compensar os resultados dif\u00edceis vistos recentemente.<\/p>\n\n\n\n<p>O BTG tem recomenda\u00e7\u00e3o de &#8216;compra&#8217; para as <strong>a\u00e7\u00f5es de BrasilAgro<\/strong>, com pre\u00e7o-alvo a R$ 43,00.<\/p>\n\n\n\n<h2 class=\"wp-block-heading\">Proje\u00e7\u00f5es para a safra 2023\/2024 da BrasilAgro<\/h2>\n\n\n\n<p>Conforme informado pela BrasilAgro no trimestre passado, devido \u00e0 alta volatilidade no <strong>pre\u00e7o do milho<\/strong>, que acabou comprimindo as margens, a companhia alterou o mix de \u00e1rea plantada para a safra 23\/24 em rela\u00e7\u00e3o ao or\u00e7amento inicial.<\/p>\n\n\n\n<p>&#8220;Projetamos reduzir em 7% a \u00e1rea total plantada em compara\u00e7\u00e3o \u00e0 estimativa inicial. J\u00e1 em rela\u00e7\u00e3o \u00e0 safra passada, a \u00e1rea plantada cresceu 10%&#8221;, diz a companhia.<\/p>\n\n\n\n<p>Assim, com a diminui\u00e7\u00e3o da \u00e1rea plantada, a BrasilAgro projeta reduzir em 17% a produ\u00e7\u00e3o de gr\u00e3os e algod\u00e3o, comparado \u00e0 estimativa inicial.<\/p>\n\n\n\n<p>&#8220;Nos cultivares de milho, al\u00e9m da diminui\u00e7\u00e3o de \u00e1rea, na Bahia, tivemos redu\u00e7\u00e3o de produtividade devido \u00e0 irregularidade de distribui\u00e7\u00e3o de chuvas, afetando as lavouras no seu per\u00edodo vegetativo, provocando diminui\u00e7\u00e3o de produtividade&#8221;, acrescenta.<\/p>\n\n\n\t<p>\n\t\t<a href=\"https:\/\/lp.suno.com.br\/ebook-como-analisar-uma-acao\/\" target=\"_blank\" data-element=\"shortcode-suno-banner\" title=\"Banner SUNO, clique e saiba mais\">\n\t\t\t<picture>\n\t\t\t\t<source media=\"(max-width: 500px)\" srcset=\"https:\/\/files.sunoresearch.com.br\/n\/uploads\/2023\/03\/Ebook-Acoes-Mobile.jpg\">\n\t\t\t\t<img class=\"newsContent__article__imgCapa newsContent__article__imgCapa--banner\"\n\t\t\t\t\tsrc=\"https:\/\/files.sunoresearch.com.br\/n\/uploads\/2023\/03\/Ebook-Acoes-Desktop.jpg\"\n\t\t\t\t\tdata-promo-id=\"378302\"\t\t\t\t\t\t\t\t\t\twidth='1420' height='286'\t\t\t\t\talt=\"https:\/\/files.sunoresearch.com.br\/n\/uploads\/2023\/03\/Ebook-Acoes-Desktop.jpg\"\n\t\t\t\t>\n\t\t\t<\/picture>\n\t\t<\/a>\n\t<\/p>\n\n\n\n\n\n<h2 class=\"wp-block-heading\">Desempenho das a\u00e7\u00f5es de BrasilAgro<\/h2>\n\n\n\n<p>No fechamento de quarta-feira (7), as a\u00e7\u00f5es de <strong>BrasilAgro<\/strong> fecharam em alta de 1,53%, a R$ 24,63.<\/p>\n\n\n\n<div class=\"pluginQuotation\">\n  <p class=\"ticker\">\n    Cota\u00e7\u00e3o <span>AGRO3<\/span>\n  <\/p>\n  <div class=\"info\">\n    <div class=\"leftSide\">\n      Gr\u00e1fico gerado em: 08\/02\/2024    <\/div>\n\t\t\t\t\t<div class=\"rightSide\">\n\t\t\t\t\t<span class=\"period\">\n\t\t\t\t\t\t1 Dia\t\t\t\t\t<\/span>\n\t\t\t<\/div>\n\t\t  <\/div>\n\n  <div id=\"chart-5e04994a5a73f642129b0606e27a3b8b\" data-block-hash=\"5e04994a5a73f642129b0606e27a3b8b\"  class=\"chart\" style=\"width:100%;height:400px;\"><\/div>\n\n  <div class=\"pluginQuotation__footer\">\n    <div class=\"dataChart\">\n\n      <div class=\"dataChart__div1 variation\">\n        <div class=\"value-positive\">\n          0,86 (+0,21%)        <\/div>\n        <div class=\"text\">\n          Varia\u00e7\u00e3o do per\u00edodo\n        <\/div>\n      <\/div>\n\n      <div class=\"dataChart__div2 minMax\">\n        <div class=\"value\">\n          R$\u00a024,32        <\/div>\n        <div class=\"text\">\n          M\u00ednima\n        <\/div>\n      <\/div>\n\n      <div class=\"dataChart__div3 minMax\">\n        <div class=\"value\">\n          R$\u00a024,67        <\/div>\n        <div class=\"text\">\n          M\u00e1xima\n        <\/div>\n      <\/div>\n\n\t\t\t<div class=\"dataChart__div4 rightSide\">\n\t\t\t\t<div class=\"analiticaSource\">\n\t\t\t\t\t<span>\n\t\t\t\t\t\tFonte:\n\t\t\t\t\t<\/span>\n\t\t\t\t\t<img decoding=\"async\" class=\"analiticaLogo\" src=\"https:\/\/www.suno.com.br\/noticias\/wp-content\/plugins\/suno-block-ticker-quotation\/src\/suno-analitica-logo.png\" alt=\"Logo Suno Anal\u00edtica\" \/>\n\t\t\t\t<\/div>\n\n\t\t\t\t<a href=\"https:\/\/www.suno.com.br\/analitica\/acoes\/AGRO3\" target=\"_blank\">\n\t\t\t\t\t<span>\n\t\t\t\t\t\tVer mais cota\u00e7\u00f5es\n\t\t\t\t\t<\/span>\n\t\t\t\t\t<svg xmlns=\"http:\/\/www.w3.org\/2000\/svg\" width=\"9\" height=\"8\" viewBox=\"0 0 9 8\" fill=\"none\">\n\t\t\t\t\t\t<path d=\"M4.20996 0L3.50496 0.705L6.29496 3.5H0.209961V4.5H6.29496L3.50496 7.295L4.20996 8L8.20996 4L4.20996 0Z\" fill=\"#D42126\" \/>\n\t\t\t\t\t<\/svg>\n\t\t\t\t<\/a>\n    <\/div>\n\n    <\/div>\n  <\/div>\n<\/div>\n\n\n<script type=\"text\/javascript\">\n  let chart_5e04994a5a73f642129b0606e27a3b8b = document.getElementById('chart-5e04994a5a73f642129b0606e27a3b8b');\n  let data_json_5e04994a5a73f642129b0606e27a3b8b = \"[{\\\"date\\\":\\\"07\\\\\\\/02\\\\\\\/24 10:02\\\",\\\"value\\\":24.42},{\\\"date\\\":\\\"07\\\\\\\/02\\\\\\\/24 10:04\\\",\\\"value\\\":24.32},{\\\"date\\\":\\\"07\\\\\\\/02\\\\\\\/24 10:08\\\",\\\"value\\\":24.37},{\\\"date\\\":\\\"07\\\\\\\/02\\\\\\\/24 10:10\\\",\\\"value\\\":24.37},{\\\"date\\\":\\\"07\\\\\\\/02\\\\\\\/24 10:12\\\",\\\"value\\\":24.37},{\\\"date\\\":\\\"07\\\\\\\/02\\\\\\\/24 10:14\\\",\\\"value\\\":24.42},{\\\"date\\\":\\\"07\\\\\\\/02\\\\\\\/24 10:16\\\",\\\"value\\\":24.39},{\\\"date\\\":\\\"07\\\\\\\/02\\\\\\\/24 10:18\\\",\\\"value\\\":24.46},{\\\"date\\\":\\\"07\\\\\\\/02\\\\\\\/24 10:20\\\",\\\"value\\\":24.36},{\\\"date\\\":\\\"07\\\\\\\/02\\\\\\\/24 10:22\\\",\\\"value\\\":24.4},{\\\"date\\\":\\\"07\\\\\\\/02\\\\\\\/24 10:24\\\",\\\"value\\\":24.4},{\\\"date\\\":\\\"07\\\\\\\/02\\\\\\\/24 10:26\\\",\\\"value\\\":24.39},{\\\"date\\\":\\\"07\\\\\\\/02\\\\\\\/24 10:28\\\",\\\"value\\\":24.44},{\\\"date\\\":\\\"07\\\\\\\/02\\\\\\\/24 10:30\\\",\\\"value\\\":24.43},{\\\"date\\\":\\\"07\\\\\\\/02\\\\\\\/24 10:32\\\",\\\"value\\\":24.35},{\\\"date\\\":\\\"07\\\\\\\/02\\\\\\\/24 10:34\\\",\\\"value\\\":24.39},{\\\"date\\\":\\\"07\\\\\\\/02\\\\\\\/24 10:40\\\",\\\"value\\\":24.41},{\\\"date\\\":\\\"07\\\\\\\/02\\\\\\\/24 10:42\\\",\\\"value\\\":24.4},{\\\"date\\\":\\\"07\\\\\\\/02\\\\\\\/24 10:44\\\",\\\"value\\\":24.39},{\\\"date\\\":\\\"07\\\\\\\/02\\\\\\\/24 10:46\\\",\\\"value\\\":24.41},{\\\"date\\\":\\\"07\\\\\\\/02\\\\\\\/24 10:48\\\",\\\"value\\\":24.44},{\\\"date\\\":\\\"07\\\\\\\/02\\\\\\\/24 10:50\\\",\\\"value\\\":24.45},{\\\"date\\\":\\\"07\\\\\\\/02\\\\\\\/24 10:52\\\",\\\"value\\\":24.57},{\\\"date\\\":\\\"07\\\\\\\/02\\\\\\\/24 10:54\\\",\\\"value\\\":24.51},{\\\"date\\\":\\\"07\\\\\\\/02\\\\\\\/24 10:56\\\",\\\"value\\\":24.51},{\\\"date\\\":\\\"07\\\\\\\/02\\\\\\\/24 10:58\\\",\\\"value\\\":24.53},{\\\"date\\\":\\\"07\\\\\\\/02\\\\\\\/24 11:00\\\",\\\"value\\\":24.53},{\\\"date\\\":\\\"07\\\\\\\/02\\\\\\\/24 11:02\\\",\\\"value\\\":24.48},{\\\"date\\\":\\\"07\\\\\\\/02\\\\\\\/24 11:04\\\",\\\"value\\\":24.54},{\\\"date\\\":\\\"07\\\\\\\/02\\\\\\\/24 11:08\\\",\\\"value\\\":24.5},{\\\"date\\\":\\\"07\\\\\\\/02\\\\\\\/24 11:10\\\",\\\"value\\\":24.55},{\\\"date\\\":\\\"07\\\\\\\/02\\\\\\\/24 11:12\\\",\\\"value\\\":24.51},{\\\"date\\\":\\\"07\\\\\\\/02\\\\\\\/24 11:16\\\",\\\"value\\\":24.52},{\\\"date\\\":\\\"07\\\\\\\/02\\\\\\\/24 11:18\\\",\\\"value\\\":24.53},{\\\"date\\\":\\\"07\\\\\\\/02\\\\\\\/24 11:20\\\",\\\"value\\\":24.57},{\\\"date\\\":\\\"07\\\\\\\/02\\\\\\\/24 11:22\\\",\\\"value\\\":24.49},{\\\"date\\\":\\\"07\\\\\\\/02\\\\\\\/24 11:24\\\",\\\"value\\\":24.51},{\\\"date\\\":\\\"07\\\\\\\/02\\\\\\\/24 11:26\\\",\\\"value\\\":24.52},{\\\"date\\\":\\\"07\\\\\\\/02\\\\\\\/24 11:28\\\",\\\"value\\\":24.51},{\\\"date\\\":\\\"07\\\\\\\/02\\\\\\\/24 11:30\\\",\\\"value\\\":24.44},{\\\"date\\\":\\\"07\\\\\\\/02\\\\\\\/24 11:32\\\",\\\"value\\\":24.65},{\\\"date\\\":\\\"07\\\\\\\/02\\\\\\\/24 11:34\\\",\\\"value\\\":24.64},{\\\"date\\\":\\\"07\\\\\\\/02\\\\\\\/24 11:36\\\",\\\"value\\\":24.62},{\\\"date\\\":\\\"07\\\\\\\/02\\\\\\\/24 11:38\\\",\\\"value\\\":24.62},{\\\"date\\\":\\\"07\\\\\\\/02\\\\\\\/24 11:40\\\",\\\"value\\\":24.61},{\\\"date\\\":\\\"07\\\\\\\/02\\\\\\\/24 11:42\\\",\\\"value\\\":24.62},{\\\"date\\\":\\\"07\\\\\\\/02\\\\\\\/24 11:44\\\",\\\"value\\\":24.62},{\\\"date\\\":\\\"07\\\\\\\/02\\\\\\\/24 11:46\\\",\\\"value\\\":24.6},{\\\"date\\\":\\\"07\\\\\\\/02\\\\\\\/24 11:48\\\",\\\"value\\\":24.64},{\\\"date\\\":\\\"07\\\\\\\/02\\\\\\\/24 11:50\\\",\\\"value\\\":24.67},{\\\"date\\\":\\\"07\\\\\\\/02\\\\\\\/24 11:52\\\",\\\"value\\\":24.61},{\\\"date\\\":\\\"07\\\\\\\/02\\\\\\\/24 11:54\\\",\\\"value\\\":24.57},{\\\"date\\\":\\\"07\\\\\\\/02\\\\\\\/24 11:56\\\",\\\"value\\\":24.59},{\\\"date\\\":\\\"07\\\\\\\/02\\\\\\\/24 11:58\\\",\\\"value\\\":24.58},{\\\"date\\\":\\\"07\\\\\\\/02\\\\\\\/24 12:00\\\",\\\"value\\\":24.55},{\\\"date\\\":\\\"07\\\\\\\/02\\\\\\\/24 12:04\\\",\\\"value\\\":24.52},{\\\"date\\\":\\\"07\\\\\\\/02\\\\\\\/24 12:06\\\",\\\"value\\\":24.53},{\\\"date\\\":\\\"07\\\\\\\/02\\\\\\\/24 12:08\\\",\\\"value\\\":24.5},{\\\"date\\\":\\\"07\\\\\\\/02\\\\\\\/24 12:10\\\",\\\"value\\\":24.46},{\\\"date\\\":\\\"07\\\\\\\/02\\\\\\\/24 12:12\\\",\\\"value\\\":24.48},{\\\"date\\\":\\\"07\\\\\\\/02\\\\\\\/24 12:14\\\",\\\"value\\\":24.48},{\\\"date\\\":\\\"07\\\\\\\/02\\\\\\\/24 12:16\\\",\\\"value\\\":24.49},{\\\"date\\\":\\\"07\\\\\\\/02\\\\\\\/24 12:18\\\",\\\"value\\\":24.48},{\\\"date\\\":\\\"07\\\\\\\/02\\\\\\\/24 15:14\\\",\\\"value\\\":24.45},{\\\"date\\\":\\\"07\\\\\\\/02\\\\\\\/24 15:16\\\",\\\"value\\\":24.46},{\\\"date\\\":\\\"07\\\\\\\/02\\\\\\\/24 15:18\\\",\\\"value\\\":24.46},{\\\"date\\\":\\\"07\\\\\\\/02\\\\\\\/24 15:20\\\",\\\"value\\\":24.44},{\\\"date\\\":\\\"07\\\\\\\/02\\\\\\\/24 15:22\\\",\\\"value\\\":24.46},{\\\"date\\\":\\\"07\\\\\\\/02\\\\\\\/24 15:24\\\",\\\"value\\\":24.44},{\\\"date\\\":\\\"07\\\\\\\/02\\\\\\\/24 15:26\\\",\\\"value\\\":24.47},{\\\"date\\\":\\\"07\\\\\\\/02\\\\\\\/24 15:28\\\",\\\"value\\\":24.48},{\\\"date\\\":\\\"07\\\\\\\/02\\\\\\\/24 15:30\\\",\\\"value\\\":24.43},{\\\"date\\\":\\\"07\\\\\\\/02\\\\\\\/24 15:32\\\",\\\"value\\\":24.43},{\\\"date\\\":\\\"07\\\\\\\/02\\\\\\\/24 15:34\\\",\\\"value\\\":24.49},{\\\"date\\\":\\\"07\\\\\\\/02\\\\\\\/24 15:36\\\",\\\"value\\\":24.49},{\\\"date\\\":\\\"07\\\\\\\/02\\\\\\\/24 15:38\\\",\\\"value\\\":24.5},{\\\"date\\\":\\\"07\\\\\\\/02\\\\\\\/24 15:40\\\",\\\"value\\\":24.5},{\\\"date\\\":\\\"07\\\\\\\/02\\\\\\\/24 15:42\\\",\\\"value\\\":24.49},{\\\"date\\\":\\\"07\\\\\\\/02\\\\\\\/24 15:44\\\",\\\"value\\\":24.51},{\\\"date\\\":\\\"07\\\\\\\/02\\\\\\\/24 15:46\\\",\\\"value\\\":24.54},{\\\"date\\\":\\\"07\\\\\\\/02\\\\\\\/24 15:48\\\",\\\"value\\\":24.51},{\\\"date\\\":\\\"07\\\\\\\/02\\\\\\\/24 15:50\\\",\\\"value\\\":24.63},{\\\"date\\\":\\\"07\\\\\\\/02\\\\\\\/24 15:52\\\",\\\"value\\\":24.52},{\\\"date\\\":\\\"07\\\\\\\/02\\\\\\\/24 15:54\\\",\\\"value\\\":24.52},{\\\"date\\\":\\\"07\\\\\\\/02\\\\\\\/24 15:56\\\",\\\"value\\\":24.63}]\";\n  let isPositive_5e04994a5a73f642129b0606e27a3b8b = true;\n\n  let color_5e04994a5a73f642129b0606e27a3b8b = isPositive_5e04994a5a73f642129b0606e27a3b8b ? '#3AB53A' : '#D92C2D';\n\n  let data_5e04994a5a73f642129b0606e27a3b8b = JSON.parse(data_json_5e04994a5a73f642129b0606e27a3b8b);\n\n  const result_5e04994a5a73f642129b0606e27a3b8b = {\n    date: [],\n    value: [],\n  };\n\n  data_5e04994a5a73f642129b0606e27a3b8b.forEach((item) => {\n    result_5e04994a5a73f642129b0606e27a3b8b.date.push(item.date);\n    result_5e04994a5a73f642129b0606e27a3b8b.value.push(Number(item.value));\n  });\n\n  let option_5e04994a5a73f642129b0606e27a3b8b = {\n    \/\/ variavel de cor global\n    color: [color_5e04994a5a73f642129b0606e27a3b8b],\n    title: {\n      text: '',\n    },\n    tooltip: {\n      trigger: 'axis',\n      axisPointer: {\n        type: 'cross',\n        label: {\n          \/\/ cor dos valores em X e Y\n          backgroundColor: color_5e04994a5a73f642129b0606e27a3b8b,\n          formatter: (value) => {\n            if (typeof value.value === 'number') {\n              return Number(value.value).toLocaleString('pt-br', {\n                style: 'currency',\n                currency: 'BRL'\n              });\n            }\n            return value.value;\n          },\n        },\n      },\n      valueFormatter: (value) => Number(value).toLocaleString('pt-br', {\n        style: 'currency',\n        currency: 'BRL'\n      }),\n    },\n    legend: {\n      \/\/ data: ['Valor de Fechamento'],\n      show: false,\n    },\n    toolbox: {\n      feature: {\n        saveAsImage: {\n          show: false,\n        },\n      },\n    },\n    grid: {\n      left: '0px',\n      right: '0px',\n      bottom: '0px',\n      containLabel: true,\n    },\n    xAxis: [{\n      type: 'category',\n      data: result_5e04994a5a73f642129b0606e27a3b8b.date,\n      boundaryGap: true,\n    }],\n    yAxis: [{\n      type: 'value',\n      min: Math.min(...result_5e04994a5a73f642129b0606e27a3b8b.value),\n      max: Math.max(...result_5e04994a5a73f642129b0606e27a3b8b.value),\n      axisLabel: {\n        formatter: (value) => value.toLocaleString('pt-br', {\n          style: 'currency',\n          currency: 'BRL'\n        }),\n      },\n    }],\n    series: [{\n      name: 'Valor de Fechamento',\n      type: 'line',\n      stack: 'Total',\n      \/\/ cor do grafico\n      areaStyle: {},\n      emphasis: {\n        focus: 'series',\n      },\n      data: result_5e04994a5a73f642129b0606e27a3b8b.value,\n      \/\/ cor da linha\n      lineStyle: {\n        color: color_5e04994a5a73f642129b0606e27a3b8b,\n      },\n    }, ],\n  };\n\n\twindow.chart_5e04994a5a73f642129b0606e27a3b8b = {\n\t\tel: chart_5e04994a5a73f642129b0606e27a3b8b,\n\t\toption: option_5e04994a5a73f642129b0606e27a3b8b\t};\n\n\n<\/script>\n\n\n\t<p>\n\t\t<a href=\"https:\/\/lp.suno.com.br\/planilha-da-vida-financeira\/\" target=\"_blank\" data-element=\"shortcode-suno-banner\" title=\"Banner SUNO, clique e saiba mais\">\n\t\t\t<picture>\n\t\t\t\t<source media=\"(max-width: 500px)\" srcset=\"https:\/\/files.sunoresearch.com.br\/n\/uploads\/2023\/04\/400x300-Planilha-vida-financeira-true.png\">\n\t\t\t\t<img class=\"newsContent__article__imgCapa newsContent__article__imgCapa--banner\"\n\t\t\t\t\tsrc=\"https:\/\/files.sunoresearch.com.br\/n\/uploads\/2023\/04\/1420x240-Planilha-vida-financeira-true.png\"\n\t\t\t\t\tdata-promo-id=\"383123\"\t\t\t\t\t\t\t\t\t\twidth='1420' height='240'\t\t\t\t\talt=\"https:\/\/files.sunoresearch.com.br\/n\/uploads\/2023\/04\/1420x240-Planilha-vida-financeira-true.png\"\n\t\t\t\t>\n\t\t\t<\/picture>\n\t\t<\/a>\n\t<\/p>\n\n\n","protected":false},"excerpt":{"rendered":"<p>A BrasilAgro (AGRO3) reportou um preju\u00edzo l\u00edquido total de R$ 5,822 milh\u00f5es no segundo trimestre da safra 2023\/2024 (2T24), contra perdas de R$ 12,881 milh\u00f5es no segundo trimestre da safra 2022\/2023 (2T23), segundo relat\u00f3rio divulgado na quarta-feira (7). BrasilAgro (AGRO3). Foto: Pexels. No 2T24, a receita l\u00edquida total da BrasilAgro foi de R$ 155,687 milh\u00f5es, [&hellip;]<\/p>\n","protected":false},"author":313,"featured_media":521362,"comment_status":"closed","ping_status":"closed","sticky":false,"template":"","format":"standard","meta":[],"categories":[64],"tags":[1029,105738,105816,1607],"suno_strategy":[],"class_list":["post-521361","post","type-post","status-publish","format-standard","has-post-thumbnail","hentry","category-negocios","tag-balancos-trimestrais","tag-brasilagro-agro3","tag-especialistas","tag-resultado-das-empresas"],"yoast_head":"<!-- This site is optimized with the Yoast SEO plugin v24.4 - https:\/\/yoast.com\/wordpress\/plugins\/seo\/ -->\n<title>BrasilAgro (AGRO3) tem preju\u00edzo l\u00edquido de R$ 5,82 mi no 2T24<\/title>\n<meta name=\"description\" content=\"No 2T24, a receita l\u00edquida total da BrasilAgro foi de R$ 155,687 milh\u00f5es, queda de 15% frente aos R$ 183,032 milh\u00f5es registrados no 2T23.\" \/>\n<meta name=\"robots\" content=\"index, follow, max-snippet:-1, max-image-preview:large, max-video-preview:-1\" \/>\n<link rel=\"canonical\" href=\"https:\/\/www.suno.com.br\/noticias\/brasilagro-agro3-prejuizo-segundo-trimestre-safra-gpj\/\" \/>\n<meta property=\"og:locale\" content=\"pt_BR\" \/>\n<meta property=\"og:type\" content=\"article\" \/>\n<meta property=\"og:title\" content=\"BrasilAgro (AGRO3) tem preju\u00edzo l\u00edquido de R$ 5,82 mi no 2T24\" \/>\n<meta property=\"og:description\" content=\"No 2T24, a receita l\u00edquida total da BrasilAgro foi de R$ 155,687 milh\u00f5es, queda de 15% frente aos R$ 183,032 milh\u00f5es registrados no 2T23.\" \/>\n<meta property=\"og:url\" content=\"https:\/\/www.suno.com.br\/noticias\/brasilagro-agro3-prejuizo-segundo-trimestre-safra-gpj\/\" \/>\n<meta property=\"og:site_name\" content=\"Suno Not\u00edcias\" \/>\n<meta property=\"article:publisher\" content=\"https:\/\/facebook.com\/sunoresearch\" \/>\n<meta property=\"og:image\" content=\"https:\/\/files.sunoresearch.com.br\/n\/uploads\/2024\/02\/pexels-pixabay-265216-scaled.jpg\" \/>\n\t<meta property=\"og:image:width\" content=\"2560\" \/>\n\t<meta property=\"og:image:height\" content=\"1707\" \/>\n\t<meta property=\"og:image:type\" content=\"image\/jpeg\" \/>\n<meta name=\"author\" content=\"Giovanni Porf\u00edrio Jacomino\" \/>\n<meta name=\"twitter:card\" content=\"summary_large_image\" \/>\n<meta name=\"twitter:creator\" content=\"@sunoresearch\" \/>\n<meta name=\"twitter:site\" content=\"@sunoresearch\" \/>\n<meta name=\"twitter:label1\" content=\"Escrito por\" \/>\n\t<meta name=\"twitter:data1\" content=\"Giovanni Porf\u00edrio Jacomino\" \/>\n\t<meta name=\"twitter:label2\" content=\"Est. tempo de leitura\" \/>\n\t<meta name=\"twitter:data2\" content=\"3 minutos\" \/>\n<script type=\"application\/ld+json\" class=\"yoast-schema-graph\">{\"@context\":\"https:\/\/schema.org\",\"@graph\":[{\"@type\":\"NewsArticle\",\"@id\":\"https:\/\/www.suno.com.br\/noticias\/brasilagro-agro3-prejuizo-segundo-trimestre-safra-gpj\/#article\",\"isPartOf\":{\"@id\":\"https:\/\/www.suno.com.br\/noticias\/brasilagro-agro3-prejuizo-segundo-trimestre-safra-gpj\/\"},\"author\":{\"name\":\"Giovanni Porf\u00edrio Jacomino\",\"@id\":\"https:\/\/www.suno.com.br\/noticias\/#\/schema\/person\/d0f32748bbca4bee871fa191ee4e2d40\"},\"headline\":\"BrasilAgro (AGRO3) tem preju\u00edzo l\u00edquido de R$ 5,82 milh\u00f5es no 2T24; confira\",\"datePublished\":\"2024-02-08T10:55:22+00:00\",\"dateModified\":\"2024-02-08T13:32:44+00:00\",\"mainEntityOfPage\":{\"@id\":\"https:\/\/www.suno.com.br\/noticias\/brasilagro-agro3-prejuizo-segundo-trimestre-safra-gpj\/\"},\"wordCount\":458,\"publisher\":{\"@id\":\"https:\/\/www.suno.com.br\/noticias\/#organization\"},\"image\":{\"@id\":\"https:\/\/www.suno.com.br\/noticias\/brasilagro-agro3-prejuizo-segundo-trimestre-safra-gpj\/#primaryimage\"},\"thumbnailUrl\":\"https:\/\/files.sunoresearch.com.br\/n\/uploads\/2024\/02\/pexels-pixabay-265216-scaled.jpg\",\"keywords\":[\"balan\u00e7os trimestrais\",\"BrasilAgro (AGRO3)\",\"Especialistas\",\"Resultado das empresas\"],\"articleSection\":[\"Neg\u00f3cios\"],\"inLanguage\":\"pt-BR\"},{\"@type\":\"WebPage\",\"@id\":\"https:\/\/www.suno.com.br\/noticias\/brasilagro-agro3-prejuizo-segundo-trimestre-safra-gpj\/\",\"url\":\"https:\/\/www.suno.com.br\/noticias\/brasilagro-agro3-prejuizo-segundo-trimestre-safra-gpj\/\",\"name\":\"BrasilAgro (AGRO3) tem preju\u00edzo l\u00edquido de R$ 5,82 mi no 2T24\",\"isPartOf\":{\"@id\":\"https:\/\/www.suno.com.br\/noticias\/#website\"},\"primaryImageOfPage\":{\"@id\":\"https:\/\/www.suno.com.br\/noticias\/brasilagro-agro3-prejuizo-segundo-trimestre-safra-gpj\/#primaryimage\"},\"image\":{\"@id\":\"https:\/\/www.suno.com.br\/noticias\/brasilagro-agro3-prejuizo-segundo-trimestre-safra-gpj\/#primaryimage\"},\"thumbnailUrl\":\"https:\/\/files.sunoresearch.com.br\/n\/uploads\/2024\/02\/pexels-pixabay-265216-scaled.jpg\",\"datePublished\":\"2024-02-08T10:55:22+00:00\",\"dateModified\":\"2024-02-08T13:32:44+00:00\",\"description\":\"No 2T24, a receita l\u00edquida total da BrasilAgro foi de R$ 155,687 milh\u00f5es, queda de 15% frente aos R$ 183,032 milh\u00f5es registrados no 2T23.\",\"breadcrumb\":{\"@id\":\"https:\/\/www.suno.com.br\/noticias\/brasilagro-agro3-prejuizo-segundo-trimestre-safra-gpj\/#breadcrumb\"},\"inLanguage\":\"pt-BR\",\"potentialAction\":[{\"@type\":\"ReadAction\",\"target\":[\"https:\/\/www.suno.com.br\/noticias\/brasilagro-agro3-prejuizo-segundo-trimestre-safra-gpj\/\"]}]},{\"@type\":\"ImageObject\",\"inLanguage\":\"pt-BR\",\"@id\":\"https:\/\/www.suno.com.br\/noticias\/brasilagro-agro3-prejuizo-segundo-trimestre-safra-gpj\/#primaryimage\",\"url\":\"https:\/\/files.sunoresearch.com.br\/n\/uploads\/2024\/02\/pexels-pixabay-265216-scaled.jpg\",\"contentUrl\":\"https:\/\/files.sunoresearch.com.br\/n\/uploads\/2024\/02\/pexels-pixabay-265216-scaled.jpg\",\"width\":2560,\"height\":1707,\"caption\":\"BrasilAgro (AGRO3). Foto: Pexels.\"},{\"@type\":\"BreadcrumbList\",\"@id\":\"https:\/\/www.suno.com.br\/noticias\/brasilagro-agro3-prejuizo-segundo-trimestre-safra-gpj\/#breadcrumb\",\"itemListElement\":[{\"@type\":\"ListItem\",\"position\":1,\"name\":\"Not\u00edcias\",\"item\":\"https:\/\/www.suno.com.br\/noticias\/\"},{\"@type\":\"ListItem\",\"position\":2,\"name\":\"Neg\u00f3cios\",\"item\":\"https:\/\/www.suno.com.br\/noticias\/negocios\/\"},{\"@type\":\"ListItem\",\"position\":3,\"name\":\"BrasilAgro (AGRO3) tem preju\u00edzo l\u00edquido de R$ 5,82 milh\u00f5es no 2T24; confira\"}]},{\"@type\":\"WebSite\",\"@id\":\"https:\/\/www.suno.com.br\/noticias\/#website\",\"url\":\"https:\/\/www.suno.com.br\/noticias\/\",\"name\":\"Suno Not\u00edcias\",\"description\":\"Seu portal de informa\u00e7\u00e3o sobre o mundo dos investimentos\",\"publisher\":{\"@id\":\"https:\/\/www.suno.com.br\/noticias\/#organization\"},\"potentialAction\":[{\"@type\":\"SearchAction\",\"target\":{\"@type\":\"EntryPoint\",\"urlTemplate\":\"https:\/\/www.suno.com.br\/noticias\/?s={search_term_string}\"},\"query-input\":{\"@type\":\"PropertyValueSpecification\",\"valueRequired\":true,\"valueName\":\"search_term_string\"}}],\"inLanguage\":\"pt-BR\"},{\"@type\":\"Organization\",\"@id\":\"https:\/\/www.suno.com.br\/noticias\/#organization\",\"name\":\"Suno Not\u00edcias\",\"url\":\"https:\/\/www.suno.com.br\/noticias\/\",\"logo\":{\"@type\":\"ImageObject\",\"inLanguage\":\"pt-BR\",\"@id\":\"https:\/\/www.suno.com.br\/noticias\/#\/schema\/logo\/image\/\",\"url\":\"https:\/\/files.sunoresearch.com.br\/n\/uploads\/2021\/09\/suno-logo.png\",\"contentUrl\":\"https:\/\/files.sunoresearch.com.br\/n\/uploads\/2021\/09\/suno-logo.png\",\"width\":180,\"height\":180,\"caption\":\"Suno Not\u00edcias\"},\"image\":{\"@id\":\"https:\/\/www.suno.com.br\/noticias\/#\/schema\/logo\/image\/\"},\"sameAs\":[\"https:\/\/facebook.com\/sunoresearch\",\"https:\/\/x.com\/sunoresearch\",\"https:\/\/www.instagram.com\/suno\",\"https:\/\/www.linkedin.com\/company\/suno-research\/\",\"https:\/\/www.youtube.com\/c\/sunoresearch\"]},{\"@type\":\"Person\",\"@id\":\"https:\/\/www.suno.com.br\/noticias\/#\/schema\/person\/d0f32748bbca4bee871fa191ee4e2d40\",\"name\":\"Giovanni Porf\u00edrio Jacomino\",\"image\":{\"@type\":\"ImageObject\",\"inLanguage\":\"pt-BR\",\"@id\":\"https:\/\/www.suno.com.br\/noticias\/#\/schema\/person\/image\/\",\"url\":\"https:\/\/secure.gravatar.com\/avatar\/efb32e19b730a121cb7a80f41ffec01a?s=96&r=g\",\"contentUrl\":\"https:\/\/secure.gravatar.com\/avatar\/efb32e19b730a121cb7a80f41ffec01a?s=96&r=g\",\"caption\":\"Giovanni Porf\u00edrio Jacomino\"},\"description\":\"Giovanni Porf\u00edrio Jacomino \u00e9 jornalista formado pela Universidade Estadual de Londrina (UEL) e p\u00f3s-graduado em Produ\u00e7\u00e3o e Pr\u00e1ticas Jornal\u00edsticas na Contemporaneidade na Faculdade C\u00e1sper L\u00edbero (FCL). Foi editor web no Startupi e no Finsiders, atuando ainda como editor no TC Mover, portal de not\u00edcias da TradersClub, fazendo a cobertura de assuntos relacionados ao mercado financeiro interno e externo. Atualmente, \u00e9 Rep\u00f3rter do Suno Not\u00edcias.\",\"url\":\"https:\/\/www.suno.com.br\/noticias\/author\/giovanni-porfiriosuno-com-br\/\"}]}<\/script>\n<!-- \/ Yoast SEO plugin. -->","yoast_head_json":{"title":"BrasilAgro (AGRO3) tem preju\u00edzo l\u00edquido de R$ 5,82 mi no 2T24","description":"No 2T24, a receita l\u00edquida total da BrasilAgro foi de R$ 155,687 milh\u00f5es, queda de 15% frente aos R$ 183,032 milh\u00f5es registrados no 2T23.","robots":{"index":"index","follow":"follow","max-snippet":"max-snippet:-1","max-image-preview":"max-image-preview:large","max-video-preview":"max-video-preview:-1"},"canonical":"https:\/\/www.suno.com.br\/noticias\/brasilagro-agro3-prejuizo-segundo-trimestre-safra-gpj\/","og_locale":"pt_BR","og_type":"article","og_title":"BrasilAgro (AGRO3) tem preju\u00edzo l\u00edquido de R$ 5,82 mi no 2T24","og_description":"No 2T24, a receita l\u00edquida total da BrasilAgro foi de R$ 155,687 milh\u00f5es, queda de 15% frente aos R$ 183,032 milh\u00f5es registrados no 2T23.","og_url":"https:\/\/www.suno.com.br\/noticias\/brasilagro-agro3-prejuizo-segundo-trimestre-safra-gpj\/","og_site_name":"Suno Not\u00edcias","article_publisher":"https:\/\/facebook.com\/sunoresearch","og_image":[{"width":2560,"height":1707,"url":"https:\/\/files.sunoresearch.com.br\/n\/uploads\/2024\/02\/pexels-pixabay-265216-scaled.jpg","type":"image\/jpeg"}],"author":"Giovanni Porf\u00edrio Jacomino","twitter_card":"summary_large_image","twitter_creator":"@sunoresearch","twitter_site":"@sunoresearch","twitter_misc":{"Escrito por":"Giovanni Porf\u00edrio Jacomino","Est. tempo de leitura":"3 minutos"},"schema":{"@context":"https:\/\/schema.org","@graph":[{"@type":"NewsArticle","@id":"https:\/\/www.suno.com.br\/noticias\/brasilagro-agro3-prejuizo-segundo-trimestre-safra-gpj\/#article","isPartOf":{"@id":"https:\/\/www.suno.com.br\/noticias\/brasilagro-agro3-prejuizo-segundo-trimestre-safra-gpj\/"},"author":{"name":"Giovanni Porf\u00edrio Jacomino","@id":"https:\/\/www.suno.com.br\/noticias\/#\/schema\/person\/d0f32748bbca4bee871fa191ee4e2d40"},"headline":"BrasilAgro (AGRO3) tem preju\u00edzo l\u00edquido de R$ 5,82 milh\u00f5es no 2T24; confira","datePublished":"2024-02-08T10:55:22+00:00","dateModified":"2024-02-08T13:32:44+00:00","mainEntityOfPage":{"@id":"https:\/\/www.suno.com.br\/noticias\/brasilagro-agro3-prejuizo-segundo-trimestre-safra-gpj\/"},"wordCount":458,"publisher":{"@id":"https:\/\/www.suno.com.br\/noticias\/#organization"},"image":{"@id":"https:\/\/www.suno.com.br\/noticias\/brasilagro-agro3-prejuizo-segundo-trimestre-safra-gpj\/#primaryimage"},"thumbnailUrl":"https:\/\/files.sunoresearch.com.br\/n\/uploads\/2024\/02\/pexels-pixabay-265216-scaled.jpg","keywords":["balan\u00e7os trimestrais","BrasilAgro (AGRO3)","Especialistas","Resultado das empresas"],"articleSection":["Neg\u00f3cios"],"inLanguage":"pt-BR"},{"@type":"WebPage","@id":"https:\/\/www.suno.com.br\/noticias\/brasilagro-agro3-prejuizo-segundo-trimestre-safra-gpj\/","url":"https:\/\/www.suno.com.br\/noticias\/brasilagro-agro3-prejuizo-segundo-trimestre-safra-gpj\/","name":"BrasilAgro (AGRO3) tem preju\u00edzo l\u00edquido de R$ 5,82 mi no 2T24","isPartOf":{"@id":"https:\/\/www.suno.com.br\/noticias\/#website"},"primaryImageOfPage":{"@id":"https:\/\/www.suno.com.br\/noticias\/brasilagro-agro3-prejuizo-segundo-trimestre-safra-gpj\/#primaryimage"},"image":{"@id":"https:\/\/www.suno.com.br\/noticias\/brasilagro-agro3-prejuizo-segundo-trimestre-safra-gpj\/#primaryimage"},"thumbnailUrl":"https:\/\/files.sunoresearch.com.br\/n\/uploads\/2024\/02\/pexels-pixabay-265216-scaled.jpg","datePublished":"2024-02-08T10:55:22+00:00","dateModified":"2024-02-08T13:32:44+00:00","description":"No 2T24, a receita l\u00edquida total da BrasilAgro foi de R$ 155,687 milh\u00f5es, queda de 15% frente aos R$ 183,032 milh\u00f5es registrados no 2T23.","breadcrumb":{"@id":"https:\/\/www.suno.com.br\/noticias\/brasilagro-agro3-prejuizo-segundo-trimestre-safra-gpj\/#breadcrumb"},"inLanguage":"pt-BR","potentialAction":[{"@type":"ReadAction","target":["https:\/\/www.suno.com.br\/noticias\/brasilagro-agro3-prejuizo-segundo-trimestre-safra-gpj\/"]}]},{"@type":"ImageObject","inLanguage":"pt-BR","@id":"https:\/\/www.suno.com.br\/noticias\/brasilagro-agro3-prejuizo-segundo-trimestre-safra-gpj\/#primaryimage","url":"https:\/\/files.sunoresearch.com.br\/n\/uploads\/2024\/02\/pexels-pixabay-265216-scaled.jpg","contentUrl":"https:\/\/files.sunoresearch.com.br\/n\/uploads\/2024\/02\/pexels-pixabay-265216-scaled.jpg","width":2560,"height":1707,"caption":"BrasilAgro (AGRO3). Foto: Pexels."},{"@type":"BreadcrumbList","@id":"https:\/\/www.suno.com.br\/noticias\/brasilagro-agro3-prejuizo-segundo-trimestre-safra-gpj\/#breadcrumb","itemListElement":[{"@type":"ListItem","position":1,"name":"Not\u00edcias","item":"https:\/\/www.suno.com.br\/noticias\/"},{"@type":"ListItem","position":2,"name":"Neg\u00f3cios","item":"https:\/\/www.suno.com.br\/noticias\/negocios\/"},{"@type":"ListItem","position":3,"name":"BrasilAgro (AGRO3) tem preju\u00edzo l\u00edquido de R$ 5,82 milh\u00f5es no 2T24; confira"}]},{"@type":"WebSite","@id":"https:\/\/www.suno.com.br\/noticias\/#website","url":"https:\/\/www.suno.com.br\/noticias\/","name":"Suno Not\u00edcias","description":"Seu portal de informa\u00e7\u00e3o sobre o mundo dos investimentos","publisher":{"@id":"https:\/\/www.suno.com.br\/noticias\/#organization"},"potentialAction":[{"@type":"SearchAction","target":{"@type":"EntryPoint","urlTemplate":"https:\/\/www.suno.com.br\/noticias\/?s={search_term_string}"},"query-input":{"@type":"PropertyValueSpecification","valueRequired":true,"valueName":"search_term_string"}}],"inLanguage":"pt-BR"},{"@type":"Organization","@id":"https:\/\/www.suno.com.br\/noticias\/#organization","name":"Suno Not\u00edcias","url":"https:\/\/www.suno.com.br\/noticias\/","logo":{"@type":"ImageObject","inLanguage":"pt-BR","@id":"https:\/\/www.suno.com.br\/noticias\/#\/schema\/logo\/image\/","url":"https:\/\/files.sunoresearch.com.br\/n\/uploads\/2021\/09\/suno-logo.png","contentUrl":"https:\/\/files.sunoresearch.com.br\/n\/uploads\/2021\/09\/suno-logo.png","width":180,"height":180,"caption":"Suno Not\u00edcias"},"image":{"@id":"https:\/\/www.suno.com.br\/noticias\/#\/schema\/logo\/image\/"},"sameAs":["https:\/\/facebook.com\/sunoresearch","https:\/\/x.com\/sunoresearch","https:\/\/www.instagram.com\/suno","https:\/\/www.linkedin.com\/company\/suno-research\/","https:\/\/www.youtube.com\/c\/sunoresearch"]},{"@type":"Person","@id":"https:\/\/www.suno.com.br\/noticias\/#\/schema\/person\/d0f32748bbca4bee871fa191ee4e2d40","name":"Giovanni Porf\u00edrio Jacomino","image":{"@type":"ImageObject","inLanguage":"pt-BR","@id":"https:\/\/www.suno.com.br\/noticias\/#\/schema\/person\/image\/","url":"https:\/\/secure.gravatar.com\/avatar\/efb32e19b730a121cb7a80f41ffec01a?s=96&r=g","contentUrl":"https:\/\/secure.gravatar.com\/avatar\/efb32e19b730a121cb7a80f41ffec01a?s=96&r=g","caption":"Giovanni Porf\u00edrio Jacomino"},"description":"Giovanni Porf\u00edrio Jacomino \u00e9 jornalista formado pela Universidade Estadual de Londrina (UEL) e p\u00f3s-graduado em Produ\u00e7\u00e3o e Pr\u00e1ticas Jornal\u00edsticas na Contemporaneidade na Faculdade C\u00e1sper L\u00edbero (FCL). Foi editor web no Startupi e no Finsiders, atuando ainda como editor no TC Mover, portal de not\u00edcias da TradersClub, fazendo a cobertura de assuntos relacionados ao mercado financeiro interno e externo. Atualmente, \u00e9 Rep\u00f3rter do Suno Not\u00edcias.","url":"https:\/\/www.suno.com.br\/noticias\/author\/giovanni-porfiriosuno-com-br\/"}]}},"default_loop_html":"<div class=\"cardsPage__listCard__boxs\"><div class=\"cardsPage__listCard__boxs__img\"><a href=\"https:\/\/www.suno.com.br\/noticias\/brasilagro-agro3-prejuizo-segundo-trimestre-safra-gpj\/\"><img class=\"mask\" src=\"https:\/\/www.suno.com.br\/noticias\/wp-content\/themes\/suno\/resources\/images\/spotlight\/spotlight1img\/bg-mask.png\" alt=\"Image Mask\"\/><img src=\"https:\/\/files.sunoresearch.com.br\/n\/uploads\/2024\/02\/pexels-pixabay-265216-400x200.jpg\" alt=\"BrasilAgro (AGRO3) tem preju\u00edzo l\u00edquido de R$ 5,82 milh\u00f5es no 2T24; confira\"\/><\/a><span class=\"spotlightCategory\"><a href=\"https:\/\/www.suno.com.br\/noticias\/negocios\/\">Neg\u00f3cios<\/a><\/span><\/div><div class=\"cardsPage__listCard__boxs__content\"><a href=\"https:\/\/www.suno.com.br\/noticias\/brasilagro-agro3-prejuizo-segundo-trimestre-safra-gpj\/\"><h2 class=\"content__title\">BrasilAgro (AGRO3) tem preju\u00edzo l\u00edquido de R$ 5,82 milh\u00f5es no 2T24; confira<\/h2><\/a><div class=\"newsContent__article__meta\"><div class=\"newsContent__article__meta__authorBox\"><a href=\"https:\/\/www.suno.com.br\/noticias\/author\/giovanni-porfiriosuno-com-br\/\" class=\"authorBox__avatar noMobi\"><img src=\"https:\/\/files.sunoresearch.com.br\/n\/uploads\/2024\/05\/DSCF4115-1-1-150x150.webp\" alt=\"Giovanni Porf\u00edrio Jacomino\"><\/a><div class=\"authorBox__name\"><span>por\n\t\t\t<a href=\"https:\/\/www.suno.com.br\/noticias\/author\/giovanni-porfiriosuno-com-br\/\"><span itemprop=\"author\">Giovanni Porf\u00edrio Jacomino<\/span><\/a><\/span><time datetime=\"2024-02-08T07:55:22-03:00\" itemprop=\"datePublished\">08\/02\/2024 07:55<\/time><\/div><\/div><\/div><\/div><\/div>","single_layout":"posts","amp_enabled":true,"_links":{"self":[{"href":"https:\/\/www.suno.com.br\/noticias\/wp-json\/wp\/v2\/posts\/521361"}],"collection":[{"href":"https:\/\/www.suno.com.br\/noticias\/wp-json\/wp\/v2\/posts"}],"about":[{"href":"https:\/\/www.suno.com.br\/noticias\/wp-json\/wp\/v2\/types\/post"}],"author":[{"embeddable":true,"href":"https:\/\/www.suno.com.br\/noticias\/wp-json\/wp\/v2\/users\/313"}],"replies":[{"embeddable":true,"href":"https:\/\/www.suno.com.br\/noticias\/wp-json\/wp\/v2\/comments?post=521361"}],"version-history":[{"count":3,"href":"https:\/\/www.suno.com.br\/noticias\/wp-json\/wp\/v2\/posts\/521361\/revisions"}],"predecessor-version":[{"id":521521,"href":"https:\/\/www.suno.com.br\/noticias\/wp-json\/wp\/v2\/posts\/521361\/revisions\/521521"}],"wp:featuredmedia":[{"embeddable":true,"href":"https:\/\/www.suno.com.br\/noticias\/wp-json\/wp\/v2\/media\/521362"}],"wp:attachment":[{"href":"https:\/\/www.suno.com.br\/noticias\/wp-json\/wp\/v2\/media?parent=521361"}],"wp:term":[{"taxonomy":"category","embeddable":true,"href":"https:\/\/www.suno.com.br\/noticias\/wp-json\/wp\/v2\/categories?post=521361"},{"taxonomy":"post_tag","embeddable":true,"href":"https:\/\/www.suno.com.br\/noticias\/wp-json\/wp\/v2\/tags?post=521361"},{"taxonomy":"suno_strategy","embeddable":true,"href":"https:\/\/www.suno.com.br\/noticias\/wp-json\/wp\/v2\/suno_strategy?post=521361"}],"curies":[{"name":"wp","href":"https:\/\/api.w.org\/{rel}","templated":true}]}}