{"id":521130,"date":"2024-02-07T19:20:09","date_gmt":"2024-02-07T22:20:09","guid":{"rendered":"https:\/\/www.suno.com.br\/noticias\/?p=521130"},"modified":"2024-02-07T19:23:14","modified_gmt":"2024-02-07T22:23:14","slug":"shein-fusao-arezzo-arzz3-grupo-soma-soma3-gpj","status":"publish","type":"post","link":"https:\/\/www.suno.com.br\/noticias\/shein-fusao-arezzo-arzz3-grupo-soma-soma3-gpj\/","title":{"rendered":"Shein amea\u00e7ada: fus\u00e3o entre Arezzo (ARZZ3) e Grupo Soma (SOMA3) pode atrapalhar os planos da chinesa?"},"content":{"rendered":"<p>Considerada a maior combina\u00e7\u00e3o de neg\u00f3cios do setor de varejo desde o an\u00fancio da uni\u00e3o de Drogasil e Raia, em 2011, a fus\u00e3o entre a <a href=\"https:\/\/www.suno.com.br\/acoes\/ARZZ3\/\">Arezzo (ARZZ3)<\/a> e o <a href=\"https:\/\/www.suno.com.br\/acoes\/SOMA3\/\">Grupo Soma (SOMA3)<\/a> pode resultar em um conglomerado de mais de 30 marcas. Assim, em um meio cada vez mais competitivo, o mercado se pergunta qual o impacto do acordo para empresas como a <strong>Shein<\/strong>, que tem conquistado cada vez espa\u00e7o no Brasil.\u00a0\u00a0\u00a0\u00a0<\/p>\t<div class=\"wrapper-featured-image\">\n\t\t<figure class=\"spotlightImg\">\n\n\t\t\t<picture>\n\t\t\t\t<source media=\"(max-width: 768px)\" srcset=\"https:\/\/files.sunoresearch.com.br\/n\/uploads\/2024\/02\/pexels-pixabay-325876-400x200.jpg\">\n\t\t\t\t<img loading=\"lazy\" decoding=\"async\" class=\"newsContent__article__imgCapa lazyloadDisabled \" src=\"https:\/\/files.sunoresearch.com.br\/n\/uploads\/2024\/02\/pexels-pixabay-325876-800x450.jpg\" width=\"800\" height=\"450\" alt=\"Shein amea\u00e7ada: fus\u00e3o entre Arezzo (ARZZ3) e Grupo Soma (SOMA3) pode atrapalhar os planos da chinesa?\" fetchpriority=high \/>\n\t\t\t<\/picture>\n\n\t\t\t<figcaption class=\"wp-caption-text wp-caption-text--show\">Shein pode ser amea\u00e7ada pela fus\u00e3o Arezzo e Soma? Foto: Pexels.<\/figcaption>\n\t\t<\/figure>\n\t<\/div>\n\n\n\n\n\n\n\n\t<p>\n\t\t<a href=\"https:\/\/lp.suno.com.br\/planilha-da-vida-financeira\/\" target=\"_blank\" data-element=\"shortcode-suno-banner\" title=\"Banner SUNO, clique e saiba mais\">\n\t\t\t<picture>\n\t\t\t\t<source media=\"(max-width: 500px)\" srcset=\"https:\/\/files.sunoresearch.com.br\/n\/uploads\/2023\/04\/400x300-Planilha-vida-financeira-true.png\">\n\t\t\t\t<img class=\"newsContent__article__imgCapa newsContent__article__imgCapa--banner\"\n\t\t\t\t\tsrc=\"https:\/\/files.sunoresearch.com.br\/n\/uploads\/2023\/04\/1420x240-Planilha-vida-financeira-true.png\"\n\t\t\t\t\tdata-promo-id=\"106682\"\t\t\t\t\t\t\t\t\t\twidth='1420' height='240'\t\t\t\t\talt=\"https:\/\/files.sunoresearch.com.br\/n\/uploads\/2023\/04\/1420x240-Planilha-vida-financeira-true.png\"\n\t\t\t\t>\n\t\t\t<\/picture>\n\t\t<\/a>\n\t<\/p>\n\n\n\n\n\n<p>\u201cO <strong>grupo formado da Arezzo e Soma<\/strong> possui uma atua\u00e7\u00e3o muito distinta da proposta da Shein, que busca atingir p\u00fablicos de mais baixa renda. O maior impacto, a princ\u00edpio, me parece ser com a <strong>Hering<\/strong>, que tamb\u00e9m oferece pe\u00e7as de menor pre\u00e7o, mas ainda assim h\u00e1 um grande distanciamento entre os produtos\u201d, diz Gabriel Costa, analista da Toro Investimentos.\u00a0<\/p>\n\n\n\n<p>Em relat\u00f3rio divulgado no m\u00eas passado, o <a href=\"https:\/\/www.suno.com.br\/acoes\/bpac11\/\"><strong>BTG Pactual <\/strong>(BPAC11)<\/a> projetou que em todo o ano de 2023 o <strong>faturamento da Shein no Brasil<\/strong> chegou a R$ 10 bilh\u00f5es, 42,8% acima na compara\u00e7\u00e3o anual, com receita de R$ 7 bilh\u00f5es &#8211; a varejista chinesa de moda online s\u00f3 ficou atr\u00e1s da<strong> Renner<\/strong> (LREN3), que faturou R$ 11,7 bilh\u00f5es no per\u00edodo, o maior do ramo. <\/p>\n\n\n\n<p>Nesta lista, o Grupo Soma aparece na quinta coloca\u00e7\u00e3o, com faturamento de R$ 4,9 bilh\u00f5es em 2023, seguido por Arezzo, com R$ 4,2 bilh\u00f5es. <\/p>\n\n\n\n<p>O BTG atribuiu o <strong>resultado da Shein<\/strong>, entre outros fatores, aos pre\u00e7os baixos oferecidos, o que a torna competitiva. Vale lembrar que com a fus\u00e3o, passam a fazer parte do <strong>grupo Arezzo-Soma<\/strong> empresas como Anacapri, Schutz, Vans, Farm, Animale e Reserva, consideradas de alta renda. <\/p>\n\n\n\n<p>Para Costa, atualmente, o<strong> varejo de moda brasileiro<\/strong> \u00e9 amplamente fragmentado e mesmo os grandes players &#8211; como <a href=\"https:\/\/www.suno.com.br\/acoes\/lren3\/\"><strong>Lojas Renner<\/strong> (LREN3)<\/a> e a nova empresa gerada com a fus\u00e3o, que ainda adotar\u00e1 uma nova denomina\u00e7\u00e3o social &#8211; det\u00eam pouco do <a href=\"https:\/\/www.suno.com.br\/artigos\/market-share\/\">marketshare<\/a>.<\/p>\n\n\n\n<p>\u201cHistoricamente, o setor como um todo trabalha com margens mais baixas e ajustes muito finos na opera\u00e7\u00e3o para que haja um retorno atrativo. Vimos, por exemplo, diversas varejistas que erraram uma cole\u00e7\u00e3o ou nos estoques e foram amplamente penalizadas nas margens por diversos trimestres por causa desses fatores. Uma combina\u00e7\u00e3o de neg\u00f3cios bem sucedida traz efici\u00eancia de custos, o que melhora a margem e traz mais folga para a opera\u00e7\u00e3o\u201d, afirma.<\/p>\n\n\n\n<p>A nova opera\u00e7\u00e3o deve alcan\u00e7ar um faturamento pr\u00f3ximo de R$ 12 bilh\u00f5es com as mais de 2 mil lojas pr\u00f3prias e franquias. Ao todo, ser\u00e3o quatro verticais de neg\u00f3cios: cal\u00e7ados e bolsas, vestu\u00e1rio e lifestyle feminino, vestu\u00e1rio e lifestyle masculino e vestu\u00e1rio democr\u00e1tico.<\/p>\n\n\n\n\t<div data-element=\"shortcode-read-more\" class=\"readToo\">\n\t\t\t\t<span class=\"readToo__title\">Leia mais<\/span>\n\t\t\t\t<ul class=\"readToo__list\">\n\t\t\t<li><a href=\"https:\/\/www.suno.com.br\/noticias\/arezzo-arzz3-soma-soma3-fusao-sem-pressa\/\">Nova empresa fruto da fus\u00e3o entre Arezzo (ARZZ3) e Grupo Soma (SOMA3) ser\u00e1 estruturada sem pressa, diz CEO<\/a><\/li><li><a href=\"https:\/\/www.suno.com.br\/noticias\/arezzo-arzz3-grupo-soma-soma3-detalhes-fusao-gpj\/\">Arezzo (ARZZ3) e Grupo Soma (SOMA3) confirmam fus\u00e3o que cria empresa com faturamento de R$ 12 bilh\u00f5es; veja detalhes<\/a><\/li>\t\t<\/ul>\n\t<\/div>\n\n\n\n\n<h2 class=\"wp-block-heading\">Quais os riscos que a fus\u00e3o entre Arezzo e Soma pode trazer?<\/h2>\n\n\n\n<p>Em relat\u00f3rio divulgado logo ap\u00f3s a confirma\u00e7\u00e3o da <strong>fus\u00e3o Arezzo-Soma<\/strong>, o BTG Pactual avaliou que atualmente as ind\u00fastrias da moda e do luxo s\u00e3o dominadas por um pequeno grupo de grandes empresas que se estabeleceram como l\u00edderes de mercado e diversificaram seus portf\u00f3lios &#8211; o banco cita <a href=\"https:\/\/www.suno.com.br\/tudo-sobre\/ralph-lauren\/\">Ralph Lauren<\/a>, Prada Group e Luxxotica Group.<\/p>\n\n\n\n<p>No caso de Arezzo e Soma, o BTG avalia que apesar de ser um neg\u00f3cio complexo a fus\u00e3o permite a captura de sinergias em distribui\u00e7\u00e3o, desenvolvimento de produtos, opera\u00e7\u00f5es de franquia e produ\u00e7\u00e3o, mas o banco n\u00e3o descarta os \u2018desafios culturais\u2019 &#8211; estarem inseridos no neg\u00f3cio, por exemplo, o que, para o analista Gabriel Costa, da Toro, simboliza um dos grandes riscos da opera\u00e7\u00e3o.<\/p>\n\n\n\n<p>Segundo ele, ambas as marcas possuem culturas fortes e identidades visuais muito definidas. Encontrar o ponto de equil\u00edbrio de modo a gerar a autonomia entre elas e destravar sinergias acaba se tornando um desafio.<\/p>\n\n\n\n<p>\u201cAparentemente, a nova gest\u00e3o tem ci\u00eancia dos desafios e est\u00e1 estruturando processos para que as sinergias sejam geradas sem maiores atritos, mas \u00e9 preciso acompanhar o andamento da integra\u00e7\u00e3o. No passado, vimos que grandes jun\u00e7\u00f5es entre marcas podem ser desafiadoras, como <a href=\"https:\/\/www.suno.com.br\/acoes\/HAPV3\/\">Hapvida (HAPV3)<\/a> e Interm\u00e9dica e <a href=\"https:\/\/www.suno.com.br\/acoes\/NTCO3\/\">Natura (NTCO3)<\/a> e Avon\u201d, ressalta.<\/p>\n\n\n\n<p>Andre Fernandes, head de renda vari\u00e1vel e s\u00f3cio da <strong>A7 Capital<\/strong>, concorda que o grande risco em uma <strong>fus\u00e3o como a de Arezzo-Soma<\/strong> \u00e9 justamente implementar a cultura dos grupos que est\u00e3o se unindo.\u00a0<\/p>\n\n\n\n<p>\u201cS\u00e3o gest\u00f5es que trabalham de forma diferente, e acredito que esse deve ser o maior desafio, segundo <strong>Birman<\/strong> (Arezzo) e<strong> Jatahy<\/strong> (Grupo Soma). A ideia \u00e9 manter a cultura de Arezzo e Grupo Soma blindadas e implementar uma nova cultura na nova empresa, trazendo o melhor das duas. Para n\u00f3s, esse deve ser o grande desafio de quem ficar\u00e1 no comando\u201d, completa.&nbsp;<\/p>\n\n\n\n<p>A governan\u00e7a da nova empresa ser\u00e1 comandada de maneira conjunta pelos <strong>atuais acionistas de refer\u00eancia da Arezzo<\/strong> e do Grupo Soma. Assim, <strong>Alexandre Birman<\/strong> ser\u00e1 o CEO da nova companhia, enquanto <strong>Roberto Luiz Jatahy Gon\u00e7alves<\/strong> o CEO da business unit de vestu\u00e1rio feminino. Por sua vez, <strong>Rony Meisler <\/strong>permanecer\u00e1 como CEO da business unit da Arezzo, enquanto <strong>Thiago Hering<\/strong> continuar\u00e1 como CEO da business unit Hering.<\/p>\n\n\n\t<p>\n\t\t<a href=\"https:\/\/lp.suno.com.br\/ebook-como-analisar-uma-acao\/\" target=\"_blank\" data-element=\"shortcode-suno-banner\" title=\"Banner SUNO, clique e saiba mais\">\n\t\t\t<picture>\n\t\t\t\t<source media=\"(max-width: 500px)\" srcset=\"https:\/\/files.sunoresearch.com.br\/n\/uploads\/2023\/03\/Ebook-Acoes-Mobile.jpg\">\n\t\t\t\t<img class=\"newsContent__article__imgCapa newsContent__article__imgCapa--banner\"\n\t\t\t\t\tsrc=\"https:\/\/files.sunoresearch.com.br\/n\/uploads\/2023\/03\/Ebook-Acoes-Desktop.jpg\"\n\t\t\t\t\tdata-promo-id=\"378302\"\t\t\t\t\t\t\t\t\t\twidth='1420' height='286'\t\t\t\t\talt=\"https:\/\/files.sunoresearch.com.br\/n\/uploads\/2023\/03\/Ebook-Acoes-Desktop.jpg\"\n\t\t\t\t>\n\t\t\t<\/picture>\n\t\t<\/a>\n\t<\/p>\n\n\n\n\n\n<h2 class=\"wp-block-heading\">Arezzo e Soma: grande chave \u00e9 a complementariedade, diz analista<\/h2>\n\n\n\n<p>Para que a cria\u00e7\u00e3o de grupos de sucesso ocorra &#8211; como a de Arezzo e Soma &#8211; al\u00e9m do destravamento de sinergias, \u00e9 preciso observar com aten\u00e7\u00e3o para uma poss\u00edvel duplicidade de estruturas, o que pode ser onerosa para a simplifica\u00e7\u00e3o, na avalia\u00e7\u00e3o de Gabriel Costa, da Toro.<\/p>\n\n\n\n<p>Ele cita o exemplo de uma poss\u00edvel combina\u00e7\u00e3o de neg\u00f3cios entre a <strong>Lojas Renner<\/strong> e a <a href=\"https:\/\/www.suno.com.br\/acoes\/CEAB3\/\"><strong>C&amp;A<\/strong> (<strong>CEAB3<\/strong>)<\/a>, especulada no passado. Para Costa, o grande problema em quest\u00e3o se dava pela canibaliza\u00e7\u00e3o e duplicidade das companhias em mesmos shoppings, o que possivelmente traria efeitos negativos para as marcas.\u00a0<\/p>\n\n\n\n<p>\u201cAcredito que a grande chave do <strong><em>deal<\/em> entre Arezzo e Soma<\/strong> \u00e9 a complementaridade de produtos que ambas as marcas oferecem. De um lado, temos a expertise da Arezzo com bolsas, cal\u00e7ados e acess\u00f3rios e, do outro, o Soma, refer\u00eancia em gest\u00e3o de marcas de roupas de alto valor agregado. Com isso, a jun\u00e7\u00e3o entre os grupos cria uma cadeia de consumo de ponta a ponta entre diferentes segmentos de produtos e oportunidades de vendas cruzadas entre as marcas\u201d, afirma.<\/p>\n\n\n\n<p>Andre Fernandes, da A7 Capital, n\u00e3o enxerga no horizonte de <a href=\"https:\/\/www.suno.com.br\/artigos\/curto-prazo\/\">curto prazo<\/a> uma fus\u00e3o desse tipo no setor. Segundo ele, boa parte das empresas n\u00e3o est\u00e1 entregando os bons resultados que Arezzo e Grupo Soma v\u00eam apresentando ao longo dos anos.\u00a0<\/p>\n\n\n\n<p>\u201cVale lembrar que Birman e Jatahy, da <strong>Arezzo<\/strong>, s\u00e3o jovens e, ao que parece, est\u00e3o indo bem no di\u00e1logo. O que vemos em outros grandes grupos de varejo s\u00e3o CEOs j\u00e1 com um longo hist\u00f3rico na carreira, e que, na nossa vis\u00e3o, dificulta uma fus\u00e3o entre outros grandes grupos do setor, pois torna ainda mais dif\u00edcil implementar a cultura das empresas\u201d, conclui. <\/p>\n\n\n\t<p>\n\t\t<a href=\"https:\/\/lp.suno.com.br\/planilha-da-vida-financeira\/\" target=\"_blank\" data-element=\"shortcode-suno-banner\" title=\"Banner SUNO, clique e saiba mais\">\n\t\t\t<picture>\n\t\t\t\t<source media=\"(max-width: 500px)\" srcset=\"https:\/\/files.sunoresearch.com.br\/n\/uploads\/2023\/04\/400x300-Planilha-vida-financeira-true.png\">\n\t\t\t\t<img class=\"newsContent__article__imgCapa newsContent__article__imgCapa--banner\"\n\t\t\t\t\tsrc=\"https:\/\/files.sunoresearch.com.br\/n\/uploads\/2023\/04\/1420x240-Planilha-vida-financeira-true.png\"\n\t\t\t\t\tdata-promo-id=\"383123\"\t\t\t\t\t\t\t\t\t\twidth='1420' height='240'\t\t\t\t\talt=\"https:\/\/files.sunoresearch.com.br\/n\/uploads\/2023\/04\/1420x240-Planilha-vida-financeira-true.png\"\n\t\t\t\t>\n\t\t\t<\/picture>\n\t\t<\/a>\n\t<\/p>\n\n\n","protected":false},"excerpt":{"rendered":"<p>Considerada a maior combina\u00e7\u00e3o de neg\u00f3cios do setor de varejo desde o an\u00fancio da uni\u00e3o de Drogasil e Raia, em 2011, a fus\u00e3o entre a Arezzo (ARZZ3) e o Grupo Soma (SOMA3) pode resultar em um conglomerado de mais de 30 marcas. Assim, em um meio cada vez mais competitivo, o mercado se pergunta qual [&hellip;]<\/p>\n","protected":false},"author":313,"featured_media":521134,"comment_status":"closed","ping_status":"closed","sticky":false,"template":"","format":"standard","meta":[],"categories":[64],"tags":[286,362,105816,2686,107140],"suno_strategy":[],"class_list":["post-521130","post","type-post","status-publish","format-standard","has-post-thumbnail","hentry","category-negocios","tag-acoes","tag-arezzo-arzz3","tag-especialistas","tag-grupo-soma-soma3","tag-shein"],"yoast_head":"<!-- This site is optimized with the Yoast SEO plugin v24.4 - https:\/\/yoast.com\/wordpress\/plugins\/seo\/ -->\n<title>Arezzo (ARZZ3) e Soma (SOMA3): Shein vai perder com a fus\u00e3o?<\/title>\n<meta name=\"description\" content=\"O mercado se pergunta qual o impacto do acordo da Arezzo para empresas como a Shein, que tem conquistado cada vez espa\u00e7o no Brasil.\u00a0\" \/>\n<meta name=\"robots\" content=\"index, follow, max-snippet:-1, max-image-preview:large, max-video-preview:-1\" \/>\n<link rel=\"canonical\" href=\"https:\/\/www.suno.com.br\/noticias\/shein-fusao-arezzo-arzz3-grupo-soma-soma3-gpj\/\" \/>\n<meta property=\"og:locale\" content=\"pt_BR\" \/>\n<meta property=\"og:type\" content=\"article\" \/>\n<meta property=\"og:title\" content=\"Arezzo (ARZZ3) e Soma (SOMA3): Shein vai perder com a fus\u00e3o?\" \/>\n<meta property=\"og:description\" content=\"O mercado se pergunta qual o impacto do acordo da Arezzo para empresas como a Shein, que tem conquistado cada vez espa\u00e7o no Brasil.\u00a0\" \/>\n<meta property=\"og:url\" content=\"https:\/\/www.suno.com.br\/noticias\/shein-fusao-arezzo-arzz3-grupo-soma-soma3-gpj\/\" \/>\n<meta property=\"og:site_name\" content=\"Suno Not\u00edcias\" \/>\n<meta property=\"article:publisher\" content=\"https:\/\/facebook.com\/sunoresearch\" \/>\n<meta property=\"og:image\" content=\"https:\/\/files.sunoresearch.com.br\/n\/uploads\/2024\/02\/pexels-pixabay-325876-scaled.jpg\" \/>\n\t<meta property=\"og:image:width\" content=\"2560\" \/>\n\t<meta property=\"og:image:height\" content=\"1707\" \/>\n\t<meta property=\"og:image:type\" content=\"image\/jpeg\" \/>\n<meta name=\"author\" content=\"Giovanni Porf\u00edrio Jacomino\" \/>\n<meta name=\"twitter:card\" content=\"summary_large_image\" \/>\n<meta name=\"twitter:creator\" content=\"@sunoresearch\" \/>\n<meta name=\"twitter:site\" content=\"@sunoresearch\" \/>\n<meta name=\"twitter:label1\" content=\"Escrito por\" \/>\n\t<meta name=\"twitter:data1\" content=\"Giovanni Porf\u00edrio Jacomino\" \/>\n\t<meta name=\"twitter:label2\" content=\"Est. tempo de leitura\" \/>\n\t<meta name=\"twitter:data2\" content=\"6 minutos\" \/>\n<script type=\"application\/ld+json\" class=\"yoast-schema-graph\">{\"@context\":\"https:\/\/schema.org\",\"@graph\":[{\"@type\":\"NewsArticle\",\"@id\":\"https:\/\/www.suno.com.br\/noticias\/shein-fusao-arezzo-arzz3-grupo-soma-soma3-gpj\/#article\",\"isPartOf\":{\"@id\":\"https:\/\/www.suno.com.br\/noticias\/shein-fusao-arezzo-arzz3-grupo-soma-soma3-gpj\/\"},\"author\":{\"name\":\"Giovanni Porf\u00edrio Jacomino\",\"@id\":\"https:\/\/www.suno.com.br\/noticias\/#\/schema\/person\/d0f32748bbca4bee871fa191ee4e2d40\"},\"headline\":\"Shein amea\u00e7ada: fus\u00e3o entre Arezzo (ARZZ3) e Grupo Soma (SOMA3) pode atrapalhar os planos da chinesa?\",\"datePublished\":\"2024-02-07T22:20:09+00:00\",\"dateModified\":\"2024-02-07T22:23:14+00:00\",\"mainEntityOfPage\":{\"@id\":\"https:\/\/www.suno.com.br\/noticias\/shein-fusao-arezzo-arzz3-grupo-soma-soma3-gpj\/\"},\"wordCount\":1204,\"publisher\":{\"@id\":\"https:\/\/www.suno.com.br\/noticias\/#organization\"},\"image\":{\"@id\":\"https:\/\/www.suno.com.br\/noticias\/shein-fusao-arezzo-arzz3-grupo-soma-soma3-gpj\/#primaryimage\"},\"thumbnailUrl\":\"https:\/\/files.sunoresearch.com.br\/n\/uploads\/2024\/02\/pexels-pixabay-325876-scaled.jpg\",\"keywords\":[\"A\u00e7\u00f5es\",\"Arezzo (ARZZ3)\",\"Especialistas\",\"Grupo Soma (SOMA3)\",\"Shein\"],\"articleSection\":[\"Neg\u00f3cios\"],\"inLanguage\":\"pt-BR\"},{\"@type\":\"WebPage\",\"@id\":\"https:\/\/www.suno.com.br\/noticias\/shein-fusao-arezzo-arzz3-grupo-soma-soma3-gpj\/\",\"url\":\"https:\/\/www.suno.com.br\/noticias\/shein-fusao-arezzo-arzz3-grupo-soma-soma3-gpj\/\",\"name\":\"Arezzo (ARZZ3) e Soma (SOMA3): Shein vai perder com a fus\u00e3o?\",\"isPartOf\":{\"@id\":\"https:\/\/www.suno.com.br\/noticias\/#website\"},\"primaryImageOfPage\":{\"@id\":\"https:\/\/www.suno.com.br\/noticias\/shein-fusao-arezzo-arzz3-grupo-soma-soma3-gpj\/#primaryimage\"},\"image\":{\"@id\":\"https:\/\/www.suno.com.br\/noticias\/shein-fusao-arezzo-arzz3-grupo-soma-soma3-gpj\/#primaryimage\"},\"thumbnailUrl\":\"https:\/\/files.sunoresearch.com.br\/n\/uploads\/2024\/02\/pexels-pixabay-325876-scaled.jpg\",\"datePublished\":\"2024-02-07T22:20:09+00:00\",\"dateModified\":\"2024-02-07T22:23:14+00:00\",\"description\":\"O mercado se pergunta qual o impacto do acordo da Arezzo para empresas como a Shein, que tem conquistado cada vez espa\u00e7o no Brasil.\u00a0\",\"breadcrumb\":{\"@id\":\"https:\/\/www.suno.com.br\/noticias\/shein-fusao-arezzo-arzz3-grupo-soma-soma3-gpj\/#breadcrumb\"},\"inLanguage\":\"pt-BR\",\"potentialAction\":[{\"@type\":\"ReadAction\",\"target\":[\"https:\/\/www.suno.com.br\/noticias\/shein-fusao-arezzo-arzz3-grupo-soma-soma3-gpj\/\"]}]},{\"@type\":\"ImageObject\",\"inLanguage\":\"pt-BR\",\"@id\":\"https:\/\/www.suno.com.br\/noticias\/shein-fusao-arezzo-arzz3-grupo-soma-soma3-gpj\/#primaryimage\",\"url\":\"https:\/\/files.sunoresearch.com.br\/n\/uploads\/2024\/02\/pexels-pixabay-325876-scaled.jpg\",\"contentUrl\":\"https:\/\/files.sunoresearch.com.br\/n\/uploads\/2024\/02\/pexels-pixabay-325876-scaled.jpg\",\"width\":2560,\"height\":1707,\"caption\":\"Shein pode ser amea\u00e7ada pela fus\u00e3o Arezzo e Soma? Foto: Pexels.\"},{\"@type\":\"BreadcrumbList\",\"@id\":\"https:\/\/www.suno.com.br\/noticias\/shein-fusao-arezzo-arzz3-grupo-soma-soma3-gpj\/#breadcrumb\",\"itemListElement\":[{\"@type\":\"ListItem\",\"position\":1,\"name\":\"Not\u00edcias\",\"item\":\"https:\/\/www.suno.com.br\/noticias\/\"},{\"@type\":\"ListItem\",\"position\":2,\"name\":\"Neg\u00f3cios\",\"item\":\"https:\/\/www.suno.com.br\/noticias\/negocios\/\"},{\"@type\":\"ListItem\",\"position\":3,\"name\":\"Shein amea\u00e7ada: fus\u00e3o entre Arezzo (ARZZ3) e Grupo Soma (SOMA3) pode atrapalhar os planos da chinesa?\"}]},{\"@type\":\"WebSite\",\"@id\":\"https:\/\/www.suno.com.br\/noticias\/#website\",\"url\":\"https:\/\/www.suno.com.br\/noticias\/\",\"name\":\"Suno Not\u00edcias\",\"description\":\"Seu portal de informa\u00e7\u00e3o sobre o mundo dos investimentos\",\"publisher\":{\"@id\":\"https:\/\/www.suno.com.br\/noticias\/#organization\"},\"potentialAction\":[{\"@type\":\"SearchAction\",\"target\":{\"@type\":\"EntryPoint\",\"urlTemplate\":\"https:\/\/www.suno.com.br\/noticias\/?s={search_term_string}\"},\"query-input\":{\"@type\":\"PropertyValueSpecification\",\"valueRequired\":true,\"valueName\":\"search_term_string\"}}],\"inLanguage\":\"pt-BR\"},{\"@type\":\"Organization\",\"@id\":\"https:\/\/www.suno.com.br\/noticias\/#organization\",\"name\":\"Suno Not\u00edcias\",\"url\":\"https:\/\/www.suno.com.br\/noticias\/\",\"logo\":{\"@type\":\"ImageObject\",\"inLanguage\":\"pt-BR\",\"@id\":\"https:\/\/www.suno.com.br\/noticias\/#\/schema\/logo\/image\/\",\"url\":\"https:\/\/files.sunoresearch.com.br\/n\/uploads\/2021\/09\/suno-logo.png\",\"contentUrl\":\"https:\/\/files.sunoresearch.com.br\/n\/uploads\/2021\/09\/suno-logo.png\",\"width\":180,\"height\":180,\"caption\":\"Suno Not\u00edcias\"},\"image\":{\"@id\":\"https:\/\/www.suno.com.br\/noticias\/#\/schema\/logo\/image\/\"},\"sameAs\":[\"https:\/\/facebook.com\/sunoresearch\",\"https:\/\/x.com\/sunoresearch\",\"https:\/\/www.instagram.com\/suno\",\"https:\/\/www.linkedin.com\/company\/suno-research\/\",\"https:\/\/www.youtube.com\/c\/sunoresearch\"]},{\"@type\":\"Person\",\"@id\":\"https:\/\/www.suno.com.br\/noticias\/#\/schema\/person\/d0f32748bbca4bee871fa191ee4e2d40\",\"name\":\"Giovanni Porf\u00edrio Jacomino\",\"image\":{\"@type\":\"ImageObject\",\"inLanguage\":\"pt-BR\",\"@id\":\"https:\/\/www.suno.com.br\/noticias\/#\/schema\/person\/image\/\",\"url\":\"https:\/\/secure.gravatar.com\/avatar\/efb32e19b730a121cb7a80f41ffec01a?s=96&r=g\",\"contentUrl\":\"https:\/\/secure.gravatar.com\/avatar\/efb32e19b730a121cb7a80f41ffec01a?s=96&r=g\",\"caption\":\"Giovanni Porf\u00edrio Jacomino\"},\"description\":\"Giovanni Porf\u00edrio Jacomino \u00e9 jornalista formado pela Universidade Estadual de Londrina (UEL) e p\u00f3s-graduado em Produ\u00e7\u00e3o e Pr\u00e1ticas Jornal\u00edsticas na Contemporaneidade na Faculdade C\u00e1sper L\u00edbero (FCL). Foi editor web no Startupi e no Finsiders, atuando ainda como editor no TC Mover, portal de not\u00edcias da TradersClub, fazendo a cobertura de assuntos relacionados ao mercado financeiro interno e externo. Atualmente, \u00e9 Rep\u00f3rter do Suno Not\u00edcias.\",\"url\":\"https:\/\/www.suno.com.br\/noticias\/author\/giovanni-porfiriosuno-com-br\/\"}]}<\/script>\n<!-- \/ Yoast SEO plugin. -->","yoast_head_json":{"title":"Arezzo (ARZZ3) e Soma (SOMA3): Shein vai perder com a fus\u00e3o?","description":"O mercado se pergunta qual o impacto do acordo da Arezzo para empresas como a Shein, que tem conquistado cada vez espa\u00e7o no Brasil.\u00a0","robots":{"index":"index","follow":"follow","max-snippet":"max-snippet:-1","max-image-preview":"max-image-preview:large","max-video-preview":"max-video-preview:-1"},"canonical":"https:\/\/www.suno.com.br\/noticias\/shein-fusao-arezzo-arzz3-grupo-soma-soma3-gpj\/","og_locale":"pt_BR","og_type":"article","og_title":"Arezzo (ARZZ3) e Soma (SOMA3): Shein vai perder com a fus\u00e3o?","og_description":"O mercado se pergunta qual o impacto do acordo da Arezzo para empresas como a Shein, que tem conquistado cada vez espa\u00e7o no Brasil.\u00a0","og_url":"https:\/\/www.suno.com.br\/noticias\/shein-fusao-arezzo-arzz3-grupo-soma-soma3-gpj\/","og_site_name":"Suno Not\u00edcias","article_publisher":"https:\/\/facebook.com\/sunoresearch","og_image":[{"width":2560,"height":1707,"url":"https:\/\/files.sunoresearch.com.br\/n\/uploads\/2024\/02\/pexels-pixabay-325876-scaled.jpg","type":"image\/jpeg"}],"author":"Giovanni Porf\u00edrio Jacomino","twitter_card":"summary_large_image","twitter_creator":"@sunoresearch","twitter_site":"@sunoresearch","twitter_misc":{"Escrito por":"Giovanni Porf\u00edrio Jacomino","Est. tempo de leitura":"6 minutos"},"schema":{"@context":"https:\/\/schema.org","@graph":[{"@type":"NewsArticle","@id":"https:\/\/www.suno.com.br\/noticias\/shein-fusao-arezzo-arzz3-grupo-soma-soma3-gpj\/#article","isPartOf":{"@id":"https:\/\/www.suno.com.br\/noticias\/shein-fusao-arezzo-arzz3-grupo-soma-soma3-gpj\/"},"author":{"name":"Giovanni Porf\u00edrio Jacomino","@id":"https:\/\/www.suno.com.br\/noticias\/#\/schema\/person\/d0f32748bbca4bee871fa191ee4e2d40"},"headline":"Shein amea\u00e7ada: fus\u00e3o entre Arezzo (ARZZ3) e Grupo Soma (SOMA3) pode atrapalhar os planos da chinesa?","datePublished":"2024-02-07T22:20:09+00:00","dateModified":"2024-02-07T22:23:14+00:00","mainEntityOfPage":{"@id":"https:\/\/www.suno.com.br\/noticias\/shein-fusao-arezzo-arzz3-grupo-soma-soma3-gpj\/"},"wordCount":1204,"publisher":{"@id":"https:\/\/www.suno.com.br\/noticias\/#organization"},"image":{"@id":"https:\/\/www.suno.com.br\/noticias\/shein-fusao-arezzo-arzz3-grupo-soma-soma3-gpj\/#primaryimage"},"thumbnailUrl":"https:\/\/files.sunoresearch.com.br\/n\/uploads\/2024\/02\/pexels-pixabay-325876-scaled.jpg","keywords":["A\u00e7\u00f5es","Arezzo (ARZZ3)","Especialistas","Grupo Soma (SOMA3)","Shein"],"articleSection":["Neg\u00f3cios"],"inLanguage":"pt-BR"},{"@type":"WebPage","@id":"https:\/\/www.suno.com.br\/noticias\/shein-fusao-arezzo-arzz3-grupo-soma-soma3-gpj\/","url":"https:\/\/www.suno.com.br\/noticias\/shein-fusao-arezzo-arzz3-grupo-soma-soma3-gpj\/","name":"Arezzo (ARZZ3) e Soma (SOMA3): Shein vai perder com a fus\u00e3o?","isPartOf":{"@id":"https:\/\/www.suno.com.br\/noticias\/#website"},"primaryImageOfPage":{"@id":"https:\/\/www.suno.com.br\/noticias\/shein-fusao-arezzo-arzz3-grupo-soma-soma3-gpj\/#primaryimage"},"image":{"@id":"https:\/\/www.suno.com.br\/noticias\/shein-fusao-arezzo-arzz3-grupo-soma-soma3-gpj\/#primaryimage"},"thumbnailUrl":"https:\/\/files.sunoresearch.com.br\/n\/uploads\/2024\/02\/pexels-pixabay-325876-scaled.jpg","datePublished":"2024-02-07T22:20:09+00:00","dateModified":"2024-02-07T22:23:14+00:00","description":"O mercado se pergunta qual o impacto do acordo da Arezzo para empresas como a Shein, que tem conquistado cada vez espa\u00e7o no Brasil.\u00a0","breadcrumb":{"@id":"https:\/\/www.suno.com.br\/noticias\/shein-fusao-arezzo-arzz3-grupo-soma-soma3-gpj\/#breadcrumb"},"inLanguage":"pt-BR","potentialAction":[{"@type":"ReadAction","target":["https:\/\/www.suno.com.br\/noticias\/shein-fusao-arezzo-arzz3-grupo-soma-soma3-gpj\/"]}]},{"@type":"ImageObject","inLanguage":"pt-BR","@id":"https:\/\/www.suno.com.br\/noticias\/shein-fusao-arezzo-arzz3-grupo-soma-soma3-gpj\/#primaryimage","url":"https:\/\/files.sunoresearch.com.br\/n\/uploads\/2024\/02\/pexels-pixabay-325876-scaled.jpg","contentUrl":"https:\/\/files.sunoresearch.com.br\/n\/uploads\/2024\/02\/pexels-pixabay-325876-scaled.jpg","width":2560,"height":1707,"caption":"Shein pode ser amea\u00e7ada pela fus\u00e3o Arezzo e Soma? Foto: Pexels."},{"@type":"BreadcrumbList","@id":"https:\/\/www.suno.com.br\/noticias\/shein-fusao-arezzo-arzz3-grupo-soma-soma3-gpj\/#breadcrumb","itemListElement":[{"@type":"ListItem","position":1,"name":"Not\u00edcias","item":"https:\/\/www.suno.com.br\/noticias\/"},{"@type":"ListItem","position":2,"name":"Neg\u00f3cios","item":"https:\/\/www.suno.com.br\/noticias\/negocios\/"},{"@type":"ListItem","position":3,"name":"Shein amea\u00e7ada: fus\u00e3o entre Arezzo (ARZZ3) e Grupo Soma (SOMA3) pode atrapalhar os planos da chinesa?"}]},{"@type":"WebSite","@id":"https:\/\/www.suno.com.br\/noticias\/#website","url":"https:\/\/www.suno.com.br\/noticias\/","name":"Suno Not\u00edcias","description":"Seu portal de informa\u00e7\u00e3o sobre o mundo dos investimentos","publisher":{"@id":"https:\/\/www.suno.com.br\/noticias\/#organization"},"potentialAction":[{"@type":"SearchAction","target":{"@type":"EntryPoint","urlTemplate":"https:\/\/www.suno.com.br\/noticias\/?s={search_term_string}"},"query-input":{"@type":"PropertyValueSpecification","valueRequired":true,"valueName":"search_term_string"}}],"inLanguage":"pt-BR"},{"@type":"Organization","@id":"https:\/\/www.suno.com.br\/noticias\/#organization","name":"Suno Not\u00edcias","url":"https:\/\/www.suno.com.br\/noticias\/","logo":{"@type":"ImageObject","inLanguage":"pt-BR","@id":"https:\/\/www.suno.com.br\/noticias\/#\/schema\/logo\/image\/","url":"https:\/\/files.sunoresearch.com.br\/n\/uploads\/2021\/09\/suno-logo.png","contentUrl":"https:\/\/files.sunoresearch.com.br\/n\/uploads\/2021\/09\/suno-logo.png","width":180,"height":180,"caption":"Suno Not\u00edcias"},"image":{"@id":"https:\/\/www.suno.com.br\/noticias\/#\/schema\/logo\/image\/"},"sameAs":["https:\/\/facebook.com\/sunoresearch","https:\/\/x.com\/sunoresearch","https:\/\/www.instagram.com\/suno","https:\/\/www.linkedin.com\/company\/suno-research\/","https:\/\/www.youtube.com\/c\/sunoresearch"]},{"@type":"Person","@id":"https:\/\/www.suno.com.br\/noticias\/#\/schema\/person\/d0f32748bbca4bee871fa191ee4e2d40","name":"Giovanni Porf\u00edrio Jacomino","image":{"@type":"ImageObject","inLanguage":"pt-BR","@id":"https:\/\/www.suno.com.br\/noticias\/#\/schema\/person\/image\/","url":"https:\/\/secure.gravatar.com\/avatar\/efb32e19b730a121cb7a80f41ffec01a?s=96&r=g","contentUrl":"https:\/\/secure.gravatar.com\/avatar\/efb32e19b730a121cb7a80f41ffec01a?s=96&r=g","caption":"Giovanni Porf\u00edrio Jacomino"},"description":"Giovanni Porf\u00edrio Jacomino \u00e9 jornalista formado pela Universidade Estadual de Londrina (UEL) e p\u00f3s-graduado em Produ\u00e7\u00e3o e Pr\u00e1ticas Jornal\u00edsticas na Contemporaneidade na Faculdade C\u00e1sper L\u00edbero (FCL). Foi editor web no Startupi e no Finsiders, atuando ainda como editor no TC Mover, portal de not\u00edcias da TradersClub, fazendo a cobertura de assuntos relacionados ao mercado financeiro interno e externo. Atualmente, \u00e9 Rep\u00f3rter do Suno Not\u00edcias.","url":"https:\/\/www.suno.com.br\/noticias\/author\/giovanni-porfiriosuno-com-br\/"}]}},"default_loop_html":"<div class=\"cardsPage__listCard__boxs\"><div class=\"cardsPage__listCard__boxs__img\"><a href=\"https:\/\/www.suno.com.br\/noticias\/shein-fusao-arezzo-arzz3-grupo-soma-soma3-gpj\/\"><img class=\"mask\" src=\"https:\/\/www.suno.com.br\/noticias\/wp-content\/themes\/suno\/resources\/images\/spotlight\/spotlight1img\/bg-mask.png\" alt=\"Image Mask\"\/><img src=\"https:\/\/files.sunoresearch.com.br\/n\/uploads\/2024\/02\/pexels-pixabay-325876-400x200.jpg\" alt=\"Shein amea\u00e7ada: fus\u00e3o entre Arezzo (ARZZ3) e Grupo Soma (SOMA3) pode atrapalhar os planos da chinesa?\"\/><\/a><span class=\"spotlightCategory\"><a href=\"https:\/\/www.suno.com.br\/noticias\/negocios\/\">Neg\u00f3cios<\/a><\/span><\/div><div class=\"cardsPage__listCard__boxs__content\"><a href=\"https:\/\/www.suno.com.br\/noticias\/shein-fusao-arezzo-arzz3-grupo-soma-soma3-gpj\/\"><h2 class=\"content__title\">Shein amea\u00e7ada: fus\u00e3o entre Arezzo (ARZZ3) e Grupo Soma (SOMA3) pode atrapalhar os planos da chinesa?<\/h2><\/a><div class=\"newsContent__article__meta\"><div class=\"newsContent__article__meta__authorBox\"><a href=\"https:\/\/www.suno.com.br\/noticias\/author\/giovanni-porfiriosuno-com-br\/\" class=\"authorBox__avatar noMobi\"><img src=\"https:\/\/files.sunoresearch.com.br\/n\/uploads\/2024\/05\/DSCF4115-1-1-150x150.webp\" alt=\"Giovanni Porf\u00edrio Jacomino\"><\/a><div class=\"authorBox__name\"><span>por\n\t\t\t<a href=\"https:\/\/www.suno.com.br\/noticias\/author\/giovanni-porfiriosuno-com-br\/\"><span itemprop=\"author\">Giovanni Porf\u00edrio Jacomino<\/span><\/a><\/span><time datetime=\"2024-02-07T19:20:09-03:00\" itemprop=\"datePublished\">07\/02\/2024 19:20<\/time><\/div><\/div><\/div><\/div><\/div>","single_layout":"posts","amp_enabled":true,"_links":{"self":[{"href":"https:\/\/www.suno.com.br\/noticias\/wp-json\/wp\/v2\/posts\/521130"}],"collection":[{"href":"https:\/\/www.suno.com.br\/noticias\/wp-json\/wp\/v2\/posts"}],"about":[{"href":"https:\/\/www.suno.com.br\/noticias\/wp-json\/wp\/v2\/types\/post"}],"author":[{"embeddable":true,"href":"https:\/\/www.suno.com.br\/noticias\/wp-json\/wp\/v2\/users\/313"}],"replies":[{"embeddable":true,"href":"https:\/\/www.suno.com.br\/noticias\/wp-json\/wp\/v2\/comments?post=521130"}],"version-history":[{"count":2,"href":"https:\/\/www.suno.com.br\/noticias\/wp-json\/wp\/v2\/posts\/521130\/revisions"}],"predecessor-version":[{"id":521243,"href":"https:\/\/www.suno.com.br\/noticias\/wp-json\/wp\/v2\/posts\/521130\/revisions\/521243"}],"wp:featuredmedia":[{"embeddable":true,"href":"https:\/\/www.suno.com.br\/noticias\/wp-json\/wp\/v2\/media\/521134"}],"wp:attachment":[{"href":"https:\/\/www.suno.com.br\/noticias\/wp-json\/wp\/v2\/media?parent=521130"}],"wp:term":[{"taxonomy":"category","embeddable":true,"href":"https:\/\/www.suno.com.br\/noticias\/wp-json\/wp\/v2\/categories?post=521130"},{"taxonomy":"post_tag","embeddable":true,"href":"https:\/\/www.suno.com.br\/noticias\/wp-json\/wp\/v2\/tags?post=521130"},{"taxonomy":"suno_strategy","embeddable":true,"href":"https:\/\/www.suno.com.br\/noticias\/wp-json\/wp\/v2\/suno_strategy?post=521130"}],"curies":[{"name":"wp","href":"https:\/\/api.w.org\/{rel}","templated":true}]}}