{"id":52089,"date":"2020-02-06T11:34:22","date_gmt":"2020-02-06T13:34:22","guid":{"rendered":"https:\/\/www.suno.com.br\/noticias\/?p=52089"},"modified":"2021-05-30T16:04:10","modified_gmt":"2021-05-30T19:04:10","slug":"creditas-busca-varejo-e-servicos","status":"publish","type":"post","link":"https:\/\/www.suno.com.br\/noticias\/creditas-busca-varejo-e-servicos\/","title":{"rendered":"Creditas busca unir varejo e servi\u00e7os financeiros para crescer"},"content":{"rendered":"<p>Em busca de seu lugar ao sol no mercado de cr\u00e9dito no Brasil, a fintech <strong>Creditas<\/strong> anunciou na quarta-feira (5) a estreia de um e-commerce que ir\u00e1 comercializar produtos do varejo.<\/p>\t<div class=\"wrapper-featured-image\">\n\t\t<figure class=\"spotlightImg\">\n\n\t\t\t<picture>\n\t\t\t\t<source media=\"(max-width: 768px)\" srcset=\"https:\/\/files.sunoresearch.com.br\/n\/uploads\/2020\/02\/57aee1ad-creditas-01-400x200.webp\">\n\t\t\t\t<img loading=\"lazy\" decoding=\"async\" class=\"newsContent__article__imgCapa lazyloadDisabled newsContent__article__imgCapa--noCaption\" src=\"https:\/\/files.sunoresearch.com.br\/n\/uploads\/2020\/02\/57aee1ad-creditas-01-800x450.webp\" width=\"800\" height=\"450\" alt=\"Creditas busca unir varejo e servi\u00e7os financeiros para crescer\" fetchpriority=high \/>\n\t\t\t<\/picture>\n\n\t\t\t<figcaption class=\"wp-caption-text wp-caption-text--hide\">Creditas busca unir varejo e servi\u00e7os financeiros para crescer<\/figcaption>\n\t\t<\/figure>\n\t<\/div>\n\n\n\n<p>A estrat\u00e9gia, em meio a uma disputa cada dia mais acirrada entre os chamados banc\u00f5es e as <strong>fintechs<\/strong>, busca criar uma nova forma de receita (e de relacionamento) \u00e0 empresa de cr\u00e9dito.<\/p>\n<p>\u201cLan\u00e7amos um <strong>e-commerce<\/strong> que, ao inv\u00e9s de voc\u00ea pagar com cart\u00e3o de cr\u00e9dito ou boleto, voc\u00ea paga com seu sal\u00e1rio, diretamente na folha&#8221;, disse Fabio Zveibil, vice-presidente de desenvolvimento de neg\u00f3cios.<\/p>\n<figure id=\"attachment_52142\" aria-describedby=\"caption-attachment-52142\" style=\"width: 300px\" class=\"wp-caption aligncenter\"><img loading=\"lazy\" decoding=\"async\" class=\"size-medium wp-image-52142\" src=\"https:\/\/storage.googleapis.com\/wp-noticias\/2020\/02\/7b92a7fa-img_9827-300x187.jpg\" alt=\"Fabio Zveibil, vice-presidente de desenvolvimento de neg\u00f3cios\" width=\"300\" height=\"187\" \/><figcaption id=\"caption-attachment-52142\" class=\"wp-caption-text\">Fabio Zveibil, vice-presidente de desenvolvimento de neg\u00f3cios<\/figcaption><\/figure>\n<p>A loja virtual funcionar\u00e1 basicamente como uma varejista tradicional, com foco em produtos desejados e que, normalmente, est\u00e3o acima da possibilidade de compra pelo cart\u00e3o de cr\u00e9dito.<\/p>\n<p>No in\u00edcio, a Creditas ir\u00e1 comercializar apenas celulares Iphones, da Apple, com presta\u00e7\u00f5es a partir de R$ 145. Para esse produto, a taxa de juros \u00e9 zero, j\u00e1 que a empresa ganha em margens do varejo e do meio de pagamento. O planejamento \u00e9 lan\u00e7ar ao menos um produto por m\u00eas na loja.<\/p>\n<p>Os produtos da loja virtual, entretanto, s\u00f3 estar\u00e3o dispon\u00edveis para funcion\u00e1rios de empresas conveniadas com a Creditas.<\/p>\n<p><a href=\"https:\/\/www.suno.com.br\/noticias\/picpay-fintech-conta-digital-microempresas\/\">Saiba mais: Fintech PicPay anuncia conta digital para microempresas<\/a><\/p>\n<p>Dessa forma, al\u00e9m de trazer o cr\u00e9dito consignado \u00e0 financeira, a<a href=\"https:\/\/www.suno.com.br\/noticias\/entenda-fintech-tres-maiores-brasil\/\"> fintech ainda ganha<\/a> apelo como forma de benef\u00edcio oferecido pelas empresas aos seus colaboradores.<\/p>\n<p>&#8220;Eu tamb\u00e9m consigo atender benef\u00edcios que os RHs querem oferecer para os funcion\u00e1rios. Ent\u00e3o, em educa\u00e7\u00e3o, as pessoas querem estudar, e o RH tem um incentivo muito grande em ajudar as pessoas a realizar isso. Ent\u00e3o, eu consigo ajudar esses dois grandes objetivos&#8221;, disse Zveibil.<\/p>\n<p>Al\u00e9m de produtos f\u00edsicos, a Creditas tamb\u00e9m passar\u00e1 a oferecer vendas de pacotes de educa\u00e7\u00e3o, com pacotes de interc\u00e2mbio, MBAs, pacotes de viagens e at\u00e9 mesmo bicicletas e motos.<\/p>\n<h2>Creditas foca em produtos n\u00e3o financeiros<\/h2>\n<p>Na pr\u00e1tica, a nova maneira de financiamento e venda no varejo \u00e9 uma extens\u00e3o do cr\u00e9dito consignado, forma de empr\u00e9stimo que a Creditas \u00e9 especialista, com outra roupagem e vai ao encontro da estrat\u00e9gia da fintech de crescer no Brasil.<\/p>\n\t<p>\n\t\t<a href=\"https:\/\/lp.suno.com.br\/cl\/impacto-tarifas-trump\/?utm_source=sunoresearch&#038;utm_medium=banner.noticias&#038;utm_campaign=_SNC903E88AA_\" target=\"_blank\" data-element=\"shortcode-suno-banner\" title=\"Banner SUNO, clique e saiba mais\">\n\t\t\t<picture>\n\t\t\t\t<source media=\"(max-width: 500px)\" srcset=\"https:\/\/files.sunoresearch.com.br\/n\/uploads\/2025\/07\/trump-mobile.webp\">\n\t\t\t\t<img class=\"newsContent__article__imgCapa newsContent__article__imgCapa--banner\"\n\t\t\t\t\tsrc=\"https:\/\/files.sunoresearch.com.br\/n\/uploads\/2025\/07\/trump-banner-desktop.webp\"\n\t\t\t\t\tdata-promo-id=\"613126\"\t\t\t\t\t\t\t\t\t\twidth='1000' height='325'\t\t\t\t\talt=\"https:\/\/files.sunoresearch.com.br\/n\/uploads\/2025\/07\/trump-banner-desktop.webp\"\n\t\t\t\t>\n\t\t\t<\/picture>\n\t\t<\/a>\n\t<\/p>\n\n\n<p>Para sobreviver em um mercado concorrido e com margens cada vez mais apertadas, a fintech enxergou nos produtos n\u00e3o financeiros uma forma de aumentar seu <em>core<\/em> sem perder a refer\u00eancia dos empr\u00e9stimos consignados.<\/p>\n<p>\u201cAtrav\u00e9s da minha loja, eu elimino uma s\u00e9rie de inefici\u00eancias no meio do processo e repassar essas vantagens para o consumidor. Como varejista, eu fa\u00e7o o que eu quiser na margem de varejo&#8221;, disse o vice-presidente de desenvolvimento de neg\u00f3cios.<\/p>\n<p>\u201cEu pego a margem do meio do caminho, do varejo, da distribui\u00e7\u00e3o e do meio de pagamento, e repasso ele para o cliente e consigo parcelar com juros zero ou quase zero, gra\u00e7as ao \u00f3timo produto de cr\u00e9dito que tenho&#8221;, afirmou.<\/p>\n<p>A nova opera\u00e7\u00e3o do varejo da <strong>Creditas<\/strong> tamb\u00e9m completa a inicia\u00e7\u00e3o da companhia nessa estrat\u00e9gia, que j\u00e1 tinha o financiamento de constru\u00e7\u00e3o, desde o in\u00edcio do financiamento da obra at\u00e9 a execu\u00e7\u00e3o, como plano inicial.<\/p>\n\n","protected":false},"excerpt":{"rendered":"<p>Em busca de seu lugar ao sol no mercado de cr\u00e9dito no Brasil, a fintech Creditas anunciou na quarta-feira (5) a estreia de um e-commerce que ir\u00e1 comercializar produtos do varejo. Creditas busca unir varejo e servi\u00e7os financeiros para crescer A estrat\u00e9gia, em meio a uma disputa cada dia mais acirrada entre os chamados banc\u00f5es [&hellip;]<\/p>\n","protected":false},"author":27,"featured_media":52240,"comment_status":"closed","ping_status":"closed","sticky":false,"template":"","format":"standard","meta":[],"categories":[64],"tags":[1294,2073,1629],"suno_strategy":[],"class_list":["post-52089","post","type-post","status-publish","format-standard","has-post-thumbnail","hentry","category-negocios","tag-creditas","tag-e-commerce","tag-fintechs"],"yoast_head":"<!-- This site is optimized with the Yoast SEO plugin v24.4 - https:\/\/yoast.com\/wordpress\/plugins\/seo\/ -->\n<title>Creditas busca unir varejo e servi\u00e7os financeiros para crescer<\/title>\n<meta name=\"description\" content=\"Fintech de cr\u00e9dito consignado Creditas entra no varejo para crescer em um mercado competitivo no Brasil. Clique aqui para saber mais.\" \/>\n<meta name=\"robots\" content=\"index, follow, max-snippet:-1, max-image-preview:large, max-video-preview:-1\" \/>\n<link rel=\"canonical\" href=\"https:\/\/www.suno.com.br\/noticias\/creditas-busca-varejo-e-servicos\/\" \/>\n<meta property=\"og:locale\" content=\"pt_BR\" \/>\n<meta property=\"og:type\" content=\"article\" \/>\n<meta property=\"og:title\" content=\"Creditas busca unir varejo e servi\u00e7os financeiros para crescer\" \/>\n<meta property=\"og:description\" content=\"Fintech de cr\u00e9dito consignado Creditas entra no varejo para crescer em um mercado competitivo no Brasil. Clique aqui para saber mais.\" \/>\n<meta property=\"og:url\" content=\"https:\/\/www.suno.com.br\/noticias\/creditas-busca-varejo-e-servicos\/\" \/>\n<meta property=\"og:site_name\" content=\"Suno Not\u00edcias\" \/>\n<meta property=\"article:publisher\" content=\"https:\/\/facebook.com\/sunoresearch\" \/>\n<meta property=\"og:image\" content=\"https:\/\/files.sunoresearch.com.br\/n\/uploads\/2020\/02\/57aee1ad-creditas-01-1024x684.jpg\" \/>\n\t<meta property=\"og:image:width\" content=\"1024\" \/>\n\t<meta property=\"og:image:height\" content=\"684\" \/>\n\t<meta property=\"og:image:type\" content=\"image\/jpeg\" \/>\n<meta name=\"author\" content=\"Vinicius Pereira\" \/>\n<meta name=\"twitter:card\" content=\"summary_large_image\" \/>\n<meta name=\"twitter:creator\" content=\"@https:\/\/twitter.com\/viniciuspjornal\" \/>\n<meta name=\"twitter:site\" content=\"@sunoresearch\" \/>\n<meta name=\"twitter:label1\" content=\"Escrito por\" \/>\n\t<meta name=\"twitter:data1\" content=\"Vinicius Pereira\" \/>\n\t<meta name=\"twitter:label2\" content=\"Est. tempo de leitura\" \/>\n\t<meta name=\"twitter:data2\" content=\"3 minutos\" \/>\n<script type=\"application\/ld+json\" class=\"yoast-schema-graph\">{\"@context\":\"https:\/\/schema.org\",\"@graph\":[{\"@type\":\"NewsArticle\",\"@id\":\"https:\/\/www.suno.com.br\/noticias\/creditas-busca-varejo-e-servicos\/#article\",\"isPartOf\":{\"@id\":\"https:\/\/www.suno.com.br\/noticias\/creditas-busca-varejo-e-servicos\/\"},\"author\":{\"name\":\"Vinicius Pereira\",\"@id\":\"https:\/\/www.suno.com.br\/noticias\/#\/schema\/person\/a20761b96e4df7eb57f1f9e41be1dbf3\"},\"headline\":\"Creditas busca unir varejo e servi\u00e7os financeiros para crescer\",\"datePublished\":\"2020-02-06T13:34:22+00:00\",\"dateModified\":\"2021-05-30T19:04:10+00:00\",\"mainEntityOfPage\":{\"@id\":\"https:\/\/www.suno.com.br\/noticias\/creditas-busca-varejo-e-servicos\/\"},\"wordCount\":580,\"publisher\":{\"@id\":\"https:\/\/www.suno.com.br\/noticias\/#organization\"},\"image\":{\"@id\":\"https:\/\/www.suno.com.br\/noticias\/creditas-busca-varejo-e-servicos\/#primaryimage\"},\"thumbnailUrl\":\"https:\/\/files.sunoresearch.com.br\/n\/uploads\/2020\/02\/57aee1ad-creditas-01-scaled.webp\",\"keywords\":[\"Creditas\",\"e-commerce\",\"fintechs\"],\"articleSection\":[\"Neg\u00f3cios\"],\"inLanguage\":\"pt-BR\"},{\"@type\":\"WebPage\",\"@id\":\"https:\/\/www.suno.com.br\/noticias\/creditas-busca-varejo-e-servicos\/\",\"url\":\"https:\/\/www.suno.com.br\/noticias\/creditas-busca-varejo-e-servicos\/\",\"name\":\"Creditas busca unir varejo e servi\u00e7os financeiros para crescer\",\"isPartOf\":{\"@id\":\"https:\/\/www.suno.com.br\/noticias\/#website\"},\"primaryImageOfPage\":{\"@id\":\"https:\/\/www.suno.com.br\/noticias\/creditas-busca-varejo-e-servicos\/#primaryimage\"},\"image\":{\"@id\":\"https:\/\/www.suno.com.br\/noticias\/creditas-busca-varejo-e-servicos\/#primaryimage\"},\"thumbnailUrl\":\"https:\/\/files.sunoresearch.com.br\/n\/uploads\/2020\/02\/57aee1ad-creditas-01-scaled.webp\",\"datePublished\":\"2020-02-06T13:34:22+00:00\",\"dateModified\":\"2021-05-30T19:04:10+00:00\",\"description\":\"Fintech de cr\u00e9dito consignado Creditas entra no varejo para crescer em um mercado competitivo no Brasil. Clique aqui para saber mais.\",\"breadcrumb\":{\"@id\":\"https:\/\/www.suno.com.br\/noticias\/creditas-busca-varejo-e-servicos\/#breadcrumb\"},\"inLanguage\":\"pt-BR\",\"potentialAction\":[{\"@type\":\"ReadAction\",\"target\":[\"https:\/\/www.suno.com.br\/noticias\/creditas-busca-varejo-e-servicos\/\"]}]},{\"@type\":\"ImageObject\",\"inLanguage\":\"pt-BR\",\"@id\":\"https:\/\/www.suno.com.br\/noticias\/creditas-busca-varejo-e-servicos\/#primaryimage\",\"url\":\"https:\/\/files.sunoresearch.com.br\/n\/uploads\/2020\/02\/57aee1ad-creditas-01-scaled.webp\",\"contentUrl\":\"https:\/\/files.sunoresearch.com.br\/n\/uploads\/2020\/02\/57aee1ad-creditas-01-scaled.webp\",\"width\":2560,\"height\":1709,\"caption\":\"Creditas busca unir varejo e servi\u00e7os financeiros para crescer\"},{\"@type\":\"BreadcrumbList\",\"@id\":\"https:\/\/www.suno.com.br\/noticias\/creditas-busca-varejo-e-servicos\/#breadcrumb\",\"itemListElement\":[{\"@type\":\"ListItem\",\"position\":1,\"name\":\"Not\u00edcias\",\"item\":\"https:\/\/www.suno.com.br\/noticias\/\"},{\"@type\":\"ListItem\",\"position\":2,\"name\":\"Neg\u00f3cios\",\"item\":\"https:\/\/www.suno.com.br\/noticias\/negocios\/\"},{\"@type\":\"ListItem\",\"position\":3,\"name\":\"Creditas busca unir varejo e servi\u00e7os financeiros para crescer\"}]},{\"@type\":\"WebSite\",\"@id\":\"https:\/\/www.suno.com.br\/noticias\/#website\",\"url\":\"https:\/\/www.suno.com.br\/noticias\/\",\"name\":\"Suno Not\u00edcias\",\"description\":\"Seu portal de informa\u00e7\u00e3o sobre o mundo dos investimentos\",\"publisher\":{\"@id\":\"https:\/\/www.suno.com.br\/noticias\/#organization\"},\"potentialAction\":[{\"@type\":\"SearchAction\",\"target\":{\"@type\":\"EntryPoint\",\"urlTemplate\":\"https:\/\/www.suno.com.br\/noticias\/?s={search_term_string}\"},\"query-input\":{\"@type\":\"PropertyValueSpecification\",\"valueRequired\":true,\"valueName\":\"search_term_string\"}}],\"inLanguage\":\"pt-BR\"},{\"@type\":\"Organization\",\"@id\":\"https:\/\/www.suno.com.br\/noticias\/#organization\",\"name\":\"Suno Not\u00edcias\",\"url\":\"https:\/\/www.suno.com.br\/noticias\/\",\"logo\":{\"@type\":\"ImageObject\",\"inLanguage\":\"pt-BR\",\"@id\":\"https:\/\/www.suno.com.br\/noticias\/#\/schema\/logo\/image\/\",\"url\":\"https:\/\/files.sunoresearch.com.br\/n\/uploads\/2021\/09\/suno-logo.png\",\"contentUrl\":\"https:\/\/files.sunoresearch.com.br\/n\/uploads\/2021\/09\/suno-logo.png\",\"width\":180,\"height\":180,\"caption\":\"Suno Not\u00edcias\"},\"image\":{\"@id\":\"https:\/\/www.suno.com.br\/noticias\/#\/schema\/logo\/image\/\"},\"sameAs\":[\"https:\/\/facebook.com\/sunoresearch\",\"https:\/\/x.com\/sunoresearch\",\"https:\/\/www.instagram.com\/suno\",\"https:\/\/www.linkedin.com\/company\/suno-research\/\",\"https:\/\/www.youtube.com\/c\/sunoresearch\"]},{\"@type\":\"Person\",\"@id\":\"https:\/\/www.suno.com.br\/noticias\/#\/schema\/person\/a20761b96e4df7eb57f1f9e41be1dbf3\",\"name\":\"Vinicius Pereira\",\"image\":{\"@type\":\"ImageObject\",\"inLanguage\":\"pt-BR\",\"@id\":\"https:\/\/www.suno.com.br\/noticias\/#\/schema\/person\/image\/\",\"url\":\"https:\/\/secure.gravatar.com\/avatar\/783866b933198f5cc4c5d03fcc8b1301?s=96&r=g\",\"contentUrl\":\"https:\/\/secure.gravatar.com\/avatar\/783866b933198f5cc4c5d03fcc8b1301?s=96&r=g\",\"caption\":\"Vinicius Pereira\"},\"description\":\"Vinicius Pereira foi rep\u00f3rter de economia da Folha de S.Paulo, stringer do jornal no Canad\u00e1 e colaborador de VEJA. J\u00e1 escreveu tamb\u00e9m para BBC Brasil, The Intercept Brasil e UOL. Tem MBA em Informa\u00e7\u00f5es Econ\u00f4mico-Financeiras e Mercado de Capitais pela FIA\/B3.\",\"sameAs\":[\"https:\/\/x.com\/https:\/\/twitter.com\/viniciuspjornal\"],\"url\":\"https:\/\/www.suno.com.br\/noticias\/author\/vinicius-pereira\/\"}]}<\/script>\n<!-- \/ Yoast SEO plugin. -->","yoast_head_json":{"title":"Creditas busca unir varejo e servi\u00e7os financeiros para crescer","description":"Fintech de cr\u00e9dito consignado Creditas entra no varejo para crescer em um mercado competitivo no Brasil. Clique aqui para saber mais.","robots":{"index":"index","follow":"follow","max-snippet":"max-snippet:-1","max-image-preview":"max-image-preview:large","max-video-preview":"max-video-preview:-1"},"canonical":"https:\/\/www.suno.com.br\/noticias\/creditas-busca-varejo-e-servicos\/","og_locale":"pt_BR","og_type":"article","og_title":"Creditas busca unir varejo e servi\u00e7os financeiros para crescer","og_description":"Fintech de cr\u00e9dito consignado Creditas entra no varejo para crescer em um mercado competitivo no Brasil. Clique aqui para saber mais.","og_url":"https:\/\/www.suno.com.br\/noticias\/creditas-busca-varejo-e-servicos\/","og_site_name":"Suno Not\u00edcias","article_publisher":"https:\/\/facebook.com\/sunoresearch","og_image":[{"width":1024,"height":684,"url":"https:\/\/files.sunoresearch.com.br\/n\/uploads\/2020\/02\/57aee1ad-creditas-01-1024x684.jpg","type":"image\/jpeg"}],"author":"Vinicius Pereira","twitter_card":"summary_large_image","twitter_creator":"@https:\/\/twitter.com\/viniciuspjornal","twitter_site":"@sunoresearch","twitter_misc":{"Escrito por":"Vinicius Pereira","Est. tempo de leitura":"3 minutos"},"schema":{"@context":"https:\/\/schema.org","@graph":[{"@type":"NewsArticle","@id":"https:\/\/www.suno.com.br\/noticias\/creditas-busca-varejo-e-servicos\/#article","isPartOf":{"@id":"https:\/\/www.suno.com.br\/noticias\/creditas-busca-varejo-e-servicos\/"},"author":{"name":"Vinicius Pereira","@id":"https:\/\/www.suno.com.br\/noticias\/#\/schema\/person\/a20761b96e4df7eb57f1f9e41be1dbf3"},"headline":"Creditas busca unir varejo e servi\u00e7os financeiros para crescer","datePublished":"2020-02-06T13:34:22+00:00","dateModified":"2021-05-30T19:04:10+00:00","mainEntityOfPage":{"@id":"https:\/\/www.suno.com.br\/noticias\/creditas-busca-varejo-e-servicos\/"},"wordCount":580,"publisher":{"@id":"https:\/\/www.suno.com.br\/noticias\/#organization"},"image":{"@id":"https:\/\/www.suno.com.br\/noticias\/creditas-busca-varejo-e-servicos\/#primaryimage"},"thumbnailUrl":"https:\/\/files.sunoresearch.com.br\/n\/uploads\/2020\/02\/57aee1ad-creditas-01-scaled.webp","keywords":["Creditas","e-commerce","fintechs"],"articleSection":["Neg\u00f3cios"],"inLanguage":"pt-BR"},{"@type":"WebPage","@id":"https:\/\/www.suno.com.br\/noticias\/creditas-busca-varejo-e-servicos\/","url":"https:\/\/www.suno.com.br\/noticias\/creditas-busca-varejo-e-servicos\/","name":"Creditas busca unir varejo e servi\u00e7os financeiros para crescer","isPartOf":{"@id":"https:\/\/www.suno.com.br\/noticias\/#website"},"primaryImageOfPage":{"@id":"https:\/\/www.suno.com.br\/noticias\/creditas-busca-varejo-e-servicos\/#primaryimage"},"image":{"@id":"https:\/\/www.suno.com.br\/noticias\/creditas-busca-varejo-e-servicos\/#primaryimage"},"thumbnailUrl":"https:\/\/files.sunoresearch.com.br\/n\/uploads\/2020\/02\/57aee1ad-creditas-01-scaled.webp","datePublished":"2020-02-06T13:34:22+00:00","dateModified":"2021-05-30T19:04:10+00:00","description":"Fintech de cr\u00e9dito consignado Creditas entra no varejo para crescer em um mercado competitivo no Brasil. Clique aqui para saber mais.","breadcrumb":{"@id":"https:\/\/www.suno.com.br\/noticias\/creditas-busca-varejo-e-servicos\/#breadcrumb"},"inLanguage":"pt-BR","potentialAction":[{"@type":"ReadAction","target":["https:\/\/www.suno.com.br\/noticias\/creditas-busca-varejo-e-servicos\/"]}]},{"@type":"ImageObject","inLanguage":"pt-BR","@id":"https:\/\/www.suno.com.br\/noticias\/creditas-busca-varejo-e-servicos\/#primaryimage","url":"https:\/\/files.sunoresearch.com.br\/n\/uploads\/2020\/02\/57aee1ad-creditas-01-scaled.webp","contentUrl":"https:\/\/files.sunoresearch.com.br\/n\/uploads\/2020\/02\/57aee1ad-creditas-01-scaled.webp","width":2560,"height":1709,"caption":"Creditas busca unir varejo e servi\u00e7os financeiros para crescer"},{"@type":"BreadcrumbList","@id":"https:\/\/www.suno.com.br\/noticias\/creditas-busca-varejo-e-servicos\/#breadcrumb","itemListElement":[{"@type":"ListItem","position":1,"name":"Not\u00edcias","item":"https:\/\/www.suno.com.br\/noticias\/"},{"@type":"ListItem","position":2,"name":"Neg\u00f3cios","item":"https:\/\/www.suno.com.br\/noticias\/negocios\/"},{"@type":"ListItem","position":3,"name":"Creditas busca unir varejo e servi\u00e7os financeiros para crescer"}]},{"@type":"WebSite","@id":"https:\/\/www.suno.com.br\/noticias\/#website","url":"https:\/\/www.suno.com.br\/noticias\/","name":"Suno Not\u00edcias","description":"Seu portal de informa\u00e7\u00e3o sobre o mundo dos investimentos","publisher":{"@id":"https:\/\/www.suno.com.br\/noticias\/#organization"},"potentialAction":[{"@type":"SearchAction","target":{"@type":"EntryPoint","urlTemplate":"https:\/\/www.suno.com.br\/noticias\/?s={search_term_string}"},"query-input":{"@type":"PropertyValueSpecification","valueRequired":true,"valueName":"search_term_string"}}],"inLanguage":"pt-BR"},{"@type":"Organization","@id":"https:\/\/www.suno.com.br\/noticias\/#organization","name":"Suno Not\u00edcias","url":"https:\/\/www.suno.com.br\/noticias\/","logo":{"@type":"ImageObject","inLanguage":"pt-BR","@id":"https:\/\/www.suno.com.br\/noticias\/#\/schema\/logo\/image\/","url":"https:\/\/files.sunoresearch.com.br\/n\/uploads\/2021\/09\/suno-logo.png","contentUrl":"https:\/\/files.sunoresearch.com.br\/n\/uploads\/2021\/09\/suno-logo.png","width":180,"height":180,"caption":"Suno Not\u00edcias"},"image":{"@id":"https:\/\/www.suno.com.br\/noticias\/#\/schema\/logo\/image\/"},"sameAs":["https:\/\/facebook.com\/sunoresearch","https:\/\/x.com\/sunoresearch","https:\/\/www.instagram.com\/suno","https:\/\/www.linkedin.com\/company\/suno-research\/","https:\/\/www.youtube.com\/c\/sunoresearch"]},{"@type":"Person","@id":"https:\/\/www.suno.com.br\/noticias\/#\/schema\/person\/a20761b96e4df7eb57f1f9e41be1dbf3","name":"Vinicius Pereira","image":{"@type":"ImageObject","inLanguage":"pt-BR","@id":"https:\/\/www.suno.com.br\/noticias\/#\/schema\/person\/image\/","url":"https:\/\/secure.gravatar.com\/avatar\/783866b933198f5cc4c5d03fcc8b1301?s=96&r=g","contentUrl":"https:\/\/secure.gravatar.com\/avatar\/783866b933198f5cc4c5d03fcc8b1301?s=96&r=g","caption":"Vinicius Pereira"},"description":"Vinicius Pereira foi rep\u00f3rter de economia da Folha de S.Paulo, stringer do jornal no Canad\u00e1 e colaborador de VEJA. J\u00e1 escreveu tamb\u00e9m para BBC Brasil, The Intercept Brasil e UOL. Tem MBA em Informa\u00e7\u00f5es Econ\u00f4mico-Financeiras e Mercado de Capitais pela FIA\/B3.","sameAs":["https:\/\/x.com\/https:\/\/twitter.com\/viniciuspjornal"],"url":"https:\/\/www.suno.com.br\/noticias\/author\/vinicius-pereira\/"}]}},"default_loop_html":"<div class=\"cardsPage__listCard__boxs\"><div class=\"cardsPage__listCard__boxs__img\"><a href=\"https:\/\/www.suno.com.br\/noticias\/creditas-busca-varejo-e-servicos\/\"><img class=\"mask\" src=\"https:\/\/www.suno.com.br\/noticias\/wp-content\/themes\/suno\/resources\/images\/spotlight\/spotlight1img\/bg-mask.png\" alt=\"Image Mask\"\/><img src=\"https:\/\/files.sunoresearch.com.br\/n\/uploads\/2020\/02\/57aee1ad-creditas-01-400x200.webp\" alt=\"Creditas busca unir varejo e servi\u00e7os financeiros para crescer\"\/><\/a><span class=\"spotlightCategory\"><a href=\"https:\/\/www.suno.com.br\/noticias\/negocios\/\">Neg\u00f3cios<\/a><\/span><\/div><div class=\"cardsPage__listCard__boxs__content\"><a href=\"https:\/\/www.suno.com.br\/noticias\/creditas-busca-varejo-e-servicos\/\"><h2 class=\"content__title\">Creditas busca unir varejo e servi\u00e7os financeiros para crescer<\/h2><\/a><div class=\"newsContent__article__meta\"><div class=\"newsContent__article__meta__authorBox\"><a href=\"https:\/\/www.suno.com.br\/noticias\/author\/vinicius-pereira\/\" class=\"authorBox__avatar noMobi\"><img src=\"https:\/\/files.sunoresearch.com.br\/n\/uploads\/2020\/08\/77510613-whatsapp-image-2020-08-03-at-13.40.40-150x150.webp\" alt=\"Vinicius Pereira\"><\/a><div class=\"authorBox__name\"><span>por\n\t\t\t<a href=\"https:\/\/www.suno.com.br\/noticias\/author\/vinicius-pereira\/\"><span itemprop=\"author\">Vinicius Pereira<\/span><\/a><\/span><time datetime=\"2020-02-06T11:34:22-03:00\" itemprop=\"datePublished\">06\/02\/2020 11:34<\/time><\/div><\/div><\/div><\/div><\/div>","single_layout":"posts","amp_enabled":true,"_links":{"self":[{"href":"https:\/\/www.suno.com.br\/noticias\/wp-json\/wp\/v2\/posts\/52089"}],"collection":[{"href":"https:\/\/www.suno.com.br\/noticias\/wp-json\/wp\/v2\/posts"}],"about":[{"href":"https:\/\/www.suno.com.br\/noticias\/wp-json\/wp\/v2\/types\/post"}],"author":[{"embeddable":true,"href":"https:\/\/www.suno.com.br\/noticias\/wp-json\/wp\/v2\/users\/27"}],"replies":[{"embeddable":true,"href":"https:\/\/www.suno.com.br\/noticias\/wp-json\/wp\/v2\/comments?post=52089"}],"version-history":[{"count":1,"href":"https:\/\/www.suno.com.br\/noticias\/wp-json\/wp\/v2\/posts\/52089\/revisions"}],"predecessor-version":[{"id":146813,"href":"https:\/\/www.suno.com.br\/noticias\/wp-json\/wp\/v2\/posts\/52089\/revisions\/146813"}],"wp:featuredmedia":[{"embeddable":true,"href":"https:\/\/www.suno.com.br\/noticias\/wp-json\/wp\/v2\/media\/52240"}],"wp:attachment":[{"href":"https:\/\/www.suno.com.br\/noticias\/wp-json\/wp\/v2\/media?parent=52089"}],"wp:term":[{"taxonomy":"category","embeddable":true,"href":"https:\/\/www.suno.com.br\/noticias\/wp-json\/wp\/v2\/categories?post=52089"},{"taxonomy":"post_tag","embeddable":true,"href":"https:\/\/www.suno.com.br\/noticias\/wp-json\/wp\/v2\/tags?post=52089"},{"taxonomy":"suno_strategy","embeddable":true,"href":"https:\/\/www.suno.com.br\/noticias\/wp-json\/wp\/v2\/suno_strategy?post=52089"}],"curies":[{"name":"wp","href":"https:\/\/api.w.org\/{rel}","templated":true}]}}