{"id":52078,"date":"2020-02-05T16:41:52","date_gmt":"2020-02-05T18:41:52","guid":{"rendered":"https:\/\/www.suno.com.br\/noticias\/?p=52078"},"modified":"2020-02-05T16:43:48","modified_gmt":"2020-02-05T18:43:48","slug":"coronavirus-adidas-fechamento-lojas-china","status":"publish","type":"post","link":"https:\/\/www.suno.com.br\/noticias\/coronavirus-adidas-fechamento-lojas-china\/","title":{"rendered":"Coronav\u00edrus: Adidas anuncia fechamento de lojas na China"},"content":{"rendered":"<p>A Adidas anunciou nesta quarta-feira (5) o fechamento de diversas lojas na China por conta da dissemina\u00e7\u00e3o do <strong>coronav\u00edrus<\/strong> no pa\u00eds asi\u00e1tico.<\/p>\t<div class=\"wrapper-featured-image\">\n\t\t<figure class=\"spotlightImg\">\n\n\t\t\t<picture>\n\t\t\t\t<source media=\"(max-width: 768px)\" srcset=\"https:\/\/files.sunoresearch.com.br\/n\/uploads\/2018\/11\/c400f04e-adidas-400x200.webp\">\n\t\t\t\t<img loading=\"lazy\" decoding=\"async\" class=\"newsContent__article__imgCapa lazyloadDisabled newsContent__article__imgCapa--noCaption\" src=\"https:\/\/files.sunoresearch.com.br\/n\/uploads\/2018\/11\/c400f04e-adidas-800x450.webp\" width=\"800\" height=\"450\" alt=\"Coronav\u00edrus: Adidas anuncia fechamento de lojas na China\" fetchpriority=high \/>\n\t\t\t<\/picture>\n\n\t\t\t<figcaption class=\"wp-caption-text wp-caption-text--hide\"><\/figcaption>\n\t\t<\/figure>\n\t<\/div>\n\n\n\n<p>Um porta-voz da <strong>Adidas<\/strong> afirmou que a empresa est\u00e1 implantando regras do pa\u00eds asi\u00e1tico &#8220;o que inclui o fechamento de um n\u00famero significativo de nossas lojas no pa\u00eds\u201d, disse.<\/p>\n<p>A Adidas possui cerca de 500 lojas pr\u00f3prias na <strong>China<\/strong>. Considerando as franquias, a fabricante de artigos esportivos tem aproximadamente 12 mil lojas no pa\u00eds. De acordo com o porta-voz da companhia, h\u00e1 muitas lojas de franquia fechadas por conta do surto do v\u00edrus.<\/p>\n<p><a href=\"https:\/\/www.suno.com.br\/noticias\/adidas-planeja-recomprar-mais-1-bilhao-de-euros-em-acoes-neste-ano\/\">Veja tamb\u00e9m: Adidas planeja recomprar mais 1 bilh\u00e3o de euros em a\u00e7\u00f5es neste ano<\/a><\/p>\n<p>\u201cEstamos tendo um impacto negativo em nossos neg\u00f3cios na China\u201d, afirmou ao porta-voz da gigante alem\u00e3 de artigos esportivos. O executivo, entretanto, afirmou que n\u00e3o d\u00e1 para ter ideia do tamanho do impacto por enquanto.<\/p>\n<p>Em 2018, cerca de 20% da receita de US$ 4,97 bilh\u00f5es da Adidas foi proveniente da China. Na \u00faltima ter\u00e7a-feira (4), a <strong>Nike<\/strong> tamb\u00e9m comunicou que iria fechar lojas na China por conta do coronav\u00edrus. Al\u00e9m disso, a gigante do ramo de artigos esportivos afirmou que seus resultados financeiros seriam afetados.<\/p>\n<h2>Medidas contra o coronav\u00edrus no Brasil<\/h2>\n<p>A <strong>C\u00e2mara dos Deputados<\/strong> aprovou, na \u00faltima ter\u00e7a-feira (4), o projeto de lei que prev\u00ea medidas emergenciais para facilitar o retorno dos brasileiros que se encontram no epicentro do <strong>coronav\u00edrus<\/strong>. O texto segue para an\u00e1lise do Senado, nesta quarta-feira (5).<\/p>\n<p>A aprova\u00e7\u00e3o do texto \u00e9 necess\u00e1ria para que brasileiros retornem de Wuhan, local onde se iniciou a propaga\u00e7\u00e3o do coronav\u00edrus. O projeto prev\u00ea aos que retornarem algumas obriga\u00e7\u00f5es como:<\/p>\n<ul>\n<li>quarenta<\/li>\n<li>isolamento<\/li>\n<li>teste laboratoriais<\/li>\n<li>coletas de amostras cl\u00ednicas<\/li>\n<\/ul>\n<p>O isolamento, previsto no projeto, consiste na &#8220;separa\u00e7\u00e3o de pessoas doentes ou contaminadas ou de bagagens, meio de transporte, mercadorias ou encomendas postais afetadas de outros, de maneira a evitar a contamina\u00e7\u00e3o ou a propaga\u00e7\u00e3o do coronav\u00edrus&#8221;.<\/p>\n\t<p>\n\t\t<a href=\"https:\/\/lp.suno.com.br\/planilha-da-vida-financeira\/\" target=\"_blank\" data-element=\"shortcode-suno-banner\" title=\"Banner SUNO, clique e saiba mais\">\n\t\t\t<picture>\n\t\t\t\t<source media=\"(max-width: 500px)\" srcset=\"https:\/\/files.sunoresearch.com.br\/n\/uploads\/2023\/04\/400x300-Planilha-vida-financeira-true.png\">\n\t\t\t\t<img class=\"newsContent__article__imgCapa newsContent__article__imgCapa--banner\"\n\t\t\t\t\tsrc=\"https:\/\/files.sunoresearch.com.br\/n\/uploads\/2023\/04\/1420x240-Planilha-vida-financeira-true.png\"\n\t\t\t\t\tdata-promo-id=\"106682\"\t\t\t\t\t\t\t\t\t\twidth='1420' height='240'\t\t\t\t\talt=\"https:\/\/files.sunoresearch.com.br\/n\/uploads\/2023\/04\/1420x240-Planilha-vida-financeira-true.png\"\n\t\t\t\t>\n\t\t\t<\/picture>\n\t\t<\/a>\n\t<\/p>\n\n\n<p>A quarenta consiste na &#8220;restri\u00e7\u00e3o de atividades ou separa\u00e7\u00e3o de pessoas suspeitas de contamina\u00e7\u00e3o das pessoas que n\u00e3o estejam doentes ou de bagagens, cont\u00eaineres, animais, meios de transporte ou mercadorias suspeitos de contamina\u00e7\u00e3o, de maneira a evitar a poss\u00edvel contamina\u00e7\u00e3o ou a propaga\u00e7\u00e3o do v\u00edrus.&#8221;<\/p>\n<p>Al\u00e9m disso, a proposta, que visa trazer os brasileiros de Wuhan e proteger os que est\u00e3o no Pa\u00eds de uma poss\u00edvel contamina\u00e7\u00e3o do <strong>coronav\u00edrus<\/strong>, acrescenta uma &#8220;restri\u00e7\u00e3o excepcional e tempor\u00e1ria de entrada e sa\u00edda do Pa\u00eds [das pessoas que vieram dessa cidade] por rodovias, portos ou aeroportos conforme a recomenda\u00e7\u00e3o t\u00e9cnica e acompanhamento da Anvisa&#8221;.<\/p>\n\n","protected":false},"excerpt":{"rendered":"<p>A Adidas anunciou nesta quarta-feira (5) o fechamento de diversas lojas na China por conta da dissemina\u00e7\u00e3o do coronav\u00edrus no pa\u00eds asi\u00e1tico. Um porta-voz da Adidas afirmou que a empresa est\u00e1 implantando regras do pa\u00eds asi\u00e1tico &#8220;o que inclui o fechamento de um n\u00famero significativo de nossas lojas no pa\u00eds\u201d, disse. A Adidas possui cerca [&hellip;]<\/p>\n","protected":false},"author":19,"featured_media":6092,"comment_status":"closed","ping_status":"closed","sticky":false,"template":"","format":"standard","meta":[],"categories":[64],"tags":[1470,2487],"suno_strategy":[],"class_list":["post-52078","post","type-post","status-publish","format-standard","has-post-thumbnail","hentry","category-negocios","tag-adidas","tag-coronavirus"],"yoast_head":"<!-- This site is optimized with the Yoast SEO plugin v24.4 - https:\/\/yoast.com\/wordpress\/plugins\/seo\/ -->\n<title>Coronav\u00edrus: Adidas anuncia fechamento de lojas na China<\/title>\n<meta name=\"description\" content=\"A Adidas anunciou nesta quarta-feira (5) o fechamento de diversas lojas na China por conta da dissemina\u00e7\u00e3o do coronav\u00edrus. Clique e saiba mais\" \/>\n<meta name=\"robots\" content=\"index, follow, max-snippet:-1, max-image-preview:large, max-video-preview:-1\" \/>\n<link rel=\"canonical\" href=\"https:\/\/www.suno.com.br\/noticias\/coronavirus-adidas-fechamento-lojas-china\/\" \/>\n<meta property=\"og:locale\" content=\"pt_BR\" \/>\n<meta property=\"og:type\" content=\"article\" \/>\n<meta property=\"og:title\" content=\"Coronav\u00edrus: Adidas anuncia fechamento de lojas na China\" \/>\n<meta property=\"og:description\" content=\"A Adidas anunciou nesta quarta-feira (5) o fechamento de diversas lojas na China por conta da dissemina\u00e7\u00e3o do coronav\u00edrus. Clique e saiba mais\" \/>\n<meta property=\"og:url\" content=\"https:\/\/www.suno.com.br\/noticias\/coronavirus-adidas-fechamento-lojas-china\/\" \/>\n<meta property=\"og:site_name\" content=\"Suno Not\u00edcias\" \/>\n<meta property=\"article:publisher\" content=\"https:\/\/facebook.com\/sunoresearch\" \/>\n<meta property=\"og:image\" content=\"https:\/\/files.sunoresearch.com.br\/n\/uploads\/2018\/11\/c400f04e-adidas.jpg\" \/>\n\t<meta property=\"og:image:width\" content=\"1920\" \/>\n\t<meta property=\"og:image:height\" content=\"1275\" \/>\n\t<meta property=\"og:image:type\" content=\"image\/jpeg\" \/>\n<meta name=\"author\" content=\"Juliano Passaro\" \/>\n<meta name=\"twitter:card\" content=\"summary_large_image\" \/>\n<meta name=\"twitter:creator\" content=\"@sunoresearch\" \/>\n<meta name=\"twitter:site\" content=\"@sunoresearch\" \/>\n<meta name=\"twitter:label1\" content=\"Escrito por\" \/>\n\t<meta name=\"twitter:data1\" content=\"Juliano Passaro\" \/>\n\t<meta name=\"twitter:label2\" content=\"Est. tempo de leitura\" \/>\n\t<meta name=\"twitter:data2\" content=\"2 minutos\" \/>\n<script type=\"application\/ld+json\" class=\"yoast-schema-graph\">{\"@context\":\"https:\/\/schema.org\",\"@graph\":[{\"@type\":\"NewsArticle\",\"@id\":\"https:\/\/www.suno.com.br\/noticias\/coronavirus-adidas-fechamento-lojas-china\/#article\",\"isPartOf\":{\"@id\":\"https:\/\/www.suno.com.br\/noticias\/coronavirus-adidas-fechamento-lojas-china\/\"},\"author\":{\"name\":\"Juliano Passaro\",\"@id\":\"https:\/\/www.suno.com.br\/noticias\/#\/schema\/person\/1db762f78ffd8919a648a63e425953e3\"},\"headline\":\"Coronav\u00edrus: Adidas anuncia fechamento de lojas na China\",\"datePublished\":\"2020-02-05T18:41:52+00:00\",\"dateModified\":\"2020-02-05T18:43:48+00:00\",\"mainEntityOfPage\":{\"@id\":\"https:\/\/www.suno.com.br\/noticias\/coronavirus-adidas-fechamento-lojas-china\/\"},\"wordCount\":482,\"publisher\":{\"@id\":\"https:\/\/www.suno.com.br\/noticias\/#organization\"},\"image\":{\"@id\":\"https:\/\/www.suno.com.br\/noticias\/coronavirus-adidas-fechamento-lojas-china\/#primaryimage\"},\"thumbnailUrl\":\"https:\/\/files.sunoresearch.com.br\/n\/uploads\/2018\/11\/c400f04e-adidas-jpg.webp\",\"keywords\":[\"Adidas\",\"coronav\u00edrus\"],\"articleSection\":[\"Neg\u00f3cios\"],\"inLanguage\":\"pt-BR\"},{\"@type\":\"WebPage\",\"@id\":\"https:\/\/www.suno.com.br\/noticias\/coronavirus-adidas-fechamento-lojas-china\/\",\"url\":\"https:\/\/www.suno.com.br\/noticias\/coronavirus-adidas-fechamento-lojas-china\/\",\"name\":\"Coronav\u00edrus: Adidas anuncia fechamento de lojas na China\",\"isPartOf\":{\"@id\":\"https:\/\/www.suno.com.br\/noticias\/#website\"},\"primaryImageOfPage\":{\"@id\":\"https:\/\/www.suno.com.br\/noticias\/coronavirus-adidas-fechamento-lojas-china\/#primaryimage\"},\"image\":{\"@id\":\"https:\/\/www.suno.com.br\/noticias\/coronavirus-adidas-fechamento-lojas-china\/#primaryimage\"},\"thumbnailUrl\":\"https:\/\/files.sunoresearch.com.br\/n\/uploads\/2018\/11\/c400f04e-adidas-jpg.webp\",\"datePublished\":\"2020-02-05T18:41:52+00:00\",\"dateModified\":\"2020-02-05T18:43:48+00:00\",\"description\":\"A Adidas anunciou nesta quarta-feira (5) o fechamento de diversas lojas na China por conta da dissemina\u00e7\u00e3o do coronav\u00edrus. Clique e saiba mais\",\"breadcrumb\":{\"@id\":\"https:\/\/www.suno.com.br\/noticias\/coronavirus-adidas-fechamento-lojas-china\/#breadcrumb\"},\"inLanguage\":\"pt-BR\",\"potentialAction\":[{\"@type\":\"ReadAction\",\"target\":[\"https:\/\/www.suno.com.br\/noticias\/coronavirus-adidas-fechamento-lojas-china\/\"]}]},{\"@type\":\"ImageObject\",\"inLanguage\":\"pt-BR\",\"@id\":\"https:\/\/www.suno.com.br\/noticias\/coronavirus-adidas-fechamento-lojas-china\/#primaryimage\",\"url\":\"https:\/\/files.sunoresearch.com.br\/n\/uploads\/2018\/11\/c400f04e-adidas-jpg.webp\",\"contentUrl\":\"https:\/\/files.sunoresearch.com.br\/n\/uploads\/2018\/11\/c400f04e-adidas-jpg.webp\",\"width\":1920,\"height\":1275,\"caption\":\"coronav\u00edrus - Adidas\"},{\"@type\":\"BreadcrumbList\",\"@id\":\"https:\/\/www.suno.com.br\/noticias\/coronavirus-adidas-fechamento-lojas-china\/#breadcrumb\",\"itemListElement\":[{\"@type\":\"ListItem\",\"position\":1,\"name\":\"Not\u00edcias\",\"item\":\"https:\/\/www.suno.com.br\/noticias\/\"},{\"@type\":\"ListItem\",\"position\":2,\"name\":\"Neg\u00f3cios\",\"item\":\"https:\/\/www.suno.com.br\/noticias\/negocios\/\"},{\"@type\":\"ListItem\",\"position\":3,\"name\":\"Coronav\u00edrus: Adidas anuncia fechamento de lojas na China\"}]},{\"@type\":\"WebSite\",\"@id\":\"https:\/\/www.suno.com.br\/noticias\/#website\",\"url\":\"https:\/\/www.suno.com.br\/noticias\/\",\"name\":\"Suno Not\u00edcias\",\"description\":\"Seu portal de informa\u00e7\u00e3o sobre o mundo dos investimentos\",\"publisher\":{\"@id\":\"https:\/\/www.suno.com.br\/noticias\/#organization\"},\"potentialAction\":[{\"@type\":\"SearchAction\",\"target\":{\"@type\":\"EntryPoint\",\"urlTemplate\":\"https:\/\/www.suno.com.br\/noticias\/?s={search_term_string}\"},\"query-input\":{\"@type\":\"PropertyValueSpecification\",\"valueRequired\":true,\"valueName\":\"search_term_string\"}}],\"inLanguage\":\"pt-BR\"},{\"@type\":\"Organization\",\"@id\":\"https:\/\/www.suno.com.br\/noticias\/#organization\",\"name\":\"Suno Not\u00edcias\",\"url\":\"https:\/\/www.suno.com.br\/noticias\/\",\"logo\":{\"@type\":\"ImageObject\",\"inLanguage\":\"pt-BR\",\"@id\":\"https:\/\/www.suno.com.br\/noticias\/#\/schema\/logo\/image\/\",\"url\":\"https:\/\/files.sunoresearch.com.br\/n\/uploads\/2021\/09\/suno-logo.png\",\"contentUrl\":\"https:\/\/files.sunoresearch.com.br\/n\/uploads\/2021\/09\/suno-logo.png\",\"width\":180,\"height\":180,\"caption\":\"Suno Not\u00edcias\"},\"image\":{\"@id\":\"https:\/\/www.suno.com.br\/noticias\/#\/schema\/logo\/image\/\"},\"sameAs\":[\"https:\/\/facebook.com\/sunoresearch\",\"https:\/\/x.com\/sunoresearch\",\"https:\/\/www.instagram.com\/suno\",\"https:\/\/www.linkedin.com\/company\/suno-research\/\",\"https:\/\/www.youtube.com\/c\/sunoresearch\"]},{\"@type\":\"Person\",\"@id\":\"https:\/\/www.suno.com.br\/noticias\/#\/schema\/person\/1db762f78ffd8919a648a63e425953e3\",\"name\":\"Juliano Passaro\",\"image\":{\"@type\":\"ImageObject\",\"inLanguage\":\"pt-BR\",\"@id\":\"https:\/\/www.suno.com.br\/noticias\/#\/schema\/person\/image\/\",\"url\":\"https:\/\/secure.gravatar.com\/avatar\/743d4df28eebf6dcc46b4ad03c319e92?s=96&r=g\",\"contentUrl\":\"https:\/\/secure.gravatar.com\/avatar\/743d4df28eebf6dcc46b4ad03c319e92?s=96&r=g\",\"caption\":\"Juliano Passaro\"},\"description\":\"Juliano Passaro escreve sobre pol\u00edtica, economia e neg\u00f3cios para o portal da Suno Research. Antes da Suno, trabalhou no Portal da Band. \u00c9 formado em jornalismo pela Universidade Presbiteriana Mackenzie.\",\"url\":\"https:\/\/www.suno.com.br\/noticias\/author\/juliano\/\"}]}<\/script>\n<!-- \/ Yoast SEO plugin. -->","yoast_head_json":{"title":"Coronav\u00edrus: Adidas anuncia fechamento de lojas na China","description":"A Adidas anunciou nesta quarta-feira (5) o fechamento de diversas lojas na China por conta da dissemina\u00e7\u00e3o do coronav\u00edrus. Clique e saiba mais","robots":{"index":"index","follow":"follow","max-snippet":"max-snippet:-1","max-image-preview":"max-image-preview:large","max-video-preview":"max-video-preview:-1"},"canonical":"https:\/\/www.suno.com.br\/noticias\/coronavirus-adidas-fechamento-lojas-china\/","og_locale":"pt_BR","og_type":"article","og_title":"Coronav\u00edrus: Adidas anuncia fechamento de lojas na China","og_description":"A Adidas anunciou nesta quarta-feira (5) o fechamento de diversas lojas na China por conta da dissemina\u00e7\u00e3o do coronav\u00edrus. Clique e saiba mais","og_url":"https:\/\/www.suno.com.br\/noticias\/coronavirus-adidas-fechamento-lojas-china\/","og_site_name":"Suno Not\u00edcias","article_publisher":"https:\/\/facebook.com\/sunoresearch","og_image":[{"width":1920,"height":1275,"url":"https:\/\/files.sunoresearch.com.br\/n\/uploads\/2018\/11\/c400f04e-adidas.jpg","type":"image\/jpeg"}],"author":"Juliano Passaro","twitter_card":"summary_large_image","twitter_creator":"@sunoresearch","twitter_site":"@sunoresearch","twitter_misc":{"Escrito por":"Juliano Passaro","Est. tempo de leitura":"2 minutos"},"schema":{"@context":"https:\/\/schema.org","@graph":[{"@type":"NewsArticle","@id":"https:\/\/www.suno.com.br\/noticias\/coronavirus-adidas-fechamento-lojas-china\/#article","isPartOf":{"@id":"https:\/\/www.suno.com.br\/noticias\/coronavirus-adidas-fechamento-lojas-china\/"},"author":{"name":"Juliano Passaro","@id":"https:\/\/www.suno.com.br\/noticias\/#\/schema\/person\/1db762f78ffd8919a648a63e425953e3"},"headline":"Coronav\u00edrus: Adidas anuncia fechamento de lojas na China","datePublished":"2020-02-05T18:41:52+00:00","dateModified":"2020-02-05T18:43:48+00:00","mainEntityOfPage":{"@id":"https:\/\/www.suno.com.br\/noticias\/coronavirus-adidas-fechamento-lojas-china\/"},"wordCount":482,"publisher":{"@id":"https:\/\/www.suno.com.br\/noticias\/#organization"},"image":{"@id":"https:\/\/www.suno.com.br\/noticias\/coronavirus-adidas-fechamento-lojas-china\/#primaryimage"},"thumbnailUrl":"https:\/\/files.sunoresearch.com.br\/n\/uploads\/2018\/11\/c400f04e-adidas-jpg.webp","keywords":["Adidas","coronav\u00edrus"],"articleSection":["Neg\u00f3cios"],"inLanguage":"pt-BR"},{"@type":"WebPage","@id":"https:\/\/www.suno.com.br\/noticias\/coronavirus-adidas-fechamento-lojas-china\/","url":"https:\/\/www.suno.com.br\/noticias\/coronavirus-adidas-fechamento-lojas-china\/","name":"Coronav\u00edrus: Adidas anuncia fechamento de lojas na China","isPartOf":{"@id":"https:\/\/www.suno.com.br\/noticias\/#website"},"primaryImageOfPage":{"@id":"https:\/\/www.suno.com.br\/noticias\/coronavirus-adidas-fechamento-lojas-china\/#primaryimage"},"image":{"@id":"https:\/\/www.suno.com.br\/noticias\/coronavirus-adidas-fechamento-lojas-china\/#primaryimage"},"thumbnailUrl":"https:\/\/files.sunoresearch.com.br\/n\/uploads\/2018\/11\/c400f04e-adidas-jpg.webp","datePublished":"2020-02-05T18:41:52+00:00","dateModified":"2020-02-05T18:43:48+00:00","description":"A Adidas anunciou nesta quarta-feira (5) o fechamento de diversas lojas na China por conta da dissemina\u00e7\u00e3o do coronav\u00edrus. Clique e saiba mais","breadcrumb":{"@id":"https:\/\/www.suno.com.br\/noticias\/coronavirus-adidas-fechamento-lojas-china\/#breadcrumb"},"inLanguage":"pt-BR","potentialAction":[{"@type":"ReadAction","target":["https:\/\/www.suno.com.br\/noticias\/coronavirus-adidas-fechamento-lojas-china\/"]}]},{"@type":"ImageObject","inLanguage":"pt-BR","@id":"https:\/\/www.suno.com.br\/noticias\/coronavirus-adidas-fechamento-lojas-china\/#primaryimage","url":"https:\/\/files.sunoresearch.com.br\/n\/uploads\/2018\/11\/c400f04e-adidas-jpg.webp","contentUrl":"https:\/\/files.sunoresearch.com.br\/n\/uploads\/2018\/11\/c400f04e-adidas-jpg.webp","width":1920,"height":1275,"caption":"coronav\u00edrus - Adidas"},{"@type":"BreadcrumbList","@id":"https:\/\/www.suno.com.br\/noticias\/coronavirus-adidas-fechamento-lojas-china\/#breadcrumb","itemListElement":[{"@type":"ListItem","position":1,"name":"Not\u00edcias","item":"https:\/\/www.suno.com.br\/noticias\/"},{"@type":"ListItem","position":2,"name":"Neg\u00f3cios","item":"https:\/\/www.suno.com.br\/noticias\/negocios\/"},{"@type":"ListItem","position":3,"name":"Coronav\u00edrus: Adidas anuncia fechamento de lojas na China"}]},{"@type":"WebSite","@id":"https:\/\/www.suno.com.br\/noticias\/#website","url":"https:\/\/www.suno.com.br\/noticias\/","name":"Suno Not\u00edcias","description":"Seu portal de informa\u00e7\u00e3o sobre o mundo dos investimentos","publisher":{"@id":"https:\/\/www.suno.com.br\/noticias\/#organization"},"potentialAction":[{"@type":"SearchAction","target":{"@type":"EntryPoint","urlTemplate":"https:\/\/www.suno.com.br\/noticias\/?s={search_term_string}"},"query-input":{"@type":"PropertyValueSpecification","valueRequired":true,"valueName":"search_term_string"}}],"inLanguage":"pt-BR"},{"@type":"Organization","@id":"https:\/\/www.suno.com.br\/noticias\/#organization","name":"Suno Not\u00edcias","url":"https:\/\/www.suno.com.br\/noticias\/","logo":{"@type":"ImageObject","inLanguage":"pt-BR","@id":"https:\/\/www.suno.com.br\/noticias\/#\/schema\/logo\/image\/","url":"https:\/\/files.sunoresearch.com.br\/n\/uploads\/2021\/09\/suno-logo.png","contentUrl":"https:\/\/files.sunoresearch.com.br\/n\/uploads\/2021\/09\/suno-logo.png","width":180,"height":180,"caption":"Suno Not\u00edcias"},"image":{"@id":"https:\/\/www.suno.com.br\/noticias\/#\/schema\/logo\/image\/"},"sameAs":["https:\/\/facebook.com\/sunoresearch","https:\/\/x.com\/sunoresearch","https:\/\/www.instagram.com\/suno","https:\/\/www.linkedin.com\/company\/suno-research\/","https:\/\/www.youtube.com\/c\/sunoresearch"]},{"@type":"Person","@id":"https:\/\/www.suno.com.br\/noticias\/#\/schema\/person\/1db762f78ffd8919a648a63e425953e3","name":"Juliano Passaro","image":{"@type":"ImageObject","inLanguage":"pt-BR","@id":"https:\/\/www.suno.com.br\/noticias\/#\/schema\/person\/image\/","url":"https:\/\/secure.gravatar.com\/avatar\/743d4df28eebf6dcc46b4ad03c319e92?s=96&r=g","contentUrl":"https:\/\/secure.gravatar.com\/avatar\/743d4df28eebf6dcc46b4ad03c319e92?s=96&r=g","caption":"Juliano Passaro"},"description":"Juliano Passaro escreve sobre pol\u00edtica, economia e neg\u00f3cios para o portal da Suno Research. Antes da Suno, trabalhou no Portal da Band. \u00c9 formado em jornalismo pela Universidade Presbiteriana Mackenzie.","url":"https:\/\/www.suno.com.br\/noticias\/author\/juliano\/"}]}},"default_loop_html":"<div class=\"cardsPage__listCard__boxs\"><div class=\"cardsPage__listCard__boxs__img\"><a href=\"https:\/\/www.suno.com.br\/noticias\/coronavirus-adidas-fechamento-lojas-china\/\"><img class=\"mask\" src=\"https:\/\/www.suno.com.br\/noticias\/wp-content\/themes\/suno\/resources\/images\/spotlight\/spotlight1img\/bg-mask.png\" alt=\"Image Mask\"\/><img src=\"https:\/\/files.sunoresearch.com.br\/n\/uploads\/2018\/11\/c400f04e-adidas-400x200.webp\" alt=\"Coronav\u00edrus: Adidas anuncia fechamento de lojas na China\"\/><\/a><span class=\"spotlightCategory\"><a href=\"https:\/\/www.suno.com.br\/noticias\/negocios\/\">Neg\u00f3cios<\/a><\/span><\/div><div class=\"cardsPage__listCard__boxs__content\"><a href=\"https:\/\/www.suno.com.br\/noticias\/coronavirus-adidas-fechamento-lojas-china\/\"><h2 class=\"content__title\">Coronav\u00edrus: Adidas anuncia fechamento de lojas na China<\/h2><\/a><div class=\"newsContent__article__meta\"><div class=\"newsContent__article__meta__authorBox\"><a href=\"https:\/\/www.suno.com.br\/noticias\/author\/juliano\/\" class=\"authorBox__avatar noMobi\"><img src=\"https:\/\/files.sunoresearch.com.br\/n\/uploads\/2019\/06\/7cc3efea-whatsapp-image-2019-07-18-at-21.59.33-e1563499821209-150x150.webp\" alt=\"Juliano Passaro\"><\/a><div class=\"authorBox__name\"><span>por\n\t\t\t<a href=\"https:\/\/www.suno.com.br\/noticias\/author\/juliano\/\"><span itemprop=\"author\">Juliano Passaro<\/span><\/a><\/span><time datetime=\"2020-02-05T16:41:52-03:00\" itemprop=\"datePublished\">05\/02\/2020 16:41<\/time><\/div><\/div><\/div><\/div><\/div>","single_layout":"posts","amp_enabled":true,"_links":{"self":[{"href":"https:\/\/www.suno.com.br\/noticias\/wp-json\/wp\/v2\/posts\/52078"}],"collection":[{"href":"https:\/\/www.suno.com.br\/noticias\/wp-json\/wp\/v2\/posts"}],"about":[{"href":"https:\/\/www.suno.com.br\/noticias\/wp-json\/wp\/v2\/types\/post"}],"author":[{"embeddable":true,"href":"https:\/\/www.suno.com.br\/noticias\/wp-json\/wp\/v2\/users\/19"}],"replies":[{"embeddable":true,"href":"https:\/\/www.suno.com.br\/noticias\/wp-json\/wp\/v2\/comments?post=52078"}],"version-history":[{"count":0,"href":"https:\/\/www.suno.com.br\/noticias\/wp-json\/wp\/v2\/posts\/52078\/revisions"}],"wp:featuredmedia":[{"embeddable":true,"href":"https:\/\/www.suno.com.br\/noticias\/wp-json\/wp\/v2\/media\/6092"}],"wp:attachment":[{"href":"https:\/\/www.suno.com.br\/noticias\/wp-json\/wp\/v2\/media?parent=52078"}],"wp:term":[{"taxonomy":"category","embeddable":true,"href":"https:\/\/www.suno.com.br\/noticias\/wp-json\/wp\/v2\/categories?post=52078"},{"taxonomy":"post_tag","embeddable":true,"href":"https:\/\/www.suno.com.br\/noticias\/wp-json\/wp\/v2\/tags?post=52078"},{"taxonomy":"suno_strategy","embeddable":true,"href":"https:\/\/www.suno.com.br\/noticias\/wp-json\/wp\/v2\/suno_strategy?post=52078"}],"curies":[{"name":"wp","href":"https:\/\/api.w.org\/{rel}","templated":true}]}}