{"id":520743,"date":"2024-02-06T22:47:23","date_gmt":"2024-02-07T01:47:23","guid":{"rendered":"https:\/\/www.suno.com.br\/noticias\/?p=520743"},"modified":"2024-02-06T22:47:36","modified_gmt":"2024-02-07T01:47:36","slug":"radar-tim-tims3-natura-ntco3-log-logg3","status":"publish","type":"post","link":"https:\/\/www.suno.com.br\/noticias\/radar-tim-tims3-natura-ntco3-log-logg3\/","title":{"rendered":"Radar: TIM (TIMS3) aumenta lucro no 4T23, analistas recomendam a\u00e7\u00f5es da Natura (NTCO3) e Log (LOGG3) anuncia dividendos de R$ 70 milh\u00f5es ap\u00f3s resultado"},"content":{"rendered":"<p><span style=\"font-family: Arial, Helvetica, sans-serif\">A\u00a0<\/span><strong style=\"font-family: Arial, Helvetica, sans-serif;padding: 0px;margin: 0px\">TIM<\/strong><span style=\"font-family: Arial, Helvetica, sans-serif\">\u00a0(TIMS3) reportou\u00a0<\/span><a class=\"suno-keyword\" data-force=\"no\" data-priority=\"1\" style=\"font-family: Arial, Helvetica, sans-serif;padding: 0px;margin: 0px;line-height: 34px;font-weight: bold\" href=\"https:\/\/www.suno.com.br\/artigos\/lucro-liquido\/\" target=\"_blank\" rel=\"noopener\">lucro l\u00edquido<\/a><span style=\"font-family: Arial, Helvetica, sans-serif\">\u00a0normalizado de R$ 900 milh\u00f5es no \u00faltimo trimestre de 2023, uma alta de 52,6% ante o mesmo intervalo do ano anterior. No consolidado de 2023, o lucro subiu 50,4% ante 2022, para R$ 2,69 bilh\u00f5es, segundo comunicado enviado \u00e0 Comiss\u00e3o de Valores Mobili\u00e1rios (CVM) nesta ter\u00e7a-feira (6).<\/span><\/p>\t<div class=\"wrapper-featured-image\">\n\t\t<figure class=\"spotlightImg\">\n\n\t\t\t<picture>\n\t\t\t\t<source media=\"(max-width: 768px)\" srcset=\"https:\/\/files.sunoresearch.com.br\/n\/uploads\/2023\/05\/TIM-400x200.jpg\">\n\t\t\t\t<img loading=\"lazy\" decoding=\"async\" class=\"newsContent__article__imgCapa lazyloadDisabled \" src=\"https:\/\/files.sunoresearch.com.br\/n\/uploads\/2023\/05\/TIM-800x450.jpg\" width=\"800\" height=\"450\" alt=\"Radar: TIM (TIMS3) aumenta lucro no 4T23, analistas recomendam a\u00e7\u00f5es da Natura (NTCO3) e Log (LOGG3) anuncia dividendos de R$ 70 milh\u00f5es ap\u00f3s resultado\" fetchpriority=high \/>\n\t\t\t<\/picture>\n\n\t\t\t<figcaption class=\"wp-caption-text wp-caption-text--show\">TIM. Foto: Divulga\u00e7\u00e3o<\/figcaption>\n\t\t<\/figure>\n\t<\/div>\n\n\n\n\n\n\t<p>\n\t\t<a href=\"https:\/\/lp.suno.com.br\/planilha-da-vida-financeira\/\" target=\"_blank\" data-element=\"shortcode-suno-banner\" title=\"Banner SUNO, clique e saiba mais\">\n\t\t\t<picture>\n\t\t\t\t<source media=\"(max-width: 500px)\" srcset=\"https:\/\/files.sunoresearch.com.br\/n\/uploads\/2023\/04\/400x300-Planilha-vida-financeira-true.png\">\n\t\t\t\t<img class=\"newsContent__article__imgCapa newsContent__article__imgCapa--banner\"\n\t\t\t\t\tsrc=\"https:\/\/files.sunoresearch.com.br\/n\/uploads\/2023\/04\/1420x240-Planilha-vida-financeira-true.png\"\n\t\t\t\t\tdata-promo-id=\"106682\"\t\t\t\t\t\t\t\t\t\twidth='1420' height='240'\t\t\t\t\talt=\"https:\/\/files.sunoresearch.com.br\/n\/uploads\/2023\/04\/1420x240-Planilha-vida-financeira-true.png\"\n\t\t\t\t>\n\t\t\t<\/picture>\n\t\t<\/a>\n\t<\/p>\n\n\n\n\n\n\n\n<p>O&nbsp;<strong>resultado da TIM<\/strong>&nbsp;no trimestre confirma a fase positiva da operadora, que vem ampliando a sua receita continuamente nos segmentos de telefonia e internet m\u00f3vel e fixa, com dilui\u00e7\u00e3o de custos e melhora da margem.<\/p>\n\n\n\n<p>Al\u00e9m disso, o<strong>&nbsp;balan\u00e7o da TIM<\/strong>&nbsp;teve ganhos de ordem cont\u00e1bil na linha de deprecia\u00e7\u00e3o e amortiza\u00e7\u00e3o, bem como redu\u00e7\u00e3o da linha de imposto de renda gra\u00e7as ao uso de benef\u00edcios fiscais.<\/p>\n\n\n\n<p>No per\u00edodo, a&nbsp;<strong>receita l\u00edquida<\/strong>&nbsp;<strong>da TIM<\/strong>&nbsp;totalizou R$ 6,27 bilh\u00f5es, um crescimento de 6,8% na compara\u00e7\u00e3o com o quarto trimestre do ano anterior.&nbsp;Em 2023, a linha teve alta de 10,6% na base anual, a R$ 23,87 milh\u00f5es.<\/p>\n\n\n\n<p>Por segmento de atua\u00e7\u00e3o, a&nbsp;<a target=\"_blank\" href=\"https:\/\/www.suno.com.br\/artigos\/o-que-receita-liquida\/\" rel=\"noreferrer noopener\">receita l\u00edquida<\/a>&nbsp;de servi\u00e7os da<strong>&nbsp;TIM no 4T23<\/strong>&nbsp;cresceu 7,2% na compara\u00e7\u00e3o anual e somou R$ 6,03 bilh\u00f5es. Do total, R$ 5,70 bilh\u00f5es referem-se ao servi\u00e7o m\u00f3vel, uma alta de 7,6% ante igual per\u00edodo de 2022, enquanto a receita com fixo aumentou 1,6% na mesma base de compara\u00e7\u00e3o, para R$ 329 milh\u00f5es.<\/p>\n\n\n\n<p>O&nbsp;<strong>Ebitda da TIM (lucro antes de juros, impostos, deprecia\u00e7\u00e3o e amortiza\u00e7\u00e3o) normalizado<\/strong>&nbsp;avan\u00e7ou 7,5% no trimestre na base anual, a R$ 3,15 bilh\u00f5es. No ano passado, o&nbsp;<a target=\"_blank\" href=\"https:\/\/www.suno.com.br\/artigos\/lucro-operacional\/\" rel=\"noreferrer noopener\">lucro operacional<\/a>&nbsp;cresceu 14,2% na compara\u00e7\u00e3o com 2022, a R$ 11,68 bilh\u00f5es.<\/p>\n\n\n\n<p>A&nbsp;<a target=\"_blank\" href=\"https:\/\/www.suno.com.br\/artigos\/margem-ebitda\/\" rel=\"noreferrer noopener\">margem Ebitda<\/a>&nbsp;normalizada da&nbsp;<strong>TIM no 4\u00ba quarto trimestre de 2023&nbsp;<\/strong>atingiu 50,2%, uma eleva\u00e7\u00e3o de 0,3 ponto percentual (pp) na compara\u00e7\u00e3o anual. Em 2023, a linha subiu 1,5 pp ante o ano anterior, a 48,9%.<\/p>\n\n\n\n<p>O ARPU (receita m\u00e9dia mensal por usu\u00e1rio) m\u00f3vel<strong>&nbsp;<\/strong>foi de R$ 31,1 ao final do trimestre na compara\u00e7\u00e3o anual, uma alta de 15,8% na compara\u00e7\u00e3o anual, registrando o maior valor da hist\u00f3ria recente, de acordo com a TIM. No ano passado, a ARPU foi de R$ 29,6, uma alta de 13% ante 2022. &nbsp;<\/p>\n\n\n\n<p>Ao final do quarto trimestre, a&nbsp;<strong>base de clientes m\u00f3veis da TIM<\/strong>&nbsp;somava 61,24 milh\u00f5es de clientes, uma queda de 2% em rela\u00e7\u00e3o ao mesmo per\u00edodo ao ano anterior. Na fibra, a operadora de telefonia tinha 802 mil clientes, uma alta de 12,1% na compara\u00e7\u00e3o anual.<\/p>\n\n\n\n<p>Al\u00e9m de Tim, confira outros destaques desta ter\u00e7a-feira:<\/p>\n\n\n\n<h2 class=\"wp-block-heading\">Natura (NTCO3): analistas recomendam compra e afirmam que separa\u00e7\u00e3o da Avon desbloquearia valor; a\u00e7\u00f5es sobem hoje<\/h2>\n\n\n\n<ul class=\"wp-block-list\">\n<li>O&nbsp;<a href=\"https:\/\/www.suno.com.br\/artigos\/conselho-administracao\/\" target=\"_blank\" rel=\"noreferrer noopener\">conselho de administra\u00e7\u00e3o<\/a>&nbsp;da<strong>&nbsp;Natura (NTCO3)<\/strong>&nbsp;autorizou sua diretoria a iniciar o processo de avalia\u00e7\u00e3o de uma poss\u00edvel separa\u00e7\u00e3o da Natura Latam e Avon. Segundo a XP, o an\u00fancio refor\u00e7a a estrat\u00e9gia da Natura de simplificar sua estrutura corporativa e desbloquear valor, uma vez que o movimento pode reduzir o P\/E (Pre\u00e7o\/Lucro) da companhia.&nbsp;<\/li>\n<\/ul>\n\n\n\n<ul class=\"wp-block-list\">\n<li>\u201cLevando em conta o&nbsp;<strong>preju\u00edzo l\u00edquido da Avon<\/strong>&nbsp;de R$1,4 bilh\u00e3o no 9M23 (nove meses de 2023), estimamos que a separa\u00e7\u00e3o poderia desbloquear valor quando se olha para o n\u00edvel do P\/E, potencialmente reduzindo o m\u00faltiplo de 2024 em rela\u00e7\u00e3o ao n\u00edvel de 20x (excluindo PPA) atualmente\u201d, aponta a XP.&nbsp;<\/li>\n<\/ul>\n\n\n\n<ul class=\"wp-block-list\">\n<li>No entanto, a corretora v\u00ea custos elevados para o&nbsp;<strong>neg\u00f3cio da Natura<\/strong>, com pagamentos de taxas e royalties pela Avon, mas compensado pela elimina\u00e7\u00e3o da estrutura pesada da&nbsp;<strong>Avon Internacional<\/strong>.<\/li>\n<\/ul>\n\n\n\n<ul class=\"wp-block-list\">\n<li>Al\u00e9m disso, a XP acredita que a opera\u00e7\u00e3o poderia ser concretizada em um prazo relativamente curto, j\u00e1 que a&nbsp;<strong>Natura&amp;Co<\/strong>&nbsp;levou 6 e 3 meses para anunciar as vendas da Aesop e TBS, respectivamente, a partir do dia em que a empresa divulgou a avalia\u00e7\u00e3o de alternativas estrat\u00e9gicas.&nbsp;<\/li>\n<\/ul>\n\n\n\n<ul class=\"wp-block-list\">\n<li>\u201cPara isso acontecer, acreditamos que uma cis\u00e3o seria a alternativa mais f\u00e1cil, pois n\u00e3o dependeria das condi\u00e7\u00f5es de mercado\u201d, diz a XP, que mant\u00e9m recomenda\u00e7\u00e3o de compra, com pre\u00e7o-alvo de R$ 20 para os&nbsp;<strong>pap\u00e9is da Natura<\/strong>.&nbsp;<\/li>\n<\/ul>\n\n\n\n<ul class=\"wp-block-list\">\n<li>Na tarde desta ter\u00e7a-feira (06), as&nbsp;<strong>a\u00e7\u00f5es da Natura<\/strong>&nbsp;registram forte alta no Ibovespa, cotadas a R$ 16,78 (+4,48%).&nbsp;<\/li>\n<\/ul>\n\n\n\n<h2 class=\"wp-block-heading\">Log (LOGG3): lucro salta 63,7% no 4T23; empresa anuncia dividendos de R$ 70 milh\u00f5es<\/h2>\n\n\n\n<ul class=\"wp-block-list\">\n<li>A&nbsp;<strong>Log Commercial Properties<\/strong>&nbsp;(LOGG3), controlada pelos fundadores da&nbsp;<a href=\"https:\/\/www.suno.com.br\/acoes\/MRVE3\/\" target=\"_blank\" rel=\"noreferrer noopener\">MRV (MRVE3)<\/a>, registrou&nbsp;<a href=\"https:\/\/www.suno.com.br\/artigos\/lucro-liquido\/\" target=\"_blank\" rel=\"noreferrer noopener\">lucro l\u00edquido<\/a>&nbsp;de R$ 73,28 milh\u00f5es no quarto trimestre de 2023, uma alta de 63,7% na base anual, de acordo com comunicado enviado \u00e0 Comiss\u00e3o de Valores Mobili\u00e1rios (CVM).<\/li>\n<\/ul>\n\n\n\n<ul class=\"wp-block-list\">\n<li>Em 2023, o&nbsp;<strong>lucro<\/strong>&nbsp;<strong>da Log<\/strong>&nbsp;caiu 51,3% ante o ano anterior, a R$ 194,96 milh\u00f5es. Segundo a Log, essa queda significativa na linha \u00e9 decorr\u00eancia da venda de ativos ao longo do ano, que totalizou R$ 1,2 bilh\u00e3o, com o objetivo reduzir a alavancagem da companhia.<\/li>\n<\/ul>\n\n\n\n<ul class=\"wp-block-list\">\n<li>No \u00faltimo trimestre de 2023, a&nbsp;<strong>receita l\u00edquida da Log<\/strong>&nbsp;somou R$ 47,60 milh\u00f5es, uma queda de 24,4% ante o mesmo intervalo de 2022. No ano, receita subiu 1,3% na compara\u00e7\u00e3o anual, para R$ 220,15 milh\u00f5es.<\/li>\n<\/ul>\n\n\n\n<ul class=\"wp-block-list\">\n<li>O&nbsp;<a href=\"https:\/\/www.suno.com.br\/artigos\/lucro-operacional\/\" target=\"_blank\" rel=\"noreferrer noopener\">lucro operacional<\/a>&nbsp;da&nbsp;<strong>empresa de<\/strong>&nbsp;<strong>galp\u00f5es log\u00edsticos<\/strong>, por sua vez, medido pelo Ebitda (lucro antes de juros, impostos,&nbsp;<a href=\"https:\/\/www.suno.com.br\/artigos\/depreciacao-amortizacao\/\" target=\"_blank\" rel=\"noreferrer noopener\">deprecia\u00e7\u00e3o e amortiza\u00e7\u00e3o<\/a>), foi de R$ 63,47 milh\u00f5es no quarto trimestre de 2023, uma baixa de 33,2% ante o mesmo per\u00edodo do ano anterior.<\/li>\n<\/ul>\n\n\n\n<h2 class=\"wp-block-heading\">Petrobras (PETR4) fecha acordo com ANP para pagar R$ 832,4 mi ao governo<\/h2>\n\n\n\n<ul class=\"wp-block-list\">\n<li>A&nbsp;<strong>Petrobras&nbsp;<\/strong>(PETR4) informou nesta ter\u00e7a-feira (6) a assinatura de contrato com a Ag\u00eancia Nacional do Petr\u00f3leo, G\u00e1s Natural e Biocombust\u00edveis (ANP), para o pagamento de R$ 832,4 milh\u00f5es, com o objetivo de encerrar o processo judicial envolvendo o rec\u00e1lculo de participa\u00e7\u00f5es do governo \u2013 as royalties \u2013 no Campo de Jubarte, no litoral do Esp\u00edrito Santo.<\/li>\n<\/ul>\n\n\n\n<ul class=\"wp-block-list\">\n<li>O processo \u00e9 referente&nbsp;<strong>\u00e0 produ\u00e7\u00e3o de petr\u00f3leo<\/strong>&nbsp;<strong>da Petrobras<\/strong>&nbsp;nos per\u00edodos de agosto de 2009 a fevereiro de 2011, e dezembro de 2012 a fevereiro de 2015, segundo comunicado enviado ao mercado.<\/li>\n<\/ul>\n\n\n\n<ul class=\"wp-block-list\">\n<li>Em rela\u00e7\u00e3o ao valor, a Petrobras disse que a base \u00e9 dezembro de 2023. No entanto, o valor do&nbsp;<strong>acordo com a ANP<\/strong>&nbsp;ser\u00e1 corrigido at\u00e9 a data de pagamento da parcela inicial. Pelo acordo, ser\u00e3o pagos uma parcela inicial de 35% do valor do total, enquanto o restante ser\u00e1 dividido em 48 parcelas corrigidas pela infla\u00e7\u00e3o.<\/li>\n<\/ul>\n\n\n\n<ul class=\"wp-block-list\">\n<li>Agora, o acordo entre a&nbsp;<strong>Petrobras e a ANP<\/strong>&nbsp;ser\u00e1 levado para homologa\u00e7\u00e3o do juiz da 23\u00aa Vara Federal do Rio de Janeiro. A parcela inicial, de acordo com a estatal, ser\u00e1 paga em at\u00e9 30 dias ap\u00f3s a homologa\u00e7\u00e3o do acordo pela Justi\u00e7a.<\/li>\n<\/ul>\n\n\n\n<ul class=\"wp-block-list\">\n<li>No comunicado, a empresa explicou que o valor ser\u00e1 provisionado nos resultados do terceiro trimestre de 2023.<\/li>\n<\/ul>\n\n\n\t<p>\n\t\t<a href=\"https:\/\/lp.suno.com.br\/ebook-como-analisar-uma-acao\/\" target=\"_blank\" data-element=\"shortcode-suno-banner\" title=\"Banner SUNO, clique e saiba mais\">\n\t\t\t<picture>\n\t\t\t\t<source media=\"(max-width: 500px)\" srcset=\"https:\/\/files.sunoresearch.com.br\/n\/uploads\/2023\/03\/Ebook-Acoes-Mobile.jpg\">\n\t\t\t\t<img class=\"newsContent__article__imgCapa newsContent__article__imgCapa--banner\"\n\t\t\t\t\tsrc=\"https:\/\/files.sunoresearch.com.br\/n\/uploads\/2023\/03\/Ebook-Acoes-Desktop.jpg\"\n\t\t\t\t\tdata-promo-id=\"378302\"\t\t\t\t\t\t\t\t\t\twidth='1420' height='286'\t\t\t\t\talt=\"https:\/\/files.sunoresearch.com.br\/n\/uploads\/2023\/03\/Ebook-Acoes-Desktop.jpg\"\n\t\t\t\t>\n\t\t\t<\/picture>\n\t\t<\/a>\n\t<\/p>\n\n\n\n\n\n<h2 class=\"wp-block-heading\">Ambev (ABEV3): volume de vendas manter\u00e1 n\u00edveis hist\u00f3ricos no 4T23, diz XP<\/h2>\n\n\n\n<ul class=\"wp-block-list\">\n<li>Em seu relat\u00f3rio mais recente sobre a&nbsp;<strong>Ambev<\/strong>&nbsp;(<a href=\"https:\/\/statusinvest.com.br\/acoes\/abev3?__hstc=189907700.57003753d8805be60d3d8f1693f0228c.1666093829288.1707186409268.1707265705914.350&amp;__hssc=189907700.9.1707265705914&amp;__hsfp=4259768707\">ABEV3<\/a>), a XP (<a href=\"https:\/\/www.suno.com.br\/bdrs\/xpbr31\/\">XPBR31<\/a>) diz estar otimista com os dados operacionais da companhia para o quatro trimestre de 2023. Os resultados est\u00e3o previstos para serem divulgados no pr\u00f3ximo dia 29 de fevereiro.<\/li>\n<\/ul>\n\n\n\n<ul class=\"wp-block-list\">\n<li>Para o per\u00edodo, a&nbsp;<strong>XP&nbsp;<\/strong>enxerga os volumes de&nbsp;<strong>vendas da Ambev<\/strong>&nbsp;mantendo altos n\u00edveis hist\u00f3ricos, juntamente com pre\u00e7os mais baixos de commodities e um hist\u00f3rico positivo de aumento de pre\u00e7os acima da infla\u00e7\u00e3o nos \u00faltimos trimestres.<\/li>\n<\/ul>\n\n\n\n<ul class=\"wp-block-list\">\n<li>\u201cNo entanto, no aspecto fiscal, at\u00e9 mesmo uma abordagem conservadora nos parece equivocada\u201d, refor\u00e7am os analistas Leonardo Alencar, Pedro Fonseca e Samuel Isaak.<\/li>\n<\/ul>\n\n\n\n<ul class=\"wp-block-list\">\n<li>Para a XP, a recupera\u00e7\u00e3o na produ\u00e7\u00e3o de&nbsp;<strong>bebidas alco\u00f3licas e n\u00e3o alco\u00f3licas da Ambev<\/strong>&nbsp;que come\u00e7ou no 3T23 n\u00e3o perdeu for\u00e7a no final do ano, e os dados de dezembro refor\u00e7aram a vis\u00e3o do banco de um quarto trimestre s\u00f3lido.<\/li>\n<\/ul>\n\n\n\n<ul class=\"wp-block-list\">\n<li>Tais proje\u00e7\u00f5es da XP ocorrem \u201capesar das dif\u00edceis compara\u00e7\u00f5es com a&nbsp;<strong>Copa do Mundo<\/strong>, especialmente em um ambiente complicado em que as temperaturas estavam acima da m\u00e9dia, mas tamb\u00e9m houve um efeito negativo das chuvas frequentes\u201d.<\/li>\n<\/ul>\n\n\n\n<ul class=\"wp-block-list\">\n<li>\u201cCom os dados de dezembro, nosso modelo de regress\u00e3o est\u00e1 agora estreitamente alinhado com nossa proje\u00e7\u00e3o para o&nbsp;<strong>4T23 da Ambev<\/strong>&nbsp;em 26,734 milh\u00f5es de hectolitros (+0,5% a\/a). Al\u00e9m disso, a atualiza\u00e7\u00e3o do modelo com os dados de dezembro sugere que a Ambev poderia crescer mais do que os conservadores 0,8% que projetamos para o ano\u201d, completa o banco.<\/li>\n<\/ul>\n\n\n\n<h2 class=\"wp-block-heading\">Iguatemi (IGTI11) anuncia projeto para reforma do Shopping Market Place<\/h2>\n\n\n\n<ul class=\"wp-block-list\">\n<li>A&nbsp;<strong>Iguatemi<\/strong>&nbsp;(<a href=\"https:\/\/statusinvest.com.br\/acoes\/igti11?__hstc=189907700.57003753d8805be60d3d8f1693f0228c.1666093829288.1707186409268.1707265705914.350&amp;__hssc=189907700.11.1707265705914&amp;__hsfp=4259768707\">IGTI11<\/a>), administradora de shoppings voltada para o p\u00fablico de alta renda, anunciou ao mercado o projeto de reforma (\u201cretrofit\u201d) do Shopping Market Place, localizado na Zona Sul de S\u00e3o Paulo. As obras est\u00e3o previstas para come\u00e7ar no primeiro semestre do ano que vem e ser\u00e3o realizadas em quatro fases.<\/li>\n<\/ul>\n\n\n\n<ul class=\"wp-block-list\">\n<li>Na primeira fase, segundo a Iguatemi, a companhia ir\u00e1 converter 3.980 metros quadrados em \u00e1rea bruta loc\u00e1vel do shopping em mais de 5.700 quadrados de \u00e1rea privativa de conjuntos comerciais e varejo em formato flex\u00edveis at\u00e9 o segundo semestre de 2026.<\/li>\n<\/ul>\n\n\n\n<ul class=\"wp-block-list\">\n<li>J\u00e1 na segunda fase, o projeto prev\u00ea a venda de uma fra\u00e7\u00e3o do terreno para a constru\u00e7\u00e3o de uma nova torre residencial de alto padr\u00e3o com o formato multifamily. O empreendimento ter\u00e1 11,4 mil metros quadrados de \u00e1rea privativa divididos em mais de 100 unidades de 50 a 300 metros quadrados.<\/li>\n<\/ul>\n\n\n\n<ul class=\"wp-block-list\">\n<li>A terceira fase compreende um novo projeto arquitet\u00f4nico para o&nbsp;<strong>Shopping Market Place<\/strong>, criando novos acessos a pedestres e visitantes, al\u00e9m da revitaliza\u00e7\u00e3o da fachada, requalifica\u00e7\u00e3o da pra\u00e7a de alimenta\u00e7\u00e3o e cria\u00e7\u00e3o de novas op\u00e7\u00f5es de lazer.<\/li>\n<\/ul>\n\n\n\n<ul class=\"wp-block-list\">\n<li>Por fim, na quarta fase, as duas torres comerciais que fazem parte do complexo tamb\u00e9m ter\u00e3o suas fachadas revitalizadas, com introdu\u00e7\u00e3o de uma arquitetura contempor\u00e2nea e atualiza\u00e7\u00e3o de estruturas internas.<\/li>\n<\/ul>\n\n\n\n<h2 class=\"wp-block-heading\">Cielo (CIEL3): analistas veem como positiva OPA do BB (BBAS3) e Bradesco (BBDC4); \u201cAlinhada com movimentos da concorr\u00eancia\u201d<\/h2>\n\n\n\n<ul class=\"wp-block-list\">\n<li>O&nbsp;<a href=\"https:\/\/www.suno.com.br\/acoes\/BBAS3\/\" target=\"_blank\" rel=\"noreferrer noopener\">Banco do Brasil (BBAS3)<\/a>&nbsp;e o&nbsp;<a href=\"https:\/\/www.suno.com.br\/acoes\/BBDC4\/\" target=\"_blank\" rel=\"noreferrer noopener\">Bradesco (BBDC4)<\/a>, controladores da<strong>&nbsp;Cielo&nbsp;<\/strong>(CIEL3), decidiram fazer uma&nbsp;<a href=\"https:\/\/www.suno.com.br\/artigos\/oferta-publica-aquisicao\/\" target=\"_blank\" rel=\"noreferrer noopener\">oferta p\u00fablica de aquisi\u00e7\u00e3o<\/a>&nbsp;de a\u00e7\u00f5es (OPA) para tirar a empresa da bolsa. Para a XP, a transa\u00e7\u00e3o \u00e9 positiva, alinhada aos movimentos recentes de&nbsp;<a href=\"https:\/\/www.suno.com.br\/acoes\/ITUB4\/\" target=\"_blank\" rel=\"noreferrer noopener\">Ita\u00fa (ITUB4)<\/a>&nbsp;e&nbsp;<a href=\"https:\/\/www.suno.com.br\/acoes\/SANB11\/\" target=\"_blank\" rel=\"noreferrer noopener\">Santander (SANB11)<\/a>, que integraram ainda mais a Rede e a Getnet.<\/li>\n<\/ul>\n\n\n\n<ul class=\"wp-block-list\">\n<li>\u201cOutros pontos positivos incluem a poss\u00edvel flexibilidade na tomada de decis\u00e3o sem acionistas minorit\u00e1rios, a redu\u00e7\u00e3o do n\u00edvel de disclosure com a deslistagem e consequente acesso pelos concorrentes\u201d, aponta a&nbsp;<strong>XP<\/strong>.&nbsp;<\/li>\n<\/ul>\n\n\n\n<ul class=\"wp-block-list\">\n<li>Segundo a Research, o<strong>&nbsp;desenho da OPA&nbsp;<\/strong>que n\u00e3o transforma a Cielo em uma estatal e a redu\u00e7\u00e3o da necessidade de lucro como companhia fechada possibilita a oferta de produtos integrados para alavancar o business de cr\u00e9dito em diferentes frentes.&nbsp;<\/li>\n<\/ul>\n\n\n\n<ul class=\"wp-block-list\">\n<li>Caso a oferta seja concretizada, o BB ficaria com 49,99% do&nbsp;<strong>capital da Cielo<\/strong>&nbsp;e o&nbsp;<strong>Bradesco<\/strong>&nbsp;com o restante (50,01%). Atualmente, o&nbsp;<strong>Banco do Brasil<\/strong>&nbsp;conta com uma participa\u00e7\u00e3o de 28,65% na Cielo, e o Bradesco, de 30,06%. O&nbsp;<a href=\"https:\/\/www.suno.com.br\/artigos\/free-float\/\" target=\"_blank\" rel=\"noreferrer noopener\">free float<\/a>&nbsp;(a\u00e7\u00f5es em circula\u00e7\u00e3o) da Cielo fica em 40,57%.<\/li>\n<\/ul>\n\n\n\n<ul class=\"wp-block-list\">\n<li>O pre\u00e7o ofertado \u00e9 de R$ 5,35 por a\u00e7\u00e3o, mas ser\u00e1 ajustado por proventos, incluindo os&nbsp;<a href=\"https:\/\/www.suno.com.br\/artigos\/entenda-o-jcp\/\" target=\"_blank\" rel=\"noreferrer noopener\">Juros sobre Capital Pr\u00f3prio<\/a>&nbsp;(JCP) de R$ 410 milh\u00f5es que ser\u00e3o pagos em abril de 2024.<\/li>\n<\/ul>\n\n\n\n<ul class=\"wp-block-list\">\n<li>\u201cO baixo potencial em rela\u00e7\u00e3o ao pre\u00e7o da oferta deve criar discuss\u00f5es sobre o valuation de fechamento de capital, assim como foi quando o Ita\u00fa fechou o&nbsp;<strong>capital da Redecard<\/strong>&nbsp;(Rede) em 2012. Considerando o pre\u00e7o de fechamento de ontem (5\/fev\/2024) de R$ 5,03 por a\u00e7\u00e3o, o pre\u00e7o da oferta de R$ 5,35 daria um upside de apenas 6,36%. Se descontarmos o JCP a ser recebido, o upside cairia para meros 3,4%\u201d, alerta a Genial Investimentos.<\/li>\n<\/ul>\n\n\n\n<ul class=\"wp-block-list\">\n<li>Segundo a Genial, do ponto de vista dos neg\u00f3cios, para o BB,&nbsp;<strong>Bradesco e Cielo<\/strong>, o fechamento de capital faz sentido. Os analistas avaliam que&nbsp; o cen\u00e1rio de adquir\u00eancia passou por mudan\u00e7as significativas e a perspectiva de um neg\u00f3cio consistentemente rent\u00e1vel \u00e9 baixa. \u201cO Ita\u00fa com a Rede e o Santander com a&nbsp;<strong>Getnet<\/strong>&nbsp;conseguiram integrar vendas cruzadas de produtos banc\u00e1rios e adquir\u00eancia de forma mais eficaz do que o&nbsp;<strong>Bradesco, Banco do Brasil e Cielo<\/strong>.\u201d<\/li>\n<\/ul>\n\n\n\n<ul class=\"wp-block-list\">\n<li>Outra raz\u00e3o para o fechamento de capital \u00e9 o imbr\u00f3glio envolvendo a Cateno (receita de interc\u00e2mbio de&nbsp;<a href=\"https:\/\/www.suno.com.br\/artigos\/cartao-de-credito\/\" target=\"_blank\" rel=\"noreferrer noopener\">cart\u00e3o de cr\u00e9dito<\/a>&nbsp;do Banco do Brasil, vendida para a Cielo em 2014).&nbsp;Sem um grande upside em rela\u00e7\u00e3o a oferta, a Genial reitera recomenda\u00e7\u00e3o de manter as a\u00e7\u00f5es, ajustando o pre\u00e7o-alvo para R$ 5,2.<\/li>\n<\/ul>\n\n\n\n<p>Da Tim \u00e0 Log, essas foram as empresas que se destacaram hoje. Para ler todas as mat\u00e9rias&nbsp;<strong><a href=\"https:\/\/www.suno.com.br\/noticias\/todos\/?utm_content=XYOE2ItQuUY.20201113&amp;utm_campaign=Track%2B&amp;utm_medium=video&amp;utm_source=telegram.sunoresearch\" target=\"_blank\" rel=\"noreferrer noopener\">clique aqui<\/a><\/strong>.<a href=\"https:\/\/lp.suno.com.br\/planilha-da-vida-financeira\/\" target=\"_blank\" rel=\"noreferrer noopener\"><\/a><a href=\"https:\/\/lp.suno.com.br\/cl\/webinario-suno-black-2024\/\" target=\"_blank\" rel=\"noreferrer noopener\"><\/a><a href=\"https:\/\/lp.suno.com.br\/planilha-da-vida-financeira\/\" target=\"_blank\" rel=\"noreferrer noopener\"><\/a><a href=\"https:\/\/lp.suno.com.br\/planilha-da-vida-financeira\/\" target=\"_blank\" rel=\"noreferrer noopener\"><\/a><a href=\"https:\/\/lp.suno.com.br\/planilha-da-vida-financeira\/\" target=\"_blank\" rel=\"noreferrer noopener\"><\/a><a href=\"https:\/\/lp.suno.com.br\/planilha-da-vida-financeira\/\" target=\"_blank\" rel=\"noreferrer noopener\"><\/a><a href=\"https:\/\/lp.suno.com.br\/planilha-da-vida-financeira\/\" target=\"_blank\" rel=\"noreferrer noopener\"><\/a><a href=\"https:\/\/lp.suno.com.br\/planilha-da-vida-financeira\/\" target=\"_blank\" rel=\"noreferrer noopener\"><\/a><a href=\"https:\/\/lp.suno.com.br\/planilha-da-vida-financeira\/\" target=\"_blank\" rel=\"noreferrer noopener\"><\/a><a href=\"https:\/\/lp.suno.com.br\/planilha-da-vida-financeira\/\" target=\"_blank\" rel=\"noreferrer noopener\"><\/a><a href=\"https:\/\/lp.suno.com.br\/planilha-da-vida-financeira\/\" target=\"_blank\" rel=\"noreferrer noopener\"><\/a><a href=\"https:\/\/lp.suno.com.br\/planilha-da-vida-financeira\/\" target=\"_blank\" rel=\"noreferrer noopener\"><\/a><a href=\"https:\/\/lp.suno.com.br\/planilha-da-vida-financeira\/\" target=\"_blank\" rel=\"noreferrer noopener\"><\/a><\/p>\n\n\n\t<p>\n\t\t<a href=\"https:\/\/lp.suno.com.br\/planilha-da-vida-financeira\/\" target=\"_blank\" data-element=\"shortcode-suno-banner\" title=\"Banner SUNO, clique e saiba mais\">\n\t\t\t<picture>\n\t\t\t\t<source media=\"(max-width: 500px)\" srcset=\"https:\/\/files.sunoresearch.com.br\/n\/uploads\/2023\/04\/400x300-Planilha-vida-financeira-true.png\">\n\t\t\t\t<img class=\"newsContent__article__imgCapa newsContent__article__imgCapa--banner\"\n\t\t\t\t\tsrc=\"https:\/\/files.sunoresearch.com.br\/n\/uploads\/2023\/04\/1420x240-Planilha-vida-financeira-true.png\"\n\t\t\t\t\tdata-promo-id=\"383123\"\t\t\t\t\t\t\t\t\t\twidth='1420' height='240'\t\t\t\t\talt=\"https:\/\/files.sunoresearch.com.br\/n\/uploads\/2023\/04\/1420x240-Planilha-vida-financeira-true.png\"\n\t\t\t\t>\n\t\t\t<\/picture>\n\t\t<\/a>\n\t<\/p>\n\n\n","protected":false},"excerpt":{"rendered":"<p>A\u00a0TIM\u00a0(TIMS3) reportou\u00a0lucro l\u00edquido\u00a0normalizado de R$ 900 milh\u00f5es no \u00faltimo trimestre de 2023, uma alta de 52,6% ante o mesmo intervalo do ano anterior. No consolidado de 2023, o lucro subiu 50,4% ante 2022, para R$ 2,69 bilh\u00f5es, segundo comunicado enviado \u00e0 Comiss\u00e3o de Valores Mobili\u00e1rios (CVM) nesta ter\u00e7a-feira (6). TIM. Foto: Divulga\u00e7\u00e3o O&nbsp;resultado da TIM&nbsp;no [&hellip;]<\/p>\n","protected":false},"author":227,"featured_media":401920,"comment_status":"closed","ping_status":"closed","sticky":false,"template":"","format":"standard","meta":[],"categories":[64],"tags":[359,423,505,2052,574,595,663],"suno_strategy":[],"class_list":["post-520743","post","type-post","status-publish","format-standard","has-post-thumbnail","hentry","category-negocios","tag-ambev-abev3","tag-cielo-ciel3","tag-iguatemi-igta3","tag-log-logg3","tag-natura-ntco3","tag-petrobras-petr4","tag-tim-tims3"],"yoast_head":"<!-- This site is optimized with the Yoast SEO plugin v24.4 - https:\/\/yoast.com\/wordpress\/plugins\/seo\/ -->\n<title>Radar: TIM (TIMS3) aumenta lucro no 4T23, analistas recomendam a\u00e7\u00f5es da Natura (NTCO3) e Log (LOGG3) anuncia dividendos de R$ 70 milh\u00f5es ap\u00f3s resultado<\/title>\n<meta name=\"description\" content=\"TIM (TIMS3) registra lucro milion\u00e1rio no 4T23, analistas recomendam compra da Natura (NTCO3) e Log (LOGG3) anuncia dividendos de R$ 70 milh\u00f5es ap\u00f3s resultado\" \/>\n<meta name=\"robots\" content=\"index, follow, max-snippet:-1, max-image-preview:large, max-video-preview:-1\" \/>\n<link rel=\"canonical\" href=\"https:\/\/www.suno.com.br\/noticias\/radar-tim-tims3-natura-ntco3-log-logg3\/\" \/>\n<meta property=\"og:locale\" content=\"pt_BR\" \/>\n<meta property=\"og:type\" content=\"article\" \/>\n<meta property=\"og:title\" content=\"Radar: TIM (TIMS3) aumenta lucro no 4T23, analistas recomendam a\u00e7\u00f5es da Natura (NTCO3) e Log (LOGG3) anuncia dividendos de R$ 70 milh\u00f5es ap\u00f3s resultado\" \/>\n<meta property=\"og:description\" content=\"TIM (TIMS3) registra lucro milion\u00e1rio no 4T23, analistas recomendam compra da Natura (NTCO3) e Log (LOGG3) anuncia dividendos de R$ 70 milh\u00f5es ap\u00f3s resultado\" \/>\n<meta property=\"og:url\" content=\"https:\/\/www.suno.com.br\/noticias\/radar-tim-tims3-natura-ntco3-log-logg3\/\" \/>\n<meta property=\"og:site_name\" content=\"Suno Not\u00edcias\" \/>\n<meta property=\"article:publisher\" content=\"https:\/\/facebook.com\/sunoresearch\" \/>\n<meta property=\"og:image\" content=\"https:\/\/files.sunoresearch.com.br\/n\/uploads\/2023\/05\/TIM.jpg\" \/>\n\t<meta property=\"og:image:width\" content=\"1300\" \/>\n\t<meta property=\"og:image:height\" content=\"867\" \/>\n\t<meta property=\"og:image:type\" content=\"image\/jpeg\" \/>\n<meta name=\"author\" content=\"Vanessa Loiola\" \/>\n<meta name=\"twitter:card\" content=\"summary_large_image\" \/>\n<meta name=\"twitter:creator\" content=\"@sunoresearch\" \/>\n<meta name=\"twitter:site\" content=\"@sunoresearch\" \/>\n<meta name=\"twitter:label1\" content=\"Escrito por\" \/>\n\t<meta name=\"twitter:data1\" content=\"Vanessa Loiola\" \/>\n\t<meta name=\"twitter:label2\" content=\"Est. tempo de leitura\" \/>\n\t<meta name=\"twitter:data2\" content=\"11 minutos\" \/>\n<script type=\"application\/ld+json\" class=\"yoast-schema-graph\">{\"@context\":\"https:\/\/schema.org\",\"@graph\":[{\"@type\":\"NewsArticle\",\"@id\":\"https:\/\/www.suno.com.br\/noticias\/radar-tim-tims3-natura-ntco3-log-logg3\/#article\",\"isPartOf\":{\"@id\":\"https:\/\/www.suno.com.br\/noticias\/radar-tim-tims3-natura-ntco3-log-logg3\/\"},\"author\":{\"name\":\"Vanessa Loiola\",\"@id\":\"https:\/\/www.suno.com.br\/noticias\/#\/schema\/person\/450c455ecff319bab1f1a0e643451479\"},\"headline\":\"Radar: TIM (TIMS3) aumenta lucro no 4T23, analistas recomendam a\u00e7\u00f5es da Natura (NTCO3) e Log (LOGG3) anuncia dividendos de R$ 70 milh\u00f5es ap\u00f3s resultado\",\"datePublished\":\"2024-02-07T01:47:23+00:00\",\"dateModified\":\"2024-02-07T01:47:36+00:00\",\"mainEntityOfPage\":{\"@id\":\"https:\/\/www.suno.com.br\/noticias\/radar-tim-tims3-natura-ntco3-log-logg3\/\"},\"wordCount\":2238,\"publisher\":{\"@id\":\"https:\/\/www.suno.com.br\/noticias\/#organization\"},\"image\":{\"@id\":\"https:\/\/www.suno.com.br\/noticias\/radar-tim-tims3-natura-ntco3-log-logg3\/#primaryimage\"},\"thumbnailUrl\":\"https:\/\/files.sunoresearch.com.br\/n\/uploads\/2023\/05\/TIM.jpg\",\"keywords\":[\"AMBEV (ABEV3)\",\"Cielo (CIEL3)\",\"Iguatemi (IGTA3)\",\"Log (LOGG3)\",\"Natura (NTCO3)\",\"Petrobras (PETR4)\",\"TIM (TIMS3)\"],\"articleSection\":[\"Neg\u00f3cios\"],\"inLanguage\":\"pt-BR\"},{\"@type\":\"WebPage\",\"@id\":\"https:\/\/www.suno.com.br\/noticias\/radar-tim-tims3-natura-ntco3-log-logg3\/\",\"url\":\"https:\/\/www.suno.com.br\/noticias\/radar-tim-tims3-natura-ntco3-log-logg3\/\",\"name\":\"Radar: TIM (TIMS3) aumenta lucro no 4T23, analistas recomendam a\u00e7\u00f5es da Natura (NTCO3) e Log (LOGG3) anuncia dividendos de R$ 70 milh\u00f5es ap\u00f3s resultado\",\"isPartOf\":{\"@id\":\"https:\/\/www.suno.com.br\/noticias\/#website\"},\"primaryImageOfPage\":{\"@id\":\"https:\/\/www.suno.com.br\/noticias\/radar-tim-tims3-natura-ntco3-log-logg3\/#primaryimage\"},\"image\":{\"@id\":\"https:\/\/www.suno.com.br\/noticias\/radar-tim-tims3-natura-ntco3-log-logg3\/#primaryimage\"},\"thumbnailUrl\":\"https:\/\/files.sunoresearch.com.br\/n\/uploads\/2023\/05\/TIM.jpg\",\"datePublished\":\"2024-02-07T01:47:23+00:00\",\"dateModified\":\"2024-02-07T01:47:36+00:00\",\"description\":\"TIM (TIMS3) registra lucro milion\u00e1rio no 4T23, analistas recomendam compra da Natura (NTCO3) e Log (LOGG3) anuncia dividendos de R$ 70 milh\u00f5es ap\u00f3s resultado\",\"breadcrumb\":{\"@id\":\"https:\/\/www.suno.com.br\/noticias\/radar-tim-tims3-natura-ntco3-log-logg3\/#breadcrumb\"},\"inLanguage\":\"pt-BR\",\"potentialAction\":[{\"@type\":\"ReadAction\",\"target\":[\"https:\/\/www.suno.com.br\/noticias\/radar-tim-tims3-natura-ntco3-log-logg3\/\"]}]},{\"@type\":\"ImageObject\",\"inLanguage\":\"pt-BR\",\"@id\":\"https:\/\/www.suno.com.br\/noticias\/radar-tim-tims3-natura-ntco3-log-logg3\/#primaryimage\",\"url\":\"https:\/\/files.sunoresearch.com.br\/n\/uploads\/2023\/05\/TIM.jpg\",\"contentUrl\":\"https:\/\/files.sunoresearch.com.br\/n\/uploads\/2023\/05\/TIM.jpg\",\"width\":1300,\"height\":867,\"caption\":\"TIM. Foto: Divulga\u00e7\u00e3o\"},{\"@type\":\"BreadcrumbList\",\"@id\":\"https:\/\/www.suno.com.br\/noticias\/radar-tim-tims3-natura-ntco3-log-logg3\/#breadcrumb\",\"itemListElement\":[{\"@type\":\"ListItem\",\"position\":1,\"name\":\"Not\u00edcias\",\"item\":\"https:\/\/www.suno.com.br\/noticias\/\"},{\"@type\":\"ListItem\",\"position\":2,\"name\":\"Neg\u00f3cios\",\"item\":\"https:\/\/www.suno.com.br\/noticias\/negocios\/\"},{\"@type\":\"ListItem\",\"position\":3,\"name\":\"Radar: TIM (TIMS3) aumenta lucro no 4T23, analistas recomendam a\u00e7\u00f5es da Natura (NTCO3) e Log (LOGG3) anuncia dividendos de R$ 70 milh\u00f5es ap\u00f3s resultado\"}]},{\"@type\":\"WebSite\",\"@id\":\"https:\/\/www.suno.com.br\/noticias\/#website\",\"url\":\"https:\/\/www.suno.com.br\/noticias\/\",\"name\":\"Suno Not\u00edcias\",\"description\":\"Seu portal de informa\u00e7\u00e3o sobre o mundo dos investimentos\",\"publisher\":{\"@id\":\"https:\/\/www.suno.com.br\/noticias\/#organization\"},\"potentialAction\":[{\"@type\":\"SearchAction\",\"target\":{\"@type\":\"EntryPoint\",\"urlTemplate\":\"https:\/\/www.suno.com.br\/noticias\/?s={search_term_string}\"},\"query-input\":{\"@type\":\"PropertyValueSpecification\",\"valueRequired\":true,\"valueName\":\"search_term_string\"}}],\"inLanguage\":\"pt-BR\"},{\"@type\":\"Organization\",\"@id\":\"https:\/\/www.suno.com.br\/noticias\/#organization\",\"name\":\"Suno Not\u00edcias\",\"url\":\"https:\/\/www.suno.com.br\/noticias\/\",\"logo\":{\"@type\":\"ImageObject\",\"inLanguage\":\"pt-BR\",\"@id\":\"https:\/\/www.suno.com.br\/noticias\/#\/schema\/logo\/image\/\",\"url\":\"https:\/\/files.sunoresearch.com.br\/n\/uploads\/2021\/09\/suno-logo.png\",\"contentUrl\":\"https:\/\/files.sunoresearch.com.br\/n\/uploads\/2021\/09\/suno-logo.png\",\"width\":180,\"height\":180,\"caption\":\"Suno Not\u00edcias\"},\"image\":{\"@id\":\"https:\/\/www.suno.com.br\/noticias\/#\/schema\/logo\/image\/\"},\"sameAs\":[\"https:\/\/facebook.com\/sunoresearch\",\"https:\/\/x.com\/sunoresearch\",\"https:\/\/www.instagram.com\/suno\",\"https:\/\/www.linkedin.com\/company\/suno-research\/\",\"https:\/\/www.youtube.com\/c\/sunoresearch\"]},{\"@type\":\"Person\",\"@id\":\"https:\/\/www.suno.com.br\/noticias\/#\/schema\/person\/450c455ecff319bab1f1a0e643451479\",\"name\":\"Vanessa Loiola\",\"image\":{\"@type\":\"ImageObject\",\"inLanguage\":\"pt-BR\",\"@id\":\"https:\/\/www.suno.com.br\/noticias\/#\/schema\/person\/image\/\",\"url\":\"https:\/\/secure.gravatar.com\/avatar\/8b41117f9780831919eb38da349c3f20?s=96&r=g\",\"contentUrl\":\"https:\/\/secure.gravatar.com\/avatar\/8b41117f9780831919eb38da349c3f20?s=96&r=g\",\"caption\":\"Vanessa Loiola\"},\"description\":\"Jornalista formada pela PUC-SP, com experi\u00eancia na cobertura das editorias de economia, finan\u00e7as, bolsa de valores, pol\u00edtica, energia solar e entretenimento. Com passagem pela BM&amp;C News e RedeTV!\",\"url\":\"https:\/\/www.suno.com.br\/noticias\/author\/vanessal-loiolagmail-com\/\"}]}<\/script>\n<!-- \/ Yoast SEO plugin. -->","yoast_head_json":{"title":"Radar: TIM (TIMS3) aumenta lucro no 4T23, analistas recomendam a\u00e7\u00f5es da Natura (NTCO3) e Log (LOGG3) anuncia dividendos de R$ 70 milh\u00f5es ap\u00f3s resultado","description":"TIM (TIMS3) registra lucro milion\u00e1rio no 4T23, analistas recomendam compra da Natura (NTCO3) e Log (LOGG3) anuncia dividendos de R$ 70 milh\u00f5es ap\u00f3s resultado","robots":{"index":"index","follow":"follow","max-snippet":"max-snippet:-1","max-image-preview":"max-image-preview:large","max-video-preview":"max-video-preview:-1"},"canonical":"https:\/\/www.suno.com.br\/noticias\/radar-tim-tims3-natura-ntco3-log-logg3\/","og_locale":"pt_BR","og_type":"article","og_title":"Radar: TIM (TIMS3) aumenta lucro no 4T23, analistas recomendam a\u00e7\u00f5es da Natura (NTCO3) e Log (LOGG3) anuncia dividendos de R$ 70 milh\u00f5es ap\u00f3s resultado","og_description":"TIM (TIMS3) registra lucro milion\u00e1rio no 4T23, analistas recomendam compra da Natura (NTCO3) e Log (LOGG3) anuncia dividendos de R$ 70 milh\u00f5es ap\u00f3s resultado","og_url":"https:\/\/www.suno.com.br\/noticias\/radar-tim-tims3-natura-ntco3-log-logg3\/","og_site_name":"Suno Not\u00edcias","article_publisher":"https:\/\/facebook.com\/sunoresearch","og_image":[{"width":1300,"height":867,"url":"https:\/\/files.sunoresearch.com.br\/n\/uploads\/2023\/05\/TIM.jpg","type":"image\/jpeg"}],"author":"Vanessa Loiola","twitter_card":"summary_large_image","twitter_creator":"@sunoresearch","twitter_site":"@sunoresearch","twitter_misc":{"Escrito por":"Vanessa Loiola","Est. tempo de leitura":"11 minutos"},"schema":{"@context":"https:\/\/schema.org","@graph":[{"@type":"NewsArticle","@id":"https:\/\/www.suno.com.br\/noticias\/radar-tim-tims3-natura-ntco3-log-logg3\/#article","isPartOf":{"@id":"https:\/\/www.suno.com.br\/noticias\/radar-tim-tims3-natura-ntco3-log-logg3\/"},"author":{"name":"Vanessa Loiola","@id":"https:\/\/www.suno.com.br\/noticias\/#\/schema\/person\/450c455ecff319bab1f1a0e643451479"},"headline":"Radar: TIM (TIMS3) aumenta lucro no 4T23, analistas recomendam a\u00e7\u00f5es da Natura (NTCO3) e Log (LOGG3) anuncia dividendos de R$ 70 milh\u00f5es ap\u00f3s resultado","datePublished":"2024-02-07T01:47:23+00:00","dateModified":"2024-02-07T01:47:36+00:00","mainEntityOfPage":{"@id":"https:\/\/www.suno.com.br\/noticias\/radar-tim-tims3-natura-ntco3-log-logg3\/"},"wordCount":2238,"publisher":{"@id":"https:\/\/www.suno.com.br\/noticias\/#organization"},"image":{"@id":"https:\/\/www.suno.com.br\/noticias\/radar-tim-tims3-natura-ntco3-log-logg3\/#primaryimage"},"thumbnailUrl":"https:\/\/files.sunoresearch.com.br\/n\/uploads\/2023\/05\/TIM.jpg","keywords":["AMBEV (ABEV3)","Cielo (CIEL3)","Iguatemi (IGTA3)","Log (LOGG3)","Natura (NTCO3)","Petrobras (PETR4)","TIM (TIMS3)"],"articleSection":["Neg\u00f3cios"],"inLanguage":"pt-BR"},{"@type":"WebPage","@id":"https:\/\/www.suno.com.br\/noticias\/radar-tim-tims3-natura-ntco3-log-logg3\/","url":"https:\/\/www.suno.com.br\/noticias\/radar-tim-tims3-natura-ntco3-log-logg3\/","name":"Radar: TIM (TIMS3) aumenta lucro no 4T23, analistas recomendam a\u00e7\u00f5es da Natura (NTCO3) e Log (LOGG3) anuncia dividendos de R$ 70 milh\u00f5es ap\u00f3s resultado","isPartOf":{"@id":"https:\/\/www.suno.com.br\/noticias\/#website"},"primaryImageOfPage":{"@id":"https:\/\/www.suno.com.br\/noticias\/radar-tim-tims3-natura-ntco3-log-logg3\/#primaryimage"},"image":{"@id":"https:\/\/www.suno.com.br\/noticias\/radar-tim-tims3-natura-ntco3-log-logg3\/#primaryimage"},"thumbnailUrl":"https:\/\/files.sunoresearch.com.br\/n\/uploads\/2023\/05\/TIM.jpg","datePublished":"2024-02-07T01:47:23+00:00","dateModified":"2024-02-07T01:47:36+00:00","description":"TIM (TIMS3) registra lucro milion\u00e1rio no 4T23, analistas recomendam compra da Natura (NTCO3) e Log (LOGG3) anuncia dividendos de R$ 70 milh\u00f5es ap\u00f3s resultado","breadcrumb":{"@id":"https:\/\/www.suno.com.br\/noticias\/radar-tim-tims3-natura-ntco3-log-logg3\/#breadcrumb"},"inLanguage":"pt-BR","potentialAction":[{"@type":"ReadAction","target":["https:\/\/www.suno.com.br\/noticias\/radar-tim-tims3-natura-ntco3-log-logg3\/"]}]},{"@type":"ImageObject","inLanguage":"pt-BR","@id":"https:\/\/www.suno.com.br\/noticias\/radar-tim-tims3-natura-ntco3-log-logg3\/#primaryimage","url":"https:\/\/files.sunoresearch.com.br\/n\/uploads\/2023\/05\/TIM.jpg","contentUrl":"https:\/\/files.sunoresearch.com.br\/n\/uploads\/2023\/05\/TIM.jpg","width":1300,"height":867,"caption":"TIM. Foto: Divulga\u00e7\u00e3o"},{"@type":"BreadcrumbList","@id":"https:\/\/www.suno.com.br\/noticias\/radar-tim-tims3-natura-ntco3-log-logg3\/#breadcrumb","itemListElement":[{"@type":"ListItem","position":1,"name":"Not\u00edcias","item":"https:\/\/www.suno.com.br\/noticias\/"},{"@type":"ListItem","position":2,"name":"Neg\u00f3cios","item":"https:\/\/www.suno.com.br\/noticias\/negocios\/"},{"@type":"ListItem","position":3,"name":"Radar: TIM (TIMS3) aumenta lucro no 4T23, analistas recomendam a\u00e7\u00f5es da Natura (NTCO3) e Log (LOGG3) anuncia dividendos de R$ 70 milh\u00f5es ap\u00f3s resultado"}]},{"@type":"WebSite","@id":"https:\/\/www.suno.com.br\/noticias\/#website","url":"https:\/\/www.suno.com.br\/noticias\/","name":"Suno Not\u00edcias","description":"Seu portal de informa\u00e7\u00e3o sobre o mundo dos investimentos","publisher":{"@id":"https:\/\/www.suno.com.br\/noticias\/#organization"},"potentialAction":[{"@type":"SearchAction","target":{"@type":"EntryPoint","urlTemplate":"https:\/\/www.suno.com.br\/noticias\/?s={search_term_string}"},"query-input":{"@type":"PropertyValueSpecification","valueRequired":true,"valueName":"search_term_string"}}],"inLanguage":"pt-BR"},{"@type":"Organization","@id":"https:\/\/www.suno.com.br\/noticias\/#organization","name":"Suno Not\u00edcias","url":"https:\/\/www.suno.com.br\/noticias\/","logo":{"@type":"ImageObject","inLanguage":"pt-BR","@id":"https:\/\/www.suno.com.br\/noticias\/#\/schema\/logo\/image\/","url":"https:\/\/files.sunoresearch.com.br\/n\/uploads\/2021\/09\/suno-logo.png","contentUrl":"https:\/\/files.sunoresearch.com.br\/n\/uploads\/2021\/09\/suno-logo.png","width":180,"height":180,"caption":"Suno Not\u00edcias"},"image":{"@id":"https:\/\/www.suno.com.br\/noticias\/#\/schema\/logo\/image\/"},"sameAs":["https:\/\/facebook.com\/sunoresearch","https:\/\/x.com\/sunoresearch","https:\/\/www.instagram.com\/suno","https:\/\/www.linkedin.com\/company\/suno-research\/","https:\/\/www.youtube.com\/c\/sunoresearch"]},{"@type":"Person","@id":"https:\/\/www.suno.com.br\/noticias\/#\/schema\/person\/450c455ecff319bab1f1a0e643451479","name":"Vanessa Loiola","image":{"@type":"ImageObject","inLanguage":"pt-BR","@id":"https:\/\/www.suno.com.br\/noticias\/#\/schema\/person\/image\/","url":"https:\/\/secure.gravatar.com\/avatar\/8b41117f9780831919eb38da349c3f20?s=96&r=g","contentUrl":"https:\/\/secure.gravatar.com\/avatar\/8b41117f9780831919eb38da349c3f20?s=96&r=g","caption":"Vanessa Loiola"},"description":"Jornalista formada pela PUC-SP, com experi\u00eancia na cobertura das editorias de economia, finan\u00e7as, bolsa de valores, pol\u00edtica, energia solar e entretenimento. Com passagem pela BM&amp;C News e RedeTV!","url":"https:\/\/www.suno.com.br\/noticias\/author\/vanessal-loiolagmail-com\/"}]}},"default_loop_html":"<div class=\"cardsPage__listCard__boxs\"><div class=\"cardsPage__listCard__boxs__img\"><a href=\"https:\/\/www.suno.com.br\/noticias\/radar-tim-tims3-natura-ntco3-log-logg3\/\"><img class=\"mask\" src=\"https:\/\/www.suno.com.br\/noticias\/wp-content\/themes\/suno\/resources\/images\/spotlight\/spotlight1img\/bg-mask.png\" alt=\"Image Mask\"\/><img src=\"https:\/\/files.sunoresearch.com.br\/n\/uploads\/2023\/05\/TIM-400x200.jpg\" alt=\"Radar: TIM (TIMS3) aumenta lucro no 4T23, analistas recomendam a\u00e7\u00f5es da Natura (NTCO3) e Log (LOGG3) anuncia dividendos de R$ 70 milh\u00f5es ap\u00f3s resultado\"\/><\/a><span class=\"spotlightCategory\"><a href=\"https:\/\/www.suno.com.br\/noticias\/negocios\/\">Neg\u00f3cios<\/a><\/span><\/div><div class=\"cardsPage__listCard__boxs__content\"><a href=\"https:\/\/www.suno.com.br\/noticias\/radar-tim-tims3-natura-ntco3-log-logg3\/\"><h2 class=\"content__title\">Radar: TIM (TIMS3) aumenta lucro no 4T23, analistas recomendam a\u00e7\u00f5es da Natura (NTCO3) e Log (LOGG3) anuncia dividendos de R$ 70 milh\u00f5es ap\u00f3s resultado<\/h2><\/a><div class=\"newsContent__article__meta\"><div class=\"newsContent__article__meta__authorBox\"><a href=\"https:\/\/www.suno.com.br\/noticias\/author\/vanessal-loiolagmail-com\/\" class=\"authorBox__avatar noMobi\"><img src=\"https:\/\/secure.gravatar.com\/avatar\/8b41117f9780831919eb38da349c3f20?s=96&#038;r=g\" alt=\"Vanessa Loiola\"><\/a><div class=\"authorBox__name\"><span>por\n\t\t\t<a href=\"https:\/\/www.suno.com.br\/noticias\/author\/vanessal-loiolagmail-com\/\"><span itemprop=\"author\">Vanessa Loiola<\/span><\/a><\/span><time datetime=\"2024-02-06T22:47:23-03:00\" itemprop=\"datePublished\">06\/02\/2024 22:47<\/time><\/div><\/div><\/div><\/div><\/div>","single_layout":"posts","amp_enabled":true,"_links":{"self":[{"href":"https:\/\/www.suno.com.br\/noticias\/wp-json\/wp\/v2\/posts\/520743"}],"collection":[{"href":"https:\/\/www.suno.com.br\/noticias\/wp-json\/wp\/v2\/posts"}],"about":[{"href":"https:\/\/www.suno.com.br\/noticias\/wp-json\/wp\/v2\/types\/post"}],"author":[{"embeddable":true,"href":"https:\/\/www.suno.com.br\/noticias\/wp-json\/wp\/v2\/users\/227"}],"replies":[{"embeddable":true,"href":"https:\/\/www.suno.com.br\/noticias\/wp-json\/wp\/v2\/comments?post=520743"}],"version-history":[{"count":2,"href":"https:\/\/www.suno.com.br\/noticias\/wp-json\/wp\/v2\/posts\/520743\/revisions"}],"predecessor-version":[{"id":520777,"href":"https:\/\/www.suno.com.br\/noticias\/wp-json\/wp\/v2\/posts\/520743\/revisions\/520777"}],"wp:featuredmedia":[{"embeddable":true,"href":"https:\/\/www.suno.com.br\/noticias\/wp-json\/wp\/v2\/media\/401920"}],"wp:attachment":[{"href":"https:\/\/www.suno.com.br\/noticias\/wp-json\/wp\/v2\/media?parent=520743"}],"wp:term":[{"taxonomy":"category","embeddable":true,"href":"https:\/\/www.suno.com.br\/noticias\/wp-json\/wp\/v2\/categories?post=520743"},{"taxonomy":"post_tag","embeddable":true,"href":"https:\/\/www.suno.com.br\/noticias\/wp-json\/wp\/v2\/tags?post=520743"},{"taxonomy":"suno_strategy","embeddable":true,"href":"https:\/\/www.suno.com.br\/noticias\/wp-json\/wp\/v2\/suno_strategy?post=520743"}],"curies":[{"name":"wp","href":"https:\/\/api.w.org\/{rel}","templated":true}]}}