{"id":520708,"date":"2024-02-06T20:35:40","date_gmt":"2024-02-06T23:35:40","guid":{"rendered":"https:\/\/www.suno.com.br\/noticias\/?p=520708"},"modified":"2024-02-06T21:33:19","modified_gmt":"2024-02-07T00:33:19","slug":"luiza-trajano-defesa-e-commerce-loja-fisica-digital-evm","status":"publish","type":"post","link":"https:\/\/www.suno.com.br\/noticias\/luiza-trajano-defesa-e-commerce-loja-fisica-digital-evm\/","title":{"rendered":"Magalu (MGLU3): Luiza Trajano sai em defesa do e-commerce e diz que loja f\u00edsica virou &#8216;parceira&#8217; do digital"},"content":{"rendered":"<p>A Presidente do <a class=\"suno-keyword\" data-force=\"no\" data-priority=\"1\" href=\"https:\/\/www.suno.com.br\/artigos\/conselho-administracao\/\" target=\"_blank\" rel=\"noopener\">Conselho de Administra\u00e7\u00e3o<\/a> do <a class=\"suno-keyword\" data-force=\"yes\" data-priority=\"2\" href=\"https:\/\/www.suno.com.br\/acoes\/MGLU3\/\" target=\"_blank\" rel=\"noopener\">Magazine Luiza (MGLU3)<\/a>, <strong><a href=\"https:\/\/www.suno.com.br\/noticias\/magazine-luiza-mglu3-servico-de-nuvem-luiza-trajano-evm\/\">Luiza Trajano<\/a><\/strong>, declarou que atualmente as lojas f\u00edsicas se tornaram &#8216;parcerias do digital&#8217;, e n\u00e3o o contr\u00e1rio.<\/p><div class=\"videoFull \">\n\t\t\t<div class=\"videoWrapper yt-lazyload center\"\n\t\t\t\tdata-width=\"960\"\n\t\t\t\tdata-height=\"540\"\n\t\t\t\tdata-id=\"fjTiCkdt-_M\"\n\t\t\t\tdata-alt=\"V\u00eddeo do YouTube - clique para reproduzir\"\n\t\t\t\tdata-logo=\"3\"\n\t\t\t\tdata-imagequality=\"maxres\">\n\t\t\t<\/div>\n\t\t<\/div><script type=\"application\/ld+json\">{\"@context\":\"https:\/\/schema.org\",\"@type\":\"VideoObject\",\"name\":\"\ud83d\udd34 CIELO (CIEL3) FORA DA BOLSA? | Ita\u00fa (ITUB4) surpreende | Div\u00f3rcio entre Natura e Avon\",\"description\":\"#mercadofinanceiro #a\u00e7\u00f5es #investimentos #bolsadevalores #ibovespa #dinheiro #finan\u00e7as #capitalismo #mercadodecapitais #pol\u00edtica #d\u00f3lar #livedas19h #petr4 #petr3 #petrobras #vale3 #vale #a\u00e7\u00f5es #economia #dividendos #min\u00e9riodeferro #petr\u00f3leo #commodities #cielo #ciel3 #opa #ita\u00fa #itub4 #bancos #natura #ntco3 #oi #oibr3 #recupera\u00e7\u00e3ojudicial #rj \ud83e\udd11 Participe da PRIMEIRA EDI\u00c7\u00c3O do Desafio que far\u00e1 seu dinheiro render mais dinheiro para voc\u00ea. Ser\u00e3o 4 dias de\u2026\",\"duration\":\"PT30M47S\",\"embedUrl\":\"https:\/\/www.youtube.com\/embed\/fjTiCkdt-_M\",\"regionsAllowed\":\"en-US\",\"interactionStatistic\":{\"@type\":\"InteractionCounter\",\"interactionType\":{\"@type\":\"WatchAction\"},\"userInteractionCount\":5617},\"thumbnailUrl\":\"https:\/\/i.ytimg.com\/vi\/fjTiCkdt-_M\/default.jpg\",\"uploadDate\":\"2024-02-07T10:41:58Z\"}<\/script>\n\n\n\n\n\n\n\t<p>\n\t\t<a href=\"\" target=\"_blank\" data-element=\"shortcode-suno-banner\" title=\"Banner SUNO, clique e saiba mais\">\n\t\t\t<picture>\n\t\t\t\t<source media=\"(max-width: 500px)\" srcset=\"\">\n\t\t\t\t<img class=\"newsContent__article__imgCapa newsContent__article__imgCapa--banner\"\n\t\t\t\t\tsrc=\"\"\n\t\t\t\t\tdata-promo-id=\"250704\"\t\t\t\t\t\t\t\t\t\t\t\t\t\t\talt=\"\"\n\t\t\t\t>\n\t\t\t<\/picture>\n\t\t<\/a>\n\t<\/p>\n\n\n\n\n\n<p>A declara\u00e7\u00e3o de Luiza Trajano foi nesta ter\u00e7a (6), no <strong><a href=\"https:\/\/www.suno.com.br\/noticias\/btg-pactual-bpac11-lucro-ajustado-4t23-gpj\/\">CEO Conferece, evento do BTG Pactual<\/a><\/strong>.<\/p>\n\n\n\n<p>Segundo a <strong>Presidente do Magazine Luiza<\/strong>, a pandemia da Covid-19 acelerou consideravelmente a mudan\u00e7a nos h\u00e1bitos de compra dos brasileiros, fazendo com que o ambiente online ganhasse prioridade. <\/p>\n\n\n\n<p>A declara\u00e7\u00e3o se d\u00e1 em um cen\u00e1rio em que, de fato, uma fatia significativa do faturamento do <strong>Magazine Luiza<\/strong> e de outras varejistas \u00e9 via canais digitais.<\/p>\n\n\n\n<p>J\u00e1 no in\u00edcio da pandemia, no primeiro semestre de 2020, o Magalu j\u00e1 tinha um <a href=\"https:\/\/www.suno.com.br\/artigos\/marketplace\/\">marketplace<\/a> que era respons\u00e1vel por 50% das vendas da companhia inteira.<\/p>\n\n\n\n<p>&#8220;A loja f\u00edsica passou a ser parceira do digital. O Brasil \u00e9 muito grande. Tem pre\u00e7o, qualidade e velocidade na entrega. Por isso compramos at\u00e9 empresa de fast food para aprender a entregar r\u00e1pido&#8221;, disse a executivo, se referindo ao aiqfome, aplicativo de delivery da varejistas.<\/p>\n\n\n\n<p>Al\u00e9m disso, ao debater o tema com o CEO do Allos (ALOS3), Rafael Sales, e a CEO do Iguatemi (IGTI11), Cristina Betts, Trajano se mostrou surpresa com a adapta\u00e7\u00e3o \u00e0 digitaliza\u00e7\u00e3o.<\/p>\n\n\n\n<p>Betts, contudo, destoou das declara\u00e7\u00f5es da executiva.<\/p>\n\n\n\n<p>Representando uma companhia que tem uma presen\u00e7a f\u00edsica mais forte, a executiva afirmou que as compras presenciais ainda s\u00e3o significativas no Brasil, citando o retorno aos shoppings ap\u00f3s a flexibiliza\u00e7\u00e3o das medidas de confinamento no p\u00f3s-pandemia.<\/p>\n\n\n\n<p>A CEO do Iguatemi defendeu que, embora a pandemia tenha acelerado o meio digital, n\u00e3o foi uma press\u00e3o suficiente para &#8216;inverter tend\u00eancias de compra&#8217;.<\/p>\n\n\n\n<p>&#8220;A gente [brasileiros] gosta de servir bem e \u00e9 uma coisa cultural. Isso \u00e9 traduzido dentro das lojas. As marcas perceberam isso. Todas, cada uma no seu peda\u00e7o. Est\u00e1 todo mundo querendo colocar mais produto na loja e entender mais o cliente&#8221;, disse.<\/p>\n\n\n\t<p>\n\t\t<a href=\"https:\/\/lp.suno.com.br\/ebook-como-analisar-uma-acao\/\" target=\"_blank\" data-element=\"shortcode-suno-banner\" title=\"Banner SUNO, clique e saiba mais\">\n\t\t\t<picture>\n\t\t\t\t<source media=\"(max-width: 500px)\" srcset=\"https:\/\/files.sunoresearch.com.br\/n\/uploads\/2023\/03\/Ebook-Acoes-Mobile.jpg\">\n\t\t\t\t<img class=\"newsContent__article__imgCapa newsContent__article__imgCapa--banner\"\n\t\t\t\t\tsrc=\"https:\/\/files.sunoresearch.com.br\/n\/uploads\/2023\/03\/Ebook-Acoes-Desktop.jpg\"\n\t\t\t\t\tdata-promo-id=\"378302\"\t\t\t\t\t\t\t\t\t\twidth='1420' height='286'\t\t\t\t\talt=\"https:\/\/files.sunoresearch.com.br\/n\/uploads\/2023\/03\/Ebook-Acoes-Desktop.jpg\"\n\t\t\t\t>\n\t\t\t<\/picture>\n\t\t<\/a>\n\t<\/p>\n\n\n\n\n\n<h2 class=\"wp-block-heading\">Luiza Trajano j\u00e1 disse que Magalu &#8216;apanhou na bolsa&#8217; por acreditar em loja f\u00edsica<\/h2>\n\n\n\n<p>Durante evento realizado pela <a href=\"https:\/\/www.suno.com.br\/noticias\/americanas-amer3-pwc-kpmg-anuencia-auditoria-cpf\/\">PwC<\/a> em meados de outubro de 2023, a<strong> executiva do Magazine Luiza<\/strong> afirmou que a companhia est\u00e1 \u201capanhando muito na Bolsa\u201d por \u201csempre ter acreditado em loja f\u00edsica\u201d.<\/p>\n\n\n\n<p>Apesar do cen\u00e1rio desafiador para o varejo brasileiro, Luiza Trajano se mostra otimista e acredita que a crise deve tornar o Magazine Luiza ainda mais s\u00f3lido, diante do crescimento observado nos anos anteriores.<\/p>\n\n\n\n<p>\u201cO Magazine cresceu em crise e, quando a gente n\u00e3o cresce, a gente solidifica o crescimento. Crescemos muito nesses tr\u00eas, quatro anos, mais do que eu poderia at\u00e9 pensar, que a gente chegaria a faturar R$ 60 bilh\u00f5es\u201d, afirmou a executiva.<\/p>\n\n\n\n<p>Para apoiar seu otimismo, ela chega a citar os desafios econ\u00f4micos do Brasil na passagem do s\u00e9culo 20 para o 21. \u201cEntra crise, sai crise, e o importante \u00e9 sobreviver. Aprendi muito mais em crises\u201d.<\/p>\n\n\n\n<p>Luiza Trajano destacou como um dos fatores negativos para o varejo brasileiro a grande dificuldade financeira vivida pela <a href=\"https:\/\/www.suno.com.br\/acoes\/amer3\/\" target=\"_blank\" rel=\"noreferrer noopener\">Americanas (AMER3)<\/a>. Por outro lado, a situa\u00e7\u00e3o da varejista concorrente teria feito o Magazine Luiza aprimorar seu processo de auditoria interna.<\/p>\n\n\n\t<p>\n\t\t<a href=\"https:\/\/lp.suno.com.br\/plataforma-de-controle-de-investimentos\/\" target=\"_blank\" data-element=\"shortcode-suno-banner\" title=\"Banner SUNO, clique e saiba mais\">\n\t\t\t<picture>\n\t\t\t\t<source media=\"(max-width: 500px)\" srcset=\"https:\/\/files.sunoresearch.com.br\/n\/uploads\/2023\/03\/400x300-Controle-de-Investimentos.png\">\n\t\t\t\t<img class=\"newsContent__article__imgCapa newsContent__article__imgCapa--banner\"\n\t\t\t\t\tsrc=\"https:\/\/files.sunoresearch.com.br\/n\/uploads\/2023\/03\/1420x240-Controle-de-Investimentos.png\"\n\t\t\t\t\tdata-promo-id=\"383162\"\t\t\t\t\t\t\t\t\t\twidth='1420' height='240'\t\t\t\t\talt=\"https:\/\/files.sunoresearch.com.br\/n\/uploads\/2023\/03\/1420x240-Controle-de-Investimentos.png\"\n\t\t\t\t>\n\t\t\t<\/picture>\n\t\t<\/a>\n\t<\/p>\n\n\n","protected":false},"excerpt":{"rendered":"<p>A Presidente do Conselho de Administra\u00e7\u00e3o do Magazine Luiza (MGLU3), Luiza Trajano, declarou que atualmente as lojas f\u00edsicas se tornaram &#8216;parcerias do digital&#8217;, e n\u00e3o o contr\u00e1rio. A declara\u00e7\u00e3o de Luiza Trajano foi nesta ter\u00e7a (6), no CEO Conferece, evento do BTG Pactual. Segundo a Presidente do Magazine Luiza, a pandemia da Covid-19 acelerou consideravelmente [&hellip;]<\/p>\n","protected":false},"author":73,"featured_media":424484,"comment_status":"closed","ping_status":"closed","sticky":false,"template":"","format":"standard","meta":[],"categories":[64],"tags":[105455,548],"suno_strategy":[],"class_list":["post-520708","post","type-post","status-publish","format-standard","has-post-thumbnail","hentry","category-negocios","tag-luiza-trajano","tag-magazine-luiza-mglu3"],"yoast_head":"<!-- This site is optimized with the Yoast SEO plugin v24.4 - https:\/\/yoast.com\/wordpress\/plugins\/seo\/ -->\n<title>Magalu (MGLU3): Luiza Trajano sai em defesa do e-commerce<\/title>\n<meta name=\"description\" content=\"Luiza Trajano debateu nesta ter\u00e7a (6), no CEO Conferece, evento do BTG Pactual, em que CEOs de outras companhias marcaram presen\u00e7a\" \/>\n<meta name=\"robots\" content=\"index, follow, max-snippet:-1, max-image-preview:large, max-video-preview:-1\" \/>\n<link rel=\"canonical\" href=\"https:\/\/www.suno.com.br\/noticias\/luiza-trajano-defesa-e-commerce-loja-fisica-digital-evm\/\" \/>\n<meta property=\"og:locale\" content=\"pt_BR\" \/>\n<meta property=\"og:type\" content=\"article\" \/>\n<meta property=\"og:title\" content=\"Magalu (MGLU3): Luiza Trajano sai em defesa do e-commerce\" \/>\n<meta property=\"og:description\" content=\"Luiza Trajano debateu nesta ter\u00e7a (6), no CEO Conferece, evento do BTG Pactual, em que CEOs de outras companhias marcaram presen\u00e7a\" \/>\n<meta property=\"og:url\" content=\"https:\/\/www.suno.com.br\/noticias\/luiza-trajano-defesa-e-commerce-loja-fisica-digital-evm\/\" \/>\n<meta property=\"og:site_name\" content=\"Suno Not\u00edcias\" \/>\n<meta property=\"article:publisher\" content=\"https:\/\/facebook.com\/sunoresearch\" \/>\n<meta property=\"og:image\" content=\"https:\/\/files.sunoresearch.com.br\/n\/uploads\/2023\/07\/luiza-trajano-mglu3-abaixo-assinado-selic.jpg\" \/>\n\t<meta property=\"og:image:width\" content=\"1200\" \/>\n\t<meta property=\"og:image:height\" content=\"800\" \/>\n\t<meta property=\"og:image:type\" content=\"image\/jpeg\" \/>\n<meta name=\"author\" content=\"Eduardo Vargas\" \/>\n<meta name=\"twitter:card\" content=\"summary_large_image\" \/>\n<meta name=\"twitter:creator\" content=\"@sunoresearch\" \/>\n<meta name=\"twitter:site\" content=\"@sunoresearch\" \/>\n<meta name=\"twitter:label1\" content=\"Escrito por\" \/>\n\t<meta name=\"twitter:data1\" content=\"Eduardo Vargas\" \/>\n\t<meta name=\"twitter:label2\" content=\"Est. tempo de leitura\" \/>\n\t<meta name=\"twitter:data2\" content=\"3 minutos\" \/>\n<script type=\"application\/ld+json\" class=\"yoast-schema-graph\">{\"@context\":\"https:\/\/schema.org\",\"@graph\":[{\"@type\":\"NewsArticle\",\"@id\":\"https:\/\/www.suno.com.br\/noticias\/luiza-trajano-defesa-e-commerce-loja-fisica-digital-evm\/#article\",\"isPartOf\":{\"@id\":\"https:\/\/www.suno.com.br\/noticias\/luiza-trajano-defesa-e-commerce-loja-fisica-digital-evm\/\"},\"author\":{\"name\":\"Eduardo Vargas\",\"@id\":\"https:\/\/www.suno.com.br\/noticias\/#\/schema\/person\/7f4d362bf3518e76090143ae77bb49a5\"},\"headline\":\"Magalu (MGLU3): Luiza Trajano sai em defesa do e-commerce e diz que loja f\u00edsica virou &#8216;parceira&#8217; do digital\",\"datePublished\":\"2024-02-06T23:35:40+00:00\",\"dateModified\":\"2024-02-07T00:33:19+00:00\",\"mainEntityOfPage\":{\"@id\":\"https:\/\/www.suno.com.br\/noticias\/luiza-trajano-defesa-e-commerce-loja-fisica-digital-evm\/\"},\"wordCount\":559,\"publisher\":{\"@id\":\"https:\/\/www.suno.com.br\/noticias\/#organization\"},\"image\":{\"@id\":\"https:\/\/www.suno.com.br\/noticias\/luiza-trajano-defesa-e-commerce-loja-fisica-digital-evm\/#primaryimage\"},\"thumbnailUrl\":\"https:\/\/files.sunoresearch.com.br\/n\/uploads\/2023\/07\/luiza-trajano-mglu3-abaixo-assinado-selic.jpg\",\"keywords\":[\"Luiza Trajano\",\"Magazine Luiza (MGLU3)\"],\"articleSection\":[\"Neg\u00f3cios\"],\"inLanguage\":\"pt-BR\"},{\"@type\":\"WebPage\",\"@id\":\"https:\/\/www.suno.com.br\/noticias\/luiza-trajano-defesa-e-commerce-loja-fisica-digital-evm\/\",\"url\":\"https:\/\/www.suno.com.br\/noticias\/luiza-trajano-defesa-e-commerce-loja-fisica-digital-evm\/\",\"name\":\"Magalu (MGLU3): Luiza Trajano sai em defesa do e-commerce\",\"isPartOf\":{\"@id\":\"https:\/\/www.suno.com.br\/noticias\/#website\"},\"primaryImageOfPage\":{\"@id\":\"https:\/\/www.suno.com.br\/noticias\/luiza-trajano-defesa-e-commerce-loja-fisica-digital-evm\/#primaryimage\"},\"image\":{\"@id\":\"https:\/\/www.suno.com.br\/noticias\/luiza-trajano-defesa-e-commerce-loja-fisica-digital-evm\/#primaryimage\"},\"thumbnailUrl\":\"https:\/\/files.sunoresearch.com.br\/n\/uploads\/2023\/07\/luiza-trajano-mglu3-abaixo-assinado-selic.jpg\",\"datePublished\":\"2024-02-06T23:35:40+00:00\",\"dateModified\":\"2024-02-07T00:33:19+00:00\",\"description\":\"Luiza Trajano debateu nesta ter\u00e7a (6), no CEO Conferece, evento do BTG Pactual, em que CEOs de outras companhias marcaram presen\u00e7a\",\"breadcrumb\":{\"@id\":\"https:\/\/www.suno.com.br\/noticias\/luiza-trajano-defesa-e-commerce-loja-fisica-digital-evm\/#breadcrumb\"},\"inLanguage\":\"pt-BR\",\"potentialAction\":[{\"@type\":\"ReadAction\",\"target\":[\"https:\/\/www.suno.com.br\/noticias\/luiza-trajano-defesa-e-commerce-loja-fisica-digital-evm\/\"]}]},{\"@type\":\"ImageObject\",\"inLanguage\":\"pt-BR\",\"@id\":\"https:\/\/www.suno.com.br\/noticias\/luiza-trajano-defesa-e-commerce-loja-fisica-digital-evm\/#primaryimage\",\"url\":\"https:\/\/files.sunoresearch.com.br\/n\/uploads\/2023\/07\/luiza-trajano-mglu3-abaixo-assinado-selic.jpg\",\"contentUrl\":\"https:\/\/files.sunoresearch.com.br\/n\/uploads\/2023\/07\/luiza-trajano-mglu3-abaixo-assinado-selic.jpg\",\"width\":1200,\"height\":800,\"caption\":\"Magazine Luiza (MGLU3). Foto: Flickr\"},{\"@type\":\"BreadcrumbList\",\"@id\":\"https:\/\/www.suno.com.br\/noticias\/luiza-trajano-defesa-e-commerce-loja-fisica-digital-evm\/#breadcrumb\",\"itemListElement\":[{\"@type\":\"ListItem\",\"position\":1,\"name\":\"Not\u00edcias\",\"item\":\"https:\/\/www.suno.com.br\/noticias\/\"},{\"@type\":\"ListItem\",\"position\":2,\"name\":\"Neg\u00f3cios\",\"item\":\"https:\/\/www.suno.com.br\/noticias\/negocios\/\"},{\"@type\":\"ListItem\",\"position\":3,\"name\":\"Magalu (MGLU3): Luiza Trajano sai em defesa do e-commerce e diz que loja f\u00edsica virou &#8216;parceira&#8217; do digital\"}]},{\"@type\":\"WebSite\",\"@id\":\"https:\/\/www.suno.com.br\/noticias\/#website\",\"url\":\"https:\/\/www.suno.com.br\/noticias\/\",\"name\":\"Suno Not\u00edcias\",\"description\":\"Seu portal de informa\u00e7\u00e3o sobre o mundo dos investimentos\",\"publisher\":{\"@id\":\"https:\/\/www.suno.com.br\/noticias\/#organization\"},\"potentialAction\":[{\"@type\":\"SearchAction\",\"target\":{\"@type\":\"EntryPoint\",\"urlTemplate\":\"https:\/\/www.suno.com.br\/noticias\/?s={search_term_string}\"},\"query-input\":{\"@type\":\"PropertyValueSpecification\",\"valueRequired\":true,\"valueName\":\"search_term_string\"}}],\"inLanguage\":\"pt-BR\"},{\"@type\":\"Organization\",\"@id\":\"https:\/\/www.suno.com.br\/noticias\/#organization\",\"name\":\"Suno Not\u00edcias\",\"url\":\"https:\/\/www.suno.com.br\/noticias\/\",\"logo\":{\"@type\":\"ImageObject\",\"inLanguage\":\"pt-BR\",\"@id\":\"https:\/\/www.suno.com.br\/noticias\/#\/schema\/logo\/image\/\",\"url\":\"https:\/\/files.sunoresearch.com.br\/n\/uploads\/2021\/09\/suno-logo.png\",\"contentUrl\":\"https:\/\/files.sunoresearch.com.br\/n\/uploads\/2021\/09\/suno-logo.png\",\"width\":180,\"height\":180,\"caption\":\"Suno Not\u00edcias\"},\"image\":{\"@id\":\"https:\/\/www.suno.com.br\/noticias\/#\/schema\/logo\/image\/\"},\"sameAs\":[\"https:\/\/facebook.com\/sunoresearch\",\"https:\/\/x.com\/sunoresearch\",\"https:\/\/www.instagram.com\/suno\",\"https:\/\/www.linkedin.com\/company\/suno-research\/\",\"https:\/\/www.youtube.com\/c\/sunoresearch\"]},{\"@type\":\"Person\",\"@id\":\"https:\/\/www.suno.com.br\/noticias\/#\/schema\/person\/7f4d362bf3518e76090143ae77bb49a5\",\"name\":\"Eduardo Vargas\",\"image\":{\"@type\":\"ImageObject\",\"inLanguage\":\"pt-BR\",\"@id\":\"https:\/\/www.suno.com.br\/noticias\/#\/schema\/person\/image\/\",\"url\":\"https:\/\/secure.gravatar.com\/avatar\/dac340933427a22924c9f99d1eb2e3f2?s=96&r=g\",\"contentUrl\":\"https:\/\/secure.gravatar.com\/avatar\/dac340933427a22924c9f99d1eb2e3f2?s=96&r=g\",\"caption\":\"Eduardo Vargas\"},\"description\":\"Jornalista formado pela UFSC, cobre macroeconomia, neg\u00f3cios e startups para o Suno Not\u00edcias, escrevendo principalmente not\u00edcias sobre o mercado financeiro e a bolsa de valores. No YouTube e no Instagram, \u00e9 respons\u00e1vel pela produ\u00e7\u00e3o de Reels e Shorts do Suno Not\u00edcias. Anteriormente, trabalhou cobrindo economia e cotidiano no ND+ e para o ND, maior jornal impresso de Santa Catarina. Cursou um semestre letivo de Estudos de M\u00eddia na Universidad de Buenos Aires.\",\"url\":\"https:\/\/www.suno.com.br\/noticias\/author\/eduardo-vargas\/\"}]}<\/script>\n<!-- \/ Yoast SEO plugin. -->","yoast_head_json":{"title":"Magalu (MGLU3): Luiza Trajano sai em defesa do e-commerce","description":"Luiza Trajano debateu nesta ter\u00e7a (6), no CEO Conferece, evento do BTG Pactual, em que CEOs de outras companhias marcaram presen\u00e7a","robots":{"index":"index","follow":"follow","max-snippet":"max-snippet:-1","max-image-preview":"max-image-preview:large","max-video-preview":"max-video-preview:-1"},"canonical":"https:\/\/www.suno.com.br\/noticias\/luiza-trajano-defesa-e-commerce-loja-fisica-digital-evm\/","og_locale":"pt_BR","og_type":"article","og_title":"Magalu (MGLU3): Luiza Trajano sai em defesa do e-commerce","og_description":"Luiza Trajano debateu nesta ter\u00e7a (6), no CEO Conferece, evento do BTG Pactual, em que CEOs de outras companhias marcaram presen\u00e7a","og_url":"https:\/\/www.suno.com.br\/noticias\/luiza-trajano-defesa-e-commerce-loja-fisica-digital-evm\/","og_site_name":"Suno Not\u00edcias","article_publisher":"https:\/\/facebook.com\/sunoresearch","og_image":[{"width":1200,"height":800,"url":"https:\/\/files.sunoresearch.com.br\/n\/uploads\/2023\/07\/luiza-trajano-mglu3-abaixo-assinado-selic.jpg","type":"image\/jpeg"}],"author":"Eduardo Vargas","twitter_card":"summary_large_image","twitter_creator":"@sunoresearch","twitter_site":"@sunoresearch","twitter_misc":{"Escrito por":"Eduardo Vargas","Est. tempo de leitura":"3 minutos"},"schema":{"@context":"https:\/\/schema.org","@graph":[{"@type":"NewsArticle","@id":"https:\/\/www.suno.com.br\/noticias\/luiza-trajano-defesa-e-commerce-loja-fisica-digital-evm\/#article","isPartOf":{"@id":"https:\/\/www.suno.com.br\/noticias\/luiza-trajano-defesa-e-commerce-loja-fisica-digital-evm\/"},"author":{"name":"Eduardo Vargas","@id":"https:\/\/www.suno.com.br\/noticias\/#\/schema\/person\/7f4d362bf3518e76090143ae77bb49a5"},"headline":"Magalu (MGLU3): Luiza Trajano sai em defesa do e-commerce e diz que loja f\u00edsica virou &#8216;parceira&#8217; do digital","datePublished":"2024-02-06T23:35:40+00:00","dateModified":"2024-02-07T00:33:19+00:00","mainEntityOfPage":{"@id":"https:\/\/www.suno.com.br\/noticias\/luiza-trajano-defesa-e-commerce-loja-fisica-digital-evm\/"},"wordCount":559,"publisher":{"@id":"https:\/\/www.suno.com.br\/noticias\/#organization"},"image":{"@id":"https:\/\/www.suno.com.br\/noticias\/luiza-trajano-defesa-e-commerce-loja-fisica-digital-evm\/#primaryimage"},"thumbnailUrl":"https:\/\/files.sunoresearch.com.br\/n\/uploads\/2023\/07\/luiza-trajano-mglu3-abaixo-assinado-selic.jpg","keywords":["Luiza Trajano","Magazine Luiza (MGLU3)"],"articleSection":["Neg\u00f3cios"],"inLanguage":"pt-BR"},{"@type":"WebPage","@id":"https:\/\/www.suno.com.br\/noticias\/luiza-trajano-defesa-e-commerce-loja-fisica-digital-evm\/","url":"https:\/\/www.suno.com.br\/noticias\/luiza-trajano-defesa-e-commerce-loja-fisica-digital-evm\/","name":"Magalu (MGLU3): Luiza Trajano sai em defesa do e-commerce","isPartOf":{"@id":"https:\/\/www.suno.com.br\/noticias\/#website"},"primaryImageOfPage":{"@id":"https:\/\/www.suno.com.br\/noticias\/luiza-trajano-defesa-e-commerce-loja-fisica-digital-evm\/#primaryimage"},"image":{"@id":"https:\/\/www.suno.com.br\/noticias\/luiza-trajano-defesa-e-commerce-loja-fisica-digital-evm\/#primaryimage"},"thumbnailUrl":"https:\/\/files.sunoresearch.com.br\/n\/uploads\/2023\/07\/luiza-trajano-mglu3-abaixo-assinado-selic.jpg","datePublished":"2024-02-06T23:35:40+00:00","dateModified":"2024-02-07T00:33:19+00:00","description":"Luiza Trajano debateu nesta ter\u00e7a (6), no CEO Conferece, evento do BTG Pactual, em que CEOs de outras companhias marcaram presen\u00e7a","breadcrumb":{"@id":"https:\/\/www.suno.com.br\/noticias\/luiza-trajano-defesa-e-commerce-loja-fisica-digital-evm\/#breadcrumb"},"inLanguage":"pt-BR","potentialAction":[{"@type":"ReadAction","target":["https:\/\/www.suno.com.br\/noticias\/luiza-trajano-defesa-e-commerce-loja-fisica-digital-evm\/"]}]},{"@type":"ImageObject","inLanguage":"pt-BR","@id":"https:\/\/www.suno.com.br\/noticias\/luiza-trajano-defesa-e-commerce-loja-fisica-digital-evm\/#primaryimage","url":"https:\/\/files.sunoresearch.com.br\/n\/uploads\/2023\/07\/luiza-trajano-mglu3-abaixo-assinado-selic.jpg","contentUrl":"https:\/\/files.sunoresearch.com.br\/n\/uploads\/2023\/07\/luiza-trajano-mglu3-abaixo-assinado-selic.jpg","width":1200,"height":800,"caption":"Magazine Luiza (MGLU3). Foto: Flickr"},{"@type":"BreadcrumbList","@id":"https:\/\/www.suno.com.br\/noticias\/luiza-trajano-defesa-e-commerce-loja-fisica-digital-evm\/#breadcrumb","itemListElement":[{"@type":"ListItem","position":1,"name":"Not\u00edcias","item":"https:\/\/www.suno.com.br\/noticias\/"},{"@type":"ListItem","position":2,"name":"Neg\u00f3cios","item":"https:\/\/www.suno.com.br\/noticias\/negocios\/"},{"@type":"ListItem","position":3,"name":"Magalu (MGLU3): Luiza Trajano sai em defesa do e-commerce e diz que loja f\u00edsica virou &#8216;parceira&#8217; do digital"}]},{"@type":"WebSite","@id":"https:\/\/www.suno.com.br\/noticias\/#website","url":"https:\/\/www.suno.com.br\/noticias\/","name":"Suno Not\u00edcias","description":"Seu portal de informa\u00e7\u00e3o sobre o mundo dos investimentos","publisher":{"@id":"https:\/\/www.suno.com.br\/noticias\/#organization"},"potentialAction":[{"@type":"SearchAction","target":{"@type":"EntryPoint","urlTemplate":"https:\/\/www.suno.com.br\/noticias\/?s={search_term_string}"},"query-input":{"@type":"PropertyValueSpecification","valueRequired":true,"valueName":"search_term_string"}}],"inLanguage":"pt-BR"},{"@type":"Organization","@id":"https:\/\/www.suno.com.br\/noticias\/#organization","name":"Suno Not\u00edcias","url":"https:\/\/www.suno.com.br\/noticias\/","logo":{"@type":"ImageObject","inLanguage":"pt-BR","@id":"https:\/\/www.suno.com.br\/noticias\/#\/schema\/logo\/image\/","url":"https:\/\/files.sunoresearch.com.br\/n\/uploads\/2021\/09\/suno-logo.png","contentUrl":"https:\/\/files.sunoresearch.com.br\/n\/uploads\/2021\/09\/suno-logo.png","width":180,"height":180,"caption":"Suno Not\u00edcias"},"image":{"@id":"https:\/\/www.suno.com.br\/noticias\/#\/schema\/logo\/image\/"},"sameAs":["https:\/\/facebook.com\/sunoresearch","https:\/\/x.com\/sunoresearch","https:\/\/www.instagram.com\/suno","https:\/\/www.linkedin.com\/company\/suno-research\/","https:\/\/www.youtube.com\/c\/sunoresearch"]},{"@type":"Person","@id":"https:\/\/www.suno.com.br\/noticias\/#\/schema\/person\/7f4d362bf3518e76090143ae77bb49a5","name":"Eduardo Vargas","image":{"@type":"ImageObject","inLanguage":"pt-BR","@id":"https:\/\/www.suno.com.br\/noticias\/#\/schema\/person\/image\/","url":"https:\/\/secure.gravatar.com\/avatar\/dac340933427a22924c9f99d1eb2e3f2?s=96&r=g","contentUrl":"https:\/\/secure.gravatar.com\/avatar\/dac340933427a22924c9f99d1eb2e3f2?s=96&r=g","caption":"Eduardo Vargas"},"description":"Jornalista formado pela UFSC, cobre macroeconomia, neg\u00f3cios e startups para o Suno Not\u00edcias, escrevendo principalmente not\u00edcias sobre o mercado financeiro e a bolsa de valores. No YouTube e no Instagram, \u00e9 respons\u00e1vel pela produ\u00e7\u00e3o de Reels e Shorts do Suno Not\u00edcias. Anteriormente, trabalhou cobrindo economia e cotidiano no ND+ e para o ND, maior jornal impresso de Santa Catarina. Cursou um semestre letivo de Estudos de M\u00eddia na Universidad de Buenos Aires.","url":"https:\/\/www.suno.com.br\/noticias\/author\/eduardo-vargas\/"}]}},"default_loop_html":"<div class=\"cardsPage__listCard__boxs\"><div class=\"cardsPage__listCard__boxs__img\"><a href=\"https:\/\/www.suno.com.br\/noticias\/luiza-trajano-defesa-e-commerce-loja-fisica-digital-evm\/\"><img class=\"mask\" src=\"https:\/\/www.suno.com.br\/noticias\/wp-content\/themes\/suno\/resources\/images\/spotlight\/spotlight1img\/bg-mask.png\" alt=\"Image Mask\"\/><img src=\"https:\/\/files.sunoresearch.com.br\/n\/uploads\/2023\/07\/luiza-trajano-mglu3-abaixo-assinado-selic-400x200.jpg\" alt=\"Magalu (MGLU3): Luiza Trajano sai em defesa do e-commerce e diz que loja f\u00edsica virou &#8216;parceira&#8217; do digital\"\/><\/a><span class=\"spotlightCategory\"><a href=\"https:\/\/www.suno.com.br\/noticias\/negocios\/\">Neg\u00f3cios<\/a><\/span><\/div><div class=\"cardsPage__listCard__boxs__content\"><a href=\"https:\/\/www.suno.com.br\/noticias\/luiza-trajano-defesa-e-commerce-loja-fisica-digital-evm\/\"><h2 class=\"content__title\">Magalu (MGLU3): Luiza Trajano sai em defesa do e-commerce e diz que loja f\u00edsica virou &#8216;parceira&#8217; do digital<\/h2><\/a><div class=\"newsContent__article__meta\"><div class=\"newsContent__article__meta__authorBox\"><a href=\"https:\/\/www.suno.com.br\/noticias\/author\/eduardo-vargas\/\" class=\"authorBox__avatar noMobi\"><img src=\"https:\/\/secure.gravatar.com\/avatar\/dac340933427a22924c9f99d1eb2e3f2?s=96&#038;r=g\" alt=\"Eduardo Vargas\"><\/a><div class=\"authorBox__name\"><span>por\n\t\t\t<a href=\"https:\/\/www.suno.com.br\/noticias\/author\/eduardo-vargas\/\"><span itemprop=\"author\">Eduardo Vargas<\/span><\/a><\/span><time datetime=\"2024-02-06T20:35:40-03:00\" itemprop=\"datePublished\">06\/02\/2024 20:35<\/time><\/div><\/div><\/div><\/div><\/div>","single_layout":"posts","amp_enabled":true,"_links":{"self":[{"href":"https:\/\/www.suno.com.br\/noticias\/wp-json\/wp\/v2\/posts\/520708"}],"collection":[{"href":"https:\/\/www.suno.com.br\/noticias\/wp-json\/wp\/v2\/posts"}],"about":[{"href":"https:\/\/www.suno.com.br\/noticias\/wp-json\/wp\/v2\/types\/post"}],"author":[{"embeddable":true,"href":"https:\/\/www.suno.com.br\/noticias\/wp-json\/wp\/v2\/users\/73"}],"replies":[{"embeddable":true,"href":"https:\/\/www.suno.com.br\/noticias\/wp-json\/wp\/v2\/comments?post=520708"}],"version-history":[{"count":2,"href":"https:\/\/www.suno.com.br\/noticias\/wp-json\/wp\/v2\/posts\/520708\/revisions"}],"predecessor-version":[{"id":520744,"href":"https:\/\/www.suno.com.br\/noticias\/wp-json\/wp\/v2\/posts\/520708\/revisions\/520744"}],"wp:featuredmedia":[{"embeddable":true,"href":"https:\/\/www.suno.com.br\/noticias\/wp-json\/wp\/v2\/media\/424484"}],"wp:attachment":[{"href":"https:\/\/www.suno.com.br\/noticias\/wp-json\/wp\/v2\/media?parent=520708"}],"wp:term":[{"taxonomy":"category","embeddable":true,"href":"https:\/\/www.suno.com.br\/noticias\/wp-json\/wp\/v2\/categories?post=520708"},{"taxonomy":"post_tag","embeddable":true,"href":"https:\/\/www.suno.com.br\/noticias\/wp-json\/wp\/v2\/tags?post=520708"},{"taxonomy":"suno_strategy","embeddable":true,"href":"https:\/\/www.suno.com.br\/noticias\/wp-json\/wp\/v2\/suno_strategy?post=520708"}],"curies":[{"name":"wp","href":"https:\/\/api.w.org\/{rel}","templated":true}]}}