{"id":52037,"date":"2020-02-05T13:19:33","date_gmt":"2020-02-05T15:19:33","guid":{"rendered":"https:\/\/www.suno.com.br\/noticias\/?p=52037"},"modified":"2020-02-05T14:05:03","modified_gmt":"2020-02-05T16:05:03","slug":"fundador-da-qualicorp-diminui-participacao","status":"publish","type":"post","link":"https:\/\/www.suno.com.br\/noticias\/fundador-da-qualicorp-diminui-participacao\/","title":{"rendered":"Ex-presidente da Qualicorp diminui participa\u00e7\u00e3o societ\u00e1ria na empresa"},"content":{"rendered":"<p><strong>Jos\u00e9 Seripieri Filho<\/strong>, fundador e ex-presidente da <a href=\"https:\/\/www.suno.com.br\/acoes\/qual3\/\"><strong>Qualicorp<\/strong> (QUAL3)<\/a>, diminuiu sua participa\u00e7\u00e3o no capital social da companhia. O executivo, dessa forma, permanece com uma uma fatia de 2,75% da corretora de seguros.<\/p>\t<div class=\"wrapper-featured-image\">\n\t\t<figure class=\"spotlightImg\">\n\n\t\t\t<picture>\n\t\t\t\t<source media=\"(max-width: 768px)\" srcset=\"https:\/\/files.sunoresearch.com.br\/n\/uploads\/2019\/08\/782c9731-qualicorp-divulga\u00e7\u00e3o-400x200.webp\">\n\t\t\t\t<img loading=\"lazy\" decoding=\"async\" class=\"newsContent__article__imgCapa lazyloadDisabled newsContent__article__imgCapa--noCaption\" src=\"https:\/\/files.sunoresearch.com.br\/n\/uploads\/2019\/08\/782c9731-qualicorp-divulga\u00e7\u00e3o-800x450.webp\" width=\"800\" height=\"450\" alt=\"Ex-presidente da Qualicorp diminui participa\u00e7\u00e3o societ\u00e1ria na empresa\" fetchpriority=high \/>\n\t\t\t<\/picture>\n\n\t\t\t<figcaption class=\"wp-caption-text wp-caption-text--hide\">Qualicorp (QUAL3) termina rela\u00e7\u00f5es societ\u00e1rias com fundador<\/figcaption>\n\t\t<\/figure>\n\t<\/div>\n\n\n\n<p>Atrav\u00e9s do fundo 831 participa\u00e7\u00f5es, Seripieri, que tem o controle direto, possu\u00eda 9,9% da Qualicorp. No entanto, segundo o comunicado divulgado pela companhia no site <a href=\"https:\/\/www.suno.com.br\/artigos\/cvm\/\">Comiss\u00e3o de Valores Mobili\u00e1rios (CVM)<\/a> nesta quarta-feira (5), o executivo vender\u00e1 20,43 milh\u00f5es de a\u00e7\u00f5es da empresa, ficando com 7,8 milh\u00f5es.<\/p>\n<p>As a\u00e7\u00f5es sob posse de Seripieri foram alvo de discuss\u00f5es entre os acionistas minorit\u00e1rios no final de 2018. Na \u00e9poca, o executivo entrou em um acordo non-compete com a Qualicorp. A empresa anunciou um &#8220;lock-up&#8221; das a\u00e7\u00f5es, o que impactou o mercado e fez a a\u00e7\u00e3o cair mais de 30% em uma semana.<\/p>\n<p><a href=\"https:\/\/www.suno.com.br\/noticias\/oi-movel-debentures-simples\/\">Confira: Oi M\u00f3vel finaliza emiss\u00e3o de deb\u00eantures simples no valor de R$ 2,5 bi<\/a><\/p>\n<p>No entanto, as a\u00e7\u00f5es da corretora de seguros apresentaram uma forte valoriza\u00e7\u00e3o na <a href=\"https:\/\/www.suno.com.br\/artigos\/b3\/\">Bolsa de Valores de S\u00e3o Paulo (B3)<\/a> no ano passado. Apenas em 2019, os pap\u00e9is da Qualicorp subiram 242,88%, fechando o preg\u00e3o da \u00faltima ter\u00e7a-feira (4) a R$ 43,72.<\/p>\n<h2>Ita\u00fa diminui participa\u00e7\u00e3o na Qualicorp<\/h2>\n<p>O <a href=\"https:\/\/www.suno.com.br\/acoes\/itub4\/\">Ita\u00fa Unibanco (ITUB4),<\/a> anunciou que reduziu sua participa\u00e7\u00e3o na Qualicorp. O banco passa deter 14 milh\u00f5es de <a href=\"https:\/\/www.suno.com.br\/artigos\/tipos-de-acoes\/\">a\u00e7\u00f5es ordin\u00e1rias<\/a>, representando aproximadamente 4,95% do total de pap\u00e9is emitidos pela empresa.<\/p>\n\t<p>\n\t\t<a href=\"https:\/\/lp.suno.com.br\/ebook-10-livros\/\" target=\"_blank\" data-element=\"shortcode-suno-banner\" title=\"Banner SUNO, clique e saiba mais\">\n\t\t\t<picture>\n\t\t\t\t<source media=\"(max-width: 500px)\" srcset=\"https:\/\/files.sunoresearch.com.br\/n\/uploads\/2023\/03\/400x300-10-livros.png\">\n\t\t\t\t<img class=\"newsContent__article__imgCapa newsContent__article__imgCapa--banner\"\n\t\t\t\t\tsrc=\"https:\/\/files.sunoresearch.com.br\/n\/uploads\/2023\/03\/1420x240-10-livros.png\"\n\t\t\t\t\tdata-promo-id=\"383159\"\t\t\t\t\t\t\t\t\t\twidth='1420' height='240'\t\t\t\t\talt=\"https:\/\/files.sunoresearch.com.br\/n\/uploads\/2023\/03\/1420x240-10-livros.png\"\n\t\t\t\t>\n\t\t\t<\/picture>\n\t\t<\/a>\n\t<\/p>\n\n\n<p>De acordo com o <a href=\"https:\/\/www.suno.com.br\/artigos\/fato-relevante\/\">fato relevante<\/a> da Qualicorp, &#8220;o objetivo das participa\u00e7\u00f5es societ\u00e1rias acima mencionadas \u00e9 um investimento minorit\u00e1rio, n\u00e3o envolvendo altera\u00e7\u00e3o do controle acion\u00e1rio ou da estrutura administrativa da Companhia&#8221;.<\/p>\n<h2>Resultados do terceiro trimestre<\/h2>\n<p>No terceiro trimestre de 2019, a Qualicorp apresentou uma alta de 5,4% em sua <a href=\"https:\/\/www.suno.com.br\/artigos\/o-que-receita-liquida\/\">receita l\u00edquida<\/a> na compara\u00e7\u00e3o anualizada. Segundo a companhia, o crescimento &#8220;reflete maior receita recorrente no segmento ades\u00e3o&#8221;.<\/p>\n<p>J\u00e1 o <strong>Ebitda<\/strong> (lucro antes de juros, impostos, deprecia\u00e7\u00e3o e amortiza\u00e7\u00e3o) ajustado chegou a R$ 271,5 milh\u00f5es no intervalo julho a setembro, 11,7% na compara\u00e7\u00e3o com o mesmo per\u00edodo do ano anterior. Isso foi poss\u00edvel &#8220;dada a melhora nos custos de servi\u00e7os prestados e nas perdas com cr\u00e9ditos<br \/>\nincobr\u00e1veis&#8221;.<\/p>\n<p>Al\u00e9m disso, a <strong>Qualicorp<\/strong> registrou o <a href=\"https:\/\/www.suno.com.br\/artigos\/lucro-liquido\/\">lucro l\u00edquido<\/a> de R$ 119,1 milh\u00f5es no terceiro trimestre. Segundo a empresa, o resultado &#8220;subiu em compara\u00e7\u00e3o com os trimestres anteriores por conta do maior resultado operacional&#8221;.<\/p>\n\n","protected":false},"excerpt":{"rendered":"<p>Jos\u00e9 Seripieri Filho, fundador e ex-presidente da Qualicorp (QUAL3), diminuiu sua participa\u00e7\u00e3o no capital social da companhia. O executivo, dessa forma, permanece com uma uma fatia de 2,75% da corretora de seguros. Qualicorp (QUAL3) termina rela\u00e7\u00f5es societ\u00e1rias com fundador Atrav\u00e9s do fundo 831 participa\u00e7\u00f5es, Seripieri, que tem o controle direto, possu\u00eda 9,9% da Qualicorp. No [&hellip;]<\/p>\n","protected":false},"author":24,"featured_media":33990,"comment_status":"closed","ping_status":"closed","sticky":false,"template":"","format":"standard","meta":[],"categories":[64],"tags":[611],"suno_strategy":[],"class_list":["post-52037","post","type-post","status-publish","format-standard","has-post-thumbnail","hentry","category-negocios","tag-qualicorp-qual3"],"yoast_head":"<!-- This site is optimized with the Yoast SEO plugin v24.4 - https:\/\/yoast.com\/wordpress\/plugins\/seo\/ -->\n<title>Ex-presidente da Qualicorp diminui participa\u00e7\u00e3o na empresa<\/title>\n<meta name=\"description\" content=\"Jos\u00e9 Seripieri Filho, fundador e ex-presidente da Qualicorp, diminuiu sua participa\u00e7\u00e3o no capital social da companhia. Clique e saiba mais.\" \/>\n<meta name=\"robots\" content=\"index, follow, max-snippet:-1, max-image-preview:large, max-video-preview:-1\" \/>\n<link rel=\"canonical\" href=\"https:\/\/www.suno.com.br\/noticias\/fundador-da-qualicorp-diminui-participacao\/\" \/>\n<meta property=\"og:locale\" content=\"pt_BR\" \/>\n<meta property=\"og:type\" content=\"article\" \/>\n<meta property=\"og:title\" content=\"Ex-presidente da Qualicorp diminui participa\u00e7\u00e3o na empresa\" \/>\n<meta property=\"og:description\" content=\"Jos\u00e9 Seripieri Filho, fundador e ex-presidente da Qualicorp, diminuiu sua participa\u00e7\u00e3o no capital social da companhia. Clique e saiba mais.\" \/>\n<meta property=\"og:url\" content=\"https:\/\/www.suno.com.br\/noticias\/fundador-da-qualicorp-diminui-participacao\/\" \/>\n<meta property=\"og:site_name\" content=\"Suno Not\u00edcias\" \/>\n<meta property=\"article:publisher\" content=\"https:\/\/facebook.com\/sunoresearch\" \/>\n<meta property=\"og:image\" content=\"https:\/\/files.sunoresearch.com.br\/n\/uploads\/2019\/08\/782c9731-qualicorp-divulga\u00e7\u00e3o.jpg\" \/>\n\t<meta property=\"og:image:width\" content=\"1195\" \/>\n\t<meta property=\"og:image:height\" content=\"696\" \/>\n\t<meta property=\"og:image:type\" content=\"image\/jpeg\" \/>\n<meta name=\"author\" content=\"Jader Lazarini\" \/>\n<meta name=\"twitter:card\" content=\"summary_large_image\" \/>\n<meta name=\"twitter:creator\" content=\"@sunoresearch\" \/>\n<meta name=\"twitter:site\" content=\"@sunoresearch\" \/>\n<meta name=\"twitter:label1\" content=\"Escrito por\" \/>\n\t<meta name=\"twitter:data1\" content=\"Jader Lazarini\" \/>\n\t<meta name=\"twitter:label2\" content=\"Est. tempo de leitura\" \/>\n\t<meta name=\"twitter:data2\" content=\"2 minutos\" \/>\n<script type=\"application\/ld+json\" class=\"yoast-schema-graph\">{\"@context\":\"https:\/\/schema.org\",\"@graph\":[{\"@type\":\"NewsArticle\",\"@id\":\"https:\/\/www.suno.com.br\/noticias\/fundador-da-qualicorp-diminui-participacao\/#article\",\"isPartOf\":{\"@id\":\"https:\/\/www.suno.com.br\/noticias\/fundador-da-qualicorp-diminui-participacao\/\"},\"author\":{\"name\":\"Jader Lazarini\",\"@id\":\"https:\/\/www.suno.com.br\/noticias\/#\/schema\/person\/918d79de1f0281f01599b93f9ea6e23f\"},\"headline\":\"Ex-presidente da Qualicorp diminui participa\u00e7\u00e3o societ\u00e1ria na empresa\",\"datePublished\":\"2020-02-05T15:19:33+00:00\",\"dateModified\":\"2020-02-05T16:05:03+00:00\",\"mainEntityOfPage\":{\"@id\":\"https:\/\/www.suno.com.br\/noticias\/fundador-da-qualicorp-diminui-participacao\/\"},\"wordCount\":421,\"publisher\":{\"@id\":\"https:\/\/www.suno.com.br\/noticias\/#organization\"},\"image\":{\"@id\":\"https:\/\/www.suno.com.br\/noticias\/fundador-da-qualicorp-diminui-participacao\/#primaryimage\"},\"thumbnailUrl\":\"https:\/\/files.sunoresearch.com.br\/n\/uploads\/2019\/08\/782c9731-qualicorp-divulga\u00e7\u00e3o-jpg.webp\",\"keywords\":[\"Qualicorp (QUAL3)\"],\"articleSection\":[\"Neg\u00f3cios\"],\"inLanguage\":\"pt-BR\"},{\"@type\":\"WebPage\",\"@id\":\"https:\/\/www.suno.com.br\/noticias\/fundador-da-qualicorp-diminui-participacao\/\",\"url\":\"https:\/\/www.suno.com.br\/noticias\/fundador-da-qualicorp-diminui-participacao\/\",\"name\":\"Ex-presidente da Qualicorp diminui participa\u00e7\u00e3o na empresa\",\"isPartOf\":{\"@id\":\"https:\/\/www.suno.com.br\/noticias\/#website\"},\"primaryImageOfPage\":{\"@id\":\"https:\/\/www.suno.com.br\/noticias\/fundador-da-qualicorp-diminui-participacao\/#primaryimage\"},\"image\":{\"@id\":\"https:\/\/www.suno.com.br\/noticias\/fundador-da-qualicorp-diminui-participacao\/#primaryimage\"},\"thumbnailUrl\":\"https:\/\/files.sunoresearch.com.br\/n\/uploads\/2019\/08\/782c9731-qualicorp-divulga\u00e7\u00e3o-jpg.webp\",\"datePublished\":\"2020-02-05T15:19:33+00:00\",\"dateModified\":\"2020-02-05T16:05:03+00:00\",\"description\":\"Jos\u00e9 Seripieri Filho, fundador e ex-presidente da Qualicorp, diminuiu sua participa\u00e7\u00e3o no capital social da companhia. Clique e saiba mais.\",\"breadcrumb\":{\"@id\":\"https:\/\/www.suno.com.br\/noticias\/fundador-da-qualicorp-diminui-participacao\/#breadcrumb\"},\"inLanguage\":\"pt-BR\",\"potentialAction\":[{\"@type\":\"ReadAction\",\"target\":[\"https:\/\/www.suno.com.br\/noticias\/fundador-da-qualicorp-diminui-participacao\/\"]}]},{\"@type\":\"ImageObject\",\"inLanguage\":\"pt-BR\",\"@id\":\"https:\/\/www.suno.com.br\/noticias\/fundador-da-qualicorp-diminui-participacao\/#primaryimage\",\"url\":\"https:\/\/files.sunoresearch.com.br\/n\/uploads\/2019\/08\/782c9731-qualicorp-divulga\u00e7\u00e3o-jpg.webp\",\"contentUrl\":\"https:\/\/files.sunoresearch.com.br\/n\/uploads\/2019\/08\/782c9731-qualicorp-divulga\u00e7\u00e3o-jpg.webp\",\"width\":1195,\"height\":696,\"caption\":\"Qualicorp (QUAL3) termina rela\u00e7\u00f5es societ\u00e1rias com fundador\"},{\"@type\":\"BreadcrumbList\",\"@id\":\"https:\/\/www.suno.com.br\/noticias\/fundador-da-qualicorp-diminui-participacao\/#breadcrumb\",\"itemListElement\":[{\"@type\":\"ListItem\",\"position\":1,\"name\":\"Not\u00edcias\",\"item\":\"https:\/\/www.suno.com.br\/noticias\/\"},{\"@type\":\"ListItem\",\"position\":2,\"name\":\"Neg\u00f3cios\",\"item\":\"https:\/\/www.suno.com.br\/noticias\/negocios\/\"},{\"@type\":\"ListItem\",\"position\":3,\"name\":\"Ex-presidente da Qualicorp diminui participa\u00e7\u00e3o societ\u00e1ria na empresa\"}]},{\"@type\":\"WebSite\",\"@id\":\"https:\/\/www.suno.com.br\/noticias\/#website\",\"url\":\"https:\/\/www.suno.com.br\/noticias\/\",\"name\":\"Suno Not\u00edcias\",\"description\":\"Seu portal de informa\u00e7\u00e3o sobre o mundo dos investimentos\",\"publisher\":{\"@id\":\"https:\/\/www.suno.com.br\/noticias\/#organization\"},\"potentialAction\":[{\"@type\":\"SearchAction\",\"target\":{\"@type\":\"EntryPoint\",\"urlTemplate\":\"https:\/\/www.suno.com.br\/noticias\/?s={search_term_string}\"},\"query-input\":{\"@type\":\"PropertyValueSpecification\",\"valueRequired\":true,\"valueName\":\"search_term_string\"}}],\"inLanguage\":\"pt-BR\"},{\"@type\":\"Organization\",\"@id\":\"https:\/\/www.suno.com.br\/noticias\/#organization\",\"name\":\"Suno Not\u00edcias\",\"url\":\"https:\/\/www.suno.com.br\/noticias\/\",\"logo\":{\"@type\":\"ImageObject\",\"inLanguage\":\"pt-BR\",\"@id\":\"https:\/\/www.suno.com.br\/noticias\/#\/schema\/logo\/image\/\",\"url\":\"https:\/\/files.sunoresearch.com.br\/n\/uploads\/2021\/09\/suno-logo.png\",\"contentUrl\":\"https:\/\/files.sunoresearch.com.br\/n\/uploads\/2021\/09\/suno-logo.png\",\"width\":180,\"height\":180,\"caption\":\"Suno Not\u00edcias\"},\"image\":{\"@id\":\"https:\/\/www.suno.com.br\/noticias\/#\/schema\/logo\/image\/\"},\"sameAs\":[\"https:\/\/facebook.com\/sunoresearch\",\"https:\/\/x.com\/sunoresearch\",\"https:\/\/www.instagram.com\/suno\",\"https:\/\/www.linkedin.com\/company\/suno-research\/\",\"https:\/\/www.youtube.com\/c\/sunoresearch\"]},{\"@type\":\"Person\",\"@id\":\"https:\/\/www.suno.com.br\/noticias\/#\/schema\/person\/918d79de1f0281f01599b93f9ea6e23f\",\"name\":\"Jader Lazarini\",\"image\":{\"@type\":\"ImageObject\",\"inLanguage\":\"pt-BR\",\"@id\":\"https:\/\/www.suno.com.br\/noticias\/#\/schema\/person\/image\/\",\"url\":\"https:\/\/secure.gravatar.com\/avatar\/3c1ad8caa51589841baeb923fcddea97?s=96&r=g\",\"contentUrl\":\"https:\/\/secure.gravatar.com\/avatar\/3c1ad8caa51589841baeb923fcddea97?s=96&r=g\",\"caption\":\"Jader Lazarini\"},\"description\":\"Jader Lazarini escreve sobre investimentos, finan\u00e7as, economia e neg\u00f3cios. \u00c9 bacharel em Rela\u00e7\u00f5es Internacionais e analista CNPI (2619).\",\"url\":\"https:\/\/www.suno.com.br\/noticias\/author\/jader-lazarini\/\"}]}<\/script>\n<!-- \/ Yoast SEO plugin. -->","yoast_head_json":{"title":"Ex-presidente da Qualicorp diminui participa\u00e7\u00e3o na empresa","description":"Jos\u00e9 Seripieri Filho, fundador e ex-presidente da Qualicorp, diminuiu sua participa\u00e7\u00e3o no capital social da companhia. Clique e saiba mais.","robots":{"index":"index","follow":"follow","max-snippet":"max-snippet:-1","max-image-preview":"max-image-preview:large","max-video-preview":"max-video-preview:-1"},"canonical":"https:\/\/www.suno.com.br\/noticias\/fundador-da-qualicorp-diminui-participacao\/","og_locale":"pt_BR","og_type":"article","og_title":"Ex-presidente da Qualicorp diminui participa\u00e7\u00e3o na empresa","og_description":"Jos\u00e9 Seripieri Filho, fundador e ex-presidente da Qualicorp, diminuiu sua participa\u00e7\u00e3o no capital social da companhia. Clique e saiba mais.","og_url":"https:\/\/www.suno.com.br\/noticias\/fundador-da-qualicorp-diminui-participacao\/","og_site_name":"Suno Not\u00edcias","article_publisher":"https:\/\/facebook.com\/sunoresearch","og_image":[{"width":1195,"height":696,"url":"https:\/\/files.sunoresearch.com.br\/n\/uploads\/2019\/08\/782c9731-qualicorp-divulga\u00e7\u00e3o.jpg","type":"image\/jpeg"}],"author":"Jader Lazarini","twitter_card":"summary_large_image","twitter_creator":"@sunoresearch","twitter_site":"@sunoresearch","twitter_misc":{"Escrito por":"Jader Lazarini","Est. tempo de leitura":"2 minutos"},"schema":{"@context":"https:\/\/schema.org","@graph":[{"@type":"NewsArticle","@id":"https:\/\/www.suno.com.br\/noticias\/fundador-da-qualicorp-diminui-participacao\/#article","isPartOf":{"@id":"https:\/\/www.suno.com.br\/noticias\/fundador-da-qualicorp-diminui-participacao\/"},"author":{"name":"Jader Lazarini","@id":"https:\/\/www.suno.com.br\/noticias\/#\/schema\/person\/918d79de1f0281f01599b93f9ea6e23f"},"headline":"Ex-presidente da Qualicorp diminui participa\u00e7\u00e3o societ\u00e1ria na empresa","datePublished":"2020-02-05T15:19:33+00:00","dateModified":"2020-02-05T16:05:03+00:00","mainEntityOfPage":{"@id":"https:\/\/www.suno.com.br\/noticias\/fundador-da-qualicorp-diminui-participacao\/"},"wordCount":421,"publisher":{"@id":"https:\/\/www.suno.com.br\/noticias\/#organization"},"image":{"@id":"https:\/\/www.suno.com.br\/noticias\/fundador-da-qualicorp-diminui-participacao\/#primaryimage"},"thumbnailUrl":"https:\/\/files.sunoresearch.com.br\/n\/uploads\/2019\/08\/782c9731-qualicorp-divulga\u00e7\u00e3o-jpg.webp","keywords":["Qualicorp (QUAL3)"],"articleSection":["Neg\u00f3cios"],"inLanguage":"pt-BR"},{"@type":"WebPage","@id":"https:\/\/www.suno.com.br\/noticias\/fundador-da-qualicorp-diminui-participacao\/","url":"https:\/\/www.suno.com.br\/noticias\/fundador-da-qualicorp-diminui-participacao\/","name":"Ex-presidente da Qualicorp diminui participa\u00e7\u00e3o na empresa","isPartOf":{"@id":"https:\/\/www.suno.com.br\/noticias\/#website"},"primaryImageOfPage":{"@id":"https:\/\/www.suno.com.br\/noticias\/fundador-da-qualicorp-diminui-participacao\/#primaryimage"},"image":{"@id":"https:\/\/www.suno.com.br\/noticias\/fundador-da-qualicorp-diminui-participacao\/#primaryimage"},"thumbnailUrl":"https:\/\/files.sunoresearch.com.br\/n\/uploads\/2019\/08\/782c9731-qualicorp-divulga\u00e7\u00e3o-jpg.webp","datePublished":"2020-02-05T15:19:33+00:00","dateModified":"2020-02-05T16:05:03+00:00","description":"Jos\u00e9 Seripieri Filho, fundador e ex-presidente da Qualicorp, diminuiu sua participa\u00e7\u00e3o no capital social da companhia. Clique e saiba mais.","breadcrumb":{"@id":"https:\/\/www.suno.com.br\/noticias\/fundador-da-qualicorp-diminui-participacao\/#breadcrumb"},"inLanguage":"pt-BR","potentialAction":[{"@type":"ReadAction","target":["https:\/\/www.suno.com.br\/noticias\/fundador-da-qualicorp-diminui-participacao\/"]}]},{"@type":"ImageObject","inLanguage":"pt-BR","@id":"https:\/\/www.suno.com.br\/noticias\/fundador-da-qualicorp-diminui-participacao\/#primaryimage","url":"https:\/\/files.sunoresearch.com.br\/n\/uploads\/2019\/08\/782c9731-qualicorp-divulga\u00e7\u00e3o-jpg.webp","contentUrl":"https:\/\/files.sunoresearch.com.br\/n\/uploads\/2019\/08\/782c9731-qualicorp-divulga\u00e7\u00e3o-jpg.webp","width":1195,"height":696,"caption":"Qualicorp (QUAL3) termina rela\u00e7\u00f5es societ\u00e1rias com fundador"},{"@type":"BreadcrumbList","@id":"https:\/\/www.suno.com.br\/noticias\/fundador-da-qualicorp-diminui-participacao\/#breadcrumb","itemListElement":[{"@type":"ListItem","position":1,"name":"Not\u00edcias","item":"https:\/\/www.suno.com.br\/noticias\/"},{"@type":"ListItem","position":2,"name":"Neg\u00f3cios","item":"https:\/\/www.suno.com.br\/noticias\/negocios\/"},{"@type":"ListItem","position":3,"name":"Ex-presidente da Qualicorp diminui participa\u00e7\u00e3o societ\u00e1ria na empresa"}]},{"@type":"WebSite","@id":"https:\/\/www.suno.com.br\/noticias\/#website","url":"https:\/\/www.suno.com.br\/noticias\/","name":"Suno Not\u00edcias","description":"Seu portal de informa\u00e7\u00e3o sobre o mundo dos investimentos","publisher":{"@id":"https:\/\/www.suno.com.br\/noticias\/#organization"},"potentialAction":[{"@type":"SearchAction","target":{"@type":"EntryPoint","urlTemplate":"https:\/\/www.suno.com.br\/noticias\/?s={search_term_string}"},"query-input":{"@type":"PropertyValueSpecification","valueRequired":true,"valueName":"search_term_string"}}],"inLanguage":"pt-BR"},{"@type":"Organization","@id":"https:\/\/www.suno.com.br\/noticias\/#organization","name":"Suno Not\u00edcias","url":"https:\/\/www.suno.com.br\/noticias\/","logo":{"@type":"ImageObject","inLanguage":"pt-BR","@id":"https:\/\/www.suno.com.br\/noticias\/#\/schema\/logo\/image\/","url":"https:\/\/files.sunoresearch.com.br\/n\/uploads\/2021\/09\/suno-logo.png","contentUrl":"https:\/\/files.sunoresearch.com.br\/n\/uploads\/2021\/09\/suno-logo.png","width":180,"height":180,"caption":"Suno Not\u00edcias"},"image":{"@id":"https:\/\/www.suno.com.br\/noticias\/#\/schema\/logo\/image\/"},"sameAs":["https:\/\/facebook.com\/sunoresearch","https:\/\/x.com\/sunoresearch","https:\/\/www.instagram.com\/suno","https:\/\/www.linkedin.com\/company\/suno-research\/","https:\/\/www.youtube.com\/c\/sunoresearch"]},{"@type":"Person","@id":"https:\/\/www.suno.com.br\/noticias\/#\/schema\/person\/918d79de1f0281f01599b93f9ea6e23f","name":"Jader Lazarini","image":{"@type":"ImageObject","inLanguage":"pt-BR","@id":"https:\/\/www.suno.com.br\/noticias\/#\/schema\/person\/image\/","url":"https:\/\/secure.gravatar.com\/avatar\/3c1ad8caa51589841baeb923fcddea97?s=96&r=g","contentUrl":"https:\/\/secure.gravatar.com\/avatar\/3c1ad8caa51589841baeb923fcddea97?s=96&r=g","caption":"Jader Lazarini"},"description":"Jader Lazarini escreve sobre investimentos, finan\u00e7as, economia e neg\u00f3cios. \u00c9 bacharel em Rela\u00e7\u00f5es Internacionais e analista CNPI (2619).","url":"https:\/\/www.suno.com.br\/noticias\/author\/jader-lazarini\/"}]}},"default_loop_html":"<div class=\"cardsPage__listCard__boxs\"><div class=\"cardsPage__listCard__boxs__img\"><a href=\"https:\/\/www.suno.com.br\/noticias\/fundador-da-qualicorp-diminui-participacao\/\"><img class=\"mask\" src=\"https:\/\/www.suno.com.br\/noticias\/wp-content\/themes\/suno\/resources\/images\/spotlight\/spotlight1img\/bg-mask.png\" alt=\"Image Mask\"\/><img src=\"https:\/\/files.sunoresearch.com.br\/n\/uploads\/2019\/08\/782c9731-qualicorp-divulga\u00e7\u00e3o-400x200.webp\" alt=\"Ex-presidente da Qualicorp diminui participa\u00e7\u00e3o societ\u00e1ria na empresa\"\/><\/a><span class=\"spotlightCategory\"><a href=\"https:\/\/www.suno.com.br\/noticias\/negocios\/\">Neg\u00f3cios<\/a><\/span><\/div><div class=\"cardsPage__listCard__boxs__content\"><a href=\"https:\/\/www.suno.com.br\/noticias\/fundador-da-qualicorp-diminui-participacao\/\"><h2 class=\"content__title\">Ex-presidente da Qualicorp diminui participa\u00e7\u00e3o societ\u00e1ria na empresa<\/h2><\/a><div class=\"newsContent__article__meta\"><div class=\"newsContent__article__meta__authorBox\"><a href=\"https:\/\/www.suno.com.br\/noticias\/author\/jader-lazarini\/\" class=\"authorBox__avatar noMobi\"><img src=\"https:\/\/files.sunoresearch.com.br\/n\/uploads\/2021\/01\/178e6598-foto-perfil-2-150x150.jpg\" alt=\"Jader Lazarini\"><\/a><div class=\"authorBox__name\"><span>por\n\t\t\t<a href=\"https:\/\/www.suno.com.br\/noticias\/author\/jader-lazarini\/\"><span itemprop=\"author\">Jader Lazarini<\/span><\/a><\/span><time datetime=\"2020-02-05T13:19:33-03:00\" itemprop=\"datePublished\">05\/02\/2020 13:19<\/time><\/div><\/div><\/div><\/div><\/div>","single_layout":"posts","amp_enabled":true,"_links":{"self":[{"href":"https:\/\/www.suno.com.br\/noticias\/wp-json\/wp\/v2\/posts\/52037"}],"collection":[{"href":"https:\/\/www.suno.com.br\/noticias\/wp-json\/wp\/v2\/posts"}],"about":[{"href":"https:\/\/www.suno.com.br\/noticias\/wp-json\/wp\/v2\/types\/post"}],"author":[{"embeddable":true,"href":"https:\/\/www.suno.com.br\/noticias\/wp-json\/wp\/v2\/users\/24"}],"replies":[{"embeddable":true,"href":"https:\/\/www.suno.com.br\/noticias\/wp-json\/wp\/v2\/comments?post=52037"}],"version-history":[{"count":0,"href":"https:\/\/www.suno.com.br\/noticias\/wp-json\/wp\/v2\/posts\/52037\/revisions"}],"wp:featuredmedia":[{"embeddable":true,"href":"https:\/\/www.suno.com.br\/noticias\/wp-json\/wp\/v2\/media\/33990"}],"wp:attachment":[{"href":"https:\/\/www.suno.com.br\/noticias\/wp-json\/wp\/v2\/media?parent=52037"}],"wp:term":[{"taxonomy":"category","embeddable":true,"href":"https:\/\/www.suno.com.br\/noticias\/wp-json\/wp\/v2\/categories?post=52037"},{"taxonomy":"post_tag","embeddable":true,"href":"https:\/\/www.suno.com.br\/noticias\/wp-json\/wp\/v2\/tags?post=52037"},{"taxonomy":"suno_strategy","embeddable":true,"href":"https:\/\/www.suno.com.br\/noticias\/wp-json\/wp\/v2\/suno_strategy?post=52037"}],"curies":[{"name":"wp","href":"https:\/\/api.w.org\/{rel}","templated":true}]}}