{"id":520327,"date":"2024-02-06T09:47:15","date_gmt":"2024-02-06T12:47:15","guid":{"rendered":"https:\/\/www.suno.com.br\/noticias\/?p=520327"},"modified":"2024-02-06T09:47:21","modified_gmt":"2024-02-06T12:47:21","slug":"oi-oibr3-nova-versao-recuperacao-judicial-gpj","status":"publish","type":"post","link":"https:\/\/www.suno.com.br\/noticias\/oi-oibr3-nova-versao-recuperacao-judicial-gpj\/","title":{"rendered":"Oi (OIBR3) aprova nova vers\u00e3o do plano de recupera\u00e7\u00e3o judicial; veja detalhes"},"content":{"rendered":"<p>O <a href=\"https:\/\/www.suno.com.br\/artigos\/conselho-administracao\/\">conselho de administra\u00e7\u00e3o<\/a> da <strong>Oi <\/strong>(<a href=\"https:\/\/statusinvest.com.br\/acoes\/oibr3\">OIBR3<\/a>) aprovou nesta ter\u00e7a-feira (06) a nova vers\u00e3o do <a href=\"https:\/\/www.suno.com.br\/artigos\/plano-de-recuperacao\/\">plano de recupera\u00e7\u00e3o judicial<\/a> da companhia e das suas subsidi\u00e1rias Portugal Telecom International Finance e Oi Brasil Holdings Co\u00f6peratief. O processo est\u00e1 em curso perante a 7\u00aa Vara Empresarial da Comarca da Capital do Estado do Rio de Janeiro.<\/p>\t<div class=\"wrapper-featured-image\">\n\t\t<figure class=\"spotlightImg\">\n\n\t\t\t<picture>\n\t\t\t\t<source media=\"(max-width: 768px)\" srcset=\"https:\/\/files.sunoresearch.com.br\/n\/uploads\/2022\/12\/oi-oibr3-oibr4-400x200.jpg\">\n\t\t\t\t<img loading=\"lazy\" decoding=\"async\" class=\"newsContent__article__imgCapa lazyloadDisabled \" src=\"https:\/\/files.sunoresearch.com.br\/n\/uploads\/2022\/12\/oi-oibr3-oibr4-800x450.jpg\" width=\"800\" height=\"450\" alt=\"Oi (OIBR3) aprova nova vers\u00e3o do plano de recupera\u00e7\u00e3o judicial; veja detalhes\" fetchpriority=high \/>\n\t\t\t<\/picture>\n\n\t\t\t<figcaption class=\"wp-caption-text wp-caption-text--show\">Oi (OIBR3). Foto: Divulga\u00e7\u00e3o<\/figcaption>\n\t\t<\/figure>\n\t<\/div>\n\n\n\n\n\n\n\n\t<p>\n\t\t<a href=\"\" target=\"_blank\" data-element=\"shortcode-suno-banner\" title=\"Banner SUNO, clique e saiba mais\">\n\t\t\t<picture>\n\t\t\t\t<source media=\"(max-width: 500px)\" srcset=\"\">\n\t\t\t\t<img class=\"newsContent__article__imgCapa newsContent__article__imgCapa--banner\"\n\t\t\t\t\tsrc=\"\"\n\t\t\t\t\tdata-promo-id=\"250705\"\t\t\t\t\t\t\t\t\t\t\t\t\t\t\talt=\"\"\n\t\t\t\t>\n\t\t\t<\/picture>\n\t\t<\/a>\n\t<\/p>\n\n\n\n\n\n<p>A primeira vers\u00e3o do <strong>plano de recupera\u00e7\u00e3o judicial da Oi<\/strong> foi apresentada em maio de 2023, e at\u00e9 julho daquele ano, a companhia esperava assinar um Acordo de Apoio \u00e0 Reestrutura\u00e7\u00e3o (RSA, na sigla em ingl\u00eas) com os credores.<\/p>\n\n\n\n<p>Segundo a Oi, a nova vers\u00e3o do <a href=\"https:\/\/www.suno.com.br\/artigos\/plano-de-recuperacao\/\">plano de recupera\u00e7\u00e3o judicial<\/a> visa a equaliza\u00e7\u00e3o do <a href=\"https:\/\/www.suno.com.br\/artigos\/passivo-financeiro\/\">passivo financeiro<\/a>, al\u00e9m da reestrutura\u00e7\u00e3o de cr\u00e9ditos concursais da companhia. Para isso, a tele prev\u00ea a capta\u00e7\u00e3o de recursos na forma de um empr\u00e9stimo extraconcursal superpriorit\u00e1rio, no valor de at\u00e9 US$ 650 milh\u00f5es, sendo que a companhia est\u00e1 negociando um compromisso firme quanto a este montante.<\/p>\n\n\n\n<p>Entre outras medidas citadas, a Oi destaca a potencial aliena\u00e7\u00e3o e onera\u00e7\u00e3o de bens do <a href=\"https:\/\/www.suno.com.br\/artigos\/ativo-permanente\/\">ativo permanente<\/a> (n\u00e3o circulante) das recuperandas, sob a forma de Unidades Produtivas Isoladas (UPIs) ou n\u00e3o, incluindo a realiza\u00e7\u00e3o de processos competitivos para a aliena\u00e7\u00e3o das UPIs ClientCo. e <strong>V.tal <\/strong>definidas na nova vers\u00e3o do plano de <a href=\"https:\/\/www.suno.com.br\/artigos\/recuperacao-judicial\/\">recupera\u00e7\u00e3o judicial<\/a>.<\/p>\n\n\n\n<p>A Oi prev\u00ea, tamb\u00e9m, a reestrutura\u00e7\u00e3o dos cr\u00e9ditos de fornecedores Take or Pay, em conson\u00e2ncia com as negocia\u00e7\u00f5es em andamento, em particular com empresas de Torres e Sat\u00e9lites, em busca de um acordo de suporte ao plano.<\/p>\n\n\n\n\t<div data-element=\"shortcode-read-more\" class=\"readToo\">\n\t\t\t\t<span class=\"readToo__title\">Leia mais<\/span>\n\t\t\t\t<ul class=\"readToo__list\">\n\t\t\t<li><a href=\"https:\/\/www.suno.com.br\/noticias\/selic-novos-cortes-ata-copom-projeta-gpj\/\">Queda na Selic: Copom deve adotar postura mais cautelosa, diz ata<\/a><\/li><li><a href=\"https:\/\/www.suno.com.br\/noticias\/ipca-selic-taxa-juros-previsao-focus-cpf\/\">Proje\u00e7\u00f5es de Selic e IPCA seguem inalteradas no Boletim Focus desta semana, ap\u00f3s atraso do BC<\/a><\/li><li><a href=\"https:\/\/www.suno.com.br\/noticias\/azul-azul4-oferta-reabertura-emissao-titulos-gpj\/\">Azul (AZUL4) anuncia oferta para reabertura de emiss\u00e3o de t\u00edtulos; saiba mais<\/a><\/li>\t\t<\/ul>\n\t<\/div>\n\n\n\n\n<h2 class=\"wp-block-heading\">Oi (OIBR3) nomeia novo CEO<\/h2>\n\n\n\n<p>A&nbsp;Oi&nbsp;informou em&nbsp;<a href=\"https:\/\/www.suno.com.br\/artigos\/fato-relevante\/\">fato relevante<\/a>&nbsp;no m\u00eas passado que, em virtude do encerramento do mandato de dois anos do diretor-presidente Rodrigo Modesto de Abreu no fim de janeiro, o executivo e o&nbsp;<a href=\"https:\/\/www.suno.com.br\/artigos\/conselho-administracao\/\">conselho de administra\u00e7\u00e3o<\/a>&nbsp;tomaram a decis\u00e3o, em comum acordo, de n\u00e3o renovar o mandato para o pr\u00f3ximo per\u00edodo.<\/p>\n\n\n\n<p>Para o cargo de<strong>&nbsp;CEO da Oi<\/strong>, o&nbsp;<a href=\"https:\/\/www.suno.com.br\/artigos\/conselho-administracao\/\">conselho de administra\u00e7\u00e3o<\/a>&nbsp;da companhia indicou&nbsp;<strong>Mateus Affonso Bandeira<\/strong>, que atualmente j\u00e1 participa da administra\u00e7\u00e3o da empresa como membro independente do conselho de administra\u00e7\u00e3o, onde liderava at\u00e9 ent\u00e3o o Comit\u00ea de Gente, Nomea\u00e7\u00f5es e Governan\u00e7a.<\/p>\n\n\n\n<p>\u201cO Sr.&nbsp;<strong>Mateus Bandeira<\/strong>&nbsp;ingressa, assim, no corpo executivo da companhia, com o objetivo de dar continuidade e foco ao processo de transforma\u00e7\u00e3o ora em curso, incluindo a finaliza\u00e7\u00e3o dos acordos necess\u00e1rios para a submiss\u00e3o do&nbsp;<a href=\"https:\/\/www.suno.com.br\/artigos\/plano-de-recuperacao\/\">Plano de Recupera\u00e7\u00e3o Judicial<\/a>&nbsp;a ser apresentado em Assembleia Geral de Credores e para que, em momento seguinte, apoie a sele\u00e7\u00e3o de um novo CEO para execu\u00e7\u00e3o e implementa\u00e7\u00e3o do referido plano no&nbsp;<a href=\"https:\/\/www.suno.com.br\/artigos\/longo-prazo\/\">longo prazo<\/a>\u201c, diz a Oi.<\/p>\n\n\n\n<p>Mateus Bandeira \u00e9 tamb\u00e9m conselheiro da&nbsp;<a href=\"https:\/\/www.suno.com.br\/acoes\/vbbr3\/\">Vibra Energia (VBBR3)<\/a>,&nbsp;<a href=\"https:\/\/www.suno.com.br\/acoes\/intb3\/\">Intelbras (INTB3)<\/a>&nbsp;e&nbsp;<a href=\"https:\/\/www.suno.com.br\/acoes\/POMO4\/\">Marcopolo (POMO4)<\/a>, e j\u00e1 foi CEO da Falconi Consultoria e do&nbsp;<a href=\"https:\/\/www.suno.com.br\/acoes\/BRSR6\/\">Banrisul (BRSR6)<\/a>, tendo ainda desempenhado a fun\u00e7\u00e3o de Secret\u00e1rio de Estado do Governo do Rio Grande do Sul.<\/p>\n\n\n\t<p>\n\t\t<a href=\"https:\/\/lp.suno.com.br\/ebook-como-analisar-uma-acao\/\" target=\"_blank\" data-element=\"shortcode-suno-banner\" title=\"Banner SUNO, clique e saiba mais\">\n\t\t\t<picture>\n\t\t\t\t<source media=\"(max-width: 500px)\" srcset=\"https:\/\/files.sunoresearch.com.br\/n\/uploads\/2023\/03\/Ebook-Acoes-Mobile.jpg\">\n\t\t\t\t<img class=\"newsContent__article__imgCapa newsContent__article__imgCapa--banner\"\n\t\t\t\t\tsrc=\"https:\/\/files.sunoresearch.com.br\/n\/uploads\/2023\/03\/Ebook-Acoes-Desktop.jpg\"\n\t\t\t\t\tdata-promo-id=\"378302\"\t\t\t\t\t\t\t\t\t\twidth='1420' height='286'\t\t\t\t\talt=\"https:\/\/files.sunoresearch.com.br\/n\/uploads\/2023\/03\/Ebook-Acoes-Desktop.jpg\"\n\t\t\t\t>\n\t\t\t<\/picture>\n\t\t<\/a>\n\t<\/p>\n\n\n\n\n\n<h2 class=\"wp-block-heading\">Desempenho das a\u00e7\u00f5es da Oi<\/h2>\n\n\n\n<p>No fechamento de segunda-feira (5), as a\u00e7\u00f5es da <strong>Oi <\/strong>(OIBR3) subiram 1,64%, a R$ 0,62, segundo o Status Invest.<\/p>\n\n\n\n<div class=\"pluginQuotation\">\n  <p class=\"ticker\">\n    Cota\u00e7\u00e3o <span>OIBR3<\/span>\n  <\/p>\n  <div class=\"info\">\n    <div class=\"leftSide\">\n      Gr\u00e1fico gerado em: 06\/02\/2024    <\/div>\n\t\t\t\t\t<div class=\"rightSide\">\n\t\t\t\t\t<span class=\"period\">\n\t\t\t\t\t\t1 Dia\t\t\t\t\t<\/span>\n\t\t\t<\/div>\n\t\t  <\/div>\n\n  <div id=\"chart-e59a33136d6a77c155637149358ec9e8\" data-block-hash=\"e59a33136d6a77c155637149358ec9e8\"  class=\"chart\" style=\"width:100%;height:400px;\"><\/div>\n\n  <div class=\"pluginQuotation__footer\">\n    <div class=\"dataChart\">\n\n      <div class=\"dataChart__div1 variation\">\n        <div class=\"value-positive\">\n          1,64 (+0,01%)        <\/div>\n        <div class=\"text\">\n          Varia\u00e7\u00e3o do per\u00edodo\n        <\/div>\n      <\/div>\n\n      <div class=\"dataChart__div2 minMax\">\n        <div class=\"value\">\n          R$\u00a00,61        <\/div>\n        <div class=\"text\">\n          M\u00ednima\n        <\/div>\n      <\/div>\n\n      <div class=\"dataChart__div3 minMax\">\n        <div class=\"value\">\n          R$\u00a00,63        <\/div>\n        <div class=\"text\">\n          M\u00e1xima\n        <\/div>\n      <\/div>\n\n\t\t\t<div class=\"dataChart__div4 rightSide\">\n\t\t\t\t<div class=\"analiticaSource\">\n\t\t\t\t\t<span>\n\t\t\t\t\t\tFonte:\n\t\t\t\t\t<\/span>\n\t\t\t\t\t<img decoding=\"async\" class=\"analiticaLogo\" src=\"https:\/\/www.suno.com.br\/noticias\/wp-content\/plugins\/suno-block-ticker-quotation\/src\/suno-analitica-logo.png\" alt=\"Logo Suno Anal\u00edtica\" \/>\n\t\t\t\t<\/div>\n\n\t\t\t\t<a href=\"https:\/\/www.suno.com.br\/analitica\/acoes\/OIBR3\" target=\"_blank\">\n\t\t\t\t\t<span>\n\t\t\t\t\t\tVer mais cota\u00e7\u00f5es\n\t\t\t\t\t<\/span>\n\t\t\t\t\t<svg xmlns=\"http:\/\/www.w3.org\/2000\/svg\" width=\"9\" height=\"8\" viewBox=\"0 0 9 8\" fill=\"none\">\n\t\t\t\t\t\t<path d=\"M4.20996 0L3.50496 0.705L6.29496 3.5H0.209961V4.5H6.29496L3.50496 7.295L4.20996 8L8.20996 4L4.20996 0Z\" fill=\"#D42126\" \/>\n\t\t\t\t\t<\/svg>\n\t\t\t\t<\/a>\n    <\/div>\n\n    <\/div>\n  <\/div>\n<\/div>\n\n\n<script type=\"text\/javascript\">\n  let chart_e59a33136d6a77c155637149358ec9e8 = document.getElementById('chart-e59a33136d6a77c155637149358ec9e8');\n  let data_json_e59a33136d6a77c155637149358ec9e8 = \"[{\\\"date\\\":\\\"05\\\\\\\/02\\\\\\\/24 10:00\\\",\\\"value\\\":0.61},{\\\"date\\\":\\\"05\\\\\\\/02\\\\\\\/24 10:02\\\",\\\"value\\\":0.61},{\\\"date\\\":\\\"05\\\\\\\/02\\\\\\\/24 10:04\\\",\\\"value\\\":0.61},{\\\"date\\\":\\\"05\\\\\\\/02\\\\\\\/24 10:06\\\",\\\"value\\\":0.61},{\\\"date\\\":\\\"05\\\\\\\/02\\\\\\\/24 10:08\\\",\\\"value\\\":0.61},{\\\"date\\\":\\\"05\\\\\\\/02\\\\\\\/24 10:10\\\",\\\"value\\\":0.61},{\\\"date\\\":\\\"05\\\\\\\/02\\\\\\\/24 10:12\\\",\\\"value\\\":0.62},{\\\"date\\\":\\\"05\\\\\\\/02\\\\\\\/24 10:14\\\",\\\"value\\\":0.61},{\\\"date\\\":\\\"05\\\\\\\/02\\\\\\\/24 10:16\\\",\\\"value\\\":0.62},{\\\"date\\\":\\\"05\\\\\\\/02\\\\\\\/24 10:22\\\",\\\"value\\\":0.62},{\\\"date\\\":\\\"05\\\\\\\/02\\\\\\\/24 10:24\\\",\\\"value\\\":0.61},{\\\"date\\\":\\\"05\\\\\\\/02\\\\\\\/24 10:26\\\",\\\"value\\\":0.62},{\\\"date\\\":\\\"05\\\\\\\/02\\\\\\\/24 10:28\\\",\\\"value\\\":0.61},{\\\"date\\\":\\\"05\\\\\\\/02\\\\\\\/24 10:30\\\",\\\"value\\\":0.61},{\\\"date\\\":\\\"05\\\\\\\/02\\\\\\\/24 10:32\\\",\\\"value\\\":0.61},{\\\"date\\\":\\\"05\\\\\\\/02\\\\\\\/24 10:34\\\",\\\"value\\\":0.61},{\\\"date\\\":\\\"05\\\\\\\/02\\\\\\\/24 10:36\\\",\\\"value\\\":0.62},{\\\"date\\\":\\\"05\\\\\\\/02\\\\\\\/24 10:38\\\",\\\"value\\\":0.62},{\\\"date\\\":\\\"05\\\\\\\/02\\\\\\\/24 10:40\\\",\\\"value\\\":0.62},{\\\"date\\\":\\\"05\\\\\\\/02\\\\\\\/24 10:42\\\",\\\"value\\\":0.61},{\\\"date\\\":\\\"05\\\\\\\/02\\\\\\\/24 10:44\\\",\\\"value\\\":0.62},{\\\"date\\\":\\\"05\\\\\\\/02\\\\\\\/24 10:46\\\",\\\"value\\\":0.61},{\\\"date\\\":\\\"05\\\\\\\/02\\\\\\\/24 10:50\\\",\\\"value\\\":0.62},{\\\"date\\\":\\\"05\\\\\\\/02\\\\\\\/24 10:52\\\",\\\"value\\\":0.61},{\\\"date\\\":\\\"05\\\\\\\/02\\\\\\\/24 10:54\\\",\\\"value\\\":0.62},{\\\"date\\\":\\\"05\\\\\\\/02\\\\\\\/24 10:56\\\",\\\"value\\\":0.61},{\\\"date\\\":\\\"05\\\\\\\/02\\\\\\\/24 10:58\\\",\\\"value\\\":0.62},{\\\"date\\\":\\\"05\\\\\\\/02\\\\\\\/24 11:00\\\",\\\"value\\\":0.62},{\\\"date\\\":\\\"05\\\\\\\/02\\\\\\\/24 11:02\\\",\\\"value\\\":0.62},{\\\"date\\\":\\\"05\\\\\\\/02\\\\\\\/24 11:04\\\",\\\"value\\\":0.62},{\\\"date\\\":\\\"05\\\\\\\/02\\\\\\\/24 11:06\\\",\\\"value\\\":0.61},{\\\"date\\\":\\\"05\\\\\\\/02\\\\\\\/24 11:10\\\",\\\"value\\\":0.62},{\\\"date\\\":\\\"05\\\\\\\/02\\\\\\\/24 11:12\\\",\\\"value\\\":0.62},{\\\"date\\\":\\\"05\\\\\\\/02\\\\\\\/24 11:14\\\",\\\"value\\\":0.61},{\\\"date\\\":\\\"05\\\\\\\/02\\\\\\\/24 11:16\\\",\\\"value\\\":0.61},{\\\"date\\\":\\\"05\\\\\\\/02\\\\\\\/24 11:18\\\",\\\"value\\\":0.61},{\\\"date\\\":\\\"05\\\\\\\/02\\\\\\\/24 11:20\\\",\\\"value\\\":0.62},{\\\"date\\\":\\\"05\\\\\\\/02\\\\\\\/24 11:22\\\",\\\"value\\\":0.62},{\\\"date\\\":\\\"05\\\\\\\/02\\\\\\\/24 11:24\\\",\\\"value\\\":0.62},{\\\"date\\\":\\\"05\\\\\\\/02\\\\\\\/24 11:28\\\",\\\"value\\\":0.62},{\\\"date\\\":\\\"05\\\\\\\/02\\\\\\\/24 11:30\\\",\\\"value\\\":0.61},{\\\"date\\\":\\\"05\\\\\\\/02\\\\\\\/24 11:32\\\",\\\"value\\\":0.62},{\\\"date\\\":\\\"05\\\\\\\/02\\\\\\\/24 11:34\\\",\\\"value\\\":0.62},{\\\"date\\\":\\\"05\\\\\\\/02\\\\\\\/24 11:36\\\",\\\"value\\\":0.61},{\\\"date\\\":\\\"05\\\\\\\/02\\\\\\\/24 11:38\\\",\\\"value\\\":0.62},{\\\"date\\\":\\\"05\\\\\\\/02\\\\\\\/24 11:40\\\",\\\"value\\\":0.61},{\\\"date\\\":\\\"05\\\\\\\/02\\\\\\\/24 11:42\\\",\\\"value\\\":0.62},{\\\"date\\\":\\\"05\\\\\\\/02\\\\\\\/24 11:44\\\",\\\"value\\\":0.61},{\\\"date\\\":\\\"05\\\\\\\/02\\\\\\\/24 11:46\\\",\\\"value\\\":0.62},{\\\"date\\\":\\\"05\\\\\\\/02\\\\\\\/24 11:48\\\",\\\"value\\\":0.61},{\\\"date\\\":\\\"05\\\\\\\/02\\\\\\\/24 11:50\\\",\\\"value\\\":0.61},{\\\"date\\\":\\\"05\\\\\\\/02\\\\\\\/24 11:52\\\",\\\"value\\\":0.62},{\\\"date\\\":\\\"05\\\\\\\/02\\\\\\\/24 11:54\\\",\\\"value\\\":0.62},{\\\"date\\\":\\\"05\\\\\\\/02\\\\\\\/24 11:58\\\",\\\"value\\\":0.61},{\\\"date\\\":\\\"05\\\\\\\/02\\\\\\\/24 12:00\\\",\\\"value\\\":0.62},{\\\"date\\\":\\\"05\\\\\\\/02\\\\\\\/24 12:02\\\",\\\"value\\\":0.61},{\\\"date\\\":\\\"05\\\\\\\/02\\\\\\\/24 12:04\\\",\\\"value\\\":0.61},{\\\"date\\\":\\\"05\\\\\\\/02\\\\\\\/24 12:06\\\",\\\"value\\\":0.61},{\\\"date\\\":\\\"05\\\\\\\/02\\\\\\\/24 12:08\\\",\\\"value\\\":0.62},{\\\"date\\\":\\\"05\\\\\\\/02\\\\\\\/24 12:10\\\",\\\"value\\\":0.61},{\\\"date\\\":\\\"05\\\\\\\/02\\\\\\\/24 12:12\\\",\\\"value\\\":0.61},{\\\"date\\\":\\\"05\\\\\\\/02\\\\\\\/24 12:14\\\",\\\"value\\\":0.61},{\\\"date\\\":\\\"05\\\\\\\/02\\\\\\\/24 12:16\\\",\\\"value\\\":0.62},{\\\"date\\\":\\\"05\\\\\\\/02\\\\\\\/24 12:18\\\",\\\"value\\\":0.61},{\\\"date\\\":\\\"05\\\\\\\/02\\\\\\\/24 12:20\\\",\\\"value\\\":0.61},{\\\"date\\\":\\\"05\\\\\\\/02\\\\\\\/24 12:22\\\",\\\"value\\\":0.62},{\\\"date\\\":\\\"05\\\\\\\/02\\\\\\\/24 12:24\\\",\\\"value\\\":0.61},{\\\"date\\\":\\\"05\\\\\\\/02\\\\\\\/24 12:26\\\",\\\"value\\\":0.61},{\\\"date\\\":\\\"05\\\\\\\/02\\\\\\\/24 12:28\\\",\\\"value\\\":0.61},{\\\"date\\\":\\\"05\\\\\\\/02\\\\\\\/24 12:32\\\",\\\"value\\\":0.62},{\\\"date\\\":\\\"05\\\\\\\/02\\\\\\\/24 12:34\\\",\\\"value\\\":0.62},{\\\"date\\\":\\\"05\\\\\\\/02\\\\\\\/24 12:36\\\",\\\"value\\\":0.61},{\\\"date\\\":\\\"05\\\\\\\/02\\\\\\\/24 12:40\\\",\\\"value\\\":0.61},{\\\"date\\\":\\\"05\\\\\\\/02\\\\\\\/24 12:44\\\",\\\"value\\\":0.61},{\\\"date\\\":\\\"05\\\\\\\/02\\\\\\\/24 12:46\\\",\\\"value\\\":0.61},{\\\"date\\\":\\\"05\\\\\\\/02\\\\\\\/24 12:48\\\",\\\"value\\\":0.61},{\\\"date\\\":\\\"05\\\\\\\/02\\\\\\\/24 12:50\\\",\\\"value\\\":0.62},{\\\"date\\\":\\\"05\\\\\\\/02\\\\\\\/24 12:52\\\",\\\"value\\\":0.61},{\\\"date\\\":\\\"05\\\\\\\/02\\\\\\\/24 12:54\\\",\\\"value\\\":0.61},{\\\"date\\\":\\\"05\\\\\\\/02\\\\\\\/24 12:56\\\",\\\"value\\\":0.62},{\\\"date\\\":\\\"05\\\\\\\/02\\\\\\\/24 12:58\\\",\\\"value\\\":0.61},{\\\"date\\\":\\\"05\\\\\\\/02\\\\\\\/24 13:00\\\",\\\"value\\\":0.61},{\\\"date\\\":\\\"05\\\\\\\/02\\\\\\\/24 13:02\\\",\\\"value\\\":0.61},{\\\"date\\\":\\\"05\\\\\\\/02\\\\\\\/24 13:04\\\",\\\"value\\\":0.61},{\\\"date\\\":\\\"05\\\\\\\/02\\\\\\\/24 13:06\\\",\\\"value\\\":0.61},{\\\"date\\\":\\\"05\\\\\\\/02\\\\\\\/24 13:10\\\",\\\"value\\\":0.62},{\\\"date\\\":\\\"05\\\\\\\/02\\\\\\\/24 13:12\\\",\\\"value\\\":0.61},{\\\"date\\\":\\\"05\\\\\\\/02\\\\\\\/24 13:14\\\",\\\"value\\\":0.62},{\\\"date\\\":\\\"05\\\\\\\/02\\\\\\\/24 13:16\\\",\\\"value\\\":0.61},{\\\"date\\\":\\\"05\\\\\\\/02\\\\\\\/24 13:18\\\",\\\"value\\\":0.61},{\\\"date\\\":\\\"05\\\\\\\/02\\\\\\\/24 13:20\\\",\\\"value\\\":0.62},{\\\"date\\\":\\\"05\\\\\\\/02\\\\\\\/24 13:24\\\",\\\"value\\\":0.61},{\\\"date\\\":\\\"05\\\\\\\/02\\\\\\\/24 13:26\\\",\\\"value\\\":0.62},{\\\"date\\\":\\\"05\\\\\\\/02\\\\\\\/24 13:28\\\",\\\"value\\\":0.62},{\\\"date\\\":\\\"05\\\\\\\/02\\\\\\\/24 13:30\\\",\\\"value\\\":0.61},{\\\"date\\\":\\\"05\\\\\\\/02\\\\\\\/24 13:32\\\",\\\"value\\\":0.61},{\\\"date\\\":\\\"05\\\\\\\/02\\\\\\\/24 13:34\\\",\\\"value\\\":0.62},{\\\"date\\\":\\\"05\\\\\\\/02\\\\\\\/24 13:36\\\",\\\"value\\\":0.62},{\\\"date\\\":\\\"05\\\\\\\/02\\\\\\\/24 13:40\\\",\\\"value\\\":0.61},{\\\"date\\\":\\\"05\\\\\\\/02\\\\\\\/24 13:42\\\",\\\"value\\\":0.61},{\\\"date\\\":\\\"05\\\\\\\/02\\\\\\\/24 13:44\\\",\\\"value\\\":0.62},{\\\"date\\\":\\\"05\\\\\\\/02\\\\\\\/24 13:46\\\",\\\"value\\\":0.62},{\\\"date\\\":\\\"05\\\\\\\/02\\\\\\\/24 13:48\\\",\\\"value\\\":0.61},{\\\"date\\\":\\\"05\\\\\\\/02\\\\\\\/24 13:50\\\",\\\"value\\\":0.62},{\\\"date\\\":\\\"05\\\\\\\/02\\\\\\\/24 13:52\\\",\\\"value\\\":0.61},{\\\"date\\\":\\\"05\\\\\\\/02\\\\\\\/24 13:54\\\",\\\"value\\\":0.62},{\\\"date\\\":\\\"05\\\\\\\/02\\\\\\\/24 13:56\\\",\\\"value\\\":0.62},{\\\"date\\\":\\\"05\\\\\\\/02\\\\\\\/24 14:00\\\",\\\"value\\\":0.61},{\\\"date\\\":\\\"05\\\\\\\/02\\\\\\\/24 14:02\\\",\\\"value\\\":0.62},{\\\"date\\\":\\\"05\\\\\\\/02\\\\\\\/24 14:04\\\",\\\"value\\\":0.62},{\\\"date\\\":\\\"05\\\\\\\/02\\\\\\\/24 14:06\\\",\\\"value\\\":0.62},{\\\"date\\\":\\\"05\\\\\\\/02\\\\\\\/24 14:08\\\",\\\"value\\\":0.61},{\\\"date\\\":\\\"05\\\\\\\/02\\\\\\\/24 14:12\\\",\\\"value\\\":0.62},{\\\"date\\\":\\\"05\\\\\\\/02\\\\\\\/24 14:16\\\",\\\"value\\\":0.62},{\\\"date\\\":\\\"05\\\\\\\/02\\\\\\\/24 14:18\\\",\\\"value\\\":0.61},{\\\"date\\\":\\\"05\\\\\\\/02\\\\\\\/24 14:22\\\",\\\"value\\\":0.62},{\\\"date\\\":\\\"05\\\\\\\/02\\\\\\\/24 14:24\\\",\\\"value\\\":0.62},{\\\"date\\\":\\\"05\\\\\\\/02\\\\\\\/24 14:26\\\",\\\"value\\\":0.61},{\\\"date\\\":\\\"05\\\\\\\/02\\\\\\\/24 14:28\\\",\\\"value\\\":0.61},{\\\"date\\\":\\\"05\\\\\\\/02\\\\\\\/24 14:30\\\",\\\"value\\\":0.62},{\\\"date\\\":\\\"05\\\\\\\/02\\\\\\\/24 14:36\\\",\\\"value\\\":0.62},{\\\"date\\\":\\\"05\\\\\\\/02\\\\\\\/24 14:38\\\",\\\"value\\\":0.62},{\\\"date\\\":\\\"05\\\\\\\/02\\\\\\\/24 14:40\\\",\\\"value\\\":0.62},{\\\"date\\\":\\\"05\\\\\\\/02\\\\\\\/24 14:42\\\",\\\"value\\\":0.62},{\\\"date\\\":\\\"05\\\\\\\/02\\\\\\\/24 14:44\\\",\\\"value\\\":0.62},{\\\"date\\\":\\\"05\\\\\\\/02\\\\\\\/24 14:46\\\",\\\"value\\\":0.62},{\\\"date\\\":\\\"05\\\\\\\/02\\\\\\\/24 14:48\\\",\\\"value\\\":0.61},{\\\"date\\\":\\\"05\\\\\\\/02\\\\\\\/24 14:52\\\",\\\"value\\\":0.61},{\\\"date\\\":\\\"05\\\\\\\/02\\\\\\\/24 14:54\\\",\\\"value\\\":0.62},{\\\"date\\\":\\\"05\\\\\\\/02\\\\\\\/24 14:58\\\",\\\"value\\\":0.61},{\\\"date\\\":\\\"05\\\\\\\/02\\\\\\\/24 15:00\\\",\\\"value\\\":0.62},{\\\"date\\\":\\\"05\\\\\\\/02\\\\\\\/24 15:04\\\",\\\"value\\\":0.62},{\\\"date\\\":\\\"05\\\\\\\/02\\\\\\\/24 15:06\\\",\\\"value\\\":0.62},{\\\"date\\\":\\\"05\\\\\\\/02\\\\\\\/24 15:12\\\",\\\"value\\\":0.62},{\\\"date\\\":\\\"05\\\\\\\/02\\\\\\\/24 15:16\\\",\\\"value\\\":0.62},{\\\"date\\\":\\\"05\\\\\\\/02\\\\\\\/24 15:20\\\",\\\"value\\\":0.61},{\\\"date\\\":\\\"05\\\\\\\/02\\\\\\\/24 15:22\\\",\\\"value\\\":0.61},{\\\"date\\\":\\\"05\\\\\\\/02\\\\\\\/24 15:26\\\",\\\"value\\\":0.62},{\\\"date\\\":\\\"05\\\\\\\/02\\\\\\\/24 15:28\\\",\\\"value\\\":0.62},{\\\"date\\\":\\\"05\\\\\\\/02\\\\\\\/24 15:30\\\",\\\"value\\\":0.61},{\\\"date\\\":\\\"05\\\\\\\/02\\\\\\\/24 15:32\\\",\\\"value\\\":0.62},{\\\"date\\\":\\\"05\\\\\\\/02\\\\\\\/24 15:34\\\",\\\"value\\\":0.62},{\\\"date\\\":\\\"05\\\\\\\/02\\\\\\\/24 15:36\\\",\\\"value\\\":0.62},{\\\"date\\\":\\\"05\\\\\\\/02\\\\\\\/24 15:38\\\",\\\"value\\\":0.62},{\\\"date\\\":\\\"05\\\\\\\/02\\\\\\\/24 15:40\\\",\\\"value\\\":0.62},{\\\"date\\\":\\\"05\\\\\\\/02\\\\\\\/24 15:42\\\",\\\"value\\\":0.62},{\\\"date\\\":\\\"05\\\\\\\/02\\\\\\\/24 15:46\\\",\\\"value\\\":0.62},{\\\"date\\\":\\\"05\\\\\\\/02\\\\\\\/24 15:48\\\",\\\"value\\\":0.62},{\\\"date\\\":\\\"05\\\\\\\/02\\\\\\\/24 15:50\\\",\\\"value\\\":0.62},{\\\"date\\\":\\\"05\\\\\\\/02\\\\\\\/24 15:52\\\",\\\"value\\\":0.62},{\\\"date\\\":\\\"05\\\\\\\/02\\\\\\\/24 15:54\\\",\\\"value\\\":0.61},{\\\"date\\\":\\\"05\\\\\\\/02\\\\\\\/24 15:58\\\",\\\"value\\\":0.62},{\\\"date\\\":\\\"05\\\\\\\/02\\\\\\\/24 16:02\\\",\\\"value\\\":0.63},{\\\"date\\\":\\\"05\\\\\\\/02\\\\\\\/24 16:04\\\",\\\"value\\\":0.63},{\\\"date\\\":\\\"05\\\\\\\/02\\\\\\\/24 16:06\\\",\\\"value\\\":0.62},{\\\"date\\\":\\\"05\\\\\\\/02\\\\\\\/24 16:08\\\",\\\"value\\\":0.63},{\\\"date\\\":\\\"05\\\\\\\/02\\\\\\\/24 16:10\\\",\\\"value\\\":0.62},{\\\"date\\\":\\\"05\\\\\\\/02\\\\\\\/24 16:12\\\",\\\"value\\\":0.62}]\";\n  let isPositive_e59a33136d6a77c155637149358ec9e8 = true;\n\n  let color_e59a33136d6a77c155637149358ec9e8 = isPositive_e59a33136d6a77c155637149358ec9e8 ? '#3AB53A' : '#D92C2D';\n\n  let data_e59a33136d6a77c155637149358ec9e8 = JSON.parse(data_json_e59a33136d6a77c155637149358ec9e8);\n\n  const result_e59a33136d6a77c155637149358ec9e8 = {\n    date: [],\n    value: [],\n  };\n\n  data_e59a33136d6a77c155637149358ec9e8.forEach((item) => {\n    result_e59a33136d6a77c155637149358ec9e8.date.push(item.date);\n    result_e59a33136d6a77c155637149358ec9e8.value.push(Number(item.value));\n  });\n\n  let option_e59a33136d6a77c155637149358ec9e8 = {\n    \/\/ variavel de cor global\n    color: [color_e59a33136d6a77c155637149358ec9e8],\n    title: {\n      text: '',\n    },\n    tooltip: {\n      trigger: 'axis',\n      axisPointer: {\n        type: 'cross',\n        label: {\n          \/\/ cor dos valores em X e Y\n          backgroundColor: color_e59a33136d6a77c155637149358ec9e8,\n          formatter: (value) => {\n            if (typeof value.value === 'number') {\n              return Number(value.value).toLocaleString('pt-br', {\n                style: 'currency',\n                currency: 'BRL'\n              });\n            }\n            return value.value;\n          },\n        },\n      },\n      valueFormatter: (value) => Number(value).toLocaleString('pt-br', {\n        style: 'currency',\n        currency: 'BRL'\n      }),\n    },\n    legend: {\n      \/\/ data: ['Valor de Fechamento'],\n      show: false,\n    },\n    toolbox: {\n      feature: {\n        saveAsImage: {\n          show: false,\n        },\n      },\n    },\n    grid: {\n      left: '0px',\n      right: '0px',\n      bottom: '0px',\n      containLabel: true,\n    },\n    xAxis: [{\n      type: 'category',\n      data: result_e59a33136d6a77c155637149358ec9e8.date,\n      boundaryGap: true,\n    }],\n    yAxis: [{\n      type: 'value',\n      min: Math.min(...result_e59a33136d6a77c155637149358ec9e8.value),\n      max: Math.max(...result_e59a33136d6a77c155637149358ec9e8.value),\n      axisLabel: {\n        formatter: (value) => value.toLocaleString('pt-br', {\n          style: 'currency',\n          currency: 'BRL'\n        }),\n      },\n    }],\n    series: [{\n      name: 'Valor de Fechamento',\n      type: 'line',\n      stack: 'Total',\n      \/\/ cor do grafico\n      areaStyle: {},\n      emphasis: {\n        focus: 'series',\n      },\n      data: result_e59a33136d6a77c155637149358ec9e8.value,\n      \/\/ cor da linha\n      lineStyle: {\n        color: color_e59a33136d6a77c155637149358ec9e8,\n      },\n    }, ],\n  };\n\n\twindow.chart_e59a33136d6a77c155637149358ec9e8 = {\n\t\tel: chart_e59a33136d6a77c155637149358ec9e8,\n\t\toption: option_e59a33136d6a77c155637149358ec9e8\t};\n\n\n<\/script>\n\n\n\t<p>\n\t\t<a href=\"https:\/\/lp.suno.com.br\/plataforma-de-controle-de-investimentos\/\" target=\"_blank\" data-element=\"shortcode-suno-banner\" title=\"Banner SUNO, clique e saiba mais\">\n\t\t\t<picture>\n\t\t\t\t<source media=\"(max-width: 500px)\" srcset=\"https:\/\/files.sunoresearch.com.br\/n\/uploads\/2023\/03\/400x300-Controle-de-Investimentos.png\">\n\t\t\t\t<img class=\"newsContent__article__imgCapa newsContent__article__imgCapa--banner\"\n\t\t\t\t\tsrc=\"https:\/\/files.sunoresearch.com.br\/n\/uploads\/2023\/03\/1420x240-Controle-de-Investimentos.png\"\n\t\t\t\t\tdata-promo-id=\"383162\"\t\t\t\t\t\t\t\t\t\twidth='1420' height='240'\t\t\t\t\talt=\"https:\/\/files.sunoresearch.com.br\/n\/uploads\/2023\/03\/1420x240-Controle-de-Investimentos.png\"\n\t\t\t\t>\n\t\t\t<\/picture>\n\t\t<\/a>\n\t<\/p>\n\n\n","protected":false},"excerpt":{"rendered":"<p>O conselho de administra\u00e7\u00e3o da Oi (OIBR3) aprovou nesta ter\u00e7a-feira (06) a nova vers\u00e3o do plano de recupera\u00e7\u00e3o judicial da companhia e das suas subsidi\u00e1rias Portugal Telecom International Finance e Oi Brasil Holdings Co\u00f6peratief. O processo est\u00e1 em curso perante a 7\u00aa Vara Empresarial da Comarca da Capital do Estado do Rio de Janeiro. Oi [&hellip;]<\/p>\n","protected":false},"author":313,"featured_media":328501,"comment_status":"closed","ping_status":"closed","sticky":false,"template":"","format":"standard","meta":[],"categories":[64],"tags":[584,314],"suno_strategy":[],"class_list":["post-520327","post","type-post","status-publish","format-standard","has-post-thumbnail","hentry","category-negocios","tag-oi-oibr3-oibr4","tag-recuperacao-judicial"],"yoast_head":"<!-- This site is optimized with the Yoast SEO plugin v24.4 - https:\/\/yoast.com\/wordpress\/plugins\/seo\/ -->\n<title>Oi (OIBR3) aprova nova vers\u00e3o do plano de recupera\u00e7\u00e3o judicial<\/title>\n<meta name=\"description\" content=\"A primeira vers\u00e3o do plano de RJ da Oi foi apresentada em maio e, at\u00e9 julho, a companhia esperava assinar um acordo om os credores.\" \/>\n<meta name=\"robots\" content=\"index, follow, max-snippet:-1, max-image-preview:large, max-video-preview:-1\" \/>\n<link rel=\"canonical\" href=\"https:\/\/www.suno.com.br\/noticias\/oi-oibr3-nova-versao-recuperacao-judicial-gpj\/\" \/>\n<meta property=\"og:locale\" content=\"pt_BR\" \/>\n<meta property=\"og:type\" content=\"article\" \/>\n<meta property=\"og:title\" content=\"Oi (OIBR3) aprova nova vers\u00e3o do plano de recupera\u00e7\u00e3o judicial\" \/>\n<meta property=\"og:description\" content=\"A primeira vers\u00e3o do plano de RJ da Oi foi apresentada em maio e, at\u00e9 julho, a companhia esperava assinar um acordo om os credores.\" \/>\n<meta property=\"og:url\" content=\"https:\/\/www.suno.com.br\/noticias\/oi-oibr3-nova-versao-recuperacao-judicial-gpj\/\" \/>\n<meta property=\"og:site_name\" content=\"Suno Not\u00edcias\" \/>\n<meta property=\"article:publisher\" content=\"https:\/\/facebook.com\/sunoresearch\" \/>\n<meta property=\"og:image\" content=\"https:\/\/files.sunoresearch.com.br\/n\/uploads\/2022\/12\/oi-oibr3-oibr4.jpg\" \/>\n\t<meta property=\"og:image:width\" content=\"1200\" \/>\n\t<meta property=\"og:image:height\" content=\"800\" \/>\n\t<meta property=\"og:image:type\" content=\"image\/jpeg\" \/>\n<meta name=\"author\" content=\"Giovanni Porf\u00edrio Jacomino\" \/>\n<meta name=\"twitter:card\" content=\"summary_large_image\" \/>\n<meta name=\"twitter:creator\" content=\"@sunoresearch\" \/>\n<meta name=\"twitter:site\" content=\"@sunoresearch\" \/>\n<meta name=\"twitter:label1\" content=\"Escrito por\" \/>\n\t<meta name=\"twitter:data1\" content=\"Giovanni Porf\u00edrio Jacomino\" \/>\n\t<meta name=\"twitter:label2\" content=\"Est. tempo de leitura\" \/>\n\t<meta name=\"twitter:data2\" content=\"3 minutos\" \/>\n<script type=\"application\/ld+json\" class=\"yoast-schema-graph\">{\"@context\":\"https:\/\/schema.org\",\"@graph\":[{\"@type\":\"NewsArticle\",\"@id\":\"https:\/\/www.suno.com.br\/noticias\/oi-oibr3-nova-versao-recuperacao-judicial-gpj\/#article\",\"isPartOf\":{\"@id\":\"https:\/\/www.suno.com.br\/noticias\/oi-oibr3-nova-versao-recuperacao-judicial-gpj\/\"},\"author\":{\"name\":\"Giovanni Porf\u00edrio Jacomino\",\"@id\":\"https:\/\/www.suno.com.br\/noticias\/#\/schema\/person\/d0f32748bbca4bee871fa191ee4e2d40\"},\"headline\":\"Oi (OIBR3) aprova nova vers\u00e3o do plano de recupera\u00e7\u00e3o judicial; veja detalhes\",\"datePublished\":\"2024-02-06T12:47:15+00:00\",\"dateModified\":\"2024-02-06T12:47:21+00:00\",\"mainEntityOfPage\":{\"@id\":\"https:\/\/www.suno.com.br\/noticias\/oi-oibr3-nova-versao-recuperacao-judicial-gpj\/\"},\"wordCount\":577,\"publisher\":{\"@id\":\"https:\/\/www.suno.com.br\/noticias\/#organization\"},\"image\":{\"@id\":\"https:\/\/www.suno.com.br\/noticias\/oi-oibr3-nova-versao-recuperacao-judicial-gpj\/#primaryimage\"},\"thumbnailUrl\":\"https:\/\/files.sunoresearch.com.br\/n\/uploads\/2022\/12\/oi-oibr3-oibr4.jpg\",\"keywords\":[\"Oi (OIBR3\/OIBR4)\",\"recupera\u00e7\u00e3o judicial\"],\"articleSection\":[\"Neg\u00f3cios\"],\"inLanguage\":\"pt-BR\"},{\"@type\":\"WebPage\",\"@id\":\"https:\/\/www.suno.com.br\/noticias\/oi-oibr3-nova-versao-recuperacao-judicial-gpj\/\",\"url\":\"https:\/\/www.suno.com.br\/noticias\/oi-oibr3-nova-versao-recuperacao-judicial-gpj\/\",\"name\":\"Oi (OIBR3) aprova nova vers\u00e3o do plano de recupera\u00e7\u00e3o judicial\",\"isPartOf\":{\"@id\":\"https:\/\/www.suno.com.br\/noticias\/#website\"},\"primaryImageOfPage\":{\"@id\":\"https:\/\/www.suno.com.br\/noticias\/oi-oibr3-nova-versao-recuperacao-judicial-gpj\/#primaryimage\"},\"image\":{\"@id\":\"https:\/\/www.suno.com.br\/noticias\/oi-oibr3-nova-versao-recuperacao-judicial-gpj\/#primaryimage\"},\"thumbnailUrl\":\"https:\/\/files.sunoresearch.com.br\/n\/uploads\/2022\/12\/oi-oibr3-oibr4.jpg\",\"datePublished\":\"2024-02-06T12:47:15+00:00\",\"dateModified\":\"2024-02-06T12:47:21+00:00\",\"description\":\"A primeira vers\u00e3o do plano de RJ da Oi foi apresentada em maio e, at\u00e9 julho, a companhia esperava assinar um acordo om os credores.\",\"breadcrumb\":{\"@id\":\"https:\/\/www.suno.com.br\/noticias\/oi-oibr3-nova-versao-recuperacao-judicial-gpj\/#breadcrumb\"},\"inLanguage\":\"pt-BR\",\"potentialAction\":[{\"@type\":\"ReadAction\",\"target\":[\"https:\/\/www.suno.com.br\/noticias\/oi-oibr3-nova-versao-recuperacao-judicial-gpj\/\"]}]},{\"@type\":\"ImageObject\",\"inLanguage\":\"pt-BR\",\"@id\":\"https:\/\/www.suno.com.br\/noticias\/oi-oibr3-nova-versao-recuperacao-judicial-gpj\/#primaryimage\",\"url\":\"https:\/\/files.sunoresearch.com.br\/n\/uploads\/2022\/12\/oi-oibr3-oibr4.jpg\",\"contentUrl\":\"https:\/\/files.sunoresearch.com.br\/n\/uploads\/2022\/12\/oi-oibr3-oibr4.jpg\",\"width\":1200,\"height\":800,\"caption\":\"Oi (OIBR3). Foto: Divulga\u00e7\u00e3o\"},{\"@type\":\"BreadcrumbList\",\"@id\":\"https:\/\/www.suno.com.br\/noticias\/oi-oibr3-nova-versao-recuperacao-judicial-gpj\/#breadcrumb\",\"itemListElement\":[{\"@type\":\"ListItem\",\"position\":1,\"name\":\"Not\u00edcias\",\"item\":\"https:\/\/www.suno.com.br\/noticias\/\"},{\"@type\":\"ListItem\",\"position\":2,\"name\":\"Neg\u00f3cios\",\"item\":\"https:\/\/www.suno.com.br\/noticias\/negocios\/\"},{\"@type\":\"ListItem\",\"position\":3,\"name\":\"Oi (OIBR3) aprova nova vers\u00e3o do plano de recupera\u00e7\u00e3o judicial; veja detalhes\"}]},{\"@type\":\"WebSite\",\"@id\":\"https:\/\/www.suno.com.br\/noticias\/#website\",\"url\":\"https:\/\/www.suno.com.br\/noticias\/\",\"name\":\"Suno Not\u00edcias\",\"description\":\"Seu portal de informa\u00e7\u00e3o sobre o mundo dos investimentos\",\"publisher\":{\"@id\":\"https:\/\/www.suno.com.br\/noticias\/#organization\"},\"potentialAction\":[{\"@type\":\"SearchAction\",\"target\":{\"@type\":\"EntryPoint\",\"urlTemplate\":\"https:\/\/www.suno.com.br\/noticias\/?s={search_term_string}\"},\"query-input\":{\"@type\":\"PropertyValueSpecification\",\"valueRequired\":true,\"valueName\":\"search_term_string\"}}],\"inLanguage\":\"pt-BR\"},{\"@type\":\"Organization\",\"@id\":\"https:\/\/www.suno.com.br\/noticias\/#organization\",\"name\":\"Suno Not\u00edcias\",\"url\":\"https:\/\/www.suno.com.br\/noticias\/\",\"logo\":{\"@type\":\"ImageObject\",\"inLanguage\":\"pt-BR\",\"@id\":\"https:\/\/www.suno.com.br\/noticias\/#\/schema\/logo\/image\/\",\"url\":\"https:\/\/files.sunoresearch.com.br\/n\/uploads\/2021\/09\/suno-logo.png\",\"contentUrl\":\"https:\/\/files.sunoresearch.com.br\/n\/uploads\/2021\/09\/suno-logo.png\",\"width\":180,\"height\":180,\"caption\":\"Suno Not\u00edcias\"},\"image\":{\"@id\":\"https:\/\/www.suno.com.br\/noticias\/#\/schema\/logo\/image\/\"},\"sameAs\":[\"https:\/\/facebook.com\/sunoresearch\",\"https:\/\/x.com\/sunoresearch\",\"https:\/\/www.instagram.com\/suno\",\"https:\/\/www.linkedin.com\/company\/suno-research\/\",\"https:\/\/www.youtube.com\/c\/sunoresearch\"]},{\"@type\":\"Person\",\"@id\":\"https:\/\/www.suno.com.br\/noticias\/#\/schema\/person\/d0f32748bbca4bee871fa191ee4e2d40\",\"name\":\"Giovanni Porf\u00edrio Jacomino\",\"image\":{\"@type\":\"ImageObject\",\"inLanguage\":\"pt-BR\",\"@id\":\"https:\/\/www.suno.com.br\/noticias\/#\/schema\/person\/image\/\",\"url\":\"https:\/\/secure.gravatar.com\/avatar\/efb32e19b730a121cb7a80f41ffec01a?s=96&r=g\",\"contentUrl\":\"https:\/\/secure.gravatar.com\/avatar\/efb32e19b730a121cb7a80f41ffec01a?s=96&r=g\",\"caption\":\"Giovanni Porf\u00edrio Jacomino\"},\"description\":\"Giovanni Porf\u00edrio Jacomino \u00e9 jornalista formado pela Universidade Estadual de Londrina (UEL) e p\u00f3s-graduado em Produ\u00e7\u00e3o e Pr\u00e1ticas Jornal\u00edsticas na Contemporaneidade na Faculdade C\u00e1sper L\u00edbero (FCL). Foi editor web no Startupi e no Finsiders, atuando ainda como editor no TC Mover, portal de not\u00edcias da TradersClub, fazendo a cobertura de assuntos relacionados ao mercado financeiro interno e externo. Atualmente, \u00e9 Rep\u00f3rter do Suno Not\u00edcias.\",\"url\":\"https:\/\/www.suno.com.br\/noticias\/author\/giovanni-porfiriosuno-com-br\/\"}]}<\/script>\n<!-- \/ Yoast SEO plugin. -->","yoast_head_json":{"title":"Oi (OIBR3) aprova nova vers\u00e3o do plano de recupera\u00e7\u00e3o judicial","description":"A primeira vers\u00e3o do plano de RJ da Oi foi apresentada em maio e, at\u00e9 julho, a companhia esperava assinar um acordo om os credores.","robots":{"index":"index","follow":"follow","max-snippet":"max-snippet:-1","max-image-preview":"max-image-preview:large","max-video-preview":"max-video-preview:-1"},"canonical":"https:\/\/www.suno.com.br\/noticias\/oi-oibr3-nova-versao-recuperacao-judicial-gpj\/","og_locale":"pt_BR","og_type":"article","og_title":"Oi (OIBR3) aprova nova vers\u00e3o do plano de recupera\u00e7\u00e3o judicial","og_description":"A primeira vers\u00e3o do plano de RJ da Oi foi apresentada em maio e, at\u00e9 julho, a companhia esperava assinar um acordo om os credores.","og_url":"https:\/\/www.suno.com.br\/noticias\/oi-oibr3-nova-versao-recuperacao-judicial-gpj\/","og_site_name":"Suno Not\u00edcias","article_publisher":"https:\/\/facebook.com\/sunoresearch","og_image":[{"width":1200,"height":800,"url":"https:\/\/files.sunoresearch.com.br\/n\/uploads\/2022\/12\/oi-oibr3-oibr4.jpg","type":"image\/jpeg"}],"author":"Giovanni Porf\u00edrio Jacomino","twitter_card":"summary_large_image","twitter_creator":"@sunoresearch","twitter_site":"@sunoresearch","twitter_misc":{"Escrito por":"Giovanni Porf\u00edrio Jacomino","Est. tempo de leitura":"3 minutos"},"schema":{"@context":"https:\/\/schema.org","@graph":[{"@type":"NewsArticle","@id":"https:\/\/www.suno.com.br\/noticias\/oi-oibr3-nova-versao-recuperacao-judicial-gpj\/#article","isPartOf":{"@id":"https:\/\/www.suno.com.br\/noticias\/oi-oibr3-nova-versao-recuperacao-judicial-gpj\/"},"author":{"name":"Giovanni Porf\u00edrio Jacomino","@id":"https:\/\/www.suno.com.br\/noticias\/#\/schema\/person\/d0f32748bbca4bee871fa191ee4e2d40"},"headline":"Oi (OIBR3) aprova nova vers\u00e3o do plano de recupera\u00e7\u00e3o judicial; veja detalhes","datePublished":"2024-02-06T12:47:15+00:00","dateModified":"2024-02-06T12:47:21+00:00","mainEntityOfPage":{"@id":"https:\/\/www.suno.com.br\/noticias\/oi-oibr3-nova-versao-recuperacao-judicial-gpj\/"},"wordCount":577,"publisher":{"@id":"https:\/\/www.suno.com.br\/noticias\/#organization"},"image":{"@id":"https:\/\/www.suno.com.br\/noticias\/oi-oibr3-nova-versao-recuperacao-judicial-gpj\/#primaryimage"},"thumbnailUrl":"https:\/\/files.sunoresearch.com.br\/n\/uploads\/2022\/12\/oi-oibr3-oibr4.jpg","keywords":["Oi (OIBR3\/OIBR4)","recupera\u00e7\u00e3o judicial"],"articleSection":["Neg\u00f3cios"],"inLanguage":"pt-BR"},{"@type":"WebPage","@id":"https:\/\/www.suno.com.br\/noticias\/oi-oibr3-nova-versao-recuperacao-judicial-gpj\/","url":"https:\/\/www.suno.com.br\/noticias\/oi-oibr3-nova-versao-recuperacao-judicial-gpj\/","name":"Oi (OIBR3) aprova nova vers\u00e3o do plano de recupera\u00e7\u00e3o judicial","isPartOf":{"@id":"https:\/\/www.suno.com.br\/noticias\/#website"},"primaryImageOfPage":{"@id":"https:\/\/www.suno.com.br\/noticias\/oi-oibr3-nova-versao-recuperacao-judicial-gpj\/#primaryimage"},"image":{"@id":"https:\/\/www.suno.com.br\/noticias\/oi-oibr3-nova-versao-recuperacao-judicial-gpj\/#primaryimage"},"thumbnailUrl":"https:\/\/files.sunoresearch.com.br\/n\/uploads\/2022\/12\/oi-oibr3-oibr4.jpg","datePublished":"2024-02-06T12:47:15+00:00","dateModified":"2024-02-06T12:47:21+00:00","description":"A primeira vers\u00e3o do plano de RJ da Oi foi apresentada em maio e, at\u00e9 julho, a companhia esperava assinar um acordo om os credores.","breadcrumb":{"@id":"https:\/\/www.suno.com.br\/noticias\/oi-oibr3-nova-versao-recuperacao-judicial-gpj\/#breadcrumb"},"inLanguage":"pt-BR","potentialAction":[{"@type":"ReadAction","target":["https:\/\/www.suno.com.br\/noticias\/oi-oibr3-nova-versao-recuperacao-judicial-gpj\/"]}]},{"@type":"ImageObject","inLanguage":"pt-BR","@id":"https:\/\/www.suno.com.br\/noticias\/oi-oibr3-nova-versao-recuperacao-judicial-gpj\/#primaryimage","url":"https:\/\/files.sunoresearch.com.br\/n\/uploads\/2022\/12\/oi-oibr3-oibr4.jpg","contentUrl":"https:\/\/files.sunoresearch.com.br\/n\/uploads\/2022\/12\/oi-oibr3-oibr4.jpg","width":1200,"height":800,"caption":"Oi (OIBR3). Foto: Divulga\u00e7\u00e3o"},{"@type":"BreadcrumbList","@id":"https:\/\/www.suno.com.br\/noticias\/oi-oibr3-nova-versao-recuperacao-judicial-gpj\/#breadcrumb","itemListElement":[{"@type":"ListItem","position":1,"name":"Not\u00edcias","item":"https:\/\/www.suno.com.br\/noticias\/"},{"@type":"ListItem","position":2,"name":"Neg\u00f3cios","item":"https:\/\/www.suno.com.br\/noticias\/negocios\/"},{"@type":"ListItem","position":3,"name":"Oi (OIBR3) aprova nova vers\u00e3o do plano de recupera\u00e7\u00e3o judicial; veja detalhes"}]},{"@type":"WebSite","@id":"https:\/\/www.suno.com.br\/noticias\/#website","url":"https:\/\/www.suno.com.br\/noticias\/","name":"Suno Not\u00edcias","description":"Seu portal de informa\u00e7\u00e3o sobre o mundo dos investimentos","publisher":{"@id":"https:\/\/www.suno.com.br\/noticias\/#organization"},"potentialAction":[{"@type":"SearchAction","target":{"@type":"EntryPoint","urlTemplate":"https:\/\/www.suno.com.br\/noticias\/?s={search_term_string}"},"query-input":{"@type":"PropertyValueSpecification","valueRequired":true,"valueName":"search_term_string"}}],"inLanguage":"pt-BR"},{"@type":"Organization","@id":"https:\/\/www.suno.com.br\/noticias\/#organization","name":"Suno Not\u00edcias","url":"https:\/\/www.suno.com.br\/noticias\/","logo":{"@type":"ImageObject","inLanguage":"pt-BR","@id":"https:\/\/www.suno.com.br\/noticias\/#\/schema\/logo\/image\/","url":"https:\/\/files.sunoresearch.com.br\/n\/uploads\/2021\/09\/suno-logo.png","contentUrl":"https:\/\/files.sunoresearch.com.br\/n\/uploads\/2021\/09\/suno-logo.png","width":180,"height":180,"caption":"Suno Not\u00edcias"},"image":{"@id":"https:\/\/www.suno.com.br\/noticias\/#\/schema\/logo\/image\/"},"sameAs":["https:\/\/facebook.com\/sunoresearch","https:\/\/x.com\/sunoresearch","https:\/\/www.instagram.com\/suno","https:\/\/www.linkedin.com\/company\/suno-research\/","https:\/\/www.youtube.com\/c\/sunoresearch"]},{"@type":"Person","@id":"https:\/\/www.suno.com.br\/noticias\/#\/schema\/person\/d0f32748bbca4bee871fa191ee4e2d40","name":"Giovanni Porf\u00edrio Jacomino","image":{"@type":"ImageObject","inLanguage":"pt-BR","@id":"https:\/\/www.suno.com.br\/noticias\/#\/schema\/person\/image\/","url":"https:\/\/secure.gravatar.com\/avatar\/efb32e19b730a121cb7a80f41ffec01a?s=96&r=g","contentUrl":"https:\/\/secure.gravatar.com\/avatar\/efb32e19b730a121cb7a80f41ffec01a?s=96&r=g","caption":"Giovanni Porf\u00edrio Jacomino"},"description":"Giovanni Porf\u00edrio Jacomino \u00e9 jornalista formado pela Universidade Estadual de Londrina (UEL) e p\u00f3s-graduado em Produ\u00e7\u00e3o e Pr\u00e1ticas Jornal\u00edsticas na Contemporaneidade na Faculdade C\u00e1sper L\u00edbero (FCL). Foi editor web no Startupi e no Finsiders, atuando ainda como editor no TC Mover, portal de not\u00edcias da TradersClub, fazendo a cobertura de assuntos relacionados ao mercado financeiro interno e externo. Atualmente, \u00e9 Rep\u00f3rter do Suno Not\u00edcias.","url":"https:\/\/www.suno.com.br\/noticias\/author\/giovanni-porfiriosuno-com-br\/"}]}},"default_loop_html":"<div class=\"cardsPage__listCard__boxs\"><div class=\"cardsPage__listCard__boxs__img\"><a href=\"https:\/\/www.suno.com.br\/noticias\/oi-oibr3-nova-versao-recuperacao-judicial-gpj\/\"><img class=\"mask\" src=\"https:\/\/www.suno.com.br\/noticias\/wp-content\/themes\/suno\/resources\/images\/spotlight\/spotlight1img\/bg-mask.png\" alt=\"Image Mask\"\/><img src=\"https:\/\/files.sunoresearch.com.br\/n\/uploads\/2022\/12\/oi-oibr3-oibr4-400x200.jpg\" alt=\"Oi (OIBR3) aprova nova vers\u00e3o do plano de recupera\u00e7\u00e3o judicial; veja detalhes\"\/><\/a><span class=\"spotlightCategory\"><a href=\"https:\/\/www.suno.com.br\/noticias\/negocios\/\">Neg\u00f3cios<\/a><\/span><\/div><div class=\"cardsPage__listCard__boxs__content\"><a href=\"https:\/\/www.suno.com.br\/noticias\/oi-oibr3-nova-versao-recuperacao-judicial-gpj\/\"><h2 class=\"content__title\">Oi (OIBR3) aprova nova vers\u00e3o do plano de recupera\u00e7\u00e3o judicial; veja detalhes<\/h2><\/a><div class=\"newsContent__article__meta\"><div class=\"newsContent__article__meta__authorBox\"><a href=\"https:\/\/www.suno.com.br\/noticias\/author\/giovanni-porfiriosuno-com-br\/\" class=\"authorBox__avatar noMobi\"><img src=\"https:\/\/files.sunoresearch.com.br\/n\/uploads\/2024\/05\/DSCF4115-1-1-150x150.webp\" alt=\"Giovanni Porf\u00edrio Jacomino\"><\/a><div class=\"authorBox__name\"><span>por\n\t\t\t<a href=\"https:\/\/www.suno.com.br\/noticias\/author\/giovanni-porfiriosuno-com-br\/\"><span itemprop=\"author\">Giovanni Porf\u00edrio Jacomino<\/span><\/a><\/span><time datetime=\"2024-02-06T09:47:15-03:00\" itemprop=\"datePublished\">06\/02\/2024 09:47<\/time><\/div><\/div><\/div><\/div><\/div>","single_layout":"posts","amp_enabled":true,"_links":{"self":[{"href":"https:\/\/www.suno.com.br\/noticias\/wp-json\/wp\/v2\/posts\/520327"}],"collection":[{"href":"https:\/\/www.suno.com.br\/noticias\/wp-json\/wp\/v2\/posts"}],"about":[{"href":"https:\/\/www.suno.com.br\/noticias\/wp-json\/wp\/v2\/types\/post"}],"author":[{"embeddable":true,"href":"https:\/\/www.suno.com.br\/noticias\/wp-json\/wp\/v2\/users\/313"}],"replies":[{"embeddable":true,"href":"https:\/\/www.suno.com.br\/noticias\/wp-json\/wp\/v2\/comments?post=520327"}],"version-history":[{"count":2,"href":"https:\/\/www.suno.com.br\/noticias\/wp-json\/wp\/v2\/posts\/520327\/revisions"}],"predecessor-version":[{"id":520361,"href":"https:\/\/www.suno.com.br\/noticias\/wp-json\/wp\/v2\/posts\/520327\/revisions\/520361"}],"wp:featuredmedia":[{"embeddable":true,"href":"https:\/\/www.suno.com.br\/noticias\/wp-json\/wp\/v2\/media\/328501"}],"wp:attachment":[{"href":"https:\/\/www.suno.com.br\/noticias\/wp-json\/wp\/v2\/media?parent=520327"}],"wp:term":[{"taxonomy":"category","embeddable":true,"href":"https:\/\/www.suno.com.br\/noticias\/wp-json\/wp\/v2\/categories?post=520327"},{"taxonomy":"post_tag","embeddable":true,"href":"https:\/\/www.suno.com.br\/noticias\/wp-json\/wp\/v2\/tags?post=520327"},{"taxonomy":"suno_strategy","embeddable":true,"href":"https:\/\/www.suno.com.br\/noticias\/wp-json\/wp\/v2\/suno_strategy?post=520327"}],"curies":[{"name":"wp","href":"https:\/\/api.w.org\/{rel}","templated":true}]}}