{"id":52029,"date":"2020-02-05T12:19:14","date_gmt":"2020-02-05T14:19:14","guid":{"rendered":"https:\/\/www.suno.com.br\/noticias\/?p=52029"},"modified":"2020-02-12T13:55:04","modified_gmt":"2020-02-12T15:55:04","slug":"oi-movel-debentures-simples","status":"publish","type":"post","link":"https:\/\/www.suno.com.br\/noticias\/oi-movel-debentures-simples\/","title":{"rendered":"Oi M\u00f3vel finaliza emiss\u00e3o de deb\u00eantures simples no valor de R$ 2,5 bi"},"content":{"rendered":"<p>A <a href=\"https:\/\/www.suno.com.br\/acoes\/oibr3\/\"><strong>Oi<\/strong> (OIBR3)<\/a> divulgou, na \u00faltima ter\u00e7a-feira (4), um comunicado ao mercado acerca da conclus\u00e3o da subscri\u00e7\u00e3o e integraliza\u00e7\u00e3o de sua emiss\u00e3o de <a href=\"https:\/\/www.suno.com.br\/artigos\/o-que-sao-debentures\/\"><strong>deb\u00eantures<\/strong><\/a> simples no valor de R$ 2,5 bilh\u00f5es.<\/p>\t<div class=\"wrapper-featured-image\">\n\t\t<figure class=\"spotlightImg\">\n\n\t\t\t<picture>\n\t\t\t\t<source media=\"(max-width: 768px)\" srcset=\"https:\/\/files.sunoresearch.com.br\/n\/uploads\/2019\/08\/391f8501-oi-400x200.webp\">\n\t\t\t\t<img loading=\"lazy\" decoding=\"async\" class=\"newsContent__article__imgCapa lazyloadDisabled newsContent__article__imgCapa--noCaption\" src=\"https:\/\/files.sunoresearch.com.br\/n\/uploads\/2019\/08\/391f8501-oi-800x450.webp\" width=\"800\" height=\"450\" alt=\"Oi M\u00f3vel finaliza emiss\u00e3o de deb\u00eantures simples no valor de R$ 2,5 bi\" fetchpriority=high \/>\n\t\t\t<\/picture>\n\n\t\t\t<figcaption class=\"wp-caption-text wp-caption-text--hide\">Enel faz proposta de R$ 11,5 bilh\u00f5es por rede de fibra da Oi<\/figcaption>\n\t\t<\/figure>\n\t<\/div>\n\n\n\n<p>Os pap\u00e9is, de s\u00e9rie \u00fanica, n\u00e3o s\u00e3o convers\u00edveis em a\u00e7\u00f5es e possuem uma garantia real (com uma garantia adicional fidejuss\u00f3ria), para uma coloca\u00e7\u00e3o privada de sua controladora Oi M\u00f3vel.<\/p>\n<p>A opera\u00e7\u00e3o faz parte do plano da empresa de trazer um al\u00edvio para seu caixa. A Oi apresentou <a href=\"https:\/\/www.suno.com.br\/artigos\/geracao-de-caixa\/\">gera\u00e7\u00e3o de caixa operacional l\u00edquida<\/a> negativa no valor de R$ 375 milh\u00f5es, em novembro de 2019. Com isso, a empresa terminou o m\u00eas com saldo final de caixa financeiro de R$ 2,3 bilh\u00f5es, uma baixa de 14,3% em rela\u00e7\u00e3o a outubro.<\/p>\n<h2>Oi confirma venda que deve aliviar seu caixa<\/h2>\n<p>Neste mesmo processo de capta\u00e7\u00e3o de recursos, diminui\u00e7\u00e3o de despesas e desinvestimentos, em voga desde 2016, quando a empresa entrou em processo de <a href=\"https:\/\/www.suno.com.br\/artigos\/recuperacao-judicial\/\">recupera\u00e7\u00e3o judicial<\/a>, a Oi confirmou a venda de sua participa\u00e7\u00e3o na operadora angolana <strong>Unitel<\/strong>.<\/p>\n\t<p>\n\t\t<a href=\"https:\/\/lp.suno.com.br\/ebook-investindo-em-fiis\/\" target=\"_blank\" data-element=\"shortcode-suno-banner\" title=\"Banner SUNO, clique e saiba mais\">\n\t\t\t<picture>\n\t\t\t\t<source media=\"(max-width: 500px)\" srcset=\"https:\/\/files.sunoresearch.com.br\/n\/uploads\/2023\/03\/Ebook-Fundos-Imobiliarios-Mobile-1.jpg\">\n\t\t\t\t<img class=\"newsContent__article__imgCapa newsContent__article__imgCapa--banner\"\n\t\t\t\t\tsrc=\"https:\/\/files.sunoresearch.com.br\/n\/uploads\/2023\/03\/Ebook-Fundos-Imobiliarios-Desktop-1.jpg\"\n\t\t\t\t\tdata-promo-id=\"313843\"\t\t\t\t\t\t\t\t\t\twidth='1420' height='286'\t\t\t\t\talt=\"https:\/\/files.sunoresearch.com.br\/n\/uploads\/2023\/03\/Ebook-Fundos-Imobiliarios-Desktop-1.jpg\"\n\t\t\t\t>\n\t\t\t<\/picture>\n\t\t<\/a>\n\t<\/p>\n\n\n<p>A venda foi realizada para a petroleira <strong>Sonangol<\/strong>, tamb\u00e9m angolana. O valor da negocia\u00e7\u00e3o foi de US$ 1 bilh\u00e3o (cerca de R$ 4,19 bilh\u00f5es). A negocia\u00e7\u00e3o est\u00e1 sendo realizada por meio da subsidi\u00e1ria indireta da tele brasileira, a <strong>Africatel Holdings<\/strong>.<\/p>\n<p><a href=\"https:\/\/www.suno.com.br\/noticias\/madero-competir-graal-frango-assado\/\">Confira: Madero planeja competir com Graal e Frango Assado<\/a><\/p>\n<p>Do total, R$ 760 milh\u00f5es j\u00e1 foram pagos \u00e0 Oi. O restante de US$ 240 milh\u00f5es ser\u00e3o pagos para a Africatel at\u00e9 o dia 31 de julho deste ano. A partir do m\u00eas que vem, a subsidi\u00e1ria receber\u00e1 um pagamento m\u00ednimo de US$ 40 milh\u00f5es por m\u00eas.<\/p>\n<h2>Companhia pode vender ativos de fibra \u00f3tica, diz jornal<\/h2>\n<p>De acordo com a coluna do jornalista Lauro Jardim, do jornal &#8220;O Globo&#8221;, a Oi est\u00e1 planejando a venda de ativos de sua rede de fibra \u00f3tica. De acordo com as informa\u00e7\u00f5es do jornal, o Banco Lazard deve ser o respons\u00e1vel por levar o neg\u00f3cio adiante.<\/p>\n<p>Ap\u00f3s a not\u00edcia, a assessoria de imprensa da <strong>Oi<\/strong> afirmou n\u00e3o ter interesse em se desfazer dos ativos de fibra \u00f3tica. O jornal, entretanto, reafirmou que mant\u00e9m sua posi\u00e7\u00e3o sobre a informa\u00e7\u00e3o.<\/p>\n\n","protected":false},"excerpt":{"rendered":"<p>A Oi (OIBR3) divulgou, na \u00faltima ter\u00e7a-feira (4), um comunicado ao mercado acerca da conclus\u00e3o da subscri\u00e7\u00e3o e integraliza\u00e7\u00e3o de sua emiss\u00e3o de deb\u00eantures simples no valor de R$ 2,5 bilh\u00f5es. Enel faz proposta de R$ 11,5 bilh\u00f5es por rede de fibra da Oi Os pap\u00e9is, de s\u00e9rie \u00fanica, n\u00e3o s\u00e3o convers\u00edveis em a\u00e7\u00f5es e [&hellip;]<\/p>\n","protected":false},"author":24,"featured_media":35803,"comment_status":"closed","ping_status":"closed","sticky":false,"template":"","format":"standard","meta":[],"categories":[64],"tags":[1151,584],"suno_strategy":[],"class_list":["post-52029","post","type-post","status-publish","format-standard","has-post-thumbnail","hentry","category-negocios","tag-debentures","tag-oi-oibr3-oibr4"],"yoast_head":"<!-- This site is optimized with the Yoast SEO plugin v24.4 - https:\/\/yoast.com\/wordpress\/plugins\/seo\/ -->\n<title>Oi M\u00f3vel finaliza emiss\u00e3o de deb\u00eantures simples no valor de R$ 2,5 bi<\/title>\n<meta name=\"description\" content=\"A Oi divulgou um fato relevante acerca da conclus\u00e3o da subscri\u00e7\u00e3o e integraliza\u00e7\u00e3o de sua emiss\u00e3o de deb\u00eantures simples. Clique e saiba mais.\" \/>\n<meta name=\"robots\" content=\"index, follow, max-snippet:-1, max-image-preview:large, max-video-preview:-1\" \/>\n<link rel=\"canonical\" href=\"https:\/\/www.suno.com.br\/noticias\/oi-movel-debentures-simples\/\" \/>\n<meta property=\"og:locale\" content=\"pt_BR\" \/>\n<meta property=\"og:type\" content=\"article\" \/>\n<meta property=\"og:title\" content=\"Oi M\u00f3vel finaliza emiss\u00e3o de deb\u00eantures simples no valor de R$ 2,5 bi\" \/>\n<meta property=\"og:description\" content=\"A Oi divulgou um fato relevante acerca da conclus\u00e3o da subscri\u00e7\u00e3o e integraliza\u00e7\u00e3o de sua emiss\u00e3o de deb\u00eantures simples. Clique e saiba mais.\" \/>\n<meta property=\"og:url\" content=\"https:\/\/www.suno.com.br\/noticias\/oi-movel-debentures-simples\/\" \/>\n<meta property=\"og:site_name\" content=\"Suno Not\u00edcias\" \/>\n<meta property=\"article:publisher\" content=\"https:\/\/facebook.com\/sunoresearch\" \/>\n<meta property=\"og:image\" content=\"https:\/\/files.sunoresearch.com.br\/n\/uploads\/2019\/08\/391f8501-oi.jpg\" \/>\n\t<meta property=\"og:image:width\" content=\"3342\" \/>\n\t<meta property=\"og:image:height\" content=\"2231\" \/>\n\t<meta property=\"og:image:type\" content=\"image\/jpeg\" \/>\n<meta name=\"author\" content=\"Jader Lazarini\" \/>\n<meta name=\"twitter:card\" content=\"summary_large_image\" \/>\n<meta name=\"twitter:creator\" content=\"@sunoresearch\" \/>\n<meta name=\"twitter:site\" content=\"@sunoresearch\" \/>\n<meta name=\"twitter:label1\" content=\"Escrito por\" \/>\n\t<meta name=\"twitter:data1\" content=\"Jader Lazarini\" \/>\n\t<meta name=\"twitter:label2\" content=\"Est. tempo de leitura\" \/>\n\t<meta name=\"twitter:data2\" content=\"2 minutos\" \/>\n<script type=\"application\/ld+json\" class=\"yoast-schema-graph\">{\"@context\":\"https:\/\/schema.org\",\"@graph\":[{\"@type\":\"NewsArticle\",\"@id\":\"https:\/\/www.suno.com.br\/noticias\/oi-movel-debentures-simples\/#article\",\"isPartOf\":{\"@id\":\"https:\/\/www.suno.com.br\/noticias\/oi-movel-debentures-simples\/\"},\"author\":{\"name\":\"Jader Lazarini\",\"@id\":\"https:\/\/www.suno.com.br\/noticias\/#\/schema\/person\/918d79de1f0281f01599b93f9ea6e23f\"},\"headline\":\"Oi M\u00f3vel finaliza emiss\u00e3o de deb\u00eantures simples no valor de R$ 2,5 bi\",\"datePublished\":\"2020-02-05T14:19:14+00:00\",\"dateModified\":\"2020-02-12T15:55:04+00:00\",\"mainEntityOfPage\":{\"@id\":\"https:\/\/www.suno.com.br\/noticias\/oi-movel-debentures-simples\/\"},\"wordCount\":410,\"publisher\":{\"@id\":\"https:\/\/www.suno.com.br\/noticias\/#organization\"},\"image\":{\"@id\":\"https:\/\/www.suno.com.br\/noticias\/oi-movel-debentures-simples\/#primaryimage\"},\"thumbnailUrl\":\"https:\/\/files.sunoresearch.com.br\/n\/uploads\/2019\/08\/391f8501-oi-scaled.webp\",\"keywords\":[\"deb\u00eantures\",\"Oi (OIBR3\/OIBR4)\"],\"articleSection\":[\"Neg\u00f3cios\"],\"inLanguage\":\"pt-BR\"},{\"@type\":\"WebPage\",\"@id\":\"https:\/\/www.suno.com.br\/noticias\/oi-movel-debentures-simples\/\",\"url\":\"https:\/\/www.suno.com.br\/noticias\/oi-movel-debentures-simples\/\",\"name\":\"Oi M\u00f3vel finaliza emiss\u00e3o de deb\u00eantures simples no valor de R$ 2,5 bi\",\"isPartOf\":{\"@id\":\"https:\/\/www.suno.com.br\/noticias\/#website\"},\"primaryImageOfPage\":{\"@id\":\"https:\/\/www.suno.com.br\/noticias\/oi-movel-debentures-simples\/#primaryimage\"},\"image\":{\"@id\":\"https:\/\/www.suno.com.br\/noticias\/oi-movel-debentures-simples\/#primaryimage\"},\"thumbnailUrl\":\"https:\/\/files.sunoresearch.com.br\/n\/uploads\/2019\/08\/391f8501-oi-scaled.webp\",\"datePublished\":\"2020-02-05T14:19:14+00:00\",\"dateModified\":\"2020-02-12T15:55:04+00:00\",\"description\":\"A Oi divulgou um fato relevante acerca da conclus\u00e3o da subscri\u00e7\u00e3o e integraliza\u00e7\u00e3o de sua emiss\u00e3o de deb\u00eantures simples. Clique e saiba mais.\",\"breadcrumb\":{\"@id\":\"https:\/\/www.suno.com.br\/noticias\/oi-movel-debentures-simples\/#breadcrumb\"},\"inLanguage\":\"pt-BR\",\"potentialAction\":[{\"@type\":\"ReadAction\",\"target\":[\"https:\/\/www.suno.com.br\/noticias\/oi-movel-debentures-simples\/\"]}]},{\"@type\":\"ImageObject\",\"inLanguage\":\"pt-BR\",\"@id\":\"https:\/\/www.suno.com.br\/noticias\/oi-movel-debentures-simples\/#primaryimage\",\"url\":\"https:\/\/files.sunoresearch.com.br\/n\/uploads\/2019\/08\/391f8501-oi-scaled.webp\",\"contentUrl\":\"https:\/\/files.sunoresearch.com.br\/n\/uploads\/2019\/08\/391f8501-oi-scaled.webp\",\"width\":2560,\"height\":1709,\"caption\":\"Enel faz proposta de R$ 11,5 bilh\u00f5es por rede de fibra da Oi\"},{\"@type\":\"BreadcrumbList\",\"@id\":\"https:\/\/www.suno.com.br\/noticias\/oi-movel-debentures-simples\/#breadcrumb\",\"itemListElement\":[{\"@type\":\"ListItem\",\"position\":1,\"name\":\"Not\u00edcias\",\"item\":\"https:\/\/www.suno.com.br\/noticias\/\"},{\"@type\":\"ListItem\",\"position\":2,\"name\":\"Neg\u00f3cios\",\"item\":\"https:\/\/www.suno.com.br\/noticias\/negocios\/\"},{\"@type\":\"ListItem\",\"position\":3,\"name\":\"Oi M\u00f3vel finaliza emiss\u00e3o de deb\u00eantures simples no valor de R$ 2,5 bi\"}]},{\"@type\":\"WebSite\",\"@id\":\"https:\/\/www.suno.com.br\/noticias\/#website\",\"url\":\"https:\/\/www.suno.com.br\/noticias\/\",\"name\":\"Suno Not\u00edcias\",\"description\":\"Seu portal de informa\u00e7\u00e3o sobre o mundo dos investimentos\",\"publisher\":{\"@id\":\"https:\/\/www.suno.com.br\/noticias\/#organization\"},\"potentialAction\":[{\"@type\":\"SearchAction\",\"target\":{\"@type\":\"EntryPoint\",\"urlTemplate\":\"https:\/\/www.suno.com.br\/noticias\/?s={search_term_string}\"},\"query-input\":{\"@type\":\"PropertyValueSpecification\",\"valueRequired\":true,\"valueName\":\"search_term_string\"}}],\"inLanguage\":\"pt-BR\"},{\"@type\":\"Organization\",\"@id\":\"https:\/\/www.suno.com.br\/noticias\/#organization\",\"name\":\"Suno Not\u00edcias\",\"url\":\"https:\/\/www.suno.com.br\/noticias\/\",\"logo\":{\"@type\":\"ImageObject\",\"inLanguage\":\"pt-BR\",\"@id\":\"https:\/\/www.suno.com.br\/noticias\/#\/schema\/logo\/image\/\",\"url\":\"https:\/\/files.sunoresearch.com.br\/n\/uploads\/2021\/09\/suno-logo.png\",\"contentUrl\":\"https:\/\/files.sunoresearch.com.br\/n\/uploads\/2021\/09\/suno-logo.png\",\"width\":180,\"height\":180,\"caption\":\"Suno Not\u00edcias\"},\"image\":{\"@id\":\"https:\/\/www.suno.com.br\/noticias\/#\/schema\/logo\/image\/\"},\"sameAs\":[\"https:\/\/facebook.com\/sunoresearch\",\"https:\/\/x.com\/sunoresearch\",\"https:\/\/www.instagram.com\/suno\",\"https:\/\/www.linkedin.com\/company\/suno-research\/\",\"https:\/\/www.youtube.com\/c\/sunoresearch\"]},{\"@type\":\"Person\",\"@id\":\"https:\/\/www.suno.com.br\/noticias\/#\/schema\/person\/918d79de1f0281f01599b93f9ea6e23f\",\"name\":\"Jader Lazarini\",\"image\":{\"@type\":\"ImageObject\",\"inLanguage\":\"pt-BR\",\"@id\":\"https:\/\/www.suno.com.br\/noticias\/#\/schema\/person\/image\/\",\"url\":\"https:\/\/secure.gravatar.com\/avatar\/3c1ad8caa51589841baeb923fcddea97?s=96&r=g\",\"contentUrl\":\"https:\/\/secure.gravatar.com\/avatar\/3c1ad8caa51589841baeb923fcddea97?s=96&r=g\",\"caption\":\"Jader Lazarini\"},\"description\":\"Jader Lazarini escreve sobre investimentos, finan\u00e7as, economia e neg\u00f3cios. \u00c9 bacharel em Rela\u00e7\u00f5es Internacionais e analista CNPI (2619).\",\"url\":\"https:\/\/www.suno.com.br\/noticias\/author\/jader-lazarini\/\"}]}<\/script>\n<!-- \/ Yoast SEO plugin. -->","yoast_head_json":{"title":"Oi M\u00f3vel finaliza emiss\u00e3o de deb\u00eantures simples no valor de R$ 2,5 bi","description":"A Oi divulgou um fato relevante acerca da conclus\u00e3o da subscri\u00e7\u00e3o e integraliza\u00e7\u00e3o de sua emiss\u00e3o de deb\u00eantures simples. Clique e saiba mais.","robots":{"index":"index","follow":"follow","max-snippet":"max-snippet:-1","max-image-preview":"max-image-preview:large","max-video-preview":"max-video-preview:-1"},"canonical":"https:\/\/www.suno.com.br\/noticias\/oi-movel-debentures-simples\/","og_locale":"pt_BR","og_type":"article","og_title":"Oi M\u00f3vel finaliza emiss\u00e3o de deb\u00eantures simples no valor de R$ 2,5 bi","og_description":"A Oi divulgou um fato relevante acerca da conclus\u00e3o da subscri\u00e7\u00e3o e integraliza\u00e7\u00e3o de sua emiss\u00e3o de deb\u00eantures simples. Clique e saiba mais.","og_url":"https:\/\/www.suno.com.br\/noticias\/oi-movel-debentures-simples\/","og_site_name":"Suno Not\u00edcias","article_publisher":"https:\/\/facebook.com\/sunoresearch","og_image":[{"width":3342,"height":2231,"url":"https:\/\/files.sunoresearch.com.br\/n\/uploads\/2019\/08\/391f8501-oi.jpg","type":"image\/jpeg"}],"author":"Jader Lazarini","twitter_card":"summary_large_image","twitter_creator":"@sunoresearch","twitter_site":"@sunoresearch","twitter_misc":{"Escrito por":"Jader Lazarini","Est. tempo de leitura":"2 minutos"},"schema":{"@context":"https:\/\/schema.org","@graph":[{"@type":"NewsArticle","@id":"https:\/\/www.suno.com.br\/noticias\/oi-movel-debentures-simples\/#article","isPartOf":{"@id":"https:\/\/www.suno.com.br\/noticias\/oi-movel-debentures-simples\/"},"author":{"name":"Jader Lazarini","@id":"https:\/\/www.suno.com.br\/noticias\/#\/schema\/person\/918d79de1f0281f01599b93f9ea6e23f"},"headline":"Oi M\u00f3vel finaliza emiss\u00e3o de deb\u00eantures simples no valor de R$ 2,5 bi","datePublished":"2020-02-05T14:19:14+00:00","dateModified":"2020-02-12T15:55:04+00:00","mainEntityOfPage":{"@id":"https:\/\/www.suno.com.br\/noticias\/oi-movel-debentures-simples\/"},"wordCount":410,"publisher":{"@id":"https:\/\/www.suno.com.br\/noticias\/#organization"},"image":{"@id":"https:\/\/www.suno.com.br\/noticias\/oi-movel-debentures-simples\/#primaryimage"},"thumbnailUrl":"https:\/\/files.sunoresearch.com.br\/n\/uploads\/2019\/08\/391f8501-oi-scaled.webp","keywords":["deb\u00eantures","Oi (OIBR3\/OIBR4)"],"articleSection":["Neg\u00f3cios"],"inLanguage":"pt-BR"},{"@type":"WebPage","@id":"https:\/\/www.suno.com.br\/noticias\/oi-movel-debentures-simples\/","url":"https:\/\/www.suno.com.br\/noticias\/oi-movel-debentures-simples\/","name":"Oi M\u00f3vel finaliza emiss\u00e3o de deb\u00eantures simples no valor de R$ 2,5 bi","isPartOf":{"@id":"https:\/\/www.suno.com.br\/noticias\/#website"},"primaryImageOfPage":{"@id":"https:\/\/www.suno.com.br\/noticias\/oi-movel-debentures-simples\/#primaryimage"},"image":{"@id":"https:\/\/www.suno.com.br\/noticias\/oi-movel-debentures-simples\/#primaryimage"},"thumbnailUrl":"https:\/\/files.sunoresearch.com.br\/n\/uploads\/2019\/08\/391f8501-oi-scaled.webp","datePublished":"2020-02-05T14:19:14+00:00","dateModified":"2020-02-12T15:55:04+00:00","description":"A Oi divulgou um fato relevante acerca da conclus\u00e3o da subscri\u00e7\u00e3o e integraliza\u00e7\u00e3o de sua emiss\u00e3o de deb\u00eantures simples. Clique e saiba mais.","breadcrumb":{"@id":"https:\/\/www.suno.com.br\/noticias\/oi-movel-debentures-simples\/#breadcrumb"},"inLanguage":"pt-BR","potentialAction":[{"@type":"ReadAction","target":["https:\/\/www.suno.com.br\/noticias\/oi-movel-debentures-simples\/"]}]},{"@type":"ImageObject","inLanguage":"pt-BR","@id":"https:\/\/www.suno.com.br\/noticias\/oi-movel-debentures-simples\/#primaryimage","url":"https:\/\/files.sunoresearch.com.br\/n\/uploads\/2019\/08\/391f8501-oi-scaled.webp","contentUrl":"https:\/\/files.sunoresearch.com.br\/n\/uploads\/2019\/08\/391f8501-oi-scaled.webp","width":2560,"height":1709,"caption":"Enel faz proposta de R$ 11,5 bilh\u00f5es por rede de fibra da Oi"},{"@type":"BreadcrumbList","@id":"https:\/\/www.suno.com.br\/noticias\/oi-movel-debentures-simples\/#breadcrumb","itemListElement":[{"@type":"ListItem","position":1,"name":"Not\u00edcias","item":"https:\/\/www.suno.com.br\/noticias\/"},{"@type":"ListItem","position":2,"name":"Neg\u00f3cios","item":"https:\/\/www.suno.com.br\/noticias\/negocios\/"},{"@type":"ListItem","position":3,"name":"Oi M\u00f3vel finaliza emiss\u00e3o de deb\u00eantures simples no valor de R$ 2,5 bi"}]},{"@type":"WebSite","@id":"https:\/\/www.suno.com.br\/noticias\/#website","url":"https:\/\/www.suno.com.br\/noticias\/","name":"Suno Not\u00edcias","description":"Seu portal de informa\u00e7\u00e3o sobre o mundo dos investimentos","publisher":{"@id":"https:\/\/www.suno.com.br\/noticias\/#organization"},"potentialAction":[{"@type":"SearchAction","target":{"@type":"EntryPoint","urlTemplate":"https:\/\/www.suno.com.br\/noticias\/?s={search_term_string}"},"query-input":{"@type":"PropertyValueSpecification","valueRequired":true,"valueName":"search_term_string"}}],"inLanguage":"pt-BR"},{"@type":"Organization","@id":"https:\/\/www.suno.com.br\/noticias\/#organization","name":"Suno Not\u00edcias","url":"https:\/\/www.suno.com.br\/noticias\/","logo":{"@type":"ImageObject","inLanguage":"pt-BR","@id":"https:\/\/www.suno.com.br\/noticias\/#\/schema\/logo\/image\/","url":"https:\/\/files.sunoresearch.com.br\/n\/uploads\/2021\/09\/suno-logo.png","contentUrl":"https:\/\/files.sunoresearch.com.br\/n\/uploads\/2021\/09\/suno-logo.png","width":180,"height":180,"caption":"Suno Not\u00edcias"},"image":{"@id":"https:\/\/www.suno.com.br\/noticias\/#\/schema\/logo\/image\/"},"sameAs":["https:\/\/facebook.com\/sunoresearch","https:\/\/x.com\/sunoresearch","https:\/\/www.instagram.com\/suno","https:\/\/www.linkedin.com\/company\/suno-research\/","https:\/\/www.youtube.com\/c\/sunoresearch"]},{"@type":"Person","@id":"https:\/\/www.suno.com.br\/noticias\/#\/schema\/person\/918d79de1f0281f01599b93f9ea6e23f","name":"Jader Lazarini","image":{"@type":"ImageObject","inLanguage":"pt-BR","@id":"https:\/\/www.suno.com.br\/noticias\/#\/schema\/person\/image\/","url":"https:\/\/secure.gravatar.com\/avatar\/3c1ad8caa51589841baeb923fcddea97?s=96&r=g","contentUrl":"https:\/\/secure.gravatar.com\/avatar\/3c1ad8caa51589841baeb923fcddea97?s=96&r=g","caption":"Jader Lazarini"},"description":"Jader Lazarini escreve sobre investimentos, finan\u00e7as, economia e neg\u00f3cios. \u00c9 bacharel em Rela\u00e7\u00f5es Internacionais e analista CNPI (2619).","url":"https:\/\/www.suno.com.br\/noticias\/author\/jader-lazarini\/"}]}},"default_loop_html":"<div class=\"cardsPage__listCard__boxs\"><div class=\"cardsPage__listCard__boxs__img\"><a href=\"https:\/\/www.suno.com.br\/noticias\/oi-movel-debentures-simples\/\"><img class=\"mask\" src=\"https:\/\/www.suno.com.br\/noticias\/wp-content\/themes\/suno\/resources\/images\/spotlight\/spotlight1img\/bg-mask.png\" alt=\"Image Mask\"\/><img src=\"https:\/\/files.sunoresearch.com.br\/n\/uploads\/2019\/08\/391f8501-oi-400x200.webp\" alt=\"Oi M\u00f3vel finaliza emiss\u00e3o de deb\u00eantures simples no valor de R$ 2,5 bi\"\/><\/a><span class=\"spotlightCategory\"><a href=\"https:\/\/www.suno.com.br\/noticias\/negocios\/\">Neg\u00f3cios<\/a><\/span><\/div><div class=\"cardsPage__listCard__boxs__content\"><a href=\"https:\/\/www.suno.com.br\/noticias\/oi-movel-debentures-simples\/\"><h2 class=\"content__title\">Oi M\u00f3vel finaliza emiss\u00e3o de deb\u00eantures simples no valor de R$ 2,5 bi<\/h2><\/a><div class=\"newsContent__article__meta\"><div class=\"newsContent__article__meta__authorBox\"><a href=\"https:\/\/www.suno.com.br\/noticias\/author\/jader-lazarini\/\" class=\"authorBox__avatar noMobi\"><img src=\"https:\/\/files.sunoresearch.com.br\/n\/uploads\/2021\/01\/178e6598-foto-perfil-2-150x150.jpg\" alt=\"Jader Lazarini\"><\/a><div class=\"authorBox__name\"><span>por\n\t\t\t<a href=\"https:\/\/www.suno.com.br\/noticias\/author\/jader-lazarini\/\"><span itemprop=\"author\">Jader Lazarini<\/span><\/a><\/span><time datetime=\"2020-02-05T12:19:14-03:00\" itemprop=\"datePublished\">05\/02\/2020 12:19<\/time><\/div><\/div><\/div><\/div><\/div>","single_layout":"posts","amp_enabled":true,"_links":{"self":[{"href":"https:\/\/www.suno.com.br\/noticias\/wp-json\/wp\/v2\/posts\/52029"}],"collection":[{"href":"https:\/\/www.suno.com.br\/noticias\/wp-json\/wp\/v2\/posts"}],"about":[{"href":"https:\/\/www.suno.com.br\/noticias\/wp-json\/wp\/v2\/types\/post"}],"author":[{"embeddable":true,"href":"https:\/\/www.suno.com.br\/noticias\/wp-json\/wp\/v2\/users\/24"}],"replies":[{"embeddable":true,"href":"https:\/\/www.suno.com.br\/noticias\/wp-json\/wp\/v2\/comments?post=52029"}],"version-history":[{"count":0,"href":"https:\/\/www.suno.com.br\/noticias\/wp-json\/wp\/v2\/posts\/52029\/revisions"}],"wp:featuredmedia":[{"embeddable":true,"href":"https:\/\/www.suno.com.br\/noticias\/wp-json\/wp\/v2\/media\/35803"}],"wp:attachment":[{"href":"https:\/\/www.suno.com.br\/noticias\/wp-json\/wp\/v2\/media?parent=52029"}],"wp:term":[{"taxonomy":"category","embeddable":true,"href":"https:\/\/www.suno.com.br\/noticias\/wp-json\/wp\/v2\/categories?post=52029"},{"taxonomy":"post_tag","embeddable":true,"href":"https:\/\/www.suno.com.br\/noticias\/wp-json\/wp\/v2\/tags?post=52029"},{"taxonomy":"suno_strategy","embeddable":true,"href":"https:\/\/www.suno.com.br\/noticias\/wp-json\/wp\/v2\/suno_strategy?post=52029"}],"curies":[{"name":"wp","href":"https:\/\/api.w.org\/{rel}","templated":true}]}}