{"id":520265,"date":"2024-02-05T23:26:19","date_gmt":"2024-02-06T02:26:19","guid":{"rendered":"https:\/\/www.suno.com.br\/noticias\/?p=520265"},"modified":"2024-02-05T23:26:39","modified_gmt":"2024-02-06T02:26:39","slug":"radar-itau-itub4-natura-ntco3-cielo-ciel3","status":"publish","type":"post","link":"https:\/\/www.suno.com.br\/noticias\/radar-itau-itub4-natura-ntco3-cielo-ciel3\/","title":{"rendered":"Radar: Ita\u00fa (ITUB4)\u00a0pagar\u00e1 dividendos bilion\u00e1rios, Natura (NTCO3) avalia separa\u00e7\u00e3o da Avon e bancos far\u00e3o oferta de a\u00e7\u00f5es da Cielo (CIEL3) para deixar Bolsa"},"content":{"rendered":"<p><span style=\"font-family: Arial, Helvetica, sans-serif\">O&nbsp;<\/span><a class=\"suno-keyword\" data-force=\"no\" data-priority=\"1\" style=\"font-family: Arial, Helvetica, sans-serif;padding: 0px;margin: 0px;line-height: 34px;font-weight: bold\" href=\"https:\/\/www.suno.com.br\/artigos\/conselho-administracao\/\" target=\"_blank\" rel=\"noopener\">conselho de administra\u00e7\u00e3o<\/a><span style=\"font-family: Arial, Helvetica, sans-serif\">&nbsp;do<\/span><strong style=\"font-family: Arial, Helvetica, sans-serif;padding: 0px;margin: 0px\">&nbsp;<a class=\"suno-keyword\" data-force=\"yes\" data-priority=\"2\" style=\"padding: 0px;margin: 0px;line-height: 34px\" href=\"https:\/\/www.suno.com.br\/acoes\/ITUB4\/\" target=\"_blank\" rel=\"noopener\">Ita\u00fa<\/a><\/strong><a class=\"suno-keyword\" data-force=\"yes\" data-priority=\"2\" style=\"font-family: Arial, Helvetica, sans-serif;padding: 0px;margin: 0px;line-height: 34px;font-weight: bold\" href=\"https:\/\/www.suno.com.br\/acoes\/ITUB4\/\" target=\"_blank\" rel=\"noopener\">&nbsp;(ITUB4)<\/a><span style=\"font-family: Arial, Helvetica, sans-serif\">&nbsp;anunciou um novo pagamento de&nbsp;<\/span><a class=\"suno-keyword\" data-force=\"no\" data-priority=\"1\" style=\"font-family: Arial, Helvetica, sans-serif;padding: 0px;margin: 0px;line-height: 34px;font-weight: bold\" href=\"https:\/\/www.suno.com.br\/guias\/dividendos\/\" target=\"_blank\" rel=\"noopener\">dividendos<\/a><span style=\"font-family: Arial, Helvetica, sans-serif\">, no valor de R$ 1,125125 por a\u00e7\u00e3o. O banco divulgou tamb\u00e9m a data do pagamento dos&nbsp;<\/span><a class=\"suno-keyword\" data-force=\"no\" data-priority=\"1\" style=\"font-family: Arial, Helvetica, sans-serif;padding: 0px;margin: 0px;line-height: 34px;font-weight: bold\" href=\"https:\/\/www.suno.com.br\/artigos\/entenda-o-jcp\/\" target=\"_blank\" rel=\"noopener\">juros sobre capital pr\u00f3prio<\/a><span style=\"font-family: Arial, Helvetica, sans-serif\">&nbsp;(JCP) j\u00e1 anunciados. Os dividendos somam um montante de R$ 11 bilh\u00f5es.<\/span><\/p>\t<div class=\"wrapper-featured-image\">\n\t\t<figure class=\"spotlightImg\">\n\n\t\t\t<picture>\n\t\t\t\t<source media=\"(max-width: 768px)\" srcset=\"https:\/\/files.sunoresearch.com.br\/n\/uploads\/2023\/05\/itau-unibanco-itub4-400x200.jpg\">\n\t\t\t\t<img loading=\"lazy\" decoding=\"async\" class=\"newsContent__article__imgCapa lazyloadDisabled \" src=\"https:\/\/files.sunoresearch.com.br\/n\/uploads\/2023\/05\/itau-unibanco-itub4-800x450.jpg\" width=\"800\" height=\"450\" alt=\"Radar: Ita\u00fa (ITUB4)\u00a0pagar\u00e1 dividendos bilion\u00e1rios, Natura (NTCO3) avalia separa\u00e7\u00e3o da Avon e bancos far\u00e3o oferta de a\u00e7\u00f5es da Cielo (CIEL3) para deixar Bolsa\" fetchpriority=high \/>\n\t\t\t<\/picture>\n\n\t\t\t<figcaption class=\"wp-caption-text wp-caption-text--show\">Ita\u00fa (ITUB4). Foto: Ag\u00eancia Brasil. <\/figcaption>\n\t\t<\/figure>\n\t<\/div>\n\n\n\n\n\n\t<p>\n\t\t<a href=\"https:\/\/lp.suno.com.br\/planilha-da-vida-financeira\/\" target=\"_blank\" data-element=\"shortcode-suno-banner\" title=\"Banner SUNO, clique e saiba mais\">\n\t\t\t<picture>\n\t\t\t\t<source media=\"(max-width: 500px)\" srcset=\"https:\/\/files.sunoresearch.com.br\/n\/uploads\/2023\/04\/400x300-Planilha-vida-financeira-true.png\">\n\t\t\t\t<img class=\"newsContent__article__imgCapa newsContent__article__imgCapa--banner\"\n\t\t\t\t\tsrc=\"https:\/\/files.sunoresearch.com.br\/n\/uploads\/2023\/04\/1420x240-Planilha-vida-financeira-true.png\"\n\t\t\t\t\tdata-promo-id=\"106682\"\t\t\t\t\t\t\t\t\t\twidth='1420' height='240'\t\t\t\t\talt=\"https:\/\/files.sunoresearch.com.br\/n\/uploads\/2023\/04\/1420x240-Planilha-vida-financeira-true.png\"\n\t\t\t\t>\n\t\t\t<\/picture>\n\t\t<\/a>\n\t<\/p>\n\n\n\n\n\n\n\n<p>Os novos&nbsp;<strong>dividendos do Ita\u00fa&nbsp;<\/strong>t\u00eam como refer\u00eancia o exerc\u00edcio de 2023, sendo distribu\u00eddos de forma complementar aos valores j\u00e1 declarados.<\/p>\n\n\n\n<p>O pagamento dos dividendos Ita\u00fa ser\u00e1 realizado no dia 8 de mar\u00e7o de 2024, mas somente aos investidores que tiverem a\u00e7\u00f5es do banco at\u00e9 o final da sess\u00e3o de 21 de fevereiro de 2024.<\/p>\n\n\n\n<p>O conselho aprovou que os pagamentos de&nbsp;<strong>JCP do Ita\u00fa<\/strong>&nbsp;j\u00e1 declarados tamb\u00e9m v\u00e3o ser realizados em 8 de mar\u00e7o de 2024.<\/p>\n\n\n\n<p>Assim, o valor bruto de R$ 0,2693 por a\u00e7\u00e3o em JCP (cujo valor l\u00edquido \u00e9 de R$ 0,228905 por a\u00e7\u00e3o) ser\u00e1 distribu\u00eddo para os detentores de a\u00e7\u00f5es do Ita\u00fa em 18 de setembro de 2023, enquanto R$ 0,24724 por a\u00e7\u00e3o (valor l\u00edquido de R$ 0,210154) tem a&nbsp;<a target=\"_blank\" href=\"https:\/\/www.suno.com.br\/artigos\/dividendos-datas-importantes\/\" rel=\"noreferrer noopener\">data de corte<\/a>&nbsp;a sess\u00e3o de 6 de dezembro de 2023.<\/p>\n\n\n\n<p>No total, os investidores que tiverem&nbsp;<strong>a\u00e7\u00f5es do Ita\u00fa&nbsp;<\/strong>at\u00e9 essas 3 datas de corte citadas v\u00e3o receber R$ 1,564184 por a\u00e7\u00e3o em dividendos e juros sobre capital pr\u00f3prio no dia 8 de mar\u00e7o de 2024.<\/p>\n\n\n\n<p>Al\u00e9m de Ita\u00fa, confira outros destaques desta segunda-feira:<\/p>\n\n\n\n<h2 class=\"wp-block-heading\">Natura (NTCO3) avalia separa\u00e7\u00e3o da Avon para gerar duas empresas independentes de capital aberto<\/h2>\n\n\n\n<p>O&nbsp;<a href=\"https:\/\/www.suno.com.br\/artigos\/conselho-administracao\/\" target=\"_blank\" rel=\"noreferrer noopener\">conselho de administra\u00e7\u00e3o<\/a>&nbsp;da&nbsp;<a href=\"https:\/\/www.suno.com.br\/acoes\/NTCO3\/\" target=\"_blank\" rel=\"noreferrer noopener\"><strong>Natura<\/strong>&nbsp;(NTCO3)<\/a>&nbsp;autorizou sua diretoria a iniciar o processo de avalia\u00e7\u00e3o de uma poss\u00edvel separa\u00e7\u00e3o da Natura Latam e Avon em duas empresas independentes no ramo da beleza, e com ambas tendo capital aberto na Bolsa de Valores.<\/p>\n\n\n\n<p>Conforme comunicado emitido pela Natura nesta segunda-feira (5), essa&nbsp;<strong>separa\u00e7\u00e3o da Avon<\/strong>&nbsp;tem como objetivo \u201cgerar ainda mais valor para os acionistas\u201d.<\/p>\n\n\n\n<p>Embora a estrutura dessa poss\u00edvel opera\u00e7\u00e3o ainda esteja sendo estudada, a expectativa \u00e9 de que ela resulte em duas empresas separadas e que operem de forma independente. Nesse caso, as companhias teriam planos pr\u00f3prios de neg\u00f3cios, assim como uma governan\u00e7a independente.<\/p>\n\n\n\n<p>Essa&nbsp;<strong>separa\u00e7\u00e3o de Avon e Natura<\/strong>&nbsp;poderia resultar em \u201cequipes de gest\u00e3o mais bem preparadas para perseguir estrat\u00e9gias mais direcionadas para impulsionar o valor de&nbsp;<a target=\"_blank\" href=\"https:\/\/www.suno.com.br\/artigos\/longo-prazo\/\" rel=\"noreferrer noopener\">longo prazo<\/a>&nbsp;para os acionistas\u201d, destaca o comunicado.<\/p>\n\n\n\n<p>Apesar disso, a poss\u00edvel separa\u00e7\u00e3o n\u00e3o traria impactos para as marcas na Am\u00e9rica Latina, uma vez que a Natura seguiria suas opera\u00e7\u00f5es com as duas marcas nesta regi\u00e3o.<\/p>\n\n\n\n<p>Enquanto isso, a Avon acabaria se beneficiando de maneira indireta das vendas na regi\u00e3o, por meio de um&nbsp;<a href=\"https:\/\/www.suno.com.br\/artigos\/acordo-comercial\/\" target=\"_blank\" rel=\"noreferrer noopener\">acordo comercial<\/a>&nbsp;com a Natura, e tamb\u00e9m dando continuidade \u00e0s opera\u00e7\u00f5es fora da Am\u00e9rica Latina.<\/p>\n\n\n\n<p>A conclus\u00e3o dessa poss\u00edvel separa\u00e7\u00e3o ainda est\u00e1 sujeita a diversas quest\u00f5es a serem tratadas, inclusive a aprova\u00e7\u00e3o do conselho de administra\u00e7\u00e3o e da maior parte dos investidores da companhia.<\/p>\n\n\n\n<p>\u201cEnquanto a administra\u00e7\u00e3o de&nbsp;<strong>Natura &amp;Co&nbsp;<\/strong>realiza a avalia\u00e7\u00e3o estrat\u00e9gica, a companhia continua a implementa\u00e7\u00e3o da estrat\u00e9gia de turnaround da Avon e a integra\u00e7\u00e3o dos neg\u00f3cios da Natura e da Avon na Am\u00e9rica Latina\u201d, diz a companhia em documento.<\/p>\n\n\n\n<h2 class=\"wp-block-heading\">Cielo (CIEL3): Bradesco (BBDC4) e Banco do Brasil (BBAS3) far\u00e3o oferta de a\u00e7\u00f5es para empresa deixar a Bolsa<\/h2>\n\n\n\n<p>O&nbsp;<strong>Bradesco (BBDC4)<\/strong>&nbsp;e o&nbsp;<strong>Banco do Brasil (BBAS3)<\/strong>&nbsp;anunciaram que far\u00e3o conjuntamente uma&nbsp;<strong>oferta p\u00fablica de aquisi\u00e7\u00e3o de a\u00e7\u00f5es (OPA)<\/strong>&nbsp;da&nbsp;<a href=\"https:\/\/www.suno.com.br\/acoes\/CIEL3\/\" target=\"_blank\" rel=\"noreferrer noopener\">Cielo (CIEL3)<\/a>, empresa controlada pelos dois bancos, com o objetivo de converter o registro de companhia aberta de A para B, resultando na sa\u00edda do segmento de&nbsp;<a href=\"https:\/\/www.suno.com.br\/artigos\/novo-mercado\/\" target=\"_blank\" rel=\"noreferrer noopener\">Novo Mercado<\/a>&nbsp;da B3. O objetivo \u00e9 o fechamento de capital da empresa.<\/p>\n\n\n\n<p>A&nbsp;<strong>OPA da Cielo&nbsp;<\/strong>ser\u00e1 feita pelos dois bancos quanto pela&nbsp;<strong>EloPar<\/strong>, holding que ambos controlam, podendo adquirir a totalidade das a\u00e7\u00f5es n\u00e3o pertencentes aos dois bancos. O pre\u00e7o do pedido de OPA ser\u00e1 de R$ 5,35<strong>&nbsp;<\/strong>por<strong>&nbsp;a\u00e7\u00e3o ordin\u00e1ria da Cielo<\/strong>, valor 6,4% acima do pre\u00e7o de fechamento de hoje.<\/p>\n\n\n\n<p>Em rela\u00e7\u00e3o aos&nbsp;<strong>American Depositary Receipts (ADRs) da Cielo<\/strong>&nbsp;negociados nos Estados Unidos, os titulares poder\u00e3o participar da oferta desde que fa\u00e7a o cancelamento dos ADRs, o resgate dos pap\u00e9is e a aliena\u00e7\u00e3o dessas a\u00e7\u00f5es no \u00e2mbito da OPA, segundo comunicado enviado \u00e0&nbsp;<a target=\"_blank\" href=\"https:\/\/www.suno.com.br\/artigos\/cvm\/\" rel=\"noreferrer noopener\">Comiss\u00e3o de Valores Mobili\u00e1rios (CVM)<\/a>.<\/p>\n\n\n\n<p>Em&nbsp;<a target=\"_blank\" href=\"https:\/\/www.suno.com.br\/artigos\/fato-relevante\/\" rel=\"noreferrer noopener\">fato relevante<\/a>&nbsp;paralelo ao da Cielo, o&nbsp;<strong>Banco do Brasil<\/strong>&nbsp;informou que sua fatia na empresa de maquininhas de cart\u00e3o poder\u00e1 alcan\u00e7ar at\u00e9 49,99% do capital, enquanto o resto ficar\u00e1 com o Bradesco.<\/p>\n\n\n\n<p>O laudo de avali\u00e7\u00e3o foi feito pelo&nbsp;<strong>Bank of America<\/strong>&nbsp;e a OPA ser\u00e1 intermediada pelo&nbsp;<strong>Bradesco BBI<\/strong>.<\/p>\n\n\n\n<h2 class=\"wp-block-heading\">Lucro do Ita\u00fa (ITUB4) soma R$ 9,4 bi no 4T23, alta de 22,6% na base anual<\/h2>\n\n\n\n<p>O&nbsp;<a href=\"https:\/\/www.suno.com.br\/artigos\/lucro-liquido\/\" target=\"_blank\" rel=\"noreferrer noopener\">lucro l\u00edquido<\/a>&nbsp;gerencial do&nbsp;<strong>Ita\u00fa Unibanco (ITUB4)<\/strong>, que exclui ganhos ou perdas com itens extraordin\u00e1rios, cresceu 22,6% no quarto trimestre de 2023 em rela\u00e7\u00e3o ao mesmo per\u00edodo do ano anterior, para R$ 9,401 bilh\u00f5es, segundo comunicado enviado \u00e0 Comiss\u00e3o de Valores Mobili\u00e1rios (CVM) nesta segunda (5).<\/p>\n\n\n\n<p>No ano passado, o&nbsp;<strong>lucro recorrente do Ita\u00fa<\/strong>&nbsp;somou R$ 35,61 bilh\u00f5es, uma eleva\u00e7\u00e3o de 15,7% ante 2022. No resultado do&nbsp;<strong>Ita\u00fa no 4T23<\/strong>, o banco explicou que o n\u00famero de 2023 foi impactado pelo crescimento da carteira de cr\u00e9dito do per\u00edodo, al\u00e9m das maiores margens na gest\u00e3o de passivos e redefini\u00e7\u00e3o dos pre\u00e7os no&nbsp;<a target=\"_blank\" href=\"https:\/\/www.suno.com.br\/artigos\/capital-giro\/\" rel=\"noreferrer noopener\">capital de giro<\/a>, que levou ao aumento nas margens com clientes.<\/p>\n\n\n\n<p>A varia\u00e7\u00e3o anual \u00e9 explicada pelo crescimento da&nbsp;<strong>carteira de cr\u00e9dito do Ita\u00fa<\/strong>&nbsp;e pelas maiores margens na gest\u00e3o de passivos. O banco afirma ainda que a redefini\u00e7\u00e3o dos pre\u00e7os no capital de giro pr\u00f3prio levou a um aumento nas margens com clientes. Em outro ponto, as receitas com servi\u00e7os aumentaram, puxadas em especial pelo segmento de cart\u00f5es.<\/p>\n\n\n\n<p>No trimestre, a<strong>&nbsp;carteira de cr\u00e9dito do Ita\u00fa&nbsp;<\/strong>teve alta de 3,1% em rela\u00e7\u00e3o ao mesmo per\u00edodo de 2022, atingindo R$ 1,17 trilh\u00e3o. Na compara\u00e7\u00e3o anual, a alta \u00e9 de 3,1%, com destaque para o segmento de cr\u00e9dito pessoal, que cresceu 13,7% em 2023, impactando fortemente o resultado do ano passado. &nbsp;<\/p>\n\n\n\n<p>Adicionalmente, no balan\u00e7o do quarto trimestre de 2022, o Ita\u00fa separou R$ 1,3 bilh\u00e3o para cobrir a exposi\u00e7\u00e3o que possu\u00eda a empr\u00e9stimos da Americanas (AMER3), que entrou em recupera\u00e7\u00e3o judicial em janeiro de 2023. Este efeito reduz a base de compara\u00e7\u00e3o.<\/p>\n\n\n\n<p>Maior banco da Am\u00e9rica Latina, o Ita\u00fa tinha em dezembro R$ 2,696 trilh\u00f5es em ativos, alta 9,2% em um ano. O patrim\u00f4nio l\u00edquido era de R$ 180,788 bilh\u00f5es, n\u00famero 12,3% maior que um ano antes, e o retorno anualizado sobre o patrim\u00f4nio l\u00edquido<strong>&nbsp;(o ROE do Ita\u00fa Unibanco)&nbsp;<\/strong>subiu 1,09 ponto porcentual no quarto trimestre em rela\u00e7\u00e3o ao mesmo per\u00edodo de 2022, para 21,2%. O \u00edndice de inadimpl\u00eancia acima de 90 dias ficou em 2,8% da carteira de cr\u00e9dito total, queda de 0,2 pp em rela\u00e7\u00e3o a um ano antes.<\/p>\n\n\n\n<p>As despesas com&nbsp;<a target=\"_blank\" href=\"https:\/\/www.suno.com.br\/artigos\/provisao-para-devedores-duvidosos\/\" rel=\"noreferrer noopener\">provis\u00e3o para devedores duvidosos<\/a>&nbsp;(PDD) encolheram 6,2% no quarto trimestre na base anual e totalizaram R$ 9,29 bilh\u00f5es. Em 2023, a PDD somou R$ 33,12 bilh\u00f5es, uma alta de 12,5% na base anual.<\/p>\n\n\n\n<p>\u201cEm 2023, colhemos os resultados da nossa transforma\u00e7\u00e3o cultural e digital\u201d, diz em nota o presidente do Ita\u00fa, Milton Maluhy. Segundo ele, o banco manteve patamares sustent\u00e1veis de crescimento. \u201cEntramos em 2024 otimistas e empenhados para entregar ainda mais valor aos nossos clientes, acionistas e colaboradores, tirando proveito de todas as mudan\u00e7as que fizemos na organiza\u00e7\u00e3o para que os nossos clientes estejam no centro de todas as nossas decis\u00f5es.\u201d<\/p>\n\n\n\n<p>O diretor Financeiro do banco, Alexsandro Broedel, disse que os&nbsp;<strong>n\u00fameros do Ita\u00fa<\/strong>&nbsp;apontam um ano de 2023 de resultados s\u00f3lidos e consistentes, inclusive na rentabilidade. Ele destacou ainda a remunera\u00e7\u00e3o que o&nbsp;<a href=\"https:\/\/www.suno.com.br\/noticias\/itau-itub4-dividendos-bilionarios-05-02-24-jvj\/\">Ita\u00fa dar\u00e1 aos acionistas<\/a>. \u201cDestaque tamb\u00e9m para o pagamento de R$ 11,0 bilh\u00f5es em dividendos adicionais aos nossos acionistas que, somados aos Juros sobre Capital Pr\u00f3prio (JCP) j\u00e1 declarados, resultaram em um payout de 60,3% no ano.\u201d<\/p>\n\n\n\n<h2 class=\"wp-block-heading\">Cielo (CIEL3): lucro cai 1,9% no 4T23, para R$ 480,8 milh\u00f5es; empresa aprova JCP de R$ 410 mi<\/h2>\n\n\n\n<p>A&nbsp;<strong>Cielo (CIEL3)<\/strong>, maior empresa de maquininhas de cart\u00f5es do Brasil, registrou&nbsp;<strong>lucro l\u00edquido consolidado<\/strong>&nbsp;de R$ 480,8 milh\u00f5es no quarto trimestre do ano passado, uma queda de 1,9% na compara\u00e7\u00e3o anual. Em 2023, a linha alcan\u00e7ou R$ 1,86 bilh\u00e3o, eleva\u00e7\u00e3o de 26% ante 2022.<\/p>\n\n\n\n<p>De acordo com a Cielo, 2023 representou \u201cmais marco na retomada de lucratividade\u201d, com uma agenda de excel\u00eancia operacional e busca de mais efici\u00eancia. Nesse ambiente, a margem l\u00edquida da credenciadora terminou em 23%.<\/p>\n\n\n\n<p>De acordo com a companhia, a queda no lucro do<strong>&nbsp;4T23 da Cielo&nbsp;<\/strong>pode ser atribu\u00edda ao comportamento do Ebitda (lucro antes de juros, impostos,&nbsp;<a target=\"_blank\" href=\"https:\/\/www.suno.com.br\/artigos\/depreciacao-amortizacao\/\" rel=\"noreferrer noopener\">deprecia\u00e7\u00e3o e amortiza\u00e7\u00e3o<\/a>) \u2013 com menores volumes em Cielo Brasil e maiores investimentos no time comercial e no processo de transforma\u00e7\u00e3o operacional.<\/p>\n\n\n\n<p>No trimestre, o&nbsp;<strong>Ebitda da Cielo&nbsp;<\/strong>subiu 9,3% ante igual per\u00edodo de 2022, para R$ 999,6 milh\u00f5es, refletindo ajuste na linha de Outras controladas. N\u00e3o fosse esse efeito, segundo a Cielo, o&nbsp;<a target=\"_blank\" href=\"https:\/\/www.suno.com.br\/artigos\/lucro-operacional\/\" rel=\"noreferrer noopener\">lucro operacional<\/a>&nbsp;teria apresentado uma queda de 8,5%. No ano passado, o Ebitda somou R$ 4,41 bilh\u00f5es, um aumento de 15,7% na compara\u00e7\u00e3o anual.<\/p>\n\n\n\n<p>J\u00e1 a&nbsp;<strong>receita operacional l\u00edquida da Cielo<\/strong>&nbsp;foi de R$ 2,77 bilh\u00f5es, uma alta de 0,6% ante igual intervalo do ano anterior. Em 2023, a receita teve uma leve baixa de 0,9% na base anual, a R$ 10,69 bilh\u00f5es.<\/p>\n\n\n\n<p>Em 12 meses, a margem Ebitda da credenciadora de lojistas evoluiu quase 3 pontos porcentuais, para 36,1%. J\u00e1 a receita operacional l\u00edquida da Cielo foi de R$ 2,77 bilh\u00f5es no quarto trimestre, avan\u00e7o de 0,6% na compara\u00e7\u00e3o com o mesmo per\u00edodo de 2022.<\/p>\n\n\n\n<p>J\u00e1 as despesas operacionais da empresa somaram R$ 501 milh\u00f5es no quarto trimestre, alta de 25% em 12 meses. O aumento reflete o maior investimento da credenciadora de lojistas, com destaque para expans\u00e3o comercial e iniciativas de transforma\u00e7\u00e3o operacional, o que fez crescer as despesas administrativas e de pessoal.<\/p>\n\n\n\n<p>Ao final de dezembro, a Cielo tinha R$ 1,434 bilh\u00e3o em caixa, queda de R$ 735,3 milh\u00f5es frente a 31 de dezembro de 2022, mas aumento de R$ 287,2 milh\u00f5es frente setembro de 2023. Segundo a empresa, a redu\u00e7\u00e3o das disponibilidades na compara\u00e7\u00e3o anual \u00e9 explicada, principalmente, pelo aumento de recursos alocados em produtos de prazo.<\/p>\n\n\n\t<p>\n\t\t<a href=\"https:\/\/lp.suno.com.br\/ebook-como-analisar-uma-acao\/\" target=\"_blank\" data-element=\"shortcode-suno-banner\" title=\"Banner SUNO, clique e saiba mais\">\n\t\t\t<picture>\n\t\t\t\t<source media=\"(max-width: 500px)\" srcset=\"https:\/\/files.sunoresearch.com.br\/n\/uploads\/2023\/03\/Ebook-Acoes-Mobile.jpg\">\n\t\t\t\t<img class=\"newsContent__article__imgCapa newsContent__article__imgCapa--banner\"\n\t\t\t\t\tsrc=\"https:\/\/files.sunoresearch.com.br\/n\/uploads\/2023\/03\/Ebook-Acoes-Desktop.jpg\"\n\t\t\t\t\tdata-promo-id=\"378302\"\t\t\t\t\t\t\t\t\t\twidth='1420' height='286'\t\t\t\t\talt=\"https:\/\/files.sunoresearch.com.br\/n\/uploads\/2023\/03\/Ebook-Acoes-Desktop.jpg\"\n\t\t\t\t>\n\t\t\t<\/picture>\n\t\t<\/a>\n\t<\/p>\n\n\n\n\n\n<h2 class=\"wp-block-heading\">Nova empresa fruto da fus\u00e3o entre Arezzo (ARZZ3) e Grupo Soma (SOMA3) ser\u00e1 estruturada sem pressa, diz CEO<\/h2>\n\n\n\n<p>A empresa formada com a associa\u00e7\u00e3o da&nbsp;<strong>Arezzo<\/strong>&nbsp;(ARRZ3) e o&nbsp;<a href=\"https:\/\/www.suno.com.br\/acoes\/SOMA3\/\" target=\"_blank\" rel=\"noreferrer noopener\">Grupo Soma (SOMA3)<\/a>&nbsp;ser\u00e1 estruturada ao longo deste ano, sem pressa, segundo Alexandre Birman, da Arezzo e presidente-executivo da nova companhia. O cronograma da opera\u00e7\u00e3o prev\u00ea assembleias gerais extraordin\u00e1rias para a aprova\u00e7\u00f5es no primeiro semestre deste ano. A data limite definida foi o fim do primeiro semestre de 2025.<\/p>\n\n\n\n<p>Falando nas melhoras operacionais que a<strong>&nbsp;incorpora\u00e7\u00e3o da Soma pela Arezzo<\/strong>&nbsp;trar\u00e1, Birman citou a troca de experi\u00eancias nas gest\u00f5es de plantas industriais e canais de vendas. Um dos focos iniciais ser\u00e1 a expans\u00e3o da categoria cal\u00e7ados nas marcas Farm, Animale e&nbsp;<strong>Hering<\/strong>.<\/p>\n\n\n\n<p>Outro ponto ser\u00e1 a otimiza\u00e7\u00e3o de&nbsp;<strong>franquias Hering<\/strong>, al\u00e9m do desenvolvimento deste canal na Farm, de acordo com&nbsp;<strong>Birman<\/strong>. \u201cNos tornamos o maior agente de franquias do Brasil.\u201d<\/p>\n\n\n\n<p>A nova companhia vai ter quatro verticais. A de cal\u00e7ados e acess\u00f3rios femininos ficar\u00e1 sob o comando de Luciana Wodzik. Hering ser\u00e1 uma vertical independente, com Thiago Hering como presidente-executivo.<\/p>\n\n\n\n<p>Como j\u00e1 anunciado, Roberto Jatahy, do&nbsp;<em>Soma<\/em>, ser\u00e1 l\u00edder da vertical de vestu\u00e1rio feminino e&nbsp;<a target=\"_blank\" href=\"https:\/\/www.suno.com.br\/tudo-sobre\/rony-meisler\/\" rel=\"noreferrer noopener\">Rony Meisler<\/a>, de vestu\u00e1rio masculino.<\/p>\n\n\n\n<p>A nova marca deve ser apresentada nos pr\u00f3ximos quatro meses.<\/p>\n\n\n\n<p>Segundo Roberto Jatahy, a expans\u00e3o do mercado endere\u00e7\u00e1vel est\u00e1 nos&nbsp;<strong>planos da Arezzo e da Soma<\/strong>&nbsp;\u2013 \u201co sonho \u00e9 ser uma empresa global\u201d.<\/p>\n\n\n\n<p>Os executivos disseram que o novo grupo \u00e9 o maior da moda na Am\u00e9rica Latina. S\u00e3o 34 marcas, com 2.057 lojas, sendo 1.520 franquias.<\/p>\n\n\n\n<h2 class=\"wp-block-heading\">TIM (TIMS3): analistas preveem desempenho s\u00f3lido no 4T23 e elevam o pre\u00e7o-alvo: \u201cReceita superior \u00e0 infla\u00e7\u00e3o\u201d<\/h2>\n\n\n\n<p>A Genial Investimentos projeta um desempenho s\u00f3lido da&nbsp;<strong>TIM<\/strong>&nbsp;(TIMS3) no quarto trimestre de 2023 (4T23), reiterando recomenda\u00e7\u00e3o de compra para as a\u00e7\u00f5es. A Research tamb\u00e9m elevou o&nbsp; pre\u00e7o-alvo de R$ 18,00 para R$ 21,00, ante os R$ 17,80 da cota\u00e7\u00e3o atual.<\/p>\n\n\n\n<p>\u201cAntecipamos um<strong>&nbsp;desempenho s\u00f3lido da TIM<\/strong>, com um crescimento de receita superior \u00e0 infla\u00e7\u00e3o, impulsionado pelo ajuste de pre\u00e7os tanto no segmento pr\u00e9-pago quanto p\u00f3s-pago\u201d, diz a Genial.<\/p>\n\n\n\n<p>A previs\u00e3o \u00e9 de que o crescimento na&nbsp;<strong>receita da TIM<\/strong>&nbsp;atinja 6,3% ao ano, enquanto o IPCA&nbsp;foi de 4,7%. Um dos destaques \u00e9 o&nbsp;<strong>segmento m\u00f3vel da TIM<\/strong>, sendo projetado um crescimento anual de 6,5%, impulsionado pelo reajuste de pre\u00e7os no p\u00f3s-pago no trimestre anterior e o aumento no pr\u00e9-pago de R$ 15 para R$ 17.&nbsp;<\/p>\n\n\n\n<p>\u201cApesar do aumento nos pre\u00e7os, nossa expectativa \u00e9 de que o churn permane\u00e7a baixo, beneficiado por um ambiente competitivo mais robusto ap\u00f3s a conclus\u00e3o da aquisi\u00e7\u00e3o da Oi M\u00f3vel (OIBR3). No setor de servi\u00e7os fixos, prevemos um crescimento de 6,3% a\/a, em linha com o desempenho do trimestre anterior\u201d, explica a Genial.<\/p>\n\n\n\n<p>A casa tamb\u00e9m estima um Ebitda (Lucro antes de juros, impostos,&nbsp;<a href=\"https:\/\/www.suno.com.br\/artigos\/depreciacao-amortizacao\/\" target=\"_blank\" rel=\"noreferrer noopener\">deprecia\u00e7\u00e3o e amortiza\u00e7\u00e3o<\/a>) de R$ 3,1 bilh\u00f5es (crescimento de 7,2% a\/a) e um&nbsp;<a href=\"https:\/\/www.suno.com.br\/artigos\/lucro-liquido\/\" target=\"_blank\" rel=\"noreferrer noopener\">lucro l\u00edquido<\/a>&nbsp;de R$ 844 milh\u00f5es (aumento de 43,1% a\/a). \u201cAl\u00e9m disso, a companhia continuar\u00e1 a colher os frutos do t\u00e9rmino do TSA na compara\u00e7\u00e3o anual, o qual foi conclu\u00eddo em abril. Outro fator positivo que impactar\u00e1 ambas as linhas \u00e9 a devolu\u00e7\u00e3o de 50% do valor retido proveniente da aquisi\u00e7\u00e3o da Oi M\u00f3vel, totalizando cerca de R$ 300 milh\u00f5es.\u201d<\/p>\n\n\n\n<p>Os analistas ainda acreditam que a TIM mantenha um crescimento acima da infla\u00e7\u00e3o em 2024, uma tend\u00eancia que persiste desde a&nbsp;<strong>aquisi\u00e7\u00e3o da Oi M\u00f3vel<\/strong>. Al\u00e9m disso, um aumento nos pre\u00e7os no primeiro semestre de 2024 devido ao repasse do ICMS.<\/p>\n\n\n\n<h2 class=\"wp-block-heading\">Arezzo (ARZZ3) e Grupo Soma (SOMA3): banco v\u00ea fus\u00e3o positiva e eleva pre\u00e7os-alvo das a\u00e7\u00f5es, com valoriza\u00e7\u00e3o acima de 30%<\/h2>\n\n\n\n<p>A&nbsp;<strong>Arezzo&nbsp;<\/strong>(ARZZ3) e o&nbsp;<a href=\"https:\/\/www.suno.com.br\/acoes\/SOMA3\/\" target=\"_blank\" rel=\"noreferrer noopener\">Grupo Soma (SOMA3)<\/a>&nbsp;confirmaram, na manh\u00e3 desta segunda-feira (05), o acordo para fus\u00e3o entre as duas companhias. Segundo o Goldman Sachs, o movimento \u00e9 positivo e cria valor para os acionistas de ambas as empresas, pois as sinergias devem ser relevantes. Dessa forma, o banco recomenda compra para os dois pap\u00e9is.&nbsp;<\/p>\n\n\n\n<p>\u201cConsequentemente, esperamos que a transa\u00e7\u00e3o seja aprovada pelos acionistas minorit\u00e1rios de ambas as empresas\u201d, diz o Sachs.&nbsp;<\/p>\n\n\n\n<p>Ap\u00f3s a fus\u00e3o, os<strong>&nbsp;acionistas do Grupo Soma&nbsp;<\/strong>receber\u00e3o, para cada a\u00e7\u00e3o ordin\u00e1ria de emiss\u00e3o do Grupo Soma, 0,120446593048 novas&nbsp;<a href=\"https:\/\/www.suno.com.br\/artigos\/o-que-sao-acoes-ordinarias-preferenciais-e-units\/\" target=\"_blank\" rel=\"noreferrer noopener\">a\u00e7\u00f5es ordin\u00e1rias<\/a>&nbsp;de emiss\u00e3o da Arezzo.&nbsp;<\/p>\n\n\n\n<p>Considerando isso, os novos pre\u00e7os-alvo do Goldman Sachs s\u00e3o: R$83,7 para as a\u00e7\u00f5es Arezzo e R$10,1 para os pap\u00e9is do Grupo Soma. A casa elevou a recomenda\u00e7\u00e3o da Arezzo de neutra para compra, em linha com o potencial de valoriza\u00e7\u00e3o de 33% nos pap\u00e9is, enquanto as&nbsp;<strong>a\u00e7\u00f5es do Soma&nbsp;<\/strong>seguem com recomenda\u00e7\u00e3o de compra.<\/p>\n\n\n\n<p>Sobre a aprova\u00e7\u00e3o da fus\u00e3o no<strong>&nbsp;Conselho Administrativo de Defesa Econ\u00f4mica (Cade)<\/strong>, os analistas do Sachs acreditam que n\u00e3o haver\u00e1 problemas, uma vez que a sobreposi\u00e7\u00e3o de categorias entre as marcas das empresas \u00e9 bastante limitada.<\/p>\n\n\n\n<h2 class=\"wp-block-heading\">Petrobras (PETR4) deve pagar dividendos extraordin\u00e1rios no curto prazo, diz Genial<\/h2>\n\n\n\n<p>Em novo relat\u00f3rio sobre sua carteira de&nbsp;<a href=\"https:\/\/www.suno.com.br\/guias\/dividendos\/\" target=\"_blank\" rel=\"noreferrer noopener\">dividendos<\/a>&nbsp;recomendada, analistas da Genial Investimentos aumentaram exposi\u00e7\u00e3o \u00e0&nbsp;<a href=\"https:\/\/www.suno.com.br\/acoes\/PETR4\/\" target=\"_blank\" rel=\"noreferrer noopener\"><strong>Petrobras<\/strong>&nbsp;(PETR4)<\/a>. A justificativa foi de que a petroleira deve pagar dividendos extraordin\u00e1rios no&nbsp;<a href=\"https:\/\/www.suno.com.br\/artigos\/curto-prazo\/\" target=\"_blank\" rel=\"noreferrer noopener\">curto prazo<\/a>.<\/p>\n\n\n\n<p>A exposi\u00e7\u00e3o \u00e0s&nbsp;<strong>a\u00e7\u00f5es da Petrobras<\/strong>&nbsp;aumentou de 7% para 12% na&nbsp;<strong>carteira recomendada da Genial<\/strong>.<\/p>\n\n\n\n<p>Os analistas alteraram puramente o peso dos pap\u00e9is recomendados visando&nbsp;<strong>dividendos<\/strong>, sem alterar nenhuma posi\u00e7\u00e3o.<\/p>\n\n\n\n<p>A maior posi\u00e7\u00e3o segue sendo as&nbsp;<a href=\"https:\/\/www.suno.com.br\/artigos\/o-que-sao-acoes-ordinarias-preferenciais-e-units\/\" target=\"_blank\" rel=\"noreferrer noopener\">a\u00e7\u00f5es ordin\u00e1rias<\/a>&nbsp;do&nbsp;<a href=\"https:\/\/www.suno.com.br\/acoes\/ITUB3\/\" target=\"_blank\" rel=\"noreferrer noopener\">Ita\u00fa (ITUB3)<\/a>, que tem peso de 14%.<\/p>\n\n\n\n<h3 class=\"wp-block-heading\">Carteira de dividendos da Genial<\/h3>\n\n\n\n<ul class=\"wp-block-list\">\n<li>ITUB3: 14%<\/li>\n\n\n\n<li>PETR4: 12%<\/li>\n\n\n\n<li>ELET3: 12%<\/li>\n\n\n\n<li>BBAS3: 11%<\/li>\n\n\n\n<li>BBSE3: 10%<\/li>\n\n\n\n<li>B3SA3: 9%<\/li>\n\n\n\n<li>JBSS3: 9%<\/li>\n\n\n\n<li>VALE3: 9%<\/li>\n\n\n\n<li>AURE3: 6%<\/li>\n\n\n\n<li>VIVT3: 4%<\/li>\n\n\n\n<li>TAEE11: 4%<\/li>\n<\/ul>\n\n\n\n<p>\u201cO aumento no peso de Petrobras em nossa carteira reflete uma vis\u00e3o otimista sobre o potencial da empresa pagar&nbsp;<a target=\"_blank\" href=\"https:\/\/www.suno.com.br\/guias\/dividendos\/\" rel=\"noreferrer noopener\">dividendos<\/a>&nbsp;extraordin\u00e1rios de at\u00e9 US$ 7 bilh\u00f5es no&nbsp;<a target=\"_blank\" href=\"https:\/\/www.suno.com.br\/artigos\/curto-prazo\/\" rel=\"noreferrer noopener\">curto prazo<\/a>. Esta expectativa \u00e9 suportada por um robusto&nbsp;<a target=\"_blank\" href=\"https:\/\/www.suno.com.br\/artigos\/fluxo-caixa-livre\/\" rel=\"noreferrer noopener\">fluxo de caixa livre<\/a>\u201c, observa a Genial.<\/p>\n\n\n\n<p>\u201cCom o brent em n\u00edveis est\u00e1veis durante o trimestre, variando entre US$70-85\/barril, a companhia conseguiu apresentar bons n\u00edveis de vendas, com patamar de produ\u00e7\u00e3o recorde. Isso, aliado aos pre\u00e7os elevados que observamos no trimestre para o barril de petr\u00f3leo, dever\u00e1 resultar em uma expressiva&nbsp;<a href=\"https:\/\/www.suno.com.br\/artigos\/geracao-de-caixa\/\" target=\"_blank\" rel=\"noreferrer noopener\">gera\u00e7\u00e3o de caixa<\/a>&nbsp;no trimestre\u201d, segue.<\/p>\n\n\n\n<p>Os analistas ainda acrescentam que a recente certifica\u00e7\u00e3o de<strong>&nbsp;reservas da Petrobras<\/strong>&nbsp;para 2023, realizada pela DeGolyer &amp; MacNaughton, revelou um incremento l\u00edquido de aproximadamente 500 milh\u00f5es de barris equivalentes em reservas provadas.<\/p>\n\n\n\n<p>Esse volume representa um crescimento de 4% ante igual etapa do ano anterior, e para os especialistas da casa \u201csublinha o potencial sustentado de gera\u00e7\u00e3o de valor para os acionistas de&nbsp;<strong>PETR4<\/strong>\u201c.<\/p>\n\n\n\n<p>\u201cA rela\u00e7\u00e3o Reservas Provadas\/Produ\u00e7\u00e3o de 12,2 anos indica um horizonte produtivo extenso, embora reitere a import\u00e2ncia de investimentos cont\u00ednuos no segmento de Explora\u00e7\u00e3o &amp; Produ\u00e7\u00e3o para manter ou expandir a produ\u00e7\u00e3o atual. O n\u00edvel de investimento atual em E&amp;P, aproximadamente US$ 73 bilh\u00f5es, parece adequado\u201d, conclui a Genial.<\/p>\n\n\n\n<p>Do Ita\u00fa \u00e0 Cielo, essas foram as empresas que se destacaram hoje. Para ler todas as mat\u00e9rias&nbsp;<strong><a href=\"https:\/\/www.suno.com.br\/noticias\/todos\/?utm_content=XYOE2ItQuUY.20201113&amp;utm_campaign=Track%2B&amp;utm_medium=video&amp;utm_source=telegram.sunoresearch\" target=\"_blank\" rel=\"noreferrer noopener\">clique aqui<\/a><\/strong>.<a href=\"https:\/\/lp.suno.com.br\/planilha-da-vida-financeira\/\" target=\"_blank\" rel=\"noreferrer noopener\"><\/a><a href=\"https:\/\/lp.suno.com.br\/cl\/webinario-suno-black-2024\/\" target=\"_blank\" rel=\"noreferrer noopener\"><\/a><a href=\"https:\/\/lp.suno.com.br\/planilha-da-vida-financeira\/\" target=\"_blank\" rel=\"noreferrer noopener\"><\/a><a href=\"https:\/\/lp.suno.com.br\/planilha-da-vida-financeira\/\" target=\"_blank\" rel=\"noreferrer noopener\"><\/a><a href=\"https:\/\/lp.suno.com.br\/planilha-da-vida-financeira\/\" target=\"_blank\" rel=\"noreferrer noopener\"><\/a><a href=\"https:\/\/lp.suno.com.br\/planilha-da-vida-financeira\/\" target=\"_blank\" rel=\"noreferrer noopener\"><\/a><a href=\"https:\/\/lp.suno.com.br\/planilha-da-vida-financeira\/\" target=\"_blank\" rel=\"noreferrer noopener\"><\/a><a href=\"https:\/\/lp.suno.com.br\/planilha-da-vida-financeira\/\" target=\"_blank\" rel=\"noreferrer noopener\"><\/a><a href=\"https:\/\/lp.suno.com.br\/planilha-da-vida-financeira\/\" target=\"_blank\" rel=\"noreferrer noopener\"><\/a><a href=\"https:\/\/lp.suno.com.br\/planilha-da-vida-financeira\/\" target=\"_blank\" rel=\"noreferrer noopener\"><\/a><a href=\"https:\/\/lp.suno.com.br\/planilha-da-vida-financeira\/\" target=\"_blank\" rel=\"noreferrer noopener\"><\/a><a href=\"https:\/\/lp.suno.com.br\/planilha-da-vida-financeira\/\" target=\"_blank\" rel=\"noreferrer noopener\"><\/a><\/p>\n\n\n\t<p>\n\t\t<a href=\"https:\/\/lp.suno.com.br\/planilha-da-vida-financeira\/\" target=\"_blank\" data-element=\"shortcode-suno-banner\" title=\"Banner SUNO, clique e saiba mais\">\n\t\t\t<picture>\n\t\t\t\t<source media=\"(max-width: 500px)\" srcset=\"https:\/\/files.sunoresearch.com.br\/n\/uploads\/2023\/04\/400x300-Planilha-vida-financeira-true.png\">\n\t\t\t\t<img class=\"newsContent__article__imgCapa newsContent__article__imgCapa--banner\"\n\t\t\t\t\tsrc=\"https:\/\/files.sunoresearch.com.br\/n\/uploads\/2023\/04\/1420x240-Planilha-vida-financeira-true.png\"\n\t\t\t\t\tdata-promo-id=\"383123\"\t\t\t\t\t\t\t\t\t\twidth='1420' height='240'\t\t\t\t\talt=\"https:\/\/files.sunoresearch.com.br\/n\/uploads\/2023\/04\/1420x240-Planilha-vida-financeira-true.png\"\n\t\t\t\t>\n\t\t\t<\/picture>\n\t\t<\/a>\n\t<\/p>\n\n\n","protected":false},"excerpt":{"rendered":"<p>O&nbsp;conselho de administra\u00e7\u00e3o&nbsp;do&nbsp;Ita\u00fa&nbsp;(ITUB4)&nbsp;anunciou um novo pagamento de&nbsp;dividendos, no valor de R$ 1,125125 por a\u00e7\u00e3o. O banco divulgou tamb\u00e9m a data do pagamento dos&nbsp;juros sobre capital pr\u00f3prio&nbsp;(JCP) j\u00e1 anunciados. Os dividendos somam um montante de R$ 11 bilh\u00f5es. Ita\u00fa (ITUB4). Foto: Ag\u00eancia Brasil. Os novos&nbsp;dividendos do Ita\u00fa&nbsp;t\u00eam como refer\u00eancia o exerc\u00edcio de 2023, sendo distribu\u00eddos de [&hellip;]<\/p>\n","protected":false},"author":227,"featured_media":406439,"comment_status":"closed","ping_status":"closed","sticky":false,"template":"","format":"standard","meta":[],"categories":[64],"tags":[362,732,392,423,2686,519,574,595,663],"suno_strategy":[],"class_list":["post-520265","post","type-post","status-publish","format-standard","has-post-thumbnail","hentry","category-negocios","tag-arezzo-arzz3","tag-banco-do-brasil-bbas3","tag-bradesco-bbdc3-bbdc4","tag-cielo-ciel3","tag-grupo-soma-soma3","tag-itau-unibanco-itub3-itub4","tag-natura-ntco3","tag-petrobras-petr4","tag-tim-tims3"],"yoast_head":"<!-- This site is optimized with the Yoast SEO plugin v24.4 - https:\/\/yoast.com\/wordpress\/plugins\/seo\/ -->\n<title>Radar: Ita\u00fa (ITUB4)\u00a0pagar\u00e1 dividendos bilion\u00e1rios, Natura (NTCO3) avalia separa\u00e7\u00e3o da Avon e bancos far\u00e3o oferta de a\u00e7\u00f5es da Cielo (CIEL3) para deixar Bolsa<\/title>\n<meta name=\"description\" content=\"Ita\u00fa (ITUB4)\u00a0pagar\u00e1 dividendos milion\u00e1rios, Natura (NTCO3) avalia separa\u00e7\u00e3o da Avon e bancos far\u00e3o oferta de a\u00e7\u00f5es da Cielo (CIEL3) para deixar Bolsa\" \/>\n<meta name=\"robots\" content=\"index, follow, max-snippet:-1, max-image-preview:large, max-video-preview:-1\" \/>\n<link rel=\"canonical\" href=\"https:\/\/www.suno.com.br\/noticias\/radar-itau-itub4-natura-ntco3-cielo-ciel3\/\" \/>\n<meta property=\"og:locale\" content=\"pt_BR\" \/>\n<meta property=\"og:type\" content=\"article\" \/>\n<meta property=\"og:title\" content=\"Radar: Ita\u00fa (ITUB4)\u00a0pagar\u00e1 dividendos bilion\u00e1rios, Natura (NTCO3) avalia separa\u00e7\u00e3o da Avon e bancos far\u00e3o oferta de a\u00e7\u00f5es da Cielo (CIEL3) para deixar Bolsa\" \/>\n<meta property=\"og:description\" content=\"Ita\u00fa (ITUB4)\u00a0pagar\u00e1 dividendos milion\u00e1rios, Natura (NTCO3) avalia separa\u00e7\u00e3o da Avon e bancos far\u00e3o oferta de a\u00e7\u00f5es da Cielo (CIEL3) para deixar Bolsa\" \/>\n<meta property=\"og:url\" content=\"https:\/\/www.suno.com.br\/noticias\/radar-itau-itub4-natura-ntco3-cielo-ciel3\/\" \/>\n<meta property=\"og:site_name\" content=\"Suno Not\u00edcias\" \/>\n<meta property=\"article:publisher\" content=\"https:\/\/facebook.com\/sunoresearch\" \/>\n<meta property=\"og:image\" content=\"https:\/\/files.sunoresearch.com.br\/n\/uploads\/2023\/05\/itau-unibanco-itub4.jpg\" \/>\n\t<meta property=\"og:image:width\" content=\"1200\" \/>\n\t<meta property=\"og:image:height\" content=\"800\" \/>\n\t<meta property=\"og:image:type\" content=\"image\/jpeg\" \/>\n<meta name=\"author\" content=\"Vanessa Loiola\" \/>\n<meta name=\"twitter:card\" content=\"summary_large_image\" \/>\n<meta name=\"twitter:creator\" content=\"@sunoresearch\" \/>\n<meta name=\"twitter:site\" content=\"@sunoresearch\" \/>\n<meta name=\"twitter:label1\" content=\"Escrito por\" \/>\n\t<meta name=\"twitter:data1\" content=\"Vanessa Loiola\" \/>\n\t<meta name=\"twitter:label2\" content=\"Est. tempo de leitura\" \/>\n\t<meta name=\"twitter:data2\" content=\"16 minutos\" \/>\n<script type=\"application\/ld+json\" class=\"yoast-schema-graph\">{\"@context\":\"https:\/\/schema.org\",\"@graph\":[{\"@type\":\"NewsArticle\",\"@id\":\"https:\/\/www.suno.com.br\/noticias\/radar-itau-itub4-natura-ntco3-cielo-ciel3\/#article\",\"isPartOf\":{\"@id\":\"https:\/\/www.suno.com.br\/noticias\/radar-itau-itub4-natura-ntco3-cielo-ciel3\/\"},\"author\":{\"name\":\"Vanessa Loiola\",\"@id\":\"https:\/\/www.suno.com.br\/noticias\/#\/schema\/person\/450c455ecff319bab1f1a0e643451479\"},\"headline\":\"Radar: Ita\u00fa (ITUB4)\u00a0pagar\u00e1 dividendos bilion\u00e1rios, Natura (NTCO3) avalia separa\u00e7\u00e3o da Avon e bancos far\u00e3o oferta de a\u00e7\u00f5es da Cielo (CIEL3) para deixar Bolsa\",\"datePublished\":\"2024-02-06T02:26:19+00:00\",\"dateModified\":\"2024-02-06T02:26:39+00:00\",\"mainEntityOfPage\":{\"@id\":\"https:\/\/www.suno.com.br\/noticias\/radar-itau-itub4-natura-ntco3-cielo-ciel3\/\"},\"wordCount\":3147,\"publisher\":{\"@id\":\"https:\/\/www.suno.com.br\/noticias\/#organization\"},\"image\":{\"@id\":\"https:\/\/www.suno.com.br\/noticias\/radar-itau-itub4-natura-ntco3-cielo-ciel3\/#primaryimage\"},\"thumbnailUrl\":\"https:\/\/files.sunoresearch.com.br\/n\/uploads\/2023\/05\/itau-unibanco-itub4.jpg\",\"keywords\":[\"Arezzo (ARZZ3)\",\"Banco do Brasil (BBAS3)\",\"Bradesco (BBDC3\/BBDC4)\",\"Cielo (CIEL3)\",\"Grupo Soma (SOMA3)\",\"Ita\u00fa Unibanco (ITUB3\/ITUB4)\",\"Natura (NTCO3)\",\"Petrobras (PETR4)\",\"TIM (TIMS3)\"],\"articleSection\":[\"Neg\u00f3cios\"],\"inLanguage\":\"pt-BR\"},{\"@type\":\"WebPage\",\"@id\":\"https:\/\/www.suno.com.br\/noticias\/radar-itau-itub4-natura-ntco3-cielo-ciel3\/\",\"url\":\"https:\/\/www.suno.com.br\/noticias\/radar-itau-itub4-natura-ntco3-cielo-ciel3\/\",\"name\":\"Radar: Ita\u00fa (ITUB4)\u00a0pagar\u00e1 dividendos bilion\u00e1rios, Natura (NTCO3) avalia separa\u00e7\u00e3o da Avon e bancos far\u00e3o oferta de a\u00e7\u00f5es da Cielo (CIEL3) para deixar Bolsa\",\"isPartOf\":{\"@id\":\"https:\/\/www.suno.com.br\/noticias\/#website\"},\"primaryImageOfPage\":{\"@id\":\"https:\/\/www.suno.com.br\/noticias\/radar-itau-itub4-natura-ntco3-cielo-ciel3\/#primaryimage\"},\"image\":{\"@id\":\"https:\/\/www.suno.com.br\/noticias\/radar-itau-itub4-natura-ntco3-cielo-ciel3\/#primaryimage\"},\"thumbnailUrl\":\"https:\/\/files.sunoresearch.com.br\/n\/uploads\/2023\/05\/itau-unibanco-itub4.jpg\",\"datePublished\":\"2024-02-06T02:26:19+00:00\",\"dateModified\":\"2024-02-06T02:26:39+00:00\",\"description\":\"Ita\u00fa (ITUB4)\u00a0pagar\u00e1 dividendos milion\u00e1rios, Natura (NTCO3) avalia separa\u00e7\u00e3o da Avon e bancos far\u00e3o oferta de a\u00e7\u00f5es da Cielo (CIEL3) para deixar Bolsa\",\"breadcrumb\":{\"@id\":\"https:\/\/www.suno.com.br\/noticias\/radar-itau-itub4-natura-ntco3-cielo-ciel3\/#breadcrumb\"},\"inLanguage\":\"pt-BR\",\"potentialAction\":[{\"@type\":\"ReadAction\",\"target\":[\"https:\/\/www.suno.com.br\/noticias\/radar-itau-itub4-natura-ntco3-cielo-ciel3\/\"]}]},{\"@type\":\"ImageObject\",\"inLanguage\":\"pt-BR\",\"@id\":\"https:\/\/www.suno.com.br\/noticias\/radar-itau-itub4-natura-ntco3-cielo-ciel3\/#primaryimage\",\"url\":\"https:\/\/files.sunoresearch.com.br\/n\/uploads\/2023\/05\/itau-unibanco-itub4.jpg\",\"contentUrl\":\"https:\/\/files.sunoresearch.com.br\/n\/uploads\/2023\/05\/itau-unibanco-itub4.jpg\",\"width\":1200,\"height\":800,\"caption\":\"Ita\u00fa (ITUB4). Foto: Ag\u00eancia Brasil.\"},{\"@type\":\"BreadcrumbList\",\"@id\":\"https:\/\/www.suno.com.br\/noticias\/radar-itau-itub4-natura-ntco3-cielo-ciel3\/#breadcrumb\",\"itemListElement\":[{\"@type\":\"ListItem\",\"position\":1,\"name\":\"Not\u00edcias\",\"item\":\"https:\/\/www.suno.com.br\/noticias\/\"},{\"@type\":\"ListItem\",\"position\":2,\"name\":\"Neg\u00f3cios\",\"item\":\"https:\/\/www.suno.com.br\/noticias\/negocios\/\"},{\"@type\":\"ListItem\",\"position\":3,\"name\":\"Radar: Ita\u00fa (ITUB4)\u00a0pagar\u00e1 dividendos bilion\u00e1rios, Natura (NTCO3) avalia separa\u00e7\u00e3o da Avon e bancos far\u00e3o oferta de a\u00e7\u00f5es da Cielo (CIEL3) para deixar Bolsa\"}]},{\"@type\":\"WebSite\",\"@id\":\"https:\/\/www.suno.com.br\/noticias\/#website\",\"url\":\"https:\/\/www.suno.com.br\/noticias\/\",\"name\":\"Suno Not\u00edcias\",\"description\":\"Seu portal de informa\u00e7\u00e3o sobre o mundo dos investimentos\",\"publisher\":{\"@id\":\"https:\/\/www.suno.com.br\/noticias\/#organization\"},\"potentialAction\":[{\"@type\":\"SearchAction\",\"target\":{\"@type\":\"EntryPoint\",\"urlTemplate\":\"https:\/\/www.suno.com.br\/noticias\/?s={search_term_string}\"},\"query-input\":{\"@type\":\"PropertyValueSpecification\",\"valueRequired\":true,\"valueName\":\"search_term_string\"}}],\"inLanguage\":\"pt-BR\"},{\"@type\":\"Organization\",\"@id\":\"https:\/\/www.suno.com.br\/noticias\/#organization\",\"name\":\"Suno Not\u00edcias\",\"url\":\"https:\/\/www.suno.com.br\/noticias\/\",\"logo\":{\"@type\":\"ImageObject\",\"inLanguage\":\"pt-BR\",\"@id\":\"https:\/\/www.suno.com.br\/noticias\/#\/schema\/logo\/image\/\",\"url\":\"https:\/\/files.sunoresearch.com.br\/n\/uploads\/2021\/09\/suno-logo.png\",\"contentUrl\":\"https:\/\/files.sunoresearch.com.br\/n\/uploads\/2021\/09\/suno-logo.png\",\"width\":180,\"height\":180,\"caption\":\"Suno Not\u00edcias\"},\"image\":{\"@id\":\"https:\/\/www.suno.com.br\/noticias\/#\/schema\/logo\/image\/\"},\"sameAs\":[\"https:\/\/facebook.com\/sunoresearch\",\"https:\/\/x.com\/sunoresearch\",\"https:\/\/www.instagram.com\/suno\",\"https:\/\/www.linkedin.com\/company\/suno-research\/\",\"https:\/\/www.youtube.com\/c\/sunoresearch\"]},{\"@type\":\"Person\",\"@id\":\"https:\/\/www.suno.com.br\/noticias\/#\/schema\/person\/450c455ecff319bab1f1a0e643451479\",\"name\":\"Vanessa Loiola\",\"image\":{\"@type\":\"ImageObject\",\"inLanguage\":\"pt-BR\",\"@id\":\"https:\/\/www.suno.com.br\/noticias\/#\/schema\/person\/image\/\",\"url\":\"https:\/\/secure.gravatar.com\/avatar\/8b41117f9780831919eb38da349c3f20?s=96&r=g\",\"contentUrl\":\"https:\/\/secure.gravatar.com\/avatar\/8b41117f9780831919eb38da349c3f20?s=96&r=g\",\"caption\":\"Vanessa Loiola\"},\"description\":\"Jornalista formada pela PUC-SP, com experi\u00eancia na cobertura das editorias de economia, finan\u00e7as, bolsa de valores, pol\u00edtica, energia solar e entretenimento. Com passagem pela BM&amp;C News e RedeTV!\",\"url\":\"https:\/\/www.suno.com.br\/noticias\/author\/vanessal-loiolagmail-com\/\"}]}<\/script>\n<!-- \/ Yoast SEO plugin. -->","yoast_head_json":{"title":"Radar: Ita\u00fa (ITUB4)\u00a0pagar\u00e1 dividendos bilion\u00e1rios, Natura (NTCO3) avalia separa\u00e7\u00e3o da Avon e bancos far\u00e3o oferta de a\u00e7\u00f5es da Cielo (CIEL3) para deixar Bolsa","description":"Ita\u00fa (ITUB4)\u00a0pagar\u00e1 dividendos milion\u00e1rios, Natura (NTCO3) avalia separa\u00e7\u00e3o da Avon e bancos far\u00e3o oferta de a\u00e7\u00f5es da Cielo (CIEL3) para deixar Bolsa","robots":{"index":"index","follow":"follow","max-snippet":"max-snippet:-1","max-image-preview":"max-image-preview:large","max-video-preview":"max-video-preview:-1"},"canonical":"https:\/\/www.suno.com.br\/noticias\/radar-itau-itub4-natura-ntco3-cielo-ciel3\/","og_locale":"pt_BR","og_type":"article","og_title":"Radar: Ita\u00fa (ITUB4)\u00a0pagar\u00e1 dividendos bilion\u00e1rios, Natura (NTCO3) avalia separa\u00e7\u00e3o da Avon e bancos far\u00e3o oferta de a\u00e7\u00f5es da Cielo (CIEL3) para deixar Bolsa","og_description":"Ita\u00fa (ITUB4)\u00a0pagar\u00e1 dividendos milion\u00e1rios, Natura (NTCO3) avalia separa\u00e7\u00e3o da Avon e bancos far\u00e3o oferta de a\u00e7\u00f5es da Cielo (CIEL3) para deixar Bolsa","og_url":"https:\/\/www.suno.com.br\/noticias\/radar-itau-itub4-natura-ntco3-cielo-ciel3\/","og_site_name":"Suno Not\u00edcias","article_publisher":"https:\/\/facebook.com\/sunoresearch","og_image":[{"width":1200,"height":800,"url":"https:\/\/files.sunoresearch.com.br\/n\/uploads\/2023\/05\/itau-unibanco-itub4.jpg","type":"image\/jpeg"}],"author":"Vanessa Loiola","twitter_card":"summary_large_image","twitter_creator":"@sunoresearch","twitter_site":"@sunoresearch","twitter_misc":{"Escrito por":"Vanessa Loiola","Est. tempo de leitura":"16 minutos"},"schema":{"@context":"https:\/\/schema.org","@graph":[{"@type":"NewsArticle","@id":"https:\/\/www.suno.com.br\/noticias\/radar-itau-itub4-natura-ntco3-cielo-ciel3\/#article","isPartOf":{"@id":"https:\/\/www.suno.com.br\/noticias\/radar-itau-itub4-natura-ntco3-cielo-ciel3\/"},"author":{"name":"Vanessa Loiola","@id":"https:\/\/www.suno.com.br\/noticias\/#\/schema\/person\/450c455ecff319bab1f1a0e643451479"},"headline":"Radar: Ita\u00fa (ITUB4)\u00a0pagar\u00e1 dividendos bilion\u00e1rios, Natura (NTCO3) avalia separa\u00e7\u00e3o da Avon e bancos far\u00e3o oferta de a\u00e7\u00f5es da Cielo (CIEL3) para deixar Bolsa","datePublished":"2024-02-06T02:26:19+00:00","dateModified":"2024-02-06T02:26:39+00:00","mainEntityOfPage":{"@id":"https:\/\/www.suno.com.br\/noticias\/radar-itau-itub4-natura-ntco3-cielo-ciel3\/"},"wordCount":3147,"publisher":{"@id":"https:\/\/www.suno.com.br\/noticias\/#organization"},"image":{"@id":"https:\/\/www.suno.com.br\/noticias\/radar-itau-itub4-natura-ntco3-cielo-ciel3\/#primaryimage"},"thumbnailUrl":"https:\/\/files.sunoresearch.com.br\/n\/uploads\/2023\/05\/itau-unibanco-itub4.jpg","keywords":["Arezzo (ARZZ3)","Banco do Brasil (BBAS3)","Bradesco (BBDC3\/BBDC4)","Cielo (CIEL3)","Grupo Soma (SOMA3)","Ita\u00fa Unibanco (ITUB3\/ITUB4)","Natura (NTCO3)","Petrobras (PETR4)","TIM (TIMS3)"],"articleSection":["Neg\u00f3cios"],"inLanguage":"pt-BR"},{"@type":"WebPage","@id":"https:\/\/www.suno.com.br\/noticias\/radar-itau-itub4-natura-ntco3-cielo-ciel3\/","url":"https:\/\/www.suno.com.br\/noticias\/radar-itau-itub4-natura-ntco3-cielo-ciel3\/","name":"Radar: Ita\u00fa (ITUB4)\u00a0pagar\u00e1 dividendos bilion\u00e1rios, Natura (NTCO3) avalia separa\u00e7\u00e3o da Avon e bancos far\u00e3o oferta de a\u00e7\u00f5es da Cielo (CIEL3) para deixar Bolsa","isPartOf":{"@id":"https:\/\/www.suno.com.br\/noticias\/#website"},"primaryImageOfPage":{"@id":"https:\/\/www.suno.com.br\/noticias\/radar-itau-itub4-natura-ntco3-cielo-ciel3\/#primaryimage"},"image":{"@id":"https:\/\/www.suno.com.br\/noticias\/radar-itau-itub4-natura-ntco3-cielo-ciel3\/#primaryimage"},"thumbnailUrl":"https:\/\/files.sunoresearch.com.br\/n\/uploads\/2023\/05\/itau-unibanco-itub4.jpg","datePublished":"2024-02-06T02:26:19+00:00","dateModified":"2024-02-06T02:26:39+00:00","description":"Ita\u00fa (ITUB4)\u00a0pagar\u00e1 dividendos milion\u00e1rios, Natura (NTCO3) avalia separa\u00e7\u00e3o da Avon e bancos far\u00e3o oferta de a\u00e7\u00f5es da Cielo (CIEL3) para deixar Bolsa","breadcrumb":{"@id":"https:\/\/www.suno.com.br\/noticias\/radar-itau-itub4-natura-ntco3-cielo-ciel3\/#breadcrumb"},"inLanguage":"pt-BR","potentialAction":[{"@type":"ReadAction","target":["https:\/\/www.suno.com.br\/noticias\/radar-itau-itub4-natura-ntco3-cielo-ciel3\/"]}]},{"@type":"ImageObject","inLanguage":"pt-BR","@id":"https:\/\/www.suno.com.br\/noticias\/radar-itau-itub4-natura-ntco3-cielo-ciel3\/#primaryimage","url":"https:\/\/files.sunoresearch.com.br\/n\/uploads\/2023\/05\/itau-unibanco-itub4.jpg","contentUrl":"https:\/\/files.sunoresearch.com.br\/n\/uploads\/2023\/05\/itau-unibanco-itub4.jpg","width":1200,"height":800,"caption":"Ita\u00fa (ITUB4). Foto: Ag\u00eancia Brasil."},{"@type":"BreadcrumbList","@id":"https:\/\/www.suno.com.br\/noticias\/radar-itau-itub4-natura-ntco3-cielo-ciel3\/#breadcrumb","itemListElement":[{"@type":"ListItem","position":1,"name":"Not\u00edcias","item":"https:\/\/www.suno.com.br\/noticias\/"},{"@type":"ListItem","position":2,"name":"Neg\u00f3cios","item":"https:\/\/www.suno.com.br\/noticias\/negocios\/"},{"@type":"ListItem","position":3,"name":"Radar: Ita\u00fa (ITUB4)\u00a0pagar\u00e1 dividendos bilion\u00e1rios, Natura (NTCO3) avalia separa\u00e7\u00e3o da Avon e bancos far\u00e3o oferta de a\u00e7\u00f5es da Cielo (CIEL3) para deixar Bolsa"}]},{"@type":"WebSite","@id":"https:\/\/www.suno.com.br\/noticias\/#website","url":"https:\/\/www.suno.com.br\/noticias\/","name":"Suno Not\u00edcias","description":"Seu portal de informa\u00e7\u00e3o sobre o mundo dos investimentos","publisher":{"@id":"https:\/\/www.suno.com.br\/noticias\/#organization"},"potentialAction":[{"@type":"SearchAction","target":{"@type":"EntryPoint","urlTemplate":"https:\/\/www.suno.com.br\/noticias\/?s={search_term_string}"},"query-input":{"@type":"PropertyValueSpecification","valueRequired":true,"valueName":"search_term_string"}}],"inLanguage":"pt-BR"},{"@type":"Organization","@id":"https:\/\/www.suno.com.br\/noticias\/#organization","name":"Suno Not\u00edcias","url":"https:\/\/www.suno.com.br\/noticias\/","logo":{"@type":"ImageObject","inLanguage":"pt-BR","@id":"https:\/\/www.suno.com.br\/noticias\/#\/schema\/logo\/image\/","url":"https:\/\/files.sunoresearch.com.br\/n\/uploads\/2021\/09\/suno-logo.png","contentUrl":"https:\/\/files.sunoresearch.com.br\/n\/uploads\/2021\/09\/suno-logo.png","width":180,"height":180,"caption":"Suno Not\u00edcias"},"image":{"@id":"https:\/\/www.suno.com.br\/noticias\/#\/schema\/logo\/image\/"},"sameAs":["https:\/\/facebook.com\/sunoresearch","https:\/\/x.com\/sunoresearch","https:\/\/www.instagram.com\/suno","https:\/\/www.linkedin.com\/company\/suno-research\/","https:\/\/www.youtube.com\/c\/sunoresearch"]},{"@type":"Person","@id":"https:\/\/www.suno.com.br\/noticias\/#\/schema\/person\/450c455ecff319bab1f1a0e643451479","name":"Vanessa Loiola","image":{"@type":"ImageObject","inLanguage":"pt-BR","@id":"https:\/\/www.suno.com.br\/noticias\/#\/schema\/person\/image\/","url":"https:\/\/secure.gravatar.com\/avatar\/8b41117f9780831919eb38da349c3f20?s=96&r=g","contentUrl":"https:\/\/secure.gravatar.com\/avatar\/8b41117f9780831919eb38da349c3f20?s=96&r=g","caption":"Vanessa Loiola"},"description":"Jornalista formada pela PUC-SP, com experi\u00eancia na cobertura das editorias de economia, finan\u00e7as, bolsa de valores, pol\u00edtica, energia solar e entretenimento. Com passagem pela BM&amp;C News e RedeTV!","url":"https:\/\/www.suno.com.br\/noticias\/author\/vanessal-loiolagmail-com\/"}]}},"default_loop_html":"<div class=\"cardsPage__listCard__boxs\"><div class=\"cardsPage__listCard__boxs__img\"><a href=\"https:\/\/www.suno.com.br\/noticias\/radar-itau-itub4-natura-ntco3-cielo-ciel3\/\"><img class=\"mask\" src=\"https:\/\/www.suno.com.br\/noticias\/wp-content\/themes\/suno\/resources\/images\/spotlight\/spotlight1img\/bg-mask.png\" alt=\"Image Mask\"\/><img src=\"https:\/\/files.sunoresearch.com.br\/n\/uploads\/2023\/05\/itau-unibanco-itub4-400x200.jpg\" alt=\"Radar: Ita\u00fa (ITUB4)\u00a0pagar\u00e1 dividendos bilion\u00e1rios, Natura (NTCO3) avalia separa\u00e7\u00e3o da Avon e bancos far\u00e3o oferta de a\u00e7\u00f5es da Cielo (CIEL3) para deixar Bolsa\"\/><\/a><span class=\"spotlightCategory\"><a href=\"https:\/\/www.suno.com.br\/noticias\/negocios\/\">Neg\u00f3cios<\/a><\/span><\/div><div class=\"cardsPage__listCard__boxs__content\"><a href=\"https:\/\/www.suno.com.br\/noticias\/radar-itau-itub4-natura-ntco3-cielo-ciel3\/\"><h2 class=\"content__title\">Radar: Ita\u00fa (ITUB4)\u00a0pagar\u00e1 dividendos bilion\u00e1rios, Natura (NTCO3) avalia separa\u00e7\u00e3o da Avon e bancos far\u00e3o oferta de a\u00e7\u00f5es da Cielo (CIEL3) para deixar Bolsa<\/h2><\/a><div class=\"newsContent__article__meta\"><div class=\"newsContent__article__meta__authorBox\"><a href=\"https:\/\/www.suno.com.br\/noticias\/author\/vanessal-loiolagmail-com\/\" class=\"authorBox__avatar noMobi\"><img src=\"https:\/\/secure.gravatar.com\/avatar\/8b41117f9780831919eb38da349c3f20?s=96&#038;r=g\" alt=\"Vanessa Loiola\"><\/a><div class=\"authorBox__name\"><span>por\n\t\t\t<a href=\"https:\/\/www.suno.com.br\/noticias\/author\/vanessal-loiolagmail-com\/\"><span itemprop=\"author\">Vanessa Loiola<\/span><\/a><\/span><time datetime=\"2024-02-05T23:26:19-03:00\" itemprop=\"datePublished\">05\/02\/2024 23:26<\/time><\/div><\/div><\/div><\/div><\/div>","single_layout":"posts","amp_enabled":true,"_links":{"self":[{"href":"https:\/\/www.suno.com.br\/noticias\/wp-json\/wp\/v2\/posts\/520265"}],"collection":[{"href":"https:\/\/www.suno.com.br\/noticias\/wp-json\/wp\/v2\/posts"}],"about":[{"href":"https:\/\/www.suno.com.br\/noticias\/wp-json\/wp\/v2\/types\/post"}],"author":[{"embeddable":true,"href":"https:\/\/www.suno.com.br\/noticias\/wp-json\/wp\/v2\/users\/227"}],"replies":[{"embeddable":true,"href":"https:\/\/www.suno.com.br\/noticias\/wp-json\/wp\/v2\/comments?post=520265"}],"version-history":[{"count":2,"href":"https:\/\/www.suno.com.br\/noticias\/wp-json\/wp\/v2\/posts\/520265\/revisions"}],"predecessor-version":[{"id":520277,"href":"https:\/\/www.suno.com.br\/noticias\/wp-json\/wp\/v2\/posts\/520265\/revisions\/520277"}],"wp:featuredmedia":[{"embeddable":true,"href":"https:\/\/www.suno.com.br\/noticias\/wp-json\/wp\/v2\/media\/406439"}],"wp:attachment":[{"href":"https:\/\/www.suno.com.br\/noticias\/wp-json\/wp\/v2\/media?parent=520265"}],"wp:term":[{"taxonomy":"category","embeddable":true,"href":"https:\/\/www.suno.com.br\/noticias\/wp-json\/wp\/v2\/categories?post=520265"},{"taxonomy":"post_tag","embeddable":true,"href":"https:\/\/www.suno.com.br\/noticias\/wp-json\/wp\/v2\/tags?post=520265"},{"taxonomy":"suno_strategy","embeddable":true,"href":"https:\/\/www.suno.com.br\/noticias\/wp-json\/wp\/v2\/suno_strategy?post=520265"}],"curies":[{"name":"wp","href":"https:\/\/api.w.org\/{rel}","templated":true}]}}