{"id":520116,"date":"2024-02-05T19:03:34","date_gmt":"2024-02-05T22:03:34","guid":{"rendered":"https:\/\/www.suno.com.br\/noticias\/?p=520116"},"modified":"2024-02-05T19:04:57","modified_gmt":"2024-02-05T22:04:57","slug":"arezzo-arzz3-soma-soma3-fusao-sem-pressa","status":"publish","type":"post","link":"https:\/\/www.suno.com.br\/noticias\/arezzo-arzz3-soma-soma3-fusao-sem-pressa\/","title":{"rendered":"Nova empresa fruto da fus\u00e3o entre Arezzo (ARZZ3) e Grupo Soma (SOMA3) ser\u00e1 estruturada sem pressa, diz CEO"},"content":{"rendered":"<p>A empresa formada com a associa\u00e7\u00e3o da <strong>Arezzo<\/strong> (ARRZ3) e o <a class=\"suno-keyword\" target=\"_blank\" data-force=\"yes\" data-priority=\"2\" href=\"https:\/\/www.suno.com.br\/acoes\/SOMA3\/\" rel=\"noopener\">Grupo Soma (SOMA3)<\/a> ser\u00e1 estruturada ao longo deste ano, sem pressa, segundo Alexandre Birman, da Arezzo e presidente-executivo da nova companhia. O cronograma da opera\u00e7\u00e3o prev\u00ea assembleias gerais extraordin\u00e1rias para a aprova\u00e7\u00f5es no primeiro semestre deste ano. A data limite definida foi o fim do primeiro semestre de 2025.<\/p>\t<div class=\"wrapper-featured-image\">\n\t\t<figure class=\"spotlightImg\">\n\n\t\t\t<picture>\n\t\t\t\t<source media=\"(max-width: 768px)\" srcset=\"https:\/\/files.sunoresearch.com.br\/n\/uploads\/2022\/03\/Arezzo-400x200.jpg\">\n\t\t\t\t<img loading=\"lazy\" decoding=\"async\" class=\"newsContent__article__imgCapa lazyloadDisabled \" src=\"https:\/\/files.sunoresearch.com.br\/n\/uploads\/2022\/03\/Arezzo-800x450.jpg\" width=\"800\" height=\"450\" alt=\"Nova empresa fruto da fus\u00e3o entre Arezzo (ARZZ3) e Grupo Soma (SOMA3) ser\u00e1 estruturada sem pressa, diz CEO\" fetchpriority=high \/>\n\t\t\t<\/picture>\n\n\t\t\t<figcaption class=\"wp-caption-text wp-caption-text--show\">Arezzo (ARZZ3. Foto: Reprodu\u00e7\u00e3o\/Arezzo<\/figcaption>\n\t\t<\/figure>\n\t<\/div>\n\n\n\n\n\n\t<p>\n\t\t<a href=\"https:\/\/lp.suno.com.br\/planilha-da-vida-financeira\/\" target=\"_blank\" data-element=\"shortcode-suno-banner\" title=\"Banner SUNO, clique e saiba mais\">\n\t\t\t<picture>\n\t\t\t\t<source media=\"(max-width: 500px)\" srcset=\"https:\/\/files.sunoresearch.com.br\/n\/uploads\/2023\/04\/400x300-Planilha-vida-financeira-true.png\">\n\t\t\t\t<img class=\"newsContent__article__imgCapa newsContent__article__imgCapa--banner\"\n\t\t\t\t\tsrc=\"https:\/\/files.sunoresearch.com.br\/n\/uploads\/2023\/04\/1420x240-Planilha-vida-financeira-true.png\"\n\t\t\t\t\tdata-promo-id=\"106682\"\t\t\t\t\t\t\t\t\t\twidth='1420' height='240'\t\t\t\t\talt=\"https:\/\/files.sunoresearch.com.br\/n\/uploads\/2023\/04\/1420x240-Planilha-vida-financeira-true.png\"\n\t\t\t\t>\n\t\t\t<\/picture>\n\t\t<\/a>\n\t<\/p>\n\n\n\n\n\n\n\n<p>Falando nas melhoras operacionais que a<strong> incorpora\u00e7\u00e3o da Soma pela Arezzo<\/strong> trar\u00e1, Birman citou a troca de experi\u00eancias nas gest\u00f5es de plantas industriais e canais de vendas. Um dos focos iniciais ser\u00e1 a expans\u00e3o da categoria cal\u00e7ados nas marcas Farm, Animale e <strong>Hering<\/strong>.<\/p>\n\n\n\n<p>Outro ponto ser\u00e1 a otimiza\u00e7\u00e3o de <strong>franquias Hering<\/strong>, al\u00e9m do desenvolvimento deste canal na Farm, de acordo com <strong>Birman<\/strong>. &#8220;Nos tornamos o maior agente de franquias do Brasil.&#8221;<\/p>\n\n\n\n<p>A nova companhia vai ter quatro verticais. A de cal\u00e7ados e acess\u00f3rios femininos ficar\u00e1 sob o comando de Luciana Wodzik. Hering ser\u00e1 uma vertical independente, com Thiago Hering como presidente-executivo.<\/p>\n\n\n\n<p>Como j\u00e1 anunciado, Roberto Jatahy, do <em>Soma<\/em>, ser\u00e1 l\u00edder da vertical de vestu\u00e1rio feminino e <a class=\"suno-keyword\" target=\"_blank\" data-force=\"no\" data-priority=\"2\" href=\"https:\/\/www.suno.com.br\/tudo-sobre\/rony-meisler\/\" rel=\"noopener\">Rony Meisler<\/a>, de vestu\u00e1rio masculino.<\/p>\n\n\n\n<p>A nova marca deve ser apresentada nos pr\u00f3ximos quatro meses.<\/p>\n\n\n\n<p>Segundo Roberto Jatahy, a expans\u00e3o do mercado endere\u00e7\u00e1vel est\u00e1 nos <strong>planos da Arezzo e da Soma<\/strong> &#8211; &#8220;o sonho \u00e9 ser uma empresa global&#8221;.<\/p>\n\n\n\n<p>Os executivos disseram que o novo grupo \u00e9 o maior da moda na Am\u00e9rica Latina. S\u00e3o 34 marcas, com 2.057 lojas, sendo 1.520 franquias.<\/p>\n\n\n\n<h2 class=\"wp-block-heading\">Soma: o desfio da Hering<\/h2>\n\n\n\n<p>Um dos atuais desafios do Soma, que \u00e9 integrar a <strong>marca Hering<\/strong>, vai ter apoio com a chegada da Arezzo. &#8220;Hering tem uma alavanca que \u00e9 o reposicionamento de marca, e o time do Birman vai ajudar nisso&#8221;, afirmou Jatahy.<\/p>\n\n\n\n<p>Birman disse que o legado da fam\u00edlia Hering, sobretudo o parque industrial, \u00e9 um dos ativos de grande valor na opera\u00e7\u00e3o. &#8220;Pretendo dedicar boa parte do meu tempo como CEO do grupo em Blumenau [onde \u00e9 a sede da Hering].&#8221;<\/p>\n\n\n\t<p>\n\t\t<a href=\"https:\/\/lp.suno.com.br\/ebook-como-analisar-uma-acao\/\" target=\"_blank\" data-element=\"shortcode-suno-banner\" title=\"Banner SUNO, clique e saiba mais\">\n\t\t\t<picture>\n\t\t\t\t<source media=\"(max-width: 500px)\" srcset=\"https:\/\/files.sunoresearch.com.br\/n\/uploads\/2023\/03\/Ebook-Acoes-Mobile.jpg\">\n\t\t\t\t<img class=\"newsContent__article__imgCapa newsContent__article__imgCapa--banner\"\n\t\t\t\t\tsrc=\"https:\/\/files.sunoresearch.com.br\/n\/uploads\/2023\/03\/Ebook-Acoes-Desktop.jpg\"\n\t\t\t\t\tdata-promo-id=\"378302\"\t\t\t\t\t\t\t\t\t\twidth='1420' height='286'\t\t\t\t\talt=\"https:\/\/files.sunoresearch.com.br\/n\/uploads\/2023\/03\/Ebook-Acoes-Desktop.jpg\"\n\t\t\t\t>\n\t\t\t<\/picture>\n\t\t<\/a>\n\t<\/p>\n\n\n\n\n\n<h2 class=\"wp-block-heading\">Arezzo e Soma: valores da sinergia<b>s<\/b><\/h2>\n\n\n\n<p>A Arezzo e o <strong>Grupo Soma<\/strong> n\u00e3o confirmaram valores de sinergias para a associa\u00e7\u00e3o das companhias, anunciada nesta segunda-feira. Na semana passada, ve\u00edculos jornal\u00edsticos informaram que o valor seria de R$ 4,5 bilh\u00f5es, segundo fontes pr\u00f3ximas \u00e0 negocia\u00e7\u00e3o.<\/p>\n\n\n\n<p>O <strong>presidente-executivo da Arezzo<\/strong>, que comandar\u00e1 o grupo a ser formado com a fus\u00e3o, n\u00e3o confirmou a cifra, mas disse que ela &#8220;n\u00e3o assusta&#8221;. Enquanto o ano de 2024 ser\u00e1 de estrutura\u00e7\u00e3o das bases da nova empresa, o in\u00edcio da captura das sinergias deve ser em 2025, segundo Birman.<\/p>\n\n\n\n<p>A Arezzo contratou consultoria da Bain &amp; Company para avaliar as sinergias. De acordo com Rafael Sachete, diretor financeiro da Arezzo, o trabalho foi feito ao longo de seis meses. &#8220;N\u00e3o vamos falar de n\u00fameros, mas s\u00e3o sinergias importantes. A maior sinergia \u00e9 sempre a de receitas. A gente vai economizar, pela nossa <a class=\"suno-keyword\" target=\"_blank\" data-force=\"no\" data-priority=\"1\" href=\"https:\/\/www.suno.com.br\/artigos\/margem-bruta-entenda-sua-importancia\/\" rel=\"noopener\">margem bruta<\/a> isso \u00e9 importante, mas se a gente conseguir aumentar as vendas a conta estar\u00e1 muito bem paga&#8221;, disse.<\/p>\n\n\n\n<p>Para Gabriel Lobo, diretor financeiro do Soma, a otimiza\u00e7\u00e3o principal ser\u00e1 com despesas de vendas. &#8220;Olhando pela nossa perspectiva, vamos ter maior captura, n\u00e3o de redu\u00e7\u00e3o, mas de otimiza\u00e7\u00e3o com vendas. Ou seja, usar a escala para investir de forma mais inteligente&#8221;, afirma.<\/p>\n\n\n\n<p>Do ponto de vista operacional, Birman cita que a Arezzo tem conhecimento na \u00e1rea de franquias que poder\u00e1 trocar com a Hering. Este \u00e9 um assunto que o Grupo Soma n\u00e3o tem experi\u00eancia, j\u00e1 que prioriza lojas pr\u00f3prias.<\/p>\n\n\n\n<p>O executivo tamb\u00e9m v\u00ea que pode desenvolver maior proximidade entre a \u00e1rea de cria\u00e7\u00e3o e a ind\u00fastria na Hering. H\u00e1 planos de <a class=\"suno-keyword\" target=\"_blank\" data-force=\"no\" data-priority=\"1\" href=\"https:\/\/www.suno.com.br\/artigos\/curto-prazo\/\" rel=\"noopener\">curto prazo<\/a> tamb\u00e9m para lan\u00e7amento de uma linha de cal\u00e7ados.<\/p>\n\n\n\n<p>As marcas seguir\u00e3o completamente independentes do ponto de vista das lojas. &#8220;A experi\u00eancia de loja \u00e9 individual. A gente nunca pensou em outro modelo. Marcas tem seu DNA, sua vida&#8221;, afirma Birman.<\/p>\n\n\n\n<p>Um caminho para maior efici\u00eancia por\u00e9m, ser\u00e1 na parte que os clientes n\u00e3o veem. &#8220;Nossa \u00e1rea bruta loc\u00e1vel dentro de shoppings aumenta de forma consider\u00e1vel. Ent\u00e3o queremos encontrar oportunidades para estocagem, por exemplo. Nos Centros de Distribui\u00e7\u00e3o (CDs) tamb\u00e9m h\u00e1 espa\u00e7o para integra\u00e7\u00e3o. Atualmente s\u00e3o 7 exclusivos&#8221;, diz o CEO da<strong> Arezzo<\/strong>.<\/p>\n\n\n\n<p><em>Com Estad\u00e3o Conte\u00fado<\/em><\/p>\n\n\n\t<p>\n\t\t<a href=\"https:\/\/lp.suno.com.br\/planilha-da-vida-financeira\/\" target=\"_blank\" data-element=\"shortcode-suno-banner\" title=\"Banner SUNO, clique e saiba mais\">\n\t\t\t<picture>\n\t\t\t\t<source media=\"(max-width: 500px)\" srcset=\"https:\/\/files.sunoresearch.com.br\/n\/uploads\/2023\/04\/400x300-Planilha-vida-financeira-true.png\">\n\t\t\t\t<img class=\"newsContent__article__imgCapa newsContent__article__imgCapa--banner\"\n\t\t\t\t\tsrc=\"https:\/\/files.sunoresearch.com.br\/n\/uploads\/2023\/04\/1420x240-Planilha-vida-financeira-true.png\"\n\t\t\t\t\tdata-promo-id=\"383123\"\t\t\t\t\t\t\t\t\t\twidth='1420' height='240'\t\t\t\t\talt=\"https:\/\/files.sunoresearch.com.br\/n\/uploads\/2023\/04\/1420x240-Planilha-vida-financeira-true.png\"\n\t\t\t\t>\n\t\t\t<\/picture>\n\t\t<\/a>\n\t<\/p>\n\n\n","protected":false},"excerpt":{"rendered":"<p>A empresa formada com a associa\u00e7\u00e3o da Arezzo (ARRZ3) e o Grupo Soma (SOMA3) ser\u00e1 estruturada ao longo deste ano, sem pressa, segundo Alexandre Birman, da Arezzo e presidente-executivo da nova companhia. O cronograma da opera\u00e7\u00e3o prev\u00ea assembleias gerais extraordin\u00e1rias para a aprova\u00e7\u00f5es no primeiro semestre deste ano. A data limite definida foi o fim [&hellip;]<\/p>\n","protected":false},"author":43,"featured_media":240289,"comment_status":"closed","ping_status":"closed","sticky":false,"template":"","format":"standard","meta":[],"categories":[64],"tags":[286,362,2686],"suno_strategy":[],"class_list":["post-520116","post","type-post","status-publish","format-standard","has-post-thumbnail","hentry","category-negocios","tag-acoes","tag-arezzo-arzz3","tag-grupo-soma-soma3"],"yoast_head":"<!-- This site is optimized with the Yoast SEO plugin v24.4 - https:\/\/yoast.com\/wordpress\/plugins\/seo\/ -->\n<title>CEO: fus\u00e3o Arezzo (ARZZ3)-Soma (SOMA3) ser\u00e1 feita sem pressa<\/title>\n<meta name=\"description\" content=\"A empresa formada com a associa\u00e7\u00e3o da Arezzo e o Grupo Soma ser\u00e1 estruturada ao longo deste ano, diz Alexandre Birman, CEO da nova companhia.\" \/>\n<meta name=\"robots\" content=\"index, follow, max-snippet:-1, max-image-preview:large, max-video-preview:-1\" \/>\n<link rel=\"canonical\" href=\"https:\/\/www.suno.com.br\/noticias\/arezzo-arzz3-soma-soma3-fusao-sem-pressa\/\" \/>\n<meta property=\"og:locale\" content=\"pt_BR\" \/>\n<meta property=\"og:type\" content=\"article\" \/>\n<meta property=\"og:title\" content=\"CEO: fus\u00e3o Arezzo (ARZZ3)-Soma (SOMA3) ser\u00e1 feita sem pressa\" \/>\n<meta property=\"og:description\" content=\"A empresa formada com a associa\u00e7\u00e3o da Arezzo e o Grupo Soma ser\u00e1 estruturada ao longo deste ano, diz Alexandre Birman, CEO da nova companhia.\" \/>\n<meta property=\"og:url\" content=\"https:\/\/www.suno.com.br\/noticias\/arezzo-arzz3-soma-soma3-fusao-sem-pressa\/\" \/>\n<meta property=\"og:site_name\" content=\"Suno Not\u00edcias\" \/>\n<meta property=\"article:publisher\" content=\"https:\/\/facebook.com\/sunoresearch\" \/>\n<meta property=\"article:author\" content=\"https:\/\/www.facebook.com\/sunonoticias\/\" \/>\n<meta property=\"og:image\" content=\"https:\/\/files.sunoresearch.com.br\/n\/uploads\/2022\/03\/Arezzo.jpg\" \/>\n\t<meta property=\"og:image:width\" content=\"2047\" \/>\n\t<meta property=\"og:image:height\" content=\"1365\" \/>\n\t<meta property=\"og:image:type\" content=\"image\/jpeg\" \/>\n<meta name=\"author\" content=\"Reda\u00e7\u00e3o Suno Not\u00edcias\" \/>\n<meta name=\"twitter:card\" content=\"summary_large_image\" \/>\n<meta name=\"twitter:creator\" content=\"@https:\/\/twitter.com\/sunoresearch\" \/>\n<meta name=\"twitter:site\" content=\"@sunoresearch\" \/>\n<meta name=\"twitter:label1\" content=\"Escrito por\" \/>\n\t<meta name=\"twitter:data1\" content=\"Reda\u00e7\u00e3o Suno Not\u00edcias\" \/>\n\t<meta name=\"twitter:label2\" content=\"Est. tempo de leitura\" \/>\n\t<meta name=\"twitter:data2\" content=\"4 minutos\" \/>\n<script type=\"application\/ld+json\" class=\"yoast-schema-graph\">{\"@context\":\"https:\/\/schema.org\",\"@graph\":[{\"@type\":\"NewsArticle\",\"@id\":\"https:\/\/www.suno.com.br\/noticias\/arezzo-arzz3-soma-soma3-fusao-sem-pressa\/#article\",\"isPartOf\":{\"@id\":\"https:\/\/www.suno.com.br\/noticias\/arezzo-arzz3-soma-soma3-fusao-sem-pressa\/\"},\"author\":{\"name\":\"Reda\u00e7\u00e3o Suno Not\u00edcias\",\"@id\":\"https:\/\/www.suno.com.br\/noticias\/#\/schema\/person\/c1b1bd3727fa852bd045e9dbff3673ea\"},\"headline\":\"Nova empresa fruto da fus\u00e3o entre Arezzo (ARZZ3) e Grupo Soma (SOMA3) ser\u00e1 estruturada sem pressa, diz CEO\",\"datePublished\":\"2024-02-05T22:03:34+00:00\",\"dateModified\":\"2024-02-05T22:04:57+00:00\",\"mainEntityOfPage\":{\"@id\":\"https:\/\/www.suno.com.br\/noticias\/arezzo-arzz3-soma-soma3-fusao-sem-pressa\/\"},\"wordCount\":765,\"publisher\":{\"@id\":\"https:\/\/www.suno.com.br\/noticias\/#organization\"},\"image\":{\"@id\":\"https:\/\/www.suno.com.br\/noticias\/arezzo-arzz3-soma-soma3-fusao-sem-pressa\/#primaryimage\"},\"thumbnailUrl\":\"https:\/\/files.sunoresearch.com.br\/n\/uploads\/2022\/03\/Arezzo.jpg\",\"keywords\":[\"A\u00e7\u00f5es\",\"Arezzo (ARZZ3)\",\"Grupo Soma (SOMA3)\"],\"articleSection\":[\"Neg\u00f3cios\"],\"inLanguage\":\"pt-BR\"},{\"@type\":\"WebPage\",\"@id\":\"https:\/\/www.suno.com.br\/noticias\/arezzo-arzz3-soma-soma3-fusao-sem-pressa\/\",\"url\":\"https:\/\/www.suno.com.br\/noticias\/arezzo-arzz3-soma-soma3-fusao-sem-pressa\/\",\"name\":\"CEO: fus\u00e3o Arezzo (ARZZ3)-Soma (SOMA3) ser\u00e1 feita sem pressa\",\"isPartOf\":{\"@id\":\"https:\/\/www.suno.com.br\/noticias\/#website\"},\"primaryImageOfPage\":{\"@id\":\"https:\/\/www.suno.com.br\/noticias\/arezzo-arzz3-soma-soma3-fusao-sem-pressa\/#primaryimage\"},\"image\":{\"@id\":\"https:\/\/www.suno.com.br\/noticias\/arezzo-arzz3-soma-soma3-fusao-sem-pressa\/#primaryimage\"},\"thumbnailUrl\":\"https:\/\/files.sunoresearch.com.br\/n\/uploads\/2022\/03\/Arezzo.jpg\",\"datePublished\":\"2024-02-05T22:03:34+00:00\",\"dateModified\":\"2024-02-05T22:04:57+00:00\",\"description\":\"A empresa formada com a associa\u00e7\u00e3o da Arezzo e o Grupo Soma ser\u00e1 estruturada ao longo deste ano, diz Alexandre Birman, CEO da nova companhia.\",\"breadcrumb\":{\"@id\":\"https:\/\/www.suno.com.br\/noticias\/arezzo-arzz3-soma-soma3-fusao-sem-pressa\/#breadcrumb\"},\"inLanguage\":\"pt-BR\",\"potentialAction\":[{\"@type\":\"ReadAction\",\"target\":[\"https:\/\/www.suno.com.br\/noticias\/arezzo-arzz3-soma-soma3-fusao-sem-pressa\/\"]}]},{\"@type\":\"ImageObject\",\"inLanguage\":\"pt-BR\",\"@id\":\"https:\/\/www.suno.com.br\/noticias\/arezzo-arzz3-soma-soma3-fusao-sem-pressa\/#primaryimage\",\"url\":\"https:\/\/files.sunoresearch.com.br\/n\/uploads\/2022\/03\/Arezzo.jpg\",\"contentUrl\":\"https:\/\/files.sunoresearch.com.br\/n\/uploads\/2022\/03\/Arezzo.jpg\",\"width\":2047,\"height\":1365,\"caption\":\"Arezzo (ARZZ3. Foto: Reprodu\u00e7\u00e3o\/Arezzo\"},{\"@type\":\"BreadcrumbList\",\"@id\":\"https:\/\/www.suno.com.br\/noticias\/arezzo-arzz3-soma-soma3-fusao-sem-pressa\/#breadcrumb\",\"itemListElement\":[{\"@type\":\"ListItem\",\"position\":1,\"name\":\"Not\u00edcias\",\"item\":\"https:\/\/www.suno.com.br\/noticias\/\"},{\"@type\":\"ListItem\",\"position\":2,\"name\":\"Neg\u00f3cios\",\"item\":\"https:\/\/www.suno.com.br\/noticias\/negocios\/\"},{\"@type\":\"ListItem\",\"position\":3,\"name\":\"Nova empresa fruto da fus\u00e3o entre Arezzo (ARZZ3) e Grupo Soma (SOMA3) ser\u00e1 estruturada sem pressa, diz CEO\"}]},{\"@type\":\"WebSite\",\"@id\":\"https:\/\/www.suno.com.br\/noticias\/#website\",\"url\":\"https:\/\/www.suno.com.br\/noticias\/\",\"name\":\"Suno Not\u00edcias\",\"description\":\"Seu portal de informa\u00e7\u00e3o sobre o mundo dos investimentos\",\"publisher\":{\"@id\":\"https:\/\/www.suno.com.br\/noticias\/#organization\"},\"potentialAction\":[{\"@type\":\"SearchAction\",\"target\":{\"@type\":\"EntryPoint\",\"urlTemplate\":\"https:\/\/www.suno.com.br\/noticias\/?s={search_term_string}\"},\"query-input\":{\"@type\":\"PropertyValueSpecification\",\"valueRequired\":true,\"valueName\":\"search_term_string\"}}],\"inLanguage\":\"pt-BR\"},{\"@type\":\"Organization\",\"@id\":\"https:\/\/www.suno.com.br\/noticias\/#organization\",\"name\":\"Suno Not\u00edcias\",\"url\":\"https:\/\/www.suno.com.br\/noticias\/\",\"logo\":{\"@type\":\"ImageObject\",\"inLanguage\":\"pt-BR\",\"@id\":\"https:\/\/www.suno.com.br\/noticias\/#\/schema\/logo\/image\/\",\"url\":\"https:\/\/files.sunoresearch.com.br\/n\/uploads\/2021\/09\/suno-logo.png\",\"contentUrl\":\"https:\/\/files.sunoresearch.com.br\/n\/uploads\/2021\/09\/suno-logo.png\",\"width\":180,\"height\":180,\"caption\":\"Suno Not\u00edcias\"},\"image\":{\"@id\":\"https:\/\/www.suno.com.br\/noticias\/#\/schema\/logo\/image\/\"},\"sameAs\":[\"https:\/\/facebook.com\/sunoresearch\",\"https:\/\/x.com\/sunoresearch\",\"https:\/\/www.instagram.com\/suno\",\"https:\/\/www.linkedin.com\/company\/suno-research\/\",\"https:\/\/www.youtube.com\/c\/sunoresearch\"]},{\"@type\":\"Person\",\"@id\":\"https:\/\/www.suno.com.br\/noticias\/#\/schema\/person\/c1b1bd3727fa852bd045e9dbff3673ea\",\"name\":\"Reda\u00e7\u00e3o Suno Not\u00edcias\",\"image\":{\"@type\":\"ImageObject\",\"inLanguage\":\"pt-BR\",\"@id\":\"https:\/\/www.suno.com.br\/noticias\/#\/schema\/person\/image\/\",\"url\":\"https:\/\/secure.gravatar.com\/avatar\/b8104b9b5a71985d5238ee59fbe418af?s=96&r=g\",\"contentUrl\":\"https:\/\/secure.gravatar.com\/avatar\/b8104b9b5a71985d5238ee59fbe418af?s=96&r=g\",\"caption\":\"Reda\u00e7\u00e3o Suno Not\u00edcias\"},\"description\":\"O Suno Not\u00edcias \u00e9 um portal de informa\u00e7\u00f5es sobre Mercado Financeiro, Pol\u00edtica, Neg\u00f3cios, Economia e Finan\u00e7as Pessoais.\",\"sameAs\":[\"https:\/\/www.suno.com.br\/noticias\",\"https:\/\/www.facebook.com\/sunonoticias\/\",\"https:\/\/www.instagram.com\/sunonoticias\/\",\"https:\/\/x.com\/https:\/\/twitter.com\/sunoresearch\",\"https:\/\/www.youtube.com\/sunonoticias\"],\"url\":\"https:\/\/www.suno.com.br\/noticias\/author\/redacao-suno\/\"}]}<\/script>\n<!-- \/ Yoast SEO plugin. -->","yoast_head_json":{"title":"CEO: fus\u00e3o Arezzo (ARZZ3)-Soma (SOMA3) ser\u00e1 feita sem pressa","description":"A empresa formada com a associa\u00e7\u00e3o da Arezzo e o Grupo Soma ser\u00e1 estruturada ao longo deste ano, diz Alexandre Birman, CEO da nova companhia.","robots":{"index":"index","follow":"follow","max-snippet":"max-snippet:-1","max-image-preview":"max-image-preview:large","max-video-preview":"max-video-preview:-1"},"canonical":"https:\/\/www.suno.com.br\/noticias\/arezzo-arzz3-soma-soma3-fusao-sem-pressa\/","og_locale":"pt_BR","og_type":"article","og_title":"CEO: fus\u00e3o Arezzo (ARZZ3)-Soma (SOMA3) ser\u00e1 feita sem pressa","og_description":"A empresa formada com a associa\u00e7\u00e3o da Arezzo e o Grupo Soma ser\u00e1 estruturada ao longo deste ano, diz Alexandre Birman, CEO da nova companhia.","og_url":"https:\/\/www.suno.com.br\/noticias\/arezzo-arzz3-soma-soma3-fusao-sem-pressa\/","og_site_name":"Suno Not\u00edcias","article_publisher":"https:\/\/facebook.com\/sunoresearch","article_author":"https:\/\/www.facebook.com\/sunonoticias\/","og_image":[{"width":2047,"height":1365,"url":"https:\/\/files.sunoresearch.com.br\/n\/uploads\/2022\/03\/Arezzo.jpg","type":"image\/jpeg"}],"author":"Reda\u00e7\u00e3o Suno Not\u00edcias","twitter_card":"summary_large_image","twitter_creator":"@https:\/\/twitter.com\/sunoresearch","twitter_site":"@sunoresearch","twitter_misc":{"Escrito por":"Reda\u00e7\u00e3o Suno Not\u00edcias","Est. tempo de leitura":"4 minutos"},"schema":{"@context":"https:\/\/schema.org","@graph":[{"@type":"NewsArticle","@id":"https:\/\/www.suno.com.br\/noticias\/arezzo-arzz3-soma-soma3-fusao-sem-pressa\/#article","isPartOf":{"@id":"https:\/\/www.suno.com.br\/noticias\/arezzo-arzz3-soma-soma3-fusao-sem-pressa\/"},"author":{"name":"Reda\u00e7\u00e3o Suno Not\u00edcias","@id":"https:\/\/www.suno.com.br\/noticias\/#\/schema\/person\/c1b1bd3727fa852bd045e9dbff3673ea"},"headline":"Nova empresa fruto da fus\u00e3o entre Arezzo (ARZZ3) e Grupo Soma (SOMA3) ser\u00e1 estruturada sem pressa, diz CEO","datePublished":"2024-02-05T22:03:34+00:00","dateModified":"2024-02-05T22:04:57+00:00","mainEntityOfPage":{"@id":"https:\/\/www.suno.com.br\/noticias\/arezzo-arzz3-soma-soma3-fusao-sem-pressa\/"},"wordCount":765,"publisher":{"@id":"https:\/\/www.suno.com.br\/noticias\/#organization"},"image":{"@id":"https:\/\/www.suno.com.br\/noticias\/arezzo-arzz3-soma-soma3-fusao-sem-pressa\/#primaryimage"},"thumbnailUrl":"https:\/\/files.sunoresearch.com.br\/n\/uploads\/2022\/03\/Arezzo.jpg","keywords":["A\u00e7\u00f5es","Arezzo (ARZZ3)","Grupo Soma (SOMA3)"],"articleSection":["Neg\u00f3cios"],"inLanguage":"pt-BR"},{"@type":"WebPage","@id":"https:\/\/www.suno.com.br\/noticias\/arezzo-arzz3-soma-soma3-fusao-sem-pressa\/","url":"https:\/\/www.suno.com.br\/noticias\/arezzo-arzz3-soma-soma3-fusao-sem-pressa\/","name":"CEO: fus\u00e3o Arezzo (ARZZ3)-Soma (SOMA3) ser\u00e1 feita sem pressa","isPartOf":{"@id":"https:\/\/www.suno.com.br\/noticias\/#website"},"primaryImageOfPage":{"@id":"https:\/\/www.suno.com.br\/noticias\/arezzo-arzz3-soma-soma3-fusao-sem-pressa\/#primaryimage"},"image":{"@id":"https:\/\/www.suno.com.br\/noticias\/arezzo-arzz3-soma-soma3-fusao-sem-pressa\/#primaryimage"},"thumbnailUrl":"https:\/\/files.sunoresearch.com.br\/n\/uploads\/2022\/03\/Arezzo.jpg","datePublished":"2024-02-05T22:03:34+00:00","dateModified":"2024-02-05T22:04:57+00:00","description":"A empresa formada com a associa\u00e7\u00e3o da Arezzo e o Grupo Soma ser\u00e1 estruturada ao longo deste ano, diz Alexandre Birman, CEO da nova companhia.","breadcrumb":{"@id":"https:\/\/www.suno.com.br\/noticias\/arezzo-arzz3-soma-soma3-fusao-sem-pressa\/#breadcrumb"},"inLanguage":"pt-BR","potentialAction":[{"@type":"ReadAction","target":["https:\/\/www.suno.com.br\/noticias\/arezzo-arzz3-soma-soma3-fusao-sem-pressa\/"]}]},{"@type":"ImageObject","inLanguage":"pt-BR","@id":"https:\/\/www.suno.com.br\/noticias\/arezzo-arzz3-soma-soma3-fusao-sem-pressa\/#primaryimage","url":"https:\/\/files.sunoresearch.com.br\/n\/uploads\/2022\/03\/Arezzo.jpg","contentUrl":"https:\/\/files.sunoresearch.com.br\/n\/uploads\/2022\/03\/Arezzo.jpg","width":2047,"height":1365,"caption":"Arezzo (ARZZ3. Foto: Reprodu\u00e7\u00e3o\/Arezzo"},{"@type":"BreadcrumbList","@id":"https:\/\/www.suno.com.br\/noticias\/arezzo-arzz3-soma-soma3-fusao-sem-pressa\/#breadcrumb","itemListElement":[{"@type":"ListItem","position":1,"name":"Not\u00edcias","item":"https:\/\/www.suno.com.br\/noticias\/"},{"@type":"ListItem","position":2,"name":"Neg\u00f3cios","item":"https:\/\/www.suno.com.br\/noticias\/negocios\/"},{"@type":"ListItem","position":3,"name":"Nova empresa fruto da fus\u00e3o entre Arezzo (ARZZ3) e Grupo Soma (SOMA3) ser\u00e1 estruturada sem pressa, diz CEO"}]},{"@type":"WebSite","@id":"https:\/\/www.suno.com.br\/noticias\/#website","url":"https:\/\/www.suno.com.br\/noticias\/","name":"Suno Not\u00edcias","description":"Seu portal de informa\u00e7\u00e3o sobre o mundo dos investimentos","publisher":{"@id":"https:\/\/www.suno.com.br\/noticias\/#organization"},"potentialAction":[{"@type":"SearchAction","target":{"@type":"EntryPoint","urlTemplate":"https:\/\/www.suno.com.br\/noticias\/?s={search_term_string}"},"query-input":{"@type":"PropertyValueSpecification","valueRequired":true,"valueName":"search_term_string"}}],"inLanguage":"pt-BR"},{"@type":"Organization","@id":"https:\/\/www.suno.com.br\/noticias\/#organization","name":"Suno Not\u00edcias","url":"https:\/\/www.suno.com.br\/noticias\/","logo":{"@type":"ImageObject","inLanguage":"pt-BR","@id":"https:\/\/www.suno.com.br\/noticias\/#\/schema\/logo\/image\/","url":"https:\/\/files.sunoresearch.com.br\/n\/uploads\/2021\/09\/suno-logo.png","contentUrl":"https:\/\/files.sunoresearch.com.br\/n\/uploads\/2021\/09\/suno-logo.png","width":180,"height":180,"caption":"Suno Not\u00edcias"},"image":{"@id":"https:\/\/www.suno.com.br\/noticias\/#\/schema\/logo\/image\/"},"sameAs":["https:\/\/facebook.com\/sunoresearch","https:\/\/x.com\/sunoresearch","https:\/\/www.instagram.com\/suno","https:\/\/www.linkedin.com\/company\/suno-research\/","https:\/\/www.youtube.com\/c\/sunoresearch"]},{"@type":"Person","@id":"https:\/\/www.suno.com.br\/noticias\/#\/schema\/person\/c1b1bd3727fa852bd045e9dbff3673ea","name":"Reda\u00e7\u00e3o Suno Not\u00edcias","image":{"@type":"ImageObject","inLanguage":"pt-BR","@id":"https:\/\/www.suno.com.br\/noticias\/#\/schema\/person\/image\/","url":"https:\/\/secure.gravatar.com\/avatar\/b8104b9b5a71985d5238ee59fbe418af?s=96&r=g","contentUrl":"https:\/\/secure.gravatar.com\/avatar\/b8104b9b5a71985d5238ee59fbe418af?s=96&r=g","caption":"Reda\u00e7\u00e3o Suno Not\u00edcias"},"description":"O Suno Not\u00edcias \u00e9 um portal de informa\u00e7\u00f5es sobre Mercado Financeiro, Pol\u00edtica, Neg\u00f3cios, Economia e Finan\u00e7as Pessoais.","sameAs":["https:\/\/www.suno.com.br\/noticias","https:\/\/www.facebook.com\/sunonoticias\/","https:\/\/www.instagram.com\/sunonoticias\/","https:\/\/x.com\/https:\/\/twitter.com\/sunoresearch","https:\/\/www.youtube.com\/sunonoticias"],"url":"https:\/\/www.suno.com.br\/noticias\/author\/redacao-suno\/"}]}},"default_loop_html":"<div class=\"cardsPage__listCard__boxs\"><div class=\"cardsPage__listCard__boxs__img\"><a href=\"https:\/\/www.suno.com.br\/noticias\/arezzo-arzz3-soma-soma3-fusao-sem-pressa\/\"><img class=\"mask\" src=\"https:\/\/www.suno.com.br\/noticias\/wp-content\/themes\/suno\/resources\/images\/spotlight\/spotlight1img\/bg-mask.png\" alt=\"Image Mask\"\/><img src=\"https:\/\/files.sunoresearch.com.br\/n\/uploads\/2022\/03\/Arezzo-400x200.jpg\" alt=\"Nova empresa fruto da fus\u00e3o entre Arezzo (ARZZ3) e Grupo Soma (SOMA3) ser\u00e1 estruturada sem pressa, diz CEO\"\/><\/a><span class=\"spotlightCategory\"><a href=\"https:\/\/www.suno.com.br\/noticias\/negocios\/\">Neg\u00f3cios<\/a><\/span><\/div><div class=\"cardsPage__listCard__boxs__content\"><a href=\"https:\/\/www.suno.com.br\/noticias\/arezzo-arzz3-soma-soma3-fusao-sem-pressa\/\"><h2 class=\"content__title\">Nova empresa fruto da fus\u00e3o entre Arezzo (ARZZ3) e Grupo Soma (SOMA3) ser\u00e1 estruturada sem pressa, diz CEO<\/h2><\/a><div class=\"newsContent__article__meta\"><div class=\"newsContent__article__meta__authorBox\"><a href=\"https:\/\/www.suno.com.br\/noticias\/author\/redacao-suno\/\" class=\"authorBox__avatar noMobi\"><img src=\"https:\/\/files.sunoresearch.com.br\/n\/uploads\/2020\/08\/0ace682d-redacao-1-150x150.webp\" alt=\"Reda\u00e7\u00e3o Suno Not\u00edcias\"><\/a><div class=\"authorBox__name\"><span>por\n\t\t\t<a href=\"https:\/\/www.suno.com.br\/noticias\/author\/redacao-suno\/\"><span itemprop=\"author\">Reda\u00e7\u00e3o Suno Not\u00edcias<\/span><\/a><\/span><time datetime=\"2024-02-05T19:03:34-03:00\" itemprop=\"datePublished\">05\/02\/2024 19:03<\/time><\/div><\/div><\/div><\/div><\/div>","single_layout":"posts","amp_enabled":true,"_links":{"self":[{"href":"https:\/\/www.suno.com.br\/noticias\/wp-json\/wp\/v2\/posts\/520116"}],"collection":[{"href":"https:\/\/www.suno.com.br\/noticias\/wp-json\/wp\/v2\/posts"}],"about":[{"href":"https:\/\/www.suno.com.br\/noticias\/wp-json\/wp\/v2\/types\/post"}],"author":[{"embeddable":true,"href":"https:\/\/www.suno.com.br\/noticias\/wp-json\/wp\/v2\/users\/43"}],"replies":[{"embeddable":true,"href":"https:\/\/www.suno.com.br\/noticias\/wp-json\/wp\/v2\/comments?post=520116"}],"version-history":[{"count":3,"href":"https:\/\/www.suno.com.br\/noticias\/wp-json\/wp\/v2\/posts\/520116\/revisions"}],"predecessor-version":[{"id":520171,"href":"https:\/\/www.suno.com.br\/noticias\/wp-json\/wp\/v2\/posts\/520116\/revisions\/520171"}],"wp:featuredmedia":[{"embeddable":true,"href":"https:\/\/www.suno.com.br\/noticias\/wp-json\/wp\/v2\/media\/240289"}],"wp:attachment":[{"href":"https:\/\/www.suno.com.br\/noticias\/wp-json\/wp\/v2\/media?parent=520116"}],"wp:term":[{"taxonomy":"category","embeddable":true,"href":"https:\/\/www.suno.com.br\/noticias\/wp-json\/wp\/v2\/categories?post=520116"},{"taxonomy":"post_tag","embeddable":true,"href":"https:\/\/www.suno.com.br\/noticias\/wp-json\/wp\/v2\/tags?post=520116"},{"taxonomy":"suno_strategy","embeddable":true,"href":"https:\/\/www.suno.com.br\/noticias\/wp-json\/wp\/v2\/suno_strategy?post=520116"}],"curies":[{"name":"wp","href":"https:\/\/api.w.org\/{rel}","templated":true}]}}