{"id":519995,"date":"2024-02-05T15:24:02","date_gmt":"2024-02-05T18:24:02","guid":{"rendered":"https:\/\/www.suno.com.br\/noticias\/?p=519995"},"modified":"2024-02-06T14:36:24","modified_gmt":"2024-02-06T17:36:24","slug":"arezzo-arzz3-grupo-soma-soma3-goldman-sachs-va","status":"publish","type":"post","link":"https:\/\/www.suno.com.br\/noticias\/arezzo-arzz3-grupo-soma-soma3-goldman-sachs-va\/","title":{"rendered":"Arezzo (ARZZ3) e Grupo Soma (SOMA3): banco v\u00ea fus\u00e3o positiva e eleva pre\u00e7os-alvo das a\u00e7\u00f5es, com valoriza\u00e7\u00e3o acima de 30%"},"content":{"rendered":"<p>A <strong>Arezzo <\/strong>(ARZZ3) e o <a class=\"suno-keyword\" data-force=\"yes\" data-priority=\"2\" href=\"https:\/\/www.suno.com.br\/acoes\/SOMA3\/\" target=\"_blank\" rel=\"noopener\">Grupo Soma (SOMA3)<\/a> confirmaram, na manh\u00e3 desta segunda-feira (05), o acordo para fus\u00e3o entre as duas companhias. Segundo o Safra, o movimento \u00e9 positivo e cria valor para os acionistas de ambas as empresas, pois as sinergias devem ser relevantes. Dessa forma, o banco recomenda compra para os dois pap\u00e9is.\u00a0<\/p>\t<div class=\"wrapper-featured-image\">\n\t\t<figure class=\"spotlightImg\">\n\n\t\t\t<picture>\n\t\t\t\t<source media=\"(max-width: 768px)\" srcset=\"https:\/\/files.sunoresearch.com.br\/n\/uploads\/2020\/10\/ce1383b1-5d3a105f3f79e-400x200.webp\">\n\t\t\t\t<img loading=\"lazy\" decoding=\"async\" class=\"newsContent__article__imgCapa lazyloadDisabled \" src=\"https:\/\/files.sunoresearch.com.br\/n\/uploads\/2020\/10\/ce1383b1-5d3a105f3f79e-800x450.webp\" width=\"800\" height=\"450\" alt=\"Arezzo (ARZZ3) e Grupo Soma (SOMA3): banco v\u00ea fus\u00e3o positiva e eleva pre\u00e7os-alvo das a\u00e7\u00f5es, com valoriza\u00e7\u00e3o acima de 30%\" fetchpriority=high \/>\n\t\t\t<\/picture>\n\n\t\t\t<figcaption class=\"wp-caption-text wp-caption-text--show\"> Arezzo (ARZZ3)<\/figcaption>\n\t\t<\/figure>\n\t<\/div>\n\n\n\n\n\n\t<p>\n\t\t<a href=\"https:\/\/lp.suno.com.br\/planilha-da-vida-financeira\/\" target=\"_blank\" data-element=\"shortcode-suno-banner\" title=\"Banner SUNO, clique e saiba mais\">\n\t\t\t<picture>\n\t\t\t\t<source media=\"(max-width: 500px)\" srcset=\"https:\/\/files.sunoresearch.com.br\/n\/uploads\/2023\/04\/400x300-Planilha-vida-financeira-true.png\">\n\t\t\t\t<img class=\"newsContent__article__imgCapa newsContent__article__imgCapa--banner\"\n\t\t\t\t\tsrc=\"https:\/\/files.sunoresearch.com.br\/n\/uploads\/2023\/04\/1420x240-Planilha-vida-financeira-true.png\"\n\t\t\t\t\tdata-promo-id=\"106682\"\t\t\t\t\t\t\t\t\t\twidth='1420' height='240'\t\t\t\t\talt=\"https:\/\/files.sunoresearch.com.br\/n\/uploads\/2023\/04\/1420x240-Planilha-vida-financeira-true.png\"\n\t\t\t\t>\n\t\t\t<\/picture>\n\t\t<\/a>\n\t<\/p>\n\n\n\n\n\n<p>\u201cConsequentemente, esperamos que a transa\u00e7\u00e3o seja aprovada pelos acionistas minorit\u00e1rios de ambas as empresas\u201d, diz o Safra.\u00a0<\/p>\n\n\n\n<p>Ap\u00f3s a fus\u00e3o, os<strong> acionistas do Grupo Soma <\/strong>receber\u00e3o, para cada a\u00e7\u00e3o ordin\u00e1ria de emiss\u00e3o do Grupo Soma, 0,120446593048 novas <a class=\"suno-keyword\" data-force=\"no\" data-priority=\"1\" href=\"https:\/\/www.suno.com.br\/artigos\/o-que-sao-acoes-ordinarias-preferenciais-e-units\/\" target=\"_blank\" rel=\"noopener\">a\u00e7\u00f5es ordin\u00e1rias<\/a> de emiss\u00e3o da Arezzo.&nbsp;<\/p>\n\n\n\n<p>Considerando isso, os novos pre\u00e7os-alvo do Safra s\u00e3o: R$83,7 para as a\u00e7\u00f5es Arezzo e R$10,1 para os pap\u00e9is do Grupo Soma. A casa elevou a recomenda\u00e7\u00e3o da Arezzo de neutra para compra, em linha com o potencial de valoriza\u00e7\u00e3o de 33% nos pap\u00e9is, enquanto as <strong>a\u00e7\u00f5es do Soma <\/strong>seguem com recomenda\u00e7\u00e3o de compra. <\/p>\n\n\n\n<p>Sobre a aprova\u00e7\u00e3o da fus\u00e3o no<strong> Conselho Administrativo de Defesa Econ\u00f4mica (Cade)<\/strong>, os analistas do Safra acreditam que n\u00e3o haver\u00e1 problemas, uma vez que a sobreposi\u00e7\u00e3o de categorias entre as marcas das empresas \u00e9 bastante limitada.<\/p>\n\n\n\n<h2 class=\"wp-block-heading\">Integra\u00e7\u00e3o entre Arezzo e Grupo Soma ter\u00e1 \u2018desafios culturais\u2019, diz BTG<\/h2>\n\n\n\n<p>Em relat\u00f3rio, o&nbsp;<strong>BTG Pactual<\/strong>&nbsp;(BPAC11) avaliou que as ind\u00fastrias da moda e do luxo s\u00e3o dominadas por um pequeno grupo de grandes empresas que se estabeleceram como l\u00edderes de mercado e diversificaram seus portf\u00f3lios.<\/p>\n\n\n\n<p>O banco cita alguns exemplos, como LVMH, Kering, Ralph Lauren, PVH, Prada Group, Richemont e Luxottica Group. \u201cEsses conglomerados geralmente geram sinergias (e, em alguns casos, tamb\u00e9m ganhos de produ\u00e7\u00e3o), diversificando ao mesmo tempo a sua exposi\u00e7\u00e3o a m\u00faltiplos segmentos da moda\u201d, escrevem os analistas Luiz Guanais, Gabriel Disselli e Pedro Lima.<\/p>\n\n\n\n\t<div data-element=\"shortcode-read-more\" class=\"readToo\">\n\t\t\t\t<span class=\"readToo__title\">Leia mais<\/span>\n\t\t\t\t<ul class=\"readToo__list\">\n\t\t\t<li><a href=\"https:\/\/www.suno.com.br\/noticias\/ibovespa-sobe-grupo-soma-soma3-lidera-ganhos-gss\/\">Ibovespa sobe no in\u00edcio da sess\u00e3o; Grupo Soma (SOMA3) e Arezzo (ARRZ3) lideram ganhos, Casas Bahia (BHIA3) cai e d\u00f3lar avan\u00e7a<\/a><\/li><li><a href=\"https:\/\/www.suno.com.br\/noticias\/arezzo-arzz3-grupo-soma-soma3-fecham-fusao-jvj\/\">Arezzo (ARZZ3) e Grupo Soma (SOMA3) fecham acordo de fus\u00e3o, diz jornal<\/a><\/li>\t\t<\/ul>\n\t<\/div>\n\n\n\n\n<p>O banco pontua que apesar de ser um neg\u00f3cio complexo que cria um player com m\u00faltiplas marcas e culturas diferentes nos segmentos de vestu\u00e1rio e cal\u00e7ados \u2013 sem citar os riscos de execu\u00e7\u00e3o no processo de integra\u00e7\u00e3o \u2013 a fus\u00e3o entre Arezzo e Grupo Soma poderia permitir a captura de sinergias em distribui\u00e7\u00e3o, desenvolvimento de produtos, opera\u00e7\u00f5es de franquia e produ\u00e7\u00e3o. \u201cIsso n\u00e3o significa que n\u00e3o haver\u00e1 desafios culturais\u201d, completam os analistas.<\/p>\n\n\n\n<p>O BTG tem recomenda\u00e7\u00e3o de \u2018compra\u2019 para as&nbsp;<strong>a\u00e7\u00f5es de&nbsp;Arezzo<\/strong>, com pre\u00e7o-alvo a R$ 80,00.<\/p>\n\n\n\n<h2 class=\"wp-block-heading\">Arezzo e Grupo Soma confirmam fus\u00e3o<\/h2>\n\n\n\n<p>Em <a class=\"suno-keyword\" target=\"_blank\" data-force=\"no\" data-priority=\"1\" href=\"https:\/\/www.suno.com.br\/artigos\/fato-relevante\/\" rel=\"noopener\">fato relevante<\/a>, a Arezzo e o Grupo Soma divulgaram detalhes sobre o acordo de associa\u00e7\u00e3o que tem como objetivo a jun\u00e7\u00e3o dos neg\u00f3cios e a unifica\u00e7\u00e3o das respectivas bases acion\u00e1rias.<\/p>\n\n\n\n<p>Segundo o comunicado, a governan\u00e7a da nova empresa ser\u00e1 comandada de maneira conjunta pelos atuais&nbsp;<strong>acionistas de refer\u00eancia da Arezzo<\/strong>&nbsp;e do&nbsp;<strong>Grupo Soma<\/strong>. Assim,&nbsp;<strong>Alexandre Birman<\/strong>&nbsp;ser\u00e1 o CEO da nova companhia, enquanto&nbsp;<strong>Roberto Luiz Jatahy Gon\u00e7alves<\/strong>&nbsp;o CEO da business unit de vestu\u00e1rio feminino.<\/p>\n\n\n\n<p>Por sua vez,&nbsp;<strong>Rony Meisler<\/strong>&nbsp;permanecer\u00e1 como CEO da business unit da Arezzo, enquanto&nbsp;<strong>Thiago Hering<\/strong>&nbsp;continuar\u00e1 como CEO da business unit&nbsp;<strong>Hering<\/strong>.<\/p>\n\n\n\t<p>\n\t\t<a href=\"https:\/\/lp.suno.com.br\/ebook-como-analisar-uma-acao\/\" target=\"_blank\" data-element=\"shortcode-suno-banner\" title=\"Banner SUNO, clique e saiba mais\">\n\t\t\t<picture>\n\t\t\t\t<source media=\"(max-width: 500px)\" srcset=\"https:\/\/files.sunoresearch.com.br\/n\/uploads\/2023\/03\/Ebook-Acoes-Mobile.jpg\">\n\t\t\t\t<img class=\"newsContent__article__imgCapa newsContent__article__imgCapa--banner\"\n\t\t\t\t\tsrc=\"https:\/\/files.sunoresearch.com.br\/n\/uploads\/2023\/03\/Ebook-Acoes-Desktop.jpg\"\n\t\t\t\t\tdata-promo-id=\"378302\"\t\t\t\t\t\t\t\t\t\twidth='1420' height='286'\t\t\t\t\talt=\"https:\/\/files.sunoresearch.com.br\/n\/uploads\/2023\/03\/Ebook-Acoes-Desktop.jpg\"\n\t\t\t\t>\n\t\t\t<\/picture>\n\t\t<\/a>\n\t<\/p>\n\n\n\n\n\n<p>Com a implementa\u00e7\u00e3o da opera\u00e7\u00e3o, a companhia alcan\u00e7a um faturamento pr\u00f3ximo de R$ 12 bilh\u00f5es e passar\u00e1 a comercializar cal\u00e7ados, bolsas, itens de moda masculina, feminina e infantil, incluindo roupas e acess\u00f3rios por meio de suas 34 marcas e mais de 2 mil lojas pr\u00f3prias e franquias.<\/p>\n\n\n\n<p>A&nbsp;<strong>fus\u00e3o entre Arezzo e Grupo Soma<\/strong>&nbsp;cria uma nova empresa com quatro verticais de neg\u00f3cios: cal\u00e7ados e bolsas; vestu\u00e1rio e lifestyle feminino, vestu\u00e1rio e lifestyle masculino e vestu\u00e1rio democr\u00e1tico.<\/p>\n\n\n\n<p>\u201cO surgimento dessa nova empresa acarreta grandes oportunidades de gera\u00e7\u00e3o de valor adicional, tais como, o desenvolvimento das categorias de cal\u00e7ados e bolsas nas<strong>&nbsp;marcas do Grupo Soma<\/strong>&nbsp;gerando alavancagem de receita, otimiza\u00e7\u00e3o da gest\u00e3o dos canais de multimarcas, e-commerce e, principalmente, franquias, otimiza\u00e7\u00e3o da planta industrial de malharia da&nbsp;<strong>Hering<\/strong>&nbsp;e a prepara\u00e7\u00e3o dessa nova empresa para plugar outras verticais de neg\u00f3cio\u201d, diz a nota conjunta divulgada pelas companhias.<\/p>\n\n\n\n<p>Ainda segundo o <a class=\"suno-keyword\" data-force=\"no\" data-priority=\"1\" href=\"https:\/\/www.suno.com.br\/artigos\/fato-relevante\/\" target=\"_blank\" rel=\"noopener\">fato relevante<\/a>, a companhia resultante da fus\u00e3o adotar\u00e1 uma nova denomina\u00e7\u00e3o social a ser definida em comum acordo.<\/p>\n\n\n\n\n\n<h2 class=\"wp-block-heading\">Cota\u00e7\u00e3o <\/h2>\n\n\n\n<p>Na tarde desta segunda-feira (05), as a\u00e7\u00f5es da <strong>Arezzo<\/strong> caem 1,70%, sendo cotadas a R$ 61,73, enquanto as a\u00e7\u00f5es do Grupo Soma tem queda de 3,24%, cotadas a R$ 7,46. <\/p>\n\n\n\t<p>\n\t\t<a href=\"https:\/\/lp.suno.com.br\/planilha-da-vida-financeira\/\" target=\"_blank\" data-element=\"shortcode-suno-banner\" title=\"Banner SUNO, clique e saiba mais\">\n\t\t\t<picture>\n\t\t\t\t<source media=\"(max-width: 500px)\" srcset=\"https:\/\/files.sunoresearch.com.br\/n\/uploads\/2023\/04\/400x300-Planilha-vida-financeira-true.png\">\n\t\t\t\t<img class=\"newsContent__article__imgCapa newsContent__article__imgCapa--banner\"\n\t\t\t\t\tsrc=\"https:\/\/files.sunoresearch.com.br\/n\/uploads\/2023\/04\/1420x240-Planilha-vida-financeira-true.png\"\n\t\t\t\t\tdata-promo-id=\"383123\"\t\t\t\t\t\t\t\t\t\twidth='1420' height='240'\t\t\t\t\talt=\"https:\/\/files.sunoresearch.com.br\/n\/uploads\/2023\/04\/1420x240-Planilha-vida-financeira-true.png\"\n\t\t\t\t>\n\t\t\t<\/picture>\n\t\t<\/a>\n\t<\/p>\n\n\n","protected":false},"excerpt":{"rendered":"<p>A Arezzo (ARZZ3) e o Grupo Soma (SOMA3) confirmaram, na manh\u00e3 desta segunda-feira (05), o acordo para fus\u00e3o entre as duas companhias. Segundo o Safra, o movimento \u00e9 positivo e cria valor para os acionistas de ambas as empresas, pois as sinergias devem ser relevantes. Dessa forma, o banco recomenda compra para os dois pap\u00e9is.\u00a0 [&hellip;]<\/p>\n","protected":false},"author":301,"featured_media":93986,"comment_status":"closed","ping_status":"closed","sticky":false,"template":"","format":"standard","meta":[],"categories":[60],"tags":[362,62812,106587],"suno_strategy":[],"class_list":["post-519995","post","type-post","status-publish","format-standard","has-post-thumbnail","hentry","category-mercado","tag-arezzo-arzz3","tag-fusoes-e-aquisicoes","tag-soma"],"yoast_head":"<!-- This site is optimized with the Yoast SEO plugin v24.4 - https:\/\/yoast.com\/wordpress\/plugins\/seo\/ -->\n<title>Arezzo (ARZZ3) pode subir 30% ap\u00f3s fus\u00e3o, diz Safra<\/title>\n<meta name=\"description\" content=\"A Arezzo (ARZZ3) e o Grupo Soma (SOMA3) confirmaram, na manh\u00e3 desta segunda-feira (05), a fus\u00e3o entre as duas companhias.\" \/>\n<meta name=\"robots\" content=\"index, follow, max-snippet:-1, max-image-preview:large, max-video-preview:-1\" \/>\n<link rel=\"canonical\" href=\"https:\/\/www.suno.com.br\/noticias\/arezzo-arzz3-grupo-soma-soma3-goldman-sachs-va\/\" \/>\n<meta property=\"og:locale\" content=\"pt_BR\" \/>\n<meta property=\"og:type\" content=\"article\" \/>\n<meta property=\"og:title\" content=\"Arezzo (ARZZ3) pode subir 30% ap\u00f3s fus\u00e3o, diz Safra\" \/>\n<meta property=\"og:description\" content=\"A Arezzo (ARZZ3) e o Grupo Soma (SOMA3) confirmaram, na manh\u00e3 desta segunda-feira (05), a fus\u00e3o entre as duas companhias.\" \/>\n<meta property=\"og:url\" content=\"https:\/\/www.suno.com.br\/noticias\/arezzo-arzz3-grupo-soma-soma3-goldman-sachs-va\/\" \/>\n<meta property=\"og:site_name\" content=\"Suno Not\u00edcias\" \/>\n<meta property=\"article:publisher\" content=\"https:\/\/facebook.com\/sunoresearch\" \/>\n<meta property=\"og:image\" content=\"https:\/\/files.sunoresearch.com.br\/n\/uploads\/2020\/10\/ce1383b1-5d3a105f3f79e.jpg\" \/>\n\t<meta property=\"og:image:width\" content=\"1280\" \/>\n\t<meta property=\"og:image:height\" content=\"920\" \/>\n\t<meta property=\"og:image:type\" content=\"image\/jpeg\" \/>\n<meta name=\"author\" content=\"Vin\u00edcius Alves\" \/>\n<meta name=\"twitter:card\" content=\"summary_large_image\" \/>\n<meta name=\"twitter:creator\" content=\"@sunoresearch\" \/>\n<meta name=\"twitter:site\" content=\"@sunoresearch\" \/>\n<meta name=\"twitter:label1\" content=\"Escrito por\" \/>\n\t<meta name=\"twitter:data1\" content=\"Vin\u00edcius Alves\" \/>\n\t<meta name=\"twitter:label2\" content=\"Est. tempo de leitura\" \/>\n\t<meta name=\"twitter:data2\" content=\"4 minutos\" \/>\n<script type=\"application\/ld+json\" class=\"yoast-schema-graph\">{\"@context\":\"https:\/\/schema.org\",\"@graph\":[{\"@type\":\"NewsArticle\",\"@id\":\"https:\/\/www.suno.com.br\/noticias\/arezzo-arzz3-grupo-soma-soma3-goldman-sachs-va\/#article\",\"isPartOf\":{\"@id\":\"https:\/\/www.suno.com.br\/noticias\/arezzo-arzz3-grupo-soma-soma3-goldman-sachs-va\/\"},\"author\":{\"name\":\"Vin\u00edcius Alves\",\"@id\":\"https:\/\/www.suno.com.br\/noticias\/#\/schema\/person\/4a180549702d0e236b3e420862bcded3\"},\"headline\":\"Arezzo (ARZZ3) e Grupo Soma (SOMA3): banco v\u00ea fus\u00e3o positiva e eleva pre\u00e7os-alvo das a\u00e7\u00f5es, com valoriza\u00e7\u00e3o acima de 30%\",\"datePublished\":\"2024-02-05T18:24:02+00:00\",\"dateModified\":\"2024-02-06T17:36:24+00:00\",\"mainEntityOfPage\":{\"@id\":\"https:\/\/www.suno.com.br\/noticias\/arezzo-arzz3-grupo-soma-soma3-goldman-sachs-va\/\"},\"wordCount\":806,\"publisher\":{\"@id\":\"https:\/\/www.suno.com.br\/noticias\/#organization\"},\"image\":{\"@id\":\"https:\/\/www.suno.com.br\/noticias\/arezzo-arzz3-grupo-soma-soma3-goldman-sachs-va\/#primaryimage\"},\"thumbnailUrl\":\"https:\/\/files.sunoresearch.com.br\/n\/uploads\/2020\/10\/ce1383b1-5d3a105f3f79e-jpg.webp\",\"keywords\":[\"Arezzo (ARZZ3)\",\"fus\u00f5es e aquisi\u00e7\u00f5es\",\"soma\"],\"articleSection\":[\"Mercado\"],\"inLanguage\":\"pt-BR\"},{\"@type\":\"WebPage\",\"@id\":\"https:\/\/www.suno.com.br\/noticias\/arezzo-arzz3-grupo-soma-soma3-goldman-sachs-va\/\",\"url\":\"https:\/\/www.suno.com.br\/noticias\/arezzo-arzz3-grupo-soma-soma3-goldman-sachs-va\/\",\"name\":\"Arezzo (ARZZ3) pode subir 30% ap\u00f3s fus\u00e3o, diz Safra\",\"isPartOf\":{\"@id\":\"https:\/\/www.suno.com.br\/noticias\/#website\"},\"primaryImageOfPage\":{\"@id\":\"https:\/\/www.suno.com.br\/noticias\/arezzo-arzz3-grupo-soma-soma3-goldman-sachs-va\/#primaryimage\"},\"image\":{\"@id\":\"https:\/\/www.suno.com.br\/noticias\/arezzo-arzz3-grupo-soma-soma3-goldman-sachs-va\/#primaryimage\"},\"thumbnailUrl\":\"https:\/\/files.sunoresearch.com.br\/n\/uploads\/2020\/10\/ce1383b1-5d3a105f3f79e-jpg.webp\",\"datePublished\":\"2024-02-05T18:24:02+00:00\",\"dateModified\":\"2024-02-06T17:36:24+00:00\",\"description\":\"A Arezzo (ARZZ3) e o Grupo Soma (SOMA3) confirmaram, na manh\u00e3 desta segunda-feira (05), a fus\u00e3o entre as duas companhias.\",\"breadcrumb\":{\"@id\":\"https:\/\/www.suno.com.br\/noticias\/arezzo-arzz3-grupo-soma-soma3-goldman-sachs-va\/#breadcrumb\"},\"inLanguage\":\"pt-BR\",\"potentialAction\":[{\"@type\":\"ReadAction\",\"target\":[\"https:\/\/www.suno.com.br\/noticias\/arezzo-arzz3-grupo-soma-soma3-goldman-sachs-va\/\"]}]},{\"@type\":\"ImageObject\",\"inLanguage\":\"pt-BR\",\"@id\":\"https:\/\/www.suno.com.br\/noticias\/arezzo-arzz3-grupo-soma-soma3-goldman-sachs-va\/#primaryimage\",\"url\":\"https:\/\/files.sunoresearch.com.br\/n\/uploads\/2020\/10\/ce1383b1-5d3a105f3f79e-jpg.webp\",\"contentUrl\":\"https:\/\/files.sunoresearch.com.br\/n\/uploads\/2020\/10\/ce1383b1-5d3a105f3f79e-jpg.webp\",\"width\":1280,\"height\":920,\"caption\":\"Arezzo (ARZZ3)\"},{\"@type\":\"BreadcrumbList\",\"@id\":\"https:\/\/www.suno.com.br\/noticias\/arezzo-arzz3-grupo-soma-soma3-goldman-sachs-va\/#breadcrumb\",\"itemListElement\":[{\"@type\":\"ListItem\",\"position\":1,\"name\":\"Not\u00edcias\",\"item\":\"https:\/\/www.suno.com.br\/noticias\/\"},{\"@type\":\"ListItem\",\"position\":2,\"name\":\"Mercado\",\"item\":\"https:\/\/www.suno.com.br\/noticias\/mercado\/\"},{\"@type\":\"ListItem\",\"position\":3,\"name\":\"Arezzo (ARZZ3) e Grupo Soma (SOMA3): banco v\u00ea fus\u00e3o positiva e eleva pre\u00e7os-alvo das a\u00e7\u00f5es, com valoriza\u00e7\u00e3o acima de 30%\"}]},{\"@type\":\"WebSite\",\"@id\":\"https:\/\/www.suno.com.br\/noticias\/#website\",\"url\":\"https:\/\/www.suno.com.br\/noticias\/\",\"name\":\"Suno Not\u00edcias\",\"description\":\"Seu portal de informa\u00e7\u00e3o sobre o mundo dos investimentos\",\"publisher\":{\"@id\":\"https:\/\/www.suno.com.br\/noticias\/#organization\"},\"potentialAction\":[{\"@type\":\"SearchAction\",\"target\":{\"@type\":\"EntryPoint\",\"urlTemplate\":\"https:\/\/www.suno.com.br\/noticias\/?s={search_term_string}\"},\"query-input\":{\"@type\":\"PropertyValueSpecification\",\"valueRequired\":true,\"valueName\":\"search_term_string\"}}],\"inLanguage\":\"pt-BR\"},{\"@type\":\"Organization\",\"@id\":\"https:\/\/www.suno.com.br\/noticias\/#organization\",\"name\":\"Suno Not\u00edcias\",\"url\":\"https:\/\/www.suno.com.br\/noticias\/\",\"logo\":{\"@type\":\"ImageObject\",\"inLanguage\":\"pt-BR\",\"@id\":\"https:\/\/www.suno.com.br\/noticias\/#\/schema\/logo\/image\/\",\"url\":\"https:\/\/files.sunoresearch.com.br\/n\/uploads\/2021\/09\/suno-logo.png\",\"contentUrl\":\"https:\/\/files.sunoresearch.com.br\/n\/uploads\/2021\/09\/suno-logo.png\",\"width\":180,\"height\":180,\"caption\":\"Suno Not\u00edcias\"},\"image\":{\"@id\":\"https:\/\/www.suno.com.br\/noticias\/#\/schema\/logo\/image\/\"},\"sameAs\":[\"https:\/\/facebook.com\/sunoresearch\",\"https:\/\/x.com\/sunoresearch\",\"https:\/\/www.instagram.com\/suno\",\"https:\/\/www.linkedin.com\/company\/suno-research\/\",\"https:\/\/www.youtube.com\/c\/sunoresearch\"]},{\"@type\":\"Person\",\"@id\":\"https:\/\/www.suno.com.br\/noticias\/#\/schema\/person\/4a180549702d0e236b3e420862bcded3\",\"name\":\"Vin\u00edcius Alves\",\"image\":{\"@type\":\"ImageObject\",\"inLanguage\":\"pt-BR\",\"@id\":\"https:\/\/www.suno.com.br\/noticias\/#\/schema\/person\/image\/\",\"url\":\"https:\/\/secure.gravatar.com\/avatar\/a95b7fe6d1b813f7907d4f476d5a39e1?s=96&r=g\",\"contentUrl\":\"https:\/\/secure.gravatar.com\/avatar\/a95b7fe6d1b813f7907d4f476d5a39e1?s=96&r=g\",\"caption\":\"Vin\u00edcius Alves\"},\"description\":\"Jornalista formado na Faculdade C\u00e1sper L\u00edbero. Com passagens pela Ag\u00eancia Estado, InfoMoney e Editora Globo.\",\"url\":\"https:\/\/www.suno.com.br\/noticias\/author\/vini08correiagmail-com\/\"}]}<\/script>\n<!-- \/ Yoast SEO plugin. -->","yoast_head_json":{"title":"Arezzo (ARZZ3) pode subir 30% ap\u00f3s fus\u00e3o, diz Safra","description":"A Arezzo (ARZZ3) e o Grupo Soma (SOMA3) confirmaram, na manh\u00e3 desta segunda-feira (05), a fus\u00e3o entre as duas companhias.","robots":{"index":"index","follow":"follow","max-snippet":"max-snippet:-1","max-image-preview":"max-image-preview:large","max-video-preview":"max-video-preview:-1"},"canonical":"https:\/\/www.suno.com.br\/noticias\/arezzo-arzz3-grupo-soma-soma3-goldman-sachs-va\/","og_locale":"pt_BR","og_type":"article","og_title":"Arezzo (ARZZ3) pode subir 30% ap\u00f3s fus\u00e3o, diz Safra","og_description":"A Arezzo (ARZZ3) e o Grupo Soma (SOMA3) confirmaram, na manh\u00e3 desta segunda-feira (05), a fus\u00e3o entre as duas companhias.","og_url":"https:\/\/www.suno.com.br\/noticias\/arezzo-arzz3-grupo-soma-soma3-goldman-sachs-va\/","og_site_name":"Suno Not\u00edcias","article_publisher":"https:\/\/facebook.com\/sunoresearch","og_image":[{"width":1280,"height":920,"url":"https:\/\/files.sunoresearch.com.br\/n\/uploads\/2020\/10\/ce1383b1-5d3a105f3f79e.jpg","type":"image\/jpeg"}],"author":"Vin\u00edcius Alves","twitter_card":"summary_large_image","twitter_creator":"@sunoresearch","twitter_site":"@sunoresearch","twitter_misc":{"Escrito por":"Vin\u00edcius Alves","Est. tempo de leitura":"4 minutos"},"schema":{"@context":"https:\/\/schema.org","@graph":[{"@type":"NewsArticle","@id":"https:\/\/www.suno.com.br\/noticias\/arezzo-arzz3-grupo-soma-soma3-goldman-sachs-va\/#article","isPartOf":{"@id":"https:\/\/www.suno.com.br\/noticias\/arezzo-arzz3-grupo-soma-soma3-goldman-sachs-va\/"},"author":{"name":"Vin\u00edcius Alves","@id":"https:\/\/www.suno.com.br\/noticias\/#\/schema\/person\/4a180549702d0e236b3e420862bcded3"},"headline":"Arezzo (ARZZ3) e Grupo Soma (SOMA3): banco v\u00ea fus\u00e3o positiva e eleva pre\u00e7os-alvo das a\u00e7\u00f5es, com valoriza\u00e7\u00e3o acima de 30%","datePublished":"2024-02-05T18:24:02+00:00","dateModified":"2024-02-06T17:36:24+00:00","mainEntityOfPage":{"@id":"https:\/\/www.suno.com.br\/noticias\/arezzo-arzz3-grupo-soma-soma3-goldman-sachs-va\/"},"wordCount":806,"publisher":{"@id":"https:\/\/www.suno.com.br\/noticias\/#organization"},"image":{"@id":"https:\/\/www.suno.com.br\/noticias\/arezzo-arzz3-grupo-soma-soma3-goldman-sachs-va\/#primaryimage"},"thumbnailUrl":"https:\/\/files.sunoresearch.com.br\/n\/uploads\/2020\/10\/ce1383b1-5d3a105f3f79e-jpg.webp","keywords":["Arezzo (ARZZ3)","fus\u00f5es e aquisi\u00e7\u00f5es","soma"],"articleSection":["Mercado"],"inLanguage":"pt-BR"},{"@type":"WebPage","@id":"https:\/\/www.suno.com.br\/noticias\/arezzo-arzz3-grupo-soma-soma3-goldman-sachs-va\/","url":"https:\/\/www.suno.com.br\/noticias\/arezzo-arzz3-grupo-soma-soma3-goldman-sachs-va\/","name":"Arezzo (ARZZ3) pode subir 30% ap\u00f3s fus\u00e3o, diz Safra","isPartOf":{"@id":"https:\/\/www.suno.com.br\/noticias\/#website"},"primaryImageOfPage":{"@id":"https:\/\/www.suno.com.br\/noticias\/arezzo-arzz3-grupo-soma-soma3-goldman-sachs-va\/#primaryimage"},"image":{"@id":"https:\/\/www.suno.com.br\/noticias\/arezzo-arzz3-grupo-soma-soma3-goldman-sachs-va\/#primaryimage"},"thumbnailUrl":"https:\/\/files.sunoresearch.com.br\/n\/uploads\/2020\/10\/ce1383b1-5d3a105f3f79e-jpg.webp","datePublished":"2024-02-05T18:24:02+00:00","dateModified":"2024-02-06T17:36:24+00:00","description":"A Arezzo (ARZZ3) e o Grupo Soma (SOMA3) confirmaram, na manh\u00e3 desta segunda-feira (05), a fus\u00e3o entre as duas companhias.","breadcrumb":{"@id":"https:\/\/www.suno.com.br\/noticias\/arezzo-arzz3-grupo-soma-soma3-goldman-sachs-va\/#breadcrumb"},"inLanguage":"pt-BR","potentialAction":[{"@type":"ReadAction","target":["https:\/\/www.suno.com.br\/noticias\/arezzo-arzz3-grupo-soma-soma3-goldman-sachs-va\/"]}]},{"@type":"ImageObject","inLanguage":"pt-BR","@id":"https:\/\/www.suno.com.br\/noticias\/arezzo-arzz3-grupo-soma-soma3-goldman-sachs-va\/#primaryimage","url":"https:\/\/files.sunoresearch.com.br\/n\/uploads\/2020\/10\/ce1383b1-5d3a105f3f79e-jpg.webp","contentUrl":"https:\/\/files.sunoresearch.com.br\/n\/uploads\/2020\/10\/ce1383b1-5d3a105f3f79e-jpg.webp","width":1280,"height":920,"caption":"Arezzo (ARZZ3)"},{"@type":"BreadcrumbList","@id":"https:\/\/www.suno.com.br\/noticias\/arezzo-arzz3-grupo-soma-soma3-goldman-sachs-va\/#breadcrumb","itemListElement":[{"@type":"ListItem","position":1,"name":"Not\u00edcias","item":"https:\/\/www.suno.com.br\/noticias\/"},{"@type":"ListItem","position":2,"name":"Mercado","item":"https:\/\/www.suno.com.br\/noticias\/mercado\/"},{"@type":"ListItem","position":3,"name":"Arezzo (ARZZ3) e Grupo Soma (SOMA3): banco v\u00ea fus\u00e3o positiva e eleva pre\u00e7os-alvo das a\u00e7\u00f5es, com valoriza\u00e7\u00e3o acima de 30%"}]},{"@type":"WebSite","@id":"https:\/\/www.suno.com.br\/noticias\/#website","url":"https:\/\/www.suno.com.br\/noticias\/","name":"Suno Not\u00edcias","description":"Seu portal de informa\u00e7\u00e3o sobre o mundo dos investimentos","publisher":{"@id":"https:\/\/www.suno.com.br\/noticias\/#organization"},"potentialAction":[{"@type":"SearchAction","target":{"@type":"EntryPoint","urlTemplate":"https:\/\/www.suno.com.br\/noticias\/?s={search_term_string}"},"query-input":{"@type":"PropertyValueSpecification","valueRequired":true,"valueName":"search_term_string"}}],"inLanguage":"pt-BR"},{"@type":"Organization","@id":"https:\/\/www.suno.com.br\/noticias\/#organization","name":"Suno Not\u00edcias","url":"https:\/\/www.suno.com.br\/noticias\/","logo":{"@type":"ImageObject","inLanguage":"pt-BR","@id":"https:\/\/www.suno.com.br\/noticias\/#\/schema\/logo\/image\/","url":"https:\/\/files.sunoresearch.com.br\/n\/uploads\/2021\/09\/suno-logo.png","contentUrl":"https:\/\/files.sunoresearch.com.br\/n\/uploads\/2021\/09\/suno-logo.png","width":180,"height":180,"caption":"Suno Not\u00edcias"},"image":{"@id":"https:\/\/www.suno.com.br\/noticias\/#\/schema\/logo\/image\/"},"sameAs":["https:\/\/facebook.com\/sunoresearch","https:\/\/x.com\/sunoresearch","https:\/\/www.instagram.com\/suno","https:\/\/www.linkedin.com\/company\/suno-research\/","https:\/\/www.youtube.com\/c\/sunoresearch"]},{"@type":"Person","@id":"https:\/\/www.suno.com.br\/noticias\/#\/schema\/person\/4a180549702d0e236b3e420862bcded3","name":"Vin\u00edcius Alves","image":{"@type":"ImageObject","inLanguage":"pt-BR","@id":"https:\/\/www.suno.com.br\/noticias\/#\/schema\/person\/image\/","url":"https:\/\/secure.gravatar.com\/avatar\/a95b7fe6d1b813f7907d4f476d5a39e1?s=96&r=g","contentUrl":"https:\/\/secure.gravatar.com\/avatar\/a95b7fe6d1b813f7907d4f476d5a39e1?s=96&r=g","caption":"Vin\u00edcius Alves"},"description":"Jornalista formado na Faculdade C\u00e1sper L\u00edbero. Com passagens pela Ag\u00eancia Estado, InfoMoney e Editora Globo.","url":"https:\/\/www.suno.com.br\/noticias\/author\/vini08correiagmail-com\/"}]}},"default_loop_html":"<div class=\"cardsPage__listCard__boxs\"><div class=\"cardsPage__listCard__boxs__img\"><a href=\"https:\/\/www.suno.com.br\/noticias\/arezzo-arzz3-grupo-soma-soma3-goldman-sachs-va\/\"><img class=\"mask\" src=\"https:\/\/www.suno.com.br\/noticias\/wp-content\/themes\/suno\/resources\/images\/spotlight\/spotlight1img\/bg-mask.png\" alt=\"Image Mask\"\/><img src=\"https:\/\/files.sunoresearch.com.br\/n\/uploads\/2020\/10\/ce1383b1-5d3a105f3f79e-400x200.webp\" alt=\"Arezzo (ARZZ3) e Grupo Soma (SOMA3): banco v\u00ea fus\u00e3o positiva e eleva pre\u00e7os-alvo das a\u00e7\u00f5es, com valoriza\u00e7\u00e3o acima de 30%\"\/><\/a><span class=\"spotlightCategory\"><a href=\"https:\/\/www.suno.com.br\/noticias\/mercado\/\">Mercado<\/a><\/span><\/div><div class=\"cardsPage__listCard__boxs__content\"><a href=\"https:\/\/www.suno.com.br\/noticias\/arezzo-arzz3-grupo-soma-soma3-goldman-sachs-va\/\"><h2 class=\"content__title\">Arezzo (ARZZ3) e Grupo Soma (SOMA3): banco v\u00ea fus\u00e3o positiva e eleva pre\u00e7os-alvo das a\u00e7\u00f5es, com valoriza\u00e7\u00e3o acima de 30%<\/h2><\/a><div class=\"newsContent__article__meta\"><div class=\"newsContent__article__meta__authorBox\"><a href=\"https:\/\/www.suno.com.br\/noticias\/author\/joao-vitor-jacintho\/\" class=\"authorBox__avatar noMobi\"><img src=\"https:\/\/secure.gravatar.com\/avatar\/2843227ca03ccf8cc7ccca45204c127e?s=96&#038;r=g\" alt=\"Jo\u00e3o Vitor Jacintho\"><\/a><div class=\"authorBox__name\"><span>por\n\t\t\t<a href=\"https:\/\/www.suno.com.br\/noticias\/author\/joao-vitor-jacintho\/\"><span itemprop=\"author\">Jo\u00e3o Vitor Jacintho<\/span><\/a><\/span><time datetime=\"2024-02-05T15:24:02-03:00\" itemprop=\"datePublished\">05\/02\/2024 15:24<\/time><\/div><\/div><\/div><\/div><\/div>","single_layout":"posts","amp_enabled":true,"_links":{"self":[{"href":"https:\/\/www.suno.com.br\/noticias\/wp-json\/wp\/v2\/posts\/519995"}],"collection":[{"href":"https:\/\/www.suno.com.br\/noticias\/wp-json\/wp\/v2\/posts"}],"about":[{"href":"https:\/\/www.suno.com.br\/noticias\/wp-json\/wp\/v2\/types\/post"}],"author":[{"embeddable":true,"href":"https:\/\/www.suno.com.br\/noticias\/wp-json\/wp\/v2\/users\/301"}],"replies":[{"embeddable":true,"href":"https:\/\/www.suno.com.br\/noticias\/wp-json\/wp\/v2\/comments?post=519995"}],"version-history":[{"count":2,"href":"https:\/\/www.suno.com.br\/noticias\/wp-json\/wp\/v2\/posts\/519995\/revisions"}],"predecessor-version":[{"id":520519,"href":"https:\/\/www.suno.com.br\/noticias\/wp-json\/wp\/v2\/posts\/519995\/revisions\/520519"}],"wp:featuredmedia":[{"embeddable":true,"href":"https:\/\/www.suno.com.br\/noticias\/wp-json\/wp\/v2\/media\/93986"}],"wp:attachment":[{"href":"https:\/\/www.suno.com.br\/noticias\/wp-json\/wp\/v2\/media?parent=519995"}],"wp:term":[{"taxonomy":"category","embeddable":true,"href":"https:\/\/www.suno.com.br\/noticias\/wp-json\/wp\/v2\/categories?post=519995"},{"taxonomy":"post_tag","embeddable":true,"href":"https:\/\/www.suno.com.br\/noticias\/wp-json\/wp\/v2\/tags?post=519995"},{"taxonomy":"suno_strategy","embeddable":true,"href":"https:\/\/www.suno.com.br\/noticias\/wp-json\/wp\/v2\/suno_strategy?post=519995"}],"curies":[{"name":"wp","href":"https:\/\/api.w.org\/{rel}","templated":true}]}}