{"id":519914,"date":"2024-02-05T12:24:03","date_gmt":"2024-02-05T15:24:03","guid":{"rendered":"https:\/\/www.suno.com.br\/noticias\/?p=519914"},"modified":"2024-02-05T12:24:28","modified_gmt":"2024-02-05T15:24:28","slug":"haddad-abrir-o-jogo-mp-reoneracao","status":"publish","type":"post","link":"https:\/\/www.suno.com.br\/noticias\/haddad-abrir-o-jogo-mp-reoneracao\/","title":{"rendered":"Haddad quer &#8216;abrir o jogo&#8217; sobre n\u00fameros de MP; entenda"},"content":{"rendered":"<p>O ministro da Fazenda, <a href=\"https:\/\/www.suno.com.br\/noticias\/haddad-juros-exterior-gpj\/\">Fernando <strong>Haddad<\/strong><\/a>, declarou nesta segunda (5) que a equipe econ\u00f4mica sentaria com os l\u00edderes de bancadas do Congresso para abrir os n\u00fameros que deram embasamento ao Or\u00e7amento e \u00e0 Medida Provis\u00f3ria (MP) da reonera\u00e7\u00e3o gradual da folha de pagamento.<\/p><div class=\"videoFull \">\n\t\t\t<div class=\"videoWrapper yt-lazyload center\"\n\t\t\t\tdata-width=\"960\"\n\t\t\t\tdata-height=\"540\"\n\t\t\t\tdata-id=\"t1YlXtOYlyA\"\n\t\t\t\tdata-alt=\"V\u00eddeo do YouTube - clique para reproduzir\"\n\t\t\t\tdata-logo=\"3\"\n\t\t\t\tdata-imagequality=\"maxres\">\n\t\t\t<\/div>\n\t\t<\/div><script type=\"application\/ld+json\">{\"@context\":\"https:\/\/schema.org\",\"@type\":\"VideoObject\",\"name\":\"\ud83d\udd34 COGNA (COGN3) DESPENCA 11% | Vale (VALE3) sem CEO? | Ibovespa cai\",\"description\":\"#mercadofinanceiro #a\u00e7\u00f5es #investimentos #bolsadevalores #ibovespa #dinheiro #finan\u00e7as #pol\u00edtica #d\u00f3lar #livedas19h #petr4 #petr3 #petrobras #vale3 #vale #a\u00e7\u00f5es #economia #dividendos #cogna #cogn3 #ceo 00:00 In\u00edcio do v\u00eddeo 03:37 Fechamento de preg\u00e3o 06:36 Entenda a queda de COGN3 09:10 Entenda imbr\u00f3glio com CEO da Vale 13:43 Emiss\u00e3o de R$ 1 bilh\u00e3o do Ita\u00fa 15:42 Tesla faz recall de\u2026\",\"duration\":\"PT22M50S\",\"embedUrl\":\"https:\/\/www.youtube.com\/embed\/t1YlXtOYlyA\",\"regionsAllowed\":\"en-US\",\"interactionStatistic\":{\"@type\":\"InteractionCounter\",\"interactionType\":{\"@type\":\"WatchAction\"},\"userInteractionCount\":3484},\"thumbnailUrl\":\"https:\/\/i.ytimg.com\/vi\/t1YlXtOYlyA\/default.jpg\",\"uploadDate\":\"2024-02-03T10:28:43Z\"}<\/script>\n\n\n\n\n\n\n\t<p>\n\t\t<a href=\"\" target=\"_blank\" data-element=\"shortcode-suno-banner\" title=\"Banner SUNO, clique e saiba mais\">\n\t\t\t<picture>\n\t\t\t\t<source media=\"(max-width: 500px)\" srcset=\"\">\n\t\t\t\t<img class=\"newsContent__article__imgCapa newsContent__article__imgCapa--banner\"\n\t\t\t\t\tsrc=\"\"\n\t\t\t\t\tdata-promo-id=\"240038\"\t\t\t\t\t\t\t\t\t\t\t\t\t\t\talt=\"\"\n\t\t\t\t>\n\t\t\t<\/picture>\n\t\t<\/a>\n\t<\/p>\n\n\n\n\n\n<p>O texto da <strong>MP da reonera\u00e7\u00e3o<\/strong> citado por Haddad ainda ser\u00e1 apreciado pelo Congresso.<\/p>\n\n\n\n<p>&#8220;\u00c9 importante nesse momento que o Congresso tome consci\u00eancia dos n\u00fameros do or\u00e7amento aprovado no ano passado. Tem uma coisa que chama Lei de Responsabilidade Fiscal&#8221;, disse Haddad a jornalistas, ap\u00f3s participar de encontro com economistas e pesquisadores do Instituto Brasileiro de Economia da Funda\u00e7\u00e3o Getulio Vargas (Ibre\/FGV).<\/p>\n\n\n\n<p>&#8220;N\u00f3s precisamos que qualquer gesto do Congresso na dire\u00e7\u00e3o de um setor da economia tem que ser compensado por medidas que equilibrem o or\u00e7amento. Ent\u00e3o n\u00f3s temos que ter essa clareza&#8221;, completou o <strong>Ministro da Fazenda<\/strong>.<\/p>\n\n\n\n<p>Haddad frisou a necessidade de compatibilizar decis\u00f5es com os n\u00fameros pensados no final do ano passado.<\/p>\n\n\n\n<p>&#8220;N\u00f3s apresentamos alternativas j\u00e1. Se o Congresso entender que h\u00e1 outras alternativas a serem consideradas, n\u00f3s queremos, obviamente, n\u00f3s iremos para a mesa ouvi-los. Mas n\u00f3s apresentamos uma alternativa, que na minha opini\u00e3o \u00e9 bastante consistente com aquilo que vem sendo desenvolvido pelo Congresso junto ao Executivo&#8221;, acrescentou o ministro.<\/p>\n\n\n\t<p>\n\t\t<a href=\"https:\/\/lp.suno.com.br\/ebook-gratuito-investindo-no-exterior\/\" target=\"_blank\" data-element=\"shortcode-suno-banner\" title=\"Banner SUNO, clique e saiba mais\">\n\t\t\t<picture>\n\t\t\t\t<source media=\"(max-width: 500px)\" srcset=\"https:\/\/files.sunoresearch.com.br\/n\/uploads\/2023\/03\/400x300-Investindo-no-exterior.png\">\n\t\t\t\t<img class=\"newsContent__article__imgCapa newsContent__article__imgCapa--banner\"\n\t\t\t\t\tsrc=\"https:\/\/files.sunoresearch.com.br\/n\/uploads\/2023\/03\/1420x240-Investindo-no-exterior.png\"\n\t\t\t\t\tdata-promo-id=\"383161\"\t\t\t\t\t\t\t\t\t\twidth='1420' height='240'\t\t\t\t\talt=\"https:\/\/files.sunoresearch.com.br\/n\/uploads\/2023\/03\/1420x240-Investindo-no-exterior.png\"\n\t\t\t\t>\n\t\t\t<\/picture>\n\t\t<\/a>\n\t<\/p>\n\n\n\n\n\n<h2 class=\"wp-block-heading\">Haddad cita precat\u00f3rios e ICMS ap\u00f3s governo registrar o segundo maior d\u00e9ficit da hist\u00f3ria<\/h2>\n\n\n\n<p><strong>Haddad<\/strong> declarou, no fim de janeiro, que o resultado das contas do Governo Central, cujo d\u00e9ficit em 2023 foi de R$ 230,535 bilh\u00f5es, ou seja, 2,1% do <a class=\"suno-keyword\" data-force=\"no\" data-priority=\"2\" href=\"https:\/\/www.suno.com.br\/artigos\/pib-produto-interno-bruto\/\" target=\"_blank\" rel=\"noopener\">Produto Interno Bruto (PIB)<\/a>, foi resultado da decis\u00e3o do governo federal de pagar os precat\u00f3rios (d\u00edvidas da Uni\u00e3o com tr\u00e2nsito em julgado) e do acordo feito com governadores a respeito do ICMS sobre combust\u00edveis.<\/p>\n\n\n\n<p>&#8220;A decis\u00e3o, na minha opini\u00e3o, foi acertada. Ela foi amplamente divulgada. N\u00f3s fomos ao Supremo defender a tese de que aquele calote era inconstitucional e eu penso que a opini\u00e3o p\u00fablica, formada e informada, deveria levar em considera\u00e7\u00e3o esse gesto do governo de colocar ordem nas contas&#8221;, justificou <strong>Fernando Haddad<\/strong>.<\/p>\n\n\n\n<p>O ministro se queixou das manchetes desta segunda-feira sobre o <strong>Relat\u00f3rio do Tesouro Nacional<\/strong> ao dizer que elas n\u00e3o correspondiam ao esfor\u00e7o que o governo fez de &#8220;passar a r\u00e9gua&#8221; no que ele chamou de &#8220;legado tenebroso de desorganiza\u00e7\u00e3o das contas p\u00fablicas&#8221;.<\/p>\n\n\n\n<p><strong>Haddad <\/strong>disse ainda que o d\u00e9ficit real se aproximou do n\u00famero mencionado por ele no ano passado, de 1% do PIB. &#8220;Penso que o mercado entendeu e reagiu bem ao que estava programado&#8221;, afirmou.<\/p>\n\n\n\n<p>Com informa\u00e7\u00f5es do Estad\u00e3o Conte\u00fado<\/p>\n\n\n\t<p>\n\t\t<a href=\"https:\/\/lp.suno.com.br\/planilha-da-vida-financeira\/\" target=\"_blank\" data-element=\"shortcode-suno-banner\" title=\"Banner SUNO, clique e saiba mais\">\n\t\t\t<picture>\n\t\t\t\t<source media=\"(max-width: 500px)\" srcset=\"https:\/\/files.sunoresearch.com.br\/n\/uploads\/2023\/04\/400x300-Planilha-vida-financeira-true.png\">\n\t\t\t\t<img class=\"newsContent__article__imgCapa newsContent__article__imgCapa--banner\"\n\t\t\t\t\tsrc=\"https:\/\/files.sunoresearch.com.br\/n\/uploads\/2023\/04\/1420x240-Planilha-vida-financeira-true.png\"\n\t\t\t\t\tdata-promo-id=\"383123\"\t\t\t\t\t\t\t\t\t\twidth='1420' height='240'\t\t\t\t\talt=\"https:\/\/files.sunoresearch.com.br\/n\/uploads\/2023\/04\/1420x240-Planilha-vida-financeira-true.png\"\n\t\t\t\t>\n\t\t\t<\/picture>\n\t\t<\/a>\n\t<\/p>\n\n\n","protected":false},"excerpt":{"rendered":"<p>O ministro da Fazenda, Fernando Haddad, declarou nesta segunda (5) que a equipe econ\u00f4mica sentaria com os l\u00edderes de bancadas do Congresso para abrir os n\u00fameros que deram embasamento ao Or\u00e7amento e \u00e0 Medida Provis\u00f3ria (MP) da reonera\u00e7\u00e3o gradual da folha de pagamento. O texto da MP da reonera\u00e7\u00e3o citado por Haddad ainda ser\u00e1 apreciado [&hellip;]<\/p>\n","protected":false},"author":73,"featured_media":383197,"comment_status":"closed","ping_status":"closed","sticky":false,"template":"","format":"standard","meta":[],"categories":[61],"tags":[106444,716,824],"suno_strategy":[],"class_list":["post-519914","post","type-post","status-publish","format-standard","has-post-thumbnail","hentry","category-politica","tag-agencias","tag-fernando-haddad","tag-ministerio-fazenda"],"yoast_head":"<!-- This site is optimized with the Yoast SEO plugin v24.4 - https:\/\/yoast.com\/wordpress\/plugins\/seo\/ -->\n<title>Haddad quer &#039;abrir o jogo&#039; sobre n\u00fameros de MP; entenda<\/title>\n<meta name=\"description\" content=\"&quot;\u00c9 importante nesse momento que o Congresso tome consci\u00eancia dos n\u00fameros do or\u00e7amento aprovado no ano passado&quot;, disse Haddad\" \/>\n<meta name=\"robots\" content=\"index, follow, max-snippet:-1, max-image-preview:large, max-video-preview:-1\" \/>\n<link rel=\"canonical\" href=\"https:\/\/www.suno.com.br\/noticias\/haddad-abrir-o-jogo-mp-reoneracao\/\" \/>\n<meta property=\"og:locale\" content=\"pt_BR\" \/>\n<meta property=\"og:type\" content=\"article\" \/>\n<meta property=\"og:title\" content=\"Haddad quer &#039;abrir o jogo&#039; sobre n\u00fameros de MP; entenda\" \/>\n<meta property=\"og:description\" content=\"&quot;\u00c9 importante nesse momento que o Congresso tome consci\u00eancia dos n\u00fameros do or\u00e7amento aprovado no ano passado&quot;, disse Haddad\" \/>\n<meta property=\"og:url\" content=\"https:\/\/www.suno.com.br\/noticias\/haddad-abrir-o-jogo-mp-reoneracao\/\" \/>\n<meta property=\"og:site_name\" content=\"Suno Not\u00edcias\" \/>\n<meta property=\"article:publisher\" content=\"https:\/\/facebook.com\/sunoresearch\" \/>\n<meta property=\"og:image\" content=\"https:\/\/files.sunoresearch.com.br\/n\/uploads\/2023\/03\/fernando-haddad-apresentacao-arcabouco-fiscal-foto-jose-cruz-agencia-brasil.jpg\" \/>\n\t<meta property=\"og:image:width\" content=\"1200\" \/>\n\t<meta property=\"og:image:height\" content=\"675\" \/>\n\t<meta property=\"og:image:type\" content=\"image\/jpeg\" \/>\n<meta name=\"author\" content=\"Eduardo Vargas\" \/>\n<meta name=\"twitter:card\" content=\"summary_large_image\" \/>\n<meta name=\"twitter:creator\" content=\"@sunoresearch\" \/>\n<meta name=\"twitter:site\" content=\"@sunoresearch\" \/>\n<meta name=\"twitter:label1\" content=\"Escrito por\" \/>\n\t<meta name=\"twitter:data1\" content=\"Eduardo Vargas\" \/>\n\t<meta name=\"twitter:label2\" content=\"Est. tempo de leitura\" \/>\n\t<meta name=\"twitter:data2\" content=\"3 minutos\" \/>\n<script type=\"application\/ld+json\" class=\"yoast-schema-graph\">{\"@context\":\"https:\/\/schema.org\",\"@graph\":[{\"@type\":\"NewsArticle\",\"@id\":\"https:\/\/www.suno.com.br\/noticias\/haddad-abrir-o-jogo-mp-reoneracao\/#article\",\"isPartOf\":{\"@id\":\"https:\/\/www.suno.com.br\/noticias\/haddad-abrir-o-jogo-mp-reoneracao\/\"},\"author\":{\"name\":\"Eduardo Vargas\",\"@id\":\"https:\/\/www.suno.com.br\/noticias\/#\/schema\/person\/7f4d362bf3518e76090143ae77bb49a5\"},\"headline\":\"Haddad quer &#8216;abrir o jogo&#8217; sobre n\u00fameros de MP; entenda\",\"datePublished\":\"2024-02-05T15:24:03+00:00\",\"dateModified\":\"2024-02-05T15:24:28+00:00\",\"mainEntityOfPage\":{\"@id\":\"https:\/\/www.suno.com.br\/noticias\/haddad-abrir-o-jogo-mp-reoneracao\/\"},\"wordCount\":479,\"publisher\":{\"@id\":\"https:\/\/www.suno.com.br\/noticias\/#organization\"},\"image\":{\"@id\":\"https:\/\/www.suno.com.br\/noticias\/haddad-abrir-o-jogo-mp-reoneracao\/#primaryimage\"},\"thumbnailUrl\":\"https:\/\/files.sunoresearch.com.br\/n\/uploads\/2023\/03\/fernando-haddad-apresentacao-arcabouco-fiscal-foto-jose-cruz-agencia-brasil.jpg\",\"keywords\":[\"Ag\u00eancias\",\"Fernando Haddad\",\"Minist\u00e9rio da Fazenda\"],\"articleSection\":[\"Pol\u00edtica\"],\"inLanguage\":\"pt-BR\"},{\"@type\":\"WebPage\",\"@id\":\"https:\/\/www.suno.com.br\/noticias\/haddad-abrir-o-jogo-mp-reoneracao\/\",\"url\":\"https:\/\/www.suno.com.br\/noticias\/haddad-abrir-o-jogo-mp-reoneracao\/\",\"name\":\"Haddad quer 'abrir o jogo' sobre n\u00fameros de MP; entenda\",\"isPartOf\":{\"@id\":\"https:\/\/www.suno.com.br\/noticias\/#website\"},\"primaryImageOfPage\":{\"@id\":\"https:\/\/www.suno.com.br\/noticias\/haddad-abrir-o-jogo-mp-reoneracao\/#primaryimage\"},\"image\":{\"@id\":\"https:\/\/www.suno.com.br\/noticias\/haddad-abrir-o-jogo-mp-reoneracao\/#primaryimage\"},\"thumbnailUrl\":\"https:\/\/files.sunoresearch.com.br\/n\/uploads\/2023\/03\/fernando-haddad-apresentacao-arcabouco-fiscal-foto-jose-cruz-agencia-brasil.jpg\",\"datePublished\":\"2024-02-05T15:24:03+00:00\",\"dateModified\":\"2024-02-05T15:24:28+00:00\",\"description\":\"\\\"\u00c9 importante nesse momento que o Congresso tome consci\u00eancia dos n\u00fameros do or\u00e7amento aprovado no ano passado\\\", disse Haddad\",\"breadcrumb\":{\"@id\":\"https:\/\/www.suno.com.br\/noticias\/haddad-abrir-o-jogo-mp-reoneracao\/#breadcrumb\"},\"inLanguage\":\"pt-BR\",\"potentialAction\":[{\"@type\":\"ReadAction\",\"target\":[\"https:\/\/www.suno.com.br\/noticias\/haddad-abrir-o-jogo-mp-reoneracao\/\"]}]},{\"@type\":\"ImageObject\",\"inLanguage\":\"pt-BR\",\"@id\":\"https:\/\/www.suno.com.br\/noticias\/haddad-abrir-o-jogo-mp-reoneracao\/#primaryimage\",\"url\":\"https:\/\/files.sunoresearch.com.br\/n\/uploads\/2023\/03\/fernando-haddad-apresentacao-arcabouco-fiscal-foto-jose-cruz-agencia-brasil.jpg\",\"contentUrl\":\"https:\/\/files.sunoresearch.com.br\/n\/uploads\/2023\/03\/fernando-haddad-apresentacao-arcabouco-fiscal-foto-jose-cruz-agencia-brasil.jpg\",\"width\":1200,\"height\":675,\"caption\":\"Medidas para compensar desonera\u00e7\u00e3o da folha saem na pr\u00f3xima semana? Foto: Jos\u00e9 Cruz\/Ag\u00eancia Brasil\"},{\"@type\":\"BreadcrumbList\",\"@id\":\"https:\/\/www.suno.com.br\/noticias\/haddad-abrir-o-jogo-mp-reoneracao\/#breadcrumb\",\"itemListElement\":[{\"@type\":\"ListItem\",\"position\":1,\"name\":\"Not\u00edcias\",\"item\":\"https:\/\/www.suno.com.br\/noticias\/\"},{\"@type\":\"ListItem\",\"position\":2,\"name\":\"Pol\u00edtica\",\"item\":\"https:\/\/www.suno.com.br\/noticias\/politica\/\"},{\"@type\":\"ListItem\",\"position\":3,\"name\":\"Haddad quer &#8216;abrir o jogo&#8217; sobre n\u00fameros de MP; entenda\"}]},{\"@type\":\"WebSite\",\"@id\":\"https:\/\/www.suno.com.br\/noticias\/#website\",\"url\":\"https:\/\/www.suno.com.br\/noticias\/\",\"name\":\"Suno Not\u00edcias\",\"description\":\"Seu portal de informa\u00e7\u00e3o sobre o mundo dos investimentos\",\"publisher\":{\"@id\":\"https:\/\/www.suno.com.br\/noticias\/#organization\"},\"potentialAction\":[{\"@type\":\"SearchAction\",\"target\":{\"@type\":\"EntryPoint\",\"urlTemplate\":\"https:\/\/www.suno.com.br\/noticias\/?s={search_term_string}\"},\"query-input\":{\"@type\":\"PropertyValueSpecification\",\"valueRequired\":true,\"valueName\":\"search_term_string\"}}],\"inLanguage\":\"pt-BR\"},{\"@type\":\"Organization\",\"@id\":\"https:\/\/www.suno.com.br\/noticias\/#organization\",\"name\":\"Suno Not\u00edcias\",\"url\":\"https:\/\/www.suno.com.br\/noticias\/\",\"logo\":{\"@type\":\"ImageObject\",\"inLanguage\":\"pt-BR\",\"@id\":\"https:\/\/www.suno.com.br\/noticias\/#\/schema\/logo\/image\/\",\"url\":\"https:\/\/files.sunoresearch.com.br\/n\/uploads\/2021\/09\/suno-logo.png\",\"contentUrl\":\"https:\/\/files.sunoresearch.com.br\/n\/uploads\/2021\/09\/suno-logo.png\",\"width\":180,\"height\":180,\"caption\":\"Suno Not\u00edcias\"},\"image\":{\"@id\":\"https:\/\/www.suno.com.br\/noticias\/#\/schema\/logo\/image\/\"},\"sameAs\":[\"https:\/\/facebook.com\/sunoresearch\",\"https:\/\/x.com\/sunoresearch\",\"https:\/\/www.instagram.com\/suno\",\"https:\/\/www.linkedin.com\/company\/suno-research\/\",\"https:\/\/www.youtube.com\/c\/sunoresearch\"]},{\"@type\":\"Person\",\"@id\":\"https:\/\/www.suno.com.br\/noticias\/#\/schema\/person\/7f4d362bf3518e76090143ae77bb49a5\",\"name\":\"Eduardo Vargas\",\"image\":{\"@type\":\"ImageObject\",\"inLanguage\":\"pt-BR\",\"@id\":\"https:\/\/www.suno.com.br\/noticias\/#\/schema\/person\/image\/\",\"url\":\"https:\/\/secure.gravatar.com\/avatar\/dac340933427a22924c9f99d1eb2e3f2?s=96&r=g\",\"contentUrl\":\"https:\/\/secure.gravatar.com\/avatar\/dac340933427a22924c9f99d1eb2e3f2?s=96&r=g\",\"caption\":\"Eduardo Vargas\"},\"description\":\"Jornalista formado pela UFSC, cobre macroeconomia, neg\u00f3cios e startups para o Suno Not\u00edcias, escrevendo principalmente not\u00edcias sobre o mercado financeiro e a bolsa de valores. No YouTube e no Instagram, \u00e9 respons\u00e1vel pela produ\u00e7\u00e3o de Reels e Shorts do Suno Not\u00edcias. Anteriormente, trabalhou cobrindo economia e cotidiano no ND+ e para o ND, maior jornal impresso de Santa Catarina. Cursou um semestre letivo de Estudos de M\u00eddia na Universidad de Buenos Aires.\",\"url\":\"https:\/\/www.suno.com.br\/noticias\/author\/eduardo-vargas\/\"}]}<\/script>\n<!-- \/ Yoast SEO plugin. -->","yoast_head_json":{"title":"Haddad quer 'abrir o jogo' sobre n\u00fameros de MP; entenda","description":"\"\u00c9 importante nesse momento que o Congresso tome consci\u00eancia dos n\u00fameros do or\u00e7amento aprovado no ano passado\", disse Haddad","robots":{"index":"index","follow":"follow","max-snippet":"max-snippet:-1","max-image-preview":"max-image-preview:large","max-video-preview":"max-video-preview:-1"},"canonical":"https:\/\/www.suno.com.br\/noticias\/haddad-abrir-o-jogo-mp-reoneracao\/","og_locale":"pt_BR","og_type":"article","og_title":"Haddad quer 'abrir o jogo' sobre n\u00fameros de MP; entenda","og_description":"\"\u00c9 importante nesse momento que o Congresso tome consci\u00eancia dos n\u00fameros do or\u00e7amento aprovado no ano passado\", disse Haddad","og_url":"https:\/\/www.suno.com.br\/noticias\/haddad-abrir-o-jogo-mp-reoneracao\/","og_site_name":"Suno Not\u00edcias","article_publisher":"https:\/\/facebook.com\/sunoresearch","og_image":[{"width":1200,"height":675,"url":"https:\/\/files.sunoresearch.com.br\/n\/uploads\/2023\/03\/fernando-haddad-apresentacao-arcabouco-fiscal-foto-jose-cruz-agencia-brasil.jpg","type":"image\/jpeg"}],"author":"Eduardo Vargas","twitter_card":"summary_large_image","twitter_creator":"@sunoresearch","twitter_site":"@sunoresearch","twitter_misc":{"Escrito por":"Eduardo Vargas","Est. tempo de leitura":"3 minutos"},"schema":{"@context":"https:\/\/schema.org","@graph":[{"@type":"NewsArticle","@id":"https:\/\/www.suno.com.br\/noticias\/haddad-abrir-o-jogo-mp-reoneracao\/#article","isPartOf":{"@id":"https:\/\/www.suno.com.br\/noticias\/haddad-abrir-o-jogo-mp-reoneracao\/"},"author":{"name":"Eduardo Vargas","@id":"https:\/\/www.suno.com.br\/noticias\/#\/schema\/person\/7f4d362bf3518e76090143ae77bb49a5"},"headline":"Haddad quer &#8216;abrir o jogo&#8217; sobre n\u00fameros de MP; entenda","datePublished":"2024-02-05T15:24:03+00:00","dateModified":"2024-02-05T15:24:28+00:00","mainEntityOfPage":{"@id":"https:\/\/www.suno.com.br\/noticias\/haddad-abrir-o-jogo-mp-reoneracao\/"},"wordCount":479,"publisher":{"@id":"https:\/\/www.suno.com.br\/noticias\/#organization"},"image":{"@id":"https:\/\/www.suno.com.br\/noticias\/haddad-abrir-o-jogo-mp-reoneracao\/#primaryimage"},"thumbnailUrl":"https:\/\/files.sunoresearch.com.br\/n\/uploads\/2023\/03\/fernando-haddad-apresentacao-arcabouco-fiscal-foto-jose-cruz-agencia-brasil.jpg","keywords":["Ag\u00eancias","Fernando Haddad","Minist\u00e9rio da Fazenda"],"articleSection":["Pol\u00edtica"],"inLanguage":"pt-BR"},{"@type":"WebPage","@id":"https:\/\/www.suno.com.br\/noticias\/haddad-abrir-o-jogo-mp-reoneracao\/","url":"https:\/\/www.suno.com.br\/noticias\/haddad-abrir-o-jogo-mp-reoneracao\/","name":"Haddad quer 'abrir o jogo' sobre n\u00fameros de MP; entenda","isPartOf":{"@id":"https:\/\/www.suno.com.br\/noticias\/#website"},"primaryImageOfPage":{"@id":"https:\/\/www.suno.com.br\/noticias\/haddad-abrir-o-jogo-mp-reoneracao\/#primaryimage"},"image":{"@id":"https:\/\/www.suno.com.br\/noticias\/haddad-abrir-o-jogo-mp-reoneracao\/#primaryimage"},"thumbnailUrl":"https:\/\/files.sunoresearch.com.br\/n\/uploads\/2023\/03\/fernando-haddad-apresentacao-arcabouco-fiscal-foto-jose-cruz-agencia-brasil.jpg","datePublished":"2024-02-05T15:24:03+00:00","dateModified":"2024-02-05T15:24:28+00:00","description":"\"\u00c9 importante nesse momento que o Congresso tome consci\u00eancia dos n\u00fameros do or\u00e7amento aprovado no ano passado\", disse Haddad","breadcrumb":{"@id":"https:\/\/www.suno.com.br\/noticias\/haddad-abrir-o-jogo-mp-reoneracao\/#breadcrumb"},"inLanguage":"pt-BR","potentialAction":[{"@type":"ReadAction","target":["https:\/\/www.suno.com.br\/noticias\/haddad-abrir-o-jogo-mp-reoneracao\/"]}]},{"@type":"ImageObject","inLanguage":"pt-BR","@id":"https:\/\/www.suno.com.br\/noticias\/haddad-abrir-o-jogo-mp-reoneracao\/#primaryimage","url":"https:\/\/files.sunoresearch.com.br\/n\/uploads\/2023\/03\/fernando-haddad-apresentacao-arcabouco-fiscal-foto-jose-cruz-agencia-brasil.jpg","contentUrl":"https:\/\/files.sunoresearch.com.br\/n\/uploads\/2023\/03\/fernando-haddad-apresentacao-arcabouco-fiscal-foto-jose-cruz-agencia-brasil.jpg","width":1200,"height":675,"caption":"Medidas para compensar desonera\u00e7\u00e3o da folha saem na pr\u00f3xima semana? Foto: Jos\u00e9 Cruz\/Ag\u00eancia Brasil"},{"@type":"BreadcrumbList","@id":"https:\/\/www.suno.com.br\/noticias\/haddad-abrir-o-jogo-mp-reoneracao\/#breadcrumb","itemListElement":[{"@type":"ListItem","position":1,"name":"Not\u00edcias","item":"https:\/\/www.suno.com.br\/noticias\/"},{"@type":"ListItem","position":2,"name":"Pol\u00edtica","item":"https:\/\/www.suno.com.br\/noticias\/politica\/"},{"@type":"ListItem","position":3,"name":"Haddad quer &#8216;abrir o jogo&#8217; sobre n\u00fameros de MP; entenda"}]},{"@type":"WebSite","@id":"https:\/\/www.suno.com.br\/noticias\/#website","url":"https:\/\/www.suno.com.br\/noticias\/","name":"Suno Not\u00edcias","description":"Seu portal de informa\u00e7\u00e3o sobre o mundo dos investimentos","publisher":{"@id":"https:\/\/www.suno.com.br\/noticias\/#organization"},"potentialAction":[{"@type":"SearchAction","target":{"@type":"EntryPoint","urlTemplate":"https:\/\/www.suno.com.br\/noticias\/?s={search_term_string}"},"query-input":{"@type":"PropertyValueSpecification","valueRequired":true,"valueName":"search_term_string"}}],"inLanguage":"pt-BR"},{"@type":"Organization","@id":"https:\/\/www.suno.com.br\/noticias\/#organization","name":"Suno Not\u00edcias","url":"https:\/\/www.suno.com.br\/noticias\/","logo":{"@type":"ImageObject","inLanguage":"pt-BR","@id":"https:\/\/www.suno.com.br\/noticias\/#\/schema\/logo\/image\/","url":"https:\/\/files.sunoresearch.com.br\/n\/uploads\/2021\/09\/suno-logo.png","contentUrl":"https:\/\/files.sunoresearch.com.br\/n\/uploads\/2021\/09\/suno-logo.png","width":180,"height":180,"caption":"Suno Not\u00edcias"},"image":{"@id":"https:\/\/www.suno.com.br\/noticias\/#\/schema\/logo\/image\/"},"sameAs":["https:\/\/facebook.com\/sunoresearch","https:\/\/x.com\/sunoresearch","https:\/\/www.instagram.com\/suno","https:\/\/www.linkedin.com\/company\/suno-research\/","https:\/\/www.youtube.com\/c\/sunoresearch"]},{"@type":"Person","@id":"https:\/\/www.suno.com.br\/noticias\/#\/schema\/person\/7f4d362bf3518e76090143ae77bb49a5","name":"Eduardo Vargas","image":{"@type":"ImageObject","inLanguage":"pt-BR","@id":"https:\/\/www.suno.com.br\/noticias\/#\/schema\/person\/image\/","url":"https:\/\/secure.gravatar.com\/avatar\/dac340933427a22924c9f99d1eb2e3f2?s=96&r=g","contentUrl":"https:\/\/secure.gravatar.com\/avatar\/dac340933427a22924c9f99d1eb2e3f2?s=96&r=g","caption":"Eduardo Vargas"},"description":"Jornalista formado pela UFSC, cobre macroeconomia, neg\u00f3cios e startups para o Suno Not\u00edcias, escrevendo principalmente not\u00edcias sobre o mercado financeiro e a bolsa de valores. No YouTube e no Instagram, \u00e9 respons\u00e1vel pela produ\u00e7\u00e3o de Reels e Shorts do Suno Not\u00edcias. Anteriormente, trabalhou cobrindo economia e cotidiano no ND+ e para o ND, maior jornal impresso de Santa Catarina. Cursou um semestre letivo de Estudos de M\u00eddia na Universidad de Buenos Aires.","url":"https:\/\/www.suno.com.br\/noticias\/author\/eduardo-vargas\/"}]}},"default_loop_html":"<div class=\"cardsPage__listCard__boxs\"><div class=\"cardsPage__listCard__boxs__img\"><a href=\"https:\/\/www.suno.com.br\/noticias\/haddad-abrir-o-jogo-mp-reoneracao\/\"><img class=\"mask\" src=\"https:\/\/www.suno.com.br\/noticias\/wp-content\/themes\/suno\/resources\/images\/spotlight\/spotlight1img\/bg-mask.png\" alt=\"Image Mask\"\/><img src=\"https:\/\/files.sunoresearch.com.br\/n\/uploads\/2023\/03\/fernando-haddad-apresentacao-arcabouco-fiscal-foto-jose-cruz-agencia-brasil-400x200.jpg\" alt=\"Haddad quer &#8216;abrir o jogo&#8217; sobre n\u00fameros de MP; entenda\"\/><\/a><span class=\"spotlightCategory\"><a href=\"https:\/\/www.suno.com.br\/noticias\/politica\/\">Pol\u00edtica<\/a><\/span><\/div><div class=\"cardsPage__listCard__boxs__content\"><a href=\"https:\/\/www.suno.com.br\/noticias\/haddad-abrir-o-jogo-mp-reoneracao\/\"><h2 class=\"content__title\">Haddad quer &#8216;abrir o jogo&#8217; sobre n\u00fameros de MP; entenda<\/h2><\/a><div class=\"newsContent__article__meta\"><div class=\"newsContent__article__meta__authorBox\"><a href=\"https:\/\/www.suno.com.br\/noticias\/author\/eduardo-vargas\/\" class=\"authorBox__avatar noMobi\"><img src=\"https:\/\/secure.gravatar.com\/avatar\/dac340933427a22924c9f99d1eb2e3f2?s=96&#038;r=g\" alt=\"Eduardo Vargas\"><\/a><div class=\"authorBox__name\"><span>por\n\t\t\t<a href=\"https:\/\/www.suno.com.br\/noticias\/author\/eduardo-vargas\/\"><span itemprop=\"author\">Eduardo Vargas<\/span><\/a><\/span><time datetime=\"2024-02-05T12:24:03-03:00\" itemprop=\"datePublished\">05\/02\/2024 12:24<\/time><\/div><\/div><\/div><\/div><\/div>","single_layout":"posts","amp_enabled":true,"_links":{"self":[{"href":"https:\/\/www.suno.com.br\/noticias\/wp-json\/wp\/v2\/posts\/519914"}],"collection":[{"href":"https:\/\/www.suno.com.br\/noticias\/wp-json\/wp\/v2\/posts"}],"about":[{"href":"https:\/\/www.suno.com.br\/noticias\/wp-json\/wp\/v2\/types\/post"}],"author":[{"embeddable":true,"href":"https:\/\/www.suno.com.br\/noticias\/wp-json\/wp\/v2\/users\/73"}],"replies":[{"embeddable":true,"href":"https:\/\/www.suno.com.br\/noticias\/wp-json\/wp\/v2\/comments?post=519914"}],"version-history":[{"count":3,"href":"https:\/\/www.suno.com.br\/noticias\/wp-json\/wp\/v2\/posts\/519914\/revisions"}],"predecessor-version":[{"id":519934,"href":"https:\/\/www.suno.com.br\/noticias\/wp-json\/wp\/v2\/posts\/519914\/revisions\/519934"}],"wp:featuredmedia":[{"embeddable":true,"href":"https:\/\/www.suno.com.br\/noticias\/wp-json\/wp\/v2\/media\/383197"}],"wp:attachment":[{"href":"https:\/\/www.suno.com.br\/noticias\/wp-json\/wp\/v2\/media?parent=519914"}],"wp:term":[{"taxonomy":"category","embeddable":true,"href":"https:\/\/www.suno.com.br\/noticias\/wp-json\/wp\/v2\/categories?post=519914"},{"taxonomy":"post_tag","embeddable":true,"href":"https:\/\/www.suno.com.br\/noticias\/wp-json\/wp\/v2\/tags?post=519914"},{"taxonomy":"suno_strategy","embeddable":true,"href":"https:\/\/www.suno.com.br\/noticias\/wp-json\/wp\/v2\/suno_strategy?post=519914"}],"curies":[{"name":"wp","href":"https:\/\/api.w.org\/{rel}","templated":true}]}}