{"id":519855,"date":"2024-02-05T11:13:11","date_gmt":"2024-02-05T14:13:11","guid":{"rendered":"https:\/\/www.suno.com.br\/noticias\/?p=519855"},"modified":"2024-02-05T11:13:16","modified_gmt":"2024-02-05T14:13:16","slug":"dolar-5reais-rederal-reserve-taxas-juros-cpf","status":"publish","type":"post","link":"https:\/\/www.suno.com.br\/noticias\/dolar-5reais-rederal-reserve-taxas-juros-cpf\/","title":{"rendered":"D\u00f3lar passa de R$ 5 ap\u00f3s falas do presidente do BC dos Estados Unidos"},"content":{"rendered":"<p>A<strong> cota\u00e7\u00e3o do d\u00f3lar<\/strong> abriu o mercado nesta segunda-feira (5) em alta acelerada ultrapassando a marca dos R$ 5,001 (+0,66%). <\/p>\t<div class=\"wrapper-featured-image\">\n\t\t<figure class=\"spotlightImg\">\n\n\t\t\t<picture>\n\t\t\t\t<source media=\"(max-width: 768px)\" srcset=\"https:\/\/files.sunoresearch.com.br\/n\/uploads\/2023\/08\/como-comprar-dolar-para-viajar-eua-2023-400x200.jpg\">\n\t\t\t\t<img loading=\"lazy\" decoding=\"async\" class=\"newsContent__article__imgCapa lazyloadDisabled \" src=\"https:\/\/files.sunoresearch.com.br\/n\/uploads\/2023\/08\/como-comprar-dolar-para-viajar-eua-2023-800x450.jpg\" width=\"800\" height=\"450\" alt=\"D\u00f3lar passa de R$ 5 ap\u00f3s falas do presidente do BC dos Estados Unidos\" fetchpriority=high \/>\n\t\t\t<\/picture>\n\n\t\t\t<figcaption class=\"wp-caption-text wp-caption-text--show\">D\u00f3lar - Foto: Freepik\/ @jcomp<\/figcaption>\n\t\t<\/figure>\n\t<\/div>\n\n\n\n\n\n\n\n\t<p>\n\t\t<a href=\"https:\/\/lp.suno.com.br\/ebook-como-analisar-uma-acao\/\" target=\"_blank\" data-element=\"shortcode-suno-banner\" title=\"Banner SUNO, clique e saiba mais\">\n\t\t\t<picture>\n\t\t\t\t<source media=\"(max-width: 500px)\" srcset=\"https:\/\/files.sunoresearch.com.br\/n\/uploads\/2023\/03\/Ebook-Acoes-Mobile.jpg\">\n\t\t\t\t<img class=\"newsContent__article__imgCapa newsContent__article__imgCapa--banner\"\n\t\t\t\t\tsrc=\"https:\/\/files.sunoresearch.com.br\/n\/uploads\/2023\/03\/Ebook-Acoes-Desktop.jpg\"\n\t\t\t\t\tdata-promo-id=\"378302\"\t\t\t\t\t\t\t\t\t\twidth='1420' height='286'\t\t\t\t\talt=\"https:\/\/files.sunoresearch.com.br\/n\/uploads\/2023\/03\/Ebook-Acoes-Desktop.jpg\"\n\t\t\t\t>\n\t\t\t<\/picture>\n\t\t<\/a>\n\t<\/p>\n\n\n\n\n\n<p>O crescimento do c\u00e2mbio da moeda americana foi um reflexo direto das \u00faltimos pronunciamentos do presidente do Federal Reserve (Fed, o banco central dos Estados Unidos) <a class=\"suno-keyword\" target=\"_blank\" data-force=\"no\" data-priority=\"2\" href=\"https:\/\/www.suno.com.br\/tudo-sobre\/jerome-powell\/\" rel=\"noopener\">Jerome Powell<\/a>, em entrevista \u00e0 emissora <i>CBS<\/i>, no domingo (4). <\/p>\n\n\n\n<p>Na televis\u00e3o, Powell refor\u00e7ou a ideia de que um corte de juros em mar\u00e7o n\u00e3o \u00e9 o mais prov\u00e1vel e citou riscos no <a class=\"suno-keyword\" data-force=\"no\" data-priority=\"1\" href=\"https:\/\/www.suno.com.br\/artigos\/curto-prazo\/\" target=\"_blank\" rel=\"noopener\">curto prazo<\/a>, como o quadro geopol\u00edtico.<\/p>\n\n\n\n\t<div data-element=\"shortcode-read-more\" class=\"readToo\">\n\t\t\t\t<span class=\"readToo__title\">Leia mais<\/span>\n\t\t\t\t<ul class=\"readToo__list\">\n\t\t\t<li><a href=\"https:\/\/www.suno.com.br\/noticias\/ibovespa-sobe-grupo-soma-soma3-lidera-ganhos-gss\/\">Ibovespa sobe no in\u00edcio da sess\u00e3o; Grupo Soma (SOMA3) e Arezzo (ARRZ3) lideram ganhos, Casas Bahia (BHIA3) cai e d\u00f3lar avan\u00e7a<\/a><\/li><li><a href=\"https:\/\/www.suno.com.br\/noticias\/ambev-abev3-safra-projecao-4t23-cpf\/\">Ambev (ABEV3): Sem Copa, Safra aponta novos obst\u00e1culos para empresa, mas mant\u00e9m otimismo para o balan\u00e7o<\/a><\/li><li><a href=\"https:\/\/www.suno.com.br\/noticias\/petrobras-petr4-acordo-unigel-tcu-gpj\/\">Petrobras (PETR4) ir\u00e1 ao TCU explicar acordo que pode causar preju\u00edzo de R$ 487 milh\u00f5es \u00e0 empresa; entenda<\/a><\/li>\t\t<\/ul>\n\t<\/div>\n\n\n\n\n<h2 class=\"wp-block-heading\">Cen\u00e1rio econ\u00f4mico dos EUA <\/h2>\n\n\n\n<p>O economista-chefe da Frente Corretora, Fabrizio Velloni, diz que o foco dos investidores hoje esta justamente no Federal Reserve e seus pr\u00f3ximos passos na <a class=\"suno-keyword\" target=\"_blank\" data-force=\"no\" data-priority=\"1\" href=\"https:\/\/www.suno.com.br\/artigos\/politica-monetaria\/\" rel=\"noopener\">pol\u00edtica monet\u00e1ria<\/a>.<\/p>\n\n\n\n<p>Os juros dos Treasuries sobem em meio \u00e0 percep\u00e7\u00e3o de que a economia norte-americana segue em acelera\u00e7\u00e3o e o Fed deve demorar mais tempo para diminuir os juros e tamb\u00e9m o ciclo de corte pode ser menor que o esperado, avalia. &#8220;O mercado esta apostando agora em apenas tr\u00eas cortes de 0,25 ponto porcentual e in\u00edcio do flexibiliza\u00e7\u00e3o em maio, mas h\u00e1 d\u00favidas ainda.&#8221;<\/p>\n\n\n\n<p>O Fed deve esperar o payroll de abril para observar a rea\u00e7\u00e3o do emprego e da economia, porque h\u00e1 receio de precipita\u00e7\u00e3o no corte pelos dirigentes do BC americano, afirma o economista.<\/p>\n\n\n\n<p>No Brasil, segundo ele, o Congresso retoma os trabalhos e o mercado vai monitorar o quanto est\u00e1 desgastada a rela\u00e7\u00e3o do governo com a C\u00e2mara e o Senado, a fim de aferir a for\u00e7a do governo para aprovar as medidas propostas em tramita\u00e7\u00e3o nas duas casas.<\/p>\n\n\n\t<p>\n\t\t<a href=\"https:\/\/lp.suno.com.br\/ebook-gratuito-investindo-no-exterior\/\" target=\"_blank\" data-element=\"shortcode-suno-banner\" title=\"Banner SUNO, clique e saiba mais\">\n\t\t\t<picture>\n\t\t\t\t<source media=\"(max-width: 500px)\" srcset=\"https:\/\/files.sunoresearch.com.br\/n\/uploads\/2023\/03\/400x300-Investindo-no-exterior.png\">\n\t\t\t\t<img class=\"newsContent__article__imgCapa newsContent__article__imgCapa--banner\"\n\t\t\t\t\tsrc=\"https:\/\/files.sunoresearch.com.br\/n\/uploads\/2023\/03\/1420x240-Investindo-no-exterior.png\"\n\t\t\t\t\tdata-promo-id=\"383161\"\t\t\t\t\t\t\t\t\t\twidth='1420' height='240'\t\t\t\t\talt=\"https:\/\/files.sunoresearch.com.br\/n\/uploads\/2023\/03\/1420x240-Investindo-no-exterior.png\"\n\t\t\t\t>\n\t\t\t<\/picture>\n\t\t<\/a>\n\t<\/p>\n\n\n\n\n\n<h2 class=\"wp-block-heading\">Cota\u00e7\u00e3o do d\u00f3lar nesta segunda-feira (5)<\/h2>\n\n\n\n<p>\u00c0s 10h29, o <strong>c\u00e2mbio do d\u00f3lar<\/strong> \u00e0 vista subia 0,61%, a R$ 4,9985, depois de ultrapassar a marca de R$ 5 \u00e0s 10h23. <\/p>\n\n\n\n<p>O d\u00f3lar para mar\u00e7o ganhava 0,50%, a R$ 5,009, ante m\u00e1xima a R$ 5,0115 (+0,55%).<\/p>\n\n\n\n<p><em>Com informa\u00e7\u00f5es de Estad\u00e3o Conte\u00fado<\/em>.<\/p>\n\n\n\t<p>\n\t\t<a href=\"https:\/\/lp.suno.com.br\/planilha-da-vida-financeira\/\" target=\"_blank\" data-element=\"shortcode-suno-banner\" title=\"Banner SUNO, clique e saiba mais\">\n\t\t\t<picture>\n\t\t\t\t<source media=\"(max-width: 500px)\" srcset=\"https:\/\/files.sunoresearch.com.br\/n\/uploads\/2023\/04\/400x300-Planilha-vida-financeira-true.png\">\n\t\t\t\t<img class=\"newsContent__article__imgCapa newsContent__article__imgCapa--banner\"\n\t\t\t\t\tsrc=\"https:\/\/files.sunoresearch.com.br\/n\/uploads\/2023\/04\/1420x240-Planilha-vida-financeira-true.png\"\n\t\t\t\t\tdata-promo-id=\"383123\"\t\t\t\t\t\t\t\t\t\twidth='1420' height='240'\t\t\t\t\talt=\"https:\/\/files.sunoresearch.com.br\/n\/uploads\/2023\/04\/1420x240-Planilha-vida-financeira-true.png\"\n\t\t\t\t>\n\t\t\t<\/picture>\n\t\t<\/a>\n\t<\/p>\n\n\n","protected":false},"excerpt":{"rendered":"<p>A cota\u00e7\u00e3o do d\u00f3lar abriu o mercado nesta segunda-feira (5) em alta acelerada ultrapassando a marca dos R$ 5,001 (+0,66%). D\u00f3lar &#8211; Foto: Freepik\/ @jcomp O crescimento do c\u00e2mbio da moeda americana foi um reflexo direto das \u00faltimos pronunciamentos do presidente do Federal Reserve (Fed, o banco central dos Estados Unidos) Jerome Powell, em entrevista [&hellip;]<\/p>\n","protected":false},"author":283,"featured_media":444288,"comment_status":"closed","ping_status":"closed","sticky":false,"template":"","format":"standard","meta":[],"categories":[60],"tags":[326,1852,776,1899,1752],"suno_strategy":[],"class_list":["post-519855","post","type-post","status-publish","format-standard","has-post-thumbnail","hentry","category-mercado","tag-dolar","tag-dolar-futuro","tag-federal-reseve-fed","tag-jerome-powell","tag-taxa-de-juros"],"yoast_head":"<!-- This site is optimized with the Yoast SEO plugin v24.4 - https:\/\/yoast.com\/wordpress\/plugins\/seo\/ -->\n<title>D\u00f3lar passa de R$ 5 ap\u00f3s falas do presidente do Federal Reserve<\/title>\n<meta name=\"description\" content=\"A alta do d\u00f3lar nesta segunda-feira (5) refletiu o posicionamento de Jerome Powell sobre a manuten\u00e7\u00e3o da taxa de juros nos EUA.\" \/>\n<meta name=\"robots\" content=\"index, follow, max-snippet:-1, max-image-preview:large, max-video-preview:-1\" \/>\n<link rel=\"canonical\" href=\"https:\/\/www.suno.com.br\/noticias\/dolar-5reais-rederal-reserve-taxas-juros-cpf\/\" \/>\n<meta property=\"og:locale\" content=\"pt_BR\" \/>\n<meta property=\"og:type\" content=\"article\" \/>\n<meta property=\"og:title\" content=\"D\u00f3lar passa de R$ 5 ap\u00f3s falas do presidente do Federal Reserve\" \/>\n<meta property=\"og:description\" content=\"A alta do d\u00f3lar nesta segunda-feira (5) refletiu o posicionamento de Jerome Powell sobre a manuten\u00e7\u00e3o da taxa de juros nos EUA.\" \/>\n<meta property=\"og:url\" content=\"https:\/\/www.suno.com.br\/noticias\/dolar-5reais-rederal-reserve-taxas-juros-cpf\/\" \/>\n<meta property=\"og:site_name\" content=\"Suno Not\u00edcias\" \/>\n<meta property=\"article:publisher\" content=\"https:\/\/facebook.com\/sunoresearch\" \/>\n<meta property=\"og:image\" content=\"https:\/\/files.sunoresearch.com.br\/n\/uploads\/2023\/08\/como-comprar-dolar-para-viajar-eua-2023.jpg\" \/>\n\t<meta property=\"og:image:width\" content=\"1200\" \/>\n\t<meta property=\"og:image:height\" content=\"800\" \/>\n\t<meta property=\"og:image:type\" content=\"image\/jpeg\" \/>\n<meta name=\"author\" content=\"Camila Paim\" \/>\n<meta name=\"twitter:card\" content=\"summary_large_image\" \/>\n<meta name=\"twitter:creator\" content=\"@sunoresearch\" \/>\n<meta name=\"twitter:site\" content=\"@sunoresearch\" \/>\n<meta name=\"twitter:label1\" content=\"Escrito por\" \/>\n\t<meta name=\"twitter:data1\" content=\"Camila Paim\" \/>\n\t<meta name=\"twitter:label2\" content=\"Est. tempo de leitura\" \/>\n\t<meta name=\"twitter:data2\" content=\"2 minutos\" \/>\n<script type=\"application\/ld+json\" class=\"yoast-schema-graph\">{\"@context\":\"https:\/\/schema.org\",\"@graph\":[{\"@type\":\"NewsArticle\",\"@id\":\"https:\/\/www.suno.com.br\/noticias\/dolar-5reais-rederal-reserve-taxas-juros-cpf\/#article\",\"isPartOf\":{\"@id\":\"https:\/\/www.suno.com.br\/noticias\/dolar-5reais-rederal-reserve-taxas-juros-cpf\/\"},\"author\":{\"name\":\"Camila Paim\",\"@id\":\"https:\/\/www.suno.com.br\/noticias\/#\/schema\/person\/f341d3ae5d1cc685176c9a5327cdfdbb\"},\"headline\":\"D\u00f3lar passa de R$ 5 ap\u00f3s falas do presidente do BC dos Estados Unidos\",\"datePublished\":\"2024-02-05T14:13:11+00:00\",\"dateModified\":\"2024-02-05T14:13:16+00:00\",\"mainEntityOfPage\":{\"@id\":\"https:\/\/www.suno.com.br\/noticias\/dolar-5reais-rederal-reserve-taxas-juros-cpf\/\"},\"wordCount\":350,\"publisher\":{\"@id\":\"https:\/\/www.suno.com.br\/noticias\/#organization\"},\"image\":{\"@id\":\"https:\/\/www.suno.com.br\/noticias\/dolar-5reais-rederal-reserve-taxas-juros-cpf\/#primaryimage\"},\"thumbnailUrl\":\"https:\/\/files.sunoresearch.com.br\/n\/uploads\/2023\/08\/como-comprar-dolar-para-viajar-eua-2023.jpg\",\"keywords\":[\"d\u00f3lar\",\"d\u00f3lar futuro\",\"Federal Reserve (FED)\",\"Jerome Powell\",\"taxa de juros\"],\"articleSection\":[\"Mercado\"],\"inLanguage\":\"pt-BR\"},{\"@type\":\"WebPage\",\"@id\":\"https:\/\/www.suno.com.br\/noticias\/dolar-5reais-rederal-reserve-taxas-juros-cpf\/\",\"url\":\"https:\/\/www.suno.com.br\/noticias\/dolar-5reais-rederal-reserve-taxas-juros-cpf\/\",\"name\":\"D\u00f3lar passa de R$ 5 ap\u00f3s falas do presidente do Federal Reserve\",\"isPartOf\":{\"@id\":\"https:\/\/www.suno.com.br\/noticias\/#website\"},\"primaryImageOfPage\":{\"@id\":\"https:\/\/www.suno.com.br\/noticias\/dolar-5reais-rederal-reserve-taxas-juros-cpf\/#primaryimage\"},\"image\":{\"@id\":\"https:\/\/www.suno.com.br\/noticias\/dolar-5reais-rederal-reserve-taxas-juros-cpf\/#primaryimage\"},\"thumbnailUrl\":\"https:\/\/files.sunoresearch.com.br\/n\/uploads\/2023\/08\/como-comprar-dolar-para-viajar-eua-2023.jpg\",\"datePublished\":\"2024-02-05T14:13:11+00:00\",\"dateModified\":\"2024-02-05T14:13:16+00:00\",\"description\":\"A alta do d\u00f3lar nesta segunda-feira (5) refletiu o posicionamento de Jerome Powell sobre a manuten\u00e7\u00e3o da taxa de juros nos EUA.\",\"breadcrumb\":{\"@id\":\"https:\/\/www.suno.com.br\/noticias\/dolar-5reais-rederal-reserve-taxas-juros-cpf\/#breadcrumb\"},\"inLanguage\":\"pt-BR\",\"potentialAction\":[{\"@type\":\"ReadAction\",\"target\":[\"https:\/\/www.suno.com.br\/noticias\/dolar-5reais-rederal-reserve-taxas-juros-cpf\/\"]}]},{\"@type\":\"ImageObject\",\"inLanguage\":\"pt-BR\",\"@id\":\"https:\/\/www.suno.com.br\/noticias\/dolar-5reais-rederal-reserve-taxas-juros-cpf\/#primaryimage\",\"url\":\"https:\/\/files.sunoresearch.com.br\/n\/uploads\/2023\/08\/como-comprar-dolar-para-viajar-eua-2023.jpg\",\"contentUrl\":\"https:\/\/files.sunoresearch.com.br\/n\/uploads\/2023\/08\/como-comprar-dolar-para-viajar-eua-2023.jpg\",\"width\":1200,\"height\":800,\"caption\":\"D\u00f3lar - Foto: Freepik\/ @jcomp\"},{\"@type\":\"BreadcrumbList\",\"@id\":\"https:\/\/www.suno.com.br\/noticias\/dolar-5reais-rederal-reserve-taxas-juros-cpf\/#breadcrumb\",\"itemListElement\":[{\"@type\":\"ListItem\",\"position\":1,\"name\":\"Not\u00edcias\",\"item\":\"https:\/\/www.suno.com.br\/noticias\/\"},{\"@type\":\"ListItem\",\"position\":2,\"name\":\"Mercado\",\"item\":\"https:\/\/www.suno.com.br\/noticias\/mercado\/\"},{\"@type\":\"ListItem\",\"position\":3,\"name\":\"D\u00f3lar passa de R$ 5 ap\u00f3s falas do presidente do BC dos Estados Unidos\"}]},{\"@type\":\"WebSite\",\"@id\":\"https:\/\/www.suno.com.br\/noticias\/#website\",\"url\":\"https:\/\/www.suno.com.br\/noticias\/\",\"name\":\"Suno Not\u00edcias\",\"description\":\"Seu portal de informa\u00e7\u00e3o sobre o mundo dos investimentos\",\"publisher\":{\"@id\":\"https:\/\/www.suno.com.br\/noticias\/#organization\"},\"potentialAction\":[{\"@type\":\"SearchAction\",\"target\":{\"@type\":\"EntryPoint\",\"urlTemplate\":\"https:\/\/www.suno.com.br\/noticias\/?s={search_term_string}\"},\"query-input\":{\"@type\":\"PropertyValueSpecification\",\"valueRequired\":true,\"valueName\":\"search_term_string\"}}],\"inLanguage\":\"pt-BR\"},{\"@type\":\"Organization\",\"@id\":\"https:\/\/www.suno.com.br\/noticias\/#organization\",\"name\":\"Suno Not\u00edcias\",\"url\":\"https:\/\/www.suno.com.br\/noticias\/\",\"logo\":{\"@type\":\"ImageObject\",\"inLanguage\":\"pt-BR\",\"@id\":\"https:\/\/www.suno.com.br\/noticias\/#\/schema\/logo\/image\/\",\"url\":\"https:\/\/files.sunoresearch.com.br\/n\/uploads\/2021\/09\/suno-logo.png\",\"contentUrl\":\"https:\/\/files.sunoresearch.com.br\/n\/uploads\/2021\/09\/suno-logo.png\",\"width\":180,\"height\":180,\"caption\":\"Suno Not\u00edcias\"},\"image\":{\"@id\":\"https:\/\/www.suno.com.br\/noticias\/#\/schema\/logo\/image\/\"},\"sameAs\":[\"https:\/\/facebook.com\/sunoresearch\",\"https:\/\/x.com\/sunoresearch\",\"https:\/\/www.instagram.com\/suno\",\"https:\/\/www.linkedin.com\/company\/suno-research\/\",\"https:\/\/www.youtube.com\/c\/sunoresearch\"]},{\"@type\":\"Person\",\"@id\":\"https:\/\/www.suno.com.br\/noticias\/#\/schema\/person\/f341d3ae5d1cc685176c9a5327cdfdbb\",\"name\":\"Camila Paim\",\"image\":{\"@type\":\"ImageObject\",\"inLanguage\":\"pt-BR\",\"@id\":\"https:\/\/www.suno.com.br\/noticias\/#\/schema\/person\/image\/\",\"url\":\"https:\/\/secure.gravatar.com\/avatar\/f33728e65febb1aa7ecf6792956f9b20?s=96&r=g\",\"contentUrl\":\"https:\/\/secure.gravatar.com\/avatar\/f33728e65febb1aa7ecf6792956f9b20?s=96&r=g\",\"caption\":\"Camila Paim\"},\"description\":\"Jornalista formada pela USP, tem experi\u00eancia em reda\u00e7\u00f5es, SEO, Branded Content e Webdesign. Com passagem pelo Jornal da USP, Empiricus e C6 Bank, hoje \u00e9 rep\u00f3rter no Suno Not\u00edcias cobrindo macroeconomia, finan\u00e7as pessoais e startups.\",\"url\":\"https:\/\/www.suno.com.br\/noticias\/author\/camila-figueiredosuno-com-br\/\"}]}<\/script>\n<!-- \/ Yoast SEO plugin. -->","yoast_head_json":{"title":"D\u00f3lar passa de R$ 5 ap\u00f3s falas do presidente do Federal Reserve","description":"A alta do d\u00f3lar nesta segunda-feira (5) refletiu o posicionamento de Jerome Powell sobre a manuten\u00e7\u00e3o da taxa de juros nos EUA.","robots":{"index":"index","follow":"follow","max-snippet":"max-snippet:-1","max-image-preview":"max-image-preview:large","max-video-preview":"max-video-preview:-1"},"canonical":"https:\/\/www.suno.com.br\/noticias\/dolar-5reais-rederal-reserve-taxas-juros-cpf\/","og_locale":"pt_BR","og_type":"article","og_title":"D\u00f3lar passa de R$ 5 ap\u00f3s falas do presidente do Federal Reserve","og_description":"A alta do d\u00f3lar nesta segunda-feira (5) refletiu o posicionamento de Jerome Powell sobre a manuten\u00e7\u00e3o da taxa de juros nos EUA.","og_url":"https:\/\/www.suno.com.br\/noticias\/dolar-5reais-rederal-reserve-taxas-juros-cpf\/","og_site_name":"Suno Not\u00edcias","article_publisher":"https:\/\/facebook.com\/sunoresearch","og_image":[{"width":1200,"height":800,"url":"https:\/\/files.sunoresearch.com.br\/n\/uploads\/2023\/08\/como-comprar-dolar-para-viajar-eua-2023.jpg","type":"image\/jpeg"}],"author":"Camila Paim","twitter_card":"summary_large_image","twitter_creator":"@sunoresearch","twitter_site":"@sunoresearch","twitter_misc":{"Escrito por":"Camila Paim","Est. tempo de leitura":"2 minutos"},"schema":{"@context":"https:\/\/schema.org","@graph":[{"@type":"NewsArticle","@id":"https:\/\/www.suno.com.br\/noticias\/dolar-5reais-rederal-reserve-taxas-juros-cpf\/#article","isPartOf":{"@id":"https:\/\/www.suno.com.br\/noticias\/dolar-5reais-rederal-reserve-taxas-juros-cpf\/"},"author":{"name":"Camila Paim","@id":"https:\/\/www.suno.com.br\/noticias\/#\/schema\/person\/f341d3ae5d1cc685176c9a5327cdfdbb"},"headline":"D\u00f3lar passa de R$ 5 ap\u00f3s falas do presidente do BC dos Estados Unidos","datePublished":"2024-02-05T14:13:11+00:00","dateModified":"2024-02-05T14:13:16+00:00","mainEntityOfPage":{"@id":"https:\/\/www.suno.com.br\/noticias\/dolar-5reais-rederal-reserve-taxas-juros-cpf\/"},"wordCount":350,"publisher":{"@id":"https:\/\/www.suno.com.br\/noticias\/#organization"},"image":{"@id":"https:\/\/www.suno.com.br\/noticias\/dolar-5reais-rederal-reserve-taxas-juros-cpf\/#primaryimage"},"thumbnailUrl":"https:\/\/files.sunoresearch.com.br\/n\/uploads\/2023\/08\/como-comprar-dolar-para-viajar-eua-2023.jpg","keywords":["d\u00f3lar","d\u00f3lar futuro","Federal Reserve (FED)","Jerome Powell","taxa de juros"],"articleSection":["Mercado"],"inLanguage":"pt-BR"},{"@type":"WebPage","@id":"https:\/\/www.suno.com.br\/noticias\/dolar-5reais-rederal-reserve-taxas-juros-cpf\/","url":"https:\/\/www.suno.com.br\/noticias\/dolar-5reais-rederal-reserve-taxas-juros-cpf\/","name":"D\u00f3lar passa de R$ 5 ap\u00f3s falas do presidente do Federal Reserve","isPartOf":{"@id":"https:\/\/www.suno.com.br\/noticias\/#website"},"primaryImageOfPage":{"@id":"https:\/\/www.suno.com.br\/noticias\/dolar-5reais-rederal-reserve-taxas-juros-cpf\/#primaryimage"},"image":{"@id":"https:\/\/www.suno.com.br\/noticias\/dolar-5reais-rederal-reserve-taxas-juros-cpf\/#primaryimage"},"thumbnailUrl":"https:\/\/files.sunoresearch.com.br\/n\/uploads\/2023\/08\/como-comprar-dolar-para-viajar-eua-2023.jpg","datePublished":"2024-02-05T14:13:11+00:00","dateModified":"2024-02-05T14:13:16+00:00","description":"A alta do d\u00f3lar nesta segunda-feira (5) refletiu o posicionamento de Jerome Powell sobre a manuten\u00e7\u00e3o da taxa de juros nos EUA.","breadcrumb":{"@id":"https:\/\/www.suno.com.br\/noticias\/dolar-5reais-rederal-reserve-taxas-juros-cpf\/#breadcrumb"},"inLanguage":"pt-BR","potentialAction":[{"@type":"ReadAction","target":["https:\/\/www.suno.com.br\/noticias\/dolar-5reais-rederal-reserve-taxas-juros-cpf\/"]}]},{"@type":"ImageObject","inLanguage":"pt-BR","@id":"https:\/\/www.suno.com.br\/noticias\/dolar-5reais-rederal-reserve-taxas-juros-cpf\/#primaryimage","url":"https:\/\/files.sunoresearch.com.br\/n\/uploads\/2023\/08\/como-comprar-dolar-para-viajar-eua-2023.jpg","contentUrl":"https:\/\/files.sunoresearch.com.br\/n\/uploads\/2023\/08\/como-comprar-dolar-para-viajar-eua-2023.jpg","width":1200,"height":800,"caption":"D\u00f3lar - Foto: Freepik\/ @jcomp"},{"@type":"BreadcrumbList","@id":"https:\/\/www.suno.com.br\/noticias\/dolar-5reais-rederal-reserve-taxas-juros-cpf\/#breadcrumb","itemListElement":[{"@type":"ListItem","position":1,"name":"Not\u00edcias","item":"https:\/\/www.suno.com.br\/noticias\/"},{"@type":"ListItem","position":2,"name":"Mercado","item":"https:\/\/www.suno.com.br\/noticias\/mercado\/"},{"@type":"ListItem","position":3,"name":"D\u00f3lar passa de R$ 5 ap\u00f3s falas do presidente do BC dos Estados Unidos"}]},{"@type":"WebSite","@id":"https:\/\/www.suno.com.br\/noticias\/#website","url":"https:\/\/www.suno.com.br\/noticias\/","name":"Suno Not\u00edcias","description":"Seu portal de informa\u00e7\u00e3o sobre o mundo dos investimentos","publisher":{"@id":"https:\/\/www.suno.com.br\/noticias\/#organization"},"potentialAction":[{"@type":"SearchAction","target":{"@type":"EntryPoint","urlTemplate":"https:\/\/www.suno.com.br\/noticias\/?s={search_term_string}"},"query-input":{"@type":"PropertyValueSpecification","valueRequired":true,"valueName":"search_term_string"}}],"inLanguage":"pt-BR"},{"@type":"Organization","@id":"https:\/\/www.suno.com.br\/noticias\/#organization","name":"Suno Not\u00edcias","url":"https:\/\/www.suno.com.br\/noticias\/","logo":{"@type":"ImageObject","inLanguage":"pt-BR","@id":"https:\/\/www.suno.com.br\/noticias\/#\/schema\/logo\/image\/","url":"https:\/\/files.sunoresearch.com.br\/n\/uploads\/2021\/09\/suno-logo.png","contentUrl":"https:\/\/files.sunoresearch.com.br\/n\/uploads\/2021\/09\/suno-logo.png","width":180,"height":180,"caption":"Suno Not\u00edcias"},"image":{"@id":"https:\/\/www.suno.com.br\/noticias\/#\/schema\/logo\/image\/"},"sameAs":["https:\/\/facebook.com\/sunoresearch","https:\/\/x.com\/sunoresearch","https:\/\/www.instagram.com\/suno","https:\/\/www.linkedin.com\/company\/suno-research\/","https:\/\/www.youtube.com\/c\/sunoresearch"]},{"@type":"Person","@id":"https:\/\/www.suno.com.br\/noticias\/#\/schema\/person\/f341d3ae5d1cc685176c9a5327cdfdbb","name":"Camila Paim","image":{"@type":"ImageObject","inLanguage":"pt-BR","@id":"https:\/\/www.suno.com.br\/noticias\/#\/schema\/person\/image\/","url":"https:\/\/secure.gravatar.com\/avatar\/f33728e65febb1aa7ecf6792956f9b20?s=96&r=g","contentUrl":"https:\/\/secure.gravatar.com\/avatar\/f33728e65febb1aa7ecf6792956f9b20?s=96&r=g","caption":"Camila Paim"},"description":"Jornalista formada pela USP, tem experi\u00eancia em reda\u00e7\u00f5es, SEO, Branded Content e Webdesign. Com passagem pelo Jornal da USP, Empiricus e C6 Bank, hoje \u00e9 rep\u00f3rter no Suno Not\u00edcias cobrindo macroeconomia, finan\u00e7as pessoais e startups.","url":"https:\/\/www.suno.com.br\/noticias\/author\/camila-figueiredosuno-com-br\/"}]}},"default_loop_html":"<div class=\"cardsPage__listCard__boxs\"><div class=\"cardsPage__listCard__boxs__img\"><a href=\"https:\/\/www.suno.com.br\/noticias\/dolar-5reais-rederal-reserve-taxas-juros-cpf\/\"><img class=\"mask\" src=\"https:\/\/www.suno.com.br\/noticias\/wp-content\/themes\/suno\/resources\/images\/spotlight\/spotlight1img\/bg-mask.png\" alt=\"Image Mask\"\/><img src=\"https:\/\/files.sunoresearch.com.br\/n\/uploads\/2023\/08\/como-comprar-dolar-para-viajar-eua-2023-400x200.jpg\" alt=\"D\u00f3lar passa de R$ 5 ap\u00f3s falas do presidente do BC dos Estados Unidos\"\/><\/a><span class=\"spotlightCategory\"><a href=\"https:\/\/www.suno.com.br\/noticias\/mercado\/\">Mercado<\/a><\/span><\/div><div class=\"cardsPage__listCard__boxs__content\"><a href=\"https:\/\/www.suno.com.br\/noticias\/dolar-5reais-rederal-reserve-taxas-juros-cpf\/\"><h2 class=\"content__title\">D\u00f3lar passa de R$ 5 ap\u00f3s falas do presidente do BC dos Estados Unidos<\/h2><\/a><div class=\"newsContent__article__meta\"><div class=\"newsContent__article__meta__authorBox\"><a href=\"https:\/\/www.suno.com.br\/noticias\/author\/giovanni-porfiriosuno-com-br\/\" class=\"authorBox__avatar noMobi\"><img src=\"https:\/\/files.sunoresearch.com.br\/n\/uploads\/2024\/05\/DSCF4115-1-1-150x150.webp\" alt=\"Giovanni Porf\u00edrio Jacomino\"><\/a><div class=\"authorBox__name\"><span>por\n\t\t\t<a href=\"https:\/\/www.suno.com.br\/noticias\/author\/giovanni-porfiriosuno-com-br\/\"><span itemprop=\"author\">Giovanni Porf\u00edrio Jacomino<\/span><\/a><\/span><time datetime=\"2024-02-05T11:13:11-03:00\" itemprop=\"datePublished\">05\/02\/2024 11:13<\/time><\/div><\/div><\/div><\/div><\/div>","single_layout":"posts","amp_enabled":true,"_links":{"self":[{"href":"https:\/\/www.suno.com.br\/noticias\/wp-json\/wp\/v2\/posts\/519855"}],"collection":[{"href":"https:\/\/www.suno.com.br\/noticias\/wp-json\/wp\/v2\/posts"}],"about":[{"href":"https:\/\/www.suno.com.br\/noticias\/wp-json\/wp\/v2\/types\/post"}],"author":[{"embeddable":true,"href":"https:\/\/www.suno.com.br\/noticias\/wp-json\/wp\/v2\/users\/283"}],"replies":[{"embeddable":true,"href":"https:\/\/www.suno.com.br\/noticias\/wp-json\/wp\/v2\/comments?post=519855"}],"version-history":[{"count":3,"href":"https:\/\/www.suno.com.br\/noticias\/wp-json\/wp\/v2\/posts\/519855\/revisions"}],"predecessor-version":[{"id":519879,"href":"https:\/\/www.suno.com.br\/noticias\/wp-json\/wp\/v2\/posts\/519855\/revisions\/519879"}],"wp:featuredmedia":[{"embeddable":true,"href":"https:\/\/www.suno.com.br\/noticias\/wp-json\/wp\/v2\/media\/444288"}],"wp:attachment":[{"href":"https:\/\/www.suno.com.br\/noticias\/wp-json\/wp\/v2\/media?parent=519855"}],"wp:term":[{"taxonomy":"category","embeddable":true,"href":"https:\/\/www.suno.com.br\/noticias\/wp-json\/wp\/v2\/categories?post=519855"},{"taxonomy":"post_tag","embeddable":true,"href":"https:\/\/www.suno.com.br\/noticias\/wp-json\/wp\/v2\/tags?post=519855"},{"taxonomy":"suno_strategy","embeddable":true,"href":"https:\/\/www.suno.com.br\/noticias\/wp-json\/wp\/v2\/suno_strategy?post=519855"}],"curies":[{"name":"wp","href":"https:\/\/api.w.org\/{rel}","templated":true}]}}