{"id":519808,"date":"2024-02-05T10:33:11","date_gmt":"2024-02-05T13:33:11","guid":{"rendered":"https:\/\/www.suno.com.br\/noticias\/?p=519808"},"modified":"2024-02-05T10:58:56","modified_gmt":"2024-02-05T13:58:56","slug":"ambev-abev3-safra-projecao-4t23-cpf","status":"publish","type":"post","link":"https:\/\/www.suno.com.br\/noticias\/ambev-abev3-safra-projecao-4t23-cpf\/","title":{"rendered":"Ambev (ABEV3): Sem Copa, Safra aponta novos obst\u00e1culos para empresa, mas mant\u00e9m otimismo para o balan\u00e7o"},"content":{"rendered":"<p>Ap\u00f3s um ano sem Copa do Mundo, o resultado das vendas da <strong>Ambev (ABEV3) <\/strong>no Brasil dever\u00e3o sofrer uma leve queda. Para os resultados do quarto trimestre de 2023 (4T23), os volumes de cerveja devem ser -1% menores em rela\u00e7\u00e3o ao ano anterior, segundo as proje\u00e7\u00f5es do Banco Safra. <\/p>\t<div class=\"wrapper-featured-image\">\n\t\t<figure class=\"spotlightImg\">\n\n\t\t\t<picture>\n\t\t\t\t<source media=\"(max-width: 768px)\" srcset=\"https:\/\/files.sunoresearch.com.br\/n\/uploads\/2023\/02\/ambev-abev3-foto-caixas-cerveja-divulgacao-400x200.jpg\">\n\t\t\t\t<img loading=\"lazy\" decoding=\"async\" class=\"newsContent__article__imgCapa lazyloadDisabled \" src=\"https:\/\/files.sunoresearch.com.br\/n\/uploads\/2023\/02\/ambev-abev3-foto-caixas-cerveja-divulgacao-800x450.jpg\" width=\"800\" height=\"450\" alt=\"Ambev (ABEV3): Sem Copa, Safra aponta novos obst\u00e1culos para empresa, mas mant\u00e9m otimismo para o balan\u00e7o\" fetchpriority=high \/>\n\t\t\t<\/picture>\n\n\t\t\t<figcaption class=\"wp-caption-text wp-caption-text--show\">Ambev (ABEV3). Foto: Divulga\u00e7\u00e3o<\/figcaption>\n\t\t<\/figure>\n\t<\/div>\n\n\n\n\n\n\n\n\t<p>\n\t\t<a href=\"\" target=\"_blank\" data-element=\"shortcode-suno-banner\" title=\"Banner SUNO, clique e saiba mais\">\n\t\t\t<picture>\n\t\t\t\t<source media=\"(max-width: 500px)\" srcset=\"\">\n\t\t\t\t<img class=\"newsContent__article__imgCapa newsContent__article__imgCapa--banner\"\n\t\t\t\t\tsrc=\"\"\n\t\t\t\t\tdata-promo-id=\"288022\"\t\t\t\t\t\t\t\t\t\t\t\t\t\t\talt=\"\"\n\t\t\t\t>\n\t\t\t<\/picture>\n\t\t<\/a>\n\t<\/p>\n\n\n\n\n\n<p>Apesar da compara\u00e7\u00e3o com um per\u00edodo de Copa ser dif\u00edcil, o banco permanece com uma \u00f3tica otimista para o resultado trimestral da produtora, destacando as vendas no Brasil e na Am\u00e9rica Central e Caribe (CAC).<\/p>\n\n\n\n<p>Entretanto, o Safra destaca que alguns fatores podem apertar os pr\u00f3ximos<strong> resultados da Ambev<\/strong>, como:<\/p>\n\n\n\n<ul class=\"wp-block-list\">\n<li>Desacelera\u00e7\u00e3o dos custos dos produtos (COGS\/hl);<\/li>\n\n\n\n<li>Condi\u00e7\u00f5es macroecon\u00f4micas desafiadoras na Argentina;<\/li>\n\n\n\n<li>Ind\u00fastria em cen\u00e1rio de decl\u00ednio no Canad\u00e1;<\/li>\n\n\n\n<li>Ambiente competitivo desafiador no Brasil.<\/li>\n<\/ul>\n\n\n\n<p>Al\u00e9m disso, com a nova <a class=\"suno-keyword\" data-force=\"no\" data-priority=\"2\" href=\"https:\/\/www.suno.com.br\/artigos\/reforma-tributaria\/\" target=\"_blank\" rel=\"noopener\">reforma tribut\u00e1ria<\/a> brasileira e mudan\u00e7as no recolhimento dos benef\u00edcios fiscais de ICMS, o banco destaca que poder\u00e1 haver um impacto no lucro obtido na venda dos produtos. <\/p>\n\n\n\n\t<div data-element=\"shortcode-read-more\" class=\"readToo\">\n\t\t\t\t<span class=\"readToo__title\">Leia mais<\/span>\n\t\t\t\t<ul class=\"readToo__list\">\n\t\t\t<li><a href=\"https:\/\/www.suno.com.br\/noticias\/ambev-abev3-bofa-previa-4t23-cpf\/\">Ambev (ABEV3): BofA eleva pre\u00e7o-alvo, citando impactos da Argentina e reforma tribut\u00e1ria<\/a><\/li><li><a href=\"https:\/\/www.suno.com.br\/noticias\/reforma-tributaria-pode-deixar-servicos-mais-caros-cpf\/\">Como a reforma tribut\u00e1ria pode deixar alguns servi\u00e7os mais caros?<\/a><\/li>\t\t<\/ul>\n\t<\/div>\n\n\n\n\n<h2 class=\"wp-block-heading\">Vendas de cervejas ABEV3 no Brasil <\/h2>\n\n\n\n<p>No contexto brasileiro, as <strong>proje\u00e7\u00f5es para a Ambev <\/strong>delineiam um cen\u00e1rio mais desafiador, tanto pela redu\u00e7\u00e3o em rela\u00e7\u00e3o ao per\u00edodo de Copa do Mundo, como tamb\u00e9m por quest\u00f5es clim\u00e1ticas. <\/p>\n\n\n\n<p>Apesar da queda de 24% nas chuvas em rela\u00e7\u00e3o ao ano anterior e um clima batendo recordes de alta temperatura no \u00faltimo trimestre, o banco internacional mant\u00e9m expectativas de uma receita em torno de R$ 432 por hectolitro, semelhante ao trimestre anterior, e ligeiramente superior \u00e0 infla\u00e7\u00e3o do IPCA, estimada em 7% ao ano. <\/p>\n\n\n\n<p>Com esses fatores em considera\u00e7\u00e3o, as<strong> receitas l\u00edquidas da Ambev <\/strong>projetadas s\u00e3o de R$ 11,381 milh\u00f5es, representando um aumento de 5% em rela\u00e7\u00e3o ao ano anterior.<\/p>\n\n\n\n<p>Al\u00e9m disso, a empresa enxerga com bons olhos o volume de vendas em COGS\/hl, que deve beneficiar a <a class=\"suno-keyword\" target=\"_blank\" data-force=\"no\" data-priority=\"1\" href=\"https:\/\/www.suno.com.br\/artigos\/margem-bruta-entenda-sua-importancia\/\" rel=\"noopener\">margem bruta<\/a> do 4T23 e entregar um <a class=\"suno-keyword\" target=\"_blank\" data-force=\"no\" data-priority=\"1\" href=\"https:\/\/www.suno.com.br\/artigos\/ebitda-ajustado\/\" rel=\"noopener\">EBITDA ajustado<\/a> previsto de R$ 4,382 milh\u00f5es (+41% ante 4T22). <\/p>\n\n\n\t<p>\n\t\t<a href=\"https:\/\/lp.suno.com.br\/ebook-como-analisar-uma-acao\/\" target=\"_blank\" data-element=\"shortcode-suno-banner\" title=\"Banner SUNO, clique e saiba mais\">\n\t\t\t<picture>\n\t\t\t\t<source media=\"(max-width: 500px)\" srcset=\"https:\/\/files.sunoresearch.com.br\/n\/uploads\/2023\/03\/Ebook-Acoes-Mobile.jpg\">\n\t\t\t\t<img class=\"newsContent__article__imgCapa newsContent__article__imgCapa--banner\"\n\t\t\t\t\tsrc=\"https:\/\/files.sunoresearch.com.br\/n\/uploads\/2023\/03\/Ebook-Acoes-Desktop.jpg\"\n\t\t\t\t\tdata-promo-id=\"378302\"\t\t\t\t\t\t\t\t\t\twidth='1420' height='286'\t\t\t\t\talt=\"https:\/\/files.sunoresearch.com.br\/n\/uploads\/2023\/03\/Ebook-Acoes-Desktop.jpg\"\n\t\t\t\t>\n\t\t\t<\/picture>\n\t\t<\/a>\n\t<\/p>\n\n\n\n\n\n<h2 class=\"wp-block-heading\">Bebidas n\u00e3o alco\u00f3licas podem desempenhar melhor<\/h2>\n\n\n\n<p>Para o segmento de <strong>bebidas sem \u00e1lcool da <a class=\"suno-keyword\" data-force=\"yes\" data-priority=\"2\" href=\"https:\/\/www.suno.com.br\/acoes\/ABEV3\/\" target=\"_blank\" rel=\"noopener\">Ambev<\/a><\/strong><a class=\"suno-keyword\" data-force=\"yes\" data-priority=\"2\" href=\"https:\/\/www.suno.com.br\/acoes\/ABEV3\/\" target=\"_blank\" rel=\"noopener\"><strong> (ABEV3)<\/strong><\/a>, o Safra antecipa um crescimento robusto de 3% no volume em rela\u00e7\u00e3o ao ano anterior, com uma proje\u00e7\u00e3o ainda mais otimista de +13% para o \u00faltimo tri. <\/p>\n\n\n\n<p>Espera-se uma <strong>receita por hectolitro<\/strong> de R$ 231, gerando uma <a class=\"suno-keyword\" data-force=\"no\" data-priority=\"1\" href=\"https:\/\/www.suno.com.br\/artigos\/o-que-receita-liquida\/\" target=\"_blank\" rel=\"noopener\">receita l\u00edquida<\/a> de +6% em rela\u00e7\u00e3o a 2022. <\/p>\n\n\n\n<p>O <strong><a class=\"suno-keyword\" data-force=\"no\" data-priority=\"1\" href=\"https:\/\/www.suno.com.br\/artigos\/ebitda-ajustado\/\" target=\"_blank\" rel=\"noopener\">EBITDA ajustado<\/a> da Ambev<\/strong> para este segmento \u00e9 previsto em R$ 644 milh\u00f5es (+34% a\/a) com uma margem de EBITDA ajustada estimada em 30,0%, representando um aumento de 620 pontos base em rela\u00e7\u00e3o ao ano anterior.<\/p>\n\n\n\n<h2 class=\"wp-block-heading\">Proje\u00e7\u00f5es internacionais para a Ambev (ABEV3)<\/h2>\n\n\n\n<p>Na Am\u00e9rica Central e Caribe, a proje\u00e7\u00e3o \u00e9 que a <strong>Ambev <\/strong>tenha um crescimento no volume de 10%, uma compara\u00e7\u00e3o f\u00e1cil em rela\u00e7\u00e3o \u00e0 queda de -13% no ano anteiror. Com maior <a class=\"suno-keyword\" target=\"_blank\" data-force=\"no\" data-priority=\"1\" href=\"https:\/\/www.suno.com.br\/artigos\/alavancagem-operacional\/\" rel=\"noopener\">alavancagem operacional<\/a>, a regi\u00e3o deve entregar ainda um <a class=\"suno-keyword\" target=\"_blank\" data-force=\"no\" data-priority=\"1\" href=\"https:\/\/www.suno.com.br\/artigos\/ebitda-ajustado\/\" rel=\"noopener\">EBITDA ajustado<\/a> de R$ 1,165 milh\u00f5es, um aumento de +15% no ano.<\/p>\n\n\n\n<p>Na Am\u00e9rica da Sul, as condi\u00e7\u00f5es desfavor\u00e1veis na Argentina projetam uma queda de -5% no volume, e um <a class=\"suno-keyword\" target=\"_blank\" data-force=\"no\" data-priority=\"1\" href=\"https:\/\/www.suno.com.br\/artigos\/ebitda-ajustado\/\" rel=\"noopener\">EBITDA ajustado<\/a> de R$ 1,681 milh\u00f5es (-17% em rela\u00e7\u00e3o ao ano anterior), Al\u00e9m disso, a hiperinfla\u00e7\u00e3o que o pa\u00eds enfrenta pode impactar negativamente o indicador anualizado. <\/p>\n\n\n\n<p>Enquanto isso, o Canad\u00e1, que passa por uma cont\u00ednua fraqueza da ind\u00fastria de cerveja, dever\u00e1 pesar nos <strong>volumes da Ambev<\/strong> (prevemos -5% sobre o ano anterior).<\/p>\n\n\n\n<p>Somando as regi\u00f5es, o <strong>Banco Safra <\/strong>estima que o <a class=\"suno-keyword\" data-force=\"no\" data-priority=\"1\" href=\"https:\/\/www.suno.com.br\/artigos\/ebitda-ajustado\/\" target=\"_blank\" rel=\"noopener\">EBITDA ajustado<\/a> consolidado da <strong>Ambev<\/strong> atingir\u00e1 R$8.347 milh\u00f5es (+21%) com uma margem de EBITDA ajustada de 35,5%.<\/p>\n\n\n\t<p>\n\t\t<a href=\"https:\/\/lp.suno.com.br\/plataforma-de-controle-de-investimentos\/\" target=\"_blank\" data-element=\"shortcode-suno-banner\" title=\"Banner SUNO, clique e saiba mais\">\n\t\t\t<picture>\n\t\t\t\t<source media=\"(max-width: 500px)\" srcset=\"https:\/\/files.sunoresearch.com.br\/n\/uploads\/2023\/03\/400x300-Controle-de-Investimentos.png\">\n\t\t\t\t<img class=\"newsContent__article__imgCapa newsContent__article__imgCapa--banner\"\n\t\t\t\t\tsrc=\"https:\/\/files.sunoresearch.com.br\/n\/uploads\/2023\/03\/1420x240-Controle-de-Investimentos.png\"\n\t\t\t\t\tdata-promo-id=\"383162\"\t\t\t\t\t\t\t\t\t\twidth='1420' height='240'\t\t\t\t\talt=\"https:\/\/files.sunoresearch.com.br\/n\/uploads\/2023\/03\/1420x240-Controle-de-Investimentos.png\"\n\t\t\t\t>\n\t\t\t<\/picture>\n\t\t<\/a>\n\t<\/p>\n\n\n","protected":false},"excerpt":{"rendered":"<p>Ap\u00f3s um ano sem Copa do Mundo, o resultado das vendas da Ambev (ABEV3) no Brasil dever\u00e3o sofrer uma leve queda. Para os resultados do quarto trimestre de 2023 (4T23), os volumes de cerveja devem ser -1% menores em rela\u00e7\u00e3o ao ano anterior, segundo as proje\u00e7\u00f5es do Banco Safra. Ambev (ABEV3). Foto: Divulga\u00e7\u00e3o Apesar da [&hellip;]<\/p>\n","protected":false},"author":283,"featured_media":357975,"comment_status":"closed","ping_status":"closed","sticky":false,"template":"","format":"standard","meta":[],"categories":[64],"tags":[359,1029,1518,105816],"suno_strategy":[],"class_list":["post-519808","post","type-post","status-publish","format-standard","has-post-thumbnail","hentry","category-negocios","tag-ambev-abev3","tag-balancos-trimestrais","tag-banco-safra","tag-especialistas"],"yoast_head":"<!-- This site is optimized with the Yoast SEO plugin v24.4 - https:\/\/yoast.com\/wordpress\/plugins\/seo\/ -->\n<title>Ambev (ABEV3): Safra aponta desafios com mercado pressionado<\/title>\n<meta name=\"description\" content=\"Em ano sem Copa do Mundo e condi\u00e7\u00f5es clim\u00e1ticas desafiadoras, a Ambev tem um cen\u00e1rio dif\u00edcil, por\u00e9m otimista pela frente. Entenda.\" \/>\n<meta name=\"robots\" content=\"index, follow, max-snippet:-1, max-image-preview:large, max-video-preview:-1\" \/>\n<link rel=\"canonical\" href=\"https:\/\/www.suno.com.br\/noticias\/ambev-abev3-safra-projecao-4t23-cpf\/\" \/>\n<meta property=\"og:locale\" content=\"pt_BR\" \/>\n<meta property=\"og:type\" content=\"article\" \/>\n<meta property=\"og:title\" content=\"Ambev (ABEV3): Safra aponta desafios com mercado pressionado\" \/>\n<meta property=\"og:description\" content=\"Em ano sem Copa do Mundo e condi\u00e7\u00f5es clim\u00e1ticas desafiadoras, a Ambev tem um cen\u00e1rio dif\u00edcil, por\u00e9m otimista pela frente. Entenda.\" \/>\n<meta property=\"og:url\" content=\"https:\/\/www.suno.com.br\/noticias\/ambev-abev3-safra-projecao-4t23-cpf\/\" \/>\n<meta property=\"og:site_name\" content=\"Suno Not\u00edcias\" \/>\n<meta property=\"article:publisher\" content=\"https:\/\/facebook.com\/sunoresearch\" \/>\n<meta property=\"og:image\" content=\"https:\/\/files.sunoresearch.com.br\/n\/uploads\/2023\/02\/ambev-abev3-foto-caixas-cerveja-divulgacao.jpg\" \/>\n\t<meta property=\"og:image:width\" content=\"1200\" \/>\n\t<meta property=\"og:image:height\" content=\"675\" \/>\n\t<meta property=\"og:image:type\" content=\"image\/jpeg\" \/>\n<meta name=\"author\" content=\"Camila Paim\" \/>\n<meta name=\"twitter:card\" content=\"summary_large_image\" \/>\n<meta name=\"twitter:creator\" content=\"@sunoresearch\" \/>\n<meta name=\"twitter:site\" content=\"@sunoresearch\" \/>\n<meta name=\"twitter:label1\" content=\"Escrito por\" \/>\n\t<meta name=\"twitter:data1\" content=\"Camila Paim\" \/>\n\t<meta name=\"twitter:label2\" content=\"Est. tempo de leitura\" \/>\n\t<meta name=\"twitter:data2\" content=\"4 minutos\" \/>\n<script type=\"application\/ld+json\" class=\"yoast-schema-graph\">{\"@context\":\"https:\/\/schema.org\",\"@graph\":[{\"@type\":\"NewsArticle\",\"@id\":\"https:\/\/www.suno.com.br\/noticias\/ambev-abev3-safra-projecao-4t23-cpf\/#article\",\"isPartOf\":{\"@id\":\"https:\/\/www.suno.com.br\/noticias\/ambev-abev3-safra-projecao-4t23-cpf\/\"},\"author\":{\"name\":\"Camila Paim\",\"@id\":\"https:\/\/www.suno.com.br\/noticias\/#\/schema\/person\/f341d3ae5d1cc685176c9a5327cdfdbb\"},\"headline\":\"Ambev (ABEV3): Sem Copa, Safra aponta novos obst\u00e1culos para empresa, mas mant\u00e9m otimismo para o balan\u00e7o\",\"datePublished\":\"2024-02-05T13:33:11+00:00\",\"dateModified\":\"2024-02-05T13:58:56+00:00\",\"mainEntityOfPage\":{\"@id\":\"https:\/\/www.suno.com.br\/noticias\/ambev-abev3-safra-projecao-4t23-cpf\/\"},\"wordCount\":625,\"publisher\":{\"@id\":\"https:\/\/www.suno.com.br\/noticias\/#organization\"},\"image\":{\"@id\":\"https:\/\/www.suno.com.br\/noticias\/ambev-abev3-safra-projecao-4t23-cpf\/#primaryimage\"},\"thumbnailUrl\":\"https:\/\/files.sunoresearch.com.br\/n\/uploads\/2023\/02\/ambev-abev3-foto-caixas-cerveja-divulgacao.jpg\",\"keywords\":[\"AMBEV (ABEV3)\",\"balan\u00e7os trimestrais\",\"Banco Safra\",\"Especialistas\"],\"articleSection\":[\"Neg\u00f3cios\"],\"inLanguage\":\"pt-BR\"},{\"@type\":\"WebPage\",\"@id\":\"https:\/\/www.suno.com.br\/noticias\/ambev-abev3-safra-projecao-4t23-cpf\/\",\"url\":\"https:\/\/www.suno.com.br\/noticias\/ambev-abev3-safra-projecao-4t23-cpf\/\",\"name\":\"Ambev (ABEV3): Safra aponta desafios com mercado pressionado\",\"isPartOf\":{\"@id\":\"https:\/\/www.suno.com.br\/noticias\/#website\"},\"primaryImageOfPage\":{\"@id\":\"https:\/\/www.suno.com.br\/noticias\/ambev-abev3-safra-projecao-4t23-cpf\/#primaryimage\"},\"image\":{\"@id\":\"https:\/\/www.suno.com.br\/noticias\/ambev-abev3-safra-projecao-4t23-cpf\/#primaryimage\"},\"thumbnailUrl\":\"https:\/\/files.sunoresearch.com.br\/n\/uploads\/2023\/02\/ambev-abev3-foto-caixas-cerveja-divulgacao.jpg\",\"datePublished\":\"2024-02-05T13:33:11+00:00\",\"dateModified\":\"2024-02-05T13:58:56+00:00\",\"description\":\"Em ano sem Copa do Mundo e condi\u00e7\u00f5es clim\u00e1ticas desafiadoras, a Ambev tem um cen\u00e1rio dif\u00edcil, por\u00e9m otimista pela frente. Entenda.\",\"breadcrumb\":{\"@id\":\"https:\/\/www.suno.com.br\/noticias\/ambev-abev3-safra-projecao-4t23-cpf\/#breadcrumb\"},\"inLanguage\":\"pt-BR\",\"potentialAction\":[{\"@type\":\"ReadAction\",\"target\":[\"https:\/\/www.suno.com.br\/noticias\/ambev-abev3-safra-projecao-4t23-cpf\/\"]}]},{\"@type\":\"ImageObject\",\"inLanguage\":\"pt-BR\",\"@id\":\"https:\/\/www.suno.com.br\/noticias\/ambev-abev3-safra-projecao-4t23-cpf\/#primaryimage\",\"url\":\"https:\/\/files.sunoresearch.com.br\/n\/uploads\/2023\/02\/ambev-abev3-foto-caixas-cerveja-divulgacao.jpg\",\"contentUrl\":\"https:\/\/files.sunoresearch.com.br\/n\/uploads\/2023\/02\/ambev-abev3-foto-caixas-cerveja-divulgacao.jpg\",\"width\":1200,\"height\":675,\"caption\":\"Ambev (ABEV3). Foto: Divulga\u00e7\u00e3o\"},{\"@type\":\"BreadcrumbList\",\"@id\":\"https:\/\/www.suno.com.br\/noticias\/ambev-abev3-safra-projecao-4t23-cpf\/#breadcrumb\",\"itemListElement\":[{\"@type\":\"ListItem\",\"position\":1,\"name\":\"Not\u00edcias\",\"item\":\"https:\/\/www.suno.com.br\/noticias\/\"},{\"@type\":\"ListItem\",\"position\":2,\"name\":\"Neg\u00f3cios\",\"item\":\"https:\/\/www.suno.com.br\/noticias\/negocios\/\"},{\"@type\":\"ListItem\",\"position\":3,\"name\":\"Ambev (ABEV3): Sem Copa, Safra aponta novos obst\u00e1culos para empresa, mas mant\u00e9m otimismo para o balan\u00e7o\"}]},{\"@type\":\"WebSite\",\"@id\":\"https:\/\/www.suno.com.br\/noticias\/#website\",\"url\":\"https:\/\/www.suno.com.br\/noticias\/\",\"name\":\"Suno Not\u00edcias\",\"description\":\"Seu portal de informa\u00e7\u00e3o sobre o mundo dos investimentos\",\"publisher\":{\"@id\":\"https:\/\/www.suno.com.br\/noticias\/#organization\"},\"potentialAction\":[{\"@type\":\"SearchAction\",\"target\":{\"@type\":\"EntryPoint\",\"urlTemplate\":\"https:\/\/www.suno.com.br\/noticias\/?s={search_term_string}\"},\"query-input\":{\"@type\":\"PropertyValueSpecification\",\"valueRequired\":true,\"valueName\":\"search_term_string\"}}],\"inLanguage\":\"pt-BR\"},{\"@type\":\"Organization\",\"@id\":\"https:\/\/www.suno.com.br\/noticias\/#organization\",\"name\":\"Suno Not\u00edcias\",\"url\":\"https:\/\/www.suno.com.br\/noticias\/\",\"logo\":{\"@type\":\"ImageObject\",\"inLanguage\":\"pt-BR\",\"@id\":\"https:\/\/www.suno.com.br\/noticias\/#\/schema\/logo\/image\/\",\"url\":\"https:\/\/files.sunoresearch.com.br\/n\/uploads\/2021\/09\/suno-logo.png\",\"contentUrl\":\"https:\/\/files.sunoresearch.com.br\/n\/uploads\/2021\/09\/suno-logo.png\",\"width\":180,\"height\":180,\"caption\":\"Suno Not\u00edcias\"},\"image\":{\"@id\":\"https:\/\/www.suno.com.br\/noticias\/#\/schema\/logo\/image\/\"},\"sameAs\":[\"https:\/\/facebook.com\/sunoresearch\",\"https:\/\/x.com\/sunoresearch\",\"https:\/\/www.instagram.com\/suno\",\"https:\/\/www.linkedin.com\/company\/suno-research\/\",\"https:\/\/www.youtube.com\/c\/sunoresearch\"]},{\"@type\":\"Person\",\"@id\":\"https:\/\/www.suno.com.br\/noticias\/#\/schema\/person\/f341d3ae5d1cc685176c9a5327cdfdbb\",\"name\":\"Camila Paim\",\"image\":{\"@type\":\"ImageObject\",\"inLanguage\":\"pt-BR\",\"@id\":\"https:\/\/www.suno.com.br\/noticias\/#\/schema\/person\/image\/\",\"url\":\"https:\/\/secure.gravatar.com\/avatar\/f33728e65febb1aa7ecf6792956f9b20?s=96&r=g\",\"contentUrl\":\"https:\/\/secure.gravatar.com\/avatar\/f33728e65febb1aa7ecf6792956f9b20?s=96&r=g\",\"caption\":\"Camila Paim\"},\"description\":\"Jornalista formada pela USP, tem experi\u00eancia em reda\u00e7\u00f5es, SEO, Branded Content e Webdesign. Com passagem pelo Jornal da USP, Empiricus e C6 Bank, hoje \u00e9 rep\u00f3rter no Suno Not\u00edcias cobrindo macroeconomia, finan\u00e7as pessoais e startups.\",\"url\":\"https:\/\/www.suno.com.br\/noticias\/author\/camila-figueiredosuno-com-br\/\"}]}<\/script>\n<!-- \/ Yoast SEO plugin. -->","yoast_head_json":{"title":"Ambev (ABEV3): Safra aponta desafios com mercado pressionado","description":"Em ano sem Copa do Mundo e condi\u00e7\u00f5es clim\u00e1ticas desafiadoras, a Ambev tem um cen\u00e1rio dif\u00edcil, por\u00e9m otimista pela frente. Entenda.","robots":{"index":"index","follow":"follow","max-snippet":"max-snippet:-1","max-image-preview":"max-image-preview:large","max-video-preview":"max-video-preview:-1"},"canonical":"https:\/\/www.suno.com.br\/noticias\/ambev-abev3-safra-projecao-4t23-cpf\/","og_locale":"pt_BR","og_type":"article","og_title":"Ambev (ABEV3): Safra aponta desafios com mercado pressionado","og_description":"Em ano sem Copa do Mundo e condi\u00e7\u00f5es clim\u00e1ticas desafiadoras, a Ambev tem um cen\u00e1rio dif\u00edcil, por\u00e9m otimista pela frente. Entenda.","og_url":"https:\/\/www.suno.com.br\/noticias\/ambev-abev3-safra-projecao-4t23-cpf\/","og_site_name":"Suno Not\u00edcias","article_publisher":"https:\/\/facebook.com\/sunoresearch","og_image":[{"width":1200,"height":675,"url":"https:\/\/files.sunoresearch.com.br\/n\/uploads\/2023\/02\/ambev-abev3-foto-caixas-cerveja-divulgacao.jpg","type":"image\/jpeg"}],"author":"Camila Paim","twitter_card":"summary_large_image","twitter_creator":"@sunoresearch","twitter_site":"@sunoresearch","twitter_misc":{"Escrito por":"Camila Paim","Est. tempo de leitura":"4 minutos"},"schema":{"@context":"https:\/\/schema.org","@graph":[{"@type":"NewsArticle","@id":"https:\/\/www.suno.com.br\/noticias\/ambev-abev3-safra-projecao-4t23-cpf\/#article","isPartOf":{"@id":"https:\/\/www.suno.com.br\/noticias\/ambev-abev3-safra-projecao-4t23-cpf\/"},"author":{"name":"Camila Paim","@id":"https:\/\/www.suno.com.br\/noticias\/#\/schema\/person\/f341d3ae5d1cc685176c9a5327cdfdbb"},"headline":"Ambev (ABEV3): Sem Copa, Safra aponta novos obst\u00e1culos para empresa, mas mant\u00e9m otimismo para o balan\u00e7o","datePublished":"2024-02-05T13:33:11+00:00","dateModified":"2024-02-05T13:58:56+00:00","mainEntityOfPage":{"@id":"https:\/\/www.suno.com.br\/noticias\/ambev-abev3-safra-projecao-4t23-cpf\/"},"wordCount":625,"publisher":{"@id":"https:\/\/www.suno.com.br\/noticias\/#organization"},"image":{"@id":"https:\/\/www.suno.com.br\/noticias\/ambev-abev3-safra-projecao-4t23-cpf\/#primaryimage"},"thumbnailUrl":"https:\/\/files.sunoresearch.com.br\/n\/uploads\/2023\/02\/ambev-abev3-foto-caixas-cerveja-divulgacao.jpg","keywords":["AMBEV (ABEV3)","balan\u00e7os trimestrais","Banco Safra","Especialistas"],"articleSection":["Neg\u00f3cios"],"inLanguage":"pt-BR"},{"@type":"WebPage","@id":"https:\/\/www.suno.com.br\/noticias\/ambev-abev3-safra-projecao-4t23-cpf\/","url":"https:\/\/www.suno.com.br\/noticias\/ambev-abev3-safra-projecao-4t23-cpf\/","name":"Ambev (ABEV3): Safra aponta desafios com mercado pressionado","isPartOf":{"@id":"https:\/\/www.suno.com.br\/noticias\/#website"},"primaryImageOfPage":{"@id":"https:\/\/www.suno.com.br\/noticias\/ambev-abev3-safra-projecao-4t23-cpf\/#primaryimage"},"image":{"@id":"https:\/\/www.suno.com.br\/noticias\/ambev-abev3-safra-projecao-4t23-cpf\/#primaryimage"},"thumbnailUrl":"https:\/\/files.sunoresearch.com.br\/n\/uploads\/2023\/02\/ambev-abev3-foto-caixas-cerveja-divulgacao.jpg","datePublished":"2024-02-05T13:33:11+00:00","dateModified":"2024-02-05T13:58:56+00:00","description":"Em ano sem Copa do Mundo e condi\u00e7\u00f5es clim\u00e1ticas desafiadoras, a Ambev tem um cen\u00e1rio dif\u00edcil, por\u00e9m otimista pela frente. Entenda.","breadcrumb":{"@id":"https:\/\/www.suno.com.br\/noticias\/ambev-abev3-safra-projecao-4t23-cpf\/#breadcrumb"},"inLanguage":"pt-BR","potentialAction":[{"@type":"ReadAction","target":["https:\/\/www.suno.com.br\/noticias\/ambev-abev3-safra-projecao-4t23-cpf\/"]}]},{"@type":"ImageObject","inLanguage":"pt-BR","@id":"https:\/\/www.suno.com.br\/noticias\/ambev-abev3-safra-projecao-4t23-cpf\/#primaryimage","url":"https:\/\/files.sunoresearch.com.br\/n\/uploads\/2023\/02\/ambev-abev3-foto-caixas-cerveja-divulgacao.jpg","contentUrl":"https:\/\/files.sunoresearch.com.br\/n\/uploads\/2023\/02\/ambev-abev3-foto-caixas-cerveja-divulgacao.jpg","width":1200,"height":675,"caption":"Ambev (ABEV3). Foto: Divulga\u00e7\u00e3o"},{"@type":"BreadcrumbList","@id":"https:\/\/www.suno.com.br\/noticias\/ambev-abev3-safra-projecao-4t23-cpf\/#breadcrumb","itemListElement":[{"@type":"ListItem","position":1,"name":"Not\u00edcias","item":"https:\/\/www.suno.com.br\/noticias\/"},{"@type":"ListItem","position":2,"name":"Neg\u00f3cios","item":"https:\/\/www.suno.com.br\/noticias\/negocios\/"},{"@type":"ListItem","position":3,"name":"Ambev (ABEV3): Sem Copa, Safra aponta novos obst\u00e1culos para empresa, mas mant\u00e9m otimismo para o balan\u00e7o"}]},{"@type":"WebSite","@id":"https:\/\/www.suno.com.br\/noticias\/#website","url":"https:\/\/www.suno.com.br\/noticias\/","name":"Suno Not\u00edcias","description":"Seu portal de informa\u00e7\u00e3o sobre o mundo dos investimentos","publisher":{"@id":"https:\/\/www.suno.com.br\/noticias\/#organization"},"potentialAction":[{"@type":"SearchAction","target":{"@type":"EntryPoint","urlTemplate":"https:\/\/www.suno.com.br\/noticias\/?s={search_term_string}"},"query-input":{"@type":"PropertyValueSpecification","valueRequired":true,"valueName":"search_term_string"}}],"inLanguage":"pt-BR"},{"@type":"Organization","@id":"https:\/\/www.suno.com.br\/noticias\/#organization","name":"Suno Not\u00edcias","url":"https:\/\/www.suno.com.br\/noticias\/","logo":{"@type":"ImageObject","inLanguage":"pt-BR","@id":"https:\/\/www.suno.com.br\/noticias\/#\/schema\/logo\/image\/","url":"https:\/\/files.sunoresearch.com.br\/n\/uploads\/2021\/09\/suno-logo.png","contentUrl":"https:\/\/files.sunoresearch.com.br\/n\/uploads\/2021\/09\/suno-logo.png","width":180,"height":180,"caption":"Suno Not\u00edcias"},"image":{"@id":"https:\/\/www.suno.com.br\/noticias\/#\/schema\/logo\/image\/"},"sameAs":["https:\/\/facebook.com\/sunoresearch","https:\/\/x.com\/sunoresearch","https:\/\/www.instagram.com\/suno","https:\/\/www.linkedin.com\/company\/suno-research\/","https:\/\/www.youtube.com\/c\/sunoresearch"]},{"@type":"Person","@id":"https:\/\/www.suno.com.br\/noticias\/#\/schema\/person\/f341d3ae5d1cc685176c9a5327cdfdbb","name":"Camila Paim","image":{"@type":"ImageObject","inLanguage":"pt-BR","@id":"https:\/\/www.suno.com.br\/noticias\/#\/schema\/person\/image\/","url":"https:\/\/secure.gravatar.com\/avatar\/f33728e65febb1aa7ecf6792956f9b20?s=96&r=g","contentUrl":"https:\/\/secure.gravatar.com\/avatar\/f33728e65febb1aa7ecf6792956f9b20?s=96&r=g","caption":"Camila Paim"},"description":"Jornalista formada pela USP, tem experi\u00eancia em reda\u00e7\u00f5es, SEO, Branded Content e Webdesign. Com passagem pelo Jornal da USP, Empiricus e C6 Bank, hoje \u00e9 rep\u00f3rter no Suno Not\u00edcias cobrindo macroeconomia, finan\u00e7as pessoais e startups.","url":"https:\/\/www.suno.com.br\/noticias\/author\/camila-figueiredosuno-com-br\/"}]}},"default_loop_html":"<div class=\"cardsPage__listCard__boxs\"><div class=\"cardsPage__listCard__boxs__img\"><a href=\"https:\/\/www.suno.com.br\/noticias\/ambev-abev3-safra-projecao-4t23-cpf\/\"><img class=\"mask\" src=\"https:\/\/www.suno.com.br\/noticias\/wp-content\/themes\/suno\/resources\/images\/spotlight\/spotlight1img\/bg-mask.png\" alt=\"Image Mask\"\/><img src=\"https:\/\/files.sunoresearch.com.br\/n\/uploads\/2023\/02\/ambev-abev3-foto-caixas-cerveja-divulgacao-400x200.jpg\" alt=\"Ambev (ABEV3): Sem Copa, Safra aponta novos obst\u00e1culos para empresa, mas mant\u00e9m otimismo para o balan\u00e7o\"\/><\/a><span class=\"spotlightCategory\"><a href=\"https:\/\/www.suno.com.br\/noticias\/negocios\/\">Neg\u00f3cios<\/a><\/span><\/div><div class=\"cardsPage__listCard__boxs__content\"><a href=\"https:\/\/www.suno.com.br\/noticias\/ambev-abev3-safra-projecao-4t23-cpf\/\"><h2 class=\"content__title\">Ambev (ABEV3): Sem Copa, Safra aponta novos obst\u00e1culos para empresa, mas mant\u00e9m otimismo para o balan\u00e7o<\/h2><\/a><div class=\"newsContent__article__meta\"><div class=\"newsContent__article__meta__authorBox\"><a href=\"https:\/\/www.suno.com.br\/noticias\/author\/camila-figueiredosuno-com-br\/\" class=\"authorBox__avatar noMobi\"><img src=\"https:\/\/files.sunoresearch.com.br\/n\/uploads\/2024\/05\/camila-paim-square-150x150.jpg\" alt=\"Camila Paim\"><\/a><div class=\"authorBox__name\"><span>por\n\t\t\t<a href=\"https:\/\/www.suno.com.br\/noticias\/author\/camila-figueiredosuno-com-br\/\"><span itemprop=\"author\">Camila Paim<\/span><\/a><\/span><time datetime=\"2024-02-05T10:33:11-03:00\" itemprop=\"datePublished\">05\/02\/2024 10:33<\/time><\/div><\/div><\/div><\/div><\/div>","single_layout":"posts","amp_enabled":true,"_links":{"self":[{"href":"https:\/\/www.suno.com.br\/noticias\/wp-json\/wp\/v2\/posts\/519808"}],"collection":[{"href":"https:\/\/www.suno.com.br\/noticias\/wp-json\/wp\/v2\/posts"}],"about":[{"href":"https:\/\/www.suno.com.br\/noticias\/wp-json\/wp\/v2\/types\/post"}],"author":[{"embeddable":true,"href":"https:\/\/www.suno.com.br\/noticias\/wp-json\/wp\/v2\/users\/283"}],"replies":[{"embeddable":true,"href":"https:\/\/www.suno.com.br\/noticias\/wp-json\/wp\/v2\/comments?post=519808"}],"version-history":[{"count":2,"href":"https:\/\/www.suno.com.br\/noticias\/wp-json\/wp\/v2\/posts\/519808\/revisions"}],"predecessor-version":[{"id":519859,"href":"https:\/\/www.suno.com.br\/noticias\/wp-json\/wp\/v2\/posts\/519808\/revisions\/519859"}],"wp:featuredmedia":[{"embeddable":true,"href":"https:\/\/www.suno.com.br\/noticias\/wp-json\/wp\/v2\/media\/357975"}],"wp:attachment":[{"href":"https:\/\/www.suno.com.br\/noticias\/wp-json\/wp\/v2\/media?parent=519808"}],"wp:term":[{"taxonomy":"category","embeddable":true,"href":"https:\/\/www.suno.com.br\/noticias\/wp-json\/wp\/v2\/categories?post=519808"},{"taxonomy":"post_tag","embeddable":true,"href":"https:\/\/www.suno.com.br\/noticias\/wp-json\/wp\/v2\/tags?post=519808"},{"taxonomy":"suno_strategy","embeddable":true,"href":"https:\/\/www.suno.com.br\/noticias\/wp-json\/wp\/v2\/suno_strategy?post=519808"}],"curies":[{"name":"wp","href":"https:\/\/api.w.org\/{rel}","templated":true}]}}