{"id":519733,"date":"2024-02-05T08:12:22","date_gmt":"2024-02-05T11:12:22","guid":{"rendered":"https:\/\/www.suno.com.br\/noticias\/?p=519733"},"modified":"2024-02-05T08:12:28","modified_gmt":"2024-02-05T11:12:28","slug":"news-agenda-ofertas-afhi11-asmt11-janeiro-cpf","status":"publish","type":"post","link":"https:\/\/www.suno.com.br\/noticias\/news-agenda-ofertas-afhi11-asmt11-janeiro-cpf\/","title":{"rendered":"AFHI11, ASMT11: Veja a agenda de ofertas de fundos imobili\u00e1rios desta semana"},"content":{"rendered":"<p>Nesta semana, as ofertas de <strong>fundos imobili\u00e1rios<\/strong> devem ficar no radar dos investidores. Os cotistas ficar\u00e3o de olho no in\u00edcio dos per\u00edodos de prefer\u00eancia, com destaque para as ofertas do FII AFHI11 e do FII ASMT11.<\/p>\t<div class=\"wrapper-featured-image\">\n\t\t<figure class=\"spotlightImg\">\n\n\t\t\t<picture>\n\t\t\t\t<source media=\"(max-width: 768px)\" srcset=\"https:\/\/files.sunoresearch.com.br\/n\/uploads\/2023\/10\/fii-fundos-imobiliarios-casa-chave-400x200.jpg\">\n\t\t\t\t<img loading=\"lazy\" decoding=\"async\" class=\"newsContent__article__imgCapa lazyloadDisabled \" src=\"https:\/\/files.sunoresearch.com.br\/n\/uploads\/2023\/10\/fii-fundos-imobiliarios-casa-chave-800x450.jpg\" width=\"800\" height=\"450\" alt=\"AFHI11, ASMT11: Veja a agenda de ofertas de fundos imobili\u00e1rios desta semana\" fetchpriority=high \/>\n\t\t\t<\/picture>\n\n\t\t\t<figcaption class=\"wp-caption-text wp-caption-text--show\">Fundos Imobili\u00e1rios. - Foto: iStock<\/figcaption>\n\t\t<\/figure>\n\t<\/div>\n\n\n\n\n\n\t<p>\n\t\t<a href=\"\" target=\"_blank\" data-element=\"shortcode-suno-banner\" title=\"Banner SUNO, clique e saiba mais\">\n\t\t\t<picture>\n\t\t\t\t<source media=\"(max-width: 500px)\" srcset=\"\">\n\t\t\t\t<img class=\"newsContent__article__imgCapa newsContent__article__imgCapa--banner\"\n\t\t\t\t\tsrc=\"\"\n\t\t\t\t\tdata-promo-id=\"77050\"\t\t\t\t\t\t\t\t\t\t\t\t\t\t\talt=\"\"\n\t\t\t\t>\n\t\t\t<\/picture>\n\t\t<\/a>\n\t<\/p>\n\n\n\n\n\n<p>O investidor precisa ficar atento para n\u00e3o perder os prazos de prefer\u00eancia dos <strong>fundos imobili\u00e1rios<\/strong>, caso deseja participar das ofertas.<\/p>\n\n\n\n<p>Veja abaixo o cronograma das emiss\u00f5es desta semana:<\/p>\n\n\n\n<h2 class=\"wp-block-heading\">In\u00edcio do per\u00edodo de prefer\u00eancia dos FIIs<\/h2>\n\n\n\n<p>N\u00e3o h\u00e1 nenhuma <strong>oferta de fundo imobili\u00e1rio<\/strong> cujo per\u00edodo de prefer\u00eancia ter\u00e1 in\u00edcio nesta semana.<\/p>\n\n\n\n<p>O per\u00edodo prefer\u00eancia nas ofertas \u00e9 importante para os atuais cotistas que desejam adquirir mais cotas do FII durante a emiss\u00e3o.<\/p>\n\n\n\n<h2 class=\"wp-block-heading\">Per\u00edodos de prefer\u00eancia que terminam essa semana<\/h2>\n\n\n\n<p>N\u00e3o h\u00e1 nenhuma oferta de fundo imobili\u00e1rio cujo fim do per\u00edodo de prefer\u00eancia est\u00e1 marcado para esta semana.<\/p>\n\n\n\t<p>\n\t\t<a href=\"https:\/\/lp.suno.com.br\/planilha-controle-gastos\/\" target=\"_blank\" data-element=\"shortcode-suno-banner\" title=\"Banner SUNO, clique e saiba mais\">\n\t\t\t<picture>\n\t\t\t\t<source media=\"(max-width: 500px)\" srcset=\"https:\/\/files.sunoresearch.com.br\/n\/uploads\/2023\/03\/400x300-Planilha-controle-de-gastos.png\">\n\t\t\t\t<img class=\"newsContent__article__imgCapa newsContent__article__imgCapa--banner\"\n\t\t\t\t\tsrc=\"https:\/\/files.sunoresearch.com.br\/n\/uploads\/2023\/03\/1420x240-Planilha-controle-de-gastos.png\"\n\t\t\t\t\tdata-promo-id=\"101751\"\t\t\t\t\t\t\t\t\t\twidth='1420' height='240'\t\t\t\t\talt=\"https:\/\/files.sunoresearch.com.br\/n\/uploads\/2023\/03\/1420x240-Planilha-controle-de-gastos.png\"\n\t\t\t\t>\n\t\t\t<\/picture>\n\t\t<\/a>\n\t<\/p>\n\n\n\n\n\n<h2 class=\"wp-block-heading\">Per\u00edodos de sobra de ofertas de FII que come\u00e7am essa semana<\/h2>\n\n\n\n<p>Nesta semana n\u00e3o est\u00e1 previsto o in\u00edcio do per\u00edodo de sobras de nenhuma oferta de fundo imobili\u00e1rio.<\/p>\n\n\n\n<h2 class=\"wp-block-heading\">Fim do per\u00edodo de sobra de ofertas de fundos imobili\u00e1rios<\/h2>\n\n\n\n<p><strong>AFHI11<\/strong><\/p>\n\n\n\n<p>O FII <a class=\"suno-keyword\" target=\"_blank\" data-force=\"yes\" data-priority=\"2\" href=\"https:\/\/www.suno.com.br\/fundos-imobiliarios\/afhi11\/\" rel=\"noopener\">AFHI11<\/a> \u00e9 um fundo de Pap\u00e9is, com investimentos em Fundo de Papel.<\/p>\n\n\n\n<p>Essa \u00e9 a 5\u00aa emiss\u00e3o de cotas do fundo imobili\u00e1rio AFHI11 e pretende captar R$ 100 milh\u00f5es na oferta. <\/p>\n\n\n\n<p>O pre\u00e7o unit\u00e1rio da negocia\u00e7\u00e3o ser\u00e1 de R$ 96,43 por cota do FII sem custos de distribui\u00e7\u00e3o, que ser\u00e3o pagos direta e exclusivamente pela gestora. A oferta \u00e9 voltada apenas a investidores profissionais, e n\u00e3o h\u00e1 investimento m\u00ednimo.<\/p>\n\n\n\n<ul class=\"wp-block-list\">\n<li>A data de prefer\u00eancia ficou definida de 31\/01\/2024 a 08\/02\/2024.<\/li>\n\n\n\n<li>A propor\u00e7\u00e3o do per\u00edodo de prefer\u00eancia soma 31,02.<\/li>\n\n\n\n<li>O coordenador-l\u00edder \u00e9 Ara\u00fajo Fontes.<\/li>\n<\/ul>\n\n\n\n<h2 class=\"wp-block-heading\">In\u00edcio do per\u00edodo de oferta p\u00fablica de FIIs<\/h2>\n\n\n\n<p>N\u00e3o est\u00e1 agendado para esta semana o in\u00edcio de oferta p\u00fablica de FIIs.<\/p>\n\n\n\n<h2 class=\"wp-block-heading\">Fim do per\u00edodo de ofertas p\u00fablica de FIIs<\/h2>\n\n\n\n<p><strong>ASMT11<\/strong><\/p>\n\n\n\n<p>O FII ASMT11 \u00e9 um fundo de <a class=\"suno-keyword\" target=\"_blank\" data-force=\"no\" data-priority=\"1\" href=\"https:\/\/www.suno.com.br\/artigos\/lajes-corporativas\/\" rel=\"noopener\">Lajes Corporativas<\/a>, com investimentos em Fundo de Tijolo.<\/p>\n\n\n\n<p>Essa \u00e9 a 3\u00aa emiss\u00e3o de cotas do fundo imobili\u00e1rio ASMT11, que est\u00e1 ofertando 743.605 novas cotas.<\/p>\n\n\n\n<p>A oferta p\u00fablica quer captar R$ 50.000.000,20.<\/p>\n\n\n\n<ul class=\"wp-block-list\">\n<li>A data de prefer\u00eancia ficou definida de 19\/12\/2023 a 03\/01\/2024.<\/li>\n\n\n\n<li>A propor\u00e7\u00e3o do per\u00edodo de prefer\u00eancia soma 73,09.<\/li>\n\n\n\n<li>A taxa de emiss\u00e3o ficou em 3,90%.<\/li>\n<\/ul>\n\n\n\n<h2 class=\"wp-block-heading\">Emiss\u00f5es de FIIs<\/h2>\n\n\n\n<p>Em geral, os <a class=\"suno-keyword\" target=\"_blank\" data-force=\"no\" data-priority=\"2\" href=\"https:\/\/www.suno.com.br\/fundos-imobiliarios\/\" rel=\"noopener\">fundos imobili\u00e1rios<\/a> emitem novas cotas para aumentar seu capital, ou ent\u00e3o quando est\u00e3o sendo estruturados.<\/p>\n\n\n\n<p>Neste processo, o fundo emite novas cota e as vende no mercado. O dinheiro arrecadado na oferta permite que o FII invista em novos ativos ou reforme aqueles que j\u00e1 est\u00e3o em sua carteira.<\/p>\n\n\n\n<p>Esta mat\u00e9ria n\u00e3o \u00e9 uma recomenda\u00e7\u00e3o de<strong> investimento em Fundos imobili\u00e1rios<\/strong>. Lembre-se de que, antes de investir em renda vari\u00e1vel, \u00e9 fundamental quitar suas d\u00edvidas e fazer uma reserva de emerg\u00eancia.<\/p>\n\n\n\t<p>\n\t\t<a href=\"https:\/\/lp.suno.com.br\/ebook-como-analisar-uma-acao\/\" target=\"_blank\" data-element=\"shortcode-suno-banner\" title=\"Banner SUNO, clique e saiba mais\">\n\t\t\t<picture>\n\t\t\t\t<source media=\"(max-width: 500px)\" srcset=\"https:\/\/files.sunoresearch.com.br\/n\/uploads\/2023\/03\/Ebook-Acoes-Mobile-1.jpg\">\n\t\t\t\t<img class=\"newsContent__article__imgCapa newsContent__article__imgCapa--banner\"\n\t\t\t\t\tsrc=\"https:\/\/files.sunoresearch.com.br\/n\/uploads\/2023\/03\/Ebook-Acoes-Desktop-1.jpg\"\n\t\t\t\t\tdata-promo-id=\"171998\"\t\t\t\t\t\t\t\t\t\twidth='1420' height='286'\t\t\t\t\talt=\"https:\/\/files.sunoresearch.com.br\/n\/uploads\/2023\/03\/Ebook-Acoes-Desktop-1.jpg\"\n\t\t\t\t>\n\t\t\t<\/picture>\n\t\t<\/a>\n\t<\/p>\n\n\n","protected":false},"excerpt":{"rendered":"<p>Nesta semana, as ofertas de fundos imobili\u00e1rios devem ficar no radar dos investidores. Os cotistas ficar\u00e3o de olho no in\u00edcio dos per\u00edodos de prefer\u00eancia, com destaque para as ofertas do FII AFHI11 e do FII ASMT11. Fundos Imobili\u00e1rios. &#8211; Foto: iStock O investidor precisa ficar atento para n\u00e3o perder os prazos de prefer\u00eancia dos fundos [&hellip;]<\/p>\n","protected":false},"author":283,"featured_media":473504,"comment_status":"closed","ping_status":"closed","sticky":false,"template":"","format":"standard","meta":[],"categories":[66],"tags":[106464,315],"suno_strategy":[],"class_list":["post-519733","post","type-post","status-publish","format-standard","has-post-thumbnail","hentry","category-fiis","tag-afhi11","tag-fundos-imobiliarios-fiis"],"yoast_head":"<!-- This site is optimized with the Yoast SEO plugin v24.4 - https:\/\/yoast.com\/wordpress\/plugins\/seo\/ -->\n<title>Fundos imobili\u00e1rios: AFHI11 na agenda de ofertas semanal<\/title>\n<meta name=\"description\" content=\"Nesta semana, as ofertas de fundos imobili\u00e1rios ASMT11 e AFHI11 devem ficar no radar dos investidores. Saiba mais.\" \/>\n<meta name=\"robots\" content=\"index, follow, max-snippet:-1, max-image-preview:large, max-video-preview:-1\" \/>\n<link rel=\"canonical\" href=\"https:\/\/www.suno.com.br\/noticias\/news-agenda-ofertas-afhi11-asmt11-janeiro-cpf\/\" \/>\n<meta property=\"og:locale\" content=\"pt_BR\" \/>\n<meta property=\"og:type\" content=\"article\" \/>\n<meta property=\"og:title\" content=\"Fundos imobili\u00e1rios: AFHI11 na agenda de ofertas semanal\" \/>\n<meta property=\"og:description\" content=\"Nesta semana, as ofertas de fundos imobili\u00e1rios ASMT11 e AFHI11 devem ficar no radar dos investidores. Saiba mais.\" \/>\n<meta property=\"og:url\" content=\"https:\/\/www.suno.com.br\/noticias\/news-agenda-ofertas-afhi11-asmt11-janeiro-cpf\/\" \/>\n<meta property=\"og:site_name\" content=\"Suno Not\u00edcias\" \/>\n<meta property=\"article:publisher\" content=\"https:\/\/facebook.com\/sunoresearch\" \/>\n<meta property=\"og:image\" content=\"https:\/\/files.sunoresearch.com.br\/n\/uploads\/2023\/10\/fii-fundos-imobiliarios-casa-chave.jpg\" \/>\n\t<meta property=\"og:image:width\" content=\"1200\" \/>\n\t<meta property=\"og:image:height\" content=\"800\" \/>\n\t<meta property=\"og:image:type\" content=\"image\/jpeg\" \/>\n<meta name=\"author\" content=\"Camila Paim\" \/>\n<meta name=\"twitter:card\" content=\"summary_large_image\" \/>\n<meta name=\"twitter:creator\" content=\"@sunoresearch\" \/>\n<meta name=\"twitter:site\" content=\"@sunoresearch\" \/>\n<meta name=\"twitter:label1\" content=\"Escrito por\" \/>\n\t<meta name=\"twitter:data1\" content=\"Camila Paim\" \/>\n\t<meta name=\"twitter:label2\" content=\"Est. tempo de leitura\" \/>\n\t<meta name=\"twitter:data2\" content=\"3 minutos\" \/>\n<script type=\"application\/ld+json\" class=\"yoast-schema-graph\">{\"@context\":\"https:\/\/schema.org\",\"@graph\":[{\"@type\":\"NewsArticle\",\"@id\":\"https:\/\/www.suno.com.br\/noticias\/news-agenda-ofertas-afhi11-asmt11-janeiro-cpf\/#article\",\"isPartOf\":{\"@id\":\"https:\/\/www.suno.com.br\/noticias\/news-agenda-ofertas-afhi11-asmt11-janeiro-cpf\/\"},\"author\":{\"name\":\"Camila Paim\",\"@id\":\"https:\/\/www.suno.com.br\/noticias\/#\/schema\/person\/f341d3ae5d1cc685176c9a5327cdfdbb\"},\"headline\":\"AFHI11, ASMT11: Veja a agenda de ofertas de fundos imobili\u00e1rios desta semana\",\"datePublished\":\"2024-02-05T11:12:22+00:00\",\"dateModified\":\"2024-02-05T11:12:28+00:00\",\"mainEntityOfPage\":{\"@id\":\"https:\/\/www.suno.com.br\/noticias\/news-agenda-ofertas-afhi11-asmt11-janeiro-cpf\/\"},\"wordCount\":524,\"publisher\":{\"@id\":\"https:\/\/www.suno.com.br\/noticias\/#organization\"},\"image\":{\"@id\":\"https:\/\/www.suno.com.br\/noticias\/news-agenda-ofertas-afhi11-asmt11-janeiro-cpf\/#primaryimage\"},\"thumbnailUrl\":\"https:\/\/files.sunoresearch.com.br\/n\/uploads\/2023\/10\/fii-fundos-imobiliarios-casa-chave.jpg\",\"keywords\":[\"AFHI11\",\"Fundos Imobili\u00e1rios (FIIs)\"],\"articleSection\":[\"FIIs\"],\"inLanguage\":\"pt-BR\"},{\"@type\":\"WebPage\",\"@id\":\"https:\/\/www.suno.com.br\/noticias\/news-agenda-ofertas-afhi11-asmt11-janeiro-cpf\/\",\"url\":\"https:\/\/www.suno.com.br\/noticias\/news-agenda-ofertas-afhi11-asmt11-janeiro-cpf\/\",\"name\":\"Fundos imobili\u00e1rios: AFHI11 na agenda de ofertas semanal\",\"isPartOf\":{\"@id\":\"https:\/\/www.suno.com.br\/noticias\/#website\"},\"primaryImageOfPage\":{\"@id\":\"https:\/\/www.suno.com.br\/noticias\/news-agenda-ofertas-afhi11-asmt11-janeiro-cpf\/#primaryimage\"},\"image\":{\"@id\":\"https:\/\/www.suno.com.br\/noticias\/news-agenda-ofertas-afhi11-asmt11-janeiro-cpf\/#primaryimage\"},\"thumbnailUrl\":\"https:\/\/files.sunoresearch.com.br\/n\/uploads\/2023\/10\/fii-fundos-imobiliarios-casa-chave.jpg\",\"datePublished\":\"2024-02-05T11:12:22+00:00\",\"dateModified\":\"2024-02-05T11:12:28+00:00\",\"description\":\"Nesta semana, as ofertas de fundos imobili\u00e1rios ASMT11 e AFHI11 devem ficar no radar dos investidores. Saiba mais.\",\"breadcrumb\":{\"@id\":\"https:\/\/www.suno.com.br\/noticias\/news-agenda-ofertas-afhi11-asmt11-janeiro-cpf\/#breadcrumb\"},\"inLanguage\":\"pt-BR\",\"potentialAction\":[{\"@type\":\"ReadAction\",\"target\":[\"https:\/\/www.suno.com.br\/noticias\/news-agenda-ofertas-afhi11-asmt11-janeiro-cpf\/\"]}]},{\"@type\":\"ImageObject\",\"inLanguage\":\"pt-BR\",\"@id\":\"https:\/\/www.suno.com.br\/noticias\/news-agenda-ofertas-afhi11-asmt11-janeiro-cpf\/#primaryimage\",\"url\":\"https:\/\/files.sunoresearch.com.br\/n\/uploads\/2023\/10\/fii-fundos-imobiliarios-casa-chave.jpg\",\"contentUrl\":\"https:\/\/files.sunoresearch.com.br\/n\/uploads\/2023\/10\/fii-fundos-imobiliarios-casa-chave.jpg\",\"width\":1200,\"height\":800,\"caption\":\"Fundos Imobili\u00e1rios. - Foto: iStock\"},{\"@type\":\"BreadcrumbList\",\"@id\":\"https:\/\/www.suno.com.br\/noticias\/news-agenda-ofertas-afhi11-asmt11-janeiro-cpf\/#breadcrumb\",\"itemListElement\":[{\"@type\":\"ListItem\",\"position\":1,\"name\":\"Not\u00edcias\",\"item\":\"https:\/\/www.suno.com.br\/noticias\/\"},{\"@type\":\"ListItem\",\"position\":2,\"name\":\"FIIs\",\"item\":\"https:\/\/www.suno.com.br\/noticias\/fiis\/\"},{\"@type\":\"ListItem\",\"position\":3,\"name\":\"AFHI11, ASMT11: Veja a agenda de ofertas de fundos imobili\u00e1rios desta semana\"}]},{\"@type\":\"WebSite\",\"@id\":\"https:\/\/www.suno.com.br\/noticias\/#website\",\"url\":\"https:\/\/www.suno.com.br\/noticias\/\",\"name\":\"Suno Not\u00edcias\",\"description\":\"Seu portal de informa\u00e7\u00e3o sobre o mundo dos investimentos\",\"publisher\":{\"@id\":\"https:\/\/www.suno.com.br\/noticias\/#organization\"},\"potentialAction\":[{\"@type\":\"SearchAction\",\"target\":{\"@type\":\"EntryPoint\",\"urlTemplate\":\"https:\/\/www.suno.com.br\/noticias\/?s={search_term_string}\"},\"query-input\":{\"@type\":\"PropertyValueSpecification\",\"valueRequired\":true,\"valueName\":\"search_term_string\"}}],\"inLanguage\":\"pt-BR\"},{\"@type\":\"Organization\",\"@id\":\"https:\/\/www.suno.com.br\/noticias\/#organization\",\"name\":\"Suno Not\u00edcias\",\"url\":\"https:\/\/www.suno.com.br\/noticias\/\",\"logo\":{\"@type\":\"ImageObject\",\"inLanguage\":\"pt-BR\",\"@id\":\"https:\/\/www.suno.com.br\/noticias\/#\/schema\/logo\/image\/\",\"url\":\"https:\/\/files.sunoresearch.com.br\/n\/uploads\/2021\/09\/suno-logo.png\",\"contentUrl\":\"https:\/\/files.sunoresearch.com.br\/n\/uploads\/2021\/09\/suno-logo.png\",\"width\":180,\"height\":180,\"caption\":\"Suno Not\u00edcias\"},\"image\":{\"@id\":\"https:\/\/www.suno.com.br\/noticias\/#\/schema\/logo\/image\/\"},\"sameAs\":[\"https:\/\/facebook.com\/sunoresearch\",\"https:\/\/x.com\/sunoresearch\",\"https:\/\/www.instagram.com\/suno\",\"https:\/\/www.linkedin.com\/company\/suno-research\/\",\"https:\/\/www.youtube.com\/c\/sunoresearch\"]},{\"@type\":\"Person\",\"@id\":\"https:\/\/www.suno.com.br\/noticias\/#\/schema\/person\/f341d3ae5d1cc685176c9a5327cdfdbb\",\"name\":\"Camila Paim\",\"image\":{\"@type\":\"ImageObject\",\"inLanguage\":\"pt-BR\",\"@id\":\"https:\/\/www.suno.com.br\/noticias\/#\/schema\/person\/image\/\",\"url\":\"https:\/\/secure.gravatar.com\/avatar\/f33728e65febb1aa7ecf6792956f9b20?s=96&r=g\",\"contentUrl\":\"https:\/\/secure.gravatar.com\/avatar\/f33728e65febb1aa7ecf6792956f9b20?s=96&r=g\",\"caption\":\"Camila Paim\"},\"description\":\"Jornalista formada pela USP, tem experi\u00eancia em reda\u00e7\u00f5es, SEO, Branded Content e Webdesign. Com passagem pelo Jornal da USP, Empiricus e C6 Bank, hoje \u00e9 rep\u00f3rter no Suno Not\u00edcias cobrindo macroeconomia, finan\u00e7as pessoais e startups.\",\"url\":\"https:\/\/www.suno.com.br\/noticias\/author\/camila-figueiredosuno-com-br\/\"}]}<\/script>\n<!-- \/ Yoast SEO plugin. -->","yoast_head_json":{"title":"Fundos imobili\u00e1rios: AFHI11 na agenda de ofertas semanal","description":"Nesta semana, as ofertas de fundos imobili\u00e1rios ASMT11 e AFHI11 devem ficar no radar dos investidores. Saiba mais.","robots":{"index":"index","follow":"follow","max-snippet":"max-snippet:-1","max-image-preview":"max-image-preview:large","max-video-preview":"max-video-preview:-1"},"canonical":"https:\/\/www.suno.com.br\/noticias\/news-agenda-ofertas-afhi11-asmt11-janeiro-cpf\/","og_locale":"pt_BR","og_type":"article","og_title":"Fundos imobili\u00e1rios: AFHI11 na agenda de ofertas semanal","og_description":"Nesta semana, as ofertas de fundos imobili\u00e1rios ASMT11 e AFHI11 devem ficar no radar dos investidores. Saiba mais.","og_url":"https:\/\/www.suno.com.br\/noticias\/news-agenda-ofertas-afhi11-asmt11-janeiro-cpf\/","og_site_name":"Suno Not\u00edcias","article_publisher":"https:\/\/facebook.com\/sunoresearch","og_image":[{"width":1200,"height":800,"url":"https:\/\/files.sunoresearch.com.br\/n\/uploads\/2023\/10\/fii-fundos-imobiliarios-casa-chave.jpg","type":"image\/jpeg"}],"author":"Camila Paim","twitter_card":"summary_large_image","twitter_creator":"@sunoresearch","twitter_site":"@sunoresearch","twitter_misc":{"Escrito por":"Camila Paim","Est. tempo de leitura":"3 minutos"},"schema":{"@context":"https:\/\/schema.org","@graph":[{"@type":"NewsArticle","@id":"https:\/\/www.suno.com.br\/noticias\/news-agenda-ofertas-afhi11-asmt11-janeiro-cpf\/#article","isPartOf":{"@id":"https:\/\/www.suno.com.br\/noticias\/news-agenda-ofertas-afhi11-asmt11-janeiro-cpf\/"},"author":{"name":"Camila Paim","@id":"https:\/\/www.suno.com.br\/noticias\/#\/schema\/person\/f341d3ae5d1cc685176c9a5327cdfdbb"},"headline":"AFHI11, ASMT11: Veja a agenda de ofertas de fundos imobili\u00e1rios desta semana","datePublished":"2024-02-05T11:12:22+00:00","dateModified":"2024-02-05T11:12:28+00:00","mainEntityOfPage":{"@id":"https:\/\/www.suno.com.br\/noticias\/news-agenda-ofertas-afhi11-asmt11-janeiro-cpf\/"},"wordCount":524,"publisher":{"@id":"https:\/\/www.suno.com.br\/noticias\/#organization"},"image":{"@id":"https:\/\/www.suno.com.br\/noticias\/news-agenda-ofertas-afhi11-asmt11-janeiro-cpf\/#primaryimage"},"thumbnailUrl":"https:\/\/files.sunoresearch.com.br\/n\/uploads\/2023\/10\/fii-fundos-imobiliarios-casa-chave.jpg","keywords":["AFHI11","Fundos Imobili\u00e1rios (FIIs)"],"articleSection":["FIIs"],"inLanguage":"pt-BR"},{"@type":"WebPage","@id":"https:\/\/www.suno.com.br\/noticias\/news-agenda-ofertas-afhi11-asmt11-janeiro-cpf\/","url":"https:\/\/www.suno.com.br\/noticias\/news-agenda-ofertas-afhi11-asmt11-janeiro-cpf\/","name":"Fundos imobili\u00e1rios: AFHI11 na agenda de ofertas semanal","isPartOf":{"@id":"https:\/\/www.suno.com.br\/noticias\/#website"},"primaryImageOfPage":{"@id":"https:\/\/www.suno.com.br\/noticias\/news-agenda-ofertas-afhi11-asmt11-janeiro-cpf\/#primaryimage"},"image":{"@id":"https:\/\/www.suno.com.br\/noticias\/news-agenda-ofertas-afhi11-asmt11-janeiro-cpf\/#primaryimage"},"thumbnailUrl":"https:\/\/files.sunoresearch.com.br\/n\/uploads\/2023\/10\/fii-fundos-imobiliarios-casa-chave.jpg","datePublished":"2024-02-05T11:12:22+00:00","dateModified":"2024-02-05T11:12:28+00:00","description":"Nesta semana, as ofertas de fundos imobili\u00e1rios ASMT11 e AFHI11 devem ficar no radar dos investidores. Saiba mais.","breadcrumb":{"@id":"https:\/\/www.suno.com.br\/noticias\/news-agenda-ofertas-afhi11-asmt11-janeiro-cpf\/#breadcrumb"},"inLanguage":"pt-BR","potentialAction":[{"@type":"ReadAction","target":["https:\/\/www.suno.com.br\/noticias\/news-agenda-ofertas-afhi11-asmt11-janeiro-cpf\/"]}]},{"@type":"ImageObject","inLanguage":"pt-BR","@id":"https:\/\/www.suno.com.br\/noticias\/news-agenda-ofertas-afhi11-asmt11-janeiro-cpf\/#primaryimage","url":"https:\/\/files.sunoresearch.com.br\/n\/uploads\/2023\/10\/fii-fundos-imobiliarios-casa-chave.jpg","contentUrl":"https:\/\/files.sunoresearch.com.br\/n\/uploads\/2023\/10\/fii-fundos-imobiliarios-casa-chave.jpg","width":1200,"height":800,"caption":"Fundos Imobili\u00e1rios. - Foto: iStock"},{"@type":"BreadcrumbList","@id":"https:\/\/www.suno.com.br\/noticias\/news-agenda-ofertas-afhi11-asmt11-janeiro-cpf\/#breadcrumb","itemListElement":[{"@type":"ListItem","position":1,"name":"Not\u00edcias","item":"https:\/\/www.suno.com.br\/noticias\/"},{"@type":"ListItem","position":2,"name":"FIIs","item":"https:\/\/www.suno.com.br\/noticias\/fiis\/"},{"@type":"ListItem","position":3,"name":"AFHI11, ASMT11: Veja a agenda de ofertas de fundos imobili\u00e1rios desta semana"}]},{"@type":"WebSite","@id":"https:\/\/www.suno.com.br\/noticias\/#website","url":"https:\/\/www.suno.com.br\/noticias\/","name":"Suno Not\u00edcias","description":"Seu portal de informa\u00e7\u00e3o sobre o mundo dos investimentos","publisher":{"@id":"https:\/\/www.suno.com.br\/noticias\/#organization"},"potentialAction":[{"@type":"SearchAction","target":{"@type":"EntryPoint","urlTemplate":"https:\/\/www.suno.com.br\/noticias\/?s={search_term_string}"},"query-input":{"@type":"PropertyValueSpecification","valueRequired":true,"valueName":"search_term_string"}}],"inLanguage":"pt-BR"},{"@type":"Organization","@id":"https:\/\/www.suno.com.br\/noticias\/#organization","name":"Suno Not\u00edcias","url":"https:\/\/www.suno.com.br\/noticias\/","logo":{"@type":"ImageObject","inLanguage":"pt-BR","@id":"https:\/\/www.suno.com.br\/noticias\/#\/schema\/logo\/image\/","url":"https:\/\/files.sunoresearch.com.br\/n\/uploads\/2021\/09\/suno-logo.png","contentUrl":"https:\/\/files.sunoresearch.com.br\/n\/uploads\/2021\/09\/suno-logo.png","width":180,"height":180,"caption":"Suno Not\u00edcias"},"image":{"@id":"https:\/\/www.suno.com.br\/noticias\/#\/schema\/logo\/image\/"},"sameAs":["https:\/\/facebook.com\/sunoresearch","https:\/\/x.com\/sunoresearch","https:\/\/www.instagram.com\/suno","https:\/\/www.linkedin.com\/company\/suno-research\/","https:\/\/www.youtube.com\/c\/sunoresearch"]},{"@type":"Person","@id":"https:\/\/www.suno.com.br\/noticias\/#\/schema\/person\/f341d3ae5d1cc685176c9a5327cdfdbb","name":"Camila Paim","image":{"@type":"ImageObject","inLanguage":"pt-BR","@id":"https:\/\/www.suno.com.br\/noticias\/#\/schema\/person\/image\/","url":"https:\/\/secure.gravatar.com\/avatar\/f33728e65febb1aa7ecf6792956f9b20?s=96&r=g","contentUrl":"https:\/\/secure.gravatar.com\/avatar\/f33728e65febb1aa7ecf6792956f9b20?s=96&r=g","caption":"Camila Paim"},"description":"Jornalista formada pela USP, tem experi\u00eancia em reda\u00e7\u00f5es, SEO, Branded Content e Webdesign. Com passagem pelo Jornal da USP, Empiricus e C6 Bank, hoje \u00e9 rep\u00f3rter no Suno Not\u00edcias cobrindo macroeconomia, finan\u00e7as pessoais e startups.","url":"https:\/\/www.suno.com.br\/noticias\/author\/camila-figueiredosuno-com-br\/"}]}},"default_loop_html":"<div class=\"cardsPage__listCard__boxs\"><div class=\"cardsPage__listCard__boxs__img\"><a href=\"https:\/\/www.suno.com.br\/noticias\/news-agenda-ofertas-afhi11-asmt11-janeiro-cpf\/\"><img class=\"mask\" src=\"https:\/\/www.suno.com.br\/noticias\/wp-content\/themes\/suno\/resources\/images\/spotlight\/spotlight1img\/bg-mask.png\" alt=\"Image Mask\"\/><img src=\"https:\/\/files.sunoresearch.com.br\/n\/uploads\/2023\/10\/fii-fundos-imobiliarios-casa-chave-400x200.jpg\" alt=\"AFHI11, ASMT11: Veja a agenda de ofertas de fundos imobili\u00e1rios desta semana\"\/><\/a><span class=\"spotlightCategory\"><a href=\"https:\/\/www.suno.com.br\/noticias\/fiis\/\">FIIs<\/a><\/span><\/div><div class=\"cardsPage__listCard__boxs__content\"><a href=\"https:\/\/www.suno.com.br\/noticias\/news-agenda-ofertas-afhi11-asmt11-janeiro-cpf\/\"><h2 class=\"content__title\">AFHI11, ASMT11: Veja a agenda de ofertas de fundos imobili\u00e1rios desta semana<\/h2><\/a><div class=\"newsContent__article__meta\"><div class=\"newsContent__article__meta__authorBox\"><a href=\"https:\/\/www.suno.com.br\/noticias\/author\/camila-figueiredosuno-com-br\/\" class=\"authorBox__avatar noMobi\"><img src=\"https:\/\/files.sunoresearch.com.br\/n\/uploads\/2024\/05\/camila-paim-square-150x150.jpg\" alt=\"Camila Paim\"><\/a><div class=\"authorBox__name\"><span>por\n\t\t\t<a href=\"https:\/\/www.suno.com.br\/noticias\/author\/camila-figueiredosuno-com-br\/\"><span itemprop=\"author\">Camila Paim<\/span><\/a><\/span><time datetime=\"2024-02-05T08:12:22-03:00\" itemprop=\"datePublished\">05\/02\/2024 08:12<\/time><\/div><\/div><\/div><\/div><\/div>","single_layout":"posts","amp_enabled":true,"_links":{"self":[{"href":"https:\/\/www.suno.com.br\/noticias\/wp-json\/wp\/v2\/posts\/519733"}],"collection":[{"href":"https:\/\/www.suno.com.br\/noticias\/wp-json\/wp\/v2\/posts"}],"about":[{"href":"https:\/\/www.suno.com.br\/noticias\/wp-json\/wp\/v2\/types\/post"}],"author":[{"embeddable":true,"href":"https:\/\/www.suno.com.br\/noticias\/wp-json\/wp\/v2\/users\/283"}],"replies":[{"embeddable":true,"href":"https:\/\/www.suno.com.br\/noticias\/wp-json\/wp\/v2\/comments?post=519733"}],"version-history":[{"count":3,"href":"https:\/\/www.suno.com.br\/noticias\/wp-json\/wp\/v2\/posts\/519733\/revisions"}],"predecessor-version":[{"id":519761,"href":"https:\/\/www.suno.com.br\/noticias\/wp-json\/wp\/v2\/posts\/519733\/revisions\/519761"}],"wp:featuredmedia":[{"embeddable":true,"href":"https:\/\/www.suno.com.br\/noticias\/wp-json\/wp\/v2\/media\/473504"}],"wp:attachment":[{"href":"https:\/\/www.suno.com.br\/noticias\/wp-json\/wp\/v2\/media?parent=519733"}],"wp:term":[{"taxonomy":"category","embeddable":true,"href":"https:\/\/www.suno.com.br\/noticias\/wp-json\/wp\/v2\/categories?post=519733"},{"taxonomy":"post_tag","embeddable":true,"href":"https:\/\/www.suno.com.br\/noticias\/wp-json\/wp\/v2\/tags?post=519733"},{"taxonomy":"suno_strategy","embeddable":true,"href":"https:\/\/www.suno.com.br\/noticias\/wp-json\/wp\/v2\/suno_strategy?post=519733"}],"curies":[{"name":"wp","href":"https:\/\/api.w.org\/{rel}","templated":true}]}}