{"id":519700,"date":"2024-02-04T16:16:14","date_gmt":"2024-02-04T19:16:14","guid":{"rendered":"https:\/\/www.suno.com.br\/noticias\/?p=519700"},"modified":"2024-02-05T07:16:32","modified_gmt":"2024-02-05T10:16:32","slug":"arezzo-arzz3-grupo-soma-soma3-fecham-fusao-jvj","status":"publish","type":"post","link":"https:\/\/www.suno.com.br\/noticias\/arezzo-arzz3-grupo-soma-soma3-fecham-fusao-jvj\/","title":{"rendered":"Arezzo (ARZZ3) e Grupo Soma (SOMA3) fecham acordo de fus\u00e3o, diz jornal"},"content":{"rendered":"<p>A <a class=\"suno-keyword\" data-force=\"yes\" data-priority=\"2\" href=\"https:\/\/www.suno.com.br\/acoes\/ARZZ3\/\" target=\"_blank\" rel=\"noopener\"><strong>Arezzo<\/strong> (ARZZ3)<\/a> e o <a class=\"suno-keyword\" data-force=\"yes\" data-priority=\"2\" href=\"https:\/\/www.suno.com.br\/acoes\/SOMA3\/\" target=\"_blank\" rel=\"noopener\">Grupo Soma (SOMA3)<\/a> teriam fechado hoje (4) um novo acordo de fus\u00e3o, segundo informa\u00e7\u00f5es apuradas pelo jornal Valor Econ\u00f4mico.<\/p>\t<div class=\"wrapper-featured-image\">\n\t\t<figure class=\"spotlightImg\">\n\n\t\t\t<picture>\n\t\t\t\t<source media=\"(max-width: 768px)\" srcset=\"https:\/\/files.sunoresearch.com.br\/n\/uploads\/2022\/03\/Arezzo-400x200.jpg\">\n\t\t\t\t<img loading=\"lazy\" decoding=\"async\" class=\"newsContent__article__imgCapa lazyloadDisabled \" src=\"https:\/\/files.sunoresearch.com.br\/n\/uploads\/2022\/03\/Arezzo-800x450.jpg\" width=\"800\" height=\"450\" alt=\"Arezzo (ARZZ3) e Grupo Soma (SOMA3) fecham acordo de fus\u00e3o, diz jornal\" fetchpriority=high \/>\n\t\t\t<\/picture>\n\n\t\t\t<figcaption class=\"wp-caption-text wp-caption-text--show\">Arezzo (ARZZ3. Foto: Reprodu\u00e7\u00e3o\/Arezzo<\/figcaption>\n\t\t<\/figure>\n\t<\/div>\n\n\n\n\n\n\t<p>\n\t\t<a href=\"https:\/\/lp.suno.com.br\/ebook-como-analisar-uma-acao\/\" target=\"_blank\" data-element=\"shortcode-suno-banner\" title=\"Banner SUNO, clique e saiba mais\">\n\t\t\t<picture>\n\t\t\t\t<source media=\"(max-width: 500px)\" srcset=\"https:\/\/files.sunoresearch.com.br\/n\/uploads\/2023\/12\/Ebook-Acoes-Mobile.jpg\">\n\t\t\t\t<img class=\"newsContent__article__imgCapa newsContent__article__imgCapa--banner\"\n\t\t\t\t\tsrc=\"https:\/\/files.sunoresearch.com.br\/n\/uploads\/2023\/12\/Ebook-Acoes-Desktop.webp\"\n\t\t\t\t\tdata-promo-id=\"311260\"\t\t\t\t\t\t\t\t\t\twidth='1420' height='286'\t\t\t\t\talt=\"https:\/\/files.sunoresearch.com.br\/n\/uploads\/2023\/12\/Ebook-Acoes-Desktop.webp\"\n\t\t\t\t>\n\t\t\t<\/picture>\n\t\t<\/a>\n\t<\/p>\n\n\n\n\n\n<p>O jornal diz que o acordo ser\u00e1 assinado ainda hoje (4), depois da aprova\u00e7\u00e3o do conselho de administra\u00e7\u00e3o do Grupo Soma, que teria acontecido na manh\u00e3 deste domingo, conforme apontaram fontes pr\u00f3ximas ao assunto.<\/p>\n\n\n\n<p>A <strong>fus\u00e3o da Arezzo com o Grupo Soma<\/strong> acontece depois de 2 anos de uma tentativa \u201cfracassada\u201d de combina\u00e7\u00e3o de neg\u00f3cios entre as duas empresas.<\/p>\n\n\n\t<div data-element=\"shortcode-read-more\" class=\"knowMore\">\n\t\t\t\t<span class=\"knowMore__title\">Leia mais<\/span>\n\t\t\t\t<a class=\"knowMore__link\" href=\"https:\/\/www.suno.com.br\/noticias\/meta-m1ta34-acoes-recorde-amazon-jvj\/\">\n\t\t\tMeta (M1TA34) quebra recorde hist\u00f3rico da Amazon e valor de mercado cresce US$ 206 bilh\u00f5es em um dia\t\t<\/a>\n\t<\/div>\n\n\n\n\n<p>No setor de varejo, a <strong>fus\u00e3o de Arezzo e Grupo Soma<\/strong> \u00e9 a maior em cerca de 13 anos \u2013 desde 2011 \u2013 quando Raia e Drogasil se juntaram.<\/p>\n\n\n\n<p>A nova companhia formada pela uni\u00e3o de Arezzo e Soma entraria para a lista das 20 maiores empresas de varejo do Brasil, de acordo com informa\u00e7\u00f5es do ranking da Sociedade Brasileira de Varejo e Consumo (SBVC).<\/p>\n\n\n\n<p>Ainda segundo o Valor, o presidente da nova empresa seria <a class=\"suno-keyword\" target=\"_blank\" data-force=\"no\" data-priority=\"2\" href=\"https:\/\/www.suno.com.br\/tudo-sobre\/alexandre-birman\/\" rel=\"noopener\">Alexandre Birman<\/a>, que \u00e9 o atual <strong>CEO da Arezzo<\/strong>. J\u00e1 Roberto Jatahy, atual <strong>CEO do Grupo Soma<\/strong>, atuaria como o novo CEO da divis\u00e3o de vestu\u00e1rio feminino da empresa combinada.<\/p>\n\n\n\n<h2 class=\"wp-block-heading\"><a><\/a>Como vai funcionar a fus\u00e3o de Arezzo e Grupo Soma?<\/h2>\n\n\n\n<p>A cria\u00e7\u00e3o da nova companhia seria realizada por meio da troca de a\u00e7\u00f5es, de maneira proporcional ao <a class=\"suno-keyword\" target=\"_blank\" data-force=\"no\" data-priority=\"1\" href=\"https:\/\/www.suno.com.br\/artigos\/valor-de-mercado\/\" rel=\"noopener\">valor de mercado<\/a> de cada uma das empresas antes da fus\u00e3o.<\/p>\n\n\n\n<p>Nesse caso, o acordo prev\u00ea que os investidores da Arezzo devam receber 55% das a\u00e7\u00f5es da empresa combinada, enquanto os acionistas do <strong>Grupo Soma<\/strong> devem ficar com 45% dos pap\u00e9is da nova empresa, j\u00e1 incluindo nesse c\u00e1lculo os acionistas controladores.<\/p>\n\n\n\n<p>O <a class=\"suno-keyword\" target=\"_blank\" data-force=\"no\" data-priority=\"1\" href=\"https:\/\/www.suno.com.br\/artigos\/conselho-administracao\/\" rel=\"noopener\">conselho de administra\u00e7\u00e3o<\/a> da empresa contar\u00e1 com um total de 7 membros, sendo 3 da Arezzo, 3 do Grupo Soma e 1 nome a ser decidido de forma conjunta pelas companhias, que deve assumir como presidente do conselho.<\/p>\n\n\n\n<p>No lado da Arezzo, a assessoria financeira foi realizada pelo Ita\u00fa BBA, enquanto o conselho do Grupo Soma foi avaliado pelo JPMorgan. J\u00e1 o assessor da opera\u00e7\u00e3o \u00e9 a XP, ainda segundo o jornal.<\/p>\n\n\n\n<p>Conforme aumentavam os rumores de que esse acordo de fus\u00e3o estava pr\u00f3ximo, as <strong>a\u00e7\u00f5es da Arezzo<\/strong> e Soma tiveram forte valoriza\u00e7\u00e3o na Bolsa de Valores.<\/p>\n\n\n\n<p>Enquanto as a\u00e7\u00f5es do Grupo Soma tiveram ganhos de 10,94% na semana, os pap\u00e9is da <strong>Arezzo<\/strong> tiveram alta de 8,44% nesse per\u00edodo.<\/p>\n\n\n\t<p>\n\t\t<a href=\"https:\/\/lp2.suno.com.br\/cl\/black-friday-2025\/?utm_campaign=_SNCDF0E4858_\" target=\"_blank\" data-element=\"shortcode-suno-banner\" title=\"Banner SUNO, clique e saiba mais\">\n\t\t\t<picture>\n\t\t\t\t<source media=\"(max-width: 500px)\" srcset=\"https:\/\/files.sunoresearch.com.br\/n\/uploads\/2025\/10\/Artigos-e-Noticias-Banner-Home-artigos-01-Mobile_-400x300-1-png.webp\">\n\t\t\t\t<img class=\"newsContent__article__imgCapa newsContent__article__imgCapa--banner\"\n\t\t\t\t\tsrc=\"https:\/\/files.sunoresearch.com.br\/n\/uploads\/2025\/10\/Artigos-e-Noticias-Banner-Home-artigos-01-Desktop_-1420x240-1-png.webp\"\n\t\t\t\t\tdata-promo-id=\"311259\"\t\t\t\t\t\t\t\t\t\twidth='1420' height='240'\t\t\t\t\talt=\"https:\/\/files.sunoresearch.com.br\/n\/uploads\/2025\/10\/Artigos-e-Noticias-Banner-Home-artigos-01-Desktop_-1420x240-1-png.webp\"\n\t\t\t\t>\n\t\t\t<\/picture>\n\t\t<\/a>\n\t<\/p>\n\n\n","protected":false},"excerpt":{"rendered":"<p>A Arezzo (ARZZ3) e o Grupo Soma (SOMA3) teriam fechado hoje (4) um novo acordo de fus\u00e3o, segundo informa\u00e7\u00f5es apuradas pelo jornal Valor Econ\u00f4mico. Arezzo (ARZZ3. Foto: Reprodu\u00e7\u00e3o\/Arezzo O jornal diz que o acordo ser\u00e1 assinado ainda hoje (4), depois da aprova\u00e7\u00e3o do conselho de administra\u00e7\u00e3o do Grupo Soma, que teria acontecido na manh\u00e3 deste [&hellip;]<\/p>\n","protected":false},"author":173,"featured_media":240289,"comment_status":"closed","ping_status":"closed","sticky":false,"template":"","format":"standard","meta":[],"categories":[64],"tags":[362,2686],"suno_strategy":[],"class_list":["post-519700","post","type-post","status-publish","format-standard","has-post-thumbnail","hentry","category-negocios","tag-arezzo-arzz3","tag-grupo-soma-soma3"],"yoast_head":"<!-- This site is optimized with the Yoast SEO plugin v24.4 - https:\/\/yoast.com\/wordpress\/plugins\/seo\/ -->\n<title>Arezzo (ARZZ3) e Grupo Soma (SOMA3) acabam de fechar fus\u00e3o<\/title>\n<meta name=\"description\" content=\"Segundo jornal, Arezzo (ARZZ3) e Grupo Soma (SOMA3) fecharam acordo de fus\u00e3o neste domingo (4). Veja detalhes do acordo.\" \/>\n<meta name=\"robots\" content=\"index, follow, max-snippet:-1, max-image-preview:large, max-video-preview:-1\" \/>\n<link rel=\"canonical\" href=\"https:\/\/www.suno.com.br\/noticias\/arezzo-arzz3-grupo-soma-soma3-fecham-fusao-jvj\/\" \/>\n<meta property=\"og:locale\" content=\"pt_BR\" \/>\n<meta property=\"og:type\" content=\"article\" \/>\n<meta property=\"og:title\" content=\"Arezzo (ARZZ3) e Grupo Soma (SOMA3) acabam de fechar fus\u00e3o\" \/>\n<meta property=\"og:description\" content=\"Segundo jornal, Arezzo (ARZZ3) e Grupo Soma (SOMA3) fecharam acordo de fus\u00e3o neste domingo (4). Veja detalhes do acordo.\" \/>\n<meta property=\"og:url\" content=\"https:\/\/www.suno.com.br\/noticias\/arezzo-arzz3-grupo-soma-soma3-fecham-fusao-jvj\/\" \/>\n<meta property=\"og:site_name\" content=\"Suno Not\u00edcias\" \/>\n<meta property=\"article:publisher\" content=\"https:\/\/facebook.com\/sunoresearch\" \/>\n<meta property=\"og:image\" content=\"https:\/\/files.sunoresearch.com.br\/n\/uploads\/2022\/03\/Arezzo.jpg\" \/>\n\t<meta property=\"og:image:width\" content=\"2047\" \/>\n\t<meta property=\"og:image:height\" content=\"1365\" \/>\n\t<meta property=\"og:image:type\" content=\"image\/jpeg\" \/>\n<meta name=\"author\" content=\"Jo\u00e3o Vitor\" \/>\n<meta name=\"twitter:card\" content=\"summary_large_image\" \/>\n<meta name=\"twitter:creator\" content=\"@sunoresearch\" \/>\n<meta name=\"twitter:site\" content=\"@sunoresearch\" \/>\n<meta name=\"twitter:label1\" content=\"Escrito por\" \/>\n\t<meta name=\"twitter:data1\" content=\"Jo\u00e3o Vitor\" \/>\n\t<meta name=\"twitter:label2\" content=\"Est. tempo de leitura\" \/>\n\t<meta name=\"twitter:data2\" content=\"3 minutos\" \/>\n<script type=\"application\/ld+json\" class=\"yoast-schema-graph\">{\"@context\":\"https:\/\/schema.org\",\"@graph\":[{\"@type\":\"NewsArticle\",\"@id\":\"https:\/\/www.suno.com.br\/noticias\/arezzo-arzz3-grupo-soma-soma3-fecham-fusao-jvj\/#article\",\"isPartOf\":{\"@id\":\"https:\/\/www.suno.com.br\/noticias\/arezzo-arzz3-grupo-soma-soma3-fecham-fusao-jvj\/\"},\"author\":{\"name\":\"Jo\u00e3o Vitor\",\"@id\":\"https:\/\/www.suno.com.br\/noticias\/#\/schema\/person\/87fc6973867c52dd884811905c43afba\"},\"headline\":\"Arezzo (ARZZ3) e Grupo Soma (SOMA3) fecham acordo de fus\u00e3o, diz jornal\",\"datePublished\":\"2024-02-04T19:16:14+00:00\",\"dateModified\":\"2024-02-05T10:16:32+00:00\",\"mainEntityOfPage\":{\"@id\":\"https:\/\/www.suno.com.br\/noticias\/arezzo-arzz3-grupo-soma-soma3-fecham-fusao-jvj\/\"},\"wordCount\":416,\"publisher\":{\"@id\":\"https:\/\/www.suno.com.br\/noticias\/#organization\"},\"image\":{\"@id\":\"https:\/\/www.suno.com.br\/noticias\/arezzo-arzz3-grupo-soma-soma3-fecham-fusao-jvj\/#primaryimage\"},\"thumbnailUrl\":\"https:\/\/files.sunoresearch.com.br\/n\/uploads\/2022\/03\/Arezzo.jpg\",\"keywords\":[\"Arezzo (ARZZ3)\",\"Grupo Soma (SOMA3)\"],\"articleSection\":[\"Neg\u00f3cios\"],\"inLanguage\":\"pt-BR\"},{\"@type\":\"WebPage\",\"@id\":\"https:\/\/www.suno.com.br\/noticias\/arezzo-arzz3-grupo-soma-soma3-fecham-fusao-jvj\/\",\"url\":\"https:\/\/www.suno.com.br\/noticias\/arezzo-arzz3-grupo-soma-soma3-fecham-fusao-jvj\/\",\"name\":\"Arezzo (ARZZ3) e Grupo Soma (SOMA3) acabam de fechar fus\u00e3o\",\"isPartOf\":{\"@id\":\"https:\/\/www.suno.com.br\/noticias\/#website\"},\"primaryImageOfPage\":{\"@id\":\"https:\/\/www.suno.com.br\/noticias\/arezzo-arzz3-grupo-soma-soma3-fecham-fusao-jvj\/#primaryimage\"},\"image\":{\"@id\":\"https:\/\/www.suno.com.br\/noticias\/arezzo-arzz3-grupo-soma-soma3-fecham-fusao-jvj\/#primaryimage\"},\"thumbnailUrl\":\"https:\/\/files.sunoresearch.com.br\/n\/uploads\/2022\/03\/Arezzo.jpg\",\"datePublished\":\"2024-02-04T19:16:14+00:00\",\"dateModified\":\"2024-02-05T10:16:32+00:00\",\"description\":\"Segundo jornal, Arezzo (ARZZ3) e Grupo Soma (SOMA3) fecharam acordo de fus\u00e3o neste domingo (4). Veja detalhes do acordo.\",\"breadcrumb\":{\"@id\":\"https:\/\/www.suno.com.br\/noticias\/arezzo-arzz3-grupo-soma-soma3-fecham-fusao-jvj\/#breadcrumb\"},\"inLanguage\":\"pt-BR\",\"potentialAction\":[{\"@type\":\"ReadAction\",\"target\":[\"https:\/\/www.suno.com.br\/noticias\/arezzo-arzz3-grupo-soma-soma3-fecham-fusao-jvj\/\"]}]},{\"@type\":\"ImageObject\",\"inLanguage\":\"pt-BR\",\"@id\":\"https:\/\/www.suno.com.br\/noticias\/arezzo-arzz3-grupo-soma-soma3-fecham-fusao-jvj\/#primaryimage\",\"url\":\"https:\/\/files.sunoresearch.com.br\/n\/uploads\/2022\/03\/Arezzo.jpg\",\"contentUrl\":\"https:\/\/files.sunoresearch.com.br\/n\/uploads\/2022\/03\/Arezzo.jpg\",\"width\":2047,\"height\":1365,\"caption\":\"Arezzo (ARZZ3. Foto: Reprodu\u00e7\u00e3o\/Arezzo\"},{\"@type\":\"BreadcrumbList\",\"@id\":\"https:\/\/www.suno.com.br\/noticias\/arezzo-arzz3-grupo-soma-soma3-fecham-fusao-jvj\/#breadcrumb\",\"itemListElement\":[{\"@type\":\"ListItem\",\"position\":1,\"name\":\"Not\u00edcias\",\"item\":\"https:\/\/www.suno.com.br\/noticias\/\"},{\"@type\":\"ListItem\",\"position\":2,\"name\":\"Neg\u00f3cios\",\"item\":\"https:\/\/www.suno.com.br\/noticias\/negocios\/\"},{\"@type\":\"ListItem\",\"position\":3,\"name\":\"Arezzo (ARZZ3) e Grupo Soma (SOMA3) fecham acordo de fus\u00e3o, diz jornal\"}]},{\"@type\":\"WebSite\",\"@id\":\"https:\/\/www.suno.com.br\/noticias\/#website\",\"url\":\"https:\/\/www.suno.com.br\/noticias\/\",\"name\":\"Suno Not\u00edcias\",\"description\":\"Seu portal de informa\u00e7\u00e3o sobre o mundo dos investimentos\",\"publisher\":{\"@id\":\"https:\/\/www.suno.com.br\/noticias\/#organization\"},\"potentialAction\":[{\"@type\":\"SearchAction\",\"target\":{\"@type\":\"EntryPoint\",\"urlTemplate\":\"https:\/\/www.suno.com.br\/noticias\/?s={search_term_string}\"},\"query-input\":{\"@type\":\"PropertyValueSpecification\",\"valueRequired\":true,\"valueName\":\"search_term_string\"}}],\"inLanguage\":\"pt-BR\"},{\"@type\":\"Organization\",\"@id\":\"https:\/\/www.suno.com.br\/noticias\/#organization\",\"name\":\"Suno Not\u00edcias\",\"url\":\"https:\/\/www.suno.com.br\/noticias\/\",\"logo\":{\"@type\":\"ImageObject\",\"inLanguage\":\"pt-BR\",\"@id\":\"https:\/\/www.suno.com.br\/noticias\/#\/schema\/logo\/image\/\",\"url\":\"https:\/\/files.sunoresearch.com.br\/n\/uploads\/2021\/09\/suno-logo.png\",\"contentUrl\":\"https:\/\/files.sunoresearch.com.br\/n\/uploads\/2021\/09\/suno-logo.png\",\"width\":180,\"height\":180,\"caption\":\"Suno Not\u00edcias\"},\"image\":{\"@id\":\"https:\/\/www.suno.com.br\/noticias\/#\/schema\/logo\/image\/\"},\"sameAs\":[\"https:\/\/facebook.com\/sunoresearch\",\"https:\/\/x.com\/sunoresearch\",\"https:\/\/www.instagram.com\/suno\",\"https:\/\/www.linkedin.com\/company\/suno-research\/\",\"https:\/\/www.youtube.com\/c\/sunoresearch\"]},{\"@type\":\"Person\",\"@id\":\"https:\/\/www.suno.com.br\/noticias\/#\/schema\/person\/87fc6973867c52dd884811905c43afba\",\"name\":\"Jo\u00e3o Vitor\",\"image\":{\"@type\":\"ImageObject\",\"inLanguage\":\"pt-BR\",\"@id\":\"https:\/\/www.suno.com.br\/noticias\/#\/schema\/person\/image\/\",\"url\":\"https:\/\/secure.gravatar.com\/avatar\/2843227ca03ccf8cc7ccca45204c127e?s=96&r=g\",\"contentUrl\":\"https:\/\/secure.gravatar.com\/avatar\/2843227ca03ccf8cc7ccca45204c127e?s=96&r=g\",\"caption\":\"Jo\u00e3o Vitor\"},\"description\":\"Redator profissional, com atua\u00e7\u00e3o no mercado editorial na produ\u00e7\u00e3o de not\u00edcias e conte\u00fados sobre o mercado de a\u00e7\u00f5es, fundos imobili\u00e1rios e economia popular. Graduando em Engenharia Qu\u00edmica pela Unesp, tamb\u00e9m j\u00e1 atuou como consultor financeiro.\",\"url\":\"https:\/\/www.suno.com.br\/noticias\/author\/joao-vitor-jacintho\/\"}]}<\/script>\n<!-- \/ Yoast SEO plugin. -->","yoast_head_json":{"title":"Arezzo (ARZZ3) e Grupo Soma (SOMA3) acabam de fechar fus\u00e3o","description":"Segundo jornal, Arezzo (ARZZ3) e Grupo Soma (SOMA3) fecharam acordo de fus\u00e3o neste domingo (4). Veja detalhes do acordo.","robots":{"index":"index","follow":"follow","max-snippet":"max-snippet:-1","max-image-preview":"max-image-preview:large","max-video-preview":"max-video-preview:-1"},"canonical":"https:\/\/www.suno.com.br\/noticias\/arezzo-arzz3-grupo-soma-soma3-fecham-fusao-jvj\/","og_locale":"pt_BR","og_type":"article","og_title":"Arezzo (ARZZ3) e Grupo Soma (SOMA3) acabam de fechar fus\u00e3o","og_description":"Segundo jornal, Arezzo (ARZZ3) e Grupo Soma (SOMA3) fecharam acordo de fus\u00e3o neste domingo (4). Veja detalhes do acordo.","og_url":"https:\/\/www.suno.com.br\/noticias\/arezzo-arzz3-grupo-soma-soma3-fecham-fusao-jvj\/","og_site_name":"Suno Not\u00edcias","article_publisher":"https:\/\/facebook.com\/sunoresearch","og_image":[{"width":2047,"height":1365,"url":"https:\/\/files.sunoresearch.com.br\/n\/uploads\/2022\/03\/Arezzo.jpg","type":"image\/jpeg"}],"author":"Jo\u00e3o Vitor","twitter_card":"summary_large_image","twitter_creator":"@sunoresearch","twitter_site":"@sunoresearch","twitter_misc":{"Escrito por":"Jo\u00e3o Vitor","Est. tempo de leitura":"3 minutos"},"schema":{"@context":"https:\/\/schema.org","@graph":[{"@type":"NewsArticle","@id":"https:\/\/www.suno.com.br\/noticias\/arezzo-arzz3-grupo-soma-soma3-fecham-fusao-jvj\/#article","isPartOf":{"@id":"https:\/\/www.suno.com.br\/noticias\/arezzo-arzz3-grupo-soma-soma3-fecham-fusao-jvj\/"},"author":{"name":"Jo\u00e3o Vitor","@id":"https:\/\/www.suno.com.br\/noticias\/#\/schema\/person\/87fc6973867c52dd884811905c43afba"},"headline":"Arezzo (ARZZ3) e Grupo Soma (SOMA3) fecham acordo de fus\u00e3o, diz jornal","datePublished":"2024-02-04T19:16:14+00:00","dateModified":"2024-02-05T10:16:32+00:00","mainEntityOfPage":{"@id":"https:\/\/www.suno.com.br\/noticias\/arezzo-arzz3-grupo-soma-soma3-fecham-fusao-jvj\/"},"wordCount":416,"publisher":{"@id":"https:\/\/www.suno.com.br\/noticias\/#organization"},"image":{"@id":"https:\/\/www.suno.com.br\/noticias\/arezzo-arzz3-grupo-soma-soma3-fecham-fusao-jvj\/#primaryimage"},"thumbnailUrl":"https:\/\/files.sunoresearch.com.br\/n\/uploads\/2022\/03\/Arezzo.jpg","keywords":["Arezzo (ARZZ3)","Grupo Soma (SOMA3)"],"articleSection":["Neg\u00f3cios"],"inLanguage":"pt-BR"},{"@type":"WebPage","@id":"https:\/\/www.suno.com.br\/noticias\/arezzo-arzz3-grupo-soma-soma3-fecham-fusao-jvj\/","url":"https:\/\/www.suno.com.br\/noticias\/arezzo-arzz3-grupo-soma-soma3-fecham-fusao-jvj\/","name":"Arezzo (ARZZ3) e Grupo Soma (SOMA3) acabam de fechar fus\u00e3o","isPartOf":{"@id":"https:\/\/www.suno.com.br\/noticias\/#website"},"primaryImageOfPage":{"@id":"https:\/\/www.suno.com.br\/noticias\/arezzo-arzz3-grupo-soma-soma3-fecham-fusao-jvj\/#primaryimage"},"image":{"@id":"https:\/\/www.suno.com.br\/noticias\/arezzo-arzz3-grupo-soma-soma3-fecham-fusao-jvj\/#primaryimage"},"thumbnailUrl":"https:\/\/files.sunoresearch.com.br\/n\/uploads\/2022\/03\/Arezzo.jpg","datePublished":"2024-02-04T19:16:14+00:00","dateModified":"2024-02-05T10:16:32+00:00","description":"Segundo jornal, Arezzo (ARZZ3) e Grupo Soma (SOMA3) fecharam acordo de fus\u00e3o neste domingo (4). Veja detalhes do acordo.","breadcrumb":{"@id":"https:\/\/www.suno.com.br\/noticias\/arezzo-arzz3-grupo-soma-soma3-fecham-fusao-jvj\/#breadcrumb"},"inLanguage":"pt-BR","potentialAction":[{"@type":"ReadAction","target":["https:\/\/www.suno.com.br\/noticias\/arezzo-arzz3-grupo-soma-soma3-fecham-fusao-jvj\/"]}]},{"@type":"ImageObject","inLanguage":"pt-BR","@id":"https:\/\/www.suno.com.br\/noticias\/arezzo-arzz3-grupo-soma-soma3-fecham-fusao-jvj\/#primaryimage","url":"https:\/\/files.sunoresearch.com.br\/n\/uploads\/2022\/03\/Arezzo.jpg","contentUrl":"https:\/\/files.sunoresearch.com.br\/n\/uploads\/2022\/03\/Arezzo.jpg","width":2047,"height":1365,"caption":"Arezzo (ARZZ3. Foto: Reprodu\u00e7\u00e3o\/Arezzo"},{"@type":"BreadcrumbList","@id":"https:\/\/www.suno.com.br\/noticias\/arezzo-arzz3-grupo-soma-soma3-fecham-fusao-jvj\/#breadcrumb","itemListElement":[{"@type":"ListItem","position":1,"name":"Not\u00edcias","item":"https:\/\/www.suno.com.br\/noticias\/"},{"@type":"ListItem","position":2,"name":"Neg\u00f3cios","item":"https:\/\/www.suno.com.br\/noticias\/negocios\/"},{"@type":"ListItem","position":3,"name":"Arezzo (ARZZ3) e Grupo Soma (SOMA3) fecham acordo de fus\u00e3o, diz jornal"}]},{"@type":"WebSite","@id":"https:\/\/www.suno.com.br\/noticias\/#website","url":"https:\/\/www.suno.com.br\/noticias\/","name":"Suno Not\u00edcias","description":"Seu portal de informa\u00e7\u00e3o sobre o mundo dos investimentos","publisher":{"@id":"https:\/\/www.suno.com.br\/noticias\/#organization"},"potentialAction":[{"@type":"SearchAction","target":{"@type":"EntryPoint","urlTemplate":"https:\/\/www.suno.com.br\/noticias\/?s={search_term_string}"},"query-input":{"@type":"PropertyValueSpecification","valueRequired":true,"valueName":"search_term_string"}}],"inLanguage":"pt-BR"},{"@type":"Organization","@id":"https:\/\/www.suno.com.br\/noticias\/#organization","name":"Suno Not\u00edcias","url":"https:\/\/www.suno.com.br\/noticias\/","logo":{"@type":"ImageObject","inLanguage":"pt-BR","@id":"https:\/\/www.suno.com.br\/noticias\/#\/schema\/logo\/image\/","url":"https:\/\/files.sunoresearch.com.br\/n\/uploads\/2021\/09\/suno-logo.png","contentUrl":"https:\/\/files.sunoresearch.com.br\/n\/uploads\/2021\/09\/suno-logo.png","width":180,"height":180,"caption":"Suno Not\u00edcias"},"image":{"@id":"https:\/\/www.suno.com.br\/noticias\/#\/schema\/logo\/image\/"},"sameAs":["https:\/\/facebook.com\/sunoresearch","https:\/\/x.com\/sunoresearch","https:\/\/www.instagram.com\/suno","https:\/\/www.linkedin.com\/company\/suno-research\/","https:\/\/www.youtube.com\/c\/sunoresearch"]},{"@type":"Person","@id":"https:\/\/www.suno.com.br\/noticias\/#\/schema\/person\/87fc6973867c52dd884811905c43afba","name":"Jo\u00e3o Vitor","image":{"@type":"ImageObject","inLanguage":"pt-BR","@id":"https:\/\/www.suno.com.br\/noticias\/#\/schema\/person\/image\/","url":"https:\/\/secure.gravatar.com\/avatar\/2843227ca03ccf8cc7ccca45204c127e?s=96&r=g","contentUrl":"https:\/\/secure.gravatar.com\/avatar\/2843227ca03ccf8cc7ccca45204c127e?s=96&r=g","caption":"Jo\u00e3o Vitor"},"description":"Redator profissional, com atua\u00e7\u00e3o no mercado editorial na produ\u00e7\u00e3o de not\u00edcias e conte\u00fados sobre o mercado de a\u00e7\u00f5es, fundos imobili\u00e1rios e economia popular. Graduando em Engenharia Qu\u00edmica pela Unesp, tamb\u00e9m j\u00e1 atuou como consultor financeiro.","url":"https:\/\/www.suno.com.br\/noticias\/author\/joao-vitor-jacintho\/"}]}},"default_loop_html":"<div class=\"cardsPage__listCard__boxs\"><div class=\"cardsPage__listCard__boxs__img\"><a href=\"https:\/\/www.suno.com.br\/noticias\/arezzo-arzz3-grupo-soma-soma3-fecham-fusao-jvj\/\"><img class=\"mask\" src=\"https:\/\/www.suno.com.br\/noticias\/wp-content\/themes\/suno\/resources\/images\/spotlight\/spotlight1img\/bg-mask.png\" alt=\"Image Mask\"\/><img src=\"https:\/\/files.sunoresearch.com.br\/n\/uploads\/2022\/03\/Arezzo-400x200.jpg\" alt=\"Arezzo (ARZZ3) e Grupo Soma (SOMA3) fecham acordo de fus\u00e3o, diz jornal\"\/><\/a><span class=\"spotlightCategory\"><a href=\"https:\/\/www.suno.com.br\/noticias\/negocios\/\">Neg\u00f3cios<\/a><\/span><\/div><div class=\"cardsPage__listCard__boxs__content\"><a href=\"https:\/\/www.suno.com.br\/noticias\/arezzo-arzz3-grupo-soma-soma3-fecham-fusao-jvj\/\"><h2 class=\"content__title\">Arezzo (ARZZ3) e Grupo Soma (SOMA3) fecham acordo de fus\u00e3o, diz jornal<\/h2><\/a><div class=\"newsContent__article__meta\"><div class=\"newsContent__article__meta__authorBox\"><a href=\"https:\/\/www.suno.com.br\/noticias\/author\/joao-vitor-jacintho\/\" class=\"authorBox__avatar noMobi\"><img src=\"https:\/\/secure.gravatar.com\/avatar\/2843227ca03ccf8cc7ccca45204c127e?s=96&#038;r=g\" alt=\"Jo\u00e3o Vitor Jacintho\"><\/a><div class=\"authorBox__name\"><span>por\n\t\t\t<a href=\"https:\/\/www.suno.com.br\/noticias\/author\/joao-vitor-jacintho\/\"><span itemprop=\"author\">Jo\u00e3o Vitor Jacintho<\/span><\/a><\/span><time datetime=\"2024-02-04T16:16:14-03:00\" itemprop=\"datePublished\">04\/02\/2024 16:16<\/time><\/div><\/div><\/div><\/div><\/div>","single_layout":"posts","amp_enabled":true,"_links":{"self":[{"href":"https:\/\/www.suno.com.br\/noticias\/wp-json\/wp\/v2\/posts\/519700"}],"collection":[{"href":"https:\/\/www.suno.com.br\/noticias\/wp-json\/wp\/v2\/posts"}],"about":[{"href":"https:\/\/www.suno.com.br\/noticias\/wp-json\/wp\/v2\/types\/post"}],"author":[{"embeddable":true,"href":"https:\/\/www.suno.com.br\/noticias\/wp-json\/wp\/v2\/users\/173"}],"replies":[{"embeddable":true,"href":"https:\/\/www.suno.com.br\/noticias\/wp-json\/wp\/v2\/comments?post=519700"}],"version-history":[{"count":3,"href":"https:\/\/www.suno.com.br\/noticias\/wp-json\/wp\/v2\/posts\/519700\/revisions"}],"predecessor-version":[{"id":519728,"href":"https:\/\/www.suno.com.br\/noticias\/wp-json\/wp\/v2\/posts\/519700\/revisions\/519728"}],"wp:featuredmedia":[{"embeddable":true,"href":"https:\/\/www.suno.com.br\/noticias\/wp-json\/wp\/v2\/media\/240289"}],"wp:attachment":[{"href":"https:\/\/www.suno.com.br\/noticias\/wp-json\/wp\/v2\/media?parent=519700"}],"wp:term":[{"taxonomy":"category","embeddable":true,"href":"https:\/\/www.suno.com.br\/noticias\/wp-json\/wp\/v2\/categories?post=519700"},{"taxonomy":"post_tag","embeddable":true,"href":"https:\/\/www.suno.com.br\/noticias\/wp-json\/wp\/v2\/tags?post=519700"},{"taxonomy":"suno_strategy","embeddable":true,"href":"https:\/\/www.suno.com.br\/noticias\/wp-json\/wp\/v2\/suno_strategy?post=519700"}],"curies":[{"name":"wp","href":"https:\/\/api.w.org\/{rel}","templated":true}]}}